{"id":2386,"date":"2013-10-13T13:30:00","date_gmt":"2013-10-13T11:30:00","guid":{"rendered":"https:\/\/socialdesignmagazine.com\/mag\/s6-design\/c43-design-news\/fontanot-ottiene-il-marchio-ce-anche-sulla-collezione-di-scale-in-kit\/"},"modified":"2024-06-24T23:39:01","modified_gmt":"2024-06-24T21:39:01","slug":"fontanot-ottiene-il-marchio-ce-anche-sulla-collezione-di-scale-in-kit","status":"publish","type":"post","link":"https:\/\/socialdesignmagazine.com\/mag\/news\/design-news\/fontanot-ottiene-il-marchio-ce-anche-sulla-collezione-di-scale-in-kit\/","title":{"rendered":"Fontanot ottiene il marchio CE anche sulla collezione di scale in kit","gt_translate_keys":[{"key":"rendered","format":"text"}]},"content":{"rendered":"\n<p>L\u2019atto d\u2019acquisto \u00e8 oggi pi\u00f9 che mai un affidarsi alla pubblicit\u00e0, a dichiarazioni ben confezionate che ci raccontano, con taglio pi\u00f9 o meno interessante, quanto un prodotto sia meglio di un altro. <strong>Fontanot<\/strong> ha deciso di usare un\u2019altra strategia, pi\u00f9 concerta ed efficace, per dichiarare ai suoi clienti quanto i suoi prodotti siano sicuri: <strong>ha sottoposto la collezione di scale in kit a lunghi accurati test e controlli e ha ottenuto il certificato di Conformit\u00e0 Europea<\/strong>. Una sorta di passaporto per il mercato comunitario, anche se \u2013 lo sappiamo tutti &#8211; basterebbe la carta d\u2019identit\u00e0! Ottenere il certificato di Conformit\u00e0 Europea infatti vuol dire rispondere a severi requisiti di sicurezza, resistenza, funzionabilit\u00e0 e durevolezza nel tempo: un\u2019assunzione di responsabilit\u00e0, una promessa che l\u2019azienda fa al consumatore e che regola l\u2019intero ciclo produttivo del prodotto dalla progettazione fino allo smaltimento.<\/p>\n\n\n\n<p>Un valore aggiunto a una serie di prodotti che hanno gi\u00e0 tantissimi pregi. Le scale della collezione PIXIMA by Fontanot, oltre ad essere <strong>scale in kit, ideali per gli amanti del fai da te<\/strong>, sono disponibili con finiture diverse a seconda delle esigenze stilistiche di ciascuna casa, e in ultimo sono <strong>progettabili \u201conline\u201d su Fontanotshop.com<\/strong> attraverso il configuratore che permette al cliente di scegliere il modello pi\u00f9 indicato rispetto agli spazi disponibili.<\/p>\n\n\n\n<p><strong>Praticit\u00e0, comfort e sicurezza<\/strong> sono caratteristiche comuni a tutti i prodotti a marchio Fontanot. <strong>In vendita esclusivamente presso i Leroy Merlin store e Bricocenter<\/strong>, le scale della collezione Pixima, disponibili in 12 modelli diversi con una vastissima gamma di finiture sono \u201camiche dell\u2019ambiente\u201d.<\/p>\n\n\n\n<p>I gradini sono protetti da vernici ad acqua che li rendono resistenti alle abrasioni e durevoli nel tempo mentre il legno utilizzato possiede la certificazione FSC (Forest Stewardship council). Il marchio FSC identifica i prodotti realizzati con legno proveniente da foreste gestite in maniera corretta e responsabile secondo rigorosi standard ambientali sociali ed economici.<\/p>\n\n\n\n<p>Con una comprovata professionalit\u00e0 nella progettazione di nuove soluzioni nel mercato delle scale, Fontanot rappresenta una solida realt\u00e0 produttiva da oltre sessanta anni, e l\u2019espressione di un brand sempre pi\u00f9 \u201cconsumer oriented\u201d. Il payoff del marchio \u201cscale di ogni tempo\u201d si fa ancor pi\u00f9 portavoce di valori che rendono le scale Fontanot destinate a durare e a soddisfare i clienti pi\u00f9 attenti ed esigenti.<\/p>\n\n\n<div class=\"wp-block-image\">\n<figure class=\"aligncenter\"><img loading=\"lazy\" decoding=\"async\" width=\"720\" height=\"866\" data-attachment-id=\"13941\" data-permalink=\"https:\/\/socialdesignmagazine.com\/mag\/news\/design-news\/fontanot-ottiene-il-marchio-ce-anche-sulla-collezione-di-scale-in-kit\/attachment\/mini-line1low\/#content\" data-orig-file=\"https:\/\/socialdesignmagazine.com\/mag\/wp-content\/uploads\/2013\/10\/users_Jessy_Fontanot_ottiene_il_marchio_CE_anche_sulla_collezione_di_scale_in_kit_Mini_Line1low.jpg\" data-orig-size=\"720,866\" data-comments-opened=\"1\" data-image-meta=\"{&quot;aperture&quot;:&quot;0&quot;,&quot;credit&quot;:&quot;&quot;,&quot;camera&quot;:&quot;&quot;,&quot;caption&quot;:&quot;&quot;,&quot;created_timestamp&quot;:&quot;0&quot;,&quot;copyright&quot;:&quot;&quot;,&quot;focal_length&quot;:&quot;0&quot;,&quot;iso&quot;:&quot;0&quot;,&quot;shutter_speed&quot;:&quot;0&quot;,&quot;title&quot;:&quot;&quot;,&quot;orientation&quot;:&quot;1&quot;}\" data-image-title=\"Mini Line1low\" data-image-description=\"\" data-image-caption=\"\" data-medium-file=\"https:\/\/socialdesignmagazine.com\/mag\/wp-content\/uploads\/2013\/10\/users_Jessy_Fontanot_ottiene_il_marchio_CE_anche_sulla_collezione_di_scale_in_kit_Mini_Line1low-396x256.jpg\" data-large-file=\"https:\/\/socialdesignmagazine.com\/mag\/wp-content\/uploads\/2013\/10\/users_Jessy_Fontanot_ottiene_il_marchio_CE_anche_sulla_collezione_di_scale_in_kit_Mini_Line1low.jpg\" src=\"https:\/\/socialdesignmagazine.com\/mag\/wp-content\/uploads\/2013\/10\/users_Jessy_Fontanot_ottiene_il_marchio_CE_anche_sulla_collezione_di_scale_in_kit_Mini_Line1low.jpg\" alt=\"Mini Line1low\" class=\"wp-image-13941\"\/><\/figure>\n<\/div>\n\n<div class=\"wp-block-image\">\n<figure class=\"aligncenter\"><img loading=\"lazy\" decoding=\"async\" width=\"720\" height=\"932\" data-attachment-id=\"13942\" data-permalink=\"https:\/\/socialdesignmagazine.com\/mag\/news\/design-news\/fontanot-ottiene-il-marchio-ce-anche-sulla-collezione-di-scale-in-kit\/attachment\/pixima-cube1low\/#content\" data-orig-file=\"https:\/\/socialdesignmagazine.com\/mag\/wp-content\/uploads\/2013\/10\/users_Jessy_Fontanot_ottiene_il_marchio_CE_anche_sulla_collezione_di_scale_in_kit_Pixima_Cube1low.jpg\" data-orig-size=\"720,932\" data-comments-opened=\"1\" data-image-meta=\"{&quot;aperture&quot;:&quot;0&quot;,&quot;credit&quot;:&quot;&quot;,&quot;camera&quot;:&quot;&quot;,&quot;caption&quot;:&quot;&quot;,&quot;created_timestamp&quot;:&quot;0&quot;,&quot;copyright&quot;:&quot;&quot;,&quot;focal_length&quot;:&quot;0&quot;,&quot;iso&quot;:&quot;0&quot;,&quot;shutter_speed&quot;:&quot;0&quot;,&quot;title&quot;:&quot;&quot;,&quot;orientation&quot;:&quot;1&quot;}\" data-image-title=\"Pixima Cube1low\" data-image-description=\"\" data-image-caption=\"\" data-medium-file=\"https:\/\/socialdesignmagazine.com\/mag\/wp-content\/uploads\/2013\/10\/users_Jessy_Fontanot_ottiene_il_marchio_CE_anche_sulla_collezione_di_scale_in_kit_Pixima_Cube1low-396x256.jpg\" data-large-file=\"https:\/\/socialdesignmagazine.com\/mag\/wp-content\/uploads\/2013\/10\/users_Jessy_Fontanot_ottiene_il_marchio_CE_anche_sulla_collezione_di_scale_in_kit_Pixima_Cube1low.jpg\" src=\"https:\/\/socialdesignmagazine.com\/mag\/wp-content\/uploads\/2013\/10\/users_Jessy_Fontanot_ottiene_il_marchio_CE_anche_sulla_collezione_di_scale_in_kit_Pixima_Cube1low.jpg\" alt=\"Pixima Cube1low\" class=\"wp-image-13942\"\/><\/figure>\n<\/div>\n\n<div class=\"wp-block-image\">\n<figure class=\"aligncenter\"><img loading=\"lazy\" decoding=\"async\" width=\"720\" height=\"962\" data-attachment-id=\"13943\" data-permalink=\"https:\/\/socialdesignmagazine.com\/mag\/news\/design-news\/fontanot-ottiene-il-marchio-ce-anche-sulla-collezione-di-scale-in-kit\/attachment\/ring-line1low\/#content\" data-orig-file=\"https:\/\/socialdesignmagazine.com\/mag\/wp-content\/uploads\/2013\/10\/users_Jessy_Fontanot_ottiene_il_marchio_CE_anche_sulla_collezione_di_scale_in_kit_Ring_Line1low.jpg\" data-orig-size=\"720,962\" data-comments-opened=\"1\" data-image-meta=\"{&quot;aperture&quot;:&quot;0&quot;,&quot;credit&quot;:&quot;&quot;,&quot;camera&quot;:&quot;&quot;,&quot;caption&quot;:&quot;&quot;,&quot;created_timestamp&quot;:&quot;0&quot;,&quot;copyright&quot;:&quot;&quot;,&quot;focal_length&quot;:&quot;0&quot;,&quot;iso&quot;:&quot;0&quot;,&quot;shutter_speed&quot;:&quot;0&quot;,&quot;title&quot;:&quot;&quot;,&quot;orientation&quot;:&quot;1&quot;}\" data-image-title=\"Ring Line1low\" data-image-description=\"\" data-image-caption=\"\" data-medium-file=\"https:\/\/socialdesignmagazine.com\/mag\/wp-content\/uploads\/2013\/10\/users_Jessy_Fontanot_ottiene_il_marchio_CE_anche_sulla_collezione_di_scale_in_kit_Ring_Line1low-396x256.jpg\" data-large-file=\"https:\/\/socialdesignmagazine.com\/mag\/wp-content\/uploads\/2013\/10\/users_Jessy_Fontanot_ottiene_il_marchio_CE_anche_sulla_collezione_di_scale_in_kit_Ring_Line1low.jpg\" src=\"https:\/\/socialdesignmagazine.com\/mag\/wp-content\/uploads\/2013\/10\/users_Jessy_Fontanot_ottiene_il_marchio_CE_anche_sulla_collezione_di_scale_in_kit_Ring_Line1low.jpg\" alt=\"Ring Line1low\" class=\"wp-image-13943\"\/><\/figure>\n<\/div>","protected":false,"gt_translate_keys":[{"key":"rendered","format":"html"}]},"excerpt":{"rendered":"<p>L\u2019atto d\u2019acquisto \u00e8 oggi pi\u00f9 che mai un affidarsi alla pubblicit\u00e0, a dichiarazioni ben confezionate che ci raccontano, con taglio pi\u00f9 o meno interessante, quanto un prodotto sia meglio di un altro.<\/p>\n","protected":false,"gt_translate_keys":[{"key":"rendered","format":"html"}]},"author":6,"featured_media":13940,"comment_status":"open","ping_status":"open","sticky":false,"template":"","format":"standard","meta":{"jetpack_post_was_ever_published":false,"_jetpack_newsletter_access":"","_jetpack_dont_email_post_to_subs":false,"_jetpack_newsletter_tier_id":0,"_jetpack_memberships_contains_paywalled_content":false,"_jetpack_memberships_contains_paid_content":false,"footnotes":"","_wpscppro_dont_share_socialmedia":false,"_wpscppro_custom_social_share_image":0,"_facebook_share_type":"","_twitter_share_type":"","_linkedin_share_type":"","_pinterest_share_type":"","_linkedin_share_type_page":"","_instagram_share_type":"","_medium_share_type":"","_threads_share_type":"","_google_business_share_type":"","_selected_social_profile":[],"_wpsp_enable_custom_social_template":false,"_wpsp_social_scheduling":{"enabled":false,"datetime":null,"platforms":[],"status":"template_only","dateOption":"today","timeOption":"now","customDays":"","customHours":"","customDate":"","customTime":"","schedulingType":"absolute"},"_wpsp_active_default_template":true},"categories":[17],"tags":[2884,3152,2885],"class_list":["post-2386","post","type-post","status-publish","format-standard","has-post-thumbnail","hentry","category-design-news","tag-fontanot","tag-leroy-merlin","tag-scale"],"yoast_head":"<!-- This site is optimized with the Yoast SEO plugin v27.2 - https:\/\/yoast.com\/product\/yoast-seo-wordpress\/ -->\n<title>Fontanot ottiene il marchio CE anche sulla collezione di scale in kit - Social Design Magazine<\/title>\n<meta name=\"description\" content=\"L\u2019atto d\u2019acquisto \u00e8 oggi pi\u00f9 che mai un affidarsi alla pubblicit\u00e0, a dichiarazioni ben confezionate che ci raccontano, con taglio pi\u00f9 o meno interessante, quanto un prodotto sia meglio di un altro.\" \/>\n<meta name=\"robots\" content=\"index, follow, max-snippet:-1, max-image-preview:large, max-video-preview:-1\" \/>\n<link rel=\"canonical\" href=\"https:\/\/socialdesignmagazine.com\/mag\/news\/design-news\/fontanot-ottiene-il-marchio-ce-anche-sulla-collezione-di-scale-in-kit\/\" \/>\n<meta property=\"og:locale\" content=\"it_IT\" \/>\n<meta property=\"og:type\" content=\"article\" \/>\n<meta property=\"og:title\" content=\"Fontanot ottiene il marchio CE anche sulla collezione di scale in kit - Social Design Magazine\" \/>\n<meta property=\"og:description\" content=\"L\u2019atto d\u2019acquisto \u00e8 oggi pi\u00f9 che mai un affidarsi alla pubblicit\u00e0, a dichiarazioni ben confezionate che ci raccontano, con taglio pi\u00f9 o meno interessante, quanto un prodotto sia meglio di un altro.\" \/>\n<meta property=\"og:url\" content=\"http:\/\/socialdesignmagazine.com\/mag\/news\/design-news\/fontanot-ottiene-il-marchio-ce-anche-sulla-collezione-di-scale-in-kit\/\" \/>\n<meta property=\"og:site_name\" content=\"Social Design Magazine\" \/>\n<meta property=\"article:publisher\" content=\"https:\/\/www.facebook.com\/socialdesignmag\" \/>\n<meta property=\"article:published_time\" content=\"2013-10-13T11:30:00+00:00\" \/>\n<meta property=\"article:modified_time\" content=\"2024-06-24T21:39:01+00:00\" \/>\n<meta property=\"og:image\" content=\"https:\/\/socialdesignmagazine.com\/mag\/wp-content\/uploads\/2013\/10\/users_Jessy_Fontanot_ottiene_il_marchio_CE_anche_sulla_collezione_di_scale_in_kit_Long_Line1low.jpg\" \/>\n\t<meta property=\"og:image:width\" content=\"720\" \/>\n\t<meta property=\"og:image:height\" content=\"955\" \/>\n\t<meta property=\"og:image:type\" content=\"image\/jpeg\" \/>\n<meta name=\"author\" content=\"jessica zannori\" \/>\n<meta name=\"twitter:card\" content=\"summary_large_image\" \/>\n<meta name=\"twitter:creator\" content=\"@socialdesignmag\" \/>\n<meta name=\"twitter:site\" content=\"@socialdesignmag\" \/>\n<meta name=\"twitter:label1\" content=\"Scritto da\" \/>\n\t<meta name=\"twitter:data1\" content=\"jessica zannori\" \/>\n\t<meta name=\"twitter:label2\" content=\"Tempo di lettura stimato\" \/>\n\t<meta name=\"twitter:data2\" content=\"3 minuti\" \/>\n<script type=\"application\/ld+json\" class=\"yoast-schema-graph\">{\"@context\":\"https:\/\/schema.org\",\"@graph\":[{\"@type\":\"Article\",\"@id\":\"https:\/\/socialdesignmagazine.com\/mag\/news\/design-news\/fontanot-ottiene-il-marchio-ce-anche-sulla-collezione-di-scale-in-kit\/#article\",\"isPartOf\":{\"@id\":\"https:\/\/socialdesignmagazine.com\/mag\/news\/design-news\/fontanot-ottiene-il-marchio-ce-anche-sulla-collezione-di-scale-in-kit\/\"},\"author\":{\"name\":\"jessica zannori\",\"@id\":\"https:\/\/socialdesignmagazine.com\/mag\/#\/schema\/person\/f26aea2d68a722d5ed3a1ee93c92aba9\"},\"headline\":\"Fontanot ottiene il marchio CE anche sulla collezione di scale in kit\",\"datePublished\":\"2013-10-13T11:30:00+00:00\",\"dateModified\":\"2024-06-24T21:39:01+00:00\",\"mainEntityOfPage\":{\"@id\":\"https:\/\/socialdesignmagazine.com\/mag\/news\/design-news\/fontanot-ottiene-il-marchio-ce-anche-sulla-collezione-di-scale-in-kit\/\"},\"wordCount\":391,\"commentCount\":0,\"publisher\":{\"@id\":\"https:\/\/socialdesignmagazine.com\/mag\/#organization\"},\"image\":{\"@id\":\"https:\/\/socialdesignmagazine.com\/mag\/news\/design-news\/fontanot-ottiene-il-marchio-ce-anche-sulla-collezione-di-scale-in-kit\/#primaryimage\"},\"thumbnailUrl\":\"https:\/\/socialdesignmagazine.com\/mag\/wp-content\/uploads\/2013\/10\/users_Jessy_Fontanot_ottiene_il_marchio_CE_anche_sulla_collezione_di_scale_in_kit_Long_Line1low.jpg\",\"keywords\":[\"fontanot\",\"leroy merlin\",\"scale\"],\"articleSection\":[\"Design News\"],\"inLanguage\":\"it-IT\",\"potentialAction\":[{\"@type\":\"CommentAction\",\"name\":\"Comment\",\"target\":[\"https:\/\/socialdesignmagazine.com\/mag\/news\/design-news\/fontanot-ottiene-il-marchio-ce-anche-sulla-collezione-di-scale-in-kit\/#respond\"]}]},{\"@type\":\"WebPage\",\"@id\":\"https:\/\/socialdesignmagazine.com\/mag\/news\/design-news\/fontanot-ottiene-il-marchio-ce-anche-sulla-collezione-di-scale-in-kit\/\",\"url\":\"https:\/\/socialdesignmagazine.com\/mag\/news\/design-news\/fontanot-ottiene-il-marchio-ce-anche-sulla-collezione-di-scale-in-kit\/\",\"name\":\"Fontanot ottiene il marchio CE anche sulla collezione di scale in kit - Social Design Magazine\",\"isPartOf\":{\"@id\":\"https:\/\/socialdesignmagazine.com\/mag\/#website\"},\"primaryImageOfPage\":{\"@id\":\"https:\/\/socialdesignmagazine.com\/mag\/news\/design-news\/fontanot-ottiene-il-marchio-ce-anche-sulla-collezione-di-scale-in-kit\/#primaryimage\"},\"image\":{\"@id\":\"https:\/\/socialdesignmagazine.com\/mag\/news\/design-news\/fontanot-ottiene-il-marchio-ce-anche-sulla-collezione-di-scale-in-kit\/#primaryimage\"},\"thumbnailUrl\":\"https:\/\/socialdesignmagazine.com\/mag\/wp-content\/uploads\/2013\/10\/users_Jessy_Fontanot_ottiene_il_marchio_CE_anche_sulla_collezione_di_scale_in_kit_Long_Line1low.jpg\",\"datePublished\":\"2013-10-13T11:30:00+00:00\",\"dateModified\":\"2024-06-24T21:39:01+00:00\",\"description\":\"L\u2019atto d\u2019acquisto \u00e8 oggi pi\u00f9 che mai un affidarsi alla pubblicit\u00e0, a dichiarazioni ben confezionate che ci raccontano, con taglio pi\u00f9 o meno interessante, quanto un prodotto sia meglio di un altro.\",\"breadcrumb\":{\"@id\":\"https:\/\/socialdesignmagazine.com\/mag\/news\/design-news\/fontanot-ottiene-il-marchio-ce-anche-sulla-collezione-di-scale-in-kit\/#breadcrumb\"},\"inLanguage\":\"it-IT\",\"potentialAction\":[{\"@type\":\"ReadAction\",\"target\":[\"https:\/\/socialdesignmagazine.com\/mag\/news\/design-news\/fontanot-ottiene-il-marchio-ce-anche-sulla-collezione-di-scale-in-kit\/\"]}]},{\"@type\":\"ImageObject\",\"inLanguage\":\"it-IT\",\"@id\":\"https:\/\/socialdesignmagazine.com\/mag\/news\/design-news\/fontanot-ottiene-il-marchio-ce-anche-sulla-collezione-di-scale-in-kit\/#primaryimage\",\"url\":\"https:\/\/socialdesignmagazine.com\/mag\/wp-content\/uploads\/2013\/10\/users_Jessy_Fontanot_ottiene_il_marchio_CE_anche_sulla_collezione_di_scale_in_kit_Long_Line1low.jpg\",\"contentUrl\":\"https:\/\/socialdesignmagazine.com\/mag\/wp-content\/uploads\/2013\/10\/users_Jessy_Fontanot_ottiene_il_marchio_CE_anche_sulla_collezione_di_scale_in_kit_Long_Line1low.jpg\",\"width\":720,\"height\":955,\"caption\":\"Long Line1low\"},{\"@type\":\"BreadcrumbList\",\"@id\":\"https:\/\/socialdesignmagazine.com\/mag\/news\/design-news\/fontanot-ottiene-il-marchio-ce-anche-sulla-collezione-di-scale-in-kit\/#breadcrumb\",\"itemListElement\":[{\"@type\":\"ListItem\",\"position\":1,\"name\":\"Home\",\"item\":\"https:\/\/socialdesignmagazine.com\/mag\/\"},{\"@type\":\"ListItem\",\"position\":2,\"name\":\"News\",\"item\":\"https:\/\/socialdesignmagazine.com\/mag\/news\/\"},{\"@type\":\"ListItem\",\"position\":3,\"name\":\"Design News\",\"item\":\"https:\/\/socialdesignmagazine.com\/mag\/news\/design-news\/\"},{\"@type\":\"ListItem\",\"position\":4,\"name\":\"Fontanot ottiene il marchio CE anche sulla collezione di scale in kit\"}]},{\"@type\":\"WebSite\",\"@id\":\"https:\/\/socialdesignmagazine.com\/mag\/#website\",\"url\":\"https:\/\/socialdesignmagazine.com\/mag\/\",\"name\":\"Social Design Magazine\",\"description\":\"Social Magazine su Design, Architettura, Arte, Grafica\",\"publisher\":{\"@id\":\"https:\/\/socialdesignmagazine.com\/mag\/#organization\"},\"potentialAction\":[{\"@type\":\"SearchAction\",\"target\":{\"@type\":\"EntryPoint\",\"urlTemplate\":\"https:\/\/socialdesignmagazine.com\/mag\/?s={search_term_string}\"},\"query-input\":{\"@type\":\"PropertyValueSpecification\",\"valueRequired\":true,\"valueName\":\"search_term_string\"}}],\"inLanguage\":\"it-IT\"},{\"@type\":\"Organization\",\"@id\":\"https:\/\/socialdesignmagazine.com\/mag\/#organization\",\"name\":\"Social Design Magazine\",\"url\":\"https:\/\/socialdesignmagazine.com\/mag\/\",\"logo\":{\"@type\":\"ImageObject\",\"inLanguage\":\"it-IT\",\"@id\":\"https:\/\/socialdesignmagazine.com\/mag\/#\/schema\/logo\/image\/\",\"url\":\"https:\/\/socialdesignmagazine.com\/mag\/wp-content\/uploads\/2017\/01\/logo_favicon_11.png\",\"contentUrl\":\"https:\/\/socialdesignmagazine.com\/mag\/wp-content\/uploads\/2017\/01\/logo_favicon_11.png\",\"width\":1024,\"height\":1024,\"caption\":\"Social Design Magazine\"},\"image\":{\"@id\":\"https:\/\/socialdesignmagazine.com\/mag\/#\/schema\/logo\/image\/\"},\"sameAs\":[\"https:\/\/www.facebook.com\/socialdesignmag\",\"https:\/\/x.com\/socialdesignmag\",\"http:\/\/instagram.com\/social_design_magazine\/\",\"http:\/\/pinterest.com\/socialdesignmag\/\",\"http:\/\/www.youtube.com\/user\/socialdesignmagazine\"]},{\"@type\":\"Person\",\"@id\":\"https:\/\/socialdesignmagazine.com\/mag\/#\/schema\/person\/f26aea2d68a722d5ed3a1ee93c92aba9\",\"name\":\"jessica zannori\",\"image\":{\"@type\":\"ImageObject\",\"inLanguage\":\"it-IT\",\"@id\":\"https:\/\/secure.gravatar.com\/avatar\/e338d2d30b98ee192f7c7708f51c9b6a0f135e3e3399a9bec7d00e0496a346c6?s=96&d=mm&r=g\",\"url\":\"https:\/\/secure.gravatar.com\/avatar\/e338d2d30b98ee192f7c7708f51c9b6a0f135e3e3399a9bec7d00e0496a346c6?s=96&d=mm&r=g\",\"contentUrl\":\"https:\/\/secure.gravatar.com\/avatar\/e338d2d30b98ee192f7c7708f51c9b6a0f135e3e3399a9bec7d00e0496a346c6?s=96&d=mm&r=g\",\"caption\":\"jessica zannori\"},\"url\":\"https:\/\/socialdesignmagazine.com\/mag\/author\/jessy\/\"}]}<\/script>\n<!-- \/ Yoast SEO plugin. -->","yoast_head_json":{"title":"Fontanot ottiene il marchio CE anche sulla collezione di scale in kit - Social Design Magazine","description":"L\u2019atto d\u2019acquisto \u00e8 oggi pi\u00f9 che mai un affidarsi alla pubblicit\u00e0, a dichiarazioni ben confezionate che ci raccontano, con taglio pi\u00f9 o meno interessante, quanto un prodotto sia meglio di un altro.","robots":{"index":"index","follow":"follow","max-snippet":"max-snippet:-1","max-image-preview":"max-image-preview:large","max-video-preview":"max-video-preview:-1"},"canonical":"https:\/\/socialdesignmagazine.com\/mag\/news\/design-news\/fontanot-ottiene-il-marchio-ce-anche-sulla-collezione-di-scale-in-kit\/","og_locale":"it_IT","og_type":"article","og_title":"Fontanot ottiene il marchio CE anche sulla collezione di scale in kit - Social Design Magazine","og_description":"L\u2019atto d\u2019acquisto \u00e8 oggi pi\u00f9 che mai un affidarsi alla pubblicit\u00e0, a dichiarazioni ben confezionate che ci raccontano, con taglio pi\u00f9 o meno interessante, quanto un prodotto sia meglio di un altro.","og_url":"http:\/\/socialdesignmagazine.com\/mag\/news\/design-news\/fontanot-ottiene-il-marchio-ce-anche-sulla-collezione-di-scale-in-kit\/","og_site_name":"Social Design Magazine","article_publisher":"https:\/\/www.facebook.com\/socialdesignmag","article_published_time":"2013-10-13T11:30:00+00:00","article_modified_time":"2024-06-24T21:39:01+00:00","og_image":[{"width":720,"height":955,"url":"https:\/\/socialdesignmagazine.com\/mag\/wp-content\/uploads\/2013\/10\/users_Jessy_Fontanot_ottiene_il_marchio_CE_anche_sulla_collezione_di_scale_in_kit_Long_Line1low.jpg","type":"image\/jpeg"}],"author":"jessica zannori","twitter_card":"summary_large_image","twitter_creator":"@socialdesignmag","twitter_site":"@socialdesignmag","twitter_misc":{"Scritto da":"jessica zannori","Tempo di lettura stimato":"3 minuti"},"schema":{"@context":"https:\/\/schema.org","@graph":[{"@type":"Article","@id":"https:\/\/socialdesignmagazine.com\/mag\/news\/design-news\/fontanot-ottiene-il-marchio-ce-anche-sulla-collezione-di-scale-in-kit\/#article","isPartOf":{"@id":"https:\/\/socialdesignmagazine.com\/mag\/news\/design-news\/fontanot-ottiene-il-marchio-ce-anche-sulla-collezione-di-scale-in-kit\/"},"author":{"name":"jessica zannori","@id":"https:\/\/socialdesignmagazine.com\/mag\/#\/schema\/person\/f26aea2d68a722d5ed3a1ee93c92aba9"},"headline":"Fontanot ottiene il marchio CE anche sulla collezione di scale in kit","datePublished":"2013-10-13T11:30:00+00:00","dateModified":"2024-06-24T21:39:01+00:00","mainEntityOfPage":{"@id":"https:\/\/socialdesignmagazine.com\/mag\/news\/design-news\/fontanot-ottiene-il-marchio-ce-anche-sulla-collezione-di-scale-in-kit\/"},"wordCount":391,"commentCount":0,"publisher":{"@id":"https:\/\/socialdesignmagazine.com\/mag\/#organization"},"image":{"@id":"https:\/\/socialdesignmagazine.com\/mag\/news\/design-news\/fontanot-ottiene-il-marchio-ce-anche-sulla-collezione-di-scale-in-kit\/#primaryimage"},"thumbnailUrl":"https:\/\/socialdesignmagazine.com\/mag\/wp-content\/uploads\/2013\/10\/users_Jessy_Fontanot_ottiene_il_marchio_CE_anche_sulla_collezione_di_scale_in_kit_Long_Line1low.jpg","keywords":["fontanot","leroy merlin","scale"],"articleSection":["Design News"],"inLanguage":"it-IT","potentialAction":[{"@type":"CommentAction","name":"Comment","target":["https:\/\/socialdesignmagazine.com\/mag\/news\/design-news\/fontanot-ottiene-il-marchio-ce-anche-sulla-collezione-di-scale-in-kit\/#respond"]}]},{"@type":"WebPage","@id":"https:\/\/socialdesignmagazine.com\/mag\/news\/design-news\/fontanot-ottiene-il-marchio-ce-anche-sulla-collezione-di-scale-in-kit\/","url":"https:\/\/socialdesignmagazine.com\/mag\/news\/design-news\/fontanot-ottiene-il-marchio-ce-anche-sulla-collezione-di-scale-in-kit\/","name":"Fontanot ottiene il marchio CE anche sulla collezione di scale in kit - Social Design Magazine","isPartOf":{"@id":"https:\/\/socialdesignmagazine.com\/mag\/#website"},"primaryImageOfPage":{"@id":"https:\/\/socialdesignmagazine.com\/mag\/news\/design-news\/fontanot-ottiene-il-marchio-ce-anche-sulla-collezione-di-scale-in-kit\/#primaryimage"},"image":{"@id":"https:\/\/socialdesignmagazine.com\/mag\/news\/design-news\/fontanot-ottiene-il-marchio-ce-anche-sulla-collezione-di-scale-in-kit\/#primaryimage"},"thumbnailUrl":"https:\/\/socialdesignmagazine.com\/mag\/wp-content\/uploads\/2013\/10\/users_Jessy_Fontanot_ottiene_il_marchio_CE_anche_sulla_collezione_di_scale_in_kit_Long_Line1low.jpg","datePublished":"2013-10-13T11:30:00+00:00","dateModified":"2024-06-24T21:39:01+00:00","description":"L\u2019atto d\u2019acquisto \u00e8 oggi pi\u00f9 che mai un affidarsi alla pubblicit\u00e0, a dichiarazioni ben confezionate che ci raccontano, con taglio pi\u00f9 o meno interessante, quanto un prodotto sia meglio di un altro.","breadcrumb":{"@id":"https:\/\/socialdesignmagazine.com\/mag\/news\/design-news\/fontanot-ottiene-il-marchio-ce-anche-sulla-collezione-di-scale-in-kit\/#breadcrumb"},"inLanguage":"it-IT","potentialAction":[{"@type":"ReadAction","target":["https:\/\/socialdesignmagazine.com\/mag\/news\/design-news\/fontanot-ottiene-il-marchio-ce-anche-sulla-collezione-di-scale-in-kit\/"]}]},{"@type":"ImageObject","inLanguage":"it-IT","@id":"https:\/\/socialdesignmagazine.com\/mag\/news\/design-news\/fontanot-ottiene-il-marchio-ce-anche-sulla-collezione-di-scale-in-kit\/#primaryimage","url":"https:\/\/socialdesignmagazine.com\/mag\/wp-content\/uploads\/2013\/10\/users_Jessy_Fontanot_ottiene_il_marchio_CE_anche_sulla_collezione_di_scale_in_kit_Long_Line1low.jpg","contentUrl":"https:\/\/socialdesignmagazine.com\/mag\/wp-content\/uploads\/2013\/10\/users_Jessy_Fontanot_ottiene_il_marchio_CE_anche_sulla_collezione_di_scale_in_kit_Long_Line1low.jpg","width":720,"height":955,"caption":"Long Line1low"},{"@type":"BreadcrumbList","@id":"https:\/\/socialdesignmagazine.com\/mag\/news\/design-news\/fontanot-ottiene-il-marchio-ce-anche-sulla-collezione-di-scale-in-kit\/#breadcrumb","itemListElement":[{"@type":"ListItem","position":1,"name":"Home","item":"https:\/\/socialdesignmagazine.com\/mag\/"},{"@type":"ListItem","position":2,"name":"News","item":"https:\/\/socialdesignmagazine.com\/mag\/news\/"},{"@type":"ListItem","position":3,"name":"Design News","item":"https:\/\/socialdesignmagazine.com\/mag\/news\/design-news\/"},{"@type":"ListItem","position":4,"name":"Fontanot ottiene il marchio CE anche sulla collezione di scale in kit"}]},{"@type":"WebSite","@id":"https:\/\/socialdesignmagazine.com\/mag\/#website","url":"https:\/\/socialdesignmagazine.com\/mag\/","name":"Social Design Magazine","description":"Social Magazine su Design, Architettura, Arte, Grafica","publisher":{"@id":"https:\/\/socialdesignmagazine.com\/mag\/#organization"},"potentialAction":[{"@type":"SearchAction","target":{"@type":"EntryPoint","urlTemplate":"https:\/\/socialdesignmagazine.com\/mag\/?s={search_term_string}"},"query-input":{"@type":"PropertyValueSpecification","valueRequired":true,"valueName":"search_term_string"}}],"inLanguage":"it-IT"},{"@type":"Organization","@id":"https:\/\/socialdesignmagazine.com\/mag\/#organization","name":"Social Design Magazine","url":"https:\/\/socialdesignmagazine.com\/mag\/","logo":{"@type":"ImageObject","inLanguage":"it-IT","@id":"https:\/\/socialdesignmagazine.com\/mag\/#\/schema\/logo\/image\/","url":"https:\/\/socialdesignmagazine.com\/mag\/wp-content\/uploads\/2017\/01\/logo_favicon_11.png","contentUrl":"https:\/\/socialdesignmagazine.com\/mag\/wp-content\/uploads\/2017\/01\/logo_favicon_11.png","width":1024,"height":1024,"caption":"Social Design Magazine"},"image":{"@id":"https:\/\/socialdesignmagazine.com\/mag\/#\/schema\/logo\/image\/"},"sameAs":["https:\/\/www.facebook.com\/socialdesignmag","https:\/\/x.com\/socialdesignmag","http:\/\/instagram.com\/social_design_magazine\/","http:\/\/pinterest.com\/socialdesignmag\/","http:\/\/www.youtube.com\/user\/socialdesignmagazine"]},{"@type":"Person","@id":"https:\/\/socialdesignmagazine.com\/mag\/#\/schema\/person\/f26aea2d68a722d5ed3a1ee93c92aba9","name":"jessica zannori","image":{"@type":"ImageObject","inLanguage":"it-IT","@id":"https:\/\/secure.gravatar.com\/avatar\/e338d2d30b98ee192f7c7708f51c9b6a0f135e3e3399a9bec7d00e0496a346c6?s=96&d=mm&r=g","url":"https:\/\/secure.gravatar.com\/avatar\/e338d2d30b98ee192f7c7708f51c9b6a0f135e3e3399a9bec7d00e0496a346c6?s=96&d=mm&r=g","contentUrl":"https:\/\/secure.gravatar.com\/avatar\/e338d2d30b98ee192f7c7708f51c9b6a0f135e3e3399a9bec7d00e0496a346c6?s=96&d=mm&r=g","caption":"jessica zannori"},"url":"https:\/\/socialdesignmagazine.com\/mag\/author\/jessy\/"}]}},"jetpack_featured_media_url":"https:\/\/socialdesignmagazine.com\/mag\/wp-content\/uploads\/2013\/10\/users_Jessy_Fontanot_ottiene_il_marchio_CE_anche_sulla_collezione_di_scale_in_kit_Long_Line1low.jpg","jetpack_sharing_enabled":true,"jetpack_shortlink":"https:\/\/wp.me\/p6cV7V-Cu","gt_translate_keys":[{"key":"link","format":"url"}],"_links":{"self":[{"href":"https:\/\/socialdesignmagazine.com\/mag\/wp-json\/wp\/v2\/posts\/2386","targetHints":{"allow":["GET"]}}],"collection":[{"href":"https:\/\/socialdesignmagazine.com\/mag\/wp-json\/wp\/v2\/posts"}],"about":[{"href":"https:\/\/socialdesignmagazine.com\/mag\/wp-json\/wp\/v2\/types\/post"}],"author":[{"embeddable":true,"href":"https:\/\/socialdesignmagazine.com\/mag\/wp-json\/wp\/v2\/users\/6"}],"replies":[{"embeddable":true,"href":"https:\/\/socialdesignmagazine.com\/mag\/wp-json\/wp\/v2\/comments?post=2386"}],"version-history":[{"count":1,"href":"https:\/\/socialdesignmagazine.com\/mag\/wp-json\/wp\/v2\/posts\/2386\/revisions"}],"predecessor-version":[{"id":62518,"href":"https:\/\/socialdesignmagazine.com\/mag\/wp-json\/wp\/v2\/posts\/2386\/revisions\/62518"}],"wp:featuredmedia":[{"embeddable":true,"href":"https:\/\/socialdesignmagazine.com\/mag\/wp-json\/wp\/v2\/media\/13940"}],"wp:attachment":[{"href":"https:\/\/socialdesignmagazine.com\/mag\/wp-json\/wp\/v2\/media?parent=2386"}],"wp:term":[{"taxonomy":"category","embeddable":true,"href":"https:\/\/socialdesignmagazine.com\/mag\/wp-json\/wp\/v2\/categories?post=2386"},{"taxonomy":"post_tag","embeddable":true,"href":"https:\/\/socialdesignmagazine.com\/mag\/wp-json\/wp\/v2\/tags?post=2386"}],"curies":[{"name":"wp","href":"https:\/\/api.w.org\/{rel}","templated":true}]}}