{"id":23942,"date":"2015-09-04T16:00:33","date_gmt":"2015-09-04T14:00:33","guid":{"rendered":"https:\/\/socialdesignmagazine.com\/mag\/?p=23942"},"modified":"2022-06-02T08:06:17","modified_gmt":"2022-06-02T06:06:17","slug":"letto-arco-by-cristian-sporzon","status":"publish","type":"post","link":"https:\/\/socialdesignmagazine.com\/mag\/design\/letto-arco-by-cristian-sporzon\/","title":{"rendered":"Letto Arco by Cristian Sporzon","gt_translate_keys":[{"key":"rendered","format":"text"}]},"content":{"rendered":"<h2>Il letto Arco \u00e8 una linea distesa attraverso il percorso di un sogno. Perch\u00e9 \u00e8 il sogno che muove la vita di ogni giorno diventando cos\u00ec il protagonista delle notti.<\/h2>\n<p>Un sogno nel segno della volutt\u00e0 e della leggerezza, per far s\u00ec che ai nostri occhi \u2013 quando li chiudiamo \u2013 si apra un universo sereno, armonico.Le curve morbide di questa struttura &#8211; ottenute modellando un elemento naturale, il legno, esso stesso simbolo di vita e rigenerazione \u2013 non hanno soluzione di continuit\u00e0, un modulo unico per tracciare una linea infinita dalla quale \u00e8 piacevole lasciarsi cullare.<\/p>\n<p><a href=\"https:\/\/socialdesignmagazine.com\/mag\/design\/letto-arco-by-cristian-sporzon\/attachment\/mogano-nabuk-2116_880\/#content\" rel=\"attachment wp-att-23948\"><img loading=\"lazy\" decoding=\"async\" data-attachment-id=\"23948\" data-permalink=\"https:\/\/socialdesignmagazine.com\/mag\/design\/letto-arco-by-cristian-sporzon\/attachment\/mogano-nabuk-2116_880\/#content\" data-orig-file=\"https:\/\/socialdesignmagazine.com\/mag\/wp-content\/uploads\/2015\/08\/mogano-nabuk-2116_880.jpg\" data-orig-size=\"880,660\" data-comments-opened=\"1\" data-image-meta=\"{&quot;aperture&quot;:&quot;0&quot;,&quot;credit&quot;:&quot;&quot;,&quot;camera&quot;:&quot;&quot;,&quot;caption&quot;:&quot;&quot;,&quot;created_timestamp&quot;:&quot;1395154506&quot;,&quot;copyright&quot;:&quot;&quot;,&quot;focal_length&quot;:&quot;0&quot;,&quot;iso&quot;:&quot;0&quot;,&quot;shutter_speed&quot;:&quot;0&quot;,&quot;title&quot;:&quot;&quot;,&quot;orientation&quot;:&quot;1&quot;}\" data-image-title=\"mogano nabuk 2116_880\" data-image-description=\"\" data-image-caption=\"\" data-medium-file=\"https:\/\/socialdesignmagazine.com\/mag\/wp-content\/uploads\/2015\/08\/mogano-nabuk-2116_880-396x256.jpg\" data-large-file=\"https:\/\/socialdesignmagazine.com\/mag\/wp-content\/uploads\/2015\/08\/mogano-nabuk-2116_880.jpg\" class=\"alignnone size-full wp-image-23948\" src=\"https:\/\/socialdesignmagazine.com\/mag\/wp-content\/uploads\/2015\/08\/mogano-nabuk-2116_880.jpg\" alt=\"mogano nabuk 2116_880\" width=\"880\" height=\"660\" srcset=\"https:\/\/socialdesignmagazine.com\/mag\/wp-content\/uploads\/2015\/08\/mogano-nabuk-2116_880.jpg 880w, https:\/\/socialdesignmagazine.com\/mag\/wp-content\/uploads\/2015\/08\/mogano-nabuk-2116_880-768x576.jpg 768w\" sizes=\"auto, (max-width: 880px) 100vw, 880px\" \/><\/a><\/p>\n<p><a href=\"https:\/\/socialdesignmagazine.com\/mag\/design\/letto-arco-by-cristian-sporzon\/attachment\/arco_ulivo-zaffiro-1117_880\/#content\" rel=\"attachment wp-att-23947\"><img loading=\"lazy\" decoding=\"async\" data-attachment-id=\"23947\" data-permalink=\"https:\/\/socialdesignmagazine.com\/mag\/design\/letto-arco-by-cristian-sporzon\/attachment\/arco_ulivo-zaffiro-1117_880\/#content\" data-orig-file=\"https:\/\/socialdesignmagazine.com\/mag\/wp-content\/uploads\/2015\/08\/Arco_ulivo-zaffiro-1117_880.jpg\" data-orig-size=\"880,660\" data-comments-opened=\"1\" data-image-meta=\"{&quot;aperture&quot;:&quot;0&quot;,&quot;credit&quot;:&quot;&quot;,&quot;camera&quot;:&quot;&quot;,&quot;caption&quot;:&quot;&quot;,&quot;created_timestamp&quot;:&quot;1395154506&quot;,&quot;copyright&quot;:&quot;&quot;,&quot;focal_length&quot;:&quot;0&quot;,&quot;iso&quot;:&quot;0&quot;,&quot;shutter_speed&quot;:&quot;0&quot;,&quot;title&quot;:&quot;&quot;,&quot;orientation&quot;:&quot;1&quot;}\" data-image-title=\"Arco_ulivo zaffiro 1117_880\" data-image-description=\"\" data-image-caption=\"\" data-medium-file=\"https:\/\/socialdesignmagazine.com\/mag\/wp-content\/uploads\/2015\/08\/Arco_ulivo-zaffiro-1117_880-396x256.jpg\" data-large-file=\"https:\/\/socialdesignmagazine.com\/mag\/wp-content\/uploads\/2015\/08\/Arco_ulivo-zaffiro-1117_880.jpg\" class=\"alignnone size-full wp-image-23947\" src=\"https:\/\/socialdesignmagazine.com\/mag\/wp-content\/uploads\/2015\/08\/Arco_ulivo-zaffiro-1117_880.jpg\" alt=\"Arco_ulivo zaffiro 1117_880\" width=\"880\" height=\"660\" srcset=\"https:\/\/socialdesignmagazine.com\/mag\/wp-content\/uploads\/2015\/08\/Arco_ulivo-zaffiro-1117_880.jpg 880w, https:\/\/socialdesignmagazine.com\/mag\/wp-content\/uploads\/2015\/08\/Arco_ulivo-zaffiro-1117_880-768x576.jpg 768w\" sizes=\"auto, (max-width: 880px) 100vw, 880px\" \/><\/a><\/p>\n<p><a href=\"https:\/\/socialdesignmagazine.com\/mag\/design\/letto-arco-by-cristian-sporzon\/attachment\/arco_sporzon_5_880\/#content\" rel=\"attachment wp-att-23946\"><img loading=\"lazy\" decoding=\"async\" data-attachment-id=\"23946\" data-permalink=\"https:\/\/socialdesignmagazine.com\/mag\/design\/letto-arco-by-cristian-sporzon\/attachment\/arco_sporzon_5_880\/#content\" data-orig-file=\"https:\/\/socialdesignmagazine.com\/mag\/wp-content\/uploads\/2015\/08\/Arco_Sporzon_5_880.jpg\" data-orig-size=\"880,733\" data-comments-opened=\"1\" data-image-meta=\"{&quot;aperture&quot;:&quot;0&quot;,&quot;credit&quot;:&quot;&quot;,&quot;camera&quot;:&quot;&quot;,&quot;caption&quot;:&quot;&quot;,&quot;created_timestamp&quot;:&quot;0&quot;,&quot;copyright&quot;:&quot;&quot;,&quot;focal_length&quot;:&quot;0&quot;,&quot;iso&quot;:&quot;0&quot;,&quot;shutter_speed&quot;:&quot;0&quot;,&quot;title&quot;:&quot;&quot;,&quot;orientation&quot;:&quot;1&quot;}\" data-image-title=\"Arco_Sporzon_5_880\" data-image-description=\"\" data-image-caption=\"\" data-medium-file=\"https:\/\/socialdesignmagazine.com\/mag\/wp-content\/uploads\/2015\/08\/Arco_Sporzon_5_880-396x256.jpg\" data-large-file=\"https:\/\/socialdesignmagazine.com\/mag\/wp-content\/uploads\/2015\/08\/Arco_Sporzon_5_880.jpg\" class=\"alignnone size-full wp-image-23946\" src=\"https:\/\/socialdesignmagazine.com\/mag\/wp-content\/uploads\/2015\/08\/Arco_Sporzon_5_880.jpg\" alt=\"Arco_Sporzon_5_880\" width=\"880\" height=\"733\" srcset=\"https:\/\/socialdesignmagazine.com\/mag\/wp-content\/uploads\/2015\/08\/Arco_Sporzon_5_880.jpg 880w, https:\/\/socialdesignmagazine.com\/mag\/wp-content\/uploads\/2015\/08\/Arco_Sporzon_5_880-768x640.jpg 768w\" sizes=\"auto, (max-width: 880px) 100vw, 880px\" \/><\/a><\/p>\n<p><a href=\"https:\/\/socialdesignmagazine.com\/mag\/design\/letto-arco-by-cristian-sporzon\/attachment\/arco_03_designed-by_cristian-sporzon_880\/#content\" rel=\"attachment wp-att-23945\"><img loading=\"lazy\" decoding=\"async\" data-attachment-id=\"23945\" data-permalink=\"https:\/\/socialdesignmagazine.com\/mag\/design\/letto-arco-by-cristian-sporzon\/attachment\/arco_03_designed-by_cristian-sporzon_880\/#content\" data-orig-file=\"https:\/\/socialdesignmagazine.com\/mag\/wp-content\/uploads\/2015\/08\/Arco_03_designed-by_Cristian-Sporzon_880.jpg\" data-orig-size=\"880,660\" data-comments-opened=\"1\" data-image-meta=\"{&quot;aperture&quot;:&quot;0&quot;,&quot;credit&quot;:&quot;&quot;,&quot;camera&quot;:&quot;&quot;,&quot;caption&quot;:&quot;&quot;,&quot;created_timestamp&quot;:&quot;0&quot;,&quot;copyright&quot;:&quot;&quot;,&quot;focal_length&quot;:&quot;0&quot;,&quot;iso&quot;:&quot;0&quot;,&quot;shutter_speed&quot;:&quot;0&quot;,&quot;title&quot;:&quot;&quot;,&quot;orientation&quot;:&quot;1&quot;}\" data-image-title=\"Arco_03_designed by_Cristian Sporzon_880\" data-image-description=\"\" data-image-caption=\"\" data-medium-file=\"https:\/\/socialdesignmagazine.com\/mag\/wp-content\/uploads\/2015\/08\/Arco_03_designed-by_Cristian-Sporzon_880-396x256.jpg\" data-large-file=\"https:\/\/socialdesignmagazine.com\/mag\/wp-content\/uploads\/2015\/08\/Arco_03_designed-by_Cristian-Sporzon_880.jpg\" class=\"alignnone size-full wp-image-23945\" src=\"https:\/\/socialdesignmagazine.com\/mag\/wp-content\/uploads\/2015\/08\/Arco_03_designed-by_Cristian-Sporzon_880.jpg\" alt=\"Arco_03_designed by_Cristian Sporzon_880\" width=\"880\" height=\"660\" srcset=\"https:\/\/socialdesignmagazine.com\/mag\/wp-content\/uploads\/2015\/08\/Arco_03_designed-by_Cristian-Sporzon_880.jpg 880w, https:\/\/socialdesignmagazine.com\/mag\/wp-content\/uploads\/2015\/08\/Arco_03_designed-by_Cristian-Sporzon_880-768x576.jpg 768w\" sizes=\"auto, (max-width: 880px) 100vw, 880px\" \/><\/a><\/p>\n<p><a href=\"https:\/\/socialdesignmagazine.com\/mag\/design\/letto-arco-by-cristian-sporzon\/attachment\/arco_02_designed-by_cristian-sporzon_880\/#content\" rel=\"attachment wp-att-23944\"><img loading=\"lazy\" decoding=\"async\" data-attachment-id=\"23944\" data-permalink=\"https:\/\/socialdesignmagazine.com\/mag\/design\/letto-arco-by-cristian-sporzon\/attachment\/arco_02_designed-by_cristian-sporzon_880\/#content\" data-orig-file=\"https:\/\/socialdesignmagazine.com\/mag\/wp-content\/uploads\/2015\/08\/Arco_02_designed-by_Cristian-Sporzon_880.jpg\" data-orig-size=\"880,660\" data-comments-opened=\"1\" data-image-meta=\"{&quot;aperture&quot;:&quot;0&quot;,&quot;credit&quot;:&quot;&quot;,&quot;camera&quot;:&quot;&quot;,&quot;caption&quot;:&quot;&quot;,&quot;created_timestamp&quot;:&quot;0&quot;,&quot;copyright&quot;:&quot;&quot;,&quot;focal_length&quot;:&quot;0&quot;,&quot;iso&quot;:&quot;0&quot;,&quot;shutter_speed&quot;:&quot;0&quot;,&quot;title&quot;:&quot;&quot;,&quot;orientation&quot;:&quot;1&quot;}\" data-image-title=\"Arco_02_designed by_Cristian Sporzon_880\" data-image-description=\"\" data-image-caption=\"\" data-medium-file=\"https:\/\/socialdesignmagazine.com\/mag\/wp-content\/uploads\/2015\/08\/Arco_02_designed-by_Cristian-Sporzon_880-396x256.jpg\" data-large-file=\"https:\/\/socialdesignmagazine.com\/mag\/wp-content\/uploads\/2015\/08\/Arco_02_designed-by_Cristian-Sporzon_880.jpg\" class=\"alignnone size-full wp-image-23944\" src=\"https:\/\/socialdesignmagazine.com\/mag\/wp-content\/uploads\/2015\/08\/Arco_02_designed-by_Cristian-Sporzon_880.jpg\" alt=\"Arco_02_designed by_Cristian Sporzon_880\" width=\"880\" height=\"660\" srcset=\"https:\/\/socialdesignmagazine.com\/mag\/wp-content\/uploads\/2015\/08\/Arco_02_designed-by_Cristian-Sporzon_880.jpg 880w, https:\/\/socialdesignmagazine.com\/mag\/wp-content\/uploads\/2015\/08\/Arco_02_designed-by_Cristian-Sporzon_880-768x576.jpg 768w\" sizes=\"auto, (max-width: 880px) 100vw, 880px\" \/><\/a><\/p>\n<h4>Design by Cristian Sporzon. <a rel=\"nofollow\" href=\"http:\/\/www.cristiansporzon.it\">www.cristiansporzon.it<\/a><\/h4>\n","protected":false,"gt_translate_keys":[{"key":"rendered","format":"html"}]},"excerpt":{"rendered":"<p>Il letto Arco \u00e8 una linea distesa attraverso il percorso di un sogno. Perch\u00e9 \u00e8 il sogno che muove la vita di ogni giorno diventando cos\u00ec il protagonista delle notti.<\/p>\n","protected":false,"gt_translate_keys":[{"key":"rendered","format":"html"}]},"author":664,"featured_media":23943,"comment_status":"open","ping_status":"open","sticky":false,"template":"","format":"standard","meta":{"jetpack_post_was_ever_published":false,"_jetpack_newsletter_access":"","_jetpack_dont_email_post_to_subs":false,"_jetpack_newsletter_tier_id":0,"_jetpack_memberships_contains_paywalled_content":false,"_jetpack_memberships_contains_paid_content":false,"footnotes":"","_wpscppro_dont_share_socialmedia":false,"_wpscppro_custom_social_share_image":0,"_facebook_share_type":"","_twitter_share_type":"","_linkedin_share_type":"","_pinterest_share_type":"","_linkedin_share_type_page":"","_instagram_share_type":"","_medium_share_type":"","_threads_share_type":"","_google_business_share_type":"","_selected_social_profile":[],"_wpsp_enable_custom_social_template":false,"_wpsp_social_scheduling":{"enabled":false,"datetime":null,"platforms":[],"status":"template_only","dateOption":"today","timeOption":"now","customDays":"","customHours":"","customDate":"","customTime":"","schedulingType":"absolute"},"_wpsp_active_default_template":true},"categories":[13],"tags":[279,151,1413],"class_list":["post-23942","post","type-post","status-publish","format-standard","has-post-thumbnail","hentry","category-design","tag-arredo","tag-furniture","tag-letto"],"yoast_head":"<!-- This site is optimized with the Yoast SEO plugin v27.2 - https:\/\/yoast.com\/product\/yoast-seo-wordpress\/ -->\n<title>Letto Arco by Cristian Sporzon - Social Design Magazine<\/title>\n<meta name=\"description\" content=\"Il letto Arco \u00e8 una linea distesa attraverso il percorso di un sogno. Perch\u00e9 \u00e8 il sogno che muove la vita di ogni giorno diventando cos\u00ec il protagonista delle notti.\" \/>\n<meta name=\"robots\" content=\"index, follow, max-snippet:-1, max-image-preview:large, max-video-preview:-1\" \/>\n<link rel=\"canonical\" href=\"https:\/\/socialdesignmagazine.com\/mag\/design\/letto-arco-by-cristian-sporzon\/\" \/>\n<meta property=\"og:locale\" content=\"it_IT\" \/>\n<meta property=\"og:type\" content=\"article\" \/>\n<meta property=\"og:title\" content=\"Letto Arco by Cristian Sporzon - Social Design Magazine\" \/>\n<meta property=\"og:description\" content=\"Il letto Arco \u00e8 una linea distesa attraverso il percorso di un sogno. Perch\u00e9 \u00e8 il sogno che muove la vita di ogni giorno diventando cos\u00ec il protagonista delle notti.\" \/>\n<meta property=\"og:url\" content=\"http:\/\/socialdesignmagazine.com\/mag\/design\/letto-arco-by-cristian-sporzon\/\" \/>\n<meta property=\"og:site_name\" content=\"Social Design Magazine\" \/>\n<meta property=\"article:publisher\" content=\"https:\/\/www.facebook.com\/socialdesignmag\" \/>\n<meta property=\"article:published_time\" content=\"2015-09-04T14:00:33+00:00\" \/>\n<meta property=\"article:modified_time\" content=\"2022-06-02T06:06:17+00:00\" \/>\n<meta property=\"og:image\" content=\"https:\/\/socialdesignmagazine.com\/mag\/wp-content\/uploads\/2015\/08\/Arco_01_designed-by_Cristian-Sporzon_880.jpg\" \/>\n\t<meta property=\"og:image:width\" content=\"880\" \/>\n\t<meta property=\"og:image:height\" content=\"660\" \/>\n\t<meta property=\"og:image:type\" content=\"image\/jpeg\" \/>\n<meta name=\"author\" content=\"arcrist\" \/>\n<meta name=\"twitter:card\" content=\"summary_large_image\" \/>\n<meta name=\"twitter:creator\" content=\"@socialdesignmag\" \/>\n<meta name=\"twitter:site\" content=\"@socialdesignmag\" \/>\n<meta name=\"twitter:label1\" content=\"Scritto da\" \/>\n\t<meta name=\"twitter:data1\" content=\"arcrist\" \/>\n\t<meta name=\"twitter:label2\" content=\"Tempo di lettura stimato\" \/>\n\t<meta name=\"twitter:data2\" content=\"2 minuti\" \/>\n<script type=\"application\/ld+json\" class=\"yoast-schema-graph\">{\"@context\":\"https:\/\/schema.org\",\"@graph\":[{\"@type\":\"Article\",\"@id\":\"https:\/\/socialdesignmagazine.com\/mag\/design\/letto-arco-by-cristian-sporzon\/#article\",\"isPartOf\":{\"@id\":\"https:\/\/socialdesignmagazine.com\/mag\/design\/letto-arco-by-cristian-sporzon\/\"},\"author\":{\"name\":\"arcrist\",\"@id\":\"https:\/\/socialdesignmagazine.com\/mag\/#\/schema\/person\/7b6a88daa068c95757eacd7190d49e9b\"},\"headline\":\"Letto Arco by Cristian Sporzon\",\"datePublished\":\"2015-09-04T14:00:33+00:00\",\"dateModified\":\"2022-06-02T06:06:17+00:00\",\"mainEntityOfPage\":{\"@id\":\"https:\/\/socialdesignmagazine.com\/mag\/design\/letto-arco-by-cristian-sporzon\/\"},\"wordCount\":104,\"commentCount\":0,\"publisher\":{\"@id\":\"https:\/\/socialdesignmagazine.com\/mag\/#organization\"},\"image\":{\"@id\":\"https:\/\/socialdesignmagazine.com\/mag\/design\/letto-arco-by-cristian-sporzon\/#primaryimage\"},\"thumbnailUrl\":\"https:\/\/socialdesignmagazine.com\/mag\/wp-content\/uploads\/2015\/08\/Arco_01_designed-by_Cristian-Sporzon_880.jpg\",\"keywords\":[\"arredo\",\"furniture\",\"letto\"],\"articleSection\":[\"Design\"],\"inLanguage\":\"it-IT\",\"potentialAction\":[{\"@type\":\"CommentAction\",\"name\":\"Comment\",\"target\":[\"https:\/\/socialdesignmagazine.com\/mag\/design\/letto-arco-by-cristian-sporzon\/#respond\"]}]},{\"@type\":\"WebPage\",\"@id\":\"https:\/\/socialdesignmagazine.com\/mag\/design\/letto-arco-by-cristian-sporzon\/\",\"url\":\"https:\/\/socialdesignmagazine.com\/mag\/design\/letto-arco-by-cristian-sporzon\/\",\"name\":\"Letto Arco by Cristian Sporzon - Social Design Magazine\",\"isPartOf\":{\"@id\":\"https:\/\/socialdesignmagazine.com\/mag\/#website\"},\"primaryImageOfPage\":{\"@id\":\"https:\/\/socialdesignmagazine.com\/mag\/design\/letto-arco-by-cristian-sporzon\/#primaryimage\"},\"image\":{\"@id\":\"https:\/\/socialdesignmagazine.com\/mag\/design\/letto-arco-by-cristian-sporzon\/#primaryimage\"},\"thumbnailUrl\":\"https:\/\/socialdesignmagazine.com\/mag\/wp-content\/uploads\/2015\/08\/Arco_01_designed-by_Cristian-Sporzon_880.jpg\",\"datePublished\":\"2015-09-04T14:00:33+00:00\",\"dateModified\":\"2022-06-02T06:06:17+00:00\",\"description\":\"Il letto Arco \u00e8 una linea distesa attraverso il percorso di un sogno. Perch\u00e9 \u00e8 il sogno che muove la vita di ogni giorno diventando cos\u00ec il protagonista delle notti.\",\"breadcrumb\":{\"@id\":\"https:\/\/socialdesignmagazine.com\/mag\/design\/letto-arco-by-cristian-sporzon\/#breadcrumb\"},\"inLanguage\":\"it-IT\",\"potentialAction\":[{\"@type\":\"ReadAction\",\"target\":[\"https:\/\/socialdesignmagazine.com\/mag\/design\/letto-arco-by-cristian-sporzon\/\"]}]},{\"@type\":\"ImageObject\",\"inLanguage\":\"it-IT\",\"@id\":\"https:\/\/socialdesignmagazine.com\/mag\/design\/letto-arco-by-cristian-sporzon\/#primaryimage\",\"url\":\"https:\/\/socialdesignmagazine.com\/mag\/wp-content\/uploads\/2015\/08\/Arco_01_designed-by_Cristian-Sporzon_880.jpg\",\"contentUrl\":\"https:\/\/socialdesignmagazine.com\/mag\/wp-content\/uploads\/2015\/08\/Arco_01_designed-by_Cristian-Sporzon_880.jpg\",\"width\":880,\"height\":660},{\"@type\":\"BreadcrumbList\",\"@id\":\"https:\/\/socialdesignmagazine.com\/mag\/design\/letto-arco-by-cristian-sporzon\/#breadcrumb\",\"itemListElement\":[{\"@type\":\"ListItem\",\"position\":1,\"name\":\"Home\",\"item\":\"https:\/\/socialdesignmagazine.com\/mag\/\"},{\"@type\":\"ListItem\",\"position\":2,\"name\":\"Design\",\"item\":\"https:\/\/socialdesignmagazine.com\/mag\/design\/\"},{\"@type\":\"ListItem\",\"position\":3,\"name\":\"Letto Arco by Cristian Sporzon\"}]},{\"@type\":\"WebSite\",\"@id\":\"https:\/\/socialdesignmagazine.com\/mag\/#website\",\"url\":\"https:\/\/socialdesignmagazine.com\/mag\/\",\"name\":\"Social Design Magazine\",\"description\":\"Social Magazine su Design, Architettura, Arte, Grafica\",\"publisher\":{\"@id\":\"https:\/\/socialdesignmagazine.com\/mag\/#organization\"},\"potentialAction\":[{\"@type\":\"SearchAction\",\"target\":{\"@type\":\"EntryPoint\",\"urlTemplate\":\"https:\/\/socialdesignmagazine.com\/mag\/?s={search_term_string}\"},\"query-input\":{\"@type\":\"PropertyValueSpecification\",\"valueRequired\":true,\"valueName\":\"search_term_string\"}}],\"inLanguage\":\"it-IT\"},{\"@type\":\"Organization\",\"@id\":\"https:\/\/socialdesignmagazine.com\/mag\/#organization\",\"name\":\"Social Design Magazine\",\"url\":\"https:\/\/socialdesignmagazine.com\/mag\/\",\"logo\":{\"@type\":\"ImageObject\",\"inLanguage\":\"it-IT\",\"@id\":\"https:\/\/socialdesignmagazine.com\/mag\/#\/schema\/logo\/image\/\",\"url\":\"https:\/\/socialdesignmagazine.com\/mag\/wp-content\/uploads\/2017\/01\/logo_favicon_11.png\",\"contentUrl\":\"https:\/\/socialdesignmagazine.com\/mag\/wp-content\/uploads\/2017\/01\/logo_favicon_11.png\",\"width\":1024,\"height\":1024,\"caption\":\"Social Design Magazine\"},\"image\":{\"@id\":\"https:\/\/socialdesignmagazine.com\/mag\/#\/schema\/logo\/image\/\"},\"sameAs\":[\"https:\/\/www.facebook.com\/socialdesignmag\",\"https:\/\/x.com\/socialdesignmag\",\"http:\/\/instagram.com\/social_design_magazine\/\",\"http:\/\/pinterest.com\/socialdesignmag\/\",\"http:\/\/www.youtube.com\/user\/socialdesignmagazine\"]},{\"@type\":\"Person\",\"@id\":\"https:\/\/socialdesignmagazine.com\/mag\/#\/schema\/person\/7b6a88daa068c95757eacd7190d49e9b\",\"name\":\"arcrist\",\"image\":{\"@type\":\"ImageObject\",\"inLanguage\":\"it-IT\",\"@id\":\"https:\/\/secure.gravatar.com\/avatar\/b96e2d4e9846e7ccc850eed9a56a95c63b296c04e5cd316484a0af4fc02f1fbd?s=96&d=mm&r=g\",\"url\":\"https:\/\/secure.gravatar.com\/avatar\/b96e2d4e9846e7ccc850eed9a56a95c63b296c04e5cd316484a0af4fc02f1fbd?s=96&d=mm&r=g\",\"contentUrl\":\"https:\/\/secure.gravatar.com\/avatar\/b96e2d4e9846e7ccc850eed9a56a95c63b296c04e5cd316484a0af4fc02f1fbd?s=96&d=mm&r=g\",\"caption\":\"arcrist\"},\"sameAs\":[\"http:\/\/www.cristiansporzon.it\"],\"url\":\"https:\/\/socialdesignmagazine.com\/mag\/author\/arcrist\/\"}]}<\/script>\n<!-- \/ Yoast SEO plugin. -->","yoast_head_json":{"title":"Letto Arco by Cristian Sporzon - Social Design Magazine","description":"Il letto Arco \u00e8 una linea distesa attraverso il percorso di un sogno. Perch\u00e9 \u00e8 il sogno che muove la vita di ogni giorno diventando cos\u00ec il protagonista delle notti.","robots":{"index":"index","follow":"follow","max-snippet":"max-snippet:-1","max-image-preview":"max-image-preview:large","max-video-preview":"max-video-preview:-1"},"canonical":"https:\/\/socialdesignmagazine.com\/mag\/design\/letto-arco-by-cristian-sporzon\/","og_locale":"it_IT","og_type":"article","og_title":"Letto Arco by Cristian Sporzon - Social Design Magazine","og_description":"Il letto Arco \u00e8 una linea distesa attraverso il percorso di un sogno. Perch\u00e9 \u00e8 il sogno che muove la vita di ogni giorno diventando cos\u00ec il protagonista delle notti.","og_url":"http:\/\/socialdesignmagazine.com\/mag\/design\/letto-arco-by-cristian-sporzon\/","og_site_name":"Social Design Magazine","article_publisher":"https:\/\/www.facebook.com\/socialdesignmag","article_published_time":"2015-09-04T14:00:33+00:00","article_modified_time":"2022-06-02T06:06:17+00:00","og_image":[{"width":880,"height":660,"url":"https:\/\/socialdesignmagazine.com\/mag\/wp-content\/uploads\/2015\/08\/Arco_01_designed-by_Cristian-Sporzon_880.jpg","type":"image\/jpeg"}],"author":"arcrist","twitter_card":"summary_large_image","twitter_creator":"@socialdesignmag","twitter_site":"@socialdesignmag","twitter_misc":{"Scritto da":"arcrist","Tempo di lettura stimato":"2 minuti"},"schema":{"@context":"https:\/\/schema.org","@graph":[{"@type":"Article","@id":"https:\/\/socialdesignmagazine.com\/mag\/design\/letto-arco-by-cristian-sporzon\/#article","isPartOf":{"@id":"https:\/\/socialdesignmagazine.com\/mag\/design\/letto-arco-by-cristian-sporzon\/"},"author":{"name":"arcrist","@id":"https:\/\/socialdesignmagazine.com\/mag\/#\/schema\/person\/7b6a88daa068c95757eacd7190d49e9b"},"headline":"Letto Arco by Cristian Sporzon","datePublished":"2015-09-04T14:00:33+00:00","dateModified":"2022-06-02T06:06:17+00:00","mainEntityOfPage":{"@id":"https:\/\/socialdesignmagazine.com\/mag\/design\/letto-arco-by-cristian-sporzon\/"},"wordCount":104,"commentCount":0,"publisher":{"@id":"https:\/\/socialdesignmagazine.com\/mag\/#organization"},"image":{"@id":"https:\/\/socialdesignmagazine.com\/mag\/design\/letto-arco-by-cristian-sporzon\/#primaryimage"},"thumbnailUrl":"https:\/\/socialdesignmagazine.com\/mag\/wp-content\/uploads\/2015\/08\/Arco_01_designed-by_Cristian-Sporzon_880.jpg","keywords":["arredo","furniture","letto"],"articleSection":["Design"],"inLanguage":"it-IT","potentialAction":[{"@type":"CommentAction","name":"Comment","target":["https:\/\/socialdesignmagazine.com\/mag\/design\/letto-arco-by-cristian-sporzon\/#respond"]}]},{"@type":"WebPage","@id":"https:\/\/socialdesignmagazine.com\/mag\/design\/letto-arco-by-cristian-sporzon\/","url":"https:\/\/socialdesignmagazine.com\/mag\/design\/letto-arco-by-cristian-sporzon\/","name":"Letto Arco by Cristian Sporzon - Social Design Magazine","isPartOf":{"@id":"https:\/\/socialdesignmagazine.com\/mag\/#website"},"primaryImageOfPage":{"@id":"https:\/\/socialdesignmagazine.com\/mag\/design\/letto-arco-by-cristian-sporzon\/#primaryimage"},"image":{"@id":"https:\/\/socialdesignmagazine.com\/mag\/design\/letto-arco-by-cristian-sporzon\/#primaryimage"},"thumbnailUrl":"https:\/\/socialdesignmagazine.com\/mag\/wp-content\/uploads\/2015\/08\/Arco_01_designed-by_Cristian-Sporzon_880.jpg","datePublished":"2015-09-04T14:00:33+00:00","dateModified":"2022-06-02T06:06:17+00:00","description":"Il letto Arco \u00e8 una linea distesa attraverso il percorso di un sogno. Perch\u00e9 \u00e8 il sogno che muove la vita di ogni giorno diventando cos\u00ec il protagonista delle notti.","breadcrumb":{"@id":"https:\/\/socialdesignmagazine.com\/mag\/design\/letto-arco-by-cristian-sporzon\/#breadcrumb"},"inLanguage":"it-IT","potentialAction":[{"@type":"ReadAction","target":["https:\/\/socialdesignmagazine.com\/mag\/design\/letto-arco-by-cristian-sporzon\/"]}]},{"@type":"ImageObject","inLanguage":"it-IT","@id":"https:\/\/socialdesignmagazine.com\/mag\/design\/letto-arco-by-cristian-sporzon\/#primaryimage","url":"https:\/\/socialdesignmagazine.com\/mag\/wp-content\/uploads\/2015\/08\/Arco_01_designed-by_Cristian-Sporzon_880.jpg","contentUrl":"https:\/\/socialdesignmagazine.com\/mag\/wp-content\/uploads\/2015\/08\/Arco_01_designed-by_Cristian-Sporzon_880.jpg","width":880,"height":660},{"@type":"BreadcrumbList","@id":"https:\/\/socialdesignmagazine.com\/mag\/design\/letto-arco-by-cristian-sporzon\/#breadcrumb","itemListElement":[{"@type":"ListItem","position":1,"name":"Home","item":"https:\/\/socialdesignmagazine.com\/mag\/"},{"@type":"ListItem","position":2,"name":"Design","item":"https:\/\/socialdesignmagazine.com\/mag\/design\/"},{"@type":"ListItem","position":3,"name":"Letto Arco by Cristian Sporzon"}]},{"@type":"WebSite","@id":"https:\/\/socialdesignmagazine.com\/mag\/#website","url":"https:\/\/socialdesignmagazine.com\/mag\/","name":"Social Design Magazine","description":"Social Magazine su Design, Architettura, Arte, Grafica","publisher":{"@id":"https:\/\/socialdesignmagazine.com\/mag\/#organization"},"potentialAction":[{"@type":"SearchAction","target":{"@type":"EntryPoint","urlTemplate":"https:\/\/socialdesignmagazine.com\/mag\/?s={search_term_string}"},"query-input":{"@type":"PropertyValueSpecification","valueRequired":true,"valueName":"search_term_string"}}],"inLanguage":"it-IT"},{"@type":"Organization","@id":"https:\/\/socialdesignmagazine.com\/mag\/#organization","name":"Social Design Magazine","url":"https:\/\/socialdesignmagazine.com\/mag\/","logo":{"@type":"ImageObject","inLanguage":"it-IT","@id":"https:\/\/socialdesignmagazine.com\/mag\/#\/schema\/logo\/image\/","url":"https:\/\/socialdesignmagazine.com\/mag\/wp-content\/uploads\/2017\/01\/logo_favicon_11.png","contentUrl":"https:\/\/socialdesignmagazine.com\/mag\/wp-content\/uploads\/2017\/01\/logo_favicon_11.png","width":1024,"height":1024,"caption":"Social Design Magazine"},"image":{"@id":"https:\/\/socialdesignmagazine.com\/mag\/#\/schema\/logo\/image\/"},"sameAs":["https:\/\/www.facebook.com\/socialdesignmag","https:\/\/x.com\/socialdesignmag","http:\/\/instagram.com\/social_design_magazine\/","http:\/\/pinterest.com\/socialdesignmag\/","http:\/\/www.youtube.com\/user\/socialdesignmagazine"]},{"@type":"Person","@id":"https:\/\/socialdesignmagazine.com\/mag\/#\/schema\/person\/7b6a88daa068c95757eacd7190d49e9b","name":"arcrist","image":{"@type":"ImageObject","inLanguage":"it-IT","@id":"https:\/\/secure.gravatar.com\/avatar\/b96e2d4e9846e7ccc850eed9a56a95c63b296c04e5cd316484a0af4fc02f1fbd?s=96&d=mm&r=g","url":"https:\/\/secure.gravatar.com\/avatar\/b96e2d4e9846e7ccc850eed9a56a95c63b296c04e5cd316484a0af4fc02f1fbd?s=96&d=mm&r=g","contentUrl":"https:\/\/secure.gravatar.com\/avatar\/b96e2d4e9846e7ccc850eed9a56a95c63b296c04e5cd316484a0af4fc02f1fbd?s=96&d=mm&r=g","caption":"arcrist"},"sameAs":["http:\/\/www.cristiansporzon.it"],"url":"https:\/\/socialdesignmagazine.com\/mag\/author\/arcrist\/"}]}},"jetpack_featured_media_url":"https:\/\/socialdesignmagazine.com\/mag\/wp-content\/uploads\/2015\/08\/Arco_01_designed-by_Cristian-Sporzon_880.jpg","jetpack_sharing_enabled":true,"jetpack_shortlink":"https:\/\/wp.me\/p6cV7V-6ea","gt_translate_keys":[{"key":"link","format":"url"}],"_links":{"self":[{"href":"https:\/\/socialdesignmagazine.com\/mag\/wp-json\/wp\/v2\/posts\/23942","targetHints":{"allow":["GET"]}}],"collection":[{"href":"https:\/\/socialdesignmagazine.com\/mag\/wp-json\/wp\/v2\/posts"}],"about":[{"href":"https:\/\/socialdesignmagazine.com\/mag\/wp-json\/wp\/v2\/types\/post"}],"author":[{"embeddable":true,"href":"https:\/\/socialdesignmagazine.com\/mag\/wp-json\/wp\/v2\/users\/664"}],"replies":[{"embeddable":true,"href":"https:\/\/socialdesignmagazine.com\/mag\/wp-json\/wp\/v2\/comments?post=23942"}],"version-history":[{"count":3,"href":"https:\/\/socialdesignmagazine.com\/mag\/wp-json\/wp\/v2\/posts\/23942\/revisions"}],"predecessor-version":[{"id":44789,"href":"https:\/\/socialdesignmagazine.com\/mag\/wp-json\/wp\/v2\/posts\/23942\/revisions\/44789"}],"wp:featuredmedia":[{"embeddable":true,"href":"https:\/\/socialdesignmagazine.com\/mag\/wp-json\/wp\/v2\/media\/23943"}],"wp:attachment":[{"href":"https:\/\/socialdesignmagazine.com\/mag\/wp-json\/wp\/v2\/media?parent=23942"}],"wp:term":[{"taxonomy":"category","embeddable":true,"href":"https:\/\/socialdesignmagazine.com\/mag\/wp-json\/wp\/v2\/categories?post=23942"},{"taxonomy":"post_tag","embeddable":true,"href":"https:\/\/socialdesignmagazine.com\/mag\/wp-json\/wp\/v2\/tags?post=23942"}],"curies":[{"name":"wp","href":"https:\/\/api.w.org\/{rel}","templated":true}]}}