{"id":2415,"date":"2013-10-17T19:46:41","date_gmt":"2013-10-17T17:46:41","guid":{"rendered":"https:\/\/socialdesignmagazine.com\/mag\/s6-design\/c35-design\/alessandro-zambelli-paniepesci-la-seduta-che-racchiude-lessenza-di-un-miracolo\/"},"modified":"2024-07-15T21:30:24","modified_gmt":"2024-07-15T19:30:24","slug":"alessandro-zambelli-paniepesci-la-seduta-che-racchiude-lessenza-di-un-miracolo","status":"publish","type":"post","link":"https:\/\/socialdesignmagazine.com\/mag\/design\/alessandro-zambelli-paniepesci-la-seduta-che-racchiude-lessenza-di-un-miracolo\/","title":{"rendered":"Alessandro Zambelli \/ PANIEPESCI, la seduta che racchiude l&#8217;essenza di un miracolo","gt_translate_keys":[{"key":"rendered","format":"text"}]},"content":{"rendered":"\n<p><a class=\"jcepopup\" href=\"http:\/\/www.alessandrozambelli.it\/\" target=\"_blank\" rel=\"nofollow noopener\"><strong>Alessandro Zambelli<\/strong><\/a> sceglie uno dei miracoli pi\u00f9 noti della tradizione cristiana &#8211; l\u2019unico descritto in tutti e quattro i Vangeli &#8211; e crea <strong>la seduta&nbsp;PANIEPESCI<\/strong>.<\/p>\n\n\n\n<p>Incasellare nella concretezza del vivere quotidiano la logica misteriosa e inafferrabile di un miracolo, impresa difficile a parole, complessa con una o pi\u00f9 immagini, quasi impossibile (forse) con un oggetto. Prova a farlo Alessandro Zambelli.<\/p>\n\n\n<div class=\"wp-block-image\">\n<figure class=\"aligncenter\"><img loading=\"lazy\" decoding=\"async\" width=\"720\" height=\"498\" data-attachment-id=\"14104\" data-permalink=\"https:\/\/socialdesignmagazine.com\/mag\/design\/alessandro-zambelli-paniepesci-la-seduta-che-racchiude-lessenza-di-un-miracolo\/attachment\/paniepesci-schizzo-1\/#content\" data-orig-file=\"https:\/\/socialdesignmagazine.com\/mag\/wp-content\/uploads\/2013\/10\/benedetto_alessandro_zambelli_PANIEPESCI_schizzo_1.jpeg\" data-orig-size=\"720,498\" data-comments-opened=\"1\" data-image-meta=\"{&quot;aperture&quot;:&quot;0&quot;,&quot;credit&quot;:&quot;&quot;,&quot;camera&quot;:&quot;Perfection V700\/V750&quot;,&quot;caption&quot;:&quot;&quot;,&quot;created_timestamp&quot;:&quot;0&quot;,&quot;copyright&quot;:&quot;&quot;,&quot;focal_length&quot;:&quot;0&quot;,&quot;iso&quot;:&quot;0&quot;,&quot;shutter_speed&quot;:&quot;0&quot;,&quot;title&quot;:&quot;&quot;,&quot;orientation&quot;:&quot;1&quot;}\" data-image-title=\"PANIEPESCI schizzo 1\" data-image-description=\"\" data-image-caption=\"\" data-medium-file=\"https:\/\/socialdesignmagazine.com\/mag\/wp-content\/uploads\/2013\/10\/benedetto_alessandro_zambelli_PANIEPESCI_schizzo_1-396x256.jpeg\" data-large-file=\"https:\/\/socialdesignmagazine.com\/mag\/wp-content\/uploads\/2013\/10\/benedetto_alessandro_zambelli_PANIEPESCI_schizzo_1.jpeg\" src=\"https:\/\/socialdesignmagazine.com\/mag\/wp-content\/uploads\/2013\/10\/benedetto_alessandro_zambelli_PANIEPESCI_schizzo_1.jpeg\" alt=\"PANIEPESCI schizzo 1\" class=\"wp-image-14104\"\/><\/figure>\n<\/div>\n\n\n<p>\u00c8 cos\u00ec che un mosaico di riquadri racchiude e al tempo stesso rivela gli elementi simbolici e l\u2019essenza stessa dell\u2019evento miracoloso: sono <strong>l\u2019azzurro del mare e l\u2019oro del grano<\/strong> &#8211; a rappresentare i&nbsp;pani&nbsp;e i&nbsp;pesci&nbsp;moltiplicati &#8211; ad alternarsi in San Filippo; \u00e8 il numero 5 &#8211; cos\u00ec presente nelle descrizioni del testo sacro &#8211; a definirne l\u2019ordine di grandezza. Sembra quasi \u201cestratta\u201d dalla cupola del Pantheon, questa seduta: in effetti&nbsp;PANIEPESCI&nbsp;potrebbe essere vista anche cos\u00ec, come un piccolo \u201cPantheon\u201d quotidiano, pi\u00f9 contenuto e familiare. Come una piccola e rassicurante architettura votiva domestica.<\/p>\n\n\n<div class=\"wp-block-image\">\n<figure class=\"aligncenter\"><img loading=\"lazy\" decoding=\"async\" width=\"720\" height=\"522\" data-attachment-id=\"14105\" data-permalink=\"https:\/\/socialdesignmagazine.com\/mag\/design\/alessandro-zambelli-paniepesci-la-seduta-che-racchiude-lessenza-di-un-miracolo\/attachment\/paniepesci-schizzo-2\/#content\" data-orig-file=\"https:\/\/socialdesignmagazine.com\/mag\/wp-content\/uploads\/2013\/10\/benedetto_alessandro_zambelli_PANIEPESCI_schizzo_2.jpeg\" data-orig-size=\"720,522\" data-comments-opened=\"1\" data-image-meta=\"{&quot;aperture&quot;:&quot;0&quot;,&quot;credit&quot;:&quot;&quot;,&quot;camera&quot;:&quot;Perfection V700\/V750&quot;,&quot;caption&quot;:&quot;&quot;,&quot;created_timestamp&quot;:&quot;0&quot;,&quot;copyright&quot;:&quot;&quot;,&quot;focal_length&quot;:&quot;0&quot;,&quot;iso&quot;:&quot;0&quot;,&quot;shutter_speed&quot;:&quot;0&quot;,&quot;title&quot;:&quot;&quot;,&quot;orientation&quot;:&quot;1&quot;}\" data-image-title=\"PANIEPESCI schizzo 2\" data-image-description=\"\" data-image-caption=\"\" data-medium-file=\"https:\/\/socialdesignmagazine.com\/mag\/wp-content\/uploads\/2013\/10\/benedetto_alessandro_zambelli_PANIEPESCI_schizzo_2-396x256.jpeg\" data-large-file=\"https:\/\/socialdesignmagazine.com\/mag\/wp-content\/uploads\/2013\/10\/benedetto_alessandro_zambelli_PANIEPESCI_schizzo_2.jpeg\" src=\"https:\/\/socialdesignmagazine.com\/mag\/wp-content\/uploads\/2013\/10\/benedetto_alessandro_zambelli_PANIEPESCI_schizzo_2.jpeg\" alt=\"PANIEPESCI schizzo 2\" class=\"wp-image-14105\"\/><\/figure>\n<\/div>\n\n\n<p><strong>Dal 19 ottobre al 1 dicembre&nbsp;PANIEPESCI&nbsp;\u00e8 esposta al MAC Museo d\u2019Arte Contemporanea di Lissone<\/strong>, nell\u2019ambito della mostra <strong>\u201c(1:13) &#8211; Le tredici sedie mai dipinte nell\u2019Ultima Cena di Leonardo\u201d<\/strong>: tredici designer immaginano e interpretano le 13 sedute degli Apostoli \u201cnascoste\u201d all\u2019interno dell\u2019opera d\u2019arte.<\/p>\n\n\n<div class=\"wp-block-image\">\n<figure class=\"aligncenter\"><img loading=\"lazy\" decoding=\"async\" width=\"720\" height=\"720\" data-attachment-id=\"14106\" data-permalink=\"https:\/\/socialdesignmagazine.com\/mag\/design\/alessandro-zambelli-paniepesci-la-seduta-che-racchiude-lessenza-di-un-miracolo\/attachment\/invito-paniepesci-19ottobre\/#content\" data-orig-file=\"https:\/\/socialdesignmagazine.com\/mag\/wp-content\/uploads\/2013\/10\/benedetto_alessandro_zambelli_invito_PANIEPESCI_19ottobre.jpg\" data-orig-size=\"720,720\" data-comments-opened=\"1\" data-image-meta=\"{&quot;aperture&quot;:&quot;0&quot;,&quot;credit&quot;:&quot;&quot;,&quot;camera&quot;:&quot;&quot;,&quot;caption&quot;:&quot;&quot;,&quot;created_timestamp&quot;:&quot;0&quot;,&quot;copyright&quot;:&quot;&quot;,&quot;focal_length&quot;:&quot;0&quot;,&quot;iso&quot;:&quot;0&quot;,&quot;shutter_speed&quot;:&quot;0&quot;,&quot;title&quot;:&quot;&quot;,&quot;orientation&quot;:&quot;1&quot;}\" data-image-title=\"invito PANIEPESCI 19ottobre\" data-image-description=\"\" data-image-caption=\"\" data-medium-file=\"https:\/\/socialdesignmagazine.com\/mag\/wp-content\/uploads\/2013\/10\/benedetto_alessandro_zambelli_invito_PANIEPESCI_19ottobre-396x256.jpg\" data-large-file=\"https:\/\/socialdesignmagazine.com\/mag\/wp-content\/uploads\/2013\/10\/benedetto_alessandro_zambelli_invito_PANIEPESCI_19ottobre.jpg\" src=\"https:\/\/socialdesignmagazine.com\/mag\/wp-content\/uploads\/2013\/10\/benedetto_alessandro_zambelli_invito_PANIEPESCI_19ottobre.jpg\" alt=\"invito PANIEPESCI 19ottobre\" class=\"wp-image-14106\" srcset=\"https:\/\/socialdesignmagazine.com\/mag\/wp-content\/uploads\/2013\/10\/benedetto_alessandro_zambelli_invito_PANIEPESCI_19ottobre.jpg 720w, https:\/\/socialdesignmagazine.com\/mag\/wp-content\/uploads\/2013\/10\/benedetto_alessandro_zambelli_invito_PANIEPESCI_19ottobre-65x65.jpg 65w\" sizes=\"auto, (max-width: 720px) 100vw, 720px\" \/><\/figure>\n<\/div>","protected":false,"gt_translate_keys":[{"key":"rendered","format":"html"}]},"excerpt":{"rendered":"<p>Alessandro Zambelli sceglie uno dei miracoli pi\u00f9 noti della tradizione cristiana &#8211; l\u2019unico descritto in tutti e quattro i Vangeli &#8211; e crea la seduta\u00a0PANIEPESCI.<\/p>\n","protected":false,"gt_translate_keys":[{"key":"rendered","format":"html"}]},"author":1,"featured_media":14103,"comment_status":"open","ping_status":"open","sticky":false,"template":"","format":"standard","meta":{"jetpack_post_was_ever_published":false,"_jetpack_newsletter_access":"","_jetpack_dont_email_post_to_subs":false,"_jetpack_newsletter_tier_id":0,"_jetpack_memberships_contains_paywalled_content":false,"_jetpack_memberships_contains_paid_content":false,"footnotes":"","_wpscppro_dont_share_socialmedia":false,"_wpscppro_custom_social_share_image":0,"_facebook_share_type":"","_twitter_share_type":"","_linkedin_share_type":"","_pinterest_share_type":"","_linkedin_share_type_page":"","_instagram_share_type":"","_medium_share_type":"","_threads_share_type":"","_google_business_share_type":"","_selected_social_profile":[],"_wpsp_enable_custom_social_template":false,"_wpsp_social_scheduling":{"enabled":false,"datetime":null,"platforms":[],"status":"template_only","dateOption":"today","timeOption":"now","customDays":"","customHours":"","customDate":"","customTime":"","schedulingType":"absolute"},"_wpsp_active_default_template":true},"categories":[13],"tags":[3436,179,1133],"class_list":["post-2415","post","type-post","status-publish","format-standard","has-post-thumbnail","hentry","category-design","tag-alessandro-zambelli","tag-legno","tag-seduta"],"yoast_head":"<!-- This site is optimized with the Yoast SEO plugin v27.2 - https:\/\/yoast.com\/product\/yoast-seo-wordpress\/ -->\n<title>Alessandro Zambelli \/ PANIEPESCI, la seduta che racchiude l&#039;essenza di un miracolo - Social Design Magazine<\/title>\n<meta name=\"description\" content=\"Alessandro Zambelli sceglie uno dei miracoli pi\u00f9 noti della tradizione cristiana - l\u2019unico descritto in tutti e quattro i Vangeli - e crea la seduta\u00a0PANIEPESCI.\" \/>\n<meta name=\"robots\" content=\"index, follow, max-snippet:-1, max-image-preview:large, max-video-preview:-1\" \/>\n<link rel=\"canonical\" href=\"https:\/\/socialdesignmagazine.com\/mag\/design\/alessandro-zambelli-paniepesci-la-seduta-che-racchiude-lessenza-di-un-miracolo\/\" \/>\n<meta property=\"og:locale\" content=\"it_IT\" \/>\n<meta property=\"og:type\" content=\"article\" \/>\n<meta property=\"og:title\" content=\"Alessandro Zambelli \/ PANIEPESCI, la seduta che racchiude l&#039;essenza di un miracolo - Social Design Magazine\" \/>\n<meta property=\"og:description\" content=\"Alessandro Zambelli sceglie uno dei miracoli pi\u00f9 noti della tradizione cristiana - l\u2019unico descritto in tutti e quattro i Vangeli - e crea la seduta\u00a0PANIEPESCI.\" \/>\n<meta property=\"og:url\" content=\"http:\/\/socialdesignmagazine.com\/mag\/design\/alessandro-zambelli-paniepesci-la-seduta-che-racchiude-lessenza-di-un-miracolo\/\" \/>\n<meta property=\"og:site_name\" content=\"Social Design Magazine\" \/>\n<meta property=\"article:publisher\" content=\"https:\/\/www.facebook.com\/socialdesignmag\" \/>\n<meta property=\"article:author\" content=\"https:\/\/www.facebook.com\/benedettofiori\" \/>\n<meta property=\"article:published_time\" content=\"2013-10-17T17:46:41+00:00\" \/>\n<meta property=\"article:modified_time\" content=\"2024-07-15T19:30:24+00:00\" \/>\n<meta property=\"og:image\" content=\"https:\/\/socialdesignmagazine.com\/mag\/wp-content\/uploads\/2013\/10\/benedetto_alessandro_zambelli_PANIEPESCI.jpg\" \/>\n\t<meta property=\"og:image:width\" content=\"720\" \/>\n\t<meta property=\"og:image:height\" content=\"702\" \/>\n\t<meta property=\"og:image:type\" content=\"image\/jpeg\" \/>\n<meta name=\"author\" content=\"Benedetto Fiori\" \/>\n<meta name=\"twitter:card\" content=\"summary_large_image\" \/>\n<meta name=\"twitter:creator\" content=\"@benedettofiori\" \/>\n<meta name=\"twitter:site\" content=\"@socialdesignmag\" \/>\n<meta name=\"twitter:label1\" content=\"Scritto da\" \/>\n\t<meta name=\"twitter:data1\" content=\"Benedetto Fiori\" \/>\n\t<meta name=\"twitter:label2\" content=\"Tempo di lettura stimato\" \/>\n\t<meta name=\"twitter:data2\" content=\"2 minuti\" \/>\n<script type=\"application\/ld+json\" class=\"yoast-schema-graph\">{\"@context\":\"https:\/\/schema.org\",\"@graph\":[{\"@type\":\"Article\",\"@id\":\"https:\/\/socialdesignmagazine.com\/mag\/design\/alessandro-zambelli-paniepesci-la-seduta-che-racchiude-lessenza-di-un-miracolo\/#article\",\"isPartOf\":{\"@id\":\"https:\/\/socialdesignmagazine.com\/mag\/design\/alessandro-zambelli-paniepesci-la-seduta-che-racchiude-lessenza-di-un-miracolo\/\"},\"author\":{\"name\":\"Benedetto Fiori\",\"@id\":\"https:\/\/socialdesignmagazine.com\/mag\/#\/schema\/person\/61e20205cc363c315e6aabd33a045846\"},\"headline\":\"Alessandro Zambelli \/ PANIEPESCI, la seduta che racchiude l&#8217;essenza di un miracolo\",\"datePublished\":\"2013-10-17T17:46:41+00:00\",\"dateModified\":\"2024-07-15T19:30:24+00:00\",\"mainEntityOfPage\":{\"@id\":\"https:\/\/socialdesignmagazine.com\/mag\/design\/alessandro-zambelli-paniepesci-la-seduta-che-racchiude-lessenza-di-un-miracolo\/\"},\"wordCount\":226,\"commentCount\":0,\"publisher\":{\"@id\":\"https:\/\/socialdesignmagazine.com\/mag\/#organization\"},\"image\":{\"@id\":\"https:\/\/socialdesignmagazine.com\/mag\/design\/alessandro-zambelli-paniepesci-la-seduta-che-racchiude-lessenza-di-un-miracolo\/#primaryimage\"},\"thumbnailUrl\":\"https:\/\/socialdesignmagazine.com\/mag\/wp-content\/uploads\/2013\/10\/benedetto_alessandro_zambelli_PANIEPESCI.jpg\",\"keywords\":[\"alessandro zambelli\",\"legno\",\"seduta\"],\"articleSection\":[\"Design\"],\"inLanguage\":\"it-IT\",\"potentialAction\":[{\"@type\":\"CommentAction\",\"name\":\"Comment\",\"target\":[\"https:\/\/socialdesignmagazine.com\/mag\/design\/alessandro-zambelli-paniepesci-la-seduta-che-racchiude-lessenza-di-un-miracolo\/#respond\"]}]},{\"@type\":\"WebPage\",\"@id\":\"https:\/\/socialdesignmagazine.com\/mag\/design\/alessandro-zambelli-paniepesci-la-seduta-che-racchiude-lessenza-di-un-miracolo\/\",\"url\":\"https:\/\/socialdesignmagazine.com\/mag\/design\/alessandro-zambelli-paniepesci-la-seduta-che-racchiude-lessenza-di-un-miracolo\/\",\"name\":\"Alessandro Zambelli \/ PANIEPESCI, la seduta che racchiude l'essenza di un miracolo - Social Design Magazine\",\"isPartOf\":{\"@id\":\"https:\/\/socialdesignmagazine.com\/mag\/#website\"},\"primaryImageOfPage\":{\"@id\":\"https:\/\/socialdesignmagazine.com\/mag\/design\/alessandro-zambelli-paniepesci-la-seduta-che-racchiude-lessenza-di-un-miracolo\/#primaryimage\"},\"image\":{\"@id\":\"https:\/\/socialdesignmagazine.com\/mag\/design\/alessandro-zambelli-paniepesci-la-seduta-che-racchiude-lessenza-di-un-miracolo\/#primaryimage\"},\"thumbnailUrl\":\"https:\/\/socialdesignmagazine.com\/mag\/wp-content\/uploads\/2013\/10\/benedetto_alessandro_zambelli_PANIEPESCI.jpg\",\"datePublished\":\"2013-10-17T17:46:41+00:00\",\"dateModified\":\"2024-07-15T19:30:24+00:00\",\"description\":\"Alessandro Zambelli sceglie uno dei miracoli pi\u00f9 noti della tradizione cristiana - l\u2019unico descritto in tutti e quattro i Vangeli - e crea la seduta\u00a0PANIEPESCI.\",\"breadcrumb\":{\"@id\":\"https:\/\/socialdesignmagazine.com\/mag\/design\/alessandro-zambelli-paniepesci-la-seduta-che-racchiude-lessenza-di-un-miracolo\/#breadcrumb\"},\"inLanguage\":\"it-IT\",\"potentialAction\":[{\"@type\":\"ReadAction\",\"target\":[\"https:\/\/socialdesignmagazine.com\/mag\/design\/alessandro-zambelli-paniepesci-la-seduta-che-racchiude-lessenza-di-un-miracolo\/\"]}]},{\"@type\":\"ImageObject\",\"inLanguage\":\"it-IT\",\"@id\":\"https:\/\/socialdesignmagazine.com\/mag\/design\/alessandro-zambelli-paniepesci-la-seduta-che-racchiude-lessenza-di-un-miracolo\/#primaryimage\",\"url\":\"https:\/\/socialdesignmagazine.com\/mag\/wp-content\/uploads\/2013\/10\/benedetto_alessandro_zambelli_PANIEPESCI.jpg\",\"contentUrl\":\"https:\/\/socialdesignmagazine.com\/mag\/wp-content\/uploads\/2013\/10\/benedetto_alessandro_zambelli_PANIEPESCI.jpg\",\"width\":720,\"height\":702,\"caption\":\"PANIEPESCI\"},{\"@type\":\"BreadcrumbList\",\"@id\":\"https:\/\/socialdesignmagazine.com\/mag\/design\/alessandro-zambelli-paniepesci-la-seduta-che-racchiude-lessenza-di-un-miracolo\/#breadcrumb\",\"itemListElement\":[{\"@type\":\"ListItem\",\"position\":1,\"name\":\"Home\",\"item\":\"https:\/\/socialdesignmagazine.com\/mag\/\"},{\"@type\":\"ListItem\",\"position\":2,\"name\":\"Design\",\"item\":\"https:\/\/socialdesignmagazine.com\/mag\/design\/\"},{\"@type\":\"ListItem\",\"position\":3,\"name\":\"Alessandro Zambelli \/ PANIEPESCI, la seduta che racchiude l&#8217;essenza di un miracolo\"}]},{\"@type\":\"WebSite\",\"@id\":\"https:\/\/socialdesignmagazine.com\/mag\/#website\",\"url\":\"https:\/\/socialdesignmagazine.com\/mag\/\",\"name\":\"Social Design Magazine\",\"description\":\"Social Magazine su Design, Architettura, Arte, Grafica\",\"publisher\":{\"@id\":\"https:\/\/socialdesignmagazine.com\/mag\/#organization\"},\"potentialAction\":[{\"@type\":\"SearchAction\",\"target\":{\"@type\":\"EntryPoint\",\"urlTemplate\":\"https:\/\/socialdesignmagazine.com\/mag\/?s={search_term_string}\"},\"query-input\":{\"@type\":\"PropertyValueSpecification\",\"valueRequired\":true,\"valueName\":\"search_term_string\"}}],\"inLanguage\":\"it-IT\"},{\"@type\":\"Organization\",\"@id\":\"https:\/\/socialdesignmagazine.com\/mag\/#organization\",\"name\":\"Social Design Magazine\",\"url\":\"https:\/\/socialdesignmagazine.com\/mag\/\",\"logo\":{\"@type\":\"ImageObject\",\"inLanguage\":\"it-IT\",\"@id\":\"https:\/\/socialdesignmagazine.com\/mag\/#\/schema\/logo\/image\/\",\"url\":\"https:\/\/socialdesignmagazine.com\/mag\/wp-content\/uploads\/2017\/01\/logo_favicon_11.png\",\"contentUrl\":\"https:\/\/socialdesignmagazine.com\/mag\/wp-content\/uploads\/2017\/01\/logo_favicon_11.png\",\"width\":1024,\"height\":1024,\"caption\":\"Social Design Magazine\"},\"image\":{\"@id\":\"https:\/\/socialdesignmagazine.com\/mag\/#\/schema\/logo\/image\/\"},\"sameAs\":[\"https:\/\/www.facebook.com\/socialdesignmag\",\"https:\/\/x.com\/socialdesignmag\",\"http:\/\/instagram.com\/social_design_magazine\/\",\"http:\/\/pinterest.com\/socialdesignmag\/\",\"http:\/\/www.youtube.com\/user\/socialdesignmagazine\"]},{\"@type\":\"Person\",\"@id\":\"https:\/\/socialdesignmagazine.com\/mag\/#\/schema\/person\/61e20205cc363c315e6aabd33a045846\",\"name\":\"Benedetto Fiori\",\"image\":{\"@type\":\"ImageObject\",\"inLanguage\":\"it-IT\",\"@id\":\"https:\/\/secure.gravatar.com\/avatar\/450a48cefa36da63d920ad70aa660bd10725b1c6093800242e5efdb397759033?s=96&d=mm&r=g\",\"url\":\"https:\/\/secure.gravatar.com\/avatar\/450a48cefa36da63d920ad70aa660bd10725b1c6093800242e5efdb397759033?s=96&d=mm&r=g\",\"contentUrl\":\"https:\/\/secure.gravatar.com\/avatar\/450a48cefa36da63d920ad70aa660bd10725b1c6093800242e5efdb397759033?s=96&d=mm&r=g\",\"caption\":\"Benedetto Fiori\"},\"description\":\"Web | Twitter | Facebook | Shutterstock Founder &amp; Editor in Chief di Social Design Magazine. Attratto da sempre da tutto ci\u00f2 che \u00e8 creativit\u00e0, design, architettura. Dopo aver studiato Architettura all'Universit\u00e0 di Firenze, si \u00e8 impegnato in molteplici campi: comunicazione grafica, progettazione di allestimenti fieristici, brand design, Interior Design.\",\"sameAs\":[\"http:\/\/benedettofiori.com\",\"https:\/\/www.facebook.com\/benedettofiori\",\"https:\/\/x.com\/benedettofiori\"],\"url\":\"https:\/\/socialdesignmagazine.com\/mag\/author\/benedetto\/\"}]}<\/script>\n<!-- \/ Yoast SEO plugin. -->","yoast_head_json":{"title":"Alessandro Zambelli \/ PANIEPESCI, la seduta che racchiude l'essenza di un miracolo - Social Design Magazine","description":"Alessandro Zambelli sceglie uno dei miracoli pi\u00f9 noti della tradizione cristiana - l\u2019unico descritto in tutti e quattro i Vangeli - e crea la seduta\u00a0PANIEPESCI.","robots":{"index":"index","follow":"follow","max-snippet":"max-snippet:-1","max-image-preview":"max-image-preview:large","max-video-preview":"max-video-preview:-1"},"canonical":"https:\/\/socialdesignmagazine.com\/mag\/design\/alessandro-zambelli-paniepesci-la-seduta-che-racchiude-lessenza-di-un-miracolo\/","og_locale":"it_IT","og_type":"article","og_title":"Alessandro Zambelli \/ PANIEPESCI, la seduta che racchiude l'essenza di un miracolo - Social Design Magazine","og_description":"Alessandro Zambelli sceglie uno dei miracoli pi\u00f9 noti della tradizione cristiana - l\u2019unico descritto in tutti e quattro i Vangeli - e crea la seduta\u00a0PANIEPESCI.","og_url":"http:\/\/socialdesignmagazine.com\/mag\/design\/alessandro-zambelli-paniepesci-la-seduta-che-racchiude-lessenza-di-un-miracolo\/","og_site_name":"Social Design Magazine","article_publisher":"https:\/\/www.facebook.com\/socialdesignmag","article_author":"https:\/\/www.facebook.com\/benedettofiori","article_published_time":"2013-10-17T17:46:41+00:00","article_modified_time":"2024-07-15T19:30:24+00:00","og_image":[{"width":720,"height":702,"url":"https:\/\/socialdesignmagazine.com\/mag\/wp-content\/uploads\/2013\/10\/benedetto_alessandro_zambelli_PANIEPESCI.jpg","type":"image\/jpeg"}],"author":"Benedetto Fiori","twitter_card":"summary_large_image","twitter_creator":"@benedettofiori","twitter_site":"@socialdesignmag","twitter_misc":{"Scritto da":"Benedetto Fiori","Tempo di lettura stimato":"2 minuti"},"schema":{"@context":"https:\/\/schema.org","@graph":[{"@type":"Article","@id":"https:\/\/socialdesignmagazine.com\/mag\/design\/alessandro-zambelli-paniepesci-la-seduta-che-racchiude-lessenza-di-un-miracolo\/#article","isPartOf":{"@id":"https:\/\/socialdesignmagazine.com\/mag\/design\/alessandro-zambelli-paniepesci-la-seduta-che-racchiude-lessenza-di-un-miracolo\/"},"author":{"name":"Benedetto Fiori","@id":"https:\/\/socialdesignmagazine.com\/mag\/#\/schema\/person\/61e20205cc363c315e6aabd33a045846"},"headline":"Alessandro Zambelli \/ PANIEPESCI, la seduta che racchiude l&#8217;essenza di un miracolo","datePublished":"2013-10-17T17:46:41+00:00","dateModified":"2024-07-15T19:30:24+00:00","mainEntityOfPage":{"@id":"https:\/\/socialdesignmagazine.com\/mag\/design\/alessandro-zambelli-paniepesci-la-seduta-che-racchiude-lessenza-di-un-miracolo\/"},"wordCount":226,"commentCount":0,"publisher":{"@id":"https:\/\/socialdesignmagazine.com\/mag\/#organization"},"image":{"@id":"https:\/\/socialdesignmagazine.com\/mag\/design\/alessandro-zambelli-paniepesci-la-seduta-che-racchiude-lessenza-di-un-miracolo\/#primaryimage"},"thumbnailUrl":"https:\/\/socialdesignmagazine.com\/mag\/wp-content\/uploads\/2013\/10\/benedetto_alessandro_zambelli_PANIEPESCI.jpg","keywords":["alessandro zambelli","legno","seduta"],"articleSection":["Design"],"inLanguage":"it-IT","potentialAction":[{"@type":"CommentAction","name":"Comment","target":["https:\/\/socialdesignmagazine.com\/mag\/design\/alessandro-zambelli-paniepesci-la-seduta-che-racchiude-lessenza-di-un-miracolo\/#respond"]}]},{"@type":"WebPage","@id":"https:\/\/socialdesignmagazine.com\/mag\/design\/alessandro-zambelli-paniepesci-la-seduta-che-racchiude-lessenza-di-un-miracolo\/","url":"https:\/\/socialdesignmagazine.com\/mag\/design\/alessandro-zambelli-paniepesci-la-seduta-che-racchiude-lessenza-di-un-miracolo\/","name":"Alessandro Zambelli \/ PANIEPESCI, la seduta che racchiude l'essenza di un miracolo - Social Design Magazine","isPartOf":{"@id":"https:\/\/socialdesignmagazine.com\/mag\/#website"},"primaryImageOfPage":{"@id":"https:\/\/socialdesignmagazine.com\/mag\/design\/alessandro-zambelli-paniepesci-la-seduta-che-racchiude-lessenza-di-un-miracolo\/#primaryimage"},"image":{"@id":"https:\/\/socialdesignmagazine.com\/mag\/design\/alessandro-zambelli-paniepesci-la-seduta-che-racchiude-lessenza-di-un-miracolo\/#primaryimage"},"thumbnailUrl":"https:\/\/socialdesignmagazine.com\/mag\/wp-content\/uploads\/2013\/10\/benedetto_alessandro_zambelli_PANIEPESCI.jpg","datePublished":"2013-10-17T17:46:41+00:00","dateModified":"2024-07-15T19:30:24+00:00","description":"Alessandro Zambelli sceglie uno dei miracoli pi\u00f9 noti della tradizione cristiana - l\u2019unico descritto in tutti e quattro i Vangeli - e crea la seduta\u00a0PANIEPESCI.","breadcrumb":{"@id":"https:\/\/socialdesignmagazine.com\/mag\/design\/alessandro-zambelli-paniepesci-la-seduta-che-racchiude-lessenza-di-un-miracolo\/#breadcrumb"},"inLanguage":"it-IT","potentialAction":[{"@type":"ReadAction","target":["https:\/\/socialdesignmagazine.com\/mag\/design\/alessandro-zambelli-paniepesci-la-seduta-che-racchiude-lessenza-di-un-miracolo\/"]}]},{"@type":"ImageObject","inLanguage":"it-IT","@id":"https:\/\/socialdesignmagazine.com\/mag\/design\/alessandro-zambelli-paniepesci-la-seduta-che-racchiude-lessenza-di-un-miracolo\/#primaryimage","url":"https:\/\/socialdesignmagazine.com\/mag\/wp-content\/uploads\/2013\/10\/benedetto_alessandro_zambelli_PANIEPESCI.jpg","contentUrl":"https:\/\/socialdesignmagazine.com\/mag\/wp-content\/uploads\/2013\/10\/benedetto_alessandro_zambelli_PANIEPESCI.jpg","width":720,"height":702,"caption":"PANIEPESCI"},{"@type":"BreadcrumbList","@id":"https:\/\/socialdesignmagazine.com\/mag\/design\/alessandro-zambelli-paniepesci-la-seduta-che-racchiude-lessenza-di-un-miracolo\/#breadcrumb","itemListElement":[{"@type":"ListItem","position":1,"name":"Home","item":"https:\/\/socialdesignmagazine.com\/mag\/"},{"@type":"ListItem","position":2,"name":"Design","item":"https:\/\/socialdesignmagazine.com\/mag\/design\/"},{"@type":"ListItem","position":3,"name":"Alessandro Zambelli \/ PANIEPESCI, la seduta che racchiude l&#8217;essenza di un miracolo"}]},{"@type":"WebSite","@id":"https:\/\/socialdesignmagazine.com\/mag\/#website","url":"https:\/\/socialdesignmagazine.com\/mag\/","name":"Social Design Magazine","description":"Social Magazine su Design, Architettura, Arte, Grafica","publisher":{"@id":"https:\/\/socialdesignmagazine.com\/mag\/#organization"},"potentialAction":[{"@type":"SearchAction","target":{"@type":"EntryPoint","urlTemplate":"https:\/\/socialdesignmagazine.com\/mag\/?s={search_term_string}"},"query-input":{"@type":"PropertyValueSpecification","valueRequired":true,"valueName":"search_term_string"}}],"inLanguage":"it-IT"},{"@type":"Organization","@id":"https:\/\/socialdesignmagazine.com\/mag\/#organization","name":"Social Design Magazine","url":"https:\/\/socialdesignmagazine.com\/mag\/","logo":{"@type":"ImageObject","inLanguage":"it-IT","@id":"https:\/\/socialdesignmagazine.com\/mag\/#\/schema\/logo\/image\/","url":"https:\/\/socialdesignmagazine.com\/mag\/wp-content\/uploads\/2017\/01\/logo_favicon_11.png","contentUrl":"https:\/\/socialdesignmagazine.com\/mag\/wp-content\/uploads\/2017\/01\/logo_favicon_11.png","width":1024,"height":1024,"caption":"Social Design Magazine"},"image":{"@id":"https:\/\/socialdesignmagazine.com\/mag\/#\/schema\/logo\/image\/"},"sameAs":["https:\/\/www.facebook.com\/socialdesignmag","https:\/\/x.com\/socialdesignmag","http:\/\/instagram.com\/social_design_magazine\/","http:\/\/pinterest.com\/socialdesignmag\/","http:\/\/www.youtube.com\/user\/socialdesignmagazine"]},{"@type":"Person","@id":"https:\/\/socialdesignmagazine.com\/mag\/#\/schema\/person\/61e20205cc363c315e6aabd33a045846","name":"Benedetto Fiori","image":{"@type":"ImageObject","inLanguage":"it-IT","@id":"https:\/\/secure.gravatar.com\/avatar\/450a48cefa36da63d920ad70aa660bd10725b1c6093800242e5efdb397759033?s=96&d=mm&r=g","url":"https:\/\/secure.gravatar.com\/avatar\/450a48cefa36da63d920ad70aa660bd10725b1c6093800242e5efdb397759033?s=96&d=mm&r=g","contentUrl":"https:\/\/secure.gravatar.com\/avatar\/450a48cefa36da63d920ad70aa660bd10725b1c6093800242e5efdb397759033?s=96&d=mm&r=g","caption":"Benedetto Fiori"},"description":"Web | Twitter | Facebook | Shutterstock Founder &amp; Editor in Chief di Social Design Magazine. Attratto da sempre da tutto ci\u00f2 che \u00e8 creativit\u00e0, design, architettura. Dopo aver studiato Architettura all'Universit\u00e0 di Firenze, si \u00e8 impegnato in molteplici campi: comunicazione grafica, progettazione di allestimenti fieristici, brand design, Interior Design.","sameAs":["http:\/\/benedettofiori.com","https:\/\/www.facebook.com\/benedettofiori","https:\/\/x.com\/benedettofiori"],"url":"https:\/\/socialdesignmagazine.com\/mag\/author\/benedetto\/"}]}},"jetpack_featured_media_url":"https:\/\/socialdesignmagazine.com\/mag\/wp-content\/uploads\/2013\/10\/benedetto_alessandro_zambelli_PANIEPESCI.jpg","jetpack_sharing_enabled":true,"jetpack_shortlink":"https:\/\/wp.me\/p6cV7V-CX","gt_translate_keys":[{"key":"link","format":"url"}],"_links":{"self":[{"href":"https:\/\/socialdesignmagazine.com\/mag\/wp-json\/wp\/v2\/posts\/2415","targetHints":{"allow":["GET"]}}],"collection":[{"href":"https:\/\/socialdesignmagazine.com\/mag\/wp-json\/wp\/v2\/posts"}],"about":[{"href":"https:\/\/socialdesignmagazine.com\/mag\/wp-json\/wp\/v2\/types\/post"}],"author":[{"embeddable":true,"href":"https:\/\/socialdesignmagazine.com\/mag\/wp-json\/wp\/v2\/users\/1"}],"replies":[{"embeddable":true,"href":"https:\/\/socialdesignmagazine.com\/mag\/wp-json\/wp\/v2\/comments?post=2415"}],"version-history":[{"count":1,"href":"https:\/\/socialdesignmagazine.com\/mag\/wp-json\/wp\/v2\/posts\/2415\/revisions"}],"predecessor-version":[{"id":62597,"href":"https:\/\/socialdesignmagazine.com\/mag\/wp-json\/wp\/v2\/posts\/2415\/revisions\/62597"}],"wp:featuredmedia":[{"embeddable":true,"href":"https:\/\/socialdesignmagazine.com\/mag\/wp-json\/wp\/v2\/media\/14103"}],"wp:attachment":[{"href":"https:\/\/socialdesignmagazine.com\/mag\/wp-json\/wp\/v2\/media?parent=2415"}],"wp:term":[{"taxonomy":"category","embeddable":true,"href":"https:\/\/socialdesignmagazine.com\/mag\/wp-json\/wp\/v2\/categories?post=2415"},{"taxonomy":"post_tag","embeddable":true,"href":"https:\/\/socialdesignmagazine.com\/mag\/wp-json\/wp\/v2\/tags?post=2415"}],"curies":[{"name":"wp","href":"https:\/\/api.w.org\/{rel}","templated":true}]}}