{"id":2418,"date":"2013-10-21T14:26:29","date_gmt":"2013-10-21T12:26:29","guid":{"rendered":"https:\/\/socialdesignmagazine.com\/mag\/s6-design\/c43-design-news\/a-casa-castiglioni-progetti-che-hanno-fatto-la-storia-del-design-a-palermo-sino-al-27-ottobre-2013\/"},"modified":"2024-07-15T21:33:51","modified_gmt":"2024-07-15T19:33:51","slug":"a-casa-castiglioni-progetti-che-hanno-fatto-la-storia-del-design-a-palermo-sino-al-27-ottobre-2013","status":"publish","type":"post","link":"https:\/\/socialdesignmagazine.com\/mag\/news\/design-news\/a-casa-castiglioni-progetti-che-hanno-fatto-la-storia-del-design-a-palermo-sino-al-27-ottobre-2013\/","title":{"rendered":"\u201cA casa Castiglioni\u201d progetti che hanno fatto la storia del design, a Palermo sino al 27 ottobre 2013","gt_translate_keys":[{"key":"rendered","format":"text"}]},"content":{"rendered":"\n<p>L\u2019esposizione mira a raccontare, attraverso un allestimento semplice, dinamico, interattivo, alcuni dei progetti che hanno fatto la storia del design italiano.&nbsp;<strong>In mostra gli oggetti ideati per la vita quotidiana, inseriti nel loro reale contesto di utilizzo. Lo spazio, allestito come un vero e proprio alloggio abitativo, viene vissuto piu\u0300 che contemplato, perche\u0301 ogni oggetto ha un posto preciso, progettato per quella specifica funzione.<\/strong><\/p>\n\n\n\n<p>Si potranno ammirare gli oggetti per la casa progettati per Alessi come il semplice cucchiaio per la maionese \u201cSleek\u201d, gli apparecchi illuminanti disegnati per Flos come l\u2019intramontabile lampada \u201cArco\u201d, gli utili tavolini \u201cMate\u201d e \u201cMini Mate\u201d per De Padova sulle note della musica diffusa dallo storico radiofonografo RR226. Non manchera\u0300 un oggetto entrato nelle case di tutti: l\u2019interruttore della VLM di cui Castiglioni era particolarmente orgoglioso.<\/p>\n\n\n\n<p>Saranno in mostra alcuni progetti autoprodotti, in edizione limitata, dalla Fondazione Achille Castiglioni come il tavolino \u201cCacciavite\u201d, un \u201cgrembiule da lavoro\u201d e oggetti prodotti in collaborazione con Alessi.<br>L\u2019opening della mostra e\u0300 preceduto da una conferenza cui parteciperanno la figlia del noto designer, <strong>Giovanna Castiglioni<\/strong>,&nbsp;e&nbsp;<strong>Marco Marzini<\/strong>&nbsp;che lavorano nello studio, trasformato in museo, per continuare a condividere un metodo di progettazione e di vita.<\/p>\n\n\n\n<p>Grazie all\u2019organizzazione di I-design e alla collaborazione di Oikos, sara\u0300 possibile seguire una performance di \u201clive-panting\u201d coinvolgendo artisti palermitani che saranno chiamati a interpretare \u201cil componente principale di progettazione\u201d tanto amato dall\u2019architetto. Il ricavato della vendita delle opere degli artisti coinvolti andra\u0300 alla Fondazione Achille Castiglioni perche\u0301 la Sicilia si dimostri, ancora una volta, molto vicina alla salvaguardia della cultura e al sostegno di questa.<\/p>\n\n\n\n<p>\u201cA casa Castiglioni\u201d e\u0300 una mostra a cura dalla Fondazione Achille Castiglioni e sara\u0300 visitabile a Palermo sino al 27 ottobre 2013 e da novembre a Milano, negli spazi della Fondazione Achille Castiglioni, in piazza Castello 27.<\/p>\n","protected":false,"gt_translate_keys":[{"key":"rendered","format":"html"}]},"excerpt":{"rendered":"<p>L\u2019esposizione mira a raccontare, attraverso un allestimento semplice, dinamico, interattivo, alcuni dei progetti che hanno fatto la storia del design italiano.<\/p>\n","protected":false,"gt_translate_keys":[{"key":"rendered","format":"html"}]},"author":1,"featured_media":14111,"comment_status":"open","ping_status":"open","sticky":false,"template":"","format":"standard","meta":{"jetpack_post_was_ever_published":false,"_jetpack_newsletter_access":"","_jetpack_dont_email_post_to_subs":false,"_jetpack_newsletter_tier_id":0,"_jetpack_memberships_contains_paywalled_content":false,"_jetpack_memberships_contains_paid_content":false,"footnotes":"","_wpscppro_dont_share_socialmedia":false,"_wpscppro_custom_social_share_image":0,"_facebook_share_type":"","_twitter_share_type":"","_linkedin_share_type":"","_pinterest_share_type":"","_linkedin_share_type_page":"","_instagram_share_type":"","_medium_share_type":"","_threads_share_type":"","_google_business_share_type":"","_selected_social_profile":[],"_wpsp_enable_custom_social_template":false,"_wpsp_social_scheduling":{"enabled":false,"datetime":null,"platforms":[],"status":"template_only","dateOption":"today","timeOption":"now","customDays":"","customHours":"","customDate":"","customTime":"","schedulingType":"absolute"},"_wpsp_active_default_template":true},"categories":[17],"tags":[3094,1879,3484],"class_list":["post-2418","post","type-post","status-publish","format-standard","has-post-thumbnail","hentry","category-design-news","tag-achille-castiglioni","tag-exibition","tag-palermo"],"yoast_head":"<!-- This site is optimized with the Yoast SEO plugin v27.2 - https:\/\/yoast.com\/product\/yoast-seo-wordpress\/ -->\n<title>\u201cA casa Castiglioni\u201d progetti che hanno fatto la storia del design, a Palermo sino al 27 ottobre 2013 - Social Design Magazine<\/title>\n<meta name=\"description\" content=\"L\u2019esposizione mira a raccontare, attraverso un allestimento semplice, dinamico, interattivo, alcuni dei progetti che hanno fatto la storia del design italiano.\" \/>\n<meta name=\"robots\" content=\"index, follow, max-snippet:-1, max-image-preview:large, max-video-preview:-1\" \/>\n<link rel=\"canonical\" href=\"https:\/\/socialdesignmagazine.com\/mag\/news\/design-news\/a-casa-castiglioni-progetti-che-hanno-fatto-la-storia-del-design-a-palermo-sino-al-27-ottobre-2013\/\" \/>\n<meta property=\"og:locale\" content=\"it_IT\" \/>\n<meta property=\"og:type\" content=\"article\" \/>\n<meta property=\"og:title\" content=\"\u201cA casa Castiglioni\u201d progetti che hanno fatto la storia del design, a Palermo sino al 27 ottobre 2013 - Social Design Magazine\" \/>\n<meta property=\"og:description\" content=\"L\u2019esposizione mira a raccontare, attraverso un allestimento semplice, dinamico, interattivo, alcuni dei progetti che hanno fatto la storia del design italiano.\" \/>\n<meta property=\"og:url\" content=\"http:\/\/socialdesignmagazine.com\/mag\/news\/design-news\/a-casa-castiglioni-progetti-che-hanno-fatto-la-storia-del-design-a-palermo-sino-al-27-ottobre-2013\/\" \/>\n<meta property=\"og:site_name\" content=\"Social Design Magazine\" \/>\n<meta property=\"article:publisher\" content=\"https:\/\/www.facebook.com\/socialdesignmag\" \/>\n<meta property=\"article:author\" content=\"https:\/\/www.facebook.com\/benedettofiori\" \/>\n<meta property=\"article:published_time\" content=\"2013-10-21T12:26:29+00:00\" \/>\n<meta property=\"article:modified_time\" content=\"2024-07-15T19:33:51+00:00\" \/>\n<meta property=\"og:image\" content=\"https:\/\/socialdesignmagazine.com\/mag\/wp-content\/uploads\/2013\/10\/benedetto_castiglioni_casa_castiglioni_invito_A_Casa_Castiglioni_Palermo.jpg\" \/>\n\t<meta property=\"og:image:width\" content=\"720\" \/>\n\t<meta property=\"og:image:height\" content=\"576\" \/>\n\t<meta property=\"og:image:type\" content=\"image\/jpeg\" \/>\n<meta name=\"author\" content=\"Benedetto Fiori\" \/>\n<meta name=\"twitter:card\" content=\"summary_large_image\" \/>\n<meta name=\"twitter:creator\" content=\"@benedettofiori\" \/>\n<meta name=\"twitter:site\" content=\"@socialdesignmag\" \/>\n<meta name=\"twitter:label1\" content=\"Scritto da\" \/>\n\t<meta name=\"twitter:data1\" content=\"Benedetto Fiori\" \/>\n\t<meta name=\"twitter:label2\" content=\"Tempo di lettura stimato\" \/>\n\t<meta name=\"twitter:data2\" content=\"2 minuti\" \/>\n<script type=\"application\/ld+json\" class=\"yoast-schema-graph\">{\"@context\":\"https:\/\/schema.org\",\"@graph\":[{\"@type\":\"Article\",\"@id\":\"https:\/\/socialdesignmagazine.com\/mag\/news\/design-news\/a-casa-castiglioni-progetti-che-hanno-fatto-la-storia-del-design-a-palermo-sino-al-27-ottobre-2013\/#article\",\"isPartOf\":{\"@id\":\"https:\/\/socialdesignmagazine.com\/mag\/news\/design-news\/a-casa-castiglioni-progetti-che-hanno-fatto-la-storia-del-design-a-palermo-sino-al-27-ottobre-2013\/\"},\"author\":{\"name\":\"Benedetto Fiori\",\"@id\":\"https:\/\/socialdesignmagazine.com\/mag\/#\/schema\/person\/61e20205cc363c315e6aabd33a045846\"},\"headline\":\"\u201cA casa Castiglioni\u201d progetti che hanno fatto la storia del design, a Palermo sino al 27 ottobre 2013\",\"datePublished\":\"2013-10-21T12:26:29+00:00\",\"dateModified\":\"2024-07-15T19:33:51+00:00\",\"mainEntityOfPage\":{\"@id\":\"https:\/\/socialdesignmagazine.com\/mag\/news\/design-news\/a-casa-castiglioni-progetti-che-hanno-fatto-la-storia-del-design-a-palermo-sino-al-27-ottobre-2013\/\"},\"wordCount\":321,\"commentCount\":0,\"publisher\":{\"@id\":\"https:\/\/socialdesignmagazine.com\/mag\/#organization\"},\"image\":{\"@id\":\"https:\/\/socialdesignmagazine.com\/mag\/news\/design-news\/a-casa-castiglioni-progetti-che-hanno-fatto-la-storia-del-design-a-palermo-sino-al-27-ottobre-2013\/#primaryimage\"},\"thumbnailUrl\":\"https:\/\/socialdesignmagazine.com\/mag\/wp-content\/uploads\/2013\/10\/benedetto_castiglioni_casa_castiglioni_invito_A_Casa_Castiglioni_Palermo.jpg\",\"keywords\":[\"achille castiglioni\",\"exibition\",\"palermo\"],\"articleSection\":[\"Design News\"],\"inLanguage\":\"it-IT\",\"potentialAction\":[{\"@type\":\"CommentAction\",\"name\":\"Comment\",\"target\":[\"https:\/\/socialdesignmagazine.com\/mag\/news\/design-news\/a-casa-castiglioni-progetti-che-hanno-fatto-la-storia-del-design-a-palermo-sino-al-27-ottobre-2013\/#respond\"]}]},{\"@type\":\"WebPage\",\"@id\":\"https:\/\/socialdesignmagazine.com\/mag\/news\/design-news\/a-casa-castiglioni-progetti-che-hanno-fatto-la-storia-del-design-a-palermo-sino-al-27-ottobre-2013\/\",\"url\":\"https:\/\/socialdesignmagazine.com\/mag\/news\/design-news\/a-casa-castiglioni-progetti-che-hanno-fatto-la-storia-del-design-a-palermo-sino-al-27-ottobre-2013\/\",\"name\":\"\u201cA casa Castiglioni\u201d progetti che hanno fatto la storia del design, a Palermo sino al 27 ottobre 2013 - Social Design Magazine\",\"isPartOf\":{\"@id\":\"https:\/\/socialdesignmagazine.com\/mag\/#website\"},\"primaryImageOfPage\":{\"@id\":\"https:\/\/socialdesignmagazine.com\/mag\/news\/design-news\/a-casa-castiglioni-progetti-che-hanno-fatto-la-storia-del-design-a-palermo-sino-al-27-ottobre-2013\/#primaryimage\"},\"image\":{\"@id\":\"https:\/\/socialdesignmagazine.com\/mag\/news\/design-news\/a-casa-castiglioni-progetti-che-hanno-fatto-la-storia-del-design-a-palermo-sino-al-27-ottobre-2013\/#primaryimage\"},\"thumbnailUrl\":\"https:\/\/socialdesignmagazine.com\/mag\/wp-content\/uploads\/2013\/10\/benedetto_castiglioni_casa_castiglioni_invito_A_Casa_Castiglioni_Palermo.jpg\",\"datePublished\":\"2013-10-21T12:26:29+00:00\",\"dateModified\":\"2024-07-15T19:33:51+00:00\",\"description\":\"L\u2019esposizione mira a raccontare, attraverso un allestimento semplice, dinamico, interattivo, alcuni dei progetti che hanno fatto la storia del design italiano.\",\"breadcrumb\":{\"@id\":\"https:\/\/socialdesignmagazine.com\/mag\/news\/design-news\/a-casa-castiglioni-progetti-che-hanno-fatto-la-storia-del-design-a-palermo-sino-al-27-ottobre-2013\/#breadcrumb\"},\"inLanguage\":\"it-IT\",\"potentialAction\":[{\"@type\":\"ReadAction\",\"target\":[\"https:\/\/socialdesignmagazine.com\/mag\/news\/design-news\/a-casa-castiglioni-progetti-che-hanno-fatto-la-storia-del-design-a-palermo-sino-al-27-ottobre-2013\/\"]}]},{\"@type\":\"ImageObject\",\"inLanguage\":\"it-IT\",\"@id\":\"https:\/\/socialdesignmagazine.com\/mag\/news\/design-news\/a-casa-castiglioni-progetti-che-hanno-fatto-la-storia-del-design-a-palermo-sino-al-27-ottobre-2013\/#primaryimage\",\"url\":\"https:\/\/socialdesignmagazine.com\/mag\/wp-content\/uploads\/2013\/10\/benedetto_castiglioni_casa_castiglioni_invito_A_Casa_Castiglioni_Palermo.jpg\",\"contentUrl\":\"https:\/\/socialdesignmagazine.com\/mag\/wp-content\/uploads\/2013\/10\/benedetto_castiglioni_casa_castiglioni_invito_A_Casa_Castiglioni_Palermo.jpg\",\"width\":720,\"height\":576,\"caption\":\"invito A Casa Castiglioni Palermo\"},{\"@type\":\"BreadcrumbList\",\"@id\":\"https:\/\/socialdesignmagazine.com\/mag\/news\/design-news\/a-casa-castiglioni-progetti-che-hanno-fatto-la-storia-del-design-a-palermo-sino-al-27-ottobre-2013\/#breadcrumb\",\"itemListElement\":[{\"@type\":\"ListItem\",\"position\":1,\"name\":\"Home\",\"item\":\"https:\/\/socialdesignmagazine.com\/mag\/\"},{\"@type\":\"ListItem\",\"position\":2,\"name\":\"News\",\"item\":\"https:\/\/socialdesignmagazine.com\/mag\/news\/\"},{\"@type\":\"ListItem\",\"position\":3,\"name\":\"Design News\",\"item\":\"https:\/\/socialdesignmagazine.com\/mag\/news\/design-news\/\"},{\"@type\":\"ListItem\",\"position\":4,\"name\":\"\u201cA casa Castiglioni\u201d progetti che hanno fatto la storia del design, a Palermo sino al 27 ottobre 2013\"}]},{\"@type\":\"WebSite\",\"@id\":\"https:\/\/socialdesignmagazine.com\/mag\/#website\",\"url\":\"https:\/\/socialdesignmagazine.com\/mag\/\",\"name\":\"Social Design Magazine\",\"description\":\"Social Magazine su Design, Architettura, Arte, Grafica\",\"publisher\":{\"@id\":\"https:\/\/socialdesignmagazine.com\/mag\/#organization\"},\"potentialAction\":[{\"@type\":\"SearchAction\",\"target\":{\"@type\":\"EntryPoint\",\"urlTemplate\":\"https:\/\/socialdesignmagazine.com\/mag\/?s={search_term_string}\"},\"query-input\":{\"@type\":\"PropertyValueSpecification\",\"valueRequired\":true,\"valueName\":\"search_term_string\"}}],\"inLanguage\":\"it-IT\"},{\"@type\":\"Organization\",\"@id\":\"https:\/\/socialdesignmagazine.com\/mag\/#organization\",\"name\":\"Social Design Magazine\",\"url\":\"https:\/\/socialdesignmagazine.com\/mag\/\",\"logo\":{\"@type\":\"ImageObject\",\"inLanguage\":\"it-IT\",\"@id\":\"https:\/\/socialdesignmagazine.com\/mag\/#\/schema\/logo\/image\/\",\"url\":\"https:\/\/socialdesignmagazine.com\/mag\/wp-content\/uploads\/2017\/01\/logo_favicon_11.png\",\"contentUrl\":\"https:\/\/socialdesignmagazine.com\/mag\/wp-content\/uploads\/2017\/01\/logo_favicon_11.png\",\"width\":1024,\"height\":1024,\"caption\":\"Social Design Magazine\"},\"image\":{\"@id\":\"https:\/\/socialdesignmagazine.com\/mag\/#\/schema\/logo\/image\/\"},\"sameAs\":[\"https:\/\/www.facebook.com\/socialdesignmag\",\"https:\/\/x.com\/socialdesignmag\",\"http:\/\/instagram.com\/social_design_magazine\/\",\"http:\/\/pinterest.com\/socialdesignmag\/\",\"http:\/\/www.youtube.com\/user\/socialdesignmagazine\"]},{\"@type\":\"Person\",\"@id\":\"https:\/\/socialdesignmagazine.com\/mag\/#\/schema\/person\/61e20205cc363c315e6aabd33a045846\",\"name\":\"Benedetto Fiori\",\"image\":{\"@type\":\"ImageObject\",\"inLanguage\":\"it-IT\",\"@id\":\"https:\/\/secure.gravatar.com\/avatar\/450a48cefa36da63d920ad70aa660bd10725b1c6093800242e5efdb397759033?s=96&d=mm&r=g\",\"url\":\"https:\/\/secure.gravatar.com\/avatar\/450a48cefa36da63d920ad70aa660bd10725b1c6093800242e5efdb397759033?s=96&d=mm&r=g\",\"contentUrl\":\"https:\/\/secure.gravatar.com\/avatar\/450a48cefa36da63d920ad70aa660bd10725b1c6093800242e5efdb397759033?s=96&d=mm&r=g\",\"caption\":\"Benedetto Fiori\"},\"description\":\"Web | Twitter | Facebook | Shutterstock Founder &amp; Editor in Chief di Social Design Magazine. Attratto da sempre da tutto ci\u00f2 che \u00e8 creativit\u00e0, design, architettura. Dopo aver studiato Architettura all'Universit\u00e0 di Firenze, si \u00e8 impegnato in molteplici campi: comunicazione grafica, progettazione di allestimenti fieristici, brand design, Interior Design.\",\"sameAs\":[\"http:\/\/benedettofiori.com\",\"https:\/\/www.facebook.com\/benedettofiori\",\"https:\/\/x.com\/benedettofiori\"],\"url\":\"https:\/\/socialdesignmagazine.com\/mag\/author\/benedetto\/\"}]}<\/script>\n<!-- \/ Yoast SEO plugin. -->","yoast_head_json":{"title":"\u201cA casa Castiglioni\u201d progetti che hanno fatto la storia del design, a Palermo sino al 27 ottobre 2013 - Social Design Magazine","description":"L\u2019esposizione mira a raccontare, attraverso un allestimento semplice, dinamico, interattivo, alcuni dei progetti che hanno fatto la storia del design italiano.","robots":{"index":"index","follow":"follow","max-snippet":"max-snippet:-1","max-image-preview":"max-image-preview:large","max-video-preview":"max-video-preview:-1"},"canonical":"https:\/\/socialdesignmagazine.com\/mag\/news\/design-news\/a-casa-castiglioni-progetti-che-hanno-fatto-la-storia-del-design-a-palermo-sino-al-27-ottobre-2013\/","og_locale":"it_IT","og_type":"article","og_title":"\u201cA casa Castiglioni\u201d progetti che hanno fatto la storia del design, a Palermo sino al 27 ottobre 2013 - Social Design Magazine","og_description":"L\u2019esposizione mira a raccontare, attraverso un allestimento semplice, dinamico, interattivo, alcuni dei progetti che hanno fatto la storia del design italiano.","og_url":"http:\/\/socialdesignmagazine.com\/mag\/news\/design-news\/a-casa-castiglioni-progetti-che-hanno-fatto-la-storia-del-design-a-palermo-sino-al-27-ottobre-2013\/","og_site_name":"Social Design Magazine","article_publisher":"https:\/\/www.facebook.com\/socialdesignmag","article_author":"https:\/\/www.facebook.com\/benedettofiori","article_published_time":"2013-10-21T12:26:29+00:00","article_modified_time":"2024-07-15T19:33:51+00:00","og_image":[{"width":720,"height":576,"url":"https:\/\/socialdesignmagazine.com\/mag\/wp-content\/uploads\/2013\/10\/benedetto_castiglioni_casa_castiglioni_invito_A_Casa_Castiglioni_Palermo.jpg","type":"image\/jpeg"}],"author":"Benedetto Fiori","twitter_card":"summary_large_image","twitter_creator":"@benedettofiori","twitter_site":"@socialdesignmag","twitter_misc":{"Scritto da":"Benedetto Fiori","Tempo di lettura stimato":"2 minuti"},"schema":{"@context":"https:\/\/schema.org","@graph":[{"@type":"Article","@id":"https:\/\/socialdesignmagazine.com\/mag\/news\/design-news\/a-casa-castiglioni-progetti-che-hanno-fatto-la-storia-del-design-a-palermo-sino-al-27-ottobre-2013\/#article","isPartOf":{"@id":"https:\/\/socialdesignmagazine.com\/mag\/news\/design-news\/a-casa-castiglioni-progetti-che-hanno-fatto-la-storia-del-design-a-palermo-sino-al-27-ottobre-2013\/"},"author":{"name":"Benedetto Fiori","@id":"https:\/\/socialdesignmagazine.com\/mag\/#\/schema\/person\/61e20205cc363c315e6aabd33a045846"},"headline":"\u201cA casa Castiglioni\u201d progetti che hanno fatto la storia del design, a Palermo sino al 27 ottobre 2013","datePublished":"2013-10-21T12:26:29+00:00","dateModified":"2024-07-15T19:33:51+00:00","mainEntityOfPage":{"@id":"https:\/\/socialdesignmagazine.com\/mag\/news\/design-news\/a-casa-castiglioni-progetti-che-hanno-fatto-la-storia-del-design-a-palermo-sino-al-27-ottobre-2013\/"},"wordCount":321,"commentCount":0,"publisher":{"@id":"https:\/\/socialdesignmagazine.com\/mag\/#organization"},"image":{"@id":"https:\/\/socialdesignmagazine.com\/mag\/news\/design-news\/a-casa-castiglioni-progetti-che-hanno-fatto-la-storia-del-design-a-palermo-sino-al-27-ottobre-2013\/#primaryimage"},"thumbnailUrl":"https:\/\/socialdesignmagazine.com\/mag\/wp-content\/uploads\/2013\/10\/benedetto_castiglioni_casa_castiglioni_invito_A_Casa_Castiglioni_Palermo.jpg","keywords":["achille castiglioni","exibition","palermo"],"articleSection":["Design News"],"inLanguage":"it-IT","potentialAction":[{"@type":"CommentAction","name":"Comment","target":["https:\/\/socialdesignmagazine.com\/mag\/news\/design-news\/a-casa-castiglioni-progetti-che-hanno-fatto-la-storia-del-design-a-palermo-sino-al-27-ottobre-2013\/#respond"]}]},{"@type":"WebPage","@id":"https:\/\/socialdesignmagazine.com\/mag\/news\/design-news\/a-casa-castiglioni-progetti-che-hanno-fatto-la-storia-del-design-a-palermo-sino-al-27-ottobre-2013\/","url":"https:\/\/socialdesignmagazine.com\/mag\/news\/design-news\/a-casa-castiglioni-progetti-che-hanno-fatto-la-storia-del-design-a-palermo-sino-al-27-ottobre-2013\/","name":"\u201cA casa Castiglioni\u201d progetti che hanno fatto la storia del design, a Palermo sino al 27 ottobre 2013 - Social Design Magazine","isPartOf":{"@id":"https:\/\/socialdesignmagazine.com\/mag\/#website"},"primaryImageOfPage":{"@id":"https:\/\/socialdesignmagazine.com\/mag\/news\/design-news\/a-casa-castiglioni-progetti-che-hanno-fatto-la-storia-del-design-a-palermo-sino-al-27-ottobre-2013\/#primaryimage"},"image":{"@id":"https:\/\/socialdesignmagazine.com\/mag\/news\/design-news\/a-casa-castiglioni-progetti-che-hanno-fatto-la-storia-del-design-a-palermo-sino-al-27-ottobre-2013\/#primaryimage"},"thumbnailUrl":"https:\/\/socialdesignmagazine.com\/mag\/wp-content\/uploads\/2013\/10\/benedetto_castiglioni_casa_castiglioni_invito_A_Casa_Castiglioni_Palermo.jpg","datePublished":"2013-10-21T12:26:29+00:00","dateModified":"2024-07-15T19:33:51+00:00","description":"L\u2019esposizione mira a raccontare, attraverso un allestimento semplice, dinamico, interattivo, alcuni dei progetti che hanno fatto la storia del design italiano.","breadcrumb":{"@id":"https:\/\/socialdesignmagazine.com\/mag\/news\/design-news\/a-casa-castiglioni-progetti-che-hanno-fatto-la-storia-del-design-a-palermo-sino-al-27-ottobre-2013\/#breadcrumb"},"inLanguage":"it-IT","potentialAction":[{"@type":"ReadAction","target":["https:\/\/socialdesignmagazine.com\/mag\/news\/design-news\/a-casa-castiglioni-progetti-che-hanno-fatto-la-storia-del-design-a-palermo-sino-al-27-ottobre-2013\/"]}]},{"@type":"ImageObject","inLanguage":"it-IT","@id":"https:\/\/socialdesignmagazine.com\/mag\/news\/design-news\/a-casa-castiglioni-progetti-che-hanno-fatto-la-storia-del-design-a-palermo-sino-al-27-ottobre-2013\/#primaryimage","url":"https:\/\/socialdesignmagazine.com\/mag\/wp-content\/uploads\/2013\/10\/benedetto_castiglioni_casa_castiglioni_invito_A_Casa_Castiglioni_Palermo.jpg","contentUrl":"https:\/\/socialdesignmagazine.com\/mag\/wp-content\/uploads\/2013\/10\/benedetto_castiglioni_casa_castiglioni_invito_A_Casa_Castiglioni_Palermo.jpg","width":720,"height":576,"caption":"invito A Casa Castiglioni Palermo"},{"@type":"BreadcrumbList","@id":"https:\/\/socialdesignmagazine.com\/mag\/news\/design-news\/a-casa-castiglioni-progetti-che-hanno-fatto-la-storia-del-design-a-palermo-sino-al-27-ottobre-2013\/#breadcrumb","itemListElement":[{"@type":"ListItem","position":1,"name":"Home","item":"https:\/\/socialdesignmagazine.com\/mag\/"},{"@type":"ListItem","position":2,"name":"News","item":"https:\/\/socialdesignmagazine.com\/mag\/news\/"},{"@type":"ListItem","position":3,"name":"Design News","item":"https:\/\/socialdesignmagazine.com\/mag\/news\/design-news\/"},{"@type":"ListItem","position":4,"name":"\u201cA casa Castiglioni\u201d progetti che hanno fatto la storia del design, a Palermo sino al 27 ottobre 2013"}]},{"@type":"WebSite","@id":"https:\/\/socialdesignmagazine.com\/mag\/#website","url":"https:\/\/socialdesignmagazine.com\/mag\/","name":"Social Design Magazine","description":"Social Magazine su Design, Architettura, Arte, Grafica","publisher":{"@id":"https:\/\/socialdesignmagazine.com\/mag\/#organization"},"potentialAction":[{"@type":"SearchAction","target":{"@type":"EntryPoint","urlTemplate":"https:\/\/socialdesignmagazine.com\/mag\/?s={search_term_string}"},"query-input":{"@type":"PropertyValueSpecification","valueRequired":true,"valueName":"search_term_string"}}],"inLanguage":"it-IT"},{"@type":"Organization","@id":"https:\/\/socialdesignmagazine.com\/mag\/#organization","name":"Social Design Magazine","url":"https:\/\/socialdesignmagazine.com\/mag\/","logo":{"@type":"ImageObject","inLanguage":"it-IT","@id":"https:\/\/socialdesignmagazine.com\/mag\/#\/schema\/logo\/image\/","url":"https:\/\/socialdesignmagazine.com\/mag\/wp-content\/uploads\/2017\/01\/logo_favicon_11.png","contentUrl":"https:\/\/socialdesignmagazine.com\/mag\/wp-content\/uploads\/2017\/01\/logo_favicon_11.png","width":1024,"height":1024,"caption":"Social Design Magazine"},"image":{"@id":"https:\/\/socialdesignmagazine.com\/mag\/#\/schema\/logo\/image\/"},"sameAs":["https:\/\/www.facebook.com\/socialdesignmag","https:\/\/x.com\/socialdesignmag","http:\/\/instagram.com\/social_design_magazine\/","http:\/\/pinterest.com\/socialdesignmag\/","http:\/\/www.youtube.com\/user\/socialdesignmagazine"]},{"@type":"Person","@id":"https:\/\/socialdesignmagazine.com\/mag\/#\/schema\/person\/61e20205cc363c315e6aabd33a045846","name":"Benedetto Fiori","image":{"@type":"ImageObject","inLanguage":"it-IT","@id":"https:\/\/secure.gravatar.com\/avatar\/450a48cefa36da63d920ad70aa660bd10725b1c6093800242e5efdb397759033?s=96&d=mm&r=g","url":"https:\/\/secure.gravatar.com\/avatar\/450a48cefa36da63d920ad70aa660bd10725b1c6093800242e5efdb397759033?s=96&d=mm&r=g","contentUrl":"https:\/\/secure.gravatar.com\/avatar\/450a48cefa36da63d920ad70aa660bd10725b1c6093800242e5efdb397759033?s=96&d=mm&r=g","caption":"Benedetto Fiori"},"description":"Web | Twitter | Facebook | Shutterstock Founder &amp; Editor in Chief di Social Design Magazine. Attratto da sempre da tutto ci\u00f2 che \u00e8 creativit\u00e0, design, architettura. Dopo aver studiato Architettura all'Universit\u00e0 di Firenze, si \u00e8 impegnato in molteplici campi: comunicazione grafica, progettazione di allestimenti fieristici, brand design, Interior Design.","sameAs":["http:\/\/benedettofiori.com","https:\/\/www.facebook.com\/benedettofiori","https:\/\/x.com\/benedettofiori"],"url":"https:\/\/socialdesignmagazine.com\/mag\/author\/benedetto\/"}]}},"jetpack_featured_media_url":"https:\/\/socialdesignmagazine.com\/mag\/wp-content\/uploads\/2013\/10\/benedetto_castiglioni_casa_castiglioni_invito_A_Casa_Castiglioni_Palermo.jpg","jetpack_sharing_enabled":true,"jetpack_shortlink":"https:\/\/wp.me\/p6cV7V-D0","gt_translate_keys":[{"key":"link","format":"url"}],"_links":{"self":[{"href":"https:\/\/socialdesignmagazine.com\/mag\/wp-json\/wp\/v2\/posts\/2418","targetHints":{"allow":["GET"]}}],"collection":[{"href":"https:\/\/socialdesignmagazine.com\/mag\/wp-json\/wp\/v2\/posts"}],"about":[{"href":"https:\/\/socialdesignmagazine.com\/mag\/wp-json\/wp\/v2\/types\/post"}],"author":[{"embeddable":true,"href":"https:\/\/socialdesignmagazine.com\/mag\/wp-json\/wp\/v2\/users\/1"}],"replies":[{"embeddable":true,"href":"https:\/\/socialdesignmagazine.com\/mag\/wp-json\/wp\/v2\/comments?post=2418"}],"version-history":[{"count":1,"href":"https:\/\/socialdesignmagazine.com\/mag\/wp-json\/wp\/v2\/posts\/2418\/revisions"}],"predecessor-version":[{"id":62601,"href":"https:\/\/socialdesignmagazine.com\/mag\/wp-json\/wp\/v2\/posts\/2418\/revisions\/62601"}],"wp:featuredmedia":[{"embeddable":true,"href":"https:\/\/socialdesignmagazine.com\/mag\/wp-json\/wp\/v2\/media\/14111"}],"wp:attachment":[{"href":"https:\/\/socialdesignmagazine.com\/mag\/wp-json\/wp\/v2\/media?parent=2418"}],"wp:term":[{"taxonomy":"category","embeddable":true,"href":"https:\/\/socialdesignmagazine.com\/mag\/wp-json\/wp\/v2\/categories?post=2418"},{"taxonomy":"post_tag","embeddable":true,"href":"https:\/\/socialdesignmagazine.com\/mag\/wp-json\/wp\/v2\/tags?post=2418"}],"curies":[{"name":"wp","href":"https:\/\/api.w.org\/{rel}","templated":true}]}}