{"id":2420,"date":"2013-10-22T10:44:24","date_gmt":"2013-10-22T08:44:24","guid":{"rendered":"https:\/\/socialdesignmagazine.com\/mag\/s5-architettura\/c34-architettura\/victor-vasilev-ristrutturazione-in-chiave-contemporanea-di-una-costruzione-anni-90-ad-avenza-carrara\/"},"modified":"2024-07-15T21:38:42","modified_gmt":"2024-07-15T19:38:42","slug":"victor-vasilev-ristrutturazione-in-chiave-contemporanea-di-una-costruzione-anni-90-ad-avenza-carrara","status":"publish","type":"post","link":"https:\/\/socialdesignmagazine.com\/mag\/architettura\/victor-vasilev-ristrutturazione-in-chiave-contemporanea-di-una-costruzione-anni-90-ad-avenza-carrara\/","title":{"rendered":"Victor Vasilev \/ ristrutturazione in chiave contemporanea di una costruzione anni &#8217;90 ad Avenza Carrara","gt_translate_keys":[{"key":"rendered","format":"text"}]},"content":{"rendered":"\n<p><a class=\"jcepopup\" href=\"http:\/\/www.victorvasilev.com\" target=\"_blank\" rel=\"nofollow noopener\"><strong>Victor Vasilev<\/strong><\/a> Architetto e Designer di origine bulgara e milanese di adozione si \u00e8 recentemente occupato della <strong>ristrutturazione di una <\/strong><strong>costruzione anni &#8217;90 sita ad Avenza Carrara<\/strong>, in provincia di Massa Carrara, con la collaborazione di Mattia Susani, Valerio Pascuzzi e Mauro Soldati.<\/p>\n\n\n\n<p>Dall&#8217;originale costruzione, piuttosto anonima, il committente desiderava poter ricreare <strong>un ambiente essenziale e contemporaneo che fornisse tutti i confort&nbsp; seppur&nbsp; in&nbsp; uno&nbsp; spazio semplice e minimal.<\/strong><\/p>\n\n\n\n<p>Dopo accurate analisi e valutazioni, l&#8217;architetto Victor Vasilev ha ridato identit\u00e0 e personalit\u00e0 all&#8217;edificio, riuscendo a unire complessit\u00e0 tecnologica e pulizia formale. Sotto la guida della geometria, materia, luce e funzioni sono state fuse in uno spazio nel quale nulla \u00e8 lasciato al caso e dove la cura del dettaglio emerge con forza, conferendo all&#8217;unit\u00e0 abitativa un&#8217;indiscutibile coerenza visiva e pratica.<\/p>\n\n\n<div class=\"wp-block-image\">\n<figure class=\"aligncenter\"><img loading=\"lazy\" decoding=\"async\" width=\"720\" height=\"418\" data-attachment-id=\"14120\" data-permalink=\"https:\/\/socialdesignmagazine.com\/mag\/architettura\/victor-vasilev-ristrutturazione-in-chiave-contemporanea-di-una-costruzione-anni-90-ad-avenza-carrara\/attachment\/vasilev-carrara5\/#content\" data-orig-file=\"https:\/\/socialdesignmagazine.com\/mag\/wp-content\/uploads\/2013\/10\/benedetto_victor_vasilev_avenza_carrara_Vasilev_Carrara5.jpg\" data-orig-size=\"720,418\" data-comments-opened=\"1\" data-image-meta=\"{&quot;aperture&quot;:&quot;8&quot;,&quot;credit&quot;:&quot;Adriano Pecchio&quot;,&quot;camera&quot;:&quot;Hasselblad H3DII-39&quot;,&quot;caption&quot;:&quot;&quot;,&quot;created_timestamp&quot;:&quot;1299263394&quot;,&quot;copyright&quot;:&quot;\\u00a9 photo adriano pecchio&quot;,&quot;focal_length&quot;:&quot;28&quot;,&quot;iso&quot;:&quot;50&quot;,&quot;shutter_speed&quot;:&quot;5&quot;,&quot;title&quot;:&quot;&quot;,&quot;orientation&quot;:&quot;1&quot;}\" data-image-title=\"Vasilev Carrara5\" data-image-description=\"\" data-image-caption=\"\" data-medium-file=\"https:\/\/socialdesignmagazine.com\/mag\/wp-content\/uploads\/2013\/10\/benedetto_victor_vasilev_avenza_carrara_Vasilev_Carrara5-396x256.jpg\" data-large-file=\"https:\/\/socialdesignmagazine.com\/mag\/wp-content\/uploads\/2013\/10\/benedetto_victor_vasilev_avenza_carrara_Vasilev_Carrara5.jpg\" src=\"https:\/\/socialdesignmagazine.com\/mag\/wp-content\/uploads\/2013\/10\/benedetto_victor_vasilev_avenza_carrara_Vasilev_Carrara5.jpg\" alt=\"Vasilev Carrara5\" class=\"wp-image-14120\"\/><\/figure>\n<\/div>\n\n<div class=\"wp-block-image\">\n<figure class=\"aligncenter\"><img loading=\"lazy\" decoding=\"async\" width=\"720\" height=\"533\" data-attachment-id=\"14121\" data-permalink=\"https:\/\/socialdesignmagazine.com\/mag\/architettura\/victor-vasilev-ristrutturazione-in-chiave-contemporanea-di-una-costruzione-anni-90-ad-avenza-carrara\/attachment\/vasilev-carrara18\/#content\" data-orig-file=\"https:\/\/socialdesignmagazine.com\/mag\/wp-content\/uploads\/2013\/10\/benedetto_victor_vasilev_avenza_carrara_Vasilev_Carrara18.jpg\" data-orig-size=\"720,533\" data-comments-opened=\"1\" data-image-meta=\"{&quot;aperture&quot;:&quot;19&quot;,&quot;credit&quot;:&quot;Studio AR di Adriano Pecchio&quot;,&quot;camera&quot;:&quot;Hasselblad H3DII-39&quot;,&quot;caption&quot;:&quot;&quot;,&quot;created_timestamp&quot;:&quot;1297767687&quot;,&quot;copyright&quot;:&quot;\\u00a9 adriano pecchio&quot;,&quot;focal_length&quot;:&quot;28&quot;,&quot;iso&quot;:&quot;50&quot;,&quot;shutter_speed&quot;:&quot;0.125&quot;,&quot;title&quot;:&quot;&quot;,&quot;orientation&quot;:&quot;1&quot;}\" data-image-title=\"Vasilev Carrara18\" data-image-description=\"\" data-image-caption=\"\" data-medium-file=\"https:\/\/socialdesignmagazine.com\/mag\/wp-content\/uploads\/2013\/10\/benedetto_victor_vasilev_avenza_carrara_Vasilev_Carrara18-396x256.jpg\" data-large-file=\"https:\/\/socialdesignmagazine.com\/mag\/wp-content\/uploads\/2013\/10\/benedetto_victor_vasilev_avenza_carrara_Vasilev_Carrara18.jpg\" src=\"https:\/\/socialdesignmagazine.com\/mag\/wp-content\/uploads\/2013\/10\/benedetto_victor_vasilev_avenza_carrara_Vasilev_Carrara18.jpg\" alt=\"Vasilev Carrara18\" class=\"wp-image-14121\"\/><\/figure>\n<\/div>\n\n\n<p><strong>La casa \u00e8 distribuita su tre livelli.<\/strong><br>Al piano terra si apre la zona giorno. In questo spazio gli ambienti del soggiorno, della sala da pranzo e della cucina confluiscono l\u2019uno nell\u2019altro senza soluzioni di continuit\u00e0. Gli originali dislivelli strutturali diventano quindi un\u2019occasione unica che l&#8217;architetto Vasilev sfrutta&nbsp; per proporre sistemi scultorei funzionali, i quali mirano a esaltare le qualit\u00e0 della pietra usata per i rivestimenti. Altrettanto chiara la scelta dei materiali utilizzati: travertino classico, teak e marmo nero. La luce indiretta completa il disegno finale, creando un drappeggio unico nel suo genere.<\/p>\n\n\n\n<p>Una serie di gradoni in pietra naturale, che paiono come sospesi nell&#8217;aria, conducono al <strong>primo piano<\/strong>, dove si trova la zona notte. La camera padronale \u00e8 uno spazio di 40 mq nel quale non c\u2019\u00e8 una separazione netta con il bagno e la cabina armadio. Il sapiente uso delle quinte murarie, oltre a garantire una diffusione omogenea della luce artificiale, garantisce l\u2019intimit\u00e0 funzionale delle differenti zone. Nel bagno la panca in travertino \u00e8 l\u2019elemento che meglio rappresenta la continuit\u00e0 spaziale. Il lavandino doppio che vi \u00e8 appoggiato \u00e8 stato realizzato su misura per poter &#8220;liberare&#8221; la vista dall\u2019ingombrante presenza di rubinetti e degli accessori.<\/p>\n\n\n\n<p><strong>Il piano interrato<\/strong>, infine, \u00e8 dedicato al relax: qui si trovano la zona audio&amp;video e uno spazio riservato al benessere. L\u2019ampia scalinata conduce a una mini piscina, da subito la protagonista assoluta di questo spazio. Inserita nel pavimento, \u00e8 delimitata da una &#8220;gola&#8221; per la raccolta dell\u2019acqua e dispone di un sofisticato sistema di idromassaggio. Lo spazio \u00e8 dotato inoltre di un hamam e di una doppia doccia.<\/p>\n\n\n\n<p><strong><em>\u00abI committenti spesso &#8211; afferma l&#8217;architetto Victor Vasilev &#8211; vivono nel timore di trovarsi in qualche modo &#8220;costretti&#8221; a rinunciare al loro modo di vivere per poter entrare nel tempio dell\u2019architettura domestica. Io credo che la riuscita del progetto stia proprio nella capacit\u00e0 di trovare soluzioni funzionali ed estetiche a tutte le esigenze e che, soprattutto, possano durare nel tempo\u00bb.<\/em><\/strong><\/p>\n\n\n<div class=\"wp-block-image\">\n<figure class=\"aligncenter\"><img loading=\"lazy\" decoding=\"async\" width=\"720\" height=\"710\" data-attachment-id=\"14122\" data-permalink=\"https:\/\/socialdesignmagazine.com\/mag\/architettura\/victor-vasilev-ristrutturazione-in-chiave-contemporanea-di-una-costruzione-anni-90-ad-avenza-carrara\/attachment\/vasilev-carrara3\/#content\" data-orig-file=\"https:\/\/socialdesignmagazine.com\/mag\/wp-content\/uploads\/2013\/10\/benedetto_victor_vasilev_avenza_carrara_Vasilev_Carrara3.jpg\" data-orig-size=\"720,710\" data-comments-opened=\"1\" data-image-meta=\"{&quot;aperture&quot;:&quot;12&quot;,&quot;credit&quot;:&quot;Adriano Pecchio&quot;,&quot;camera&quot;:&quot;Hasselblad H3DII-39&quot;,&quot;caption&quot;:&quot;&quot;,&quot;created_timestamp&quot;:&quot;1299256398&quot;,&quot;copyright&quot;:&quot;\\u00a9 photo adriano pecchio&quot;,&quot;focal_length&quot;:&quot;80&quot;,&quot;iso&quot;:&quot;50&quot;,&quot;shutter_speed&quot;:&quot;2&quot;,&quot;title&quot;:&quot;&quot;,&quot;orientation&quot;:&quot;1&quot;}\" data-image-title=\"Vasilev Carrara3\" data-image-description=\"\" data-image-caption=\"\" data-medium-file=\"https:\/\/socialdesignmagazine.com\/mag\/wp-content\/uploads\/2013\/10\/benedetto_victor_vasilev_avenza_carrara_Vasilev_Carrara3-396x256.jpg\" data-large-file=\"https:\/\/socialdesignmagazine.com\/mag\/wp-content\/uploads\/2013\/10\/benedetto_victor_vasilev_avenza_carrara_Vasilev_Carrara3.jpg\" src=\"https:\/\/socialdesignmagazine.com\/mag\/wp-content\/uploads\/2013\/10\/benedetto_victor_vasilev_avenza_carrara_Vasilev_Carrara3.jpg\" alt=\"Vasilev Carrara3\" class=\"wp-image-14122\" srcset=\"https:\/\/socialdesignmagazine.com\/mag\/wp-content\/uploads\/2013\/10\/benedetto_victor_vasilev_avenza_carrara_Vasilev_Carrara3.jpg 720w, https:\/\/socialdesignmagazine.com\/mag\/wp-content\/uploads\/2013\/10\/benedetto_victor_vasilev_avenza_carrara_Vasilev_Carrara3-65x65.jpg 65w\" sizes=\"auto, (max-width: 720px) 100vw, 720px\" \/><\/figure>\n<\/div>\n\n<div class=\"wp-block-image\">\n<figure class=\"aligncenter\"><img loading=\"lazy\" decoding=\"async\" width=\"720\" height=\"960\" data-attachment-id=\"14123\" data-permalink=\"https:\/\/socialdesignmagazine.com\/mag\/architettura\/victor-vasilev-ristrutturazione-in-chiave-contemporanea-di-una-costruzione-anni-90-ad-avenza-carrara\/attachment\/vasilev-carrara4\/#content\" data-orig-file=\"https:\/\/socialdesignmagazine.com\/mag\/wp-content\/uploads\/2013\/10\/benedetto_victor_vasilev_avenza_carrara_Vasilev_Carrara4.jpg\" data-orig-size=\"720,960\" data-comments-opened=\"1\" data-image-meta=\"{&quot;aperture&quot;:&quot;18&quot;,&quot;credit&quot;:&quot;Adriano Pecchio&quot;,&quot;camera&quot;:&quot;Hasselblad H3DII-39&quot;,&quot;caption&quot;:&quot;&quot;,&quot;created_timestamp&quot;:&quot;1299257302&quot;,&quot;copyright&quot;:&quot;\\u00a9 photo adriano pecchio&quot;,&quot;focal_length&quot;:&quot;28&quot;,&quot;iso&quot;:&quot;100&quot;,&quot;shutter_speed&quot;:&quot;3&quot;,&quot;title&quot;:&quot;&quot;,&quot;orientation&quot;:&quot;1&quot;}\" data-image-title=\"Vasilev Carrara4\" data-image-description=\"\" data-image-caption=\"\" data-medium-file=\"https:\/\/socialdesignmagazine.com\/mag\/wp-content\/uploads\/2013\/10\/benedetto_victor_vasilev_avenza_carrara_Vasilev_Carrara4-396x256.jpg\" data-large-file=\"https:\/\/socialdesignmagazine.com\/mag\/wp-content\/uploads\/2013\/10\/benedetto_victor_vasilev_avenza_carrara_Vasilev_Carrara4.jpg\" src=\"https:\/\/socialdesignmagazine.com\/mag\/wp-content\/uploads\/2013\/10\/benedetto_victor_vasilev_avenza_carrara_Vasilev_Carrara4.jpg\" alt=\"Vasilev Carrara4\" class=\"wp-image-14123\"\/><\/figure>\n<\/div>\n\n<div class=\"wp-block-image\">\n<figure class=\"aligncenter\"><img loading=\"lazy\" decoding=\"async\" width=\"720\" height=\"894\" data-attachment-id=\"14124\" data-permalink=\"https:\/\/socialdesignmagazine.com\/mag\/architettura\/victor-vasilev-ristrutturazione-in-chiave-contemporanea-di-una-costruzione-anni-90-ad-avenza-carrara\/attachment\/vasilev-carrara6\/#content\" data-orig-file=\"https:\/\/socialdesignmagazine.com\/mag\/wp-content\/uploads\/2013\/10\/benedetto_victor_vasilev_avenza_carrara_Vasilev_Carrara6.jpg\" data-orig-size=\"720,894\" data-comments-opened=\"1\" data-image-meta=\"{&quot;aperture&quot;:&quot;18&quot;,&quot;credit&quot;:&quot;Adriano Pecchio&quot;,&quot;camera&quot;:&quot;Hasselblad H3DII-39&quot;,&quot;caption&quot;:&quot;&quot;,&quot;created_timestamp&quot;:&quot;1297763516&quot;,&quot;copyright&quot;:&quot;\\u00a9 photo adriano pecchio&quot;,&quot;focal_length&quot;:&quot;28&quot;,&quot;iso&quot;:&quot;50&quot;,&quot;shutter_speed&quot;:&quot;1.6&quot;,&quot;title&quot;:&quot;&quot;,&quot;orientation&quot;:&quot;1&quot;}\" data-image-title=\"Vasilev Carrara6\" data-image-description=\"\" data-image-caption=\"\" data-medium-file=\"https:\/\/socialdesignmagazine.com\/mag\/wp-content\/uploads\/2013\/10\/benedetto_victor_vasilev_avenza_carrara_Vasilev_Carrara6-396x256.jpg\" data-large-file=\"https:\/\/socialdesignmagazine.com\/mag\/wp-content\/uploads\/2013\/10\/benedetto_victor_vasilev_avenza_carrara_Vasilev_Carrara6.jpg\" src=\"https:\/\/socialdesignmagazine.com\/mag\/wp-content\/uploads\/2013\/10\/benedetto_victor_vasilev_avenza_carrara_Vasilev_Carrara6.jpg\" alt=\"Vasilev Carrara6\" class=\"wp-image-14124\"\/><\/figure>\n<\/div>\n\n<div class=\"wp-block-image\">\n<figure class=\"aligncenter\"><img loading=\"lazy\" decoding=\"async\" width=\"720\" height=\"540\" data-attachment-id=\"14125\" data-permalink=\"https:\/\/socialdesignmagazine.com\/mag\/architettura\/victor-vasilev-ristrutturazione-in-chiave-contemporanea-di-una-costruzione-anni-90-ad-avenza-carrara\/attachment\/vasilev-carrara7\/#content\" data-orig-file=\"https:\/\/socialdesignmagazine.com\/mag\/wp-content\/uploads\/2013\/10\/benedetto_victor_vasilev_avenza_carrara_Vasilev_Carrara7.jpg\" data-orig-size=\"720,540\" data-comments-opened=\"1\" data-image-meta=\"{&quot;aperture&quot;:&quot;19&quot;,&quot;credit&quot;:&quot;Adriano Pecchio&quot;,&quot;camera&quot;:&quot;Hasselblad H3DII-39&quot;,&quot;caption&quot;:&quot;&quot;,&quot;created_timestamp&quot;:&quot;1297764358&quot;,&quot;copyright&quot;:&quot;\\u00a9 photo adriano pecchio&quot;,&quot;focal_length&quot;:&quot;28&quot;,&quot;iso&quot;:&quot;50&quot;,&quot;shutter_speed&quot;:&quot;1.4&quot;,&quot;title&quot;:&quot;&quot;,&quot;orientation&quot;:&quot;1&quot;}\" data-image-title=\"Vasilev Carrara7\" data-image-description=\"\" data-image-caption=\"\" data-medium-file=\"https:\/\/socialdesignmagazine.com\/mag\/wp-content\/uploads\/2013\/10\/benedetto_victor_vasilev_avenza_carrara_Vasilev_Carrara7-396x256.jpg\" data-large-file=\"https:\/\/socialdesignmagazine.com\/mag\/wp-content\/uploads\/2013\/10\/benedetto_victor_vasilev_avenza_carrara_Vasilev_Carrara7.jpg\" src=\"https:\/\/socialdesignmagazine.com\/mag\/wp-content\/uploads\/2013\/10\/benedetto_victor_vasilev_avenza_carrara_Vasilev_Carrara7.jpg\" alt=\"Vasilev Carrara7\" class=\"wp-image-14125\"\/><\/figure>\n<\/div>\n\n<div class=\"wp-block-image\">\n<figure class=\"aligncenter\"><img loading=\"lazy\" decoding=\"async\" width=\"720\" height=\"949\" data-attachment-id=\"14126\" data-permalink=\"https:\/\/socialdesignmagazine.com\/mag\/architettura\/victor-vasilev-ristrutturazione-in-chiave-contemporanea-di-una-costruzione-anni-90-ad-avenza-carrara\/attachment\/vasilev-carrara8\/#content\" data-orig-file=\"https:\/\/socialdesignmagazine.com\/mag\/wp-content\/uploads\/2013\/10\/benedetto_victor_vasilev_avenza_carrara_Vasilev_Carrara8.jpg\" data-orig-size=\"720,949\" data-comments-opened=\"1\" data-image-meta=\"{&quot;aperture&quot;:&quot;19&quot;,&quot;credit&quot;:&quot;Adriano Pecchio&quot;,&quot;camera&quot;:&quot;Hasselblad H3DII-39&quot;,&quot;caption&quot;:&quot;&quot;,&quot;created_timestamp&quot;:&quot;1297768705&quot;,&quot;copyright&quot;:&quot;\\u00a9 photo adriano pecchio&quot;,&quot;focal_length&quot;:&quot;28&quot;,&quot;iso&quot;:&quot;50&quot;,&quot;shutter_speed&quot;:&quot;1&quot;,&quot;title&quot;:&quot;&quot;,&quot;orientation&quot;:&quot;1&quot;}\" data-image-title=\"Vasilev Carrara8\" data-image-description=\"\" data-image-caption=\"\" data-medium-file=\"https:\/\/socialdesignmagazine.com\/mag\/wp-content\/uploads\/2013\/10\/benedetto_victor_vasilev_avenza_carrara_Vasilev_Carrara8-396x256.jpg\" data-large-file=\"https:\/\/socialdesignmagazine.com\/mag\/wp-content\/uploads\/2013\/10\/benedetto_victor_vasilev_avenza_carrara_Vasilev_Carrara8.jpg\" src=\"https:\/\/socialdesignmagazine.com\/mag\/wp-content\/uploads\/2013\/10\/benedetto_victor_vasilev_avenza_carrara_Vasilev_Carrara8.jpg\" alt=\"Vasilev Carrara8\" class=\"wp-image-14126\"\/><\/figure>\n<\/div>\n\n<div class=\"wp-block-image\">\n<figure class=\"aligncenter\"><img loading=\"lazy\" decoding=\"async\" width=\"720\" height=\"536\" data-attachment-id=\"14127\" data-permalink=\"https:\/\/socialdesignmagazine.com\/mag\/architettura\/victor-vasilev-ristrutturazione-in-chiave-contemporanea-di-una-costruzione-anni-90-ad-avenza-carrara\/attachment\/vasilev-carrara9\/#content\" data-orig-file=\"https:\/\/socialdesignmagazine.com\/mag\/wp-content\/uploads\/2013\/10\/benedetto_victor_vasilev_avenza_carrara_Vasilev_Carrara9.jpg\" data-orig-size=\"720,536\" data-comments-opened=\"1\" data-image-meta=\"{&quot;aperture&quot;:&quot;19&quot;,&quot;credit&quot;:&quot;Adriano Pecchio&quot;,&quot;camera&quot;:&quot;Hasselblad H3DII-39&quot;,&quot;caption&quot;:&quot;&quot;,&quot;created_timestamp&quot;:&quot;1297766864&quot;,&quot;copyright&quot;:&quot;\\u00a9 photo adriano pecchio&quot;,&quot;focal_length&quot;:&quot;28&quot;,&quot;iso&quot;:&quot;50&quot;,&quot;shutter_speed&quot;:&quot;1&quot;,&quot;title&quot;:&quot;&quot;,&quot;orientation&quot;:&quot;1&quot;}\" data-image-title=\"Vasilev Carrara9\" data-image-description=\"\" data-image-caption=\"\" data-medium-file=\"https:\/\/socialdesignmagazine.com\/mag\/wp-content\/uploads\/2013\/10\/benedetto_victor_vasilev_avenza_carrara_Vasilev_Carrara9-396x256.jpg\" data-large-file=\"https:\/\/socialdesignmagazine.com\/mag\/wp-content\/uploads\/2013\/10\/benedetto_victor_vasilev_avenza_carrara_Vasilev_Carrara9.jpg\" src=\"https:\/\/socialdesignmagazine.com\/mag\/wp-content\/uploads\/2013\/10\/benedetto_victor_vasilev_avenza_carrara_Vasilev_Carrara9.jpg\" alt=\"Vasilev Carrara9\" class=\"wp-image-14127\"\/><\/figure>\n<\/div>\n\n<div class=\"wp-block-image\">\n<figure class=\"aligncenter\"><img loading=\"lazy\" decoding=\"async\" width=\"720\" height=\"540\" data-attachment-id=\"14128\" data-permalink=\"https:\/\/socialdesignmagazine.com\/mag\/architettura\/victor-vasilev-ristrutturazione-in-chiave-contemporanea-di-una-costruzione-anni-90-ad-avenza-carrara\/attachment\/vasilev-carrara10\/#content\" data-orig-file=\"https:\/\/socialdesignmagazine.com\/mag\/wp-content\/uploads\/2013\/10\/benedetto_victor_vasilev_avenza_carrara_Vasilev_Carrara10.jpg\" data-orig-size=\"720,540\" data-comments-opened=\"1\" data-image-meta=\"{&quot;aperture&quot;:&quot;19&quot;,&quot;credit&quot;:&quot;Adriano Pecchio&quot;,&quot;camera&quot;:&quot;Hasselblad H3DII-39&quot;,&quot;caption&quot;:&quot;&quot;,&quot;created_timestamp&quot;:&quot;1297766510&quot;,&quot;copyright&quot;:&quot;\\u00a9 photo adriano pecchio&quot;,&quot;focal_length&quot;:&quot;28&quot;,&quot;iso&quot;:&quot;50&quot;,&quot;shutter_speed&quot;:&quot;1&quot;,&quot;title&quot;:&quot;&quot;,&quot;orientation&quot;:&quot;1&quot;}\" data-image-title=\"Vasilev Carrara10\" data-image-description=\"\" data-image-caption=\"\" data-medium-file=\"https:\/\/socialdesignmagazine.com\/mag\/wp-content\/uploads\/2013\/10\/benedetto_victor_vasilev_avenza_carrara_Vasilev_Carrara10-396x256.jpg\" data-large-file=\"https:\/\/socialdesignmagazine.com\/mag\/wp-content\/uploads\/2013\/10\/benedetto_victor_vasilev_avenza_carrara_Vasilev_Carrara10.jpg\" src=\"https:\/\/socialdesignmagazine.com\/mag\/wp-content\/uploads\/2013\/10\/benedetto_victor_vasilev_avenza_carrara_Vasilev_Carrara10.jpg\" alt=\"Vasilev Carrara10\" class=\"wp-image-14128\"\/><\/figure>\n<\/div>\n\n<div class=\"wp-block-image\">\n<figure class=\"aligncenter\"><img loading=\"lazy\" decoding=\"async\" width=\"720\" height=\"540\" data-attachment-id=\"14129\" data-permalink=\"https:\/\/socialdesignmagazine.com\/mag\/architettura\/victor-vasilev-ristrutturazione-in-chiave-contemporanea-di-una-costruzione-anni-90-ad-avenza-carrara\/attachment\/vasilev-carrara11\/#content\" data-orig-file=\"https:\/\/socialdesignmagazine.com\/mag\/wp-content\/uploads\/2013\/10\/benedetto_victor_vasilev_avenza_carrara_Vasilev_Carrara11.jpg\" data-orig-size=\"720,540\" data-comments-opened=\"1\" data-image-meta=\"{&quot;aperture&quot;:&quot;19&quot;,&quot;credit&quot;:&quot;Adriano Pecchio&quot;,&quot;camera&quot;:&quot;Hasselblad H3DII-39&quot;,&quot;caption&quot;:&quot;&quot;,&quot;created_timestamp&quot;:&quot;1297769272&quot;,&quot;copyright&quot;:&quot;\\u00a9 photo adriano pecchio&quot;,&quot;focal_length&quot;:&quot;28&quot;,&quot;iso&quot;:&quot;50&quot;,&quot;shutter_speed&quot;:&quot;1&quot;,&quot;title&quot;:&quot;&quot;,&quot;orientation&quot;:&quot;1&quot;}\" data-image-title=\"Vasilev Carrara11\" data-image-description=\"\" data-image-caption=\"\" data-medium-file=\"https:\/\/socialdesignmagazine.com\/mag\/wp-content\/uploads\/2013\/10\/benedetto_victor_vasilev_avenza_carrara_Vasilev_Carrara11-396x256.jpg\" data-large-file=\"https:\/\/socialdesignmagazine.com\/mag\/wp-content\/uploads\/2013\/10\/benedetto_victor_vasilev_avenza_carrara_Vasilev_Carrara11.jpg\" src=\"https:\/\/socialdesignmagazine.com\/mag\/wp-content\/uploads\/2013\/10\/benedetto_victor_vasilev_avenza_carrara_Vasilev_Carrara11.jpg\" alt=\"Vasilev Carrara11\" class=\"wp-image-14129\"\/><\/figure>\n<\/div>\n\n<div class=\"wp-block-image\">\n<figure class=\"aligncenter\"><img loading=\"lazy\" decoding=\"async\" width=\"720\" height=\"960\" data-attachment-id=\"14130\" data-permalink=\"https:\/\/socialdesignmagazine.com\/mag\/architettura\/victor-vasilev-ristrutturazione-in-chiave-contemporanea-di-una-costruzione-anni-90-ad-avenza-carrara\/attachment\/vasilev-carrara12\/#content\" data-orig-file=\"https:\/\/socialdesignmagazine.com\/mag\/wp-content\/uploads\/2013\/10\/benedetto_victor_vasilev_avenza_carrara_Vasilev_Carrara12.jpg\" data-orig-size=\"720,960\" data-comments-opened=\"1\" data-image-meta=\"{&quot;aperture&quot;:&quot;19&quot;,&quot;credit&quot;:&quot;Adriano Pecchio&quot;,&quot;camera&quot;:&quot;Hasselblad H3DII-39&quot;,&quot;caption&quot;:&quot;&quot;,&quot;created_timestamp&quot;:&quot;1297769896&quot;,&quot;copyright&quot;:&quot;\\u00a9 photo adriano pecchio&quot;,&quot;focal_length&quot;:&quot;50&quot;,&quot;iso&quot;:&quot;50&quot;,&quot;shutter_speed&quot;:&quot;0.7&quot;,&quot;title&quot;:&quot;&quot;,&quot;orientation&quot;:&quot;1&quot;}\" data-image-title=\"Vasilev Carrara12\" data-image-description=\"\" data-image-caption=\"\" data-medium-file=\"https:\/\/socialdesignmagazine.com\/mag\/wp-content\/uploads\/2013\/10\/benedetto_victor_vasilev_avenza_carrara_Vasilev_Carrara12-396x256.jpg\" data-large-file=\"https:\/\/socialdesignmagazine.com\/mag\/wp-content\/uploads\/2013\/10\/benedetto_victor_vasilev_avenza_carrara_Vasilev_Carrara12.jpg\" src=\"https:\/\/socialdesignmagazine.com\/mag\/wp-content\/uploads\/2013\/10\/benedetto_victor_vasilev_avenza_carrara_Vasilev_Carrara12.jpg\" alt=\"Vasilev Carrara12\" class=\"wp-image-14130\"\/><\/figure>\n<\/div>\n\n<div class=\"wp-block-image\">\n<figure class=\"aligncenter\"><img loading=\"lazy\" decoding=\"async\" width=\"720\" height=\"540\" data-attachment-id=\"14131\" data-permalink=\"https:\/\/socialdesignmagazine.com\/mag\/architettura\/victor-vasilev-ristrutturazione-in-chiave-contemporanea-di-una-costruzione-anni-90-ad-avenza-carrara\/attachment\/vasilev-carrara13\/#content\" data-orig-file=\"https:\/\/socialdesignmagazine.com\/mag\/wp-content\/uploads\/2013\/10\/benedetto_victor_vasilev_avenza_carrara_Vasilev_Carrara13.jpg\" data-orig-size=\"720,540\" data-comments-opened=\"1\" data-image-meta=\"{&quot;aperture&quot;:&quot;29&quot;,&quot;credit&quot;:&quot;Adriano Pecchio&quot;,&quot;camera&quot;:&quot;Hasselblad H3DII-39&quot;,&quot;caption&quot;:&quot;&quot;,&quot;created_timestamp&quot;:&quot;1297771827&quot;,&quot;copyright&quot;:&quot;\\u00a9 photo adriano pecchio&quot;,&quot;focal_length&quot;:&quot;28&quot;,&quot;iso&quot;:&quot;50&quot;,&quot;shutter_speed&quot;:&quot;0.3&quot;,&quot;title&quot;:&quot;&quot;,&quot;orientation&quot;:&quot;1&quot;}\" data-image-title=\"Vasilev Carrara13\" data-image-description=\"\" data-image-caption=\"\" data-medium-file=\"https:\/\/socialdesignmagazine.com\/mag\/wp-content\/uploads\/2013\/10\/benedetto_victor_vasilev_avenza_carrara_Vasilev_Carrara13-396x256.jpg\" data-large-file=\"https:\/\/socialdesignmagazine.com\/mag\/wp-content\/uploads\/2013\/10\/benedetto_victor_vasilev_avenza_carrara_Vasilev_Carrara13.jpg\" src=\"https:\/\/socialdesignmagazine.com\/mag\/wp-content\/uploads\/2013\/10\/benedetto_victor_vasilev_avenza_carrara_Vasilev_Carrara13.jpg\" alt=\"Vasilev Carrara13\" class=\"wp-image-14131\"\/><\/figure>\n<\/div>\n\n<div class=\"wp-block-image\">\n<figure class=\"aligncenter\"><img loading=\"lazy\" decoding=\"async\" width=\"720\" height=\"474\" data-attachment-id=\"14132\" data-permalink=\"https:\/\/socialdesignmagazine.com\/mag\/architettura\/victor-vasilev-ristrutturazione-in-chiave-contemporanea-di-una-costruzione-anni-90-ad-avenza-carrara\/attachment\/vasilev-carrara15\/#content\" data-orig-file=\"https:\/\/socialdesignmagazine.com\/mag\/wp-content\/uploads\/2013\/10\/benedetto_victor_vasilev_avenza_carrara_Vasilev_Carrara15.jpg\" data-orig-size=\"720,474\" data-comments-opened=\"1\" data-image-meta=\"{&quot;aperture&quot;:&quot;11&quot;,&quot;credit&quot;:&quot;Adriano Pecchio&quot;,&quot;camera&quot;:&quot;Hasselblad H3DII-39&quot;,&quot;caption&quot;:&quot;&quot;,&quot;created_timestamp&quot;:&quot;1297786284&quot;,&quot;copyright&quot;:&quot;\\u00a9 photo adriano pecchio&quot;,&quot;focal_length&quot;:&quot;28&quot;,&quot;iso&quot;:&quot;50&quot;,&quot;shutter_speed&quot;:&quot;4&quot;,&quot;title&quot;:&quot;&quot;,&quot;orientation&quot;:&quot;1&quot;}\" data-image-title=\"Vasilev Carrara15\" data-image-description=\"\" data-image-caption=\"\" data-medium-file=\"https:\/\/socialdesignmagazine.com\/mag\/wp-content\/uploads\/2013\/10\/benedetto_victor_vasilev_avenza_carrara_Vasilev_Carrara15-396x256.jpg\" data-large-file=\"https:\/\/socialdesignmagazine.com\/mag\/wp-content\/uploads\/2013\/10\/benedetto_victor_vasilev_avenza_carrara_Vasilev_Carrara15.jpg\" src=\"https:\/\/socialdesignmagazine.com\/mag\/wp-content\/uploads\/2013\/10\/benedetto_victor_vasilev_avenza_carrara_Vasilev_Carrara15.jpg\" alt=\"Vasilev Carrara15\" class=\"wp-image-14132\" srcset=\"https:\/\/socialdesignmagazine.com\/mag\/wp-content\/uploads\/2013\/10\/benedetto_victor_vasilev_avenza_carrara_Vasilev_Carrara15.jpg 720w, https:\/\/socialdesignmagazine.com\/mag\/wp-content\/uploads\/2013\/10\/benedetto_victor_vasilev_avenza_carrara_Vasilev_Carrara15-100x66.jpg 100w\" sizes=\"auto, (max-width: 720px) 100vw, 720px\" \/><\/figure>\n<\/div>\n\n<div class=\"wp-block-image\">\n<figure class=\"aligncenter\"><img loading=\"lazy\" decoding=\"async\" width=\"720\" height=\"540\" data-attachment-id=\"14133\" data-permalink=\"https:\/\/socialdesignmagazine.com\/mag\/architettura\/victor-vasilev-ristrutturazione-in-chiave-contemporanea-di-una-costruzione-anni-90-ad-avenza-carrara\/attachment\/vasilev-carrara\/#content\" data-orig-file=\"https:\/\/socialdesignmagazine.com\/mag\/wp-content\/uploads\/2013\/10\/benedetto_victor_vasilev_avenza_carrara_Vasilev_Carrara.jpg\" data-orig-size=\"720,540\" data-comments-opened=\"1\" data-image-meta=\"{&quot;aperture&quot;:&quot;20&quot;,&quot;credit&quot;:&quot;Adriano Pecchio&quot;,&quot;camera&quot;:&quot;Hasselblad H3DII-39&quot;,&quot;caption&quot;:&quot;&quot;,&quot;created_timestamp&quot;:&quot;1299251502&quot;,&quot;copyright&quot;:&quot;\\u00a9 photo adriano pecchio&quot;,&quot;focal_length&quot;:&quot;28&quot;,&quot;iso&quot;:&quot;50&quot;,&quot;shutter_speed&quot;:&quot;2&quot;,&quot;title&quot;:&quot;&quot;,&quot;orientation&quot;:&quot;1&quot;}\" data-image-title=\"Vasilev Carrara\" data-image-description=\"\" data-image-caption=\"\" data-medium-file=\"https:\/\/socialdesignmagazine.com\/mag\/wp-content\/uploads\/2013\/10\/benedetto_victor_vasilev_avenza_carrara_Vasilev_Carrara-396x256.jpg\" data-large-file=\"https:\/\/socialdesignmagazine.com\/mag\/wp-content\/uploads\/2013\/10\/benedetto_victor_vasilev_avenza_carrara_Vasilev_Carrara.jpg\" src=\"https:\/\/socialdesignmagazine.com\/mag\/wp-content\/uploads\/2013\/10\/benedetto_victor_vasilev_avenza_carrara_Vasilev_Carrara.jpg\" alt=\"Vasilev Carrara\" class=\"wp-image-14133\"\/><\/figure>\n<\/div>\n\n<div class=\"wp-block-image\">\n<figure class=\"aligncenter\"><img loading=\"lazy\" decoding=\"async\" width=\"720\" height=\"960\" data-attachment-id=\"14134\" data-permalink=\"https:\/\/socialdesignmagazine.com\/mag\/architettura\/victor-vasilev-ristrutturazione-in-chiave-contemporanea-di-una-costruzione-anni-90-ad-avenza-carrara\/attachment\/vasilev-carrara1\/#content\" data-orig-file=\"https:\/\/socialdesignmagazine.com\/mag\/wp-content\/uploads\/2013\/10\/benedetto_victor_vasilev_avenza_carrara_Vasilev_Carrara1.jpg\" data-orig-size=\"720,960\" data-comments-opened=\"1\" data-image-meta=\"{&quot;aperture&quot;:&quot;18&quot;,&quot;credit&quot;:&quot;Adriano Pecchio&quot;,&quot;camera&quot;:&quot;Hasselblad H3DII-39&quot;,&quot;caption&quot;:&quot;&quot;,&quot;created_timestamp&quot;:&quot;1299253196&quot;,&quot;copyright&quot;:&quot;\\u00a9 photo adriano pecchio&quot;,&quot;focal_length&quot;:&quot;28&quot;,&quot;iso&quot;:&quot;50&quot;,&quot;shutter_speed&quot;:&quot;2.5&quot;,&quot;title&quot;:&quot;&quot;,&quot;orientation&quot;:&quot;1&quot;}\" data-image-title=\"Vasilev Carrara1\" data-image-description=\"\" data-image-caption=\"\" data-medium-file=\"https:\/\/socialdesignmagazine.com\/mag\/wp-content\/uploads\/2013\/10\/benedetto_victor_vasilev_avenza_carrara_Vasilev_Carrara1-396x256.jpg\" data-large-file=\"https:\/\/socialdesignmagazine.com\/mag\/wp-content\/uploads\/2013\/10\/benedetto_victor_vasilev_avenza_carrara_Vasilev_Carrara1.jpg\" src=\"https:\/\/socialdesignmagazine.com\/mag\/wp-content\/uploads\/2013\/10\/benedetto_victor_vasilev_avenza_carrara_Vasilev_Carrara1.jpg\" alt=\"Vasilev Carrara1\" class=\"wp-image-14134\"\/><\/figure>\n<\/div>\n\n<div class=\"wp-block-image\">\n<figure class=\"aligncenter\"><img loading=\"lazy\" decoding=\"async\" width=\"720\" height=\"540\" data-attachment-id=\"14135\" data-permalink=\"https:\/\/socialdesignmagazine.com\/mag\/architettura\/victor-vasilev-ristrutturazione-in-chiave-contemporanea-di-una-costruzione-anni-90-ad-avenza-carrara\/attachment\/vasilev-carrara2\/#content\" data-orig-file=\"https:\/\/socialdesignmagazine.com\/mag\/wp-content\/uploads\/2013\/10\/benedetto_victor_vasilev_avenza_carrara_Vasilev_Carrara2.jpg\" data-orig-size=\"720,540\" data-comments-opened=\"1\" data-image-meta=\"{&quot;aperture&quot;:&quot;18&quot;,&quot;credit&quot;:&quot;Adriano Pecchio&quot;,&quot;camera&quot;:&quot;Hasselblad H3DII-39&quot;,&quot;caption&quot;:&quot;&quot;,&quot;created_timestamp&quot;:&quot;1299253548&quot;,&quot;copyright&quot;:&quot;\\u00a9 photo adriano pecchio&quot;,&quot;focal_length&quot;:&quot;28&quot;,&quot;iso&quot;:&quot;50&quot;,&quot;shutter_speed&quot;:&quot;1.6&quot;,&quot;title&quot;:&quot;&quot;,&quot;orientation&quot;:&quot;1&quot;}\" data-image-title=\"Vasilev Carrara2\" data-image-description=\"\" data-image-caption=\"\" data-medium-file=\"https:\/\/socialdesignmagazine.com\/mag\/wp-content\/uploads\/2013\/10\/benedetto_victor_vasilev_avenza_carrara_Vasilev_Carrara2-396x256.jpg\" data-large-file=\"https:\/\/socialdesignmagazine.com\/mag\/wp-content\/uploads\/2013\/10\/benedetto_victor_vasilev_avenza_carrara_Vasilev_Carrara2.jpg\" src=\"https:\/\/socialdesignmagazine.com\/mag\/wp-content\/uploads\/2013\/10\/benedetto_victor_vasilev_avenza_carrara_Vasilev_Carrara2.jpg\" alt=\"Vasilev Carrara2\" class=\"wp-image-14135\"\/><\/figure>\n<\/div>\n\n<div class=\"wp-block-image\">\n<figure class=\"aligncenter\"><img loading=\"lazy\" decoding=\"async\" width=\"720\" height=\"540\" data-attachment-id=\"14136\" data-permalink=\"https:\/\/socialdesignmagazine.com\/mag\/architettura\/victor-vasilev-ristrutturazione-in-chiave-contemporanea-di-una-costruzione-anni-90-ad-avenza-carrara\/attachment\/vasilev-carrara17\/#content\" data-orig-file=\"https:\/\/socialdesignmagazine.com\/mag\/wp-content\/uploads\/2013\/10\/benedetto_victor_vasilev_avenza_carrara_Vasilev_Carrara17.jpg\" data-orig-size=\"720,540\" data-comments-opened=\"1\" data-image-meta=\"{&quot;aperture&quot;:&quot;14&quot;,&quot;credit&quot;:&quot;Adriano Pecchio&quot;,&quot;camera&quot;:&quot;Hasselblad H3DII-39&quot;,&quot;caption&quot;:&quot;&quot;,&quot;created_timestamp&quot;:&quot;1297783926&quot;,&quot;copyright&quot;:&quot;\\u00a9 photo adriano pecchio&quot;,&quot;focal_length&quot;:&quot;28&quot;,&quot;iso&quot;:&quot;50&quot;,&quot;shutter_speed&quot;:&quot;3.2&quot;,&quot;title&quot;:&quot;&quot;,&quot;orientation&quot;:&quot;1&quot;}\" data-image-title=\"Vasilev Carrara17\" data-image-description=\"\" data-image-caption=\"\" data-medium-file=\"https:\/\/socialdesignmagazine.com\/mag\/wp-content\/uploads\/2013\/10\/benedetto_victor_vasilev_avenza_carrara_Vasilev_Carrara17-396x256.jpg\" data-large-file=\"https:\/\/socialdesignmagazine.com\/mag\/wp-content\/uploads\/2013\/10\/benedetto_victor_vasilev_avenza_carrara_Vasilev_Carrara17.jpg\" src=\"https:\/\/socialdesignmagazine.com\/mag\/wp-content\/uploads\/2013\/10\/benedetto_victor_vasilev_avenza_carrara_Vasilev_Carrara17.jpg\" alt=\"Vasilev Carrara17\" class=\"wp-image-14136\"\/><\/figure>\n<\/div>\n\n<div class=\"wp-block-image\">\n<figure class=\"aligncenter\"><img loading=\"lazy\" decoding=\"async\" width=\"720\" height=\"540\" data-attachment-id=\"14137\" data-permalink=\"https:\/\/socialdesignmagazine.com\/mag\/architettura\/victor-vasilev-ristrutturazione-in-chiave-contemporanea-di-una-costruzione-anni-90-ad-avenza-carrara\/attachment\/vasilev-carrara19\/#content\" data-orig-file=\"https:\/\/socialdesignmagazine.com\/mag\/wp-content\/uploads\/2013\/10\/benedetto_victor_vasilev_avenza_carrara_Vasilev_Carrara19.jpg\" data-orig-size=\"720,540\" data-comments-opened=\"1\" data-image-meta=\"{&quot;aperture&quot;:&quot;7.1&quot;,&quot;credit&quot;:&quot;Adriano Pecchio&quot;,&quot;camera&quot;:&quot;Hasselblad H3DII-39&quot;,&quot;caption&quot;:&quot;&quot;,&quot;created_timestamp&quot;:&quot;1297776476&quot;,&quot;copyright&quot;:&quot;\\u00a9 photo adriano pecchio&quot;,&quot;focal_length&quot;:&quot;28&quot;,&quot;iso&quot;:&quot;100&quot;,&quot;shutter_speed&quot;:&quot;1.4&quot;,&quot;title&quot;:&quot;&quot;,&quot;orientation&quot;:&quot;1&quot;}\" data-image-title=\"Vasilev Carrara19\" data-image-description=\"\" data-image-caption=\"\" data-medium-file=\"https:\/\/socialdesignmagazine.com\/mag\/wp-content\/uploads\/2013\/10\/benedetto_victor_vasilev_avenza_carrara_Vasilev_Carrara19-396x256.jpg\" data-large-file=\"https:\/\/socialdesignmagazine.com\/mag\/wp-content\/uploads\/2013\/10\/benedetto_victor_vasilev_avenza_carrara_Vasilev_Carrara19.jpg\" src=\"https:\/\/socialdesignmagazine.com\/mag\/wp-content\/uploads\/2013\/10\/benedetto_victor_vasilev_avenza_carrara_Vasilev_Carrara19.jpg\" alt=\"Vasilev Carrara19\" class=\"wp-image-14137\"\/><\/figure>\n<\/div>\n\n<div class=\"wp-block-image\">\n<figure class=\"aligncenter\"><img loading=\"lazy\" decoding=\"async\" width=\"720\" height=\"540\" data-attachment-id=\"14138\" data-permalink=\"https:\/\/socialdesignmagazine.com\/mag\/architettura\/victor-vasilev-ristrutturazione-in-chiave-contemporanea-di-una-costruzione-anni-90-ad-avenza-carrara\/attachment\/vasilev-carrara20\/#content\" data-orig-file=\"https:\/\/socialdesignmagazine.com\/mag\/wp-content\/uploads\/2013\/10\/benedetto_victor_vasilev_avenza_carrara_Vasilev_Carrara20.jpg\" data-orig-size=\"720,540\" data-comments-opened=\"1\" data-image-meta=\"{&quot;aperture&quot;:&quot;11&quot;,&quot;credit&quot;:&quot;Adriano Pecchio&quot;,&quot;camera&quot;:&quot;Hasselblad H3DII-39&quot;,&quot;caption&quot;:&quot;&quot;,&quot;created_timestamp&quot;:&quot;1297776077&quot;,&quot;copyright&quot;:&quot;\\u00a9 photo adriano pecchio&quot;,&quot;focal_length&quot;:&quot;28&quot;,&quot;iso&quot;:&quot;50&quot;,&quot;shutter_speed&quot;:&quot;3.2&quot;,&quot;title&quot;:&quot;&quot;,&quot;orientation&quot;:&quot;1&quot;}\" data-image-title=\"Vasilev Carrara20\" data-image-description=\"\" data-image-caption=\"\" data-medium-file=\"https:\/\/socialdesignmagazine.com\/mag\/wp-content\/uploads\/2013\/10\/benedetto_victor_vasilev_avenza_carrara_Vasilev_Carrara20-396x256.jpg\" data-large-file=\"https:\/\/socialdesignmagazine.com\/mag\/wp-content\/uploads\/2013\/10\/benedetto_victor_vasilev_avenza_carrara_Vasilev_Carrara20.jpg\" src=\"https:\/\/socialdesignmagazine.com\/mag\/wp-content\/uploads\/2013\/10\/benedetto_victor_vasilev_avenza_carrara_Vasilev_Carrara20.jpg\" alt=\"Vasilev Carrara20\" class=\"wp-image-14138\"\/><\/figure>\n<\/div>\n\n<div class=\"wp-block-image\">\n<figure class=\"aligncenter\"><img loading=\"lazy\" decoding=\"async\" width=\"720\" height=\"540\" data-attachment-id=\"14139\" data-permalink=\"https:\/\/socialdesignmagazine.com\/mag\/architettura\/victor-vasilev-ristrutturazione-in-chiave-contemporanea-di-una-costruzione-anni-90-ad-avenza-carrara\/attachment\/vasilev-carrara21\/#content\" data-orig-file=\"https:\/\/socialdesignmagazine.com\/mag\/wp-content\/uploads\/2013\/10\/benedetto_victor_vasilev_avenza_carrara_Vasilev_Carrara21.jpg\" data-orig-size=\"720,540\" data-comments-opened=\"1\" data-image-meta=\"{&quot;aperture&quot;:&quot;11&quot;,&quot;credit&quot;:&quot;Adriano Pecchio&quot;,&quot;camera&quot;:&quot;Hasselblad H3DII-39&quot;,&quot;caption&quot;:&quot;&quot;,&quot;created_timestamp&quot;:&quot;1297775691&quot;,&quot;copyright&quot;:&quot;\\u00a9 photo adriano pecchio&quot;,&quot;focal_length&quot;:&quot;28&quot;,&quot;iso&quot;:&quot;50&quot;,&quot;shutter_speed&quot;:&quot;3.2&quot;,&quot;title&quot;:&quot;&quot;,&quot;orientation&quot;:&quot;1&quot;}\" data-image-title=\"Vasilev Carrara21\" data-image-description=\"\" data-image-caption=\"\" data-medium-file=\"https:\/\/socialdesignmagazine.com\/mag\/wp-content\/uploads\/2013\/10\/benedetto_victor_vasilev_avenza_carrara_Vasilev_Carrara21-396x256.jpg\" data-large-file=\"https:\/\/socialdesignmagazine.com\/mag\/wp-content\/uploads\/2013\/10\/benedetto_victor_vasilev_avenza_carrara_Vasilev_Carrara21.jpg\" src=\"https:\/\/socialdesignmagazine.com\/mag\/wp-content\/uploads\/2013\/10\/benedetto_victor_vasilev_avenza_carrara_Vasilev_Carrara21.jpg\" alt=\"Vasilev Carrara21\" class=\"wp-image-14139\"\/><\/figure>\n<\/div>\n\n<div class=\"wp-block-image\">\n<figure class=\"aligncenter\"><img loading=\"lazy\" decoding=\"async\" width=\"720\" height=\"540\" data-attachment-id=\"14140\" data-permalink=\"https:\/\/socialdesignmagazine.com\/mag\/architettura\/victor-vasilev-ristrutturazione-in-chiave-contemporanea-di-una-costruzione-anni-90-ad-avenza-carrara\/attachment\/vasilev-carrara22\/#content\" data-orig-file=\"https:\/\/socialdesignmagazine.com\/mag\/wp-content\/uploads\/2013\/10\/benedetto_victor_vasilev_avenza_carrara_Vasilev_Carrara22.jpg\" data-orig-size=\"720,540\" data-comments-opened=\"1\" data-image-meta=\"{&quot;aperture&quot;:&quot;16&quot;,&quot;credit&quot;:&quot;Adriano Pecchio&quot;,&quot;camera&quot;:&quot;Hasselblad H3DII-39&quot;,&quot;caption&quot;:&quot;&quot;,&quot;created_timestamp&quot;:&quot;1297775060&quot;,&quot;copyright&quot;:&quot;\\u00a9 photo adriano pecchio&quot;,&quot;focal_length&quot;:&quot;28&quot;,&quot;iso&quot;:&quot;100&quot;,&quot;shutter_speed&quot;:&quot;1.4&quot;,&quot;title&quot;:&quot;&quot;,&quot;orientation&quot;:&quot;1&quot;}\" data-image-title=\"Vasilev Carrara22\" data-image-description=\"\" data-image-caption=\"\" data-medium-file=\"https:\/\/socialdesignmagazine.com\/mag\/wp-content\/uploads\/2013\/10\/benedetto_victor_vasilev_avenza_carrara_Vasilev_Carrara22-396x256.jpg\" data-large-file=\"https:\/\/socialdesignmagazine.com\/mag\/wp-content\/uploads\/2013\/10\/benedetto_victor_vasilev_avenza_carrara_Vasilev_Carrara22.jpg\" src=\"https:\/\/socialdesignmagazine.com\/mag\/wp-content\/uploads\/2013\/10\/benedetto_victor_vasilev_avenza_carrara_Vasilev_Carrara22.jpg\" alt=\"Vasilev Carrara22\" class=\"wp-image-14140\"\/><\/figure>\n<\/div>\n\n\n<p><strong>SCHEDA TECNICA<\/strong><br><strong>PROGETTO:<\/strong> Victor Vasilev con la collaborazione di Mattia Susani, Valerio Pascuzzi, Mauro Soldati<br><strong>PRATICHE COMUNALI:<\/strong> Studio Fornaciari &amp; Brancadoro <br><strong>IMPRESA:<\/strong> Impresa edile Vignali<br><strong>SANITARI E RUBINETTERIE:<\/strong> Ceramica Flaminia, Zucchetti, Antonio Lupi, Makro<br><strong>IDROMASSAGIO &amp; CLIMATIZZAZIONE:<\/strong> Gianrossi<br><strong>ILLUMINAZIONE:<\/strong>&nbsp; Viabizzuno, Flos, Artemide<br><strong>IMPIANTO ELETTRICO &amp; SICUREZZA:<\/strong>&nbsp; Ponzanelli<br><strong>ARREDI SU MISURA:<\/strong> Riccardo Pieretti<br><strong>RIVESTIMENTI IN PIETRA E OPERE DA MARMISTA:<\/strong> GEMEG, Sacerdote Marmi, Biselli<br><strong>ARREDI DI SERIE:<\/strong> Living Divani, Vitra, Cassina, Cappellini, Roda<\/p>\n","protected":false,"gt_translate_keys":[{"key":"rendered","format":"html"}]},"excerpt":{"rendered":"<p>Victor Vasilev Architetto e Designer di origine bulgara e milanese di adozione si \u00e8 recentemente occupato della ristrutturazione di una costruzione anni &#8217;90 sita ad Avenza Carrara, in provincia di Massa Carrara, con la collaborazione di Mattia Susani, Valerio Pascuzzi e Mauro Soldati.<\/p>\n","protected":false,"gt_translate_keys":[{"key":"rendered","format":"html"}]},"author":1,"featured_media":14119,"comment_status":"open","ping_status":"open","sticky":false,"template":"","format":"standard","meta":{"jetpack_post_was_ever_published":false,"_jetpack_newsletter_access":"","_jetpack_dont_email_post_to_subs":false,"_jetpack_newsletter_tier_id":0,"_jetpack_memberships_contains_paywalled_content":false,"_jetpack_memberships_contains_paid_content":false,"footnotes":"","_wpscppro_dont_share_socialmedia":false,"_wpscppro_custom_social_share_image":0,"_facebook_share_type":"","_twitter_share_type":"","_linkedin_share_type":"","_pinterest_share_type":"","_linkedin_share_type_page":"","_instagram_share_type":"","_medium_share_type":"","_threads_share_type":"","_google_business_share_type":"","_selected_social_profile":[],"_wpsp_enable_custom_social_template":false,"_wpsp_social_scheduling":{"enabled":false,"datetime":null,"platforms":[],"status":"template_only","dateOption":"today","timeOption":"now","customDays":"","customHours":"","customDate":"","customTime":"","schedulingType":"absolute"},"_wpsp_active_default_template":true},"categories":[15],"tags":[2292,109,3487],"class_list":["post-2420","post","type-post","status-publish","format-standard","has-post-thumbnail","hentry","category-architettura","tag-interior-design","tag-ristrutturazione","tag-victor-vasilev"],"yoast_head":"<!-- This site is optimized with the Yoast SEO plugin v27.2 - https:\/\/yoast.com\/product\/yoast-seo-wordpress\/ -->\n<title>Victor Vasilev \/ ristrutturazione in chiave contemporanea di una costruzione anni &#039;90 ad Avenza Carrara - Social Design Magazine<\/title>\n<meta name=\"description\" content=\"Victor Vasilev Architetto e Designer di origine bulgara e milanese di adozione si \u00e8 recentemente occupato della ristrutturazione di una costruzione anni &#039;90 sita ad Avenza Carrara, in provincia di Massa Carrara, con la collaborazione di Mattia Susani, Valerio Pascuzzi e Mauro Soldati.\" \/>\n<meta name=\"robots\" content=\"index, follow, max-snippet:-1, max-image-preview:large, max-video-preview:-1\" \/>\n<link rel=\"canonical\" href=\"https:\/\/socialdesignmagazine.com\/mag\/architettura\/victor-vasilev-ristrutturazione-in-chiave-contemporanea-di-una-costruzione-anni-90-ad-avenza-carrara\/\" \/>\n<meta property=\"og:locale\" content=\"it_IT\" \/>\n<meta property=\"og:type\" content=\"article\" \/>\n<meta property=\"og:title\" content=\"Victor Vasilev \/ ristrutturazione in chiave contemporanea di una costruzione anni &#039;90 ad Avenza Carrara - Social Design Magazine\" \/>\n<meta property=\"og:description\" content=\"Victor Vasilev Architetto e Designer di origine bulgara e milanese di adozione si \u00e8 recentemente occupato della ristrutturazione di una costruzione anni &#039;90 sita ad Avenza Carrara, in provincia di Massa Carrara, con la collaborazione di Mattia Susani, Valerio Pascuzzi e Mauro Soldati.\" \/>\n<meta property=\"og:url\" content=\"http:\/\/socialdesignmagazine.com\/mag\/architettura\/victor-vasilev-ristrutturazione-in-chiave-contemporanea-di-una-costruzione-anni-90-ad-avenza-carrara\/\" \/>\n<meta property=\"og:site_name\" content=\"Social Design Magazine\" \/>\n<meta property=\"article:publisher\" content=\"https:\/\/www.facebook.com\/socialdesignmag\" \/>\n<meta property=\"article:author\" content=\"https:\/\/www.facebook.com\/benedettofiori\" \/>\n<meta property=\"article:published_time\" content=\"2013-10-22T08:44:24+00:00\" \/>\n<meta property=\"article:modified_time\" content=\"2024-07-15T19:38:42+00:00\" \/>\n<meta property=\"og:image\" content=\"https:\/\/socialdesignmagazine.com\/mag\/wp-content\/uploads\/2013\/10\/benedetto_victor_vasilev_avenza_carrara_Vasilev_Carrara14.jpg\" \/>\n\t<meta property=\"og:image:width\" content=\"720\" \/>\n\t<meta property=\"og:image:height\" content=\"540\" \/>\n\t<meta property=\"og:image:type\" content=\"image\/jpeg\" \/>\n<meta name=\"author\" content=\"Benedetto Fiori\" \/>\n<meta name=\"twitter:card\" content=\"summary_large_image\" \/>\n<meta name=\"twitter:creator\" content=\"@benedettofiori\" \/>\n<meta name=\"twitter:site\" content=\"@socialdesignmag\" \/>\n<meta name=\"twitter:label1\" content=\"Scritto da\" \/>\n\t<meta name=\"twitter:data1\" content=\"Benedetto Fiori\" \/>\n\t<meta name=\"twitter:label2\" content=\"Tempo di lettura stimato\" \/>\n\t<meta name=\"twitter:data2\" content=\"8 minuti\" \/>\n<script type=\"application\/ld+json\" class=\"yoast-schema-graph\">{\"@context\":\"https:\/\/schema.org\",\"@graph\":[{\"@type\":\"Article\",\"@id\":\"https:\/\/socialdesignmagazine.com\/mag\/architettura\/victor-vasilev-ristrutturazione-in-chiave-contemporanea-di-una-costruzione-anni-90-ad-avenza-carrara\/#article\",\"isPartOf\":{\"@id\":\"https:\/\/socialdesignmagazine.com\/mag\/architettura\/victor-vasilev-ristrutturazione-in-chiave-contemporanea-di-una-costruzione-anni-90-ad-avenza-carrara\/\"},\"author\":{\"name\":\"Benedetto Fiori\",\"@id\":\"https:\/\/socialdesignmagazine.com\/mag\/#\/schema\/person\/61e20205cc363c315e6aabd33a045846\"},\"headline\":\"Victor Vasilev \/ ristrutturazione in chiave contemporanea di una costruzione anni &#8217;90 ad Avenza Carrara\",\"datePublished\":\"2013-10-22T08:44:24+00:00\",\"dateModified\":\"2024-07-15T19:38:42+00:00\",\"mainEntityOfPage\":{\"@id\":\"https:\/\/socialdesignmagazine.com\/mag\/architettura\/victor-vasilev-ristrutturazione-in-chiave-contemporanea-di-una-costruzione-anni-90-ad-avenza-carrara\/\"},\"wordCount\":554,\"commentCount\":0,\"publisher\":{\"@id\":\"https:\/\/socialdesignmagazine.com\/mag\/#organization\"},\"image\":{\"@id\":\"https:\/\/socialdesignmagazine.com\/mag\/architettura\/victor-vasilev-ristrutturazione-in-chiave-contemporanea-di-una-costruzione-anni-90-ad-avenza-carrara\/#primaryimage\"},\"thumbnailUrl\":\"https:\/\/socialdesignmagazine.com\/mag\/wp-content\/uploads\/2013\/10\/benedetto_victor_vasilev_avenza_carrara_Vasilev_Carrara14.jpg\",\"keywords\":[\"interior design\",\"ristrutturazione\",\"victor vasilev\"],\"articleSection\":[\"Architettura\"],\"inLanguage\":\"it-IT\",\"potentialAction\":[{\"@type\":\"CommentAction\",\"name\":\"Comment\",\"target\":[\"https:\/\/socialdesignmagazine.com\/mag\/architettura\/victor-vasilev-ristrutturazione-in-chiave-contemporanea-di-una-costruzione-anni-90-ad-avenza-carrara\/#respond\"]}]},{\"@type\":\"WebPage\",\"@id\":\"https:\/\/socialdesignmagazine.com\/mag\/architettura\/victor-vasilev-ristrutturazione-in-chiave-contemporanea-di-una-costruzione-anni-90-ad-avenza-carrara\/\",\"url\":\"https:\/\/socialdesignmagazine.com\/mag\/architettura\/victor-vasilev-ristrutturazione-in-chiave-contemporanea-di-una-costruzione-anni-90-ad-avenza-carrara\/\",\"name\":\"Victor Vasilev \/ ristrutturazione in chiave contemporanea di una costruzione anni '90 ad Avenza Carrara - Social Design Magazine\",\"isPartOf\":{\"@id\":\"https:\/\/socialdesignmagazine.com\/mag\/#website\"},\"primaryImageOfPage\":{\"@id\":\"https:\/\/socialdesignmagazine.com\/mag\/architettura\/victor-vasilev-ristrutturazione-in-chiave-contemporanea-di-una-costruzione-anni-90-ad-avenza-carrara\/#primaryimage\"},\"image\":{\"@id\":\"https:\/\/socialdesignmagazine.com\/mag\/architettura\/victor-vasilev-ristrutturazione-in-chiave-contemporanea-di-una-costruzione-anni-90-ad-avenza-carrara\/#primaryimage\"},\"thumbnailUrl\":\"https:\/\/socialdesignmagazine.com\/mag\/wp-content\/uploads\/2013\/10\/benedetto_victor_vasilev_avenza_carrara_Vasilev_Carrara14.jpg\",\"datePublished\":\"2013-10-22T08:44:24+00:00\",\"dateModified\":\"2024-07-15T19:38:42+00:00\",\"description\":\"Victor Vasilev Architetto e Designer di origine bulgara e milanese di adozione si \u00e8 recentemente occupato della ristrutturazione di una costruzione anni '90 sita ad Avenza Carrara, in provincia di Massa Carrara, con la collaborazione di Mattia Susani, Valerio Pascuzzi e Mauro Soldati.\",\"breadcrumb\":{\"@id\":\"https:\/\/socialdesignmagazine.com\/mag\/architettura\/victor-vasilev-ristrutturazione-in-chiave-contemporanea-di-una-costruzione-anni-90-ad-avenza-carrara\/#breadcrumb\"},\"inLanguage\":\"it-IT\",\"potentialAction\":[{\"@type\":\"ReadAction\",\"target\":[\"https:\/\/socialdesignmagazine.com\/mag\/architettura\/victor-vasilev-ristrutturazione-in-chiave-contemporanea-di-una-costruzione-anni-90-ad-avenza-carrara\/\"]}]},{\"@type\":\"ImageObject\",\"inLanguage\":\"it-IT\",\"@id\":\"https:\/\/socialdesignmagazine.com\/mag\/architettura\/victor-vasilev-ristrutturazione-in-chiave-contemporanea-di-una-costruzione-anni-90-ad-avenza-carrara\/#primaryimage\",\"url\":\"https:\/\/socialdesignmagazine.com\/mag\/wp-content\/uploads\/2013\/10\/benedetto_victor_vasilev_avenza_carrara_Vasilev_Carrara14.jpg\",\"contentUrl\":\"https:\/\/socialdesignmagazine.com\/mag\/wp-content\/uploads\/2013\/10\/benedetto_victor_vasilev_avenza_carrara_Vasilev_Carrara14.jpg\",\"width\":720,\"height\":540,\"caption\":\"Vasilev Carrara14\"},{\"@type\":\"BreadcrumbList\",\"@id\":\"https:\/\/socialdesignmagazine.com\/mag\/architettura\/victor-vasilev-ristrutturazione-in-chiave-contemporanea-di-una-costruzione-anni-90-ad-avenza-carrara\/#breadcrumb\",\"itemListElement\":[{\"@type\":\"ListItem\",\"position\":1,\"name\":\"Home\",\"item\":\"https:\/\/socialdesignmagazine.com\/mag\/\"},{\"@type\":\"ListItem\",\"position\":2,\"name\":\"Architettura\",\"item\":\"https:\/\/socialdesignmagazine.com\/mag\/architettura\/\"},{\"@type\":\"ListItem\",\"position\":3,\"name\":\"Victor Vasilev \/ ristrutturazione in chiave contemporanea di una costruzione anni &#8217;90 ad Avenza Carrara\"}]},{\"@type\":\"WebSite\",\"@id\":\"https:\/\/socialdesignmagazine.com\/mag\/#website\",\"url\":\"https:\/\/socialdesignmagazine.com\/mag\/\",\"name\":\"Social Design Magazine\",\"description\":\"Social Magazine su Design, Architettura, Arte, Grafica\",\"publisher\":{\"@id\":\"https:\/\/socialdesignmagazine.com\/mag\/#organization\"},\"potentialAction\":[{\"@type\":\"SearchAction\",\"target\":{\"@type\":\"EntryPoint\",\"urlTemplate\":\"https:\/\/socialdesignmagazine.com\/mag\/?s={search_term_string}\"},\"query-input\":{\"@type\":\"PropertyValueSpecification\",\"valueRequired\":true,\"valueName\":\"search_term_string\"}}],\"inLanguage\":\"it-IT\"},{\"@type\":\"Organization\",\"@id\":\"https:\/\/socialdesignmagazine.com\/mag\/#organization\",\"name\":\"Social Design Magazine\",\"url\":\"https:\/\/socialdesignmagazine.com\/mag\/\",\"logo\":{\"@type\":\"ImageObject\",\"inLanguage\":\"it-IT\",\"@id\":\"https:\/\/socialdesignmagazine.com\/mag\/#\/schema\/logo\/image\/\",\"url\":\"https:\/\/socialdesignmagazine.com\/mag\/wp-content\/uploads\/2017\/01\/logo_favicon_11.png\",\"contentUrl\":\"https:\/\/socialdesignmagazine.com\/mag\/wp-content\/uploads\/2017\/01\/logo_favicon_11.png\",\"width\":1024,\"height\":1024,\"caption\":\"Social Design Magazine\"},\"image\":{\"@id\":\"https:\/\/socialdesignmagazine.com\/mag\/#\/schema\/logo\/image\/\"},\"sameAs\":[\"https:\/\/www.facebook.com\/socialdesignmag\",\"https:\/\/x.com\/socialdesignmag\",\"http:\/\/instagram.com\/social_design_magazine\/\",\"http:\/\/pinterest.com\/socialdesignmag\/\",\"http:\/\/www.youtube.com\/user\/socialdesignmagazine\"]},{\"@type\":\"Person\",\"@id\":\"https:\/\/socialdesignmagazine.com\/mag\/#\/schema\/person\/61e20205cc363c315e6aabd33a045846\",\"name\":\"Benedetto Fiori\",\"image\":{\"@type\":\"ImageObject\",\"inLanguage\":\"it-IT\",\"@id\":\"https:\/\/secure.gravatar.com\/avatar\/450a48cefa36da63d920ad70aa660bd10725b1c6093800242e5efdb397759033?s=96&d=mm&r=g\",\"url\":\"https:\/\/secure.gravatar.com\/avatar\/450a48cefa36da63d920ad70aa660bd10725b1c6093800242e5efdb397759033?s=96&d=mm&r=g\",\"contentUrl\":\"https:\/\/secure.gravatar.com\/avatar\/450a48cefa36da63d920ad70aa660bd10725b1c6093800242e5efdb397759033?s=96&d=mm&r=g\",\"caption\":\"Benedetto Fiori\"},\"description\":\"Web | Twitter | Facebook | Shutterstock Founder &amp; Editor in Chief di Social Design Magazine. Attratto da sempre da tutto ci\u00f2 che \u00e8 creativit\u00e0, design, architettura. Dopo aver studiato Architettura all'Universit\u00e0 di Firenze, si \u00e8 impegnato in molteplici campi: comunicazione grafica, progettazione di allestimenti fieristici, brand design, Interior Design.\",\"sameAs\":[\"http:\/\/benedettofiori.com\",\"https:\/\/www.facebook.com\/benedettofiori\",\"https:\/\/x.com\/benedettofiori\"],\"url\":\"https:\/\/socialdesignmagazine.com\/mag\/author\/benedetto\/\"}]}<\/script>\n<!-- \/ Yoast SEO plugin. -->","yoast_head_json":{"title":"Victor Vasilev \/ ristrutturazione in chiave contemporanea di una costruzione anni '90 ad Avenza Carrara - Social Design Magazine","description":"Victor Vasilev Architetto e Designer di origine bulgara e milanese di adozione si \u00e8 recentemente occupato della ristrutturazione di una costruzione anni '90 sita ad Avenza Carrara, in provincia di Massa Carrara, con la collaborazione di Mattia Susani, Valerio Pascuzzi e Mauro Soldati.","robots":{"index":"index","follow":"follow","max-snippet":"max-snippet:-1","max-image-preview":"max-image-preview:large","max-video-preview":"max-video-preview:-1"},"canonical":"https:\/\/socialdesignmagazine.com\/mag\/architettura\/victor-vasilev-ristrutturazione-in-chiave-contemporanea-di-una-costruzione-anni-90-ad-avenza-carrara\/","og_locale":"it_IT","og_type":"article","og_title":"Victor Vasilev \/ ristrutturazione in chiave contemporanea di una costruzione anni '90 ad Avenza Carrara - Social Design Magazine","og_description":"Victor Vasilev Architetto e Designer di origine bulgara e milanese di adozione si \u00e8 recentemente occupato della ristrutturazione di una costruzione anni '90 sita ad Avenza Carrara, in provincia di Massa Carrara, con la collaborazione di Mattia Susani, Valerio Pascuzzi e Mauro Soldati.","og_url":"http:\/\/socialdesignmagazine.com\/mag\/architettura\/victor-vasilev-ristrutturazione-in-chiave-contemporanea-di-una-costruzione-anni-90-ad-avenza-carrara\/","og_site_name":"Social Design Magazine","article_publisher":"https:\/\/www.facebook.com\/socialdesignmag","article_author":"https:\/\/www.facebook.com\/benedettofiori","article_published_time":"2013-10-22T08:44:24+00:00","article_modified_time":"2024-07-15T19:38:42+00:00","og_image":[{"width":720,"height":540,"url":"https:\/\/socialdesignmagazine.com\/mag\/wp-content\/uploads\/2013\/10\/benedetto_victor_vasilev_avenza_carrara_Vasilev_Carrara14.jpg","type":"image\/jpeg"}],"author":"Benedetto Fiori","twitter_card":"summary_large_image","twitter_creator":"@benedettofiori","twitter_site":"@socialdesignmag","twitter_misc":{"Scritto da":"Benedetto Fiori","Tempo di lettura stimato":"8 minuti"},"schema":{"@context":"https:\/\/schema.org","@graph":[{"@type":"Article","@id":"https:\/\/socialdesignmagazine.com\/mag\/architettura\/victor-vasilev-ristrutturazione-in-chiave-contemporanea-di-una-costruzione-anni-90-ad-avenza-carrara\/#article","isPartOf":{"@id":"https:\/\/socialdesignmagazine.com\/mag\/architettura\/victor-vasilev-ristrutturazione-in-chiave-contemporanea-di-una-costruzione-anni-90-ad-avenza-carrara\/"},"author":{"name":"Benedetto Fiori","@id":"https:\/\/socialdesignmagazine.com\/mag\/#\/schema\/person\/61e20205cc363c315e6aabd33a045846"},"headline":"Victor Vasilev \/ ristrutturazione in chiave contemporanea di una costruzione anni &#8217;90 ad Avenza Carrara","datePublished":"2013-10-22T08:44:24+00:00","dateModified":"2024-07-15T19:38:42+00:00","mainEntityOfPage":{"@id":"https:\/\/socialdesignmagazine.com\/mag\/architettura\/victor-vasilev-ristrutturazione-in-chiave-contemporanea-di-una-costruzione-anni-90-ad-avenza-carrara\/"},"wordCount":554,"commentCount":0,"publisher":{"@id":"https:\/\/socialdesignmagazine.com\/mag\/#organization"},"image":{"@id":"https:\/\/socialdesignmagazine.com\/mag\/architettura\/victor-vasilev-ristrutturazione-in-chiave-contemporanea-di-una-costruzione-anni-90-ad-avenza-carrara\/#primaryimage"},"thumbnailUrl":"https:\/\/socialdesignmagazine.com\/mag\/wp-content\/uploads\/2013\/10\/benedetto_victor_vasilev_avenza_carrara_Vasilev_Carrara14.jpg","keywords":["interior design","ristrutturazione","victor vasilev"],"articleSection":["Architettura"],"inLanguage":"it-IT","potentialAction":[{"@type":"CommentAction","name":"Comment","target":["https:\/\/socialdesignmagazine.com\/mag\/architettura\/victor-vasilev-ristrutturazione-in-chiave-contemporanea-di-una-costruzione-anni-90-ad-avenza-carrara\/#respond"]}]},{"@type":"WebPage","@id":"https:\/\/socialdesignmagazine.com\/mag\/architettura\/victor-vasilev-ristrutturazione-in-chiave-contemporanea-di-una-costruzione-anni-90-ad-avenza-carrara\/","url":"https:\/\/socialdesignmagazine.com\/mag\/architettura\/victor-vasilev-ristrutturazione-in-chiave-contemporanea-di-una-costruzione-anni-90-ad-avenza-carrara\/","name":"Victor Vasilev \/ ristrutturazione in chiave contemporanea di una costruzione anni '90 ad Avenza Carrara - Social Design Magazine","isPartOf":{"@id":"https:\/\/socialdesignmagazine.com\/mag\/#website"},"primaryImageOfPage":{"@id":"https:\/\/socialdesignmagazine.com\/mag\/architettura\/victor-vasilev-ristrutturazione-in-chiave-contemporanea-di-una-costruzione-anni-90-ad-avenza-carrara\/#primaryimage"},"image":{"@id":"https:\/\/socialdesignmagazine.com\/mag\/architettura\/victor-vasilev-ristrutturazione-in-chiave-contemporanea-di-una-costruzione-anni-90-ad-avenza-carrara\/#primaryimage"},"thumbnailUrl":"https:\/\/socialdesignmagazine.com\/mag\/wp-content\/uploads\/2013\/10\/benedetto_victor_vasilev_avenza_carrara_Vasilev_Carrara14.jpg","datePublished":"2013-10-22T08:44:24+00:00","dateModified":"2024-07-15T19:38:42+00:00","description":"Victor Vasilev Architetto e Designer di origine bulgara e milanese di adozione si \u00e8 recentemente occupato della ristrutturazione di una costruzione anni '90 sita ad Avenza Carrara, in provincia di Massa Carrara, con la collaborazione di Mattia Susani, Valerio Pascuzzi e Mauro Soldati.","breadcrumb":{"@id":"https:\/\/socialdesignmagazine.com\/mag\/architettura\/victor-vasilev-ristrutturazione-in-chiave-contemporanea-di-una-costruzione-anni-90-ad-avenza-carrara\/#breadcrumb"},"inLanguage":"it-IT","potentialAction":[{"@type":"ReadAction","target":["https:\/\/socialdesignmagazine.com\/mag\/architettura\/victor-vasilev-ristrutturazione-in-chiave-contemporanea-di-una-costruzione-anni-90-ad-avenza-carrara\/"]}]},{"@type":"ImageObject","inLanguage":"it-IT","@id":"https:\/\/socialdesignmagazine.com\/mag\/architettura\/victor-vasilev-ristrutturazione-in-chiave-contemporanea-di-una-costruzione-anni-90-ad-avenza-carrara\/#primaryimage","url":"https:\/\/socialdesignmagazine.com\/mag\/wp-content\/uploads\/2013\/10\/benedetto_victor_vasilev_avenza_carrara_Vasilev_Carrara14.jpg","contentUrl":"https:\/\/socialdesignmagazine.com\/mag\/wp-content\/uploads\/2013\/10\/benedetto_victor_vasilev_avenza_carrara_Vasilev_Carrara14.jpg","width":720,"height":540,"caption":"Vasilev Carrara14"},{"@type":"BreadcrumbList","@id":"https:\/\/socialdesignmagazine.com\/mag\/architettura\/victor-vasilev-ristrutturazione-in-chiave-contemporanea-di-una-costruzione-anni-90-ad-avenza-carrara\/#breadcrumb","itemListElement":[{"@type":"ListItem","position":1,"name":"Home","item":"https:\/\/socialdesignmagazine.com\/mag\/"},{"@type":"ListItem","position":2,"name":"Architettura","item":"https:\/\/socialdesignmagazine.com\/mag\/architettura\/"},{"@type":"ListItem","position":3,"name":"Victor Vasilev \/ ristrutturazione in chiave contemporanea di una costruzione anni &#8217;90 ad Avenza Carrara"}]},{"@type":"WebSite","@id":"https:\/\/socialdesignmagazine.com\/mag\/#website","url":"https:\/\/socialdesignmagazine.com\/mag\/","name":"Social Design Magazine","description":"Social Magazine su Design, Architettura, Arte, Grafica","publisher":{"@id":"https:\/\/socialdesignmagazine.com\/mag\/#organization"},"potentialAction":[{"@type":"SearchAction","target":{"@type":"EntryPoint","urlTemplate":"https:\/\/socialdesignmagazine.com\/mag\/?s={search_term_string}"},"query-input":{"@type":"PropertyValueSpecification","valueRequired":true,"valueName":"search_term_string"}}],"inLanguage":"it-IT"},{"@type":"Organization","@id":"https:\/\/socialdesignmagazine.com\/mag\/#organization","name":"Social Design Magazine","url":"https:\/\/socialdesignmagazine.com\/mag\/","logo":{"@type":"ImageObject","inLanguage":"it-IT","@id":"https:\/\/socialdesignmagazine.com\/mag\/#\/schema\/logo\/image\/","url":"https:\/\/socialdesignmagazine.com\/mag\/wp-content\/uploads\/2017\/01\/logo_favicon_11.png","contentUrl":"https:\/\/socialdesignmagazine.com\/mag\/wp-content\/uploads\/2017\/01\/logo_favicon_11.png","width":1024,"height":1024,"caption":"Social Design Magazine"},"image":{"@id":"https:\/\/socialdesignmagazine.com\/mag\/#\/schema\/logo\/image\/"},"sameAs":["https:\/\/www.facebook.com\/socialdesignmag","https:\/\/x.com\/socialdesignmag","http:\/\/instagram.com\/social_design_magazine\/","http:\/\/pinterest.com\/socialdesignmag\/","http:\/\/www.youtube.com\/user\/socialdesignmagazine"]},{"@type":"Person","@id":"https:\/\/socialdesignmagazine.com\/mag\/#\/schema\/person\/61e20205cc363c315e6aabd33a045846","name":"Benedetto Fiori","image":{"@type":"ImageObject","inLanguage":"it-IT","@id":"https:\/\/secure.gravatar.com\/avatar\/450a48cefa36da63d920ad70aa660bd10725b1c6093800242e5efdb397759033?s=96&d=mm&r=g","url":"https:\/\/secure.gravatar.com\/avatar\/450a48cefa36da63d920ad70aa660bd10725b1c6093800242e5efdb397759033?s=96&d=mm&r=g","contentUrl":"https:\/\/secure.gravatar.com\/avatar\/450a48cefa36da63d920ad70aa660bd10725b1c6093800242e5efdb397759033?s=96&d=mm&r=g","caption":"Benedetto Fiori"},"description":"Web | Twitter | Facebook | Shutterstock Founder &amp; Editor in Chief di Social Design Magazine. Attratto da sempre da tutto ci\u00f2 che \u00e8 creativit\u00e0, design, architettura. Dopo aver studiato Architettura all'Universit\u00e0 di Firenze, si \u00e8 impegnato in molteplici campi: comunicazione grafica, progettazione di allestimenti fieristici, brand design, Interior Design.","sameAs":["http:\/\/benedettofiori.com","https:\/\/www.facebook.com\/benedettofiori","https:\/\/x.com\/benedettofiori"],"url":"https:\/\/socialdesignmagazine.com\/mag\/author\/benedetto\/"}]}},"jetpack_featured_media_url":"https:\/\/socialdesignmagazine.com\/mag\/wp-content\/uploads\/2013\/10\/benedetto_victor_vasilev_avenza_carrara_Vasilev_Carrara14.jpg","jetpack_sharing_enabled":true,"jetpack_shortlink":"https:\/\/wp.me\/p6cV7V-D2","gt_translate_keys":[{"key":"link","format":"url"}],"_links":{"self":[{"href":"https:\/\/socialdesignmagazine.com\/mag\/wp-json\/wp\/v2\/posts\/2420","targetHints":{"allow":["GET"]}}],"collection":[{"href":"https:\/\/socialdesignmagazine.com\/mag\/wp-json\/wp\/v2\/posts"}],"about":[{"href":"https:\/\/socialdesignmagazine.com\/mag\/wp-json\/wp\/v2\/types\/post"}],"author":[{"embeddable":true,"href":"https:\/\/socialdesignmagazine.com\/mag\/wp-json\/wp\/v2\/users\/1"}],"replies":[{"embeddable":true,"href":"https:\/\/socialdesignmagazine.com\/mag\/wp-json\/wp\/v2\/comments?post=2420"}],"version-history":[{"count":1,"href":"https:\/\/socialdesignmagazine.com\/mag\/wp-json\/wp\/v2\/posts\/2420\/revisions"}],"predecessor-version":[{"id":62605,"href":"https:\/\/socialdesignmagazine.com\/mag\/wp-json\/wp\/v2\/posts\/2420\/revisions\/62605"}],"wp:featuredmedia":[{"embeddable":true,"href":"https:\/\/socialdesignmagazine.com\/mag\/wp-json\/wp\/v2\/media\/14119"}],"wp:attachment":[{"href":"https:\/\/socialdesignmagazine.com\/mag\/wp-json\/wp\/v2\/media?parent=2420"}],"wp:term":[{"taxonomy":"category","embeddable":true,"href":"https:\/\/socialdesignmagazine.com\/mag\/wp-json\/wp\/v2\/categories?post=2420"},{"taxonomy":"post_tag","embeddable":true,"href":"https:\/\/socialdesignmagazine.com\/mag\/wp-json\/wp\/v2\/tags?post=2420"}],"curies":[{"name":"wp","href":"https:\/\/api.w.org\/{rel}","templated":true}]}}