{"id":2430,"date":"2013-10-23T23:10:00","date_gmt":"2013-10-23T21:10:00","guid":{"rendered":"https:\/\/socialdesignmagazine.com\/mag\/s6-design\/c43-design-news\/partecipa-ad-un-corso-di-fai-da-te-alla-qfesta-del-bricolageq-da-leroy-merlin-dal-16-ottobre-2013\/"},"modified":"2024-07-15T21:47:47","modified_gmt":"2024-07-15T19:47:47","slug":"partecipa-ad-un-corso-di-fai-da-te-alla-qfesta-del-bricolageq-da-leroy-merlin-dal-16-ottobre-2013","status":"publish","type":"post","link":"https:\/\/socialdesignmagazine.com\/mag\/news\/design-news\/partecipa-ad-un-corso-di-fai-da-te-alla-qfesta-del-bricolageq-da-leroy-merlin-dal-16-ottobre-2013\/","title":{"rendered":"Partecipa ad un corso di Fai-da-te alla &#8220;Festa del Bricolage&#8221; da Leroy Merlin dal 16 ottobre 2013","gt_translate_keys":[{"key":"rendered","format":"text"}]},"content":{"rendered":"\n<p><strong>Leroy Merlin<\/strong> offre la possibilit\u00e0 di partecipare a dei <a href=\"http:\/\/advplayer.com\/musopi\" rel=\"nofollow\"><strong>Corsi di Fai-da-Te<\/strong><\/a> per scoprire delle abilit\u00e0 che non avremmo mai pensato di avere!<\/p>\n\n\n\n<p>In questo momento storico in cui \u00e8 importante ottimizzare le risorse sia in ottica economica che di sostenibilit\u00e0 ambientale, abbiamo l&#8217;opportunit\u00e0 di <strong>ripensare al nostro modo di agire<\/strong> e di <strong>cercare in noi stessi le risorse per migliorare lo spazio in cui viviamo<\/strong>.<\/p>\n\n\n\n<p>Sono molti i designer che, all&#8217;ideazione dei loro oggetti, affiancano anche l&#8217;<strong>autoproduzione<\/strong>, utilizzando le loro capacit\u00e0 di artigiani e seguendo l&#8217;intero processo; a questo, spesso si affiancano anche dei gruppi di designer di rilievo che forniscono le istruzioni in modo da permetterci di <strong>realizzare da soli l&#8217;oggetto di design che loro hanno pensato e firmato.<\/strong><\/p>\n\n\n\n<p>Proprio in quest&#8217;ultimo caso pu\u00f2 essere importante avere delle ottime capacit\u00e0 da bricoleur e <strong>Leroy Merlyn ci viene in aiuto con la \u201cFesta del Bricolage\u201d<\/strong>.<br>Infatti, recandosi in uno dei 47 punti vendita italiani a partire dal 16 ottobre, sar\u00e0 possibile partecipare a diversi <strong><a href=\"http:\/\/advplayer.com\/musopi\" rel=\"nofollow\">corsi di bricolage<\/a><\/strong>, ottenendo alla fine del percorso un <strong>attestato da esperto del fai-da-te<\/strong>.<\/p>\n\n\n\n<p>Il concept dell\u2019iniziativa \u00e8 <strong>\u201cScopri di saperlo fare\u201d<\/strong>, e sar\u00e0 un occasione per divertirsi e per imparare. Questa edizione speciale dei corsi avr\u00e0 un tema comune a tutti i negozi, ovvero la realizzazione di un bagno completo: posa in opera del pavimento, montaggio del box doccia, installazione dei sanitari e rivestimento delle pareti. <strong>Il video che segue<\/strong>, infatti, \u00e8 una simpatica candid camera per dimostrare come sia facile immergersi nell\u2019arte del bricolage:<\/p>\n\n\n\n<p class=\"has-text-align-center\"><iframe loading=\"lazy\" src=\"\/\/www.youtube.com\/embed\/aoDt22mBkWI\" width=\"720\" height=\"540\" frameborder=\"0\" allowfullscreen=\"allowfullscreen\"><\/iframe><\/p>\n\n\n\n<p><strong>Leroy Merlin, con i suoi 47 negozi in Italia<\/strong> e tanti altri punti vendita in tutto il mondo, \u00e8 un&#8217;azienda leader nel settore del fai-da-te. Nata in Francia nel 1923 si \u00e8 estesa rapidamente in tutto il mondo, comprendendo anche l&#8217;Italia a partire dal 1996, con il primo punto vendita di Solbiate Arno (VA).<\/p>\n\n\n\n<p><strong>E\u2019 possibile trovare maggiori <\/strong><strong>informazioni<\/strong> sulla \u201cFesta del Bricolage\u201d e sui corsi di fai-da-te visitando il sito: <a href=\"http:\/\/www.leroymerlin.it\/corsi-edizione-speciale?utm_source=mosaicoon&amp;utm_medium=video_viral&amp;utm_content=player&amp;utm_campaign=FDB4_10_13\" rel=\"nofollow\">http:\/\/www.leroymerlin.it\/corsi-edizione-speciale<\/a><\/p>\n","protected":false,"gt_translate_keys":[{"key":"rendered","format":"html"}]},"excerpt":{"rendered":"<p>Leroy Merlin offre la possibilit\u00e0 di partecipare a dei Corsi di Fai-da-Te per scoprire delle abilit\u00e0 che non avremmo mai pensato di avere!<\/p>\n","protected":false,"gt_translate_keys":[{"key":"rendered","format":"html"}]},"author":1,"featured_media":14210,"comment_status":"open","ping_status":"open","sticky":false,"template":"","format":"standard","meta":{"jetpack_post_was_ever_published":false,"_jetpack_newsletter_access":"","_jetpack_dont_email_post_to_subs":false,"_jetpack_newsletter_tier_id":0,"_jetpack_memberships_contains_paywalled_content":false,"_jetpack_memberships_contains_paid_content":false,"footnotes":"","_wpscppro_dont_share_socialmedia":false,"_wpscppro_custom_social_share_image":0,"_facebook_share_type":"","_twitter_share_type":"","_linkedin_share_type":"","_pinterest_share_type":"","_linkedin_share_type_page":"","_instagram_share_type":"","_medium_share_type":"","_threads_share_type":"","_google_business_share_type":"","_selected_social_profile":[],"_wpsp_enable_custom_social_template":false,"_wpsp_social_scheduling":{"enabled":false,"datetime":null,"platforms":[],"status":"template_only","dateOption":"today","timeOption":"now","customDays":"","customHours":"","customDate":"","customTime":"","schedulingType":"absolute"},"_wpsp_active_default_template":true},"categories":[17],"tags":[3152,3153],"class_list":["post-2430","post","type-post","status-publish","format-standard","has-post-thumbnail","hentry","category-design-news","tag-leroy-merlin","tag-sponsored-post"],"yoast_head":"<!-- This site is optimized with the Yoast SEO plugin v27.2 - https:\/\/yoast.com\/product\/yoast-seo-wordpress\/ -->\n<title>Partecipa ad un corso di Fai-da-te alla &quot;Festa del Bricolage&quot; da Leroy Merlin dal 16 ottobre 2013 - Social Design Magazine<\/title>\n<meta name=\"description\" content=\"Leroy Merlin offre la possibilit\u00e0 di partecipare a dei Corsi di Fai-da-Te per scoprire delle abilit\u00e0 che non avremmo mai pensato di avere!\" \/>\n<meta name=\"robots\" content=\"index, follow, max-snippet:-1, max-image-preview:large, max-video-preview:-1\" \/>\n<link rel=\"canonical\" href=\"https:\/\/socialdesignmagazine.com\/mag\/news\/design-news\/partecipa-ad-un-corso-di-fai-da-te-alla-qfesta-del-bricolageq-da-leroy-merlin-dal-16-ottobre-2013\/\" \/>\n<meta property=\"og:locale\" content=\"it_IT\" \/>\n<meta property=\"og:type\" content=\"article\" \/>\n<meta property=\"og:title\" content=\"Partecipa ad un corso di Fai-da-te alla &quot;Festa del Bricolage&quot; da Leroy Merlin dal 16 ottobre 2013 - Social Design Magazine\" \/>\n<meta property=\"og:description\" content=\"Leroy Merlin offre la possibilit\u00e0 di partecipare a dei Corsi di Fai-da-Te per scoprire delle abilit\u00e0 che non avremmo mai pensato di avere!\" \/>\n<meta property=\"og:url\" content=\"http:\/\/socialdesignmagazine.com\/mag\/news\/design-news\/partecipa-ad-un-corso-di-fai-da-te-alla-qfesta-del-bricolageq-da-leroy-merlin-dal-16-ottobre-2013\/\" \/>\n<meta property=\"og:site_name\" content=\"Social Design Magazine\" \/>\n<meta property=\"article:publisher\" content=\"https:\/\/www.facebook.com\/socialdesignmag\" \/>\n<meta property=\"article:author\" content=\"https:\/\/www.facebook.com\/benedettofiori\" \/>\n<meta property=\"article:published_time\" content=\"2013-10-23T21:10:00+00:00\" \/>\n<meta property=\"article:modified_time\" content=\"2024-07-15T19:47:47+00:00\" \/>\n<meta property=\"og:image\" content=\"https:\/\/socialdesignmagazine.com\/mag\/wp-content\/uploads\/2013\/10\/benedetto_leroy_merlin_festa_del_bricolage_festa_del_bricolage_leroy_merlin.jpg\" \/>\n\t<meta property=\"og:image:width\" content=\"720\" \/>\n\t<meta property=\"og:image:height\" content=\"404\" \/>\n\t<meta property=\"og:image:type\" content=\"image\/jpeg\" \/>\n<meta name=\"author\" content=\"Benedetto Fiori\" \/>\n<meta name=\"twitter:card\" content=\"summary_large_image\" \/>\n<meta name=\"twitter:creator\" content=\"@benedettofiori\" \/>\n<meta name=\"twitter:site\" content=\"@socialdesignmag\" \/>\n<meta name=\"twitter:label1\" content=\"Scritto da\" \/>\n\t<meta name=\"twitter:data1\" content=\"Benedetto Fiori\" \/>\n\t<meta name=\"twitter:label2\" content=\"Tempo di lettura stimato\" \/>\n\t<meta name=\"twitter:data2\" content=\"2 minuti\" \/>\n<script type=\"application\/ld+json\" class=\"yoast-schema-graph\">{\"@context\":\"https:\/\/schema.org\",\"@graph\":[{\"@type\":\"Article\",\"@id\":\"https:\/\/socialdesignmagazine.com\/mag\/news\/design-news\/partecipa-ad-un-corso-di-fai-da-te-alla-qfesta-del-bricolageq-da-leroy-merlin-dal-16-ottobre-2013\/#article\",\"isPartOf\":{\"@id\":\"https:\/\/socialdesignmagazine.com\/mag\/news\/design-news\/partecipa-ad-un-corso-di-fai-da-te-alla-qfesta-del-bricolageq-da-leroy-merlin-dal-16-ottobre-2013\/\"},\"author\":{\"name\":\"Benedetto Fiori\",\"@id\":\"https:\/\/socialdesignmagazine.com\/mag\/#\/schema\/person\/61e20205cc363c315e6aabd33a045846\"},\"headline\":\"Partecipa ad un corso di Fai-da-te alla &#8220;Festa del Bricolage&#8221; da Leroy Merlin dal 16 ottobre 2013\",\"datePublished\":\"2013-10-23T21:10:00+00:00\",\"dateModified\":\"2024-07-15T19:47:47+00:00\",\"mainEntityOfPage\":{\"@id\":\"https:\/\/socialdesignmagazine.com\/mag\/news\/design-news\/partecipa-ad-un-corso-di-fai-da-te-alla-qfesta-del-bricolageq-da-leroy-merlin-dal-16-ottobre-2013\/\"},\"wordCount\":342,\"commentCount\":0,\"publisher\":{\"@id\":\"https:\/\/socialdesignmagazine.com\/mag\/#organization\"},\"image\":{\"@id\":\"https:\/\/socialdesignmagazine.com\/mag\/news\/design-news\/partecipa-ad-un-corso-di-fai-da-te-alla-qfesta-del-bricolageq-da-leroy-merlin-dal-16-ottobre-2013\/#primaryimage\"},\"thumbnailUrl\":\"https:\/\/socialdesignmagazine.com\/mag\/wp-content\/uploads\/2013\/10\/benedetto_leroy_merlin_festa_del_bricolage_festa_del_bricolage_leroy_merlin.jpg\",\"keywords\":[\"leroy merlin\",\"sponsored post\"],\"articleSection\":[\"Design News\"],\"inLanguage\":\"it-IT\",\"potentialAction\":[{\"@type\":\"CommentAction\",\"name\":\"Comment\",\"target\":[\"https:\/\/socialdesignmagazine.com\/mag\/news\/design-news\/partecipa-ad-un-corso-di-fai-da-te-alla-qfesta-del-bricolageq-da-leroy-merlin-dal-16-ottobre-2013\/#respond\"]}]},{\"@type\":\"WebPage\",\"@id\":\"https:\/\/socialdesignmagazine.com\/mag\/news\/design-news\/partecipa-ad-un-corso-di-fai-da-te-alla-qfesta-del-bricolageq-da-leroy-merlin-dal-16-ottobre-2013\/\",\"url\":\"https:\/\/socialdesignmagazine.com\/mag\/news\/design-news\/partecipa-ad-un-corso-di-fai-da-te-alla-qfesta-del-bricolageq-da-leroy-merlin-dal-16-ottobre-2013\/\",\"name\":\"Partecipa ad un corso di Fai-da-te alla \\\"Festa del Bricolage\\\" da Leroy Merlin dal 16 ottobre 2013 - Social Design Magazine\",\"isPartOf\":{\"@id\":\"https:\/\/socialdesignmagazine.com\/mag\/#website\"},\"primaryImageOfPage\":{\"@id\":\"https:\/\/socialdesignmagazine.com\/mag\/news\/design-news\/partecipa-ad-un-corso-di-fai-da-te-alla-qfesta-del-bricolageq-da-leroy-merlin-dal-16-ottobre-2013\/#primaryimage\"},\"image\":{\"@id\":\"https:\/\/socialdesignmagazine.com\/mag\/news\/design-news\/partecipa-ad-un-corso-di-fai-da-te-alla-qfesta-del-bricolageq-da-leroy-merlin-dal-16-ottobre-2013\/#primaryimage\"},\"thumbnailUrl\":\"https:\/\/socialdesignmagazine.com\/mag\/wp-content\/uploads\/2013\/10\/benedetto_leroy_merlin_festa_del_bricolage_festa_del_bricolage_leroy_merlin.jpg\",\"datePublished\":\"2013-10-23T21:10:00+00:00\",\"dateModified\":\"2024-07-15T19:47:47+00:00\",\"description\":\"Leroy Merlin offre la possibilit\u00e0 di partecipare a dei Corsi di Fai-da-Te per scoprire delle abilit\u00e0 che non avremmo mai pensato di avere!\",\"breadcrumb\":{\"@id\":\"https:\/\/socialdesignmagazine.com\/mag\/news\/design-news\/partecipa-ad-un-corso-di-fai-da-te-alla-qfesta-del-bricolageq-da-leroy-merlin-dal-16-ottobre-2013\/#breadcrumb\"},\"inLanguage\":\"it-IT\",\"potentialAction\":[{\"@type\":\"ReadAction\",\"target\":[\"https:\/\/socialdesignmagazine.com\/mag\/news\/design-news\/partecipa-ad-un-corso-di-fai-da-te-alla-qfesta-del-bricolageq-da-leroy-merlin-dal-16-ottobre-2013\/\"]}]},{\"@type\":\"ImageObject\",\"inLanguage\":\"it-IT\",\"@id\":\"https:\/\/socialdesignmagazine.com\/mag\/news\/design-news\/partecipa-ad-un-corso-di-fai-da-te-alla-qfesta-del-bricolageq-da-leroy-merlin-dal-16-ottobre-2013\/#primaryimage\",\"url\":\"https:\/\/socialdesignmagazine.com\/mag\/wp-content\/uploads\/2013\/10\/benedetto_leroy_merlin_festa_del_bricolage_festa_del_bricolage_leroy_merlin.jpg\",\"contentUrl\":\"https:\/\/socialdesignmagazine.com\/mag\/wp-content\/uploads\/2013\/10\/benedetto_leroy_merlin_festa_del_bricolage_festa_del_bricolage_leroy_merlin.jpg\",\"width\":720,\"height\":404,\"caption\":\"festa del bricolage leroy merlin\"},{\"@type\":\"BreadcrumbList\",\"@id\":\"https:\/\/socialdesignmagazine.com\/mag\/news\/design-news\/partecipa-ad-un-corso-di-fai-da-te-alla-qfesta-del-bricolageq-da-leroy-merlin-dal-16-ottobre-2013\/#breadcrumb\",\"itemListElement\":[{\"@type\":\"ListItem\",\"position\":1,\"name\":\"Home\",\"item\":\"https:\/\/socialdesignmagazine.com\/mag\/\"},{\"@type\":\"ListItem\",\"position\":2,\"name\":\"News\",\"item\":\"https:\/\/socialdesignmagazine.com\/mag\/news\/\"},{\"@type\":\"ListItem\",\"position\":3,\"name\":\"Design News\",\"item\":\"https:\/\/socialdesignmagazine.com\/mag\/news\/design-news\/\"},{\"@type\":\"ListItem\",\"position\":4,\"name\":\"Partecipa ad un corso di Fai-da-te alla &#8220;Festa del Bricolage&#8221; da Leroy Merlin dal 16 ottobre 2013\"}]},{\"@type\":\"WebSite\",\"@id\":\"https:\/\/socialdesignmagazine.com\/mag\/#website\",\"url\":\"https:\/\/socialdesignmagazine.com\/mag\/\",\"name\":\"Social Design Magazine\",\"description\":\"Social Magazine su Design, Architettura, Arte, Grafica\",\"publisher\":{\"@id\":\"https:\/\/socialdesignmagazine.com\/mag\/#organization\"},\"potentialAction\":[{\"@type\":\"SearchAction\",\"target\":{\"@type\":\"EntryPoint\",\"urlTemplate\":\"https:\/\/socialdesignmagazine.com\/mag\/?s={search_term_string}\"},\"query-input\":{\"@type\":\"PropertyValueSpecification\",\"valueRequired\":true,\"valueName\":\"search_term_string\"}}],\"inLanguage\":\"it-IT\"},{\"@type\":\"Organization\",\"@id\":\"https:\/\/socialdesignmagazine.com\/mag\/#organization\",\"name\":\"Social Design Magazine\",\"url\":\"https:\/\/socialdesignmagazine.com\/mag\/\",\"logo\":{\"@type\":\"ImageObject\",\"inLanguage\":\"it-IT\",\"@id\":\"https:\/\/socialdesignmagazine.com\/mag\/#\/schema\/logo\/image\/\",\"url\":\"https:\/\/socialdesignmagazine.com\/mag\/wp-content\/uploads\/2017\/01\/logo_favicon_11.png\",\"contentUrl\":\"https:\/\/socialdesignmagazine.com\/mag\/wp-content\/uploads\/2017\/01\/logo_favicon_11.png\",\"width\":1024,\"height\":1024,\"caption\":\"Social Design Magazine\"},\"image\":{\"@id\":\"https:\/\/socialdesignmagazine.com\/mag\/#\/schema\/logo\/image\/\"},\"sameAs\":[\"https:\/\/www.facebook.com\/socialdesignmag\",\"https:\/\/x.com\/socialdesignmag\",\"http:\/\/instagram.com\/social_design_magazine\/\",\"http:\/\/pinterest.com\/socialdesignmag\/\",\"http:\/\/www.youtube.com\/user\/socialdesignmagazine\"]},{\"@type\":\"Person\",\"@id\":\"https:\/\/socialdesignmagazine.com\/mag\/#\/schema\/person\/61e20205cc363c315e6aabd33a045846\",\"name\":\"Benedetto Fiori\",\"image\":{\"@type\":\"ImageObject\",\"inLanguage\":\"it-IT\",\"@id\":\"https:\/\/secure.gravatar.com\/avatar\/450a48cefa36da63d920ad70aa660bd10725b1c6093800242e5efdb397759033?s=96&d=mm&r=g\",\"url\":\"https:\/\/secure.gravatar.com\/avatar\/450a48cefa36da63d920ad70aa660bd10725b1c6093800242e5efdb397759033?s=96&d=mm&r=g\",\"contentUrl\":\"https:\/\/secure.gravatar.com\/avatar\/450a48cefa36da63d920ad70aa660bd10725b1c6093800242e5efdb397759033?s=96&d=mm&r=g\",\"caption\":\"Benedetto Fiori\"},\"description\":\"Web | Twitter | Facebook | Shutterstock Founder &amp; Editor in Chief di Social Design Magazine. Attratto da sempre da tutto ci\u00f2 che \u00e8 creativit\u00e0, design, architettura. Dopo aver studiato Architettura all'Universit\u00e0 di Firenze, si \u00e8 impegnato in molteplici campi: comunicazione grafica, progettazione di allestimenti fieristici, brand design, Interior Design.\",\"sameAs\":[\"http:\/\/benedettofiori.com\",\"https:\/\/www.facebook.com\/benedettofiori\",\"https:\/\/x.com\/benedettofiori\"],\"url\":\"https:\/\/socialdesignmagazine.com\/mag\/author\/benedetto\/\"}]}<\/script>\n<!-- \/ Yoast SEO plugin. -->","yoast_head_json":{"title":"Partecipa ad un corso di Fai-da-te alla \"Festa del Bricolage\" da Leroy Merlin dal 16 ottobre 2013 - Social Design Magazine","description":"Leroy Merlin offre la possibilit\u00e0 di partecipare a dei Corsi di Fai-da-Te per scoprire delle abilit\u00e0 che non avremmo mai pensato di avere!","robots":{"index":"index","follow":"follow","max-snippet":"max-snippet:-1","max-image-preview":"max-image-preview:large","max-video-preview":"max-video-preview:-1"},"canonical":"https:\/\/socialdesignmagazine.com\/mag\/news\/design-news\/partecipa-ad-un-corso-di-fai-da-te-alla-qfesta-del-bricolageq-da-leroy-merlin-dal-16-ottobre-2013\/","og_locale":"it_IT","og_type":"article","og_title":"Partecipa ad un corso di Fai-da-te alla \"Festa del Bricolage\" da Leroy Merlin dal 16 ottobre 2013 - Social Design Magazine","og_description":"Leroy Merlin offre la possibilit\u00e0 di partecipare a dei Corsi di Fai-da-Te per scoprire delle abilit\u00e0 che non avremmo mai pensato di avere!","og_url":"http:\/\/socialdesignmagazine.com\/mag\/news\/design-news\/partecipa-ad-un-corso-di-fai-da-te-alla-qfesta-del-bricolageq-da-leroy-merlin-dal-16-ottobre-2013\/","og_site_name":"Social Design Magazine","article_publisher":"https:\/\/www.facebook.com\/socialdesignmag","article_author":"https:\/\/www.facebook.com\/benedettofiori","article_published_time":"2013-10-23T21:10:00+00:00","article_modified_time":"2024-07-15T19:47:47+00:00","og_image":[{"width":720,"height":404,"url":"https:\/\/socialdesignmagazine.com\/mag\/wp-content\/uploads\/2013\/10\/benedetto_leroy_merlin_festa_del_bricolage_festa_del_bricolage_leroy_merlin.jpg","type":"image\/jpeg"}],"author":"Benedetto Fiori","twitter_card":"summary_large_image","twitter_creator":"@benedettofiori","twitter_site":"@socialdesignmag","twitter_misc":{"Scritto da":"Benedetto Fiori","Tempo di lettura stimato":"2 minuti"},"schema":{"@context":"https:\/\/schema.org","@graph":[{"@type":"Article","@id":"https:\/\/socialdesignmagazine.com\/mag\/news\/design-news\/partecipa-ad-un-corso-di-fai-da-te-alla-qfesta-del-bricolageq-da-leroy-merlin-dal-16-ottobre-2013\/#article","isPartOf":{"@id":"https:\/\/socialdesignmagazine.com\/mag\/news\/design-news\/partecipa-ad-un-corso-di-fai-da-te-alla-qfesta-del-bricolageq-da-leroy-merlin-dal-16-ottobre-2013\/"},"author":{"name":"Benedetto Fiori","@id":"https:\/\/socialdesignmagazine.com\/mag\/#\/schema\/person\/61e20205cc363c315e6aabd33a045846"},"headline":"Partecipa ad un corso di Fai-da-te alla &#8220;Festa del Bricolage&#8221; da Leroy Merlin dal 16 ottobre 2013","datePublished":"2013-10-23T21:10:00+00:00","dateModified":"2024-07-15T19:47:47+00:00","mainEntityOfPage":{"@id":"https:\/\/socialdesignmagazine.com\/mag\/news\/design-news\/partecipa-ad-un-corso-di-fai-da-te-alla-qfesta-del-bricolageq-da-leroy-merlin-dal-16-ottobre-2013\/"},"wordCount":342,"commentCount":0,"publisher":{"@id":"https:\/\/socialdesignmagazine.com\/mag\/#organization"},"image":{"@id":"https:\/\/socialdesignmagazine.com\/mag\/news\/design-news\/partecipa-ad-un-corso-di-fai-da-te-alla-qfesta-del-bricolageq-da-leroy-merlin-dal-16-ottobre-2013\/#primaryimage"},"thumbnailUrl":"https:\/\/socialdesignmagazine.com\/mag\/wp-content\/uploads\/2013\/10\/benedetto_leroy_merlin_festa_del_bricolage_festa_del_bricolage_leroy_merlin.jpg","keywords":["leroy merlin","sponsored post"],"articleSection":["Design News"],"inLanguage":"it-IT","potentialAction":[{"@type":"CommentAction","name":"Comment","target":["https:\/\/socialdesignmagazine.com\/mag\/news\/design-news\/partecipa-ad-un-corso-di-fai-da-te-alla-qfesta-del-bricolageq-da-leroy-merlin-dal-16-ottobre-2013\/#respond"]}]},{"@type":"WebPage","@id":"https:\/\/socialdesignmagazine.com\/mag\/news\/design-news\/partecipa-ad-un-corso-di-fai-da-te-alla-qfesta-del-bricolageq-da-leroy-merlin-dal-16-ottobre-2013\/","url":"https:\/\/socialdesignmagazine.com\/mag\/news\/design-news\/partecipa-ad-un-corso-di-fai-da-te-alla-qfesta-del-bricolageq-da-leroy-merlin-dal-16-ottobre-2013\/","name":"Partecipa ad un corso di Fai-da-te alla \"Festa del Bricolage\" da Leroy Merlin dal 16 ottobre 2013 - Social Design Magazine","isPartOf":{"@id":"https:\/\/socialdesignmagazine.com\/mag\/#website"},"primaryImageOfPage":{"@id":"https:\/\/socialdesignmagazine.com\/mag\/news\/design-news\/partecipa-ad-un-corso-di-fai-da-te-alla-qfesta-del-bricolageq-da-leroy-merlin-dal-16-ottobre-2013\/#primaryimage"},"image":{"@id":"https:\/\/socialdesignmagazine.com\/mag\/news\/design-news\/partecipa-ad-un-corso-di-fai-da-te-alla-qfesta-del-bricolageq-da-leroy-merlin-dal-16-ottobre-2013\/#primaryimage"},"thumbnailUrl":"https:\/\/socialdesignmagazine.com\/mag\/wp-content\/uploads\/2013\/10\/benedetto_leroy_merlin_festa_del_bricolage_festa_del_bricolage_leroy_merlin.jpg","datePublished":"2013-10-23T21:10:00+00:00","dateModified":"2024-07-15T19:47:47+00:00","description":"Leroy Merlin offre la possibilit\u00e0 di partecipare a dei Corsi di Fai-da-Te per scoprire delle abilit\u00e0 che non avremmo mai pensato di avere!","breadcrumb":{"@id":"https:\/\/socialdesignmagazine.com\/mag\/news\/design-news\/partecipa-ad-un-corso-di-fai-da-te-alla-qfesta-del-bricolageq-da-leroy-merlin-dal-16-ottobre-2013\/#breadcrumb"},"inLanguage":"it-IT","potentialAction":[{"@type":"ReadAction","target":["https:\/\/socialdesignmagazine.com\/mag\/news\/design-news\/partecipa-ad-un-corso-di-fai-da-te-alla-qfesta-del-bricolageq-da-leroy-merlin-dal-16-ottobre-2013\/"]}]},{"@type":"ImageObject","inLanguage":"it-IT","@id":"https:\/\/socialdesignmagazine.com\/mag\/news\/design-news\/partecipa-ad-un-corso-di-fai-da-te-alla-qfesta-del-bricolageq-da-leroy-merlin-dal-16-ottobre-2013\/#primaryimage","url":"https:\/\/socialdesignmagazine.com\/mag\/wp-content\/uploads\/2013\/10\/benedetto_leroy_merlin_festa_del_bricolage_festa_del_bricolage_leroy_merlin.jpg","contentUrl":"https:\/\/socialdesignmagazine.com\/mag\/wp-content\/uploads\/2013\/10\/benedetto_leroy_merlin_festa_del_bricolage_festa_del_bricolage_leroy_merlin.jpg","width":720,"height":404,"caption":"festa del bricolage leroy merlin"},{"@type":"BreadcrumbList","@id":"https:\/\/socialdesignmagazine.com\/mag\/news\/design-news\/partecipa-ad-un-corso-di-fai-da-te-alla-qfesta-del-bricolageq-da-leroy-merlin-dal-16-ottobre-2013\/#breadcrumb","itemListElement":[{"@type":"ListItem","position":1,"name":"Home","item":"https:\/\/socialdesignmagazine.com\/mag\/"},{"@type":"ListItem","position":2,"name":"News","item":"https:\/\/socialdesignmagazine.com\/mag\/news\/"},{"@type":"ListItem","position":3,"name":"Design News","item":"https:\/\/socialdesignmagazine.com\/mag\/news\/design-news\/"},{"@type":"ListItem","position":4,"name":"Partecipa ad un corso di Fai-da-te alla &#8220;Festa del Bricolage&#8221; da Leroy Merlin dal 16 ottobre 2013"}]},{"@type":"WebSite","@id":"https:\/\/socialdesignmagazine.com\/mag\/#website","url":"https:\/\/socialdesignmagazine.com\/mag\/","name":"Social Design Magazine","description":"Social Magazine su Design, Architettura, Arte, Grafica","publisher":{"@id":"https:\/\/socialdesignmagazine.com\/mag\/#organization"},"potentialAction":[{"@type":"SearchAction","target":{"@type":"EntryPoint","urlTemplate":"https:\/\/socialdesignmagazine.com\/mag\/?s={search_term_string}"},"query-input":{"@type":"PropertyValueSpecification","valueRequired":true,"valueName":"search_term_string"}}],"inLanguage":"it-IT"},{"@type":"Organization","@id":"https:\/\/socialdesignmagazine.com\/mag\/#organization","name":"Social Design Magazine","url":"https:\/\/socialdesignmagazine.com\/mag\/","logo":{"@type":"ImageObject","inLanguage":"it-IT","@id":"https:\/\/socialdesignmagazine.com\/mag\/#\/schema\/logo\/image\/","url":"https:\/\/socialdesignmagazine.com\/mag\/wp-content\/uploads\/2017\/01\/logo_favicon_11.png","contentUrl":"https:\/\/socialdesignmagazine.com\/mag\/wp-content\/uploads\/2017\/01\/logo_favicon_11.png","width":1024,"height":1024,"caption":"Social Design Magazine"},"image":{"@id":"https:\/\/socialdesignmagazine.com\/mag\/#\/schema\/logo\/image\/"},"sameAs":["https:\/\/www.facebook.com\/socialdesignmag","https:\/\/x.com\/socialdesignmag","http:\/\/instagram.com\/social_design_magazine\/","http:\/\/pinterest.com\/socialdesignmag\/","http:\/\/www.youtube.com\/user\/socialdesignmagazine"]},{"@type":"Person","@id":"https:\/\/socialdesignmagazine.com\/mag\/#\/schema\/person\/61e20205cc363c315e6aabd33a045846","name":"Benedetto Fiori","image":{"@type":"ImageObject","inLanguage":"it-IT","@id":"https:\/\/secure.gravatar.com\/avatar\/450a48cefa36da63d920ad70aa660bd10725b1c6093800242e5efdb397759033?s=96&d=mm&r=g","url":"https:\/\/secure.gravatar.com\/avatar\/450a48cefa36da63d920ad70aa660bd10725b1c6093800242e5efdb397759033?s=96&d=mm&r=g","contentUrl":"https:\/\/secure.gravatar.com\/avatar\/450a48cefa36da63d920ad70aa660bd10725b1c6093800242e5efdb397759033?s=96&d=mm&r=g","caption":"Benedetto Fiori"},"description":"Web | Twitter | Facebook | Shutterstock Founder &amp; Editor in Chief di Social Design Magazine. Attratto da sempre da tutto ci\u00f2 che \u00e8 creativit\u00e0, design, architettura. Dopo aver studiato Architettura all'Universit\u00e0 di Firenze, si \u00e8 impegnato in molteplici campi: comunicazione grafica, progettazione di allestimenti fieristici, brand design, Interior Design.","sameAs":["http:\/\/benedettofiori.com","https:\/\/www.facebook.com\/benedettofiori","https:\/\/x.com\/benedettofiori"],"url":"https:\/\/socialdesignmagazine.com\/mag\/author\/benedetto\/"}]}},"jetpack_featured_media_url":"https:\/\/socialdesignmagazine.com\/mag\/wp-content\/uploads\/2013\/10\/benedetto_leroy_merlin_festa_del_bricolage_festa_del_bricolage_leroy_merlin.jpg","jetpack_sharing_enabled":true,"jetpack_shortlink":"https:\/\/wp.me\/p6cV7V-Dc","gt_translate_keys":[{"key":"link","format":"url"}],"_links":{"self":[{"href":"https:\/\/socialdesignmagazine.com\/mag\/wp-json\/wp\/v2\/posts\/2430","targetHints":{"allow":["GET"]}}],"collection":[{"href":"https:\/\/socialdesignmagazine.com\/mag\/wp-json\/wp\/v2\/posts"}],"about":[{"href":"https:\/\/socialdesignmagazine.com\/mag\/wp-json\/wp\/v2\/types\/post"}],"author":[{"embeddable":true,"href":"https:\/\/socialdesignmagazine.com\/mag\/wp-json\/wp\/v2\/users\/1"}],"replies":[{"embeddable":true,"href":"https:\/\/socialdesignmagazine.com\/mag\/wp-json\/wp\/v2\/comments?post=2430"}],"version-history":[{"count":1,"href":"https:\/\/socialdesignmagazine.com\/mag\/wp-json\/wp\/v2\/posts\/2430\/revisions"}],"predecessor-version":[{"id":62610,"href":"https:\/\/socialdesignmagazine.com\/mag\/wp-json\/wp\/v2\/posts\/2430\/revisions\/62610"}],"wp:featuredmedia":[{"embeddable":true,"href":"https:\/\/socialdesignmagazine.com\/mag\/wp-json\/wp\/v2\/media\/14210"}],"wp:attachment":[{"href":"https:\/\/socialdesignmagazine.com\/mag\/wp-json\/wp\/v2\/media?parent=2430"}],"wp:term":[{"taxonomy":"category","embeddable":true,"href":"https:\/\/socialdesignmagazine.com\/mag\/wp-json\/wp\/v2\/categories?post=2430"},{"taxonomy":"post_tag","embeddable":true,"href":"https:\/\/socialdesignmagazine.com\/mag\/wp-json\/wp\/v2\/tags?post=2430"}],"curies":[{"name":"wp","href":"https:\/\/api.w.org\/{rel}","templated":true}]}}