{"id":24722,"date":"2015-10-09T18:00:11","date_gmt":"2015-10-09T16:00:11","guid":{"rendered":"https:\/\/socialdesignmagazine.com\/mag\/?p=24722"},"modified":"2022-06-02T23:00:40","modified_gmt":"2022-06-02T21:00:40","slug":"alivar-conferma-la-presenza-a-i-saloni-worldwide-moscow-2015","status":"publish","type":"post","link":"https:\/\/socialdesignmagazine.com\/mag\/news\/design-news\/alivar-conferma-la-presenza-a-i-saloni-worldwide-moscow-2015\/","title":{"rendered":"Alivar conferma la presenza a I Saloni Worldwide Moscow 2015","gt_translate_keys":[{"key":"rendered","format":"text"}]},"content":{"rendered":"<h2>L\u2019azienda toscana <a rel=\"nofollow\" href=\"http:\/\/www.alivar.com\/\">ALIVAR<\/a> conferma la presenza all\u2019undicesima edizione de I Saloni Worldwide Moscow 2015 dal 14 al 17 ottobre (Stand C12 D15 \u2013 Hall 08).<\/h2>\n<p>In occasione di questa fiera, esposizione di riferimento\u00a0per il settore arredo-casa in Russia e nei Paesi limitrofi, ALIVAR presenta numerosi prodotti della nuova\u00a0collezione 2015 tra cui il divano Swing e il mobile bar Tratto, entrambi disegnati dall\u2019Architetto Giuseppe\u00a0Bavuso.<\/p>\n<div id=\"attachment_24725\" style=\"width: 890px\" class=\"wp-caption alignnone\"><a href=\"https:\/\/socialdesignmagazine.com\/mag\/news\/design-news\/alivar-conferma-la-presenza-a-i-saloni-worldwide-moscow-2015\/attachment\/swing_3\/#content\" rel=\"attachment wp-att-24725\"><img loading=\"lazy\" decoding=\"async\" aria-describedby=\"caption-attachment-24725\" data-attachment-id=\"24725\" data-permalink=\"https:\/\/socialdesignmagazine.com\/mag\/news\/design-news\/alivar-conferma-la-presenza-a-i-saloni-worldwide-moscow-2015\/attachment\/swing_3\/#content\" data-orig-file=\"https:\/\/socialdesignmagazine.com\/mag\/wp-content\/uploads\/2015\/10\/SWING_3.jpg\" data-orig-size=\"880,1320\" data-comments-opened=\"1\" data-image-meta=\"{&quot;aperture&quot;:&quot;0&quot;,&quot;credit&quot;:&quot;&quot;,&quot;camera&quot;:&quot;&quot;,&quot;caption&quot;:&quot;&quot;,&quot;created_timestamp&quot;:&quot;0&quot;,&quot;copyright&quot;:&quot;&quot;,&quot;focal_length&quot;:&quot;0&quot;,&quot;iso&quot;:&quot;0&quot;,&quot;shutter_speed&quot;:&quot;0&quot;,&quot;title&quot;:&quot;&quot;,&quot;orientation&quot;:&quot;0&quot;}\" data-image-title=\"SWING_3\" data-image-description=\"\" data-image-caption=\"\" data-medium-file=\"https:\/\/socialdesignmagazine.com\/mag\/wp-content\/uploads\/2015\/10\/SWING_3-396x256.jpg\" data-large-file=\"https:\/\/socialdesignmagazine.com\/mag\/wp-content\/uploads\/2015\/10\/SWING_3.jpg\" class=\"wp-image-24725 size-full\" src=\"https:\/\/socialdesignmagazine.com\/mag\/wp-content\/uploads\/2015\/10\/SWING_3.jpg\" alt=\"I Saloni Worldwide Moscow 2015, divano SWING Alivar\" width=\"880\" height=\"1320\" srcset=\"https:\/\/socialdesignmagazine.com\/mag\/wp-content\/uploads\/2015\/10\/SWING_3.jpg 880w, https:\/\/socialdesignmagazine.com\/mag\/wp-content\/uploads\/2015\/10\/SWING_3-768x1152.jpg 768w\" sizes=\"auto, (max-width: 880px) 100vw, 880px\" \/><\/a><p id=\"caption-attachment-24725\" class=\"wp-caption-text\">Swing \u00e8 un\u2019isola di comfort e d\u2019accoglienza dove potersi rilassare. Un sapiente gioco di proporzioni,\u00a0seducenti pellami, materiali tattili che si mixano creando atmosfere suggestive e senza tempo. Il modello \u00e8\u00a0molto versatile, modulando i vari elementi della linea si possono ottenere infinite soluzioni e composizioni.<\/p><\/div>\n<div id=\"attachment_24726\" style=\"width: 890px\" class=\"wp-caption alignnone\"><a href=\"https:\/\/socialdesignmagazine.com\/mag\/news\/design-news\/alivar-conferma-la-presenza-a-i-saloni-worldwide-moscow-2015\/attachment\/swing_4\/#content\" rel=\"attachment wp-att-24726\"><img loading=\"lazy\" decoding=\"async\" aria-describedby=\"caption-attachment-24726\" data-attachment-id=\"24726\" data-permalink=\"https:\/\/socialdesignmagazine.com\/mag\/news\/design-news\/alivar-conferma-la-presenza-a-i-saloni-worldwide-moscow-2015\/attachment\/swing_4\/#content\" data-orig-file=\"https:\/\/socialdesignmagazine.com\/mag\/wp-content\/uploads\/2015\/10\/SWING_4.jpg\" data-orig-size=\"880,1320\" data-comments-opened=\"1\" data-image-meta=\"{&quot;aperture&quot;:&quot;0&quot;,&quot;credit&quot;:&quot;&quot;,&quot;camera&quot;:&quot;&quot;,&quot;caption&quot;:&quot;&quot;,&quot;created_timestamp&quot;:&quot;0&quot;,&quot;copyright&quot;:&quot;&quot;,&quot;focal_length&quot;:&quot;0&quot;,&quot;iso&quot;:&quot;0&quot;,&quot;shutter_speed&quot;:&quot;0&quot;,&quot;title&quot;:&quot;&quot;,&quot;orientation&quot;:&quot;0&quot;}\" data-image-title=\"SWING_4\" data-image-description=\"\" data-image-caption=\"\" data-medium-file=\"https:\/\/socialdesignmagazine.com\/mag\/wp-content\/uploads\/2015\/10\/SWING_4-396x256.jpg\" data-large-file=\"https:\/\/socialdesignmagazine.com\/mag\/wp-content\/uploads\/2015\/10\/SWING_4.jpg\" class=\"wp-image-24726 size-full\" src=\"https:\/\/socialdesignmagazine.com\/mag\/wp-content\/uploads\/2015\/10\/SWING_4.jpg\" alt=\"I Saloni Worldwide Moscow 2015, divano SWING Alivar\" width=\"880\" height=\"1320\" srcset=\"https:\/\/socialdesignmagazine.com\/mag\/wp-content\/uploads\/2015\/10\/SWING_4.jpg 880w, https:\/\/socialdesignmagazine.com\/mag\/wp-content\/uploads\/2015\/10\/SWING_4-768x1152.jpg 768w\" sizes=\"auto, (max-width: 880px) 100vw, 880px\" \/><\/a><p id=\"caption-attachment-24726\" class=\"wp-caption-text\">Swing ha forme morbide e accoglienti che garantiscono un altissimo grado di comfort. Si pu\u00f2 inoltre dotare di\u00a0un piano d\u2019appoggio multifunzionale: un tavolino di servizio (disponibile in due diverse dimensioni) realizzato\u00a0con gambe in acciaio cromato o nickel nero e con una superficie in rovere termo-trattato o MDF laccato opaco\u00a0o lucido.<\/p><\/div>\n<p>Gli elementi imbottiti Swing invece hanno tutti una base in massello di rovere verniciato con telaio interno in\u00a0acciaio. La struttura in legno \u00e8 rivestita in gomma poliuretanica e trapunta in piuma sterilizzata, cos\u00ec come i\u00a0cuscini arricchiti con uno strato di schiuma memory. L\u2019intera linea \u00e8 disponibile con rivestimento in pelle o\u00a0tessuto in un\u2019ampia gamma di colori e finiture.<\/p>\n<div id=\"attachment_24727\" style=\"width: 890px\" class=\"wp-caption alignnone\"><a href=\"https:\/\/socialdesignmagazine.com\/mag\/news\/design-news\/alivar-conferma-la-presenza-a-i-saloni-worldwide-moscow-2015\/attachment\/tratto-bar_1\/#content\" rel=\"attachment wp-att-24727\"><img loading=\"lazy\" decoding=\"async\" aria-describedby=\"caption-attachment-24727\" data-attachment-id=\"24727\" data-permalink=\"https:\/\/socialdesignmagazine.com\/mag\/news\/design-news\/alivar-conferma-la-presenza-a-i-saloni-worldwide-moscow-2015\/attachment\/tratto-bar_1\/#content\" data-orig-file=\"https:\/\/socialdesignmagazine.com\/mag\/wp-content\/uploads\/2015\/10\/TRATTO-BAR_1.jpg\" data-orig-size=\"880,1320\" data-comments-opened=\"1\" data-image-meta=\"{&quot;aperture&quot;:&quot;0&quot;,&quot;credit&quot;:&quot;&quot;,&quot;camera&quot;:&quot;&quot;,&quot;caption&quot;:&quot;&quot;,&quot;created_timestamp&quot;:&quot;0&quot;,&quot;copyright&quot;:&quot;&quot;,&quot;focal_length&quot;:&quot;0&quot;,&quot;iso&quot;:&quot;0&quot;,&quot;shutter_speed&quot;:&quot;0&quot;,&quot;title&quot;:&quot;&quot;,&quot;orientation&quot;:&quot;0&quot;}\" data-image-title=\"TRATTO-BAR_1\" data-image-description=\"\" data-image-caption=\"\" data-medium-file=\"https:\/\/socialdesignmagazine.com\/mag\/wp-content\/uploads\/2015\/10\/TRATTO-BAR_1-396x256.jpg\" data-large-file=\"https:\/\/socialdesignmagazine.com\/mag\/wp-content\/uploads\/2015\/10\/TRATTO-BAR_1.jpg\" class=\"wp-image-24727 size-full\" src=\"https:\/\/socialdesignmagazine.com\/mag\/wp-content\/uploads\/2015\/10\/TRATTO-BAR_1.jpg\" alt=\"I Saloni Worldwide Moscow 2015, mobile bar Tratto by Alivar\" width=\"880\" height=\"1320\" srcset=\"https:\/\/socialdesignmagazine.com\/mag\/wp-content\/uploads\/2015\/10\/TRATTO-BAR_1.jpg 880w, https:\/\/socialdesignmagazine.com\/mag\/wp-content\/uploads\/2015\/10\/TRATTO-BAR_1-768x1152.jpg 768w\" sizes=\"auto, (max-width: 880px) 100vw, 880px\" \/><\/a><p id=\"caption-attachment-24727\" class=\"wp-caption-text\">Il nuovo mobile bar Tratto \u00e8 una proposta sofisticata e molto ricercata che rispecchia l\u2019eccellenza italiana.\u00a0Un prodotto che \u00e8 frutto di un lavoro meticoloso e artigianale, dove ogni dettaglio \u00e8 un elemento prezioso e\u00a0finemente curato.<\/p><\/div>\n<div id=\"attachment_24728\" style=\"width: 890px\" class=\"wp-caption alignnone\"><a href=\"https:\/\/socialdesignmagazine.com\/mag\/news\/design-news\/alivar-conferma-la-presenza-a-i-saloni-worldwide-moscow-2015\/attachment\/tratto-bar_2\/#content\" rel=\"attachment wp-att-24728\"><img loading=\"lazy\" decoding=\"async\" aria-describedby=\"caption-attachment-24728\" data-attachment-id=\"24728\" data-permalink=\"https:\/\/socialdesignmagazine.com\/mag\/news\/design-news\/alivar-conferma-la-presenza-a-i-saloni-worldwide-moscow-2015\/attachment\/tratto-bar_2\/#content\" data-orig-file=\"https:\/\/socialdesignmagazine.com\/mag\/wp-content\/uploads\/2015\/10\/TRATTO-BAR_2.jpg\" data-orig-size=\"880,1320\" data-comments-opened=\"1\" data-image-meta=\"{&quot;aperture&quot;:&quot;0&quot;,&quot;credit&quot;:&quot;&quot;,&quot;camera&quot;:&quot;&quot;,&quot;caption&quot;:&quot;&quot;,&quot;created_timestamp&quot;:&quot;0&quot;,&quot;copyright&quot;:&quot;&quot;,&quot;focal_length&quot;:&quot;0&quot;,&quot;iso&quot;:&quot;0&quot;,&quot;shutter_speed&quot;:&quot;0&quot;,&quot;title&quot;:&quot;&quot;,&quot;orientation&quot;:&quot;0&quot;}\" data-image-title=\"TRATTO-BAR_2\" data-image-description=\"\" data-image-caption=\"\" data-medium-file=\"https:\/\/socialdesignmagazine.com\/mag\/wp-content\/uploads\/2015\/10\/TRATTO-BAR_2-396x256.jpg\" data-large-file=\"https:\/\/socialdesignmagazine.com\/mag\/wp-content\/uploads\/2015\/10\/TRATTO-BAR_2.jpg\" class=\"wp-image-24728 size-full\" src=\"https:\/\/socialdesignmagazine.com\/mag\/wp-content\/uploads\/2015\/10\/TRATTO-BAR_2.jpg\" alt=\"I Saloni Worldwide Moscow 2015, mobile bar Tratto by Alivar\" width=\"880\" height=\"1320\" srcset=\"https:\/\/socialdesignmagazine.com\/mag\/wp-content\/uploads\/2015\/10\/TRATTO-BAR_2.jpg 880w, https:\/\/socialdesignmagazine.com\/mag\/wp-content\/uploads\/2015\/10\/TRATTO-BAR_2-768x1152.jpg 768w\" sizes=\"auto, (max-width: 880px) 100vw, 880px\" \/><\/a><p id=\"caption-attachment-24728\" class=\"wp-caption-text\">Nella nuova collezione 2015 il sistema Tratto \u00e8 declinato nella versione madia in noce di\u00a0colore o rovere termo-trattato, con ante e top in cuoio. La particolarit\u00e0 della struttura \u00e8 al suo interno: un vano\u00a0attrezzato con un raffinato specchio per donare profondit\u00e0, diversi ripiani, 3 cassetti e 4 cassettini in cuoio. Un\u00a0mobile bar esclusivo che permette di riscoprire con stile il momento conviviale del cocktail durante la giornata.<\/p><\/div>\n<p>Tratto \u00e8 un sistema di contenitori dedicati a spazi domestici di sofisticata concezione, firmata ALIVAR.<\/p>\n","protected":false,"gt_translate_keys":[{"key":"rendered","format":"html"}]},"excerpt":{"rendered":"<p>L\u2019azienda toscana ALIVAR conferma la presenza all\u2019undicesima edizione de I Saloni Worldwide Moscow 2015 dal 14 al 17 ottobre (Stand C12 D15 \u2013 Hall 08).<\/p>\n","protected":false,"gt_translate_keys":[{"key":"rendered","format":"html"}]},"author":1,"featured_media":24724,"comment_status":"open","ping_status":"open","sticky":false,"template":"","format":"standard","meta":{"jetpack_post_was_ever_published":false,"_jetpack_newsletter_access":"","_jetpack_dont_email_post_to_subs":false,"_jetpack_newsletter_tier_id":0,"_jetpack_memberships_contains_paywalled_content":false,"_jetpack_memberships_contains_paid_content":false,"footnotes":"","_wpscppro_dont_share_socialmedia":false,"_wpscppro_custom_social_share_image":0,"_facebook_share_type":"","_twitter_share_type":"","_linkedin_share_type":"","_pinterest_share_type":"","_linkedin_share_type_page":"","_instagram_share_type":"","_medium_share_type":"","_threads_share_type":"","_google_business_share_type":"","_selected_social_profile":[],"_wpsp_enable_custom_social_template":false,"_wpsp_social_scheduling":{"enabled":false,"datetime":null,"platforms":[],"status":"template_only","dateOption":"today","timeOption":"now","customDays":"","customHours":"","customDate":"","customTime":"","schedulingType":"absolute"},"_wpsp_active_default_template":true},"categories":[17],"tags":[2002,37,3670],"class_list":["post-24722","post","type-post","status-publish","format-standard","has-post-thumbnail","hentry","category-design-news","tag-alivar","tag-divano","tag-mobile-bar"],"yoast_head":"<!-- This site is optimized with the Yoast SEO plugin v27.2 - https:\/\/yoast.com\/product\/yoast-seo-wordpress\/ -->\n<title>Alivar conferma la presenza a I Saloni Worldwide Moscow 2015<\/title>\n<meta name=\"description\" content=\"L\u2019azienda toscana ALIVAR conferma la presenza all\u2019undicesima edizione de I Saloni Worldwide Moscow 2015 dal 14 al 17 ottobre (Stand C12 D15 \u2013 Hall 08).\" \/>\n<meta name=\"robots\" content=\"index, follow, max-snippet:-1, max-image-preview:large, max-video-preview:-1\" \/>\n<link rel=\"canonical\" href=\"https:\/\/socialdesignmagazine.com\/mag\/news\/design-news\/alivar-conferma-la-presenza-a-i-saloni-worldwide-moscow-2015\/\" \/>\n<meta property=\"og:locale\" content=\"it_IT\" \/>\n<meta property=\"og:type\" content=\"article\" \/>\n<meta property=\"og:title\" content=\"Alivar conferma la presenza a I Saloni Worldwide Moscow 2015\" \/>\n<meta property=\"og:description\" content=\"L\u2019azienda toscana ALIVAR conferma la presenza all\u2019undicesima edizione de I Saloni Worldwide Moscow 2015 dal 14 al 17 ottobre (Stand C12 D15 \u2013 Hall 08).\" \/>\n<meta property=\"og:url\" content=\"http:\/\/socialdesignmagazine.com\/mag\/news\/design-news\/alivar-conferma-la-presenza-a-i-saloni-worldwide-moscow-2015\/\" \/>\n<meta property=\"og:site_name\" content=\"Social Design Magazine\" \/>\n<meta property=\"article:publisher\" content=\"https:\/\/www.facebook.com\/socialdesignmag\" \/>\n<meta property=\"article:author\" content=\"https:\/\/www.facebook.com\/benedettofiori\" \/>\n<meta property=\"article:published_time\" content=\"2015-10-09T16:00:11+00:00\" \/>\n<meta property=\"article:modified_time\" content=\"2022-06-02T21:00:40+00:00\" \/>\n<meta property=\"og:image\" content=\"https:\/\/socialdesignmagazine.com\/mag\/wp-content\/uploads\/2015\/10\/SWING_2.jpg\" \/>\n\t<meta property=\"og:image:width\" content=\"880\" \/>\n\t<meta property=\"og:image:height\" content=\"586\" \/>\n\t<meta property=\"og:image:type\" content=\"image\/jpeg\" \/>\n<meta name=\"author\" content=\"Benedetto Fiori\" \/>\n<meta name=\"twitter:card\" content=\"summary_large_image\" \/>\n<meta name=\"twitter:creator\" content=\"@benedettofiori\" \/>\n<meta name=\"twitter:site\" content=\"@socialdesignmag\" \/>\n<meta name=\"twitter:label1\" content=\"Scritto da\" \/>\n\t<meta name=\"twitter:data1\" content=\"Benedetto Fiori\" \/>\n\t<meta name=\"twitter:label2\" content=\"Tempo di lettura stimato\" \/>\n\t<meta name=\"twitter:data2\" content=\"3 minuti\" \/>\n<script type=\"application\/ld+json\" class=\"yoast-schema-graph\">{\"@context\":\"https:\/\/schema.org\",\"@graph\":[{\"@type\":\"Article\",\"@id\":\"https:\/\/socialdesignmagazine.com\/mag\/news\/design-news\/alivar-conferma-la-presenza-a-i-saloni-worldwide-moscow-2015\/#article\",\"isPartOf\":{\"@id\":\"https:\/\/socialdesignmagazine.com\/mag\/news\/design-news\/alivar-conferma-la-presenza-a-i-saloni-worldwide-moscow-2015\/\"},\"author\":{\"name\":\"Benedetto Fiori\",\"@id\":\"https:\/\/socialdesignmagazine.com\/mag\/#\/schema\/person\/61e20205cc363c315e6aabd33a045846\"},\"headline\":\"Alivar conferma la presenza a I Saloni Worldwide Moscow 2015\",\"datePublished\":\"2015-10-09T16:00:11+00:00\",\"dateModified\":\"2022-06-02T21:00:40+00:00\",\"mainEntityOfPage\":{\"@id\":\"https:\/\/socialdesignmagazine.com\/mag\/news\/design-news\/alivar-conferma-la-presenza-a-i-saloni-worldwide-moscow-2015\/\"},\"wordCount\":375,\"commentCount\":0,\"publisher\":{\"@id\":\"https:\/\/socialdesignmagazine.com\/mag\/#organization\"},\"image\":{\"@id\":\"https:\/\/socialdesignmagazine.com\/mag\/news\/design-news\/alivar-conferma-la-presenza-a-i-saloni-worldwide-moscow-2015\/#primaryimage\"},\"thumbnailUrl\":\"https:\/\/socialdesignmagazine.com\/mag\/wp-content\/uploads\/2015\/10\/SWING_2.jpg\",\"keywords\":[\"alivar\",\"divano\",\"mobile bar\"],\"articleSection\":[\"Design News\"],\"inLanguage\":\"it-IT\",\"potentialAction\":[{\"@type\":\"CommentAction\",\"name\":\"Comment\",\"target\":[\"https:\/\/socialdesignmagazine.com\/mag\/news\/design-news\/alivar-conferma-la-presenza-a-i-saloni-worldwide-moscow-2015\/#respond\"]}]},{\"@type\":\"WebPage\",\"@id\":\"https:\/\/socialdesignmagazine.com\/mag\/news\/design-news\/alivar-conferma-la-presenza-a-i-saloni-worldwide-moscow-2015\/\",\"url\":\"https:\/\/socialdesignmagazine.com\/mag\/news\/design-news\/alivar-conferma-la-presenza-a-i-saloni-worldwide-moscow-2015\/\",\"name\":\"Alivar conferma la presenza a I Saloni Worldwide Moscow 2015\",\"isPartOf\":{\"@id\":\"https:\/\/socialdesignmagazine.com\/mag\/#website\"},\"primaryImageOfPage\":{\"@id\":\"https:\/\/socialdesignmagazine.com\/mag\/news\/design-news\/alivar-conferma-la-presenza-a-i-saloni-worldwide-moscow-2015\/#primaryimage\"},\"image\":{\"@id\":\"https:\/\/socialdesignmagazine.com\/mag\/news\/design-news\/alivar-conferma-la-presenza-a-i-saloni-worldwide-moscow-2015\/#primaryimage\"},\"thumbnailUrl\":\"https:\/\/socialdesignmagazine.com\/mag\/wp-content\/uploads\/2015\/10\/SWING_2.jpg\",\"datePublished\":\"2015-10-09T16:00:11+00:00\",\"dateModified\":\"2022-06-02T21:00:40+00:00\",\"description\":\"L\u2019azienda toscana ALIVAR conferma la presenza all\u2019undicesima edizione de I Saloni Worldwide Moscow 2015 dal 14 al 17 ottobre (Stand C12 D15 \u2013 Hall 08).\",\"breadcrumb\":{\"@id\":\"https:\/\/socialdesignmagazine.com\/mag\/news\/design-news\/alivar-conferma-la-presenza-a-i-saloni-worldwide-moscow-2015\/#breadcrumb\"},\"inLanguage\":\"it-IT\",\"potentialAction\":[{\"@type\":\"ReadAction\",\"target\":[\"https:\/\/socialdesignmagazine.com\/mag\/news\/design-news\/alivar-conferma-la-presenza-a-i-saloni-worldwide-moscow-2015\/\"]}]},{\"@type\":\"ImageObject\",\"inLanguage\":\"it-IT\",\"@id\":\"https:\/\/socialdesignmagazine.com\/mag\/news\/design-news\/alivar-conferma-la-presenza-a-i-saloni-worldwide-moscow-2015\/#primaryimage\",\"url\":\"https:\/\/socialdesignmagazine.com\/mag\/wp-content\/uploads\/2015\/10\/SWING_2.jpg\",\"contentUrl\":\"https:\/\/socialdesignmagazine.com\/mag\/wp-content\/uploads\/2015\/10\/SWING_2.jpg\",\"width\":880,\"height\":586,\"caption\":\"I Saloni Worldwide Moscow 2015, divano SWING Alivar\"},{\"@type\":\"BreadcrumbList\",\"@id\":\"https:\/\/socialdesignmagazine.com\/mag\/news\/design-news\/alivar-conferma-la-presenza-a-i-saloni-worldwide-moscow-2015\/#breadcrumb\",\"itemListElement\":[{\"@type\":\"ListItem\",\"position\":1,\"name\":\"Home\",\"item\":\"https:\/\/socialdesignmagazine.com\/mag\/\"},{\"@type\":\"ListItem\",\"position\":2,\"name\":\"News\",\"item\":\"https:\/\/socialdesignmagazine.com\/mag\/news\/\"},{\"@type\":\"ListItem\",\"position\":3,\"name\":\"Design News\",\"item\":\"https:\/\/socialdesignmagazine.com\/mag\/news\/design-news\/\"},{\"@type\":\"ListItem\",\"position\":4,\"name\":\"Alivar conferma la presenza a I Saloni Worldwide Moscow 2015\"}]},{\"@type\":\"WebSite\",\"@id\":\"https:\/\/socialdesignmagazine.com\/mag\/#website\",\"url\":\"https:\/\/socialdesignmagazine.com\/mag\/\",\"name\":\"Social Design Magazine\",\"description\":\"Social Magazine su Design, Architettura, Arte, Grafica\",\"publisher\":{\"@id\":\"https:\/\/socialdesignmagazine.com\/mag\/#organization\"},\"potentialAction\":[{\"@type\":\"SearchAction\",\"target\":{\"@type\":\"EntryPoint\",\"urlTemplate\":\"https:\/\/socialdesignmagazine.com\/mag\/?s={search_term_string}\"},\"query-input\":{\"@type\":\"PropertyValueSpecification\",\"valueRequired\":true,\"valueName\":\"search_term_string\"}}],\"inLanguage\":\"it-IT\"},{\"@type\":\"Organization\",\"@id\":\"https:\/\/socialdesignmagazine.com\/mag\/#organization\",\"name\":\"Social Design Magazine\",\"url\":\"https:\/\/socialdesignmagazine.com\/mag\/\",\"logo\":{\"@type\":\"ImageObject\",\"inLanguage\":\"it-IT\",\"@id\":\"https:\/\/socialdesignmagazine.com\/mag\/#\/schema\/logo\/image\/\",\"url\":\"https:\/\/socialdesignmagazine.com\/mag\/wp-content\/uploads\/2017\/01\/logo_favicon_11.png\",\"contentUrl\":\"https:\/\/socialdesignmagazine.com\/mag\/wp-content\/uploads\/2017\/01\/logo_favicon_11.png\",\"width\":1024,\"height\":1024,\"caption\":\"Social Design Magazine\"},\"image\":{\"@id\":\"https:\/\/socialdesignmagazine.com\/mag\/#\/schema\/logo\/image\/\"},\"sameAs\":[\"https:\/\/www.facebook.com\/socialdesignmag\",\"https:\/\/x.com\/socialdesignmag\",\"http:\/\/instagram.com\/social_design_magazine\/\",\"http:\/\/pinterest.com\/socialdesignmag\/\",\"http:\/\/www.youtube.com\/user\/socialdesignmagazine\"]},{\"@type\":\"Person\",\"@id\":\"https:\/\/socialdesignmagazine.com\/mag\/#\/schema\/person\/61e20205cc363c315e6aabd33a045846\",\"name\":\"Benedetto Fiori\",\"image\":{\"@type\":\"ImageObject\",\"inLanguage\":\"it-IT\",\"@id\":\"https:\/\/secure.gravatar.com\/avatar\/450a48cefa36da63d920ad70aa660bd10725b1c6093800242e5efdb397759033?s=96&d=mm&r=g\",\"url\":\"https:\/\/secure.gravatar.com\/avatar\/450a48cefa36da63d920ad70aa660bd10725b1c6093800242e5efdb397759033?s=96&d=mm&r=g\",\"contentUrl\":\"https:\/\/secure.gravatar.com\/avatar\/450a48cefa36da63d920ad70aa660bd10725b1c6093800242e5efdb397759033?s=96&d=mm&r=g\",\"caption\":\"Benedetto Fiori\"},\"description\":\"Web | Twitter | Facebook | Shutterstock Founder &amp; Editor in Chief di Social Design Magazine. Attratto da sempre da tutto ci\u00f2 che \u00e8 creativit\u00e0, design, architettura. Dopo aver studiato Architettura all'Universit\u00e0 di Firenze, si \u00e8 impegnato in molteplici campi: comunicazione grafica, progettazione di allestimenti fieristici, brand design, Interior Design.\",\"sameAs\":[\"http:\/\/benedettofiori.com\",\"https:\/\/www.facebook.com\/benedettofiori\",\"https:\/\/x.com\/benedettofiori\"],\"url\":\"https:\/\/socialdesignmagazine.com\/mag\/author\/benedetto\/\"}]}<\/script>\n<!-- \/ Yoast SEO plugin. -->","yoast_head_json":{"title":"Alivar conferma la presenza a I Saloni Worldwide Moscow 2015","description":"L\u2019azienda toscana ALIVAR conferma la presenza all\u2019undicesima edizione de I Saloni Worldwide Moscow 2015 dal 14 al 17 ottobre (Stand C12 D15 \u2013 Hall 08).","robots":{"index":"index","follow":"follow","max-snippet":"max-snippet:-1","max-image-preview":"max-image-preview:large","max-video-preview":"max-video-preview:-1"},"canonical":"https:\/\/socialdesignmagazine.com\/mag\/news\/design-news\/alivar-conferma-la-presenza-a-i-saloni-worldwide-moscow-2015\/","og_locale":"it_IT","og_type":"article","og_title":"Alivar conferma la presenza a I Saloni Worldwide Moscow 2015","og_description":"L\u2019azienda toscana ALIVAR conferma la presenza all\u2019undicesima edizione de I Saloni Worldwide Moscow 2015 dal 14 al 17 ottobre (Stand C12 D15 \u2013 Hall 08).","og_url":"http:\/\/socialdesignmagazine.com\/mag\/news\/design-news\/alivar-conferma-la-presenza-a-i-saloni-worldwide-moscow-2015\/","og_site_name":"Social Design Magazine","article_publisher":"https:\/\/www.facebook.com\/socialdesignmag","article_author":"https:\/\/www.facebook.com\/benedettofiori","article_published_time":"2015-10-09T16:00:11+00:00","article_modified_time":"2022-06-02T21:00:40+00:00","og_image":[{"width":880,"height":586,"url":"https:\/\/socialdesignmagazine.com\/mag\/wp-content\/uploads\/2015\/10\/SWING_2.jpg","type":"image\/jpeg"}],"author":"Benedetto Fiori","twitter_card":"summary_large_image","twitter_creator":"@benedettofiori","twitter_site":"@socialdesignmag","twitter_misc":{"Scritto da":"Benedetto Fiori","Tempo di lettura stimato":"3 minuti"},"schema":{"@context":"https:\/\/schema.org","@graph":[{"@type":"Article","@id":"https:\/\/socialdesignmagazine.com\/mag\/news\/design-news\/alivar-conferma-la-presenza-a-i-saloni-worldwide-moscow-2015\/#article","isPartOf":{"@id":"https:\/\/socialdesignmagazine.com\/mag\/news\/design-news\/alivar-conferma-la-presenza-a-i-saloni-worldwide-moscow-2015\/"},"author":{"name":"Benedetto Fiori","@id":"https:\/\/socialdesignmagazine.com\/mag\/#\/schema\/person\/61e20205cc363c315e6aabd33a045846"},"headline":"Alivar conferma la presenza a I Saloni Worldwide Moscow 2015","datePublished":"2015-10-09T16:00:11+00:00","dateModified":"2022-06-02T21:00:40+00:00","mainEntityOfPage":{"@id":"https:\/\/socialdesignmagazine.com\/mag\/news\/design-news\/alivar-conferma-la-presenza-a-i-saloni-worldwide-moscow-2015\/"},"wordCount":375,"commentCount":0,"publisher":{"@id":"https:\/\/socialdesignmagazine.com\/mag\/#organization"},"image":{"@id":"https:\/\/socialdesignmagazine.com\/mag\/news\/design-news\/alivar-conferma-la-presenza-a-i-saloni-worldwide-moscow-2015\/#primaryimage"},"thumbnailUrl":"https:\/\/socialdesignmagazine.com\/mag\/wp-content\/uploads\/2015\/10\/SWING_2.jpg","keywords":["alivar","divano","mobile bar"],"articleSection":["Design News"],"inLanguage":"it-IT","potentialAction":[{"@type":"CommentAction","name":"Comment","target":["https:\/\/socialdesignmagazine.com\/mag\/news\/design-news\/alivar-conferma-la-presenza-a-i-saloni-worldwide-moscow-2015\/#respond"]}]},{"@type":"WebPage","@id":"https:\/\/socialdesignmagazine.com\/mag\/news\/design-news\/alivar-conferma-la-presenza-a-i-saloni-worldwide-moscow-2015\/","url":"https:\/\/socialdesignmagazine.com\/mag\/news\/design-news\/alivar-conferma-la-presenza-a-i-saloni-worldwide-moscow-2015\/","name":"Alivar conferma la presenza a I Saloni Worldwide Moscow 2015","isPartOf":{"@id":"https:\/\/socialdesignmagazine.com\/mag\/#website"},"primaryImageOfPage":{"@id":"https:\/\/socialdesignmagazine.com\/mag\/news\/design-news\/alivar-conferma-la-presenza-a-i-saloni-worldwide-moscow-2015\/#primaryimage"},"image":{"@id":"https:\/\/socialdesignmagazine.com\/mag\/news\/design-news\/alivar-conferma-la-presenza-a-i-saloni-worldwide-moscow-2015\/#primaryimage"},"thumbnailUrl":"https:\/\/socialdesignmagazine.com\/mag\/wp-content\/uploads\/2015\/10\/SWING_2.jpg","datePublished":"2015-10-09T16:00:11+00:00","dateModified":"2022-06-02T21:00:40+00:00","description":"L\u2019azienda toscana ALIVAR conferma la presenza all\u2019undicesima edizione de I Saloni Worldwide Moscow 2015 dal 14 al 17 ottobre (Stand C12 D15 \u2013 Hall 08).","breadcrumb":{"@id":"https:\/\/socialdesignmagazine.com\/mag\/news\/design-news\/alivar-conferma-la-presenza-a-i-saloni-worldwide-moscow-2015\/#breadcrumb"},"inLanguage":"it-IT","potentialAction":[{"@type":"ReadAction","target":["https:\/\/socialdesignmagazine.com\/mag\/news\/design-news\/alivar-conferma-la-presenza-a-i-saloni-worldwide-moscow-2015\/"]}]},{"@type":"ImageObject","inLanguage":"it-IT","@id":"https:\/\/socialdesignmagazine.com\/mag\/news\/design-news\/alivar-conferma-la-presenza-a-i-saloni-worldwide-moscow-2015\/#primaryimage","url":"https:\/\/socialdesignmagazine.com\/mag\/wp-content\/uploads\/2015\/10\/SWING_2.jpg","contentUrl":"https:\/\/socialdesignmagazine.com\/mag\/wp-content\/uploads\/2015\/10\/SWING_2.jpg","width":880,"height":586,"caption":"I Saloni Worldwide Moscow 2015, divano SWING Alivar"},{"@type":"BreadcrumbList","@id":"https:\/\/socialdesignmagazine.com\/mag\/news\/design-news\/alivar-conferma-la-presenza-a-i-saloni-worldwide-moscow-2015\/#breadcrumb","itemListElement":[{"@type":"ListItem","position":1,"name":"Home","item":"https:\/\/socialdesignmagazine.com\/mag\/"},{"@type":"ListItem","position":2,"name":"News","item":"https:\/\/socialdesignmagazine.com\/mag\/news\/"},{"@type":"ListItem","position":3,"name":"Design News","item":"https:\/\/socialdesignmagazine.com\/mag\/news\/design-news\/"},{"@type":"ListItem","position":4,"name":"Alivar conferma la presenza a I Saloni Worldwide Moscow 2015"}]},{"@type":"WebSite","@id":"https:\/\/socialdesignmagazine.com\/mag\/#website","url":"https:\/\/socialdesignmagazine.com\/mag\/","name":"Social Design Magazine","description":"Social Magazine su Design, Architettura, Arte, Grafica","publisher":{"@id":"https:\/\/socialdesignmagazine.com\/mag\/#organization"},"potentialAction":[{"@type":"SearchAction","target":{"@type":"EntryPoint","urlTemplate":"https:\/\/socialdesignmagazine.com\/mag\/?s={search_term_string}"},"query-input":{"@type":"PropertyValueSpecification","valueRequired":true,"valueName":"search_term_string"}}],"inLanguage":"it-IT"},{"@type":"Organization","@id":"https:\/\/socialdesignmagazine.com\/mag\/#organization","name":"Social Design Magazine","url":"https:\/\/socialdesignmagazine.com\/mag\/","logo":{"@type":"ImageObject","inLanguage":"it-IT","@id":"https:\/\/socialdesignmagazine.com\/mag\/#\/schema\/logo\/image\/","url":"https:\/\/socialdesignmagazine.com\/mag\/wp-content\/uploads\/2017\/01\/logo_favicon_11.png","contentUrl":"https:\/\/socialdesignmagazine.com\/mag\/wp-content\/uploads\/2017\/01\/logo_favicon_11.png","width":1024,"height":1024,"caption":"Social Design Magazine"},"image":{"@id":"https:\/\/socialdesignmagazine.com\/mag\/#\/schema\/logo\/image\/"},"sameAs":["https:\/\/www.facebook.com\/socialdesignmag","https:\/\/x.com\/socialdesignmag","http:\/\/instagram.com\/social_design_magazine\/","http:\/\/pinterest.com\/socialdesignmag\/","http:\/\/www.youtube.com\/user\/socialdesignmagazine"]},{"@type":"Person","@id":"https:\/\/socialdesignmagazine.com\/mag\/#\/schema\/person\/61e20205cc363c315e6aabd33a045846","name":"Benedetto Fiori","image":{"@type":"ImageObject","inLanguage":"it-IT","@id":"https:\/\/secure.gravatar.com\/avatar\/450a48cefa36da63d920ad70aa660bd10725b1c6093800242e5efdb397759033?s=96&d=mm&r=g","url":"https:\/\/secure.gravatar.com\/avatar\/450a48cefa36da63d920ad70aa660bd10725b1c6093800242e5efdb397759033?s=96&d=mm&r=g","contentUrl":"https:\/\/secure.gravatar.com\/avatar\/450a48cefa36da63d920ad70aa660bd10725b1c6093800242e5efdb397759033?s=96&d=mm&r=g","caption":"Benedetto Fiori"},"description":"Web | Twitter | Facebook | Shutterstock Founder &amp; Editor in Chief di Social Design Magazine. Attratto da sempre da tutto ci\u00f2 che \u00e8 creativit\u00e0, design, architettura. Dopo aver studiato Architettura all'Universit\u00e0 di Firenze, si \u00e8 impegnato in molteplici campi: comunicazione grafica, progettazione di allestimenti fieristici, brand design, Interior Design.","sameAs":["http:\/\/benedettofiori.com","https:\/\/www.facebook.com\/benedettofiori","https:\/\/x.com\/benedettofiori"],"url":"https:\/\/socialdesignmagazine.com\/mag\/author\/benedetto\/"}]}},"jetpack_featured_media_url":"https:\/\/socialdesignmagazine.com\/mag\/wp-content\/uploads\/2015\/10\/SWING_2.jpg","jetpack_sharing_enabled":true,"jetpack_shortlink":"https:\/\/wp.me\/p6cV7V-6qK","gt_translate_keys":[{"key":"link","format":"url"}],"_links":{"self":[{"href":"https:\/\/socialdesignmagazine.com\/mag\/wp-json\/wp\/v2\/posts\/24722","targetHints":{"allow":["GET"]}}],"collection":[{"href":"https:\/\/socialdesignmagazine.com\/mag\/wp-json\/wp\/v2\/posts"}],"about":[{"href":"https:\/\/socialdesignmagazine.com\/mag\/wp-json\/wp\/v2\/types\/post"}],"author":[{"embeddable":true,"href":"https:\/\/socialdesignmagazine.com\/mag\/wp-json\/wp\/v2\/users\/1"}],"replies":[{"embeddable":true,"href":"https:\/\/socialdesignmagazine.com\/mag\/wp-json\/wp\/v2\/comments?post=24722"}],"version-history":[{"count":6,"href":"https:\/\/socialdesignmagazine.com\/mag\/wp-json\/wp\/v2\/posts\/24722\/revisions"}],"predecessor-version":[{"id":45313,"href":"https:\/\/socialdesignmagazine.com\/mag\/wp-json\/wp\/v2\/posts\/24722\/revisions\/45313"}],"wp:featuredmedia":[{"embeddable":true,"href":"https:\/\/socialdesignmagazine.com\/mag\/wp-json\/wp\/v2\/media\/24724"}],"wp:attachment":[{"href":"https:\/\/socialdesignmagazine.com\/mag\/wp-json\/wp\/v2\/media?parent=24722"}],"wp:term":[{"taxonomy":"category","embeddable":true,"href":"https:\/\/socialdesignmagazine.com\/mag\/wp-json\/wp\/v2\/categories?post=24722"},{"taxonomy":"post_tag","embeddable":true,"href":"https:\/\/socialdesignmagazine.com\/mag\/wp-json\/wp\/v2\/tags?post=24722"}],"curies":[{"name":"wp","href":"https:\/\/api.w.org\/{rel}","templated":true}]}}