{"id":24831,"date":"2015-10-16T11:45:48","date_gmt":"2015-10-16T09:45:48","guid":{"rendered":"https:\/\/socialdesignmagazine.com\/mag\/?p=24831"},"modified":"2015-11-08T13:34:01","modified_gmt":"2015-11-08T12:34:01","slug":"westway-architects-un-edificio-tra-passato-e-presente-a-milano","status":"publish","type":"post","link":"https:\/\/socialdesignmagazine.com\/mag\/architettura\/westway-architects-un-edificio-tra-passato-e-presente-a-milano\/","title":{"rendered":"Westway Architects, un edificio tra passato e presente a Milano","gt_translate_keys":[{"key":"rendered","format":"text"}]},"content":{"rendered":"<h2>Westway Architects fondano la loro idea progettuale sulla considerazione che\u00a0da sempre l\u2019architettura moderna di Milano si identifica con gli edifici a corte e le case di ringhiera.<\/h2>\n<p>\u00c9 questo il punto di partenza\u00a0per un originale intervento di ristrutturazione di un fabbricato risalente al 1882, all\u2019epoca destinato ad abitazione popolare in affitto, in viale Montegrappa 16.<\/p>\n<p>Il nuovo complesso residenziale, inserito nella zona tra Porta Garibaldi e Porta Nuova, divenuta il simbolo della Milano contemporanea, sembra ricucire idealmente il passato e il presente.<\/p>\n<h3>Doppia anima<\/h3>\n<p>Sul perimetro del vecchio edificio demolito, il nuovo condominio, destinato a usi commerciali e residenziali, \u00e8 risorto garantendo standard di sostenibilit\u00e0 (certificazione energetica CENED in Classe A) e adottando avanzate soluzioni tecnologiche e costruttive.<\/p>\n<p>Altrettanto rispettoso dei vincoli paesaggistici e storici, l\u2019edificio presenta una nuova facciata, ridisegnata mantenendo gli originari canoni estetici ottocenteschi con un solo dettaglio: i due piani superiori, utili all\u2019allineamento in altezza con gli edifici confinanti, sono racchiusi in una pelle di vetro. <em>\u201c\u00c8 un elemento che rompe il rigore della facciata ottocentesca e dichiara la contemporaneit\u00e0 dell\u2019intervento, declinandola in tutti gli aspetti progettuali: impianto distributivo interno, caratteristiche costruttive, materiali, standard abitativi, prestazioni energetiche elevate fino alla destinazione d\u2019uso mista\u201d<\/em>, chiarisce l\u2019architetto Maurizio Condoluci.<\/p>\n<h3>La corte con gli occhi<\/h3>\n<p>La sorpresa che si prova a Milano aprendo il portone di un edificio storico, non manca nel prestigioso fabbricato di viale Montegrappa, la cui corte \u00e8 divisa in orizzontale attraverso una copertura calpestabile che separa il piano terra, a destinazione commerciale, dalla zona residenziale che si sviluppa in verticale nei diversi corpi di fabbrica di quattro e sei piani, al di sopra di essa. La continuit\u00e0 fra i due livelli \u00e8 data da due alberi che \u201cbucano\u201d con due grandi occhi ellittici la copertura sulla quale si affacciano i 25 appartamenti di diversa dimensione e tipologia.<br \/>\n<em>\u201cI corpi di fabbrica, che perimetrano la corte, presentano altezze diverse e ampie zone a terrazzo per aprire il pi\u00f9 possibile la vista in orizzontale e verticale, eliminando l\u2019effetto di chiusura dello schema originario. Verso l\u2019interno il passaggio si articola dalla leggerezza alla densit\u00e0 con lo scopo di far percepire ai piani inferiori una spazialit\u00e0 dilatata, contrariamente a quanto avviene verso l\u2019esterno\u201d<\/em>, spiega l\u2019architetto Luca Aureggi.<\/p>\n<h3>I materiali e il verde amplificano le percezioni<\/h3>\n<p>Una volta entrati, la contrapposizione dei rivestimenti di legno per le superfici verticali e orizzontali fino al terzo piano e di pietra di Bedonia, dal quarto al sesto, definisce gli spazi e amplifica le percezioni sensoriali. I ballatoi, ripresi dallo schema ottocentesco, non sono pi\u00f9 pubblici ma privati (con porta d\u2019accesso) e usufruibili come spazi esterni abitabili, trasformando cos\u00ec le tradizionali case di ringhiera in moderne abitazioni, dove il verde delle terrazze e quello delle zone comuni piantumate, completano la sensazione di comfort visivo e percettivo complessivo.<\/p>\n<h3>La casa funzionale<\/h3>\n<p>Come nell\u2019esterno e nella parte architettonica, anche gli appartamenti sono curati nei minimi dettagli, con una distribuzione funzionale alla spazialit\u00e0 domestica e materiali e finiture di pregio. In linea con le esigenze sempre pi\u00f9 sofisticate, sono inoltre connotati da arredi di design contemporaneo, quali le pareti scorrevoli in vetro (Rimadesio) e le cucine (Boffi) complete di elettrodomestici.<\/p>\n<p><a href=\"https:\/\/socialdesignmagazine.com\/mag\/blog\/architettura\/westway-architects-un-edificio-tra-passato-e-presente-a-milano\/attachment\/westway-architects-viale-montegrappa-milano-01\/#content\" rel=\"attachment wp-att-24959\"><img loading=\"lazy\" decoding=\"async\" data-attachment-id=\"24959\" data-permalink=\"https:\/\/socialdesignmagazine.com\/mag\/architettura\/westway-architects-un-edificio-tra-passato-e-presente-a-milano\/attachment\/westway-architects-viale-montegrappa-milano-01\/#content\" data-orig-file=\"https:\/\/socialdesignmagazine.com\/mag\/wp-content\/uploads\/2015\/10\/Westway-Architects-viale-Montegrappa-Milano-01.jpg\" data-orig-size=\"880,585\" data-comments-opened=\"1\" data-image-meta=\"{&quot;aperture&quot;:&quot;0&quot;,&quot;credit&quot;:&quot;&quot;,&quot;camera&quot;:&quot;&quot;,&quot;caption&quot;:&quot;&quot;,&quot;created_timestamp&quot;:&quot;0&quot;,&quot;copyright&quot;:&quot;&quot;,&quot;focal_length&quot;:&quot;0&quot;,&quot;iso&quot;:&quot;0&quot;,&quot;shutter_speed&quot;:&quot;0&quot;,&quot;title&quot;:&quot;&quot;,&quot;orientation&quot;:&quot;0&quot;}\" data-image-title=\"Westway Architects viale Montegrappa Milano  01\" data-image-description=\"\" data-image-caption=\"\" data-medium-file=\"https:\/\/socialdesignmagazine.com\/mag\/wp-content\/uploads\/2015\/10\/Westway-Architects-viale-Montegrappa-Milano-01-396x256.jpg\" data-large-file=\"https:\/\/socialdesignmagazine.com\/mag\/wp-content\/uploads\/2015\/10\/Westway-Architects-viale-Montegrappa-Milano-01.jpg\" class=\"alignnone size-full wp-image-24959\" src=\"https:\/\/socialdesignmagazine.com\/mag\/wp-content\/uploads\/2015\/10\/Westway-Architects-viale-Montegrappa-Milano-01.jpg\" alt=\"Westway Architects viale Montegrappa Milano 01\" width=\"880\" height=\"585\" srcset=\"https:\/\/socialdesignmagazine.com\/mag\/wp-content\/uploads\/2015\/10\/Westway-Architects-viale-Montegrappa-Milano-01.jpg 880w, https:\/\/socialdesignmagazine.com\/mag\/wp-content\/uploads\/2015\/10\/Westway-Architects-viale-Montegrappa-Milano-01-100x66.jpg 100w, https:\/\/socialdesignmagazine.com\/mag\/wp-content\/uploads\/2015\/10\/Westway-Architects-viale-Montegrappa-Milano-01-768x511.jpg 768w\" sizes=\"auto, (max-width: 880px) 100vw, 880px\" \/><\/a><\/p>\n<p><a href=\"https:\/\/socialdesignmagazine.com\/mag\/blog\/architettura\/westway-architects-un-edificio-tra-passato-e-presente-a-milano\/attachment\/westway-architects-viale-montegrappa-milano-02\/#content\" rel=\"attachment wp-att-24960\"><img loading=\"lazy\" decoding=\"async\" data-attachment-id=\"24960\" data-permalink=\"https:\/\/socialdesignmagazine.com\/mag\/architettura\/westway-architects-un-edificio-tra-passato-e-presente-a-milano\/attachment\/westway-architects-viale-montegrappa-milano-02\/#content\" data-orig-file=\"https:\/\/socialdesignmagazine.com\/mag\/wp-content\/uploads\/2015\/10\/Westway-Architects-viale-Montegrappa-Milano-02.jpg\" data-orig-size=\"880,585\" data-comments-opened=\"1\" data-image-meta=\"{&quot;aperture&quot;:&quot;0&quot;,&quot;credit&quot;:&quot;&quot;,&quot;camera&quot;:&quot;&quot;,&quot;caption&quot;:&quot;&quot;,&quot;created_timestamp&quot;:&quot;0&quot;,&quot;copyright&quot;:&quot;&quot;,&quot;focal_length&quot;:&quot;0&quot;,&quot;iso&quot;:&quot;0&quot;,&quot;shutter_speed&quot;:&quot;0&quot;,&quot;title&quot;:&quot;&quot;,&quot;orientation&quot;:&quot;0&quot;}\" data-image-title=\"Westway Architects viale Montegrappa Milano  02\" data-image-description=\"\" data-image-caption=\"\" data-medium-file=\"https:\/\/socialdesignmagazine.com\/mag\/wp-content\/uploads\/2015\/10\/Westway-Architects-viale-Montegrappa-Milano-02-396x256.jpg\" data-large-file=\"https:\/\/socialdesignmagazine.com\/mag\/wp-content\/uploads\/2015\/10\/Westway-Architects-viale-Montegrappa-Milano-02.jpg\" class=\"alignnone size-full wp-image-24960\" src=\"https:\/\/socialdesignmagazine.com\/mag\/wp-content\/uploads\/2015\/10\/Westway-Architects-viale-Montegrappa-Milano-02.jpg\" alt=\"Westway Architects viale Montegrappa Milano 02\" width=\"880\" height=\"585\" srcset=\"https:\/\/socialdesignmagazine.com\/mag\/wp-content\/uploads\/2015\/10\/Westway-Architects-viale-Montegrappa-Milano-02.jpg 880w, https:\/\/socialdesignmagazine.com\/mag\/wp-content\/uploads\/2015\/10\/Westway-Architects-viale-Montegrappa-Milano-02-100x66.jpg 100w, https:\/\/socialdesignmagazine.com\/mag\/wp-content\/uploads\/2015\/10\/Westway-Architects-viale-Montegrappa-Milano-02-768x511.jpg 768w\" sizes=\"auto, (max-width: 880px) 100vw, 880px\" \/><\/a><\/p>\n<p><a href=\"https:\/\/socialdesignmagazine.com\/mag\/blog\/architettura\/westway-architects-un-edificio-tra-passato-e-presente-a-milano\/attachment\/westway-architects-viale-montegrappa-milano-03\/#content\" rel=\"attachment wp-att-24961\"><img loading=\"lazy\" decoding=\"async\" data-attachment-id=\"24961\" data-permalink=\"https:\/\/socialdesignmagazine.com\/mag\/architettura\/westway-architects-un-edificio-tra-passato-e-presente-a-milano\/attachment\/westway-architects-viale-montegrappa-milano-03\/#content\" data-orig-file=\"https:\/\/socialdesignmagazine.com\/mag\/wp-content\/uploads\/2015\/10\/Westway-Architects-viale-Montegrappa-Milano-03.jpg\" data-orig-size=\"880,585\" data-comments-opened=\"1\" data-image-meta=\"{&quot;aperture&quot;:&quot;0&quot;,&quot;credit&quot;:&quot;&quot;,&quot;camera&quot;:&quot;&quot;,&quot;caption&quot;:&quot;&quot;,&quot;created_timestamp&quot;:&quot;0&quot;,&quot;copyright&quot;:&quot;&quot;,&quot;focal_length&quot;:&quot;0&quot;,&quot;iso&quot;:&quot;0&quot;,&quot;shutter_speed&quot;:&quot;0&quot;,&quot;title&quot;:&quot;&quot;,&quot;orientation&quot;:&quot;0&quot;}\" data-image-title=\"Westway Architects viale Montegrappa Milano  03\" data-image-description=\"\" data-image-caption=\"\" data-medium-file=\"https:\/\/socialdesignmagazine.com\/mag\/wp-content\/uploads\/2015\/10\/Westway-Architects-viale-Montegrappa-Milano-03-396x256.jpg\" data-large-file=\"https:\/\/socialdesignmagazine.com\/mag\/wp-content\/uploads\/2015\/10\/Westway-Architects-viale-Montegrappa-Milano-03.jpg\" class=\"alignnone size-full wp-image-24961\" src=\"https:\/\/socialdesignmagazine.com\/mag\/wp-content\/uploads\/2015\/10\/Westway-Architects-viale-Montegrappa-Milano-03.jpg\" alt=\"Westway Architects viale Montegrappa Milano 03\" width=\"880\" height=\"585\" srcset=\"https:\/\/socialdesignmagazine.com\/mag\/wp-content\/uploads\/2015\/10\/Westway-Architects-viale-Montegrappa-Milano-03.jpg 880w, https:\/\/socialdesignmagazine.com\/mag\/wp-content\/uploads\/2015\/10\/Westway-Architects-viale-Montegrappa-Milano-03-100x66.jpg 100w, https:\/\/socialdesignmagazine.com\/mag\/wp-content\/uploads\/2015\/10\/Westway-Architects-viale-Montegrappa-Milano-03-768x511.jpg 768w\" sizes=\"auto, (max-width: 880px) 100vw, 880px\" \/><\/a><\/p>\n<p><a href=\"https:\/\/socialdesignmagazine.com\/mag\/blog\/architettura\/westway-architects-un-edificio-tra-passato-e-presente-a-milano\/attachment\/westway-architects-viale-montegrappa-milano-04\/#content\" rel=\"attachment wp-att-24962\"><img loading=\"lazy\" decoding=\"async\" data-attachment-id=\"24962\" data-permalink=\"https:\/\/socialdesignmagazine.com\/mag\/architettura\/westway-architects-un-edificio-tra-passato-e-presente-a-milano\/attachment\/westway-architects-viale-montegrappa-milano-04\/#content\" data-orig-file=\"https:\/\/socialdesignmagazine.com\/mag\/wp-content\/uploads\/2015\/10\/Westway-Architects-viale-Montegrappa-Milano-04.jpg\" data-orig-size=\"880,585\" data-comments-opened=\"1\" data-image-meta=\"{&quot;aperture&quot;:&quot;0&quot;,&quot;credit&quot;:&quot;&quot;,&quot;camera&quot;:&quot;&quot;,&quot;caption&quot;:&quot;&quot;,&quot;created_timestamp&quot;:&quot;0&quot;,&quot;copyright&quot;:&quot;&quot;,&quot;focal_length&quot;:&quot;0&quot;,&quot;iso&quot;:&quot;0&quot;,&quot;shutter_speed&quot;:&quot;0&quot;,&quot;title&quot;:&quot;&quot;,&quot;orientation&quot;:&quot;0&quot;}\" data-image-title=\"Westway Architects viale Montegrappa Milano  04\" data-image-description=\"\" data-image-caption=\"\" data-medium-file=\"https:\/\/socialdesignmagazine.com\/mag\/wp-content\/uploads\/2015\/10\/Westway-Architects-viale-Montegrappa-Milano-04-396x256.jpg\" data-large-file=\"https:\/\/socialdesignmagazine.com\/mag\/wp-content\/uploads\/2015\/10\/Westway-Architects-viale-Montegrappa-Milano-04.jpg\" class=\"alignnone size-full wp-image-24962\" src=\"https:\/\/socialdesignmagazine.com\/mag\/wp-content\/uploads\/2015\/10\/Westway-Architects-viale-Montegrappa-Milano-04.jpg\" alt=\"Westway Architects viale Montegrappa Milano 04\" width=\"880\" height=\"585\" srcset=\"https:\/\/socialdesignmagazine.com\/mag\/wp-content\/uploads\/2015\/10\/Westway-Architects-viale-Montegrappa-Milano-04.jpg 880w, https:\/\/socialdesignmagazine.com\/mag\/wp-content\/uploads\/2015\/10\/Westway-Architects-viale-Montegrappa-Milano-04-100x66.jpg 100w, https:\/\/socialdesignmagazine.com\/mag\/wp-content\/uploads\/2015\/10\/Westway-Architects-viale-Montegrappa-Milano-04-768x511.jpg 768w\" sizes=\"auto, (max-width: 880px) 100vw, 880px\" \/><\/a><\/p>\n<p><a href=\"https:\/\/socialdesignmagazine.com\/mag\/blog\/architettura\/westway-architects-un-edificio-tra-passato-e-presente-a-milano\/attachment\/westway-architects-viale-montegrappa-milano-05\/#content\" rel=\"attachment wp-att-24963\"><img loading=\"lazy\" decoding=\"async\" data-attachment-id=\"24963\" data-permalink=\"https:\/\/socialdesignmagazine.com\/mag\/architettura\/westway-architects-un-edificio-tra-passato-e-presente-a-milano\/attachment\/westway-architects-viale-montegrappa-milano-05\/#content\" data-orig-file=\"https:\/\/socialdesignmagazine.com\/mag\/wp-content\/uploads\/2015\/10\/Westway-Architects-viale-Montegrappa-Milano-05.jpg\" data-orig-size=\"880,1322\" data-comments-opened=\"1\" data-image-meta=\"{&quot;aperture&quot;:&quot;0&quot;,&quot;credit&quot;:&quot;&quot;,&quot;camera&quot;:&quot;&quot;,&quot;caption&quot;:&quot;&quot;,&quot;created_timestamp&quot;:&quot;0&quot;,&quot;copyright&quot;:&quot;&quot;,&quot;focal_length&quot;:&quot;0&quot;,&quot;iso&quot;:&quot;0&quot;,&quot;shutter_speed&quot;:&quot;0&quot;,&quot;title&quot;:&quot;&quot;,&quot;orientation&quot;:&quot;0&quot;}\" data-image-title=\"Westway Architects viale Montegrappa Milano  05\" data-image-description=\"\" data-image-caption=\"\" data-medium-file=\"https:\/\/socialdesignmagazine.com\/mag\/wp-content\/uploads\/2015\/10\/Westway-Architects-viale-Montegrappa-Milano-05-396x256.jpg\" data-large-file=\"https:\/\/socialdesignmagazine.com\/mag\/wp-content\/uploads\/2015\/10\/Westway-Architects-viale-Montegrappa-Milano-05.jpg\" class=\"alignnone size-full wp-image-24963\" src=\"https:\/\/socialdesignmagazine.com\/mag\/wp-content\/uploads\/2015\/10\/Westway-Architects-viale-Montegrappa-Milano-05.jpg\" alt=\"Westway Architects viale Montegrappa Milano 05\" width=\"880\" height=\"1322\" srcset=\"https:\/\/socialdesignmagazine.com\/mag\/wp-content\/uploads\/2015\/10\/Westway-Architects-viale-Montegrappa-Milano-05.jpg 880w, https:\/\/socialdesignmagazine.com\/mag\/wp-content\/uploads\/2015\/10\/Westway-Architects-viale-Montegrappa-Milano-05-768x1154.jpg 768w\" sizes=\"auto, (max-width: 880px) 100vw, 880px\" \/><\/a><\/p>\n<p><a href=\"https:\/\/socialdesignmagazine.com\/mag\/blog\/architettura\/westway-architects-un-edificio-tra-passato-e-presente-a-milano\/attachment\/westway-architects-viale-montegrappa-milano-06\/#content\" rel=\"attachment wp-att-24964\"><img loading=\"lazy\" decoding=\"async\" data-attachment-id=\"24964\" data-permalink=\"https:\/\/socialdesignmagazine.com\/mag\/architettura\/westway-architects-un-edificio-tra-passato-e-presente-a-milano\/attachment\/westway-architects-viale-montegrappa-milano-06\/#content\" data-orig-file=\"https:\/\/socialdesignmagazine.com\/mag\/wp-content\/uploads\/2015\/10\/Westway-Architects-viale-Montegrappa-Milano-06.jpg\" data-orig-size=\"880,585\" data-comments-opened=\"1\" data-image-meta=\"{&quot;aperture&quot;:&quot;0&quot;,&quot;credit&quot;:&quot;&quot;,&quot;camera&quot;:&quot;&quot;,&quot;caption&quot;:&quot;&quot;,&quot;created_timestamp&quot;:&quot;0&quot;,&quot;copyright&quot;:&quot;&quot;,&quot;focal_length&quot;:&quot;0&quot;,&quot;iso&quot;:&quot;0&quot;,&quot;shutter_speed&quot;:&quot;0&quot;,&quot;title&quot;:&quot;&quot;,&quot;orientation&quot;:&quot;0&quot;}\" data-image-title=\"Westway Architects viale Montegrappa Milano  06\" data-image-description=\"\" data-image-caption=\"\" data-medium-file=\"https:\/\/socialdesignmagazine.com\/mag\/wp-content\/uploads\/2015\/10\/Westway-Architects-viale-Montegrappa-Milano-06-396x256.jpg\" data-large-file=\"https:\/\/socialdesignmagazine.com\/mag\/wp-content\/uploads\/2015\/10\/Westway-Architects-viale-Montegrappa-Milano-06.jpg\" class=\"alignnone size-full wp-image-24964\" src=\"https:\/\/socialdesignmagazine.com\/mag\/wp-content\/uploads\/2015\/10\/Westway-Architects-viale-Montegrappa-Milano-06.jpg\" alt=\"Westway Architects viale Montegrappa Milano 06\" width=\"880\" height=\"585\" srcset=\"https:\/\/socialdesignmagazine.com\/mag\/wp-content\/uploads\/2015\/10\/Westway-Architects-viale-Montegrappa-Milano-06.jpg 880w, https:\/\/socialdesignmagazine.com\/mag\/wp-content\/uploads\/2015\/10\/Westway-Architects-viale-Montegrappa-Milano-06-100x66.jpg 100w, https:\/\/socialdesignmagazine.com\/mag\/wp-content\/uploads\/2015\/10\/Westway-Architects-viale-Montegrappa-Milano-06-768x511.jpg 768w\" sizes=\"auto, (max-width: 880px) 100vw, 880px\" \/><\/a><\/p>\n<p><a href=\"https:\/\/socialdesignmagazine.com\/mag\/blog\/architettura\/westway-architects-un-edificio-tra-passato-e-presente-a-milano\/attachment\/westway-architects-viale-montegrappa-milano-07\/#content\" rel=\"attachment wp-att-24965\"><img loading=\"lazy\" decoding=\"async\" data-attachment-id=\"24965\" data-permalink=\"https:\/\/socialdesignmagazine.com\/mag\/architettura\/westway-architects-un-edificio-tra-passato-e-presente-a-milano\/attachment\/westway-architects-viale-montegrappa-milano-07\/#content\" data-orig-file=\"https:\/\/socialdesignmagazine.com\/mag\/wp-content\/uploads\/2015\/10\/Westway-Architects-viale-Montegrappa-Milano-07.jpg\" data-orig-size=\"880,1322\" data-comments-opened=\"1\" data-image-meta=\"{&quot;aperture&quot;:&quot;0&quot;,&quot;credit&quot;:&quot;&quot;,&quot;camera&quot;:&quot;&quot;,&quot;caption&quot;:&quot;&quot;,&quot;created_timestamp&quot;:&quot;0&quot;,&quot;copyright&quot;:&quot;&quot;,&quot;focal_length&quot;:&quot;0&quot;,&quot;iso&quot;:&quot;0&quot;,&quot;shutter_speed&quot;:&quot;0&quot;,&quot;title&quot;:&quot;&quot;,&quot;orientation&quot;:&quot;0&quot;}\" data-image-title=\"Westway Architects viale Montegrappa Milano  07\" data-image-description=\"\" data-image-caption=\"\" data-medium-file=\"https:\/\/socialdesignmagazine.com\/mag\/wp-content\/uploads\/2015\/10\/Westway-Architects-viale-Montegrappa-Milano-07-396x256.jpg\" data-large-file=\"https:\/\/socialdesignmagazine.com\/mag\/wp-content\/uploads\/2015\/10\/Westway-Architects-viale-Montegrappa-Milano-07.jpg\" class=\"alignnone size-full wp-image-24965\" src=\"https:\/\/socialdesignmagazine.com\/mag\/wp-content\/uploads\/2015\/10\/Westway-Architects-viale-Montegrappa-Milano-07.jpg\" alt=\"Westway Architects viale Montegrappa Milano 07\" width=\"880\" height=\"1322\" srcset=\"https:\/\/socialdesignmagazine.com\/mag\/wp-content\/uploads\/2015\/10\/Westway-Architects-viale-Montegrappa-Milano-07.jpg 880w, https:\/\/socialdesignmagazine.com\/mag\/wp-content\/uploads\/2015\/10\/Westway-Architects-viale-Montegrappa-Milano-07-768x1154.jpg 768w\" sizes=\"auto, (max-width: 880px) 100vw, 880px\" \/><\/a><\/p>\n<div id=\"attachment_24966\" style=\"width: 890px\" class=\"wp-caption alignnone\"><a href=\"https:\/\/socialdesignmagazine.com\/mag\/blog\/architettura\/westway-architects-un-edificio-tra-passato-e-presente-a-milano\/attachment\/westway-architects-viale-montegrappa-milano-08\/#content\" rel=\"attachment wp-att-24966\"><img loading=\"lazy\" decoding=\"async\" aria-describedby=\"caption-attachment-24966\" data-attachment-id=\"24966\" data-permalink=\"https:\/\/socialdesignmagazine.com\/mag\/architettura\/westway-architects-un-edificio-tra-passato-e-presente-a-milano\/attachment\/westway-architects-viale-montegrappa-milano-08\/#content\" data-orig-file=\"https:\/\/socialdesignmagazine.com\/mag\/wp-content\/uploads\/2015\/10\/Westway-Architects-viale-Montegrappa-Milano-08.jpg\" data-orig-size=\"880,1322\" data-comments-opened=\"1\" data-image-meta=\"{&quot;aperture&quot;:&quot;0&quot;,&quot;credit&quot;:&quot;&quot;,&quot;camera&quot;:&quot;&quot;,&quot;caption&quot;:&quot;&quot;,&quot;created_timestamp&quot;:&quot;0&quot;,&quot;copyright&quot;:&quot;&quot;,&quot;focal_length&quot;:&quot;0&quot;,&quot;iso&quot;:&quot;0&quot;,&quot;shutter_speed&quot;:&quot;0&quot;,&quot;title&quot;:&quot;&quot;,&quot;orientation&quot;:&quot;0&quot;}\" data-image-title=\"Westway Architects viale Montegrappa Milano  08\" data-image-description=\"\" data-image-caption=\"\" data-medium-file=\"https:\/\/socialdesignmagazine.com\/mag\/wp-content\/uploads\/2015\/10\/Westway-Architects-viale-Montegrappa-Milano-08-396x256.jpg\" data-large-file=\"https:\/\/socialdesignmagazine.com\/mag\/wp-content\/uploads\/2015\/10\/Westway-Architects-viale-Montegrappa-Milano-08.jpg\" class=\"wp-image-24966 size-full\" src=\"https:\/\/socialdesignmagazine.com\/mag\/wp-content\/uploads\/2015\/10\/Westway-Architects-viale-Montegrappa-Milano-08.jpg\" alt=\"Westway Architects viale Montegrappa Milano 08\" width=\"880\" height=\"1322\" srcset=\"https:\/\/socialdesignmagazine.com\/mag\/wp-content\/uploads\/2015\/10\/Westway-Architects-viale-Montegrappa-Milano-08.jpg 880w, https:\/\/socialdesignmagazine.com\/mag\/wp-content\/uploads\/2015\/10\/Westway-Architects-viale-Montegrappa-Milano-08-768x1154.jpg 768w\" sizes=\"auto, (max-width: 880px) 100vw, 880px\" \/><\/a><p id=\"caption-attachment-24966\" class=\"wp-caption-text\">La continuit\u00e0 fra la corte a desitinazione commerciale e la copertura calpestabile \u00e8 data da due alberi che \u201cbucano\u201d con due grandi occhi ellittici la copertura sulla quale si affacciano i 25 appartamenti.<\/p><\/div>\n<p><a href=\"https:\/\/socialdesignmagazine.com\/mag\/blog\/architettura\/westway-architects-un-edificio-tra-passato-e-presente-a-milano\/attachment\/westway-architects-viale-montegrappa-milano-10\/#content\" rel=\"attachment wp-att-24967\"><img loading=\"lazy\" decoding=\"async\" data-attachment-id=\"24967\" data-permalink=\"https:\/\/socialdesignmagazine.com\/mag\/architettura\/westway-architects-un-edificio-tra-passato-e-presente-a-milano\/attachment\/westway-architects-viale-montegrappa-milano-10\/#content\" data-orig-file=\"https:\/\/socialdesignmagazine.com\/mag\/wp-content\/uploads\/2015\/10\/Westway-Architects-viale-Montegrappa-Milano-10.jpg\" data-orig-size=\"880,585\" data-comments-opened=\"1\" data-image-meta=\"{&quot;aperture&quot;:&quot;0&quot;,&quot;credit&quot;:&quot;&quot;,&quot;camera&quot;:&quot;&quot;,&quot;caption&quot;:&quot;&quot;,&quot;created_timestamp&quot;:&quot;0&quot;,&quot;copyright&quot;:&quot;&quot;,&quot;focal_length&quot;:&quot;0&quot;,&quot;iso&quot;:&quot;0&quot;,&quot;shutter_speed&quot;:&quot;0&quot;,&quot;title&quot;:&quot;&quot;,&quot;orientation&quot;:&quot;0&quot;}\" data-image-title=\"Westway Architects viale Montegrappa Milano  10\" data-image-description=\"\" data-image-caption=\"\" data-medium-file=\"https:\/\/socialdesignmagazine.com\/mag\/wp-content\/uploads\/2015\/10\/Westway-Architects-viale-Montegrappa-Milano-10-396x256.jpg\" data-large-file=\"https:\/\/socialdesignmagazine.com\/mag\/wp-content\/uploads\/2015\/10\/Westway-Architects-viale-Montegrappa-Milano-10.jpg\" class=\"alignnone size-full wp-image-24967\" src=\"https:\/\/socialdesignmagazine.com\/mag\/wp-content\/uploads\/2015\/10\/Westway-Architects-viale-Montegrappa-Milano-10.jpg\" alt=\"Westway Architects viale Montegrappa Milano 10\" width=\"880\" height=\"585\" srcset=\"https:\/\/socialdesignmagazine.com\/mag\/wp-content\/uploads\/2015\/10\/Westway-Architects-viale-Montegrappa-Milano-10.jpg 880w, https:\/\/socialdesignmagazine.com\/mag\/wp-content\/uploads\/2015\/10\/Westway-Architects-viale-Montegrappa-Milano-10-100x66.jpg 100w, https:\/\/socialdesignmagazine.com\/mag\/wp-content\/uploads\/2015\/10\/Westway-Architects-viale-Montegrappa-Milano-10-768x511.jpg 768w\" sizes=\"auto, (max-width: 880px) 100vw, 880px\" \/><\/a><\/p>\n<p><a href=\"https:\/\/socialdesignmagazine.com\/mag\/blog\/architettura\/westway-architects-un-edificio-tra-passato-e-presente-a-milano\/attachment\/westway-architects-viale-montegrappa-milano-11\/#content\" rel=\"attachment wp-att-24968\"><img loading=\"lazy\" decoding=\"async\" data-attachment-id=\"24968\" data-permalink=\"https:\/\/socialdesignmagazine.com\/mag\/architettura\/westway-architects-un-edificio-tra-passato-e-presente-a-milano\/attachment\/westway-architects-viale-montegrappa-milano-11\/#content\" data-orig-file=\"https:\/\/socialdesignmagazine.com\/mag\/wp-content\/uploads\/2015\/10\/Westway-Architects-viale-Montegrappa-Milano-11.jpg\" data-orig-size=\"880,1322\" data-comments-opened=\"1\" data-image-meta=\"{&quot;aperture&quot;:&quot;0&quot;,&quot;credit&quot;:&quot;&quot;,&quot;camera&quot;:&quot;&quot;,&quot;caption&quot;:&quot;&quot;,&quot;created_timestamp&quot;:&quot;0&quot;,&quot;copyright&quot;:&quot;&quot;,&quot;focal_length&quot;:&quot;0&quot;,&quot;iso&quot;:&quot;0&quot;,&quot;shutter_speed&quot;:&quot;0&quot;,&quot;title&quot;:&quot;&quot;,&quot;orientation&quot;:&quot;0&quot;}\" data-image-title=\"Westway Architects viale Montegrappa Milano  11\" data-image-description=\"\" data-image-caption=\"\" data-medium-file=\"https:\/\/socialdesignmagazine.com\/mag\/wp-content\/uploads\/2015\/10\/Westway-Architects-viale-Montegrappa-Milano-11-396x256.jpg\" data-large-file=\"https:\/\/socialdesignmagazine.com\/mag\/wp-content\/uploads\/2015\/10\/Westway-Architects-viale-Montegrappa-Milano-11.jpg\" class=\"alignnone size-full wp-image-24968\" src=\"https:\/\/socialdesignmagazine.com\/mag\/wp-content\/uploads\/2015\/10\/Westway-Architects-viale-Montegrappa-Milano-11.jpg\" alt=\"Westway Architects viale Montegrappa Milano 11\" width=\"880\" height=\"1322\" srcset=\"https:\/\/socialdesignmagazine.com\/mag\/wp-content\/uploads\/2015\/10\/Westway-Architects-viale-Montegrappa-Milano-11.jpg 880w, https:\/\/socialdesignmagazine.com\/mag\/wp-content\/uploads\/2015\/10\/Westway-Architects-viale-Montegrappa-Milano-11-768x1154.jpg 768w\" sizes=\"auto, (max-width: 880px) 100vw, 880px\" \/><\/a><\/p>\n<p><a href=\"https:\/\/socialdesignmagazine.com\/mag\/blog\/architettura\/westway-architects-un-edificio-tra-passato-e-presente-a-milano\/attachment\/westway-architects-viale-montegrappa-milano-12\/#content\" rel=\"attachment wp-att-24969\"><img loading=\"lazy\" decoding=\"async\" data-attachment-id=\"24969\" data-permalink=\"https:\/\/socialdesignmagazine.com\/mag\/architettura\/westway-architects-un-edificio-tra-passato-e-presente-a-milano\/attachment\/westway-architects-viale-montegrappa-milano-12\/#content\" data-orig-file=\"https:\/\/socialdesignmagazine.com\/mag\/wp-content\/uploads\/2015\/10\/Westway-Architects-viale-Montegrappa-Milano-12.jpg\" data-orig-size=\"880,1322\" data-comments-opened=\"1\" data-image-meta=\"{&quot;aperture&quot;:&quot;0&quot;,&quot;credit&quot;:&quot;&quot;,&quot;camera&quot;:&quot;&quot;,&quot;caption&quot;:&quot;&quot;,&quot;created_timestamp&quot;:&quot;0&quot;,&quot;copyright&quot;:&quot;&quot;,&quot;focal_length&quot;:&quot;0&quot;,&quot;iso&quot;:&quot;0&quot;,&quot;shutter_speed&quot;:&quot;0&quot;,&quot;title&quot;:&quot;&quot;,&quot;orientation&quot;:&quot;0&quot;}\" data-image-title=\"Westway Architects viale Montegrappa Milano  12\" data-image-description=\"\" data-image-caption=\"\" data-medium-file=\"https:\/\/socialdesignmagazine.com\/mag\/wp-content\/uploads\/2015\/10\/Westway-Architects-viale-Montegrappa-Milano-12-396x256.jpg\" data-large-file=\"https:\/\/socialdesignmagazine.com\/mag\/wp-content\/uploads\/2015\/10\/Westway-Architects-viale-Montegrappa-Milano-12.jpg\" class=\"alignnone size-full wp-image-24969\" src=\"https:\/\/socialdesignmagazine.com\/mag\/wp-content\/uploads\/2015\/10\/Westway-Architects-viale-Montegrappa-Milano-12.jpg\" alt=\"Westway Architects viale Montegrappa Milano 12\" width=\"880\" height=\"1322\" srcset=\"https:\/\/socialdesignmagazine.com\/mag\/wp-content\/uploads\/2015\/10\/Westway-Architects-viale-Montegrappa-Milano-12.jpg 880w, https:\/\/socialdesignmagazine.com\/mag\/wp-content\/uploads\/2015\/10\/Westway-Architects-viale-Montegrappa-Milano-12-768x1154.jpg 768w\" sizes=\"auto, (max-width: 880px) 100vw, 880px\" \/><\/a><\/p>\n<p><a href=\"https:\/\/socialdesignmagazine.com\/mag\/blog\/architettura\/westway-architects-un-edificio-tra-passato-e-presente-a-milano\/attachment\/westway-architects-viale-montegrappa-milano-13\/#content\" rel=\"attachment wp-att-24970\"><img loading=\"lazy\" decoding=\"async\" data-attachment-id=\"24970\" data-permalink=\"https:\/\/socialdesignmagazine.com\/mag\/architettura\/westway-architects-un-edificio-tra-passato-e-presente-a-milano\/attachment\/westway-architects-viale-montegrappa-milano-13\/#content\" data-orig-file=\"https:\/\/socialdesignmagazine.com\/mag\/wp-content\/uploads\/2015\/10\/Westway-Architects-viale-Montegrappa-Milano-13.jpg\" data-orig-size=\"880,1322\" data-comments-opened=\"1\" data-image-meta=\"{&quot;aperture&quot;:&quot;0&quot;,&quot;credit&quot;:&quot;&quot;,&quot;camera&quot;:&quot;&quot;,&quot;caption&quot;:&quot;&quot;,&quot;created_timestamp&quot;:&quot;0&quot;,&quot;copyright&quot;:&quot;&quot;,&quot;focal_length&quot;:&quot;0&quot;,&quot;iso&quot;:&quot;0&quot;,&quot;shutter_speed&quot;:&quot;0&quot;,&quot;title&quot;:&quot;&quot;,&quot;orientation&quot;:&quot;0&quot;}\" data-image-title=\"Westway Architects viale Montegrappa Milano  13\" data-image-description=\"\" data-image-caption=\"\" data-medium-file=\"https:\/\/socialdesignmagazine.com\/mag\/wp-content\/uploads\/2015\/10\/Westway-Architects-viale-Montegrappa-Milano-13-396x256.jpg\" data-large-file=\"https:\/\/socialdesignmagazine.com\/mag\/wp-content\/uploads\/2015\/10\/Westway-Architects-viale-Montegrappa-Milano-13.jpg\" class=\"alignnone size-full wp-image-24970\" src=\"https:\/\/socialdesignmagazine.com\/mag\/wp-content\/uploads\/2015\/10\/Westway-Architects-viale-Montegrappa-Milano-13.jpg\" alt=\"Westway Architects viale Montegrappa Milano 13\" width=\"880\" height=\"1322\" srcset=\"https:\/\/socialdesignmagazine.com\/mag\/wp-content\/uploads\/2015\/10\/Westway-Architects-viale-Montegrappa-Milano-13.jpg 880w, https:\/\/socialdesignmagazine.com\/mag\/wp-content\/uploads\/2015\/10\/Westway-Architects-viale-Montegrappa-Milano-13-768x1154.jpg 768w\" sizes=\"auto, (max-width: 880px) 100vw, 880px\" \/><\/a><\/p>\n<p><a href=\"https:\/\/socialdesignmagazine.com\/mag\/blog\/architettura\/westway-architects-un-edificio-tra-passato-e-presente-a-milano\/attachment\/westway-architects-viale-montegrappa-milano-14\/#content\" rel=\"attachment wp-att-24971\"><img loading=\"lazy\" decoding=\"async\" data-attachment-id=\"24971\" data-permalink=\"https:\/\/socialdesignmagazine.com\/mag\/architettura\/westway-architects-un-edificio-tra-passato-e-presente-a-milano\/attachment\/westway-architects-viale-montegrappa-milano-14\/#content\" data-orig-file=\"https:\/\/socialdesignmagazine.com\/mag\/wp-content\/uploads\/2015\/10\/Westway-Architects-viale-Montegrappa-Milano-14.jpg\" data-orig-size=\"880,585\" data-comments-opened=\"1\" data-image-meta=\"{&quot;aperture&quot;:&quot;0&quot;,&quot;credit&quot;:&quot;&quot;,&quot;camera&quot;:&quot;&quot;,&quot;caption&quot;:&quot;&quot;,&quot;created_timestamp&quot;:&quot;0&quot;,&quot;copyright&quot;:&quot;&quot;,&quot;focal_length&quot;:&quot;0&quot;,&quot;iso&quot;:&quot;0&quot;,&quot;shutter_speed&quot;:&quot;0&quot;,&quot;title&quot;:&quot;&quot;,&quot;orientation&quot;:&quot;0&quot;}\" data-image-title=\"Westway Architects viale Montegrappa Milano  14\" data-image-description=\"\" data-image-caption=\"\" data-medium-file=\"https:\/\/socialdesignmagazine.com\/mag\/wp-content\/uploads\/2015\/10\/Westway-Architects-viale-Montegrappa-Milano-14-396x256.jpg\" data-large-file=\"https:\/\/socialdesignmagazine.com\/mag\/wp-content\/uploads\/2015\/10\/Westway-Architects-viale-Montegrappa-Milano-14.jpg\" class=\"alignnone size-full wp-image-24971\" src=\"https:\/\/socialdesignmagazine.com\/mag\/wp-content\/uploads\/2015\/10\/Westway-Architects-viale-Montegrappa-Milano-14.jpg\" alt=\"Westway Architects viale Montegrappa Milano 14\" width=\"880\" height=\"585\" srcset=\"https:\/\/socialdesignmagazine.com\/mag\/wp-content\/uploads\/2015\/10\/Westway-Architects-viale-Montegrappa-Milano-14.jpg 880w, https:\/\/socialdesignmagazine.com\/mag\/wp-content\/uploads\/2015\/10\/Westway-Architects-viale-Montegrappa-Milano-14-100x66.jpg 100w, https:\/\/socialdesignmagazine.com\/mag\/wp-content\/uploads\/2015\/10\/Westway-Architects-viale-Montegrappa-Milano-14-768x511.jpg 768w\" sizes=\"auto, (max-width: 880px) 100vw, 880px\" \/><\/a><\/p>\n<div id=\"attachment_24972\" style=\"width: 890px\" class=\"wp-caption alignnone\"><a href=\"https:\/\/socialdesignmagazine.com\/mag\/blog\/architettura\/westway-architects-un-edificio-tra-passato-e-presente-a-milano\/attachment\/westway-architects-viale-montegrappa-milano-15\/#content\" rel=\"attachment wp-att-24972\"><img loading=\"lazy\" decoding=\"async\" aria-describedby=\"caption-attachment-24972\" data-attachment-id=\"24972\" data-permalink=\"https:\/\/socialdesignmagazine.com\/mag\/architettura\/westway-architects-un-edificio-tra-passato-e-presente-a-milano\/attachment\/westway-architects-viale-montegrappa-milano-15\/#content\" data-orig-file=\"https:\/\/socialdesignmagazine.com\/mag\/wp-content\/uploads\/2015\/10\/Westway-Architects-viale-Montegrappa-Milano-15.jpg\" data-orig-size=\"880,585\" data-comments-opened=\"1\" data-image-meta=\"{&quot;aperture&quot;:&quot;0&quot;,&quot;credit&quot;:&quot;&quot;,&quot;camera&quot;:&quot;&quot;,&quot;caption&quot;:&quot;&quot;,&quot;created_timestamp&quot;:&quot;0&quot;,&quot;copyright&quot;:&quot;&quot;,&quot;focal_length&quot;:&quot;0&quot;,&quot;iso&quot;:&quot;0&quot;,&quot;shutter_speed&quot;:&quot;0&quot;,&quot;title&quot;:&quot;&quot;,&quot;orientation&quot;:&quot;0&quot;}\" data-image-title=\"Westway Architects viale Montegrappa Milano  15\" data-image-description=\"\" data-image-caption=\"\" data-medium-file=\"https:\/\/socialdesignmagazine.com\/mag\/wp-content\/uploads\/2015\/10\/Westway-Architects-viale-Montegrappa-Milano-15-396x256.jpg\" data-large-file=\"https:\/\/socialdesignmagazine.com\/mag\/wp-content\/uploads\/2015\/10\/Westway-Architects-viale-Montegrappa-Milano-15.jpg\" class=\"wp-image-24972 size-full\" src=\"https:\/\/socialdesignmagazine.com\/mag\/wp-content\/uploads\/2015\/10\/Westway-Architects-viale-Montegrappa-Milano-15.jpg\" alt=\"Westway Architects viale Montegrappa Milano 15\" width=\"880\" height=\"585\" srcset=\"https:\/\/socialdesignmagazine.com\/mag\/wp-content\/uploads\/2015\/10\/Westway-Architects-viale-Montegrappa-Milano-15.jpg 880w, https:\/\/socialdesignmagazine.com\/mag\/wp-content\/uploads\/2015\/10\/Westway-Architects-viale-Montegrappa-Milano-15-100x66.jpg 100w, https:\/\/socialdesignmagazine.com\/mag\/wp-content\/uploads\/2015\/10\/Westway-Architects-viale-Montegrappa-Milano-15-768x511.jpg 768w\" sizes=\"auto, (max-width: 880px) 100vw, 880px\" \/><\/a><p id=\"caption-attachment-24972\" class=\"wp-caption-text\">I ballatoi, ripresi dallo schema ottocentesco, non sono pi\u00f9 pubblici ma privati (con porta d\u2019accesso) e usufruibili come spazi esterni abitabili.<\/p><\/div>\n<p><a href=\"https:\/\/socialdesignmagazine.com\/mag\/blog\/architettura\/westway-architects-un-edificio-tra-passato-e-presente-a-milano\/attachment\/westway-architects-viale-montegrappa-milano-16\/#content\" rel=\"attachment wp-att-24973\"><img loading=\"lazy\" decoding=\"async\" data-attachment-id=\"24973\" data-permalink=\"https:\/\/socialdesignmagazine.com\/mag\/architettura\/westway-architects-un-edificio-tra-passato-e-presente-a-milano\/attachment\/westway-architects-viale-montegrappa-milano-16\/#content\" data-orig-file=\"https:\/\/socialdesignmagazine.com\/mag\/wp-content\/uploads\/2015\/10\/Westway-Architects-viale-Montegrappa-Milano-16.jpg\" data-orig-size=\"880,1322\" data-comments-opened=\"1\" data-image-meta=\"{&quot;aperture&quot;:&quot;0&quot;,&quot;credit&quot;:&quot;&quot;,&quot;camera&quot;:&quot;&quot;,&quot;caption&quot;:&quot;&quot;,&quot;created_timestamp&quot;:&quot;0&quot;,&quot;copyright&quot;:&quot;&quot;,&quot;focal_length&quot;:&quot;0&quot;,&quot;iso&quot;:&quot;0&quot;,&quot;shutter_speed&quot;:&quot;0&quot;,&quot;title&quot;:&quot;&quot;,&quot;orientation&quot;:&quot;0&quot;}\" data-image-title=\"Westway Architects viale Montegrappa Milano  16\" data-image-description=\"\" data-image-caption=\"\" data-medium-file=\"https:\/\/socialdesignmagazine.com\/mag\/wp-content\/uploads\/2015\/10\/Westway-Architects-viale-Montegrappa-Milano-16-396x256.jpg\" data-large-file=\"https:\/\/socialdesignmagazine.com\/mag\/wp-content\/uploads\/2015\/10\/Westway-Architects-viale-Montegrappa-Milano-16.jpg\" class=\"alignnone size-full wp-image-24973\" src=\"https:\/\/socialdesignmagazine.com\/mag\/wp-content\/uploads\/2015\/10\/Westway-Architects-viale-Montegrappa-Milano-16.jpg\" alt=\"Westway Architects viale Montegrappa Milano 16\" width=\"880\" height=\"1322\" srcset=\"https:\/\/socialdesignmagazine.com\/mag\/wp-content\/uploads\/2015\/10\/Westway-Architects-viale-Montegrappa-Milano-16.jpg 880w, https:\/\/socialdesignmagazine.com\/mag\/wp-content\/uploads\/2015\/10\/Westway-Architects-viale-Montegrappa-Milano-16-768x1154.jpg 768w\" sizes=\"auto, (max-width: 880px) 100vw, 880px\" \/><\/a><\/p>\n<p><a href=\"https:\/\/socialdesignmagazine.com\/mag\/blog\/architettura\/westway-architects-un-edificio-tra-passato-e-presente-a-milano\/attachment\/westway-architects-viale-montegrappa-milano-17\/#content\" rel=\"attachment wp-att-24974\"><img loading=\"lazy\" decoding=\"async\" data-attachment-id=\"24974\" data-permalink=\"https:\/\/socialdesignmagazine.com\/mag\/architettura\/westway-architects-un-edificio-tra-passato-e-presente-a-milano\/attachment\/westway-architects-viale-montegrappa-milano-17\/#content\" data-orig-file=\"https:\/\/socialdesignmagazine.com\/mag\/wp-content\/uploads\/2015\/10\/Westway-Architects-viale-Montegrappa-Milano-17.jpg\" data-orig-size=\"880,1322\" data-comments-opened=\"1\" data-image-meta=\"{&quot;aperture&quot;:&quot;0&quot;,&quot;credit&quot;:&quot;&quot;,&quot;camera&quot;:&quot;&quot;,&quot;caption&quot;:&quot;&quot;,&quot;created_timestamp&quot;:&quot;0&quot;,&quot;copyright&quot;:&quot;&quot;,&quot;focal_length&quot;:&quot;0&quot;,&quot;iso&quot;:&quot;0&quot;,&quot;shutter_speed&quot;:&quot;0&quot;,&quot;title&quot;:&quot;&quot;,&quot;orientation&quot;:&quot;0&quot;}\" data-image-title=\"Westway Architects viale Montegrappa Milano  17\" data-image-description=\"\" data-image-caption=\"\" data-medium-file=\"https:\/\/socialdesignmagazine.com\/mag\/wp-content\/uploads\/2015\/10\/Westway-Architects-viale-Montegrappa-Milano-17-396x256.jpg\" data-large-file=\"https:\/\/socialdesignmagazine.com\/mag\/wp-content\/uploads\/2015\/10\/Westway-Architects-viale-Montegrappa-Milano-17.jpg\" class=\"alignnone size-full wp-image-24974\" src=\"https:\/\/socialdesignmagazine.com\/mag\/wp-content\/uploads\/2015\/10\/Westway-Architects-viale-Montegrappa-Milano-17.jpg\" alt=\"Westway Architects viale Montegrappa Milano 17\" width=\"880\" height=\"1322\" srcset=\"https:\/\/socialdesignmagazine.com\/mag\/wp-content\/uploads\/2015\/10\/Westway-Architects-viale-Montegrappa-Milano-17.jpg 880w, https:\/\/socialdesignmagazine.com\/mag\/wp-content\/uploads\/2015\/10\/Westway-Architects-viale-Montegrappa-Milano-17-768x1154.jpg 768w\" sizes=\"auto, (max-width: 880px) 100vw, 880px\" \/><\/a><\/p>\n<div id=\"attachment_24975\" style=\"width: 890px\" class=\"wp-caption alignnone\"><a href=\"https:\/\/socialdesignmagazine.com\/mag\/blog\/architettura\/westway-architects-un-edificio-tra-passato-e-presente-a-milano\/attachment\/westway-architects-viale-montegrappa-milano-18\/#content\" rel=\"attachment wp-att-24975\"><img loading=\"lazy\" decoding=\"async\" aria-describedby=\"caption-attachment-24975\" data-attachment-id=\"24975\" data-permalink=\"https:\/\/socialdesignmagazine.com\/mag\/architettura\/westway-architects-un-edificio-tra-passato-e-presente-a-milano\/attachment\/westway-architects-viale-montegrappa-milano-18\/#content\" data-orig-file=\"https:\/\/socialdesignmagazine.com\/mag\/wp-content\/uploads\/2015\/10\/Westway-Architects-viale-Montegrappa-Milano-18.jpg\" data-orig-size=\"880,585\" data-comments-opened=\"1\" data-image-meta=\"{&quot;aperture&quot;:&quot;0&quot;,&quot;credit&quot;:&quot;&quot;,&quot;camera&quot;:&quot;&quot;,&quot;caption&quot;:&quot;&quot;,&quot;created_timestamp&quot;:&quot;0&quot;,&quot;copyright&quot;:&quot;&quot;,&quot;focal_length&quot;:&quot;0&quot;,&quot;iso&quot;:&quot;0&quot;,&quot;shutter_speed&quot;:&quot;0&quot;,&quot;title&quot;:&quot;&quot;,&quot;orientation&quot;:&quot;0&quot;}\" data-image-title=\"Westway Architects viale Montegrappa Milano  18\" data-image-description=\"\" data-image-caption=\"\" data-medium-file=\"https:\/\/socialdesignmagazine.com\/mag\/wp-content\/uploads\/2015\/10\/Westway-Architects-viale-Montegrappa-Milano-18-396x256.jpg\" data-large-file=\"https:\/\/socialdesignmagazine.com\/mag\/wp-content\/uploads\/2015\/10\/Westway-Architects-viale-Montegrappa-Milano-18.jpg\" class=\"wp-image-24975 size-full\" src=\"https:\/\/socialdesignmagazine.com\/mag\/wp-content\/uploads\/2015\/10\/Westway-Architects-viale-Montegrappa-Milano-18.jpg\" alt=\"Westway Architects viale Montegrappa Milano 18\" width=\"880\" height=\"585\" srcset=\"https:\/\/socialdesignmagazine.com\/mag\/wp-content\/uploads\/2015\/10\/Westway-Architects-viale-Montegrappa-Milano-18.jpg 880w, https:\/\/socialdesignmagazine.com\/mag\/wp-content\/uploads\/2015\/10\/Westway-Architects-viale-Montegrappa-Milano-18-100x66.jpg 100w, https:\/\/socialdesignmagazine.com\/mag\/wp-content\/uploads\/2015\/10\/Westway-Architects-viale-Montegrappa-Milano-18-768x511.jpg 768w\" sizes=\"auto, (max-width: 880px) 100vw, 880px\" \/><\/a><p id=\"caption-attachment-24975\" class=\"wp-caption-text\">I due piani superiori sono racchiusi in una pelle di vetro, un elemento che rompe il rigore della facciata ottocentesca e dichiara la contemporaneit\u00e0 dell\u2019intervento.<\/p><\/div>\n<p><strong>Westway Architects<\/strong> \u00e8 uno <a rel=\"nofollow\" href=\"http:\/\/www.westway.it\">studio di architettura<\/a> fondato a Roma nel 2005 da Luca Aureggi e Maurizio Condoluci, con sedi a Roma e a Milano.\u00a0<span style=\"line-height: 1.42857;\">Il nome prende origine dalla volont\u00e0 di unire le esperienze professionali e di vita acquisite negli Stati Uniti con la cultura della terra di origine.<\/span><\/p>\n<p>In 10 anni di attivit\u00e0 Westway Architects \u00e8 diventato uno dei pi\u00f9 stimati e completi studi della nuova generazione italiana di progettisti. Lo testimoniano progetti di grande complessit\u00e0 e maestria quali la risistemazione delle cantine e degli edifici industriali del complesso Santa Margherita a Portogruaro, il nuovo palazzo residenziale\/commerciale in contesto storico di via Montegrappa a Milano, i negozi Nike, il concept per l\u2019area food di Blomingdale a New York, l\u2019auditorium del Gruppo Caltagirone a Roma, gli uffici di Cementir Holding a Roma e di Italiana Costruzioni a Milano, unitamente a una notevole variet\u00e0 di interventi nel retail e nell\u2019edilizia residenziale privata.<\/p>\n","protected":false,"gt_translate_keys":[{"key":"rendered","format":"html"}]},"excerpt":{"rendered":"<p>Westway Architects fondano la loro idea progettuale per un edificio in viale Montegrappa 16 sulla considerazione che da sempre l\u2019architettura moderna di Milano si identifica con gli edifici a corte e le case di ringhiera.<\/p>\n","protected":false,"gt_translate_keys":[{"key":"rendered","format":"html"}]},"author":1,"featured_media":24958,"comment_status":"open","ping_status":"open","sticky":false,"template":"","format":"standard","meta":{"jetpack_post_was_ever_published":false,"_jetpack_newsletter_access":"","_jetpack_dont_email_post_to_subs":false,"_jetpack_newsletter_tier_id":0,"_jetpack_memberships_contains_paywalled_content":false,"_jetpack_memberships_contains_paid_content":false,"footnotes":"","_wpscppro_dont_share_socialmedia":false,"_wpscppro_custom_social_share_image":0,"_facebook_share_type":"","_twitter_share_type":"","_linkedin_share_type":"","_pinterest_share_type":"","_linkedin_share_type_page":"","_instagram_share_type":"","_medium_share_type":"","_threads_share_type":"","_google_business_share_type":"","_selected_social_profile":[],"_wpsp_enable_custom_social_template":false,"_wpsp_social_scheduling":{"enabled":false,"datetime":null,"platforms":[],"status":"template_only","dateOption":"today","timeOption":"now","customDays":"","customHours":"","customDate":"","customTime":"","schedulingType":"absolute"},"_wpsp_active_default_template":true},"categories":[15],"tags":[181,109,4502],"class_list":["post-24831","post","type-post","status-publish","format-standard","has-post-thumbnail","hentry","category-architettura","tag-milano","tag-ristrutturazione","tag-westway-architects"],"yoast_head":"<!-- This site is optimized with the Yoast SEO plugin v27.2 - https:\/\/yoast.com\/product\/yoast-seo-wordpress\/ -->\n<title>Westway Architects, un edificio tra passato e presente<\/title>\n<meta name=\"description\" content=\"Westway Architects progettano un edificio in viale Montegrappa 16 a Milano tra passato e presente, facendo proprie tipologie a corte e case di ringhiera.\" \/>\n<meta name=\"robots\" content=\"index, follow, max-snippet:-1, max-image-preview:large, max-video-preview:-1\" \/>\n<link rel=\"canonical\" href=\"https:\/\/socialdesignmagazine.com\/mag\/architettura\/westway-architects-un-edificio-tra-passato-e-presente-a-milano\/\" \/>\n<meta property=\"og:locale\" content=\"it_IT\" \/>\n<meta property=\"og:type\" content=\"article\" \/>\n<meta property=\"og:title\" content=\"Westway Architects, un edificio tra passato e presente\" \/>\n<meta property=\"og:description\" content=\"Westway Architects progettano un edificio in viale Montegrappa 16 a Milano tra passato e presente, facendo proprie tipologie a corte e case di ringhiera.\" \/>\n<meta property=\"og:url\" content=\"http:\/\/socialdesignmagazine.com\/mag\/architettura\/westway-architects-un-edificio-tra-passato-e-presente-a-milano\/\" \/>\n<meta property=\"og:site_name\" content=\"Social Design Magazine\" \/>\n<meta property=\"article:publisher\" content=\"https:\/\/www.facebook.com\/socialdesignmag\" \/>\n<meta property=\"article:author\" content=\"https:\/\/www.facebook.com\/benedettofiori\" \/>\n<meta property=\"article:published_time\" content=\"2015-10-16T09:45:48+00:00\" \/>\n<meta property=\"article:modified_time\" content=\"2015-11-08T12:34:01+00:00\" \/>\n<meta property=\"og:image\" content=\"https:\/\/socialdesignmagazine.com\/mag\/wp-content\/uploads\/2015\/10\/Westway-Architects-viale-Montegrappa-Milano-09.jpg\" \/>\n\t<meta property=\"og:image:width\" content=\"880\" \/>\n\t<meta property=\"og:image:height\" content=\"585\" \/>\n\t<meta property=\"og:image:type\" content=\"image\/jpeg\" \/>\n<meta name=\"author\" content=\"Benedetto Fiori\" \/>\n<meta name=\"twitter:card\" content=\"summary_large_image\" \/>\n<meta name=\"twitter:creator\" content=\"@benedettofiori\" \/>\n<meta name=\"twitter:site\" content=\"@socialdesignmag\" \/>\n<meta name=\"twitter:label1\" content=\"Scritto da\" \/>\n\t<meta name=\"twitter:data1\" content=\"Benedetto Fiori\" \/>\n\t<meta name=\"twitter:label2\" content=\"Tempo di lettura stimato\" \/>\n\t<meta name=\"twitter:data2\" content=\"4 minuti\" \/>\n<script type=\"application\/ld+json\" class=\"yoast-schema-graph\">{\"@context\":\"https:\/\/schema.org\",\"@graph\":[{\"@type\":\"Article\",\"@id\":\"https:\/\/socialdesignmagazine.com\/mag\/architettura\/westway-architects-un-edificio-tra-passato-e-presente-a-milano\/#article\",\"isPartOf\":{\"@id\":\"https:\/\/socialdesignmagazine.com\/mag\/architettura\/westway-architects-un-edificio-tra-passato-e-presente-a-milano\/\"},\"author\":{\"name\":\"Benedetto Fiori\",\"@id\":\"https:\/\/socialdesignmagazine.com\/mag\/#\/schema\/person\/61e20205cc363c315e6aabd33a045846\"},\"headline\":\"Westway Architects, un edificio tra passato e presente a Milano\",\"datePublished\":\"2015-10-16T09:45:48+00:00\",\"dateModified\":\"2015-11-08T12:34:01+00:00\",\"mainEntityOfPage\":{\"@id\":\"https:\/\/socialdesignmagazine.com\/mag\/architettura\/westway-architects-un-edificio-tra-passato-e-presente-a-milano\/\"},\"wordCount\":792,\"commentCount\":0,\"publisher\":{\"@id\":\"https:\/\/socialdesignmagazine.com\/mag\/#organization\"},\"image\":{\"@id\":\"https:\/\/socialdesignmagazine.com\/mag\/architettura\/westway-architects-un-edificio-tra-passato-e-presente-a-milano\/#primaryimage\"},\"thumbnailUrl\":\"https:\/\/socialdesignmagazine.com\/mag\/wp-content\/uploads\/2015\/10\/Westway-Architects-viale-Montegrappa-Milano-09.jpg\",\"keywords\":[\"milano\",\"ristrutturazione\",\"Westway Architects\"],\"articleSection\":[\"Architettura\"],\"inLanguage\":\"it-IT\",\"potentialAction\":[{\"@type\":\"CommentAction\",\"name\":\"Comment\",\"target\":[\"https:\/\/socialdesignmagazine.com\/mag\/architettura\/westway-architects-un-edificio-tra-passato-e-presente-a-milano\/#respond\"]}]},{\"@type\":\"WebPage\",\"@id\":\"https:\/\/socialdesignmagazine.com\/mag\/architettura\/westway-architects-un-edificio-tra-passato-e-presente-a-milano\/\",\"url\":\"https:\/\/socialdesignmagazine.com\/mag\/architettura\/westway-architects-un-edificio-tra-passato-e-presente-a-milano\/\",\"name\":\"Westway Architects, un edificio tra passato e presente\",\"isPartOf\":{\"@id\":\"https:\/\/socialdesignmagazine.com\/mag\/#website\"},\"primaryImageOfPage\":{\"@id\":\"https:\/\/socialdesignmagazine.com\/mag\/architettura\/westway-architects-un-edificio-tra-passato-e-presente-a-milano\/#primaryimage\"},\"image\":{\"@id\":\"https:\/\/socialdesignmagazine.com\/mag\/architettura\/westway-architects-un-edificio-tra-passato-e-presente-a-milano\/#primaryimage\"},\"thumbnailUrl\":\"https:\/\/socialdesignmagazine.com\/mag\/wp-content\/uploads\/2015\/10\/Westway-Architects-viale-Montegrappa-Milano-09.jpg\",\"datePublished\":\"2015-10-16T09:45:48+00:00\",\"dateModified\":\"2015-11-08T12:34:01+00:00\",\"description\":\"Westway Architects progettano un edificio in viale Montegrappa 16 a Milano tra passato e presente, facendo proprie tipologie a corte e case di ringhiera.\",\"breadcrumb\":{\"@id\":\"https:\/\/socialdesignmagazine.com\/mag\/architettura\/westway-architects-un-edificio-tra-passato-e-presente-a-milano\/#breadcrumb\"},\"inLanguage\":\"it-IT\",\"potentialAction\":[{\"@type\":\"ReadAction\",\"target\":[\"https:\/\/socialdesignmagazine.com\/mag\/architettura\/westway-architects-un-edificio-tra-passato-e-presente-a-milano\/\"]}]},{\"@type\":\"ImageObject\",\"inLanguage\":\"it-IT\",\"@id\":\"https:\/\/socialdesignmagazine.com\/mag\/architettura\/westway-architects-un-edificio-tra-passato-e-presente-a-milano\/#primaryimage\",\"url\":\"https:\/\/socialdesignmagazine.com\/mag\/wp-content\/uploads\/2015\/10\/Westway-Architects-viale-Montegrappa-Milano-09.jpg\",\"contentUrl\":\"https:\/\/socialdesignmagazine.com\/mag\/wp-content\/uploads\/2015\/10\/Westway-Architects-viale-Montegrappa-Milano-09.jpg\",\"width\":880,\"height\":585,\"caption\":\"Westway Architects viale Montegrappa Milano\"},{\"@type\":\"BreadcrumbList\",\"@id\":\"https:\/\/socialdesignmagazine.com\/mag\/architettura\/westway-architects-un-edificio-tra-passato-e-presente-a-milano\/#breadcrumb\",\"itemListElement\":[{\"@type\":\"ListItem\",\"position\":1,\"name\":\"Home\",\"item\":\"https:\/\/socialdesignmagazine.com\/mag\/\"},{\"@type\":\"ListItem\",\"position\":2,\"name\":\"Architettura\",\"item\":\"https:\/\/socialdesignmagazine.com\/mag\/architettura\/\"},{\"@type\":\"ListItem\",\"position\":3,\"name\":\"Westway Architects, un edificio tra passato e presente a Milano\"}]},{\"@type\":\"WebSite\",\"@id\":\"https:\/\/socialdesignmagazine.com\/mag\/#website\",\"url\":\"https:\/\/socialdesignmagazine.com\/mag\/\",\"name\":\"Social Design Magazine\",\"description\":\"Social Magazine su Design, Architettura, Arte, Grafica\",\"publisher\":{\"@id\":\"https:\/\/socialdesignmagazine.com\/mag\/#organization\"},\"potentialAction\":[{\"@type\":\"SearchAction\",\"target\":{\"@type\":\"EntryPoint\",\"urlTemplate\":\"https:\/\/socialdesignmagazine.com\/mag\/?s={search_term_string}\"},\"query-input\":{\"@type\":\"PropertyValueSpecification\",\"valueRequired\":true,\"valueName\":\"search_term_string\"}}],\"inLanguage\":\"it-IT\"},{\"@type\":\"Organization\",\"@id\":\"https:\/\/socialdesignmagazine.com\/mag\/#organization\",\"name\":\"Social Design Magazine\",\"url\":\"https:\/\/socialdesignmagazine.com\/mag\/\",\"logo\":{\"@type\":\"ImageObject\",\"inLanguage\":\"it-IT\",\"@id\":\"https:\/\/socialdesignmagazine.com\/mag\/#\/schema\/logo\/image\/\",\"url\":\"https:\/\/socialdesignmagazine.com\/mag\/wp-content\/uploads\/2017\/01\/logo_favicon_11.png\",\"contentUrl\":\"https:\/\/socialdesignmagazine.com\/mag\/wp-content\/uploads\/2017\/01\/logo_favicon_11.png\",\"width\":1024,\"height\":1024,\"caption\":\"Social Design Magazine\"},\"image\":{\"@id\":\"https:\/\/socialdesignmagazine.com\/mag\/#\/schema\/logo\/image\/\"},\"sameAs\":[\"https:\/\/www.facebook.com\/socialdesignmag\",\"https:\/\/x.com\/socialdesignmag\",\"http:\/\/instagram.com\/social_design_magazine\/\",\"http:\/\/pinterest.com\/socialdesignmag\/\",\"http:\/\/www.youtube.com\/user\/socialdesignmagazine\"]},{\"@type\":\"Person\",\"@id\":\"https:\/\/socialdesignmagazine.com\/mag\/#\/schema\/person\/61e20205cc363c315e6aabd33a045846\",\"name\":\"Benedetto Fiori\",\"image\":{\"@type\":\"ImageObject\",\"inLanguage\":\"it-IT\",\"@id\":\"https:\/\/secure.gravatar.com\/avatar\/450a48cefa36da63d920ad70aa660bd10725b1c6093800242e5efdb397759033?s=96&d=mm&r=g\",\"url\":\"https:\/\/secure.gravatar.com\/avatar\/450a48cefa36da63d920ad70aa660bd10725b1c6093800242e5efdb397759033?s=96&d=mm&r=g\",\"contentUrl\":\"https:\/\/secure.gravatar.com\/avatar\/450a48cefa36da63d920ad70aa660bd10725b1c6093800242e5efdb397759033?s=96&d=mm&r=g\",\"caption\":\"Benedetto Fiori\"},\"description\":\"Web | Twitter | Facebook | Shutterstock Founder &amp; Editor in Chief di Social Design Magazine. Attratto da sempre da tutto ci\u00f2 che \u00e8 creativit\u00e0, design, architettura. Dopo aver studiato Architettura all'Universit\u00e0 di Firenze, si \u00e8 impegnato in molteplici campi: comunicazione grafica, progettazione di allestimenti fieristici, brand design, Interior Design.\",\"sameAs\":[\"http:\/\/benedettofiori.com\",\"https:\/\/www.facebook.com\/benedettofiori\",\"https:\/\/x.com\/benedettofiori\"],\"url\":\"https:\/\/socialdesignmagazine.com\/mag\/author\/benedetto\/\"}]}<\/script>\n<!-- \/ Yoast SEO plugin. -->","yoast_head_json":{"title":"Westway Architects, un edificio tra passato e presente","description":"Westway Architects progettano un edificio in viale Montegrappa 16 a Milano tra passato e presente, facendo proprie tipologie a corte e case di ringhiera.","robots":{"index":"index","follow":"follow","max-snippet":"max-snippet:-1","max-image-preview":"max-image-preview:large","max-video-preview":"max-video-preview:-1"},"canonical":"https:\/\/socialdesignmagazine.com\/mag\/architettura\/westway-architects-un-edificio-tra-passato-e-presente-a-milano\/","og_locale":"it_IT","og_type":"article","og_title":"Westway Architects, un edificio tra passato e presente","og_description":"Westway Architects progettano un edificio in viale Montegrappa 16 a Milano tra passato e presente, facendo proprie tipologie a corte e case di ringhiera.","og_url":"http:\/\/socialdesignmagazine.com\/mag\/architettura\/westway-architects-un-edificio-tra-passato-e-presente-a-milano\/","og_site_name":"Social Design Magazine","article_publisher":"https:\/\/www.facebook.com\/socialdesignmag","article_author":"https:\/\/www.facebook.com\/benedettofiori","article_published_time":"2015-10-16T09:45:48+00:00","article_modified_time":"2015-11-08T12:34:01+00:00","og_image":[{"width":880,"height":585,"url":"https:\/\/socialdesignmagazine.com\/mag\/wp-content\/uploads\/2015\/10\/Westway-Architects-viale-Montegrappa-Milano-09.jpg","type":"image\/jpeg"}],"author":"Benedetto Fiori","twitter_card":"summary_large_image","twitter_creator":"@benedettofiori","twitter_site":"@socialdesignmag","twitter_misc":{"Scritto da":"Benedetto Fiori","Tempo di lettura stimato":"4 minuti"},"schema":{"@context":"https:\/\/schema.org","@graph":[{"@type":"Article","@id":"https:\/\/socialdesignmagazine.com\/mag\/architettura\/westway-architects-un-edificio-tra-passato-e-presente-a-milano\/#article","isPartOf":{"@id":"https:\/\/socialdesignmagazine.com\/mag\/architettura\/westway-architects-un-edificio-tra-passato-e-presente-a-milano\/"},"author":{"name":"Benedetto Fiori","@id":"https:\/\/socialdesignmagazine.com\/mag\/#\/schema\/person\/61e20205cc363c315e6aabd33a045846"},"headline":"Westway Architects, un edificio tra passato e presente a Milano","datePublished":"2015-10-16T09:45:48+00:00","dateModified":"2015-11-08T12:34:01+00:00","mainEntityOfPage":{"@id":"https:\/\/socialdesignmagazine.com\/mag\/architettura\/westway-architects-un-edificio-tra-passato-e-presente-a-milano\/"},"wordCount":792,"commentCount":0,"publisher":{"@id":"https:\/\/socialdesignmagazine.com\/mag\/#organization"},"image":{"@id":"https:\/\/socialdesignmagazine.com\/mag\/architettura\/westway-architects-un-edificio-tra-passato-e-presente-a-milano\/#primaryimage"},"thumbnailUrl":"https:\/\/socialdesignmagazine.com\/mag\/wp-content\/uploads\/2015\/10\/Westway-Architects-viale-Montegrappa-Milano-09.jpg","keywords":["milano","ristrutturazione","Westway Architects"],"articleSection":["Architettura"],"inLanguage":"it-IT","potentialAction":[{"@type":"CommentAction","name":"Comment","target":["https:\/\/socialdesignmagazine.com\/mag\/architettura\/westway-architects-un-edificio-tra-passato-e-presente-a-milano\/#respond"]}]},{"@type":"WebPage","@id":"https:\/\/socialdesignmagazine.com\/mag\/architettura\/westway-architects-un-edificio-tra-passato-e-presente-a-milano\/","url":"https:\/\/socialdesignmagazine.com\/mag\/architettura\/westway-architects-un-edificio-tra-passato-e-presente-a-milano\/","name":"Westway Architects, un edificio tra passato e presente","isPartOf":{"@id":"https:\/\/socialdesignmagazine.com\/mag\/#website"},"primaryImageOfPage":{"@id":"https:\/\/socialdesignmagazine.com\/mag\/architettura\/westway-architects-un-edificio-tra-passato-e-presente-a-milano\/#primaryimage"},"image":{"@id":"https:\/\/socialdesignmagazine.com\/mag\/architettura\/westway-architects-un-edificio-tra-passato-e-presente-a-milano\/#primaryimage"},"thumbnailUrl":"https:\/\/socialdesignmagazine.com\/mag\/wp-content\/uploads\/2015\/10\/Westway-Architects-viale-Montegrappa-Milano-09.jpg","datePublished":"2015-10-16T09:45:48+00:00","dateModified":"2015-11-08T12:34:01+00:00","description":"Westway Architects progettano un edificio in viale Montegrappa 16 a Milano tra passato e presente, facendo proprie tipologie a corte e case di ringhiera.","breadcrumb":{"@id":"https:\/\/socialdesignmagazine.com\/mag\/architettura\/westway-architects-un-edificio-tra-passato-e-presente-a-milano\/#breadcrumb"},"inLanguage":"it-IT","potentialAction":[{"@type":"ReadAction","target":["https:\/\/socialdesignmagazine.com\/mag\/architettura\/westway-architects-un-edificio-tra-passato-e-presente-a-milano\/"]}]},{"@type":"ImageObject","inLanguage":"it-IT","@id":"https:\/\/socialdesignmagazine.com\/mag\/architettura\/westway-architects-un-edificio-tra-passato-e-presente-a-milano\/#primaryimage","url":"https:\/\/socialdesignmagazine.com\/mag\/wp-content\/uploads\/2015\/10\/Westway-Architects-viale-Montegrappa-Milano-09.jpg","contentUrl":"https:\/\/socialdesignmagazine.com\/mag\/wp-content\/uploads\/2015\/10\/Westway-Architects-viale-Montegrappa-Milano-09.jpg","width":880,"height":585,"caption":"Westway Architects viale Montegrappa Milano"},{"@type":"BreadcrumbList","@id":"https:\/\/socialdesignmagazine.com\/mag\/architettura\/westway-architects-un-edificio-tra-passato-e-presente-a-milano\/#breadcrumb","itemListElement":[{"@type":"ListItem","position":1,"name":"Home","item":"https:\/\/socialdesignmagazine.com\/mag\/"},{"@type":"ListItem","position":2,"name":"Architettura","item":"https:\/\/socialdesignmagazine.com\/mag\/architettura\/"},{"@type":"ListItem","position":3,"name":"Westway Architects, un edificio tra passato e presente a Milano"}]},{"@type":"WebSite","@id":"https:\/\/socialdesignmagazine.com\/mag\/#website","url":"https:\/\/socialdesignmagazine.com\/mag\/","name":"Social Design Magazine","description":"Social Magazine su Design, Architettura, Arte, Grafica","publisher":{"@id":"https:\/\/socialdesignmagazine.com\/mag\/#organization"},"potentialAction":[{"@type":"SearchAction","target":{"@type":"EntryPoint","urlTemplate":"https:\/\/socialdesignmagazine.com\/mag\/?s={search_term_string}"},"query-input":{"@type":"PropertyValueSpecification","valueRequired":true,"valueName":"search_term_string"}}],"inLanguage":"it-IT"},{"@type":"Organization","@id":"https:\/\/socialdesignmagazine.com\/mag\/#organization","name":"Social Design Magazine","url":"https:\/\/socialdesignmagazine.com\/mag\/","logo":{"@type":"ImageObject","inLanguage":"it-IT","@id":"https:\/\/socialdesignmagazine.com\/mag\/#\/schema\/logo\/image\/","url":"https:\/\/socialdesignmagazine.com\/mag\/wp-content\/uploads\/2017\/01\/logo_favicon_11.png","contentUrl":"https:\/\/socialdesignmagazine.com\/mag\/wp-content\/uploads\/2017\/01\/logo_favicon_11.png","width":1024,"height":1024,"caption":"Social Design Magazine"},"image":{"@id":"https:\/\/socialdesignmagazine.com\/mag\/#\/schema\/logo\/image\/"},"sameAs":["https:\/\/www.facebook.com\/socialdesignmag","https:\/\/x.com\/socialdesignmag","http:\/\/instagram.com\/social_design_magazine\/","http:\/\/pinterest.com\/socialdesignmag\/","http:\/\/www.youtube.com\/user\/socialdesignmagazine"]},{"@type":"Person","@id":"https:\/\/socialdesignmagazine.com\/mag\/#\/schema\/person\/61e20205cc363c315e6aabd33a045846","name":"Benedetto Fiori","image":{"@type":"ImageObject","inLanguage":"it-IT","@id":"https:\/\/secure.gravatar.com\/avatar\/450a48cefa36da63d920ad70aa660bd10725b1c6093800242e5efdb397759033?s=96&d=mm&r=g","url":"https:\/\/secure.gravatar.com\/avatar\/450a48cefa36da63d920ad70aa660bd10725b1c6093800242e5efdb397759033?s=96&d=mm&r=g","contentUrl":"https:\/\/secure.gravatar.com\/avatar\/450a48cefa36da63d920ad70aa660bd10725b1c6093800242e5efdb397759033?s=96&d=mm&r=g","caption":"Benedetto Fiori"},"description":"Web | Twitter | Facebook | Shutterstock Founder &amp; Editor in Chief di Social Design Magazine. Attratto da sempre da tutto ci\u00f2 che \u00e8 creativit\u00e0, design, architettura. Dopo aver studiato Architettura all'Universit\u00e0 di Firenze, si \u00e8 impegnato in molteplici campi: comunicazione grafica, progettazione di allestimenti fieristici, brand design, Interior Design.","sameAs":["http:\/\/benedettofiori.com","https:\/\/www.facebook.com\/benedettofiori","https:\/\/x.com\/benedettofiori"],"url":"https:\/\/socialdesignmagazine.com\/mag\/author\/benedetto\/"}]}},"jetpack_featured_media_url":"https:\/\/socialdesignmagazine.com\/mag\/wp-content\/uploads\/2015\/10\/Westway-Architects-viale-Montegrappa-Milano-09.jpg","jetpack_sharing_enabled":true,"jetpack_shortlink":"https:\/\/wp.me\/p6cV7V-6sv","gt_translate_keys":[{"key":"link","format":"url"}],"_links":{"self":[{"href":"https:\/\/socialdesignmagazine.com\/mag\/wp-json\/wp\/v2\/posts\/24831","targetHints":{"allow":["GET"]}}],"collection":[{"href":"https:\/\/socialdesignmagazine.com\/mag\/wp-json\/wp\/v2\/posts"}],"about":[{"href":"https:\/\/socialdesignmagazine.com\/mag\/wp-json\/wp\/v2\/types\/post"}],"author":[{"embeddable":true,"href":"https:\/\/socialdesignmagazine.com\/mag\/wp-json\/wp\/v2\/users\/1"}],"replies":[{"embeddable":true,"href":"https:\/\/socialdesignmagazine.com\/mag\/wp-json\/wp\/v2\/comments?post=24831"}],"version-history":[{"count":8,"href":"https:\/\/socialdesignmagazine.com\/mag\/wp-json\/wp\/v2\/posts\/24831\/revisions"}],"predecessor-version":[{"id":25415,"href":"https:\/\/socialdesignmagazine.com\/mag\/wp-json\/wp\/v2\/posts\/24831\/revisions\/25415"}],"wp:featuredmedia":[{"embeddable":true,"href":"https:\/\/socialdesignmagazine.com\/mag\/wp-json\/wp\/v2\/media\/24958"}],"wp:attachment":[{"href":"https:\/\/socialdesignmagazine.com\/mag\/wp-json\/wp\/v2\/media?parent=24831"}],"wp:term":[{"taxonomy":"category","embeddable":true,"href":"https:\/\/socialdesignmagazine.com\/mag\/wp-json\/wp\/v2\/categories?post=24831"},{"taxonomy":"post_tag","embeddable":true,"href":"https:\/\/socialdesignmagazine.com\/mag\/wp-json\/wp\/v2\/tags?post=24831"}],"curies":[{"name":"wp","href":"https:\/\/api.w.org\/{rel}","templated":true}]}}