{"id":24885,"date":"2015-10-15T10:00:47","date_gmt":"2015-10-15T08:00:47","guid":{"rendered":"https:\/\/socialdesignmagazine.com\/mag\/?p=24885"},"modified":"2015-11-09T13:02:19","modified_gmt":"2015-11-09T12:02:19","slug":"piastrelle-in-ceramica-refin-collezione-labyrinth-by-giulio-iacchetti-cersaie-2015","status":"publish","type":"post","link":"https:\/\/socialdesignmagazine.com\/mag\/news\/design-news\/piastrelle-in-ceramica-refin-collezione-labyrinth-by-giulio-iacchetti-cersaie-2015\/","title":{"rendered":"Piastrelle in ceramica Refin, collezione Labyrinth by Giulio Iacchetti, Cersaie 2015","gt_translate_keys":[{"key":"rendered","format":"text"}]},"content":{"rendered":"<h2>Labyrinth \u00e8 la nuova collezione di piastrelle in ceramica <a rel=\"nofollow\" href=\"https:\/\/www.refin.it\/\">Refin<\/a> disegnata da Giulio Iacchetti. Ne avevamo gi\u00e0 dato un&#8217;<a href=\"https:\/\/socialdesignmagazine.com\/mag\/blog\/architettura-news\/giulio-iacchetti-disegna-i-pattern-di-labyrinth-la-nuova-collezione-di-ceramiche-refin-cersaie-2015\/\">anteprima<\/a>, ma ora la collezione \u00e8 stata ampiamente esposta in occasione del Cersaie 2015.<\/h2>\n<p>Labyrint \u00e8 la prima collezione di piastrelle in ceramica disegnata da Giulio Iacchetti, il disegno scaturisce da\u00a0una singolare e semplice intuizione geometrica,\u00a0dal modulo quadrato della piastrella, il progetto di LABYRINTH vince la monotonia della standardizzazione utilizzando sistemi modulari che danno vita a decori sempre diversi, in un\u2019infinit\u00e0 di possibili combinazioni.<\/p>\n<p>La superficie cos\u00ec cambia sotto i nostri occhi attraverso semplici variazioni di posa e l\u2019occhio si perde in labirintici effetti zig-zag, speculari , simmetrici o casuali, restituendo, come dice Giulio Iacchetti, <em>\u201cun senso di infinito, uno sviluppo grafico senza confini\u2026\u201d<\/em>.<\/p>\n<p>Le piastrelle in ceramica sfidano quindi la loro\u00a0stessa natura, perdendo la rigida serialit\u00e0 e acquisendo addirittura una terza dimensione percepita, che scardina i vincoli a cui \u00e8 legata proiettandoci nell\u2019emozione del trompe l\u2019oeil e dei disegni modulari ispirati dal maestro Escher<\/p>\n<p>Allo stesso tempo Labyrinth recupera e valorizza la cultura del decoro e del colore ceramico, che negli ultimi tempi (ricordiamo la collezione di grande successo Frame di DesignTaleStudio) ha riconquistato il ruolo che le apparteneva nei decenni passati.<\/p>\n<p>La collezione Labyrinth si sviluppa in due famiglie, ANGLE e MIRROR, entrambe studiate per un uso libero del modulo piastrella, allo scopo di permettere all\u2019utilizzatore di costruire il proprio \u201clabirinto\u201d personale, decidendo come posare il prodotto e partecipando cos\u00ec in prima persona al processo creativo del progetto.<\/p>\n<p>Ispirata alle creazioni di Josef e Anni Albers, interpreti del Bauhaus, la famiglia Angle si delinea sulle tre linee cromatiche Navy, Slate e Pearl che esprimono un potente concetto grafico di sovrapposizioni di livelli.<\/p>\n<p>Anche la variante Mirror si sviluppa in tre linee cromatiche denominate Silver, Ash e Sand. Il risultato in questo caso \u00e8 un effetto di profondit\u00e0 esaltato da una trama grafica che si ispira al mondo del tessile.<\/p>\n<div id=\"attachment_24904\" style=\"width: 890px\" class=\"wp-caption alignnone\"><a href=\"https:\/\/socialdesignmagazine.com\/mag\/blog\/design-news\/piastrelle-in-ceramica-refin-collezione-labyrinth-by-giulio-iacchetti-cersaie-2015\/attachment\/labyrinth_mirror_sand\/#content\" rel=\"attachment wp-att-24904\"><img loading=\"lazy\" decoding=\"async\" aria-describedby=\"caption-attachment-24904\" data-attachment-id=\"24904\" data-permalink=\"https:\/\/socialdesignmagazine.com\/mag\/news\/design-news\/piastrelle-in-ceramica-refin-collezione-labyrinth-by-giulio-iacchetti-cersaie-2015\/attachment\/labyrinth_mirror_sand\/#content\" data-orig-file=\"https:\/\/socialdesignmagazine.com\/mag\/wp-content\/uploads\/2015\/10\/Labyrinth_Mirror_Sand.jpg\" data-orig-size=\"880,659\" data-comments-opened=\"1\" data-image-meta=\"{&quot;aperture&quot;:&quot;0&quot;,&quot;credit&quot;:&quot;&quot;,&quot;camera&quot;:&quot;&quot;,&quot;caption&quot;:&quot;&quot;,&quot;created_timestamp&quot;:&quot;0&quot;,&quot;copyright&quot;:&quot;&quot;,&quot;focal_length&quot;:&quot;0&quot;,&quot;iso&quot;:&quot;0&quot;,&quot;shutter_speed&quot;:&quot;0&quot;,&quot;title&quot;:&quot;&quot;,&quot;orientation&quot;:&quot;0&quot;}\" data-image-title=\"Labyrinth_Mirror_Sand\" data-image-description=\"\" data-image-caption=\"\" data-medium-file=\"https:\/\/socialdesignmagazine.com\/mag\/wp-content\/uploads\/2015\/10\/Labyrinth_Mirror_Sand-396x256.jpg\" data-large-file=\"https:\/\/socialdesignmagazine.com\/mag\/wp-content\/uploads\/2015\/10\/Labyrinth_Mirror_Sand.jpg\" class=\"wp-image-24904 size-full\" src=\"https:\/\/socialdesignmagazine.com\/mag\/wp-content\/uploads\/2015\/10\/Labyrinth_Mirror_Sand.jpg\" alt=\"Piastrelle in ceramica Refin Labyrinth Mirror\" width=\"880\" height=\"659\" srcset=\"https:\/\/socialdesignmagazine.com\/mag\/wp-content\/uploads\/2015\/10\/Labyrinth_Mirror_Sand.jpg 880w, https:\/\/socialdesignmagazine.com\/mag\/wp-content\/uploads\/2015\/10\/Labyrinth_Mirror_Sand-768x575.jpg 768w\" sizes=\"auto, (max-width: 880px) 100vw, 880px\" \/><\/a><p id=\"caption-attachment-24904\" class=\"wp-caption-text\">Piastrelle in ceramica Refin Labyrinth Mirror<\/p><\/div>\n<div id=\"attachment_24905\" style=\"width: 890px\" class=\"wp-caption alignnone\"><a href=\"https:\/\/socialdesignmagazine.com\/mag\/blog\/design-news\/piastrelle-in-ceramica-refin-collezione-labyrinth-by-giulio-iacchetti-cersaie-2015\/attachment\/labyrinth_mirror_silver\/#content\" rel=\"attachment wp-att-24905\"><img loading=\"lazy\" decoding=\"async\" aria-describedby=\"caption-attachment-24905\" data-attachment-id=\"24905\" data-permalink=\"https:\/\/socialdesignmagazine.com\/mag\/news\/design-news\/piastrelle-in-ceramica-refin-collezione-labyrinth-by-giulio-iacchetti-cersaie-2015\/attachment\/labyrinth_mirror_silver\/#content\" data-orig-file=\"https:\/\/socialdesignmagazine.com\/mag\/wp-content\/uploads\/2015\/10\/Labyrinth_Mirror_Silver.jpg\" data-orig-size=\"880,1173\" data-comments-opened=\"1\" data-image-meta=\"{&quot;aperture&quot;:&quot;0&quot;,&quot;credit&quot;:&quot;&quot;,&quot;camera&quot;:&quot;&quot;,&quot;caption&quot;:&quot;&quot;,&quot;created_timestamp&quot;:&quot;0&quot;,&quot;copyright&quot;:&quot;&quot;,&quot;focal_length&quot;:&quot;0&quot;,&quot;iso&quot;:&quot;0&quot;,&quot;shutter_speed&quot;:&quot;0&quot;,&quot;title&quot;:&quot;&quot;,&quot;orientation&quot;:&quot;0&quot;}\" data-image-title=\"Labyrinth_Mirror_Silver\" data-image-description=\"\" data-image-caption=\"\" data-medium-file=\"https:\/\/socialdesignmagazine.com\/mag\/wp-content\/uploads\/2015\/10\/Labyrinth_Mirror_Silver-396x256.jpg\" data-large-file=\"https:\/\/socialdesignmagazine.com\/mag\/wp-content\/uploads\/2015\/10\/Labyrinth_Mirror_Silver.jpg\" class=\"wp-image-24905 size-full\" src=\"https:\/\/socialdesignmagazine.com\/mag\/wp-content\/uploads\/2015\/10\/Labyrinth_Mirror_Silver.jpg\" alt=\"Piastrelle in ceramica Refin Labyrinth Mirror Silver\" width=\"880\" height=\"1173\" srcset=\"https:\/\/socialdesignmagazine.com\/mag\/wp-content\/uploads\/2015\/10\/Labyrinth_Mirror_Silver.jpg 880w, https:\/\/socialdesignmagazine.com\/mag\/wp-content\/uploads\/2015\/10\/Labyrinth_Mirror_Silver-768x1024.jpg 768w\" sizes=\"auto, (max-width: 880px) 100vw, 880px\" \/><\/a><p id=\"caption-attachment-24905\" class=\"wp-caption-text\">Piastrelle in ceramica Refin Labyrinth Mirror Silver<\/p><\/div>\n<p><a href=\"https:\/\/socialdesignmagazine.com\/mag\/blog\/design-news\/piastrelle-in-ceramica-refin-collezione-labyrinth-by-giulio-iacchetti-cersaie-2015\/attachment\/angle_navy\/#content\" rel=\"attachment wp-att-24906\"><img loading=\"lazy\" decoding=\"async\" data-attachment-id=\"24906\" data-permalink=\"https:\/\/socialdesignmagazine.com\/mag\/news\/design-news\/piastrelle-in-ceramica-refin-collezione-labyrinth-by-giulio-iacchetti-cersaie-2015\/attachment\/angle_navy\/#content\" data-orig-file=\"https:\/\/socialdesignmagazine.com\/mag\/wp-content\/uploads\/2015\/10\/Angle_Navy.jpg\" data-orig-size=\"880,880\" data-comments-opened=\"1\" data-image-meta=\"{&quot;aperture&quot;:&quot;0&quot;,&quot;credit&quot;:&quot;&quot;,&quot;camera&quot;:&quot;&quot;,&quot;caption&quot;:&quot;&quot;,&quot;created_timestamp&quot;:&quot;0&quot;,&quot;copyright&quot;:&quot;&quot;,&quot;focal_length&quot;:&quot;0&quot;,&quot;iso&quot;:&quot;0&quot;,&quot;shutter_speed&quot;:&quot;0&quot;,&quot;title&quot;:&quot;&quot;,&quot;orientation&quot;:&quot;0&quot;}\" data-image-title=\"Angle_Navy\" data-image-description=\"\" data-image-caption=\"\" data-medium-file=\"https:\/\/socialdesignmagazine.com\/mag\/wp-content\/uploads\/2015\/10\/Angle_Navy-396x256.jpg\" data-large-file=\"https:\/\/socialdesignmagazine.com\/mag\/wp-content\/uploads\/2015\/10\/Angle_Navy.jpg\" class=\"alignnone wp-image-24906\" src=\"https:\/\/socialdesignmagazine.com\/mag\/wp-content\/uploads\/2015\/10\/Angle_Navy.jpg\" alt=\"Angle_Navy\" width=\"437\" height=\"437\" srcset=\"https:\/\/socialdesignmagazine.com\/mag\/wp-content\/uploads\/2015\/10\/Angle_Navy.jpg 880w, https:\/\/socialdesignmagazine.com\/mag\/wp-content\/uploads\/2015\/10\/Angle_Navy-768x768.jpg 768w, https:\/\/socialdesignmagazine.com\/mag\/wp-content\/uploads\/2015\/10\/Angle_Navy-65x65.jpg 65w\" sizes=\"auto, (max-width: 437px) 100vw, 437px\" \/><\/a> <a href=\"https:\/\/socialdesignmagazine.com\/mag\/blog\/design-news\/piastrelle-in-ceramica-refin-collezione-labyrinth-by-giulio-iacchetti-cersaie-2015\/attachment\/angle_pearl_01\/#content\" rel=\"attachment wp-att-24907\"><img loading=\"lazy\" decoding=\"async\" data-attachment-id=\"24907\" data-permalink=\"https:\/\/socialdesignmagazine.com\/mag\/news\/design-news\/piastrelle-in-ceramica-refin-collezione-labyrinth-by-giulio-iacchetti-cersaie-2015\/attachment\/angle_pearl_01\/#content\" data-orig-file=\"https:\/\/socialdesignmagazine.com\/mag\/wp-content\/uploads\/2015\/10\/Angle_Pearl_01.jpg\" data-orig-size=\"880,880\" data-comments-opened=\"1\" data-image-meta=\"{&quot;aperture&quot;:&quot;0&quot;,&quot;credit&quot;:&quot;&quot;,&quot;camera&quot;:&quot;&quot;,&quot;caption&quot;:&quot;&quot;,&quot;created_timestamp&quot;:&quot;0&quot;,&quot;copyright&quot;:&quot;&quot;,&quot;focal_length&quot;:&quot;0&quot;,&quot;iso&quot;:&quot;0&quot;,&quot;shutter_speed&quot;:&quot;0&quot;,&quot;title&quot;:&quot;&quot;,&quot;orientation&quot;:&quot;0&quot;}\" data-image-title=\"Angle_Pearl_01\" data-image-description=\"\" data-image-caption=\"\" data-medium-file=\"https:\/\/socialdesignmagazine.com\/mag\/wp-content\/uploads\/2015\/10\/Angle_Pearl_01-396x256.jpg\" data-large-file=\"https:\/\/socialdesignmagazine.com\/mag\/wp-content\/uploads\/2015\/10\/Angle_Pearl_01.jpg\" class=\"alignnone wp-image-24907\" src=\"https:\/\/socialdesignmagazine.com\/mag\/wp-content\/uploads\/2015\/10\/Angle_Pearl_01.jpg\" alt=\"Angle_Pearl_01\" width=\"437\" height=\"437\" srcset=\"https:\/\/socialdesignmagazine.com\/mag\/wp-content\/uploads\/2015\/10\/Angle_Pearl_01.jpg 880w, https:\/\/socialdesignmagazine.com\/mag\/wp-content\/uploads\/2015\/10\/Angle_Pearl_01-768x768.jpg 768w, https:\/\/socialdesignmagazine.com\/mag\/wp-content\/uploads\/2015\/10\/Angle_Pearl_01-65x65.jpg 65w\" sizes=\"auto, (max-width: 437px) 100vw, 437px\" \/><\/a><\/p>\n<p><a href=\"https:\/\/socialdesignmagazine.com\/mag\/blog\/design-news\/piastrelle-in-ceramica-refin-collezione-labyrinth-by-giulio-iacchetti-cersaie-2015\/attachment\/angle_pearl_02\/#content\" rel=\"attachment wp-att-24908\"><img loading=\"lazy\" decoding=\"async\" data-attachment-id=\"24908\" data-permalink=\"https:\/\/socialdesignmagazine.com\/mag\/news\/design-news\/piastrelle-in-ceramica-refin-collezione-labyrinth-by-giulio-iacchetti-cersaie-2015\/attachment\/angle_pearl_02\/#content\" data-orig-file=\"https:\/\/socialdesignmagazine.com\/mag\/wp-content\/uploads\/2015\/10\/Angle_Pearl_02.jpg\" data-orig-size=\"880,880\" data-comments-opened=\"1\" data-image-meta=\"{&quot;aperture&quot;:&quot;0&quot;,&quot;credit&quot;:&quot;&quot;,&quot;camera&quot;:&quot;&quot;,&quot;caption&quot;:&quot;&quot;,&quot;created_timestamp&quot;:&quot;0&quot;,&quot;copyright&quot;:&quot;&quot;,&quot;focal_length&quot;:&quot;0&quot;,&quot;iso&quot;:&quot;0&quot;,&quot;shutter_speed&quot;:&quot;0&quot;,&quot;title&quot;:&quot;&quot;,&quot;orientation&quot;:&quot;0&quot;}\" data-image-title=\"Angle_Pearl_02\" data-image-description=\"\" data-image-caption=\"\" data-medium-file=\"https:\/\/socialdesignmagazine.com\/mag\/wp-content\/uploads\/2015\/10\/Angle_Pearl_02-396x256.jpg\" data-large-file=\"https:\/\/socialdesignmagazine.com\/mag\/wp-content\/uploads\/2015\/10\/Angle_Pearl_02.jpg\" class=\"alignnone wp-image-24908\" src=\"https:\/\/socialdesignmagazine.com\/mag\/wp-content\/uploads\/2015\/10\/Angle_Pearl_02.jpg\" alt=\"Angle_Pearl_02\" width=\"437\" height=\"437\" srcset=\"https:\/\/socialdesignmagazine.com\/mag\/wp-content\/uploads\/2015\/10\/Angle_Pearl_02.jpg 880w, https:\/\/socialdesignmagazine.com\/mag\/wp-content\/uploads\/2015\/10\/Angle_Pearl_02-768x768.jpg 768w, https:\/\/socialdesignmagazine.com\/mag\/wp-content\/uploads\/2015\/10\/Angle_Pearl_02-65x65.jpg 65w\" sizes=\"auto, (max-width: 437px) 100vw, 437px\" \/><\/a> <a href=\"https:\/\/socialdesignmagazine.com\/mag\/blog\/design-news\/piastrelle-in-ceramica-refin-collezione-labyrinth-by-giulio-iacchetti-cersaie-2015\/attachment\/angle_pearl_03\/#content\" rel=\"attachment wp-att-24909\"><img loading=\"lazy\" decoding=\"async\" data-attachment-id=\"24909\" data-permalink=\"https:\/\/socialdesignmagazine.com\/mag\/news\/design-news\/piastrelle-in-ceramica-refin-collezione-labyrinth-by-giulio-iacchetti-cersaie-2015\/attachment\/angle_pearl_03\/#content\" data-orig-file=\"https:\/\/socialdesignmagazine.com\/mag\/wp-content\/uploads\/2015\/10\/Angle_Pearl_03.jpg\" data-orig-size=\"880,880\" data-comments-opened=\"1\" data-image-meta=\"{&quot;aperture&quot;:&quot;0&quot;,&quot;credit&quot;:&quot;&quot;,&quot;camera&quot;:&quot;&quot;,&quot;caption&quot;:&quot;&quot;,&quot;created_timestamp&quot;:&quot;0&quot;,&quot;copyright&quot;:&quot;&quot;,&quot;focal_length&quot;:&quot;0&quot;,&quot;iso&quot;:&quot;0&quot;,&quot;shutter_speed&quot;:&quot;0&quot;,&quot;title&quot;:&quot;&quot;,&quot;orientation&quot;:&quot;0&quot;}\" data-image-title=\"Angle_Pearl_03\" data-image-description=\"\" data-image-caption=\"\" data-medium-file=\"https:\/\/socialdesignmagazine.com\/mag\/wp-content\/uploads\/2015\/10\/Angle_Pearl_03-396x256.jpg\" data-large-file=\"https:\/\/socialdesignmagazine.com\/mag\/wp-content\/uploads\/2015\/10\/Angle_Pearl_03.jpg\" class=\"alignnone wp-image-24909\" src=\"https:\/\/socialdesignmagazine.com\/mag\/wp-content\/uploads\/2015\/10\/Angle_Pearl_03.jpg\" alt=\"Angle_Pearl_03\" width=\"437\" height=\"437\" srcset=\"https:\/\/socialdesignmagazine.com\/mag\/wp-content\/uploads\/2015\/10\/Angle_Pearl_03.jpg 880w, https:\/\/socialdesignmagazine.com\/mag\/wp-content\/uploads\/2015\/10\/Angle_Pearl_03-768x768.jpg 768w, https:\/\/socialdesignmagazine.com\/mag\/wp-content\/uploads\/2015\/10\/Angle_Pearl_03-65x65.jpg 65w\" sizes=\"auto, (max-width: 437px) 100vw, 437px\" \/><\/a><\/p>\n<p><a href=\"https:\/\/socialdesignmagazine.com\/mag\/blog\/design-news\/piastrelle-in-ceramica-refin-collezione-labyrinth-by-giulio-iacchetti-cersaie-2015\/attachment\/angle_pearl_04\/#content\" rel=\"attachment wp-att-24910\"><img loading=\"lazy\" decoding=\"async\" data-attachment-id=\"24910\" data-permalink=\"https:\/\/socialdesignmagazine.com\/mag\/news\/design-news\/piastrelle-in-ceramica-refin-collezione-labyrinth-by-giulio-iacchetti-cersaie-2015\/attachment\/angle_pearl_04\/#content\" data-orig-file=\"https:\/\/socialdesignmagazine.com\/mag\/wp-content\/uploads\/2015\/10\/Angle_Pearl_04.jpg\" data-orig-size=\"880,880\" data-comments-opened=\"1\" data-image-meta=\"{&quot;aperture&quot;:&quot;0&quot;,&quot;credit&quot;:&quot;&quot;,&quot;camera&quot;:&quot;&quot;,&quot;caption&quot;:&quot;&quot;,&quot;created_timestamp&quot;:&quot;0&quot;,&quot;copyright&quot;:&quot;&quot;,&quot;focal_length&quot;:&quot;0&quot;,&quot;iso&quot;:&quot;0&quot;,&quot;shutter_speed&quot;:&quot;0&quot;,&quot;title&quot;:&quot;&quot;,&quot;orientation&quot;:&quot;0&quot;}\" data-image-title=\"Angle_Pearl_04\" data-image-description=\"\" data-image-caption=\"\" data-medium-file=\"https:\/\/socialdesignmagazine.com\/mag\/wp-content\/uploads\/2015\/10\/Angle_Pearl_04-396x256.jpg\" data-large-file=\"https:\/\/socialdesignmagazine.com\/mag\/wp-content\/uploads\/2015\/10\/Angle_Pearl_04.jpg\" class=\"alignnone wp-image-24910\" src=\"https:\/\/socialdesignmagazine.com\/mag\/wp-content\/uploads\/2015\/10\/Angle_Pearl_04.jpg\" alt=\"Angle_Pearl_04\" width=\"437\" height=\"437\" srcset=\"https:\/\/socialdesignmagazine.com\/mag\/wp-content\/uploads\/2015\/10\/Angle_Pearl_04.jpg 880w, https:\/\/socialdesignmagazine.com\/mag\/wp-content\/uploads\/2015\/10\/Angle_Pearl_04-768x768.jpg 768w, https:\/\/socialdesignmagazine.com\/mag\/wp-content\/uploads\/2015\/10\/Angle_Pearl_04-65x65.jpg 65w\" sizes=\"auto, (max-width: 437px) 100vw, 437px\" \/><\/a> <a href=\"https:\/\/socialdesignmagazine.com\/mag\/blog\/design-news\/piastrelle-in-ceramica-refin-collezione-labyrinth-by-giulio-iacchetti-cersaie-2015\/attachment\/angle_slate\/#content\" rel=\"attachment wp-att-24911\"><img loading=\"lazy\" decoding=\"async\" data-attachment-id=\"24911\" data-permalink=\"https:\/\/socialdesignmagazine.com\/mag\/news\/design-news\/piastrelle-in-ceramica-refin-collezione-labyrinth-by-giulio-iacchetti-cersaie-2015\/attachment\/angle_slate\/#content\" data-orig-file=\"https:\/\/socialdesignmagazine.com\/mag\/wp-content\/uploads\/2015\/10\/Angle_Slate.jpg\" data-orig-size=\"880,880\" data-comments-opened=\"1\" data-image-meta=\"{&quot;aperture&quot;:&quot;0&quot;,&quot;credit&quot;:&quot;&quot;,&quot;camera&quot;:&quot;&quot;,&quot;caption&quot;:&quot;&quot;,&quot;created_timestamp&quot;:&quot;0&quot;,&quot;copyright&quot;:&quot;&quot;,&quot;focal_length&quot;:&quot;0&quot;,&quot;iso&quot;:&quot;0&quot;,&quot;shutter_speed&quot;:&quot;0&quot;,&quot;title&quot;:&quot;&quot;,&quot;orientation&quot;:&quot;0&quot;}\" data-image-title=\"Angle_Slate\" data-image-description=\"\" data-image-caption=\"\" data-medium-file=\"https:\/\/socialdesignmagazine.com\/mag\/wp-content\/uploads\/2015\/10\/Angle_Slate-396x256.jpg\" data-large-file=\"https:\/\/socialdesignmagazine.com\/mag\/wp-content\/uploads\/2015\/10\/Angle_Slate.jpg\" class=\"alignnone wp-image-24911\" src=\"https:\/\/socialdesignmagazine.com\/mag\/wp-content\/uploads\/2015\/10\/Angle_Slate.jpg\" alt=\"Angle_Slate\" width=\"437\" height=\"437\" srcset=\"https:\/\/socialdesignmagazine.com\/mag\/wp-content\/uploads\/2015\/10\/Angle_Slate.jpg 880w, https:\/\/socialdesignmagazine.com\/mag\/wp-content\/uploads\/2015\/10\/Angle_Slate-768x768.jpg 768w, https:\/\/socialdesignmagazine.com\/mag\/wp-content\/uploads\/2015\/10\/Angle_Slate-65x65.jpg 65w\" sizes=\"auto, (max-width: 437px) 100vw, 437px\" \/><\/a><\/p>\n<div id=\"attachment_24912\" style=\"width: 890px\" class=\"wp-caption alignnone\"><a href=\"https:\/\/socialdesignmagazine.com\/mag\/blog\/design-news\/piastrelle-in-ceramica-refin-collezione-labyrinth-by-giulio-iacchetti-cersaie-2015\/attachment\/angle-navy-preview\/#content\" rel=\"attachment wp-att-24912\"><img loading=\"lazy\" decoding=\"async\" aria-describedby=\"caption-attachment-24912\" data-attachment-id=\"24912\" data-permalink=\"https:\/\/socialdesignmagazine.com\/mag\/news\/design-news\/piastrelle-in-ceramica-refin-collezione-labyrinth-by-giulio-iacchetti-cersaie-2015\/attachment\/angle-navy-preview\/#content\" data-orig-file=\"https:\/\/socialdesignmagazine.com\/mag\/wp-content\/uploads\/2015\/10\/Angle-navy-preview.jpg\" data-orig-size=\"880,879\" data-comments-opened=\"1\" data-image-meta=\"{&quot;aperture&quot;:&quot;0&quot;,&quot;credit&quot;:&quot;&quot;,&quot;camera&quot;:&quot;&quot;,&quot;caption&quot;:&quot;&quot;,&quot;created_timestamp&quot;:&quot;0&quot;,&quot;copyright&quot;:&quot;&quot;,&quot;focal_length&quot;:&quot;0&quot;,&quot;iso&quot;:&quot;0&quot;,&quot;shutter_speed&quot;:&quot;0&quot;,&quot;title&quot;:&quot;&quot;,&quot;orientation&quot;:&quot;0&quot;}\" data-image-title=\"Angle-navy-preview\" data-image-description=\"\" data-image-caption=\"\" data-medium-file=\"https:\/\/socialdesignmagazine.com\/mag\/wp-content\/uploads\/2015\/10\/Angle-navy-preview-396x256.jpg\" data-large-file=\"https:\/\/socialdesignmagazine.com\/mag\/wp-content\/uploads\/2015\/10\/Angle-navy-preview.jpg\" class=\"wp-image-24912 size-full\" src=\"https:\/\/socialdesignmagazine.com\/mag\/wp-content\/uploads\/2015\/10\/Angle-navy-preview.jpg\" alt=\"Piastrelle in ceramica Refin Labyrinth Angle navy\" width=\"880\" height=\"879\" srcset=\"https:\/\/socialdesignmagazine.com\/mag\/wp-content\/uploads\/2015\/10\/Angle-navy-preview.jpg 880w, https:\/\/socialdesignmagazine.com\/mag\/wp-content\/uploads\/2015\/10\/Angle-navy-preview-768x767.jpg 768w, https:\/\/socialdesignmagazine.com\/mag\/wp-content\/uploads\/2015\/10\/Angle-navy-preview-65x65.jpg 65w\" sizes=\"auto, (max-width: 880px) 100vw, 880px\" \/><\/a><p id=\"caption-attachment-24912\" class=\"wp-caption-text\">Piastrelle in ceramica Refin Labyrinth Angle navy<\/p><\/div>\n<p><a href=\"https:\/\/socialdesignmagazine.com\/mag\/blog\/design-news\/piastrelle-in-ceramica-refin-collezione-labyrinth-by-giulio-iacchetti-cersaie-2015\/attachment\/labyrinth_angle_pearl_still-life\/#content\" rel=\"attachment wp-att-24913\"><img loading=\"lazy\" decoding=\"async\" data-attachment-id=\"24913\" data-permalink=\"https:\/\/socialdesignmagazine.com\/mag\/news\/design-news\/piastrelle-in-ceramica-refin-collezione-labyrinth-by-giulio-iacchetti-cersaie-2015\/attachment\/labyrinth_angle_pearl_still-life\/#content\" data-orig-file=\"https:\/\/socialdesignmagazine.com\/mag\/wp-content\/uploads\/2015\/10\/Labyrinth_Angle_Pearl_still-life.jpg\" data-orig-size=\"880,554\" data-comments-opened=\"1\" data-image-meta=\"{&quot;aperture&quot;:&quot;0&quot;,&quot;credit&quot;:&quot;&quot;,&quot;camera&quot;:&quot;&quot;,&quot;caption&quot;:&quot;&quot;,&quot;created_timestamp&quot;:&quot;0&quot;,&quot;copyright&quot;:&quot;&quot;,&quot;focal_length&quot;:&quot;0&quot;,&quot;iso&quot;:&quot;0&quot;,&quot;shutter_speed&quot;:&quot;0&quot;,&quot;title&quot;:&quot;&quot;,&quot;orientation&quot;:&quot;0&quot;}\" data-image-title=\"Labyrinth_Angle_Pearl_still-life\" data-image-description=\"\" data-image-caption=\"\" data-medium-file=\"https:\/\/socialdesignmagazine.com\/mag\/wp-content\/uploads\/2015\/10\/Labyrinth_Angle_Pearl_still-life-396x256.jpg\" data-large-file=\"https:\/\/socialdesignmagazine.com\/mag\/wp-content\/uploads\/2015\/10\/Labyrinth_Angle_Pearl_still-life.jpg\" class=\"alignnone size-full wp-image-24913\" src=\"https:\/\/socialdesignmagazine.com\/mag\/wp-content\/uploads\/2015\/10\/Labyrinth_Angle_Pearl_still-life.jpg\" alt=\"Labyrinth_Angle_Pearl_still-life\" width=\"880\" height=\"554\" srcset=\"https:\/\/socialdesignmagazine.com\/mag\/wp-content\/uploads\/2015\/10\/Labyrinth_Angle_Pearl_still-life.jpg 880w, https:\/\/socialdesignmagazine.com\/mag\/wp-content\/uploads\/2015\/10\/Labyrinth_Angle_Pearl_still-life-768x483.jpg 768w, https:\/\/socialdesignmagazine.com\/mag\/wp-content\/uploads\/2015\/10\/Labyrinth_Angle_Pearl_still-life-320x200.jpg 320w\" sizes=\"auto, (max-width: 880px) 100vw, 880px\" \/><\/a><\/p>\n<p><a href=\"https:\/\/socialdesignmagazine.com\/mag\/blog\/design-news\/piastrelle-in-ceramica-refin-collezione-labyrinth-by-giulio-iacchetti-cersaie-2015\/attachment\/labyrinth_angle_sketches\/#content\" rel=\"attachment wp-att-24914\"><img loading=\"lazy\" decoding=\"async\" data-attachment-id=\"24914\" data-permalink=\"https:\/\/socialdesignmagazine.com\/mag\/news\/design-news\/piastrelle-in-ceramica-refin-collezione-labyrinth-by-giulio-iacchetti-cersaie-2015\/attachment\/labyrinth_angle_sketches\/#content\" data-orig-file=\"https:\/\/socialdesignmagazine.com\/mag\/wp-content\/uploads\/2015\/10\/Labyrinth_Angle_sketches.jpg\" data-orig-size=\"880,283\" data-comments-opened=\"1\" data-image-meta=\"{&quot;aperture&quot;:&quot;0&quot;,&quot;credit&quot;:&quot;&quot;,&quot;camera&quot;:&quot;&quot;,&quot;caption&quot;:&quot;&quot;,&quot;created_timestamp&quot;:&quot;0&quot;,&quot;copyright&quot;:&quot;&quot;,&quot;focal_length&quot;:&quot;0&quot;,&quot;iso&quot;:&quot;0&quot;,&quot;shutter_speed&quot;:&quot;0&quot;,&quot;title&quot;:&quot;&quot;,&quot;orientation&quot;:&quot;0&quot;}\" data-image-title=\"Labyrinth_Angle_sketches\" data-image-description=\"\" data-image-caption=\"\" data-medium-file=\"https:\/\/socialdesignmagazine.com\/mag\/wp-content\/uploads\/2015\/10\/Labyrinth_Angle_sketches-396x256.jpg\" data-large-file=\"https:\/\/socialdesignmagazine.com\/mag\/wp-content\/uploads\/2015\/10\/Labyrinth_Angle_sketches.jpg\" class=\"alignnone size-full wp-image-24914\" src=\"https:\/\/socialdesignmagazine.com\/mag\/wp-content\/uploads\/2015\/10\/Labyrinth_Angle_sketches.jpg\" alt=\"Labyrinth_Angle_sketches\" width=\"880\" height=\"283\" srcset=\"https:\/\/socialdesignmagazine.com\/mag\/wp-content\/uploads\/2015\/10\/Labyrinth_Angle_sketches.jpg 880w, https:\/\/socialdesignmagazine.com\/mag\/wp-content\/uploads\/2015\/10\/Labyrinth_Angle_sketches-768x247.jpg 768w\" sizes=\"auto, (max-width: 880px) 100vw, 880px\" \/><\/a><\/p>\n<p><a href=\"https:\/\/socialdesignmagazine.com\/mag\/blog\/design-news\/piastrelle-in-ceramica-refin-collezione-labyrinth-by-giulio-iacchetti-cersaie-2015\/attachment\/labyrinth_mirror_sketches\/#content\" rel=\"attachment wp-att-24915\"><img loading=\"lazy\" decoding=\"async\" data-attachment-id=\"24915\" data-permalink=\"https:\/\/socialdesignmagazine.com\/mag\/news\/design-news\/piastrelle-in-ceramica-refin-collezione-labyrinth-by-giulio-iacchetti-cersaie-2015\/attachment\/labyrinth_mirror_sketches\/#content\" data-orig-file=\"https:\/\/socialdesignmagazine.com\/mag\/wp-content\/uploads\/2015\/10\/Labyrinth_Mirror_sketches.jpg\" data-orig-size=\"880,288\" data-comments-opened=\"1\" data-image-meta=\"{&quot;aperture&quot;:&quot;0&quot;,&quot;credit&quot;:&quot;&quot;,&quot;camera&quot;:&quot;&quot;,&quot;caption&quot;:&quot;&quot;,&quot;created_timestamp&quot;:&quot;0&quot;,&quot;copyright&quot;:&quot;&quot;,&quot;focal_length&quot;:&quot;0&quot;,&quot;iso&quot;:&quot;0&quot;,&quot;shutter_speed&quot;:&quot;0&quot;,&quot;title&quot;:&quot;&quot;,&quot;orientation&quot;:&quot;0&quot;}\" data-image-title=\"Labyrinth_Mirror_sketches\" data-image-description=\"\" data-image-caption=\"\" data-medium-file=\"https:\/\/socialdesignmagazine.com\/mag\/wp-content\/uploads\/2015\/10\/Labyrinth_Mirror_sketches-396x256.jpg\" data-large-file=\"https:\/\/socialdesignmagazine.com\/mag\/wp-content\/uploads\/2015\/10\/Labyrinth_Mirror_sketches.jpg\" class=\"alignnone size-full wp-image-24915\" src=\"https:\/\/socialdesignmagazine.com\/mag\/wp-content\/uploads\/2015\/10\/Labyrinth_Mirror_sketches.jpg\" alt=\"Labyrinth_Mirror_sketches\" width=\"880\" height=\"288\" srcset=\"https:\/\/socialdesignmagazine.com\/mag\/wp-content\/uploads\/2015\/10\/Labyrinth_Mirror_sketches.jpg 880w, https:\/\/socialdesignmagazine.com\/mag\/wp-content\/uploads\/2015\/10\/Labyrinth_Mirror_sketches-768x251.jpg 768w\" sizes=\"auto, (max-width: 880px) 100vw, 880px\" \/><\/a><\/p>\n<div id=\"attachment_24916\" style=\"width: 890px\" class=\"wp-caption alignnone\"><a href=\"https:\/\/socialdesignmagazine.com\/mag\/blog\/design-news\/piastrelle-in-ceramica-refin-collezione-labyrinth-by-giulio-iacchetti-cersaie-2015\/attachment\/labyrinth_mirror_still-life\/#content\" rel=\"attachment wp-att-24916\"><img loading=\"lazy\" decoding=\"async\" aria-describedby=\"caption-attachment-24916\" data-attachment-id=\"24916\" data-permalink=\"https:\/\/socialdesignmagazine.com\/mag\/news\/design-news\/piastrelle-in-ceramica-refin-collezione-labyrinth-by-giulio-iacchetti-cersaie-2015\/attachment\/labyrinth_mirror_still-life\/#content\" data-orig-file=\"https:\/\/socialdesignmagazine.com\/mag\/wp-content\/uploads\/2015\/10\/Labyrinth_Mirror_still-life.jpg\" data-orig-size=\"880,660\" data-comments-opened=\"1\" data-image-meta=\"{&quot;aperture&quot;:&quot;0&quot;,&quot;credit&quot;:&quot;&quot;,&quot;camera&quot;:&quot;&quot;,&quot;caption&quot;:&quot;&quot;,&quot;created_timestamp&quot;:&quot;0&quot;,&quot;copyright&quot;:&quot;&quot;,&quot;focal_length&quot;:&quot;0&quot;,&quot;iso&quot;:&quot;0&quot;,&quot;shutter_speed&quot;:&quot;0&quot;,&quot;title&quot;:&quot;&quot;,&quot;orientation&quot;:&quot;0&quot;}\" data-image-title=\"Labyrinth_Mirror_still-life\" data-image-description=\"\" data-image-caption=\"\" data-medium-file=\"https:\/\/socialdesignmagazine.com\/mag\/wp-content\/uploads\/2015\/10\/Labyrinth_Mirror_still-life-396x256.jpg\" data-large-file=\"https:\/\/socialdesignmagazine.com\/mag\/wp-content\/uploads\/2015\/10\/Labyrinth_Mirror_still-life.jpg\" class=\"wp-image-24916 size-full\" src=\"https:\/\/socialdesignmagazine.com\/mag\/wp-content\/uploads\/2015\/10\/Labyrinth_Mirror_still-life.jpg\" alt=\"Piastrelle in ceramica Refin Labyrinth Mirror\" width=\"880\" height=\"660\" srcset=\"https:\/\/socialdesignmagazine.com\/mag\/wp-content\/uploads\/2015\/10\/Labyrinth_Mirror_still-life.jpg 880w, https:\/\/socialdesignmagazine.com\/mag\/wp-content\/uploads\/2015\/10\/Labyrinth_Mirror_still-life-768x576.jpg 768w\" sizes=\"auto, (max-width: 880px) 100vw, 880px\" \/><\/a><p id=\"caption-attachment-24916\" class=\"wp-caption-text\">Piastrelle in ceramica Refin Labyrinth Mirror<\/p><\/div>\n<p><a href=\"https:\/\/socialdesignmagazine.com\/mag\/blog\/design-news\/piastrelle-in-ceramica-refin-collezione-labyrinth-by-giulio-iacchetti-cersaie-2015\/attachment\/mirror_ash\/#content\" rel=\"attachment wp-att-24917\"><img loading=\"lazy\" decoding=\"async\" data-attachment-id=\"24917\" data-permalink=\"https:\/\/socialdesignmagazine.com\/mag\/news\/design-news\/piastrelle-in-ceramica-refin-collezione-labyrinth-by-giulio-iacchetti-cersaie-2015\/attachment\/mirror_ash\/#content\" data-orig-file=\"https:\/\/socialdesignmagazine.com\/mag\/wp-content\/uploads\/2015\/10\/Mirror_Ash.jpg\" data-orig-size=\"880,880\" data-comments-opened=\"1\" data-image-meta=\"{&quot;aperture&quot;:&quot;0&quot;,&quot;credit&quot;:&quot;&quot;,&quot;camera&quot;:&quot;&quot;,&quot;caption&quot;:&quot;&quot;,&quot;created_timestamp&quot;:&quot;0&quot;,&quot;copyright&quot;:&quot;&quot;,&quot;focal_length&quot;:&quot;0&quot;,&quot;iso&quot;:&quot;0&quot;,&quot;shutter_speed&quot;:&quot;0&quot;,&quot;title&quot;:&quot;&quot;,&quot;orientation&quot;:&quot;0&quot;}\" data-image-title=\"Mirror_Ash\" data-image-description=\"\" data-image-caption=\"\" data-medium-file=\"https:\/\/socialdesignmagazine.com\/mag\/wp-content\/uploads\/2015\/10\/Mirror_Ash-396x256.jpg\" data-large-file=\"https:\/\/socialdesignmagazine.com\/mag\/wp-content\/uploads\/2015\/10\/Mirror_Ash.jpg\" class=\"alignnone wp-image-24917\" src=\"https:\/\/socialdesignmagazine.com\/mag\/wp-content\/uploads\/2015\/10\/Mirror_Ash.jpg\" alt=\"Mirror_Ash\" width=\"437\" height=\"437\" srcset=\"https:\/\/socialdesignmagazine.com\/mag\/wp-content\/uploads\/2015\/10\/Mirror_Ash.jpg 880w, https:\/\/socialdesignmagazine.com\/mag\/wp-content\/uploads\/2015\/10\/Mirror_Ash-768x768.jpg 768w, https:\/\/socialdesignmagazine.com\/mag\/wp-content\/uploads\/2015\/10\/Mirror_Ash-65x65.jpg 65w\" sizes=\"auto, (max-width: 437px) 100vw, 437px\" \/><\/a>\u00a0<a href=\"https:\/\/socialdesignmagazine.com\/mag\/blog\/design-news\/piastrelle-in-ceramica-refin-collezione-labyrinth-by-giulio-iacchetti-cersaie-2015\/attachment\/mirror_sand\/#content\" rel=\"attachment wp-att-24918\"><img loading=\"lazy\" decoding=\"async\" data-attachment-id=\"24918\" data-permalink=\"https:\/\/socialdesignmagazine.com\/mag\/news\/design-news\/piastrelle-in-ceramica-refin-collezione-labyrinth-by-giulio-iacchetti-cersaie-2015\/attachment\/mirror_sand\/#content\" data-orig-file=\"https:\/\/socialdesignmagazine.com\/mag\/wp-content\/uploads\/2015\/10\/Mirror_Sand.jpg\" data-orig-size=\"880,880\" data-comments-opened=\"1\" data-image-meta=\"{&quot;aperture&quot;:&quot;0&quot;,&quot;credit&quot;:&quot;&quot;,&quot;camera&quot;:&quot;&quot;,&quot;caption&quot;:&quot;&quot;,&quot;created_timestamp&quot;:&quot;0&quot;,&quot;copyright&quot;:&quot;&quot;,&quot;focal_length&quot;:&quot;0&quot;,&quot;iso&quot;:&quot;0&quot;,&quot;shutter_speed&quot;:&quot;0&quot;,&quot;title&quot;:&quot;&quot;,&quot;orientation&quot;:&quot;0&quot;}\" data-image-title=\"Mirror_Sand\" data-image-description=\"\" data-image-caption=\"\" data-medium-file=\"https:\/\/socialdesignmagazine.com\/mag\/wp-content\/uploads\/2015\/10\/Mirror_Sand-396x256.jpg\" data-large-file=\"https:\/\/socialdesignmagazine.com\/mag\/wp-content\/uploads\/2015\/10\/Mirror_Sand.jpg\" class=\"alignnone wp-image-24918\" src=\"https:\/\/socialdesignmagazine.com\/mag\/wp-content\/uploads\/2015\/10\/Mirror_Sand.jpg\" alt=\"Mirror_Sand\" width=\"437\" height=\"437\" srcset=\"https:\/\/socialdesignmagazine.com\/mag\/wp-content\/uploads\/2015\/10\/Mirror_Sand.jpg 880w, https:\/\/socialdesignmagazine.com\/mag\/wp-content\/uploads\/2015\/10\/Mirror_Sand-768x768.jpg 768w, https:\/\/socialdesignmagazine.com\/mag\/wp-content\/uploads\/2015\/10\/Mirror_Sand-65x65.jpg 65w\" sizes=\"auto, (max-width: 437px) 100vw, 437px\" \/><\/a><\/p>\n<div id=\"attachment_24919\" style=\"width: 890px\" class=\"wp-caption alignnone\"><a href=\"https:\/\/socialdesignmagazine.com\/mag\/blog\/design-news\/piastrelle-in-ceramica-refin-collezione-labyrinth-by-giulio-iacchetti-cersaie-2015\/attachment\/mirror_sand_preview\/#content\" rel=\"attachment wp-att-24919\"><img loading=\"lazy\" decoding=\"async\" aria-describedby=\"caption-attachment-24919\" data-attachment-id=\"24919\" data-permalink=\"https:\/\/socialdesignmagazine.com\/mag\/news\/design-news\/piastrelle-in-ceramica-refin-collezione-labyrinth-by-giulio-iacchetti-cersaie-2015\/attachment\/mirror_sand_preview\/#content\" data-orig-file=\"https:\/\/socialdesignmagazine.com\/mag\/wp-content\/uploads\/2015\/10\/Mirror_Sand_preview.jpg\" data-orig-size=\"880,880\" data-comments-opened=\"1\" data-image-meta=\"{&quot;aperture&quot;:&quot;0&quot;,&quot;credit&quot;:&quot;&quot;,&quot;camera&quot;:&quot;&quot;,&quot;caption&quot;:&quot;&quot;,&quot;created_timestamp&quot;:&quot;0&quot;,&quot;copyright&quot;:&quot;&quot;,&quot;focal_length&quot;:&quot;0&quot;,&quot;iso&quot;:&quot;0&quot;,&quot;shutter_speed&quot;:&quot;0&quot;,&quot;title&quot;:&quot;&quot;,&quot;orientation&quot;:&quot;0&quot;}\" data-image-title=\"Mirror_Sand_preview\" data-image-description=\"\" data-image-caption=\"\" data-medium-file=\"https:\/\/socialdesignmagazine.com\/mag\/wp-content\/uploads\/2015\/10\/Mirror_Sand_preview-396x256.jpg\" data-large-file=\"https:\/\/socialdesignmagazine.com\/mag\/wp-content\/uploads\/2015\/10\/Mirror_Sand_preview.jpg\" class=\"wp-image-24919 size-full\" src=\"https:\/\/socialdesignmagazine.com\/mag\/wp-content\/uploads\/2015\/10\/Mirror_Sand_preview.jpg\" alt=\"Piastrelle in ceramica Refin Labyrinth Mirror Sand\" width=\"880\" height=\"880\" srcset=\"https:\/\/socialdesignmagazine.com\/mag\/wp-content\/uploads\/2015\/10\/Mirror_Sand_preview.jpg 880w, https:\/\/socialdesignmagazine.com\/mag\/wp-content\/uploads\/2015\/10\/Mirror_Sand_preview-768x768.jpg 768w, https:\/\/socialdesignmagazine.com\/mag\/wp-content\/uploads\/2015\/10\/Mirror_Sand_preview-65x65.jpg 65w\" sizes=\"auto, (max-width: 880px) 100vw, 880px\" \/><\/a><p id=\"caption-attachment-24919\" class=\"wp-caption-text\">Piastrelle in ceramica Refin Labyrinth Mirror Sand<\/p><\/div>\n<div id=\"attachment_24920\" style=\"width: 890px\" class=\"wp-caption alignnone\"><a href=\"https:\/\/socialdesignmagazine.com\/mag\/blog\/design-news\/piastrelle-in-ceramica-refin-collezione-labyrinth-by-giulio-iacchetti-cersaie-2015\/attachment\/mirror_silver\/#content\" rel=\"attachment wp-att-24920\"><img loading=\"lazy\" decoding=\"async\" aria-describedby=\"caption-attachment-24920\" data-attachment-id=\"24920\" data-permalink=\"https:\/\/socialdesignmagazine.com\/mag\/news\/design-news\/piastrelle-in-ceramica-refin-collezione-labyrinth-by-giulio-iacchetti-cersaie-2015\/attachment\/mirror_silver\/#content\" data-orig-file=\"https:\/\/socialdesignmagazine.com\/mag\/wp-content\/uploads\/2015\/10\/Mirror_Silver.jpg\" data-orig-size=\"880,880\" data-comments-opened=\"1\" data-image-meta=\"{&quot;aperture&quot;:&quot;0&quot;,&quot;credit&quot;:&quot;&quot;,&quot;camera&quot;:&quot;&quot;,&quot;caption&quot;:&quot;&quot;,&quot;created_timestamp&quot;:&quot;0&quot;,&quot;copyright&quot;:&quot;&quot;,&quot;focal_length&quot;:&quot;0&quot;,&quot;iso&quot;:&quot;0&quot;,&quot;shutter_speed&quot;:&quot;0&quot;,&quot;title&quot;:&quot;&quot;,&quot;orientation&quot;:&quot;0&quot;}\" data-image-title=\"Mirror_Silver\" data-image-description=\"\" data-image-caption=\"\" data-medium-file=\"https:\/\/socialdesignmagazine.com\/mag\/wp-content\/uploads\/2015\/10\/Mirror_Silver-396x256.jpg\" data-large-file=\"https:\/\/socialdesignmagazine.com\/mag\/wp-content\/uploads\/2015\/10\/Mirror_Silver.jpg\" class=\"wp-image-24920 size-full\" src=\"https:\/\/socialdesignmagazine.com\/mag\/wp-content\/uploads\/2015\/10\/Mirror_Silver.jpg\" alt=\"Piastrelle in ceramica Refin Labyrinth Mirror Silver\" width=\"880\" height=\"880\" srcset=\"https:\/\/socialdesignmagazine.com\/mag\/wp-content\/uploads\/2015\/10\/Mirror_Silver.jpg 880w, https:\/\/socialdesignmagazine.com\/mag\/wp-content\/uploads\/2015\/10\/Mirror_Silver-768x768.jpg 768w, https:\/\/socialdesignmagazine.com\/mag\/wp-content\/uploads\/2015\/10\/Mirror_Silver-65x65.jpg 65w\" sizes=\"auto, (max-width: 880px) 100vw, 880px\" \/><\/a><p id=\"caption-attachment-24920\" class=\"wp-caption-text\">Piastrelle in ceramica Refin Labyrinth Mirror Silver<\/p><\/div>\n","protected":false,"gt_translate_keys":[{"key":"rendered","format":"html"}]},"excerpt":{"rendered":"<p>Labyrinth \u00e8 la nuova collezione di piastrelle in ceramica Refin disegnata da Giulio Iacchetti, ne avevamo gi\u00e0 dato un&#8217;anteprima, ma ora la collezione \u00e8 stata ampiamente esposta in occasione del Cersaie 2015.<\/p>\n","protected":false,"gt_translate_keys":[{"key":"rendered","format":"html"}]},"author":1,"featured_media":24903,"comment_status":"open","ping_status":"open","sticky":false,"template":"","format":"standard","meta":{"jetpack_post_was_ever_published":false,"_jetpack_newsletter_access":"","_jetpack_dont_email_post_to_subs":false,"_jetpack_newsletter_tier_id":0,"_jetpack_memberships_contains_paywalled_content":false,"_jetpack_memberships_contains_paid_content":false,"footnotes":"","_wpscppro_dont_share_socialmedia":false,"_wpscppro_custom_social_share_image":0,"_facebook_share_type":"","_twitter_share_type":"","_linkedin_share_type":"","_pinterest_share_type":"","_linkedin_share_type_page":"","_instagram_share_type":"","_medium_share_type":"","_threads_share_type":"","_google_business_share_type":"","_selected_social_profile":[],"_wpsp_enable_custom_social_template":false,"_wpsp_social_scheduling":{"enabled":false,"datetime":null,"platforms":[],"status":"template_only","dateOption":"today","timeOption":"now","customDays":"","customHours":"","customDate":"","customTime":"","schedulingType":"absolute"},"_wpsp_active_default_template":true},"categories":[17],"tags":[2801,4418,2107,2802],"class_list":["post-24885","post","type-post","status-publish","format-standard","has-post-thumbnail","hentry","category-design-news","tag-ceramiche","tag-cersaie-2015","tag-giulio-iacchetti","tag-refin"],"yoast_head":"<!-- This site is optimized with the Yoast SEO plugin v27.2 - https:\/\/yoast.com\/product\/yoast-seo-wordpress\/ -->\n<title>Piastrelle in ceramica Refin Labyrinth by Giulio Iacchetti<\/title>\n<meta name=\"description\" content=\"Labyrinth \u00e8 la nuova collezione di piastrelle in ceramica Refin disegnata da Giulio Iacchetti, la collezione \u00e8 stata esposta in occasione del Cersaie 2015.\" \/>\n<meta name=\"robots\" content=\"index, follow, max-snippet:-1, max-image-preview:large, max-video-preview:-1\" \/>\n<link rel=\"canonical\" href=\"https:\/\/socialdesignmagazine.com\/mag\/news\/design-news\/piastrelle-in-ceramica-refin-collezione-labyrinth-by-giulio-iacchetti-cersaie-2015\/\" \/>\n<meta property=\"og:locale\" content=\"it_IT\" \/>\n<meta property=\"og:type\" content=\"article\" \/>\n<meta property=\"og:title\" content=\"Piastrelle in ceramica Refin Labyrinth by Giulio Iacchetti\" \/>\n<meta property=\"og:description\" content=\"Labyrinth \u00e8 la nuova collezione di piastrelle in ceramica Refin disegnata da Giulio Iacchetti, la collezione \u00e8 stata esposta in occasione del Cersaie 2015.\" \/>\n<meta property=\"og:url\" content=\"http:\/\/socialdesignmagazine.com\/mag\/news\/design-news\/piastrelle-in-ceramica-refin-collezione-labyrinth-by-giulio-iacchetti-cersaie-2015\/\" \/>\n<meta property=\"og:site_name\" content=\"Social Design Magazine\" \/>\n<meta property=\"article:publisher\" content=\"https:\/\/www.facebook.com\/socialdesignmag\" \/>\n<meta property=\"article:author\" content=\"https:\/\/www.facebook.com\/benedettofiori\" \/>\n<meta property=\"article:published_time\" content=\"2015-10-15T08:00:47+00:00\" \/>\n<meta property=\"article:modified_time\" content=\"2015-11-09T12:02:19+00:00\" \/>\n<meta property=\"og:image\" content=\"https:\/\/socialdesignmagazine.com\/mag\/wp-content\/uploads\/2015\/10\/Labyrinth_Angle_Slate.jpg\" \/>\n\t<meta property=\"og:image:width\" content=\"880\" \/>\n\t<meta property=\"og:image:height\" content=\"659\" \/>\n\t<meta property=\"og:image:type\" content=\"image\/jpeg\" \/>\n<meta name=\"author\" content=\"Benedetto Fiori\" \/>\n<meta name=\"twitter:card\" content=\"summary_large_image\" \/>\n<meta name=\"twitter:creator\" content=\"@benedettofiori\" \/>\n<meta name=\"twitter:site\" content=\"@socialdesignmag\" \/>\n<meta name=\"twitter:label1\" content=\"Scritto da\" \/>\n\t<meta name=\"twitter:data1\" content=\"Benedetto Fiori\" \/>\n\t<meta name=\"twitter:label2\" content=\"Tempo di lettura stimato\" \/>\n\t<meta name=\"twitter:data2\" content=\"2 minuti\" \/>\n<script type=\"application\/ld+json\" class=\"yoast-schema-graph\">{\"@context\":\"https:\/\/schema.org\",\"@graph\":[{\"@type\":\"Article\",\"@id\":\"https:\/\/socialdesignmagazine.com\/mag\/news\/design-news\/piastrelle-in-ceramica-refin-collezione-labyrinth-by-giulio-iacchetti-cersaie-2015\/#article\",\"isPartOf\":{\"@id\":\"https:\/\/socialdesignmagazine.com\/mag\/news\/design-news\/piastrelle-in-ceramica-refin-collezione-labyrinth-by-giulio-iacchetti-cersaie-2015\/\"},\"author\":{\"name\":\"Benedetto Fiori\",\"@id\":\"https:\/\/socialdesignmagazine.com\/mag\/#\/schema\/person\/61e20205cc363c315e6aabd33a045846\"},\"headline\":\"Piastrelle in ceramica Refin, collezione Labyrinth by Giulio Iacchetti, Cersaie 2015\",\"datePublished\":\"2015-10-15T08:00:47+00:00\",\"dateModified\":\"2015-11-09T12:02:19+00:00\",\"mainEntityOfPage\":{\"@id\":\"https:\/\/socialdesignmagazine.com\/mag\/news\/design-news\/piastrelle-in-ceramica-refin-collezione-labyrinth-by-giulio-iacchetti-cersaie-2015\/\"},\"wordCount\":413,\"commentCount\":0,\"publisher\":{\"@id\":\"https:\/\/socialdesignmagazine.com\/mag\/#organization\"},\"image\":{\"@id\":\"https:\/\/socialdesignmagazine.com\/mag\/news\/design-news\/piastrelle-in-ceramica-refin-collezione-labyrinth-by-giulio-iacchetti-cersaie-2015\/#primaryimage\"},\"thumbnailUrl\":\"https:\/\/socialdesignmagazine.com\/mag\/wp-content\/uploads\/2015\/10\/Labyrinth_Angle_Slate.jpg\",\"keywords\":[\"ceramiche\",\"Cersaie 2015\",\"giulio iacchetti\",\"refin\"],\"articleSection\":[\"Design News\"],\"inLanguage\":\"it-IT\",\"potentialAction\":[{\"@type\":\"CommentAction\",\"name\":\"Comment\",\"target\":[\"https:\/\/socialdesignmagazine.com\/mag\/news\/design-news\/piastrelle-in-ceramica-refin-collezione-labyrinth-by-giulio-iacchetti-cersaie-2015\/#respond\"]}]},{\"@type\":\"WebPage\",\"@id\":\"https:\/\/socialdesignmagazine.com\/mag\/news\/design-news\/piastrelle-in-ceramica-refin-collezione-labyrinth-by-giulio-iacchetti-cersaie-2015\/\",\"url\":\"https:\/\/socialdesignmagazine.com\/mag\/news\/design-news\/piastrelle-in-ceramica-refin-collezione-labyrinth-by-giulio-iacchetti-cersaie-2015\/\",\"name\":\"Piastrelle in ceramica Refin Labyrinth by Giulio Iacchetti\",\"isPartOf\":{\"@id\":\"https:\/\/socialdesignmagazine.com\/mag\/#website\"},\"primaryImageOfPage\":{\"@id\":\"https:\/\/socialdesignmagazine.com\/mag\/news\/design-news\/piastrelle-in-ceramica-refin-collezione-labyrinth-by-giulio-iacchetti-cersaie-2015\/#primaryimage\"},\"image\":{\"@id\":\"https:\/\/socialdesignmagazine.com\/mag\/news\/design-news\/piastrelle-in-ceramica-refin-collezione-labyrinth-by-giulio-iacchetti-cersaie-2015\/#primaryimage\"},\"thumbnailUrl\":\"https:\/\/socialdesignmagazine.com\/mag\/wp-content\/uploads\/2015\/10\/Labyrinth_Angle_Slate.jpg\",\"datePublished\":\"2015-10-15T08:00:47+00:00\",\"dateModified\":\"2015-11-09T12:02:19+00:00\",\"description\":\"Labyrinth \u00e8 la nuova collezione di piastrelle in ceramica Refin disegnata da Giulio Iacchetti, la collezione \u00e8 stata esposta in occasione del Cersaie 2015.\",\"breadcrumb\":{\"@id\":\"https:\/\/socialdesignmagazine.com\/mag\/news\/design-news\/piastrelle-in-ceramica-refin-collezione-labyrinth-by-giulio-iacchetti-cersaie-2015\/#breadcrumb\"},\"inLanguage\":\"it-IT\",\"potentialAction\":[{\"@type\":\"ReadAction\",\"target\":[\"https:\/\/socialdesignmagazine.com\/mag\/news\/design-news\/piastrelle-in-ceramica-refin-collezione-labyrinth-by-giulio-iacchetti-cersaie-2015\/\"]}]},{\"@type\":\"ImageObject\",\"inLanguage\":\"it-IT\",\"@id\":\"https:\/\/socialdesignmagazine.com\/mag\/news\/design-news\/piastrelle-in-ceramica-refin-collezione-labyrinth-by-giulio-iacchetti-cersaie-2015\/#primaryimage\",\"url\":\"https:\/\/socialdesignmagazine.com\/mag\/wp-content\/uploads\/2015\/10\/Labyrinth_Angle_Slate.jpg\",\"contentUrl\":\"https:\/\/socialdesignmagazine.com\/mag\/wp-content\/uploads\/2015\/10\/Labyrinth_Angle_Slate.jpg\",\"width\":880,\"height\":659,\"caption\":\"Piastrelle ceramica Refin Labyrinth Angle\"},{\"@type\":\"BreadcrumbList\",\"@id\":\"https:\/\/socialdesignmagazine.com\/mag\/news\/design-news\/piastrelle-in-ceramica-refin-collezione-labyrinth-by-giulio-iacchetti-cersaie-2015\/#breadcrumb\",\"itemListElement\":[{\"@type\":\"ListItem\",\"position\":1,\"name\":\"Home\",\"item\":\"https:\/\/socialdesignmagazine.com\/mag\/\"},{\"@type\":\"ListItem\",\"position\":2,\"name\":\"News\",\"item\":\"https:\/\/socialdesignmagazine.com\/mag\/news\/\"},{\"@type\":\"ListItem\",\"position\":3,\"name\":\"Design News\",\"item\":\"https:\/\/socialdesignmagazine.com\/mag\/news\/design-news\/\"},{\"@type\":\"ListItem\",\"position\":4,\"name\":\"Piastrelle in ceramica Refin, collezione Labyrinth by Giulio Iacchetti, Cersaie 2015\"}]},{\"@type\":\"WebSite\",\"@id\":\"https:\/\/socialdesignmagazine.com\/mag\/#website\",\"url\":\"https:\/\/socialdesignmagazine.com\/mag\/\",\"name\":\"Social Design Magazine\",\"description\":\"Social Magazine su Design, Architettura, Arte, Grafica\",\"publisher\":{\"@id\":\"https:\/\/socialdesignmagazine.com\/mag\/#organization\"},\"potentialAction\":[{\"@type\":\"SearchAction\",\"target\":{\"@type\":\"EntryPoint\",\"urlTemplate\":\"https:\/\/socialdesignmagazine.com\/mag\/?s={search_term_string}\"},\"query-input\":{\"@type\":\"PropertyValueSpecification\",\"valueRequired\":true,\"valueName\":\"search_term_string\"}}],\"inLanguage\":\"it-IT\"},{\"@type\":\"Organization\",\"@id\":\"https:\/\/socialdesignmagazine.com\/mag\/#organization\",\"name\":\"Social Design Magazine\",\"url\":\"https:\/\/socialdesignmagazine.com\/mag\/\",\"logo\":{\"@type\":\"ImageObject\",\"inLanguage\":\"it-IT\",\"@id\":\"https:\/\/socialdesignmagazine.com\/mag\/#\/schema\/logo\/image\/\",\"url\":\"https:\/\/socialdesignmagazine.com\/mag\/wp-content\/uploads\/2017\/01\/logo_favicon_11.png\",\"contentUrl\":\"https:\/\/socialdesignmagazine.com\/mag\/wp-content\/uploads\/2017\/01\/logo_favicon_11.png\",\"width\":1024,\"height\":1024,\"caption\":\"Social Design Magazine\"},\"image\":{\"@id\":\"https:\/\/socialdesignmagazine.com\/mag\/#\/schema\/logo\/image\/\"},\"sameAs\":[\"https:\/\/www.facebook.com\/socialdesignmag\",\"https:\/\/x.com\/socialdesignmag\",\"http:\/\/instagram.com\/social_design_magazine\/\",\"http:\/\/pinterest.com\/socialdesignmag\/\",\"http:\/\/www.youtube.com\/user\/socialdesignmagazine\"]},{\"@type\":\"Person\",\"@id\":\"https:\/\/socialdesignmagazine.com\/mag\/#\/schema\/person\/61e20205cc363c315e6aabd33a045846\",\"name\":\"Benedetto Fiori\",\"image\":{\"@type\":\"ImageObject\",\"inLanguage\":\"it-IT\",\"@id\":\"https:\/\/secure.gravatar.com\/avatar\/450a48cefa36da63d920ad70aa660bd10725b1c6093800242e5efdb397759033?s=96&d=mm&r=g\",\"url\":\"https:\/\/secure.gravatar.com\/avatar\/450a48cefa36da63d920ad70aa660bd10725b1c6093800242e5efdb397759033?s=96&d=mm&r=g\",\"contentUrl\":\"https:\/\/secure.gravatar.com\/avatar\/450a48cefa36da63d920ad70aa660bd10725b1c6093800242e5efdb397759033?s=96&d=mm&r=g\",\"caption\":\"Benedetto Fiori\"},\"description\":\"Web | Twitter | Facebook | Shutterstock Founder &amp; Editor in Chief di Social Design Magazine. Attratto da sempre da tutto ci\u00f2 che \u00e8 creativit\u00e0, design, architettura. Dopo aver studiato Architettura all'Universit\u00e0 di Firenze, si \u00e8 impegnato in molteplici campi: comunicazione grafica, progettazione di allestimenti fieristici, brand design, Interior Design.\",\"sameAs\":[\"http:\/\/benedettofiori.com\",\"https:\/\/www.facebook.com\/benedettofiori\",\"https:\/\/x.com\/benedettofiori\"],\"url\":\"https:\/\/socialdesignmagazine.com\/mag\/author\/benedetto\/\"}]}<\/script>\n<!-- \/ Yoast SEO plugin. -->","yoast_head_json":{"title":"Piastrelle in ceramica Refin Labyrinth by Giulio Iacchetti","description":"Labyrinth \u00e8 la nuova collezione di piastrelle in ceramica Refin disegnata da Giulio Iacchetti, la collezione \u00e8 stata esposta in occasione del Cersaie 2015.","robots":{"index":"index","follow":"follow","max-snippet":"max-snippet:-1","max-image-preview":"max-image-preview:large","max-video-preview":"max-video-preview:-1"},"canonical":"https:\/\/socialdesignmagazine.com\/mag\/news\/design-news\/piastrelle-in-ceramica-refin-collezione-labyrinth-by-giulio-iacchetti-cersaie-2015\/","og_locale":"it_IT","og_type":"article","og_title":"Piastrelle in ceramica Refin Labyrinth by Giulio Iacchetti","og_description":"Labyrinth \u00e8 la nuova collezione di piastrelle in ceramica Refin disegnata da Giulio Iacchetti, la collezione \u00e8 stata esposta in occasione del Cersaie 2015.","og_url":"http:\/\/socialdesignmagazine.com\/mag\/news\/design-news\/piastrelle-in-ceramica-refin-collezione-labyrinth-by-giulio-iacchetti-cersaie-2015\/","og_site_name":"Social Design Magazine","article_publisher":"https:\/\/www.facebook.com\/socialdesignmag","article_author":"https:\/\/www.facebook.com\/benedettofiori","article_published_time":"2015-10-15T08:00:47+00:00","article_modified_time":"2015-11-09T12:02:19+00:00","og_image":[{"width":880,"height":659,"url":"https:\/\/socialdesignmagazine.com\/mag\/wp-content\/uploads\/2015\/10\/Labyrinth_Angle_Slate.jpg","type":"image\/jpeg"}],"author":"Benedetto Fiori","twitter_card":"summary_large_image","twitter_creator":"@benedettofiori","twitter_site":"@socialdesignmag","twitter_misc":{"Scritto da":"Benedetto Fiori","Tempo di lettura stimato":"2 minuti"},"schema":{"@context":"https:\/\/schema.org","@graph":[{"@type":"Article","@id":"https:\/\/socialdesignmagazine.com\/mag\/news\/design-news\/piastrelle-in-ceramica-refin-collezione-labyrinth-by-giulio-iacchetti-cersaie-2015\/#article","isPartOf":{"@id":"https:\/\/socialdesignmagazine.com\/mag\/news\/design-news\/piastrelle-in-ceramica-refin-collezione-labyrinth-by-giulio-iacchetti-cersaie-2015\/"},"author":{"name":"Benedetto Fiori","@id":"https:\/\/socialdesignmagazine.com\/mag\/#\/schema\/person\/61e20205cc363c315e6aabd33a045846"},"headline":"Piastrelle in ceramica Refin, collezione Labyrinth by Giulio Iacchetti, Cersaie 2015","datePublished":"2015-10-15T08:00:47+00:00","dateModified":"2015-11-09T12:02:19+00:00","mainEntityOfPage":{"@id":"https:\/\/socialdesignmagazine.com\/mag\/news\/design-news\/piastrelle-in-ceramica-refin-collezione-labyrinth-by-giulio-iacchetti-cersaie-2015\/"},"wordCount":413,"commentCount":0,"publisher":{"@id":"https:\/\/socialdesignmagazine.com\/mag\/#organization"},"image":{"@id":"https:\/\/socialdesignmagazine.com\/mag\/news\/design-news\/piastrelle-in-ceramica-refin-collezione-labyrinth-by-giulio-iacchetti-cersaie-2015\/#primaryimage"},"thumbnailUrl":"https:\/\/socialdesignmagazine.com\/mag\/wp-content\/uploads\/2015\/10\/Labyrinth_Angle_Slate.jpg","keywords":["ceramiche","Cersaie 2015","giulio iacchetti","refin"],"articleSection":["Design News"],"inLanguage":"it-IT","potentialAction":[{"@type":"CommentAction","name":"Comment","target":["https:\/\/socialdesignmagazine.com\/mag\/news\/design-news\/piastrelle-in-ceramica-refin-collezione-labyrinth-by-giulio-iacchetti-cersaie-2015\/#respond"]}]},{"@type":"WebPage","@id":"https:\/\/socialdesignmagazine.com\/mag\/news\/design-news\/piastrelle-in-ceramica-refin-collezione-labyrinth-by-giulio-iacchetti-cersaie-2015\/","url":"https:\/\/socialdesignmagazine.com\/mag\/news\/design-news\/piastrelle-in-ceramica-refin-collezione-labyrinth-by-giulio-iacchetti-cersaie-2015\/","name":"Piastrelle in ceramica Refin Labyrinth by Giulio Iacchetti","isPartOf":{"@id":"https:\/\/socialdesignmagazine.com\/mag\/#website"},"primaryImageOfPage":{"@id":"https:\/\/socialdesignmagazine.com\/mag\/news\/design-news\/piastrelle-in-ceramica-refin-collezione-labyrinth-by-giulio-iacchetti-cersaie-2015\/#primaryimage"},"image":{"@id":"https:\/\/socialdesignmagazine.com\/mag\/news\/design-news\/piastrelle-in-ceramica-refin-collezione-labyrinth-by-giulio-iacchetti-cersaie-2015\/#primaryimage"},"thumbnailUrl":"https:\/\/socialdesignmagazine.com\/mag\/wp-content\/uploads\/2015\/10\/Labyrinth_Angle_Slate.jpg","datePublished":"2015-10-15T08:00:47+00:00","dateModified":"2015-11-09T12:02:19+00:00","description":"Labyrinth \u00e8 la nuova collezione di piastrelle in ceramica Refin disegnata da Giulio Iacchetti, la collezione \u00e8 stata esposta in occasione del Cersaie 2015.","breadcrumb":{"@id":"https:\/\/socialdesignmagazine.com\/mag\/news\/design-news\/piastrelle-in-ceramica-refin-collezione-labyrinth-by-giulio-iacchetti-cersaie-2015\/#breadcrumb"},"inLanguage":"it-IT","potentialAction":[{"@type":"ReadAction","target":["https:\/\/socialdesignmagazine.com\/mag\/news\/design-news\/piastrelle-in-ceramica-refin-collezione-labyrinth-by-giulio-iacchetti-cersaie-2015\/"]}]},{"@type":"ImageObject","inLanguage":"it-IT","@id":"https:\/\/socialdesignmagazine.com\/mag\/news\/design-news\/piastrelle-in-ceramica-refin-collezione-labyrinth-by-giulio-iacchetti-cersaie-2015\/#primaryimage","url":"https:\/\/socialdesignmagazine.com\/mag\/wp-content\/uploads\/2015\/10\/Labyrinth_Angle_Slate.jpg","contentUrl":"https:\/\/socialdesignmagazine.com\/mag\/wp-content\/uploads\/2015\/10\/Labyrinth_Angle_Slate.jpg","width":880,"height":659,"caption":"Piastrelle ceramica Refin Labyrinth Angle"},{"@type":"BreadcrumbList","@id":"https:\/\/socialdesignmagazine.com\/mag\/news\/design-news\/piastrelle-in-ceramica-refin-collezione-labyrinth-by-giulio-iacchetti-cersaie-2015\/#breadcrumb","itemListElement":[{"@type":"ListItem","position":1,"name":"Home","item":"https:\/\/socialdesignmagazine.com\/mag\/"},{"@type":"ListItem","position":2,"name":"News","item":"https:\/\/socialdesignmagazine.com\/mag\/news\/"},{"@type":"ListItem","position":3,"name":"Design News","item":"https:\/\/socialdesignmagazine.com\/mag\/news\/design-news\/"},{"@type":"ListItem","position":4,"name":"Piastrelle in ceramica Refin, collezione Labyrinth by Giulio Iacchetti, Cersaie 2015"}]},{"@type":"WebSite","@id":"https:\/\/socialdesignmagazine.com\/mag\/#website","url":"https:\/\/socialdesignmagazine.com\/mag\/","name":"Social Design Magazine","description":"Social Magazine su Design, Architettura, Arte, Grafica","publisher":{"@id":"https:\/\/socialdesignmagazine.com\/mag\/#organization"},"potentialAction":[{"@type":"SearchAction","target":{"@type":"EntryPoint","urlTemplate":"https:\/\/socialdesignmagazine.com\/mag\/?s={search_term_string}"},"query-input":{"@type":"PropertyValueSpecification","valueRequired":true,"valueName":"search_term_string"}}],"inLanguage":"it-IT"},{"@type":"Organization","@id":"https:\/\/socialdesignmagazine.com\/mag\/#organization","name":"Social Design Magazine","url":"https:\/\/socialdesignmagazine.com\/mag\/","logo":{"@type":"ImageObject","inLanguage":"it-IT","@id":"https:\/\/socialdesignmagazine.com\/mag\/#\/schema\/logo\/image\/","url":"https:\/\/socialdesignmagazine.com\/mag\/wp-content\/uploads\/2017\/01\/logo_favicon_11.png","contentUrl":"https:\/\/socialdesignmagazine.com\/mag\/wp-content\/uploads\/2017\/01\/logo_favicon_11.png","width":1024,"height":1024,"caption":"Social Design Magazine"},"image":{"@id":"https:\/\/socialdesignmagazine.com\/mag\/#\/schema\/logo\/image\/"},"sameAs":["https:\/\/www.facebook.com\/socialdesignmag","https:\/\/x.com\/socialdesignmag","http:\/\/instagram.com\/social_design_magazine\/","http:\/\/pinterest.com\/socialdesignmag\/","http:\/\/www.youtube.com\/user\/socialdesignmagazine"]},{"@type":"Person","@id":"https:\/\/socialdesignmagazine.com\/mag\/#\/schema\/person\/61e20205cc363c315e6aabd33a045846","name":"Benedetto Fiori","image":{"@type":"ImageObject","inLanguage":"it-IT","@id":"https:\/\/secure.gravatar.com\/avatar\/450a48cefa36da63d920ad70aa660bd10725b1c6093800242e5efdb397759033?s=96&d=mm&r=g","url":"https:\/\/secure.gravatar.com\/avatar\/450a48cefa36da63d920ad70aa660bd10725b1c6093800242e5efdb397759033?s=96&d=mm&r=g","contentUrl":"https:\/\/secure.gravatar.com\/avatar\/450a48cefa36da63d920ad70aa660bd10725b1c6093800242e5efdb397759033?s=96&d=mm&r=g","caption":"Benedetto Fiori"},"description":"Web | Twitter | Facebook | Shutterstock Founder &amp; Editor in Chief di Social Design Magazine. Attratto da sempre da tutto ci\u00f2 che \u00e8 creativit\u00e0, design, architettura. Dopo aver studiato Architettura all'Universit\u00e0 di Firenze, si \u00e8 impegnato in molteplici campi: comunicazione grafica, progettazione di allestimenti fieristici, brand design, Interior Design.","sameAs":["http:\/\/benedettofiori.com","https:\/\/www.facebook.com\/benedettofiori","https:\/\/x.com\/benedettofiori"],"url":"https:\/\/socialdesignmagazine.com\/mag\/author\/benedetto\/"}]}},"jetpack_featured_media_url":"https:\/\/socialdesignmagazine.com\/mag\/wp-content\/uploads\/2015\/10\/Labyrinth_Angle_Slate.jpg","jetpack_sharing_enabled":true,"jetpack_shortlink":"https:\/\/wp.me\/p6cV7V-6tn","gt_translate_keys":[{"key":"link","format":"url"}],"_links":{"self":[{"href":"https:\/\/socialdesignmagazine.com\/mag\/wp-json\/wp\/v2\/posts\/24885","targetHints":{"allow":["GET"]}}],"collection":[{"href":"https:\/\/socialdesignmagazine.com\/mag\/wp-json\/wp\/v2\/posts"}],"about":[{"href":"https:\/\/socialdesignmagazine.com\/mag\/wp-json\/wp\/v2\/types\/post"}],"author":[{"embeddable":true,"href":"https:\/\/socialdesignmagazine.com\/mag\/wp-json\/wp\/v2\/users\/1"}],"replies":[{"embeddable":true,"href":"https:\/\/socialdesignmagazine.com\/mag\/wp-json\/wp\/v2\/comments?post=24885"}],"version-history":[{"count":13,"href":"https:\/\/socialdesignmagazine.com\/mag\/wp-json\/wp\/v2\/posts\/24885\/revisions"}],"predecessor-version":[{"id":25472,"href":"https:\/\/socialdesignmagazine.com\/mag\/wp-json\/wp\/v2\/posts\/24885\/revisions\/25472"}],"wp:featuredmedia":[{"embeddable":true,"href":"https:\/\/socialdesignmagazine.com\/mag\/wp-json\/wp\/v2\/media\/24903"}],"wp:attachment":[{"href":"https:\/\/socialdesignmagazine.com\/mag\/wp-json\/wp\/v2\/media?parent=24885"}],"wp:term":[{"taxonomy":"category","embeddable":true,"href":"https:\/\/socialdesignmagazine.com\/mag\/wp-json\/wp\/v2\/categories?post=24885"},{"taxonomy":"post_tag","embeddable":true,"href":"https:\/\/socialdesignmagazine.com\/mag\/wp-json\/wp\/v2\/tags?post=24885"}],"curies":[{"name":"wp","href":"https:\/\/api.w.org\/{rel}","templated":true}]}}