{"id":2515,"date":"2013-11-27T11:00:00","date_gmt":"2013-11-27T10:00:00","guid":{"rendered":"https:\/\/socialdesignmagazine.com\/mag\/s6-design\/c43-design-news\/clei-festeggia-i-15-anni-di-anima-domus-allart-basel-di-miami\/"},"modified":"2024-07-22T22:00:16","modified_gmt":"2024-07-22T20:00:16","slug":"clei-festeggia-i-15-anni-di-anima-domus-allart-basel-di-miami","status":"publish","type":"post","link":"https:\/\/socialdesignmagazine.com\/mag\/news\/design-news\/clei-festeggia-i-15-anni-di-anima-domus-allart-basel-di-miami\/","title":{"rendered":"CLEI festeggia i 15 anni di ANIMA DOMUS all\u2019ART BASEL di MIAMI","gt_translate_keys":[{"key":"rendered","format":"text"}]},"content":{"rendered":"\n<p><strong>Il &#8220;fascino dell\u2019ingegno&#8221; mediterraneo di <a href=\"https:\/\/socialdesignmagazine.com\/mag\/tag\/clei\/\">Clei<\/a> ha conquistato \u201cl\u2019Anima Domus\u201d americana<\/strong>, che ha cos\u00ec deciso di festeggiare con la collaborazione dell\u2019azienda i suoi primi 15 anni di attivit\u00e0.\u00a0Nel corso di questi 15 anni, Anima Domus \u00e8 diventato il principale punto di riferimento nel sud della Florida per chiunque sia alla ricerca di arredamento contemporaneo, esclusivo e rigorosamente Made in Italy. <strong>Anima Domus infatti, ha scelto di diffondere e vendere in America solo le eccellenze del design italiano.<\/strong><\/p>\n\n\n\n<p>La sera del 5 dicembre, durante l\u2019Art Basel a Miami, le migliori proposte del design italiano saranno esposte in esclusiva per Anima Domus, presso il nuovo spazio di quasi 5000 mq in pieno Design district. L\u2019evento \u2013 solo su invito- presenter\u00e0 i prodotti pi\u00f9 interessanti di sei tra le pi\u00f9 rinomate aziende del mobile italiano, ogni prodotto esposto coniugher\u00e0 in s\u00e9 progettazione artigianale, stile, arte e lusso. Clei per l\u2019occasione presenter\u00e0 <strong>SWING, il sistema componibile che si trasforma in letto matrimoniale sempre pronto<\/strong>. Il sistema prevede integrato anche un divano, con uno o due braccioli e penisola scorrevole in 3 posizioni, con schienale reclinabile e contenitore sotto la seduta. I 50 anni di ricerca e innovazione di Clei e i 15 di attivit\u00e0 di Anima Domus si fondono insieme, per sostenere e promuovere l\u2019eccellenza del design italiano a livello internazionale.<\/p>\n","protected":false,"gt_translate_keys":[{"key":"rendered","format":"html"}]},"excerpt":{"rendered":"<p>Il &#8220;fascino dell\u2019ingegno&#8221; mediterraneo di Clei ha conquistato \u201cl\u2019Anima Domus\u201d americana, che ha cos\u00ec deciso di festeggiare con la collaborazione dell\u2019azienda i suoi primi 15 anni di attivit\u00e0.<\/p>\n","protected":false,"gt_translate_keys":[{"key":"rendered","format":"html"}]},"author":6,"featured_media":14705,"comment_status":"open","ping_status":"open","sticky":false,"template":"","format":"standard","meta":{"jetpack_post_was_ever_published":false,"_jetpack_newsletter_access":"","_jetpack_dont_email_post_to_subs":false,"_jetpack_newsletter_tier_id":0,"_jetpack_memberships_contains_paywalled_content":false,"_jetpack_memberships_contains_paid_content":false,"footnotes":"","_wpscppro_dont_share_socialmedia":false,"_wpscppro_custom_social_share_image":0,"_facebook_share_type":"","_twitter_share_type":"","_linkedin_share_type":"","_pinterest_share_type":"","_linkedin_share_type_page":"","_instagram_share_type":"","_medium_share_type":"","_threads_share_type":"","_google_business_share_type":"","_selected_social_profile":[],"_wpsp_enable_custom_social_template":false,"_wpsp_social_scheduling":{"enabled":false,"datetime":null,"platforms":[],"status":"template_only","dateOption":"today","timeOption":"now","customDays":"","customHours":"","customDate":"","customTime":"","schedulingType":"absolute"},"_wpsp_active_default_template":true},"categories":[17],"tags":[1887],"class_list":["post-2515","post","type-post","status-publish","format-standard","has-post-thumbnail","hentry","category-design-news","tag-clei"],"yoast_head":"<!-- This site is optimized with the Yoast SEO plugin v27.2 - https:\/\/yoast.com\/product\/yoast-seo-wordpress\/ -->\n<title>CLEI festeggia i 15 anni di ANIMA DOMUS all\u2019ART BASEL di MIAMI - Social Design Magazine<\/title>\n<meta name=\"description\" content=\"Il &quot;fascino dell\u2019ingegno&quot; mediterraneo di Clei ha conquistato \u201cl\u2019Anima Domus\u201d americana, che ha cos\u00ec deciso di festeggiare con la collaborazione dell\u2019azienda i suoi primi 15 anni di attivit\u00e0.\" \/>\n<meta name=\"robots\" content=\"index, follow, max-snippet:-1, max-image-preview:large, max-video-preview:-1\" \/>\n<link rel=\"canonical\" href=\"https:\/\/socialdesignmagazine.com\/mag\/news\/design-news\/clei-festeggia-i-15-anni-di-anima-domus-allart-basel-di-miami\/\" \/>\n<meta property=\"og:locale\" content=\"it_IT\" \/>\n<meta property=\"og:type\" content=\"article\" \/>\n<meta property=\"og:title\" content=\"CLEI festeggia i 15 anni di ANIMA DOMUS all\u2019ART BASEL di MIAMI - Social Design Magazine\" \/>\n<meta property=\"og:description\" content=\"Il &quot;fascino dell\u2019ingegno&quot; mediterraneo di Clei ha conquistato \u201cl\u2019Anima Domus\u201d americana, che ha cos\u00ec deciso di festeggiare con la collaborazione dell\u2019azienda i suoi primi 15 anni di attivit\u00e0.\" \/>\n<meta property=\"og:url\" content=\"http:\/\/socialdesignmagazine.com\/mag\/news\/design-news\/clei-festeggia-i-15-anni-di-anima-domus-allart-basel-di-miami\/\" \/>\n<meta property=\"og:site_name\" content=\"Social Design Magazine\" \/>\n<meta property=\"article:publisher\" content=\"https:\/\/www.facebook.com\/socialdesignmag\" \/>\n<meta property=\"article:published_time\" content=\"2013-11-27T10:00:00+00:00\" \/>\n<meta property=\"article:modified_time\" content=\"2024-07-22T20:00:16+00:00\" \/>\n<meta property=\"og:image\" content=\"https:\/\/socialdesignmagazine.com\/mag\/wp-content\/uploads\/2013\/11\/users_Jessy_CLEI_festeggia_i_15_anni_di_ANIMA_DOMUS_allART_BASEL_di_MIAMI_CLEI_-_SWING.jpg\" \/>\n\t<meta property=\"og:image:width\" content=\"720\" \/>\n\t<meta property=\"og:image:height\" content=\"231\" \/>\n\t<meta property=\"og:image:type\" content=\"image\/jpeg\" \/>\n<meta name=\"author\" content=\"jessica zannori\" \/>\n<meta name=\"twitter:card\" content=\"summary_large_image\" \/>\n<meta name=\"twitter:creator\" content=\"@socialdesignmag\" \/>\n<meta name=\"twitter:site\" content=\"@socialdesignmag\" \/>\n<meta name=\"twitter:label1\" content=\"Scritto da\" \/>\n\t<meta name=\"twitter:data1\" content=\"jessica zannori\" \/>\n\t<meta name=\"twitter:label2\" content=\"Tempo di lettura stimato\" \/>\n\t<meta name=\"twitter:data2\" content=\"2 minuti\" \/>\n<script type=\"application\/ld+json\" class=\"yoast-schema-graph\">{\"@context\":\"https:\/\/schema.org\",\"@graph\":[{\"@type\":\"Article\",\"@id\":\"https:\/\/socialdesignmagazine.com\/mag\/news\/design-news\/clei-festeggia-i-15-anni-di-anima-domus-allart-basel-di-miami\/#article\",\"isPartOf\":{\"@id\":\"https:\/\/socialdesignmagazine.com\/mag\/news\/design-news\/clei-festeggia-i-15-anni-di-anima-domus-allart-basel-di-miami\/\"},\"author\":{\"name\":\"jessica zannori\",\"@id\":\"https:\/\/socialdesignmagazine.com\/mag\/#\/schema\/person\/f26aea2d68a722d5ed3a1ee93c92aba9\"},\"headline\":\"CLEI festeggia i 15 anni di ANIMA DOMUS all\u2019ART BASEL di MIAMI\",\"datePublished\":\"2013-11-27T10:00:00+00:00\",\"dateModified\":\"2024-07-22T20:00:16+00:00\",\"mainEntityOfPage\":{\"@id\":\"https:\/\/socialdesignmagazine.com\/mag\/news\/design-news\/clei-festeggia-i-15-anni-di-anima-domus-allart-basel-di-miami\/\"},\"wordCount\":228,\"commentCount\":0,\"publisher\":{\"@id\":\"https:\/\/socialdesignmagazine.com\/mag\/#organization\"},\"image\":{\"@id\":\"https:\/\/socialdesignmagazine.com\/mag\/news\/design-news\/clei-festeggia-i-15-anni-di-anima-domus-allart-basel-di-miami\/#primaryimage\"},\"thumbnailUrl\":\"https:\/\/socialdesignmagazine.com\/mag\/wp-content\/uploads\/2013\/11\/users_Jessy_CLEI_festeggia_i_15_anni_di_ANIMA_DOMUS_allART_BASEL_di_MIAMI_CLEI_-_SWING.jpg\",\"keywords\":[\"clei\"],\"articleSection\":[\"Design News\"],\"inLanguage\":\"it-IT\",\"potentialAction\":[{\"@type\":\"CommentAction\",\"name\":\"Comment\",\"target\":[\"https:\/\/socialdesignmagazine.com\/mag\/news\/design-news\/clei-festeggia-i-15-anni-di-anima-domus-allart-basel-di-miami\/#respond\"]}]},{\"@type\":\"WebPage\",\"@id\":\"https:\/\/socialdesignmagazine.com\/mag\/news\/design-news\/clei-festeggia-i-15-anni-di-anima-domus-allart-basel-di-miami\/\",\"url\":\"https:\/\/socialdesignmagazine.com\/mag\/news\/design-news\/clei-festeggia-i-15-anni-di-anima-domus-allart-basel-di-miami\/\",\"name\":\"CLEI festeggia i 15 anni di ANIMA DOMUS all\u2019ART BASEL di MIAMI - Social Design Magazine\",\"isPartOf\":{\"@id\":\"https:\/\/socialdesignmagazine.com\/mag\/#website\"},\"primaryImageOfPage\":{\"@id\":\"https:\/\/socialdesignmagazine.com\/mag\/news\/design-news\/clei-festeggia-i-15-anni-di-anima-domus-allart-basel-di-miami\/#primaryimage\"},\"image\":{\"@id\":\"https:\/\/socialdesignmagazine.com\/mag\/news\/design-news\/clei-festeggia-i-15-anni-di-anima-domus-allart-basel-di-miami\/#primaryimage\"},\"thumbnailUrl\":\"https:\/\/socialdesignmagazine.com\/mag\/wp-content\/uploads\/2013\/11\/users_Jessy_CLEI_festeggia_i_15_anni_di_ANIMA_DOMUS_allART_BASEL_di_MIAMI_CLEI_-_SWING.jpg\",\"datePublished\":\"2013-11-27T10:00:00+00:00\",\"dateModified\":\"2024-07-22T20:00:16+00:00\",\"description\":\"Il \\\"fascino dell\u2019ingegno\\\" mediterraneo di Clei ha conquistato \u201cl\u2019Anima Domus\u201d americana, che ha cos\u00ec deciso di festeggiare con la collaborazione dell\u2019azienda i suoi primi 15 anni di attivit\u00e0.\",\"breadcrumb\":{\"@id\":\"https:\/\/socialdesignmagazine.com\/mag\/news\/design-news\/clei-festeggia-i-15-anni-di-anima-domus-allart-basel-di-miami\/#breadcrumb\"},\"inLanguage\":\"it-IT\",\"potentialAction\":[{\"@type\":\"ReadAction\",\"target\":[\"https:\/\/socialdesignmagazine.com\/mag\/news\/design-news\/clei-festeggia-i-15-anni-di-anima-domus-allart-basel-di-miami\/\"]}]},{\"@type\":\"ImageObject\",\"inLanguage\":\"it-IT\",\"@id\":\"https:\/\/socialdesignmagazine.com\/mag\/news\/design-news\/clei-festeggia-i-15-anni-di-anima-domus-allart-basel-di-miami\/#primaryimage\",\"url\":\"https:\/\/socialdesignmagazine.com\/mag\/wp-content\/uploads\/2013\/11\/users_Jessy_CLEI_festeggia_i_15_anni_di_ANIMA_DOMUS_allART_BASEL_di_MIAMI_CLEI_-_SWING.jpg\",\"contentUrl\":\"https:\/\/socialdesignmagazine.com\/mag\/wp-content\/uploads\/2013\/11\/users_Jessy_CLEI_festeggia_i_15_anni_di_ANIMA_DOMUS_allART_BASEL_di_MIAMI_CLEI_-_SWING.jpg\",\"width\":720,\"height\":231,\"caption\":\"CLEI - SWING\"},{\"@type\":\"BreadcrumbList\",\"@id\":\"https:\/\/socialdesignmagazine.com\/mag\/news\/design-news\/clei-festeggia-i-15-anni-di-anima-domus-allart-basel-di-miami\/#breadcrumb\",\"itemListElement\":[{\"@type\":\"ListItem\",\"position\":1,\"name\":\"Home\",\"item\":\"https:\/\/socialdesignmagazine.com\/mag\/\"},{\"@type\":\"ListItem\",\"position\":2,\"name\":\"News\",\"item\":\"https:\/\/socialdesignmagazine.com\/mag\/news\/\"},{\"@type\":\"ListItem\",\"position\":3,\"name\":\"Design News\",\"item\":\"https:\/\/socialdesignmagazine.com\/mag\/news\/design-news\/\"},{\"@type\":\"ListItem\",\"position\":4,\"name\":\"CLEI festeggia i 15 anni di ANIMA DOMUS all\u2019ART BASEL di MIAMI\"}]},{\"@type\":\"WebSite\",\"@id\":\"https:\/\/socialdesignmagazine.com\/mag\/#website\",\"url\":\"https:\/\/socialdesignmagazine.com\/mag\/\",\"name\":\"Social Design Magazine\",\"description\":\"Social Magazine su Design, Architettura, Arte, Grafica\",\"publisher\":{\"@id\":\"https:\/\/socialdesignmagazine.com\/mag\/#organization\"},\"potentialAction\":[{\"@type\":\"SearchAction\",\"target\":{\"@type\":\"EntryPoint\",\"urlTemplate\":\"https:\/\/socialdesignmagazine.com\/mag\/?s={search_term_string}\"},\"query-input\":{\"@type\":\"PropertyValueSpecification\",\"valueRequired\":true,\"valueName\":\"search_term_string\"}}],\"inLanguage\":\"it-IT\"},{\"@type\":\"Organization\",\"@id\":\"https:\/\/socialdesignmagazine.com\/mag\/#organization\",\"name\":\"Social Design Magazine\",\"url\":\"https:\/\/socialdesignmagazine.com\/mag\/\",\"logo\":{\"@type\":\"ImageObject\",\"inLanguage\":\"it-IT\",\"@id\":\"https:\/\/socialdesignmagazine.com\/mag\/#\/schema\/logo\/image\/\",\"url\":\"https:\/\/socialdesignmagazine.com\/mag\/wp-content\/uploads\/2017\/01\/logo_favicon_11.png\",\"contentUrl\":\"https:\/\/socialdesignmagazine.com\/mag\/wp-content\/uploads\/2017\/01\/logo_favicon_11.png\",\"width\":1024,\"height\":1024,\"caption\":\"Social Design Magazine\"},\"image\":{\"@id\":\"https:\/\/socialdesignmagazine.com\/mag\/#\/schema\/logo\/image\/\"},\"sameAs\":[\"https:\/\/www.facebook.com\/socialdesignmag\",\"https:\/\/x.com\/socialdesignmag\",\"http:\/\/instagram.com\/social_design_magazine\/\",\"http:\/\/pinterest.com\/socialdesignmag\/\",\"http:\/\/www.youtube.com\/user\/socialdesignmagazine\"]},{\"@type\":\"Person\",\"@id\":\"https:\/\/socialdesignmagazine.com\/mag\/#\/schema\/person\/f26aea2d68a722d5ed3a1ee93c92aba9\",\"name\":\"jessica zannori\",\"image\":{\"@type\":\"ImageObject\",\"inLanguage\":\"it-IT\",\"@id\":\"https:\/\/secure.gravatar.com\/avatar\/e338d2d30b98ee192f7c7708f51c9b6a0f135e3e3399a9bec7d00e0496a346c6?s=96&d=mm&r=g\",\"url\":\"https:\/\/secure.gravatar.com\/avatar\/e338d2d30b98ee192f7c7708f51c9b6a0f135e3e3399a9bec7d00e0496a346c6?s=96&d=mm&r=g\",\"contentUrl\":\"https:\/\/secure.gravatar.com\/avatar\/e338d2d30b98ee192f7c7708f51c9b6a0f135e3e3399a9bec7d00e0496a346c6?s=96&d=mm&r=g\",\"caption\":\"jessica zannori\"},\"url\":\"https:\/\/socialdesignmagazine.com\/mag\/author\/jessy\/\"}]}<\/script>\n<!-- \/ Yoast SEO plugin. -->","yoast_head_json":{"title":"CLEI festeggia i 15 anni di ANIMA DOMUS all\u2019ART BASEL di MIAMI - Social Design Magazine","description":"Il \"fascino dell\u2019ingegno\" mediterraneo di Clei ha conquistato \u201cl\u2019Anima Domus\u201d americana, che ha cos\u00ec deciso di festeggiare con la collaborazione dell\u2019azienda i suoi primi 15 anni di attivit\u00e0.","robots":{"index":"index","follow":"follow","max-snippet":"max-snippet:-1","max-image-preview":"max-image-preview:large","max-video-preview":"max-video-preview:-1"},"canonical":"https:\/\/socialdesignmagazine.com\/mag\/news\/design-news\/clei-festeggia-i-15-anni-di-anima-domus-allart-basel-di-miami\/","og_locale":"it_IT","og_type":"article","og_title":"CLEI festeggia i 15 anni di ANIMA DOMUS all\u2019ART BASEL di MIAMI - Social Design Magazine","og_description":"Il \"fascino dell\u2019ingegno\" mediterraneo di Clei ha conquistato \u201cl\u2019Anima Domus\u201d americana, che ha cos\u00ec deciso di festeggiare con la collaborazione dell\u2019azienda i suoi primi 15 anni di attivit\u00e0.","og_url":"http:\/\/socialdesignmagazine.com\/mag\/news\/design-news\/clei-festeggia-i-15-anni-di-anima-domus-allart-basel-di-miami\/","og_site_name":"Social Design Magazine","article_publisher":"https:\/\/www.facebook.com\/socialdesignmag","article_published_time":"2013-11-27T10:00:00+00:00","article_modified_time":"2024-07-22T20:00:16+00:00","og_image":[{"width":720,"height":231,"url":"https:\/\/socialdesignmagazine.com\/mag\/wp-content\/uploads\/2013\/11\/users_Jessy_CLEI_festeggia_i_15_anni_di_ANIMA_DOMUS_allART_BASEL_di_MIAMI_CLEI_-_SWING.jpg","type":"image\/jpeg"}],"author":"jessica zannori","twitter_card":"summary_large_image","twitter_creator":"@socialdesignmag","twitter_site":"@socialdesignmag","twitter_misc":{"Scritto da":"jessica zannori","Tempo di lettura stimato":"2 minuti"},"schema":{"@context":"https:\/\/schema.org","@graph":[{"@type":"Article","@id":"https:\/\/socialdesignmagazine.com\/mag\/news\/design-news\/clei-festeggia-i-15-anni-di-anima-domus-allart-basel-di-miami\/#article","isPartOf":{"@id":"https:\/\/socialdesignmagazine.com\/mag\/news\/design-news\/clei-festeggia-i-15-anni-di-anima-domus-allart-basel-di-miami\/"},"author":{"name":"jessica zannori","@id":"https:\/\/socialdesignmagazine.com\/mag\/#\/schema\/person\/f26aea2d68a722d5ed3a1ee93c92aba9"},"headline":"CLEI festeggia i 15 anni di ANIMA DOMUS all\u2019ART BASEL di MIAMI","datePublished":"2013-11-27T10:00:00+00:00","dateModified":"2024-07-22T20:00:16+00:00","mainEntityOfPage":{"@id":"https:\/\/socialdesignmagazine.com\/mag\/news\/design-news\/clei-festeggia-i-15-anni-di-anima-domus-allart-basel-di-miami\/"},"wordCount":228,"commentCount":0,"publisher":{"@id":"https:\/\/socialdesignmagazine.com\/mag\/#organization"},"image":{"@id":"https:\/\/socialdesignmagazine.com\/mag\/news\/design-news\/clei-festeggia-i-15-anni-di-anima-domus-allart-basel-di-miami\/#primaryimage"},"thumbnailUrl":"https:\/\/socialdesignmagazine.com\/mag\/wp-content\/uploads\/2013\/11\/users_Jessy_CLEI_festeggia_i_15_anni_di_ANIMA_DOMUS_allART_BASEL_di_MIAMI_CLEI_-_SWING.jpg","keywords":["clei"],"articleSection":["Design News"],"inLanguage":"it-IT","potentialAction":[{"@type":"CommentAction","name":"Comment","target":["https:\/\/socialdesignmagazine.com\/mag\/news\/design-news\/clei-festeggia-i-15-anni-di-anima-domus-allart-basel-di-miami\/#respond"]}]},{"@type":"WebPage","@id":"https:\/\/socialdesignmagazine.com\/mag\/news\/design-news\/clei-festeggia-i-15-anni-di-anima-domus-allart-basel-di-miami\/","url":"https:\/\/socialdesignmagazine.com\/mag\/news\/design-news\/clei-festeggia-i-15-anni-di-anima-domus-allart-basel-di-miami\/","name":"CLEI festeggia i 15 anni di ANIMA DOMUS all\u2019ART BASEL di MIAMI - Social Design Magazine","isPartOf":{"@id":"https:\/\/socialdesignmagazine.com\/mag\/#website"},"primaryImageOfPage":{"@id":"https:\/\/socialdesignmagazine.com\/mag\/news\/design-news\/clei-festeggia-i-15-anni-di-anima-domus-allart-basel-di-miami\/#primaryimage"},"image":{"@id":"https:\/\/socialdesignmagazine.com\/mag\/news\/design-news\/clei-festeggia-i-15-anni-di-anima-domus-allart-basel-di-miami\/#primaryimage"},"thumbnailUrl":"https:\/\/socialdesignmagazine.com\/mag\/wp-content\/uploads\/2013\/11\/users_Jessy_CLEI_festeggia_i_15_anni_di_ANIMA_DOMUS_allART_BASEL_di_MIAMI_CLEI_-_SWING.jpg","datePublished":"2013-11-27T10:00:00+00:00","dateModified":"2024-07-22T20:00:16+00:00","description":"Il \"fascino dell\u2019ingegno\" mediterraneo di Clei ha conquistato \u201cl\u2019Anima Domus\u201d americana, che ha cos\u00ec deciso di festeggiare con la collaborazione dell\u2019azienda i suoi primi 15 anni di attivit\u00e0.","breadcrumb":{"@id":"https:\/\/socialdesignmagazine.com\/mag\/news\/design-news\/clei-festeggia-i-15-anni-di-anima-domus-allart-basel-di-miami\/#breadcrumb"},"inLanguage":"it-IT","potentialAction":[{"@type":"ReadAction","target":["https:\/\/socialdesignmagazine.com\/mag\/news\/design-news\/clei-festeggia-i-15-anni-di-anima-domus-allart-basel-di-miami\/"]}]},{"@type":"ImageObject","inLanguage":"it-IT","@id":"https:\/\/socialdesignmagazine.com\/mag\/news\/design-news\/clei-festeggia-i-15-anni-di-anima-domus-allart-basel-di-miami\/#primaryimage","url":"https:\/\/socialdesignmagazine.com\/mag\/wp-content\/uploads\/2013\/11\/users_Jessy_CLEI_festeggia_i_15_anni_di_ANIMA_DOMUS_allART_BASEL_di_MIAMI_CLEI_-_SWING.jpg","contentUrl":"https:\/\/socialdesignmagazine.com\/mag\/wp-content\/uploads\/2013\/11\/users_Jessy_CLEI_festeggia_i_15_anni_di_ANIMA_DOMUS_allART_BASEL_di_MIAMI_CLEI_-_SWING.jpg","width":720,"height":231,"caption":"CLEI - SWING"},{"@type":"BreadcrumbList","@id":"https:\/\/socialdesignmagazine.com\/mag\/news\/design-news\/clei-festeggia-i-15-anni-di-anima-domus-allart-basel-di-miami\/#breadcrumb","itemListElement":[{"@type":"ListItem","position":1,"name":"Home","item":"https:\/\/socialdesignmagazine.com\/mag\/"},{"@type":"ListItem","position":2,"name":"News","item":"https:\/\/socialdesignmagazine.com\/mag\/news\/"},{"@type":"ListItem","position":3,"name":"Design News","item":"https:\/\/socialdesignmagazine.com\/mag\/news\/design-news\/"},{"@type":"ListItem","position":4,"name":"CLEI festeggia i 15 anni di ANIMA DOMUS all\u2019ART BASEL di MIAMI"}]},{"@type":"WebSite","@id":"https:\/\/socialdesignmagazine.com\/mag\/#website","url":"https:\/\/socialdesignmagazine.com\/mag\/","name":"Social Design Magazine","description":"Social Magazine su Design, Architettura, Arte, Grafica","publisher":{"@id":"https:\/\/socialdesignmagazine.com\/mag\/#organization"},"potentialAction":[{"@type":"SearchAction","target":{"@type":"EntryPoint","urlTemplate":"https:\/\/socialdesignmagazine.com\/mag\/?s={search_term_string}"},"query-input":{"@type":"PropertyValueSpecification","valueRequired":true,"valueName":"search_term_string"}}],"inLanguage":"it-IT"},{"@type":"Organization","@id":"https:\/\/socialdesignmagazine.com\/mag\/#organization","name":"Social Design Magazine","url":"https:\/\/socialdesignmagazine.com\/mag\/","logo":{"@type":"ImageObject","inLanguage":"it-IT","@id":"https:\/\/socialdesignmagazine.com\/mag\/#\/schema\/logo\/image\/","url":"https:\/\/socialdesignmagazine.com\/mag\/wp-content\/uploads\/2017\/01\/logo_favicon_11.png","contentUrl":"https:\/\/socialdesignmagazine.com\/mag\/wp-content\/uploads\/2017\/01\/logo_favicon_11.png","width":1024,"height":1024,"caption":"Social Design Magazine"},"image":{"@id":"https:\/\/socialdesignmagazine.com\/mag\/#\/schema\/logo\/image\/"},"sameAs":["https:\/\/www.facebook.com\/socialdesignmag","https:\/\/x.com\/socialdesignmag","http:\/\/instagram.com\/social_design_magazine\/","http:\/\/pinterest.com\/socialdesignmag\/","http:\/\/www.youtube.com\/user\/socialdesignmagazine"]},{"@type":"Person","@id":"https:\/\/socialdesignmagazine.com\/mag\/#\/schema\/person\/f26aea2d68a722d5ed3a1ee93c92aba9","name":"jessica zannori","image":{"@type":"ImageObject","inLanguage":"it-IT","@id":"https:\/\/secure.gravatar.com\/avatar\/e338d2d30b98ee192f7c7708f51c9b6a0f135e3e3399a9bec7d00e0496a346c6?s=96&d=mm&r=g","url":"https:\/\/secure.gravatar.com\/avatar\/e338d2d30b98ee192f7c7708f51c9b6a0f135e3e3399a9bec7d00e0496a346c6?s=96&d=mm&r=g","contentUrl":"https:\/\/secure.gravatar.com\/avatar\/e338d2d30b98ee192f7c7708f51c9b6a0f135e3e3399a9bec7d00e0496a346c6?s=96&d=mm&r=g","caption":"jessica zannori"},"url":"https:\/\/socialdesignmagazine.com\/mag\/author\/jessy\/"}]}},"jetpack_featured_media_url":"https:\/\/socialdesignmagazine.com\/mag\/wp-content\/uploads\/2013\/11\/users_Jessy_CLEI_festeggia_i_15_anni_di_ANIMA_DOMUS_allART_BASEL_di_MIAMI_CLEI_-_SWING.jpg","jetpack_sharing_enabled":true,"jetpack_shortlink":"https:\/\/wp.me\/p6cV7V-Ez","gt_translate_keys":[{"key":"link","format":"url"}],"_links":{"self":[{"href":"https:\/\/socialdesignmagazine.com\/mag\/wp-json\/wp\/v2\/posts\/2515","targetHints":{"allow":["GET"]}}],"collection":[{"href":"https:\/\/socialdesignmagazine.com\/mag\/wp-json\/wp\/v2\/posts"}],"about":[{"href":"https:\/\/socialdesignmagazine.com\/mag\/wp-json\/wp\/v2\/types\/post"}],"author":[{"embeddable":true,"href":"https:\/\/socialdesignmagazine.com\/mag\/wp-json\/wp\/v2\/users\/6"}],"replies":[{"embeddable":true,"href":"https:\/\/socialdesignmagazine.com\/mag\/wp-json\/wp\/v2\/comments?post=2515"}],"version-history":[{"count":1,"href":"https:\/\/socialdesignmagazine.com\/mag\/wp-json\/wp\/v2\/posts\/2515\/revisions"}],"predecessor-version":[{"id":62761,"href":"https:\/\/socialdesignmagazine.com\/mag\/wp-json\/wp\/v2\/posts\/2515\/revisions\/62761"}],"wp:featuredmedia":[{"embeddable":true,"href":"https:\/\/socialdesignmagazine.com\/mag\/wp-json\/wp\/v2\/media\/14705"}],"wp:attachment":[{"href":"https:\/\/socialdesignmagazine.com\/mag\/wp-json\/wp\/v2\/media?parent=2515"}],"wp:term":[{"taxonomy":"category","embeddable":true,"href":"https:\/\/socialdesignmagazine.com\/mag\/wp-json\/wp\/v2\/categories?post=2515"},{"taxonomy":"post_tag","embeddable":true,"href":"https:\/\/socialdesignmagazine.com\/mag\/wp-json\/wp\/v2\/tags?post=2515"}],"curies":[{"name":"wp","href":"https:\/\/api.w.org\/{rel}","templated":true}]}}