{"id":252,"date":"2011-04-09T10:00:00","date_gmt":"2011-04-09T08:00:00","guid":{"rendered":"https:\/\/socialdesignmagazine.com\/mag\/s6-design\/c35-design\/brando-a-co-daily-review-a-milano-design-week-2011\/"},"modified":"2024-04-28T13:33:53","modified_gmt":"2024-04-28T11:33:53","slug":"brando-a-co-daily-review-a-milano-design-week-2011","status":"publish","type":"post","link":"https:\/\/socialdesignmagazine.com\/mag\/design\/brando-a-co-daily-review-a-milano-design-week-2011\/","title":{"rendered":"Brando &#038; Co \/ DAILY-review a Milano Design Week 2011","gt_translate_keys":[{"key":"rendered","format":"text"}]},"content":{"rendered":"\n<h2 class=\"wp-block-heading\">DAILY-review di Francesca Bonfrate e Daria Casciani presenta, in occasione della Design week 2011, all&#8217;interno dell&#8217;evento DESIGN IN VETRINA promosso da DDN,\u00a0BRANDO &amp; Co<\/h2>\n\n\n\n<p>Intrecciato con corde colorate, Brando &amp; Co \u00e8 una poltrona archetipo che sostiene comodicuscini realizzati con materiali semplici e naturali, ispirati ad antichi tradizioni.<\/p>\n\n\n\n<p>Brando&amp;Co \u00e8 una poltrona esperienziale che ispira gesti e sensazioni spontaneamente piacevoli: toccare, accarezzare, nascondere, stringere e coccolarsi, scoprire nuovi modi di arredare e starebene.Minimalista e colorata, Brando si esprime attraverso linguaggi tradizionali e mediante sapientilavorazioni fatte a mano come l\u2019intreccio di nastri e i punti di cucito.I cuscini accompagnano Brando e sono caratterizzati da speciali imbottiture ecologiche per ilcomfort ed il benessere:<\/p>\n\n\n<div class=\"wp-block-image\">\n<figure class=\"aligncenter\"><img loading=\"lazy\" decoding=\"async\" width=\"720\" height=\"506\" data-attachment-id=\"5370\" data-permalink=\"https:\/\/socialdesignmagazine.com\/mag\/design\/brando-a-co-daily-review-a-milano-design-week-2011\/attachment\/2_brandoco\/#content\" data-orig-file=\"https:\/\/socialdesignmagazine.com\/mag\/wp-content\/uploads\/2011\/04\/benedetto_brando_e_co_2_BRANDOCO.jpg\" data-orig-size=\"720,506\" data-comments-opened=\"1\" data-image-meta=\"{&quot;aperture&quot;:&quot;0&quot;,&quot;credit&quot;:&quot;&quot;,&quot;camera&quot;:&quot;&quot;,&quot;caption&quot;:&quot;&quot;,&quot;created_timestamp&quot;:&quot;0&quot;,&quot;copyright&quot;:&quot;&quot;,&quot;focal_length&quot;:&quot;0&quot;,&quot;iso&quot;:&quot;0&quot;,&quot;shutter_speed&quot;:&quot;0&quot;,&quot;title&quot;:&quot;&quot;,&quot;orientation&quot;:&quot;0&quot;}\" data-image-title=\"2_BRANDOCO\" data-image-description=\"\" data-image-caption=\"\" data-medium-file=\"https:\/\/socialdesignmagazine.com\/mag\/wp-content\/uploads\/2011\/04\/benedetto_brando_e_co_2_BRANDOCO-396x256.jpg\" data-large-file=\"https:\/\/socialdesignmagazine.com\/mag\/wp-content\/uploads\/2011\/04\/benedetto_brando_e_co_2_BRANDOCO.jpg\" src=\"https:\/\/socialdesignmagazine.com\/mag\/wp-content\/uploads\/2011\/04\/benedetto_brando_e_co_2_BRANDOCO.jpg\" alt=\"2_BRANDOCO\" class=\"wp-image-5370\"\/><\/figure>\n<\/div>\n\n\n<p>CO1 \u00e8 un cuscino ripieno di noccioli di ciliegia che sostiene la testa, massaggiandola e offrecalore o refrigerio alle mani, grazie ad un\u2019apposita tasca. I noccioli di ciliegia hanno propriet\u00e0 chevariano in base alla temperatura: riscaldati sul termosifone per circa 10 minuti, mantengono alungo il calore, raffreddati nel freezer, servono per rinfrescare o alleviare i dolori di urti e contusioni;<\/p>\n\n\n<div class=\"wp-block-image\">\n<figure class=\"aligncenter\"><img loading=\"lazy\" decoding=\"async\" width=\"720\" height=\"1075\" data-attachment-id=\"5371\" data-permalink=\"https:\/\/socialdesignmagazine.com\/mag\/design\/brando-a-co-daily-review-a-milano-design-week-2011\/attachment\/3_brandoco\/#content\" data-orig-file=\"https:\/\/socialdesignmagazine.com\/mag\/wp-content\/uploads\/2011\/04\/benedetto_brando_e_co_3_BRANDOCO.jpg\" data-orig-size=\"720,1075\" data-comments-opened=\"1\" data-image-meta=\"{&quot;aperture&quot;:&quot;0&quot;,&quot;credit&quot;:&quot;&quot;,&quot;camera&quot;:&quot;&quot;,&quot;caption&quot;:&quot;&quot;,&quot;created_timestamp&quot;:&quot;0&quot;,&quot;copyright&quot;:&quot;&quot;,&quot;focal_length&quot;:&quot;0&quot;,&quot;iso&quot;:&quot;0&quot;,&quot;shutter_speed&quot;:&quot;0&quot;,&quot;title&quot;:&quot;&quot;,&quot;orientation&quot;:&quot;0&quot;}\" data-image-title=\"3_BRANDOCO\" data-image-description=\"\" data-image-caption=\"\" data-medium-file=\"https:\/\/socialdesignmagazine.com\/mag\/wp-content\/uploads\/2011\/04\/benedetto_brando_e_co_3_BRANDOCO-396x256.jpg\" data-large-file=\"https:\/\/socialdesignmagazine.com\/mag\/wp-content\/uploads\/2011\/04\/benedetto_brando_e_co_3_BRANDOCO.jpg\" src=\"https:\/\/socialdesignmagazine.com\/mag\/wp-content\/uploads\/2011\/04\/benedetto_brando_e_co_3_BRANDOCO.jpg\" alt=\"3_BRANDOCO\" class=\"wp-image-5371\"\/><\/figure>\n<\/div>\n\n\n<p>CO2 sfrutta lo stesso principio dell\u2019accumulo della temperatura dei semi per tenere al caldo o alfreddo la zona cervicale, alleviando lo stress e la tensione muscolare indossando un elegantecolletto rilassante;<\/p>\n\n\n<div class=\"wp-block-image\">\n<figure class=\"aligncenter\"><img loading=\"lazy\" decoding=\"async\" width=\"720\" height=\"482\" data-attachment-id=\"5372\" data-permalink=\"https:\/\/socialdesignmagazine.com\/mag\/design\/brando-a-co-daily-review-a-milano-design-week-2011\/attachment\/4_brandoco\/#content\" data-orig-file=\"https:\/\/socialdesignmagazine.com\/mag\/wp-content\/uploads\/2011\/04\/benedetto_brando_e_co_4_BRANDOCO.jpg\" data-orig-size=\"720,482\" data-comments-opened=\"1\" data-image-meta=\"{&quot;aperture&quot;:&quot;0&quot;,&quot;credit&quot;:&quot;&quot;,&quot;camera&quot;:&quot;&quot;,&quot;caption&quot;:&quot;&quot;,&quot;created_timestamp&quot;:&quot;0&quot;,&quot;copyright&quot;:&quot;&quot;,&quot;focal_length&quot;:&quot;0&quot;,&quot;iso&quot;:&quot;0&quot;,&quot;shutter_speed&quot;:&quot;0&quot;,&quot;title&quot;:&quot;&quot;,&quot;orientation&quot;:&quot;0&quot;}\" data-image-title=\"4_BRANDOCO\" data-image-description=\"\" data-image-caption=\"\" data-medium-file=\"https:\/\/socialdesignmagazine.com\/mag\/wp-content\/uploads\/2011\/04\/benedetto_brando_e_co_4_BRANDOCO-396x256.jpg\" data-large-file=\"https:\/\/socialdesignmagazine.com\/mag\/wp-content\/uploads\/2011\/04\/benedetto_brando_e_co_4_BRANDOCO.jpg\" src=\"https:\/\/socialdesignmagazine.com\/mag\/wp-content\/uploads\/2011\/04\/benedetto_brando_e_co_4_BRANDOCO.jpg\" alt=\"4_BRANDOCO\" class=\"wp-image-5372\" srcset=\"https:\/\/socialdesignmagazine.com\/mag\/wp-content\/uploads\/2011\/04\/benedetto_brando_e_co_4_BRANDOCO.jpg 720w, https:\/\/socialdesignmagazine.com\/mag\/wp-content\/uploads\/2011\/04\/benedetto_brando_e_co_4_BRANDOCO-100x66.jpg 100w\" sizes=\"auto, (max-width: 720px) 100vw, 720px\" \/><\/figure>\n<\/div>\n\n\n<p>CO3 \u00e8 un cuscino imbottito di ciuffi di fieno per il comfort della schiena e il benessere delle vierespiratorie. Sprigionando fragranze e aromi di alta montagna, il fieno caldo ha propriet\u00e0 rilassanti,depurative, stimolanti e drenanti.<\/p>\n\n\n<div class=\"wp-block-image\">\n<figure class=\"aligncenter\"><img loading=\"lazy\" decoding=\"async\" width=\"720\" height=\"481\" data-attachment-id=\"5373\" data-permalink=\"https:\/\/socialdesignmagazine.com\/mag\/design\/brando-a-co-daily-review-a-milano-design-week-2011\/attachment\/5_brandoco\/#content\" data-orig-file=\"https:\/\/socialdesignmagazine.com\/mag\/wp-content\/uploads\/2011\/04\/benedetto_brando_e_co_5_BRANDOCO.jpg\" data-orig-size=\"720,481\" data-comments-opened=\"1\" data-image-meta=\"{&quot;aperture&quot;:&quot;0&quot;,&quot;credit&quot;:&quot;&quot;,&quot;camera&quot;:&quot;&quot;,&quot;caption&quot;:&quot;&quot;,&quot;created_timestamp&quot;:&quot;0&quot;,&quot;copyright&quot;:&quot;&quot;,&quot;focal_length&quot;:&quot;0&quot;,&quot;iso&quot;:&quot;0&quot;,&quot;shutter_speed&quot;:&quot;0&quot;,&quot;title&quot;:&quot;&quot;,&quot;orientation&quot;:&quot;0&quot;}\" data-image-title=\"5_BRANDOCO\" data-image-description=\"\" data-image-caption=\"\" data-medium-file=\"https:\/\/socialdesignmagazine.com\/mag\/wp-content\/uploads\/2011\/04\/benedetto_brando_e_co_5_BRANDOCO-396x256.jpg\" data-large-file=\"https:\/\/socialdesignmagazine.com\/mag\/wp-content\/uploads\/2011\/04\/benedetto_brando_e_co_5_BRANDOCO.jpg\" src=\"https:\/\/socialdesignmagazine.com\/mag\/wp-content\/uploads\/2011\/04\/benedetto_brando_e_co_5_BRANDOCO.jpg\" alt=\"5_BRANDOCO\" class=\"wp-image-5373\" srcset=\"https:\/\/socialdesignmagazine.com\/mag\/wp-content\/uploads\/2011\/04\/benedetto_brando_e_co_5_BRANDOCO.jpg 720w, https:\/\/socialdesignmagazine.com\/mag\/wp-content\/uploads\/2011\/04\/benedetto_brando_e_co_5_BRANDOCO-100x66.jpg 100w\" sizes=\"auto, (max-width: 720px) 100vw, 720px\" \/><\/figure>\n<\/div>\n\n\n<p>CO4, colmo di fieno rilassante, nasconde una tasca segreta che custodisce e ripara daglisguardi indiscreti oggetti, cianfrusaglie e tutte le cose che si vorrebbe far sparire.<\/p>\n\n\n<div class=\"wp-block-image\">\n<figure class=\"aligncenter\"><img loading=\"lazy\" decoding=\"async\" width=\"720\" height=\"880\" data-attachment-id=\"5374\" data-permalink=\"https:\/\/socialdesignmagazine.com\/mag\/design\/brando-a-co-daily-review-a-milano-design-week-2011\/attachment\/6_brandoco\/#content\" data-orig-file=\"https:\/\/socialdesignmagazine.com\/mag\/wp-content\/uploads\/2011\/04\/benedetto_brando_e_co_6_BRANDOCO.jpg\" data-orig-size=\"720,880\" data-comments-opened=\"1\" data-image-meta=\"{&quot;aperture&quot;:&quot;0&quot;,&quot;credit&quot;:&quot;&quot;,&quot;camera&quot;:&quot;&quot;,&quot;caption&quot;:&quot;&quot;,&quot;created_timestamp&quot;:&quot;0&quot;,&quot;copyright&quot;:&quot;&quot;,&quot;focal_length&quot;:&quot;0&quot;,&quot;iso&quot;:&quot;0&quot;,&quot;shutter_speed&quot;:&quot;0&quot;,&quot;title&quot;:&quot;&quot;,&quot;orientation&quot;:&quot;0&quot;}\" data-image-title=\"6_BRANDOCO\" data-image-description=\"\" data-image-caption=\"\" data-medium-file=\"https:\/\/socialdesignmagazine.com\/mag\/wp-content\/uploads\/2011\/04\/benedetto_brando_e_co_6_BRANDOCO-396x256.jpg\" data-large-file=\"https:\/\/socialdesignmagazine.com\/mag\/wp-content\/uploads\/2011\/04\/benedetto_brando_e_co_6_BRANDOCO.jpg\" src=\"https:\/\/socialdesignmagazine.com\/mag\/wp-content\/uploads\/2011\/04\/benedetto_brando_e_co_6_BRANDOCO.jpg\" alt=\"6_BRANDOCO\" class=\"wp-image-5374\"\/><\/figure>\n<\/div>","protected":false,"gt_translate_keys":[{"key":"rendered","format":"html"}]},"excerpt":{"rendered":"<p>DAILY-review di Francesca Bonfrate e Daria Casciani presenta, in occasione della Design week 2011, all&#8217;interno dell&#8217;evento DESIGN IN VETRINA promosso da DDN,\u00a0BRANDO &#038; Co<\/p>\n","protected":false,"gt_translate_keys":[{"key":"rendered","format":"html"}]},"author":1,"featured_media":5369,"comment_status":"open","ping_status":"open","sticky":false,"template":"","format":"standard","meta":{"jetpack_post_was_ever_published":false,"_jetpack_newsletter_access":"","_jetpack_dont_email_post_to_subs":false,"_jetpack_newsletter_tier_id":0,"_jetpack_memberships_contains_paywalled_content":false,"_jetpack_memberships_contains_paid_content":false,"footnotes":"","_wpscppro_dont_share_socialmedia":false,"_wpscppro_custom_social_share_image":0,"_facebook_share_type":"","_twitter_share_type":"","_linkedin_share_type":"","_pinterest_share_type":"","_linkedin_share_type_page":"","_instagram_share_type":"","_medium_share_type":"","_threads_share_type":"","_google_business_share_type":"","_selected_social_profile":[],"_wpsp_enable_custom_social_template":false,"_wpsp_social_scheduling":{"enabled":false,"datetime":null,"platforms":[],"status":"template_only","dateOption":"today","timeOption":"now","customDays":"","customHours":"","customDate":"","customTime":"","schedulingType":"absolute"},"_wpsp_active_default_template":true},"categories":[13],"tags":[1157,37,1153],"class_list":["post-252","post","type-post","status-publish","format-standard","has-post-thumbnail","hentry","category-design","tag-cuscino","tag-divano","tag-milano-design-week-2011"],"yoast_head":"<!-- This site is optimized with the Yoast SEO plugin v27.2 - https:\/\/yoast.com\/product\/yoast-seo-wordpress\/ -->\n<title>Brando &amp; Co \/ DAILY-review a Milano Design Week 2011 - Social Design Magazine<\/title>\n<meta name=\"description\" content=\"DAILY-review di Francesca Bonfrate e Daria Casciani presenta, in occasione della Design week 2011, all&#039;interno dell&#039;evento DESIGN IN VETRINA promosso da DDN,\u00a0BRANDO &amp; Co\" \/>\n<meta name=\"robots\" content=\"index, follow, max-snippet:-1, max-image-preview:large, max-video-preview:-1\" \/>\n<link rel=\"canonical\" href=\"https:\/\/socialdesignmagazine.com\/mag\/design\/brando-a-co-daily-review-a-milano-design-week-2011\/\" \/>\n<meta property=\"og:locale\" content=\"it_IT\" \/>\n<meta property=\"og:type\" content=\"article\" \/>\n<meta property=\"og:title\" content=\"Brando &amp; Co \/ DAILY-review a Milano Design Week 2011 - Social Design Magazine\" \/>\n<meta property=\"og:description\" content=\"DAILY-review di Francesca Bonfrate e Daria Casciani presenta, in occasione della Design week 2011, all&#039;interno dell&#039;evento DESIGN IN VETRINA promosso da DDN,\u00a0BRANDO &amp; Co\" \/>\n<meta property=\"og:url\" content=\"https:\/\/socialdesignmagazine.com\/mag\/design\/brando-a-co-daily-review-a-milano-design-week-2011\/\" \/>\n<meta property=\"og:site_name\" content=\"Social Design Magazine\" \/>\n<meta property=\"article:publisher\" content=\"https:\/\/www.facebook.com\/socialdesignmag\" \/>\n<meta property=\"article:author\" content=\"https:\/\/www.facebook.com\/benedettofiori\" \/>\n<meta property=\"article:published_time\" content=\"2011-04-09T08:00:00+00:00\" \/>\n<meta property=\"article:modified_time\" content=\"2024-04-28T11:33:53+00:00\" \/>\n<meta property=\"og:image\" content=\"https:\/\/socialdesignmagazine.com\/mag\/wp-content\/uploads\/2011\/04\/benedetto_brando_e_co_1_BRANDOCO.jpg\" \/>\n\t<meta property=\"og:image:width\" content=\"720\" \/>\n\t<meta property=\"og:image:height\" content=\"1052\" \/>\n\t<meta property=\"og:image:type\" content=\"image\/jpeg\" \/>\n<meta name=\"author\" content=\"Benedetto Fiori\" \/>\n<meta name=\"twitter:card\" content=\"summary_large_image\" \/>\n<meta name=\"twitter:creator\" content=\"@benedettofiori\" \/>\n<meta name=\"twitter:site\" content=\"@socialdesignmag\" \/>\n<meta name=\"twitter:label1\" content=\"Scritto da\" \/>\n\t<meta name=\"twitter:data1\" content=\"Benedetto Fiori\" \/>\n\t<meta name=\"twitter:label2\" content=\"Tempo di lettura stimato\" \/>\n\t<meta name=\"twitter:data2\" content=\"3 minuti\" \/>\n<script type=\"application\/ld+json\" class=\"yoast-schema-graph\">{\"@context\":\"https:\/\/schema.org\",\"@graph\":[{\"@type\":\"Article\",\"@id\":\"https:\/\/socialdesignmagazine.com\/mag\/design\/brando-a-co-daily-review-a-milano-design-week-2011\/#article\",\"isPartOf\":{\"@id\":\"https:\/\/socialdesignmagazine.com\/mag\/design\/brando-a-co-daily-review-a-milano-design-week-2011\/\"},\"author\":{\"name\":\"Benedetto Fiori\",\"@id\":\"https:\/\/socialdesignmagazine.com\/mag\/#\/schema\/person\/61e20205cc363c315e6aabd33a045846\"},\"headline\":\"Brando &#038; Co \/ DAILY-review a Milano Design Week 2011\",\"datePublished\":\"2011-04-09T08:00:00+00:00\",\"dateModified\":\"2024-04-28T11:33:53+00:00\",\"mainEntityOfPage\":{\"@id\":\"https:\/\/socialdesignmagazine.com\/mag\/design\/brando-a-co-daily-review-a-milano-design-week-2011\/\"},\"wordCount\":274,\"commentCount\":0,\"publisher\":{\"@id\":\"https:\/\/socialdesignmagazine.com\/mag\/#organization\"},\"image\":{\"@id\":\"https:\/\/socialdesignmagazine.com\/mag\/design\/brando-a-co-daily-review-a-milano-design-week-2011\/#primaryimage\"},\"thumbnailUrl\":\"https:\/\/socialdesignmagazine.com\/mag\/wp-content\/uploads\/2011\/04\/benedetto_brando_e_co_1_BRANDOCO.jpg\",\"keywords\":[\"cuscino\",\"divano\",\"milano design week 2011\"],\"articleSection\":[\"Design\"],\"inLanguage\":\"it-IT\",\"potentialAction\":[{\"@type\":\"CommentAction\",\"name\":\"Comment\",\"target\":[\"https:\/\/socialdesignmagazine.com\/mag\/design\/brando-a-co-daily-review-a-milano-design-week-2011\/#respond\"]}]},{\"@type\":\"WebPage\",\"@id\":\"https:\/\/socialdesignmagazine.com\/mag\/design\/brando-a-co-daily-review-a-milano-design-week-2011\/\",\"url\":\"https:\/\/socialdesignmagazine.com\/mag\/design\/brando-a-co-daily-review-a-milano-design-week-2011\/\",\"name\":\"Brando & Co \/ DAILY-review a Milano Design Week 2011 - Social Design Magazine\",\"isPartOf\":{\"@id\":\"https:\/\/socialdesignmagazine.com\/mag\/#website\"},\"primaryImageOfPage\":{\"@id\":\"https:\/\/socialdesignmagazine.com\/mag\/design\/brando-a-co-daily-review-a-milano-design-week-2011\/#primaryimage\"},\"image\":{\"@id\":\"https:\/\/socialdesignmagazine.com\/mag\/design\/brando-a-co-daily-review-a-milano-design-week-2011\/#primaryimage\"},\"thumbnailUrl\":\"https:\/\/socialdesignmagazine.com\/mag\/wp-content\/uploads\/2011\/04\/benedetto_brando_e_co_1_BRANDOCO.jpg\",\"datePublished\":\"2011-04-09T08:00:00+00:00\",\"dateModified\":\"2024-04-28T11:33:53+00:00\",\"description\":\"DAILY-review di Francesca Bonfrate e Daria Casciani presenta, in occasione della Design week 2011, all'interno dell'evento DESIGN IN VETRINA promosso da DDN,\u00a0BRANDO & Co\",\"breadcrumb\":{\"@id\":\"https:\/\/socialdesignmagazine.com\/mag\/design\/brando-a-co-daily-review-a-milano-design-week-2011\/#breadcrumb\"},\"inLanguage\":\"it-IT\",\"potentialAction\":[{\"@type\":\"ReadAction\",\"target\":[\"https:\/\/socialdesignmagazine.com\/mag\/design\/brando-a-co-daily-review-a-milano-design-week-2011\/\"]}]},{\"@type\":\"ImageObject\",\"inLanguage\":\"it-IT\",\"@id\":\"https:\/\/socialdesignmagazine.com\/mag\/design\/brando-a-co-daily-review-a-milano-design-week-2011\/#primaryimage\",\"url\":\"https:\/\/socialdesignmagazine.com\/mag\/wp-content\/uploads\/2011\/04\/benedetto_brando_e_co_1_BRANDOCO.jpg\",\"contentUrl\":\"https:\/\/socialdesignmagazine.com\/mag\/wp-content\/uploads\/2011\/04\/benedetto_brando_e_co_1_BRANDOCO.jpg\",\"width\":720,\"height\":1052,\"caption\":\"1_BRANDOCO\"},{\"@type\":\"BreadcrumbList\",\"@id\":\"https:\/\/socialdesignmagazine.com\/mag\/design\/brando-a-co-daily-review-a-milano-design-week-2011\/#breadcrumb\",\"itemListElement\":[{\"@type\":\"ListItem\",\"position\":1,\"name\":\"Home\",\"item\":\"https:\/\/socialdesignmagazine.com\/mag\/\"},{\"@type\":\"ListItem\",\"position\":2,\"name\":\"Design\",\"item\":\"https:\/\/socialdesignmagazine.com\/mag\/design\/\"},{\"@type\":\"ListItem\",\"position\":3,\"name\":\"Brando &#038; Co \/ DAILY-review a Milano Design Week 2011\"}]},{\"@type\":\"WebSite\",\"@id\":\"https:\/\/socialdesignmagazine.com\/mag\/#website\",\"url\":\"https:\/\/socialdesignmagazine.com\/mag\/\",\"name\":\"Social Design Magazine\",\"description\":\"Social Magazine su Design, Architettura, Arte, Grafica\",\"publisher\":{\"@id\":\"https:\/\/socialdesignmagazine.com\/mag\/#organization\"},\"potentialAction\":[{\"@type\":\"SearchAction\",\"target\":{\"@type\":\"EntryPoint\",\"urlTemplate\":\"https:\/\/socialdesignmagazine.com\/mag\/?s={search_term_string}\"},\"query-input\":{\"@type\":\"PropertyValueSpecification\",\"valueRequired\":true,\"valueName\":\"search_term_string\"}}],\"inLanguage\":\"it-IT\"},{\"@type\":\"Organization\",\"@id\":\"https:\/\/socialdesignmagazine.com\/mag\/#organization\",\"name\":\"Social Design Magazine\",\"url\":\"https:\/\/socialdesignmagazine.com\/mag\/\",\"logo\":{\"@type\":\"ImageObject\",\"inLanguage\":\"it-IT\",\"@id\":\"https:\/\/socialdesignmagazine.com\/mag\/#\/schema\/logo\/image\/\",\"url\":\"https:\/\/socialdesignmagazine.com\/mag\/wp-content\/uploads\/2017\/01\/logo_favicon_11.png\",\"contentUrl\":\"https:\/\/socialdesignmagazine.com\/mag\/wp-content\/uploads\/2017\/01\/logo_favicon_11.png\",\"width\":1024,\"height\":1024,\"caption\":\"Social Design Magazine\"},\"image\":{\"@id\":\"https:\/\/socialdesignmagazine.com\/mag\/#\/schema\/logo\/image\/\"},\"sameAs\":[\"https:\/\/www.facebook.com\/socialdesignmag\",\"https:\/\/x.com\/socialdesignmag\",\"http:\/\/instagram.com\/social_design_magazine\/\",\"http:\/\/pinterest.com\/socialdesignmag\/\",\"http:\/\/www.youtube.com\/user\/socialdesignmagazine\"]},{\"@type\":\"Person\",\"@id\":\"https:\/\/socialdesignmagazine.com\/mag\/#\/schema\/person\/61e20205cc363c315e6aabd33a045846\",\"name\":\"Benedetto Fiori\",\"image\":{\"@type\":\"ImageObject\",\"inLanguage\":\"it-IT\",\"@id\":\"https:\/\/secure.gravatar.com\/avatar\/450a48cefa36da63d920ad70aa660bd10725b1c6093800242e5efdb397759033?s=96&d=mm&r=g\",\"url\":\"https:\/\/secure.gravatar.com\/avatar\/450a48cefa36da63d920ad70aa660bd10725b1c6093800242e5efdb397759033?s=96&d=mm&r=g\",\"contentUrl\":\"https:\/\/secure.gravatar.com\/avatar\/450a48cefa36da63d920ad70aa660bd10725b1c6093800242e5efdb397759033?s=96&d=mm&r=g\",\"caption\":\"Benedetto Fiori\"},\"description\":\"Web | Twitter | Facebook | Shutterstock Founder &amp; Editor in Chief di Social Design Magazine. Attratto da sempre da tutto ci\u00f2 che \u00e8 creativit\u00e0, design, architettura. Dopo aver studiato Architettura all'Universit\u00e0 di Firenze, si \u00e8 impegnato in molteplici campi: comunicazione grafica, progettazione di allestimenti fieristici, brand design, Interior Design.\",\"sameAs\":[\"http:\/\/benedettofiori.com\",\"https:\/\/www.facebook.com\/benedettofiori\",\"https:\/\/x.com\/benedettofiori\"],\"url\":\"https:\/\/socialdesignmagazine.com\/mag\/author\/benedetto\/\"}]}<\/script>\n<!-- \/ Yoast SEO plugin. -->","yoast_head_json":{"title":"Brando & Co \/ DAILY-review a Milano Design Week 2011 - Social Design Magazine","description":"DAILY-review di Francesca Bonfrate e Daria Casciani presenta, in occasione della Design week 2011, all'interno dell'evento DESIGN IN VETRINA promosso da DDN,\u00a0BRANDO & Co","robots":{"index":"index","follow":"follow","max-snippet":"max-snippet:-1","max-image-preview":"max-image-preview:large","max-video-preview":"max-video-preview:-1"},"canonical":"https:\/\/socialdesignmagazine.com\/mag\/design\/brando-a-co-daily-review-a-milano-design-week-2011\/","og_locale":"it_IT","og_type":"article","og_title":"Brando & Co \/ DAILY-review a Milano Design Week 2011 - Social Design Magazine","og_description":"DAILY-review di Francesca Bonfrate e Daria Casciani presenta, in occasione della Design week 2011, all'interno dell'evento DESIGN IN VETRINA promosso da DDN,\u00a0BRANDO & Co","og_url":"https:\/\/socialdesignmagazine.com\/mag\/design\/brando-a-co-daily-review-a-milano-design-week-2011\/","og_site_name":"Social Design Magazine","article_publisher":"https:\/\/www.facebook.com\/socialdesignmag","article_author":"https:\/\/www.facebook.com\/benedettofiori","article_published_time":"2011-04-09T08:00:00+00:00","article_modified_time":"2024-04-28T11:33:53+00:00","og_image":[{"width":720,"height":1052,"url":"https:\/\/socialdesignmagazine.com\/mag\/wp-content\/uploads\/2011\/04\/benedetto_brando_e_co_1_BRANDOCO.jpg","type":"image\/jpeg"}],"author":"Benedetto Fiori","twitter_card":"summary_large_image","twitter_creator":"@benedettofiori","twitter_site":"@socialdesignmag","twitter_misc":{"Scritto da":"Benedetto Fiori","Tempo di lettura stimato":"3 minuti"},"schema":{"@context":"https:\/\/schema.org","@graph":[{"@type":"Article","@id":"https:\/\/socialdesignmagazine.com\/mag\/design\/brando-a-co-daily-review-a-milano-design-week-2011\/#article","isPartOf":{"@id":"https:\/\/socialdesignmagazine.com\/mag\/design\/brando-a-co-daily-review-a-milano-design-week-2011\/"},"author":{"name":"Benedetto Fiori","@id":"https:\/\/socialdesignmagazine.com\/mag\/#\/schema\/person\/61e20205cc363c315e6aabd33a045846"},"headline":"Brando &#038; Co \/ DAILY-review a Milano Design Week 2011","datePublished":"2011-04-09T08:00:00+00:00","dateModified":"2024-04-28T11:33:53+00:00","mainEntityOfPage":{"@id":"https:\/\/socialdesignmagazine.com\/mag\/design\/brando-a-co-daily-review-a-milano-design-week-2011\/"},"wordCount":274,"commentCount":0,"publisher":{"@id":"https:\/\/socialdesignmagazine.com\/mag\/#organization"},"image":{"@id":"https:\/\/socialdesignmagazine.com\/mag\/design\/brando-a-co-daily-review-a-milano-design-week-2011\/#primaryimage"},"thumbnailUrl":"https:\/\/socialdesignmagazine.com\/mag\/wp-content\/uploads\/2011\/04\/benedetto_brando_e_co_1_BRANDOCO.jpg","keywords":["cuscino","divano","milano design week 2011"],"articleSection":["Design"],"inLanguage":"it-IT","potentialAction":[{"@type":"CommentAction","name":"Comment","target":["https:\/\/socialdesignmagazine.com\/mag\/design\/brando-a-co-daily-review-a-milano-design-week-2011\/#respond"]}]},{"@type":"WebPage","@id":"https:\/\/socialdesignmagazine.com\/mag\/design\/brando-a-co-daily-review-a-milano-design-week-2011\/","url":"https:\/\/socialdesignmagazine.com\/mag\/design\/brando-a-co-daily-review-a-milano-design-week-2011\/","name":"Brando & Co \/ DAILY-review a Milano Design Week 2011 - Social Design Magazine","isPartOf":{"@id":"https:\/\/socialdesignmagazine.com\/mag\/#website"},"primaryImageOfPage":{"@id":"https:\/\/socialdesignmagazine.com\/mag\/design\/brando-a-co-daily-review-a-milano-design-week-2011\/#primaryimage"},"image":{"@id":"https:\/\/socialdesignmagazine.com\/mag\/design\/brando-a-co-daily-review-a-milano-design-week-2011\/#primaryimage"},"thumbnailUrl":"https:\/\/socialdesignmagazine.com\/mag\/wp-content\/uploads\/2011\/04\/benedetto_brando_e_co_1_BRANDOCO.jpg","datePublished":"2011-04-09T08:00:00+00:00","dateModified":"2024-04-28T11:33:53+00:00","description":"DAILY-review di Francesca Bonfrate e Daria Casciani presenta, in occasione della Design week 2011, all'interno dell'evento DESIGN IN VETRINA promosso da DDN,\u00a0BRANDO & Co","breadcrumb":{"@id":"https:\/\/socialdesignmagazine.com\/mag\/design\/brando-a-co-daily-review-a-milano-design-week-2011\/#breadcrumb"},"inLanguage":"it-IT","potentialAction":[{"@type":"ReadAction","target":["https:\/\/socialdesignmagazine.com\/mag\/design\/brando-a-co-daily-review-a-milano-design-week-2011\/"]}]},{"@type":"ImageObject","inLanguage":"it-IT","@id":"https:\/\/socialdesignmagazine.com\/mag\/design\/brando-a-co-daily-review-a-milano-design-week-2011\/#primaryimage","url":"https:\/\/socialdesignmagazine.com\/mag\/wp-content\/uploads\/2011\/04\/benedetto_brando_e_co_1_BRANDOCO.jpg","contentUrl":"https:\/\/socialdesignmagazine.com\/mag\/wp-content\/uploads\/2011\/04\/benedetto_brando_e_co_1_BRANDOCO.jpg","width":720,"height":1052,"caption":"1_BRANDOCO"},{"@type":"BreadcrumbList","@id":"https:\/\/socialdesignmagazine.com\/mag\/design\/brando-a-co-daily-review-a-milano-design-week-2011\/#breadcrumb","itemListElement":[{"@type":"ListItem","position":1,"name":"Home","item":"https:\/\/socialdesignmagazine.com\/mag\/"},{"@type":"ListItem","position":2,"name":"Design","item":"https:\/\/socialdesignmagazine.com\/mag\/design\/"},{"@type":"ListItem","position":3,"name":"Brando &#038; Co \/ DAILY-review a Milano Design Week 2011"}]},{"@type":"WebSite","@id":"https:\/\/socialdesignmagazine.com\/mag\/#website","url":"https:\/\/socialdesignmagazine.com\/mag\/","name":"Social Design Magazine","description":"Social Magazine su Design, Architettura, Arte, Grafica","publisher":{"@id":"https:\/\/socialdesignmagazine.com\/mag\/#organization"},"potentialAction":[{"@type":"SearchAction","target":{"@type":"EntryPoint","urlTemplate":"https:\/\/socialdesignmagazine.com\/mag\/?s={search_term_string}"},"query-input":{"@type":"PropertyValueSpecification","valueRequired":true,"valueName":"search_term_string"}}],"inLanguage":"it-IT"},{"@type":"Organization","@id":"https:\/\/socialdesignmagazine.com\/mag\/#organization","name":"Social Design Magazine","url":"https:\/\/socialdesignmagazine.com\/mag\/","logo":{"@type":"ImageObject","inLanguage":"it-IT","@id":"https:\/\/socialdesignmagazine.com\/mag\/#\/schema\/logo\/image\/","url":"https:\/\/socialdesignmagazine.com\/mag\/wp-content\/uploads\/2017\/01\/logo_favicon_11.png","contentUrl":"https:\/\/socialdesignmagazine.com\/mag\/wp-content\/uploads\/2017\/01\/logo_favicon_11.png","width":1024,"height":1024,"caption":"Social Design Magazine"},"image":{"@id":"https:\/\/socialdesignmagazine.com\/mag\/#\/schema\/logo\/image\/"},"sameAs":["https:\/\/www.facebook.com\/socialdesignmag","https:\/\/x.com\/socialdesignmag","http:\/\/instagram.com\/social_design_magazine\/","http:\/\/pinterest.com\/socialdesignmag\/","http:\/\/www.youtube.com\/user\/socialdesignmagazine"]},{"@type":"Person","@id":"https:\/\/socialdesignmagazine.com\/mag\/#\/schema\/person\/61e20205cc363c315e6aabd33a045846","name":"Benedetto Fiori","image":{"@type":"ImageObject","inLanguage":"it-IT","@id":"https:\/\/secure.gravatar.com\/avatar\/450a48cefa36da63d920ad70aa660bd10725b1c6093800242e5efdb397759033?s=96&d=mm&r=g","url":"https:\/\/secure.gravatar.com\/avatar\/450a48cefa36da63d920ad70aa660bd10725b1c6093800242e5efdb397759033?s=96&d=mm&r=g","contentUrl":"https:\/\/secure.gravatar.com\/avatar\/450a48cefa36da63d920ad70aa660bd10725b1c6093800242e5efdb397759033?s=96&d=mm&r=g","caption":"Benedetto Fiori"},"description":"Web | Twitter | Facebook | Shutterstock Founder &amp; Editor in Chief di Social Design Magazine. Attratto da sempre da tutto ci\u00f2 che \u00e8 creativit\u00e0, design, architettura. Dopo aver studiato Architettura all'Universit\u00e0 di Firenze, si \u00e8 impegnato in molteplici campi: comunicazione grafica, progettazione di allestimenti fieristici, brand design, Interior Design.","sameAs":["http:\/\/benedettofiori.com","https:\/\/www.facebook.com\/benedettofiori","https:\/\/x.com\/benedettofiori"],"url":"https:\/\/socialdesignmagazine.com\/mag\/author\/benedetto\/"}]}},"jetpack_featured_media_url":"https:\/\/socialdesignmagazine.com\/mag\/wp-content\/uploads\/2011\/04\/benedetto_brando_e_co_1_BRANDOCO.jpg","jetpack_sharing_enabled":true,"jetpack_shortlink":"https:\/\/wp.me\/p6cV7V-44","gt_translate_keys":[{"key":"link","format":"url"}],"_links":{"self":[{"href":"https:\/\/socialdesignmagazine.com\/mag\/wp-json\/wp\/v2\/posts\/252","targetHints":{"allow":["GET"]}}],"collection":[{"href":"https:\/\/socialdesignmagazine.com\/mag\/wp-json\/wp\/v2\/posts"}],"about":[{"href":"https:\/\/socialdesignmagazine.com\/mag\/wp-json\/wp\/v2\/types\/post"}],"author":[{"embeddable":true,"href":"https:\/\/socialdesignmagazine.com\/mag\/wp-json\/wp\/v2\/users\/1"}],"replies":[{"embeddable":true,"href":"https:\/\/socialdesignmagazine.com\/mag\/wp-json\/wp\/v2\/comments?post=252"}],"version-history":[{"count":1,"href":"https:\/\/socialdesignmagazine.com\/mag\/wp-json\/wp\/v2\/posts\/252\/revisions"}],"predecessor-version":[{"id":58583,"href":"https:\/\/socialdesignmagazine.com\/mag\/wp-json\/wp\/v2\/posts\/252\/revisions\/58583"}],"wp:featuredmedia":[{"embeddable":true,"href":"https:\/\/socialdesignmagazine.com\/mag\/wp-json\/wp\/v2\/media\/5369"}],"wp:attachment":[{"href":"https:\/\/socialdesignmagazine.com\/mag\/wp-json\/wp\/v2\/media?parent=252"}],"wp:term":[{"taxonomy":"category","embeddable":true,"href":"https:\/\/socialdesignmagazine.com\/mag\/wp-json\/wp\/v2\/categories?post=252"},{"taxonomy":"post_tag","embeddable":true,"href":"https:\/\/socialdesignmagazine.com\/mag\/wp-json\/wp\/v2\/tags?post=252"}],"curies":[{"name":"wp","href":"https:\/\/api.w.org\/{rel}","templated":true}]}}