{"id":25665,"date":"2015-11-20T17:55:12","date_gmt":"2015-11-20T16:55:12","guid":{"rendered":"https:\/\/socialdesignmagazine.com\/mag\/?p=25665"},"modified":"2015-11-20T17:57:59","modified_gmt":"2015-11-20T16:57:59","slug":"la-fabrica-del-presente-museo-di-roma-in-trastevere-fino-al-24-gennaio","status":"publish","type":"post","link":"https:\/\/socialdesignmagazine.com\/mag\/visual\/la-fabrica-del-presente-museo-di-roma-in-trastevere-fino-al-24-gennaio\/","title":{"rendered":"La Fabrica del Presente, Museo di Roma in Trastevere, fino al 24 gennaio","gt_translate_keys":[{"key":"rendered","format":"text"}]},"content":{"rendered":"<h2>La transizione da uno stato a un altro \u00e8 il filo conduttore dei quattro progetti che costituiscono La Fabrica del Presente, in mostra al\u00a0Museo di Roma in Trastevere fino al 24 gennaio 2016<\/h2>\n<p>Dal 28 novembre 2015 <a rel=\"nofollow\" href=\"http:\/\/www.fabrica.it\/\">Fabrica<\/a>, centro di ricerca sulla comunicazione di\u00a0Benetton Group, porter\u00e0 al Museo di Roma in Trastevere\u00a0La Fabrica del Presente,\u00a0quattro progetti frutto del lavoro di\u00a0giovani autori, diversi per formazione e provenienza. Filo conduttore del percorso espositivo sar\u00e0 il\u00a0passaggio, la transizione da uno stato a un altro, in un racconto multiplo che si muove sui\u00a0confini dei luoghi e delle cose fornendone un\u2019immagine inedita.<\/p>\n<p>L\u2019iniziativa \u00e8 promossa\u00a0dall\u2019Assessorato alla Cultura e allo Sport di Roma \u2013 Sovrintendenza Capitolina ai Beni Culturali.\u00a0Servizi museali Z\u00e8tema Progetto Cultura.<\/p>\n<p><strong>Le sezioni della mostra saranno quattro:<\/strong><\/p>\n<ul>\n<li>NIGHT(E)SCAPES. From light to darkness di Martina Cirese, Geremia Vinattieri e Christian Coppe<\/li>\n<li>LIPADUSA. From sea to land di Calogero Cammalleri<\/li>\n<li>IRANIAN LIVING ROOM. From private to public di fotografi iraniani<\/li>\n<li>MIRACLE VILLAGE. From judgement to absolution di Sofia Valiente<\/li>\n<\/ul>\n<p><strong><a rel=\"nofollow\" href=\"http:\/\/www.fabrica.it\/projects\/nightescapes-2\/\">NIGHT(E)SCAPES<\/a>. FROM LIGHT TO DARKNESS<\/strong> \u00e8 un progetto multimediale che unisce\u00a0fotografia, musica e motion design in un viaggio notturno attraverso alcuni dei posti pi\u00f9\u00a0suggestivi d\u2019Italia, puntando non solo sulle immagini ma anche sui suoni registrati in loco e\u00a0rielaborati elettronicamente.<\/p>\n<p>L\u2019Italia \u00e8 il Paese con il pi\u00f9 grande patrimonio artistico e culturale al\u00a0mondo, primato riconosciuto anche dall\u2019Unesco. Il viaggio dei tre giovani ricercatori di Fabrica\u00a0unisce a mete note, come Venezia e Napoli (cercandone per\u00f2 i luoghi pi\u00f9 nascosti tra le isole o le\u00a0catacombe del III secolo), altre meno familiari come l\u2019ecomuseo della Pietra da Cantoni nelle\u00a0Langhe e le citt\u00e0 di Matera e Craco. Ognuno di noi, che abbia o meno visitato questi posti, li\u00a0associa a delle immagini.<\/p>\n<p>Quasi impossibile averne in mente il suono. Eppure ciascuno di essi \u00e8\u00a0popolato di rumori, sussurrati o esplosi, ripetuti o unici, cadenzati o disordinati.\u00a0Le esplorazioni notturne proposte in forma multimediale da questi giovani artisti daranno al\u00a0pubblico l\u2019opportunit\u00e0 di vivere questi luoghi, insieme ai paesaggi sonori, sulla propria pelle.<\/p>\n<div id=\"attachment_25685\" style=\"width: 1210px\" class=\"wp-caption alignnone\"><a href=\"https:\/\/socialdesignmagazine.com\/mag\/blog\/visual\/la-fabrica-del-presente-museo-di-roma-in-trastevere-fino-al-24-gennaio\/attachment\/nightescapes_craco\/#content\" rel=\"attachment wp-att-25685\"><img loading=\"lazy\" decoding=\"async\" aria-describedby=\"caption-attachment-25685\" data-attachment-id=\"25685\" data-permalink=\"https:\/\/socialdesignmagazine.com\/mag\/visual\/la-fabrica-del-presente-museo-di-roma-in-trastevere-fino-al-24-gennaio\/attachment\/nightescapes_craco\/#content\" data-orig-file=\"https:\/\/socialdesignmagazine.com\/mag\/wp-content\/uploads\/2015\/11\/Nightescapes_Craco.jpg\" data-orig-size=\"1200,796\" data-comments-opened=\"1\" data-image-meta=\"{&quot;aperture&quot;:&quot;0&quot;,&quot;credit&quot;:&quot;&quot;,&quot;camera&quot;:&quot;&quot;,&quot;caption&quot;:&quot;&quot;,&quot;created_timestamp&quot;:&quot;0&quot;,&quot;copyright&quot;:&quot;&quot;,&quot;focal_length&quot;:&quot;0&quot;,&quot;iso&quot;:&quot;0&quot;,&quot;shutter_speed&quot;:&quot;0&quot;,&quot;title&quot;:&quot;&quot;,&quot;orientation&quot;:&quot;0&quot;}\" data-image-title=\"Nightescapes_Craco\" data-image-description=\"\" data-image-caption=\"\" data-medium-file=\"https:\/\/socialdesignmagazine.com\/mag\/wp-content\/uploads\/2015\/11\/Nightescapes_Craco-396x256.jpg\" data-large-file=\"https:\/\/socialdesignmagazine.com\/mag\/wp-content\/uploads\/2015\/11\/Nightescapes_Craco-1024x679.jpg\" class=\"wp-image-25685 size-full\" src=\"https:\/\/socialdesignmagazine.com\/mag\/wp-content\/uploads\/2015\/11\/Nightescapes_Craco.jpg\" alt=\"La Fabrica del presente Nightescapes, Craco\" width=\"1200\" height=\"796\" srcset=\"https:\/\/socialdesignmagazine.com\/mag\/wp-content\/uploads\/2015\/11\/Nightescapes_Craco.jpg 1200w, https:\/\/socialdesignmagazine.com\/mag\/wp-content\/uploads\/2015\/11\/Nightescapes_Craco-100x66.jpg 100w, https:\/\/socialdesignmagazine.com\/mag\/wp-content\/uploads\/2015\/11\/Nightescapes_Craco-768x509.jpg 768w, https:\/\/socialdesignmagazine.com\/mag\/wp-content\/uploads\/2015\/11\/Nightescapes_Craco-1024x679.jpg 1024w\" sizes=\"auto, (max-width: 1200px) 100vw, 1200px\" \/><\/a><p id=\"caption-attachment-25685\" class=\"wp-caption-text\">La Fabrica del presente Nightescapes, Craco<\/p><\/div>\n<div id=\"attachment_25686\" style=\"width: 1210px\" class=\"wp-caption alignnone\"><a href=\"https:\/\/socialdesignmagazine.com\/mag\/blog\/visual\/la-fabrica-del-presente-museo-di-roma-in-trastevere-fino-al-24-gennaio\/attachment\/nightescapes_langhe\/#content\" rel=\"attachment wp-att-25686\"><img loading=\"lazy\" decoding=\"async\" aria-describedby=\"caption-attachment-25686\" data-attachment-id=\"25686\" data-permalink=\"https:\/\/socialdesignmagazine.com\/mag\/visual\/la-fabrica-del-presente-museo-di-roma-in-trastevere-fino-al-24-gennaio\/attachment\/nightescapes_langhe\/#content\" data-orig-file=\"https:\/\/socialdesignmagazine.com\/mag\/wp-content\/uploads\/2015\/11\/Nightescapes_Langhe.jpg\" data-orig-size=\"1200,1800\" data-comments-opened=\"1\" data-image-meta=\"{&quot;aperture&quot;:&quot;0&quot;,&quot;credit&quot;:&quot;&quot;,&quot;camera&quot;:&quot;&quot;,&quot;caption&quot;:&quot;&quot;,&quot;created_timestamp&quot;:&quot;0&quot;,&quot;copyright&quot;:&quot;&quot;,&quot;focal_length&quot;:&quot;0&quot;,&quot;iso&quot;:&quot;0&quot;,&quot;shutter_speed&quot;:&quot;0&quot;,&quot;title&quot;:&quot;&quot;,&quot;orientation&quot;:&quot;0&quot;}\" data-image-title=\"Nightescapes_Langhe\" data-image-description=\"\" data-image-caption=\"\" data-medium-file=\"https:\/\/socialdesignmagazine.com\/mag\/wp-content\/uploads\/2015\/11\/Nightescapes_Langhe-396x256.jpg\" data-large-file=\"https:\/\/socialdesignmagazine.com\/mag\/wp-content\/uploads\/2015\/11\/Nightescapes_Langhe-1024x1536.jpg\" class=\"wp-image-25686 size-full\" src=\"https:\/\/socialdesignmagazine.com\/mag\/wp-content\/uploads\/2015\/11\/Nightescapes_Langhe.jpg\" alt=\"La Fabrica del presente Nightescapes, Langhe\" width=\"1200\" height=\"1800\" srcset=\"https:\/\/socialdesignmagazine.com\/mag\/wp-content\/uploads\/2015\/11\/Nightescapes_Langhe.jpg 1200w, https:\/\/socialdesignmagazine.com\/mag\/wp-content\/uploads\/2015\/11\/Nightescapes_Langhe-768x1152.jpg 768w, https:\/\/socialdesignmagazine.com\/mag\/wp-content\/uploads\/2015\/11\/Nightescapes_Langhe-1024x1536.jpg 1024w\" sizes=\"auto, (max-width: 1200px) 100vw, 1200px\" \/><\/a><p id=\"caption-attachment-25686\" class=\"wp-caption-text\">La Fabrica del presente Nightescapes, Langhe<\/p><\/div>\n<div id=\"attachment_25687\" style=\"width: 1210px\" class=\"wp-caption alignnone\"><a href=\"https:\/\/socialdesignmagazine.com\/mag\/blog\/visual\/la-fabrica-del-presente-museo-di-roma-in-trastevere-fino-al-24-gennaio\/attachment\/nightescapes_matera\/#content\" rel=\"attachment wp-att-25687\"><img loading=\"lazy\" decoding=\"async\" aria-describedby=\"caption-attachment-25687\" data-attachment-id=\"25687\" data-permalink=\"https:\/\/socialdesignmagazine.com\/mag\/visual\/la-fabrica-del-presente-museo-di-roma-in-trastevere-fino-al-24-gennaio\/attachment\/nightescapes_matera\/#content\" data-orig-file=\"https:\/\/socialdesignmagazine.com\/mag\/wp-content\/uploads\/2015\/11\/Nightescapes_Matera.jpg\" data-orig-size=\"1200,796\" data-comments-opened=\"1\" data-image-meta=\"{&quot;aperture&quot;:&quot;0&quot;,&quot;credit&quot;:&quot;&quot;,&quot;camera&quot;:&quot;&quot;,&quot;caption&quot;:&quot;&quot;,&quot;created_timestamp&quot;:&quot;0&quot;,&quot;copyright&quot;:&quot;&quot;,&quot;focal_length&quot;:&quot;0&quot;,&quot;iso&quot;:&quot;0&quot;,&quot;shutter_speed&quot;:&quot;0&quot;,&quot;title&quot;:&quot;&quot;,&quot;orientation&quot;:&quot;0&quot;}\" data-image-title=\"Nightescapes_Matera\" data-image-description=\"\" data-image-caption=\"\" data-medium-file=\"https:\/\/socialdesignmagazine.com\/mag\/wp-content\/uploads\/2015\/11\/Nightescapes_Matera-396x256.jpg\" data-large-file=\"https:\/\/socialdesignmagazine.com\/mag\/wp-content\/uploads\/2015\/11\/Nightescapes_Matera-1024x679.jpg\" class=\"wp-image-25687 size-full\" src=\"https:\/\/socialdesignmagazine.com\/mag\/wp-content\/uploads\/2015\/11\/Nightescapes_Matera.jpg\" alt=\"La Fabrica del presente Nightescapes, Matera\" width=\"1200\" height=\"796\" srcset=\"https:\/\/socialdesignmagazine.com\/mag\/wp-content\/uploads\/2015\/11\/Nightescapes_Matera.jpg 1200w, https:\/\/socialdesignmagazine.com\/mag\/wp-content\/uploads\/2015\/11\/Nightescapes_Matera-100x66.jpg 100w, https:\/\/socialdesignmagazine.com\/mag\/wp-content\/uploads\/2015\/11\/Nightescapes_Matera-768x509.jpg 768w, https:\/\/socialdesignmagazine.com\/mag\/wp-content\/uploads\/2015\/11\/Nightescapes_Matera-1024x679.jpg 1024w\" sizes=\"auto, (max-width: 1200px) 100vw, 1200px\" \/><\/a><p id=\"caption-attachment-25687\" class=\"wp-caption-text\">La Fabrica del presente Nightescapes, Matera<\/p><\/div>\n<div id=\"attachment_25688\" style=\"width: 1210px\" class=\"wp-caption alignnone\"><a href=\"https:\/\/socialdesignmagazine.com\/mag\/blog\/visual\/la-fabrica-del-presente-museo-di-roma-in-trastevere-fino-al-24-gennaio\/attachment\/nightescapes_napoli\/#content\" rel=\"attachment wp-att-25688\"><img loading=\"lazy\" decoding=\"async\" aria-describedby=\"caption-attachment-25688\" data-attachment-id=\"25688\" data-permalink=\"https:\/\/socialdesignmagazine.com\/mag\/visual\/la-fabrica-del-presente-museo-di-roma-in-trastevere-fino-al-24-gennaio\/attachment\/nightescapes_napoli\/#content\" data-orig-file=\"https:\/\/socialdesignmagazine.com\/mag\/wp-content\/uploads\/2015\/11\/Nightescapes_Napoli.jpg\" data-orig-size=\"1200,799\" data-comments-opened=\"1\" data-image-meta=\"{&quot;aperture&quot;:&quot;0&quot;,&quot;credit&quot;:&quot;&quot;,&quot;camera&quot;:&quot;&quot;,&quot;caption&quot;:&quot;&quot;,&quot;created_timestamp&quot;:&quot;0&quot;,&quot;copyright&quot;:&quot;&quot;,&quot;focal_length&quot;:&quot;0&quot;,&quot;iso&quot;:&quot;0&quot;,&quot;shutter_speed&quot;:&quot;0&quot;,&quot;title&quot;:&quot;&quot;,&quot;orientation&quot;:&quot;0&quot;}\" data-image-title=\"Nightescapes_Napoli\" data-image-description=\"\" data-image-caption=\"\" data-medium-file=\"https:\/\/socialdesignmagazine.com\/mag\/wp-content\/uploads\/2015\/11\/Nightescapes_Napoli-396x256.jpg\" data-large-file=\"https:\/\/socialdesignmagazine.com\/mag\/wp-content\/uploads\/2015\/11\/Nightescapes_Napoli-1024x682.jpg\" class=\"wp-image-25688 size-full\" src=\"https:\/\/socialdesignmagazine.com\/mag\/wp-content\/uploads\/2015\/11\/Nightescapes_Napoli.jpg\" alt=\"La Fabrica del presente Nightescapes, Napoli\" width=\"1200\" height=\"799\" srcset=\"https:\/\/socialdesignmagazine.com\/mag\/wp-content\/uploads\/2015\/11\/Nightescapes_Napoli.jpg 1200w, https:\/\/socialdesignmagazine.com\/mag\/wp-content\/uploads\/2015\/11\/Nightescapes_Napoli-100x66.jpg 100w, https:\/\/socialdesignmagazine.com\/mag\/wp-content\/uploads\/2015\/11\/Nightescapes_Napoli-768x511.jpg 768w, https:\/\/socialdesignmagazine.com\/mag\/wp-content\/uploads\/2015\/11\/Nightescapes_Napoli-1024x682.jpg 1024w\" sizes=\"auto, (max-width: 1200px) 100vw, 1200px\" \/><\/a><p id=\"caption-attachment-25688\" class=\"wp-caption-text\">La Fabrica del presente Nightescapes, Napoli<\/p><\/div>\n<p><strong><a rel=\"nofollow\" href=\"http:\/\/www.fabrica.it\/projects\/lipadusa-2\/\">LIPADUSA<\/a>. FROM SEA TO LAND<\/strong> \u00e8 una ricerca fotografica sull\u2019identit\u00e0 dell\u2019isola di\u00a0Lampedusa, Lipadusa per i suoi abitanti.\u00a0Divenuta suo malgrado sinonimo di migrazione, di tragedie in mare, di disperazione e miseria,\u00a0Lampedusa si presenta in questa mostra nella sua veste pi\u00f9 autentica e profonda, quella di isola\u00a0e non quella di mare divenuto cimitero.<\/p>\n<p>Cammalleri, anch\u2019egli migrante (partito a tre anni con la\u00a0sua famiglia dalla Sicilia per la Germania), \u00e8 ritornato nella sua terra dopo diciassette anni a\u00a0cercare le proprie origini. Geograficamente gi\u00e0 Africa ma politicamente ancora Italia, Lampedusa\u00a0vive una dimensione non solo isolana ma isolata, di confino o confine, di sogno e solitudine.<\/p>\n<p>Le fotografie di Cammalleri ritraggono lo scorrere della vita di pescatori, bambini e animali di\u00a0Lampedusa; impressioni oniriche, attimi colti in bianco e nero, sfocati nella trasfigurazione di una\u00a0realt\u00e0 che diventa senza tempo.<\/p>\n<div id=\"attachment_25689\" style=\"width: 1210px\" class=\"wp-caption alignnone\"><a href=\"https:\/\/socialdesignmagazine.com\/mag\/blog\/visual\/la-fabrica-del-presente-museo-di-roma-in-trastevere-fino-al-24-gennaio\/attachment\/01_lipadusa_calogero-cammalleri\/#content\" rel=\"attachment wp-att-25689\"><img loading=\"lazy\" decoding=\"async\" aria-describedby=\"caption-attachment-25689\" data-attachment-id=\"25689\" data-permalink=\"https:\/\/socialdesignmagazine.com\/mag\/visual\/la-fabrica-del-presente-museo-di-roma-in-trastevere-fino-al-24-gennaio\/attachment\/01_lipadusa_calogero-cammalleri\/#content\" data-orig-file=\"https:\/\/socialdesignmagazine.com\/mag\/wp-content\/uploads\/2015\/11\/01_LIPADUSA_Calogero-Cammalleri.jpg\" data-orig-size=\"1200,796\" data-comments-opened=\"1\" data-image-meta=\"{&quot;aperture&quot;:&quot;0&quot;,&quot;credit&quot;:&quot;&quot;,&quot;camera&quot;:&quot;&quot;,&quot;caption&quot;:&quot;&quot;,&quot;created_timestamp&quot;:&quot;0&quot;,&quot;copyright&quot;:&quot;&quot;,&quot;focal_length&quot;:&quot;0&quot;,&quot;iso&quot;:&quot;0&quot;,&quot;shutter_speed&quot;:&quot;0&quot;,&quot;title&quot;:&quot;&quot;,&quot;orientation&quot;:&quot;0&quot;}\" data-image-title=\"01_LIPADUSA_Calogero Cammalleri\" data-image-description=\"\" data-image-caption=\"\" data-medium-file=\"https:\/\/socialdesignmagazine.com\/mag\/wp-content\/uploads\/2015\/11\/01_LIPADUSA_Calogero-Cammalleri-396x256.jpg\" data-large-file=\"https:\/\/socialdesignmagazine.com\/mag\/wp-content\/uploads\/2015\/11\/01_LIPADUSA_Calogero-Cammalleri-1024x679.jpg\" class=\"wp-image-25689 size-full\" src=\"https:\/\/socialdesignmagazine.com\/mag\/wp-content\/uploads\/2015\/11\/01_LIPADUSA_Calogero-Cammalleri.jpg\" alt=\"La Fabrica del presente LIPADUSA Calogero Cammalleri\" width=\"1200\" height=\"796\" srcset=\"https:\/\/socialdesignmagazine.com\/mag\/wp-content\/uploads\/2015\/11\/01_LIPADUSA_Calogero-Cammalleri.jpg 1200w, https:\/\/socialdesignmagazine.com\/mag\/wp-content\/uploads\/2015\/11\/01_LIPADUSA_Calogero-Cammalleri-100x66.jpg 100w, https:\/\/socialdesignmagazine.com\/mag\/wp-content\/uploads\/2015\/11\/01_LIPADUSA_Calogero-Cammalleri-768x509.jpg 768w, https:\/\/socialdesignmagazine.com\/mag\/wp-content\/uploads\/2015\/11\/01_LIPADUSA_Calogero-Cammalleri-1024x679.jpg 1024w\" sizes=\"auto, (max-width: 1200px) 100vw, 1200px\" \/><\/a><p id=\"caption-attachment-25689\" class=\"wp-caption-text\">La Fabrica del presente LIPADUSA Calogero Cammalleri<\/p><\/div>\n<div id=\"attachment_25690\" style=\"width: 1210px\" class=\"wp-caption alignnone\"><a href=\"https:\/\/socialdesignmagazine.com\/mag\/blog\/visual\/la-fabrica-del-presente-museo-di-roma-in-trastevere-fino-al-24-gennaio\/attachment\/03_lipadusa_calogero-cammalleri\/#content\" rel=\"attachment wp-att-25690\"><img loading=\"lazy\" decoding=\"async\" aria-describedby=\"caption-attachment-25690\" data-attachment-id=\"25690\" data-permalink=\"https:\/\/socialdesignmagazine.com\/mag\/visual\/la-fabrica-del-presente-museo-di-roma-in-trastevere-fino-al-24-gennaio\/attachment\/03_lipadusa_calogero-cammalleri\/#content\" data-orig-file=\"https:\/\/socialdesignmagazine.com\/mag\/wp-content\/uploads\/2015\/11\/03_LIPADUSA_Calogero-Cammalleri.jpg\" data-orig-size=\"1200,796\" data-comments-opened=\"1\" data-image-meta=\"{&quot;aperture&quot;:&quot;0&quot;,&quot;credit&quot;:&quot;&quot;,&quot;camera&quot;:&quot;&quot;,&quot;caption&quot;:&quot;&quot;,&quot;created_timestamp&quot;:&quot;0&quot;,&quot;copyright&quot;:&quot;&quot;,&quot;focal_length&quot;:&quot;0&quot;,&quot;iso&quot;:&quot;0&quot;,&quot;shutter_speed&quot;:&quot;0&quot;,&quot;title&quot;:&quot;&quot;,&quot;orientation&quot;:&quot;0&quot;}\" data-image-title=\"03_LIPADUSA_Calogero Cammalleri\" data-image-description=\"\" data-image-caption=\"\" data-medium-file=\"https:\/\/socialdesignmagazine.com\/mag\/wp-content\/uploads\/2015\/11\/03_LIPADUSA_Calogero-Cammalleri-396x256.jpg\" data-large-file=\"https:\/\/socialdesignmagazine.com\/mag\/wp-content\/uploads\/2015\/11\/03_LIPADUSA_Calogero-Cammalleri-1024x679.jpg\" class=\"wp-image-25690 size-full\" src=\"https:\/\/socialdesignmagazine.com\/mag\/wp-content\/uploads\/2015\/11\/03_LIPADUSA_Calogero-Cammalleri.jpg\" alt=\"La Fabrica del presente LIPADUSA Calogero Cammalleri\" width=\"1200\" height=\"796\" srcset=\"https:\/\/socialdesignmagazine.com\/mag\/wp-content\/uploads\/2015\/11\/03_LIPADUSA_Calogero-Cammalleri.jpg 1200w, https:\/\/socialdesignmagazine.com\/mag\/wp-content\/uploads\/2015\/11\/03_LIPADUSA_Calogero-Cammalleri-100x66.jpg 100w, https:\/\/socialdesignmagazine.com\/mag\/wp-content\/uploads\/2015\/11\/03_LIPADUSA_Calogero-Cammalleri-768x509.jpg 768w, https:\/\/socialdesignmagazine.com\/mag\/wp-content\/uploads\/2015\/11\/03_LIPADUSA_Calogero-Cammalleri-1024x679.jpg 1024w\" sizes=\"auto, (max-width: 1200px) 100vw, 1200px\" \/><\/a><p id=\"caption-attachment-25690\" class=\"wp-caption-text\">La Fabrica del presente LIPADUSA Calogero Cammalleri<\/p><\/div>\n<div id=\"attachment_25691\" style=\"width: 1210px\" class=\"wp-caption alignnone\"><a href=\"https:\/\/socialdesignmagazine.com\/mag\/blog\/visual\/la-fabrica-del-presente-museo-di-roma-in-trastevere-fino-al-24-gennaio\/attachment\/08_lipadusa_calogero-cammalleri\/#content\" rel=\"attachment wp-att-25691\"><img loading=\"lazy\" decoding=\"async\" aria-describedby=\"caption-attachment-25691\" data-attachment-id=\"25691\" data-permalink=\"https:\/\/socialdesignmagazine.com\/mag\/visual\/la-fabrica-del-presente-museo-di-roma-in-trastevere-fino-al-24-gennaio\/attachment\/08_lipadusa_calogero-cammalleri\/#content\" data-orig-file=\"https:\/\/socialdesignmagazine.com\/mag\/wp-content\/uploads\/2015\/11\/08_LIPADUSA_Calogero-Cammalleri.jpg\" data-orig-size=\"1200,796\" data-comments-opened=\"1\" data-image-meta=\"{&quot;aperture&quot;:&quot;0&quot;,&quot;credit&quot;:&quot;&quot;,&quot;camera&quot;:&quot;&quot;,&quot;caption&quot;:&quot;&quot;,&quot;created_timestamp&quot;:&quot;0&quot;,&quot;copyright&quot;:&quot;&quot;,&quot;focal_length&quot;:&quot;0&quot;,&quot;iso&quot;:&quot;0&quot;,&quot;shutter_speed&quot;:&quot;0&quot;,&quot;title&quot;:&quot;&quot;,&quot;orientation&quot;:&quot;0&quot;}\" data-image-title=\"08_LIPADUSA_Calogero Cammalleri\" data-image-description=\"\" data-image-caption=\"\" data-medium-file=\"https:\/\/socialdesignmagazine.com\/mag\/wp-content\/uploads\/2015\/11\/08_LIPADUSA_Calogero-Cammalleri-396x256.jpg\" data-large-file=\"https:\/\/socialdesignmagazine.com\/mag\/wp-content\/uploads\/2015\/11\/08_LIPADUSA_Calogero-Cammalleri-1024x679.jpg\" class=\"wp-image-25691 size-full\" src=\"https:\/\/socialdesignmagazine.com\/mag\/wp-content\/uploads\/2015\/11\/08_LIPADUSA_Calogero-Cammalleri.jpg\" alt=\"La Fabrica del presente LIPADUSA Calogero Cammalleri\" width=\"1200\" height=\"796\" srcset=\"https:\/\/socialdesignmagazine.com\/mag\/wp-content\/uploads\/2015\/11\/08_LIPADUSA_Calogero-Cammalleri.jpg 1200w, https:\/\/socialdesignmagazine.com\/mag\/wp-content\/uploads\/2015\/11\/08_LIPADUSA_Calogero-Cammalleri-100x66.jpg 100w, https:\/\/socialdesignmagazine.com\/mag\/wp-content\/uploads\/2015\/11\/08_LIPADUSA_Calogero-Cammalleri-768x509.jpg 768w, https:\/\/socialdesignmagazine.com\/mag\/wp-content\/uploads\/2015\/11\/08_LIPADUSA_Calogero-Cammalleri-1024x679.jpg 1024w\" sizes=\"auto, (max-width: 1200px) 100vw, 1200px\" \/><\/a><p id=\"caption-attachment-25691\" class=\"wp-caption-text\">La Fabrica del presente LIPADUSA Calogero Cammalleri<\/p><\/div>\n<div id=\"attachment_25692\" style=\"width: 1210px\" class=\"wp-caption alignnone\"><a href=\"https:\/\/socialdesignmagazine.com\/mag\/blog\/visual\/la-fabrica-del-presente-museo-di-roma-in-trastevere-fino-al-24-gennaio\/attachment\/09_lipadusa_calogero-cammalleri\/#content\" rel=\"attachment wp-att-25692\"><img loading=\"lazy\" decoding=\"async\" aria-describedby=\"caption-attachment-25692\" data-attachment-id=\"25692\" data-permalink=\"https:\/\/socialdesignmagazine.com\/mag\/visual\/la-fabrica-del-presente-museo-di-roma-in-trastevere-fino-al-24-gennaio\/attachment\/09_lipadusa_calogero-cammalleri\/#content\" data-orig-file=\"https:\/\/socialdesignmagazine.com\/mag\/wp-content\/uploads\/2015\/11\/09_LIPADUSA_Calogero-Cammalleri.jpg\" data-orig-size=\"1200,796\" data-comments-opened=\"1\" data-image-meta=\"{&quot;aperture&quot;:&quot;0&quot;,&quot;credit&quot;:&quot;&quot;,&quot;camera&quot;:&quot;&quot;,&quot;caption&quot;:&quot;&quot;,&quot;created_timestamp&quot;:&quot;0&quot;,&quot;copyright&quot;:&quot;&quot;,&quot;focal_length&quot;:&quot;0&quot;,&quot;iso&quot;:&quot;0&quot;,&quot;shutter_speed&quot;:&quot;0&quot;,&quot;title&quot;:&quot;&quot;,&quot;orientation&quot;:&quot;0&quot;}\" data-image-title=\"09_LIPADUSA_Calogero Cammalleri\" data-image-description=\"\" data-image-caption=\"\" data-medium-file=\"https:\/\/socialdesignmagazine.com\/mag\/wp-content\/uploads\/2015\/11\/09_LIPADUSA_Calogero-Cammalleri-396x256.jpg\" data-large-file=\"https:\/\/socialdesignmagazine.com\/mag\/wp-content\/uploads\/2015\/11\/09_LIPADUSA_Calogero-Cammalleri-1024x679.jpg\" class=\"wp-image-25692 size-full\" src=\"https:\/\/socialdesignmagazine.com\/mag\/wp-content\/uploads\/2015\/11\/09_LIPADUSA_Calogero-Cammalleri.jpg\" alt=\"La Fabrica del presente LIPADUSA Calogero Cammalleri\" width=\"1200\" height=\"796\" srcset=\"https:\/\/socialdesignmagazine.com\/mag\/wp-content\/uploads\/2015\/11\/09_LIPADUSA_Calogero-Cammalleri.jpg 1200w, https:\/\/socialdesignmagazine.com\/mag\/wp-content\/uploads\/2015\/11\/09_LIPADUSA_Calogero-Cammalleri-100x66.jpg 100w, https:\/\/socialdesignmagazine.com\/mag\/wp-content\/uploads\/2015\/11\/09_LIPADUSA_Calogero-Cammalleri-768x509.jpg 768w, https:\/\/socialdesignmagazine.com\/mag\/wp-content\/uploads\/2015\/11\/09_LIPADUSA_Calogero-Cammalleri-1024x679.jpg 1024w\" sizes=\"auto, (max-width: 1200px) 100vw, 1200px\" \/><\/a><p id=\"caption-attachment-25692\" class=\"wp-caption-text\">La Fabrica del presente LIPADUSA Calogero Cammalleri<\/p><\/div>\n<div id=\"attachment_25693\" style=\"width: 1210px\" class=\"wp-caption alignnone\"><a href=\"https:\/\/socialdesignmagazine.com\/mag\/blog\/visual\/la-fabrica-del-presente-museo-di-roma-in-trastevere-fino-al-24-gennaio\/attachment\/10_lipadusa_calogero-cammalleri\/#content\" rel=\"attachment wp-att-25693\"><img loading=\"lazy\" decoding=\"async\" aria-describedby=\"caption-attachment-25693\" data-attachment-id=\"25693\" data-permalink=\"https:\/\/socialdesignmagazine.com\/mag\/visual\/la-fabrica-del-presente-museo-di-roma-in-trastevere-fino-al-24-gennaio\/attachment\/10_lipadusa_calogero-cammalleri\/#content\" data-orig-file=\"https:\/\/socialdesignmagazine.com\/mag\/wp-content\/uploads\/2015\/11\/10_LIPADUSA_Calogero-Cammalleri.jpg\" data-orig-size=\"1200,796\" data-comments-opened=\"1\" data-image-meta=\"{&quot;aperture&quot;:&quot;0&quot;,&quot;credit&quot;:&quot;&quot;,&quot;camera&quot;:&quot;&quot;,&quot;caption&quot;:&quot;&quot;,&quot;created_timestamp&quot;:&quot;0&quot;,&quot;copyright&quot;:&quot;&quot;,&quot;focal_length&quot;:&quot;0&quot;,&quot;iso&quot;:&quot;0&quot;,&quot;shutter_speed&quot;:&quot;0&quot;,&quot;title&quot;:&quot;&quot;,&quot;orientation&quot;:&quot;0&quot;}\" data-image-title=\"10_LIPADUSA_Calogero Cammalleri\" data-image-description=\"\" data-image-caption=\"\" data-medium-file=\"https:\/\/socialdesignmagazine.com\/mag\/wp-content\/uploads\/2015\/11\/10_LIPADUSA_Calogero-Cammalleri-396x256.jpg\" data-large-file=\"https:\/\/socialdesignmagazine.com\/mag\/wp-content\/uploads\/2015\/11\/10_LIPADUSA_Calogero-Cammalleri-1024x679.jpg\" class=\"wp-image-25693 size-full\" src=\"https:\/\/socialdesignmagazine.com\/mag\/wp-content\/uploads\/2015\/11\/10_LIPADUSA_Calogero-Cammalleri.jpg\" alt=\"La Fabrica del presente LIPADUSA Calogero Cammalleri\" width=\"1200\" height=\"796\" srcset=\"https:\/\/socialdesignmagazine.com\/mag\/wp-content\/uploads\/2015\/11\/10_LIPADUSA_Calogero-Cammalleri.jpg 1200w, https:\/\/socialdesignmagazine.com\/mag\/wp-content\/uploads\/2015\/11\/10_LIPADUSA_Calogero-Cammalleri-100x66.jpg 100w, https:\/\/socialdesignmagazine.com\/mag\/wp-content\/uploads\/2015\/11\/10_LIPADUSA_Calogero-Cammalleri-768x509.jpg 768w, https:\/\/socialdesignmagazine.com\/mag\/wp-content\/uploads\/2015\/11\/10_LIPADUSA_Calogero-Cammalleri-1024x679.jpg 1024w\" sizes=\"auto, (max-width: 1200px) 100vw, 1200px\" \/><\/a><p id=\"caption-attachment-25693\" class=\"wp-caption-text\">La Fabrica del presente LIPADUSA Calogero Cammalleri<\/p><\/div>\n<p><strong><a rel=\"nofollow\" href=\"http:\/\/www.fabrica.it\/projects\/iranian-living-room-2\/\">IRANIAN LIVING ROOM<\/a>. FROM PRIVATE TO PUBLIC<\/strong> \u00e8 una storia corale realizzata da 15\u00a0fotografi iraniani, scelti dal direttore dell\u2019area Editorial di Fabrica Enrico Bossan, che hanno\u00a0raccontato con occhi discreti e incondizionati il salotto di casa iraniano, spazio fisico e metaforico\u00a0nascosto agli sguardi dei media internazionali e dello stato locale.<\/p>\n<p>Abituati come siamo a un\u2019osservazione guidata, sempre controllata dell\u2019Iran, con Iranian Living\u00a0Room possiamo entrare nelle case delle persone e, quindi, nella pancia del Paese.\u00a0Disparit\u00e0 religiose, differenze e similitudini culturali, dualit\u00e0 nell\u2019abbigliamento, solitudine e\u00a0convivialit\u00e0, clandestinit\u00e0, queste e molte altre situazioni prendono forma nei delicati scatti dei\u00a0giovanissimi fotografi che raccontano stanze segrete e inaccessibili ai giudizi degli altri, dove\u00a0effettivamente si svolge la vita.<\/p>\n<div id=\"attachment_25694\" style=\"width: 1210px\" class=\"wp-caption alignnone\"><a href=\"https:\/\/socialdesignmagazine.com\/mag\/blog\/visual\/la-fabrica-del-presente-museo-di-roma-in-trastevere-fino-al-24-gennaio\/attachment\/iranian-living-room_hamed-ilkhan\/#content\" rel=\"attachment wp-att-25694\"><img loading=\"lazy\" decoding=\"async\" aria-describedby=\"caption-attachment-25694\" data-attachment-id=\"25694\" data-permalink=\"https:\/\/socialdesignmagazine.com\/mag\/visual\/la-fabrica-del-presente-museo-di-roma-in-trastevere-fino-al-24-gennaio\/attachment\/iranian-living-room_hamed-ilkhan\/#content\" data-orig-file=\"https:\/\/socialdesignmagazine.com\/mag\/wp-content\/uploads\/2015\/11\/Iranian-Living-Room_Hamed-Ilkhan.jpg\" data-orig-size=\"1200,796\" data-comments-opened=\"1\" data-image-meta=\"{&quot;aperture&quot;:&quot;0&quot;,&quot;credit&quot;:&quot;&quot;,&quot;camera&quot;:&quot;&quot;,&quot;caption&quot;:&quot;&quot;,&quot;created_timestamp&quot;:&quot;0&quot;,&quot;copyright&quot;:&quot;&quot;,&quot;focal_length&quot;:&quot;0&quot;,&quot;iso&quot;:&quot;0&quot;,&quot;shutter_speed&quot;:&quot;0&quot;,&quot;title&quot;:&quot;&quot;,&quot;orientation&quot;:&quot;0&quot;}\" data-image-title=\"Iranian Living Room_Hamed Ilkhan\" data-image-description=\"\" data-image-caption=\"\" data-medium-file=\"https:\/\/socialdesignmagazine.com\/mag\/wp-content\/uploads\/2015\/11\/Iranian-Living-Room_Hamed-Ilkhan-396x256.jpg\" data-large-file=\"https:\/\/socialdesignmagazine.com\/mag\/wp-content\/uploads\/2015\/11\/Iranian-Living-Room_Hamed-Ilkhan-1024x679.jpg\" class=\"wp-image-25694 size-full\" src=\"https:\/\/socialdesignmagazine.com\/mag\/wp-content\/uploads\/2015\/11\/Iranian-Living-Room_Hamed-Ilkhan.jpg\" alt=\"La Fabrica del presente Iranian Living Room, Hamed Ilkhan\" width=\"1200\" height=\"796\" srcset=\"https:\/\/socialdesignmagazine.com\/mag\/wp-content\/uploads\/2015\/11\/Iranian-Living-Room_Hamed-Ilkhan.jpg 1200w, https:\/\/socialdesignmagazine.com\/mag\/wp-content\/uploads\/2015\/11\/Iranian-Living-Room_Hamed-Ilkhan-100x66.jpg 100w, https:\/\/socialdesignmagazine.com\/mag\/wp-content\/uploads\/2015\/11\/Iranian-Living-Room_Hamed-Ilkhan-768x509.jpg 768w, https:\/\/socialdesignmagazine.com\/mag\/wp-content\/uploads\/2015\/11\/Iranian-Living-Room_Hamed-Ilkhan-1024x679.jpg 1024w\" sizes=\"auto, (max-width: 1200px) 100vw, 1200px\" \/><\/a><p id=\"caption-attachment-25694\" class=\"wp-caption-text\">La Fabrica del presente Iranian Living Room, Hamed Ilkhan<\/p><\/div>\n<div id=\"attachment_25695\" style=\"width: 1210px\" class=\"wp-caption alignnone\"><a href=\"https:\/\/socialdesignmagazine.com\/mag\/blog\/visual\/la-fabrica-del-presente-museo-di-roma-in-trastevere-fino-al-24-gennaio\/attachment\/iranian-living-room_nazanin-tabatabaei\/#content\" rel=\"attachment wp-att-25695\"><img loading=\"lazy\" decoding=\"async\" aria-describedby=\"caption-attachment-25695\" data-attachment-id=\"25695\" data-permalink=\"https:\/\/socialdesignmagazine.com\/mag\/visual\/la-fabrica-del-presente-museo-di-roma-in-trastevere-fino-al-24-gennaio\/attachment\/iranian-living-room_nazanin-tabatabaei\/#content\" data-orig-file=\"https:\/\/socialdesignmagazine.com\/mag\/wp-content\/uploads\/2015\/11\/Iranian-Living-Room_Nazanin-Tabatabaei.jpg\" data-orig-size=\"1200,799\" data-comments-opened=\"1\" data-image-meta=\"{&quot;aperture&quot;:&quot;0&quot;,&quot;credit&quot;:&quot;&quot;,&quot;camera&quot;:&quot;&quot;,&quot;caption&quot;:&quot;&quot;,&quot;created_timestamp&quot;:&quot;0&quot;,&quot;copyright&quot;:&quot;&quot;,&quot;focal_length&quot;:&quot;0&quot;,&quot;iso&quot;:&quot;0&quot;,&quot;shutter_speed&quot;:&quot;0&quot;,&quot;title&quot;:&quot;&quot;,&quot;orientation&quot;:&quot;0&quot;}\" data-image-title=\"Iranian Living Room_Nazanin Tabatabaei\" data-image-description=\"\" data-image-caption=\"\" data-medium-file=\"https:\/\/socialdesignmagazine.com\/mag\/wp-content\/uploads\/2015\/11\/Iranian-Living-Room_Nazanin-Tabatabaei-396x256.jpg\" data-large-file=\"https:\/\/socialdesignmagazine.com\/mag\/wp-content\/uploads\/2015\/11\/Iranian-Living-Room_Nazanin-Tabatabaei-1024x682.jpg\" class=\"wp-image-25695 size-full\" src=\"https:\/\/socialdesignmagazine.com\/mag\/wp-content\/uploads\/2015\/11\/Iranian-Living-Room_Nazanin-Tabatabaei.jpg\" alt=\"La Fabrica del presente Iranian Living Room, Nazanin Tabatabaei\" width=\"1200\" height=\"799\" srcset=\"https:\/\/socialdesignmagazine.com\/mag\/wp-content\/uploads\/2015\/11\/Iranian-Living-Room_Nazanin-Tabatabaei.jpg 1200w, https:\/\/socialdesignmagazine.com\/mag\/wp-content\/uploads\/2015\/11\/Iranian-Living-Room_Nazanin-Tabatabaei-100x66.jpg 100w, https:\/\/socialdesignmagazine.com\/mag\/wp-content\/uploads\/2015\/11\/Iranian-Living-Room_Nazanin-Tabatabaei-768x511.jpg 768w, https:\/\/socialdesignmagazine.com\/mag\/wp-content\/uploads\/2015\/11\/Iranian-Living-Room_Nazanin-Tabatabaei-1024x682.jpg 1024w\" sizes=\"auto, (max-width: 1200px) 100vw, 1200px\" \/><\/a><p id=\"caption-attachment-25695\" class=\"wp-caption-text\">La Fabrica del presente Iranian Living Room, Nazanin Tabatabaei<\/p><\/div>\n<div id=\"attachment_25696\" style=\"width: 1210px\" class=\"wp-caption alignnone\"><a href=\"https:\/\/socialdesignmagazine.com\/mag\/blog\/visual\/la-fabrica-del-presente-museo-di-roma-in-trastevere-fino-al-24-gennaio\/attachment\/iranian-living-room_negar-sadvand\/#content\" rel=\"attachment wp-att-25696\"><img loading=\"lazy\" decoding=\"async\" aria-describedby=\"caption-attachment-25696\" data-attachment-id=\"25696\" data-permalink=\"https:\/\/socialdesignmagazine.com\/mag\/visual\/la-fabrica-del-presente-museo-di-roma-in-trastevere-fino-al-24-gennaio\/attachment\/iranian-living-room_negar-sadvand\/#content\" data-orig-file=\"https:\/\/socialdesignmagazine.com\/mag\/wp-content\/uploads\/2015\/11\/Iranian-Living-Room_Negar-Sadvand.jpg\" data-orig-size=\"1200,800\" data-comments-opened=\"1\" data-image-meta=\"{&quot;aperture&quot;:&quot;0&quot;,&quot;credit&quot;:&quot;&quot;,&quot;camera&quot;:&quot;&quot;,&quot;caption&quot;:&quot;&quot;,&quot;created_timestamp&quot;:&quot;0&quot;,&quot;copyright&quot;:&quot;&quot;,&quot;focal_length&quot;:&quot;0&quot;,&quot;iso&quot;:&quot;0&quot;,&quot;shutter_speed&quot;:&quot;0&quot;,&quot;title&quot;:&quot;&quot;,&quot;orientation&quot;:&quot;0&quot;}\" data-image-title=\"Iranian Living Room_Negar Sadvand\" data-image-description=\"\" data-image-caption=\"\" data-medium-file=\"https:\/\/socialdesignmagazine.com\/mag\/wp-content\/uploads\/2015\/11\/Iranian-Living-Room_Negar-Sadvand-396x256.jpg\" data-large-file=\"https:\/\/socialdesignmagazine.com\/mag\/wp-content\/uploads\/2015\/11\/Iranian-Living-Room_Negar-Sadvand-1024x683.jpg\" class=\"wp-image-25696 size-full\" src=\"https:\/\/socialdesignmagazine.com\/mag\/wp-content\/uploads\/2015\/11\/Iranian-Living-Room_Negar-Sadvand.jpg\" alt=\"La Fabrica del presente Iranian Living Room, Negar Sadvand\" width=\"1200\" height=\"800\" srcset=\"https:\/\/socialdesignmagazine.com\/mag\/wp-content\/uploads\/2015\/11\/Iranian-Living-Room_Negar-Sadvand.jpg 1200w, https:\/\/socialdesignmagazine.com\/mag\/wp-content\/uploads\/2015\/11\/Iranian-Living-Room_Negar-Sadvand-100x66.jpg 100w, https:\/\/socialdesignmagazine.com\/mag\/wp-content\/uploads\/2015\/11\/Iranian-Living-Room_Negar-Sadvand-768x512.jpg 768w, https:\/\/socialdesignmagazine.com\/mag\/wp-content\/uploads\/2015\/11\/Iranian-Living-Room_Negar-Sadvand-1024x683.jpg 1024w\" sizes=\"auto, (max-width: 1200px) 100vw, 1200px\" \/><\/a><p id=\"caption-attachment-25696\" class=\"wp-caption-text\">La Fabrica del presente Iranian Living Room, Negar Sadvand<\/p><\/div>\n<div id=\"attachment_25697\" style=\"width: 1210px\" class=\"wp-caption alignnone\"><a href=\"https:\/\/socialdesignmagazine.com\/mag\/blog\/visual\/la-fabrica-del-presente-museo-di-roma-in-trastevere-fino-al-24-gennaio\/attachment\/iranian-living-room_ali-tajik-20\/#content\" rel=\"attachment wp-att-25697\"><img loading=\"lazy\" decoding=\"async\" aria-describedby=\"caption-attachment-25697\" data-attachment-id=\"25697\" data-permalink=\"https:\/\/socialdesignmagazine.com\/mag\/visual\/la-fabrica-del-presente-museo-di-roma-in-trastevere-fino-al-24-gennaio\/attachment\/iranian-living-room_ali-tajik-20\/#content\" data-orig-file=\"https:\/\/socialdesignmagazine.com\/mag\/wp-content\/uploads\/2015\/11\/Iranian-Living-Room_Ali-Tajik-20.jpg\" data-orig-size=\"1200,800\" data-comments-opened=\"1\" data-image-meta=\"{&quot;aperture&quot;:&quot;0&quot;,&quot;credit&quot;:&quot;&quot;,&quot;camera&quot;:&quot;&quot;,&quot;caption&quot;:&quot;&quot;,&quot;created_timestamp&quot;:&quot;0&quot;,&quot;copyright&quot;:&quot;&quot;,&quot;focal_length&quot;:&quot;0&quot;,&quot;iso&quot;:&quot;0&quot;,&quot;shutter_speed&quot;:&quot;0&quot;,&quot;title&quot;:&quot;&quot;,&quot;orientation&quot;:&quot;0&quot;}\" data-image-title=\"Iranian Living Room_Ali Tajik-20\" data-image-description=\"\" data-image-caption=\"\" data-medium-file=\"https:\/\/socialdesignmagazine.com\/mag\/wp-content\/uploads\/2015\/11\/Iranian-Living-Room_Ali-Tajik-20-396x256.jpg\" data-large-file=\"https:\/\/socialdesignmagazine.com\/mag\/wp-content\/uploads\/2015\/11\/Iranian-Living-Room_Ali-Tajik-20-1024x683.jpg\" class=\"wp-image-25697 size-full\" src=\"https:\/\/socialdesignmagazine.com\/mag\/wp-content\/uploads\/2015\/11\/Iranian-Living-Room_Ali-Tajik-20.jpg\" alt=\"La Fabrica del presente Iranian Living Room, Ali Tajik-20\" width=\"1200\" height=\"800\" srcset=\"https:\/\/socialdesignmagazine.com\/mag\/wp-content\/uploads\/2015\/11\/Iranian-Living-Room_Ali-Tajik-20.jpg 1200w, https:\/\/socialdesignmagazine.com\/mag\/wp-content\/uploads\/2015\/11\/Iranian-Living-Room_Ali-Tajik-20-100x66.jpg 100w, https:\/\/socialdesignmagazine.com\/mag\/wp-content\/uploads\/2015\/11\/Iranian-Living-Room_Ali-Tajik-20-768x512.jpg 768w, https:\/\/socialdesignmagazine.com\/mag\/wp-content\/uploads\/2015\/11\/Iranian-Living-Room_Ali-Tajik-20-1024x683.jpg 1024w\" sizes=\"auto, (max-width: 1200px) 100vw, 1200px\" \/><\/a><p id=\"caption-attachment-25697\" class=\"wp-caption-text\">La Fabrica del presente Iranian Living Room, Ali Tajik-20<\/p><\/div>\n<div id=\"attachment_25698\" style=\"width: 1210px\" class=\"wp-caption alignnone\"><a href=\"https:\/\/socialdesignmagazine.com\/mag\/blog\/visual\/la-fabrica-del-presente-museo-di-roma-in-trastevere-fino-al-24-gennaio\/attachment\/iranian-living-room_ali-tajik-23\/#content\" rel=\"attachment wp-att-25698\"><img loading=\"lazy\" decoding=\"async\" aria-describedby=\"caption-attachment-25698\" data-attachment-id=\"25698\" data-permalink=\"https:\/\/socialdesignmagazine.com\/mag\/visual\/la-fabrica-del-presente-museo-di-roma-in-trastevere-fino-al-24-gennaio\/attachment\/iranian-living-room_ali-tajik-23\/#content\" data-orig-file=\"https:\/\/socialdesignmagazine.com\/mag\/wp-content\/uploads\/2015\/11\/Iranian-Living-Room_Ali-Tajik-23.jpg\" data-orig-size=\"1200,799\" data-comments-opened=\"1\" data-image-meta=\"{&quot;aperture&quot;:&quot;0&quot;,&quot;credit&quot;:&quot;&quot;,&quot;camera&quot;:&quot;&quot;,&quot;caption&quot;:&quot;&quot;,&quot;created_timestamp&quot;:&quot;0&quot;,&quot;copyright&quot;:&quot;&quot;,&quot;focal_length&quot;:&quot;0&quot;,&quot;iso&quot;:&quot;0&quot;,&quot;shutter_speed&quot;:&quot;0&quot;,&quot;title&quot;:&quot;&quot;,&quot;orientation&quot;:&quot;0&quot;}\" data-image-title=\"Iranian Living Room_Ali Tajik-23\" data-image-description=\"\" data-image-caption=\"&lt;p&gt;La Fabrica del presente&lt;\/p&gt;\n\" data-medium-file=\"https:\/\/socialdesignmagazine.com\/mag\/wp-content\/uploads\/2015\/11\/Iranian-Living-Room_Ali-Tajik-23-396x256.jpg\" data-large-file=\"https:\/\/socialdesignmagazine.com\/mag\/wp-content\/uploads\/2015\/11\/Iranian-Living-Room_Ali-Tajik-23-1024x682.jpg\" class=\"wp-image-25698 size-full\" src=\"https:\/\/socialdesignmagazine.com\/mag\/wp-content\/uploads\/2015\/11\/Iranian-Living-Room_Ali-Tajik-23.jpg\" alt=\"La Fabrica del presente Iranian Living Room, Ali Tajik-23\" width=\"1200\" height=\"799\" srcset=\"https:\/\/socialdesignmagazine.com\/mag\/wp-content\/uploads\/2015\/11\/Iranian-Living-Room_Ali-Tajik-23.jpg 1200w, https:\/\/socialdesignmagazine.com\/mag\/wp-content\/uploads\/2015\/11\/Iranian-Living-Room_Ali-Tajik-23-100x66.jpg 100w, https:\/\/socialdesignmagazine.com\/mag\/wp-content\/uploads\/2015\/11\/Iranian-Living-Room_Ali-Tajik-23-768x511.jpg 768w, https:\/\/socialdesignmagazine.com\/mag\/wp-content\/uploads\/2015\/11\/Iranian-Living-Room_Ali-Tajik-23-1024x682.jpg 1024w\" sizes=\"auto, (max-width: 1200px) 100vw, 1200px\" \/><\/a><p id=\"caption-attachment-25698\" class=\"wp-caption-text\">La Fabrica del presente Iranian Living Room, Ali Tajik-23<\/p><\/div>\n<p><strong><a rel=\"nofollow\" href=\"http:\/\/www.fabrica.it\/projects\/miracle-village-2\/\">MIRACLE VILLAGE<\/a>. FROM JUDGEMENT TO ABSOLUTION<\/strong> \u00e8 il lavoro vincitore del primo\u00a0premio della sezione \u201cStories, Portraits\u201d del Word Press Photo.\u00a0\u00c8 una ricerca delicata su un tema difficile: la vita dei sex offender al termine della pena. In\u00a0Florida vigono leggi che impediscono alle persone condannate per reati sessuali nei confronti di\u00a0minori di vivere a meno di 300 metri da una scuola, da un asilo, da un parco o da un\u2019area giochi,\u00a0limite che in alcune citt\u00e0 \u00e8 stato portato fino a 750 metri e al quale sono state aggiunte le piscine,\u00a0le fermate dell\u2019autobus e le biblioteche. Difficile trovare posti cos\u00ec che non siano sotto un ponte, o\u00a0sotto un cavalcavia dell\u2019autostrada. Miracle Village \u00e8 una cittadina fondata da un ex detective\u00a0privato divenuto pastore evangelico che consente ai sex offender una vita \u201cdignitosa\u201d.<\/p>\n<p>Ne ospita un centinaio, diversi per et\u00e0, appartenenza sociale ed etnia, tutti accomunati dal peso e\u00a0dalle conseguenze del portarsi addosso questa etichetta. Per oltre un anno, Sofia Valiente,\u00a0americana di origini argentine, ha seguito la vita dei residenti del villaggio, ha stretto amicizia e ha\u00a0condiviso con loro il senso di alienazione, solitudine e le difficolt\u00e0 della riabilitazione. Miracle Village\u00a0racconta le storie di dodici di queste persone: ne segue il viaggio dalla colpa, il peccato,\u00a0all\u2019espiazione attraverso l\u2019isolamento e il miraggio di un reinserimento sociale.<\/p>\n<div id=\"attachment_25699\" style=\"width: 1210px\" class=\"wp-caption alignnone\"><a href=\"https:\/\/socialdesignmagazine.com\/mag\/blog\/visual\/la-fabrica-del-presente-museo-di-roma-in-trastevere-fino-al-24-gennaio\/attachment\/miracle-village_sofia-valiente_41\/#content\" rel=\"attachment wp-att-25699\"><img loading=\"lazy\" decoding=\"async\" aria-describedby=\"caption-attachment-25699\" data-attachment-id=\"25699\" data-permalink=\"https:\/\/socialdesignmagazine.com\/mag\/visual\/la-fabrica-del-presente-museo-di-roma-in-trastevere-fino-al-24-gennaio\/attachment\/miracle-village_sofia-valiente_41\/#content\" data-orig-file=\"https:\/\/socialdesignmagazine.com\/mag\/wp-content\/uploads\/2015\/11\/Miracle-Village_Sofia-Valiente_41.jpg\" data-orig-size=\"1200,800\" data-comments-opened=\"1\" data-image-meta=\"{&quot;aperture&quot;:&quot;0&quot;,&quot;credit&quot;:&quot;&quot;,&quot;camera&quot;:&quot;&quot;,&quot;caption&quot;:&quot;&quot;,&quot;created_timestamp&quot;:&quot;0&quot;,&quot;copyright&quot;:&quot;&quot;,&quot;focal_length&quot;:&quot;0&quot;,&quot;iso&quot;:&quot;0&quot;,&quot;shutter_speed&quot;:&quot;0&quot;,&quot;title&quot;:&quot;&quot;,&quot;orientation&quot;:&quot;0&quot;}\" data-image-title=\"Miracle Village_Sofia Valiente_41\" data-image-description=\"\" data-image-caption=\"\" data-medium-file=\"https:\/\/socialdesignmagazine.com\/mag\/wp-content\/uploads\/2015\/11\/Miracle-Village_Sofia-Valiente_41-396x256.jpg\" data-large-file=\"https:\/\/socialdesignmagazine.com\/mag\/wp-content\/uploads\/2015\/11\/Miracle-Village_Sofia-Valiente_41-1024x683.jpg\" class=\"wp-image-25699 size-full\" src=\"https:\/\/socialdesignmagazine.com\/mag\/wp-content\/uploads\/2015\/11\/Miracle-Village_Sofia-Valiente_41.jpg\" alt=\"La Fabrica del presente Miracle Village, Sofia Valiente\" width=\"1200\" height=\"800\" srcset=\"https:\/\/socialdesignmagazine.com\/mag\/wp-content\/uploads\/2015\/11\/Miracle-Village_Sofia-Valiente_41.jpg 1200w, https:\/\/socialdesignmagazine.com\/mag\/wp-content\/uploads\/2015\/11\/Miracle-Village_Sofia-Valiente_41-100x66.jpg 100w, https:\/\/socialdesignmagazine.com\/mag\/wp-content\/uploads\/2015\/11\/Miracle-Village_Sofia-Valiente_41-768x512.jpg 768w, https:\/\/socialdesignmagazine.com\/mag\/wp-content\/uploads\/2015\/11\/Miracle-Village_Sofia-Valiente_41-1024x683.jpg 1024w\" sizes=\"auto, (max-width: 1200px) 100vw, 1200px\" \/><\/a><p id=\"caption-attachment-25699\" class=\"wp-caption-text\">La Fabrica del presente Miracle Village, Sofia Valiente<\/p><\/div>\n<div id=\"attachment_25700\" style=\"width: 1210px\" class=\"wp-caption alignnone\"><a href=\"https:\/\/socialdesignmagazine.com\/mag\/blog\/visual\/la-fabrica-del-presente-museo-di-roma-in-trastevere-fino-al-24-gennaio\/attachment\/miracle-village_sofia-valiente_570\/#content\" rel=\"attachment wp-att-25700\"><img loading=\"lazy\" decoding=\"async\" aria-describedby=\"caption-attachment-25700\" data-attachment-id=\"25700\" data-permalink=\"https:\/\/socialdesignmagazine.com\/mag\/visual\/la-fabrica-del-presente-museo-di-roma-in-trastevere-fino-al-24-gennaio\/attachment\/miracle-village_sofia-valiente_570\/#content\" data-orig-file=\"https:\/\/socialdesignmagazine.com\/mag\/wp-content\/uploads\/2015\/11\/Miracle-Village_Sofia-Valiente_570.jpg\" data-orig-size=\"1200,800\" data-comments-opened=\"1\" data-image-meta=\"{&quot;aperture&quot;:&quot;0&quot;,&quot;credit&quot;:&quot;&quot;,&quot;camera&quot;:&quot;&quot;,&quot;caption&quot;:&quot;&quot;,&quot;created_timestamp&quot;:&quot;0&quot;,&quot;copyright&quot;:&quot;&quot;,&quot;focal_length&quot;:&quot;0&quot;,&quot;iso&quot;:&quot;0&quot;,&quot;shutter_speed&quot;:&quot;0&quot;,&quot;title&quot;:&quot;&quot;,&quot;orientation&quot;:&quot;0&quot;}\" data-image-title=\"Miracle Village_Sofia Valiente_570\" data-image-description=\"\" data-image-caption=\"\" data-medium-file=\"https:\/\/socialdesignmagazine.com\/mag\/wp-content\/uploads\/2015\/11\/Miracle-Village_Sofia-Valiente_570-396x256.jpg\" data-large-file=\"https:\/\/socialdesignmagazine.com\/mag\/wp-content\/uploads\/2015\/11\/Miracle-Village_Sofia-Valiente_570-1024x683.jpg\" class=\"wp-image-25700 size-full\" src=\"https:\/\/socialdesignmagazine.com\/mag\/wp-content\/uploads\/2015\/11\/Miracle-Village_Sofia-Valiente_570.jpg\" alt=\"La Fabrica del presente Miracle Village, Sofia Valiente\" width=\"1200\" height=\"800\" srcset=\"https:\/\/socialdesignmagazine.com\/mag\/wp-content\/uploads\/2015\/11\/Miracle-Village_Sofia-Valiente_570.jpg 1200w, https:\/\/socialdesignmagazine.com\/mag\/wp-content\/uploads\/2015\/11\/Miracle-Village_Sofia-Valiente_570-100x66.jpg 100w, https:\/\/socialdesignmagazine.com\/mag\/wp-content\/uploads\/2015\/11\/Miracle-Village_Sofia-Valiente_570-768x512.jpg 768w, https:\/\/socialdesignmagazine.com\/mag\/wp-content\/uploads\/2015\/11\/Miracle-Village_Sofia-Valiente_570-1024x683.jpg 1024w\" sizes=\"auto, (max-width: 1200px) 100vw, 1200px\" \/><\/a><p id=\"caption-attachment-25700\" class=\"wp-caption-text\">La Fabrica del presente Miracle Village, Sofia Valiente<\/p><\/div>\n<div id=\"attachment_25701\" style=\"width: 1210px\" class=\"wp-caption alignnone\"><a href=\"https:\/\/socialdesignmagazine.com\/mag\/blog\/visual\/la-fabrica-del-presente-museo-di-roma-in-trastevere-fino-al-24-gennaio\/attachment\/miracle-village_sofia-valiente_2096\/#content\" rel=\"attachment wp-att-25701\"><img loading=\"lazy\" decoding=\"async\" aria-describedby=\"caption-attachment-25701\" data-attachment-id=\"25701\" data-permalink=\"https:\/\/socialdesignmagazine.com\/mag\/visual\/la-fabrica-del-presente-museo-di-roma-in-trastevere-fino-al-24-gennaio\/attachment\/miracle-village_sofia-valiente_2096\/#content\" data-orig-file=\"https:\/\/socialdesignmagazine.com\/mag\/wp-content\/uploads\/2015\/11\/Miracle-Village_Sofia-Valiente_2096.jpg\" data-orig-size=\"1200,800\" data-comments-opened=\"1\" data-image-meta=\"{&quot;aperture&quot;:&quot;0&quot;,&quot;credit&quot;:&quot;&quot;,&quot;camera&quot;:&quot;&quot;,&quot;caption&quot;:&quot;&quot;,&quot;created_timestamp&quot;:&quot;0&quot;,&quot;copyright&quot;:&quot;&quot;,&quot;focal_length&quot;:&quot;0&quot;,&quot;iso&quot;:&quot;0&quot;,&quot;shutter_speed&quot;:&quot;0&quot;,&quot;title&quot;:&quot;&quot;,&quot;orientation&quot;:&quot;0&quot;}\" data-image-title=\"Miracle Village_Sofia Valiente_2096\" data-image-description=\"\" data-image-caption=\"\" data-medium-file=\"https:\/\/socialdesignmagazine.com\/mag\/wp-content\/uploads\/2015\/11\/Miracle-Village_Sofia-Valiente_2096-396x256.jpg\" data-large-file=\"https:\/\/socialdesignmagazine.com\/mag\/wp-content\/uploads\/2015\/11\/Miracle-Village_Sofia-Valiente_2096-1024x683.jpg\" class=\"wp-image-25701 size-full\" src=\"https:\/\/socialdesignmagazine.com\/mag\/wp-content\/uploads\/2015\/11\/Miracle-Village_Sofia-Valiente_2096.jpg\" alt=\"La Fabrica del presente Miracle Village, Sofia Valiente\" width=\"1200\" height=\"800\" srcset=\"https:\/\/socialdesignmagazine.com\/mag\/wp-content\/uploads\/2015\/11\/Miracle-Village_Sofia-Valiente_2096.jpg 1200w, https:\/\/socialdesignmagazine.com\/mag\/wp-content\/uploads\/2015\/11\/Miracle-Village_Sofia-Valiente_2096-100x66.jpg 100w, https:\/\/socialdesignmagazine.com\/mag\/wp-content\/uploads\/2015\/11\/Miracle-Village_Sofia-Valiente_2096-768x512.jpg 768w, https:\/\/socialdesignmagazine.com\/mag\/wp-content\/uploads\/2015\/11\/Miracle-Village_Sofia-Valiente_2096-1024x683.jpg 1024w\" sizes=\"auto, (max-width: 1200px) 100vw, 1200px\" \/><\/a><p id=\"caption-attachment-25701\" class=\"wp-caption-text\">La Fabrica del presente Miracle Village, Sofia Valiente<\/p><\/div>\n<div id=\"attachment_25702\" style=\"width: 1210px\" class=\"wp-caption alignnone\"><a href=\"https:\/\/socialdesignmagazine.com\/mag\/blog\/visual\/la-fabrica-del-presente-museo-di-roma-in-trastevere-fino-al-24-gennaio\/attachment\/miracle-village_sofia-valiente_2638\/#content\" rel=\"attachment wp-att-25702\"><img loading=\"lazy\" decoding=\"async\" aria-describedby=\"caption-attachment-25702\" data-attachment-id=\"25702\" data-permalink=\"https:\/\/socialdesignmagazine.com\/mag\/visual\/la-fabrica-del-presente-museo-di-roma-in-trastevere-fino-al-24-gennaio\/attachment\/miracle-village_sofia-valiente_2638\/#content\" data-orig-file=\"https:\/\/socialdesignmagazine.com\/mag\/wp-content\/uploads\/2015\/11\/Miracle-Village_Sofia-Valiente_2638.jpg\" data-orig-size=\"1200,800\" data-comments-opened=\"1\" data-image-meta=\"{&quot;aperture&quot;:&quot;0&quot;,&quot;credit&quot;:&quot;&quot;,&quot;camera&quot;:&quot;&quot;,&quot;caption&quot;:&quot;&quot;,&quot;created_timestamp&quot;:&quot;0&quot;,&quot;copyright&quot;:&quot;&quot;,&quot;focal_length&quot;:&quot;0&quot;,&quot;iso&quot;:&quot;0&quot;,&quot;shutter_speed&quot;:&quot;0&quot;,&quot;title&quot;:&quot;&quot;,&quot;orientation&quot;:&quot;0&quot;}\" data-image-title=\"Miracle Village_Sofia Valiente_2638\" data-image-description=\"\" data-image-caption=\"\" data-medium-file=\"https:\/\/socialdesignmagazine.com\/mag\/wp-content\/uploads\/2015\/11\/Miracle-Village_Sofia-Valiente_2638-396x256.jpg\" data-large-file=\"https:\/\/socialdesignmagazine.com\/mag\/wp-content\/uploads\/2015\/11\/Miracle-Village_Sofia-Valiente_2638-1024x683.jpg\" class=\"wp-image-25702 size-full\" src=\"https:\/\/socialdesignmagazine.com\/mag\/wp-content\/uploads\/2015\/11\/Miracle-Village_Sofia-Valiente_2638.jpg\" alt=\"La Fabrica del presente Miracle Village, Sofia Valiente\" width=\"1200\" height=\"800\" srcset=\"https:\/\/socialdesignmagazine.com\/mag\/wp-content\/uploads\/2015\/11\/Miracle-Village_Sofia-Valiente_2638.jpg 1200w, https:\/\/socialdesignmagazine.com\/mag\/wp-content\/uploads\/2015\/11\/Miracle-Village_Sofia-Valiente_2638-100x66.jpg 100w, https:\/\/socialdesignmagazine.com\/mag\/wp-content\/uploads\/2015\/11\/Miracle-Village_Sofia-Valiente_2638-768x512.jpg 768w, https:\/\/socialdesignmagazine.com\/mag\/wp-content\/uploads\/2015\/11\/Miracle-Village_Sofia-Valiente_2638-1024x683.jpg 1024w\" sizes=\"auto, (max-width: 1200px) 100vw, 1200px\" \/><\/a><p id=\"caption-attachment-25702\" class=\"wp-caption-text\">La Fabrica del presente Miracle Village, Sofia Valiente<\/p><\/div>\n<div id=\"attachment_25703\" style=\"width: 1210px\" class=\"wp-caption alignnone\"><a href=\"https:\/\/socialdesignmagazine.com\/mag\/blog\/visual\/la-fabrica-del-presente-museo-di-roma-in-trastevere-fino-al-24-gennaio\/attachment\/miracle-village_sofia-valiente_7956\/#content\" rel=\"attachment wp-att-25703\"><img loading=\"lazy\" decoding=\"async\" aria-describedby=\"caption-attachment-25703\" data-attachment-id=\"25703\" data-permalink=\"https:\/\/socialdesignmagazine.com\/mag\/visual\/la-fabrica-del-presente-museo-di-roma-in-trastevere-fino-al-24-gennaio\/attachment\/miracle-village_sofia-valiente_7956\/#content\" data-orig-file=\"https:\/\/socialdesignmagazine.com\/mag\/wp-content\/uploads\/2015\/11\/Miracle-Village_Sofia-Valiente_7956.jpg\" data-orig-size=\"1200,800\" data-comments-opened=\"1\" data-image-meta=\"{&quot;aperture&quot;:&quot;0&quot;,&quot;credit&quot;:&quot;&quot;,&quot;camera&quot;:&quot;&quot;,&quot;caption&quot;:&quot;&quot;,&quot;created_timestamp&quot;:&quot;0&quot;,&quot;copyright&quot;:&quot;&quot;,&quot;focal_length&quot;:&quot;0&quot;,&quot;iso&quot;:&quot;0&quot;,&quot;shutter_speed&quot;:&quot;0&quot;,&quot;title&quot;:&quot;&quot;,&quot;orientation&quot;:&quot;0&quot;}\" data-image-title=\"Miracle Village_Sofia Valiente_7956\" data-image-description=\"\" data-image-caption=\"\" data-medium-file=\"https:\/\/socialdesignmagazine.com\/mag\/wp-content\/uploads\/2015\/11\/Miracle-Village_Sofia-Valiente_7956-396x256.jpg\" data-large-file=\"https:\/\/socialdesignmagazine.com\/mag\/wp-content\/uploads\/2015\/11\/Miracle-Village_Sofia-Valiente_7956-1024x683.jpg\" class=\"wp-image-25703 size-full\" src=\"https:\/\/socialdesignmagazine.com\/mag\/wp-content\/uploads\/2015\/11\/Miracle-Village_Sofia-Valiente_7956.jpg\" alt=\"La Fabrica del presente Miracle Village, Sofia Valiente\" width=\"1200\" height=\"800\" srcset=\"https:\/\/socialdesignmagazine.com\/mag\/wp-content\/uploads\/2015\/11\/Miracle-Village_Sofia-Valiente_7956.jpg 1200w, https:\/\/socialdesignmagazine.com\/mag\/wp-content\/uploads\/2015\/11\/Miracle-Village_Sofia-Valiente_7956-100x66.jpg 100w, https:\/\/socialdesignmagazine.com\/mag\/wp-content\/uploads\/2015\/11\/Miracle-Village_Sofia-Valiente_7956-768x512.jpg 768w, https:\/\/socialdesignmagazine.com\/mag\/wp-content\/uploads\/2015\/11\/Miracle-Village_Sofia-Valiente_7956-1024x683.jpg 1024w\" sizes=\"auto, (max-width: 1200px) 100vw, 1200px\" \/><\/a><p id=\"caption-attachment-25703\" class=\"wp-caption-text\">La Fabrica del presente Miracle Village, Sofia Valiente<\/p><\/div>\n<p>INFO<\/p>\n<p>Museo di Roma in Trastevere, Piazza S. Egidio 1B<br \/>\nFino al 24 gennaio 2016<\/p>\n<p>&nbsp;<\/p>\n","protected":false,"gt_translate_keys":[{"key":"rendered","format":"html"}]},"excerpt":{"rendered":"<p>La transizione da uno stato a un altro \u00e8 il filo conduttore dei quattro progetti che costituiscono La Fabrica del Presente, in mostra al Museo di Roma in Trastevere fino al 24 gennaio 2016<\/p>\n","protected":false,"gt_translate_keys":[{"key":"rendered","format":"html"}]},"author":1,"featured_media":25698,"comment_status":"open","ping_status":"open","sticky":false,"template":"","format":"standard","meta":{"jetpack_post_was_ever_published":false,"_jetpack_newsletter_access":"","_jetpack_dont_email_post_to_subs":false,"_jetpack_newsletter_tier_id":0,"_jetpack_memberships_contains_paywalled_content":false,"_jetpack_memberships_contains_paid_content":false,"footnotes":"","_wpscppro_dont_share_socialmedia":false,"_wpscppro_custom_social_share_image":0,"_facebook_share_type":"","_twitter_share_type":"","_linkedin_share_type":"","_pinterest_share_type":"","_linkedin_share_type_page":"","_instagram_share_type":"","_medium_share_type":"","_threads_share_type":"","_google_business_share_type":"","_selected_social_profile":[],"_wpsp_enable_custom_social_template":false,"_wpsp_social_scheduling":{"enabled":false,"datetime":null,"platforms":[],"status":"template_only","dateOption":"today","timeOption":"now","customDays":"","customHours":"","customDate":"","customTime":"","schedulingType":"absolute"},"_wpsp_active_default_template":true},"categories":[12],"tags":[1876,1681,1534,2010],"class_list":["post-25665","post","type-post","status-publish","format-standard","has-post-thumbnail","hentry","category-visual","tag-fabrica","tag-photography","tag-roma","tag-visual-art"],"yoast_head":"<!-- This site is optimized with the Yoast SEO plugin v27.2 - https:\/\/yoast.com\/product\/yoast-seo-wordpress\/ -->\n<title>La Fabrica del Presente, Museo di Roma in Trastevere<\/title>\n<meta name=\"description\" content=\"La transizione da uno stato a un altro \u00e8 il filo conduttore dei quattro progetti che costituiscono La Fabrica del Presente, Museo di Roma in Trastevere\" \/>\n<meta name=\"robots\" content=\"index, follow, max-snippet:-1, max-image-preview:large, max-video-preview:-1\" \/>\n<link rel=\"canonical\" href=\"https:\/\/socialdesignmagazine.com\/mag\/visual\/la-fabrica-del-presente-museo-di-roma-in-trastevere-fino-al-24-gennaio\/\" \/>\n<meta property=\"og:locale\" content=\"it_IT\" \/>\n<meta property=\"og:type\" content=\"article\" \/>\n<meta property=\"og:title\" content=\"La Fabrica del Presente, Museo di Roma in Trastevere\" \/>\n<meta property=\"og:description\" content=\"La transizione da uno stato a un altro \u00e8 il filo conduttore dei quattro progetti che costituiscono La Fabrica del Presente, Museo di Roma in Trastevere\" \/>\n<meta property=\"og:url\" content=\"http:\/\/socialdesignmagazine.com\/mag\/visual\/la-fabrica-del-presente-museo-di-roma-in-trastevere-fino-al-24-gennaio\/\" \/>\n<meta property=\"og:site_name\" content=\"Social Design Magazine\" \/>\n<meta property=\"article:publisher\" content=\"https:\/\/www.facebook.com\/socialdesignmag\" \/>\n<meta property=\"article:author\" content=\"https:\/\/www.facebook.com\/benedettofiori\" \/>\n<meta property=\"article:published_time\" content=\"2015-11-20T16:55:12+00:00\" \/>\n<meta property=\"article:modified_time\" content=\"2015-11-20T16:57:59+00:00\" \/>\n<meta property=\"og:image\" content=\"https:\/\/socialdesignmagazine.com\/mag\/wp-content\/uploads\/2015\/11\/Iranian-Living-Room_Ali-Tajik-23.jpg\" \/>\n\t<meta property=\"og:image:width\" content=\"1200\" \/>\n\t<meta property=\"og:image:height\" content=\"799\" \/>\n\t<meta property=\"og:image:type\" content=\"image\/jpeg\" \/>\n<meta name=\"author\" content=\"Benedetto Fiori\" \/>\n<meta name=\"twitter:card\" content=\"summary_large_image\" \/>\n<meta name=\"twitter:creator\" content=\"@benedettofiori\" \/>\n<meta name=\"twitter:site\" content=\"@socialdesignmag\" \/>\n<meta name=\"twitter:label1\" content=\"Scritto da\" \/>\n\t<meta name=\"twitter:data1\" content=\"Benedetto Fiori\" \/>\n\t<meta name=\"twitter:label2\" content=\"Tempo di lettura stimato\" \/>\n\t<meta name=\"twitter:data2\" content=\"6 minuti\" \/>\n<script type=\"application\/ld+json\" class=\"yoast-schema-graph\">{\"@context\":\"https:\/\/schema.org\",\"@graph\":[{\"@type\":\"Article\",\"@id\":\"https:\/\/socialdesignmagazine.com\/mag\/visual\/la-fabrica-del-presente-museo-di-roma-in-trastevere-fino-al-24-gennaio\/#article\",\"isPartOf\":{\"@id\":\"https:\/\/socialdesignmagazine.com\/mag\/visual\/la-fabrica-del-presente-museo-di-roma-in-trastevere-fino-al-24-gennaio\/\"},\"author\":{\"name\":\"Benedetto Fiori\",\"@id\":\"https:\/\/socialdesignmagazine.com\/mag\/#\/schema\/person\/61e20205cc363c315e6aabd33a045846\"},\"headline\":\"La Fabrica del Presente, Museo di Roma in Trastevere, fino al 24 gennaio\",\"datePublished\":\"2015-11-20T16:55:12+00:00\",\"dateModified\":\"2015-11-20T16:57:59+00:00\",\"mainEntityOfPage\":{\"@id\":\"https:\/\/socialdesignmagazine.com\/mag\/visual\/la-fabrica-del-presente-museo-di-roma-in-trastevere-fino-al-24-gennaio\/\"},\"wordCount\":1138,\"commentCount\":0,\"publisher\":{\"@id\":\"https:\/\/socialdesignmagazine.com\/mag\/#organization\"},\"image\":{\"@id\":\"https:\/\/socialdesignmagazine.com\/mag\/visual\/la-fabrica-del-presente-museo-di-roma-in-trastevere-fino-al-24-gennaio\/#primaryimage\"},\"thumbnailUrl\":\"https:\/\/socialdesignmagazine.com\/mag\/wp-content\/uploads\/2015\/11\/Iranian-Living-Room_Ali-Tajik-23.jpg\",\"keywords\":[\"fabrica\",\"photography\",\"roma\",\"visual art\"],\"articleSection\":[\"Visual\"],\"inLanguage\":\"it-IT\",\"potentialAction\":[{\"@type\":\"CommentAction\",\"name\":\"Comment\",\"target\":[\"https:\/\/socialdesignmagazine.com\/mag\/visual\/la-fabrica-del-presente-museo-di-roma-in-trastevere-fino-al-24-gennaio\/#respond\"]}]},{\"@type\":\"WebPage\",\"@id\":\"https:\/\/socialdesignmagazine.com\/mag\/visual\/la-fabrica-del-presente-museo-di-roma-in-trastevere-fino-al-24-gennaio\/\",\"url\":\"https:\/\/socialdesignmagazine.com\/mag\/visual\/la-fabrica-del-presente-museo-di-roma-in-trastevere-fino-al-24-gennaio\/\",\"name\":\"La Fabrica del Presente, Museo di Roma in Trastevere\",\"isPartOf\":{\"@id\":\"https:\/\/socialdesignmagazine.com\/mag\/#website\"},\"primaryImageOfPage\":{\"@id\":\"https:\/\/socialdesignmagazine.com\/mag\/visual\/la-fabrica-del-presente-museo-di-roma-in-trastevere-fino-al-24-gennaio\/#primaryimage\"},\"image\":{\"@id\":\"https:\/\/socialdesignmagazine.com\/mag\/visual\/la-fabrica-del-presente-museo-di-roma-in-trastevere-fino-al-24-gennaio\/#primaryimage\"},\"thumbnailUrl\":\"https:\/\/socialdesignmagazine.com\/mag\/wp-content\/uploads\/2015\/11\/Iranian-Living-Room_Ali-Tajik-23.jpg\",\"datePublished\":\"2015-11-20T16:55:12+00:00\",\"dateModified\":\"2015-11-20T16:57:59+00:00\",\"description\":\"La transizione da uno stato a un altro \u00e8 il filo conduttore dei quattro progetti che costituiscono La Fabrica del Presente, Museo di Roma in Trastevere\",\"breadcrumb\":{\"@id\":\"https:\/\/socialdesignmagazine.com\/mag\/visual\/la-fabrica-del-presente-museo-di-roma-in-trastevere-fino-al-24-gennaio\/#breadcrumb\"},\"inLanguage\":\"it-IT\",\"potentialAction\":[{\"@type\":\"ReadAction\",\"target\":[\"https:\/\/socialdesignmagazine.com\/mag\/visual\/la-fabrica-del-presente-museo-di-roma-in-trastevere-fino-al-24-gennaio\/\"]}]},{\"@type\":\"ImageObject\",\"inLanguage\":\"it-IT\",\"@id\":\"https:\/\/socialdesignmagazine.com\/mag\/visual\/la-fabrica-del-presente-museo-di-roma-in-trastevere-fino-al-24-gennaio\/#primaryimage\",\"url\":\"https:\/\/socialdesignmagazine.com\/mag\/wp-content\/uploads\/2015\/11\/Iranian-Living-Room_Ali-Tajik-23.jpg\",\"contentUrl\":\"https:\/\/socialdesignmagazine.com\/mag\/wp-content\/uploads\/2015\/11\/Iranian-Living-Room_Ali-Tajik-23.jpg\",\"width\":1200,\"height\":799,\"caption\":\"La Fabrica del presente\"},{\"@type\":\"BreadcrumbList\",\"@id\":\"https:\/\/socialdesignmagazine.com\/mag\/visual\/la-fabrica-del-presente-museo-di-roma-in-trastevere-fino-al-24-gennaio\/#breadcrumb\",\"itemListElement\":[{\"@type\":\"ListItem\",\"position\":1,\"name\":\"Home\",\"item\":\"https:\/\/socialdesignmagazine.com\/mag\/\"},{\"@type\":\"ListItem\",\"position\":2,\"name\":\"Visual\",\"item\":\"https:\/\/socialdesignmagazine.com\/mag\/visual\/\"},{\"@type\":\"ListItem\",\"position\":3,\"name\":\"La Fabrica del Presente, Museo di Roma in Trastevere, fino al 24 gennaio\"}]},{\"@type\":\"WebSite\",\"@id\":\"https:\/\/socialdesignmagazine.com\/mag\/#website\",\"url\":\"https:\/\/socialdesignmagazine.com\/mag\/\",\"name\":\"Social Design Magazine\",\"description\":\"Social Magazine su Design, Architettura, Arte, Grafica\",\"publisher\":{\"@id\":\"https:\/\/socialdesignmagazine.com\/mag\/#organization\"},\"potentialAction\":[{\"@type\":\"SearchAction\",\"target\":{\"@type\":\"EntryPoint\",\"urlTemplate\":\"https:\/\/socialdesignmagazine.com\/mag\/?s={search_term_string}\"},\"query-input\":{\"@type\":\"PropertyValueSpecification\",\"valueRequired\":true,\"valueName\":\"search_term_string\"}}],\"inLanguage\":\"it-IT\"},{\"@type\":\"Organization\",\"@id\":\"https:\/\/socialdesignmagazine.com\/mag\/#organization\",\"name\":\"Social Design Magazine\",\"url\":\"https:\/\/socialdesignmagazine.com\/mag\/\",\"logo\":{\"@type\":\"ImageObject\",\"inLanguage\":\"it-IT\",\"@id\":\"https:\/\/socialdesignmagazine.com\/mag\/#\/schema\/logo\/image\/\",\"url\":\"https:\/\/socialdesignmagazine.com\/mag\/wp-content\/uploads\/2017\/01\/logo_favicon_11.png\",\"contentUrl\":\"https:\/\/socialdesignmagazine.com\/mag\/wp-content\/uploads\/2017\/01\/logo_favicon_11.png\",\"width\":1024,\"height\":1024,\"caption\":\"Social Design Magazine\"},\"image\":{\"@id\":\"https:\/\/socialdesignmagazine.com\/mag\/#\/schema\/logo\/image\/\"},\"sameAs\":[\"https:\/\/www.facebook.com\/socialdesignmag\",\"https:\/\/x.com\/socialdesignmag\",\"http:\/\/instagram.com\/social_design_magazine\/\",\"http:\/\/pinterest.com\/socialdesignmag\/\",\"http:\/\/www.youtube.com\/user\/socialdesignmagazine\"]},{\"@type\":\"Person\",\"@id\":\"https:\/\/socialdesignmagazine.com\/mag\/#\/schema\/person\/61e20205cc363c315e6aabd33a045846\",\"name\":\"Benedetto Fiori\",\"image\":{\"@type\":\"ImageObject\",\"inLanguage\":\"it-IT\",\"@id\":\"https:\/\/secure.gravatar.com\/avatar\/450a48cefa36da63d920ad70aa660bd10725b1c6093800242e5efdb397759033?s=96&d=mm&r=g\",\"url\":\"https:\/\/secure.gravatar.com\/avatar\/450a48cefa36da63d920ad70aa660bd10725b1c6093800242e5efdb397759033?s=96&d=mm&r=g\",\"contentUrl\":\"https:\/\/secure.gravatar.com\/avatar\/450a48cefa36da63d920ad70aa660bd10725b1c6093800242e5efdb397759033?s=96&d=mm&r=g\",\"caption\":\"Benedetto Fiori\"},\"description\":\"Web | Twitter | Facebook | Shutterstock Founder &amp; Editor in Chief di Social Design Magazine. Attratto da sempre da tutto ci\u00f2 che \u00e8 creativit\u00e0, design, architettura. Dopo aver studiato Architettura all'Universit\u00e0 di Firenze, si \u00e8 impegnato in molteplici campi: comunicazione grafica, progettazione di allestimenti fieristici, brand design, Interior Design.\",\"sameAs\":[\"http:\/\/benedettofiori.com\",\"https:\/\/www.facebook.com\/benedettofiori\",\"https:\/\/x.com\/benedettofiori\"],\"url\":\"https:\/\/socialdesignmagazine.com\/mag\/author\/benedetto\/\"}]}<\/script>\n<!-- \/ Yoast SEO plugin. -->","yoast_head_json":{"title":"La Fabrica del Presente, Museo di Roma in Trastevere","description":"La transizione da uno stato a un altro \u00e8 il filo conduttore dei quattro progetti che costituiscono La Fabrica del Presente, Museo di Roma in Trastevere","robots":{"index":"index","follow":"follow","max-snippet":"max-snippet:-1","max-image-preview":"max-image-preview:large","max-video-preview":"max-video-preview:-1"},"canonical":"https:\/\/socialdesignmagazine.com\/mag\/visual\/la-fabrica-del-presente-museo-di-roma-in-trastevere-fino-al-24-gennaio\/","og_locale":"it_IT","og_type":"article","og_title":"La Fabrica del Presente, Museo di Roma in Trastevere","og_description":"La transizione da uno stato a un altro \u00e8 il filo conduttore dei quattro progetti che costituiscono La Fabrica del Presente, Museo di Roma in Trastevere","og_url":"http:\/\/socialdesignmagazine.com\/mag\/visual\/la-fabrica-del-presente-museo-di-roma-in-trastevere-fino-al-24-gennaio\/","og_site_name":"Social Design Magazine","article_publisher":"https:\/\/www.facebook.com\/socialdesignmag","article_author":"https:\/\/www.facebook.com\/benedettofiori","article_published_time":"2015-11-20T16:55:12+00:00","article_modified_time":"2015-11-20T16:57:59+00:00","og_image":[{"width":1200,"height":799,"url":"https:\/\/socialdesignmagazine.com\/mag\/wp-content\/uploads\/2015\/11\/Iranian-Living-Room_Ali-Tajik-23.jpg","type":"image\/jpeg"}],"author":"Benedetto Fiori","twitter_card":"summary_large_image","twitter_creator":"@benedettofiori","twitter_site":"@socialdesignmag","twitter_misc":{"Scritto da":"Benedetto Fiori","Tempo di lettura stimato":"6 minuti"},"schema":{"@context":"https:\/\/schema.org","@graph":[{"@type":"Article","@id":"https:\/\/socialdesignmagazine.com\/mag\/visual\/la-fabrica-del-presente-museo-di-roma-in-trastevere-fino-al-24-gennaio\/#article","isPartOf":{"@id":"https:\/\/socialdesignmagazine.com\/mag\/visual\/la-fabrica-del-presente-museo-di-roma-in-trastevere-fino-al-24-gennaio\/"},"author":{"name":"Benedetto Fiori","@id":"https:\/\/socialdesignmagazine.com\/mag\/#\/schema\/person\/61e20205cc363c315e6aabd33a045846"},"headline":"La Fabrica del Presente, Museo di Roma in Trastevere, fino al 24 gennaio","datePublished":"2015-11-20T16:55:12+00:00","dateModified":"2015-11-20T16:57:59+00:00","mainEntityOfPage":{"@id":"https:\/\/socialdesignmagazine.com\/mag\/visual\/la-fabrica-del-presente-museo-di-roma-in-trastevere-fino-al-24-gennaio\/"},"wordCount":1138,"commentCount":0,"publisher":{"@id":"https:\/\/socialdesignmagazine.com\/mag\/#organization"},"image":{"@id":"https:\/\/socialdesignmagazine.com\/mag\/visual\/la-fabrica-del-presente-museo-di-roma-in-trastevere-fino-al-24-gennaio\/#primaryimage"},"thumbnailUrl":"https:\/\/socialdesignmagazine.com\/mag\/wp-content\/uploads\/2015\/11\/Iranian-Living-Room_Ali-Tajik-23.jpg","keywords":["fabrica","photography","roma","visual art"],"articleSection":["Visual"],"inLanguage":"it-IT","potentialAction":[{"@type":"CommentAction","name":"Comment","target":["https:\/\/socialdesignmagazine.com\/mag\/visual\/la-fabrica-del-presente-museo-di-roma-in-trastevere-fino-al-24-gennaio\/#respond"]}]},{"@type":"WebPage","@id":"https:\/\/socialdesignmagazine.com\/mag\/visual\/la-fabrica-del-presente-museo-di-roma-in-trastevere-fino-al-24-gennaio\/","url":"https:\/\/socialdesignmagazine.com\/mag\/visual\/la-fabrica-del-presente-museo-di-roma-in-trastevere-fino-al-24-gennaio\/","name":"La Fabrica del Presente, Museo di Roma in Trastevere","isPartOf":{"@id":"https:\/\/socialdesignmagazine.com\/mag\/#website"},"primaryImageOfPage":{"@id":"https:\/\/socialdesignmagazine.com\/mag\/visual\/la-fabrica-del-presente-museo-di-roma-in-trastevere-fino-al-24-gennaio\/#primaryimage"},"image":{"@id":"https:\/\/socialdesignmagazine.com\/mag\/visual\/la-fabrica-del-presente-museo-di-roma-in-trastevere-fino-al-24-gennaio\/#primaryimage"},"thumbnailUrl":"https:\/\/socialdesignmagazine.com\/mag\/wp-content\/uploads\/2015\/11\/Iranian-Living-Room_Ali-Tajik-23.jpg","datePublished":"2015-11-20T16:55:12+00:00","dateModified":"2015-11-20T16:57:59+00:00","description":"La transizione da uno stato a un altro \u00e8 il filo conduttore dei quattro progetti che costituiscono La Fabrica del Presente, Museo di Roma in Trastevere","breadcrumb":{"@id":"https:\/\/socialdesignmagazine.com\/mag\/visual\/la-fabrica-del-presente-museo-di-roma-in-trastevere-fino-al-24-gennaio\/#breadcrumb"},"inLanguage":"it-IT","potentialAction":[{"@type":"ReadAction","target":["https:\/\/socialdesignmagazine.com\/mag\/visual\/la-fabrica-del-presente-museo-di-roma-in-trastevere-fino-al-24-gennaio\/"]}]},{"@type":"ImageObject","inLanguage":"it-IT","@id":"https:\/\/socialdesignmagazine.com\/mag\/visual\/la-fabrica-del-presente-museo-di-roma-in-trastevere-fino-al-24-gennaio\/#primaryimage","url":"https:\/\/socialdesignmagazine.com\/mag\/wp-content\/uploads\/2015\/11\/Iranian-Living-Room_Ali-Tajik-23.jpg","contentUrl":"https:\/\/socialdesignmagazine.com\/mag\/wp-content\/uploads\/2015\/11\/Iranian-Living-Room_Ali-Tajik-23.jpg","width":1200,"height":799,"caption":"La Fabrica del presente"},{"@type":"BreadcrumbList","@id":"https:\/\/socialdesignmagazine.com\/mag\/visual\/la-fabrica-del-presente-museo-di-roma-in-trastevere-fino-al-24-gennaio\/#breadcrumb","itemListElement":[{"@type":"ListItem","position":1,"name":"Home","item":"https:\/\/socialdesignmagazine.com\/mag\/"},{"@type":"ListItem","position":2,"name":"Visual","item":"https:\/\/socialdesignmagazine.com\/mag\/visual\/"},{"@type":"ListItem","position":3,"name":"La Fabrica del Presente, Museo di Roma in Trastevere, fino al 24 gennaio"}]},{"@type":"WebSite","@id":"https:\/\/socialdesignmagazine.com\/mag\/#website","url":"https:\/\/socialdesignmagazine.com\/mag\/","name":"Social Design Magazine","description":"Social Magazine su Design, Architettura, Arte, Grafica","publisher":{"@id":"https:\/\/socialdesignmagazine.com\/mag\/#organization"},"potentialAction":[{"@type":"SearchAction","target":{"@type":"EntryPoint","urlTemplate":"https:\/\/socialdesignmagazine.com\/mag\/?s={search_term_string}"},"query-input":{"@type":"PropertyValueSpecification","valueRequired":true,"valueName":"search_term_string"}}],"inLanguage":"it-IT"},{"@type":"Organization","@id":"https:\/\/socialdesignmagazine.com\/mag\/#organization","name":"Social Design Magazine","url":"https:\/\/socialdesignmagazine.com\/mag\/","logo":{"@type":"ImageObject","inLanguage":"it-IT","@id":"https:\/\/socialdesignmagazine.com\/mag\/#\/schema\/logo\/image\/","url":"https:\/\/socialdesignmagazine.com\/mag\/wp-content\/uploads\/2017\/01\/logo_favicon_11.png","contentUrl":"https:\/\/socialdesignmagazine.com\/mag\/wp-content\/uploads\/2017\/01\/logo_favicon_11.png","width":1024,"height":1024,"caption":"Social Design Magazine"},"image":{"@id":"https:\/\/socialdesignmagazine.com\/mag\/#\/schema\/logo\/image\/"},"sameAs":["https:\/\/www.facebook.com\/socialdesignmag","https:\/\/x.com\/socialdesignmag","http:\/\/instagram.com\/social_design_magazine\/","http:\/\/pinterest.com\/socialdesignmag\/","http:\/\/www.youtube.com\/user\/socialdesignmagazine"]},{"@type":"Person","@id":"https:\/\/socialdesignmagazine.com\/mag\/#\/schema\/person\/61e20205cc363c315e6aabd33a045846","name":"Benedetto Fiori","image":{"@type":"ImageObject","inLanguage":"it-IT","@id":"https:\/\/secure.gravatar.com\/avatar\/450a48cefa36da63d920ad70aa660bd10725b1c6093800242e5efdb397759033?s=96&d=mm&r=g","url":"https:\/\/secure.gravatar.com\/avatar\/450a48cefa36da63d920ad70aa660bd10725b1c6093800242e5efdb397759033?s=96&d=mm&r=g","contentUrl":"https:\/\/secure.gravatar.com\/avatar\/450a48cefa36da63d920ad70aa660bd10725b1c6093800242e5efdb397759033?s=96&d=mm&r=g","caption":"Benedetto Fiori"},"description":"Web | Twitter | Facebook | Shutterstock Founder &amp; Editor in Chief di Social Design Magazine. Attratto da sempre da tutto ci\u00f2 che \u00e8 creativit\u00e0, design, architettura. Dopo aver studiato Architettura all'Universit\u00e0 di Firenze, si \u00e8 impegnato in molteplici campi: comunicazione grafica, progettazione di allestimenti fieristici, brand design, Interior Design.","sameAs":["http:\/\/benedettofiori.com","https:\/\/www.facebook.com\/benedettofiori","https:\/\/x.com\/benedettofiori"],"url":"https:\/\/socialdesignmagazine.com\/mag\/author\/benedetto\/"}]}},"jetpack_featured_media_url":"https:\/\/socialdesignmagazine.com\/mag\/wp-content\/uploads\/2015\/11\/Iranian-Living-Room_Ali-Tajik-23.jpg","jetpack_sharing_enabled":true,"jetpack_shortlink":"https:\/\/wp.me\/p6cV7V-6FX","gt_translate_keys":[{"key":"link","format":"url"}],"_links":{"self":[{"href":"https:\/\/socialdesignmagazine.com\/mag\/wp-json\/wp\/v2\/posts\/25665","targetHints":{"allow":["GET"]}}],"collection":[{"href":"https:\/\/socialdesignmagazine.com\/mag\/wp-json\/wp\/v2\/posts"}],"about":[{"href":"https:\/\/socialdesignmagazine.com\/mag\/wp-json\/wp\/v2\/types\/post"}],"author":[{"embeddable":true,"href":"https:\/\/socialdesignmagazine.com\/mag\/wp-json\/wp\/v2\/users\/1"}],"replies":[{"embeddable":true,"href":"https:\/\/socialdesignmagazine.com\/mag\/wp-json\/wp\/v2\/comments?post=25665"}],"version-history":[{"count":6,"href":"https:\/\/socialdesignmagazine.com\/mag\/wp-json\/wp\/v2\/posts\/25665\/revisions"}],"predecessor-version":[{"id":25705,"href":"https:\/\/socialdesignmagazine.com\/mag\/wp-json\/wp\/v2\/posts\/25665\/revisions\/25705"}],"wp:featuredmedia":[{"embeddable":true,"href":"https:\/\/socialdesignmagazine.com\/mag\/wp-json\/wp\/v2\/media\/25698"}],"wp:attachment":[{"href":"https:\/\/socialdesignmagazine.com\/mag\/wp-json\/wp\/v2\/media?parent=25665"}],"wp:term":[{"taxonomy":"category","embeddable":true,"href":"https:\/\/socialdesignmagazine.com\/mag\/wp-json\/wp\/v2\/categories?post=25665"},{"taxonomy":"post_tag","embeddable":true,"href":"https:\/\/socialdesignmagazine.com\/mag\/wp-json\/wp\/v2\/tags?post=25665"}],"curies":[{"name":"wp","href":"https:\/\/api.w.org\/{rel}","templated":true}]}}