{"id":257,"date":"2011-04-13T14:00:00","date_gmt":"2011-04-13T12:00:00","guid":{"rendered":"https:\/\/socialdesignmagazine.com\/mag\/s6-design\/c35-design\/anteprima-arts-on-wirebag-al-salone-del-mobile-2011\/"},"modified":"2024-04-28T15:00:13","modified_gmt":"2024-04-28T13:00:13","slug":"anteprima-arts-on-wirebag-al-salone-del-mobile-2011","status":"publish","type":"post","link":"https:\/\/socialdesignmagazine.com\/mag\/design\/anteprima-arts-on-wirebag-al-salone-del-mobile-2011\/","title":{"rendered":"Anteprima \/ ARTS ON WIREBAG al Salone del Mobile 2011","gt_translate_keys":[{"key":"rendered","format":"text"}]},"content":{"rendered":"\n<h2 class=\"wp-block-heading\">In occasione del <strong>Salone del Mobile<\/strong> &#8211; dal <strong>14 al 17 Aprile 2011<\/strong> &#8211; <strong><a class=\"jcepopup\" href=\"http:\/\/www.anteprima.com\/index.php?lang=en\" rel=\"nofollow\">ANTEPRIMA<\/a><\/strong> celebra la sua linea <strong>WIREBAG con ARTS ON WIREBAG:<\/strong> una serie di progetti che ancora una volta sottolineano il ruolo ponte del marchio tra Est e Ovest, tra il Giappone e l\u2019Italia.<\/h2>\n\n\n\n<p>All\u2019interno della boutique, ANTEPRIMA presenter\u00e0 la capsule collection di lampade (CERVO) e di pezzi unici (MAILINO) realizzati attraverso la tecnica WIREBAG in partnership con <strong>il marchio giapponese di interior design FRANC FRANC<\/strong>.&nbsp;<br>Inoltre, nell\u2019atelier Anteprima \u2013 sempre in corso Como 9 \u2013 sar\u00e0 inaugurata la <strong>mostra del fotografo asiatico LESLIE KEE<\/strong> \u2013 per la prima volta in Italia \u2013 &nbsp;intitolata <strong>SUPER RYUKO TSUSHIN<\/strong>.&nbsp;<\/p>\n\n\n\n<p>Insieme allo stesso fotografo Kee, &nbsp;Anteprima ha organizzato un progetto di Charity (in collaborazione con la Croce Rossa) per il <strong>sostegno delle popolazioni del Giappone orientale duramente colpite dal terremoto e dallo tzunami dello scorso 11 Marzo 2011.<\/strong><\/p>\n\n\n<div class=\"wp-block-image\">\n<figure class=\"aligncenter\"><img loading=\"lazy\" decoding=\"async\" width=\"720\" height=\"1093\" data-attachment-id=\"5423\" data-permalink=\"https:\/\/socialdesignmagazine.com\/mag\/design\/anteprima-arts-on-wirebag-al-salone-del-mobile-2011\/attachment\/anteprima_cervo_black7\/#content\" data-orig-file=\"https:\/\/socialdesignmagazine.com\/mag\/wp-content\/uploads\/2011\/04\/benedetto_anteprima_arts_on_wirebag_ANTEPRIMA_CERVO_black7.jpg\" data-orig-size=\"720,1093\" data-comments-opened=\"1\" data-image-meta=\"{&quot;aperture&quot;:&quot;0&quot;,&quot;credit&quot;:&quot;&quot;,&quot;camera&quot;:&quot;&quot;,&quot;caption&quot;:&quot;&quot;,&quot;created_timestamp&quot;:&quot;0&quot;,&quot;copyright&quot;:&quot;&quot;,&quot;focal_length&quot;:&quot;0&quot;,&quot;iso&quot;:&quot;0&quot;,&quot;shutter_speed&quot;:&quot;0&quot;,&quot;title&quot;:&quot;&quot;,&quot;orientation&quot;:&quot;0&quot;}\" data-image-title=\"ANTEPRIMA_CERVO_black7\" data-image-description=\"\" data-image-caption=\"\" data-medium-file=\"https:\/\/socialdesignmagazine.com\/mag\/wp-content\/uploads\/2011\/04\/benedetto_anteprima_arts_on_wirebag_ANTEPRIMA_CERVO_black7-396x256.jpg\" data-large-file=\"https:\/\/socialdesignmagazine.com\/mag\/wp-content\/uploads\/2011\/04\/benedetto_anteprima_arts_on_wirebag_ANTEPRIMA_CERVO_black7.jpg\" src=\"https:\/\/socialdesignmagazine.com\/mag\/wp-content\/uploads\/2011\/04\/benedetto_anteprima_arts_on_wirebag_ANTEPRIMA_CERVO_black7.jpg\" alt=\"ANTEPRIMA_CERVO_black7\" class=\"wp-image-5423\"\/><\/figure>\n<\/div>\n\n\n<p><strong>WIREBAG<\/strong> rappresenta <strong>la firma riconoscitiva di Anteprima, a partire dal suo debuttonel 1998<\/strong>. Sino ad oggi pi\u00f9 di 500 modelli e oltre 70 tonalit\u00e0 di colore hannocaratterizzato questa esclusiva linea, costituita da borse e accessori interamente realizzati amano attraverso l\u2019intreccio di fili (wire) di diversi materiali.Esempio di perfetta artigianalit\u00e0, tutti gli accessori Wirebag uniscono la maestriatradizionale della creazione di pezzi unici \u2013 non esiste un modello Wirebag uguale ad unaltro &#8211; all\u2019utilizzo di materiali all\u2019avanguardia. Un mix perfetto tra uno stile sofisticato ericercato e l\u2019assoluta funzionalit\u00e0.<\/p>\n\n\n<div class=\"wp-block-image\">\n<figure class=\"aligncenter\"><img loading=\"lazy\" decoding=\"async\" width=\"720\" height=\"1089\" data-attachment-id=\"5424\" data-permalink=\"https:\/\/socialdesignmagazine.com\/mag\/design\/anteprima-arts-on-wirebag-al-salone-del-mobile-2011\/attachment\/anteprima_cervo_oroargento7\/#content\" data-orig-file=\"https:\/\/socialdesignmagazine.com\/mag\/wp-content\/uploads\/2011\/04\/benedetto_anteprima_arts_on_wirebag_ANTEPRIMA_cervo_oroargento7.jpg\" data-orig-size=\"720,1089\" data-comments-opened=\"1\" data-image-meta=\"{&quot;aperture&quot;:&quot;0&quot;,&quot;credit&quot;:&quot;&quot;,&quot;camera&quot;:&quot;&quot;,&quot;caption&quot;:&quot;&quot;,&quot;created_timestamp&quot;:&quot;0&quot;,&quot;copyright&quot;:&quot;&quot;,&quot;focal_length&quot;:&quot;0&quot;,&quot;iso&quot;:&quot;0&quot;,&quot;shutter_speed&quot;:&quot;0&quot;,&quot;title&quot;:&quot;&quot;,&quot;orientation&quot;:&quot;0&quot;}\" data-image-title=\"ANTEPRIMA_cervo_oroargento7\" data-image-description=\"\" data-image-caption=\"\" data-medium-file=\"https:\/\/socialdesignmagazine.com\/mag\/wp-content\/uploads\/2011\/04\/benedetto_anteprima_arts_on_wirebag_ANTEPRIMA_cervo_oroargento7-396x256.jpg\" data-large-file=\"https:\/\/socialdesignmagazine.com\/mag\/wp-content\/uploads\/2011\/04\/benedetto_anteprima_arts_on_wirebag_ANTEPRIMA_cervo_oroargento7.jpg\" src=\"https:\/\/socialdesignmagazine.com\/mag\/wp-content\/uploads\/2011\/04\/benedetto_anteprima_arts_on_wirebag_ANTEPRIMA_cervo_oroargento7.jpg\" alt=\"ANTEPRIMA_cervo_oroargento7\" class=\"wp-image-5424\"\/><\/figure>\n<\/div>\n\n<div class=\"wp-block-image\">\n<figure class=\"aligncenter\"><img loading=\"lazy\" decoding=\"async\" width=\"720\" height=\"1087\" data-attachment-id=\"5425\" data-permalink=\"https:\/\/socialdesignmagazine.com\/mag\/design\/anteprima-arts-on-wirebag-al-salone-del-mobile-2011\/attachment\/anteprima_cervo_white7\/#content\" data-orig-file=\"https:\/\/socialdesignmagazine.com\/mag\/wp-content\/uploads\/2011\/04\/benedetto_anteprima_arts_on_wirebag_ANTEPRIMA_cervo_white7.jpg\" data-orig-size=\"720,1087\" data-comments-opened=\"1\" data-image-meta=\"{&quot;aperture&quot;:&quot;0&quot;,&quot;credit&quot;:&quot;&quot;,&quot;camera&quot;:&quot;&quot;,&quot;caption&quot;:&quot;&quot;,&quot;created_timestamp&quot;:&quot;0&quot;,&quot;copyright&quot;:&quot;&quot;,&quot;focal_length&quot;:&quot;0&quot;,&quot;iso&quot;:&quot;0&quot;,&quot;shutter_speed&quot;:&quot;0&quot;,&quot;title&quot;:&quot;&quot;,&quot;orientation&quot;:&quot;0&quot;}\" data-image-title=\"ANTEPRIMA_cervo_white7\" data-image-description=\"\" data-image-caption=\"\" data-medium-file=\"https:\/\/socialdesignmagazine.com\/mag\/wp-content\/uploads\/2011\/04\/benedetto_anteprima_arts_on_wirebag_ANTEPRIMA_cervo_white7-396x256.jpg\" data-large-file=\"https:\/\/socialdesignmagazine.com\/mag\/wp-content\/uploads\/2011\/04\/benedetto_anteprima_arts_on_wirebag_ANTEPRIMA_cervo_white7.jpg\" src=\"https:\/\/socialdesignmagazine.com\/mag\/wp-content\/uploads\/2011\/04\/benedetto_anteprima_arts_on_wirebag_ANTEPRIMA_cervo_white7.jpg\" alt=\"ANTEPRIMA_cervo_white7\" class=\"wp-image-5425\"\/><\/figure>\n<\/div>","protected":false,"gt_translate_keys":[{"key":"rendered","format":"html"}]},"excerpt":{"rendered":"<p>In occasione del Salone del Mobile &#8211; dal 14 al 17 Aprile 2011 &#8211; ANTEPRIMA celebra la sua linea WIREBAG con ARTS ON WIREBAG: una serie di progetti che ancora una volta sottolineano il ruolo ponte del marchio tra Est e Ovest, tra il Giappone e l\u2019Italia.<\/p>\n","protected":false,"gt_translate_keys":[{"key":"rendered","format":"html"}]},"author":1,"featured_media":5422,"comment_status":"open","ping_status":"open","sticky":false,"template":"","format":"standard","meta":{"jetpack_post_was_ever_published":false,"_jetpack_newsletter_access":"","_jetpack_dont_email_post_to_subs":false,"_jetpack_newsletter_tier_id":0,"_jetpack_memberships_contains_paywalled_content":false,"_jetpack_memberships_contains_paid_content":false,"footnotes":"","_wpscppro_dont_share_socialmedia":false,"_wpscppro_custom_social_share_image":0,"_facebook_share_type":"","_twitter_share_type":"","_linkedin_share_type":"","_pinterest_share_type":"","_linkedin_share_type_page":"","_instagram_share_type":"","_medium_share_type":"","_threads_share_type":"","_google_business_share_type":"","_selected_social_profile":[],"_wpsp_enable_custom_social_template":false,"_wpsp_social_scheduling":{"enabled":false,"datetime":null,"platforms":[],"status":"template_only","dateOption":"today","timeOption":"now","customDays":"","customHours":"","customDate":"","customTime":"","schedulingType":"absolute"},"_wpsp_active_default_template":true},"categories":[13],"tags":[1108,1058],"class_list":["post-257","post","type-post","status-publish","format-standard","has-post-thumbnail","hentry","category-design","tag-anteprima","tag-salone-del-mobile-2011"],"yoast_head":"<!-- This site is optimized with the Yoast SEO plugin v27.2 - https:\/\/yoast.com\/product\/yoast-seo-wordpress\/ -->\n<title>Anteprima \/ ARTS ON WIREBAG al Salone del Mobile 2011 - Social Design Magazine<\/title>\n<meta name=\"description\" content=\"In occasione del Salone del Mobile - dal 14 al 17 Aprile 2011 - ANTEPRIMA celebra la sua linea WIREBAG con ARTS ON WIREBAG\" \/>\n<meta name=\"robots\" content=\"index, follow, max-snippet:-1, max-image-preview:large, max-video-preview:-1\" \/>\n<link rel=\"canonical\" href=\"https:\/\/socialdesignmagazine.com\/mag\/design\/anteprima-arts-on-wirebag-al-salone-del-mobile-2011\/\" \/>\n<meta property=\"og:locale\" content=\"it_IT\" \/>\n<meta property=\"og:type\" content=\"article\" \/>\n<meta property=\"og:title\" content=\"Anteprima \/ ARTS ON WIREBAG al Salone del Mobile 2011 - Social Design Magazine\" \/>\n<meta property=\"og:description\" content=\"In occasione del Salone del Mobile - dal 14 al 17 Aprile 2011 - ANTEPRIMA celebra la sua linea WIREBAG con ARTS ON WIREBAG\" \/>\n<meta property=\"og:url\" content=\"https:\/\/socialdesignmagazine.com\/mag\/design\/anteprima-arts-on-wirebag-al-salone-del-mobile-2011\/\" \/>\n<meta property=\"og:site_name\" content=\"Social Design Magazine\" \/>\n<meta property=\"article:publisher\" content=\"https:\/\/www.facebook.com\/socialdesignmag\" \/>\n<meta property=\"article:author\" content=\"https:\/\/www.facebook.com\/benedettofiori\" \/>\n<meta property=\"article:published_time\" content=\"2011-04-13T12:00:00+00:00\" \/>\n<meta property=\"article:modified_time\" content=\"2024-04-28T13:00:13+00:00\" \/>\n<meta property=\"og:image\" content=\"https:\/\/socialdesignmagazine.com\/mag\/wp-content\/uploads\/2011\/04\/benedetto_anteprima_arts_on_wirebag_ANTEPRIMA_pig_oroargento7.jpg\" \/>\n\t<meta property=\"og:image:width\" content=\"720\" \/>\n\t<meta property=\"og:image:height\" content=\"476\" \/>\n\t<meta property=\"og:image:type\" content=\"image\/jpeg\" \/>\n<meta name=\"author\" content=\"Benedetto Fiori\" \/>\n<meta name=\"twitter:card\" content=\"summary_large_image\" \/>\n<meta name=\"twitter:creator\" content=\"@benedettofiori\" \/>\n<meta name=\"twitter:site\" content=\"@socialdesignmag\" \/>\n<meta name=\"twitter:label1\" content=\"Scritto da\" \/>\n\t<meta name=\"twitter:data1\" content=\"Benedetto Fiori\" \/>\n\t<meta name=\"twitter:label2\" content=\"Tempo di lettura stimato\" \/>\n\t<meta name=\"twitter:data2\" content=\"3 minuti\" \/>\n<script type=\"application\/ld+json\" class=\"yoast-schema-graph\">{\"@context\":\"https:\/\/schema.org\",\"@graph\":[{\"@type\":\"Article\",\"@id\":\"https:\/\/socialdesignmagazine.com\/mag\/design\/anteprima-arts-on-wirebag-al-salone-del-mobile-2011\/#article\",\"isPartOf\":{\"@id\":\"https:\/\/socialdesignmagazine.com\/mag\/design\/anteprima-arts-on-wirebag-al-salone-del-mobile-2011\/\"},\"author\":{\"name\":\"Benedetto Fiori\",\"@id\":\"https:\/\/socialdesignmagazine.com\/mag\/#\/schema\/person\/61e20205cc363c315e6aabd33a045846\"},\"headline\":\"Anteprima \/ ARTS ON WIREBAG al Salone del Mobile 2011\",\"datePublished\":\"2011-04-13T12:00:00+00:00\",\"dateModified\":\"2024-04-28T13:00:13+00:00\",\"mainEntityOfPage\":{\"@id\":\"https:\/\/socialdesignmagazine.com\/mag\/design\/anteprima-arts-on-wirebag-al-salone-del-mobile-2011\/\"},\"wordCount\":240,\"commentCount\":0,\"publisher\":{\"@id\":\"https:\/\/socialdesignmagazine.com\/mag\/#organization\"},\"image\":{\"@id\":\"https:\/\/socialdesignmagazine.com\/mag\/design\/anteprima-arts-on-wirebag-al-salone-del-mobile-2011\/#primaryimage\"},\"thumbnailUrl\":\"https:\/\/socialdesignmagazine.com\/mag\/wp-content\/uploads\/2011\/04\/benedetto_anteprima_arts_on_wirebag_ANTEPRIMA_pig_oroargento7.jpg\",\"keywords\":[\"anteprima\",\"salone del mobile 2011\"],\"articleSection\":[\"Design\"],\"inLanguage\":\"it-IT\",\"potentialAction\":[{\"@type\":\"CommentAction\",\"name\":\"Comment\",\"target\":[\"https:\/\/socialdesignmagazine.com\/mag\/design\/anteprima-arts-on-wirebag-al-salone-del-mobile-2011\/#respond\"]}]},{\"@type\":\"WebPage\",\"@id\":\"https:\/\/socialdesignmagazine.com\/mag\/design\/anteprima-arts-on-wirebag-al-salone-del-mobile-2011\/\",\"url\":\"https:\/\/socialdesignmagazine.com\/mag\/design\/anteprima-arts-on-wirebag-al-salone-del-mobile-2011\/\",\"name\":\"Anteprima \/ ARTS ON WIREBAG al Salone del Mobile 2011 - Social Design Magazine\",\"isPartOf\":{\"@id\":\"https:\/\/socialdesignmagazine.com\/mag\/#website\"},\"primaryImageOfPage\":{\"@id\":\"https:\/\/socialdesignmagazine.com\/mag\/design\/anteprima-arts-on-wirebag-al-salone-del-mobile-2011\/#primaryimage\"},\"image\":{\"@id\":\"https:\/\/socialdesignmagazine.com\/mag\/design\/anteprima-arts-on-wirebag-al-salone-del-mobile-2011\/#primaryimage\"},\"thumbnailUrl\":\"https:\/\/socialdesignmagazine.com\/mag\/wp-content\/uploads\/2011\/04\/benedetto_anteprima_arts_on_wirebag_ANTEPRIMA_pig_oroargento7.jpg\",\"datePublished\":\"2011-04-13T12:00:00+00:00\",\"dateModified\":\"2024-04-28T13:00:13+00:00\",\"description\":\"In occasione del Salone del Mobile - dal 14 al 17 Aprile 2011 - ANTEPRIMA celebra la sua linea WIREBAG con ARTS ON WIREBAG\",\"breadcrumb\":{\"@id\":\"https:\/\/socialdesignmagazine.com\/mag\/design\/anteprima-arts-on-wirebag-al-salone-del-mobile-2011\/#breadcrumb\"},\"inLanguage\":\"it-IT\",\"potentialAction\":[{\"@type\":\"ReadAction\",\"target\":[\"https:\/\/socialdesignmagazine.com\/mag\/design\/anteprima-arts-on-wirebag-al-salone-del-mobile-2011\/\"]}]},{\"@type\":\"ImageObject\",\"inLanguage\":\"it-IT\",\"@id\":\"https:\/\/socialdesignmagazine.com\/mag\/design\/anteprima-arts-on-wirebag-al-salone-del-mobile-2011\/#primaryimage\",\"url\":\"https:\/\/socialdesignmagazine.com\/mag\/wp-content\/uploads\/2011\/04\/benedetto_anteprima_arts_on_wirebag_ANTEPRIMA_pig_oroargento7.jpg\",\"contentUrl\":\"https:\/\/socialdesignmagazine.com\/mag\/wp-content\/uploads\/2011\/04\/benedetto_anteprima_arts_on_wirebag_ANTEPRIMA_pig_oroargento7.jpg\",\"width\":720,\"height\":476,\"caption\":\"ANTEPRIMA_pig_oroargento7\"},{\"@type\":\"BreadcrumbList\",\"@id\":\"https:\/\/socialdesignmagazine.com\/mag\/design\/anteprima-arts-on-wirebag-al-salone-del-mobile-2011\/#breadcrumb\",\"itemListElement\":[{\"@type\":\"ListItem\",\"position\":1,\"name\":\"Home\",\"item\":\"https:\/\/socialdesignmagazine.com\/mag\/\"},{\"@type\":\"ListItem\",\"position\":2,\"name\":\"Design\",\"item\":\"https:\/\/socialdesignmagazine.com\/mag\/design\/\"},{\"@type\":\"ListItem\",\"position\":3,\"name\":\"Anteprima \/ ARTS ON WIREBAG al Salone del Mobile 2011\"}]},{\"@type\":\"WebSite\",\"@id\":\"https:\/\/socialdesignmagazine.com\/mag\/#website\",\"url\":\"https:\/\/socialdesignmagazine.com\/mag\/\",\"name\":\"Social Design Magazine\",\"description\":\"Social Magazine su Design, Architettura, Arte, Grafica\",\"publisher\":{\"@id\":\"https:\/\/socialdesignmagazine.com\/mag\/#organization\"},\"potentialAction\":[{\"@type\":\"SearchAction\",\"target\":{\"@type\":\"EntryPoint\",\"urlTemplate\":\"https:\/\/socialdesignmagazine.com\/mag\/?s={search_term_string}\"},\"query-input\":{\"@type\":\"PropertyValueSpecification\",\"valueRequired\":true,\"valueName\":\"search_term_string\"}}],\"inLanguage\":\"it-IT\"},{\"@type\":\"Organization\",\"@id\":\"https:\/\/socialdesignmagazine.com\/mag\/#organization\",\"name\":\"Social Design Magazine\",\"url\":\"https:\/\/socialdesignmagazine.com\/mag\/\",\"logo\":{\"@type\":\"ImageObject\",\"inLanguage\":\"it-IT\",\"@id\":\"https:\/\/socialdesignmagazine.com\/mag\/#\/schema\/logo\/image\/\",\"url\":\"https:\/\/socialdesignmagazine.com\/mag\/wp-content\/uploads\/2017\/01\/logo_favicon_11.png\",\"contentUrl\":\"https:\/\/socialdesignmagazine.com\/mag\/wp-content\/uploads\/2017\/01\/logo_favicon_11.png\",\"width\":1024,\"height\":1024,\"caption\":\"Social Design Magazine\"},\"image\":{\"@id\":\"https:\/\/socialdesignmagazine.com\/mag\/#\/schema\/logo\/image\/\"},\"sameAs\":[\"https:\/\/www.facebook.com\/socialdesignmag\",\"https:\/\/x.com\/socialdesignmag\",\"http:\/\/instagram.com\/social_design_magazine\/\",\"http:\/\/pinterest.com\/socialdesignmag\/\",\"http:\/\/www.youtube.com\/user\/socialdesignmagazine\"]},{\"@type\":\"Person\",\"@id\":\"https:\/\/socialdesignmagazine.com\/mag\/#\/schema\/person\/61e20205cc363c315e6aabd33a045846\",\"name\":\"Benedetto Fiori\",\"image\":{\"@type\":\"ImageObject\",\"inLanguage\":\"it-IT\",\"@id\":\"https:\/\/secure.gravatar.com\/avatar\/450a48cefa36da63d920ad70aa660bd10725b1c6093800242e5efdb397759033?s=96&d=mm&r=g\",\"url\":\"https:\/\/secure.gravatar.com\/avatar\/450a48cefa36da63d920ad70aa660bd10725b1c6093800242e5efdb397759033?s=96&d=mm&r=g\",\"contentUrl\":\"https:\/\/secure.gravatar.com\/avatar\/450a48cefa36da63d920ad70aa660bd10725b1c6093800242e5efdb397759033?s=96&d=mm&r=g\",\"caption\":\"Benedetto Fiori\"},\"description\":\"Web | Twitter | Facebook | Shutterstock Founder &amp; Editor in Chief di Social Design Magazine. Attratto da sempre da tutto ci\u00f2 che \u00e8 creativit\u00e0, design, architettura. Dopo aver studiato Architettura all'Universit\u00e0 di Firenze, si \u00e8 impegnato in molteplici campi: comunicazione grafica, progettazione di allestimenti fieristici, brand design, Interior Design.\",\"sameAs\":[\"http:\/\/benedettofiori.com\",\"https:\/\/www.facebook.com\/benedettofiori\",\"https:\/\/x.com\/benedettofiori\"],\"url\":\"https:\/\/socialdesignmagazine.com\/mag\/author\/benedetto\/\"}]}<\/script>\n<!-- \/ Yoast SEO plugin. -->","yoast_head_json":{"title":"Anteprima \/ ARTS ON WIREBAG al Salone del Mobile 2011 - Social Design Magazine","description":"In occasione del Salone del Mobile - dal 14 al 17 Aprile 2011 - ANTEPRIMA celebra la sua linea WIREBAG con ARTS ON WIREBAG","robots":{"index":"index","follow":"follow","max-snippet":"max-snippet:-1","max-image-preview":"max-image-preview:large","max-video-preview":"max-video-preview:-1"},"canonical":"https:\/\/socialdesignmagazine.com\/mag\/design\/anteprima-arts-on-wirebag-al-salone-del-mobile-2011\/","og_locale":"it_IT","og_type":"article","og_title":"Anteprima \/ ARTS ON WIREBAG al Salone del Mobile 2011 - Social Design Magazine","og_description":"In occasione del Salone del Mobile - dal 14 al 17 Aprile 2011 - ANTEPRIMA celebra la sua linea WIREBAG con ARTS ON WIREBAG","og_url":"https:\/\/socialdesignmagazine.com\/mag\/design\/anteprima-arts-on-wirebag-al-salone-del-mobile-2011\/","og_site_name":"Social Design Magazine","article_publisher":"https:\/\/www.facebook.com\/socialdesignmag","article_author":"https:\/\/www.facebook.com\/benedettofiori","article_published_time":"2011-04-13T12:00:00+00:00","article_modified_time":"2024-04-28T13:00:13+00:00","og_image":[{"width":720,"height":476,"url":"https:\/\/socialdesignmagazine.com\/mag\/wp-content\/uploads\/2011\/04\/benedetto_anteprima_arts_on_wirebag_ANTEPRIMA_pig_oroargento7.jpg","type":"image\/jpeg"}],"author":"Benedetto Fiori","twitter_card":"summary_large_image","twitter_creator":"@benedettofiori","twitter_site":"@socialdesignmag","twitter_misc":{"Scritto da":"Benedetto Fiori","Tempo di lettura stimato":"3 minuti"},"schema":{"@context":"https:\/\/schema.org","@graph":[{"@type":"Article","@id":"https:\/\/socialdesignmagazine.com\/mag\/design\/anteprima-arts-on-wirebag-al-salone-del-mobile-2011\/#article","isPartOf":{"@id":"https:\/\/socialdesignmagazine.com\/mag\/design\/anteprima-arts-on-wirebag-al-salone-del-mobile-2011\/"},"author":{"name":"Benedetto Fiori","@id":"https:\/\/socialdesignmagazine.com\/mag\/#\/schema\/person\/61e20205cc363c315e6aabd33a045846"},"headline":"Anteprima \/ ARTS ON WIREBAG al Salone del Mobile 2011","datePublished":"2011-04-13T12:00:00+00:00","dateModified":"2024-04-28T13:00:13+00:00","mainEntityOfPage":{"@id":"https:\/\/socialdesignmagazine.com\/mag\/design\/anteprima-arts-on-wirebag-al-salone-del-mobile-2011\/"},"wordCount":240,"commentCount":0,"publisher":{"@id":"https:\/\/socialdesignmagazine.com\/mag\/#organization"},"image":{"@id":"https:\/\/socialdesignmagazine.com\/mag\/design\/anteprima-arts-on-wirebag-al-salone-del-mobile-2011\/#primaryimage"},"thumbnailUrl":"https:\/\/socialdesignmagazine.com\/mag\/wp-content\/uploads\/2011\/04\/benedetto_anteprima_arts_on_wirebag_ANTEPRIMA_pig_oroargento7.jpg","keywords":["anteprima","salone del mobile 2011"],"articleSection":["Design"],"inLanguage":"it-IT","potentialAction":[{"@type":"CommentAction","name":"Comment","target":["https:\/\/socialdesignmagazine.com\/mag\/design\/anteprima-arts-on-wirebag-al-salone-del-mobile-2011\/#respond"]}]},{"@type":"WebPage","@id":"https:\/\/socialdesignmagazine.com\/mag\/design\/anteprima-arts-on-wirebag-al-salone-del-mobile-2011\/","url":"https:\/\/socialdesignmagazine.com\/mag\/design\/anteprima-arts-on-wirebag-al-salone-del-mobile-2011\/","name":"Anteprima \/ ARTS ON WIREBAG al Salone del Mobile 2011 - Social Design Magazine","isPartOf":{"@id":"https:\/\/socialdesignmagazine.com\/mag\/#website"},"primaryImageOfPage":{"@id":"https:\/\/socialdesignmagazine.com\/mag\/design\/anteprima-arts-on-wirebag-al-salone-del-mobile-2011\/#primaryimage"},"image":{"@id":"https:\/\/socialdesignmagazine.com\/mag\/design\/anteprima-arts-on-wirebag-al-salone-del-mobile-2011\/#primaryimage"},"thumbnailUrl":"https:\/\/socialdesignmagazine.com\/mag\/wp-content\/uploads\/2011\/04\/benedetto_anteprima_arts_on_wirebag_ANTEPRIMA_pig_oroargento7.jpg","datePublished":"2011-04-13T12:00:00+00:00","dateModified":"2024-04-28T13:00:13+00:00","description":"In occasione del Salone del Mobile - dal 14 al 17 Aprile 2011 - ANTEPRIMA celebra la sua linea WIREBAG con ARTS ON WIREBAG","breadcrumb":{"@id":"https:\/\/socialdesignmagazine.com\/mag\/design\/anteprima-arts-on-wirebag-al-salone-del-mobile-2011\/#breadcrumb"},"inLanguage":"it-IT","potentialAction":[{"@type":"ReadAction","target":["https:\/\/socialdesignmagazine.com\/mag\/design\/anteprima-arts-on-wirebag-al-salone-del-mobile-2011\/"]}]},{"@type":"ImageObject","inLanguage":"it-IT","@id":"https:\/\/socialdesignmagazine.com\/mag\/design\/anteprima-arts-on-wirebag-al-salone-del-mobile-2011\/#primaryimage","url":"https:\/\/socialdesignmagazine.com\/mag\/wp-content\/uploads\/2011\/04\/benedetto_anteprima_arts_on_wirebag_ANTEPRIMA_pig_oroargento7.jpg","contentUrl":"https:\/\/socialdesignmagazine.com\/mag\/wp-content\/uploads\/2011\/04\/benedetto_anteprima_arts_on_wirebag_ANTEPRIMA_pig_oroargento7.jpg","width":720,"height":476,"caption":"ANTEPRIMA_pig_oroargento7"},{"@type":"BreadcrumbList","@id":"https:\/\/socialdesignmagazine.com\/mag\/design\/anteprima-arts-on-wirebag-al-salone-del-mobile-2011\/#breadcrumb","itemListElement":[{"@type":"ListItem","position":1,"name":"Home","item":"https:\/\/socialdesignmagazine.com\/mag\/"},{"@type":"ListItem","position":2,"name":"Design","item":"https:\/\/socialdesignmagazine.com\/mag\/design\/"},{"@type":"ListItem","position":3,"name":"Anteprima \/ ARTS ON WIREBAG al Salone del Mobile 2011"}]},{"@type":"WebSite","@id":"https:\/\/socialdesignmagazine.com\/mag\/#website","url":"https:\/\/socialdesignmagazine.com\/mag\/","name":"Social Design Magazine","description":"Social Magazine su Design, Architettura, Arte, Grafica","publisher":{"@id":"https:\/\/socialdesignmagazine.com\/mag\/#organization"},"potentialAction":[{"@type":"SearchAction","target":{"@type":"EntryPoint","urlTemplate":"https:\/\/socialdesignmagazine.com\/mag\/?s={search_term_string}"},"query-input":{"@type":"PropertyValueSpecification","valueRequired":true,"valueName":"search_term_string"}}],"inLanguage":"it-IT"},{"@type":"Organization","@id":"https:\/\/socialdesignmagazine.com\/mag\/#organization","name":"Social Design Magazine","url":"https:\/\/socialdesignmagazine.com\/mag\/","logo":{"@type":"ImageObject","inLanguage":"it-IT","@id":"https:\/\/socialdesignmagazine.com\/mag\/#\/schema\/logo\/image\/","url":"https:\/\/socialdesignmagazine.com\/mag\/wp-content\/uploads\/2017\/01\/logo_favicon_11.png","contentUrl":"https:\/\/socialdesignmagazine.com\/mag\/wp-content\/uploads\/2017\/01\/logo_favicon_11.png","width":1024,"height":1024,"caption":"Social Design Magazine"},"image":{"@id":"https:\/\/socialdesignmagazine.com\/mag\/#\/schema\/logo\/image\/"},"sameAs":["https:\/\/www.facebook.com\/socialdesignmag","https:\/\/x.com\/socialdesignmag","http:\/\/instagram.com\/social_design_magazine\/","http:\/\/pinterest.com\/socialdesignmag\/","http:\/\/www.youtube.com\/user\/socialdesignmagazine"]},{"@type":"Person","@id":"https:\/\/socialdesignmagazine.com\/mag\/#\/schema\/person\/61e20205cc363c315e6aabd33a045846","name":"Benedetto Fiori","image":{"@type":"ImageObject","inLanguage":"it-IT","@id":"https:\/\/secure.gravatar.com\/avatar\/450a48cefa36da63d920ad70aa660bd10725b1c6093800242e5efdb397759033?s=96&d=mm&r=g","url":"https:\/\/secure.gravatar.com\/avatar\/450a48cefa36da63d920ad70aa660bd10725b1c6093800242e5efdb397759033?s=96&d=mm&r=g","contentUrl":"https:\/\/secure.gravatar.com\/avatar\/450a48cefa36da63d920ad70aa660bd10725b1c6093800242e5efdb397759033?s=96&d=mm&r=g","caption":"Benedetto Fiori"},"description":"Web | Twitter | Facebook | Shutterstock Founder &amp; Editor in Chief di Social Design Magazine. Attratto da sempre da tutto ci\u00f2 che \u00e8 creativit\u00e0, design, architettura. Dopo aver studiato Architettura all'Universit\u00e0 di Firenze, si \u00e8 impegnato in molteplici campi: comunicazione grafica, progettazione di allestimenti fieristici, brand design, Interior Design.","sameAs":["http:\/\/benedettofiori.com","https:\/\/www.facebook.com\/benedettofiori","https:\/\/x.com\/benedettofiori"],"url":"https:\/\/socialdesignmagazine.com\/mag\/author\/benedetto\/"}]}},"jetpack_featured_media_url":"https:\/\/socialdesignmagazine.com\/mag\/wp-content\/uploads\/2011\/04\/benedetto_anteprima_arts_on_wirebag_ANTEPRIMA_pig_oroargento7.jpg","jetpack_sharing_enabled":true,"jetpack_shortlink":"https:\/\/wp.me\/p6cV7V-49","gt_translate_keys":[{"key":"link","format":"url"}],"_links":{"self":[{"href":"https:\/\/socialdesignmagazine.com\/mag\/wp-json\/wp\/v2\/posts\/257","targetHints":{"allow":["GET"]}}],"collection":[{"href":"https:\/\/socialdesignmagazine.com\/mag\/wp-json\/wp\/v2\/posts"}],"about":[{"href":"https:\/\/socialdesignmagazine.com\/mag\/wp-json\/wp\/v2\/types\/post"}],"author":[{"embeddable":true,"href":"https:\/\/socialdesignmagazine.com\/mag\/wp-json\/wp\/v2\/users\/1"}],"replies":[{"embeddable":true,"href":"https:\/\/socialdesignmagazine.com\/mag\/wp-json\/wp\/v2\/comments?post=257"}],"version-history":[{"count":1,"href":"https:\/\/socialdesignmagazine.com\/mag\/wp-json\/wp\/v2\/posts\/257\/revisions"}],"predecessor-version":[{"id":58602,"href":"https:\/\/socialdesignmagazine.com\/mag\/wp-json\/wp\/v2\/posts\/257\/revisions\/58602"}],"wp:featuredmedia":[{"embeddable":true,"href":"https:\/\/socialdesignmagazine.com\/mag\/wp-json\/wp\/v2\/media\/5422"}],"wp:attachment":[{"href":"https:\/\/socialdesignmagazine.com\/mag\/wp-json\/wp\/v2\/media?parent=257"}],"wp:term":[{"taxonomy":"category","embeddable":true,"href":"https:\/\/socialdesignmagazine.com\/mag\/wp-json\/wp\/v2\/categories?post=257"},{"taxonomy":"post_tag","embeddable":true,"href":"https:\/\/socialdesignmagazine.com\/mag\/wp-json\/wp\/v2\/tags?post=257"}],"curies":[{"name":"wp","href":"https:\/\/api.w.org\/{rel}","templated":true}]}}