{"id":25780,"date":"2015-11-25T21:06:25","date_gmt":"2015-11-25T20:06:25","guid":{"rendered":"https:\/\/socialdesignmagazine.com\/mag\/?p=25780"},"modified":"2015-11-25T21:06:25","modified_gmt":"2015-11-25T20:06:25","slug":"matera-design-weekend-e-una-grande-festa-sul-design","status":"publish","type":"post","link":"https:\/\/socialdesignmagazine.com\/mag\/news\/design-news\/matera-design-weekend-e-una-grande-festa-sul-design\/","title":{"rendered":"Matera Design Weekend \u00e8 una grande festa sul design","gt_translate_keys":[{"key":"rendered","format":"text"}]},"content":{"rendered":"<h2>Nuovo progetto di Casa Netural, Matera Design Weekend \u00e8 un festival sul design e una serie di eventi collaterali, workshop, incontri, il tutto in un clima informale e di festa.<\/h2>\n<p>Dall\u201911 al 13 dicembre, Matera Design Weekend si diffonde in diversi punti della citt\u00e0, dove i designer incontrano le aziende, dove le persone incontrano il design.<\/p>\n<p>Un locale, un luogo istituzionale e Casa Netural si trasformano in showroom domestici, in paesaggi ispirazionali. Matera Design Weekend \u00e8 un\u2019occasione di relazioni, scambi ed eventi. Matera Design Weekend \u00e8 tutto questo e molto altro.<\/p>\n<p>La manifestazione, alla sua prima edizione, d\u00e0 spazio ad aziende, designer italiani e internazionali, realt\u00e0 affermate ed emergenti del mondo del progetto in un territorio, come Matera, inedito per il mondo del design. Il contesto, in costante evoluzione, mette in rete progettisti, artigiani, commercianti, aziende, per stimolare un dibattito e coinvolgere anche il pubblico dei non addetti ai lavori.<\/p>\n<p>Per Matera Design Weekend, il design \u00e8 strumento di riflessione e di rigenerazione urbana, \u00e8 un patrimonio culturale ed economico da valorizzare, un nuovo modello di sviluppo per la Capitale Europea della Cultura 2019.<\/p>\n<p>Matera Design Weekend \u00e8 radicata nel territorio \u2013 un paesaggio urbano affascinante e unico, stimolo e sfida per i professionisti dell\u2019architettura e del progetto, \u2013 e, contemporaneamente, abbraccia un mondo nuovo e cosmopolita.<\/p>\n<p>Matera Design Weekend \u00e8 un luogo temporaneo per creare, inventare, progettare, affascinati da una citt\u00e0 unica, dalla sua storia e dal suo futuro luminoso.<\/p>\n<p>Per informazioni:\u00a0\u00a0<a rel=\"nofollow\" href=\"mailto:info@materadesign.com\">info@materadesign.com<\/a>\u00a0<a rel=\"nofollow\" href=\"http:\/\/materadesign.com\">materadesign.com<\/a><\/p>\n<p><a href=\"https:\/\/socialdesignmagazine.com\/mag\/blog\/design-news\/matera-design-weekend-e-una-grande-festa-sul-design\/attachment\/matera-design-weekend-02\/#content\" rel=\"attachment wp-att-25869\"><img loading=\"lazy\" decoding=\"async\" data-attachment-id=\"25869\" data-permalink=\"https:\/\/socialdesignmagazine.com\/mag\/news\/design-news\/matera-design-weekend-e-una-grande-festa-sul-design\/attachment\/matera-design-weekend-02\/#content\" data-orig-file=\"https:\/\/socialdesignmagazine.com\/mag\/wp-content\/uploads\/2015\/11\/Matera-Design-Weekend-02.jpg\" data-orig-size=\"1200,929\" data-comments-opened=\"1\" data-image-meta=\"{&quot;aperture&quot;:&quot;0&quot;,&quot;credit&quot;:&quot;&quot;,&quot;camera&quot;:&quot;&quot;,&quot;caption&quot;:&quot;&quot;,&quot;created_timestamp&quot;:&quot;0&quot;,&quot;copyright&quot;:&quot;&quot;,&quot;focal_length&quot;:&quot;0&quot;,&quot;iso&quot;:&quot;0&quot;,&quot;shutter_speed&quot;:&quot;0&quot;,&quot;title&quot;:&quot;&quot;,&quot;orientation&quot;:&quot;0&quot;}\" data-image-title=\"Matera Design Weekend 02\" data-image-description=\"\" data-image-caption=\"\" data-medium-file=\"https:\/\/socialdesignmagazine.com\/mag\/wp-content\/uploads\/2015\/11\/Matera-Design-Weekend-02-396x256.jpg\" data-large-file=\"https:\/\/socialdesignmagazine.com\/mag\/wp-content\/uploads\/2015\/11\/Matera-Design-Weekend-02-1024x793.jpg\" class=\"alignnone size-full wp-image-25869\" src=\"https:\/\/socialdesignmagazine.com\/mag\/wp-content\/uploads\/2015\/11\/Matera-Design-Weekend-02.jpg\" alt=\"Matera Design Weekend 02\" width=\"1200\" height=\"929\" srcset=\"https:\/\/socialdesignmagazine.com\/mag\/wp-content\/uploads\/2015\/11\/Matera-Design-Weekend-02.jpg 1200w, https:\/\/socialdesignmagazine.com\/mag\/wp-content\/uploads\/2015\/11\/Matera-Design-Weekend-02-768x595.jpg 768w, https:\/\/socialdesignmagazine.com\/mag\/wp-content\/uploads\/2015\/11\/Matera-Design-Weekend-02-1024x793.jpg 1024w\" sizes=\"auto, (max-width: 1200px) 100vw, 1200px\" \/><\/a><\/p>\n<p><a href=\"https:\/\/socialdesignmagazine.com\/mag\/blog\/design-news\/matera-design-weekend-e-una-grande-festa-sul-design\/attachment\/matera-design-weekend-05\/#content\" rel=\"attachment wp-att-25870\"><img loading=\"lazy\" decoding=\"async\" data-attachment-id=\"25870\" data-permalink=\"https:\/\/socialdesignmagazine.com\/mag\/news\/design-news\/matera-design-weekend-e-una-grande-festa-sul-design\/attachment\/matera-design-weekend-05\/#content\" data-orig-file=\"https:\/\/socialdesignmagazine.com\/mag\/wp-content\/uploads\/2015\/11\/Matera-Design-Weekend-05.jpg\" data-orig-size=\"1200,800\" data-comments-opened=\"1\" data-image-meta=\"{&quot;aperture&quot;:&quot;0&quot;,&quot;credit&quot;:&quot;&quot;,&quot;camera&quot;:&quot;&quot;,&quot;caption&quot;:&quot;&quot;,&quot;created_timestamp&quot;:&quot;0&quot;,&quot;copyright&quot;:&quot;&quot;,&quot;focal_length&quot;:&quot;0&quot;,&quot;iso&quot;:&quot;0&quot;,&quot;shutter_speed&quot;:&quot;0&quot;,&quot;title&quot;:&quot;&quot;,&quot;orientation&quot;:&quot;0&quot;}\" data-image-title=\"Matera Design Weekend 05\" data-image-description=\"\" data-image-caption=\"\" data-medium-file=\"https:\/\/socialdesignmagazine.com\/mag\/wp-content\/uploads\/2015\/11\/Matera-Design-Weekend-05-396x256.jpg\" data-large-file=\"https:\/\/socialdesignmagazine.com\/mag\/wp-content\/uploads\/2015\/11\/Matera-Design-Weekend-05-1024x683.jpg\" class=\"alignnone size-full wp-image-25870\" src=\"https:\/\/socialdesignmagazine.com\/mag\/wp-content\/uploads\/2015\/11\/Matera-Design-Weekend-05.jpg\" alt=\"Matera Design Weekend 05\" width=\"1200\" height=\"800\" srcset=\"https:\/\/socialdesignmagazine.com\/mag\/wp-content\/uploads\/2015\/11\/Matera-Design-Weekend-05.jpg 1200w, https:\/\/socialdesignmagazine.com\/mag\/wp-content\/uploads\/2015\/11\/Matera-Design-Weekend-05-100x66.jpg 100w, https:\/\/socialdesignmagazine.com\/mag\/wp-content\/uploads\/2015\/11\/Matera-Design-Weekend-05-768x512.jpg 768w, https:\/\/socialdesignmagazine.com\/mag\/wp-content\/uploads\/2015\/11\/Matera-Design-Weekend-05-1024x683.jpg 1024w\" sizes=\"auto, (max-width: 1200px) 100vw, 1200px\" \/><\/a><\/p>\n<p><a href=\"https:\/\/socialdesignmagazine.com\/mag\/blog\/design-news\/matera-design-weekend-e-una-grande-festa-sul-design\/attachment\/matera-design-weekend-06\/#content\" rel=\"attachment wp-att-25871\"><img loading=\"lazy\" decoding=\"async\" data-attachment-id=\"25871\" data-permalink=\"https:\/\/socialdesignmagazine.com\/mag\/news\/design-news\/matera-design-weekend-e-una-grande-festa-sul-design\/attachment\/matera-design-weekend-06\/#content\" data-orig-file=\"https:\/\/socialdesignmagazine.com\/mag\/wp-content\/uploads\/2015\/11\/Matera-Design-Weekend-06.jpg\" data-orig-size=\"1200,813\" data-comments-opened=\"1\" data-image-meta=\"{&quot;aperture&quot;:&quot;0&quot;,&quot;credit&quot;:&quot;&quot;,&quot;camera&quot;:&quot;&quot;,&quot;caption&quot;:&quot;&quot;,&quot;created_timestamp&quot;:&quot;0&quot;,&quot;copyright&quot;:&quot;&quot;,&quot;focal_length&quot;:&quot;0&quot;,&quot;iso&quot;:&quot;0&quot;,&quot;shutter_speed&quot;:&quot;0&quot;,&quot;title&quot;:&quot;&quot;,&quot;orientation&quot;:&quot;0&quot;}\" data-image-title=\"Matera Design Weekend 06\" data-image-description=\"\" data-image-caption=\"\" data-medium-file=\"https:\/\/socialdesignmagazine.com\/mag\/wp-content\/uploads\/2015\/11\/Matera-Design-Weekend-06-396x256.jpg\" data-large-file=\"https:\/\/socialdesignmagazine.com\/mag\/wp-content\/uploads\/2015\/11\/Matera-Design-Weekend-06-1024x694.jpg\" class=\"alignnone size-full wp-image-25871\" src=\"https:\/\/socialdesignmagazine.com\/mag\/wp-content\/uploads\/2015\/11\/Matera-Design-Weekend-06.jpg\" alt=\"Matera Design Weekend 06\" width=\"1200\" height=\"813\" srcset=\"https:\/\/socialdesignmagazine.com\/mag\/wp-content\/uploads\/2015\/11\/Matera-Design-Weekend-06.jpg 1200w, https:\/\/socialdesignmagazine.com\/mag\/wp-content\/uploads\/2015\/11\/Matera-Design-Weekend-06-768x520.jpg 768w, https:\/\/socialdesignmagazine.com\/mag\/wp-content\/uploads\/2015\/11\/Matera-Design-Weekend-06-1024x694.jpg 1024w\" sizes=\"auto, (max-width: 1200px) 100vw, 1200px\" \/><\/a><\/p>\n<p><a href=\"https:\/\/socialdesignmagazine.com\/mag\/blog\/design-news\/matera-design-weekend-e-una-grande-festa-sul-design\/attachment\/matera-design-weekend-09\/#content\" rel=\"attachment wp-att-25872\"><img loading=\"lazy\" decoding=\"async\" data-attachment-id=\"25872\" data-permalink=\"https:\/\/socialdesignmagazine.com\/mag\/news\/design-news\/matera-design-weekend-e-una-grande-festa-sul-design\/attachment\/matera-design-weekend-09\/#content\" data-orig-file=\"https:\/\/socialdesignmagazine.com\/mag\/wp-content\/uploads\/2015\/11\/Matera-Design-Weekend-09.jpg\" data-orig-size=\"1200,1704\" data-comments-opened=\"1\" data-image-meta=\"{&quot;aperture&quot;:&quot;0&quot;,&quot;credit&quot;:&quot;&quot;,&quot;camera&quot;:&quot;&quot;,&quot;caption&quot;:&quot;&quot;,&quot;created_timestamp&quot;:&quot;0&quot;,&quot;copyright&quot;:&quot;&quot;,&quot;focal_length&quot;:&quot;0&quot;,&quot;iso&quot;:&quot;0&quot;,&quot;shutter_speed&quot;:&quot;0&quot;,&quot;title&quot;:&quot;&quot;,&quot;orientation&quot;:&quot;0&quot;}\" data-image-title=\"Matera Design Weekend 09\" data-image-description=\"\" data-image-caption=\"\" data-medium-file=\"https:\/\/socialdesignmagazine.com\/mag\/wp-content\/uploads\/2015\/11\/Matera-Design-Weekend-09-396x256.jpg\" data-large-file=\"https:\/\/socialdesignmagazine.com\/mag\/wp-content\/uploads\/2015\/11\/Matera-Design-Weekend-09-1024x1454.jpg\" class=\"alignnone size-full wp-image-25872\" src=\"https:\/\/socialdesignmagazine.com\/mag\/wp-content\/uploads\/2015\/11\/Matera-Design-Weekend-09.jpg\" alt=\"Matera Design Weekend 09\" width=\"1200\" height=\"1704\" srcset=\"https:\/\/socialdesignmagazine.com\/mag\/wp-content\/uploads\/2015\/11\/Matera-Design-Weekend-09.jpg 1200w, https:\/\/socialdesignmagazine.com\/mag\/wp-content\/uploads\/2015\/11\/Matera-Design-Weekend-09-768x1091.jpg 768w, https:\/\/socialdesignmagazine.com\/mag\/wp-content\/uploads\/2015\/11\/Matera-Design-Weekend-09-1024x1454.jpg 1024w\" sizes=\"auto, (max-width: 1200px) 100vw, 1200px\" \/><\/a><\/p>\n<p><a href=\"https:\/\/socialdesignmagazine.com\/mag\/blog\/design-news\/matera-design-weekend-e-una-grande-festa-sul-design\/attachment\/matera-design-weekend-01\/#content\" rel=\"attachment wp-att-25873\"><img loading=\"lazy\" decoding=\"async\" data-attachment-id=\"25873\" data-permalink=\"https:\/\/socialdesignmagazine.com\/mag\/news\/design-news\/matera-design-weekend-e-una-grande-festa-sul-design\/attachment\/matera-design-weekend-01\/#content\" data-orig-file=\"https:\/\/socialdesignmagazine.com\/mag\/wp-content\/uploads\/2015\/11\/Matera-Design-Weekend-01.jpg\" data-orig-size=\"1200,800\" data-comments-opened=\"1\" data-image-meta=\"{&quot;aperture&quot;:&quot;0&quot;,&quot;credit&quot;:&quot;&quot;,&quot;camera&quot;:&quot;&quot;,&quot;caption&quot;:&quot;&quot;,&quot;created_timestamp&quot;:&quot;0&quot;,&quot;copyright&quot;:&quot;&quot;,&quot;focal_length&quot;:&quot;0&quot;,&quot;iso&quot;:&quot;0&quot;,&quot;shutter_speed&quot;:&quot;0&quot;,&quot;title&quot;:&quot;&quot;,&quot;orientation&quot;:&quot;0&quot;}\" data-image-title=\"Matera Design Weekend 01\" data-image-description=\"\" data-image-caption=\"\" data-medium-file=\"https:\/\/socialdesignmagazine.com\/mag\/wp-content\/uploads\/2015\/11\/Matera-Design-Weekend-01-396x256.jpg\" data-large-file=\"https:\/\/socialdesignmagazine.com\/mag\/wp-content\/uploads\/2015\/11\/Matera-Design-Weekend-01-1024x683.jpg\" class=\"alignnone size-full wp-image-25873\" src=\"https:\/\/socialdesignmagazine.com\/mag\/wp-content\/uploads\/2015\/11\/Matera-Design-Weekend-01.jpg\" alt=\"Matera Design Weekend 01\" width=\"1200\" height=\"800\" srcset=\"https:\/\/socialdesignmagazine.com\/mag\/wp-content\/uploads\/2015\/11\/Matera-Design-Weekend-01.jpg 1200w, https:\/\/socialdesignmagazine.com\/mag\/wp-content\/uploads\/2015\/11\/Matera-Design-Weekend-01-100x66.jpg 100w, https:\/\/socialdesignmagazine.com\/mag\/wp-content\/uploads\/2015\/11\/Matera-Design-Weekend-01-768x512.jpg 768w, https:\/\/socialdesignmagazine.com\/mag\/wp-content\/uploads\/2015\/11\/Matera-Design-Weekend-01-1024x683.jpg 1024w\" sizes=\"auto, (max-width: 1200px) 100vw, 1200px\" \/><\/a><\/p>\n","protected":false,"gt_translate_keys":[{"key":"rendered","format":"html"}]},"excerpt":{"rendered":"<p>Matera Design Weekend \u00e8 un festival sul design e una serie di eventi collaterali, workshop, incontri, il tutto in un clima informale e di festa.<\/p>\n","protected":false,"gt_translate_keys":[{"key":"rendered","format":"html"}]},"author":1,"featured_media":25868,"comment_status":"open","ping_status":"open","sticky":false,"template":"","format":"standard","meta":{"jetpack_post_was_ever_published":false,"_jetpack_newsletter_access":"","_jetpack_dont_email_post_to_subs":false,"_jetpack_newsletter_tier_id":0,"_jetpack_memberships_contains_paywalled_content":false,"_jetpack_memberships_contains_paid_content":false,"footnotes":"","_wpscppro_dont_share_socialmedia":false,"_wpscppro_custom_social_share_image":0,"_facebook_share_type":"","_twitter_share_type":"","_linkedin_share_type":"","_pinterest_share_type":"","_linkedin_share_type_page":"","_instagram_share_type":"","_medium_share_type":"","_threads_share_type":"","_google_business_share_type":"","_selected_social_profile":[],"_wpsp_enable_custom_social_template":false,"_wpsp_social_scheduling":{"enabled":false,"datetime":null,"platforms":[],"status":"template_only","dateOption":"today","timeOption":"now","customDays":"","customHours":"","customDate":"","customTime":"","schedulingType":"absolute"},"_wpsp_active_default_template":true},"categories":[17],"tags":[864],"class_list":["post-25780","post","type-post","status-publish","format-standard","has-post-thumbnail","hentry","category-design-news","tag-eventi"],"yoast_head":"<!-- This site is optimized with the Yoast SEO plugin v27.2 - https:\/\/yoast.com\/product\/yoast-seo-wordpress\/ -->\n<title>Matera Design Weekend \u00e8 una grande festa sul design<\/title>\n<meta name=\"description\" content=\"Matera Design Weekend \u00e8 un festival sul design e una serie di eventi collaterali, workshop, incontri, il tutto in un clima informale e di festa.\" \/>\n<meta name=\"robots\" content=\"index, follow, max-snippet:-1, max-image-preview:large, max-video-preview:-1\" \/>\n<link rel=\"canonical\" href=\"https:\/\/socialdesignmagazine.com\/mag\/news\/design-news\/matera-design-weekend-e-una-grande-festa-sul-design\/\" \/>\n<meta property=\"og:locale\" content=\"it_IT\" \/>\n<meta property=\"og:type\" content=\"article\" \/>\n<meta property=\"og:title\" content=\"Matera Design Weekend \u00e8 una grande festa sul design\" \/>\n<meta property=\"og:description\" content=\"Matera Design Weekend \u00e8 un festival sul design e una serie di eventi collaterali, workshop, incontri, il tutto in un clima informale e di festa.\" \/>\n<meta property=\"og:url\" content=\"http:\/\/socialdesignmagazine.com\/mag\/news\/design-news\/matera-design-weekend-e-una-grande-festa-sul-design\/\" \/>\n<meta property=\"og:site_name\" content=\"Social Design Magazine\" \/>\n<meta property=\"article:publisher\" content=\"https:\/\/www.facebook.com\/socialdesignmag\" \/>\n<meta property=\"article:author\" content=\"https:\/\/www.facebook.com\/benedettofiori\" \/>\n<meta property=\"article:published_time\" content=\"2015-11-25T20:06:25+00:00\" \/>\n<meta property=\"og:image\" content=\"https:\/\/socialdesignmagazine.com\/mag\/wp-content\/uploads\/2015\/11\/Matera-Design-Weekend_logo.jpg\" \/>\n\t<meta property=\"og:image:width\" content=\"1200\" \/>\n\t<meta property=\"og:image:height\" content=\"460\" \/>\n\t<meta property=\"og:image:type\" content=\"image\/jpeg\" \/>\n<meta name=\"author\" content=\"Benedetto Fiori\" \/>\n<meta name=\"twitter:card\" content=\"summary_large_image\" \/>\n<meta name=\"twitter:creator\" content=\"@benedettofiori\" \/>\n<meta name=\"twitter:site\" content=\"@socialdesignmag\" \/>\n<meta name=\"twitter:label1\" content=\"Scritto da\" \/>\n\t<meta name=\"twitter:data1\" content=\"Benedetto Fiori\" \/>\n\t<meta name=\"twitter:label2\" content=\"Tempo di lettura stimato\" \/>\n\t<meta name=\"twitter:data2\" content=\"1 minuto\" \/>\n<script type=\"application\/ld+json\" class=\"yoast-schema-graph\">{\"@context\":\"https:\/\/schema.org\",\"@graph\":[{\"@type\":\"Article\",\"@id\":\"https:\/\/socialdesignmagazine.com\/mag\/news\/design-news\/matera-design-weekend-e-una-grande-festa-sul-design\/#article\",\"isPartOf\":{\"@id\":\"https:\/\/socialdesignmagazine.com\/mag\/news\/design-news\/matera-design-weekend-e-una-grande-festa-sul-design\/\"},\"author\":{\"name\":\"Benedetto Fiori\",\"@id\":\"https:\/\/socialdesignmagazine.com\/mag\/#\/schema\/person\/61e20205cc363c315e6aabd33a045846\"},\"headline\":\"Matera Design Weekend \u00e8 una grande festa sul design\",\"datePublished\":\"2015-11-25T20:06:25+00:00\",\"mainEntityOfPage\":{\"@id\":\"https:\/\/socialdesignmagazine.com\/mag\/news\/design-news\/matera-design-weekend-e-una-grande-festa-sul-design\/\"},\"wordCount\":247,\"commentCount\":0,\"publisher\":{\"@id\":\"https:\/\/socialdesignmagazine.com\/mag\/#organization\"},\"image\":{\"@id\":\"https:\/\/socialdesignmagazine.com\/mag\/news\/design-news\/matera-design-weekend-e-una-grande-festa-sul-design\/#primaryimage\"},\"thumbnailUrl\":\"https:\/\/socialdesignmagazine.com\/mag\/wp-content\/uploads\/2015\/11\/Matera-Design-Weekend_logo.jpg\",\"keywords\":[\"eventi\"],\"articleSection\":[\"Design News\"],\"inLanguage\":\"it-IT\",\"potentialAction\":[{\"@type\":\"CommentAction\",\"name\":\"Comment\",\"target\":[\"https:\/\/socialdesignmagazine.com\/mag\/news\/design-news\/matera-design-weekend-e-una-grande-festa-sul-design\/#respond\"]}]},{\"@type\":\"WebPage\",\"@id\":\"https:\/\/socialdesignmagazine.com\/mag\/news\/design-news\/matera-design-weekend-e-una-grande-festa-sul-design\/\",\"url\":\"https:\/\/socialdesignmagazine.com\/mag\/news\/design-news\/matera-design-weekend-e-una-grande-festa-sul-design\/\",\"name\":\"Matera Design Weekend \u00e8 una grande festa sul design\",\"isPartOf\":{\"@id\":\"https:\/\/socialdesignmagazine.com\/mag\/#website\"},\"primaryImageOfPage\":{\"@id\":\"https:\/\/socialdesignmagazine.com\/mag\/news\/design-news\/matera-design-weekend-e-una-grande-festa-sul-design\/#primaryimage\"},\"image\":{\"@id\":\"https:\/\/socialdesignmagazine.com\/mag\/news\/design-news\/matera-design-weekend-e-una-grande-festa-sul-design\/#primaryimage\"},\"thumbnailUrl\":\"https:\/\/socialdesignmagazine.com\/mag\/wp-content\/uploads\/2015\/11\/Matera-Design-Weekend_logo.jpg\",\"datePublished\":\"2015-11-25T20:06:25+00:00\",\"description\":\"Matera Design Weekend \u00e8 un festival sul design e una serie di eventi collaterali, workshop, incontri, il tutto in un clima informale e di festa.\",\"breadcrumb\":{\"@id\":\"https:\/\/socialdesignmagazine.com\/mag\/news\/design-news\/matera-design-weekend-e-una-grande-festa-sul-design\/#breadcrumb\"},\"inLanguage\":\"it-IT\",\"potentialAction\":[{\"@type\":\"ReadAction\",\"target\":[\"https:\/\/socialdesignmagazine.com\/mag\/news\/design-news\/matera-design-weekend-e-una-grande-festa-sul-design\/\"]}]},{\"@type\":\"ImageObject\",\"inLanguage\":\"it-IT\",\"@id\":\"https:\/\/socialdesignmagazine.com\/mag\/news\/design-news\/matera-design-weekend-e-una-grande-festa-sul-design\/#primaryimage\",\"url\":\"https:\/\/socialdesignmagazine.com\/mag\/wp-content\/uploads\/2015\/11\/Matera-Design-Weekend_logo.jpg\",\"contentUrl\":\"https:\/\/socialdesignmagazine.com\/mag\/wp-content\/uploads\/2015\/11\/Matera-Design-Weekend_logo.jpg\",\"width\":1200,\"height\":460,\"caption\":\"Matera Design Weekend\"},{\"@type\":\"BreadcrumbList\",\"@id\":\"https:\/\/socialdesignmagazine.com\/mag\/news\/design-news\/matera-design-weekend-e-una-grande-festa-sul-design\/#breadcrumb\",\"itemListElement\":[{\"@type\":\"ListItem\",\"position\":1,\"name\":\"Home\",\"item\":\"https:\/\/socialdesignmagazine.com\/mag\/\"},{\"@type\":\"ListItem\",\"position\":2,\"name\":\"News\",\"item\":\"https:\/\/socialdesignmagazine.com\/mag\/news\/\"},{\"@type\":\"ListItem\",\"position\":3,\"name\":\"Design News\",\"item\":\"https:\/\/socialdesignmagazine.com\/mag\/news\/design-news\/\"},{\"@type\":\"ListItem\",\"position\":4,\"name\":\"Matera Design Weekend \u00e8 una grande festa sul design\"}]},{\"@type\":\"WebSite\",\"@id\":\"https:\/\/socialdesignmagazine.com\/mag\/#website\",\"url\":\"https:\/\/socialdesignmagazine.com\/mag\/\",\"name\":\"Social Design Magazine\",\"description\":\"Social Magazine su Design, Architettura, Arte, Grafica\",\"publisher\":{\"@id\":\"https:\/\/socialdesignmagazine.com\/mag\/#organization\"},\"potentialAction\":[{\"@type\":\"SearchAction\",\"target\":{\"@type\":\"EntryPoint\",\"urlTemplate\":\"https:\/\/socialdesignmagazine.com\/mag\/?s={search_term_string}\"},\"query-input\":{\"@type\":\"PropertyValueSpecification\",\"valueRequired\":true,\"valueName\":\"search_term_string\"}}],\"inLanguage\":\"it-IT\"},{\"@type\":\"Organization\",\"@id\":\"https:\/\/socialdesignmagazine.com\/mag\/#organization\",\"name\":\"Social Design Magazine\",\"url\":\"https:\/\/socialdesignmagazine.com\/mag\/\",\"logo\":{\"@type\":\"ImageObject\",\"inLanguage\":\"it-IT\",\"@id\":\"https:\/\/socialdesignmagazine.com\/mag\/#\/schema\/logo\/image\/\",\"url\":\"https:\/\/socialdesignmagazine.com\/mag\/wp-content\/uploads\/2017\/01\/logo_favicon_11.png\",\"contentUrl\":\"https:\/\/socialdesignmagazine.com\/mag\/wp-content\/uploads\/2017\/01\/logo_favicon_11.png\",\"width\":1024,\"height\":1024,\"caption\":\"Social Design Magazine\"},\"image\":{\"@id\":\"https:\/\/socialdesignmagazine.com\/mag\/#\/schema\/logo\/image\/\"},\"sameAs\":[\"https:\/\/www.facebook.com\/socialdesignmag\",\"https:\/\/x.com\/socialdesignmag\",\"http:\/\/instagram.com\/social_design_magazine\/\",\"http:\/\/pinterest.com\/socialdesignmag\/\",\"http:\/\/www.youtube.com\/user\/socialdesignmagazine\"]},{\"@type\":\"Person\",\"@id\":\"https:\/\/socialdesignmagazine.com\/mag\/#\/schema\/person\/61e20205cc363c315e6aabd33a045846\",\"name\":\"Benedetto Fiori\",\"image\":{\"@type\":\"ImageObject\",\"inLanguage\":\"it-IT\",\"@id\":\"https:\/\/secure.gravatar.com\/avatar\/450a48cefa36da63d920ad70aa660bd10725b1c6093800242e5efdb397759033?s=96&d=mm&r=g\",\"url\":\"https:\/\/secure.gravatar.com\/avatar\/450a48cefa36da63d920ad70aa660bd10725b1c6093800242e5efdb397759033?s=96&d=mm&r=g\",\"contentUrl\":\"https:\/\/secure.gravatar.com\/avatar\/450a48cefa36da63d920ad70aa660bd10725b1c6093800242e5efdb397759033?s=96&d=mm&r=g\",\"caption\":\"Benedetto Fiori\"},\"description\":\"Web | Twitter | Facebook | Shutterstock Founder &amp; Editor in Chief di Social Design Magazine. Attratto da sempre da tutto ci\u00f2 che \u00e8 creativit\u00e0, design, architettura. Dopo aver studiato Architettura all'Universit\u00e0 di Firenze, si \u00e8 impegnato in molteplici campi: comunicazione grafica, progettazione di allestimenti fieristici, brand design, Interior Design.\",\"sameAs\":[\"http:\/\/benedettofiori.com\",\"https:\/\/www.facebook.com\/benedettofiori\",\"https:\/\/x.com\/benedettofiori\"],\"url\":\"https:\/\/socialdesignmagazine.com\/mag\/author\/benedetto\/\"}]}<\/script>\n<!-- \/ Yoast SEO plugin. -->","yoast_head_json":{"title":"Matera Design Weekend \u00e8 una grande festa sul design","description":"Matera Design Weekend \u00e8 un festival sul design e una serie di eventi collaterali, workshop, incontri, il tutto in un clima informale e di festa.","robots":{"index":"index","follow":"follow","max-snippet":"max-snippet:-1","max-image-preview":"max-image-preview:large","max-video-preview":"max-video-preview:-1"},"canonical":"https:\/\/socialdesignmagazine.com\/mag\/news\/design-news\/matera-design-weekend-e-una-grande-festa-sul-design\/","og_locale":"it_IT","og_type":"article","og_title":"Matera Design Weekend \u00e8 una grande festa sul design","og_description":"Matera Design Weekend \u00e8 un festival sul design e una serie di eventi collaterali, workshop, incontri, il tutto in un clima informale e di festa.","og_url":"http:\/\/socialdesignmagazine.com\/mag\/news\/design-news\/matera-design-weekend-e-una-grande-festa-sul-design\/","og_site_name":"Social Design Magazine","article_publisher":"https:\/\/www.facebook.com\/socialdesignmag","article_author":"https:\/\/www.facebook.com\/benedettofiori","article_published_time":"2015-11-25T20:06:25+00:00","og_image":[{"width":1200,"height":460,"url":"https:\/\/socialdesignmagazine.com\/mag\/wp-content\/uploads\/2015\/11\/Matera-Design-Weekend_logo.jpg","type":"image\/jpeg"}],"author":"Benedetto Fiori","twitter_card":"summary_large_image","twitter_creator":"@benedettofiori","twitter_site":"@socialdesignmag","twitter_misc":{"Scritto da":"Benedetto Fiori","Tempo di lettura stimato":"1 minuto"},"schema":{"@context":"https:\/\/schema.org","@graph":[{"@type":"Article","@id":"https:\/\/socialdesignmagazine.com\/mag\/news\/design-news\/matera-design-weekend-e-una-grande-festa-sul-design\/#article","isPartOf":{"@id":"https:\/\/socialdesignmagazine.com\/mag\/news\/design-news\/matera-design-weekend-e-una-grande-festa-sul-design\/"},"author":{"name":"Benedetto Fiori","@id":"https:\/\/socialdesignmagazine.com\/mag\/#\/schema\/person\/61e20205cc363c315e6aabd33a045846"},"headline":"Matera Design Weekend \u00e8 una grande festa sul design","datePublished":"2015-11-25T20:06:25+00:00","mainEntityOfPage":{"@id":"https:\/\/socialdesignmagazine.com\/mag\/news\/design-news\/matera-design-weekend-e-una-grande-festa-sul-design\/"},"wordCount":247,"commentCount":0,"publisher":{"@id":"https:\/\/socialdesignmagazine.com\/mag\/#organization"},"image":{"@id":"https:\/\/socialdesignmagazine.com\/mag\/news\/design-news\/matera-design-weekend-e-una-grande-festa-sul-design\/#primaryimage"},"thumbnailUrl":"https:\/\/socialdesignmagazine.com\/mag\/wp-content\/uploads\/2015\/11\/Matera-Design-Weekend_logo.jpg","keywords":["eventi"],"articleSection":["Design News"],"inLanguage":"it-IT","potentialAction":[{"@type":"CommentAction","name":"Comment","target":["https:\/\/socialdesignmagazine.com\/mag\/news\/design-news\/matera-design-weekend-e-una-grande-festa-sul-design\/#respond"]}]},{"@type":"WebPage","@id":"https:\/\/socialdesignmagazine.com\/mag\/news\/design-news\/matera-design-weekend-e-una-grande-festa-sul-design\/","url":"https:\/\/socialdesignmagazine.com\/mag\/news\/design-news\/matera-design-weekend-e-una-grande-festa-sul-design\/","name":"Matera Design Weekend \u00e8 una grande festa sul design","isPartOf":{"@id":"https:\/\/socialdesignmagazine.com\/mag\/#website"},"primaryImageOfPage":{"@id":"https:\/\/socialdesignmagazine.com\/mag\/news\/design-news\/matera-design-weekend-e-una-grande-festa-sul-design\/#primaryimage"},"image":{"@id":"https:\/\/socialdesignmagazine.com\/mag\/news\/design-news\/matera-design-weekend-e-una-grande-festa-sul-design\/#primaryimage"},"thumbnailUrl":"https:\/\/socialdesignmagazine.com\/mag\/wp-content\/uploads\/2015\/11\/Matera-Design-Weekend_logo.jpg","datePublished":"2015-11-25T20:06:25+00:00","description":"Matera Design Weekend \u00e8 un festival sul design e una serie di eventi collaterali, workshop, incontri, il tutto in un clima informale e di festa.","breadcrumb":{"@id":"https:\/\/socialdesignmagazine.com\/mag\/news\/design-news\/matera-design-weekend-e-una-grande-festa-sul-design\/#breadcrumb"},"inLanguage":"it-IT","potentialAction":[{"@type":"ReadAction","target":["https:\/\/socialdesignmagazine.com\/mag\/news\/design-news\/matera-design-weekend-e-una-grande-festa-sul-design\/"]}]},{"@type":"ImageObject","inLanguage":"it-IT","@id":"https:\/\/socialdesignmagazine.com\/mag\/news\/design-news\/matera-design-weekend-e-una-grande-festa-sul-design\/#primaryimage","url":"https:\/\/socialdesignmagazine.com\/mag\/wp-content\/uploads\/2015\/11\/Matera-Design-Weekend_logo.jpg","contentUrl":"https:\/\/socialdesignmagazine.com\/mag\/wp-content\/uploads\/2015\/11\/Matera-Design-Weekend_logo.jpg","width":1200,"height":460,"caption":"Matera Design Weekend"},{"@type":"BreadcrumbList","@id":"https:\/\/socialdesignmagazine.com\/mag\/news\/design-news\/matera-design-weekend-e-una-grande-festa-sul-design\/#breadcrumb","itemListElement":[{"@type":"ListItem","position":1,"name":"Home","item":"https:\/\/socialdesignmagazine.com\/mag\/"},{"@type":"ListItem","position":2,"name":"News","item":"https:\/\/socialdesignmagazine.com\/mag\/news\/"},{"@type":"ListItem","position":3,"name":"Design News","item":"https:\/\/socialdesignmagazine.com\/mag\/news\/design-news\/"},{"@type":"ListItem","position":4,"name":"Matera Design Weekend \u00e8 una grande festa sul design"}]},{"@type":"WebSite","@id":"https:\/\/socialdesignmagazine.com\/mag\/#website","url":"https:\/\/socialdesignmagazine.com\/mag\/","name":"Social Design Magazine","description":"Social Magazine su Design, Architettura, Arte, Grafica","publisher":{"@id":"https:\/\/socialdesignmagazine.com\/mag\/#organization"},"potentialAction":[{"@type":"SearchAction","target":{"@type":"EntryPoint","urlTemplate":"https:\/\/socialdesignmagazine.com\/mag\/?s={search_term_string}"},"query-input":{"@type":"PropertyValueSpecification","valueRequired":true,"valueName":"search_term_string"}}],"inLanguage":"it-IT"},{"@type":"Organization","@id":"https:\/\/socialdesignmagazine.com\/mag\/#organization","name":"Social Design Magazine","url":"https:\/\/socialdesignmagazine.com\/mag\/","logo":{"@type":"ImageObject","inLanguage":"it-IT","@id":"https:\/\/socialdesignmagazine.com\/mag\/#\/schema\/logo\/image\/","url":"https:\/\/socialdesignmagazine.com\/mag\/wp-content\/uploads\/2017\/01\/logo_favicon_11.png","contentUrl":"https:\/\/socialdesignmagazine.com\/mag\/wp-content\/uploads\/2017\/01\/logo_favicon_11.png","width":1024,"height":1024,"caption":"Social Design Magazine"},"image":{"@id":"https:\/\/socialdesignmagazine.com\/mag\/#\/schema\/logo\/image\/"},"sameAs":["https:\/\/www.facebook.com\/socialdesignmag","https:\/\/x.com\/socialdesignmag","http:\/\/instagram.com\/social_design_magazine\/","http:\/\/pinterest.com\/socialdesignmag\/","http:\/\/www.youtube.com\/user\/socialdesignmagazine"]},{"@type":"Person","@id":"https:\/\/socialdesignmagazine.com\/mag\/#\/schema\/person\/61e20205cc363c315e6aabd33a045846","name":"Benedetto Fiori","image":{"@type":"ImageObject","inLanguage":"it-IT","@id":"https:\/\/secure.gravatar.com\/avatar\/450a48cefa36da63d920ad70aa660bd10725b1c6093800242e5efdb397759033?s=96&d=mm&r=g","url":"https:\/\/secure.gravatar.com\/avatar\/450a48cefa36da63d920ad70aa660bd10725b1c6093800242e5efdb397759033?s=96&d=mm&r=g","contentUrl":"https:\/\/secure.gravatar.com\/avatar\/450a48cefa36da63d920ad70aa660bd10725b1c6093800242e5efdb397759033?s=96&d=mm&r=g","caption":"Benedetto Fiori"},"description":"Web | Twitter | Facebook | Shutterstock Founder &amp; Editor in Chief di Social Design Magazine. Attratto da sempre da tutto ci\u00f2 che \u00e8 creativit\u00e0, design, architettura. Dopo aver studiato Architettura all'Universit\u00e0 di Firenze, si \u00e8 impegnato in molteplici campi: comunicazione grafica, progettazione di allestimenti fieristici, brand design, Interior Design.","sameAs":["http:\/\/benedettofiori.com","https:\/\/www.facebook.com\/benedettofiori","https:\/\/x.com\/benedettofiori"],"url":"https:\/\/socialdesignmagazine.com\/mag\/author\/benedetto\/"}]}},"jetpack_featured_media_url":"https:\/\/socialdesignmagazine.com\/mag\/wp-content\/uploads\/2015\/11\/Matera-Design-Weekend_logo.jpg","jetpack_sharing_enabled":true,"jetpack_shortlink":"https:\/\/wp.me\/p6cV7V-6HO","gt_translate_keys":[{"key":"link","format":"url"}],"_links":{"self":[{"href":"https:\/\/socialdesignmagazine.com\/mag\/wp-json\/wp\/v2\/posts\/25780","targetHints":{"allow":["GET"]}}],"collection":[{"href":"https:\/\/socialdesignmagazine.com\/mag\/wp-json\/wp\/v2\/posts"}],"about":[{"href":"https:\/\/socialdesignmagazine.com\/mag\/wp-json\/wp\/v2\/types\/post"}],"author":[{"embeddable":true,"href":"https:\/\/socialdesignmagazine.com\/mag\/wp-json\/wp\/v2\/users\/1"}],"replies":[{"embeddable":true,"href":"https:\/\/socialdesignmagazine.com\/mag\/wp-json\/wp\/v2\/comments?post=25780"}],"version-history":[{"count":3,"href":"https:\/\/socialdesignmagazine.com\/mag\/wp-json\/wp\/v2\/posts\/25780\/revisions"}],"predecessor-version":[{"id":25875,"href":"https:\/\/socialdesignmagazine.com\/mag\/wp-json\/wp\/v2\/posts\/25780\/revisions\/25875"}],"wp:featuredmedia":[{"embeddable":true,"href":"https:\/\/socialdesignmagazine.com\/mag\/wp-json\/wp\/v2\/media\/25868"}],"wp:attachment":[{"href":"https:\/\/socialdesignmagazine.com\/mag\/wp-json\/wp\/v2\/media?parent=25780"}],"wp:term":[{"taxonomy":"category","embeddable":true,"href":"https:\/\/socialdesignmagazine.com\/mag\/wp-json\/wp\/v2\/categories?post=25780"},{"taxonomy":"post_tag","embeddable":true,"href":"https:\/\/socialdesignmagazine.com\/mag\/wp-json\/wp\/v2\/tags?post=25780"}],"curies":[{"name":"wp","href":"https:\/\/api.w.org\/{rel}","templated":true}]}}