{"id":25937,"date":"2015-11-27T16:44:31","date_gmt":"2015-11-27T15:44:31","guid":{"rendered":"https:\/\/socialdesignmagazine.com\/mag\/?p=25937"},"modified":"2015-11-27T19:01:35","modified_gmt":"2015-11-27T18:01:35","slug":"casa-natalizia-gli-arredi-di-smania-home-couture","status":"publish","type":"post","link":"https:\/\/socialdesignmagazine.com\/mag\/news\/design-news\/casa-natalizia-gli-arredi-di-smania-home-couture\/","title":{"rendered":"Casa natalizia, gli arredi di Smania Home Couture","gt_translate_keys":[{"key":"rendered","format":"text"}]},"content":{"rendered":"<h2>Velluto di seta, inedite textures, oro e rosso, la selezione di pezzi di arredamento per la casa natalizia suggeriti da <a rel=\"nofollow\" href=\"http:\/\/www.smania.it\/\">Smania Home Couture<\/a>.<\/h2>\n<p>Dal nuovo catalogo Home Couture di Smania alcuni pezzi di arredamento che si ispirano all&#8217;atmosfera natalizia, e si prestano ad arredare l&#8217;ambiente living con stile ed eleganza.<\/p>\n<p>Nasce la prima collezione Smania interamente dedicata ai tessuti e ai coordinati\u00a0d\u2019arredo: HOME COUTURE, oltre 155 varianti suddivise in 15 \u201cMood board\u201d, 15 tavole colore che contengono tessuti\u00a0e pelli coordinati per la prima collezione nella storia di Smania dedicata all\u2019home decor.<\/p>\n<div id=\"attachment_25957\" style=\"width: 1210px\" class=\"wp-caption alignnone\"><a href=\"https:\/\/socialdesignmagazine.com\/mag\/blog\/design-news\/casa-natalizia-gli-arredi-di-smania-home-couture\/attachment\/lisa-ambientata\/#content\" rel=\"attachment wp-att-25957\"><img loading=\"lazy\" decoding=\"async\" aria-describedby=\"caption-attachment-25957\" data-attachment-id=\"25957\" data-permalink=\"https:\/\/socialdesignmagazine.com\/mag\/news\/design-news\/casa-natalizia-gli-arredi-di-smania-home-couture\/attachment\/lisa-ambientata\/#content\" data-orig-file=\"https:\/\/socialdesignmagazine.com\/mag\/wp-content\/uploads\/2015\/11\/Lisa-ambientata.jpg\" data-orig-size=\"1200,1661\" data-comments-opened=\"1\" data-image-meta=\"{&quot;aperture&quot;:&quot;0&quot;,&quot;credit&quot;:&quot;&quot;,&quot;camera&quot;:&quot;&quot;,&quot;caption&quot;:&quot;&quot;,&quot;created_timestamp&quot;:&quot;0&quot;,&quot;copyright&quot;:&quot;&quot;,&quot;focal_length&quot;:&quot;0&quot;,&quot;iso&quot;:&quot;0&quot;,&quot;shutter_speed&quot;:&quot;0&quot;,&quot;title&quot;:&quot;&quot;,&quot;orientation&quot;:&quot;0&quot;}\" data-image-title=\"Lisa ambientata\" data-image-description=\"\" data-image-caption=\"\" data-medium-file=\"https:\/\/socialdesignmagazine.com\/mag\/wp-content\/uploads\/2015\/11\/Lisa-ambientata-396x256.jpg\" data-large-file=\"https:\/\/socialdesignmagazine.com\/mag\/wp-content\/uploads\/2015\/11\/Lisa-ambientata-1024x1417.jpg\" class=\"wp-image-25957 size-full\" src=\"https:\/\/socialdesignmagazine.com\/mag\/wp-content\/uploads\/2015\/11\/Lisa-ambientata.jpg\" alt=\"Casa natalizia, gli arredi di Smania Home Couture, Lisa ambientata\" width=\"1200\" height=\"1661\" srcset=\"https:\/\/socialdesignmagazine.com\/mag\/wp-content\/uploads\/2015\/11\/Lisa-ambientata.jpg 1200w, https:\/\/socialdesignmagazine.com\/mag\/wp-content\/uploads\/2015\/11\/Lisa-ambientata-768x1063.jpg 768w, https:\/\/socialdesignmagazine.com\/mag\/wp-content\/uploads\/2015\/11\/Lisa-ambientata-1024x1417.jpg 1024w\" sizes=\"auto, (max-width: 1200px) 100vw, 1200px\" \/><\/a><p id=\"caption-attachment-25957\" class=\"wp-caption-text\">Poltrona Lisa di Smania Home Couture<\/p><\/div>\n<p><a href=\"https:\/\/socialdesignmagazine.com\/mag\/blog\/design-news\/casa-natalizia-gli-arredi-di-smania-home-couture\/attachment\/lisa\/#content\" rel=\"attachment wp-att-25958\"><img loading=\"lazy\" decoding=\"async\" data-attachment-id=\"25958\" data-permalink=\"https:\/\/socialdesignmagazine.com\/mag\/news\/design-news\/casa-natalizia-gli-arredi-di-smania-home-couture\/attachment\/lisa\/#content\" data-orig-file=\"https:\/\/socialdesignmagazine.com\/mag\/wp-content\/uploads\/2015\/11\/Lisa.jpg\" data-orig-size=\"1200,1312\" data-comments-opened=\"1\" data-image-meta=\"{&quot;aperture&quot;:&quot;0&quot;,&quot;credit&quot;:&quot;&quot;,&quot;camera&quot;:&quot;&quot;,&quot;caption&quot;:&quot;&quot;,&quot;created_timestamp&quot;:&quot;0&quot;,&quot;copyright&quot;:&quot;&quot;,&quot;focal_length&quot;:&quot;0&quot;,&quot;iso&quot;:&quot;0&quot;,&quot;shutter_speed&quot;:&quot;0&quot;,&quot;title&quot;:&quot;&quot;,&quot;orientation&quot;:&quot;0&quot;}\" data-image-title=\"Lisa\" data-image-description=\"\" data-image-caption=\"\" data-medium-file=\"https:\/\/socialdesignmagazine.com\/mag\/wp-content\/uploads\/2015\/11\/Lisa-396x256.jpg\" data-large-file=\"https:\/\/socialdesignmagazine.com\/mag\/wp-content\/uploads\/2015\/11\/Lisa-1024x1120.jpg\" class=\"alignnone wp-image-25958 size-full\" src=\"https:\/\/socialdesignmagazine.com\/mag\/wp-content\/uploads\/2015\/11\/Lisa.jpg\" alt=\"Casa natalizia, gli arredi di Smania Home Couture, poltrona Lisa\" width=\"1200\" height=\"1312\" srcset=\"https:\/\/socialdesignmagazine.com\/mag\/wp-content\/uploads\/2015\/11\/Lisa.jpg 1200w, https:\/\/socialdesignmagazine.com\/mag\/wp-content\/uploads\/2015\/11\/Lisa-768x840.jpg 768w, https:\/\/socialdesignmagazine.com\/mag\/wp-content\/uploads\/2015\/11\/Lisa-1024x1120.jpg 1024w\" sizes=\"auto, (max-width: 1200px) 100vw, 1200px\" \/><\/a><\/p>\n<p><strong>All\u2019interno della collezione Home Couture, sono i velluti gli assoluti protagonisti, ed in\u00a0particolare:<\/strong><\/p>\n<ul>\n<li>1 VELLUTO DI SETA, elegante e prezioso in 11 varianti colore;<\/li>\n<li>4 TEXTURE inedite Smania:\n<ul>\n<li>Troy, il cavallo di Smania diventa icona inconfondibile;<\/li>\n<li>Labyrinth, un prezioso intreccio di linee chiare su fondo nero impreziosisce arredi, pareti\u00a0e boiserie;<\/li>\n<li>Diamante, un elegante effetto a maglia metallica che prende vita sul velluto;<\/li>\n<li>Miel, raffinate figure geometriche in un gioco di contrasto e armonia di tonalit\u00e0.<\/li>\n<\/ul>\n<\/li>\n<\/ul>\n<div id=\"attachment_25956\" style=\"width: 1210px\" class=\"wp-caption alignnone\"><a href=\"https:\/\/socialdesignmagazine.com\/mag\/blog\/design-news\/casa-natalizia-gli-arredi-di-smania-home-couture\/attachment\/giada-lr\/#content\" rel=\"attachment wp-att-25956\"><img loading=\"lazy\" decoding=\"async\" aria-describedby=\"caption-attachment-25956\" data-attachment-id=\"25956\" data-permalink=\"https:\/\/socialdesignmagazine.com\/mag\/news\/design-news\/casa-natalizia-gli-arredi-di-smania-home-couture\/attachment\/giada-lr\/#content\" data-orig-file=\"https:\/\/socialdesignmagazine.com\/mag\/wp-content\/uploads\/2015\/11\/Giada-LR.jpg\" data-orig-size=\"1200,1653\" data-comments-opened=\"1\" data-image-meta=\"{&quot;aperture&quot;:&quot;0&quot;,&quot;credit&quot;:&quot;&quot;,&quot;camera&quot;:&quot;&quot;,&quot;caption&quot;:&quot;&quot;,&quot;created_timestamp&quot;:&quot;0&quot;,&quot;copyright&quot;:&quot;&quot;,&quot;focal_length&quot;:&quot;0&quot;,&quot;iso&quot;:&quot;0&quot;,&quot;shutter_speed&quot;:&quot;0&quot;,&quot;title&quot;:&quot;&quot;,&quot;orientation&quot;:&quot;0&quot;}\" data-image-title=\"Giada LR\" data-image-description=\"\" data-image-caption=\"\" data-medium-file=\"https:\/\/socialdesignmagazine.com\/mag\/wp-content\/uploads\/2015\/11\/Giada-LR-396x256.jpg\" data-large-file=\"https:\/\/socialdesignmagazine.com\/mag\/wp-content\/uploads\/2015\/11\/Giada-LR-1024x1411.jpg\" class=\"wp-image-25956 size-full\" src=\"https:\/\/socialdesignmagazine.com\/mag\/wp-content\/uploads\/2015\/11\/Giada-LR.jpg\" alt=\"Casa natalizia, gli arredi di Smania Home Couture poltrona Giada LR\" width=\"1200\" height=\"1653\" srcset=\"https:\/\/socialdesignmagazine.com\/mag\/wp-content\/uploads\/2015\/11\/Giada-LR.jpg 1200w, https:\/\/socialdesignmagazine.com\/mag\/wp-content\/uploads\/2015\/11\/Giada-LR-768x1058.jpg 768w, https:\/\/socialdesignmagazine.com\/mag\/wp-content\/uploads\/2015\/11\/Giada-LR-1024x1411.jpg 1024w\" sizes=\"auto, (max-width: 1200px) 100vw, 1200px\" \/><\/a><p id=\"caption-attachment-25956\" class=\"wp-caption-text\">Smania Home Couture poltrona Giada LR<\/p><\/div>\n<div id=\"attachment_25959\" style=\"width: 1210px\" class=\"wp-caption alignnone\"><a href=\"https:\/\/socialdesignmagazine.com\/mag\/blog\/design-news\/casa-natalizia-gli-arredi-di-smania-home-couture\/attachment\/serse-amb-lr\/#content\" rel=\"attachment wp-att-25959\"><img loading=\"lazy\" decoding=\"async\" aria-describedby=\"caption-attachment-25959\" data-attachment-id=\"25959\" data-permalink=\"https:\/\/socialdesignmagazine.com\/mag\/news\/design-news\/casa-natalizia-gli-arredi-di-smania-home-couture\/attachment\/serse-amb-lr\/#content\" data-orig-file=\"https:\/\/socialdesignmagazine.com\/mag\/wp-content\/uploads\/2015\/11\/Serse-amb.-LR.jpg\" data-orig-size=\"1200,1786\" data-comments-opened=\"1\" data-image-meta=\"{&quot;aperture&quot;:&quot;0&quot;,&quot;credit&quot;:&quot;&quot;,&quot;camera&quot;:&quot;&quot;,&quot;caption&quot;:&quot;&quot;,&quot;created_timestamp&quot;:&quot;0&quot;,&quot;copyright&quot;:&quot;&quot;,&quot;focal_length&quot;:&quot;0&quot;,&quot;iso&quot;:&quot;0&quot;,&quot;shutter_speed&quot;:&quot;0&quot;,&quot;title&quot;:&quot;&quot;,&quot;orientation&quot;:&quot;0&quot;}\" data-image-title=\"Serse amb. LR\" data-image-description=\"\" data-image-caption=\"\" data-medium-file=\"https:\/\/socialdesignmagazine.com\/mag\/wp-content\/uploads\/2015\/11\/Serse-amb.-LR-396x256.jpg\" data-large-file=\"https:\/\/socialdesignmagazine.com\/mag\/wp-content\/uploads\/2015\/11\/Serse-amb.-LR-1024x1524.jpg\" class=\"wp-image-25959 size-full\" src=\"https:\/\/socialdesignmagazine.com\/mag\/wp-content\/uploads\/2015\/11\/Serse-amb.-LR.jpg\" alt=\"Casa natalizia, gli arredi di Smania Home Couture lampadario Serse LR\" width=\"1200\" height=\"1786\" srcset=\"https:\/\/socialdesignmagazine.com\/mag\/wp-content\/uploads\/2015\/11\/Serse-amb.-LR.jpg 1200w, https:\/\/socialdesignmagazine.com\/mag\/wp-content\/uploads\/2015\/11\/Serse-amb.-LR-768x1143.jpg 768w, https:\/\/socialdesignmagazine.com\/mag\/wp-content\/uploads\/2015\/11\/Serse-amb.-LR-1024x1524.jpg 1024w\" sizes=\"auto, (max-width: 1200px) 100vw, 1200px\" \/><\/a><p id=\"caption-attachment-25959\" class=\"wp-caption-text\">Smania Home Couture lampadario Serse LR<\/p><\/div>\n","protected":false,"gt_translate_keys":[{"key":"rendered","format":"html"}]},"excerpt":{"rendered":"<p>Velluto di seta, inedite textures, oro e rosso, la selezione di pezzi di arredamento per la casa natalizia suggeriti da Smania Home Couture.<\/p>\n","protected":false,"gt_translate_keys":[{"key":"rendered","format":"html"}]},"author":1,"featured_media":25954,"comment_status":"open","ping_status":"open","sticky":false,"template":"","format":"standard","meta":{"jetpack_post_was_ever_published":false,"_jetpack_newsletter_access":"","_jetpack_dont_email_post_to_subs":false,"_jetpack_newsletter_tier_id":0,"_jetpack_memberships_contains_paywalled_content":false,"_jetpack_memberships_contains_paid_content":false,"footnotes":"","_wpscppro_dont_share_socialmedia":false,"_wpscppro_custom_social_share_image":0,"_facebook_share_type":"","_twitter_share_type":"","_linkedin_share_type":"","_pinterest_share_type":"","_linkedin_share_type_page":"","_instagram_share_type":"","_medium_share_type":"","_threads_share_type":"","_google_business_share_type":"","_selected_social_profile":[],"_wpsp_enable_custom_social_template":false,"_wpsp_social_scheduling":{"enabled":false,"datetime":null,"platforms":[],"status":"template_only","dateOption":"today","timeOption":"now","customDays":"","customHours":"","customDate":"","customTime":"","schedulingType":"absolute"},"_wpsp_active_default_template":true},"categories":[17],"tags":[2292,4062,1767,1062,4230],"class_list":["post-25937","post","type-post","status-publish","format-standard","has-post-thumbnail","hentry","category-design-news","tag-interior-design","tag-lampadario","tag-natale","tag-poltrona","tag-smania"],"yoast_head":"<!-- This site is optimized with the Yoast SEO plugin v27.2 - https:\/\/yoast.com\/product\/yoast-seo-wordpress\/ -->\n<title>Casa natalizia, gli arredi di Smania Home Couture<\/title>\n<meta name=\"description\" content=\"Velluto di seta, inedite textures, oro e rosso, la selezione di pezzi di arredamento per la casa natalizia suggeriti\u00a0da Smania Home Couture.\" \/>\n<meta name=\"robots\" content=\"index, follow, max-snippet:-1, max-image-preview:large, max-video-preview:-1\" \/>\n<link rel=\"canonical\" href=\"https:\/\/socialdesignmagazine.com\/mag\/news\/design-news\/casa-natalizia-gli-arredi-di-smania-home-couture\/\" \/>\n<meta property=\"og:locale\" content=\"it_IT\" \/>\n<meta property=\"og:type\" content=\"article\" \/>\n<meta property=\"og:title\" content=\"Casa natalizia, gli arredi di Smania Home Couture\" \/>\n<meta property=\"og:description\" content=\"Velluto di seta, inedite textures, oro e rosso, la selezione di pezzi di arredamento per la casa natalizia suggeriti\u00a0da Smania Home Couture.\" \/>\n<meta property=\"og:url\" content=\"http:\/\/socialdesignmagazine.com\/mag\/news\/design-news\/casa-natalizia-gli-arredi-di-smania-home-couture\/\" \/>\n<meta property=\"og:site_name\" content=\"Social Design Magazine\" \/>\n<meta property=\"article:publisher\" content=\"https:\/\/www.facebook.com\/socialdesignmag\" \/>\n<meta property=\"article:author\" content=\"https:\/\/www.facebook.com\/benedettofiori\" \/>\n<meta property=\"article:published_time\" content=\"2015-11-27T15:44:31+00:00\" \/>\n<meta property=\"article:modified_time\" content=\"2015-11-27T18:01:35+00:00\" \/>\n<meta property=\"og:image\" content=\"https:\/\/socialdesignmagazine.com\/mag\/wp-content\/uploads\/2015\/11\/Lisa-ambientata-2.jpg\" \/>\n\t<meta property=\"og:image:width\" content=\"1200\" \/>\n\t<meta property=\"og:image:height\" content=\"961\" \/>\n\t<meta property=\"og:image:type\" content=\"image\/jpeg\" \/>\n<meta name=\"author\" content=\"Benedetto Fiori\" \/>\n<meta name=\"twitter:card\" content=\"summary_large_image\" \/>\n<meta name=\"twitter:creator\" content=\"@benedettofiori\" \/>\n<meta name=\"twitter:site\" content=\"@socialdesignmag\" \/>\n<meta name=\"twitter:label1\" content=\"Scritto da\" \/>\n\t<meta name=\"twitter:data1\" content=\"Benedetto Fiori\" \/>\n\t<meta name=\"twitter:label2\" content=\"Tempo di lettura stimato\" \/>\n\t<meta name=\"twitter:data2\" content=\"1 minuto\" \/>\n<script type=\"application\/ld+json\" class=\"yoast-schema-graph\">{\"@context\":\"https:\/\/schema.org\",\"@graph\":[{\"@type\":\"Article\",\"@id\":\"https:\/\/socialdesignmagazine.com\/mag\/news\/design-news\/casa-natalizia-gli-arredi-di-smania-home-couture\/#article\",\"isPartOf\":{\"@id\":\"https:\/\/socialdesignmagazine.com\/mag\/news\/design-news\/casa-natalizia-gli-arredi-di-smania-home-couture\/\"},\"author\":{\"name\":\"Benedetto Fiori\",\"@id\":\"https:\/\/socialdesignmagazine.com\/mag\/#\/schema\/person\/61e20205cc363c315e6aabd33a045846\"},\"headline\":\"Casa natalizia, gli arredi di Smania Home Couture\",\"datePublished\":\"2015-11-27T15:44:31+00:00\",\"dateModified\":\"2015-11-27T18:01:35+00:00\",\"mainEntityOfPage\":{\"@id\":\"https:\/\/socialdesignmagazine.com\/mag\/news\/design-news\/casa-natalizia-gli-arredi-di-smania-home-couture\/\"},\"wordCount\":216,\"commentCount\":0,\"publisher\":{\"@id\":\"https:\/\/socialdesignmagazine.com\/mag\/#organization\"},\"image\":{\"@id\":\"https:\/\/socialdesignmagazine.com\/mag\/news\/design-news\/casa-natalizia-gli-arredi-di-smania-home-couture\/#primaryimage\"},\"thumbnailUrl\":\"https:\/\/socialdesignmagazine.com\/mag\/wp-content\/uploads\/2015\/11\/Lisa-ambientata-2.jpg\",\"keywords\":[\"interior design\",\"lampadario\",\"natale\",\"poltrona\",\"smania\"],\"articleSection\":[\"Design News\"],\"inLanguage\":\"it-IT\",\"potentialAction\":[{\"@type\":\"CommentAction\",\"name\":\"Comment\",\"target\":[\"https:\/\/socialdesignmagazine.com\/mag\/news\/design-news\/casa-natalizia-gli-arredi-di-smania-home-couture\/#respond\"]}]},{\"@type\":\"WebPage\",\"@id\":\"https:\/\/socialdesignmagazine.com\/mag\/news\/design-news\/casa-natalizia-gli-arredi-di-smania-home-couture\/\",\"url\":\"https:\/\/socialdesignmagazine.com\/mag\/news\/design-news\/casa-natalizia-gli-arredi-di-smania-home-couture\/\",\"name\":\"Casa natalizia, gli arredi di Smania Home Couture\",\"isPartOf\":{\"@id\":\"https:\/\/socialdesignmagazine.com\/mag\/#website\"},\"primaryImageOfPage\":{\"@id\":\"https:\/\/socialdesignmagazine.com\/mag\/news\/design-news\/casa-natalizia-gli-arredi-di-smania-home-couture\/#primaryimage\"},\"image\":{\"@id\":\"https:\/\/socialdesignmagazine.com\/mag\/news\/design-news\/casa-natalizia-gli-arredi-di-smania-home-couture\/#primaryimage\"},\"thumbnailUrl\":\"https:\/\/socialdesignmagazine.com\/mag\/wp-content\/uploads\/2015\/11\/Lisa-ambientata-2.jpg\",\"datePublished\":\"2015-11-27T15:44:31+00:00\",\"dateModified\":\"2015-11-27T18:01:35+00:00\",\"description\":\"Velluto di seta, inedite textures, oro e rosso, la selezione di pezzi di arredamento per la casa natalizia suggeriti\u00a0da Smania Home Couture.\",\"breadcrumb\":{\"@id\":\"https:\/\/socialdesignmagazine.com\/mag\/news\/design-news\/casa-natalizia-gli-arredi-di-smania-home-couture\/#breadcrumb\"},\"inLanguage\":\"it-IT\",\"potentialAction\":[{\"@type\":\"ReadAction\",\"target\":[\"https:\/\/socialdesignmagazine.com\/mag\/news\/design-news\/casa-natalizia-gli-arredi-di-smania-home-couture\/\"]}]},{\"@type\":\"ImageObject\",\"inLanguage\":\"it-IT\",\"@id\":\"https:\/\/socialdesignmagazine.com\/mag\/news\/design-news\/casa-natalizia-gli-arredi-di-smania-home-couture\/#primaryimage\",\"url\":\"https:\/\/socialdesignmagazine.com\/mag\/wp-content\/uploads\/2015\/11\/Lisa-ambientata-2.jpg\",\"contentUrl\":\"https:\/\/socialdesignmagazine.com\/mag\/wp-content\/uploads\/2015\/11\/Lisa-ambientata-2.jpg\",\"width\":1200,\"height\":961,\"caption\":\"Casa natalizia, poltrona Lisa ambientata Smania Home Couture\"},{\"@type\":\"BreadcrumbList\",\"@id\":\"https:\/\/socialdesignmagazine.com\/mag\/news\/design-news\/casa-natalizia-gli-arredi-di-smania-home-couture\/#breadcrumb\",\"itemListElement\":[{\"@type\":\"ListItem\",\"position\":1,\"name\":\"Home\",\"item\":\"https:\/\/socialdesignmagazine.com\/mag\/\"},{\"@type\":\"ListItem\",\"position\":2,\"name\":\"News\",\"item\":\"https:\/\/socialdesignmagazine.com\/mag\/news\/\"},{\"@type\":\"ListItem\",\"position\":3,\"name\":\"Design News\",\"item\":\"https:\/\/socialdesignmagazine.com\/mag\/news\/design-news\/\"},{\"@type\":\"ListItem\",\"position\":4,\"name\":\"Casa natalizia, gli arredi di Smania Home Couture\"}]},{\"@type\":\"WebSite\",\"@id\":\"https:\/\/socialdesignmagazine.com\/mag\/#website\",\"url\":\"https:\/\/socialdesignmagazine.com\/mag\/\",\"name\":\"Social Design Magazine\",\"description\":\"Social Magazine su Design, Architettura, Arte, Grafica\",\"publisher\":{\"@id\":\"https:\/\/socialdesignmagazine.com\/mag\/#organization\"},\"potentialAction\":[{\"@type\":\"SearchAction\",\"target\":{\"@type\":\"EntryPoint\",\"urlTemplate\":\"https:\/\/socialdesignmagazine.com\/mag\/?s={search_term_string}\"},\"query-input\":{\"@type\":\"PropertyValueSpecification\",\"valueRequired\":true,\"valueName\":\"search_term_string\"}}],\"inLanguage\":\"it-IT\"},{\"@type\":\"Organization\",\"@id\":\"https:\/\/socialdesignmagazine.com\/mag\/#organization\",\"name\":\"Social Design Magazine\",\"url\":\"https:\/\/socialdesignmagazine.com\/mag\/\",\"logo\":{\"@type\":\"ImageObject\",\"inLanguage\":\"it-IT\",\"@id\":\"https:\/\/socialdesignmagazine.com\/mag\/#\/schema\/logo\/image\/\",\"url\":\"https:\/\/socialdesignmagazine.com\/mag\/wp-content\/uploads\/2017\/01\/logo_favicon_11.png\",\"contentUrl\":\"https:\/\/socialdesignmagazine.com\/mag\/wp-content\/uploads\/2017\/01\/logo_favicon_11.png\",\"width\":1024,\"height\":1024,\"caption\":\"Social Design Magazine\"},\"image\":{\"@id\":\"https:\/\/socialdesignmagazine.com\/mag\/#\/schema\/logo\/image\/\"},\"sameAs\":[\"https:\/\/www.facebook.com\/socialdesignmag\",\"https:\/\/x.com\/socialdesignmag\",\"http:\/\/instagram.com\/social_design_magazine\/\",\"http:\/\/pinterest.com\/socialdesignmag\/\",\"http:\/\/www.youtube.com\/user\/socialdesignmagazine\"]},{\"@type\":\"Person\",\"@id\":\"https:\/\/socialdesignmagazine.com\/mag\/#\/schema\/person\/61e20205cc363c315e6aabd33a045846\",\"name\":\"Benedetto Fiori\",\"image\":{\"@type\":\"ImageObject\",\"inLanguage\":\"it-IT\",\"@id\":\"https:\/\/secure.gravatar.com\/avatar\/450a48cefa36da63d920ad70aa660bd10725b1c6093800242e5efdb397759033?s=96&d=mm&r=g\",\"url\":\"https:\/\/secure.gravatar.com\/avatar\/450a48cefa36da63d920ad70aa660bd10725b1c6093800242e5efdb397759033?s=96&d=mm&r=g\",\"contentUrl\":\"https:\/\/secure.gravatar.com\/avatar\/450a48cefa36da63d920ad70aa660bd10725b1c6093800242e5efdb397759033?s=96&d=mm&r=g\",\"caption\":\"Benedetto Fiori\"},\"description\":\"Web | Twitter | Facebook | Shutterstock Founder &amp; Editor in Chief di Social Design Magazine. Attratto da sempre da tutto ci\u00f2 che \u00e8 creativit\u00e0, design, architettura. Dopo aver studiato Architettura all'Universit\u00e0 di Firenze, si \u00e8 impegnato in molteplici campi: comunicazione grafica, progettazione di allestimenti fieristici, brand design, Interior Design.\",\"sameAs\":[\"http:\/\/benedettofiori.com\",\"https:\/\/www.facebook.com\/benedettofiori\",\"https:\/\/x.com\/benedettofiori\"],\"url\":\"https:\/\/socialdesignmagazine.com\/mag\/author\/benedetto\/\"}]}<\/script>\n<!-- \/ Yoast SEO plugin. -->","yoast_head_json":{"title":"Casa natalizia, gli arredi di Smania Home Couture","description":"Velluto di seta, inedite textures, oro e rosso, la selezione di pezzi di arredamento per la casa natalizia suggeriti\u00a0da Smania Home Couture.","robots":{"index":"index","follow":"follow","max-snippet":"max-snippet:-1","max-image-preview":"max-image-preview:large","max-video-preview":"max-video-preview:-1"},"canonical":"https:\/\/socialdesignmagazine.com\/mag\/news\/design-news\/casa-natalizia-gli-arredi-di-smania-home-couture\/","og_locale":"it_IT","og_type":"article","og_title":"Casa natalizia, gli arredi di Smania Home Couture","og_description":"Velluto di seta, inedite textures, oro e rosso, la selezione di pezzi di arredamento per la casa natalizia suggeriti\u00a0da Smania Home Couture.","og_url":"http:\/\/socialdesignmagazine.com\/mag\/news\/design-news\/casa-natalizia-gli-arredi-di-smania-home-couture\/","og_site_name":"Social Design Magazine","article_publisher":"https:\/\/www.facebook.com\/socialdesignmag","article_author":"https:\/\/www.facebook.com\/benedettofiori","article_published_time":"2015-11-27T15:44:31+00:00","article_modified_time":"2015-11-27T18:01:35+00:00","og_image":[{"width":1200,"height":961,"url":"https:\/\/socialdesignmagazine.com\/mag\/wp-content\/uploads\/2015\/11\/Lisa-ambientata-2.jpg","type":"image\/jpeg"}],"author":"Benedetto Fiori","twitter_card":"summary_large_image","twitter_creator":"@benedettofiori","twitter_site":"@socialdesignmag","twitter_misc":{"Scritto da":"Benedetto Fiori","Tempo di lettura stimato":"1 minuto"},"schema":{"@context":"https:\/\/schema.org","@graph":[{"@type":"Article","@id":"https:\/\/socialdesignmagazine.com\/mag\/news\/design-news\/casa-natalizia-gli-arredi-di-smania-home-couture\/#article","isPartOf":{"@id":"https:\/\/socialdesignmagazine.com\/mag\/news\/design-news\/casa-natalizia-gli-arredi-di-smania-home-couture\/"},"author":{"name":"Benedetto Fiori","@id":"https:\/\/socialdesignmagazine.com\/mag\/#\/schema\/person\/61e20205cc363c315e6aabd33a045846"},"headline":"Casa natalizia, gli arredi di Smania Home Couture","datePublished":"2015-11-27T15:44:31+00:00","dateModified":"2015-11-27T18:01:35+00:00","mainEntityOfPage":{"@id":"https:\/\/socialdesignmagazine.com\/mag\/news\/design-news\/casa-natalizia-gli-arredi-di-smania-home-couture\/"},"wordCount":216,"commentCount":0,"publisher":{"@id":"https:\/\/socialdesignmagazine.com\/mag\/#organization"},"image":{"@id":"https:\/\/socialdesignmagazine.com\/mag\/news\/design-news\/casa-natalizia-gli-arredi-di-smania-home-couture\/#primaryimage"},"thumbnailUrl":"https:\/\/socialdesignmagazine.com\/mag\/wp-content\/uploads\/2015\/11\/Lisa-ambientata-2.jpg","keywords":["interior design","lampadario","natale","poltrona","smania"],"articleSection":["Design News"],"inLanguage":"it-IT","potentialAction":[{"@type":"CommentAction","name":"Comment","target":["https:\/\/socialdesignmagazine.com\/mag\/news\/design-news\/casa-natalizia-gli-arredi-di-smania-home-couture\/#respond"]}]},{"@type":"WebPage","@id":"https:\/\/socialdesignmagazine.com\/mag\/news\/design-news\/casa-natalizia-gli-arredi-di-smania-home-couture\/","url":"https:\/\/socialdesignmagazine.com\/mag\/news\/design-news\/casa-natalizia-gli-arredi-di-smania-home-couture\/","name":"Casa natalizia, gli arredi di Smania Home Couture","isPartOf":{"@id":"https:\/\/socialdesignmagazine.com\/mag\/#website"},"primaryImageOfPage":{"@id":"https:\/\/socialdesignmagazine.com\/mag\/news\/design-news\/casa-natalizia-gli-arredi-di-smania-home-couture\/#primaryimage"},"image":{"@id":"https:\/\/socialdesignmagazine.com\/mag\/news\/design-news\/casa-natalizia-gli-arredi-di-smania-home-couture\/#primaryimage"},"thumbnailUrl":"https:\/\/socialdesignmagazine.com\/mag\/wp-content\/uploads\/2015\/11\/Lisa-ambientata-2.jpg","datePublished":"2015-11-27T15:44:31+00:00","dateModified":"2015-11-27T18:01:35+00:00","description":"Velluto di seta, inedite textures, oro e rosso, la selezione di pezzi di arredamento per la casa natalizia suggeriti\u00a0da Smania Home Couture.","breadcrumb":{"@id":"https:\/\/socialdesignmagazine.com\/mag\/news\/design-news\/casa-natalizia-gli-arredi-di-smania-home-couture\/#breadcrumb"},"inLanguage":"it-IT","potentialAction":[{"@type":"ReadAction","target":["https:\/\/socialdesignmagazine.com\/mag\/news\/design-news\/casa-natalizia-gli-arredi-di-smania-home-couture\/"]}]},{"@type":"ImageObject","inLanguage":"it-IT","@id":"https:\/\/socialdesignmagazine.com\/mag\/news\/design-news\/casa-natalizia-gli-arredi-di-smania-home-couture\/#primaryimage","url":"https:\/\/socialdesignmagazine.com\/mag\/wp-content\/uploads\/2015\/11\/Lisa-ambientata-2.jpg","contentUrl":"https:\/\/socialdesignmagazine.com\/mag\/wp-content\/uploads\/2015\/11\/Lisa-ambientata-2.jpg","width":1200,"height":961,"caption":"Casa natalizia, poltrona Lisa ambientata Smania Home Couture"},{"@type":"BreadcrumbList","@id":"https:\/\/socialdesignmagazine.com\/mag\/news\/design-news\/casa-natalizia-gli-arredi-di-smania-home-couture\/#breadcrumb","itemListElement":[{"@type":"ListItem","position":1,"name":"Home","item":"https:\/\/socialdesignmagazine.com\/mag\/"},{"@type":"ListItem","position":2,"name":"News","item":"https:\/\/socialdesignmagazine.com\/mag\/news\/"},{"@type":"ListItem","position":3,"name":"Design News","item":"https:\/\/socialdesignmagazine.com\/mag\/news\/design-news\/"},{"@type":"ListItem","position":4,"name":"Casa natalizia, gli arredi di Smania Home Couture"}]},{"@type":"WebSite","@id":"https:\/\/socialdesignmagazine.com\/mag\/#website","url":"https:\/\/socialdesignmagazine.com\/mag\/","name":"Social Design Magazine","description":"Social Magazine su Design, Architettura, Arte, Grafica","publisher":{"@id":"https:\/\/socialdesignmagazine.com\/mag\/#organization"},"potentialAction":[{"@type":"SearchAction","target":{"@type":"EntryPoint","urlTemplate":"https:\/\/socialdesignmagazine.com\/mag\/?s={search_term_string}"},"query-input":{"@type":"PropertyValueSpecification","valueRequired":true,"valueName":"search_term_string"}}],"inLanguage":"it-IT"},{"@type":"Organization","@id":"https:\/\/socialdesignmagazine.com\/mag\/#organization","name":"Social Design Magazine","url":"https:\/\/socialdesignmagazine.com\/mag\/","logo":{"@type":"ImageObject","inLanguage":"it-IT","@id":"https:\/\/socialdesignmagazine.com\/mag\/#\/schema\/logo\/image\/","url":"https:\/\/socialdesignmagazine.com\/mag\/wp-content\/uploads\/2017\/01\/logo_favicon_11.png","contentUrl":"https:\/\/socialdesignmagazine.com\/mag\/wp-content\/uploads\/2017\/01\/logo_favicon_11.png","width":1024,"height":1024,"caption":"Social Design Magazine"},"image":{"@id":"https:\/\/socialdesignmagazine.com\/mag\/#\/schema\/logo\/image\/"},"sameAs":["https:\/\/www.facebook.com\/socialdesignmag","https:\/\/x.com\/socialdesignmag","http:\/\/instagram.com\/social_design_magazine\/","http:\/\/pinterest.com\/socialdesignmag\/","http:\/\/www.youtube.com\/user\/socialdesignmagazine"]},{"@type":"Person","@id":"https:\/\/socialdesignmagazine.com\/mag\/#\/schema\/person\/61e20205cc363c315e6aabd33a045846","name":"Benedetto Fiori","image":{"@type":"ImageObject","inLanguage":"it-IT","@id":"https:\/\/secure.gravatar.com\/avatar\/450a48cefa36da63d920ad70aa660bd10725b1c6093800242e5efdb397759033?s=96&d=mm&r=g","url":"https:\/\/secure.gravatar.com\/avatar\/450a48cefa36da63d920ad70aa660bd10725b1c6093800242e5efdb397759033?s=96&d=mm&r=g","contentUrl":"https:\/\/secure.gravatar.com\/avatar\/450a48cefa36da63d920ad70aa660bd10725b1c6093800242e5efdb397759033?s=96&d=mm&r=g","caption":"Benedetto Fiori"},"description":"Web | Twitter | Facebook | Shutterstock Founder &amp; Editor in Chief di Social Design Magazine. Attratto da sempre da tutto ci\u00f2 che \u00e8 creativit\u00e0, design, architettura. Dopo aver studiato Architettura all'Universit\u00e0 di Firenze, si \u00e8 impegnato in molteplici campi: comunicazione grafica, progettazione di allestimenti fieristici, brand design, Interior Design.","sameAs":["http:\/\/benedettofiori.com","https:\/\/www.facebook.com\/benedettofiori","https:\/\/x.com\/benedettofiori"],"url":"https:\/\/socialdesignmagazine.com\/mag\/author\/benedetto\/"}]}},"jetpack_featured_media_url":"https:\/\/socialdesignmagazine.com\/mag\/wp-content\/uploads\/2015\/11\/Lisa-ambientata-2.jpg","jetpack_sharing_enabled":true,"jetpack_shortlink":"https:\/\/wp.me\/p6cV7V-6Kl","gt_translate_keys":[{"key":"link","format":"url"}],"_links":{"self":[{"href":"https:\/\/socialdesignmagazine.com\/mag\/wp-json\/wp\/v2\/posts\/25937","targetHints":{"allow":["GET"]}}],"collection":[{"href":"https:\/\/socialdesignmagazine.com\/mag\/wp-json\/wp\/v2\/posts"}],"about":[{"href":"https:\/\/socialdesignmagazine.com\/mag\/wp-json\/wp\/v2\/types\/post"}],"author":[{"embeddable":true,"href":"https:\/\/socialdesignmagazine.com\/mag\/wp-json\/wp\/v2\/users\/1"}],"replies":[{"embeddable":true,"href":"https:\/\/socialdesignmagazine.com\/mag\/wp-json\/wp\/v2\/comments?post=25937"}],"version-history":[{"count":8,"href":"https:\/\/socialdesignmagazine.com\/mag\/wp-json\/wp\/v2\/posts\/25937\/revisions"}],"predecessor-version":[{"id":25970,"href":"https:\/\/socialdesignmagazine.com\/mag\/wp-json\/wp\/v2\/posts\/25937\/revisions\/25970"}],"wp:featuredmedia":[{"embeddable":true,"href":"https:\/\/socialdesignmagazine.com\/mag\/wp-json\/wp\/v2\/media\/25954"}],"wp:attachment":[{"href":"https:\/\/socialdesignmagazine.com\/mag\/wp-json\/wp\/v2\/media?parent=25937"}],"wp:term":[{"taxonomy":"category","embeddable":true,"href":"https:\/\/socialdesignmagazine.com\/mag\/wp-json\/wp\/v2\/categories?post=25937"},{"taxonomy":"post_tag","embeddable":true,"href":"https:\/\/socialdesignmagazine.com\/mag\/wp-json\/wp\/v2\/tags?post=25937"}],"curies":[{"name":"wp","href":"https:\/\/api.w.org\/{rel}","templated":true}]}}