{"id":2610,"date":"2013-12-09T15:00:00","date_gmt":"2013-12-09T14:00:00","guid":{"rendered":"https:\/\/socialdesignmagazine.com\/mag\/s5-architettura\/c34-architettura\/organic-cities-luca-curci-architects\/"},"modified":"2025-03-06T15:16:14","modified_gmt":"2025-03-06T14:16:14","slug":"organic-cities-luca-curci-architects","status":"publish","type":"post","link":"https:\/\/socialdesignmagazine.com\/mag\/architettura\/organic-cities-luca-curci-architects\/","title":{"rendered":"Organic Cities \/ Luca Curci Architects","gt_translate_keys":[{"key":"rendered","format":"text"}]},"content":{"rendered":"\n<p>Lo studio di architettura&nbsp;<a class=\"jcepopup\" rel=\"nofollow\" target=\"_blank\" href=\"http:\/\/www.lucacurci.com\/architecture\/organic-cities-united-arab-emirates.html\"><strong>Luca Curci architects<\/strong><\/a>&nbsp;ha concepito ed elaborato <strong>\u201cOrganic Cities\u201d<\/strong>: un progetto che, basandosi sulle peculiarit\u00e0 delle citt\u00e0 \u201corganiche\u201d, mira ad ergersi come&nbsp;<strong>punto focale dello skyline degli Emirati Arabi<\/strong>. Questi nuovi \u201caggregati organici\u201d si configurano come veri e propri complessi urbani costituiti da zone residenziali, distretti economici, negozi, aree benessere e siti culturali. Lo scopo del progetto \u00e8 quello di&nbsp;creare aggregazioni di edifici-citt\u00e0&nbsp;dove sar\u00e0 possibile lavorare, incontrarsi, creare cultura e vivere.<\/p>\n\n\n\n<p><strong>Il progetto si \u00e8 sviluppato partendo dallo studio concettuale dei simboli e dei significati attribuiti agli elementi naturali<\/strong>. Il complesso costruttivo si articola in due gruppi: i \u201cpalazzi organici\u201d sulla terra ferma e le \u201clune\u201d sul mare. Entrambi i gruppi sono connessi ed uniti fra loro attraverso strade, parchi, piste ciclabili e pedonali. Gli aggregati sulla costa sono caratterizzati da&nbsp;forme organiche e futuristiche. Le lune nel mare si dividono in 3 tipologie: le pi\u00f9 piccole sono concepite come residenze con accesso alle spiagge e zona di atterraggio privati, le strutture a luna di media dimensione ospitano hotel raggiungibili via terra, mare e aria, mentre le lune pi\u00f9 grandi sono costituite da hotel, residence e abitazioni private.<\/p>\n\n\n<div class=\"wp-block-image\">\n<figure class=\"aligncenter\"><img loading=\"lazy\" decoding=\"async\" width=\"720\" height=\"499\" data-attachment-id=\"15323\" data-permalink=\"https:\/\/socialdesignmagazine.com\/mag\/architettura\/organic-cities-luca-curci-architects\/attachment\/organic-cities-luca-curci-architects-002\/#content\" data-orig-file=\"https:\/\/socialdesignmagazine.com\/mag\/wp-content\/uploads\/2013\/12\/users_ARClickDesign.com_organic_cities_Organic-Cities-Luca-Curci-Architects-002.jpg\" data-orig-size=\"720,499\" data-comments-opened=\"1\" data-image-meta=\"{&quot;aperture&quot;:&quot;0&quot;,&quot;credit&quot;:&quot;&quot;,&quot;camera&quot;:&quot;&quot;,&quot;caption&quot;:&quot;&quot;,&quot;created_timestamp&quot;:&quot;0&quot;,&quot;copyright&quot;:&quot;&quot;,&quot;focal_length&quot;:&quot;0&quot;,&quot;iso&quot;:&quot;0&quot;,&quot;shutter_speed&quot;:&quot;0&quot;,&quot;title&quot;:&quot;&quot;,&quot;orientation&quot;:&quot;1&quot;}\" data-image-title=\"Organic-Cities-Luca-Curci-Architects-002\" data-image-description=\"\" data-image-caption=\"\" data-medium-file=\"https:\/\/socialdesignmagazine.com\/mag\/wp-content\/uploads\/2013\/12\/users_ARClickDesign.com_organic_cities_Organic-Cities-Luca-Curci-Architects-002-396x256.jpg\" data-large-file=\"https:\/\/socialdesignmagazine.com\/mag\/wp-content\/uploads\/2013\/12\/users_ARClickDesign.com_organic_cities_Organic-Cities-Luca-Curci-Architects-002.jpg\" src=\"https:\/\/socialdesignmagazine.com\/mag\/wp-content\/uploads\/2013\/12\/users_ARClickDesign.com_organic_cities_Organic-Cities-Luca-Curci-Architects-002.jpg\" alt=\"Organic-Cities-Luca-Curci-Architects-002\" class=\"wp-image-15323\"\/><\/figure>\n<\/div>\n\n\n<p><strong>L\u2019intera area calpestabile dei palazzi&nbsp;potr\u00e0 ospitare pi\u00f9 di 150.000 abitanti<\/strong>, con il 50% degli spazi dedicato alle aree verdi e di incontro. Pi\u00f9 di 800.000 metri quadrati adibiti a spa, hotel e aree benessere; 6.300.000 metri quadrati di aree shopping, gallerie, musei; 4.500.000 metri quadrati adibiti ad uffici e servizi.<\/p>\n\n\n\n<p>Con un\u2019area coperta di 600.000 metri quadrati, il programma ospiter\u00e0 <strong>residenze, uffici e spazi commerciali e collettivi<\/strong>. Il palazzo pi\u00f9 alto raggiunger\u00e0 i 470 metri, mentre il secondo e terzo agglomerato saranno proporzionalmente pi\u00f9 bassi. La luna nel mare pi\u00f9 alta raggiunger\u00e0 i 190 metri, mentre la seconda sar\u00e0 di 115 metri e la terza di 90 metri.<\/p>\n\n\n\n<p>I \u201cpalazzi organici\u201d hanno una forma concepita per&nbsp;integrarsi perfettamente al paesaggio&nbsp;e alle condizioni ambientali del deserto, e sono state ideate prendendo spunto dalle forme che in natura abitano e sono in grado di sopravvivere in quelle determinate condizioni ambientali. I \u201cpalazzi organici\u201d saranno l\u2019evoluzione delle metropoli contemporanee. Consentiranno nuovamente di sviluppare le connessioni ed i rapporti tra gli esseri umani attraverso migliaia di luoghi comuni e di aggregazione che abbatteranno il potere alienante delle metropoli del XX e XXI secolo.<\/p>\n\n\n<div class=\"wp-block-image\">\n<figure class=\"aligncenter\"><img loading=\"lazy\" decoding=\"async\" width=\"720\" height=\"499\" data-attachment-id=\"15324\" data-permalink=\"https:\/\/socialdesignmagazine.com\/mag\/architettura\/organic-cities-luca-curci-architects\/attachment\/organic-cities-luca-curci-architects-003\/#content\" data-orig-file=\"https:\/\/socialdesignmagazine.com\/mag\/wp-content\/uploads\/2013\/12\/users_ARClickDesign.com_organic_cities_Organic-Cities-Luca-Curci-Architects-003.jpg\" data-orig-size=\"720,499\" data-comments-opened=\"1\" data-image-meta=\"{&quot;aperture&quot;:&quot;0&quot;,&quot;credit&quot;:&quot;&quot;,&quot;camera&quot;:&quot;&quot;,&quot;caption&quot;:&quot;&quot;,&quot;created_timestamp&quot;:&quot;0&quot;,&quot;copyright&quot;:&quot;&quot;,&quot;focal_length&quot;:&quot;0&quot;,&quot;iso&quot;:&quot;0&quot;,&quot;shutter_speed&quot;:&quot;0&quot;,&quot;title&quot;:&quot;&quot;,&quot;orientation&quot;:&quot;1&quot;}\" data-image-title=\"Organic-Cities-Luca-Curci-Architects-003\" data-image-description=\"\" data-image-caption=\"\" data-medium-file=\"https:\/\/socialdesignmagazine.com\/mag\/wp-content\/uploads\/2013\/12\/users_ARClickDesign.com_organic_cities_Organic-Cities-Luca-Curci-Architects-003-396x256.jpg\" data-large-file=\"https:\/\/socialdesignmagazine.com\/mag\/wp-content\/uploads\/2013\/12\/users_ARClickDesign.com_organic_cities_Organic-Cities-Luca-Curci-Architects-003.jpg\" src=\"https:\/\/socialdesignmagazine.com\/mag\/wp-content\/uploads\/2013\/12\/users_ARClickDesign.com_organic_cities_Organic-Cities-Luca-Curci-Architects-003.jpg\" alt=\"Organic-Cities-Luca-Curci-Architects-003\" class=\"wp-image-15324\"\/><\/figure>\n<\/div>\n\n\n<p>Il masterplan \u00e8 stato concepito per essere adattivo e soggetto ad evoluzioni. Ci\u00f2 dipender\u00e0 dall\u2019area che ospiter\u00e0 il progetto. I primi 5 edifici organici e 5 lune dispongono di tutti i servizi necesssari in una citt\u00e0 contemporanea, focalizzando l\u2019attenzione sugli aspetti sociali, alle connessioni umane ed ai posti comuni in cui incontrarsi.<\/p>\n\n\n<div class=\"wp-block-image\">\n<figure class=\"aligncenter\"><img loading=\"lazy\" decoding=\"async\" width=\"720\" height=\"499\" data-attachment-id=\"15325\" data-permalink=\"https:\/\/socialdesignmagazine.com\/mag\/architettura\/organic-cities-luca-curci-architects\/attachment\/organic-cities-luca-curci-architects-004\/#content\" data-orig-file=\"https:\/\/socialdesignmagazine.com\/mag\/wp-content\/uploads\/2013\/12\/users_ARClickDesign.com_organic_cities_Organic-Cities-Luca-Curci-Architects-004.jpg\" data-orig-size=\"720,499\" data-comments-opened=\"1\" data-image-meta=\"{&quot;aperture&quot;:&quot;0&quot;,&quot;credit&quot;:&quot;&quot;,&quot;camera&quot;:&quot;&quot;,&quot;caption&quot;:&quot;&quot;,&quot;created_timestamp&quot;:&quot;0&quot;,&quot;copyright&quot;:&quot;&quot;,&quot;focal_length&quot;:&quot;0&quot;,&quot;iso&quot;:&quot;0&quot;,&quot;shutter_speed&quot;:&quot;0&quot;,&quot;title&quot;:&quot;&quot;,&quot;orientation&quot;:&quot;1&quot;}\" data-image-title=\"Organic-Cities-Luca-Curci-Architects-004\" data-image-description=\"\" data-image-caption=\"\" data-medium-file=\"https:\/\/socialdesignmagazine.com\/mag\/wp-content\/uploads\/2013\/12\/users_ARClickDesign.com_organic_cities_Organic-Cities-Luca-Curci-Architects-004-396x256.jpg\" data-large-file=\"https:\/\/socialdesignmagazine.com\/mag\/wp-content\/uploads\/2013\/12\/users_ARClickDesign.com_organic_cities_Organic-Cities-Luca-Curci-Architects-004.jpg\" src=\"https:\/\/socialdesignmagazine.com\/mag\/wp-content\/uploads\/2013\/12\/users_ARClickDesign.com_organic_cities_Organic-Cities-Luca-Curci-Architects-004.jpg\" alt=\"Organic-Cities-Luca-Curci-Architects-004\" class=\"wp-image-15325\"\/><\/figure>\n<\/div>\n\n<div class=\"wp-block-image\">\n<figure class=\"aligncenter\"><img loading=\"lazy\" decoding=\"async\" width=\"720\" height=\"499\" data-attachment-id=\"15326\" data-permalink=\"https:\/\/socialdesignmagazine.com\/mag\/architettura\/organic-cities-luca-curci-architects\/attachment\/organic-cities-luca-curci-architects-005\/#content\" data-orig-file=\"https:\/\/socialdesignmagazine.com\/mag\/wp-content\/uploads\/2013\/12\/users_ARClickDesign.com_organic_cities_Organic-Cities-Luca-Curci-Architects-005.jpg\" data-orig-size=\"720,499\" data-comments-opened=\"1\" data-image-meta=\"{&quot;aperture&quot;:&quot;0&quot;,&quot;credit&quot;:&quot;&quot;,&quot;camera&quot;:&quot;&quot;,&quot;caption&quot;:&quot;&quot;,&quot;created_timestamp&quot;:&quot;0&quot;,&quot;copyright&quot;:&quot;&quot;,&quot;focal_length&quot;:&quot;0&quot;,&quot;iso&quot;:&quot;0&quot;,&quot;shutter_speed&quot;:&quot;0&quot;,&quot;title&quot;:&quot;&quot;,&quot;orientation&quot;:&quot;1&quot;}\" data-image-title=\"Organic-Cities-Luca-Curci-Architects-005\" data-image-description=\"\" data-image-caption=\"\" data-medium-file=\"https:\/\/socialdesignmagazine.com\/mag\/wp-content\/uploads\/2013\/12\/users_ARClickDesign.com_organic_cities_Organic-Cities-Luca-Curci-Architects-005-396x256.jpg\" data-large-file=\"https:\/\/socialdesignmagazine.com\/mag\/wp-content\/uploads\/2013\/12\/users_ARClickDesign.com_organic_cities_Organic-Cities-Luca-Curci-Architects-005.jpg\" src=\"https:\/\/socialdesignmagazine.com\/mag\/wp-content\/uploads\/2013\/12\/users_ARClickDesign.com_organic_cities_Organic-Cities-Luca-Curci-Architects-005.jpg\" alt=\"Organic-Cities-Luca-Curci-Architects-005\" class=\"wp-image-15326\"\/><\/figure>\n<\/div>\n\n<div class=\"wp-block-image\">\n<figure class=\"aligncenter\"><img loading=\"lazy\" decoding=\"async\" width=\"720\" height=\"499\" data-attachment-id=\"15327\" data-permalink=\"https:\/\/socialdesignmagazine.com\/mag\/architettura\/organic-cities-luca-curci-architects\/attachment\/organic-cities-luca-curci-architects-006\/#content\" data-orig-file=\"https:\/\/socialdesignmagazine.com\/mag\/wp-content\/uploads\/2013\/12\/users_ARClickDesign.com_organic_cities_Organic-Cities-Luca-Curci-Architects-006.jpg\" data-orig-size=\"720,499\" data-comments-opened=\"1\" data-image-meta=\"{&quot;aperture&quot;:&quot;0&quot;,&quot;credit&quot;:&quot;&quot;,&quot;camera&quot;:&quot;&quot;,&quot;caption&quot;:&quot;&quot;,&quot;created_timestamp&quot;:&quot;0&quot;,&quot;copyright&quot;:&quot;&quot;,&quot;focal_length&quot;:&quot;0&quot;,&quot;iso&quot;:&quot;0&quot;,&quot;shutter_speed&quot;:&quot;0&quot;,&quot;title&quot;:&quot;&quot;,&quot;orientation&quot;:&quot;1&quot;}\" data-image-title=\"Organic-Cities-Luca-Curci-Architects-006\" data-image-description=\"\" data-image-caption=\"\" data-medium-file=\"https:\/\/socialdesignmagazine.com\/mag\/wp-content\/uploads\/2013\/12\/users_ARClickDesign.com_organic_cities_Organic-Cities-Luca-Curci-Architects-006-396x256.jpg\" data-large-file=\"https:\/\/socialdesignmagazine.com\/mag\/wp-content\/uploads\/2013\/12\/users_ARClickDesign.com_organic_cities_Organic-Cities-Luca-Curci-Architects-006.jpg\" src=\"https:\/\/socialdesignmagazine.com\/mag\/wp-content\/uploads\/2013\/12\/users_ARClickDesign.com_organic_cities_Organic-Cities-Luca-Curci-Architects-006.jpg\" alt=\"Organic-Cities-Luca-Curci-Architects-006\" class=\"wp-image-15327\"\/><\/figure>\n<\/div>\n\n<div class=\"wp-block-image\">\n<figure class=\"aligncenter\"><img loading=\"lazy\" decoding=\"async\" width=\"720\" height=\"499\" data-attachment-id=\"15328\" data-permalink=\"https:\/\/socialdesignmagazine.com\/mag\/architettura\/organic-cities-luca-curci-architects\/attachment\/organic-cities-luca-curci-architects-007\/#content\" data-orig-file=\"https:\/\/socialdesignmagazine.com\/mag\/wp-content\/uploads\/2013\/12\/users_ARClickDesign.com_organic_cities_Organic-Cities-Luca-Curci-Architects-007.jpg\" data-orig-size=\"720,499\" data-comments-opened=\"1\" data-image-meta=\"{&quot;aperture&quot;:&quot;0&quot;,&quot;credit&quot;:&quot;&quot;,&quot;camera&quot;:&quot;&quot;,&quot;caption&quot;:&quot;&quot;,&quot;created_timestamp&quot;:&quot;0&quot;,&quot;copyright&quot;:&quot;&quot;,&quot;focal_length&quot;:&quot;0&quot;,&quot;iso&quot;:&quot;0&quot;,&quot;shutter_speed&quot;:&quot;0&quot;,&quot;title&quot;:&quot;&quot;,&quot;orientation&quot;:&quot;1&quot;}\" data-image-title=\"Organic-Cities-Luca-Curci-Architects-007\" data-image-description=\"\" data-image-caption=\"\" data-medium-file=\"https:\/\/socialdesignmagazine.com\/mag\/wp-content\/uploads\/2013\/12\/users_ARClickDesign.com_organic_cities_Organic-Cities-Luca-Curci-Architects-007-396x256.jpg\" data-large-file=\"https:\/\/socialdesignmagazine.com\/mag\/wp-content\/uploads\/2013\/12\/users_ARClickDesign.com_organic_cities_Organic-Cities-Luca-Curci-Architects-007.jpg\" src=\"https:\/\/socialdesignmagazine.com\/mag\/wp-content\/uploads\/2013\/12\/users_ARClickDesign.com_organic_cities_Organic-Cities-Luca-Curci-Architects-007.jpg\" alt=\"Organic-Cities-Luca-Curci-Architects-007\" class=\"wp-image-15328\"\/><\/figure>\n<\/div>\n\n\n<p><a target=\"_blank\" class=\"jcepopup\" rel=\"nofollow\" href=\"http:\/\/arclickdesign.com\/organic-cities-luca-curci-architects\/\">Continua a leggere, clicca qui.<\/a><\/p>\n","protected":false,"gt_translate_keys":[{"key":"rendered","format":"html"}]},"excerpt":{"rendered":"<p>&#8220;Organic Cities&#8221;: Luca Curci Architects progetta citt\u00e0 organiche negli Emirati Arabi. Complessi urbani futuristici con residenze, uffici, aree verdi e spazi di aggregazione.<\/p>\n","protected":false,"gt_translate_keys":[{"key":"rendered","format":"html"}]},"author":58,"featured_media":15322,"comment_status":"open","ping_status":"open","sticky":false,"template":"","format":"standard","meta":{"jetpack_post_was_ever_published":false,"_jetpack_newsletter_access":"","_jetpack_dont_email_post_to_subs":false,"_jetpack_newsletter_tier_id":0,"_jetpack_memberships_contains_paywalled_content":false,"_jetpack_memberships_contains_paid_content":false,"footnotes":"","_wpscppro_dont_share_socialmedia":false,"_wpscppro_custom_social_share_image":0,"_facebook_share_type":"","_twitter_share_type":"","_linkedin_share_type":"","_pinterest_share_type":"","_linkedin_share_type_page":"","_instagram_share_type":"","_medium_share_type":"","_threads_share_type":"","_google_business_share_type":"","_selected_social_profile":[],"_wpsp_enable_custom_social_template":false,"_wpsp_social_scheduling":{"enabled":false,"datetime":null,"platforms":[],"status":"template_only","dateOption":"today","timeOption":"now","customDays":"","customHours":"","customDate":"","customTime":"","schedulingType":"absolute"},"_wpsp_active_default_template":true},"categories":[15],"tags":[],"class_list":["post-2610","post","type-post","status-publish","format-standard","has-post-thumbnail","hentry","category-architettura"],"yoast_head":"<!-- This site is optimized with the Yoast SEO plugin v27.2 - https:\/\/yoast.com\/product\/yoast-seo-wordpress\/ -->\n<title>Organic Cities \/ Luca Curci Architects - Social Design Magazine<\/title>\n<meta name=\"description\" content=\"&quot;Organic Cities&quot;: Luca Curci Architects progetta citt\u00e0 organiche negli Emirati Arabi. Complessi urbani futuristici con residenze, uffici, aree verdi e spazi di aggregazione.\" \/>\n<meta name=\"robots\" content=\"index, follow, max-snippet:-1, max-image-preview:large, max-video-preview:-1\" \/>\n<link rel=\"canonical\" href=\"https:\/\/socialdesignmagazine.com\/mag\/architettura\/organic-cities-luca-curci-architects\/\" \/>\n<meta property=\"og:locale\" content=\"it_IT\" \/>\n<meta property=\"og:type\" content=\"article\" \/>\n<meta property=\"og:title\" content=\"Organic Cities \/ Luca Curci Architects - Social Design Magazine\" \/>\n<meta property=\"og:description\" content=\"&quot;Organic Cities&quot;: Luca Curci Architects progetta citt\u00e0 organiche negli Emirati Arabi. Complessi urbani futuristici con residenze, uffici, aree verdi e spazi di aggregazione.\" \/>\n<meta property=\"og:url\" content=\"http:\/\/socialdesignmagazine.com\/mag\/architettura\/organic-cities-luca-curci-architects\/\" \/>\n<meta property=\"og:site_name\" content=\"Social Design Magazine\" \/>\n<meta property=\"article:publisher\" content=\"https:\/\/www.facebook.com\/socialdesignmag\" \/>\n<meta property=\"article:published_time\" content=\"2013-12-09T14:00:00+00:00\" \/>\n<meta property=\"article:modified_time\" content=\"2025-03-06T14:16:14+00:00\" \/>\n<meta property=\"og:image\" content=\"https:\/\/socialdesignmagazine.com\/mag\/wp-content\/uploads\/2013\/12\/users_ARClickDesign.com_organic_cities_Organic-Cities-Luca-Curci-Architects-001.jpg\" \/>\n\t<meta property=\"og:image:width\" content=\"720\" \/>\n\t<meta property=\"og:image:height\" content=\"499\" \/>\n\t<meta property=\"og:image:type\" content=\"image\/jpeg\" \/>\n<meta name=\"author\" content=\"Roberto Francesco Nico\" \/>\n<meta name=\"twitter:card\" content=\"summary_large_image\" \/>\n<meta name=\"twitter:creator\" content=\"@socialdesignmag\" \/>\n<meta name=\"twitter:site\" content=\"@socialdesignmag\" \/>\n<meta name=\"twitter:label1\" content=\"Scritto da\" \/>\n\t<meta name=\"twitter:data1\" content=\"Roberto Francesco Nico\" \/>\n\t<meta name=\"twitter:label2\" content=\"Tempo di lettura stimato\" \/>\n\t<meta name=\"twitter:data2\" content=\"4 minuti\" \/>\n<script type=\"application\/ld+json\" class=\"yoast-schema-graph\">{\"@context\":\"https:\/\/schema.org\",\"@graph\":[{\"@type\":\"Article\",\"@id\":\"https:\/\/socialdesignmagazine.com\/mag\/architettura\/organic-cities-luca-curci-architects\/#article\",\"isPartOf\":{\"@id\":\"https:\/\/socialdesignmagazine.com\/mag\/architettura\/organic-cities-luca-curci-architects\/\"},\"author\":{\"name\":\"Roberto Francesco Nico\",\"@id\":\"https:\/\/socialdesignmagazine.com\/mag\/#\/schema\/person\/0fca86f1e66f9f784ce47ad63d330bb0\"},\"headline\":\"Organic Cities \/ Luca Curci Architects\",\"datePublished\":\"2013-12-09T14:00:00+00:00\",\"dateModified\":\"2025-03-06T14:16:14+00:00\",\"mainEntityOfPage\":{\"@id\":\"https:\/\/socialdesignmagazine.com\/mag\/architettura\/organic-cities-luca-curci-architects\/\"},\"wordCount\":445,\"commentCount\":0,\"publisher\":{\"@id\":\"https:\/\/socialdesignmagazine.com\/mag\/#organization\"},\"image\":{\"@id\":\"https:\/\/socialdesignmagazine.com\/mag\/architettura\/organic-cities-luca-curci-architects\/#primaryimage\"},\"thumbnailUrl\":\"https:\/\/socialdesignmagazine.com\/mag\/wp-content\/uploads\/2013\/12\/users_ARClickDesign.com_organic_cities_Organic-Cities-Luca-Curci-Architects-001.jpg\",\"articleSection\":[\"Architettura\"],\"inLanguage\":\"it-IT\",\"potentialAction\":[{\"@type\":\"CommentAction\",\"name\":\"Comment\",\"target\":[\"https:\/\/socialdesignmagazine.com\/mag\/architettura\/organic-cities-luca-curci-architects\/#respond\"]}]},{\"@type\":\"WebPage\",\"@id\":\"https:\/\/socialdesignmagazine.com\/mag\/architettura\/organic-cities-luca-curci-architects\/\",\"url\":\"https:\/\/socialdesignmagazine.com\/mag\/architettura\/organic-cities-luca-curci-architects\/\",\"name\":\"Organic Cities \/ Luca Curci Architects - Social Design Magazine\",\"isPartOf\":{\"@id\":\"https:\/\/socialdesignmagazine.com\/mag\/#website\"},\"primaryImageOfPage\":{\"@id\":\"https:\/\/socialdesignmagazine.com\/mag\/architettura\/organic-cities-luca-curci-architects\/#primaryimage\"},\"image\":{\"@id\":\"https:\/\/socialdesignmagazine.com\/mag\/architettura\/organic-cities-luca-curci-architects\/#primaryimage\"},\"thumbnailUrl\":\"https:\/\/socialdesignmagazine.com\/mag\/wp-content\/uploads\/2013\/12\/users_ARClickDesign.com_organic_cities_Organic-Cities-Luca-Curci-Architects-001.jpg\",\"datePublished\":\"2013-12-09T14:00:00+00:00\",\"dateModified\":\"2025-03-06T14:16:14+00:00\",\"description\":\"\\\"Organic Cities\\\": Luca Curci Architects progetta citt\u00e0 organiche negli Emirati Arabi. Complessi urbani futuristici con residenze, uffici, aree verdi e spazi di aggregazione.\",\"breadcrumb\":{\"@id\":\"https:\/\/socialdesignmagazine.com\/mag\/architettura\/organic-cities-luca-curci-architects\/#breadcrumb\"},\"inLanguage\":\"it-IT\",\"potentialAction\":[{\"@type\":\"ReadAction\",\"target\":[\"https:\/\/socialdesignmagazine.com\/mag\/architettura\/organic-cities-luca-curci-architects\/\"]}]},{\"@type\":\"ImageObject\",\"inLanguage\":\"it-IT\",\"@id\":\"https:\/\/socialdesignmagazine.com\/mag\/architettura\/organic-cities-luca-curci-architects\/#primaryimage\",\"url\":\"https:\/\/socialdesignmagazine.com\/mag\/wp-content\/uploads\/2013\/12\/users_ARClickDesign.com_organic_cities_Organic-Cities-Luca-Curci-Architects-001.jpg\",\"contentUrl\":\"https:\/\/socialdesignmagazine.com\/mag\/wp-content\/uploads\/2013\/12\/users_ARClickDesign.com_organic_cities_Organic-Cities-Luca-Curci-Architects-001.jpg\",\"width\":720,\"height\":499,\"caption\":\"Organic-Cities-Luca-Curci-Architects-001\"},{\"@type\":\"BreadcrumbList\",\"@id\":\"https:\/\/socialdesignmagazine.com\/mag\/architettura\/organic-cities-luca-curci-architects\/#breadcrumb\",\"itemListElement\":[{\"@type\":\"ListItem\",\"position\":1,\"name\":\"Home\",\"item\":\"https:\/\/socialdesignmagazine.com\/mag\/\"},{\"@type\":\"ListItem\",\"position\":2,\"name\":\"Architettura\",\"item\":\"https:\/\/socialdesignmagazine.com\/mag\/architettura\/\"},{\"@type\":\"ListItem\",\"position\":3,\"name\":\"Organic Cities \/ Luca Curci Architects\"}]},{\"@type\":\"WebSite\",\"@id\":\"https:\/\/socialdesignmagazine.com\/mag\/#website\",\"url\":\"https:\/\/socialdesignmagazine.com\/mag\/\",\"name\":\"Social Design Magazine\",\"description\":\"Social Magazine su Design, Architettura, Arte, Grafica\",\"publisher\":{\"@id\":\"https:\/\/socialdesignmagazine.com\/mag\/#organization\"},\"potentialAction\":[{\"@type\":\"SearchAction\",\"target\":{\"@type\":\"EntryPoint\",\"urlTemplate\":\"https:\/\/socialdesignmagazine.com\/mag\/?s={search_term_string}\"},\"query-input\":{\"@type\":\"PropertyValueSpecification\",\"valueRequired\":true,\"valueName\":\"search_term_string\"}}],\"inLanguage\":\"it-IT\"},{\"@type\":\"Organization\",\"@id\":\"https:\/\/socialdesignmagazine.com\/mag\/#organization\",\"name\":\"Social Design Magazine\",\"url\":\"https:\/\/socialdesignmagazine.com\/mag\/\",\"logo\":{\"@type\":\"ImageObject\",\"inLanguage\":\"it-IT\",\"@id\":\"https:\/\/socialdesignmagazine.com\/mag\/#\/schema\/logo\/image\/\",\"url\":\"https:\/\/socialdesignmagazine.com\/mag\/wp-content\/uploads\/2017\/01\/logo_favicon_11.png\",\"contentUrl\":\"https:\/\/socialdesignmagazine.com\/mag\/wp-content\/uploads\/2017\/01\/logo_favicon_11.png\",\"width\":1024,\"height\":1024,\"caption\":\"Social Design Magazine\"},\"image\":{\"@id\":\"https:\/\/socialdesignmagazine.com\/mag\/#\/schema\/logo\/image\/\"},\"sameAs\":[\"https:\/\/www.facebook.com\/socialdesignmag\",\"https:\/\/x.com\/socialdesignmag\",\"http:\/\/instagram.com\/social_design_magazine\/\",\"http:\/\/pinterest.com\/socialdesignmag\/\",\"http:\/\/www.youtube.com\/user\/socialdesignmagazine\"]},{\"@type\":\"Person\",\"@id\":\"https:\/\/socialdesignmagazine.com\/mag\/#\/schema\/person\/0fca86f1e66f9f784ce47ad63d330bb0\",\"name\":\"Roberto Francesco Nico\",\"image\":{\"@type\":\"ImageObject\",\"inLanguage\":\"it-IT\",\"@id\":\"https:\/\/secure.gravatar.com\/avatar\/522e2650399b9ef9ca1996e09f20984e16a760f33f3043d7cd8a022be29f8414?s=96&d=mm&r=g\",\"url\":\"https:\/\/secure.gravatar.com\/avatar\/522e2650399b9ef9ca1996e09f20984e16a760f33f3043d7cd8a022be29f8414?s=96&d=mm&r=g\",\"contentUrl\":\"https:\/\/secure.gravatar.com\/avatar\/522e2650399b9ef9ca1996e09f20984e16a760f33f3043d7cd8a022be29f8414?s=96&d=mm&r=g\",\"caption\":\"Roberto Francesco Nico\"},\"url\":\"https:\/\/socialdesignmagazine.com\/mag\/author\/arclickdesign-com\/\"}]}<\/script>\n<!-- \/ Yoast SEO plugin. -->","yoast_head_json":{"title":"Organic Cities \/ Luca Curci Architects - Social Design Magazine","description":"\"Organic Cities\": Luca Curci Architects progetta citt\u00e0 organiche negli Emirati Arabi. Complessi urbani futuristici con residenze, uffici, aree verdi e spazi di aggregazione.","robots":{"index":"index","follow":"follow","max-snippet":"max-snippet:-1","max-image-preview":"max-image-preview:large","max-video-preview":"max-video-preview:-1"},"canonical":"https:\/\/socialdesignmagazine.com\/mag\/architettura\/organic-cities-luca-curci-architects\/","og_locale":"it_IT","og_type":"article","og_title":"Organic Cities \/ Luca Curci Architects - Social Design Magazine","og_description":"\"Organic Cities\": Luca Curci Architects progetta citt\u00e0 organiche negli Emirati Arabi. Complessi urbani futuristici con residenze, uffici, aree verdi e spazi di aggregazione.","og_url":"http:\/\/socialdesignmagazine.com\/mag\/architettura\/organic-cities-luca-curci-architects\/","og_site_name":"Social Design Magazine","article_publisher":"https:\/\/www.facebook.com\/socialdesignmag","article_published_time":"2013-12-09T14:00:00+00:00","article_modified_time":"2025-03-06T14:16:14+00:00","og_image":[{"width":720,"height":499,"url":"https:\/\/socialdesignmagazine.com\/mag\/wp-content\/uploads\/2013\/12\/users_ARClickDesign.com_organic_cities_Organic-Cities-Luca-Curci-Architects-001.jpg","type":"image\/jpeg"}],"author":"Roberto Francesco Nico","twitter_card":"summary_large_image","twitter_creator":"@socialdesignmag","twitter_site":"@socialdesignmag","twitter_misc":{"Scritto da":"Roberto Francesco Nico","Tempo di lettura stimato":"4 minuti"},"schema":{"@context":"https:\/\/schema.org","@graph":[{"@type":"Article","@id":"https:\/\/socialdesignmagazine.com\/mag\/architettura\/organic-cities-luca-curci-architects\/#article","isPartOf":{"@id":"https:\/\/socialdesignmagazine.com\/mag\/architettura\/organic-cities-luca-curci-architects\/"},"author":{"name":"Roberto Francesco Nico","@id":"https:\/\/socialdesignmagazine.com\/mag\/#\/schema\/person\/0fca86f1e66f9f784ce47ad63d330bb0"},"headline":"Organic Cities \/ Luca Curci Architects","datePublished":"2013-12-09T14:00:00+00:00","dateModified":"2025-03-06T14:16:14+00:00","mainEntityOfPage":{"@id":"https:\/\/socialdesignmagazine.com\/mag\/architettura\/organic-cities-luca-curci-architects\/"},"wordCount":445,"commentCount":0,"publisher":{"@id":"https:\/\/socialdesignmagazine.com\/mag\/#organization"},"image":{"@id":"https:\/\/socialdesignmagazine.com\/mag\/architettura\/organic-cities-luca-curci-architects\/#primaryimage"},"thumbnailUrl":"https:\/\/socialdesignmagazine.com\/mag\/wp-content\/uploads\/2013\/12\/users_ARClickDesign.com_organic_cities_Organic-Cities-Luca-Curci-Architects-001.jpg","articleSection":["Architettura"],"inLanguage":"it-IT","potentialAction":[{"@type":"CommentAction","name":"Comment","target":["https:\/\/socialdesignmagazine.com\/mag\/architettura\/organic-cities-luca-curci-architects\/#respond"]}]},{"@type":"WebPage","@id":"https:\/\/socialdesignmagazine.com\/mag\/architettura\/organic-cities-luca-curci-architects\/","url":"https:\/\/socialdesignmagazine.com\/mag\/architettura\/organic-cities-luca-curci-architects\/","name":"Organic Cities \/ Luca Curci Architects - Social Design Magazine","isPartOf":{"@id":"https:\/\/socialdesignmagazine.com\/mag\/#website"},"primaryImageOfPage":{"@id":"https:\/\/socialdesignmagazine.com\/mag\/architettura\/organic-cities-luca-curci-architects\/#primaryimage"},"image":{"@id":"https:\/\/socialdesignmagazine.com\/mag\/architettura\/organic-cities-luca-curci-architects\/#primaryimage"},"thumbnailUrl":"https:\/\/socialdesignmagazine.com\/mag\/wp-content\/uploads\/2013\/12\/users_ARClickDesign.com_organic_cities_Organic-Cities-Luca-Curci-Architects-001.jpg","datePublished":"2013-12-09T14:00:00+00:00","dateModified":"2025-03-06T14:16:14+00:00","description":"\"Organic Cities\": Luca Curci Architects progetta citt\u00e0 organiche negli Emirati Arabi. Complessi urbani futuristici con residenze, uffici, aree verdi e spazi di aggregazione.","breadcrumb":{"@id":"https:\/\/socialdesignmagazine.com\/mag\/architettura\/organic-cities-luca-curci-architects\/#breadcrumb"},"inLanguage":"it-IT","potentialAction":[{"@type":"ReadAction","target":["https:\/\/socialdesignmagazine.com\/mag\/architettura\/organic-cities-luca-curci-architects\/"]}]},{"@type":"ImageObject","inLanguage":"it-IT","@id":"https:\/\/socialdesignmagazine.com\/mag\/architettura\/organic-cities-luca-curci-architects\/#primaryimage","url":"https:\/\/socialdesignmagazine.com\/mag\/wp-content\/uploads\/2013\/12\/users_ARClickDesign.com_organic_cities_Organic-Cities-Luca-Curci-Architects-001.jpg","contentUrl":"https:\/\/socialdesignmagazine.com\/mag\/wp-content\/uploads\/2013\/12\/users_ARClickDesign.com_organic_cities_Organic-Cities-Luca-Curci-Architects-001.jpg","width":720,"height":499,"caption":"Organic-Cities-Luca-Curci-Architects-001"},{"@type":"BreadcrumbList","@id":"https:\/\/socialdesignmagazine.com\/mag\/architettura\/organic-cities-luca-curci-architects\/#breadcrumb","itemListElement":[{"@type":"ListItem","position":1,"name":"Home","item":"https:\/\/socialdesignmagazine.com\/mag\/"},{"@type":"ListItem","position":2,"name":"Architettura","item":"https:\/\/socialdesignmagazine.com\/mag\/architettura\/"},{"@type":"ListItem","position":3,"name":"Organic Cities \/ Luca Curci Architects"}]},{"@type":"WebSite","@id":"https:\/\/socialdesignmagazine.com\/mag\/#website","url":"https:\/\/socialdesignmagazine.com\/mag\/","name":"Social Design Magazine","description":"Social Magazine su Design, Architettura, Arte, Grafica","publisher":{"@id":"https:\/\/socialdesignmagazine.com\/mag\/#organization"},"potentialAction":[{"@type":"SearchAction","target":{"@type":"EntryPoint","urlTemplate":"https:\/\/socialdesignmagazine.com\/mag\/?s={search_term_string}"},"query-input":{"@type":"PropertyValueSpecification","valueRequired":true,"valueName":"search_term_string"}}],"inLanguage":"it-IT"},{"@type":"Organization","@id":"https:\/\/socialdesignmagazine.com\/mag\/#organization","name":"Social Design Magazine","url":"https:\/\/socialdesignmagazine.com\/mag\/","logo":{"@type":"ImageObject","inLanguage":"it-IT","@id":"https:\/\/socialdesignmagazine.com\/mag\/#\/schema\/logo\/image\/","url":"https:\/\/socialdesignmagazine.com\/mag\/wp-content\/uploads\/2017\/01\/logo_favicon_11.png","contentUrl":"https:\/\/socialdesignmagazine.com\/mag\/wp-content\/uploads\/2017\/01\/logo_favicon_11.png","width":1024,"height":1024,"caption":"Social Design Magazine"},"image":{"@id":"https:\/\/socialdesignmagazine.com\/mag\/#\/schema\/logo\/image\/"},"sameAs":["https:\/\/www.facebook.com\/socialdesignmag","https:\/\/x.com\/socialdesignmag","http:\/\/instagram.com\/social_design_magazine\/","http:\/\/pinterest.com\/socialdesignmag\/","http:\/\/www.youtube.com\/user\/socialdesignmagazine"]},{"@type":"Person","@id":"https:\/\/socialdesignmagazine.com\/mag\/#\/schema\/person\/0fca86f1e66f9f784ce47ad63d330bb0","name":"Roberto Francesco Nico","image":{"@type":"ImageObject","inLanguage":"it-IT","@id":"https:\/\/secure.gravatar.com\/avatar\/522e2650399b9ef9ca1996e09f20984e16a760f33f3043d7cd8a022be29f8414?s=96&d=mm&r=g","url":"https:\/\/secure.gravatar.com\/avatar\/522e2650399b9ef9ca1996e09f20984e16a760f33f3043d7cd8a022be29f8414?s=96&d=mm&r=g","contentUrl":"https:\/\/secure.gravatar.com\/avatar\/522e2650399b9ef9ca1996e09f20984e16a760f33f3043d7cd8a022be29f8414?s=96&d=mm&r=g","caption":"Roberto Francesco Nico"},"url":"https:\/\/socialdesignmagazine.com\/mag\/author\/arclickdesign-com\/"}]}},"jetpack_featured_media_url":"https:\/\/socialdesignmagazine.com\/mag\/wp-content\/uploads\/2013\/12\/users_ARClickDesign.com_organic_cities_Organic-Cities-Luca-Curci-Architects-001.jpg","jetpack_sharing_enabled":true,"jetpack_shortlink":"https:\/\/wp.me\/p6cV7V-G6","gt_translate_keys":[{"key":"link","format":"url"}],"_links":{"self":[{"href":"https:\/\/socialdesignmagazine.com\/mag\/wp-json\/wp\/v2\/posts\/2610","targetHints":{"allow":["GET"]}}],"collection":[{"href":"https:\/\/socialdesignmagazine.com\/mag\/wp-json\/wp\/v2\/posts"}],"about":[{"href":"https:\/\/socialdesignmagazine.com\/mag\/wp-json\/wp\/v2\/types\/post"}],"author":[{"embeddable":true,"href":"https:\/\/socialdesignmagazine.com\/mag\/wp-json\/wp\/v2\/users\/58"}],"replies":[{"embeddable":true,"href":"https:\/\/socialdesignmagazine.com\/mag\/wp-json\/wp\/v2\/comments?post=2610"}],"version-history":[{"count":1,"href":"https:\/\/socialdesignmagazine.com\/mag\/wp-json\/wp\/v2\/posts\/2610\/revisions"}],"predecessor-version":[{"id":63138,"href":"https:\/\/socialdesignmagazine.com\/mag\/wp-json\/wp\/v2\/posts\/2610\/revisions\/63138"}],"wp:featuredmedia":[{"embeddable":true,"href":"https:\/\/socialdesignmagazine.com\/mag\/wp-json\/wp\/v2\/media\/15322"}],"wp:attachment":[{"href":"https:\/\/socialdesignmagazine.com\/mag\/wp-json\/wp\/v2\/media?parent=2610"}],"wp:term":[{"taxonomy":"category","embeddable":true,"href":"https:\/\/socialdesignmagazine.com\/mag\/wp-json\/wp\/v2\/categories?post=2610"},{"taxonomy":"post_tag","embeddable":true,"href":"https:\/\/socialdesignmagazine.com\/mag\/wp-json\/wp\/v2\/tags?post=2610"}],"curies":[{"name":"wp","href":"https:\/\/api.w.org\/{rel}","templated":true}]}}