{"id":2635,"date":"2013-12-16T11:00:00","date_gmt":"2013-12-16T10:00:00","guid":{"rendered":"https:\/\/socialdesignmagazine.com\/mag\/s5-architettura\/c34-architettura\/ristrutturazione-di-un-appartamento-in-pochi-interventi\/"},"modified":"2025-03-08T13:55:37","modified_gmt":"2025-03-08T12:55:37","slug":"ristrutturazione-di-un-appartamento-in-pochi-interventi","status":"publish","type":"post","link":"https:\/\/socialdesignmagazine.com\/mag\/architettura\/ristrutturazione-di-un-appartamento-in-pochi-interventi\/","title":{"rendered":"Ristrutturazione di un appartamento in pochi interventi","gt_translate_keys":[{"key":"rendered","format":"text"}]},"content":{"rendered":"\n<p>Non sempre ristrutturare significa stravolgere la composizione interna di un appartamento. Ci sono infatti, nel patrimonio immobiliare di qualche decina di anni fa, appartamenti con schemi semplici, a corridoi centrali e stanze separate che tempo fa potevano essere perfette per una famiglia media, ma oggi ogni centimetro quadrato \u00e8 indispensabile, le dimensioni si riducono, e si rende necessario adattare la composizione interna della casa alle nuove esigenze.<\/p>\n\n\n\n<p>Uno dei primi inteventi, in genere, \u00e8 la diminuzione del &#8220;corridoio&#8221; elemento sempre presente nei vecchi edifici e sempre pi\u00f9 ridotto o razionalizzato nei nuovi progetti. Ma cosa vuol dire &#8220;razionalizzato&#8221;? Vuol dire che pu\u00f2 essere sfruttato, non solo come zona di passaggio, ma anche come alloggiamento armadiatura di servizio, magari a specchio per aumentarne visivamente la profondit\u00e0, o ancora ribassando il soffitto con una struttura portante e &#8220;nascondere&#8221; un ripostiglio a soppalco, che per quanto posso essere visto come spazio &#8220;scomodo&#8221; \u00e8 pur sempre un volume gi\u00e0 nostro, e quindi perch\u00e8 non sfruttarlo? Ricordo inoltre che l'&#8221;effetto corridodio&#8221; \u00e8 quella particolare combinazione di sproporzionalit\u00e0 tra larghezza, lunghezza ed altezza del locale che lo fa percepire come ambiente lungo. L&#8217;abbassamento del soffitto aiuta a diminuire questa percezione di luogo cupo.<\/p>\n\n\n\n<p>Vediamo di seguito un caso pratico di ristrutturazione di un vecchio appartamento, con classica distribuzione accentrata nel corridoio.<\/p>\n\n\n<div class=\"wp-block-image\">\n<figure class=\"aligncenter\"><img loading=\"lazy\" decoding=\"async\" width=\"720\" height=\"450\" data-attachment-id=\"15544\" data-permalink=\"https:\/\/socialdesignmagazine.com\/mag\/architettura\/ristrutturazione-di-un-appartamento-in-pochi-interventi\/attachment\/01-ca-vista-xx-800\/#content\" data-orig-file=\"https:\/\/socialdesignmagazine.com\/mag\/wp-content\/uploads\/2013\/12\/users_arch_paolan_progetto_CA_01_CA_VISTA_xx_800.jpg\" data-orig-size=\"720,450\" data-comments-opened=\"1\" data-image-meta=\"{&quot;aperture&quot;:&quot;0&quot;,&quot;credit&quot;:&quot;&quot;,&quot;camera&quot;:&quot;&quot;,&quot;caption&quot;:&quot;&quot;,&quot;created_timestamp&quot;:&quot;0&quot;,&quot;copyright&quot;:&quot;&quot;,&quot;focal_length&quot;:&quot;0&quot;,&quot;iso&quot;:&quot;0&quot;,&quot;shutter_speed&quot;:&quot;0&quot;,&quot;title&quot;:&quot;&quot;,&quot;orientation&quot;:&quot;0&quot;}\" data-image-title=\"01 CA VISTA xx 800\" data-image-description=\"\" data-image-caption=\"\" data-medium-file=\"https:\/\/socialdesignmagazine.com\/mag\/wp-content\/uploads\/2013\/12\/users_arch_paolan_progetto_CA_01_CA_VISTA_xx_800-396x256.jpg\" data-large-file=\"https:\/\/socialdesignmagazine.com\/mag\/wp-content\/uploads\/2013\/12\/users_arch_paolan_progetto_CA_01_CA_VISTA_xx_800.jpg\" src=\"https:\/\/socialdesignmagazine.com\/mag\/wp-content\/uploads\/2013\/12\/users_arch_paolan_progetto_CA_01_CA_VISTA_xx_800.jpg\" alt=\"01 CA VISTA xx 800\" class=\"wp-image-15544\" srcset=\"https:\/\/socialdesignmagazine.com\/mag\/wp-content\/uploads\/2013\/12\/users_arch_paolan_progetto_CA_01_CA_VISTA_xx_800.jpg 720w, https:\/\/socialdesignmagazine.com\/mag\/wp-content\/uploads\/2013\/12\/users_arch_paolan_progetto_CA_01_CA_VISTA_xx_800-320x200.jpg 320w\" sizes=\"auto, (max-width: 720px) 100vw, 720px\" \/><\/figure>\n<\/div>\n\n\n<p>L&#8217;accesso avviene dal corpo scale comune. L&#8217;appartamento \u00e8 situato al piano &#8220;rialzato&#8221;, ovvero il piano di calpestio interno \u00e8 di circa 1,20m sopra al livello del gairdino comune esterno.<\/p>\n\n\n\n<p><strong>Cosa mantenere:<\/strong><\/p>\n\n\n\n<p>&#8211; forma e posizione dei serramenti e delle murature esterne (per evitare pratica paesaggistica)<br><span style=\"background-color: transparent; line-height: 1.3em;\">&#8211; corpo scale<br><\/span><span style=\"background-color: transparent; line-height: 1.3em;\">&#8211; strutture (due pilastri a gli angoli della cucina e della cameretta)<br><\/span><span style=\"background-color: transparent; line-height: 1.3em;\">&#8211; posizione degli scarichi<br><\/span><span style=\"background-color: transparent; line-height: 1.3em;\">&#8211; posizione porta ingresso<\/span><\/p>\n\n\n\n<p><strong>Richieste della committenza:<\/strong><\/p>\n\n\n\n<p>&#8211; avere un accesso diretto alla zona giorno<br><span style=\"background-color: transparent; line-height: 1.3em;\">&#8211; agginta di una lavanderia e possibilmente di una cabina armadio.<\/span><\/p>\n\n\n\n<p>Idee?<\/p>\n\n\n\n<p>La prima che \u00e8 venuta a me \u00e8 quella di unire soggiorno e cucina ed avere un accesso diretto dall&#8217;ingresso, modificando il corridoio. Con uno spostamento di tavolati ho aggiunto una lavanderia e una cabina armadio. Vediamo come si \u00e8 trasformato l&#8217;appartamento:<\/p>\n\n\n<div class=\"wp-block-image\">\n<figure class=\"aligncenter\"><img loading=\"lazy\" decoding=\"async\" width=\"400\" height=\"337\" data-attachment-id=\"15545\" data-permalink=\"https:\/\/socialdesignmagazine.com\/mag\/architettura\/ristrutturazione-di-un-appartamento-in-pochi-interventi\/attachment\/pianta-esi-l400\/#content\" data-orig-file=\"https:\/\/socialdesignmagazine.com\/mag\/wp-content\/uploads\/2013\/12\/users_arch_paolan_progetto_CA_pianta-esi_L400.jpg\" data-orig-size=\"400,337\" data-comments-opened=\"1\" data-image-meta=\"{&quot;aperture&quot;:&quot;0&quot;,&quot;credit&quot;:&quot;&quot;,&quot;camera&quot;:&quot;&quot;,&quot;caption&quot;:&quot;&quot;,&quot;created_timestamp&quot;:&quot;0&quot;,&quot;copyright&quot;:&quot;&quot;,&quot;focal_length&quot;:&quot;0&quot;,&quot;iso&quot;:&quot;0&quot;,&quot;shutter_speed&quot;:&quot;0&quot;,&quot;title&quot;:&quot;&quot;,&quot;orientation&quot;:&quot;0&quot;}\" data-image-title=\"pianta-esi L400\" data-image-description=\"\" data-image-caption=\"\" data-medium-file=\"https:\/\/socialdesignmagazine.com\/mag\/wp-content\/uploads\/2013\/12\/users_arch_paolan_progetto_CA_pianta-esi_L400-396x256.jpg\" data-large-file=\"https:\/\/socialdesignmagazine.com\/mag\/wp-content\/uploads\/2013\/12\/users_arch_paolan_progetto_CA_pianta-esi_L400.jpg\" src=\"https:\/\/socialdesignmagazine.com\/mag\/wp-content\/uploads\/2013\/12\/users_arch_paolan_progetto_CA_pianta-esi_L400.jpg\" alt=\"pianta-esi L400\" class=\"wp-image-15545\"\/><\/figure>\n<\/div>\n\n<div class=\"wp-block-image\">\n<figure class=\"aligncenter\"><img loading=\"lazy\" decoding=\"async\" width=\"400\" height=\"337\" data-attachment-id=\"15546\" data-permalink=\"https:\/\/socialdesignmagazine.com\/mag\/architettura\/ristrutturazione-di-un-appartamento-in-pochi-interventi\/attachment\/pianta-progetto-l400\/#content\" data-orig-file=\"https:\/\/socialdesignmagazine.com\/mag\/wp-content\/uploads\/2013\/12\/users_arch_paolan_progetto_CA_pianta-progetto_L400.jpg\" data-orig-size=\"400,337\" data-comments-opened=\"1\" data-image-meta=\"{&quot;aperture&quot;:&quot;0&quot;,&quot;credit&quot;:&quot;&quot;,&quot;camera&quot;:&quot;&quot;,&quot;caption&quot;:&quot;&quot;,&quot;created_timestamp&quot;:&quot;0&quot;,&quot;copyright&quot;:&quot;&quot;,&quot;focal_length&quot;:&quot;0&quot;,&quot;iso&quot;:&quot;0&quot;,&quot;shutter_speed&quot;:&quot;0&quot;,&quot;title&quot;:&quot;&quot;,&quot;orientation&quot;:&quot;0&quot;}\" data-image-title=\"pianta-progetto L400\" data-image-description=\"\" data-image-caption=\"\" data-medium-file=\"https:\/\/socialdesignmagazine.com\/mag\/wp-content\/uploads\/2013\/12\/users_arch_paolan_progetto_CA_pianta-progetto_L400-396x256.jpg\" data-large-file=\"https:\/\/socialdesignmagazine.com\/mag\/wp-content\/uploads\/2013\/12\/users_arch_paolan_progetto_CA_pianta-progetto_L400.jpg\" src=\"https:\/\/socialdesignmagazine.com\/mag\/wp-content\/uploads\/2013\/12\/users_arch_paolan_progetto_CA_pianta-progetto_L400.jpg\" alt=\"pianta-progetto L400\" class=\"wp-image-15546\"\/><\/figure>\n<\/div>\n\n\n<p>Il bagno \u00e8 stato ridimensionato, allargandolo e accorciandolo, cos\u00ec da avere sia vasca che doccia. E&#8217; stata realizzata una lavanderia che verr\u00e0 utilizzata anche come bagno di servizio. Non \u00e8 stato possibile abbattere, come da vincolo, il pilastro di sinistra che ora risulta visibile tra la zona cucina e il salotto. Questo elemento \u00e8 stato rafforzato e sottolineato realizzando una trave ribassata in cartongesso che insieme al pilastro stesso fa da &#8220;portale&#8221; tra zona cottura e salotto, oltre che essere funzionalmente utile per l&#8217;alloggiamento di due lampade a sospensione sopra il tavolo da pranzo che \u00e8 un collegamento tra le due zone. Il portale ha acquistato carattere anche grazie alla scelta creomatica della tinteggiatura, un rosso scuro, in abbinamento ai complementi del soggiorno.<\/p>\n\n\n\n<p>Il progetto \u00e8 stato apprezzato e subito realizzato. A differenza di quanto segnato in pianta, in fase di esecuzione, i faretti centrali nel corridoio sono stati sostituiti con neon posizionati lateralmente al passaggio, facendo assumere al disimpegno un carattere pi\u00f9 lineare e moderno.<\/p>\n\n\n\n<p><span style=\"background-color: transparent; line-height: 1.3em;\">progetto pubblicato anche sul sito: www.paolanardin.com<\/span><\/p>\n","protected":false,"gt_translate_keys":[{"key":"rendered","format":"html"}]},"excerpt":{"rendered":"<p>Non sempre ristrutturare significa stravolgere la composizione interna di un appartamento. Ci sono infatti, nel patrimonio immobiliare di qualche decina di anni fa, appartamenti con schemi semplici, a corridoi centrali e stanze separate che tempo fa potevano essere perfette per una famiglia media, ma oggi ogni centimetro quadrato \u00e8 indispensabile, le dimensioni si riducono, e si rende necessario adattare la composizione interna della casa alle nuove esigenze.<\/p>\n","protected":false,"gt_translate_keys":[{"key":"rendered","format":"html"}]},"author":109,"featured_media":15543,"comment_status":"open","ping_status":"open","sticky":false,"template":"","format":"standard","meta":{"jetpack_post_was_ever_published":false,"_jetpack_newsletter_access":"","_jetpack_dont_email_post_to_subs":false,"_jetpack_newsletter_tier_id":0,"_jetpack_memberships_contains_paywalled_content":false,"_jetpack_memberships_contains_paid_content":false,"footnotes":"","_wpscppro_dont_share_socialmedia":false,"_wpscppro_custom_social_share_image":0,"_facebook_share_type":"","_twitter_share_type":"","_linkedin_share_type":"","_pinterest_share_type":"","_linkedin_share_type_page":"","_instagram_share_type":"","_medium_share_type":"","_threads_share_type":"","_google_business_share_type":"","_selected_social_profile":[],"_wpsp_enable_custom_social_template":false,"_wpsp_social_scheduling":{"enabled":false,"datetime":null,"platforms":[],"status":"template_only","dateOption":"today","timeOption":"now","customDays":"","customHours":"","customDate":"","customTime":"","schedulingType":"absolute"},"_wpsp_active_default_template":true},"categories":[15],"tags":[2292,109,6207],"class_list":["post-2635","post","type-post","status-publish","format-standard","has-post-thumbnail","hentry","category-architettura","tag-interior-design","tag-ristrutturazione","tag-soppalco"],"yoast_head":"<!-- This site is optimized with the Yoast SEO plugin v27.2 - https:\/\/yoast.com\/product\/yoast-seo-wordpress\/ -->\n<title>Ristrutturazione di un appartamento in pochi interventi - Social Design Magazine<\/title>\n<meta name=\"description\" content=\"ristrutturazione di un appartamento adattando la composizione interna della casa alle nuove esigenze.\" \/>\n<meta name=\"robots\" content=\"index, follow, max-snippet:-1, max-image-preview:large, max-video-preview:-1\" \/>\n<link rel=\"canonical\" href=\"https:\/\/socialdesignmagazine.com\/mag\/architettura\/ristrutturazione-di-un-appartamento-in-pochi-interventi\/\" \/>\n<meta property=\"og:locale\" content=\"it_IT\" \/>\n<meta property=\"og:type\" content=\"article\" \/>\n<meta property=\"og:title\" content=\"Ristrutturazione di un appartamento in pochi interventi - Social Design Magazine\" \/>\n<meta property=\"og:description\" content=\"ristrutturazione di un appartamento adattando la composizione interna della casa alle nuove esigenze.\" \/>\n<meta property=\"og:url\" content=\"http:\/\/socialdesignmagazine.com\/mag\/architettura\/ristrutturazione-di-un-appartamento-in-pochi-interventi\/\" \/>\n<meta property=\"og:site_name\" content=\"Social Design Magazine\" \/>\n<meta property=\"article:publisher\" content=\"https:\/\/www.facebook.com\/socialdesignmag\" \/>\n<meta property=\"article:published_time\" content=\"2013-12-16T10:00:00+00:00\" \/>\n<meta property=\"article:modified_time\" content=\"2025-03-08T12:55:37+00:00\" \/>\n<meta property=\"og:image\" content=\"https:\/\/socialdesignmagazine.com\/mag\/wp-content\/uploads\/2013\/12\/users_arch_paolan_progetto_CA_01_CA_VISTA_01_800.jpg\" \/>\n\t<meta property=\"og:image:width\" content=\"720\" \/>\n\t<meta property=\"og:image:height\" content=\"450\" \/>\n\t<meta property=\"og:image:type\" content=\"image\/jpeg\" \/>\n<meta name=\"author\" content=\"paola nardin\" \/>\n<meta name=\"twitter:card\" content=\"summary_large_image\" \/>\n<meta name=\"twitter:creator\" content=\"@socialdesignmag\" \/>\n<meta name=\"twitter:site\" content=\"@socialdesignmag\" \/>\n<meta name=\"twitter:label1\" content=\"Scritto da\" \/>\n\t<meta name=\"twitter:data1\" content=\"paola nardin\" \/>\n\t<meta name=\"twitter:label2\" content=\"Tempo di lettura stimato\" \/>\n\t<meta name=\"twitter:data2\" content=\"4 minuti\" \/>\n<script type=\"application\/ld+json\" class=\"yoast-schema-graph\">{\"@context\":\"https:\/\/schema.org\",\"@graph\":[{\"@type\":\"Article\",\"@id\":\"https:\/\/socialdesignmagazine.com\/mag\/architettura\/ristrutturazione-di-un-appartamento-in-pochi-interventi\/#article\",\"isPartOf\":{\"@id\":\"https:\/\/socialdesignmagazine.com\/mag\/architettura\/ristrutturazione-di-un-appartamento-in-pochi-interventi\/\"},\"author\":{\"name\":\"paola nardin\",\"@id\":\"https:\/\/socialdesignmagazine.com\/mag\/#\/schema\/person\/1f2351c471fe7311397f5c5670a19038\"},\"headline\":\"Ristrutturazione di un appartamento in pochi interventi\",\"datePublished\":\"2013-12-16T10:00:00+00:00\",\"dateModified\":\"2025-03-08T12:55:37+00:00\",\"mainEntityOfPage\":{\"@id\":\"https:\/\/socialdesignmagazine.com\/mag\/architettura\/ristrutturazione-di-un-appartamento-in-pochi-interventi\/\"},\"wordCount\":522,\"commentCount\":0,\"publisher\":{\"@id\":\"https:\/\/socialdesignmagazine.com\/mag\/#organization\"},\"image\":{\"@id\":\"https:\/\/socialdesignmagazine.com\/mag\/architettura\/ristrutturazione-di-un-appartamento-in-pochi-interventi\/#primaryimage\"},\"thumbnailUrl\":\"https:\/\/socialdesignmagazine.com\/mag\/wp-content\/uploads\/2013\/12\/users_arch_paolan_progetto_CA_01_CA_VISTA_01_800.jpg\",\"keywords\":[\"interior design\",\"ristrutturazione\",\"soppalco\"],\"articleSection\":[\"Architettura\"],\"inLanguage\":\"it-IT\",\"potentialAction\":[{\"@type\":\"CommentAction\",\"name\":\"Comment\",\"target\":[\"https:\/\/socialdesignmagazine.com\/mag\/architettura\/ristrutturazione-di-un-appartamento-in-pochi-interventi\/#respond\"]}]},{\"@type\":\"WebPage\",\"@id\":\"https:\/\/socialdesignmagazine.com\/mag\/architettura\/ristrutturazione-di-un-appartamento-in-pochi-interventi\/\",\"url\":\"https:\/\/socialdesignmagazine.com\/mag\/architettura\/ristrutturazione-di-un-appartamento-in-pochi-interventi\/\",\"name\":\"Ristrutturazione di un appartamento in pochi interventi - Social Design Magazine\",\"isPartOf\":{\"@id\":\"https:\/\/socialdesignmagazine.com\/mag\/#website\"},\"primaryImageOfPage\":{\"@id\":\"https:\/\/socialdesignmagazine.com\/mag\/architettura\/ristrutturazione-di-un-appartamento-in-pochi-interventi\/#primaryimage\"},\"image\":{\"@id\":\"https:\/\/socialdesignmagazine.com\/mag\/architettura\/ristrutturazione-di-un-appartamento-in-pochi-interventi\/#primaryimage\"},\"thumbnailUrl\":\"https:\/\/socialdesignmagazine.com\/mag\/wp-content\/uploads\/2013\/12\/users_arch_paolan_progetto_CA_01_CA_VISTA_01_800.jpg\",\"datePublished\":\"2013-12-16T10:00:00+00:00\",\"dateModified\":\"2025-03-08T12:55:37+00:00\",\"description\":\"ristrutturazione di un appartamento adattando la composizione interna della casa alle nuove esigenze.\",\"breadcrumb\":{\"@id\":\"https:\/\/socialdesignmagazine.com\/mag\/architettura\/ristrutturazione-di-un-appartamento-in-pochi-interventi\/#breadcrumb\"},\"inLanguage\":\"it-IT\",\"potentialAction\":[{\"@type\":\"ReadAction\",\"target\":[\"https:\/\/socialdesignmagazine.com\/mag\/architettura\/ristrutturazione-di-un-appartamento-in-pochi-interventi\/\"]}]},{\"@type\":\"ImageObject\",\"inLanguage\":\"it-IT\",\"@id\":\"https:\/\/socialdesignmagazine.com\/mag\/architettura\/ristrutturazione-di-un-appartamento-in-pochi-interventi\/#primaryimage\",\"url\":\"https:\/\/socialdesignmagazine.com\/mag\/wp-content\/uploads\/2013\/12\/users_arch_paolan_progetto_CA_01_CA_VISTA_01_800.jpg\",\"contentUrl\":\"https:\/\/socialdesignmagazine.com\/mag\/wp-content\/uploads\/2013\/12\/users_arch_paolan_progetto_CA_01_CA_VISTA_01_800.jpg\",\"width\":720,\"height\":450,\"caption\":\"01 CA VISTA 01 800\"},{\"@type\":\"BreadcrumbList\",\"@id\":\"https:\/\/socialdesignmagazine.com\/mag\/architettura\/ristrutturazione-di-un-appartamento-in-pochi-interventi\/#breadcrumb\",\"itemListElement\":[{\"@type\":\"ListItem\",\"position\":1,\"name\":\"Home\",\"item\":\"https:\/\/socialdesignmagazine.com\/mag\/\"},{\"@type\":\"ListItem\",\"position\":2,\"name\":\"Architettura\",\"item\":\"https:\/\/socialdesignmagazine.com\/mag\/architettura\/\"},{\"@type\":\"ListItem\",\"position\":3,\"name\":\"Ristrutturazione di un appartamento in pochi interventi\"}]},{\"@type\":\"WebSite\",\"@id\":\"https:\/\/socialdesignmagazine.com\/mag\/#website\",\"url\":\"https:\/\/socialdesignmagazine.com\/mag\/\",\"name\":\"Social Design Magazine\",\"description\":\"Social Magazine su Design, Architettura, Arte, Grafica\",\"publisher\":{\"@id\":\"https:\/\/socialdesignmagazine.com\/mag\/#organization\"},\"potentialAction\":[{\"@type\":\"SearchAction\",\"target\":{\"@type\":\"EntryPoint\",\"urlTemplate\":\"https:\/\/socialdesignmagazine.com\/mag\/?s={search_term_string}\"},\"query-input\":{\"@type\":\"PropertyValueSpecification\",\"valueRequired\":true,\"valueName\":\"search_term_string\"}}],\"inLanguage\":\"it-IT\"},{\"@type\":\"Organization\",\"@id\":\"https:\/\/socialdesignmagazine.com\/mag\/#organization\",\"name\":\"Social Design Magazine\",\"url\":\"https:\/\/socialdesignmagazine.com\/mag\/\",\"logo\":{\"@type\":\"ImageObject\",\"inLanguage\":\"it-IT\",\"@id\":\"https:\/\/socialdesignmagazine.com\/mag\/#\/schema\/logo\/image\/\",\"url\":\"https:\/\/socialdesignmagazine.com\/mag\/wp-content\/uploads\/2017\/01\/logo_favicon_11.png\",\"contentUrl\":\"https:\/\/socialdesignmagazine.com\/mag\/wp-content\/uploads\/2017\/01\/logo_favicon_11.png\",\"width\":1024,\"height\":1024,\"caption\":\"Social Design Magazine\"},\"image\":{\"@id\":\"https:\/\/socialdesignmagazine.com\/mag\/#\/schema\/logo\/image\/\"},\"sameAs\":[\"https:\/\/www.facebook.com\/socialdesignmag\",\"https:\/\/x.com\/socialdesignmag\",\"http:\/\/instagram.com\/social_design_magazine\/\",\"http:\/\/pinterest.com\/socialdesignmag\/\",\"http:\/\/www.youtube.com\/user\/socialdesignmagazine\"]},{\"@type\":\"Person\",\"@id\":\"https:\/\/socialdesignmagazine.com\/mag\/#\/schema\/person\/1f2351c471fe7311397f5c5670a19038\",\"name\":\"paola nardin\",\"image\":{\"@type\":\"ImageObject\",\"inLanguage\":\"it-IT\",\"@id\":\"https:\/\/secure.gravatar.com\/avatar\/14d5a3483cbc2b7c738962845f6bc4175792eb4a68a6c1067010e47ceda38f01?s=96&d=mm&r=g\",\"url\":\"https:\/\/secure.gravatar.com\/avatar\/14d5a3483cbc2b7c738962845f6bc4175792eb4a68a6c1067010e47ceda38f01?s=96&d=mm&r=g\",\"contentUrl\":\"https:\/\/secure.gravatar.com\/avatar\/14d5a3483cbc2b7c738962845f6bc4175792eb4a68a6c1067010e47ceda38f01?s=96&d=mm&r=g\",\"caption\":\"paola nardin\"},\"url\":\"https:\/\/socialdesignmagazine.com\/mag\/author\/arch_paolan\/\"}]}<\/script>\n<!-- \/ Yoast SEO plugin. -->","yoast_head_json":{"title":"Ristrutturazione di un appartamento in pochi interventi - Social Design Magazine","description":"ristrutturazione di un appartamento adattando la composizione interna della casa alle nuove esigenze.","robots":{"index":"index","follow":"follow","max-snippet":"max-snippet:-1","max-image-preview":"max-image-preview:large","max-video-preview":"max-video-preview:-1"},"canonical":"https:\/\/socialdesignmagazine.com\/mag\/architettura\/ristrutturazione-di-un-appartamento-in-pochi-interventi\/","og_locale":"it_IT","og_type":"article","og_title":"Ristrutturazione di un appartamento in pochi interventi - Social Design Magazine","og_description":"ristrutturazione di un appartamento adattando la composizione interna della casa alle nuove esigenze.","og_url":"http:\/\/socialdesignmagazine.com\/mag\/architettura\/ristrutturazione-di-un-appartamento-in-pochi-interventi\/","og_site_name":"Social Design Magazine","article_publisher":"https:\/\/www.facebook.com\/socialdesignmag","article_published_time":"2013-12-16T10:00:00+00:00","article_modified_time":"2025-03-08T12:55:37+00:00","og_image":[{"width":720,"height":450,"url":"https:\/\/socialdesignmagazine.com\/mag\/wp-content\/uploads\/2013\/12\/users_arch_paolan_progetto_CA_01_CA_VISTA_01_800.jpg","type":"image\/jpeg"}],"author":"paola nardin","twitter_card":"summary_large_image","twitter_creator":"@socialdesignmag","twitter_site":"@socialdesignmag","twitter_misc":{"Scritto da":"paola nardin","Tempo di lettura stimato":"4 minuti"},"schema":{"@context":"https:\/\/schema.org","@graph":[{"@type":"Article","@id":"https:\/\/socialdesignmagazine.com\/mag\/architettura\/ristrutturazione-di-un-appartamento-in-pochi-interventi\/#article","isPartOf":{"@id":"https:\/\/socialdesignmagazine.com\/mag\/architettura\/ristrutturazione-di-un-appartamento-in-pochi-interventi\/"},"author":{"name":"paola nardin","@id":"https:\/\/socialdesignmagazine.com\/mag\/#\/schema\/person\/1f2351c471fe7311397f5c5670a19038"},"headline":"Ristrutturazione di un appartamento in pochi interventi","datePublished":"2013-12-16T10:00:00+00:00","dateModified":"2025-03-08T12:55:37+00:00","mainEntityOfPage":{"@id":"https:\/\/socialdesignmagazine.com\/mag\/architettura\/ristrutturazione-di-un-appartamento-in-pochi-interventi\/"},"wordCount":522,"commentCount":0,"publisher":{"@id":"https:\/\/socialdesignmagazine.com\/mag\/#organization"},"image":{"@id":"https:\/\/socialdesignmagazine.com\/mag\/architettura\/ristrutturazione-di-un-appartamento-in-pochi-interventi\/#primaryimage"},"thumbnailUrl":"https:\/\/socialdesignmagazine.com\/mag\/wp-content\/uploads\/2013\/12\/users_arch_paolan_progetto_CA_01_CA_VISTA_01_800.jpg","keywords":["interior design","ristrutturazione","soppalco"],"articleSection":["Architettura"],"inLanguage":"it-IT","potentialAction":[{"@type":"CommentAction","name":"Comment","target":["https:\/\/socialdesignmagazine.com\/mag\/architettura\/ristrutturazione-di-un-appartamento-in-pochi-interventi\/#respond"]}]},{"@type":"WebPage","@id":"https:\/\/socialdesignmagazine.com\/mag\/architettura\/ristrutturazione-di-un-appartamento-in-pochi-interventi\/","url":"https:\/\/socialdesignmagazine.com\/mag\/architettura\/ristrutturazione-di-un-appartamento-in-pochi-interventi\/","name":"Ristrutturazione di un appartamento in pochi interventi - Social Design Magazine","isPartOf":{"@id":"https:\/\/socialdesignmagazine.com\/mag\/#website"},"primaryImageOfPage":{"@id":"https:\/\/socialdesignmagazine.com\/mag\/architettura\/ristrutturazione-di-un-appartamento-in-pochi-interventi\/#primaryimage"},"image":{"@id":"https:\/\/socialdesignmagazine.com\/mag\/architettura\/ristrutturazione-di-un-appartamento-in-pochi-interventi\/#primaryimage"},"thumbnailUrl":"https:\/\/socialdesignmagazine.com\/mag\/wp-content\/uploads\/2013\/12\/users_arch_paolan_progetto_CA_01_CA_VISTA_01_800.jpg","datePublished":"2013-12-16T10:00:00+00:00","dateModified":"2025-03-08T12:55:37+00:00","description":"ristrutturazione di un appartamento adattando la composizione interna della casa alle nuove esigenze.","breadcrumb":{"@id":"https:\/\/socialdesignmagazine.com\/mag\/architettura\/ristrutturazione-di-un-appartamento-in-pochi-interventi\/#breadcrumb"},"inLanguage":"it-IT","potentialAction":[{"@type":"ReadAction","target":["https:\/\/socialdesignmagazine.com\/mag\/architettura\/ristrutturazione-di-un-appartamento-in-pochi-interventi\/"]}]},{"@type":"ImageObject","inLanguage":"it-IT","@id":"https:\/\/socialdesignmagazine.com\/mag\/architettura\/ristrutturazione-di-un-appartamento-in-pochi-interventi\/#primaryimage","url":"https:\/\/socialdesignmagazine.com\/mag\/wp-content\/uploads\/2013\/12\/users_arch_paolan_progetto_CA_01_CA_VISTA_01_800.jpg","contentUrl":"https:\/\/socialdesignmagazine.com\/mag\/wp-content\/uploads\/2013\/12\/users_arch_paolan_progetto_CA_01_CA_VISTA_01_800.jpg","width":720,"height":450,"caption":"01 CA VISTA 01 800"},{"@type":"BreadcrumbList","@id":"https:\/\/socialdesignmagazine.com\/mag\/architettura\/ristrutturazione-di-un-appartamento-in-pochi-interventi\/#breadcrumb","itemListElement":[{"@type":"ListItem","position":1,"name":"Home","item":"https:\/\/socialdesignmagazine.com\/mag\/"},{"@type":"ListItem","position":2,"name":"Architettura","item":"https:\/\/socialdesignmagazine.com\/mag\/architettura\/"},{"@type":"ListItem","position":3,"name":"Ristrutturazione di un appartamento in pochi interventi"}]},{"@type":"WebSite","@id":"https:\/\/socialdesignmagazine.com\/mag\/#website","url":"https:\/\/socialdesignmagazine.com\/mag\/","name":"Social Design Magazine","description":"Social Magazine su Design, Architettura, Arte, Grafica","publisher":{"@id":"https:\/\/socialdesignmagazine.com\/mag\/#organization"},"potentialAction":[{"@type":"SearchAction","target":{"@type":"EntryPoint","urlTemplate":"https:\/\/socialdesignmagazine.com\/mag\/?s={search_term_string}"},"query-input":{"@type":"PropertyValueSpecification","valueRequired":true,"valueName":"search_term_string"}}],"inLanguage":"it-IT"},{"@type":"Organization","@id":"https:\/\/socialdesignmagazine.com\/mag\/#organization","name":"Social Design Magazine","url":"https:\/\/socialdesignmagazine.com\/mag\/","logo":{"@type":"ImageObject","inLanguage":"it-IT","@id":"https:\/\/socialdesignmagazine.com\/mag\/#\/schema\/logo\/image\/","url":"https:\/\/socialdesignmagazine.com\/mag\/wp-content\/uploads\/2017\/01\/logo_favicon_11.png","contentUrl":"https:\/\/socialdesignmagazine.com\/mag\/wp-content\/uploads\/2017\/01\/logo_favicon_11.png","width":1024,"height":1024,"caption":"Social Design Magazine"},"image":{"@id":"https:\/\/socialdesignmagazine.com\/mag\/#\/schema\/logo\/image\/"},"sameAs":["https:\/\/www.facebook.com\/socialdesignmag","https:\/\/x.com\/socialdesignmag","http:\/\/instagram.com\/social_design_magazine\/","http:\/\/pinterest.com\/socialdesignmag\/","http:\/\/www.youtube.com\/user\/socialdesignmagazine"]},{"@type":"Person","@id":"https:\/\/socialdesignmagazine.com\/mag\/#\/schema\/person\/1f2351c471fe7311397f5c5670a19038","name":"paola nardin","image":{"@type":"ImageObject","inLanguage":"it-IT","@id":"https:\/\/secure.gravatar.com\/avatar\/14d5a3483cbc2b7c738962845f6bc4175792eb4a68a6c1067010e47ceda38f01?s=96&d=mm&r=g","url":"https:\/\/secure.gravatar.com\/avatar\/14d5a3483cbc2b7c738962845f6bc4175792eb4a68a6c1067010e47ceda38f01?s=96&d=mm&r=g","contentUrl":"https:\/\/secure.gravatar.com\/avatar\/14d5a3483cbc2b7c738962845f6bc4175792eb4a68a6c1067010e47ceda38f01?s=96&d=mm&r=g","caption":"paola nardin"},"url":"https:\/\/socialdesignmagazine.com\/mag\/author\/arch_paolan\/"}]}},"jetpack_featured_media_url":"https:\/\/socialdesignmagazine.com\/mag\/wp-content\/uploads\/2013\/12\/users_arch_paolan_progetto_CA_01_CA_VISTA_01_800.jpg","jetpack_sharing_enabled":true,"jetpack_shortlink":"https:\/\/wp.me\/p6cV7V-Gv","gt_translate_keys":[{"key":"link","format":"url"}],"_links":{"self":[{"href":"https:\/\/socialdesignmagazine.com\/mag\/wp-json\/wp\/v2\/posts\/2635","targetHints":{"allow":["GET"]}}],"collection":[{"href":"https:\/\/socialdesignmagazine.com\/mag\/wp-json\/wp\/v2\/posts"}],"about":[{"href":"https:\/\/socialdesignmagazine.com\/mag\/wp-json\/wp\/v2\/types\/post"}],"author":[{"embeddable":true,"href":"https:\/\/socialdesignmagazine.com\/mag\/wp-json\/wp\/v2\/users\/109"}],"replies":[{"embeddable":true,"href":"https:\/\/socialdesignmagazine.com\/mag\/wp-json\/wp\/v2\/comments?post=2635"}],"version-history":[{"count":2,"href":"https:\/\/socialdesignmagazine.com\/mag\/wp-json\/wp\/v2\/posts\/2635\/revisions"}],"predecessor-version":[{"id":63183,"href":"https:\/\/socialdesignmagazine.com\/mag\/wp-json\/wp\/v2\/posts\/2635\/revisions\/63183"}],"wp:featuredmedia":[{"embeddable":true,"href":"https:\/\/socialdesignmagazine.com\/mag\/wp-json\/wp\/v2\/media\/15543"}],"wp:attachment":[{"href":"https:\/\/socialdesignmagazine.com\/mag\/wp-json\/wp\/v2\/media?parent=2635"}],"wp:term":[{"taxonomy":"category","embeddable":true,"href":"https:\/\/socialdesignmagazine.com\/mag\/wp-json\/wp\/v2\/categories?post=2635"},{"taxonomy":"post_tag","embeddable":true,"href":"https:\/\/socialdesignmagazine.com\/mag\/wp-json\/wp\/v2\/tags?post=2635"}],"curies":[{"name":"wp","href":"https:\/\/api.w.org\/{rel}","templated":true}]}}