{"id":2636,"date":"2013-12-16T12:00:00","date_gmt":"2013-12-16T11:00:00","guid":{"rendered":"https:\/\/socialdesignmagazine.com\/mag\/s6-design\/c35-design\/collezione-arredo-bagno-box\/"},"modified":"2025-03-08T13:56:54","modified_gmt":"2025-03-08T12:56:54","slug":"collezione-arredo-bagno-box","status":"publish","type":"post","link":"https:\/\/socialdesignmagazine.com\/mag\/design\/collezione-arredo-bagno-box\/","title":{"rendered":"Collezione arredo bagno Box","gt_translate_keys":[{"key":"rendered","format":"text"}]},"content":{"rendered":"\n<p>Se stai cercando qualcosa di veramente originale per arredare il tuo bagno con uno stile unico e inimitabile la collezione Box realizzata dalla&nbsp;GSG \u00e8 quello che fa per te. La collezione Box ha linee decise e forme armoniche che possono essere inserite in qualsiasi contesto abitativo. Puoi scegliere di acquistare sanitari sospesi oppure a terra a seconda delle tue esigenze mantenendo uno stile contemporaneo al passo con i tempi.<\/p>\n\n\n\n<p>La collezione Box \u00e8 l\u2019ideale per chi \u00e8 sempre alla ricerca della qualit\u00e0 a prezzi di mercato concorrenziali senza rinunciare ad un design capace di donare a tutto l\u2019ambiente un valore aggiunto.<\/p>\n\n\n\n<p>Il maggior pregio di tutta la linea \u00e8 l\u2019alta qualit\u00e0. Basti pensare che una volta istallati questi sanitari non ci sar\u00e0 pi\u00f9 bisogno di alcuna manutenzione per assicurare il loro perfetto funzionamento nel corso degli anni.<\/p>\n\n\n\n<p>Con il lavabo da centro stanza proposto da questa collezione sparisce l&#8217;obbligo di posizionare tale complemento d&#8217;arredo unicamente attaccato alla parete. Tale soluzione permette di dare a qualsiasi bagno un aspetto rinnovato e senza dubbio originale senza rinunciare ad un&#8217;efficenza senza pari.<\/p>\n\n\n\n<p>La&nbsp;GSG \u00e8 un\u2019azienda italiana che ha saputo imporsi sul mercato internazionale grazie alle sue idee innovative e all\u2019alta qualit\u00e0 dei prodotti che immette sul mercato. Le sue ceramiche hanno contribuito a esportare il prestigio del marchio Made in Italy ovunque nel mondo. Adesso la&nbsp;GSG propone la innovativa collezione box per andare incontro alle esigenze moderne in maniera raffinata ed elegante.<\/p>\n\n\n\n<p>Visita il sito <a rel=\"nofollow\" href=\"http:\/\/www.ceramicagsg.it\/\"><\/a><a href=\"http:\/\/www.ceramicagsg.it\/\" rel=\"nofollow\" class=\"jcepopup\" target=\"_blank\">http:\/\/www.ceramicagsg.it\/<\/a> per vedere l&#8217;intera collezione box.<\/p>\n","protected":false,"gt_translate_keys":[{"key":"rendered","format":"html"}]},"excerpt":{"rendered":"<p>Se stai cercando qualcosa di veramente originale per arredare il tuo bagno con uno stile unico e inimitabile la collezione Box realizzata dalla\u00a0GSG \u00e8 quello che fa per te. La collezione Box ha linee decise e forme armoniche che possono essere inserite in qualsiasi contesto abitativo. Puoi scegliere di acquistare sanitari sospesi oppure a terra a seconda delle tue esigenze mantenendo uno stile contemporaneo al passo con i tempi.<\/p>\n","protected":false,"gt_translate_keys":[{"key":"rendered","format":"html"}]},"author":110,"featured_media":15547,"comment_status":"open","ping_status":"open","sticky":false,"template":"","format":"standard","meta":{"jetpack_post_was_ever_published":false,"_jetpack_newsletter_access":"","_jetpack_dont_email_post_to_subs":false,"_jetpack_newsletter_tier_id":0,"_jetpack_memberships_contains_paywalled_content":false,"_jetpack_memberships_contains_paid_content":false,"footnotes":"","_wpscppro_dont_share_socialmedia":false,"_wpscppro_custom_social_share_image":0,"_facebook_share_type":"","_twitter_share_type":"","_linkedin_share_type":"","_pinterest_share_type":"","_linkedin_share_type_page":"","_instagram_share_type":"","_medium_share_type":"","_threads_share_type":"","_google_business_share_type":"","_selected_social_profile":[],"_wpsp_enable_custom_social_template":false,"_wpsp_social_scheduling":{"enabled":false,"datetime":null,"platforms":[],"status":"template_only","dateOption":"today","timeOption":"now","customDays":"","customHours":"","customDate":"","customTime":"","schedulingType":"absolute"},"_wpsp_active_default_template":true},"categories":[13],"tags":[1598,306],"class_list":["post-2636","post","type-post","status-publish","format-standard","has-post-thumbnail","hentry","category-design","tag-arredo-bagno","tag-bagno"],"yoast_head":"<!-- This site is optimized with the Yoast SEO plugin v27.2 - https:\/\/yoast.com\/product\/yoast-seo-wordpress\/ -->\n<title>Collezione arredo bagno Box - Social Design Magazine<\/title>\n<meta name=\"description\" content=\"Se stai cercando qualcosa di veramente originale per arredare il tuo bagno con uno stile unico e inimitabile la collezione Box realizzata dalla\u00a0GSG \u00e8 quello che fa per te.\" \/>\n<meta name=\"robots\" content=\"index, follow, max-snippet:-1, max-image-preview:large, max-video-preview:-1\" \/>\n<link rel=\"canonical\" href=\"https:\/\/socialdesignmagazine.com\/mag\/design\/collezione-arredo-bagno-box\/\" \/>\n<meta property=\"og:locale\" content=\"it_IT\" \/>\n<meta property=\"og:type\" content=\"article\" \/>\n<meta property=\"og:title\" content=\"Collezione arredo bagno Box - Social Design Magazine\" \/>\n<meta property=\"og:description\" content=\"Se stai cercando qualcosa di veramente originale per arredare il tuo bagno con uno stile unico e inimitabile la collezione Box realizzata dalla\u00a0GSG \u00e8 quello che fa per te.\" \/>\n<meta property=\"og:url\" content=\"http:\/\/socialdesignmagazine.com\/mag\/design\/collezione-arredo-bagno-box\/\" \/>\n<meta property=\"og:site_name\" content=\"Social Design Magazine\" \/>\n<meta property=\"article:publisher\" content=\"https:\/\/www.facebook.com\/socialdesignmag\" \/>\n<meta property=\"article:published_time\" content=\"2013-12-16T11:00:00+00:00\" \/>\n<meta property=\"article:modified_time\" content=\"2025-03-08T12:56:54+00:00\" \/>\n<meta property=\"og:image\" content=\"https:\/\/socialdesignmagazine.com\/mag\/wp-content\/uploads\/2013\/12\/users_pressnews_sanitari-terra_720X0_90.jpg\" \/>\n\t<meta property=\"og:image:width\" content=\"720\" \/>\n\t<meta property=\"og:image:height\" content=\"440\" \/>\n\t<meta property=\"og:image:type\" content=\"image\/jpeg\" \/>\n<meta name=\"author\" content=\"antonio falco\" \/>\n<meta name=\"twitter:card\" content=\"summary_large_image\" \/>\n<meta name=\"twitter:creator\" content=\"@socialdesignmag\" \/>\n<meta name=\"twitter:site\" content=\"@socialdesignmag\" \/>\n<meta name=\"twitter:label1\" content=\"Scritto da\" \/>\n\t<meta name=\"twitter:data1\" content=\"antonio falco\" \/>\n\t<meta name=\"twitter:label2\" content=\"Tempo di lettura stimato\" \/>\n\t<meta name=\"twitter:data2\" content=\"2 minuti\" \/>\n<script type=\"application\/ld+json\" class=\"yoast-schema-graph\">{\"@context\":\"https:\/\/schema.org\",\"@graph\":[{\"@type\":\"Article\",\"@id\":\"https:\/\/socialdesignmagazine.com\/mag\/design\/collezione-arredo-bagno-box\/#article\",\"isPartOf\":{\"@id\":\"https:\/\/socialdesignmagazine.com\/mag\/design\/collezione-arredo-bagno-box\/\"},\"author\":{\"name\":\"antonio falco\",\"@id\":\"https:\/\/socialdesignmagazine.com\/mag\/#\/schema\/person\/59b4c7e0d71051d4f3e30c6a9b5d49e9\"},\"headline\":\"Collezione arredo bagno Box\",\"datePublished\":\"2013-12-16T11:00:00+00:00\",\"dateModified\":\"2025-03-08T12:56:54+00:00\",\"mainEntityOfPage\":{\"@id\":\"https:\/\/socialdesignmagazine.com\/mag\/design\/collezione-arredo-bagno-box\/\"},\"wordCount\":265,\"commentCount\":0,\"publisher\":{\"@id\":\"https:\/\/socialdesignmagazine.com\/mag\/#organization\"},\"image\":{\"@id\":\"https:\/\/socialdesignmagazine.com\/mag\/design\/collezione-arredo-bagno-box\/#primaryimage\"},\"thumbnailUrl\":\"https:\/\/socialdesignmagazine.com\/mag\/wp-content\/uploads\/2013\/12\/users_pressnews_sanitari-terra_720X0_90.jpg\",\"keywords\":[\"arredo bagno\",\"bagno\"],\"articleSection\":[\"Design\"],\"inLanguage\":\"it-IT\",\"potentialAction\":[{\"@type\":\"CommentAction\",\"name\":\"Comment\",\"target\":[\"https:\/\/socialdesignmagazine.com\/mag\/design\/collezione-arredo-bagno-box\/#respond\"]}]},{\"@type\":\"WebPage\",\"@id\":\"https:\/\/socialdesignmagazine.com\/mag\/design\/collezione-arredo-bagno-box\/\",\"url\":\"https:\/\/socialdesignmagazine.com\/mag\/design\/collezione-arredo-bagno-box\/\",\"name\":\"Collezione arredo bagno Box - Social Design Magazine\",\"isPartOf\":{\"@id\":\"https:\/\/socialdesignmagazine.com\/mag\/#website\"},\"primaryImageOfPage\":{\"@id\":\"https:\/\/socialdesignmagazine.com\/mag\/design\/collezione-arredo-bagno-box\/#primaryimage\"},\"image\":{\"@id\":\"https:\/\/socialdesignmagazine.com\/mag\/design\/collezione-arredo-bagno-box\/#primaryimage\"},\"thumbnailUrl\":\"https:\/\/socialdesignmagazine.com\/mag\/wp-content\/uploads\/2013\/12\/users_pressnews_sanitari-terra_720X0_90.jpg\",\"datePublished\":\"2013-12-16T11:00:00+00:00\",\"dateModified\":\"2025-03-08T12:56:54+00:00\",\"description\":\"Se stai cercando qualcosa di veramente originale per arredare il tuo bagno con uno stile unico e inimitabile la collezione Box realizzata dalla\u00a0GSG \u00e8 quello che fa per te.\",\"breadcrumb\":{\"@id\":\"https:\/\/socialdesignmagazine.com\/mag\/design\/collezione-arredo-bagno-box\/#breadcrumb\"},\"inLanguage\":\"it-IT\",\"potentialAction\":[{\"@type\":\"ReadAction\",\"target\":[\"https:\/\/socialdesignmagazine.com\/mag\/design\/collezione-arredo-bagno-box\/\"]}]},{\"@type\":\"ImageObject\",\"inLanguage\":\"it-IT\",\"@id\":\"https:\/\/socialdesignmagazine.com\/mag\/design\/collezione-arredo-bagno-box\/#primaryimage\",\"url\":\"https:\/\/socialdesignmagazine.com\/mag\/wp-content\/uploads\/2013\/12\/users_pressnews_sanitari-terra_720X0_90.jpg\",\"contentUrl\":\"https:\/\/socialdesignmagazine.com\/mag\/wp-content\/uploads\/2013\/12\/users_pressnews_sanitari-terra_720X0_90.jpg\",\"width\":720,\"height\":440,\"caption\":\"sanitari-terra 720X0 90\"},{\"@type\":\"BreadcrumbList\",\"@id\":\"https:\/\/socialdesignmagazine.com\/mag\/design\/collezione-arredo-bagno-box\/#breadcrumb\",\"itemListElement\":[{\"@type\":\"ListItem\",\"position\":1,\"name\":\"Home\",\"item\":\"https:\/\/socialdesignmagazine.com\/mag\/\"},{\"@type\":\"ListItem\",\"position\":2,\"name\":\"Design\",\"item\":\"https:\/\/socialdesignmagazine.com\/mag\/design\/\"},{\"@type\":\"ListItem\",\"position\":3,\"name\":\"Collezione arredo bagno Box\"}]},{\"@type\":\"WebSite\",\"@id\":\"https:\/\/socialdesignmagazine.com\/mag\/#website\",\"url\":\"https:\/\/socialdesignmagazine.com\/mag\/\",\"name\":\"Social Design Magazine\",\"description\":\"Social Magazine su Design, Architettura, Arte, Grafica\",\"publisher\":{\"@id\":\"https:\/\/socialdesignmagazine.com\/mag\/#organization\"},\"potentialAction\":[{\"@type\":\"SearchAction\",\"target\":{\"@type\":\"EntryPoint\",\"urlTemplate\":\"https:\/\/socialdesignmagazine.com\/mag\/?s={search_term_string}\"},\"query-input\":{\"@type\":\"PropertyValueSpecification\",\"valueRequired\":true,\"valueName\":\"search_term_string\"}}],\"inLanguage\":\"it-IT\"},{\"@type\":\"Organization\",\"@id\":\"https:\/\/socialdesignmagazine.com\/mag\/#organization\",\"name\":\"Social Design Magazine\",\"url\":\"https:\/\/socialdesignmagazine.com\/mag\/\",\"logo\":{\"@type\":\"ImageObject\",\"inLanguage\":\"it-IT\",\"@id\":\"https:\/\/socialdesignmagazine.com\/mag\/#\/schema\/logo\/image\/\",\"url\":\"https:\/\/socialdesignmagazine.com\/mag\/wp-content\/uploads\/2017\/01\/logo_favicon_11.png\",\"contentUrl\":\"https:\/\/socialdesignmagazine.com\/mag\/wp-content\/uploads\/2017\/01\/logo_favicon_11.png\",\"width\":1024,\"height\":1024,\"caption\":\"Social Design Magazine\"},\"image\":{\"@id\":\"https:\/\/socialdesignmagazine.com\/mag\/#\/schema\/logo\/image\/\"},\"sameAs\":[\"https:\/\/www.facebook.com\/socialdesignmag\",\"https:\/\/x.com\/socialdesignmag\",\"http:\/\/instagram.com\/social_design_magazine\/\",\"http:\/\/pinterest.com\/socialdesignmag\/\",\"http:\/\/www.youtube.com\/user\/socialdesignmagazine\"]},{\"@type\":\"Person\",\"@id\":\"https:\/\/socialdesignmagazine.com\/mag\/#\/schema\/person\/59b4c7e0d71051d4f3e30c6a9b5d49e9\",\"name\":\"antonio falco\",\"image\":{\"@type\":\"ImageObject\",\"inLanguage\":\"it-IT\",\"@id\":\"https:\/\/secure.gravatar.com\/avatar\/fc84f394576cb13a823c58a33a034890de0fa324cec67de70447a3a075ac27cf?s=96&d=mm&r=g\",\"url\":\"https:\/\/secure.gravatar.com\/avatar\/fc84f394576cb13a823c58a33a034890de0fa324cec67de70447a3a075ac27cf?s=96&d=mm&r=g\",\"contentUrl\":\"https:\/\/secure.gravatar.com\/avatar\/fc84f394576cb13a823c58a33a034890de0fa324cec67de70447a3a075ac27cf?s=96&d=mm&r=g\",\"caption\":\"antonio falco\"},\"url\":\"https:\/\/socialdesignmagazine.com\/mag\/author\/pressnews\/\"}]}<\/script>\n<!-- \/ Yoast SEO plugin. -->","yoast_head_json":{"title":"Collezione arredo bagno Box - Social Design Magazine","description":"Se stai cercando qualcosa di veramente originale per arredare il tuo bagno con uno stile unico e inimitabile la collezione Box realizzata dalla\u00a0GSG \u00e8 quello che fa per te.","robots":{"index":"index","follow":"follow","max-snippet":"max-snippet:-1","max-image-preview":"max-image-preview:large","max-video-preview":"max-video-preview:-1"},"canonical":"https:\/\/socialdesignmagazine.com\/mag\/design\/collezione-arredo-bagno-box\/","og_locale":"it_IT","og_type":"article","og_title":"Collezione arredo bagno Box - Social Design Magazine","og_description":"Se stai cercando qualcosa di veramente originale per arredare il tuo bagno con uno stile unico e inimitabile la collezione Box realizzata dalla\u00a0GSG \u00e8 quello che fa per te.","og_url":"http:\/\/socialdesignmagazine.com\/mag\/design\/collezione-arredo-bagno-box\/","og_site_name":"Social Design Magazine","article_publisher":"https:\/\/www.facebook.com\/socialdesignmag","article_published_time":"2013-12-16T11:00:00+00:00","article_modified_time":"2025-03-08T12:56:54+00:00","og_image":[{"width":720,"height":440,"url":"https:\/\/socialdesignmagazine.com\/mag\/wp-content\/uploads\/2013\/12\/users_pressnews_sanitari-terra_720X0_90.jpg","type":"image\/jpeg"}],"author":"antonio falco","twitter_card":"summary_large_image","twitter_creator":"@socialdesignmag","twitter_site":"@socialdesignmag","twitter_misc":{"Scritto da":"antonio falco","Tempo di lettura stimato":"2 minuti"},"schema":{"@context":"https:\/\/schema.org","@graph":[{"@type":"Article","@id":"https:\/\/socialdesignmagazine.com\/mag\/design\/collezione-arredo-bagno-box\/#article","isPartOf":{"@id":"https:\/\/socialdesignmagazine.com\/mag\/design\/collezione-arredo-bagno-box\/"},"author":{"name":"antonio falco","@id":"https:\/\/socialdesignmagazine.com\/mag\/#\/schema\/person\/59b4c7e0d71051d4f3e30c6a9b5d49e9"},"headline":"Collezione arredo bagno Box","datePublished":"2013-12-16T11:00:00+00:00","dateModified":"2025-03-08T12:56:54+00:00","mainEntityOfPage":{"@id":"https:\/\/socialdesignmagazine.com\/mag\/design\/collezione-arredo-bagno-box\/"},"wordCount":265,"commentCount":0,"publisher":{"@id":"https:\/\/socialdesignmagazine.com\/mag\/#organization"},"image":{"@id":"https:\/\/socialdesignmagazine.com\/mag\/design\/collezione-arredo-bagno-box\/#primaryimage"},"thumbnailUrl":"https:\/\/socialdesignmagazine.com\/mag\/wp-content\/uploads\/2013\/12\/users_pressnews_sanitari-terra_720X0_90.jpg","keywords":["arredo bagno","bagno"],"articleSection":["Design"],"inLanguage":"it-IT","potentialAction":[{"@type":"CommentAction","name":"Comment","target":["https:\/\/socialdesignmagazine.com\/mag\/design\/collezione-arredo-bagno-box\/#respond"]}]},{"@type":"WebPage","@id":"https:\/\/socialdesignmagazine.com\/mag\/design\/collezione-arredo-bagno-box\/","url":"https:\/\/socialdesignmagazine.com\/mag\/design\/collezione-arredo-bagno-box\/","name":"Collezione arredo bagno Box - Social Design Magazine","isPartOf":{"@id":"https:\/\/socialdesignmagazine.com\/mag\/#website"},"primaryImageOfPage":{"@id":"https:\/\/socialdesignmagazine.com\/mag\/design\/collezione-arredo-bagno-box\/#primaryimage"},"image":{"@id":"https:\/\/socialdesignmagazine.com\/mag\/design\/collezione-arredo-bagno-box\/#primaryimage"},"thumbnailUrl":"https:\/\/socialdesignmagazine.com\/mag\/wp-content\/uploads\/2013\/12\/users_pressnews_sanitari-terra_720X0_90.jpg","datePublished":"2013-12-16T11:00:00+00:00","dateModified":"2025-03-08T12:56:54+00:00","description":"Se stai cercando qualcosa di veramente originale per arredare il tuo bagno con uno stile unico e inimitabile la collezione Box realizzata dalla\u00a0GSG \u00e8 quello che fa per te.","breadcrumb":{"@id":"https:\/\/socialdesignmagazine.com\/mag\/design\/collezione-arredo-bagno-box\/#breadcrumb"},"inLanguage":"it-IT","potentialAction":[{"@type":"ReadAction","target":["https:\/\/socialdesignmagazine.com\/mag\/design\/collezione-arredo-bagno-box\/"]}]},{"@type":"ImageObject","inLanguage":"it-IT","@id":"https:\/\/socialdesignmagazine.com\/mag\/design\/collezione-arredo-bagno-box\/#primaryimage","url":"https:\/\/socialdesignmagazine.com\/mag\/wp-content\/uploads\/2013\/12\/users_pressnews_sanitari-terra_720X0_90.jpg","contentUrl":"https:\/\/socialdesignmagazine.com\/mag\/wp-content\/uploads\/2013\/12\/users_pressnews_sanitari-terra_720X0_90.jpg","width":720,"height":440,"caption":"sanitari-terra 720X0 90"},{"@type":"BreadcrumbList","@id":"https:\/\/socialdesignmagazine.com\/mag\/design\/collezione-arredo-bagno-box\/#breadcrumb","itemListElement":[{"@type":"ListItem","position":1,"name":"Home","item":"https:\/\/socialdesignmagazine.com\/mag\/"},{"@type":"ListItem","position":2,"name":"Design","item":"https:\/\/socialdesignmagazine.com\/mag\/design\/"},{"@type":"ListItem","position":3,"name":"Collezione arredo bagno Box"}]},{"@type":"WebSite","@id":"https:\/\/socialdesignmagazine.com\/mag\/#website","url":"https:\/\/socialdesignmagazine.com\/mag\/","name":"Social Design Magazine","description":"Social Magazine su Design, Architettura, Arte, Grafica","publisher":{"@id":"https:\/\/socialdesignmagazine.com\/mag\/#organization"},"potentialAction":[{"@type":"SearchAction","target":{"@type":"EntryPoint","urlTemplate":"https:\/\/socialdesignmagazine.com\/mag\/?s={search_term_string}"},"query-input":{"@type":"PropertyValueSpecification","valueRequired":true,"valueName":"search_term_string"}}],"inLanguage":"it-IT"},{"@type":"Organization","@id":"https:\/\/socialdesignmagazine.com\/mag\/#organization","name":"Social Design Magazine","url":"https:\/\/socialdesignmagazine.com\/mag\/","logo":{"@type":"ImageObject","inLanguage":"it-IT","@id":"https:\/\/socialdesignmagazine.com\/mag\/#\/schema\/logo\/image\/","url":"https:\/\/socialdesignmagazine.com\/mag\/wp-content\/uploads\/2017\/01\/logo_favicon_11.png","contentUrl":"https:\/\/socialdesignmagazine.com\/mag\/wp-content\/uploads\/2017\/01\/logo_favicon_11.png","width":1024,"height":1024,"caption":"Social Design Magazine"},"image":{"@id":"https:\/\/socialdesignmagazine.com\/mag\/#\/schema\/logo\/image\/"},"sameAs":["https:\/\/www.facebook.com\/socialdesignmag","https:\/\/x.com\/socialdesignmag","http:\/\/instagram.com\/social_design_magazine\/","http:\/\/pinterest.com\/socialdesignmag\/","http:\/\/www.youtube.com\/user\/socialdesignmagazine"]},{"@type":"Person","@id":"https:\/\/socialdesignmagazine.com\/mag\/#\/schema\/person\/59b4c7e0d71051d4f3e30c6a9b5d49e9","name":"antonio falco","image":{"@type":"ImageObject","inLanguage":"it-IT","@id":"https:\/\/secure.gravatar.com\/avatar\/fc84f394576cb13a823c58a33a034890de0fa324cec67de70447a3a075ac27cf?s=96&d=mm&r=g","url":"https:\/\/secure.gravatar.com\/avatar\/fc84f394576cb13a823c58a33a034890de0fa324cec67de70447a3a075ac27cf?s=96&d=mm&r=g","contentUrl":"https:\/\/secure.gravatar.com\/avatar\/fc84f394576cb13a823c58a33a034890de0fa324cec67de70447a3a075ac27cf?s=96&d=mm&r=g","caption":"antonio falco"},"url":"https:\/\/socialdesignmagazine.com\/mag\/author\/pressnews\/"}]}},"jetpack_featured_media_url":"https:\/\/socialdesignmagazine.com\/mag\/wp-content\/uploads\/2013\/12\/users_pressnews_sanitari-terra_720X0_90.jpg","jetpack_sharing_enabled":true,"jetpack_shortlink":"https:\/\/wp.me\/p6cV7V-Gw","gt_translate_keys":[{"key":"link","format":"url"}],"_links":{"self":[{"href":"https:\/\/socialdesignmagazine.com\/mag\/wp-json\/wp\/v2\/posts\/2636","targetHints":{"allow":["GET"]}}],"collection":[{"href":"https:\/\/socialdesignmagazine.com\/mag\/wp-json\/wp\/v2\/posts"}],"about":[{"href":"https:\/\/socialdesignmagazine.com\/mag\/wp-json\/wp\/v2\/types\/post"}],"author":[{"embeddable":true,"href":"https:\/\/socialdesignmagazine.com\/mag\/wp-json\/wp\/v2\/users\/110"}],"replies":[{"embeddable":true,"href":"https:\/\/socialdesignmagazine.com\/mag\/wp-json\/wp\/v2\/comments?post=2636"}],"version-history":[{"count":1,"href":"https:\/\/socialdesignmagazine.com\/mag\/wp-json\/wp\/v2\/posts\/2636\/revisions"}],"predecessor-version":[{"id":63184,"href":"https:\/\/socialdesignmagazine.com\/mag\/wp-json\/wp\/v2\/posts\/2636\/revisions\/63184"}],"wp:featuredmedia":[{"embeddable":true,"href":"https:\/\/socialdesignmagazine.com\/mag\/wp-json\/wp\/v2\/media\/15547"}],"wp:attachment":[{"href":"https:\/\/socialdesignmagazine.com\/mag\/wp-json\/wp\/v2\/media?parent=2636"}],"wp:term":[{"taxonomy":"category","embeddable":true,"href":"https:\/\/socialdesignmagazine.com\/mag\/wp-json\/wp\/v2\/categories?post=2636"},{"taxonomy":"post_tag","embeddable":true,"href":"https:\/\/socialdesignmagazine.com\/mag\/wp-json\/wp\/v2\/tags?post=2636"}],"curies":[{"name":"wp","href":"https:\/\/api.w.org\/{rel}","templated":true}]}}