{"id":26469,"date":"2016-01-12T14:06:10","date_gmt":"2016-01-12T13:06:10","guid":{"rendered":"https:\/\/socialdesignmagazine.com\/mag\/?p=26469"},"modified":"2016-01-12T14:06:10","modified_gmt":"2016-01-12T13:06:10","slug":"le-novita-di-gufram-a-maisonobjet","status":"publish","type":"post","link":"https:\/\/socialdesignmagazine.com\/mag\/news\/design-news\/le-novita-di-gufram-a-maisonobjet\/","title":{"rendered":"Le novit\u00e0 di Gufram A Maison&#038;Objet","gt_translate_keys":[{"key":"rendered","format":"text"}]},"content":{"rendered":"<h2>Gufram, il brand pi\u00f9 pop e irriverente del design italiano, torna a Parigi in occasione di <a rel=\"nofollow\" href=\"http:\/\/www.maison-objet.com\/\">MAISON&amp;OBJET<\/a>, dal 22 al 26 gennaio 2016.<\/h2>\n<p>La fiera parigina, evento di punta internazionale per buyer, addetti ai lavori e appassionati di design, \u00e8 l\u2019occasione ideale per il brand per proseguire con i festeggiamenti dei suoi 50 anni e presentare in anteprima una nuova edizione speciale dell\u2019iconica e dissacrante seduta <strong>Pratone<\/strong>.<\/p>\n<p>Inoltre, lo stand di Parigi sar\u00e0 arricchito con le edizioni limitate del <strong>divano Bocca<\/strong> nella versione Oro e della <strong>seduta THE END 1516<\/strong> ideata da Toiletpaper, entrambe realizzate per celebrare questo importante anniversario che si svilupper\u00e0 durante tutto il 2016.<\/p>\n<p>Infine, lo spirito pop e irriverente di Gufram sar\u00e0 sottolineato dalla presenza di alcuni prodotti della collezione Functional Pop, il catalogo che raccoglie i progetti ad ampia tiratura adatti ad un uso domestico pi\u00f9 \u201ctradizionale\u201d.<\/p>\n<h3>NORDIC PRATONE<\/h3>\n<p>Progetto radicale e simbolo della rivoluzione culturale dell\u2019anti-design \u2013 nato nel 1971 dalla mente di Giorgio Ceretti, Pietro Derossi e Riccardo Rosso \u2013, Pratone viene presentato in una nuova versione bianca. Il Nordic Pratone, prodotto in edizione limitata di 50 esemplari, rientra nella serie di progetti speciali realizzati da Gufram proprio in occasione del suo cinquantesimo compleanno.<\/p>\n<p>Perch\u00e9 bianco? Risponde Charley Vezza, Global Creative Orchestrator di Gufram: \u201cAbbiamo riflettuto molto sul trend del design scandinavo e ci siamo chiesti come avremmo potuto provare anche noi ad interpretarlo nonostante siamo agli antipodi: pop, irriverenti e dissacranti\u2026 Credendo di ricreare le condizioni base per la creativit\u00e0 nordica, ci siamo infilati in una cella frigorifera a pensare. Abbiamo patito credo lo stesso freddo di quelle latitudini, ma non ci sono venute delle idee. Per\u00f2 qualcosa \u00e8 accaduto: il Pratone si \u00e8 completamente ghiacciato! Un bianco stupendo, unico, irripetibile altrimenti. Ecco il Nordic Pratone, il primo ed ultimo prodotto scandinavo di Gufram\u201d.<\/p>\n<div id=\"attachment_26505\" style=\"width: 1210px\" class=\"wp-caption alignnone\"><a href=\"https:\/\/socialdesignmagazine.com\/mag\/blog\/design-news\/le-novita-di-gufram-a-maisonobjet\/attachment\/1_new_nordic-pratone_design-ceretti_derossi_rosso_ph-gufram\/#content\" rel=\"attachment wp-att-26505\"><img loading=\"lazy\" decoding=\"async\" aria-describedby=\"caption-attachment-26505\" data-attachment-id=\"26505\" data-permalink=\"https:\/\/socialdesignmagazine.com\/mag\/news\/design-news\/le-novita-di-gufram-a-maisonobjet\/attachment\/1_new_nordic-pratone_design-ceretti_derossi_rosso_ph-gufram\/#content\" data-orig-file=\"https:\/\/socialdesignmagazine.com\/mag\/wp-content\/uploads\/2016\/01\/1_NEW_Nordic-Pratone_Design-Ceretti_Derossi_Rosso_ph-Gufram-.jpg\" data-orig-size=\"1200,900\" data-comments-opened=\"1\" data-image-meta=\"{&quot;aperture&quot;:&quot;0&quot;,&quot;credit&quot;:&quot;&quot;,&quot;camera&quot;:&quot;&quot;,&quot;caption&quot;:&quot;&quot;,&quot;created_timestamp&quot;:&quot;0&quot;,&quot;copyright&quot;:&quot;&quot;,&quot;focal_length&quot;:&quot;0&quot;,&quot;iso&quot;:&quot;0&quot;,&quot;shutter_speed&quot;:&quot;0&quot;,&quot;title&quot;:&quot;&quot;,&quot;orientation&quot;:&quot;0&quot;}\" data-image-title=\"1_NEW_Nordic Pratone_Design Ceretti_Derossi_Rosso_ph Gufram\" data-image-description=\"\" data-image-caption=\"&lt;p&gt;NEW Nordic Pratone Design Ceretti Derossi Rosso&lt;\/p&gt;\n\" data-medium-file=\"https:\/\/socialdesignmagazine.com\/mag\/wp-content\/uploads\/2016\/01\/1_NEW_Nordic-Pratone_Design-Ceretti_Derossi_Rosso_ph-Gufram--396x256.jpg\" data-large-file=\"https:\/\/socialdesignmagazine.com\/mag\/wp-content\/uploads\/2016\/01\/1_NEW_Nordic-Pratone_Design-Ceretti_Derossi_Rosso_ph-Gufram--1024x768.jpg\" class=\"size-full wp-image-26505\" src=\"https:\/\/socialdesignmagazine.com\/mag\/wp-content\/uploads\/2016\/01\/1_NEW_Nordic-Pratone_Design-Ceretti_Derossi_Rosso_ph-Gufram-.jpg\" alt=\"1_NEW_Nordic Pratone_Design Ceretti_Derossi_Rosso_ph Gufram\" width=\"1200\" height=\"900\" srcset=\"https:\/\/socialdesignmagazine.com\/mag\/wp-content\/uploads\/2016\/01\/1_NEW_Nordic-Pratone_Design-Ceretti_Derossi_Rosso_ph-Gufram-.jpg 1200w, https:\/\/socialdesignmagazine.com\/mag\/wp-content\/uploads\/2016\/01\/1_NEW_Nordic-Pratone_Design-Ceretti_Derossi_Rosso_ph-Gufram--768x576.jpg 768w, https:\/\/socialdesignmagazine.com\/mag\/wp-content\/uploads\/2016\/01\/1_NEW_Nordic-Pratone_Design-Ceretti_Derossi_Rosso_ph-Gufram--1024x768.jpg 1024w\" sizes=\"auto, (max-width: 1200px) 100vw, 1200px\" \/><\/a><p id=\"caption-attachment-26505\" class=\"wp-caption-text\">NEW Nordic Pratone Design Ceretti Derossi Rosso<\/p><\/div>\n<p>Sprofondare tra i lunghi steli morbidi di questa seduta fuori dagli schemi \u00e8 possibile grazie alla particolarit\u00e0 del materiale che ne costituisce le parti. Realizzato, infatti, in poliuretano espanso flessibile e interamente rifinito a mano, Pratone \u00e8 poi ricoperto in Guflac, una speciale vernice ideata da Gufram che permette di conservare la morbidezza propria di questo materiale e allo stesso tempo di creare le finiture pi\u00f9 svariate. Proprio l\u2019elasticit\u00e0 del materiale rende Pratone un oggetto per il riposo singolo e collettivo, momentaneo, giocoso, imprevedibile.<\/p>\n<h3>EDIZIONI LIMITATE \u201c50 GUFRAM\u201d<\/h3>\n<p>Insieme a Nordic Pratone, Gufram presenta a MAISON&amp;OBJET le altre edizioni limitate ideate per celebrare i 50 anni del marchio: la Bocca Oro e THE END 1516.<\/p>\n<p>La speciale serie limitata di soli cinquanta esemplari del divano Bocca in Oro, progetto emblematico della collaborazione tra Studio65 e Gufram, \u00e8 stata presentata in anteprima lo scorso novembre a Torino. Mantenendo la sua forma iconica, ispirata alle labbra rosso fuoco delle dive hollywoodiane, questa nuova edizione sottolinea l&#8217;importante traguardo del marchio e impreziosisce ancora di pi\u00f9 un oggetto entrato nelle case pi\u00f9 belle e nei musei pi\u00f9 importanti del mondo.<\/p>\n<div id=\"attachment_26504\" style=\"width: 1210px\" class=\"wp-caption alignnone\"><a href=\"https:\/\/socialdesignmagazine.com\/mag\/blog\/design-news\/le-novita-di-gufram-a-maisonobjet\/attachment\/gufram_the-end-1516_by-toiletpaper\/#content\" rel=\"attachment wp-att-26504\"><img loading=\"lazy\" decoding=\"async\" aria-describedby=\"caption-attachment-26504\" data-attachment-id=\"26504\" data-permalink=\"https:\/\/socialdesignmagazine.com\/mag\/news\/design-news\/le-novita-di-gufram-a-maisonobjet\/attachment\/gufram_the-end-1516_by-toiletpaper\/#content\" data-orig-file=\"https:\/\/socialdesignmagazine.com\/mag\/wp-content\/uploads\/2016\/01\/Gufram_THE-END-1516_by-Toiletpaper.jpeg\" data-orig-size=\"1200,900\" data-comments-opened=\"1\" data-image-meta=\"{&quot;aperture&quot;:&quot;0&quot;,&quot;credit&quot;:&quot;&quot;,&quot;camera&quot;:&quot;&quot;,&quot;caption&quot;:&quot;&quot;,&quot;created_timestamp&quot;:&quot;0&quot;,&quot;copyright&quot;:&quot;&quot;,&quot;focal_length&quot;:&quot;0&quot;,&quot;iso&quot;:&quot;0&quot;,&quot;shutter_speed&quot;:&quot;0&quot;,&quot;title&quot;:&quot;&quot;,&quot;orientation&quot;:&quot;0&quot;}\" data-image-title=\"Gufram_THE END 1516_by Toiletpaper\" data-image-description=\"\" data-image-caption=\"&lt;p&gt;Gufram THE END 1516 by Toiletpaper&lt;\/p&gt;\n\" data-medium-file=\"https:\/\/socialdesignmagazine.com\/mag\/wp-content\/uploads\/2016\/01\/Gufram_THE-END-1516_by-Toiletpaper-396x256.jpeg\" data-large-file=\"https:\/\/socialdesignmagazine.com\/mag\/wp-content\/uploads\/2016\/01\/Gufram_THE-END-1516_by-Toiletpaper-1024x768.jpeg\" class=\"size-full wp-image-26504\" src=\"https:\/\/socialdesignmagazine.com\/mag\/wp-content\/uploads\/2016\/01\/Gufram_THE-END-1516_by-Toiletpaper.jpeg\" alt=\"Gufram_THE END 1516_by Toiletpaper\" width=\"1200\" height=\"900\" srcset=\"https:\/\/socialdesignmagazine.com\/mag\/wp-content\/uploads\/2016\/01\/Gufram_THE-END-1516_by-Toiletpaper.jpeg 1200w, https:\/\/socialdesignmagazine.com\/mag\/wp-content\/uploads\/2016\/01\/Gufram_THE-END-1516_by-Toiletpaper-768x576.jpeg 768w, https:\/\/socialdesignmagazine.com\/mag\/wp-content\/uploads\/2016\/01\/Gufram_THE-END-1516_by-Toiletpaper-1024x768.jpeg 1024w\" sizes=\"auto, (max-width: 1200px) 100vw, 1200px\" \/><\/a><p id=\"caption-attachment-26504\" class=\"wp-caption-text\">Gufram THE END 1516 by Toiletpaper<\/p><\/div>\n<p><strong>THE END 1516<\/strong>, esposto in anteprima a Miami durante l&#8217;Art Week, riprende gli stilemi dell&#8217;ironico epitaffio creato da Maurizio Cattelan e Pierpaolo Ferrari per sancire la \u201cfine\u201d del marchio Gufram, ma anche per suggerirne un nuovo inizio. Questa serie limitata in 500 pezzi \u00e8 prodotta in \u201cvero-finto\u201d marmo di Carrara con scritta in oro: un virtuosismo realizzato grazie al Guflac che impreziosisce questo irriverente memento mori.<\/p>\n<h3>FUNCTIONAL POP<\/h3>\n<p>Infine, il DNA del marchio esprime la sua essenza attraverso i prodotti del catalogo Functional Pop che affiancano nello stand di Parigi le nuove icone in serie limitata.<br \/>\nFunctional Pop raccoglie i progetti ad ampia tiratura che abbinano la lucida follia di Gufram alla funzionalit\u00e0 di matrice quotidiana. Le sedute di questa collezione, infatti, addomesticano l&#8217;idealismo che contraddistingue il brand: la funzione trova cos\u00ec una nuova collocazione, l&#8217;estetica si mette al servizio dell&#8217;uso dando vita a prodotti innovativi nella forma ma adatti alle abitazioni pi\u00f9 svariate.<\/p>\n<h3>BLOW<\/h3>\n<p>Blow, un daybed che reinterpreta in chiave contemporanea quel radical design che il marchio ha contribuito a sviluppare, sostenere ed esportare nel mondo.<br \/>\nBlow, ricordando le sembianze rassicuranti e archetipiche dei materassini degli anni Settanta, porta all&#8217;interno degli spazi domestici il sapore della vacanza che pu\u00f2 durare tutto l&#8217;anno.<\/p>\n<p>Sostenuta da quattro essenziali gambe in tubolare di alluminio, la struttura \u00e8 realizzata in poliuretano schiumato, materiale che \u00e8 da sempre il fiore all&#8217;occhiello di Gufram. Per il rivestimento \u00e8 stato utilizzato Waterborn, un innovativo tessuto prodotto dall&#8217;azienda danese Kvadrat. La scelta \u00e8 parte integrante di una continua ricerca che si avvale dei risultati pi\u00f9 avanzati: Waterborn si contraddistingue per la sua facilit\u00e0 di lavorazione abbinata a caratteristiche produttive improntate sulla sostenibilit\u00e0 poich\u00e9, per la sua realizzazione, vengono risparmiati il 70% di acqua e il 35% di CO2 rispetto ai normali tessuti in microfibra.<\/p>\n<div id=\"attachment_26507\" style=\"width: 1210px\" class=\"wp-caption alignnone\"><a href=\"https:\/\/socialdesignmagazine.com\/mag\/blog\/design-news\/le-novita-di-gufram-a-maisonobjet\/attachment\/blow_army\/#content\" rel=\"attachment wp-att-26507\"><img loading=\"lazy\" decoding=\"async\" aria-describedby=\"caption-attachment-26507\" data-attachment-id=\"26507\" data-permalink=\"https:\/\/socialdesignmagazine.com\/mag\/news\/design-news\/le-novita-di-gufram-a-maisonobjet\/attachment\/blow_army\/#content\" data-orig-file=\"https:\/\/socialdesignmagazine.com\/mag\/wp-content\/uploads\/2016\/01\/BLOW_army.jpg\" data-orig-size=\"1200,900\" data-comments-opened=\"1\" data-image-meta=\"{&quot;aperture&quot;:&quot;0&quot;,&quot;credit&quot;:&quot;&quot;,&quot;camera&quot;:&quot;&quot;,&quot;caption&quot;:&quot;&quot;,&quot;created_timestamp&quot;:&quot;0&quot;,&quot;copyright&quot;:&quot;&quot;,&quot;focal_length&quot;:&quot;0&quot;,&quot;iso&quot;:&quot;0&quot;,&quot;shutter_speed&quot;:&quot;0&quot;,&quot;title&quot;:&quot;&quot;,&quot;orientation&quot;:&quot;0&quot;}\" data-image-title=\"BLOW army\" data-image-description=\"\" data-image-caption=\"&lt;p&gt;BLOW army&lt;\/p&gt;\n\" data-medium-file=\"https:\/\/socialdesignmagazine.com\/mag\/wp-content\/uploads\/2016\/01\/BLOW_army-396x256.jpg\" data-large-file=\"https:\/\/socialdesignmagazine.com\/mag\/wp-content\/uploads\/2016\/01\/BLOW_army-1024x768.jpg\" class=\"size-full wp-image-26507\" src=\"https:\/\/socialdesignmagazine.com\/mag\/wp-content\/uploads\/2016\/01\/BLOW_army.jpg\" alt=\"BLOW army\" width=\"1200\" height=\"900\" srcset=\"https:\/\/socialdesignmagazine.com\/mag\/wp-content\/uploads\/2016\/01\/BLOW_army.jpg 1200w, https:\/\/socialdesignmagazine.com\/mag\/wp-content\/uploads\/2016\/01\/BLOW_army-768x576.jpg 768w, https:\/\/socialdesignmagazine.com\/mag\/wp-content\/uploads\/2016\/01\/BLOW_army-1024x768.jpg 1024w\" sizes=\"auto, (max-width: 1200px) 100vw, 1200px\" \/><\/a><p id=\"caption-attachment-26507\" class=\"wp-caption-text\">BLOW army<\/p><\/div>\n<h3>ALVAR<\/h3>\n<p>Posata a terra ma pronta a spostarsi altrove, Alvar \u00e8 una chaise-longue in poliuretano espanso strutturale che conserva la leggerezza e la versatilit\u00e0 degli anni Sessanta. Sicuramente dopo 40 anni \u00e8 maturata nello spirito, ma nel profondo dell&#8217;animo mantiene viva la sua attitudine hippie. All\u2019epoca vedeva il futuro nell\u2019innovazione dei filati di poliestere ma non voleva abbandonare il credo del tessuto naturale.<\/p>\n<p>L\u2019utopia si \u00e8 trasformata in realt\u00e0 con gli orditi contemporanei. Pensato negli anni del radical design, Alvar \u00e8 uno dei primi prodotti con cui Gufram ha affrontato la sfida di realizzare arredamenti moderni opposti allo status quo di quelli in stile manierista. Alvar \u00e8 la dimostrazione di quanto quel confronto iniziato con il \u201868 sia oggi definitivamente concluso con successo a favore di prodotti come questi, gi\u00e0 allora dinamici e freschi, dalle linee organiche e prive di orpelli scontati.<\/p>\n<div id=\"attachment_26506\" style=\"width: 1210px\" class=\"wp-caption alignnone\"><a href=\"https:\/\/socialdesignmagazine.com\/mag\/blog\/design-news\/le-novita-di-gufram-a-maisonobjet\/attachment\/04-gufram-alvar_burgundy\/#content\" rel=\"attachment wp-att-26506\"><img loading=\"lazy\" decoding=\"async\" aria-describedby=\"caption-attachment-26506\" data-attachment-id=\"26506\" data-permalink=\"https:\/\/socialdesignmagazine.com\/mag\/news\/design-news\/le-novita-di-gufram-a-maisonobjet\/attachment\/04-gufram-alvar_burgundy\/#content\" data-orig-file=\"https:\/\/socialdesignmagazine.com\/mag\/wp-content\/uploads\/2016\/01\/04-Gufram-ALVAR_burgundy.jpg\" data-orig-size=\"1200,900\" data-comments-opened=\"1\" data-image-meta=\"{&quot;aperture&quot;:&quot;0&quot;,&quot;credit&quot;:&quot;&quot;,&quot;camera&quot;:&quot;&quot;,&quot;caption&quot;:&quot;&quot;,&quot;created_timestamp&quot;:&quot;0&quot;,&quot;copyright&quot;:&quot;&quot;,&quot;focal_length&quot;:&quot;0&quot;,&quot;iso&quot;:&quot;0&quot;,&quot;shutter_speed&quot;:&quot;0&quot;,&quot;title&quot;:&quot;&quot;,&quot;orientation&quot;:&quot;0&quot;}\" data-image-title=\"04 Gufram ALVAR_burgundy\" data-image-description=\"\" data-image-caption=\"&lt;p&gt;Gufram ALVAR burgundy&lt;\/p&gt;\n\" data-medium-file=\"https:\/\/socialdesignmagazine.com\/mag\/wp-content\/uploads\/2016\/01\/04-Gufram-ALVAR_burgundy-396x256.jpg\" data-large-file=\"https:\/\/socialdesignmagazine.com\/mag\/wp-content\/uploads\/2016\/01\/04-Gufram-ALVAR_burgundy-1024x768.jpg\" class=\"size-full wp-image-26506\" src=\"https:\/\/socialdesignmagazine.com\/mag\/wp-content\/uploads\/2016\/01\/04-Gufram-ALVAR_burgundy.jpg\" alt=\"04 Gufram ALVAR_burgundy\" width=\"1200\" height=\"900\" srcset=\"https:\/\/socialdesignmagazine.com\/mag\/wp-content\/uploads\/2016\/01\/04-Gufram-ALVAR_burgundy.jpg 1200w, https:\/\/socialdesignmagazine.com\/mag\/wp-content\/uploads\/2016\/01\/04-Gufram-ALVAR_burgundy-768x576.jpg 768w, https:\/\/socialdesignmagazine.com\/mag\/wp-content\/uploads\/2016\/01\/04-Gufram-ALVAR_burgundy-1024x768.jpg 1024w\" sizes=\"auto, (max-width: 1200px) 100vw, 1200px\" \/><\/a><p id=\"caption-attachment-26506\" class=\"wp-caption-text\">Gufram ALVAR burgundy<\/p><\/div>\n<h3>MOZZA<\/h3>\n<p>Disegnata nel 1968 da Giuseppe Raimondi, Mozza mantiene quel vibrante appeal rivoluzionario e la capacit\u00e0 di adattarsi ad innumerevoli esigenze abitative. Resa nella sua riedizione attuale con una forma pi\u00f9 sexy e snella, Mozza \u00e8 un tronco di cono rovesciato e tagliato in obliquo sul quale sembrerebbe impossibile sedersi. Adagiandosi sulla superficie inclinata, invece, la struttura inizia a prosciugarsi sotto peso trasformandosi in una poltrona con schienale e braccioli. Una semplice ma originale magia costruttiva che la rende unica nel suo genere.<\/p>\n<p>La massa esterna di Mozza trae in inganno. Grazie alla sua leggerezza questa seduta diventa un oggetto nomade e versatile nel territorio abitativo. Seduta primaria per il salotto domestico o perfetta poltrona di servizio nelle sofisticate ed eleganti hall degli hotel di design, Mozza unisce lo stile contemporaneo internazionale ai caratteri del design radicale italiano.<\/p>\n<div id=\"attachment_26509\" style=\"width: 1210px\" class=\"wp-caption alignnone\"><a href=\"https:\/\/socialdesignmagazine.com\/mag\/blog\/design-news\/le-novita-di-gufram-a-maisonobjet\/attachment\/02-gufram-mozza_yvesblue\/#content\" rel=\"attachment wp-att-26509\"><img loading=\"lazy\" decoding=\"async\" aria-describedby=\"caption-attachment-26509\" data-attachment-id=\"26509\" data-permalink=\"https:\/\/socialdesignmagazine.com\/mag\/news\/design-news\/le-novita-di-gufram-a-maisonobjet\/attachment\/02-gufram-mozza_yvesblue\/#content\" data-orig-file=\"https:\/\/socialdesignmagazine.com\/mag\/wp-content\/uploads\/2016\/01\/02-Gufram-MOZZA_yvesblue.jpg\" data-orig-size=\"1200,900\" data-comments-opened=\"1\" data-image-meta=\"{&quot;aperture&quot;:&quot;0&quot;,&quot;credit&quot;:&quot;&quot;,&quot;camera&quot;:&quot;&quot;,&quot;caption&quot;:&quot;&quot;,&quot;created_timestamp&quot;:&quot;0&quot;,&quot;copyright&quot;:&quot;&quot;,&quot;focal_length&quot;:&quot;0&quot;,&quot;iso&quot;:&quot;0&quot;,&quot;shutter_speed&quot;:&quot;0&quot;,&quot;title&quot;:&quot;&quot;,&quot;orientation&quot;:&quot;0&quot;}\" data-image-title=\"02 Gufram MOZZA_yvesblue\" data-image-description=\"\" data-image-caption=\"&lt;p&gt;Gufram MOZZA yvesblue&lt;\/p&gt;\n\" data-medium-file=\"https:\/\/socialdesignmagazine.com\/mag\/wp-content\/uploads\/2016\/01\/02-Gufram-MOZZA_yvesblue-396x256.jpg\" data-large-file=\"https:\/\/socialdesignmagazine.com\/mag\/wp-content\/uploads\/2016\/01\/02-Gufram-MOZZA_yvesblue-1024x768.jpg\" class=\"size-full wp-image-26509\" src=\"https:\/\/socialdesignmagazine.com\/mag\/wp-content\/uploads\/2016\/01\/02-Gufram-MOZZA_yvesblue.jpg\" alt=\"02 Gufram MOZZA_yvesblue\" width=\"1200\" height=\"900\" srcset=\"https:\/\/socialdesignmagazine.com\/mag\/wp-content\/uploads\/2016\/01\/02-Gufram-MOZZA_yvesblue.jpg 1200w, https:\/\/socialdesignmagazine.com\/mag\/wp-content\/uploads\/2016\/01\/02-Gufram-MOZZA_yvesblue-768x576.jpg 768w, https:\/\/socialdesignmagazine.com\/mag\/wp-content\/uploads\/2016\/01\/02-Gufram-MOZZA_yvesblue-1024x768.jpg 1024w\" sizes=\"auto, (max-width: 1200px) 100vw, 1200px\" \/><\/a><p id=\"caption-attachment-26509\" class=\"wp-caption-text\">Gufram MOZZA yvesblue<\/p><\/div>\n<h3>DETECMA<\/h3>\n<p>Detecma \u00e8 l\u2019acrononimo di Design, Tecnica e Matematica. Tre valori uniti insieme per la prima volta nel 1967 anno in cui il fisico Tullio Regge, riconosciuto come uno tra i pi\u00f9 influenti pensatori scientifici del XX secolo, trasforma un\u2019equazione matematica di quarto grado in un volume dalle caratteristiche volutamente ergonomiche. Un evento di portata epica a cui Gufram ha deciso di rendere omaggio, rimettendo in produzione una seduta che ha rivoluzionato la storia del design tramite il suo approccio progettuale.<\/p>\n<p>Detecma rinnega qualsiasi definizione formale, una poltrona seduta a terra un po\u2019 pouf, un po\u2019 chaise longue che d\u00e0 vita a un\u2019immagine antesignana di un modo di intendere l\u2019abitare e il progetto d\u2019arredamento che diventer\u00e0 un fenomeno di massa solo alcune decadi pi\u00f9 tardi. Detecma \u00e8 un progetto che nel 2014 torna con una connotazione di attualit\u00e0 disarmante: la formula matematica parametrica \u201copen source\u201d tratta dal Ciclide di Dupin da cui \u00e8 generata e i colori gradienti che coprono l\u2019intero spettro cromatico in una celebrazione esplosiva di tonalit\u00e0 piene e nuances perfettamente sfumate. Sei versioni che messe insieme restituiscono tutte le tonalit\u00e0 del mondo.<\/p>\n<div id=\"attachment_26508\" style=\"width: 1210px\" class=\"wp-caption alignnone\"><a href=\"https:\/\/socialdesignmagazine.com\/mag\/blog\/design-news\/le-novita-di-gufram-a-maisonobjet\/attachment\/03-gufram-detecma_120\/#content\" rel=\"attachment wp-att-26508\"><img loading=\"lazy\" decoding=\"async\" aria-describedby=\"caption-attachment-26508\" data-attachment-id=\"26508\" data-permalink=\"https:\/\/socialdesignmagazine.com\/mag\/news\/design-news\/le-novita-di-gufram-a-maisonobjet\/attachment\/03-gufram-detecma_120\/#content\" data-orig-file=\"https:\/\/socialdesignmagazine.com\/mag\/wp-content\/uploads\/2016\/01\/03-Gufram-DETECMA_120.jpg\" data-orig-size=\"1200,900\" data-comments-opened=\"1\" data-image-meta=\"{&quot;aperture&quot;:&quot;0&quot;,&quot;credit&quot;:&quot;&quot;,&quot;camera&quot;:&quot;&quot;,&quot;caption&quot;:&quot;&quot;,&quot;created_timestamp&quot;:&quot;0&quot;,&quot;copyright&quot;:&quot;&quot;,&quot;focal_length&quot;:&quot;0&quot;,&quot;iso&quot;:&quot;0&quot;,&quot;shutter_speed&quot;:&quot;0&quot;,&quot;title&quot;:&quot;&quot;,&quot;orientation&quot;:&quot;0&quot;}\" data-image-title=\"03 Gufram DETECMA_120\" data-image-description=\"\" data-image-caption=\"&lt;p&gt;Gufram DETECMA 120&lt;\/p&gt;\n\" data-medium-file=\"https:\/\/socialdesignmagazine.com\/mag\/wp-content\/uploads\/2016\/01\/03-Gufram-DETECMA_120-396x256.jpg\" data-large-file=\"https:\/\/socialdesignmagazine.com\/mag\/wp-content\/uploads\/2016\/01\/03-Gufram-DETECMA_120-1024x768.jpg\" class=\"size-full wp-image-26508\" src=\"https:\/\/socialdesignmagazine.com\/mag\/wp-content\/uploads\/2016\/01\/03-Gufram-DETECMA_120.jpg\" alt=\"Gufram DETECMA 120\" width=\"1200\" height=\"900\" srcset=\"https:\/\/socialdesignmagazine.com\/mag\/wp-content\/uploads\/2016\/01\/03-Gufram-DETECMA_120.jpg 1200w, https:\/\/socialdesignmagazine.com\/mag\/wp-content\/uploads\/2016\/01\/03-Gufram-DETECMA_120-768x576.jpg 768w, https:\/\/socialdesignmagazine.com\/mag\/wp-content\/uploads\/2016\/01\/03-Gufram-DETECMA_120-1024x768.jpg 1024w\" sizes=\"auto, (max-width: 1200px) 100vw, 1200px\" \/><\/a><p id=\"caption-attachment-26508\" class=\"wp-caption-text\">Gufram DETECMA 120<\/p><\/div>\n<p>&nbsp;<\/p>\n<p>MAISON&amp;OBJET,\u00a022\u201326 gennaio 2016,\u00a0Parigi<br \/>\nSector: NOW \/ Hall: 7 \/ Stand: C140 \u2013 D139<\/p>\n","protected":false,"gt_translate_keys":[{"key":"rendered","format":"html"}]},"excerpt":{"rendered":"<p>Gufram, il brand pi\u00f9 pop e irriverente del design italiano, torna a Parigi in occasione di MAISON&#038;OBJET<\/p>\n","protected":false,"gt_translate_keys":[{"key":"rendered","format":"html"}]},"author":1,"featured_media":26505,"comment_status":"open","ping_status":"open","sticky":false,"template":"","format":"standard","meta":{"jetpack_post_was_ever_published":false,"_jetpack_newsletter_access":"","_jetpack_dont_email_post_to_subs":false,"_jetpack_newsletter_tier_id":0,"_jetpack_memberships_contains_paywalled_content":false,"_jetpack_memberships_contains_paid_content":false,"footnotes":"","_wpscppro_dont_share_socialmedia":false,"_wpscppro_custom_social_share_image":0,"_facebook_share_type":"","_twitter_share_type":"","_linkedin_share_type":"","_pinterest_share_type":"","_linkedin_share_type_page":"","_instagram_share_type":"","_medium_share_type":"","_threads_share_type":"","_google_business_share_type":"","_selected_social_profile":[],"_wpsp_enable_custom_social_template":false,"_wpsp_social_scheduling":{"enabled":false,"datetime":null,"platforms":[],"status":"template_only","dateOption":"today","timeOption":"now","customDays":"","customHours":"","customDate":"","customTime":"","schedulingType":"absolute"},"_wpsp_active_default_template":true},"categories":[17],"tags":[4616,4209,2816,4615],"class_list":["post-26469","post","type-post","status-publish","format-standard","has-post-thumbnail","hentry","category-design-news","tag-gufram","tag-maison-et-objet","tag-paris","tag-toiletpaper"],"yoast_head":"<!-- This site is optimized with the Yoast SEO plugin v27.2 - https:\/\/yoast.com\/product\/yoast-seo-wordpress\/ -->\n<title>Le novit\u00e0 di Gufram A Maison&amp;Objet<\/title>\n<meta name=\"description\" content=\"Gufram, il brand pi\u00f9 pop e irriverente del design italiano, torna a Parigi in occasione di MAISON&amp;OBJET\" \/>\n<meta name=\"robots\" content=\"index, follow, max-snippet:-1, max-image-preview:large, max-video-preview:-1\" \/>\n<link rel=\"canonical\" href=\"https:\/\/socialdesignmagazine.com\/mag\/news\/design-news\/le-novita-di-gufram-a-maisonobjet\/\" \/>\n<meta property=\"og:locale\" content=\"it_IT\" \/>\n<meta property=\"og:type\" content=\"article\" \/>\n<meta property=\"og:title\" content=\"Le novit\u00e0 di Gufram A Maison&amp;Objet\" \/>\n<meta property=\"og:description\" content=\"Gufram, il brand pi\u00f9 pop e irriverente del design italiano, torna a Parigi in occasione di MAISON&amp;OBJET\" \/>\n<meta property=\"og:url\" content=\"http:\/\/socialdesignmagazine.com\/mag\/news\/design-news\/le-novita-di-gufram-a-maisonobjet\/\" \/>\n<meta property=\"og:site_name\" content=\"Social Design Magazine\" \/>\n<meta property=\"article:publisher\" content=\"https:\/\/www.facebook.com\/socialdesignmag\" \/>\n<meta property=\"article:author\" content=\"https:\/\/www.facebook.com\/benedettofiori\" \/>\n<meta property=\"article:published_time\" content=\"2016-01-12T13:06:10+00:00\" \/>\n<meta property=\"og:image\" content=\"https:\/\/socialdesignmagazine.com\/mag\/wp-content\/uploads\/2016\/01\/1_NEW_Nordic-Pratone_Design-Ceretti_Derossi_Rosso_ph-Gufram-.jpg\" \/>\n\t<meta property=\"og:image:width\" content=\"1200\" \/>\n\t<meta property=\"og:image:height\" content=\"900\" \/>\n\t<meta property=\"og:image:type\" content=\"image\/jpeg\" \/>\n<meta name=\"author\" content=\"Benedetto Fiori\" \/>\n<meta name=\"twitter:card\" content=\"summary_large_image\" \/>\n<meta name=\"twitter:creator\" content=\"@benedettofiori\" \/>\n<meta name=\"twitter:site\" content=\"@socialdesignmag\" \/>\n<meta name=\"twitter:label1\" content=\"Scritto da\" \/>\n\t<meta name=\"twitter:data1\" content=\"Benedetto Fiori\" \/>\n\t<meta name=\"twitter:label2\" content=\"Tempo di lettura stimato\" \/>\n\t<meta name=\"twitter:data2\" content=\"7 minuti\" \/>\n<script type=\"application\/ld+json\" class=\"yoast-schema-graph\">{\"@context\":\"https:\/\/schema.org\",\"@graph\":[{\"@type\":\"Article\",\"@id\":\"https:\/\/socialdesignmagazine.com\/mag\/news\/design-news\/le-novita-di-gufram-a-maisonobjet\/#article\",\"isPartOf\":{\"@id\":\"https:\/\/socialdesignmagazine.com\/mag\/news\/design-news\/le-novita-di-gufram-a-maisonobjet\/\"},\"author\":{\"name\":\"Benedetto Fiori\",\"@id\":\"https:\/\/socialdesignmagazine.com\/mag\/#\/schema\/person\/61e20205cc363c315e6aabd33a045846\"},\"headline\":\"Le novit\u00e0 di Gufram A Maison&#038;Objet\",\"datePublished\":\"2016-01-12T13:06:10+00:00\",\"mainEntityOfPage\":{\"@id\":\"https:\/\/socialdesignmagazine.com\/mag\/news\/design-news\/le-novita-di-gufram-a-maisonobjet\/\"},\"wordCount\":1320,\"commentCount\":0,\"publisher\":{\"@id\":\"https:\/\/socialdesignmagazine.com\/mag\/#organization\"},\"image\":{\"@id\":\"https:\/\/socialdesignmagazine.com\/mag\/news\/design-news\/le-novita-di-gufram-a-maisonobjet\/#primaryimage\"},\"thumbnailUrl\":\"https:\/\/socialdesignmagazine.com\/mag\/wp-content\/uploads\/2016\/01\/1_NEW_Nordic-Pratone_Design-Ceretti_Derossi_Rosso_ph-Gufram-.jpg\",\"keywords\":[\"gufram\",\"maison et objet\",\"paris\",\"toiletpaper\"],\"articleSection\":[\"Design News\"],\"inLanguage\":\"it-IT\",\"potentialAction\":[{\"@type\":\"CommentAction\",\"name\":\"Comment\",\"target\":[\"https:\/\/socialdesignmagazine.com\/mag\/news\/design-news\/le-novita-di-gufram-a-maisonobjet\/#respond\"]}]},{\"@type\":\"WebPage\",\"@id\":\"https:\/\/socialdesignmagazine.com\/mag\/news\/design-news\/le-novita-di-gufram-a-maisonobjet\/\",\"url\":\"https:\/\/socialdesignmagazine.com\/mag\/news\/design-news\/le-novita-di-gufram-a-maisonobjet\/\",\"name\":\"Le novit\u00e0 di Gufram A Maison&Objet\",\"isPartOf\":{\"@id\":\"https:\/\/socialdesignmagazine.com\/mag\/#website\"},\"primaryImageOfPage\":{\"@id\":\"https:\/\/socialdesignmagazine.com\/mag\/news\/design-news\/le-novita-di-gufram-a-maisonobjet\/#primaryimage\"},\"image\":{\"@id\":\"https:\/\/socialdesignmagazine.com\/mag\/news\/design-news\/le-novita-di-gufram-a-maisonobjet\/#primaryimage\"},\"thumbnailUrl\":\"https:\/\/socialdesignmagazine.com\/mag\/wp-content\/uploads\/2016\/01\/1_NEW_Nordic-Pratone_Design-Ceretti_Derossi_Rosso_ph-Gufram-.jpg\",\"datePublished\":\"2016-01-12T13:06:10+00:00\",\"description\":\"Gufram, il brand pi\u00f9 pop e irriverente del design italiano, torna a Parigi in occasione di MAISON&OBJET\",\"breadcrumb\":{\"@id\":\"https:\/\/socialdesignmagazine.com\/mag\/news\/design-news\/le-novita-di-gufram-a-maisonobjet\/#breadcrumb\"},\"inLanguage\":\"it-IT\",\"potentialAction\":[{\"@type\":\"ReadAction\",\"target\":[\"https:\/\/socialdesignmagazine.com\/mag\/news\/design-news\/le-novita-di-gufram-a-maisonobjet\/\"]}]},{\"@type\":\"ImageObject\",\"inLanguage\":\"it-IT\",\"@id\":\"https:\/\/socialdesignmagazine.com\/mag\/news\/design-news\/le-novita-di-gufram-a-maisonobjet\/#primaryimage\",\"url\":\"https:\/\/socialdesignmagazine.com\/mag\/wp-content\/uploads\/2016\/01\/1_NEW_Nordic-Pratone_Design-Ceretti_Derossi_Rosso_ph-Gufram-.jpg\",\"contentUrl\":\"https:\/\/socialdesignmagazine.com\/mag\/wp-content\/uploads\/2016\/01\/1_NEW_Nordic-Pratone_Design-Ceretti_Derossi_Rosso_ph-Gufram-.jpg\",\"width\":1200,\"height\":900,\"caption\":\"NEW Nordic Pratone Design Ceretti Derossi Rosso\"},{\"@type\":\"BreadcrumbList\",\"@id\":\"https:\/\/socialdesignmagazine.com\/mag\/news\/design-news\/le-novita-di-gufram-a-maisonobjet\/#breadcrumb\",\"itemListElement\":[{\"@type\":\"ListItem\",\"position\":1,\"name\":\"Home\",\"item\":\"https:\/\/socialdesignmagazine.com\/mag\/\"},{\"@type\":\"ListItem\",\"position\":2,\"name\":\"News\",\"item\":\"https:\/\/socialdesignmagazine.com\/mag\/news\/\"},{\"@type\":\"ListItem\",\"position\":3,\"name\":\"Design News\",\"item\":\"https:\/\/socialdesignmagazine.com\/mag\/news\/design-news\/\"},{\"@type\":\"ListItem\",\"position\":4,\"name\":\"Le novit\u00e0 di Gufram A Maison&#038;Objet\"}]},{\"@type\":\"WebSite\",\"@id\":\"https:\/\/socialdesignmagazine.com\/mag\/#website\",\"url\":\"https:\/\/socialdesignmagazine.com\/mag\/\",\"name\":\"Social Design Magazine\",\"description\":\"Social Magazine su Design, Architettura, Arte, Grafica\",\"publisher\":{\"@id\":\"https:\/\/socialdesignmagazine.com\/mag\/#organization\"},\"potentialAction\":[{\"@type\":\"SearchAction\",\"target\":{\"@type\":\"EntryPoint\",\"urlTemplate\":\"https:\/\/socialdesignmagazine.com\/mag\/?s={search_term_string}\"},\"query-input\":{\"@type\":\"PropertyValueSpecification\",\"valueRequired\":true,\"valueName\":\"search_term_string\"}}],\"inLanguage\":\"it-IT\"},{\"@type\":\"Organization\",\"@id\":\"https:\/\/socialdesignmagazine.com\/mag\/#organization\",\"name\":\"Social Design Magazine\",\"url\":\"https:\/\/socialdesignmagazine.com\/mag\/\",\"logo\":{\"@type\":\"ImageObject\",\"inLanguage\":\"it-IT\",\"@id\":\"https:\/\/socialdesignmagazine.com\/mag\/#\/schema\/logo\/image\/\",\"url\":\"https:\/\/socialdesignmagazine.com\/mag\/wp-content\/uploads\/2017\/01\/logo_favicon_11.png\",\"contentUrl\":\"https:\/\/socialdesignmagazine.com\/mag\/wp-content\/uploads\/2017\/01\/logo_favicon_11.png\",\"width\":1024,\"height\":1024,\"caption\":\"Social Design Magazine\"},\"image\":{\"@id\":\"https:\/\/socialdesignmagazine.com\/mag\/#\/schema\/logo\/image\/\"},\"sameAs\":[\"https:\/\/www.facebook.com\/socialdesignmag\",\"https:\/\/x.com\/socialdesignmag\",\"http:\/\/instagram.com\/social_design_magazine\/\",\"http:\/\/pinterest.com\/socialdesignmag\/\",\"http:\/\/www.youtube.com\/user\/socialdesignmagazine\"]},{\"@type\":\"Person\",\"@id\":\"https:\/\/socialdesignmagazine.com\/mag\/#\/schema\/person\/61e20205cc363c315e6aabd33a045846\",\"name\":\"Benedetto Fiori\",\"image\":{\"@type\":\"ImageObject\",\"inLanguage\":\"it-IT\",\"@id\":\"https:\/\/secure.gravatar.com\/avatar\/450a48cefa36da63d920ad70aa660bd10725b1c6093800242e5efdb397759033?s=96&d=mm&r=g\",\"url\":\"https:\/\/secure.gravatar.com\/avatar\/450a48cefa36da63d920ad70aa660bd10725b1c6093800242e5efdb397759033?s=96&d=mm&r=g\",\"contentUrl\":\"https:\/\/secure.gravatar.com\/avatar\/450a48cefa36da63d920ad70aa660bd10725b1c6093800242e5efdb397759033?s=96&d=mm&r=g\",\"caption\":\"Benedetto Fiori\"},\"description\":\"Web | Twitter | Facebook | Shutterstock Founder &amp; Editor in Chief di Social Design Magazine. Attratto da sempre da tutto ci\u00f2 che \u00e8 creativit\u00e0, design, architettura. Dopo aver studiato Architettura all'Universit\u00e0 di Firenze, si \u00e8 impegnato in molteplici campi: comunicazione grafica, progettazione di allestimenti fieristici, brand design, Interior Design.\",\"sameAs\":[\"http:\/\/benedettofiori.com\",\"https:\/\/www.facebook.com\/benedettofiori\",\"https:\/\/x.com\/benedettofiori\"],\"url\":\"https:\/\/socialdesignmagazine.com\/mag\/author\/benedetto\/\"}]}<\/script>\n<!-- \/ Yoast SEO plugin. -->","yoast_head_json":{"title":"Le novit\u00e0 di Gufram A Maison&Objet","description":"Gufram, il brand pi\u00f9 pop e irriverente del design italiano, torna a Parigi in occasione di MAISON&OBJET","robots":{"index":"index","follow":"follow","max-snippet":"max-snippet:-1","max-image-preview":"max-image-preview:large","max-video-preview":"max-video-preview:-1"},"canonical":"https:\/\/socialdesignmagazine.com\/mag\/news\/design-news\/le-novita-di-gufram-a-maisonobjet\/","og_locale":"it_IT","og_type":"article","og_title":"Le novit\u00e0 di Gufram A Maison&Objet","og_description":"Gufram, il brand pi\u00f9 pop e irriverente del design italiano, torna a Parigi in occasione di MAISON&OBJET","og_url":"http:\/\/socialdesignmagazine.com\/mag\/news\/design-news\/le-novita-di-gufram-a-maisonobjet\/","og_site_name":"Social Design Magazine","article_publisher":"https:\/\/www.facebook.com\/socialdesignmag","article_author":"https:\/\/www.facebook.com\/benedettofiori","article_published_time":"2016-01-12T13:06:10+00:00","og_image":[{"width":1200,"height":900,"url":"https:\/\/socialdesignmagazine.com\/mag\/wp-content\/uploads\/2016\/01\/1_NEW_Nordic-Pratone_Design-Ceretti_Derossi_Rosso_ph-Gufram-.jpg","type":"image\/jpeg"}],"author":"Benedetto Fiori","twitter_card":"summary_large_image","twitter_creator":"@benedettofiori","twitter_site":"@socialdesignmag","twitter_misc":{"Scritto da":"Benedetto Fiori","Tempo di lettura stimato":"7 minuti"},"schema":{"@context":"https:\/\/schema.org","@graph":[{"@type":"Article","@id":"https:\/\/socialdesignmagazine.com\/mag\/news\/design-news\/le-novita-di-gufram-a-maisonobjet\/#article","isPartOf":{"@id":"https:\/\/socialdesignmagazine.com\/mag\/news\/design-news\/le-novita-di-gufram-a-maisonobjet\/"},"author":{"name":"Benedetto Fiori","@id":"https:\/\/socialdesignmagazine.com\/mag\/#\/schema\/person\/61e20205cc363c315e6aabd33a045846"},"headline":"Le novit\u00e0 di Gufram A Maison&#038;Objet","datePublished":"2016-01-12T13:06:10+00:00","mainEntityOfPage":{"@id":"https:\/\/socialdesignmagazine.com\/mag\/news\/design-news\/le-novita-di-gufram-a-maisonobjet\/"},"wordCount":1320,"commentCount":0,"publisher":{"@id":"https:\/\/socialdesignmagazine.com\/mag\/#organization"},"image":{"@id":"https:\/\/socialdesignmagazine.com\/mag\/news\/design-news\/le-novita-di-gufram-a-maisonobjet\/#primaryimage"},"thumbnailUrl":"https:\/\/socialdesignmagazine.com\/mag\/wp-content\/uploads\/2016\/01\/1_NEW_Nordic-Pratone_Design-Ceretti_Derossi_Rosso_ph-Gufram-.jpg","keywords":["gufram","maison et objet","paris","toiletpaper"],"articleSection":["Design News"],"inLanguage":"it-IT","potentialAction":[{"@type":"CommentAction","name":"Comment","target":["https:\/\/socialdesignmagazine.com\/mag\/news\/design-news\/le-novita-di-gufram-a-maisonobjet\/#respond"]}]},{"@type":"WebPage","@id":"https:\/\/socialdesignmagazine.com\/mag\/news\/design-news\/le-novita-di-gufram-a-maisonobjet\/","url":"https:\/\/socialdesignmagazine.com\/mag\/news\/design-news\/le-novita-di-gufram-a-maisonobjet\/","name":"Le novit\u00e0 di Gufram A Maison&Objet","isPartOf":{"@id":"https:\/\/socialdesignmagazine.com\/mag\/#website"},"primaryImageOfPage":{"@id":"https:\/\/socialdesignmagazine.com\/mag\/news\/design-news\/le-novita-di-gufram-a-maisonobjet\/#primaryimage"},"image":{"@id":"https:\/\/socialdesignmagazine.com\/mag\/news\/design-news\/le-novita-di-gufram-a-maisonobjet\/#primaryimage"},"thumbnailUrl":"https:\/\/socialdesignmagazine.com\/mag\/wp-content\/uploads\/2016\/01\/1_NEW_Nordic-Pratone_Design-Ceretti_Derossi_Rosso_ph-Gufram-.jpg","datePublished":"2016-01-12T13:06:10+00:00","description":"Gufram, il brand pi\u00f9 pop e irriverente del design italiano, torna a Parigi in occasione di MAISON&OBJET","breadcrumb":{"@id":"https:\/\/socialdesignmagazine.com\/mag\/news\/design-news\/le-novita-di-gufram-a-maisonobjet\/#breadcrumb"},"inLanguage":"it-IT","potentialAction":[{"@type":"ReadAction","target":["https:\/\/socialdesignmagazine.com\/mag\/news\/design-news\/le-novita-di-gufram-a-maisonobjet\/"]}]},{"@type":"ImageObject","inLanguage":"it-IT","@id":"https:\/\/socialdesignmagazine.com\/mag\/news\/design-news\/le-novita-di-gufram-a-maisonobjet\/#primaryimage","url":"https:\/\/socialdesignmagazine.com\/mag\/wp-content\/uploads\/2016\/01\/1_NEW_Nordic-Pratone_Design-Ceretti_Derossi_Rosso_ph-Gufram-.jpg","contentUrl":"https:\/\/socialdesignmagazine.com\/mag\/wp-content\/uploads\/2016\/01\/1_NEW_Nordic-Pratone_Design-Ceretti_Derossi_Rosso_ph-Gufram-.jpg","width":1200,"height":900,"caption":"NEW Nordic Pratone Design Ceretti Derossi Rosso"},{"@type":"BreadcrumbList","@id":"https:\/\/socialdesignmagazine.com\/mag\/news\/design-news\/le-novita-di-gufram-a-maisonobjet\/#breadcrumb","itemListElement":[{"@type":"ListItem","position":1,"name":"Home","item":"https:\/\/socialdesignmagazine.com\/mag\/"},{"@type":"ListItem","position":2,"name":"News","item":"https:\/\/socialdesignmagazine.com\/mag\/news\/"},{"@type":"ListItem","position":3,"name":"Design News","item":"https:\/\/socialdesignmagazine.com\/mag\/news\/design-news\/"},{"@type":"ListItem","position":4,"name":"Le novit\u00e0 di Gufram A Maison&#038;Objet"}]},{"@type":"WebSite","@id":"https:\/\/socialdesignmagazine.com\/mag\/#website","url":"https:\/\/socialdesignmagazine.com\/mag\/","name":"Social Design Magazine","description":"Social Magazine su Design, Architettura, Arte, Grafica","publisher":{"@id":"https:\/\/socialdesignmagazine.com\/mag\/#organization"},"potentialAction":[{"@type":"SearchAction","target":{"@type":"EntryPoint","urlTemplate":"https:\/\/socialdesignmagazine.com\/mag\/?s={search_term_string}"},"query-input":{"@type":"PropertyValueSpecification","valueRequired":true,"valueName":"search_term_string"}}],"inLanguage":"it-IT"},{"@type":"Organization","@id":"https:\/\/socialdesignmagazine.com\/mag\/#organization","name":"Social Design Magazine","url":"https:\/\/socialdesignmagazine.com\/mag\/","logo":{"@type":"ImageObject","inLanguage":"it-IT","@id":"https:\/\/socialdesignmagazine.com\/mag\/#\/schema\/logo\/image\/","url":"https:\/\/socialdesignmagazine.com\/mag\/wp-content\/uploads\/2017\/01\/logo_favicon_11.png","contentUrl":"https:\/\/socialdesignmagazine.com\/mag\/wp-content\/uploads\/2017\/01\/logo_favicon_11.png","width":1024,"height":1024,"caption":"Social Design Magazine"},"image":{"@id":"https:\/\/socialdesignmagazine.com\/mag\/#\/schema\/logo\/image\/"},"sameAs":["https:\/\/www.facebook.com\/socialdesignmag","https:\/\/x.com\/socialdesignmag","http:\/\/instagram.com\/social_design_magazine\/","http:\/\/pinterest.com\/socialdesignmag\/","http:\/\/www.youtube.com\/user\/socialdesignmagazine"]},{"@type":"Person","@id":"https:\/\/socialdesignmagazine.com\/mag\/#\/schema\/person\/61e20205cc363c315e6aabd33a045846","name":"Benedetto Fiori","image":{"@type":"ImageObject","inLanguage":"it-IT","@id":"https:\/\/secure.gravatar.com\/avatar\/450a48cefa36da63d920ad70aa660bd10725b1c6093800242e5efdb397759033?s=96&d=mm&r=g","url":"https:\/\/secure.gravatar.com\/avatar\/450a48cefa36da63d920ad70aa660bd10725b1c6093800242e5efdb397759033?s=96&d=mm&r=g","contentUrl":"https:\/\/secure.gravatar.com\/avatar\/450a48cefa36da63d920ad70aa660bd10725b1c6093800242e5efdb397759033?s=96&d=mm&r=g","caption":"Benedetto Fiori"},"description":"Web | Twitter | Facebook | Shutterstock Founder &amp; Editor in Chief di Social Design Magazine. Attratto da sempre da tutto ci\u00f2 che \u00e8 creativit\u00e0, design, architettura. Dopo aver studiato Architettura all'Universit\u00e0 di Firenze, si \u00e8 impegnato in molteplici campi: comunicazione grafica, progettazione di allestimenti fieristici, brand design, Interior Design.","sameAs":["http:\/\/benedettofiori.com","https:\/\/www.facebook.com\/benedettofiori","https:\/\/x.com\/benedettofiori"],"url":"https:\/\/socialdesignmagazine.com\/mag\/author\/benedetto\/"}]}},"jetpack_featured_media_url":"https:\/\/socialdesignmagazine.com\/mag\/wp-content\/uploads\/2016\/01\/1_NEW_Nordic-Pratone_Design-Ceretti_Derossi_Rosso_ph-Gufram-.jpg","jetpack_sharing_enabled":true,"jetpack_shortlink":"https:\/\/wp.me\/p6cV7V-6SV","gt_translate_keys":[{"key":"link","format":"url"}],"_links":{"self":[{"href":"https:\/\/socialdesignmagazine.com\/mag\/wp-json\/wp\/v2\/posts\/26469","targetHints":{"allow":["GET"]}}],"collection":[{"href":"https:\/\/socialdesignmagazine.com\/mag\/wp-json\/wp\/v2\/posts"}],"about":[{"href":"https:\/\/socialdesignmagazine.com\/mag\/wp-json\/wp\/v2\/types\/post"}],"author":[{"embeddable":true,"href":"https:\/\/socialdesignmagazine.com\/mag\/wp-json\/wp\/v2\/users\/1"}],"replies":[{"embeddable":true,"href":"https:\/\/socialdesignmagazine.com\/mag\/wp-json\/wp\/v2\/comments?post=26469"}],"version-history":[{"count":5,"href":"https:\/\/socialdesignmagazine.com\/mag\/wp-json\/wp\/v2\/posts\/26469\/revisions"}],"predecessor-version":[{"id":26512,"href":"https:\/\/socialdesignmagazine.com\/mag\/wp-json\/wp\/v2\/posts\/26469\/revisions\/26512"}],"wp:featuredmedia":[{"embeddable":true,"href":"https:\/\/socialdesignmagazine.com\/mag\/wp-json\/wp\/v2\/media\/26505"}],"wp:attachment":[{"href":"https:\/\/socialdesignmagazine.com\/mag\/wp-json\/wp\/v2\/media?parent=26469"}],"wp:term":[{"taxonomy":"category","embeddable":true,"href":"https:\/\/socialdesignmagazine.com\/mag\/wp-json\/wp\/v2\/categories?post=26469"},{"taxonomy":"post_tag","embeddable":true,"href":"https:\/\/socialdesignmagazine.com\/mag\/wp-json\/wp\/v2\/tags?post=26469"}],"curies":[{"name":"wp","href":"https:\/\/api.w.org\/{rel}","templated":true}]}}