{"id":26545,"date":"2016-03-04T10:00:34","date_gmt":"2016-03-04T09:00:34","guid":{"rendered":"https:\/\/socialdesignmagazine.com\/mag\/?p=26545"},"modified":"2016-03-01T17:14:04","modified_gmt":"2016-03-01T16:14:04","slug":"cucina-monsterrat-con-finitura-nera-da-marchi-group","status":"publish","type":"post","link":"https:\/\/socialdesignmagazine.com\/mag\/news\/design-news\/cucina-monsterrat-con-finitura-nera-da-marchi-group\/","title":{"rendered":"Cucina Monsterrat con finitura nera da Marchi Group","gt_translate_keys":[{"key":"rendered","format":"text"}]},"content":{"rendered":"<h2>La cucine Montserrat con finitura nera di <a rel=\"nofollow\" href=\"http:\/\/www.marchicucine.it\/\">Marchi Group<\/a> \u00e8 una cucina caratterizzata da una forte personalit\u00e0 e da un design contemporaneo che al tempo\u00a0stesso richiama le linee del passato.<\/h2>\n<p>Si tratta di una cucina ideale per chi ama arredare con scelte estetiche\u00a0molto ricercate sin dal pi\u00f9 piccolo dettaglio.<\/p>\n<p>Montserrat \u00e8 una cucina modulabile e questa versatilit\u00e0 le permette di poter suddividere strutturalmente gli\u00a0spazi ricreando cos\u00ec varie aree all\u2019interno della stessa zona living.<\/p>\n<p>La ricercatezza stilistica e la massima cura dei particolari emergono in ogni elemento d\u2019arredo della cucina\u00a0come nelle maniglie, o nel piano laccato del tavolo, dove sono inseriti simboli numerici\u00a0che lasciano intravedere le pregiate venature del legno massello. Tra gli elementi di spicco e\u00a0troviamo la cappa in acciaio opacizzato caratterizzata da un profilo arrotondato.<\/p>\n<div id=\"attachment_27213\" style=\"width: 1210px\" class=\"wp-caption alignnone\"><a href=\"https:\/\/socialdesignmagazine.com\/mag\/?attachment_id=27213#content\" rel=\"attachment wp-att-27213\"><img loading=\"lazy\" decoding=\"async\" aria-describedby=\"caption-attachment-27213\" data-attachment-id=\"27213\" data-permalink=\"https:\/\/socialdesignmagazine.com\/mag\/news\/design-news\/cucina-monsterrat-con-finitura-nera-da-marchi-group\/attachment\/marchi-group-montserrat-finitura-nera-shelf\/#content\" data-orig-file=\"https:\/\/socialdesignmagazine.com\/mag\/wp-content\/uploads\/2016\/02\/Marchi-group-Montserrat-finitura-nera-shelf.jpg\" data-orig-size=\"1200,852\" data-comments-opened=\"1\" data-image-meta=\"{&quot;aperture&quot;:&quot;0&quot;,&quot;credit&quot;:&quot;&quot;,&quot;camera&quot;:&quot;&quot;,&quot;caption&quot;:&quot;&quot;,&quot;created_timestamp&quot;:&quot;0&quot;,&quot;copyright&quot;:&quot;&quot;,&quot;focal_length&quot;:&quot;0&quot;,&quot;iso&quot;:&quot;0&quot;,&quot;shutter_speed&quot;:&quot;0&quot;,&quot;title&quot;:&quot;&quot;,&quot;orientation&quot;:&quot;0&quot;}\" data-image-title=\"Marchi group Montserrat finitura nera shelf\" data-image-description=\"\" data-image-caption=\"&lt;p&gt;Marchi group Montserrat finitura nera shelf&lt;\/p&gt;\n\" data-medium-file=\"https:\/\/socialdesignmagazine.com\/mag\/wp-content\/uploads\/2016\/02\/Marchi-group-Montserrat-finitura-nera-shelf-396x256.jpg\" data-large-file=\"https:\/\/socialdesignmagazine.com\/mag\/wp-content\/uploads\/2016\/02\/Marchi-group-Montserrat-finitura-nera-shelf-1024x727.jpg\" class=\"size-full wp-image-27213\" src=\"https:\/\/socialdesignmagazine.com\/mag\/wp-content\/uploads\/2016\/02\/Marchi-group-Montserrat-finitura-nera-shelf.jpg\" alt=\"Marchi group Montserrat finitura nera shelf\" width=\"1200\" height=\"852\" srcset=\"https:\/\/socialdesignmagazine.com\/mag\/wp-content\/uploads\/2016\/02\/Marchi-group-Montserrat-finitura-nera-shelf.jpg 1200w, https:\/\/socialdesignmagazine.com\/mag\/wp-content\/uploads\/2016\/02\/Marchi-group-Montserrat-finitura-nera-shelf-768x545.jpg 768w, https:\/\/socialdesignmagazine.com\/mag\/wp-content\/uploads\/2016\/02\/Marchi-group-Montserrat-finitura-nera-shelf-1024x727.jpg 1024w\" sizes=\"auto, (max-width: 1200px) 100vw, 1200px\" \/><\/a><p id=\"caption-attachment-27213\" class=\"wp-caption-text\">Marchi group Montserrat finitura nera shelf<\/p><\/div>\n<div id=\"attachment_27215\" style=\"width: 1210px\" class=\"wp-caption alignnone\"><a href=\"https:\/\/socialdesignmagazine.com\/mag\/?attachment_id=27215#content\" rel=\"attachment wp-att-27215\"><img loading=\"lazy\" decoding=\"async\" aria-describedby=\"caption-attachment-27215\" data-attachment-id=\"27215\" data-permalink=\"https:\/\/socialdesignmagazine.com\/mag\/news\/design-news\/cucina-monsterrat-con-finitura-nera-da-marchi-group\/attachment\/marchi-group-montserrat-finitura-nera\/#content\" data-orig-file=\"https:\/\/socialdesignmagazine.com\/mag\/wp-content\/uploads\/2016\/02\/Marchi-group-Montserrat-finitura-nera.jpg\" data-orig-size=\"1200,840\" data-comments-opened=\"1\" data-image-meta=\"{&quot;aperture&quot;:&quot;0&quot;,&quot;credit&quot;:&quot;&quot;,&quot;camera&quot;:&quot;&quot;,&quot;caption&quot;:&quot;&quot;,&quot;created_timestamp&quot;:&quot;0&quot;,&quot;copyright&quot;:&quot;&quot;,&quot;focal_length&quot;:&quot;0&quot;,&quot;iso&quot;:&quot;0&quot;,&quot;shutter_speed&quot;:&quot;0&quot;,&quot;title&quot;:&quot;&quot;,&quot;orientation&quot;:&quot;0&quot;}\" data-image-title=\"Marchi group Montserrat finitura nera\" data-image-description=\"\" data-image-caption=\"&lt;p&gt;Marchi group Montserrat finitura nera&lt;\/p&gt;\n\" data-medium-file=\"https:\/\/socialdesignmagazine.com\/mag\/wp-content\/uploads\/2016\/02\/Marchi-group-Montserrat-finitura-nera-396x256.jpg\" data-large-file=\"https:\/\/socialdesignmagazine.com\/mag\/wp-content\/uploads\/2016\/02\/Marchi-group-Montserrat-finitura-nera-1024x717.jpg\" class=\"size-full wp-image-27215\" src=\"https:\/\/socialdesignmagazine.com\/mag\/wp-content\/uploads\/2016\/02\/Marchi-group-Montserrat-finitura-nera.jpg\" alt=\"Marchi group Montserrat finitura nera\" width=\"1200\" height=\"840\" srcset=\"https:\/\/socialdesignmagazine.com\/mag\/wp-content\/uploads\/2016\/02\/Marchi-group-Montserrat-finitura-nera.jpg 1200w, https:\/\/socialdesignmagazine.com\/mag\/wp-content\/uploads\/2016\/02\/Marchi-group-Montserrat-finitura-nera-768x538.jpg 768w, https:\/\/socialdesignmagazine.com\/mag\/wp-content\/uploads\/2016\/02\/Marchi-group-Montserrat-finitura-nera-1024x717.jpg 1024w\" sizes=\"auto, (max-width: 1200px) 100vw, 1200px\" \/><\/a><p id=\"caption-attachment-27215\" class=\"wp-caption-text\">Marchi group Montserrat finitura nera<\/p><\/div>\n<div id=\"attachment_27212\" style=\"width: 1210px\" class=\"wp-caption alignnone\"><a href=\"https:\/\/socialdesignmagazine.com\/mag\/?attachment_id=27212#content\" rel=\"attachment wp-att-27212\"><img loading=\"lazy\" decoding=\"async\" aria-describedby=\"caption-attachment-27212\" data-attachment-id=\"27212\" data-permalink=\"https:\/\/socialdesignmagazine.com\/mag\/news\/design-news\/cucina-monsterrat-con-finitura-nera-da-marchi-group\/attachment\/marchi-group-montserrat-finitura-nera-hood\/#content\" data-orig-file=\"https:\/\/socialdesignmagazine.com\/mag\/wp-content\/uploads\/2016\/02\/Marchi-group-Montserrat-finitura-nera-Hood.jpg\" data-orig-size=\"1200,852\" data-comments-opened=\"1\" data-image-meta=\"{&quot;aperture&quot;:&quot;0&quot;,&quot;credit&quot;:&quot;&quot;,&quot;camera&quot;:&quot;&quot;,&quot;caption&quot;:&quot;&quot;,&quot;created_timestamp&quot;:&quot;0&quot;,&quot;copyright&quot;:&quot;&quot;,&quot;focal_length&quot;:&quot;0&quot;,&quot;iso&quot;:&quot;0&quot;,&quot;shutter_speed&quot;:&quot;0&quot;,&quot;title&quot;:&quot;&quot;,&quot;orientation&quot;:&quot;0&quot;}\" data-image-title=\"Marchi group Montserrat finitura nera Hood\" data-image-description=\"\" data-image-caption=\"&lt;p&gt;Marchi group Montserrat finitura nera Hood&lt;\/p&gt;\n\" data-medium-file=\"https:\/\/socialdesignmagazine.com\/mag\/wp-content\/uploads\/2016\/02\/Marchi-group-Montserrat-finitura-nera-Hood-396x256.jpg\" data-large-file=\"https:\/\/socialdesignmagazine.com\/mag\/wp-content\/uploads\/2016\/02\/Marchi-group-Montserrat-finitura-nera-Hood-1024x727.jpg\" class=\"size-full wp-image-27212\" src=\"https:\/\/socialdesignmagazine.com\/mag\/wp-content\/uploads\/2016\/02\/Marchi-group-Montserrat-finitura-nera-Hood.jpg\" alt=\"Marchi group Montserrat finitura nera Hood\" width=\"1200\" height=\"852\" srcset=\"https:\/\/socialdesignmagazine.com\/mag\/wp-content\/uploads\/2016\/02\/Marchi-group-Montserrat-finitura-nera-Hood.jpg 1200w, https:\/\/socialdesignmagazine.com\/mag\/wp-content\/uploads\/2016\/02\/Marchi-group-Montserrat-finitura-nera-Hood-768x545.jpg 768w, https:\/\/socialdesignmagazine.com\/mag\/wp-content\/uploads\/2016\/02\/Marchi-group-Montserrat-finitura-nera-Hood-1024x727.jpg 1024w\" sizes=\"auto, (max-width: 1200px) 100vw, 1200px\" \/><\/a><p id=\"caption-attachment-27212\" class=\"wp-caption-text\">Marchi group Montserrat finitura nera Hood<\/p><\/div>\n","protected":false,"gt_translate_keys":[{"key":"rendered","format":"html"}]},"excerpt":{"rendered":"<p>La cucine Montserrat con finitura nera di Marchi Group \u00e8 una cucina caratterizzata da una forte personalit\u00e0 e da un design contemporaneo che al tempo stesso richiama le linee del passato.<\/p>\n","protected":false,"gt_translate_keys":[{"key":"rendered","format":"html"}]},"author":1,"featured_media":27214,"comment_status":"open","ping_status":"open","sticky":false,"template":"","format":"standard","meta":{"jetpack_post_was_ever_published":false,"_jetpack_newsletter_access":"","_jetpack_dont_email_post_to_subs":false,"_jetpack_newsletter_tier_id":0,"_jetpack_memberships_contains_paywalled_content":false,"_jetpack_memberships_contains_paid_content":false,"footnotes":"","_wpscppro_dont_share_socialmedia":false,"_wpscppro_custom_social_share_image":0,"_facebook_share_type":"","_twitter_share_type":"","_linkedin_share_type":"","_pinterest_share_type":"","_linkedin_share_type_page":"","_instagram_share_type":"","_medium_share_type":"","_threads_share_type":"","_google_business_share_type":"","_selected_social_profile":[],"_wpsp_enable_custom_social_template":false,"_wpsp_social_scheduling":{"enabled":false,"datetime":null,"platforms":[],"status":"template_only","dateOption":"today","timeOption":"now","customDays":"","customHours":"","customDate":"","customTime":"","schedulingType":"absolute"},"_wpsp_active_default_template":true},"categories":[17],"tags":[2688,1139,3249],"class_list":["post-26545","post","type-post","status-publish","format-standard","has-post-thumbnail","hentry","category-design-news","tag-arredo-cucina","tag-cucina","tag-marchi-group"],"yoast_head":"<!-- This site is optimized with the Yoast SEO plugin v27.2 - https:\/\/yoast.com\/product\/yoast-seo-wordpress\/ -->\n<title>Cucina Monsterrat con finitura nera da Marchi Group<\/title>\n<meta name=\"description\" content=\"Montserrat con finitura nera di\u00a0Marchi Group\u00a0\u00e8 una cucina caratterizzata da una forte personalit\u00e0 e da un design che richiama le linee del passato.\" \/>\n<meta name=\"robots\" content=\"index, follow, max-snippet:-1, max-image-preview:large, max-video-preview:-1\" \/>\n<link rel=\"canonical\" href=\"https:\/\/socialdesignmagazine.com\/mag\/news\/design-news\/cucina-monsterrat-con-finitura-nera-da-marchi-group\/\" \/>\n<meta property=\"og:locale\" content=\"it_IT\" \/>\n<meta property=\"og:type\" content=\"article\" \/>\n<meta property=\"og:title\" content=\"Cucina Monsterrat con finitura nera da Marchi Group\" \/>\n<meta property=\"og:description\" content=\"Montserrat con finitura nera di\u00a0Marchi Group\u00a0\u00e8 una cucina caratterizzata da una forte personalit\u00e0 e da un design che richiama le linee del passato.\" \/>\n<meta property=\"og:url\" content=\"http:\/\/socialdesignmagazine.com\/mag\/news\/design-news\/cucina-monsterrat-con-finitura-nera-da-marchi-group\/\" \/>\n<meta property=\"og:site_name\" content=\"Social Design Magazine\" \/>\n<meta property=\"article:publisher\" content=\"https:\/\/www.facebook.com\/socialdesignmag\" \/>\n<meta property=\"article:author\" content=\"https:\/\/www.facebook.com\/benedettofiori\" \/>\n<meta property=\"article:published_time\" content=\"2016-03-04T09:00:34+00:00\" \/>\n<meta property=\"og:image\" content=\"https:\/\/socialdesignmagazine.com\/mag\/wp-content\/uploads\/2016\/02\/Marchi-group-Montserrat-finitura-nera-Sink.jpg\" \/>\n\t<meta property=\"og:image:width\" content=\"1200\" \/>\n\t<meta property=\"og:image:height\" content=\"852\" \/>\n\t<meta property=\"og:image:type\" content=\"image\/jpeg\" \/>\n<meta name=\"author\" content=\"Benedetto Fiori\" \/>\n<meta name=\"twitter:card\" content=\"summary_large_image\" \/>\n<meta name=\"twitter:creator\" content=\"@benedettofiori\" \/>\n<meta name=\"twitter:site\" content=\"@socialdesignmag\" \/>\n<meta name=\"twitter:label1\" content=\"Scritto da\" \/>\n\t<meta name=\"twitter:data1\" content=\"Benedetto Fiori\" \/>\n\t<meta name=\"twitter:label2\" content=\"Tempo di lettura stimato\" \/>\n\t<meta name=\"twitter:data2\" content=\"1 minuto\" \/>\n<script type=\"application\/ld+json\" class=\"yoast-schema-graph\">{\"@context\":\"https:\/\/schema.org\",\"@graph\":[{\"@type\":\"Article\",\"@id\":\"https:\/\/socialdesignmagazine.com\/mag\/news\/design-news\/cucina-monsterrat-con-finitura-nera-da-marchi-group\/#article\",\"isPartOf\":{\"@id\":\"https:\/\/socialdesignmagazine.com\/mag\/news\/design-news\/cucina-monsterrat-con-finitura-nera-da-marchi-group\/\"},\"author\":{\"name\":\"Benedetto Fiori\",\"@id\":\"https:\/\/socialdesignmagazine.com\/mag\/#\/schema\/person\/61e20205cc363c315e6aabd33a045846\"},\"headline\":\"Cucina Monsterrat con finitura nera da Marchi Group\",\"datePublished\":\"2016-03-04T09:00:34+00:00\",\"mainEntityOfPage\":{\"@id\":\"https:\/\/socialdesignmagazine.com\/mag\/news\/design-news\/cucina-monsterrat-con-finitura-nera-da-marchi-group\/\"},\"wordCount\":178,\"commentCount\":0,\"publisher\":{\"@id\":\"https:\/\/socialdesignmagazine.com\/mag\/#organization\"},\"image\":{\"@id\":\"https:\/\/socialdesignmagazine.com\/mag\/news\/design-news\/cucina-monsterrat-con-finitura-nera-da-marchi-group\/#primaryimage\"},\"thumbnailUrl\":\"https:\/\/socialdesignmagazine.com\/mag\/wp-content\/uploads\/2016\/02\/Marchi-group-Montserrat-finitura-nera-Sink.jpg\",\"keywords\":[\"arredo cucina\",\"cucina\",\"marchi group\"],\"articleSection\":[\"Design News\"],\"inLanguage\":\"it-IT\",\"potentialAction\":[{\"@type\":\"CommentAction\",\"name\":\"Comment\",\"target\":[\"https:\/\/socialdesignmagazine.com\/mag\/news\/design-news\/cucina-monsterrat-con-finitura-nera-da-marchi-group\/#respond\"]}]},{\"@type\":\"WebPage\",\"@id\":\"https:\/\/socialdesignmagazine.com\/mag\/news\/design-news\/cucina-monsterrat-con-finitura-nera-da-marchi-group\/\",\"url\":\"https:\/\/socialdesignmagazine.com\/mag\/news\/design-news\/cucina-monsterrat-con-finitura-nera-da-marchi-group\/\",\"name\":\"Cucina Monsterrat con finitura nera da Marchi Group\",\"isPartOf\":{\"@id\":\"https:\/\/socialdesignmagazine.com\/mag\/#website\"},\"primaryImageOfPage\":{\"@id\":\"https:\/\/socialdesignmagazine.com\/mag\/news\/design-news\/cucina-monsterrat-con-finitura-nera-da-marchi-group\/#primaryimage\"},\"image\":{\"@id\":\"https:\/\/socialdesignmagazine.com\/mag\/news\/design-news\/cucina-monsterrat-con-finitura-nera-da-marchi-group\/#primaryimage\"},\"thumbnailUrl\":\"https:\/\/socialdesignmagazine.com\/mag\/wp-content\/uploads\/2016\/02\/Marchi-group-Montserrat-finitura-nera-Sink.jpg\",\"datePublished\":\"2016-03-04T09:00:34+00:00\",\"description\":\"Montserrat con finitura nera di\u00a0Marchi Group\u00a0\u00e8 una cucina caratterizzata da una forte personalit\u00e0 e da un design che richiama le linee del passato.\",\"breadcrumb\":{\"@id\":\"https:\/\/socialdesignmagazine.com\/mag\/news\/design-news\/cucina-monsterrat-con-finitura-nera-da-marchi-group\/#breadcrumb\"},\"inLanguage\":\"it-IT\",\"potentialAction\":[{\"@type\":\"ReadAction\",\"target\":[\"https:\/\/socialdesignmagazine.com\/mag\/news\/design-news\/cucina-monsterrat-con-finitura-nera-da-marchi-group\/\"]}]},{\"@type\":\"ImageObject\",\"inLanguage\":\"it-IT\",\"@id\":\"https:\/\/socialdesignmagazine.com\/mag\/news\/design-news\/cucina-monsterrat-con-finitura-nera-da-marchi-group\/#primaryimage\",\"url\":\"https:\/\/socialdesignmagazine.com\/mag\/wp-content\/uploads\/2016\/02\/Marchi-group-Montserrat-finitura-nera-Sink.jpg\",\"contentUrl\":\"https:\/\/socialdesignmagazine.com\/mag\/wp-content\/uploads\/2016\/02\/Marchi-group-Montserrat-finitura-nera-Sink.jpg\",\"width\":1200,\"height\":852,\"caption\":\"Marchi group Montserrat finitura nera Sink\"},{\"@type\":\"BreadcrumbList\",\"@id\":\"https:\/\/socialdesignmagazine.com\/mag\/news\/design-news\/cucina-monsterrat-con-finitura-nera-da-marchi-group\/#breadcrumb\",\"itemListElement\":[{\"@type\":\"ListItem\",\"position\":1,\"name\":\"Home\",\"item\":\"https:\/\/socialdesignmagazine.com\/mag\/\"},{\"@type\":\"ListItem\",\"position\":2,\"name\":\"News\",\"item\":\"https:\/\/socialdesignmagazine.com\/mag\/news\/\"},{\"@type\":\"ListItem\",\"position\":3,\"name\":\"Design News\",\"item\":\"https:\/\/socialdesignmagazine.com\/mag\/news\/design-news\/\"},{\"@type\":\"ListItem\",\"position\":4,\"name\":\"Cucina Monsterrat con finitura nera da Marchi Group\"}]},{\"@type\":\"WebSite\",\"@id\":\"https:\/\/socialdesignmagazine.com\/mag\/#website\",\"url\":\"https:\/\/socialdesignmagazine.com\/mag\/\",\"name\":\"Social Design Magazine\",\"description\":\"Social Magazine su Design, Architettura, Arte, Grafica\",\"publisher\":{\"@id\":\"https:\/\/socialdesignmagazine.com\/mag\/#organization\"},\"potentialAction\":[{\"@type\":\"SearchAction\",\"target\":{\"@type\":\"EntryPoint\",\"urlTemplate\":\"https:\/\/socialdesignmagazine.com\/mag\/?s={search_term_string}\"},\"query-input\":{\"@type\":\"PropertyValueSpecification\",\"valueRequired\":true,\"valueName\":\"search_term_string\"}}],\"inLanguage\":\"it-IT\"},{\"@type\":\"Organization\",\"@id\":\"https:\/\/socialdesignmagazine.com\/mag\/#organization\",\"name\":\"Social Design Magazine\",\"url\":\"https:\/\/socialdesignmagazine.com\/mag\/\",\"logo\":{\"@type\":\"ImageObject\",\"inLanguage\":\"it-IT\",\"@id\":\"https:\/\/socialdesignmagazine.com\/mag\/#\/schema\/logo\/image\/\",\"url\":\"https:\/\/socialdesignmagazine.com\/mag\/wp-content\/uploads\/2017\/01\/logo_favicon_11.png\",\"contentUrl\":\"https:\/\/socialdesignmagazine.com\/mag\/wp-content\/uploads\/2017\/01\/logo_favicon_11.png\",\"width\":1024,\"height\":1024,\"caption\":\"Social Design Magazine\"},\"image\":{\"@id\":\"https:\/\/socialdesignmagazine.com\/mag\/#\/schema\/logo\/image\/\"},\"sameAs\":[\"https:\/\/www.facebook.com\/socialdesignmag\",\"https:\/\/x.com\/socialdesignmag\",\"http:\/\/instagram.com\/social_design_magazine\/\",\"http:\/\/pinterest.com\/socialdesignmag\/\",\"http:\/\/www.youtube.com\/user\/socialdesignmagazine\"]},{\"@type\":\"Person\",\"@id\":\"https:\/\/socialdesignmagazine.com\/mag\/#\/schema\/person\/61e20205cc363c315e6aabd33a045846\",\"name\":\"Benedetto Fiori\",\"image\":{\"@type\":\"ImageObject\",\"inLanguage\":\"it-IT\",\"@id\":\"https:\/\/secure.gravatar.com\/avatar\/450a48cefa36da63d920ad70aa660bd10725b1c6093800242e5efdb397759033?s=96&d=mm&r=g\",\"url\":\"https:\/\/secure.gravatar.com\/avatar\/450a48cefa36da63d920ad70aa660bd10725b1c6093800242e5efdb397759033?s=96&d=mm&r=g\",\"contentUrl\":\"https:\/\/secure.gravatar.com\/avatar\/450a48cefa36da63d920ad70aa660bd10725b1c6093800242e5efdb397759033?s=96&d=mm&r=g\",\"caption\":\"Benedetto Fiori\"},\"description\":\"Web | Twitter | Facebook | Shutterstock Founder &amp; Editor in Chief di Social Design Magazine. Attratto da sempre da tutto ci\u00f2 che \u00e8 creativit\u00e0, design, architettura. Dopo aver studiato Architettura all'Universit\u00e0 di Firenze, si \u00e8 impegnato in molteplici campi: comunicazione grafica, progettazione di allestimenti fieristici, brand design, Interior Design.\",\"sameAs\":[\"http:\/\/benedettofiori.com\",\"https:\/\/www.facebook.com\/benedettofiori\",\"https:\/\/x.com\/benedettofiori\"],\"url\":\"https:\/\/socialdesignmagazine.com\/mag\/author\/benedetto\/\"}]}<\/script>\n<!-- \/ Yoast SEO plugin. -->","yoast_head_json":{"title":"Cucina Monsterrat con finitura nera da Marchi Group","description":"Montserrat con finitura nera di\u00a0Marchi Group\u00a0\u00e8 una cucina caratterizzata da una forte personalit\u00e0 e da un design che richiama le linee del passato.","robots":{"index":"index","follow":"follow","max-snippet":"max-snippet:-1","max-image-preview":"max-image-preview:large","max-video-preview":"max-video-preview:-1"},"canonical":"https:\/\/socialdesignmagazine.com\/mag\/news\/design-news\/cucina-monsterrat-con-finitura-nera-da-marchi-group\/","og_locale":"it_IT","og_type":"article","og_title":"Cucina Monsterrat con finitura nera da Marchi Group","og_description":"Montserrat con finitura nera di\u00a0Marchi Group\u00a0\u00e8 una cucina caratterizzata da una forte personalit\u00e0 e da un design che richiama le linee del passato.","og_url":"http:\/\/socialdesignmagazine.com\/mag\/news\/design-news\/cucina-monsterrat-con-finitura-nera-da-marchi-group\/","og_site_name":"Social Design Magazine","article_publisher":"https:\/\/www.facebook.com\/socialdesignmag","article_author":"https:\/\/www.facebook.com\/benedettofiori","article_published_time":"2016-03-04T09:00:34+00:00","og_image":[{"width":1200,"height":852,"url":"https:\/\/socialdesignmagazine.com\/mag\/wp-content\/uploads\/2016\/02\/Marchi-group-Montserrat-finitura-nera-Sink.jpg","type":"image\/jpeg"}],"author":"Benedetto Fiori","twitter_card":"summary_large_image","twitter_creator":"@benedettofiori","twitter_site":"@socialdesignmag","twitter_misc":{"Scritto da":"Benedetto Fiori","Tempo di lettura stimato":"1 minuto"},"schema":{"@context":"https:\/\/schema.org","@graph":[{"@type":"Article","@id":"https:\/\/socialdesignmagazine.com\/mag\/news\/design-news\/cucina-monsterrat-con-finitura-nera-da-marchi-group\/#article","isPartOf":{"@id":"https:\/\/socialdesignmagazine.com\/mag\/news\/design-news\/cucina-monsterrat-con-finitura-nera-da-marchi-group\/"},"author":{"name":"Benedetto Fiori","@id":"https:\/\/socialdesignmagazine.com\/mag\/#\/schema\/person\/61e20205cc363c315e6aabd33a045846"},"headline":"Cucina Monsterrat con finitura nera da Marchi Group","datePublished":"2016-03-04T09:00:34+00:00","mainEntityOfPage":{"@id":"https:\/\/socialdesignmagazine.com\/mag\/news\/design-news\/cucina-monsterrat-con-finitura-nera-da-marchi-group\/"},"wordCount":178,"commentCount":0,"publisher":{"@id":"https:\/\/socialdesignmagazine.com\/mag\/#organization"},"image":{"@id":"https:\/\/socialdesignmagazine.com\/mag\/news\/design-news\/cucina-monsterrat-con-finitura-nera-da-marchi-group\/#primaryimage"},"thumbnailUrl":"https:\/\/socialdesignmagazine.com\/mag\/wp-content\/uploads\/2016\/02\/Marchi-group-Montserrat-finitura-nera-Sink.jpg","keywords":["arredo cucina","cucina","marchi group"],"articleSection":["Design News"],"inLanguage":"it-IT","potentialAction":[{"@type":"CommentAction","name":"Comment","target":["https:\/\/socialdesignmagazine.com\/mag\/news\/design-news\/cucina-monsterrat-con-finitura-nera-da-marchi-group\/#respond"]}]},{"@type":"WebPage","@id":"https:\/\/socialdesignmagazine.com\/mag\/news\/design-news\/cucina-monsterrat-con-finitura-nera-da-marchi-group\/","url":"https:\/\/socialdesignmagazine.com\/mag\/news\/design-news\/cucina-monsterrat-con-finitura-nera-da-marchi-group\/","name":"Cucina Monsterrat con finitura nera da Marchi Group","isPartOf":{"@id":"https:\/\/socialdesignmagazine.com\/mag\/#website"},"primaryImageOfPage":{"@id":"https:\/\/socialdesignmagazine.com\/mag\/news\/design-news\/cucina-monsterrat-con-finitura-nera-da-marchi-group\/#primaryimage"},"image":{"@id":"https:\/\/socialdesignmagazine.com\/mag\/news\/design-news\/cucina-monsterrat-con-finitura-nera-da-marchi-group\/#primaryimage"},"thumbnailUrl":"https:\/\/socialdesignmagazine.com\/mag\/wp-content\/uploads\/2016\/02\/Marchi-group-Montserrat-finitura-nera-Sink.jpg","datePublished":"2016-03-04T09:00:34+00:00","description":"Montserrat con finitura nera di\u00a0Marchi Group\u00a0\u00e8 una cucina caratterizzata da una forte personalit\u00e0 e da un design che richiama le linee del passato.","breadcrumb":{"@id":"https:\/\/socialdesignmagazine.com\/mag\/news\/design-news\/cucina-monsterrat-con-finitura-nera-da-marchi-group\/#breadcrumb"},"inLanguage":"it-IT","potentialAction":[{"@type":"ReadAction","target":["https:\/\/socialdesignmagazine.com\/mag\/news\/design-news\/cucina-monsterrat-con-finitura-nera-da-marchi-group\/"]}]},{"@type":"ImageObject","inLanguage":"it-IT","@id":"https:\/\/socialdesignmagazine.com\/mag\/news\/design-news\/cucina-monsterrat-con-finitura-nera-da-marchi-group\/#primaryimage","url":"https:\/\/socialdesignmagazine.com\/mag\/wp-content\/uploads\/2016\/02\/Marchi-group-Montserrat-finitura-nera-Sink.jpg","contentUrl":"https:\/\/socialdesignmagazine.com\/mag\/wp-content\/uploads\/2016\/02\/Marchi-group-Montserrat-finitura-nera-Sink.jpg","width":1200,"height":852,"caption":"Marchi group Montserrat finitura nera Sink"},{"@type":"BreadcrumbList","@id":"https:\/\/socialdesignmagazine.com\/mag\/news\/design-news\/cucina-monsterrat-con-finitura-nera-da-marchi-group\/#breadcrumb","itemListElement":[{"@type":"ListItem","position":1,"name":"Home","item":"https:\/\/socialdesignmagazine.com\/mag\/"},{"@type":"ListItem","position":2,"name":"News","item":"https:\/\/socialdesignmagazine.com\/mag\/news\/"},{"@type":"ListItem","position":3,"name":"Design News","item":"https:\/\/socialdesignmagazine.com\/mag\/news\/design-news\/"},{"@type":"ListItem","position":4,"name":"Cucina Monsterrat con finitura nera da Marchi Group"}]},{"@type":"WebSite","@id":"https:\/\/socialdesignmagazine.com\/mag\/#website","url":"https:\/\/socialdesignmagazine.com\/mag\/","name":"Social Design Magazine","description":"Social Magazine su Design, Architettura, Arte, Grafica","publisher":{"@id":"https:\/\/socialdesignmagazine.com\/mag\/#organization"},"potentialAction":[{"@type":"SearchAction","target":{"@type":"EntryPoint","urlTemplate":"https:\/\/socialdesignmagazine.com\/mag\/?s={search_term_string}"},"query-input":{"@type":"PropertyValueSpecification","valueRequired":true,"valueName":"search_term_string"}}],"inLanguage":"it-IT"},{"@type":"Organization","@id":"https:\/\/socialdesignmagazine.com\/mag\/#organization","name":"Social Design Magazine","url":"https:\/\/socialdesignmagazine.com\/mag\/","logo":{"@type":"ImageObject","inLanguage":"it-IT","@id":"https:\/\/socialdesignmagazine.com\/mag\/#\/schema\/logo\/image\/","url":"https:\/\/socialdesignmagazine.com\/mag\/wp-content\/uploads\/2017\/01\/logo_favicon_11.png","contentUrl":"https:\/\/socialdesignmagazine.com\/mag\/wp-content\/uploads\/2017\/01\/logo_favicon_11.png","width":1024,"height":1024,"caption":"Social Design Magazine"},"image":{"@id":"https:\/\/socialdesignmagazine.com\/mag\/#\/schema\/logo\/image\/"},"sameAs":["https:\/\/www.facebook.com\/socialdesignmag","https:\/\/x.com\/socialdesignmag","http:\/\/instagram.com\/social_design_magazine\/","http:\/\/pinterest.com\/socialdesignmag\/","http:\/\/www.youtube.com\/user\/socialdesignmagazine"]},{"@type":"Person","@id":"https:\/\/socialdesignmagazine.com\/mag\/#\/schema\/person\/61e20205cc363c315e6aabd33a045846","name":"Benedetto Fiori","image":{"@type":"ImageObject","inLanguage":"it-IT","@id":"https:\/\/secure.gravatar.com\/avatar\/450a48cefa36da63d920ad70aa660bd10725b1c6093800242e5efdb397759033?s=96&d=mm&r=g","url":"https:\/\/secure.gravatar.com\/avatar\/450a48cefa36da63d920ad70aa660bd10725b1c6093800242e5efdb397759033?s=96&d=mm&r=g","contentUrl":"https:\/\/secure.gravatar.com\/avatar\/450a48cefa36da63d920ad70aa660bd10725b1c6093800242e5efdb397759033?s=96&d=mm&r=g","caption":"Benedetto Fiori"},"description":"Web | Twitter | Facebook | Shutterstock Founder &amp; Editor in Chief di Social Design Magazine. Attratto da sempre da tutto ci\u00f2 che \u00e8 creativit\u00e0, design, architettura. Dopo aver studiato Architettura all'Universit\u00e0 di Firenze, si \u00e8 impegnato in molteplici campi: comunicazione grafica, progettazione di allestimenti fieristici, brand design, Interior Design.","sameAs":["http:\/\/benedettofiori.com","https:\/\/www.facebook.com\/benedettofiori","https:\/\/x.com\/benedettofiori"],"url":"https:\/\/socialdesignmagazine.com\/mag\/author\/benedetto\/"}]}},"jetpack_featured_media_url":"https:\/\/socialdesignmagazine.com\/mag\/wp-content\/uploads\/2016\/02\/Marchi-group-Montserrat-finitura-nera-Sink.jpg","jetpack_sharing_enabled":true,"jetpack_shortlink":"https:\/\/wp.me\/p6cV7V-6U9","gt_translate_keys":[{"key":"link","format":"url"}],"_links":{"self":[{"href":"https:\/\/socialdesignmagazine.com\/mag\/wp-json\/wp\/v2\/posts\/26545","targetHints":{"allow":["GET"]}}],"collection":[{"href":"https:\/\/socialdesignmagazine.com\/mag\/wp-json\/wp\/v2\/posts"}],"about":[{"href":"https:\/\/socialdesignmagazine.com\/mag\/wp-json\/wp\/v2\/types\/post"}],"author":[{"embeddable":true,"href":"https:\/\/socialdesignmagazine.com\/mag\/wp-json\/wp\/v2\/users\/1"}],"replies":[{"embeddable":true,"href":"https:\/\/socialdesignmagazine.com\/mag\/wp-json\/wp\/v2\/comments?post=26545"}],"version-history":[{"count":4,"href":"https:\/\/socialdesignmagazine.com\/mag\/wp-json\/wp\/v2\/posts\/26545\/revisions"}],"predecessor-version":[{"id":27218,"href":"https:\/\/socialdesignmagazine.com\/mag\/wp-json\/wp\/v2\/posts\/26545\/revisions\/27218"}],"wp:featuredmedia":[{"embeddable":true,"href":"https:\/\/socialdesignmagazine.com\/mag\/wp-json\/wp\/v2\/media\/27214"}],"wp:attachment":[{"href":"https:\/\/socialdesignmagazine.com\/mag\/wp-json\/wp\/v2\/media?parent=26545"}],"wp:term":[{"taxonomy":"category","embeddable":true,"href":"https:\/\/socialdesignmagazine.com\/mag\/wp-json\/wp\/v2\/categories?post=26545"},{"taxonomy":"post_tag","embeddable":true,"href":"https:\/\/socialdesignmagazine.com\/mag\/wp-json\/wp\/v2\/tags?post=26545"}],"curies":[{"name":"wp","href":"https:\/\/api.w.org\/{rel}","templated":true}]}}