{"id":26732,"date":"2016-02-05T10:00:00","date_gmt":"2016-02-05T09:00:00","guid":{"rendered":"https:\/\/socialdesignmagazine.com\/mag\/?p=26732"},"modified":"2016-02-02T20:18:28","modified_gmt":"2016-02-02T19:18:28","slug":"troag-lampada-a-sospensione-luca-nichetto-per-foscarini","status":"publish","type":"post","link":"https:\/\/socialdesignmagazine.com\/mag\/design\/troag-lampada-a-sospensione-luca-nichetto-per-foscarini\/","title":{"rendered":"Troag, lampada a sospensione, Luca Nichetto per Foscarini","gt_translate_keys":[{"key":"rendered","format":"text"}]},"content":{"rendered":"<h2>TROAG, lampada a sospensione nel nome e nella forma, Troag si ispira ad una ciotola in legno della tradizione scandinava, un oggetto familiare\u00a0e quotidiano.<\/h2>\n<p>Un\u2019ispirazione ricontestualizzata da <a rel=\"nofollow\" href=\"http:\/\/foscarini.com\">Foscarini<\/a> e Luca Nichetto con creativit\u00e0, ricerca tecnologica e\u00a0cura della realizzazione tipicamente italiane.<\/p>\n<p>Lampada a sospensione dal segno leggero e lineare, Troag veste una luce tecnica con il calore del legno. Il\u00a0diffusore \u00e8 infatti realizzato in multistrato curvato a caldo e lavorato sui bordi con una particolare fresatura.<\/p>\n<p>Disponibile in tre diverse misure, Troag sfrutta al meglio la luminosit\u00e0 del tubo fluorescente all\u2019interno,\u00a0proiettando verso il basso una luce calda e uniforme, che non abbaglia grazie a uno\u00a0schermo protettivo.<\/p>\n<p>Alle finiture naturale e nera, si aggiunge oggi una<strong> nuova versione bianca<\/strong>, che lascia intravedere le nervature\u00a0del legno. Una finitura che enfatizza l\u2019ispirazione nordica e le linee essenziali di Troag, entrando in sintonia con\u00a0una tendenza dominante nell\u2019arredo contemporaneo. Troag si inserisce in ogni spazio e situazione: da una\u00a0cucina a un dining domestico, a un home-office.<\/p>\n<div id=\"attachment_26734\" style=\"width: 1210px\" class=\"wp-caption alignnone\"><a href=\"https:\/\/socialdesignmagazine.com\/mag\/?attachment_id=26734#content\" rel=\"attachment wp-att-26734\"><img loading=\"lazy\" decoding=\"async\" aria-describedby=\"caption-attachment-26734\" data-attachment-id=\"26734\" data-permalink=\"https:\/\/socialdesignmagazine.com\/mag\/design\/troag-lampada-a-sospensione-luca-nichetto-per-foscarini\/attachment\/troag-3-colors-still\/#content\" data-orig-file=\"https:\/\/socialdesignmagazine.com\/mag\/wp-content\/uploads\/2016\/02\/TROAG-3-colors-still.jpg\" data-orig-size=\"1200,1600\" data-comments-opened=\"1\" data-image-meta=\"{&quot;aperture&quot;:&quot;0&quot;,&quot;credit&quot;:&quot;&quot;,&quot;camera&quot;:&quot;&quot;,&quot;caption&quot;:&quot;&quot;,&quot;created_timestamp&quot;:&quot;0&quot;,&quot;copyright&quot;:&quot;&quot;,&quot;focal_length&quot;:&quot;0&quot;,&quot;iso&quot;:&quot;0&quot;,&quot;shutter_speed&quot;:&quot;0&quot;,&quot;title&quot;:&quot;&quot;,&quot;orientation&quot;:&quot;0&quot;}\" data-image-title=\"TROAG, lampada a sospensione, 3 colors still\" data-image-description=\"\" data-image-caption=\"&lt;p&gt;TROAG, lampada a sospensione, 3 colors still&lt;\/p&gt;\n\" data-medium-file=\"https:\/\/socialdesignmagazine.com\/mag\/wp-content\/uploads\/2016\/02\/TROAG-3-colors-still-396x256.jpg\" data-large-file=\"https:\/\/socialdesignmagazine.com\/mag\/wp-content\/uploads\/2016\/02\/TROAG-3-colors-still-1024x1365.jpg\" class=\"size-full wp-image-26734\" src=\"https:\/\/socialdesignmagazine.com\/mag\/wp-content\/uploads\/2016\/02\/TROAG-3-colors-still.jpg\" alt=\"TROAG, lampada a sospensione, 3 colors still\" width=\"1200\" height=\"1600\" srcset=\"https:\/\/socialdesignmagazine.com\/mag\/wp-content\/uploads\/2016\/02\/TROAG-3-colors-still.jpg 1200w, https:\/\/socialdesignmagazine.com\/mag\/wp-content\/uploads\/2016\/02\/TROAG-3-colors-still-768x1024.jpg 768w, https:\/\/socialdesignmagazine.com\/mag\/wp-content\/uploads\/2016\/02\/TROAG-3-colors-still-1024x1365.jpg 1024w\" sizes=\"auto, (max-width: 1200px) 100vw, 1200px\" \/><\/a><p id=\"caption-attachment-26734\" class=\"wp-caption-text\">TROAG, lampada a sospensione, 3 colors still<\/p><\/div>\n<div id=\"attachment_26737\" style=\"width: 1210px\" class=\"wp-caption alignnone\"><a href=\"https:\/\/socialdesignmagazine.com\/mag\/?attachment_id=26737#content\" rel=\"attachment wp-att-26737\"><img loading=\"lazy\" decoding=\"async\" aria-describedby=\"caption-attachment-26737\" data-attachment-id=\"26737\" data-permalink=\"https:\/\/socialdesignmagazine.com\/mag\/design\/troag-lampada-a-sospensione-luca-nichetto-per-foscarini\/attachment\/troag-still\/#content\" data-orig-file=\"https:\/\/socialdesignmagazine.com\/mag\/wp-content\/uploads\/2016\/02\/TROAG-still.jpg\" data-orig-size=\"1200,1776\" data-comments-opened=\"1\" data-image-meta=\"{&quot;aperture&quot;:&quot;0&quot;,&quot;credit&quot;:&quot;&quot;,&quot;camera&quot;:&quot;&quot;,&quot;caption&quot;:&quot;&quot;,&quot;created_timestamp&quot;:&quot;0&quot;,&quot;copyright&quot;:&quot;&quot;,&quot;focal_length&quot;:&quot;0&quot;,&quot;iso&quot;:&quot;0&quot;,&quot;shutter_speed&quot;:&quot;0&quot;,&quot;title&quot;:&quot;&quot;,&quot;orientation&quot;:&quot;0&quot;}\" data-image-title=\"TROAG, lampada a sospensione, still\" data-image-description=\"\" data-image-caption=\"&lt;p&gt;TROAG, lampada a sospensione, still&lt;\/p&gt;\n\" data-medium-file=\"https:\/\/socialdesignmagazine.com\/mag\/wp-content\/uploads\/2016\/02\/TROAG-still-396x256.jpg\" data-large-file=\"https:\/\/socialdesignmagazine.com\/mag\/wp-content\/uploads\/2016\/02\/TROAG-still-1024x1516.jpg\" class=\"size-full wp-image-26737\" src=\"https:\/\/socialdesignmagazine.com\/mag\/wp-content\/uploads\/2016\/02\/TROAG-still.jpg\" alt=\"TROAG, lampada a sospensione, still\" width=\"1200\" height=\"1776\" srcset=\"https:\/\/socialdesignmagazine.com\/mag\/wp-content\/uploads\/2016\/02\/TROAG-still.jpg 1200w, https:\/\/socialdesignmagazine.com\/mag\/wp-content\/uploads\/2016\/02\/TROAG-still-768x1137.jpg 768w, https:\/\/socialdesignmagazine.com\/mag\/wp-content\/uploads\/2016\/02\/TROAG-still-1024x1516.jpg 1024w\" sizes=\"auto, (max-width: 1200px) 100vw, 1200px\" \/><\/a><p id=\"caption-attachment-26737\" class=\"wp-caption-text\">TROAG, lampada a sospensione, still<\/p><\/div>\n<div id=\"attachment_26736\" style=\"width: 1210px\" class=\"wp-caption alignnone\"><a href=\"https:\/\/socialdesignmagazine.com\/mag\/?attachment_id=26736#content\" rel=\"attachment wp-att-26736\"><img loading=\"lazy\" decoding=\"async\" aria-describedby=\"caption-attachment-26736\" data-attachment-id=\"26736\" data-permalink=\"https:\/\/socialdesignmagazine.com\/mag\/design\/troag-lampada-a-sospensione-luca-nichetto-per-foscarini\/attachment\/troag-sketch\/#content\" data-orig-file=\"https:\/\/socialdesignmagazine.com\/mag\/wp-content\/uploads\/2016\/02\/TROAG-sketch.jpg\" data-orig-size=\"1200,1200\" data-comments-opened=\"1\" data-image-meta=\"{&quot;aperture&quot;:&quot;0&quot;,&quot;credit&quot;:&quot;&quot;,&quot;camera&quot;:&quot;&quot;,&quot;caption&quot;:&quot;&quot;,&quot;created_timestamp&quot;:&quot;0&quot;,&quot;copyright&quot;:&quot;&quot;,&quot;focal_length&quot;:&quot;0&quot;,&quot;iso&quot;:&quot;0&quot;,&quot;shutter_speed&quot;:&quot;0&quot;,&quot;title&quot;:&quot;&quot;,&quot;orientation&quot;:&quot;0&quot;}\" data-image-title=\"TROAG, lampada a sospensione, sketch\" data-image-description=\"\" data-image-caption=\"&lt;p&gt;TROAG, lampada a sospensione, sketch&lt;\/p&gt;\n\" data-medium-file=\"https:\/\/socialdesignmagazine.com\/mag\/wp-content\/uploads\/2016\/02\/TROAG-sketch-396x256.jpg\" data-large-file=\"https:\/\/socialdesignmagazine.com\/mag\/wp-content\/uploads\/2016\/02\/TROAG-sketch-1024x1024.jpg\" class=\"size-full wp-image-26736\" src=\"https:\/\/socialdesignmagazine.com\/mag\/wp-content\/uploads\/2016\/02\/TROAG-sketch.jpg\" alt=\"TROAG, lampada a sospensione, sketch\" width=\"1200\" height=\"1200\" srcset=\"https:\/\/socialdesignmagazine.com\/mag\/wp-content\/uploads\/2016\/02\/TROAG-sketch.jpg 1200w, https:\/\/socialdesignmagazine.com\/mag\/wp-content\/uploads\/2016\/02\/TROAG-sketch-768x768.jpg 768w, https:\/\/socialdesignmagazine.com\/mag\/wp-content\/uploads\/2016\/02\/TROAG-sketch-1024x1024.jpg 1024w, https:\/\/socialdesignmagazine.com\/mag\/wp-content\/uploads\/2016\/02\/TROAG-sketch-65x65.jpg 65w\" sizes=\"auto, (max-width: 1200px) 100vw, 1200px\" \/><\/a><p id=\"caption-attachment-26736\" class=\"wp-caption-text\">TROAG, lampada a sospensione, sketch<\/p><\/div>\n<p><strong>INFORMAZIONI TECNICHE<\/strong><\/p>\n<p>Lampada a sospensione<br \/>\nMateriali:\u00a0Multistrato di legno curvato e PMMA.<\/p>\n<p>Troag grande 220 \/ 240 &#8211; 120V: fluo 1\u00d780W G5<br \/>\nTroag media 220 \/ 240 &#8211; 120V: fluo 1\u00d754W G5<br \/>\nTroag piccola 220 \/ 240 &#8211; 120V: fluo 1\u00d724W G5<\/p>\n<p>Energy class A+, A<\/p>\n<p>Colori: Nero, naturale, bianco.<\/p>\n","protected":false,"gt_translate_keys":[{"key":"rendered","format":"html"}]},"excerpt":{"rendered":"<p>TROAG, lampada a sospensione nel nome e nella forma, Troag si ispira ad una ciotola in legno della tradizione scandinava, un oggetto familiare e quotidiano.<\/p>\n","protected":false,"gt_translate_keys":[{"key":"rendered","format":"html"}]},"author":1,"featured_media":26735,"comment_status":"open","ping_status":"open","sticky":false,"template":"","format":"standard","meta":{"jetpack_post_was_ever_published":false,"_jetpack_newsletter_access":"","_jetpack_dont_email_post_to_subs":false,"_jetpack_newsletter_tier_id":0,"_jetpack_memberships_contains_paywalled_content":false,"_jetpack_memberships_contains_paid_content":false,"footnotes":"","_wpscppro_dont_share_socialmedia":false,"_wpscppro_custom_social_share_image":0,"_facebook_share_type":"","_twitter_share_type":"","_linkedin_share_type":"","_pinterest_share_type":"","_linkedin_share_type_page":"","_instagram_share_type":"","_medium_share_type":"","_threads_share_type":"","_google_business_share_type":"","_selected_social_profile":[],"_wpsp_enable_custom_social_template":false,"_wpsp_social_scheduling":{"enabled":false,"datetime":null,"platforms":[],"status":"template_only","dateOption":"today","timeOption":"now","customDays":"","customHours":"","customDate":"","customTime":"","schedulingType":"absolute"},"_wpsp_active_default_template":true},"categories":[13],"tags":[2036,2817,2873],"class_list":["post-26732","post","type-post","status-publish","format-standard","has-post-thumbnail","hentry","category-design","tag-foscarini","tag-lampada-a-sospensione","tag-luca-nichetto"],"yoast_head":"<!-- This site is optimized with the Yoast SEO plugin v27.2 - https:\/\/yoast.com\/product\/yoast-seo-wordpress\/ -->\n<title>Troag, lampada a sospensione, Luca Nichetto per Foscarini<\/title>\n<meta name=\"description\" content=\"TROAG\u00a0lampada a sospensione nel nome e nella forma, Troag si ispira ad una ciotola in legno della tradizione scandinava, un oggetto familiare\u00a0e quotidiano.\" \/>\n<meta name=\"robots\" content=\"index, follow, max-snippet:-1, max-image-preview:large, max-video-preview:-1\" \/>\n<link rel=\"canonical\" href=\"https:\/\/socialdesignmagazine.com\/mag\/design\/troag-lampada-a-sospensione-luca-nichetto-per-foscarini\/\" \/>\n<meta property=\"og:locale\" content=\"it_IT\" \/>\n<meta property=\"og:type\" content=\"article\" \/>\n<meta property=\"og:title\" content=\"Troag, lampada a sospensione, Luca Nichetto per Foscarini\" \/>\n<meta property=\"og:description\" content=\"TROAG\u00a0lampada a sospensione nel nome e nella forma, Troag si ispira ad una ciotola in legno della tradizione scandinava, un oggetto familiare\u00a0e quotidiano.\" \/>\n<meta property=\"og:url\" content=\"http:\/\/socialdesignmagazine.com\/mag\/design\/troag-lampada-a-sospensione-luca-nichetto-per-foscarini\/\" \/>\n<meta property=\"og:site_name\" content=\"Social Design Magazine\" \/>\n<meta property=\"article:publisher\" content=\"https:\/\/www.facebook.com\/socialdesignmag\" \/>\n<meta property=\"article:author\" content=\"https:\/\/www.facebook.com\/benedettofiori\" \/>\n<meta property=\"article:published_time\" content=\"2016-02-05T09:00:00+00:00\" \/>\n<meta property=\"og:image\" content=\"https:\/\/socialdesignmagazine.com\/mag\/wp-content\/uploads\/2016\/02\/TROAG-set.jpg\" \/>\n\t<meta property=\"og:image:width\" content=\"1200\" \/>\n\t<meta property=\"og:image:height\" content=\"770\" \/>\n\t<meta property=\"og:image:type\" content=\"image\/jpeg\" \/>\n<meta name=\"author\" content=\"Benedetto Fiori\" \/>\n<meta name=\"twitter:card\" content=\"summary_large_image\" \/>\n<meta name=\"twitter:creator\" content=\"@benedettofiori\" \/>\n<meta name=\"twitter:site\" content=\"@socialdesignmag\" \/>\n<meta name=\"twitter:label1\" content=\"Scritto da\" \/>\n\t<meta name=\"twitter:data1\" content=\"Benedetto Fiori\" \/>\n\t<meta name=\"twitter:label2\" content=\"Tempo di lettura stimato\" \/>\n\t<meta name=\"twitter:data2\" content=\"1 minuto\" \/>\n<script type=\"application\/ld+json\" class=\"yoast-schema-graph\">{\"@context\":\"https:\/\/schema.org\",\"@graph\":[{\"@type\":\"Article\",\"@id\":\"https:\/\/socialdesignmagazine.com\/mag\/design\/troag-lampada-a-sospensione-luca-nichetto-per-foscarini\/#article\",\"isPartOf\":{\"@id\":\"https:\/\/socialdesignmagazine.com\/mag\/design\/troag-lampada-a-sospensione-luca-nichetto-per-foscarini\/\"},\"author\":{\"name\":\"Benedetto Fiori\",\"@id\":\"https:\/\/socialdesignmagazine.com\/mag\/#\/schema\/person\/61e20205cc363c315e6aabd33a045846\"},\"headline\":\"Troag, lampada a sospensione, Luca Nichetto per Foscarini\",\"datePublished\":\"2016-02-05T09:00:00+00:00\",\"mainEntityOfPage\":{\"@id\":\"https:\/\/socialdesignmagazine.com\/mag\/design\/troag-lampada-a-sospensione-luca-nichetto-per-foscarini\/\"},\"wordCount\":257,\"commentCount\":0,\"publisher\":{\"@id\":\"https:\/\/socialdesignmagazine.com\/mag\/#organization\"},\"image\":{\"@id\":\"https:\/\/socialdesignmagazine.com\/mag\/design\/troag-lampada-a-sospensione-luca-nichetto-per-foscarini\/#primaryimage\"},\"thumbnailUrl\":\"https:\/\/socialdesignmagazine.com\/mag\/wp-content\/uploads\/2016\/02\/TROAG-set.jpg\",\"keywords\":[\"foscarini\",\"lampada a sospensione\",\"luca nichetto\"],\"articleSection\":[\"Design\"],\"inLanguage\":\"it-IT\",\"potentialAction\":[{\"@type\":\"CommentAction\",\"name\":\"Comment\",\"target\":[\"https:\/\/socialdesignmagazine.com\/mag\/design\/troag-lampada-a-sospensione-luca-nichetto-per-foscarini\/#respond\"]}]},{\"@type\":\"WebPage\",\"@id\":\"https:\/\/socialdesignmagazine.com\/mag\/design\/troag-lampada-a-sospensione-luca-nichetto-per-foscarini\/\",\"url\":\"https:\/\/socialdesignmagazine.com\/mag\/design\/troag-lampada-a-sospensione-luca-nichetto-per-foscarini\/\",\"name\":\"Troag, lampada a sospensione, Luca Nichetto per Foscarini\",\"isPartOf\":{\"@id\":\"https:\/\/socialdesignmagazine.com\/mag\/#website\"},\"primaryImageOfPage\":{\"@id\":\"https:\/\/socialdesignmagazine.com\/mag\/design\/troag-lampada-a-sospensione-luca-nichetto-per-foscarini\/#primaryimage\"},\"image\":{\"@id\":\"https:\/\/socialdesignmagazine.com\/mag\/design\/troag-lampada-a-sospensione-luca-nichetto-per-foscarini\/#primaryimage\"},\"thumbnailUrl\":\"https:\/\/socialdesignmagazine.com\/mag\/wp-content\/uploads\/2016\/02\/TROAG-set.jpg\",\"datePublished\":\"2016-02-05T09:00:00+00:00\",\"description\":\"TROAG\u00a0lampada a sospensione nel nome e nella forma, Troag si ispira ad una ciotola in legno della tradizione scandinava, un oggetto familiare\u00a0e quotidiano.\",\"breadcrumb\":{\"@id\":\"https:\/\/socialdesignmagazine.com\/mag\/design\/troag-lampada-a-sospensione-luca-nichetto-per-foscarini\/#breadcrumb\"},\"inLanguage\":\"it-IT\",\"potentialAction\":[{\"@type\":\"ReadAction\",\"target\":[\"https:\/\/socialdesignmagazine.com\/mag\/design\/troag-lampada-a-sospensione-luca-nichetto-per-foscarini\/\"]}]},{\"@type\":\"ImageObject\",\"inLanguage\":\"it-IT\",\"@id\":\"https:\/\/socialdesignmagazine.com\/mag\/design\/troag-lampada-a-sospensione-luca-nichetto-per-foscarini\/#primaryimage\",\"url\":\"https:\/\/socialdesignmagazine.com\/mag\/wp-content\/uploads\/2016\/02\/TROAG-set.jpg\",\"contentUrl\":\"https:\/\/socialdesignmagazine.com\/mag\/wp-content\/uploads\/2016\/02\/TROAG-set.jpg\",\"width\":1200,\"height\":770,\"caption\":\"TROAG, lampada a sospensione set\"},{\"@type\":\"BreadcrumbList\",\"@id\":\"https:\/\/socialdesignmagazine.com\/mag\/design\/troag-lampada-a-sospensione-luca-nichetto-per-foscarini\/#breadcrumb\",\"itemListElement\":[{\"@type\":\"ListItem\",\"position\":1,\"name\":\"Home\",\"item\":\"https:\/\/socialdesignmagazine.com\/mag\/\"},{\"@type\":\"ListItem\",\"position\":2,\"name\":\"Design\",\"item\":\"https:\/\/socialdesignmagazine.com\/mag\/design\/\"},{\"@type\":\"ListItem\",\"position\":3,\"name\":\"Troag, lampada a sospensione, Luca Nichetto per Foscarini\"}]},{\"@type\":\"WebSite\",\"@id\":\"https:\/\/socialdesignmagazine.com\/mag\/#website\",\"url\":\"https:\/\/socialdesignmagazine.com\/mag\/\",\"name\":\"Social Design Magazine\",\"description\":\"Social Magazine su Design, Architettura, Arte, Grafica\",\"publisher\":{\"@id\":\"https:\/\/socialdesignmagazine.com\/mag\/#organization\"},\"potentialAction\":[{\"@type\":\"SearchAction\",\"target\":{\"@type\":\"EntryPoint\",\"urlTemplate\":\"https:\/\/socialdesignmagazine.com\/mag\/?s={search_term_string}\"},\"query-input\":{\"@type\":\"PropertyValueSpecification\",\"valueRequired\":true,\"valueName\":\"search_term_string\"}}],\"inLanguage\":\"it-IT\"},{\"@type\":\"Organization\",\"@id\":\"https:\/\/socialdesignmagazine.com\/mag\/#organization\",\"name\":\"Social Design Magazine\",\"url\":\"https:\/\/socialdesignmagazine.com\/mag\/\",\"logo\":{\"@type\":\"ImageObject\",\"inLanguage\":\"it-IT\",\"@id\":\"https:\/\/socialdesignmagazine.com\/mag\/#\/schema\/logo\/image\/\",\"url\":\"https:\/\/socialdesignmagazine.com\/mag\/wp-content\/uploads\/2017\/01\/logo_favicon_11.png\",\"contentUrl\":\"https:\/\/socialdesignmagazine.com\/mag\/wp-content\/uploads\/2017\/01\/logo_favicon_11.png\",\"width\":1024,\"height\":1024,\"caption\":\"Social Design Magazine\"},\"image\":{\"@id\":\"https:\/\/socialdesignmagazine.com\/mag\/#\/schema\/logo\/image\/\"},\"sameAs\":[\"https:\/\/www.facebook.com\/socialdesignmag\",\"https:\/\/x.com\/socialdesignmag\",\"http:\/\/instagram.com\/social_design_magazine\/\",\"http:\/\/pinterest.com\/socialdesignmag\/\",\"http:\/\/www.youtube.com\/user\/socialdesignmagazine\"]},{\"@type\":\"Person\",\"@id\":\"https:\/\/socialdesignmagazine.com\/mag\/#\/schema\/person\/61e20205cc363c315e6aabd33a045846\",\"name\":\"Benedetto Fiori\",\"image\":{\"@type\":\"ImageObject\",\"inLanguage\":\"it-IT\",\"@id\":\"https:\/\/secure.gravatar.com\/avatar\/450a48cefa36da63d920ad70aa660bd10725b1c6093800242e5efdb397759033?s=96&d=mm&r=g\",\"url\":\"https:\/\/secure.gravatar.com\/avatar\/450a48cefa36da63d920ad70aa660bd10725b1c6093800242e5efdb397759033?s=96&d=mm&r=g\",\"contentUrl\":\"https:\/\/secure.gravatar.com\/avatar\/450a48cefa36da63d920ad70aa660bd10725b1c6093800242e5efdb397759033?s=96&d=mm&r=g\",\"caption\":\"Benedetto Fiori\"},\"description\":\"Web | Twitter | Facebook | Shutterstock Founder &amp; Editor in Chief di Social Design Magazine. Attratto da sempre da tutto ci\u00f2 che \u00e8 creativit\u00e0, design, architettura. Dopo aver studiato Architettura all'Universit\u00e0 di Firenze, si \u00e8 impegnato in molteplici campi: comunicazione grafica, progettazione di allestimenti fieristici, brand design, Interior Design.\",\"sameAs\":[\"http:\/\/benedettofiori.com\",\"https:\/\/www.facebook.com\/benedettofiori\",\"https:\/\/x.com\/benedettofiori\"],\"url\":\"https:\/\/socialdesignmagazine.com\/mag\/author\/benedetto\/\"}]}<\/script>\n<!-- \/ Yoast SEO plugin. -->","yoast_head_json":{"title":"Troag, lampada a sospensione, Luca Nichetto per Foscarini","description":"TROAG\u00a0lampada a sospensione nel nome e nella forma, Troag si ispira ad una ciotola in legno della tradizione scandinava, un oggetto familiare\u00a0e quotidiano.","robots":{"index":"index","follow":"follow","max-snippet":"max-snippet:-1","max-image-preview":"max-image-preview:large","max-video-preview":"max-video-preview:-1"},"canonical":"https:\/\/socialdesignmagazine.com\/mag\/design\/troag-lampada-a-sospensione-luca-nichetto-per-foscarini\/","og_locale":"it_IT","og_type":"article","og_title":"Troag, lampada a sospensione, Luca Nichetto per Foscarini","og_description":"TROAG\u00a0lampada a sospensione nel nome e nella forma, Troag si ispira ad una ciotola in legno della tradizione scandinava, un oggetto familiare\u00a0e quotidiano.","og_url":"http:\/\/socialdesignmagazine.com\/mag\/design\/troag-lampada-a-sospensione-luca-nichetto-per-foscarini\/","og_site_name":"Social Design Magazine","article_publisher":"https:\/\/www.facebook.com\/socialdesignmag","article_author":"https:\/\/www.facebook.com\/benedettofiori","article_published_time":"2016-02-05T09:00:00+00:00","og_image":[{"width":1200,"height":770,"url":"https:\/\/socialdesignmagazine.com\/mag\/wp-content\/uploads\/2016\/02\/TROAG-set.jpg","type":"image\/jpeg"}],"author":"Benedetto Fiori","twitter_card":"summary_large_image","twitter_creator":"@benedettofiori","twitter_site":"@socialdesignmag","twitter_misc":{"Scritto da":"Benedetto Fiori","Tempo di lettura stimato":"1 minuto"},"schema":{"@context":"https:\/\/schema.org","@graph":[{"@type":"Article","@id":"https:\/\/socialdesignmagazine.com\/mag\/design\/troag-lampada-a-sospensione-luca-nichetto-per-foscarini\/#article","isPartOf":{"@id":"https:\/\/socialdesignmagazine.com\/mag\/design\/troag-lampada-a-sospensione-luca-nichetto-per-foscarini\/"},"author":{"name":"Benedetto Fiori","@id":"https:\/\/socialdesignmagazine.com\/mag\/#\/schema\/person\/61e20205cc363c315e6aabd33a045846"},"headline":"Troag, lampada a sospensione, Luca Nichetto per Foscarini","datePublished":"2016-02-05T09:00:00+00:00","mainEntityOfPage":{"@id":"https:\/\/socialdesignmagazine.com\/mag\/design\/troag-lampada-a-sospensione-luca-nichetto-per-foscarini\/"},"wordCount":257,"commentCount":0,"publisher":{"@id":"https:\/\/socialdesignmagazine.com\/mag\/#organization"},"image":{"@id":"https:\/\/socialdesignmagazine.com\/mag\/design\/troag-lampada-a-sospensione-luca-nichetto-per-foscarini\/#primaryimage"},"thumbnailUrl":"https:\/\/socialdesignmagazine.com\/mag\/wp-content\/uploads\/2016\/02\/TROAG-set.jpg","keywords":["foscarini","lampada a sospensione","luca nichetto"],"articleSection":["Design"],"inLanguage":"it-IT","potentialAction":[{"@type":"CommentAction","name":"Comment","target":["https:\/\/socialdesignmagazine.com\/mag\/design\/troag-lampada-a-sospensione-luca-nichetto-per-foscarini\/#respond"]}]},{"@type":"WebPage","@id":"https:\/\/socialdesignmagazine.com\/mag\/design\/troag-lampada-a-sospensione-luca-nichetto-per-foscarini\/","url":"https:\/\/socialdesignmagazine.com\/mag\/design\/troag-lampada-a-sospensione-luca-nichetto-per-foscarini\/","name":"Troag, lampada a sospensione, Luca Nichetto per Foscarini","isPartOf":{"@id":"https:\/\/socialdesignmagazine.com\/mag\/#website"},"primaryImageOfPage":{"@id":"https:\/\/socialdesignmagazine.com\/mag\/design\/troag-lampada-a-sospensione-luca-nichetto-per-foscarini\/#primaryimage"},"image":{"@id":"https:\/\/socialdesignmagazine.com\/mag\/design\/troag-lampada-a-sospensione-luca-nichetto-per-foscarini\/#primaryimage"},"thumbnailUrl":"https:\/\/socialdesignmagazine.com\/mag\/wp-content\/uploads\/2016\/02\/TROAG-set.jpg","datePublished":"2016-02-05T09:00:00+00:00","description":"TROAG\u00a0lampada a sospensione nel nome e nella forma, Troag si ispira ad una ciotola in legno della tradizione scandinava, un oggetto familiare\u00a0e quotidiano.","breadcrumb":{"@id":"https:\/\/socialdesignmagazine.com\/mag\/design\/troag-lampada-a-sospensione-luca-nichetto-per-foscarini\/#breadcrumb"},"inLanguage":"it-IT","potentialAction":[{"@type":"ReadAction","target":["https:\/\/socialdesignmagazine.com\/mag\/design\/troag-lampada-a-sospensione-luca-nichetto-per-foscarini\/"]}]},{"@type":"ImageObject","inLanguage":"it-IT","@id":"https:\/\/socialdesignmagazine.com\/mag\/design\/troag-lampada-a-sospensione-luca-nichetto-per-foscarini\/#primaryimage","url":"https:\/\/socialdesignmagazine.com\/mag\/wp-content\/uploads\/2016\/02\/TROAG-set.jpg","contentUrl":"https:\/\/socialdesignmagazine.com\/mag\/wp-content\/uploads\/2016\/02\/TROAG-set.jpg","width":1200,"height":770,"caption":"TROAG, lampada a sospensione set"},{"@type":"BreadcrumbList","@id":"https:\/\/socialdesignmagazine.com\/mag\/design\/troag-lampada-a-sospensione-luca-nichetto-per-foscarini\/#breadcrumb","itemListElement":[{"@type":"ListItem","position":1,"name":"Home","item":"https:\/\/socialdesignmagazine.com\/mag\/"},{"@type":"ListItem","position":2,"name":"Design","item":"https:\/\/socialdesignmagazine.com\/mag\/design\/"},{"@type":"ListItem","position":3,"name":"Troag, lampada a sospensione, Luca Nichetto per Foscarini"}]},{"@type":"WebSite","@id":"https:\/\/socialdesignmagazine.com\/mag\/#website","url":"https:\/\/socialdesignmagazine.com\/mag\/","name":"Social Design Magazine","description":"Social Magazine su Design, Architettura, Arte, Grafica","publisher":{"@id":"https:\/\/socialdesignmagazine.com\/mag\/#organization"},"potentialAction":[{"@type":"SearchAction","target":{"@type":"EntryPoint","urlTemplate":"https:\/\/socialdesignmagazine.com\/mag\/?s={search_term_string}"},"query-input":{"@type":"PropertyValueSpecification","valueRequired":true,"valueName":"search_term_string"}}],"inLanguage":"it-IT"},{"@type":"Organization","@id":"https:\/\/socialdesignmagazine.com\/mag\/#organization","name":"Social Design Magazine","url":"https:\/\/socialdesignmagazine.com\/mag\/","logo":{"@type":"ImageObject","inLanguage":"it-IT","@id":"https:\/\/socialdesignmagazine.com\/mag\/#\/schema\/logo\/image\/","url":"https:\/\/socialdesignmagazine.com\/mag\/wp-content\/uploads\/2017\/01\/logo_favicon_11.png","contentUrl":"https:\/\/socialdesignmagazine.com\/mag\/wp-content\/uploads\/2017\/01\/logo_favicon_11.png","width":1024,"height":1024,"caption":"Social Design Magazine"},"image":{"@id":"https:\/\/socialdesignmagazine.com\/mag\/#\/schema\/logo\/image\/"},"sameAs":["https:\/\/www.facebook.com\/socialdesignmag","https:\/\/x.com\/socialdesignmag","http:\/\/instagram.com\/social_design_magazine\/","http:\/\/pinterest.com\/socialdesignmag\/","http:\/\/www.youtube.com\/user\/socialdesignmagazine"]},{"@type":"Person","@id":"https:\/\/socialdesignmagazine.com\/mag\/#\/schema\/person\/61e20205cc363c315e6aabd33a045846","name":"Benedetto Fiori","image":{"@type":"ImageObject","inLanguage":"it-IT","@id":"https:\/\/secure.gravatar.com\/avatar\/450a48cefa36da63d920ad70aa660bd10725b1c6093800242e5efdb397759033?s=96&d=mm&r=g","url":"https:\/\/secure.gravatar.com\/avatar\/450a48cefa36da63d920ad70aa660bd10725b1c6093800242e5efdb397759033?s=96&d=mm&r=g","contentUrl":"https:\/\/secure.gravatar.com\/avatar\/450a48cefa36da63d920ad70aa660bd10725b1c6093800242e5efdb397759033?s=96&d=mm&r=g","caption":"Benedetto Fiori"},"description":"Web | Twitter | Facebook | Shutterstock Founder &amp; Editor in Chief di Social Design Magazine. Attratto da sempre da tutto ci\u00f2 che \u00e8 creativit\u00e0, design, architettura. Dopo aver studiato Architettura all'Universit\u00e0 di Firenze, si \u00e8 impegnato in molteplici campi: comunicazione grafica, progettazione di allestimenti fieristici, brand design, Interior Design.","sameAs":["http:\/\/benedettofiori.com","https:\/\/www.facebook.com\/benedettofiori","https:\/\/x.com\/benedettofiori"],"url":"https:\/\/socialdesignmagazine.com\/mag\/author\/benedetto\/"}]}},"jetpack_featured_media_url":"https:\/\/socialdesignmagazine.com\/mag\/wp-content\/uploads\/2016\/02\/TROAG-set.jpg","jetpack_sharing_enabled":true,"jetpack_shortlink":"https:\/\/wp.me\/p6cV7V-6Xa","gt_translate_keys":[{"key":"link","format":"url"}],"_links":{"self":[{"href":"https:\/\/socialdesignmagazine.com\/mag\/wp-json\/wp\/v2\/posts\/26732","targetHints":{"allow":["GET"]}}],"collection":[{"href":"https:\/\/socialdesignmagazine.com\/mag\/wp-json\/wp\/v2\/posts"}],"about":[{"href":"https:\/\/socialdesignmagazine.com\/mag\/wp-json\/wp\/v2\/types\/post"}],"author":[{"embeddable":true,"href":"https:\/\/socialdesignmagazine.com\/mag\/wp-json\/wp\/v2\/users\/1"}],"replies":[{"embeddable":true,"href":"https:\/\/socialdesignmagazine.com\/mag\/wp-json\/wp\/v2\/comments?post=26732"}],"version-history":[{"count":3,"href":"https:\/\/socialdesignmagazine.com\/mag\/wp-json\/wp\/v2\/posts\/26732\/revisions"}],"predecessor-version":[{"id":26739,"href":"https:\/\/socialdesignmagazine.com\/mag\/wp-json\/wp\/v2\/posts\/26732\/revisions\/26739"}],"wp:featuredmedia":[{"embeddable":true,"href":"https:\/\/socialdesignmagazine.com\/mag\/wp-json\/wp\/v2\/media\/26735"}],"wp:attachment":[{"href":"https:\/\/socialdesignmagazine.com\/mag\/wp-json\/wp\/v2\/media?parent=26732"}],"wp:term":[{"taxonomy":"category","embeddable":true,"href":"https:\/\/socialdesignmagazine.com\/mag\/wp-json\/wp\/v2\/categories?post=26732"},{"taxonomy":"post_tag","embeddable":true,"href":"https:\/\/socialdesignmagazine.com\/mag\/wp-json\/wp\/v2\/tags?post=26732"}],"curies":[{"name":"wp","href":"https:\/\/api.w.org\/{rel}","templated":true}]}}