{"id":26740,"date":"2016-02-10T16:00:00","date_gmt":"2016-02-10T15:00:00","guid":{"rendered":"https:\/\/socialdesignmagazine.com\/mag\/?p=26740"},"modified":"2016-02-10T12:16:20","modified_gmt":"2016-02-10T11:16:20","slug":"tartan-lampada-in-vetro-soffiato-design-ludovica-e-roberto-palomba","status":"publish","type":"post","link":"https:\/\/socialdesignmagazine.com\/mag\/design\/tartan-lampada-in-vetro-soffiato-design-ludovica-e-roberto-palomba\/","title":{"rendered":"TARTAN lampada in vetro soffiato, design: Ludovica e Roberto Palomba","gt_translate_keys":[{"key":"rendered","format":"text"}]},"content":{"rendered":"<h2>TARTAN lampada in vetro soffiato disegnata da\u00a0Ludovica e Roberto Palomba ispirandosi\u00a0all\u2019inconfondibile disegno dei tessuti di lana dei kilt scozzesi, un incrocio perpendicolare di linee che\u00a0genera motivi geometrici sempre diversi.<\/h2>\n<p>Partendo da questa ispirazione, Ludovica e Roberto Palomba hanno\u00a0creato insieme a <a rel=\"nofollow\" href=\"http:\/\/foscarini.com\">Foscarini<\/a> un\u2019ulteriore variazione sul tema della lampada in vetro soffiato, proseguendo un\u00a0percorso iniziato nel 1998 con il modello Dom e continuato con la famiglia delle lampade Rituals.<\/p>\n<p>Nella lampada a sospensione Tartan, realizzata con la tecnica della soffiatura a bocca all\u2019interno di uno stampo\u00a0con particolari incisioni, il diffusore si arricchisce di linee e pieghe, generando un gioco grafico fatto di luci ed\u00a0ombre. L\u2019acidatura della superficie vetrosa offre inoltre una sensazione di morbidezza materica che richiama il\u00a0tessuto.<\/p>\n<p>Ricca di personalit\u00e0, Tartan diffonde una luminosit\u00e0 calda e soffusa nell\u2019ambiente, filtrata dal vetro opacizzato,\u00a0e garantisce una buona illuminaziore diretta verso il basso.<\/p>\n<div id=\"attachment_26742\" style=\"width: 1210px\" class=\"wp-caption alignnone\"><a href=\"https:\/\/socialdesignmagazine.com\/mag\/?attachment_id=26742#content\" rel=\"attachment wp-att-26742\"><img loading=\"lazy\" decoding=\"async\" aria-describedby=\"caption-attachment-26742\" data-attachment-id=\"26742\" data-permalink=\"https:\/\/socialdesignmagazine.com\/mag\/design\/tartan-lampada-in-vetro-soffiato-design-ludovica-e-roberto-palomba\/attachment\/tartan-lampada-in-vetro-soffiato-set\/#content\" data-orig-file=\"https:\/\/socialdesignmagazine.com\/mag\/wp-content\/uploads\/2016\/02\/Tartan-lampada-in-vetro-soffiato-set.jpg\" data-orig-size=\"1200,1600\" data-comments-opened=\"1\" data-image-meta=\"{&quot;aperture&quot;:&quot;0&quot;,&quot;credit&quot;:&quot;&quot;,&quot;camera&quot;:&quot;&quot;,&quot;caption&quot;:&quot;&quot;,&quot;created_timestamp&quot;:&quot;0&quot;,&quot;copyright&quot;:&quot;&quot;,&quot;focal_length&quot;:&quot;0&quot;,&quot;iso&quot;:&quot;0&quot;,&quot;shutter_speed&quot;:&quot;0&quot;,&quot;title&quot;:&quot;&quot;,&quot;orientation&quot;:&quot;0&quot;}\" data-image-title=\"Tartan lampada in vetro soffiato set\" data-image-description=\"\" data-image-caption=\"&lt;p&gt;Tartan lampada in vetro soffiato set&lt;\/p&gt;\n\" data-medium-file=\"https:\/\/socialdesignmagazine.com\/mag\/wp-content\/uploads\/2016\/02\/Tartan-lampada-in-vetro-soffiato-set-396x256.jpg\" data-large-file=\"https:\/\/socialdesignmagazine.com\/mag\/wp-content\/uploads\/2016\/02\/Tartan-lampada-in-vetro-soffiato-set-1024x1365.jpg\" class=\"size-full wp-image-26742\" src=\"https:\/\/socialdesignmagazine.com\/mag\/wp-content\/uploads\/2016\/02\/Tartan-lampada-in-vetro-soffiato-set.jpg\" alt=\"Tartan lampada in vetro soffiato set\" width=\"1200\" height=\"1600\" srcset=\"https:\/\/socialdesignmagazine.com\/mag\/wp-content\/uploads\/2016\/02\/Tartan-lampada-in-vetro-soffiato-set.jpg 1200w, https:\/\/socialdesignmagazine.com\/mag\/wp-content\/uploads\/2016\/02\/Tartan-lampada-in-vetro-soffiato-set-768x1024.jpg 768w, https:\/\/socialdesignmagazine.com\/mag\/wp-content\/uploads\/2016\/02\/Tartan-lampada-in-vetro-soffiato-set-1024x1365.jpg 1024w\" sizes=\"auto, (max-width: 1200px) 100vw, 1200px\" \/><\/a><p id=\"caption-attachment-26742\" class=\"wp-caption-text\">Tartan lampada in vetro soffiato set<\/p><\/div>\n<div id=\"attachment_26746\" style=\"width: 1210px\" class=\"wp-caption alignnone\"><a href=\"https:\/\/socialdesignmagazine.com\/mag\/?attachment_id=26746#content\" rel=\"attachment wp-att-26746\"><img loading=\"lazy\" decoding=\"async\" aria-describedby=\"caption-attachment-26746\" data-attachment-id=\"26746\" data-permalink=\"https:\/\/socialdesignmagazine.com\/mag\/design\/tartan-lampada-in-vetro-soffiato-design-ludovica-e-roberto-palomba\/attachment\/tartan-lampada-in-vetro-soffiato-still\/#content\" data-orig-file=\"https:\/\/socialdesignmagazine.com\/mag\/wp-content\/uploads\/2016\/02\/Tartan-lampada-in-vetro-soffiato-still.jpg\" data-orig-size=\"1200,1612\" data-comments-opened=\"1\" data-image-meta=\"{&quot;aperture&quot;:&quot;0&quot;,&quot;credit&quot;:&quot;&quot;,&quot;camera&quot;:&quot;&quot;,&quot;caption&quot;:&quot;&quot;,&quot;created_timestamp&quot;:&quot;0&quot;,&quot;copyright&quot;:&quot;&quot;,&quot;focal_length&quot;:&quot;0&quot;,&quot;iso&quot;:&quot;0&quot;,&quot;shutter_speed&quot;:&quot;0&quot;,&quot;title&quot;:&quot;&quot;,&quot;orientation&quot;:&quot;0&quot;}\" data-image-title=\"Tartan lampada in vetro soffiato still\" data-image-description=\"\" data-image-caption=\"&lt;p&gt;Tartan lampada in vetro soffiato still&lt;\/p&gt;\n\" data-medium-file=\"https:\/\/socialdesignmagazine.com\/mag\/wp-content\/uploads\/2016\/02\/Tartan-lampada-in-vetro-soffiato-still-396x256.jpg\" data-large-file=\"https:\/\/socialdesignmagazine.com\/mag\/wp-content\/uploads\/2016\/02\/Tartan-lampada-in-vetro-soffiato-still-1024x1376.jpg\" class=\"size-full wp-image-26746\" src=\"https:\/\/socialdesignmagazine.com\/mag\/wp-content\/uploads\/2016\/02\/Tartan-lampada-in-vetro-soffiato-still.jpg\" alt=\"Tartan lampada in vetro soffiato still\" width=\"1200\" height=\"1612\" srcset=\"https:\/\/socialdesignmagazine.com\/mag\/wp-content\/uploads\/2016\/02\/Tartan-lampada-in-vetro-soffiato-still.jpg 1200w, https:\/\/socialdesignmagazine.com\/mag\/wp-content\/uploads\/2016\/02\/Tartan-lampada-in-vetro-soffiato-still-768x1032.jpg 768w, https:\/\/socialdesignmagazine.com\/mag\/wp-content\/uploads\/2016\/02\/Tartan-lampada-in-vetro-soffiato-still-1024x1376.jpg 1024w\" sizes=\"auto, (max-width: 1200px) 100vw, 1200px\" \/><\/a><p id=\"caption-attachment-26746\" class=\"wp-caption-text\">Tartan lampada in vetro soffiato still<\/p><\/div>\n<div id=\"attachment_26741\" style=\"width: 1210px\" class=\"wp-caption alignnone\"><a href=\"https:\/\/socialdesignmagazine.com\/mag\/?attachment_id=26741#content\" rel=\"attachment wp-att-26741\"><img loading=\"lazy\" decoding=\"async\" aria-describedby=\"caption-attachment-26741\" data-attachment-id=\"26741\" data-permalink=\"https:\/\/socialdesignmagazine.com\/mag\/design\/tartan-lampada-in-vetro-soffiato-design-ludovica-e-roberto-palomba\/attachment\/tartan-lampada-in-vetro-soffiato-detail\/#content\" data-orig-file=\"https:\/\/socialdesignmagazine.com\/mag\/wp-content\/uploads\/2016\/02\/Tartan-lampada-in-vetro-soffiato-detail.jpg\" data-orig-size=\"1200,1418\" data-comments-opened=\"1\" data-image-meta=\"{&quot;aperture&quot;:&quot;0&quot;,&quot;credit&quot;:&quot;&quot;,&quot;camera&quot;:&quot;&quot;,&quot;caption&quot;:&quot;&quot;,&quot;created_timestamp&quot;:&quot;0&quot;,&quot;copyright&quot;:&quot;&quot;,&quot;focal_length&quot;:&quot;0&quot;,&quot;iso&quot;:&quot;0&quot;,&quot;shutter_speed&quot;:&quot;0&quot;,&quot;title&quot;:&quot;&quot;,&quot;orientation&quot;:&quot;0&quot;}\" data-image-title=\"Tartan lampada in vetro soffiato detail\" data-image-description=\"\" data-image-caption=\"&lt;p&gt;Tartan lampada in vetro soffiato detail&lt;\/p&gt;\n\" data-medium-file=\"https:\/\/socialdesignmagazine.com\/mag\/wp-content\/uploads\/2016\/02\/Tartan-lampada-in-vetro-soffiato-detail-396x256.jpg\" data-large-file=\"https:\/\/socialdesignmagazine.com\/mag\/wp-content\/uploads\/2016\/02\/Tartan-lampada-in-vetro-soffiato-detail-1024x1210.jpg\" class=\"size-full wp-image-26741\" src=\"https:\/\/socialdesignmagazine.com\/mag\/wp-content\/uploads\/2016\/02\/Tartan-lampada-in-vetro-soffiato-detail.jpg\" alt=\"Tartan lampada in vetro soffiato detail\" width=\"1200\" height=\"1418\" srcset=\"https:\/\/socialdesignmagazine.com\/mag\/wp-content\/uploads\/2016\/02\/Tartan-lampada-in-vetro-soffiato-detail.jpg 1200w, https:\/\/socialdesignmagazine.com\/mag\/wp-content\/uploads\/2016\/02\/Tartan-lampada-in-vetro-soffiato-detail-768x908.jpg 768w, https:\/\/socialdesignmagazine.com\/mag\/wp-content\/uploads\/2016\/02\/Tartan-lampada-in-vetro-soffiato-detail-1024x1210.jpg 1024w\" sizes=\"auto, (max-width: 1200px) 100vw, 1200px\" \/><\/a><p id=\"caption-attachment-26741\" class=\"wp-caption-text\">Tartan lampada in vetro soffiato detail<\/p><\/div>\n<div id=\"attachment_26744\" style=\"width: 1210px\" class=\"wp-caption alignnone\"><a href=\"https:\/\/socialdesignmagazine.com\/mag\/?attachment_id=26744#content\" rel=\"attachment wp-att-26744\"><img loading=\"lazy\" decoding=\"async\" aria-describedby=\"caption-attachment-26744\" data-attachment-id=\"26744\" data-permalink=\"https:\/\/socialdesignmagazine.com\/mag\/design\/tartan-lampada-in-vetro-soffiato-design-ludovica-e-roberto-palomba\/attachment\/tartan-lampada-in-vetro-soffiato-sketch-b\/#content\" data-orig-file=\"https:\/\/socialdesignmagazine.com\/mag\/wp-content\/uploads\/2016\/02\/Tartan-lampada-in-vetro-soffiato-sketch-b.jpg\" data-orig-size=\"1200,1605\" data-comments-opened=\"1\" data-image-meta=\"{&quot;aperture&quot;:&quot;0&quot;,&quot;credit&quot;:&quot;&quot;,&quot;camera&quot;:&quot;&quot;,&quot;caption&quot;:&quot;&quot;,&quot;created_timestamp&quot;:&quot;0&quot;,&quot;copyright&quot;:&quot;&quot;,&quot;focal_length&quot;:&quot;0&quot;,&quot;iso&quot;:&quot;0&quot;,&quot;shutter_speed&quot;:&quot;0&quot;,&quot;title&quot;:&quot;&quot;,&quot;orientation&quot;:&quot;0&quot;}\" data-image-title=\"Tartan lampada in vetro soffiato sketch b\" data-image-description=\"\" data-image-caption=\"&lt;p&gt;Tartan lampada in vetro soffiato sketch b&lt;\/p&gt;\n\" data-medium-file=\"https:\/\/socialdesignmagazine.com\/mag\/wp-content\/uploads\/2016\/02\/Tartan-lampada-in-vetro-soffiato-sketch-b-396x256.jpg\" data-large-file=\"https:\/\/socialdesignmagazine.com\/mag\/wp-content\/uploads\/2016\/02\/Tartan-lampada-in-vetro-soffiato-sketch-b-1024x1370.jpg\" class=\"wp-image-26744 size-full\" src=\"https:\/\/socialdesignmagazine.com\/mag\/wp-content\/uploads\/2016\/02\/Tartan-lampada-in-vetro-soffiato-sketch-b.jpg\" alt=\"Tartan lampada in vetro soffiato sketch b\" width=\"1200\" height=\"1605\" srcset=\"https:\/\/socialdesignmagazine.com\/mag\/wp-content\/uploads\/2016\/02\/Tartan-lampada-in-vetro-soffiato-sketch-b.jpg 1200w, https:\/\/socialdesignmagazine.com\/mag\/wp-content\/uploads\/2016\/02\/Tartan-lampada-in-vetro-soffiato-sketch-b-768x1027.jpg 768w, https:\/\/socialdesignmagazine.com\/mag\/wp-content\/uploads\/2016\/02\/Tartan-lampada-in-vetro-soffiato-sketch-b-1024x1370.jpg 1024w\" sizes=\"auto, (max-width: 1200px) 100vw, 1200px\" \/><\/a><p id=\"caption-attachment-26744\" class=\"wp-caption-text\">Tartan sketch b<\/p><\/div>\n<div id=\"attachment_26743\" style=\"width: 1210px\" class=\"wp-caption alignnone\"><a href=\"https:\/\/socialdesignmagazine.com\/mag\/?attachment_id=26743#content\" rel=\"attachment wp-att-26743\"><img loading=\"lazy\" decoding=\"async\" aria-describedby=\"caption-attachment-26743\" data-attachment-id=\"26743\" data-permalink=\"https:\/\/socialdesignmagazine.com\/mag\/design\/tartan-lampada-in-vetro-soffiato-design-ludovica-e-roberto-palomba\/attachment\/tartan-lampada-in-vetro-soffiato-sketch\/#content\" data-orig-file=\"https:\/\/socialdesignmagazine.com\/mag\/wp-content\/uploads\/2016\/02\/Tartan-lampada-in-vetro-soffiato-sketch-.jpg\" data-orig-size=\"1200,1757\" data-comments-opened=\"1\" data-image-meta=\"{&quot;aperture&quot;:&quot;0&quot;,&quot;credit&quot;:&quot;&quot;,&quot;camera&quot;:&quot;&quot;,&quot;caption&quot;:&quot;&quot;,&quot;created_timestamp&quot;:&quot;0&quot;,&quot;copyright&quot;:&quot;&quot;,&quot;focal_length&quot;:&quot;0&quot;,&quot;iso&quot;:&quot;0&quot;,&quot;shutter_speed&quot;:&quot;0&quot;,&quot;title&quot;:&quot;&quot;,&quot;orientation&quot;:&quot;0&quot;}\" data-image-title=\"Tartan lampada in vetro soffiato sketch\" data-image-description=\"\" data-image-caption=\"&lt;p&gt;Tartan lampada in vetro soffiato sketch&lt;\/p&gt;\n\" data-medium-file=\"https:\/\/socialdesignmagazine.com\/mag\/wp-content\/uploads\/2016\/02\/Tartan-lampada-in-vetro-soffiato-sketch--396x256.jpg\" data-large-file=\"https:\/\/socialdesignmagazine.com\/mag\/wp-content\/uploads\/2016\/02\/Tartan-lampada-in-vetro-soffiato-sketch--1024x1499.jpg\" class=\"wp-image-26743 size-full\" src=\"https:\/\/socialdesignmagazine.com\/mag\/wp-content\/uploads\/2016\/02\/Tartan-lampada-in-vetro-soffiato-sketch-.jpg\" alt=\"Tartan lampada in vetro soffiato sketch\" width=\"1200\" height=\"1757\" srcset=\"https:\/\/socialdesignmagazine.com\/mag\/wp-content\/uploads\/2016\/02\/Tartan-lampada-in-vetro-soffiato-sketch-.jpg 1200w, https:\/\/socialdesignmagazine.com\/mag\/wp-content\/uploads\/2016\/02\/Tartan-lampada-in-vetro-soffiato-sketch--768x1124.jpg 768w, https:\/\/socialdesignmagazine.com\/mag\/wp-content\/uploads\/2016\/02\/Tartan-lampada-in-vetro-soffiato-sketch--1024x1499.jpg 1024w\" sizes=\"auto, (max-width: 1200px) 100vw, 1200px\" \/><\/a><p id=\"caption-attachment-26743\" class=\"wp-caption-text\">Tartan sketch<\/p><\/div>\n<p><strong>INFORMAZIONI TECNICHE<\/strong><\/p>\n<p>Lampada da tavolo<br \/>\nMateriale: Vetro soffiato in rilievo e acidato<br \/>\nColori: bianco<\/p>\n<p>Dimensioni:<\/p>\n<p>Diametro 40 cm \u2013 15 \u00be\u201d<br \/>\nH 35 cm \u2013 13 \u00be\u201d<\/p>\n","protected":false,"gt_translate_keys":[{"key":"rendered","format":"html"}]},"excerpt":{"rendered":"<p>TARTAN lampada in vetro soffiato disegnata da Ludovica e Roberto Palomba ispirandosi all\u2019inconfondibile disegno dei tessuti di lana dei kilt scozzesi, un incrocio perpendicolare di linee che genera motivi geometrici sempre diversi.<\/p>\n","protected":false,"gt_translate_keys":[{"key":"rendered","format":"html"}]},"author":1,"featured_media":26745,"comment_status":"open","ping_status":"open","sticky":false,"template":"","format":"standard","meta":{"jetpack_post_was_ever_published":false,"_jetpack_newsletter_access":"","_jetpack_dont_email_post_to_subs":false,"_jetpack_newsletter_tier_id":0,"_jetpack_memberships_contains_paywalled_content":false,"_jetpack_memberships_contains_paid_content":false,"footnotes":"","_wpscppro_dont_share_socialmedia":false,"_wpscppro_custom_social_share_image":0,"_facebook_share_type":"","_twitter_share_type":"","_linkedin_share_type":"","_pinterest_share_type":"","_linkedin_share_type_page":"","_instagram_share_type":"","_medium_share_type":"","_threads_share_type":"","_google_business_share_type":"","_selected_social_profile":[],"_wpsp_enable_custom_social_template":false,"_wpsp_social_scheduling":{"enabled":false,"datetime":null,"platforms":[],"status":"template_only","dateOption":"today","timeOption":"now","customDays":"","customHours":"","customDate":"","customTime":"","schedulingType":"absolute"},"_wpsp_active_default_template":true},"categories":[13],"tags":[2036,2817,2038,4632],"class_list":["post-26740","post","type-post","status-publish","format-standard","has-post-thumbnail","hentry","category-design","tag-foscarini","tag-lampada-a-sospensione","tag-ludovica-roberto-palomba","tag-vetro-soffiato"],"yoast_head":"<!-- This site is optimized with the Yoast SEO plugin v27.2 - https:\/\/yoast.com\/product\/yoast-seo-wordpress\/ -->\n<title>TARTAN lampada in vetro soffiato<\/title>\n<meta name=\"description\" content=\"TARTAN lampada in vetro soffiato disegnata da\u00a0Ludovica e Roberto Palomba ispirandosi\u00a0all\u2019inconfondibile disegno dei tessuti di lana dei kilt scozzesi.\" \/>\n<meta name=\"robots\" content=\"index, follow, max-snippet:-1, max-image-preview:large, max-video-preview:-1\" \/>\n<link rel=\"canonical\" href=\"https:\/\/socialdesignmagazine.com\/mag\/design\/tartan-lampada-in-vetro-soffiato-design-ludovica-e-roberto-palomba\/\" \/>\n<meta property=\"og:locale\" content=\"it_IT\" \/>\n<meta property=\"og:type\" content=\"article\" \/>\n<meta property=\"og:title\" content=\"TARTAN lampada in vetro soffiato\" \/>\n<meta property=\"og:description\" content=\"TARTAN lampada in vetro soffiato disegnata da\u00a0Ludovica e Roberto Palomba ispirandosi\u00a0all\u2019inconfondibile disegno dei tessuti di lana dei kilt scozzesi.\" \/>\n<meta property=\"og:url\" content=\"http:\/\/socialdesignmagazine.com\/mag\/design\/tartan-lampada-in-vetro-soffiato-design-ludovica-e-roberto-palomba\/\" \/>\n<meta property=\"og:site_name\" content=\"Social Design Magazine\" \/>\n<meta property=\"article:publisher\" content=\"https:\/\/www.facebook.com\/socialdesignmag\" \/>\n<meta property=\"article:author\" content=\"https:\/\/www.facebook.com\/benedettofiori\" \/>\n<meta property=\"article:published_time\" content=\"2016-02-10T15:00:00+00:00\" \/>\n<meta property=\"og:image\" content=\"https:\/\/socialdesignmagazine.com\/mag\/wp-content\/uploads\/2016\/02\/Tartan-lampada-in-vetro-soffiato-still-2.jpg\" \/>\n\t<meta property=\"og:image:width\" content=\"1200\" \/>\n\t<meta property=\"og:image:height\" content=\"1012\" \/>\n\t<meta property=\"og:image:type\" content=\"image\/jpeg\" \/>\n<meta name=\"author\" content=\"Benedetto Fiori\" \/>\n<meta name=\"twitter:card\" content=\"summary_large_image\" \/>\n<meta name=\"twitter:creator\" content=\"@benedettofiori\" \/>\n<meta name=\"twitter:site\" content=\"@socialdesignmag\" \/>\n<meta name=\"twitter:label1\" content=\"Scritto da\" \/>\n\t<meta name=\"twitter:data1\" content=\"Benedetto Fiori\" \/>\n\t<meta name=\"twitter:label2\" content=\"Tempo di lettura stimato\" \/>\n\t<meta name=\"twitter:data2\" content=\"1 minuto\" \/>\n<script type=\"application\/ld+json\" class=\"yoast-schema-graph\">{\"@context\":\"https:\/\/schema.org\",\"@graph\":[{\"@type\":\"Article\",\"@id\":\"https:\/\/socialdesignmagazine.com\/mag\/design\/tartan-lampada-in-vetro-soffiato-design-ludovica-e-roberto-palomba\/#article\",\"isPartOf\":{\"@id\":\"https:\/\/socialdesignmagazine.com\/mag\/design\/tartan-lampada-in-vetro-soffiato-design-ludovica-e-roberto-palomba\/\"},\"author\":{\"name\":\"Benedetto Fiori\",\"@id\":\"https:\/\/socialdesignmagazine.com\/mag\/#\/schema\/person\/61e20205cc363c315e6aabd33a045846\"},\"headline\":\"TARTAN lampada in vetro soffiato, design: Ludovica e Roberto Palomba\",\"datePublished\":\"2016-02-10T15:00:00+00:00\",\"mainEntityOfPage\":{\"@id\":\"https:\/\/socialdesignmagazine.com\/mag\/design\/tartan-lampada-in-vetro-soffiato-design-ludovica-e-roberto-palomba\/\"},\"wordCount\":239,\"commentCount\":1,\"publisher\":{\"@id\":\"https:\/\/socialdesignmagazine.com\/mag\/#organization\"},\"image\":{\"@id\":\"https:\/\/socialdesignmagazine.com\/mag\/design\/tartan-lampada-in-vetro-soffiato-design-ludovica-e-roberto-palomba\/#primaryimage\"},\"thumbnailUrl\":\"https:\/\/socialdesignmagazine.com\/mag\/wp-content\/uploads\/2016\/02\/Tartan-lampada-in-vetro-soffiato-still-2.jpg\",\"keywords\":[\"foscarini\",\"lampada a sospensione\",\"ludovica roberto palomba\",\"vetro soffiato\"],\"articleSection\":[\"Design\"],\"inLanguage\":\"it-IT\",\"potentialAction\":[{\"@type\":\"CommentAction\",\"name\":\"Comment\",\"target\":[\"https:\/\/socialdesignmagazine.com\/mag\/design\/tartan-lampada-in-vetro-soffiato-design-ludovica-e-roberto-palomba\/#respond\"]}]},{\"@type\":\"WebPage\",\"@id\":\"https:\/\/socialdesignmagazine.com\/mag\/design\/tartan-lampada-in-vetro-soffiato-design-ludovica-e-roberto-palomba\/\",\"url\":\"https:\/\/socialdesignmagazine.com\/mag\/design\/tartan-lampada-in-vetro-soffiato-design-ludovica-e-roberto-palomba\/\",\"name\":\"TARTAN lampada in vetro soffiato\",\"isPartOf\":{\"@id\":\"https:\/\/socialdesignmagazine.com\/mag\/#website\"},\"primaryImageOfPage\":{\"@id\":\"https:\/\/socialdesignmagazine.com\/mag\/design\/tartan-lampada-in-vetro-soffiato-design-ludovica-e-roberto-palomba\/#primaryimage\"},\"image\":{\"@id\":\"https:\/\/socialdesignmagazine.com\/mag\/design\/tartan-lampada-in-vetro-soffiato-design-ludovica-e-roberto-palomba\/#primaryimage\"},\"thumbnailUrl\":\"https:\/\/socialdesignmagazine.com\/mag\/wp-content\/uploads\/2016\/02\/Tartan-lampada-in-vetro-soffiato-still-2.jpg\",\"datePublished\":\"2016-02-10T15:00:00+00:00\",\"description\":\"TARTAN lampada in vetro soffiato disegnata da\u00a0Ludovica e Roberto Palomba ispirandosi\u00a0all\u2019inconfondibile disegno dei tessuti di lana dei kilt scozzesi.\",\"breadcrumb\":{\"@id\":\"https:\/\/socialdesignmagazine.com\/mag\/design\/tartan-lampada-in-vetro-soffiato-design-ludovica-e-roberto-palomba\/#breadcrumb\"},\"inLanguage\":\"it-IT\",\"potentialAction\":[{\"@type\":\"ReadAction\",\"target\":[\"https:\/\/socialdesignmagazine.com\/mag\/design\/tartan-lampada-in-vetro-soffiato-design-ludovica-e-roberto-palomba\/\"]}]},{\"@type\":\"ImageObject\",\"inLanguage\":\"it-IT\",\"@id\":\"https:\/\/socialdesignmagazine.com\/mag\/design\/tartan-lampada-in-vetro-soffiato-design-ludovica-e-roberto-palomba\/#primaryimage\",\"url\":\"https:\/\/socialdesignmagazine.com\/mag\/wp-content\/uploads\/2016\/02\/Tartan-lampada-in-vetro-soffiato-still-2.jpg\",\"contentUrl\":\"https:\/\/socialdesignmagazine.com\/mag\/wp-content\/uploads\/2016\/02\/Tartan-lampada-in-vetro-soffiato-still-2.jpg\",\"width\":1200,\"height\":1012,\"caption\":\"Tartan lampada in vetro soffiato still 2\"},{\"@type\":\"BreadcrumbList\",\"@id\":\"https:\/\/socialdesignmagazine.com\/mag\/design\/tartan-lampada-in-vetro-soffiato-design-ludovica-e-roberto-palomba\/#breadcrumb\",\"itemListElement\":[{\"@type\":\"ListItem\",\"position\":1,\"name\":\"Home\",\"item\":\"https:\/\/socialdesignmagazine.com\/mag\/\"},{\"@type\":\"ListItem\",\"position\":2,\"name\":\"Design\",\"item\":\"https:\/\/socialdesignmagazine.com\/mag\/design\/\"},{\"@type\":\"ListItem\",\"position\":3,\"name\":\"TARTAN lampada in vetro soffiato, design: Ludovica e Roberto Palomba\"}]},{\"@type\":\"WebSite\",\"@id\":\"https:\/\/socialdesignmagazine.com\/mag\/#website\",\"url\":\"https:\/\/socialdesignmagazine.com\/mag\/\",\"name\":\"Social Design Magazine\",\"description\":\"Social Magazine su Design, Architettura, Arte, Grafica\",\"publisher\":{\"@id\":\"https:\/\/socialdesignmagazine.com\/mag\/#organization\"},\"potentialAction\":[{\"@type\":\"SearchAction\",\"target\":{\"@type\":\"EntryPoint\",\"urlTemplate\":\"https:\/\/socialdesignmagazine.com\/mag\/?s={search_term_string}\"},\"query-input\":{\"@type\":\"PropertyValueSpecification\",\"valueRequired\":true,\"valueName\":\"search_term_string\"}}],\"inLanguage\":\"it-IT\"},{\"@type\":\"Organization\",\"@id\":\"https:\/\/socialdesignmagazine.com\/mag\/#organization\",\"name\":\"Social Design Magazine\",\"url\":\"https:\/\/socialdesignmagazine.com\/mag\/\",\"logo\":{\"@type\":\"ImageObject\",\"inLanguage\":\"it-IT\",\"@id\":\"https:\/\/socialdesignmagazine.com\/mag\/#\/schema\/logo\/image\/\",\"url\":\"https:\/\/socialdesignmagazine.com\/mag\/wp-content\/uploads\/2017\/01\/logo_favicon_11.png\",\"contentUrl\":\"https:\/\/socialdesignmagazine.com\/mag\/wp-content\/uploads\/2017\/01\/logo_favicon_11.png\",\"width\":1024,\"height\":1024,\"caption\":\"Social Design Magazine\"},\"image\":{\"@id\":\"https:\/\/socialdesignmagazine.com\/mag\/#\/schema\/logo\/image\/\"},\"sameAs\":[\"https:\/\/www.facebook.com\/socialdesignmag\",\"https:\/\/x.com\/socialdesignmag\",\"http:\/\/instagram.com\/social_design_magazine\/\",\"http:\/\/pinterest.com\/socialdesignmag\/\",\"http:\/\/www.youtube.com\/user\/socialdesignmagazine\"]},{\"@type\":\"Person\",\"@id\":\"https:\/\/socialdesignmagazine.com\/mag\/#\/schema\/person\/61e20205cc363c315e6aabd33a045846\",\"name\":\"Benedetto Fiori\",\"image\":{\"@type\":\"ImageObject\",\"inLanguage\":\"it-IT\",\"@id\":\"https:\/\/secure.gravatar.com\/avatar\/450a48cefa36da63d920ad70aa660bd10725b1c6093800242e5efdb397759033?s=96&d=mm&r=g\",\"url\":\"https:\/\/secure.gravatar.com\/avatar\/450a48cefa36da63d920ad70aa660bd10725b1c6093800242e5efdb397759033?s=96&d=mm&r=g\",\"contentUrl\":\"https:\/\/secure.gravatar.com\/avatar\/450a48cefa36da63d920ad70aa660bd10725b1c6093800242e5efdb397759033?s=96&d=mm&r=g\",\"caption\":\"Benedetto Fiori\"},\"description\":\"Web | Twitter | Facebook | Shutterstock Founder &amp; Editor in Chief di Social Design Magazine. Attratto da sempre da tutto ci\u00f2 che \u00e8 creativit\u00e0, design, architettura. Dopo aver studiato Architettura all'Universit\u00e0 di Firenze, si \u00e8 impegnato in molteplici campi: comunicazione grafica, progettazione di allestimenti fieristici, brand design, Interior Design.\",\"sameAs\":[\"http:\/\/benedettofiori.com\",\"https:\/\/www.facebook.com\/benedettofiori\",\"https:\/\/x.com\/benedettofiori\"],\"url\":\"https:\/\/socialdesignmagazine.com\/mag\/author\/benedetto\/\"}]}<\/script>\n<!-- \/ Yoast SEO plugin. -->","yoast_head_json":{"title":"TARTAN lampada in vetro soffiato","description":"TARTAN lampada in vetro soffiato disegnata da\u00a0Ludovica e Roberto Palomba ispirandosi\u00a0all\u2019inconfondibile disegno dei tessuti di lana dei kilt scozzesi.","robots":{"index":"index","follow":"follow","max-snippet":"max-snippet:-1","max-image-preview":"max-image-preview:large","max-video-preview":"max-video-preview:-1"},"canonical":"https:\/\/socialdesignmagazine.com\/mag\/design\/tartan-lampada-in-vetro-soffiato-design-ludovica-e-roberto-palomba\/","og_locale":"it_IT","og_type":"article","og_title":"TARTAN lampada in vetro soffiato","og_description":"TARTAN lampada in vetro soffiato disegnata da\u00a0Ludovica e Roberto Palomba ispirandosi\u00a0all\u2019inconfondibile disegno dei tessuti di lana dei kilt scozzesi.","og_url":"http:\/\/socialdesignmagazine.com\/mag\/design\/tartan-lampada-in-vetro-soffiato-design-ludovica-e-roberto-palomba\/","og_site_name":"Social Design Magazine","article_publisher":"https:\/\/www.facebook.com\/socialdesignmag","article_author":"https:\/\/www.facebook.com\/benedettofiori","article_published_time":"2016-02-10T15:00:00+00:00","og_image":[{"width":1200,"height":1012,"url":"https:\/\/socialdesignmagazine.com\/mag\/wp-content\/uploads\/2016\/02\/Tartan-lampada-in-vetro-soffiato-still-2.jpg","type":"image\/jpeg"}],"author":"Benedetto Fiori","twitter_card":"summary_large_image","twitter_creator":"@benedettofiori","twitter_site":"@socialdesignmag","twitter_misc":{"Scritto da":"Benedetto Fiori","Tempo di lettura stimato":"1 minuto"},"schema":{"@context":"https:\/\/schema.org","@graph":[{"@type":"Article","@id":"https:\/\/socialdesignmagazine.com\/mag\/design\/tartan-lampada-in-vetro-soffiato-design-ludovica-e-roberto-palomba\/#article","isPartOf":{"@id":"https:\/\/socialdesignmagazine.com\/mag\/design\/tartan-lampada-in-vetro-soffiato-design-ludovica-e-roberto-palomba\/"},"author":{"name":"Benedetto Fiori","@id":"https:\/\/socialdesignmagazine.com\/mag\/#\/schema\/person\/61e20205cc363c315e6aabd33a045846"},"headline":"TARTAN lampada in vetro soffiato, design: Ludovica e Roberto Palomba","datePublished":"2016-02-10T15:00:00+00:00","mainEntityOfPage":{"@id":"https:\/\/socialdesignmagazine.com\/mag\/design\/tartan-lampada-in-vetro-soffiato-design-ludovica-e-roberto-palomba\/"},"wordCount":239,"commentCount":1,"publisher":{"@id":"https:\/\/socialdesignmagazine.com\/mag\/#organization"},"image":{"@id":"https:\/\/socialdesignmagazine.com\/mag\/design\/tartan-lampada-in-vetro-soffiato-design-ludovica-e-roberto-palomba\/#primaryimage"},"thumbnailUrl":"https:\/\/socialdesignmagazine.com\/mag\/wp-content\/uploads\/2016\/02\/Tartan-lampada-in-vetro-soffiato-still-2.jpg","keywords":["foscarini","lampada a sospensione","ludovica roberto palomba","vetro soffiato"],"articleSection":["Design"],"inLanguage":"it-IT","potentialAction":[{"@type":"CommentAction","name":"Comment","target":["https:\/\/socialdesignmagazine.com\/mag\/design\/tartan-lampada-in-vetro-soffiato-design-ludovica-e-roberto-palomba\/#respond"]}]},{"@type":"WebPage","@id":"https:\/\/socialdesignmagazine.com\/mag\/design\/tartan-lampada-in-vetro-soffiato-design-ludovica-e-roberto-palomba\/","url":"https:\/\/socialdesignmagazine.com\/mag\/design\/tartan-lampada-in-vetro-soffiato-design-ludovica-e-roberto-palomba\/","name":"TARTAN lampada in vetro soffiato","isPartOf":{"@id":"https:\/\/socialdesignmagazine.com\/mag\/#website"},"primaryImageOfPage":{"@id":"https:\/\/socialdesignmagazine.com\/mag\/design\/tartan-lampada-in-vetro-soffiato-design-ludovica-e-roberto-palomba\/#primaryimage"},"image":{"@id":"https:\/\/socialdesignmagazine.com\/mag\/design\/tartan-lampada-in-vetro-soffiato-design-ludovica-e-roberto-palomba\/#primaryimage"},"thumbnailUrl":"https:\/\/socialdesignmagazine.com\/mag\/wp-content\/uploads\/2016\/02\/Tartan-lampada-in-vetro-soffiato-still-2.jpg","datePublished":"2016-02-10T15:00:00+00:00","description":"TARTAN lampada in vetro soffiato disegnata da\u00a0Ludovica e Roberto Palomba ispirandosi\u00a0all\u2019inconfondibile disegno dei tessuti di lana dei kilt scozzesi.","breadcrumb":{"@id":"https:\/\/socialdesignmagazine.com\/mag\/design\/tartan-lampada-in-vetro-soffiato-design-ludovica-e-roberto-palomba\/#breadcrumb"},"inLanguage":"it-IT","potentialAction":[{"@type":"ReadAction","target":["https:\/\/socialdesignmagazine.com\/mag\/design\/tartan-lampada-in-vetro-soffiato-design-ludovica-e-roberto-palomba\/"]}]},{"@type":"ImageObject","inLanguage":"it-IT","@id":"https:\/\/socialdesignmagazine.com\/mag\/design\/tartan-lampada-in-vetro-soffiato-design-ludovica-e-roberto-palomba\/#primaryimage","url":"https:\/\/socialdesignmagazine.com\/mag\/wp-content\/uploads\/2016\/02\/Tartan-lampada-in-vetro-soffiato-still-2.jpg","contentUrl":"https:\/\/socialdesignmagazine.com\/mag\/wp-content\/uploads\/2016\/02\/Tartan-lampada-in-vetro-soffiato-still-2.jpg","width":1200,"height":1012,"caption":"Tartan lampada in vetro soffiato still 2"},{"@type":"BreadcrumbList","@id":"https:\/\/socialdesignmagazine.com\/mag\/design\/tartan-lampada-in-vetro-soffiato-design-ludovica-e-roberto-palomba\/#breadcrumb","itemListElement":[{"@type":"ListItem","position":1,"name":"Home","item":"https:\/\/socialdesignmagazine.com\/mag\/"},{"@type":"ListItem","position":2,"name":"Design","item":"https:\/\/socialdesignmagazine.com\/mag\/design\/"},{"@type":"ListItem","position":3,"name":"TARTAN lampada in vetro soffiato, design: Ludovica e Roberto Palomba"}]},{"@type":"WebSite","@id":"https:\/\/socialdesignmagazine.com\/mag\/#website","url":"https:\/\/socialdesignmagazine.com\/mag\/","name":"Social Design Magazine","description":"Social Magazine su Design, Architettura, Arte, Grafica","publisher":{"@id":"https:\/\/socialdesignmagazine.com\/mag\/#organization"},"potentialAction":[{"@type":"SearchAction","target":{"@type":"EntryPoint","urlTemplate":"https:\/\/socialdesignmagazine.com\/mag\/?s={search_term_string}"},"query-input":{"@type":"PropertyValueSpecification","valueRequired":true,"valueName":"search_term_string"}}],"inLanguage":"it-IT"},{"@type":"Organization","@id":"https:\/\/socialdesignmagazine.com\/mag\/#organization","name":"Social Design Magazine","url":"https:\/\/socialdesignmagazine.com\/mag\/","logo":{"@type":"ImageObject","inLanguage":"it-IT","@id":"https:\/\/socialdesignmagazine.com\/mag\/#\/schema\/logo\/image\/","url":"https:\/\/socialdesignmagazine.com\/mag\/wp-content\/uploads\/2017\/01\/logo_favicon_11.png","contentUrl":"https:\/\/socialdesignmagazine.com\/mag\/wp-content\/uploads\/2017\/01\/logo_favicon_11.png","width":1024,"height":1024,"caption":"Social Design Magazine"},"image":{"@id":"https:\/\/socialdesignmagazine.com\/mag\/#\/schema\/logo\/image\/"},"sameAs":["https:\/\/www.facebook.com\/socialdesignmag","https:\/\/x.com\/socialdesignmag","http:\/\/instagram.com\/social_design_magazine\/","http:\/\/pinterest.com\/socialdesignmag\/","http:\/\/www.youtube.com\/user\/socialdesignmagazine"]},{"@type":"Person","@id":"https:\/\/socialdesignmagazine.com\/mag\/#\/schema\/person\/61e20205cc363c315e6aabd33a045846","name":"Benedetto Fiori","image":{"@type":"ImageObject","inLanguage":"it-IT","@id":"https:\/\/secure.gravatar.com\/avatar\/450a48cefa36da63d920ad70aa660bd10725b1c6093800242e5efdb397759033?s=96&d=mm&r=g","url":"https:\/\/secure.gravatar.com\/avatar\/450a48cefa36da63d920ad70aa660bd10725b1c6093800242e5efdb397759033?s=96&d=mm&r=g","contentUrl":"https:\/\/secure.gravatar.com\/avatar\/450a48cefa36da63d920ad70aa660bd10725b1c6093800242e5efdb397759033?s=96&d=mm&r=g","caption":"Benedetto Fiori"},"description":"Web | Twitter | Facebook | Shutterstock Founder &amp; Editor in Chief di Social Design Magazine. Attratto da sempre da tutto ci\u00f2 che \u00e8 creativit\u00e0, design, architettura. Dopo aver studiato Architettura all'Universit\u00e0 di Firenze, si \u00e8 impegnato in molteplici campi: comunicazione grafica, progettazione di allestimenti fieristici, brand design, Interior Design.","sameAs":["http:\/\/benedettofiori.com","https:\/\/www.facebook.com\/benedettofiori","https:\/\/x.com\/benedettofiori"],"url":"https:\/\/socialdesignmagazine.com\/mag\/author\/benedetto\/"}]}},"jetpack_featured_media_url":"https:\/\/socialdesignmagazine.com\/mag\/wp-content\/uploads\/2016\/02\/Tartan-lampada-in-vetro-soffiato-still-2.jpg","jetpack_sharing_enabled":true,"jetpack_shortlink":"https:\/\/wp.me\/p6cV7V-6Xi","gt_translate_keys":[{"key":"link","format":"url"}],"_links":{"self":[{"href":"https:\/\/socialdesignmagazine.com\/mag\/wp-json\/wp\/v2\/posts\/26740","targetHints":{"allow":["GET"]}}],"collection":[{"href":"https:\/\/socialdesignmagazine.com\/mag\/wp-json\/wp\/v2\/posts"}],"about":[{"href":"https:\/\/socialdesignmagazine.com\/mag\/wp-json\/wp\/v2\/types\/post"}],"author":[{"embeddable":true,"href":"https:\/\/socialdesignmagazine.com\/mag\/wp-json\/wp\/v2\/users\/1"}],"replies":[{"embeddable":true,"href":"https:\/\/socialdesignmagazine.com\/mag\/wp-json\/wp\/v2\/comments?post=26740"}],"version-history":[{"count":2,"href":"https:\/\/socialdesignmagazine.com\/mag\/wp-json\/wp\/v2\/posts\/26740\/revisions"}],"predecessor-version":[{"id":26748,"href":"https:\/\/socialdesignmagazine.com\/mag\/wp-json\/wp\/v2\/posts\/26740\/revisions\/26748"}],"wp:featuredmedia":[{"embeddable":true,"href":"https:\/\/socialdesignmagazine.com\/mag\/wp-json\/wp\/v2\/media\/26745"}],"wp:attachment":[{"href":"https:\/\/socialdesignmagazine.com\/mag\/wp-json\/wp\/v2\/media?parent=26740"}],"wp:term":[{"taxonomy":"category","embeddable":true,"href":"https:\/\/socialdesignmagazine.com\/mag\/wp-json\/wp\/v2\/categories?post=26740"},{"taxonomy":"post_tag","embeddable":true,"href":"https:\/\/socialdesignmagazine.com\/mag\/wp-json\/wp\/v2\/tags?post=26740"}],"curies":[{"name":"wp","href":"https:\/\/api.w.org\/{rel}","templated":true}]}}