{"id":26784,"date":"2016-02-04T16:50:00","date_gmt":"2016-02-04T15:50:00","guid":{"rendered":"https:\/\/socialdesignmagazine.com\/mag\/?p=26784"},"modified":"2016-02-04T16:45:05","modified_gmt":"2016-02-04T15:45:05","slug":"billiani-si-prepara-al-salone-del-mobile-2016","status":"publish","type":"post","link":"https:\/\/socialdesignmagazine.com\/mag\/news\/design-news\/billiani-si-prepara-al-salone-del-mobile-2016\/","title":{"rendered":"Billiani si prepara al Salone del Mobile 2016","gt_translate_keys":[{"key":"rendered","format":"text"}]},"content":{"rendered":"<h2><a rel=\"nofollow\" href=\"http:\/\/www.billiani.it\/\">Billiani<\/a> si prepara al Salone del Mobile 2016, storica azienda friulana specializzata nella produzione di sedie e sedute per il settore\u00a0contract, Billiani sar\u00e0 presente al Salone del Mobile con molteplici novit\u00e0:<\/h2>\n<p>la <strong>sedia iconica Fratina di\u00a0Emilio Nanni<\/strong> e l\u2019<strong>appendiabiti Tango di Timo Ripatti<\/strong>\u00a0che perfettamente completa il setting per ristoranti, lobby e altri luoghi pubblici. Inoltre, Billiani\u00a0presenter\u00e0 una nuova variante della poltroncina Spy disegnata da Emilio Nanni e un\u2019ampliamento\u00a0di gamma dei tavoli Grapevine di Egidio Panzera.<\/p>\n<p>Le novit\u00e0 2016 entrano, con il fascicolo \u201cFreschezza\u201d, a far parte del catalogo \u201cAppartenenza\u201d di\u00a0Billiani, curato da Lara Vidotto con immagini di Beppe Brancato. Pi\u00f9 che un catalogo, il volume\u00a0vuole essere il racconto dei valori di Billiani a partire dal racconto del laboratorio e dal capitolo\u00a0\u201cAnatomia di una sedia\u201d. Un approfondimento che esplora i temi della competenza artigianale e\u00a0progettuale, della tradizione e del design contemporaneo. E che naturalmente propone l\u2019ampia\u00a0gamma di sedute e tavoli Billiani proposti in un\u2019ampissima gamma cromatica.<\/p>\n<h3>FRATINA &#8211; Design: Emilio Nanni<\/h3>\n<p>Sedia e poltroncina in legno di frassino, tinto o laccato, seduta con rivestimento in stoffa,\u00a0cordino intrecciato, cuoio o cinghie.<\/p>\n<p>Fratina, disegnata da Emilio Nanni, \u00e8 una metafora della quadratura del cerchio. La struttura \u00e8\u00a0definita da un tracciato di linee nette che richiamano il quadrato, lo schienale \u00e8 costruito curvando\u00a0il legno a cerchio, in forma ridotta nella versione sedia e in modo generoso nella versione\u00a0poltroncina.<\/p>\n<p>Sedia e poltroncina del modello Fratina si pongono come una rilettura tipologica della seduta\u00a0minimale, rivista in chiave contemporanea, esaltando l\u2019equilibrio Vitruviano nel rapporto tra due\u00a0figure geometriche pure. Realizzati in legno di frassino, tinto o laccato, entrambe le varianti di\u00a0Fratina sono disponibili imbottite e rivestite in stoffa, intrecciate in cordino, cuoio o cinghie.<\/p>\n<div id=\"attachment_26790\" style=\"width: 1210px\" class=\"wp-caption alignnone\"><a href=\"https:\/\/socialdesignmagazine.com\/mag\/?attachment_id=26790#content\" rel=\"attachment wp-att-26790\"><img loading=\"lazy\" decoding=\"async\" aria-describedby=\"caption-attachment-26790\" data-attachment-id=\"26790\" data-permalink=\"https:\/\/socialdesignmagazine.com\/mag\/news\/design-news\/billiani-si-prepara-al-salone-del-mobile-2016\/attachment\/billiani-sedia-fratina-03\/#content\" data-orig-file=\"https:\/\/socialdesignmagazine.com\/mag\/wp-content\/uploads\/2016\/02\/Billiani-sedia-fratina-03.jpg\" data-orig-size=\"1200,1800\" data-comments-opened=\"1\" data-image-meta=\"{&quot;aperture&quot;:&quot;0&quot;,&quot;credit&quot;:&quot;&quot;,&quot;camera&quot;:&quot;&quot;,&quot;caption&quot;:&quot;&quot;,&quot;created_timestamp&quot;:&quot;0&quot;,&quot;copyright&quot;:&quot;&quot;,&quot;focal_length&quot;:&quot;0&quot;,&quot;iso&quot;:&quot;0&quot;,&quot;shutter_speed&quot;:&quot;0&quot;,&quot;title&quot;:&quot;&quot;,&quot;orientation&quot;:&quot;0&quot;}\" data-image-title=\"Billiani sedia fratina 03\" data-image-description=\"\" data-image-caption=\"&lt;p&gt;Billiani sedia fratina&lt;\/p&gt;\n\" data-medium-file=\"https:\/\/socialdesignmagazine.com\/mag\/wp-content\/uploads\/2016\/02\/Billiani-sedia-fratina-03-396x256.jpg\" data-large-file=\"https:\/\/socialdesignmagazine.com\/mag\/wp-content\/uploads\/2016\/02\/Billiani-sedia-fratina-03-1024x1536.jpg\" class=\"size-full wp-image-26790\" src=\"https:\/\/socialdesignmagazine.com\/mag\/wp-content\/uploads\/2016\/02\/Billiani-sedia-fratina-03.jpg\" alt=\"Billiani sedia fratina 03\" width=\"1200\" height=\"1800\" srcset=\"https:\/\/socialdesignmagazine.com\/mag\/wp-content\/uploads\/2016\/02\/Billiani-sedia-fratina-03.jpg 1200w, https:\/\/socialdesignmagazine.com\/mag\/wp-content\/uploads\/2016\/02\/Billiani-sedia-fratina-03-768x1152.jpg 768w, https:\/\/socialdesignmagazine.com\/mag\/wp-content\/uploads\/2016\/02\/Billiani-sedia-fratina-03-1024x1536.jpg 1024w\" sizes=\"auto, (max-width: 1200px) 100vw, 1200px\" \/><\/a><p id=\"caption-attachment-26790\" class=\"wp-caption-text\">Billiani sedia fratina<\/p><\/div>\n<div id=\"attachment_26789\" style=\"width: 1210px\" class=\"wp-caption alignnone\"><a href=\"https:\/\/socialdesignmagazine.com\/mag\/?attachment_id=26789#content\" rel=\"attachment wp-att-26789\"><img loading=\"lazy\" decoding=\"async\" aria-describedby=\"caption-attachment-26789\" data-attachment-id=\"26789\" data-permalink=\"https:\/\/socialdesignmagazine.com\/mag\/news\/design-news\/billiani-si-prepara-al-salone-del-mobile-2016\/attachment\/billiani-sedia-fratina-02\/#content\" data-orig-file=\"https:\/\/socialdesignmagazine.com\/mag\/wp-content\/uploads\/2016\/02\/Billiani-sedia-fratina-02.jpg\" data-orig-size=\"1200,1800\" data-comments-opened=\"1\" data-image-meta=\"{&quot;aperture&quot;:&quot;0&quot;,&quot;credit&quot;:&quot;&quot;,&quot;camera&quot;:&quot;&quot;,&quot;caption&quot;:&quot;&quot;,&quot;created_timestamp&quot;:&quot;0&quot;,&quot;copyright&quot;:&quot;&quot;,&quot;focal_length&quot;:&quot;0&quot;,&quot;iso&quot;:&quot;0&quot;,&quot;shutter_speed&quot;:&quot;0&quot;,&quot;title&quot;:&quot;&quot;,&quot;orientation&quot;:&quot;0&quot;}\" data-image-title=\"Billiani sedia fratina 02\" data-image-description=\"\" data-image-caption=\"&lt;p&gt;Billiani sedia fratina&lt;\/p&gt;\n\" data-medium-file=\"https:\/\/socialdesignmagazine.com\/mag\/wp-content\/uploads\/2016\/02\/Billiani-sedia-fratina-02-396x256.jpg\" data-large-file=\"https:\/\/socialdesignmagazine.com\/mag\/wp-content\/uploads\/2016\/02\/Billiani-sedia-fratina-02-1024x1536.jpg\" class=\"size-full wp-image-26789\" src=\"https:\/\/socialdesignmagazine.com\/mag\/wp-content\/uploads\/2016\/02\/Billiani-sedia-fratina-02.jpg\" alt=\"Billiani sedia fratina 02\" width=\"1200\" height=\"1800\" srcset=\"https:\/\/socialdesignmagazine.com\/mag\/wp-content\/uploads\/2016\/02\/Billiani-sedia-fratina-02.jpg 1200w, https:\/\/socialdesignmagazine.com\/mag\/wp-content\/uploads\/2016\/02\/Billiani-sedia-fratina-02-768x1152.jpg 768w, https:\/\/socialdesignmagazine.com\/mag\/wp-content\/uploads\/2016\/02\/Billiani-sedia-fratina-02-1024x1536.jpg 1024w\" sizes=\"auto, (max-width: 1200px) 100vw, 1200px\" \/><\/a><p id=\"caption-attachment-26789\" class=\"wp-caption-text\">Billiani sedia fratina<\/p><\/div>\n<p>Finiture e colori: legno di frassino, tinto o laccato, tessuto, cuoietto, cinghie, cordino di cellulosa<br \/>\nDimensioni: sedia: base 48,5&#215;54,5 cm, altezza 74 cm, altezza seduta 45 cm<br \/>\npoltroncina: base 51,5&#215;54,5 cm, altezza 74 cm, altezza seduta 45 cm<\/p>\n<h3>TANGO &#8211; Design: Timo Ripatti<\/h3>\n<p>Appendiabiti in essenza di frassino tinto o laccato.<\/p>\n<p>L\u2019appendiabiti Tango disegnato da Timo Ripatti va all\u2019origine della materia legno, trasportando in\u00a0un oggetto puro e iconico tutta la forza e la naturalezza di questo materiale vivo e caldo,\u00a0attraverso la migliore tradizione del design Scandinavo. La particolare torsione dello snodo\u00a0centrale ricorda quel fluido dialogo dei corpi che nel tango tanto meraviglia.<\/p>\n<div id=\"attachment_26788\" style=\"width: 1210px\" class=\"wp-caption alignnone\"><a href=\"https:\/\/socialdesignmagazine.com\/mag\/?attachment_id=26788#content\" rel=\"attachment wp-att-26788\"><img loading=\"lazy\" decoding=\"async\" aria-describedby=\"caption-attachment-26788\" data-attachment-id=\"26788\" data-permalink=\"https:\/\/socialdesignmagazine.com\/mag\/news\/design-news\/billiani-si-prepara-al-salone-del-mobile-2016\/attachment\/billiani-appendiabiti-tango-03\/#content\" data-orig-file=\"https:\/\/socialdesignmagazine.com\/mag\/wp-content\/uploads\/2016\/02\/Billiani-appendiabiti-tango-03.jpg\" data-orig-size=\"1200,1799\" data-comments-opened=\"1\" data-image-meta=\"{&quot;aperture&quot;:&quot;0&quot;,&quot;credit&quot;:&quot;&quot;,&quot;camera&quot;:&quot;&quot;,&quot;caption&quot;:&quot;&quot;,&quot;created_timestamp&quot;:&quot;0&quot;,&quot;copyright&quot;:&quot;&quot;,&quot;focal_length&quot;:&quot;0&quot;,&quot;iso&quot;:&quot;0&quot;,&quot;shutter_speed&quot;:&quot;0&quot;,&quot;title&quot;:&quot;&quot;,&quot;orientation&quot;:&quot;0&quot;}\" data-image-title=\"Billiani appendiabiti tango 03\" data-image-description=\"\" data-image-caption=\"&lt;p&gt;Billiani appendiabiti tango&lt;\/p&gt;\n\" data-medium-file=\"https:\/\/socialdesignmagazine.com\/mag\/wp-content\/uploads\/2016\/02\/Billiani-appendiabiti-tango-03-396x256.jpg\" data-large-file=\"https:\/\/socialdesignmagazine.com\/mag\/wp-content\/uploads\/2016\/02\/Billiani-appendiabiti-tango-03-1024x1535.jpg\" class=\"size-full wp-image-26788\" src=\"https:\/\/socialdesignmagazine.com\/mag\/wp-content\/uploads\/2016\/02\/Billiani-appendiabiti-tango-03.jpg\" alt=\"Billiani appendiabiti tango 03\" width=\"1200\" height=\"1799\" srcset=\"https:\/\/socialdesignmagazine.com\/mag\/wp-content\/uploads\/2016\/02\/Billiani-appendiabiti-tango-03.jpg 1200w, https:\/\/socialdesignmagazine.com\/mag\/wp-content\/uploads\/2016\/02\/Billiani-appendiabiti-tango-03-768x1151.jpg 768w, https:\/\/socialdesignmagazine.com\/mag\/wp-content\/uploads\/2016\/02\/Billiani-appendiabiti-tango-03-1024x1535.jpg 1024w\" sizes=\"auto, (max-width: 1200px) 100vw, 1200px\" \/><\/a><p id=\"caption-attachment-26788\" class=\"wp-caption-text\">Billiani appendiabiti tango<\/p><\/div>\n<div id=\"attachment_26786\" style=\"width: 1210px\" class=\"wp-caption alignnone\"><a href=\"https:\/\/socialdesignmagazine.com\/mag\/?attachment_id=26786#content\" rel=\"attachment wp-att-26786\"><img loading=\"lazy\" decoding=\"async\" aria-describedby=\"caption-attachment-26786\" data-attachment-id=\"26786\" data-permalink=\"https:\/\/socialdesignmagazine.com\/mag\/news\/design-news\/billiani-si-prepara-al-salone-del-mobile-2016\/attachment\/billiani-appendiabiti-tango-01\/#content\" data-orig-file=\"https:\/\/socialdesignmagazine.com\/mag\/wp-content\/uploads\/2016\/02\/Billiani-appendiabiti-tango-01.jpg\" data-orig-size=\"1200,1800\" data-comments-opened=\"1\" data-image-meta=\"{&quot;aperture&quot;:&quot;0&quot;,&quot;credit&quot;:&quot;&quot;,&quot;camera&quot;:&quot;&quot;,&quot;caption&quot;:&quot;&quot;,&quot;created_timestamp&quot;:&quot;0&quot;,&quot;copyright&quot;:&quot;&quot;,&quot;focal_length&quot;:&quot;0&quot;,&quot;iso&quot;:&quot;0&quot;,&quot;shutter_speed&quot;:&quot;0&quot;,&quot;title&quot;:&quot;&quot;,&quot;orientation&quot;:&quot;0&quot;}\" data-image-title=\"Billiani appendiabiti tango 01\" data-image-description=\"\" data-image-caption=\"&lt;p&gt;Billiani si prepara al Salone del Mobile 2016, novit\u00e0 appendiabiti tango&lt;\/p&gt;\n\" data-medium-file=\"https:\/\/socialdesignmagazine.com\/mag\/wp-content\/uploads\/2016\/02\/Billiani-appendiabiti-tango-01-396x256.jpg\" data-large-file=\"https:\/\/socialdesignmagazine.com\/mag\/wp-content\/uploads\/2016\/02\/Billiani-appendiabiti-tango-01-1024x1536.jpg\" class=\"size-full wp-image-26786\" src=\"https:\/\/socialdesignmagazine.com\/mag\/wp-content\/uploads\/2016\/02\/Billiani-appendiabiti-tango-01.jpg\" alt=\"Billiani si prepara al Salone del Mobile 2016, novit\u00e0 appendiabiti tango\" width=\"1200\" height=\"1800\" srcset=\"https:\/\/socialdesignmagazine.com\/mag\/wp-content\/uploads\/2016\/02\/Billiani-appendiabiti-tango-01.jpg 1200w, https:\/\/socialdesignmagazine.com\/mag\/wp-content\/uploads\/2016\/02\/Billiani-appendiabiti-tango-01-768x1152.jpg 768w, https:\/\/socialdesignmagazine.com\/mag\/wp-content\/uploads\/2016\/02\/Billiani-appendiabiti-tango-01-1024x1536.jpg 1024w\" sizes=\"auto, (max-width: 1200px) 100vw, 1200px\" \/><\/a><p id=\"caption-attachment-26786\" class=\"wp-caption-text\">Billiani si prepara al Salone del Mobile 2016, novit\u00e0 appendiabiti tango<\/p><\/div>\n<p>Finiture e colori: essenza di frassino tinto o laccato<br \/>\nDimensioni: diametro base: 66 cm, altezza: 162 cm<\/p>\n","protected":false,"gt_translate_keys":[{"key":"rendered","format":"html"}]},"excerpt":{"rendered":"<p>Billiani si prepara al Salone del Mobile 2016, storica azienda friulana specializzata nella produzione di sedie e sedute per il settore contract, Billiani sar\u00e0 presente al Salone del Mobile con molteplici novit\u00e0<\/p>\n","protected":false,"gt_translate_keys":[{"key":"rendered","format":"html"}]},"author":1,"featured_media":26787,"comment_status":"open","ping_status":"open","sticky":false,"template":"","format":"standard","meta":{"jetpack_post_was_ever_published":false,"_jetpack_newsletter_access":"","_jetpack_dont_email_post_to_subs":false,"_jetpack_newsletter_tier_id":0,"_jetpack_memberships_contains_paywalled_content":false,"_jetpack_memberships_contains_paid_content":false,"footnotes":"","_wpscppro_dont_share_socialmedia":false,"_wpscppro_custom_social_share_image":0,"_facebook_share_type":"","_twitter_share_type":"","_linkedin_share_type":"","_pinterest_share_type":"","_linkedin_share_type_page":"","_instagram_share_type":"","_medium_share_type":"","_threads_share_type":"","_google_business_share_type":"","_selected_social_profile":[],"_wpsp_enable_custom_social_template":false,"_wpsp_social_scheduling":{"enabled":false,"datetime":null,"platforms":[],"status":"template_only","dateOption":"today","timeOption":"now","customDays":"","customHours":"","customDate":"","customTime":"","schedulingType":"absolute"},"_wpsp_active_default_template":true},"categories":[17],"tags":[1341,2156,1688,1860,4634,118],"class_list":["post-26784","post","type-post","status-publish","format-standard","has-post-thumbnail","hentry","category-design-news","tag-appendiabiti","tag-billiani","tag-emilio-nanni","tag-poltroncina","tag-salone-del-mobile-2016","tag-sedia"],"yoast_head":"<!-- This site is optimized with the Yoast SEO plugin v27.2 - https:\/\/yoast.com\/product\/yoast-seo-wordpress\/ -->\n<title>Billiani si prepara al Salone del Mobile 2016<\/title>\n<meta name=\"description\" content=\"Billiani si prepara al Salone del Mobile 2016. Storica azienda friulana Billiani sar\u00e0 presente al Salone del Mobile con molteplici novit\u00e0.\" \/>\n<meta name=\"robots\" content=\"index, follow, max-snippet:-1, max-image-preview:large, max-video-preview:-1\" \/>\n<link rel=\"canonical\" href=\"https:\/\/socialdesignmagazine.com\/mag\/news\/design-news\/billiani-si-prepara-al-salone-del-mobile-2016\/\" \/>\n<meta property=\"og:locale\" content=\"it_IT\" \/>\n<meta property=\"og:type\" content=\"article\" \/>\n<meta property=\"og:title\" content=\"Billiani si prepara al Salone del Mobile 2016\" \/>\n<meta property=\"og:description\" content=\"Billiani si prepara al Salone del Mobile 2016. Storica azienda friulana Billiani sar\u00e0 presente al Salone del Mobile con molteplici novit\u00e0.\" \/>\n<meta property=\"og:url\" content=\"http:\/\/socialdesignmagazine.com\/mag\/news\/design-news\/billiani-si-prepara-al-salone-del-mobile-2016\/\" \/>\n<meta property=\"og:site_name\" content=\"Social Design Magazine\" \/>\n<meta property=\"article:publisher\" content=\"https:\/\/www.facebook.com\/socialdesignmag\" \/>\n<meta property=\"article:author\" content=\"https:\/\/www.facebook.com\/benedettofiori\" \/>\n<meta property=\"article:published_time\" content=\"2016-02-04T15:50:00+00:00\" \/>\n<meta property=\"og:image\" content=\"https:\/\/socialdesignmagazine.com\/mag\/wp-content\/uploads\/2016\/02\/Billiani-appendiabiti-tango-02.jpg\" \/>\n\t<meta property=\"og:image:width\" content=\"1200\" \/>\n\t<meta property=\"og:image:height\" content=\"800\" \/>\n\t<meta property=\"og:image:type\" content=\"image\/jpeg\" \/>\n<meta name=\"author\" content=\"Benedetto Fiori\" \/>\n<meta name=\"twitter:card\" content=\"summary_large_image\" \/>\n<meta name=\"twitter:creator\" content=\"@benedettofiori\" \/>\n<meta name=\"twitter:site\" content=\"@socialdesignmag\" \/>\n<meta name=\"twitter:label1\" content=\"Scritto da\" \/>\n\t<meta name=\"twitter:data1\" content=\"Benedetto Fiori\" \/>\n\t<meta name=\"twitter:label2\" content=\"Tempo di lettura stimato\" \/>\n\t<meta name=\"twitter:data2\" content=\"2 minuti\" \/>\n<script type=\"application\/ld+json\" class=\"yoast-schema-graph\">{\"@context\":\"https:\/\/schema.org\",\"@graph\":[{\"@type\":\"Article\",\"@id\":\"https:\/\/socialdesignmagazine.com\/mag\/news\/design-news\/billiani-si-prepara-al-salone-del-mobile-2016\/#article\",\"isPartOf\":{\"@id\":\"https:\/\/socialdesignmagazine.com\/mag\/news\/design-news\/billiani-si-prepara-al-salone-del-mobile-2016\/\"},\"author\":{\"name\":\"Benedetto Fiori\",\"@id\":\"https:\/\/socialdesignmagazine.com\/mag\/#\/schema\/person\/61e20205cc363c315e6aabd33a045846\"},\"headline\":\"Billiani si prepara al Salone del Mobile 2016\",\"datePublished\":\"2016-02-04T15:50:00+00:00\",\"mainEntityOfPage\":{\"@id\":\"https:\/\/socialdesignmagazine.com\/mag\/news\/design-news\/billiani-si-prepara-al-salone-del-mobile-2016\/\"},\"wordCount\":465,\"commentCount\":0,\"publisher\":{\"@id\":\"https:\/\/socialdesignmagazine.com\/mag\/#organization\"},\"image\":{\"@id\":\"https:\/\/socialdesignmagazine.com\/mag\/news\/design-news\/billiani-si-prepara-al-salone-del-mobile-2016\/#primaryimage\"},\"thumbnailUrl\":\"https:\/\/socialdesignmagazine.com\/mag\/wp-content\/uploads\/2016\/02\/Billiani-appendiabiti-tango-02.jpg\",\"keywords\":[\"appendiabiti\",\"billiani\",\"emilio nanni\",\"poltroncina\",\"salone del mobile 2016\",\"sedia\"],\"articleSection\":[\"Design News\"],\"inLanguage\":\"it-IT\",\"potentialAction\":[{\"@type\":\"CommentAction\",\"name\":\"Comment\",\"target\":[\"https:\/\/socialdesignmagazine.com\/mag\/news\/design-news\/billiani-si-prepara-al-salone-del-mobile-2016\/#respond\"]}]},{\"@type\":\"WebPage\",\"@id\":\"https:\/\/socialdesignmagazine.com\/mag\/news\/design-news\/billiani-si-prepara-al-salone-del-mobile-2016\/\",\"url\":\"https:\/\/socialdesignmagazine.com\/mag\/news\/design-news\/billiani-si-prepara-al-salone-del-mobile-2016\/\",\"name\":\"Billiani si prepara al Salone del Mobile 2016\",\"isPartOf\":{\"@id\":\"https:\/\/socialdesignmagazine.com\/mag\/#website\"},\"primaryImageOfPage\":{\"@id\":\"https:\/\/socialdesignmagazine.com\/mag\/news\/design-news\/billiani-si-prepara-al-salone-del-mobile-2016\/#primaryimage\"},\"image\":{\"@id\":\"https:\/\/socialdesignmagazine.com\/mag\/news\/design-news\/billiani-si-prepara-al-salone-del-mobile-2016\/#primaryimage\"},\"thumbnailUrl\":\"https:\/\/socialdesignmagazine.com\/mag\/wp-content\/uploads\/2016\/02\/Billiani-appendiabiti-tango-02.jpg\",\"datePublished\":\"2016-02-04T15:50:00+00:00\",\"description\":\"Billiani si prepara al Salone del Mobile 2016. Storica azienda friulana Billiani sar\u00e0 presente al Salone del Mobile con molteplici novit\u00e0.\",\"breadcrumb\":{\"@id\":\"https:\/\/socialdesignmagazine.com\/mag\/news\/design-news\/billiani-si-prepara-al-salone-del-mobile-2016\/#breadcrumb\"},\"inLanguage\":\"it-IT\",\"potentialAction\":[{\"@type\":\"ReadAction\",\"target\":[\"https:\/\/socialdesignmagazine.com\/mag\/news\/design-news\/billiani-si-prepara-al-salone-del-mobile-2016\/\"]}]},{\"@type\":\"ImageObject\",\"inLanguage\":\"it-IT\",\"@id\":\"https:\/\/socialdesignmagazine.com\/mag\/news\/design-news\/billiani-si-prepara-al-salone-del-mobile-2016\/#primaryimage\",\"url\":\"https:\/\/socialdesignmagazine.com\/mag\/wp-content\/uploads\/2016\/02\/Billiani-appendiabiti-tango-02.jpg\",\"contentUrl\":\"https:\/\/socialdesignmagazine.com\/mag\/wp-content\/uploads\/2016\/02\/Billiani-appendiabiti-tango-02.jpg\",\"width\":1200,\"height\":800,\"caption\":\"Billiani appendiabiti tango\"},{\"@type\":\"BreadcrumbList\",\"@id\":\"https:\/\/socialdesignmagazine.com\/mag\/news\/design-news\/billiani-si-prepara-al-salone-del-mobile-2016\/#breadcrumb\",\"itemListElement\":[{\"@type\":\"ListItem\",\"position\":1,\"name\":\"Home\",\"item\":\"https:\/\/socialdesignmagazine.com\/mag\/\"},{\"@type\":\"ListItem\",\"position\":2,\"name\":\"News\",\"item\":\"https:\/\/socialdesignmagazine.com\/mag\/news\/\"},{\"@type\":\"ListItem\",\"position\":3,\"name\":\"Design News\",\"item\":\"https:\/\/socialdesignmagazine.com\/mag\/news\/design-news\/\"},{\"@type\":\"ListItem\",\"position\":4,\"name\":\"Billiani si prepara al Salone del Mobile 2016\"}]},{\"@type\":\"WebSite\",\"@id\":\"https:\/\/socialdesignmagazine.com\/mag\/#website\",\"url\":\"https:\/\/socialdesignmagazine.com\/mag\/\",\"name\":\"Social Design Magazine\",\"description\":\"Social Magazine su Design, Architettura, Arte, Grafica\",\"publisher\":{\"@id\":\"https:\/\/socialdesignmagazine.com\/mag\/#organization\"},\"potentialAction\":[{\"@type\":\"SearchAction\",\"target\":{\"@type\":\"EntryPoint\",\"urlTemplate\":\"https:\/\/socialdesignmagazine.com\/mag\/?s={search_term_string}\"},\"query-input\":{\"@type\":\"PropertyValueSpecification\",\"valueRequired\":true,\"valueName\":\"search_term_string\"}}],\"inLanguage\":\"it-IT\"},{\"@type\":\"Organization\",\"@id\":\"https:\/\/socialdesignmagazine.com\/mag\/#organization\",\"name\":\"Social Design Magazine\",\"url\":\"https:\/\/socialdesignmagazine.com\/mag\/\",\"logo\":{\"@type\":\"ImageObject\",\"inLanguage\":\"it-IT\",\"@id\":\"https:\/\/socialdesignmagazine.com\/mag\/#\/schema\/logo\/image\/\",\"url\":\"https:\/\/socialdesignmagazine.com\/mag\/wp-content\/uploads\/2017\/01\/logo_favicon_11.png\",\"contentUrl\":\"https:\/\/socialdesignmagazine.com\/mag\/wp-content\/uploads\/2017\/01\/logo_favicon_11.png\",\"width\":1024,\"height\":1024,\"caption\":\"Social Design Magazine\"},\"image\":{\"@id\":\"https:\/\/socialdesignmagazine.com\/mag\/#\/schema\/logo\/image\/\"},\"sameAs\":[\"https:\/\/www.facebook.com\/socialdesignmag\",\"https:\/\/x.com\/socialdesignmag\",\"http:\/\/instagram.com\/social_design_magazine\/\",\"http:\/\/pinterest.com\/socialdesignmag\/\",\"http:\/\/www.youtube.com\/user\/socialdesignmagazine\"]},{\"@type\":\"Person\",\"@id\":\"https:\/\/socialdesignmagazine.com\/mag\/#\/schema\/person\/61e20205cc363c315e6aabd33a045846\",\"name\":\"Benedetto Fiori\",\"image\":{\"@type\":\"ImageObject\",\"inLanguage\":\"it-IT\",\"@id\":\"https:\/\/secure.gravatar.com\/avatar\/450a48cefa36da63d920ad70aa660bd10725b1c6093800242e5efdb397759033?s=96&d=mm&r=g\",\"url\":\"https:\/\/secure.gravatar.com\/avatar\/450a48cefa36da63d920ad70aa660bd10725b1c6093800242e5efdb397759033?s=96&d=mm&r=g\",\"contentUrl\":\"https:\/\/secure.gravatar.com\/avatar\/450a48cefa36da63d920ad70aa660bd10725b1c6093800242e5efdb397759033?s=96&d=mm&r=g\",\"caption\":\"Benedetto Fiori\"},\"description\":\"Web | Twitter | Facebook | Shutterstock Founder &amp; Editor in Chief di Social Design Magazine. Attratto da sempre da tutto ci\u00f2 che \u00e8 creativit\u00e0, design, architettura. Dopo aver studiato Architettura all'Universit\u00e0 di Firenze, si \u00e8 impegnato in molteplici campi: comunicazione grafica, progettazione di allestimenti fieristici, brand design, Interior Design.\",\"sameAs\":[\"http:\/\/benedettofiori.com\",\"https:\/\/www.facebook.com\/benedettofiori\",\"https:\/\/x.com\/benedettofiori\"],\"url\":\"https:\/\/socialdesignmagazine.com\/mag\/author\/benedetto\/\"}]}<\/script>\n<!-- \/ Yoast SEO plugin. -->","yoast_head_json":{"title":"Billiani si prepara al Salone del Mobile 2016","description":"Billiani si prepara al Salone del Mobile 2016. Storica azienda friulana Billiani sar\u00e0 presente al Salone del Mobile con molteplici novit\u00e0.","robots":{"index":"index","follow":"follow","max-snippet":"max-snippet:-1","max-image-preview":"max-image-preview:large","max-video-preview":"max-video-preview:-1"},"canonical":"https:\/\/socialdesignmagazine.com\/mag\/news\/design-news\/billiani-si-prepara-al-salone-del-mobile-2016\/","og_locale":"it_IT","og_type":"article","og_title":"Billiani si prepara al Salone del Mobile 2016","og_description":"Billiani si prepara al Salone del Mobile 2016. Storica azienda friulana Billiani sar\u00e0 presente al Salone del Mobile con molteplici novit\u00e0.","og_url":"http:\/\/socialdesignmagazine.com\/mag\/news\/design-news\/billiani-si-prepara-al-salone-del-mobile-2016\/","og_site_name":"Social Design Magazine","article_publisher":"https:\/\/www.facebook.com\/socialdesignmag","article_author":"https:\/\/www.facebook.com\/benedettofiori","article_published_time":"2016-02-04T15:50:00+00:00","og_image":[{"width":1200,"height":800,"url":"https:\/\/socialdesignmagazine.com\/mag\/wp-content\/uploads\/2016\/02\/Billiani-appendiabiti-tango-02.jpg","type":"image\/jpeg"}],"author":"Benedetto Fiori","twitter_card":"summary_large_image","twitter_creator":"@benedettofiori","twitter_site":"@socialdesignmag","twitter_misc":{"Scritto da":"Benedetto Fiori","Tempo di lettura stimato":"2 minuti"},"schema":{"@context":"https:\/\/schema.org","@graph":[{"@type":"Article","@id":"https:\/\/socialdesignmagazine.com\/mag\/news\/design-news\/billiani-si-prepara-al-salone-del-mobile-2016\/#article","isPartOf":{"@id":"https:\/\/socialdesignmagazine.com\/mag\/news\/design-news\/billiani-si-prepara-al-salone-del-mobile-2016\/"},"author":{"name":"Benedetto Fiori","@id":"https:\/\/socialdesignmagazine.com\/mag\/#\/schema\/person\/61e20205cc363c315e6aabd33a045846"},"headline":"Billiani si prepara al Salone del Mobile 2016","datePublished":"2016-02-04T15:50:00+00:00","mainEntityOfPage":{"@id":"https:\/\/socialdesignmagazine.com\/mag\/news\/design-news\/billiani-si-prepara-al-salone-del-mobile-2016\/"},"wordCount":465,"commentCount":0,"publisher":{"@id":"https:\/\/socialdesignmagazine.com\/mag\/#organization"},"image":{"@id":"https:\/\/socialdesignmagazine.com\/mag\/news\/design-news\/billiani-si-prepara-al-salone-del-mobile-2016\/#primaryimage"},"thumbnailUrl":"https:\/\/socialdesignmagazine.com\/mag\/wp-content\/uploads\/2016\/02\/Billiani-appendiabiti-tango-02.jpg","keywords":["appendiabiti","billiani","emilio nanni","poltroncina","salone del mobile 2016","sedia"],"articleSection":["Design News"],"inLanguage":"it-IT","potentialAction":[{"@type":"CommentAction","name":"Comment","target":["https:\/\/socialdesignmagazine.com\/mag\/news\/design-news\/billiani-si-prepara-al-salone-del-mobile-2016\/#respond"]}]},{"@type":"WebPage","@id":"https:\/\/socialdesignmagazine.com\/mag\/news\/design-news\/billiani-si-prepara-al-salone-del-mobile-2016\/","url":"https:\/\/socialdesignmagazine.com\/mag\/news\/design-news\/billiani-si-prepara-al-salone-del-mobile-2016\/","name":"Billiani si prepara al Salone del Mobile 2016","isPartOf":{"@id":"https:\/\/socialdesignmagazine.com\/mag\/#website"},"primaryImageOfPage":{"@id":"https:\/\/socialdesignmagazine.com\/mag\/news\/design-news\/billiani-si-prepara-al-salone-del-mobile-2016\/#primaryimage"},"image":{"@id":"https:\/\/socialdesignmagazine.com\/mag\/news\/design-news\/billiani-si-prepara-al-salone-del-mobile-2016\/#primaryimage"},"thumbnailUrl":"https:\/\/socialdesignmagazine.com\/mag\/wp-content\/uploads\/2016\/02\/Billiani-appendiabiti-tango-02.jpg","datePublished":"2016-02-04T15:50:00+00:00","description":"Billiani si prepara al Salone del Mobile 2016. Storica azienda friulana Billiani sar\u00e0 presente al Salone del Mobile con molteplici novit\u00e0.","breadcrumb":{"@id":"https:\/\/socialdesignmagazine.com\/mag\/news\/design-news\/billiani-si-prepara-al-salone-del-mobile-2016\/#breadcrumb"},"inLanguage":"it-IT","potentialAction":[{"@type":"ReadAction","target":["https:\/\/socialdesignmagazine.com\/mag\/news\/design-news\/billiani-si-prepara-al-salone-del-mobile-2016\/"]}]},{"@type":"ImageObject","inLanguage":"it-IT","@id":"https:\/\/socialdesignmagazine.com\/mag\/news\/design-news\/billiani-si-prepara-al-salone-del-mobile-2016\/#primaryimage","url":"https:\/\/socialdesignmagazine.com\/mag\/wp-content\/uploads\/2016\/02\/Billiani-appendiabiti-tango-02.jpg","contentUrl":"https:\/\/socialdesignmagazine.com\/mag\/wp-content\/uploads\/2016\/02\/Billiani-appendiabiti-tango-02.jpg","width":1200,"height":800,"caption":"Billiani appendiabiti tango"},{"@type":"BreadcrumbList","@id":"https:\/\/socialdesignmagazine.com\/mag\/news\/design-news\/billiani-si-prepara-al-salone-del-mobile-2016\/#breadcrumb","itemListElement":[{"@type":"ListItem","position":1,"name":"Home","item":"https:\/\/socialdesignmagazine.com\/mag\/"},{"@type":"ListItem","position":2,"name":"News","item":"https:\/\/socialdesignmagazine.com\/mag\/news\/"},{"@type":"ListItem","position":3,"name":"Design News","item":"https:\/\/socialdesignmagazine.com\/mag\/news\/design-news\/"},{"@type":"ListItem","position":4,"name":"Billiani si prepara al Salone del Mobile 2016"}]},{"@type":"WebSite","@id":"https:\/\/socialdesignmagazine.com\/mag\/#website","url":"https:\/\/socialdesignmagazine.com\/mag\/","name":"Social Design Magazine","description":"Social Magazine su Design, Architettura, Arte, Grafica","publisher":{"@id":"https:\/\/socialdesignmagazine.com\/mag\/#organization"},"potentialAction":[{"@type":"SearchAction","target":{"@type":"EntryPoint","urlTemplate":"https:\/\/socialdesignmagazine.com\/mag\/?s={search_term_string}"},"query-input":{"@type":"PropertyValueSpecification","valueRequired":true,"valueName":"search_term_string"}}],"inLanguage":"it-IT"},{"@type":"Organization","@id":"https:\/\/socialdesignmagazine.com\/mag\/#organization","name":"Social Design Magazine","url":"https:\/\/socialdesignmagazine.com\/mag\/","logo":{"@type":"ImageObject","inLanguage":"it-IT","@id":"https:\/\/socialdesignmagazine.com\/mag\/#\/schema\/logo\/image\/","url":"https:\/\/socialdesignmagazine.com\/mag\/wp-content\/uploads\/2017\/01\/logo_favicon_11.png","contentUrl":"https:\/\/socialdesignmagazine.com\/mag\/wp-content\/uploads\/2017\/01\/logo_favicon_11.png","width":1024,"height":1024,"caption":"Social Design Magazine"},"image":{"@id":"https:\/\/socialdesignmagazine.com\/mag\/#\/schema\/logo\/image\/"},"sameAs":["https:\/\/www.facebook.com\/socialdesignmag","https:\/\/x.com\/socialdesignmag","http:\/\/instagram.com\/social_design_magazine\/","http:\/\/pinterest.com\/socialdesignmag\/","http:\/\/www.youtube.com\/user\/socialdesignmagazine"]},{"@type":"Person","@id":"https:\/\/socialdesignmagazine.com\/mag\/#\/schema\/person\/61e20205cc363c315e6aabd33a045846","name":"Benedetto Fiori","image":{"@type":"ImageObject","inLanguage":"it-IT","@id":"https:\/\/secure.gravatar.com\/avatar\/450a48cefa36da63d920ad70aa660bd10725b1c6093800242e5efdb397759033?s=96&d=mm&r=g","url":"https:\/\/secure.gravatar.com\/avatar\/450a48cefa36da63d920ad70aa660bd10725b1c6093800242e5efdb397759033?s=96&d=mm&r=g","contentUrl":"https:\/\/secure.gravatar.com\/avatar\/450a48cefa36da63d920ad70aa660bd10725b1c6093800242e5efdb397759033?s=96&d=mm&r=g","caption":"Benedetto Fiori"},"description":"Web | Twitter | Facebook | Shutterstock Founder &amp; Editor in Chief di Social Design Magazine. Attratto da sempre da tutto ci\u00f2 che \u00e8 creativit\u00e0, design, architettura. Dopo aver studiato Architettura all'Universit\u00e0 di Firenze, si \u00e8 impegnato in molteplici campi: comunicazione grafica, progettazione di allestimenti fieristici, brand design, Interior Design.","sameAs":["http:\/\/benedettofiori.com","https:\/\/www.facebook.com\/benedettofiori","https:\/\/x.com\/benedettofiori"],"url":"https:\/\/socialdesignmagazine.com\/mag\/author\/benedetto\/"}]}},"jetpack_featured_media_url":"https:\/\/socialdesignmagazine.com\/mag\/wp-content\/uploads\/2016\/02\/Billiani-appendiabiti-tango-02.jpg","jetpack_sharing_enabled":true,"jetpack_shortlink":"https:\/\/wp.me\/p6cV7V-6Y0","gt_translate_keys":[{"key":"link","format":"url"}],"_links":{"self":[{"href":"https:\/\/socialdesignmagazine.com\/mag\/wp-json\/wp\/v2\/posts\/26784","targetHints":{"allow":["GET"]}}],"collection":[{"href":"https:\/\/socialdesignmagazine.com\/mag\/wp-json\/wp\/v2\/posts"}],"about":[{"href":"https:\/\/socialdesignmagazine.com\/mag\/wp-json\/wp\/v2\/types\/post"}],"author":[{"embeddable":true,"href":"https:\/\/socialdesignmagazine.com\/mag\/wp-json\/wp\/v2\/users\/1"}],"replies":[{"embeddable":true,"href":"https:\/\/socialdesignmagazine.com\/mag\/wp-json\/wp\/v2\/comments?post=26784"}],"version-history":[{"count":2,"href":"https:\/\/socialdesignmagazine.com\/mag\/wp-json\/wp\/v2\/posts\/26784\/revisions"}],"predecessor-version":[{"id":26791,"href":"https:\/\/socialdesignmagazine.com\/mag\/wp-json\/wp\/v2\/posts\/26784\/revisions\/26791"}],"wp:featuredmedia":[{"embeddable":true,"href":"https:\/\/socialdesignmagazine.com\/mag\/wp-json\/wp\/v2\/media\/26787"}],"wp:attachment":[{"href":"https:\/\/socialdesignmagazine.com\/mag\/wp-json\/wp\/v2\/media?parent=26784"}],"wp:term":[{"taxonomy":"category","embeddable":true,"href":"https:\/\/socialdesignmagazine.com\/mag\/wp-json\/wp\/v2\/categories?post=26784"},{"taxonomy":"post_tag","embeddable":true,"href":"https:\/\/socialdesignmagazine.com\/mag\/wp-json\/wp\/v2\/tags?post=26784"}],"curies":[{"name":"wp","href":"https:\/\/api.w.org\/{rel}","templated":true}]}}