{"id":26915,"date":"2016-02-10T18:00:00","date_gmt":"2016-02-10T17:00:00","guid":{"rendered":"https:\/\/socialdesignmagazine.com\/mag\/?p=26915"},"modified":"2016-02-10T14:28:26","modified_gmt":"2016-02-10T13:28:26","slug":"a-san-valentino-regala-licona-del-design-italiano-cifra-3-di-solari-lineadesign","status":"publish","type":"post","link":"https:\/\/socialdesignmagazine.com\/mag\/news\/design-news\/a-san-valentino-regala-licona-del-design-italiano-cifra-3-di-solari-lineadesign\/","title":{"rendered":"A San Valentino regala l&#8217;icona del design italiano  Cifra 3 di Solari Lineadesign","gt_translate_keys":[{"key":"rendered","format":"text"}]},"content":{"rendered":"<h2>Cifra 3. L&#8217;orologio-icona del &#8216;900, che <a rel=\"nofollow\" href=\"http:\/\/www.solarilineadesign.com\">Solari Lineadesign<\/a> ha da poco rimesso in produzione, diventa il regalo di San Valentino perfetto per chi ama il design italiano di alta qualit\u00e0.<\/h2>\n<p>Un\u2019icona rivoluzionaria. La tecnologia del rullo a palette racchiuso nel Cifra 3 ha rivoluzionato il modo di visualizzare il tempo ed \u00e8 entrato non solo nelle case e negli uffici, ma nelle grandi stazioni, nei luoghi pubblici e negli aeroporti di tutto il mondo.<\/p>\n<p>Il cuore pulsante della tecnologia, formato dal motore, dalla parte meccanica e dai rulli di palette, \u00e8 fissato ad un pannello interno, struttura portante dell\u2019oggetto, mentre la cassa esterna, dall\u2019inconfondibile forma cilindrica disegnata da Valle, \u00e8 in polimetacrilato trasparente nel quadrante e in termoplastico nella parte posteriore.<\/p>\n<p>Una storia di qualit\u00e0. Il funzionamento \u00e8 semplice: i periodi della corrente alternata si trasformano in unit\u00e0 di tempo e il motore, sincronizzato con la frequenza di rete, genera il movimento rotatorio di rulli e palette.<\/p>\n<p>Oggi, esattamente come 50 anni fa, la perfezione meccanica di Cifra 3 nasce dall\u2019abilit\u00e0 artigianale dell\u2019uomo che assembla le palette a mano, in una specifica sequenza.<\/p>\n<div id=\"attachment_26919\" style=\"width: 890px\" class=\"wp-caption alignnone\"><a href=\"https:\/\/socialdesignmagazine.com\/mag\/?attachment_id=26919#content\" rel=\"attachment wp-att-26919\"><img loading=\"lazy\" decoding=\"async\" aria-describedby=\"caption-attachment-26919\" data-attachment-id=\"26919\" data-permalink=\"https:\/\/socialdesignmagazine.com\/mag\/news\/design-news\/a-san-valentino-regala-licona-del-design-italiano-cifra-3-di-solari-lineadesign\/attachment\/cifra-3-rosso\/#content\" data-orig-file=\"https:\/\/socialdesignmagazine.com\/mag\/wp-content\/uploads\/2016\/02\/Cifra-3-rosso.jpg\" data-orig-size=\"880,1320\" data-comments-opened=\"1\" data-image-meta=\"{&quot;aperture&quot;:&quot;0&quot;,&quot;credit&quot;:&quot;&quot;,&quot;camera&quot;:&quot;&quot;,&quot;caption&quot;:&quot;&quot;,&quot;created_timestamp&quot;:&quot;0&quot;,&quot;copyright&quot;:&quot;&quot;,&quot;focal_length&quot;:&quot;0&quot;,&quot;iso&quot;:&quot;0&quot;,&quot;shutter_speed&quot;:&quot;0&quot;,&quot;title&quot;:&quot;&quot;,&quot;orientation&quot;:&quot;0&quot;}\" data-image-title=\"Cifra 3 rosso\" data-image-description=\"\" data-image-caption=\"&lt;p&gt;Cifra 3, regalo di design per San Valentino&lt;\/p&gt;\n\" data-medium-file=\"https:\/\/socialdesignmagazine.com\/mag\/wp-content\/uploads\/2016\/02\/Cifra-3-rosso-396x256.jpg\" data-large-file=\"https:\/\/socialdesignmagazine.com\/mag\/wp-content\/uploads\/2016\/02\/Cifra-3-rosso.jpg\" class=\"size-full wp-image-26919\" src=\"https:\/\/socialdesignmagazine.com\/mag\/wp-content\/uploads\/2016\/02\/Cifra-3-rosso.jpg\" alt=\"Cifra 3, regalo di design per San Valentino\" width=\"880\" height=\"1320\" srcset=\"https:\/\/socialdesignmagazine.com\/mag\/wp-content\/uploads\/2016\/02\/Cifra-3-rosso.jpg 880w, https:\/\/socialdesignmagazine.com\/mag\/wp-content\/uploads\/2016\/02\/Cifra-3-rosso-768x1152.jpg 768w\" sizes=\"auto, (max-width: 880px) 100vw, 880px\" \/><\/a><p id=\"caption-attachment-26919\" class=\"wp-caption-text\">Cifra 3, regalo di design per San Valentino<\/p><\/div>\n<div id=\"attachment_26918\" style=\"width: 890px\" class=\"wp-caption alignnone\"><a href=\"https:\/\/socialdesignmagazine.com\/mag\/?attachment_id=26918#content\" rel=\"attachment wp-att-26918\"><img loading=\"lazy\" decoding=\"async\" aria-describedby=\"caption-attachment-26918\" data-attachment-id=\"26918\" data-permalink=\"https:\/\/socialdesignmagazine.com\/mag\/news\/design-news\/a-san-valentino-regala-licona-del-design-italiano-cifra-3-di-solari-lineadesign\/attachment\/cifra-3-nero\/#content\" data-orig-file=\"https:\/\/socialdesignmagazine.com\/mag\/wp-content\/uploads\/2016\/02\/Cifra-3-nero.jpg\" data-orig-size=\"880,1320\" data-comments-opened=\"1\" data-image-meta=\"{&quot;aperture&quot;:&quot;0&quot;,&quot;credit&quot;:&quot;&quot;,&quot;camera&quot;:&quot;&quot;,&quot;caption&quot;:&quot;&quot;,&quot;created_timestamp&quot;:&quot;0&quot;,&quot;copyright&quot;:&quot;&quot;,&quot;focal_length&quot;:&quot;0&quot;,&quot;iso&quot;:&quot;0&quot;,&quot;shutter_speed&quot;:&quot;0&quot;,&quot;title&quot;:&quot;&quot;,&quot;orientation&quot;:&quot;0&quot;}\" data-image-title=\"Cifra 3 nero\" data-image-description=\"\" data-image-caption=\"&lt;p&gt;Cifra 3 nero&lt;\/p&gt;\n\" data-medium-file=\"https:\/\/socialdesignmagazine.com\/mag\/wp-content\/uploads\/2016\/02\/Cifra-3-nero-396x256.jpg\" data-large-file=\"https:\/\/socialdesignmagazine.com\/mag\/wp-content\/uploads\/2016\/02\/Cifra-3-nero.jpg\" class=\"size-full wp-image-26918\" src=\"https:\/\/socialdesignmagazine.com\/mag\/wp-content\/uploads\/2016\/02\/Cifra-3-nero.jpg\" alt=\"Cifra 3 nero\" width=\"880\" height=\"1320\" srcset=\"https:\/\/socialdesignmagazine.com\/mag\/wp-content\/uploads\/2016\/02\/Cifra-3-nero.jpg 880w, https:\/\/socialdesignmagazine.com\/mag\/wp-content\/uploads\/2016\/02\/Cifra-3-nero-768x1152.jpg 768w\" sizes=\"auto, (max-width: 880px) 100vw, 880px\" \/><\/a><p id=\"caption-attachment-26918\" class=\"wp-caption-text\">Cifra 3 nero<\/p><\/div>\n<p>Regalare un Cifra3 vuol dire regalare un pezzo di storia del design che, grazie agli abili \u201csarti del tempo\u201d, conserva ancora oggi quella perfezione meccanica che dal 1966 fa scattare le 3 palette in maniera solida, nitida, perfetta.<\/p>\n<p>Colori: bianco, rosso, verde e nero.<br \/>\nPrezzi: bianco, rosso e verde: 395 euro iva inclusa<br \/>\nnero: 460 euro iva inclusa<\/p>\n","protected":false,"gt_translate_keys":[{"key":"rendered","format":"html"}]},"excerpt":{"rendered":"<p>Cifra 3. L&#8217;orologio-icona del &#8216;900, che Solari Lineadesign ha da poco rimesso in produzione, diventa il regalo di San Valentino perfetto per chi ama il design italiano di alta qualit\u00e0.<\/p>\n","protected":false,"gt_translate_keys":[{"key":"rendered","format":"html"}]},"author":1,"featured_media":26917,"comment_status":"open","ping_status":"open","sticky":false,"template":"","format":"standard","meta":{"jetpack_post_was_ever_published":false,"_jetpack_newsletter_access":"","_jetpack_dont_email_post_to_subs":false,"_jetpack_newsletter_tier_id":0,"_jetpack_memberships_contains_paywalled_content":false,"_jetpack_memberships_contains_paid_content":false,"footnotes":"","_wpscppro_dont_share_socialmedia":false,"_wpscppro_custom_social_share_image":0,"_facebook_share_type":"","_twitter_share_type":"","_linkedin_share_type":"","_pinterest_share_type":"","_linkedin_share_type_page":"","_instagram_share_type":"","_medium_share_type":"","_threads_share_type":"","_google_business_share_type":"","_selected_social_profile":[],"_wpsp_enable_custom_social_template":false,"_wpsp_social_scheduling":{"enabled":false,"datetime":null,"platforms":[],"status":"template_only","dateOption":"today","timeOption":"now","customDays":"","customHours":"","customDate":"","customTime":"","schedulingType":"absolute"},"_wpsp_active_default_template":true},"categories":[17],"tags":[2851,4631],"class_list":["post-26915","post","type-post","status-publish","format-standard","has-post-thumbnail","hentry","category-design-news","tag-idee-regalo","tag-san-valentino-2016"],"yoast_head":"<!-- This site is optimized with the Yoast SEO plugin v27.2 - https:\/\/yoast.com\/product\/yoast-seo-wordpress\/ -->\n<title>A San Valentino regala l&#039;icona del design italiano \u00a0Cifra 3\u00a0<\/title>\n<meta name=\"description\" content=\"Cifra 3. L&#039;orologio-icona del &#039;900, diventa il regalo di San Valentino perfetto per chi ama il design italiano di alta qualit\u00e0.\" \/>\n<meta name=\"robots\" content=\"index, follow, max-snippet:-1, max-image-preview:large, max-video-preview:-1\" \/>\n<link rel=\"canonical\" href=\"https:\/\/socialdesignmagazine.com\/mag\/news\/design-news\/a-san-valentino-regala-licona-del-design-italiano-cifra-3-di-solari-lineadesign\/\" \/>\n<meta property=\"og:locale\" content=\"it_IT\" \/>\n<meta property=\"og:type\" content=\"article\" \/>\n<meta property=\"og:title\" content=\"A San Valentino regala l&#039;icona del design italiano \u00a0Cifra 3\u00a0\" \/>\n<meta property=\"og:description\" content=\"Cifra 3. L&#039;orologio-icona del &#039;900, diventa il regalo di San Valentino perfetto per chi ama il design italiano di alta qualit\u00e0.\" \/>\n<meta property=\"og:url\" content=\"http:\/\/socialdesignmagazine.com\/mag\/news\/design-news\/a-san-valentino-regala-licona-del-design-italiano-cifra-3-di-solari-lineadesign\/\" \/>\n<meta property=\"og:site_name\" content=\"Social Design Magazine\" \/>\n<meta property=\"article:publisher\" content=\"https:\/\/www.facebook.com\/socialdesignmag\" \/>\n<meta property=\"article:author\" content=\"https:\/\/www.facebook.com\/benedettofiori\" \/>\n<meta property=\"article:published_time\" content=\"2016-02-10T17:00:00+00:00\" \/>\n<meta property=\"og:image\" content=\"https:\/\/socialdesignmagazine.com\/mag\/wp-content\/uploads\/2016\/02\/Cifra-3-bianco.jpg\" \/>\n\t<meta property=\"og:image:width\" content=\"880\" \/>\n\t<meta property=\"og:image:height\" content=\"586\" \/>\n\t<meta property=\"og:image:type\" content=\"image\/jpeg\" \/>\n<meta name=\"author\" content=\"Benedetto Fiori\" \/>\n<meta name=\"twitter:card\" content=\"summary_large_image\" \/>\n<meta name=\"twitter:creator\" content=\"@benedettofiori\" \/>\n<meta name=\"twitter:site\" content=\"@socialdesignmag\" \/>\n<meta name=\"twitter:label1\" content=\"Scritto da\" \/>\n\t<meta name=\"twitter:data1\" content=\"Benedetto Fiori\" \/>\n\t<meta name=\"twitter:label2\" content=\"Tempo di lettura stimato\" \/>\n\t<meta name=\"twitter:data2\" content=\"1 minuto\" \/>\n<script type=\"application\/ld+json\" class=\"yoast-schema-graph\">{\"@context\":\"https:\/\/schema.org\",\"@graph\":[{\"@type\":\"Article\",\"@id\":\"https:\/\/socialdesignmagazine.com\/mag\/news\/design-news\/a-san-valentino-regala-licona-del-design-italiano-cifra-3-di-solari-lineadesign\/#article\",\"isPartOf\":{\"@id\":\"https:\/\/socialdesignmagazine.com\/mag\/news\/design-news\/a-san-valentino-regala-licona-del-design-italiano-cifra-3-di-solari-lineadesign\/\"},\"author\":{\"name\":\"Benedetto Fiori\",\"@id\":\"https:\/\/socialdesignmagazine.com\/mag\/#\/schema\/person\/61e20205cc363c315e6aabd33a045846\"},\"headline\":\"A San Valentino regala l&#8217;icona del design italiano Cifra 3 di Solari Lineadesign\",\"datePublished\":\"2016-02-10T17:00:00+00:00\",\"mainEntityOfPage\":{\"@id\":\"https:\/\/socialdesignmagazine.com\/mag\/news\/design-news\/a-san-valentino-regala-licona-del-design-italiano-cifra-3-di-solari-lineadesign\/\"},\"wordCount\":270,\"commentCount\":0,\"publisher\":{\"@id\":\"https:\/\/socialdesignmagazine.com\/mag\/#organization\"},\"image\":{\"@id\":\"https:\/\/socialdesignmagazine.com\/mag\/news\/design-news\/a-san-valentino-regala-licona-del-design-italiano-cifra-3-di-solari-lineadesign\/#primaryimage\"},\"thumbnailUrl\":\"https:\/\/socialdesignmagazine.com\/mag\/wp-content\/uploads\/2016\/02\/Cifra-3-bianco.jpg\",\"keywords\":[\"idee regalo\",\"san valentino 2016\"],\"articleSection\":[\"Design News\"],\"inLanguage\":\"it-IT\",\"potentialAction\":[{\"@type\":\"CommentAction\",\"name\":\"Comment\",\"target\":[\"https:\/\/socialdesignmagazine.com\/mag\/news\/design-news\/a-san-valentino-regala-licona-del-design-italiano-cifra-3-di-solari-lineadesign\/#respond\"]}]},{\"@type\":\"WebPage\",\"@id\":\"https:\/\/socialdesignmagazine.com\/mag\/news\/design-news\/a-san-valentino-regala-licona-del-design-italiano-cifra-3-di-solari-lineadesign\/\",\"url\":\"https:\/\/socialdesignmagazine.com\/mag\/news\/design-news\/a-san-valentino-regala-licona-del-design-italiano-cifra-3-di-solari-lineadesign\/\",\"name\":\"A San Valentino regala l'icona del design italiano \u00a0Cifra 3\u00a0\",\"isPartOf\":{\"@id\":\"https:\/\/socialdesignmagazine.com\/mag\/#website\"},\"primaryImageOfPage\":{\"@id\":\"https:\/\/socialdesignmagazine.com\/mag\/news\/design-news\/a-san-valentino-regala-licona-del-design-italiano-cifra-3-di-solari-lineadesign\/#primaryimage\"},\"image\":{\"@id\":\"https:\/\/socialdesignmagazine.com\/mag\/news\/design-news\/a-san-valentino-regala-licona-del-design-italiano-cifra-3-di-solari-lineadesign\/#primaryimage\"},\"thumbnailUrl\":\"https:\/\/socialdesignmagazine.com\/mag\/wp-content\/uploads\/2016\/02\/Cifra-3-bianco.jpg\",\"datePublished\":\"2016-02-10T17:00:00+00:00\",\"description\":\"Cifra 3. L'orologio-icona del '900, diventa il regalo di San Valentino perfetto per chi ama il design italiano di alta qualit\u00e0.\",\"breadcrumb\":{\"@id\":\"https:\/\/socialdesignmagazine.com\/mag\/news\/design-news\/a-san-valentino-regala-licona-del-design-italiano-cifra-3-di-solari-lineadesign\/#breadcrumb\"},\"inLanguage\":\"it-IT\",\"potentialAction\":[{\"@type\":\"ReadAction\",\"target\":[\"https:\/\/socialdesignmagazine.com\/mag\/news\/design-news\/a-san-valentino-regala-licona-del-design-italiano-cifra-3-di-solari-lineadesign\/\"]}]},{\"@type\":\"ImageObject\",\"inLanguage\":\"it-IT\",\"@id\":\"https:\/\/socialdesignmagazine.com\/mag\/news\/design-news\/a-san-valentino-regala-licona-del-design-italiano-cifra-3-di-solari-lineadesign\/#primaryimage\",\"url\":\"https:\/\/socialdesignmagazine.com\/mag\/wp-content\/uploads\/2016\/02\/Cifra-3-bianco.jpg\",\"contentUrl\":\"https:\/\/socialdesignmagazine.com\/mag\/wp-content\/uploads\/2016\/02\/Cifra-3-bianco.jpg\",\"width\":880,\"height\":586,\"caption\":\"Cifra 3\"},{\"@type\":\"BreadcrumbList\",\"@id\":\"https:\/\/socialdesignmagazine.com\/mag\/news\/design-news\/a-san-valentino-regala-licona-del-design-italiano-cifra-3-di-solari-lineadesign\/#breadcrumb\",\"itemListElement\":[{\"@type\":\"ListItem\",\"position\":1,\"name\":\"Home\",\"item\":\"https:\/\/socialdesignmagazine.com\/mag\/\"},{\"@type\":\"ListItem\",\"position\":2,\"name\":\"News\",\"item\":\"https:\/\/socialdesignmagazine.com\/mag\/news\/\"},{\"@type\":\"ListItem\",\"position\":3,\"name\":\"Design News\",\"item\":\"https:\/\/socialdesignmagazine.com\/mag\/news\/design-news\/\"},{\"@type\":\"ListItem\",\"position\":4,\"name\":\"A San Valentino regala l&#8217;icona del design italiano Cifra 3 di Solari Lineadesign\"}]},{\"@type\":\"WebSite\",\"@id\":\"https:\/\/socialdesignmagazine.com\/mag\/#website\",\"url\":\"https:\/\/socialdesignmagazine.com\/mag\/\",\"name\":\"Social Design Magazine\",\"description\":\"Social Magazine su Design, Architettura, Arte, Grafica\",\"publisher\":{\"@id\":\"https:\/\/socialdesignmagazine.com\/mag\/#organization\"},\"potentialAction\":[{\"@type\":\"SearchAction\",\"target\":{\"@type\":\"EntryPoint\",\"urlTemplate\":\"https:\/\/socialdesignmagazine.com\/mag\/?s={search_term_string}\"},\"query-input\":{\"@type\":\"PropertyValueSpecification\",\"valueRequired\":true,\"valueName\":\"search_term_string\"}}],\"inLanguage\":\"it-IT\"},{\"@type\":\"Organization\",\"@id\":\"https:\/\/socialdesignmagazine.com\/mag\/#organization\",\"name\":\"Social Design Magazine\",\"url\":\"https:\/\/socialdesignmagazine.com\/mag\/\",\"logo\":{\"@type\":\"ImageObject\",\"inLanguage\":\"it-IT\",\"@id\":\"https:\/\/socialdesignmagazine.com\/mag\/#\/schema\/logo\/image\/\",\"url\":\"https:\/\/socialdesignmagazine.com\/mag\/wp-content\/uploads\/2017\/01\/logo_favicon_11.png\",\"contentUrl\":\"https:\/\/socialdesignmagazine.com\/mag\/wp-content\/uploads\/2017\/01\/logo_favicon_11.png\",\"width\":1024,\"height\":1024,\"caption\":\"Social Design Magazine\"},\"image\":{\"@id\":\"https:\/\/socialdesignmagazine.com\/mag\/#\/schema\/logo\/image\/\"},\"sameAs\":[\"https:\/\/www.facebook.com\/socialdesignmag\",\"https:\/\/x.com\/socialdesignmag\",\"http:\/\/instagram.com\/social_design_magazine\/\",\"http:\/\/pinterest.com\/socialdesignmag\/\",\"http:\/\/www.youtube.com\/user\/socialdesignmagazine\"]},{\"@type\":\"Person\",\"@id\":\"https:\/\/socialdesignmagazine.com\/mag\/#\/schema\/person\/61e20205cc363c315e6aabd33a045846\",\"name\":\"Benedetto Fiori\",\"image\":{\"@type\":\"ImageObject\",\"inLanguage\":\"it-IT\",\"@id\":\"https:\/\/secure.gravatar.com\/avatar\/450a48cefa36da63d920ad70aa660bd10725b1c6093800242e5efdb397759033?s=96&d=mm&r=g\",\"url\":\"https:\/\/secure.gravatar.com\/avatar\/450a48cefa36da63d920ad70aa660bd10725b1c6093800242e5efdb397759033?s=96&d=mm&r=g\",\"contentUrl\":\"https:\/\/secure.gravatar.com\/avatar\/450a48cefa36da63d920ad70aa660bd10725b1c6093800242e5efdb397759033?s=96&d=mm&r=g\",\"caption\":\"Benedetto Fiori\"},\"description\":\"Web | Twitter | Facebook | Shutterstock Founder &amp; Editor in Chief di Social Design Magazine. Attratto da sempre da tutto ci\u00f2 che \u00e8 creativit\u00e0, design, architettura. Dopo aver studiato Architettura all'Universit\u00e0 di Firenze, si \u00e8 impegnato in molteplici campi: comunicazione grafica, progettazione di allestimenti fieristici, brand design, Interior Design.\",\"sameAs\":[\"http:\/\/benedettofiori.com\",\"https:\/\/www.facebook.com\/benedettofiori\",\"https:\/\/x.com\/benedettofiori\"],\"url\":\"https:\/\/socialdesignmagazine.com\/mag\/author\/benedetto\/\"}]}<\/script>\n<!-- \/ Yoast SEO plugin. -->","yoast_head_json":{"title":"A San Valentino regala l'icona del design italiano \u00a0Cifra 3\u00a0","description":"Cifra 3. L'orologio-icona del '900, diventa il regalo di San Valentino perfetto per chi ama il design italiano di alta qualit\u00e0.","robots":{"index":"index","follow":"follow","max-snippet":"max-snippet:-1","max-image-preview":"max-image-preview:large","max-video-preview":"max-video-preview:-1"},"canonical":"https:\/\/socialdesignmagazine.com\/mag\/news\/design-news\/a-san-valentino-regala-licona-del-design-italiano-cifra-3-di-solari-lineadesign\/","og_locale":"it_IT","og_type":"article","og_title":"A San Valentino regala l'icona del design italiano \u00a0Cifra 3\u00a0","og_description":"Cifra 3. L'orologio-icona del '900, diventa il regalo di San Valentino perfetto per chi ama il design italiano di alta qualit\u00e0.","og_url":"http:\/\/socialdesignmagazine.com\/mag\/news\/design-news\/a-san-valentino-regala-licona-del-design-italiano-cifra-3-di-solari-lineadesign\/","og_site_name":"Social Design Magazine","article_publisher":"https:\/\/www.facebook.com\/socialdesignmag","article_author":"https:\/\/www.facebook.com\/benedettofiori","article_published_time":"2016-02-10T17:00:00+00:00","og_image":[{"width":880,"height":586,"url":"https:\/\/socialdesignmagazine.com\/mag\/wp-content\/uploads\/2016\/02\/Cifra-3-bianco.jpg","type":"image\/jpeg"}],"author":"Benedetto Fiori","twitter_card":"summary_large_image","twitter_creator":"@benedettofiori","twitter_site":"@socialdesignmag","twitter_misc":{"Scritto da":"Benedetto Fiori","Tempo di lettura stimato":"1 minuto"},"schema":{"@context":"https:\/\/schema.org","@graph":[{"@type":"Article","@id":"https:\/\/socialdesignmagazine.com\/mag\/news\/design-news\/a-san-valentino-regala-licona-del-design-italiano-cifra-3-di-solari-lineadesign\/#article","isPartOf":{"@id":"https:\/\/socialdesignmagazine.com\/mag\/news\/design-news\/a-san-valentino-regala-licona-del-design-italiano-cifra-3-di-solari-lineadesign\/"},"author":{"name":"Benedetto Fiori","@id":"https:\/\/socialdesignmagazine.com\/mag\/#\/schema\/person\/61e20205cc363c315e6aabd33a045846"},"headline":"A San Valentino regala l&#8217;icona del design italiano Cifra 3 di Solari Lineadesign","datePublished":"2016-02-10T17:00:00+00:00","mainEntityOfPage":{"@id":"https:\/\/socialdesignmagazine.com\/mag\/news\/design-news\/a-san-valentino-regala-licona-del-design-italiano-cifra-3-di-solari-lineadesign\/"},"wordCount":270,"commentCount":0,"publisher":{"@id":"https:\/\/socialdesignmagazine.com\/mag\/#organization"},"image":{"@id":"https:\/\/socialdesignmagazine.com\/mag\/news\/design-news\/a-san-valentino-regala-licona-del-design-italiano-cifra-3-di-solari-lineadesign\/#primaryimage"},"thumbnailUrl":"https:\/\/socialdesignmagazine.com\/mag\/wp-content\/uploads\/2016\/02\/Cifra-3-bianco.jpg","keywords":["idee regalo","san valentino 2016"],"articleSection":["Design News"],"inLanguage":"it-IT","potentialAction":[{"@type":"CommentAction","name":"Comment","target":["https:\/\/socialdesignmagazine.com\/mag\/news\/design-news\/a-san-valentino-regala-licona-del-design-italiano-cifra-3-di-solari-lineadesign\/#respond"]}]},{"@type":"WebPage","@id":"https:\/\/socialdesignmagazine.com\/mag\/news\/design-news\/a-san-valentino-regala-licona-del-design-italiano-cifra-3-di-solari-lineadesign\/","url":"https:\/\/socialdesignmagazine.com\/mag\/news\/design-news\/a-san-valentino-regala-licona-del-design-italiano-cifra-3-di-solari-lineadesign\/","name":"A San Valentino regala l'icona del design italiano \u00a0Cifra 3\u00a0","isPartOf":{"@id":"https:\/\/socialdesignmagazine.com\/mag\/#website"},"primaryImageOfPage":{"@id":"https:\/\/socialdesignmagazine.com\/mag\/news\/design-news\/a-san-valentino-regala-licona-del-design-italiano-cifra-3-di-solari-lineadesign\/#primaryimage"},"image":{"@id":"https:\/\/socialdesignmagazine.com\/mag\/news\/design-news\/a-san-valentino-regala-licona-del-design-italiano-cifra-3-di-solari-lineadesign\/#primaryimage"},"thumbnailUrl":"https:\/\/socialdesignmagazine.com\/mag\/wp-content\/uploads\/2016\/02\/Cifra-3-bianco.jpg","datePublished":"2016-02-10T17:00:00+00:00","description":"Cifra 3. L'orologio-icona del '900, diventa il regalo di San Valentino perfetto per chi ama il design italiano di alta qualit\u00e0.","breadcrumb":{"@id":"https:\/\/socialdesignmagazine.com\/mag\/news\/design-news\/a-san-valentino-regala-licona-del-design-italiano-cifra-3-di-solari-lineadesign\/#breadcrumb"},"inLanguage":"it-IT","potentialAction":[{"@type":"ReadAction","target":["https:\/\/socialdesignmagazine.com\/mag\/news\/design-news\/a-san-valentino-regala-licona-del-design-italiano-cifra-3-di-solari-lineadesign\/"]}]},{"@type":"ImageObject","inLanguage":"it-IT","@id":"https:\/\/socialdesignmagazine.com\/mag\/news\/design-news\/a-san-valentino-regala-licona-del-design-italiano-cifra-3-di-solari-lineadesign\/#primaryimage","url":"https:\/\/socialdesignmagazine.com\/mag\/wp-content\/uploads\/2016\/02\/Cifra-3-bianco.jpg","contentUrl":"https:\/\/socialdesignmagazine.com\/mag\/wp-content\/uploads\/2016\/02\/Cifra-3-bianco.jpg","width":880,"height":586,"caption":"Cifra 3"},{"@type":"BreadcrumbList","@id":"https:\/\/socialdesignmagazine.com\/mag\/news\/design-news\/a-san-valentino-regala-licona-del-design-italiano-cifra-3-di-solari-lineadesign\/#breadcrumb","itemListElement":[{"@type":"ListItem","position":1,"name":"Home","item":"https:\/\/socialdesignmagazine.com\/mag\/"},{"@type":"ListItem","position":2,"name":"News","item":"https:\/\/socialdesignmagazine.com\/mag\/news\/"},{"@type":"ListItem","position":3,"name":"Design News","item":"https:\/\/socialdesignmagazine.com\/mag\/news\/design-news\/"},{"@type":"ListItem","position":4,"name":"A San Valentino regala l&#8217;icona del design italiano Cifra 3 di Solari Lineadesign"}]},{"@type":"WebSite","@id":"https:\/\/socialdesignmagazine.com\/mag\/#website","url":"https:\/\/socialdesignmagazine.com\/mag\/","name":"Social Design Magazine","description":"Social Magazine su Design, Architettura, Arte, Grafica","publisher":{"@id":"https:\/\/socialdesignmagazine.com\/mag\/#organization"},"potentialAction":[{"@type":"SearchAction","target":{"@type":"EntryPoint","urlTemplate":"https:\/\/socialdesignmagazine.com\/mag\/?s={search_term_string}"},"query-input":{"@type":"PropertyValueSpecification","valueRequired":true,"valueName":"search_term_string"}}],"inLanguage":"it-IT"},{"@type":"Organization","@id":"https:\/\/socialdesignmagazine.com\/mag\/#organization","name":"Social Design Magazine","url":"https:\/\/socialdesignmagazine.com\/mag\/","logo":{"@type":"ImageObject","inLanguage":"it-IT","@id":"https:\/\/socialdesignmagazine.com\/mag\/#\/schema\/logo\/image\/","url":"https:\/\/socialdesignmagazine.com\/mag\/wp-content\/uploads\/2017\/01\/logo_favicon_11.png","contentUrl":"https:\/\/socialdesignmagazine.com\/mag\/wp-content\/uploads\/2017\/01\/logo_favicon_11.png","width":1024,"height":1024,"caption":"Social Design Magazine"},"image":{"@id":"https:\/\/socialdesignmagazine.com\/mag\/#\/schema\/logo\/image\/"},"sameAs":["https:\/\/www.facebook.com\/socialdesignmag","https:\/\/x.com\/socialdesignmag","http:\/\/instagram.com\/social_design_magazine\/","http:\/\/pinterest.com\/socialdesignmag\/","http:\/\/www.youtube.com\/user\/socialdesignmagazine"]},{"@type":"Person","@id":"https:\/\/socialdesignmagazine.com\/mag\/#\/schema\/person\/61e20205cc363c315e6aabd33a045846","name":"Benedetto Fiori","image":{"@type":"ImageObject","inLanguage":"it-IT","@id":"https:\/\/secure.gravatar.com\/avatar\/450a48cefa36da63d920ad70aa660bd10725b1c6093800242e5efdb397759033?s=96&d=mm&r=g","url":"https:\/\/secure.gravatar.com\/avatar\/450a48cefa36da63d920ad70aa660bd10725b1c6093800242e5efdb397759033?s=96&d=mm&r=g","contentUrl":"https:\/\/secure.gravatar.com\/avatar\/450a48cefa36da63d920ad70aa660bd10725b1c6093800242e5efdb397759033?s=96&d=mm&r=g","caption":"Benedetto Fiori"},"description":"Web | Twitter | Facebook | Shutterstock Founder &amp; Editor in Chief di Social Design Magazine. Attratto da sempre da tutto ci\u00f2 che \u00e8 creativit\u00e0, design, architettura. Dopo aver studiato Architettura all'Universit\u00e0 di Firenze, si \u00e8 impegnato in molteplici campi: comunicazione grafica, progettazione di allestimenti fieristici, brand design, Interior Design.","sameAs":["http:\/\/benedettofiori.com","https:\/\/www.facebook.com\/benedettofiori","https:\/\/x.com\/benedettofiori"],"url":"https:\/\/socialdesignmagazine.com\/mag\/author\/benedetto\/"}]}},"jetpack_featured_media_url":"https:\/\/socialdesignmagazine.com\/mag\/wp-content\/uploads\/2016\/02\/Cifra-3-bianco.jpg","jetpack_sharing_enabled":true,"jetpack_shortlink":"https:\/\/wp.me\/p6cV7V-707","gt_translate_keys":[{"key":"link","format":"url"}],"_links":{"self":[{"href":"https:\/\/socialdesignmagazine.com\/mag\/wp-json\/wp\/v2\/posts\/26915","targetHints":{"allow":["GET"]}}],"collection":[{"href":"https:\/\/socialdesignmagazine.com\/mag\/wp-json\/wp\/v2\/posts"}],"about":[{"href":"https:\/\/socialdesignmagazine.com\/mag\/wp-json\/wp\/v2\/types\/post"}],"author":[{"embeddable":true,"href":"https:\/\/socialdesignmagazine.com\/mag\/wp-json\/wp\/v2\/users\/1"}],"replies":[{"embeddable":true,"href":"https:\/\/socialdesignmagazine.com\/mag\/wp-json\/wp\/v2\/comments?post=26915"}],"version-history":[{"count":3,"href":"https:\/\/socialdesignmagazine.com\/mag\/wp-json\/wp\/v2\/posts\/26915\/revisions"}],"predecessor-version":[{"id":26921,"href":"https:\/\/socialdesignmagazine.com\/mag\/wp-json\/wp\/v2\/posts\/26915\/revisions\/26921"}],"wp:featuredmedia":[{"embeddable":true,"href":"https:\/\/socialdesignmagazine.com\/mag\/wp-json\/wp\/v2\/media\/26917"}],"wp:attachment":[{"href":"https:\/\/socialdesignmagazine.com\/mag\/wp-json\/wp\/v2\/media?parent=26915"}],"wp:term":[{"taxonomy":"category","embeddable":true,"href":"https:\/\/socialdesignmagazine.com\/mag\/wp-json\/wp\/v2\/categories?post=26915"},{"taxonomy":"post_tag","embeddable":true,"href":"https:\/\/socialdesignmagazine.com\/mag\/wp-json\/wp\/v2\/tags?post=26915"}],"curies":[{"name":"wp","href":"https:\/\/api.w.org\/{rel}","templated":true}]}}