{"id":27116,"date":"2016-02-26T10:00:56","date_gmt":"2016-02-26T09:00:56","guid":{"rendered":"https:\/\/socialdesignmagazine.com\/mag\/?p=27116"},"modified":"2016-02-23T23:01:37","modified_gmt":"2016-02-23T22:01:37","slug":"becoming-kids-lago-ci-fa-tornare-bambini-con-un-progetto-dedicato-al-mondo-dellinfanzia","status":"publish","type":"post","link":"https:\/\/socialdesignmagazine.com\/mag\/news\/design-news\/becoming-kids-lago-ci-fa-tornare-bambini-con-un-progetto-dedicato-al-mondo-dellinfanzia\/","title":{"rendered":"Becoming Kids: LAGO ci fa tornare bambini con un progetto dedicato al mondo dell\u2019infanzia","gt_translate_keys":[{"key":"rendered","format":"text"}]},"content":{"rendered":"<h2><a rel=\"nofollow\" href=\"http:\/\/www.lago.it\/\">LAGO<\/a> presenta il nuovo mondo Kids &amp; Young, il risultato di un percorso durato oltre un anno con il coinvolgimento di un Comitato Scientifico di educatori, designer, filosofi al fine di progettare spazi di qualit\u00e0 totale in cui far crescere bambini e adolescenti.<\/h2>\n<p>Per LAGO &#8211; azienda leader nel settore della produzione di arredi e nella progettazione olistica di tutti i luoghi del vivere &#8211; <strong>l\u2019infanzia e l\u2019adolescenza sono fasi preziose che occorre vivere in spazi di qualit\u00e0 totale<\/strong>, capaci di stimolare le facolt\u00e0 di pensiero di chi li abita. Questo perch\u00e9 bambini e adolescenti sono il futuro della nostra societ\u00e0 e occorre intercettarne bisogni e desideri per sviluppare progetti di senso a loro dedicati.<\/p>\n<p>L\u2019azienda considera da sempre il design come uno strumento di trasformazione sociale che ascoltI e che, immaginando spazi vitali e vissuti, diventi proposta. Per questo il progetto non poteva esaurirsi in una semplice collezione di arredi, ma doveva abbracciare l\u2019intero universo dei pi\u00f9 piccoli.<\/p>\n<p>Favorire l\u2019educazione alla bellezza e la passione per la vita sono solo due dei driver con i quali LAGO ha intrapreso il percorso dedicato allo sviluppo di una progettazione per bambini e ragazzi.<\/p>\n<p><strong>Con il supporto di un Comitato Scientifico<\/strong> &#8211; composto da Marnie Campagnaro, Virginio Briatore e BRH+ &#8211; operante a stretto contatto con Daniele Lago e il LAGO Design Team, l\u2019azienda ha avviato un lavoro di ricerca in grado di proporre contributi di spessore culturale e nuovi punti di vista educativi e filosofici, utili alla definizione della nuova linea KIDS &amp; YOUNG.<\/p>\n<p>LAGO ha quindi parlato e lavorato con bambini, ragazzi, genitori ed educatori, ha raccolto voci, disegni, parole, sogni e li ha trasformati in arredi.<\/p>\n<p><em>\u201cIl design oggi \u00e8 una disciplina sempre pi\u00f9 olistica e trasversale ed \u00e8 per questo che nell&#8217;affrontare un tema progettuale riguardante i bambini e gli adolescenti abbiamo istituito un Comitato Scientifico.\u201d <\/em>&#8211; spiega Daniele Lago &#8211;<em> \u201cQueste figure professionali, che gravitano anche al di fuori dell\u2019ambito disciplinare del design, hanno lavorato assieme al Team Design per pi\u00f9 di un anno. Il loro contributo ha dato spessore alla riflessione progettuale e culturale della nostra ricerca con punti di vista laterali, educativi e filosofici. Tutto questo per invitare noi adulti a tornare bambini investendo su una qualit\u00e0 totale, che favorisca nei giovani l&#8217;educazione alla bellezza e la passione per la vita.\u201d<\/em><\/p>\n<p>Da questo percorso \u00e8 presto emerso come l\u2019impatto emotivo della dimensione immaginifica sia vitale e strettamente connesso al mondo degli oggetti, che non devono essere un mero decoro, ma il punto di partenza di una valida azione educativa.<\/p>\n<p><strong>I nuovi spazi Kids &amp; Young<\/strong> sono progettati per dare qualit\u00e0 totale alla stanze di bambini e ragazzi dai 6 ai 30 anni, affinch\u00e9 li accompagnino durante tutto il processo del diventare adulti e anche oltre. La \u201ccameretta LAGO\u201d \u00e8 un \u201cpianeta\u201d sul quale vivere storie straordinarie; sono spazi disegnati con materiali nobili come il legno Wildwood, realizzati per ispirare, sognare e coltivare la sensibilit\u00e0 in un percorso di crescita progressivo, graduale e non forzato.<\/p>\n<div id=\"attachment_27121\" style=\"width: 1210px\" class=\"wp-caption alignnone\"><a href=\"https:\/\/socialdesignmagazine.com\/mag\/?attachment_id=27121#content\" rel=\"attachment wp-att-27121\"><img loading=\"lazy\" decoding=\"async\" aria-describedby=\"caption-attachment-27121\" data-attachment-id=\"27121\" data-permalink=\"https:\/\/socialdesignmagazine.com\/mag\/news\/design-news\/becoming-kids-lago-ci-fa-tornare-bambini-con-un-progetto-dedicato-al-mondo-dellinfanzia\/attachment\/lago-becoming-kids-260-36-giappone-def\/#content\" data-orig-file=\"https:\/\/socialdesignmagazine.com\/mag\/wp-content\/uploads\/2016\/02\/LAGO-Becoming-Kids-260-36-Giappone-DEF.jpg\" data-orig-size=\"1200,803\" data-comments-opened=\"1\" data-image-meta=\"{&quot;aperture&quot;:&quot;0&quot;,&quot;credit&quot;:&quot;&quot;,&quot;camera&quot;:&quot;&quot;,&quot;caption&quot;:&quot;&quot;,&quot;created_timestamp&quot;:&quot;0&quot;,&quot;copyright&quot;:&quot;&quot;,&quot;focal_length&quot;:&quot;0&quot;,&quot;iso&quot;:&quot;0&quot;,&quot;shutter_speed&quot;:&quot;0&quot;,&quot;title&quot;:&quot;&quot;,&quot;orientation&quot;:&quot;1&quot;}\" data-image-title=\"LAGO Becoming Kids 260 36 Giappone DEF\" data-image-description=\"\" data-image-caption=\"&lt;p&gt;LAGO Becoming Kids 260 36 Giappone DEF&lt;\/p&gt;\n\" data-medium-file=\"https:\/\/socialdesignmagazine.com\/mag\/wp-content\/uploads\/2016\/02\/LAGO-Becoming-Kids-260-36-Giappone-DEF-396x256.jpg\" data-large-file=\"https:\/\/socialdesignmagazine.com\/mag\/wp-content\/uploads\/2016\/02\/LAGO-Becoming-Kids-260-36-Giappone-DEF-1024x685.jpg\" class=\"size-full wp-image-27121\" src=\"https:\/\/socialdesignmagazine.com\/mag\/wp-content\/uploads\/2016\/02\/LAGO-Becoming-Kids-260-36-Giappone-DEF.jpg\" alt=\"LAGO Becoming Kids 260 36 Giappone DEF\" width=\"1200\" height=\"803\" srcset=\"https:\/\/socialdesignmagazine.com\/mag\/wp-content\/uploads\/2016\/02\/LAGO-Becoming-Kids-260-36-Giappone-DEF.jpg 1200w, https:\/\/socialdesignmagazine.com\/mag\/wp-content\/uploads\/2016\/02\/LAGO-Becoming-Kids-260-36-Giappone-DEF-100x66.jpg 100w, https:\/\/socialdesignmagazine.com\/mag\/wp-content\/uploads\/2016\/02\/LAGO-Becoming-Kids-260-36-Giappone-DEF-768x514.jpg 768w, https:\/\/socialdesignmagazine.com\/mag\/wp-content\/uploads\/2016\/02\/LAGO-Becoming-Kids-260-36-Giappone-DEF-1024x685.jpg 1024w\" sizes=\"auto, (max-width: 1200px) 100vw, 1200px\" \/><\/a><p id=\"caption-attachment-27121\" class=\"wp-caption-text\">LAGO Becoming Kids 260 36 Giappone DEF<\/p><\/div>\n<p>Ma, come espresso nella filosofia LAGO INTERIOR LIFE, per l\u2019azienda sono importanti anche tutti quei luoghi in cui scorre la vita. Non solo le abitazioni, ma tutto il mondo esterno alla camera dei ragazzi, in cui bambini e adolescenti, sviluppano la loro personalit\u00e0, giorno dopo giorno, come asili, scuole, ospedali, biblioteche, librerie, ludoteche e strutture ricreative.<\/p>\n<p>\u00c8 stato dunque immediato traslare le riflessioni sviluppate in oltre un anno di ricerca, in questi luoghi di condivisione e di formazione. Il primo passo di questo percorso \u00e8 avvenuto lo scorso dicembre con l\u2019inaugurazione a Firenze de <strong>L\u2019Oltrarno, Scuola di Alta Formazione del Teatro della Toscana<\/strong>, diretta da Pierfrancesco Favino. Un incontro di vedute tra Pierfrancesco Favino e Daniele Lago che li ha portati a progettare insieme un nuovo modello di scuola utilizzando design e cultura come strumenti per attivare situazioni vitali. Tutti gli spazi comuni della scuola L\u2019Oltrarno sono stati progettati con l\u2019obiettivo condiviso di creare ambienti accoglienti che devono farsi strumento per stimolare creativit\u00e0 e condivisione.<\/p>\n<p>Un secondo importante passo \u00e8 stata la progettazione dell\u2019<strong>Aula Scomposta del Liceo Lussana di Bergamo<\/strong> nell\u2019ambito del progetto ImparaDigitale che vuole diffondere l\u2019idea del cambiamento necessario alla scuola in relazione ad una societ\u00e0 digitale: aule multicolori per una scuola multietnica, dove la diversit\u00e0 \u00e8 arricchimento, scambio, contaminazione. Una scuola accogliente e confortevole come una casa con tavoli modulari che si combinano fra loro per creare situazioni differenti, dalla didattica tradizionale a quella laboratoriale. Un ambiente di apprendimento innovativo in cui design, sapere ed esperienza si incontrano.<\/p>\n<p><strong>Il percorso di LAGO non si esaurisce qui.<\/strong> Proseguir\u00e0 nei prossimi mesi con la definizione di un Manifesto per la progettazione del giocattolo e dell\u2019arredo per l\u2019infanzia. LAGO ha infatti accolto la proposta del CILAB del Politecnico di Milano di contribuire alla stesura di questo testo che verr\u00e0 sviluppato in occasione della prossima <strong>Milano Design Week<\/strong> all\u2019Appartamento LAGO di via Brera 30 dove, attraverso focus giornalieri, verr\u00e0 affrontato il rapporto tra i valori riportati nel manifesto e gli step della filiera produttiva: progetto, produzione, marketing e comunicazione, distribuzione.<\/p>\n<p>Obiettivo di questo progetto culturale, fortemente voluto da LAGO e gestito da CILAB del Politecnico di Milano con la collaborazione del Prof. Scianchi ed il coordinamento di Luca Fois, sar\u00e0 la diffusione del Manifesto tramite una pubblicazione online, utile a tutti quei progettisti che dedicano attivit\u00e0 ed energie alla progettazione in un settore spesso sottovalutato come quello del giocattolo dell\u2019arredo per l\u2019infanzia.<\/p>\n<p>Un progetto per l\u2019infanzia e la formazione molto articolato e approfondito, quello di LAGO, di cui la nuova linea KIDS&amp;YOUNG \u00e8 punto di arrivo e di partenza insieme. Espressione dei valori progettuali alla base del Manifesto le nuove soluzioni LAGO dedicate ai pi\u00f9 giovani sono modulari, vitali e leggere, cos\u00ec come i cromosomi del design LAGO. Sono fatte per accompagnare la crescita, trasformarsi nel tempo a seconda delle esigenze del bambino che diventa ragazzo, favorire una comprensione immediata, stimolare la creativit\u00e0 e nutrire la mente.<\/p>\n<div id=\"attachment_27141\" style=\"width: 1210px\" class=\"wp-caption alignnone\"><a href=\"https:\/\/socialdesignmagazine.com\/mag\/?attachment_id=27141#content\" rel=\"attachment wp-att-27141\"><img loading=\"lazy\" decoding=\"async\" aria-describedby=\"caption-attachment-27141\" data-attachment-id=\"27141\" data-permalink=\"https:\/\/socialdesignmagazine.com\/mag\/news\/design-news\/becoming-kids-lago-ci-fa-tornare-bambini-con-un-progetto-dedicato-al-mondo-dellinfanzia\/attachment\/lago-becoming-kids-usa-316-13-vista-2\/#content\" data-orig-file=\"https:\/\/socialdesignmagazine.com\/mag\/wp-content\/uploads\/2016\/02\/LAGO-Becoming-Kids-USA-316-13-VISTA-2.jpg\" data-orig-size=\"1200,803\" data-comments-opened=\"1\" data-image-meta=\"{&quot;aperture&quot;:&quot;0&quot;,&quot;credit&quot;:&quot;&quot;,&quot;camera&quot;:&quot;&quot;,&quot;caption&quot;:&quot;&quot;,&quot;created_timestamp&quot;:&quot;0&quot;,&quot;copyright&quot;:&quot;&quot;,&quot;focal_length&quot;:&quot;0&quot;,&quot;iso&quot;:&quot;0&quot;,&quot;shutter_speed&quot;:&quot;0&quot;,&quot;title&quot;:&quot;&quot;,&quot;orientation&quot;:&quot;1&quot;}\" data-image-title=\"LAGO Becoming Kids USA 316 13 VISTA 2\" data-image-description=\"\" data-image-caption=\"&lt;p&gt;LAGO Becoming Kids USA 316 13 VISTA 2&lt;\/p&gt;\n\" data-medium-file=\"https:\/\/socialdesignmagazine.com\/mag\/wp-content\/uploads\/2016\/02\/LAGO-Becoming-Kids-USA-316-13-VISTA-2-396x256.jpg\" data-large-file=\"https:\/\/socialdesignmagazine.com\/mag\/wp-content\/uploads\/2016\/02\/LAGO-Becoming-Kids-USA-316-13-VISTA-2-1024x685.jpg\" class=\"size-full wp-image-27141\" src=\"https:\/\/socialdesignmagazine.com\/mag\/wp-content\/uploads\/2016\/02\/LAGO-Becoming-Kids-USA-316-13-VISTA-2.jpg\" alt=\"LAGO Becoming Kids USA 316 13 VISTA 2\" width=\"1200\" height=\"803\" srcset=\"https:\/\/socialdesignmagazine.com\/mag\/wp-content\/uploads\/2016\/02\/LAGO-Becoming-Kids-USA-316-13-VISTA-2.jpg 1200w, https:\/\/socialdesignmagazine.com\/mag\/wp-content\/uploads\/2016\/02\/LAGO-Becoming-Kids-USA-316-13-VISTA-2-100x66.jpg 100w, https:\/\/socialdesignmagazine.com\/mag\/wp-content\/uploads\/2016\/02\/LAGO-Becoming-Kids-USA-316-13-VISTA-2-768x514.jpg 768w, https:\/\/socialdesignmagazine.com\/mag\/wp-content\/uploads\/2016\/02\/LAGO-Becoming-Kids-USA-316-13-VISTA-2-1024x685.jpg 1024w\" sizes=\"auto, (max-width: 1200px) 100vw, 1200px\" \/><\/a><p id=\"caption-attachment-27141\" class=\"wp-caption-text\">LAGO Becoming Kids USA 316 13 VISTA 2<\/p><\/div>\n<div id=\"attachment_27140\" style=\"width: 1210px\" class=\"wp-caption alignnone\"><a href=\"https:\/\/socialdesignmagazine.com\/mag\/?attachment_id=27140#content\" rel=\"attachment wp-att-27140\"><img loading=\"lazy\" decoding=\"async\" aria-describedby=\"caption-attachment-27140\" data-attachment-id=\"27140\" data-permalink=\"https:\/\/socialdesignmagazine.com\/mag\/news\/design-news\/becoming-kids-lago-ci-fa-tornare-bambini-con-un-progetto-dedicato-al-mondo-dellinfanzia\/attachment\/lago-becoming-kids-usa-316-13-vista-1\/#content\" data-orig-file=\"https:\/\/socialdesignmagazine.com\/mag\/wp-content\/uploads\/2016\/02\/LAGO-Becoming-Kids-USA-316-13-VISTA-1.jpg\" data-orig-size=\"1200,803\" data-comments-opened=\"1\" data-image-meta=\"{&quot;aperture&quot;:&quot;0&quot;,&quot;credit&quot;:&quot;&quot;,&quot;camera&quot;:&quot;&quot;,&quot;caption&quot;:&quot;&quot;,&quot;created_timestamp&quot;:&quot;0&quot;,&quot;copyright&quot;:&quot;&quot;,&quot;focal_length&quot;:&quot;0&quot;,&quot;iso&quot;:&quot;0&quot;,&quot;shutter_speed&quot;:&quot;0&quot;,&quot;title&quot;:&quot;&quot;,&quot;orientation&quot;:&quot;1&quot;}\" data-image-title=\"LAGO Becoming Kids USA 316 13 VISTA 1\" data-image-description=\"\" data-image-caption=\"&lt;p&gt;LAGO Becoming Kids USA 316 13 VISTA 1&lt;\/p&gt;\n\" data-medium-file=\"https:\/\/socialdesignmagazine.com\/mag\/wp-content\/uploads\/2016\/02\/LAGO-Becoming-Kids-USA-316-13-VISTA-1-396x256.jpg\" data-large-file=\"https:\/\/socialdesignmagazine.com\/mag\/wp-content\/uploads\/2016\/02\/LAGO-Becoming-Kids-USA-316-13-VISTA-1-1024x685.jpg\" class=\"size-full wp-image-27140\" src=\"https:\/\/socialdesignmagazine.com\/mag\/wp-content\/uploads\/2016\/02\/LAGO-Becoming-Kids-USA-316-13-VISTA-1.jpg\" alt=\"LAGO Becoming Kids USA 316 13 VISTA 1\" width=\"1200\" height=\"803\" srcset=\"https:\/\/socialdesignmagazine.com\/mag\/wp-content\/uploads\/2016\/02\/LAGO-Becoming-Kids-USA-316-13-VISTA-1.jpg 1200w, https:\/\/socialdesignmagazine.com\/mag\/wp-content\/uploads\/2016\/02\/LAGO-Becoming-Kids-USA-316-13-VISTA-1-100x66.jpg 100w, https:\/\/socialdesignmagazine.com\/mag\/wp-content\/uploads\/2016\/02\/LAGO-Becoming-Kids-USA-316-13-VISTA-1-768x514.jpg 768w, https:\/\/socialdesignmagazine.com\/mag\/wp-content\/uploads\/2016\/02\/LAGO-Becoming-Kids-USA-316-13-VISTA-1-1024x685.jpg 1024w\" sizes=\"auto, (max-width: 1200px) 100vw, 1200px\" \/><\/a><p id=\"caption-attachment-27140\" class=\"wp-caption-text\">LAGO Becoming Kids USA 316 13 VISTA 1<\/p><\/div>\n<div id=\"attachment_27139\" style=\"width: 1210px\" class=\"wp-caption alignnone\"><a href=\"https:\/\/socialdesignmagazine.com\/mag\/?attachment_id=27139#content\" rel=\"attachment wp-att-27139\"><img loading=\"lazy\" decoding=\"async\" aria-describedby=\"caption-attachment-27139\" data-attachment-id=\"27139\" data-permalink=\"https:\/\/socialdesignmagazine.com\/mag\/news\/design-news\/becoming-kids-lago-ci-fa-tornare-bambini-con-un-progetto-dedicato-al-mondo-dellinfanzia\/attachment\/lago-becoming-kids-uk1-151-38-vista-1\/#content\" data-orig-file=\"https:\/\/socialdesignmagazine.com\/mag\/wp-content\/uploads\/2016\/02\/LAGO-Becoming-Kids-UK1-151-38-VISTA-1.jpg\" data-orig-size=\"1200,803\" data-comments-opened=\"1\" data-image-meta=\"{&quot;aperture&quot;:&quot;0&quot;,&quot;credit&quot;:&quot;&quot;,&quot;camera&quot;:&quot;&quot;,&quot;caption&quot;:&quot;&quot;,&quot;created_timestamp&quot;:&quot;0&quot;,&quot;copyright&quot;:&quot;&quot;,&quot;focal_length&quot;:&quot;0&quot;,&quot;iso&quot;:&quot;0&quot;,&quot;shutter_speed&quot;:&quot;0&quot;,&quot;title&quot;:&quot;&quot;,&quot;orientation&quot;:&quot;1&quot;}\" data-image-title=\"LAGO Becoming Kids UK1 151 38 VISTA 1\" data-image-description=\"\" data-image-caption=\"&lt;p&gt;LAGO Becoming Kids UK1 151 38 VISTA 1&lt;\/p&gt;\n\" data-medium-file=\"https:\/\/socialdesignmagazine.com\/mag\/wp-content\/uploads\/2016\/02\/LAGO-Becoming-Kids-UK1-151-38-VISTA-1-396x256.jpg\" data-large-file=\"https:\/\/socialdesignmagazine.com\/mag\/wp-content\/uploads\/2016\/02\/LAGO-Becoming-Kids-UK1-151-38-VISTA-1-1024x685.jpg\" class=\"size-full wp-image-27139\" src=\"https:\/\/socialdesignmagazine.com\/mag\/wp-content\/uploads\/2016\/02\/LAGO-Becoming-Kids-UK1-151-38-VISTA-1.jpg\" alt=\"LAGO Becoming Kids UK1 151 38 VISTA 1\" width=\"1200\" height=\"803\" srcset=\"https:\/\/socialdesignmagazine.com\/mag\/wp-content\/uploads\/2016\/02\/LAGO-Becoming-Kids-UK1-151-38-VISTA-1.jpg 1200w, https:\/\/socialdesignmagazine.com\/mag\/wp-content\/uploads\/2016\/02\/LAGO-Becoming-Kids-UK1-151-38-VISTA-1-100x66.jpg 100w, https:\/\/socialdesignmagazine.com\/mag\/wp-content\/uploads\/2016\/02\/LAGO-Becoming-Kids-UK1-151-38-VISTA-1-768x514.jpg 768w, https:\/\/socialdesignmagazine.com\/mag\/wp-content\/uploads\/2016\/02\/LAGO-Becoming-Kids-UK1-151-38-VISTA-1-1024x685.jpg 1024w\" sizes=\"auto, (max-width: 1200px) 100vw, 1200px\" \/><\/a><p id=\"caption-attachment-27139\" class=\"wp-caption-text\">LAGO Becoming Kids UK1 151 38 VISTA 1<\/p><\/div>\n<div id=\"attachment_27138\" style=\"width: 1210px\" class=\"wp-caption alignnone\"><a href=\"https:\/\/socialdesignmagazine.com\/mag\/?attachment_id=27138#content\" rel=\"attachment wp-att-27138\"><img loading=\"lazy\" decoding=\"async\" aria-describedby=\"caption-attachment-27138\" data-attachment-id=\"27138\" data-permalink=\"https:\/\/socialdesignmagazine.com\/mag\/news\/design-news\/becoming-kids-lago-ci-fa-tornare-bambini-con-un-progetto-dedicato-al-mondo-dellinfanzia\/attachment\/lago-becoming-kids-uk-2-vista-1-def\/#content\" data-orig-file=\"https:\/\/socialdesignmagazine.com\/mag\/wp-content\/uploads\/2016\/02\/LAGO-Becoming-Kids-UK-2-VISTA-1-DEF.jpg\" data-orig-size=\"1200,803\" data-comments-opened=\"1\" data-image-meta=\"{&quot;aperture&quot;:&quot;0&quot;,&quot;credit&quot;:&quot;&quot;,&quot;camera&quot;:&quot;&quot;,&quot;caption&quot;:&quot;&quot;,&quot;created_timestamp&quot;:&quot;0&quot;,&quot;copyright&quot;:&quot;&quot;,&quot;focal_length&quot;:&quot;0&quot;,&quot;iso&quot;:&quot;0&quot;,&quot;shutter_speed&quot;:&quot;0&quot;,&quot;title&quot;:&quot;&quot;,&quot;orientation&quot;:&quot;1&quot;}\" data-image-title=\"LAGO Becoming Kids UK 2 VISTA 1 DEF\" data-image-description=\"\" data-image-caption=\"&lt;p&gt;LAGO Becoming Kids UK 2 VISTA 1 DEF&lt;\/p&gt;\n\" data-medium-file=\"https:\/\/socialdesignmagazine.com\/mag\/wp-content\/uploads\/2016\/02\/LAGO-Becoming-Kids-UK-2-VISTA-1-DEF-396x256.jpg\" data-large-file=\"https:\/\/socialdesignmagazine.com\/mag\/wp-content\/uploads\/2016\/02\/LAGO-Becoming-Kids-UK-2-VISTA-1-DEF-1024x685.jpg\" class=\"size-full wp-image-27138\" src=\"https:\/\/socialdesignmagazine.com\/mag\/wp-content\/uploads\/2016\/02\/LAGO-Becoming-Kids-UK-2-VISTA-1-DEF.jpg\" alt=\"LAGO Becoming Kids UK 2 VISTA 1 DEF\" width=\"1200\" height=\"803\" srcset=\"https:\/\/socialdesignmagazine.com\/mag\/wp-content\/uploads\/2016\/02\/LAGO-Becoming-Kids-UK-2-VISTA-1-DEF.jpg 1200w, https:\/\/socialdesignmagazine.com\/mag\/wp-content\/uploads\/2016\/02\/LAGO-Becoming-Kids-UK-2-VISTA-1-DEF-100x66.jpg 100w, https:\/\/socialdesignmagazine.com\/mag\/wp-content\/uploads\/2016\/02\/LAGO-Becoming-Kids-UK-2-VISTA-1-DEF-768x514.jpg 768w, https:\/\/socialdesignmagazine.com\/mag\/wp-content\/uploads\/2016\/02\/LAGO-Becoming-Kids-UK-2-VISTA-1-DEF-1024x685.jpg 1024w\" sizes=\"auto, (max-width: 1200px) 100vw, 1200px\" \/><\/a><p id=\"caption-attachment-27138\" class=\"wp-caption-text\">LAGO Becoming Kids UK 2 VISTA 1 DEF<\/p><\/div>\n<div id=\"attachment_27137\" style=\"width: 1210px\" class=\"wp-caption alignnone\"><a href=\"https:\/\/socialdesignmagazine.com\/mag\/?attachment_id=27137#content\" rel=\"attachment wp-att-27137\"><img loading=\"lazy\" decoding=\"async\" aria-describedby=\"caption-attachment-27137\" data-attachment-id=\"27137\" data-permalink=\"https:\/\/socialdesignmagazine.com\/mag\/news\/design-news\/becoming-kids-lago-ci-fa-tornare-bambini-con-un-progetto-dedicato-al-mondo-dellinfanzia\/attachment\/lago-becoming-kids-russia-363-8-vista2\/#content\" data-orig-file=\"https:\/\/socialdesignmagazine.com\/mag\/wp-content\/uploads\/2016\/02\/LAGO-Becoming-Kids-RUSSIA-363-8-VISTA2.jpg\" data-orig-size=\"1200,803\" data-comments-opened=\"1\" data-image-meta=\"{&quot;aperture&quot;:&quot;0&quot;,&quot;credit&quot;:&quot;&quot;,&quot;camera&quot;:&quot;&quot;,&quot;caption&quot;:&quot;&quot;,&quot;created_timestamp&quot;:&quot;0&quot;,&quot;copyright&quot;:&quot;&quot;,&quot;focal_length&quot;:&quot;0&quot;,&quot;iso&quot;:&quot;0&quot;,&quot;shutter_speed&quot;:&quot;0&quot;,&quot;title&quot;:&quot;&quot;,&quot;orientation&quot;:&quot;1&quot;}\" data-image-title=\"LAGO Becoming Kids RUSSIA 363 8 VISTA2\" data-image-description=\"\" data-image-caption=\"&lt;p&gt;LAGO Becoming Kids RUSSIA 363 8 VISTA2&lt;\/p&gt;\n\" data-medium-file=\"https:\/\/socialdesignmagazine.com\/mag\/wp-content\/uploads\/2016\/02\/LAGO-Becoming-Kids-RUSSIA-363-8-VISTA2-396x256.jpg\" data-large-file=\"https:\/\/socialdesignmagazine.com\/mag\/wp-content\/uploads\/2016\/02\/LAGO-Becoming-Kids-RUSSIA-363-8-VISTA2-1024x685.jpg\" class=\"size-full wp-image-27137\" src=\"https:\/\/socialdesignmagazine.com\/mag\/wp-content\/uploads\/2016\/02\/LAGO-Becoming-Kids-RUSSIA-363-8-VISTA2.jpg\" alt=\"LAGO Becoming Kids RUSSIA 363 8 VISTA2\" width=\"1200\" height=\"803\" srcset=\"https:\/\/socialdesignmagazine.com\/mag\/wp-content\/uploads\/2016\/02\/LAGO-Becoming-Kids-RUSSIA-363-8-VISTA2.jpg 1200w, https:\/\/socialdesignmagazine.com\/mag\/wp-content\/uploads\/2016\/02\/LAGO-Becoming-Kids-RUSSIA-363-8-VISTA2-100x66.jpg 100w, https:\/\/socialdesignmagazine.com\/mag\/wp-content\/uploads\/2016\/02\/LAGO-Becoming-Kids-RUSSIA-363-8-VISTA2-768x514.jpg 768w, https:\/\/socialdesignmagazine.com\/mag\/wp-content\/uploads\/2016\/02\/LAGO-Becoming-Kids-RUSSIA-363-8-VISTA2-1024x685.jpg 1024w\" sizes=\"auto, (max-width: 1200px) 100vw, 1200px\" \/><\/a><p id=\"caption-attachment-27137\" class=\"wp-caption-text\">LAGO Becoming Kids RUSSIA 363 8 VISTA2<\/p><\/div>\n<div id=\"attachment_27136\" style=\"width: 1210px\" class=\"wp-caption alignnone\"><a href=\"https:\/\/socialdesignmagazine.com\/mag\/?attachment_id=27136#content\" rel=\"attachment wp-att-27136\"><img loading=\"lazy\" decoding=\"async\" aria-describedby=\"caption-attachment-27136\" data-attachment-id=\"27136\" data-permalink=\"https:\/\/socialdesignmagazine.com\/mag\/news\/design-news\/becoming-kids-lago-ci-fa-tornare-bambini-con-un-progetto-dedicato-al-mondo-dellinfanzia\/attachment\/lago-becoming-kids-russia-363-8-vista1\/#content\" data-orig-file=\"https:\/\/socialdesignmagazine.com\/mag\/wp-content\/uploads\/2016\/02\/LAGO-Becoming-Kids-RUSSIA-363-8-VISTA1.jpg\" data-orig-size=\"1200,803\" data-comments-opened=\"1\" data-image-meta=\"{&quot;aperture&quot;:&quot;0&quot;,&quot;credit&quot;:&quot;&quot;,&quot;camera&quot;:&quot;&quot;,&quot;caption&quot;:&quot;&quot;,&quot;created_timestamp&quot;:&quot;0&quot;,&quot;copyright&quot;:&quot;&quot;,&quot;focal_length&quot;:&quot;0&quot;,&quot;iso&quot;:&quot;0&quot;,&quot;shutter_speed&quot;:&quot;0&quot;,&quot;title&quot;:&quot;&quot;,&quot;orientation&quot;:&quot;1&quot;}\" data-image-title=\"LAGO Becoming Kids RUSSIA 363 8 VISTA1\" data-image-description=\"\" data-image-caption=\"&lt;p&gt;LAGO Becoming Kids RUSSIA 363 8 VISTA1&lt;\/p&gt;\n\" data-medium-file=\"https:\/\/socialdesignmagazine.com\/mag\/wp-content\/uploads\/2016\/02\/LAGO-Becoming-Kids-RUSSIA-363-8-VISTA1-396x256.jpg\" data-large-file=\"https:\/\/socialdesignmagazine.com\/mag\/wp-content\/uploads\/2016\/02\/LAGO-Becoming-Kids-RUSSIA-363-8-VISTA1-1024x685.jpg\" class=\"size-full wp-image-27136\" src=\"https:\/\/socialdesignmagazine.com\/mag\/wp-content\/uploads\/2016\/02\/LAGO-Becoming-Kids-RUSSIA-363-8-VISTA1.jpg\" alt=\"LAGO Becoming Kids RUSSIA 363 8 VISTA1\" width=\"1200\" height=\"803\" srcset=\"https:\/\/socialdesignmagazine.com\/mag\/wp-content\/uploads\/2016\/02\/LAGO-Becoming-Kids-RUSSIA-363-8-VISTA1.jpg 1200w, https:\/\/socialdesignmagazine.com\/mag\/wp-content\/uploads\/2016\/02\/LAGO-Becoming-Kids-RUSSIA-363-8-VISTA1-100x66.jpg 100w, https:\/\/socialdesignmagazine.com\/mag\/wp-content\/uploads\/2016\/02\/LAGO-Becoming-Kids-RUSSIA-363-8-VISTA1-768x514.jpg 768w, https:\/\/socialdesignmagazine.com\/mag\/wp-content\/uploads\/2016\/02\/LAGO-Becoming-Kids-RUSSIA-363-8-VISTA1-1024x685.jpg 1024w\" sizes=\"auto, (max-width: 1200px) 100vw, 1200px\" \/><\/a><p id=\"caption-attachment-27136\" class=\"wp-caption-text\">LAGO Becoming Kids RUSSIA 363 8 VISTA1<\/p><\/div>\n<div id=\"attachment_27135\" style=\"width: 1210px\" class=\"wp-caption alignnone\"><a href=\"https:\/\/socialdesignmagazine.com\/mag\/?attachment_id=27135#content\" rel=\"attachment wp-att-27135\"><img loading=\"lazy\" decoding=\"async\" aria-describedby=\"caption-attachment-27135\" data-attachment-id=\"27135\" data-permalink=\"https:\/\/socialdesignmagazine.com\/mag\/news\/design-news\/becoming-kids-lago-ci-fa-tornare-bambini-con-un-progetto-dedicato-al-mondo-dellinfanzia\/attachment\/lago-becoming-kids-lagb-0029-2\/#content\" data-orig-file=\"https:\/\/socialdesignmagazine.com\/mag\/wp-content\/uploads\/2016\/02\/LAGO-Becoming-Kids-LAGB-0029-2.jpg\" data-orig-size=\"1200,801\" data-comments-opened=\"1\" data-image-meta=\"{&quot;aperture&quot;:&quot;266.26&quot;,&quot;credit&quot;:&quot;Emanuele Tortora&quot;,&quot;camera&quot;:&quot;le Tortora&quot;,&quot;caption&quot;:&quot;&quot;,&quot;created_timestamp&quot;:&quot;1444319005&quot;,&quot;copyright&quot;:&quot;TORTORA 2015&quot;,&quot;focal_length&quot;:&quot;-1.01134394282&quot;,&quot;iso&quot;:&quot;200&quot;,&quot;shutter_speed&quot;:&quot;1.18455471114&quot;,&quot;title&quot;:&quot;&quot;,&quot;orientation&quot;:&quot;1&quot;}\" data-image-title=\"LAGO Becoming Kids LAGB-0029-2\" data-image-description=\"\" data-image-caption=\"&lt;p&gt;LAGO Becoming Kids LAGB-0029-2&lt;\/p&gt;\n\" data-medium-file=\"https:\/\/socialdesignmagazine.com\/mag\/wp-content\/uploads\/2016\/02\/LAGO-Becoming-Kids-LAGB-0029-2-396x256.jpg\" data-large-file=\"https:\/\/socialdesignmagazine.com\/mag\/wp-content\/uploads\/2016\/02\/LAGO-Becoming-Kids-LAGB-0029-2-1024x684.jpg\" class=\"size-full wp-image-27135\" src=\"https:\/\/socialdesignmagazine.com\/mag\/wp-content\/uploads\/2016\/02\/LAGO-Becoming-Kids-LAGB-0029-2.jpg\" alt=\"LAGO Becoming Kids LAGB-0029-2\" width=\"1200\" height=\"801\" srcset=\"https:\/\/socialdesignmagazine.com\/mag\/wp-content\/uploads\/2016\/02\/LAGO-Becoming-Kids-LAGB-0029-2.jpg 1200w, https:\/\/socialdesignmagazine.com\/mag\/wp-content\/uploads\/2016\/02\/LAGO-Becoming-Kids-LAGB-0029-2-100x66.jpg 100w, https:\/\/socialdesignmagazine.com\/mag\/wp-content\/uploads\/2016\/02\/LAGO-Becoming-Kids-LAGB-0029-2-768x513.jpg 768w, https:\/\/socialdesignmagazine.com\/mag\/wp-content\/uploads\/2016\/02\/LAGO-Becoming-Kids-LAGB-0029-2-1024x684.jpg 1024w\" sizes=\"auto, (max-width: 1200px) 100vw, 1200px\" \/><\/a><p id=\"caption-attachment-27135\" class=\"wp-caption-text\">LAGO Becoming Kids LAGB-0029-2<\/p><\/div>\n<div id=\"attachment_27134\" style=\"width: 1210px\" class=\"wp-caption alignnone\"><a href=\"https:\/\/socialdesignmagazine.com\/mag\/?attachment_id=27134#content\" rel=\"attachment wp-att-27134\"><img loading=\"lazy\" decoding=\"async\" aria-describedby=\"caption-attachment-27134\" data-attachment-id=\"27134\" data-permalink=\"https:\/\/socialdesignmagazine.com\/mag\/news\/design-news\/becoming-kids-lago-ci-fa-tornare-bambini-con-un-progetto-dedicato-al-mondo-dellinfanzia\/attachment\/lago-becoming-kids-lag-0002-11\/#content\" data-orig-file=\"https:\/\/socialdesignmagazine.com\/mag\/wp-content\/uploads\/2016\/02\/LAGO-Becoming-Kids-LAG-0002-11.jpg\" data-orig-size=\"1200,801\" data-comments-opened=\"1\" data-image-meta=\"{&quot;aperture&quot;:&quot;251.31&quot;,&quot;credit&quot;:&quot;Emanuele Tortora&quot;,&quot;camera&quot;:&quot;le Tortora&quot;,&quot;caption&quot;:&quot;&quot;,&quot;created_timestamp&quot;:&quot;1444151788&quot;,&quot;copyright&quot;:&quot;TORTORA 2015&quot;,&quot;focal_length&quot;:&quot;-0.176566356008&quot;,&quot;iso&quot;:&quot;100&quot;,&quot;shutter_speed&quot;:&quot;1.18455471114&quot;,&quot;title&quot;:&quot;&quot;,&quot;orientation&quot;:&quot;1&quot;}\" data-image-title=\"LAGO Becoming Kids LAG-0002-11\" data-image-description=\"\" data-image-caption=\"&lt;p&gt;LAGO Becoming Kids LAG-0002-11&lt;\/p&gt;\n\" data-medium-file=\"https:\/\/socialdesignmagazine.com\/mag\/wp-content\/uploads\/2016\/02\/LAGO-Becoming-Kids-LAG-0002-11-396x256.jpg\" data-large-file=\"https:\/\/socialdesignmagazine.com\/mag\/wp-content\/uploads\/2016\/02\/LAGO-Becoming-Kids-LAG-0002-11-1024x684.jpg\" class=\"size-full wp-image-27134\" src=\"https:\/\/socialdesignmagazine.com\/mag\/wp-content\/uploads\/2016\/02\/LAGO-Becoming-Kids-LAG-0002-11.jpg\" alt=\"LAGO Becoming Kids LAG-0002-11\" width=\"1200\" height=\"801\" srcset=\"https:\/\/socialdesignmagazine.com\/mag\/wp-content\/uploads\/2016\/02\/LAGO-Becoming-Kids-LAG-0002-11.jpg 1200w, https:\/\/socialdesignmagazine.com\/mag\/wp-content\/uploads\/2016\/02\/LAGO-Becoming-Kids-LAG-0002-11-100x66.jpg 100w, https:\/\/socialdesignmagazine.com\/mag\/wp-content\/uploads\/2016\/02\/LAGO-Becoming-Kids-LAG-0002-11-768x513.jpg 768w, https:\/\/socialdesignmagazine.com\/mag\/wp-content\/uploads\/2016\/02\/LAGO-Becoming-Kids-LAG-0002-11-1024x684.jpg 1024w\" sizes=\"auto, (max-width: 1200px) 100vw, 1200px\" \/><\/a><p id=\"caption-attachment-27134\" class=\"wp-caption-text\">LAGO Becoming Kids LAG-0002-11<\/p><\/div>\n<div id=\"attachment_27133\" style=\"width: 1210px\" class=\"wp-caption alignnone\"><a href=\"https:\/\/socialdesignmagazine.com\/mag\/?attachment_id=27133#content\" rel=\"attachment wp-att-27133\"><img loading=\"lazy\" decoding=\"async\" aria-describedby=\"caption-attachment-27133\" data-attachment-id=\"27133\" data-permalink=\"https:\/\/socialdesignmagazine.com\/mag\/news\/design-news\/becoming-kids-lago-ci-fa-tornare-bambini-con-un-progetto-dedicato-al-mondo-dellinfanzia\/attachment\/lago-becoming-kids-italia9-300-41-vista-1\/#content\" data-orig-file=\"https:\/\/socialdesignmagazine.com\/mag\/wp-content\/uploads\/2016\/02\/LAGO-Becoming-Kids-ITALIA9-300-41-VISTA-1.jpg\" data-orig-size=\"1200,803\" data-comments-opened=\"1\" data-image-meta=\"{&quot;aperture&quot;:&quot;0&quot;,&quot;credit&quot;:&quot;&quot;,&quot;camera&quot;:&quot;&quot;,&quot;caption&quot;:&quot;&quot;,&quot;created_timestamp&quot;:&quot;0&quot;,&quot;copyright&quot;:&quot;&quot;,&quot;focal_length&quot;:&quot;0&quot;,&quot;iso&quot;:&quot;0&quot;,&quot;shutter_speed&quot;:&quot;0&quot;,&quot;title&quot;:&quot;&quot;,&quot;orientation&quot;:&quot;1&quot;}\" data-image-title=\"LAGO Becoming Kids ITALIA9 300 41 VISTA 1\" data-image-description=\"\" data-image-caption=\"&lt;p&gt;LAGO Becoming Kids ITALIA9 300 41 VISTA 1&lt;\/p&gt;\n\" data-medium-file=\"https:\/\/socialdesignmagazine.com\/mag\/wp-content\/uploads\/2016\/02\/LAGO-Becoming-Kids-ITALIA9-300-41-VISTA-1-396x256.jpg\" data-large-file=\"https:\/\/socialdesignmagazine.com\/mag\/wp-content\/uploads\/2016\/02\/LAGO-Becoming-Kids-ITALIA9-300-41-VISTA-1-1024x685.jpg\" class=\"size-full wp-image-27133\" src=\"https:\/\/socialdesignmagazine.com\/mag\/wp-content\/uploads\/2016\/02\/LAGO-Becoming-Kids-ITALIA9-300-41-VISTA-1.jpg\" alt=\"LAGO Becoming Kids ITALIA9 300 41 VISTA 1\" width=\"1200\" height=\"803\" srcset=\"https:\/\/socialdesignmagazine.com\/mag\/wp-content\/uploads\/2016\/02\/LAGO-Becoming-Kids-ITALIA9-300-41-VISTA-1.jpg 1200w, https:\/\/socialdesignmagazine.com\/mag\/wp-content\/uploads\/2016\/02\/LAGO-Becoming-Kids-ITALIA9-300-41-VISTA-1-100x66.jpg 100w, https:\/\/socialdesignmagazine.com\/mag\/wp-content\/uploads\/2016\/02\/LAGO-Becoming-Kids-ITALIA9-300-41-VISTA-1-768x514.jpg 768w, https:\/\/socialdesignmagazine.com\/mag\/wp-content\/uploads\/2016\/02\/LAGO-Becoming-Kids-ITALIA9-300-41-VISTA-1-1024x685.jpg 1024w\" sizes=\"auto, (max-width: 1200px) 100vw, 1200px\" \/><\/a><p id=\"caption-attachment-27133\" class=\"wp-caption-text\">LAGO Becoming Kids ITALIA9 300 41 VISTA 1<\/p><\/div>\n<div id=\"attachment_27132\" style=\"width: 1210px\" class=\"wp-caption alignnone\"><a href=\"https:\/\/socialdesignmagazine.com\/mag\/?attachment_id=27132#content\" rel=\"attachment wp-att-27132\"><img loading=\"lazy\" decoding=\"async\" aria-describedby=\"caption-attachment-27132\" data-attachment-id=\"27132\" data-permalink=\"https:\/\/socialdesignmagazine.com\/mag\/news\/design-news\/becoming-kids-lago-ci-fa-tornare-bambini-con-un-progetto-dedicato-al-mondo-dellinfanzia\/attachment\/lago-becoming-kids-italia-8-390-16-vista1\/#content\" data-orig-file=\"https:\/\/socialdesignmagazine.com\/mag\/wp-content\/uploads\/2016\/02\/LAGO-Becoming-Kids-ITALIA-8-390-16-VISTA1.jpg\" data-orig-size=\"1200,803\" data-comments-opened=\"1\" data-image-meta=\"{&quot;aperture&quot;:&quot;0&quot;,&quot;credit&quot;:&quot;&quot;,&quot;camera&quot;:&quot;&quot;,&quot;caption&quot;:&quot;&quot;,&quot;created_timestamp&quot;:&quot;0&quot;,&quot;copyright&quot;:&quot;&quot;,&quot;focal_length&quot;:&quot;0&quot;,&quot;iso&quot;:&quot;0&quot;,&quot;shutter_speed&quot;:&quot;0&quot;,&quot;title&quot;:&quot;&quot;,&quot;orientation&quot;:&quot;1&quot;}\" data-image-title=\"LAGO Becoming Kids ITALIA 8 390 16 VISTA1\" data-image-description=\"\" data-image-caption=\"&lt;p&gt;LAGO Becoming Kids ITALIA 8 390 16 VISTA1&lt;\/p&gt;\n\" data-medium-file=\"https:\/\/socialdesignmagazine.com\/mag\/wp-content\/uploads\/2016\/02\/LAGO-Becoming-Kids-ITALIA-8-390-16-VISTA1-396x256.jpg\" data-large-file=\"https:\/\/socialdesignmagazine.com\/mag\/wp-content\/uploads\/2016\/02\/LAGO-Becoming-Kids-ITALIA-8-390-16-VISTA1-1024x685.jpg\" class=\"size-full wp-image-27132\" src=\"https:\/\/socialdesignmagazine.com\/mag\/wp-content\/uploads\/2016\/02\/LAGO-Becoming-Kids-ITALIA-8-390-16-VISTA1.jpg\" alt=\"LAGO Becoming Kids ITALIA 8 390 16 VISTA1\" width=\"1200\" height=\"803\" srcset=\"https:\/\/socialdesignmagazine.com\/mag\/wp-content\/uploads\/2016\/02\/LAGO-Becoming-Kids-ITALIA-8-390-16-VISTA1.jpg 1200w, https:\/\/socialdesignmagazine.com\/mag\/wp-content\/uploads\/2016\/02\/LAGO-Becoming-Kids-ITALIA-8-390-16-VISTA1-100x66.jpg 100w, https:\/\/socialdesignmagazine.com\/mag\/wp-content\/uploads\/2016\/02\/LAGO-Becoming-Kids-ITALIA-8-390-16-VISTA1-768x514.jpg 768w, https:\/\/socialdesignmagazine.com\/mag\/wp-content\/uploads\/2016\/02\/LAGO-Becoming-Kids-ITALIA-8-390-16-VISTA1-1024x685.jpg 1024w\" sizes=\"auto, (max-width: 1200px) 100vw, 1200px\" \/><\/a><p id=\"caption-attachment-27132\" class=\"wp-caption-text\">LAGO Becoming Kids ITALIA 8 390 16 VISTA1<\/p><\/div>\n<div id=\"attachment_27131\" style=\"width: 1080px\" class=\"wp-caption alignnone\"><a href=\"https:\/\/socialdesignmagazine.com\/mag\/?attachment_id=27131#content\" rel=\"attachment wp-att-27131\"><img loading=\"lazy\" decoding=\"async\" aria-describedby=\"caption-attachment-27131\" data-attachment-id=\"27131\" data-permalink=\"https:\/\/socialdesignmagazine.com\/mag\/news\/design-news\/becoming-kids-lago-ci-fa-tornare-bambini-con-un-progetto-dedicato-al-mondo-dellinfanzia\/attachment\/lago-becoming-kids-giappone-260-36-vista-2\/#content\" data-orig-file=\"https:\/\/socialdesignmagazine.com\/mag\/wp-content\/uploads\/2016\/02\/LAGO-Becoming-Kids-GIAPPONE-260-36-VISTA-2.jpg\" data-orig-size=\"1070,1600\" data-comments-opened=\"1\" data-image-meta=\"{&quot;aperture&quot;:&quot;0&quot;,&quot;credit&quot;:&quot;&quot;,&quot;camera&quot;:&quot;&quot;,&quot;caption&quot;:&quot;&quot;,&quot;created_timestamp&quot;:&quot;0&quot;,&quot;copyright&quot;:&quot;&quot;,&quot;focal_length&quot;:&quot;0&quot;,&quot;iso&quot;:&quot;0&quot;,&quot;shutter_speed&quot;:&quot;0&quot;,&quot;title&quot;:&quot;&quot;,&quot;orientation&quot;:&quot;1&quot;}\" data-image-title=\"LAGO Becoming Kids GIAPPONE 260 36 VISTA 2\" data-image-description=\"\" data-image-caption=\"&lt;p&gt;LAGO Becoming Kids GIAPPONE 260 36 VISTA 2&lt;\/p&gt;\n\" data-medium-file=\"https:\/\/socialdesignmagazine.com\/mag\/wp-content\/uploads\/2016\/02\/LAGO-Becoming-Kids-GIAPPONE-260-36-VISTA-2-396x256.jpg\" data-large-file=\"https:\/\/socialdesignmagazine.com\/mag\/wp-content\/uploads\/2016\/02\/LAGO-Becoming-Kids-GIAPPONE-260-36-VISTA-2-1024x1531.jpg\" class=\"size-full wp-image-27131\" src=\"https:\/\/socialdesignmagazine.com\/mag\/wp-content\/uploads\/2016\/02\/LAGO-Becoming-Kids-GIAPPONE-260-36-VISTA-2.jpg\" alt=\"LAGO Becoming Kids GIAPPONE 260 36 VISTA 2\" width=\"1070\" height=\"1600\" srcset=\"https:\/\/socialdesignmagazine.com\/mag\/wp-content\/uploads\/2016\/02\/LAGO-Becoming-Kids-GIAPPONE-260-36-VISTA-2.jpg 1070w, https:\/\/socialdesignmagazine.com\/mag\/wp-content\/uploads\/2016\/02\/LAGO-Becoming-Kids-GIAPPONE-260-36-VISTA-2-768x1148.jpg 768w, https:\/\/socialdesignmagazine.com\/mag\/wp-content\/uploads\/2016\/02\/LAGO-Becoming-Kids-GIAPPONE-260-36-VISTA-2-1024x1531.jpg 1024w\" sizes=\"auto, (max-width: 1070px) 100vw, 1070px\" \/><\/a><p id=\"caption-attachment-27131\" class=\"wp-caption-text\">LAGO Becoming Kids GIAPPONE 260 36 VISTA 2<\/p><\/div>\n<div id=\"attachment_27130\" style=\"width: 1210px\" class=\"wp-caption alignnone\"><a href=\"https:\/\/socialdesignmagazine.com\/mag\/?attachment_id=27130#content\" rel=\"attachment wp-att-27130\"><img loading=\"lazy\" decoding=\"async\" aria-describedby=\"caption-attachment-27130\" data-attachment-id=\"27130\" data-permalink=\"https:\/\/socialdesignmagazine.com\/mag\/news\/design-news\/becoming-kids-lago-ci-fa-tornare-bambini-con-un-progetto-dedicato-al-mondo-dellinfanzia\/attachment\/lago-becoming-kids-germania-350-13-vista1\/#content\" data-orig-file=\"https:\/\/socialdesignmagazine.com\/mag\/wp-content\/uploads\/2016\/02\/LAGO-Becoming-Kids-GERMANIA-350-13-VISTA1.jpg\" data-orig-size=\"1200,803\" data-comments-opened=\"1\" data-image-meta=\"{&quot;aperture&quot;:&quot;0&quot;,&quot;credit&quot;:&quot;&quot;,&quot;camera&quot;:&quot;&quot;,&quot;caption&quot;:&quot;&quot;,&quot;created_timestamp&quot;:&quot;0&quot;,&quot;copyright&quot;:&quot;&quot;,&quot;focal_length&quot;:&quot;0&quot;,&quot;iso&quot;:&quot;0&quot;,&quot;shutter_speed&quot;:&quot;0&quot;,&quot;title&quot;:&quot;&quot;,&quot;orientation&quot;:&quot;1&quot;}\" data-image-title=\"LAGO Becoming Kids GERMANIA 350 13 VISTA1\" data-image-description=\"\" data-image-caption=\"&lt;p&gt;LAGO Becoming Kids GERMANIA 350 13 VISTA1&lt;\/p&gt;\n\" data-medium-file=\"https:\/\/socialdesignmagazine.com\/mag\/wp-content\/uploads\/2016\/02\/LAGO-Becoming-Kids-GERMANIA-350-13-VISTA1-396x256.jpg\" data-large-file=\"https:\/\/socialdesignmagazine.com\/mag\/wp-content\/uploads\/2016\/02\/LAGO-Becoming-Kids-GERMANIA-350-13-VISTA1-1024x685.jpg\" class=\"size-full wp-image-27130\" src=\"https:\/\/socialdesignmagazine.com\/mag\/wp-content\/uploads\/2016\/02\/LAGO-Becoming-Kids-GERMANIA-350-13-VISTA1.jpg\" alt=\"LAGO Becoming Kids GERMANIA 350 13 VISTA1\" width=\"1200\" height=\"803\" srcset=\"https:\/\/socialdesignmagazine.com\/mag\/wp-content\/uploads\/2016\/02\/LAGO-Becoming-Kids-GERMANIA-350-13-VISTA1.jpg 1200w, https:\/\/socialdesignmagazine.com\/mag\/wp-content\/uploads\/2016\/02\/LAGO-Becoming-Kids-GERMANIA-350-13-VISTA1-100x66.jpg 100w, https:\/\/socialdesignmagazine.com\/mag\/wp-content\/uploads\/2016\/02\/LAGO-Becoming-Kids-GERMANIA-350-13-VISTA1-768x514.jpg 768w, https:\/\/socialdesignmagazine.com\/mag\/wp-content\/uploads\/2016\/02\/LAGO-Becoming-Kids-GERMANIA-350-13-VISTA1-1024x685.jpg 1024w\" sizes=\"auto, (max-width: 1200px) 100vw, 1200px\" \/><\/a><p id=\"caption-attachment-27130\" class=\"wp-caption-text\">LAGO Becoming Kids GERMANIA 350 13 VISTA1<\/p><\/div>\n<div id=\"attachment_27129\" style=\"width: 1210px\" class=\"wp-caption alignnone\"><a href=\"https:\/\/socialdesignmagazine.com\/mag\/?attachment_id=27129#content\" rel=\"attachment wp-att-27129\"><img loading=\"lazy\" decoding=\"async\" aria-describedby=\"caption-attachment-27129\" data-attachment-id=\"27129\" data-permalink=\"https:\/\/socialdesignmagazine.com\/mag\/news\/design-news\/becoming-kids-lago-ci-fa-tornare-bambini-con-un-progetto-dedicato-al-mondo-dellinfanzia\/attachment\/lago-becoming-kids-francia3-233-16-vista2\/#content\" data-orig-file=\"https:\/\/socialdesignmagazine.com\/mag\/wp-content\/uploads\/2016\/02\/LAGO-Becoming-Kids-FRANCIA3-233-16-VISTA2.jpg\" data-orig-size=\"1200,803\" data-comments-opened=\"1\" data-image-meta=\"{&quot;aperture&quot;:&quot;0&quot;,&quot;credit&quot;:&quot;&quot;,&quot;camera&quot;:&quot;&quot;,&quot;caption&quot;:&quot;&quot;,&quot;created_timestamp&quot;:&quot;0&quot;,&quot;copyright&quot;:&quot;&quot;,&quot;focal_length&quot;:&quot;0&quot;,&quot;iso&quot;:&quot;0&quot;,&quot;shutter_speed&quot;:&quot;0&quot;,&quot;title&quot;:&quot;&quot;,&quot;orientation&quot;:&quot;1&quot;}\" data-image-title=\"LAGO Becoming Kids FRANCIA3 233 16 VISTA2\" data-image-description=\"\" data-image-caption=\"&lt;p&gt;LAGO Becoming Kids FRANCIA3 233 16 VISTA2&lt;\/p&gt;\n\" data-medium-file=\"https:\/\/socialdesignmagazine.com\/mag\/wp-content\/uploads\/2016\/02\/LAGO-Becoming-Kids-FRANCIA3-233-16-VISTA2-396x256.jpg\" data-large-file=\"https:\/\/socialdesignmagazine.com\/mag\/wp-content\/uploads\/2016\/02\/LAGO-Becoming-Kids-FRANCIA3-233-16-VISTA2-1024x685.jpg\" class=\"size-full wp-image-27129\" src=\"https:\/\/socialdesignmagazine.com\/mag\/wp-content\/uploads\/2016\/02\/LAGO-Becoming-Kids-FRANCIA3-233-16-VISTA2.jpg\" alt=\"LAGO Becoming Kids FRANCIA3 233 16 VISTA2\" width=\"1200\" height=\"803\" srcset=\"https:\/\/socialdesignmagazine.com\/mag\/wp-content\/uploads\/2016\/02\/LAGO-Becoming-Kids-FRANCIA3-233-16-VISTA2.jpg 1200w, https:\/\/socialdesignmagazine.com\/mag\/wp-content\/uploads\/2016\/02\/LAGO-Becoming-Kids-FRANCIA3-233-16-VISTA2-100x66.jpg 100w, https:\/\/socialdesignmagazine.com\/mag\/wp-content\/uploads\/2016\/02\/LAGO-Becoming-Kids-FRANCIA3-233-16-VISTA2-768x514.jpg 768w, https:\/\/socialdesignmagazine.com\/mag\/wp-content\/uploads\/2016\/02\/LAGO-Becoming-Kids-FRANCIA3-233-16-VISTA2-1024x685.jpg 1024w\" sizes=\"auto, (max-width: 1200px) 100vw, 1200px\" \/><\/a><p id=\"caption-attachment-27129\" class=\"wp-caption-text\">LAGO Becoming Kids FRANCIA3 233 16 VISTA2<\/p><\/div>\n<div id=\"attachment_27128\" style=\"width: 1210px\" class=\"wp-caption alignnone\"><a href=\"https:\/\/socialdesignmagazine.com\/mag\/?attachment_id=27128#content\" rel=\"attachment wp-att-27128\"><img loading=\"lazy\" decoding=\"async\" aria-describedby=\"caption-attachment-27128\" data-attachment-id=\"27128\" data-permalink=\"https:\/\/socialdesignmagazine.com\/mag\/news\/design-news\/becoming-kids-lago-ci-fa-tornare-bambini-con-un-progetto-dedicato-al-mondo-dellinfanzia\/attachment\/lago-becoming-kids-francia3-233-16-vista1\/#content\" data-orig-file=\"https:\/\/socialdesignmagazine.com\/mag\/wp-content\/uploads\/2016\/02\/LAGO-Becoming-Kids-FRANCIA3-233-16-VISTA1.jpg\" data-orig-size=\"1200,803\" data-comments-opened=\"1\" data-image-meta=\"{&quot;aperture&quot;:&quot;0&quot;,&quot;credit&quot;:&quot;&quot;,&quot;camera&quot;:&quot;&quot;,&quot;caption&quot;:&quot;&quot;,&quot;created_timestamp&quot;:&quot;0&quot;,&quot;copyright&quot;:&quot;&quot;,&quot;focal_length&quot;:&quot;0&quot;,&quot;iso&quot;:&quot;0&quot;,&quot;shutter_speed&quot;:&quot;0&quot;,&quot;title&quot;:&quot;&quot;,&quot;orientation&quot;:&quot;1&quot;}\" data-image-title=\"LAGO Becoming Kids FRANCIA3 233 16 VISTA1\" data-image-description=\"\" data-image-caption=\"&lt;p&gt;LAGO Becoming Kids FRANCIA3 233 16 VISTA1&lt;\/p&gt;\n\" data-medium-file=\"https:\/\/socialdesignmagazine.com\/mag\/wp-content\/uploads\/2016\/02\/LAGO-Becoming-Kids-FRANCIA3-233-16-VISTA1-396x256.jpg\" data-large-file=\"https:\/\/socialdesignmagazine.com\/mag\/wp-content\/uploads\/2016\/02\/LAGO-Becoming-Kids-FRANCIA3-233-16-VISTA1-1024x685.jpg\" class=\"size-full wp-image-27128\" src=\"https:\/\/socialdesignmagazine.com\/mag\/wp-content\/uploads\/2016\/02\/LAGO-Becoming-Kids-FRANCIA3-233-16-VISTA1.jpg\" alt=\"LAGO Becoming Kids FRANCIA3 233 16 VISTA1\" width=\"1200\" height=\"803\" srcset=\"https:\/\/socialdesignmagazine.com\/mag\/wp-content\/uploads\/2016\/02\/LAGO-Becoming-Kids-FRANCIA3-233-16-VISTA1.jpg 1200w, https:\/\/socialdesignmagazine.com\/mag\/wp-content\/uploads\/2016\/02\/LAGO-Becoming-Kids-FRANCIA3-233-16-VISTA1-100x66.jpg 100w, https:\/\/socialdesignmagazine.com\/mag\/wp-content\/uploads\/2016\/02\/LAGO-Becoming-Kids-FRANCIA3-233-16-VISTA1-768x514.jpg 768w, https:\/\/socialdesignmagazine.com\/mag\/wp-content\/uploads\/2016\/02\/LAGO-Becoming-Kids-FRANCIA3-233-16-VISTA1-1024x685.jpg 1024w\" sizes=\"auto, (max-width: 1200px) 100vw, 1200px\" \/><\/a><p id=\"caption-attachment-27128\" class=\"wp-caption-text\">LAGO Becoming Kids FRANCIA3 233 16 VISTA1<\/p><\/div>\n<div id=\"attachment_27127\" style=\"width: 1210px\" class=\"wp-caption alignnone\"><a href=\"https:\/\/socialdesignmagazine.com\/mag\/?attachment_id=27127#content\" rel=\"attachment wp-att-27127\"><img loading=\"lazy\" decoding=\"async\" aria-describedby=\"caption-attachment-27127\" data-attachment-id=\"27127\" data-permalink=\"https:\/\/socialdesignmagazine.com\/mag\/news\/design-news\/becoming-kids-lago-ci-fa-tornare-bambini-con-un-progetto-dedicato-al-mondo-dellinfanzia\/attachment\/lago-becoming-kids-404-10-3dots-def\/#content\" data-orig-file=\"https:\/\/socialdesignmagazine.com\/mag\/wp-content\/uploads\/2016\/02\/LAGO-Becoming-Kids-404-10-3Dots-DEF.jpg\" data-orig-size=\"1200,803\" data-comments-opened=\"1\" data-image-meta=\"{&quot;aperture&quot;:&quot;0&quot;,&quot;credit&quot;:&quot;&quot;,&quot;camera&quot;:&quot;&quot;,&quot;caption&quot;:&quot;&quot;,&quot;created_timestamp&quot;:&quot;0&quot;,&quot;copyright&quot;:&quot;&quot;,&quot;focal_length&quot;:&quot;0&quot;,&quot;iso&quot;:&quot;0&quot;,&quot;shutter_speed&quot;:&quot;0&quot;,&quot;title&quot;:&quot;&quot;,&quot;orientation&quot;:&quot;1&quot;}\" data-image-title=\"LAGO Becoming Kids 404 10 3Dots DEF\" data-image-description=\"\" data-image-caption=\"&lt;p&gt;LAGO Becoming Kids 404 10 3Dots DEF&lt;\/p&gt;\n\" data-medium-file=\"https:\/\/socialdesignmagazine.com\/mag\/wp-content\/uploads\/2016\/02\/LAGO-Becoming-Kids-404-10-3Dots-DEF-396x256.jpg\" data-large-file=\"https:\/\/socialdesignmagazine.com\/mag\/wp-content\/uploads\/2016\/02\/LAGO-Becoming-Kids-404-10-3Dots-DEF-1024x685.jpg\" class=\"size-full wp-image-27127\" src=\"https:\/\/socialdesignmagazine.com\/mag\/wp-content\/uploads\/2016\/02\/LAGO-Becoming-Kids-404-10-3Dots-DEF.jpg\" alt=\"LAGO Becoming Kids 404 10 3Dots DEF\" width=\"1200\" height=\"803\" srcset=\"https:\/\/socialdesignmagazine.com\/mag\/wp-content\/uploads\/2016\/02\/LAGO-Becoming-Kids-404-10-3Dots-DEF.jpg 1200w, https:\/\/socialdesignmagazine.com\/mag\/wp-content\/uploads\/2016\/02\/LAGO-Becoming-Kids-404-10-3Dots-DEF-100x66.jpg 100w, https:\/\/socialdesignmagazine.com\/mag\/wp-content\/uploads\/2016\/02\/LAGO-Becoming-Kids-404-10-3Dots-DEF-768x514.jpg 768w, https:\/\/socialdesignmagazine.com\/mag\/wp-content\/uploads\/2016\/02\/LAGO-Becoming-Kids-404-10-3Dots-DEF-1024x685.jpg 1024w\" sizes=\"auto, (max-width: 1200px) 100vw, 1200px\" \/><\/a><p id=\"caption-attachment-27127\" class=\"wp-caption-text\">LAGO Becoming Kids 404 10 3Dots DEF<\/p><\/div>\n<div id=\"attachment_27126\" style=\"width: 1210px\" class=\"wp-caption alignnone\"><a href=\"https:\/\/socialdesignmagazine.com\/mag\/?attachment_id=27126#content\" rel=\"attachment wp-att-27126\"><img loading=\"lazy\" decoding=\"async\" aria-describedby=\"caption-attachment-27126\" data-attachment-id=\"27126\" data-permalink=\"https:\/\/socialdesignmagazine.com\/mag\/news\/design-news\/becoming-kids-lago-ci-fa-tornare-bambini-con-un-progetto-dedicato-al-mondo-dellinfanzia\/attachment\/lago-becoming-kids-404-4-igloo\/#content\" data-orig-file=\"https:\/\/socialdesignmagazine.com\/mag\/wp-content\/uploads\/2016\/02\/LAGO-Becoming-Kids-404-4-Igloo.jpg\" data-orig-size=\"1200,803\" data-comments-opened=\"1\" data-image-meta=\"{&quot;aperture&quot;:&quot;0&quot;,&quot;credit&quot;:&quot;&quot;,&quot;camera&quot;:&quot;&quot;,&quot;caption&quot;:&quot;&quot;,&quot;created_timestamp&quot;:&quot;0&quot;,&quot;copyright&quot;:&quot;&quot;,&quot;focal_length&quot;:&quot;0&quot;,&quot;iso&quot;:&quot;0&quot;,&quot;shutter_speed&quot;:&quot;0&quot;,&quot;title&quot;:&quot;&quot;,&quot;orientation&quot;:&quot;1&quot;}\" data-image-title=\"LAGO Becoming Kids 404 4 Igloo\" data-image-description=\"\" data-image-caption=\"&lt;p&gt;LAGO Becoming Kids 404 4 Igloo&lt;\/p&gt;\n\" data-medium-file=\"https:\/\/socialdesignmagazine.com\/mag\/wp-content\/uploads\/2016\/02\/LAGO-Becoming-Kids-404-4-Igloo-396x256.jpg\" data-large-file=\"https:\/\/socialdesignmagazine.com\/mag\/wp-content\/uploads\/2016\/02\/LAGO-Becoming-Kids-404-4-Igloo-1024x685.jpg\" class=\"size-full wp-image-27126\" src=\"https:\/\/socialdesignmagazine.com\/mag\/wp-content\/uploads\/2016\/02\/LAGO-Becoming-Kids-404-4-Igloo.jpg\" alt=\"LAGO Becoming Kids 404 4 Igloo\" width=\"1200\" height=\"803\" srcset=\"https:\/\/socialdesignmagazine.com\/mag\/wp-content\/uploads\/2016\/02\/LAGO-Becoming-Kids-404-4-Igloo.jpg 1200w, https:\/\/socialdesignmagazine.com\/mag\/wp-content\/uploads\/2016\/02\/LAGO-Becoming-Kids-404-4-Igloo-100x66.jpg 100w, https:\/\/socialdesignmagazine.com\/mag\/wp-content\/uploads\/2016\/02\/LAGO-Becoming-Kids-404-4-Igloo-768x514.jpg 768w, https:\/\/socialdesignmagazine.com\/mag\/wp-content\/uploads\/2016\/02\/LAGO-Becoming-Kids-404-4-Igloo-1024x685.jpg 1024w\" sizes=\"auto, (max-width: 1200px) 100vw, 1200px\" \/><\/a><p id=\"caption-attachment-27126\" class=\"wp-caption-text\">LAGO Becoming Kids 404 4 Igloo<\/p><\/div>\n<div id=\"attachment_27125\" style=\"width: 1210px\" class=\"wp-caption alignnone\"><a href=\"https:\/\/socialdesignmagazine.com\/mag\/?attachment_id=27125#content\" rel=\"attachment wp-att-27125\"><img loading=\"lazy\" decoding=\"async\" aria-describedby=\"caption-attachment-27125\" data-attachment-id=\"27125\" data-permalink=\"https:\/\/socialdesignmagazine.com\/mag\/news\/design-news\/becoming-kids-lago-ci-fa-tornare-bambini-con-un-progetto-dedicato-al-mondo-dellinfanzia\/attachment\/lago-becoming-kids-385-3-baloon\/#content\" data-orig-file=\"https:\/\/socialdesignmagazine.com\/mag\/wp-content\/uploads\/2016\/02\/LAGO-Becoming-Kids-385-3-Baloon.jpg\" data-orig-size=\"1200,803\" data-comments-opened=\"1\" data-image-meta=\"{&quot;aperture&quot;:&quot;0&quot;,&quot;credit&quot;:&quot;&quot;,&quot;camera&quot;:&quot;&quot;,&quot;caption&quot;:&quot;&quot;,&quot;created_timestamp&quot;:&quot;0&quot;,&quot;copyright&quot;:&quot;&quot;,&quot;focal_length&quot;:&quot;0&quot;,&quot;iso&quot;:&quot;0&quot;,&quot;shutter_speed&quot;:&quot;0&quot;,&quot;title&quot;:&quot;&quot;,&quot;orientation&quot;:&quot;1&quot;}\" data-image-title=\"LAGO Becoming Kids 385 3 Baloon\" data-image-description=\"\" data-image-caption=\"&lt;p&gt;LAGO Becoming Kids 385 3 Baloon&lt;\/p&gt;\n\" data-medium-file=\"https:\/\/socialdesignmagazine.com\/mag\/wp-content\/uploads\/2016\/02\/LAGO-Becoming-Kids-385-3-Baloon-396x256.jpg\" data-large-file=\"https:\/\/socialdesignmagazine.com\/mag\/wp-content\/uploads\/2016\/02\/LAGO-Becoming-Kids-385-3-Baloon-1024x685.jpg\" class=\"size-full wp-image-27125\" src=\"https:\/\/socialdesignmagazine.com\/mag\/wp-content\/uploads\/2016\/02\/LAGO-Becoming-Kids-385-3-Baloon.jpg\" alt=\"LAGO Becoming Kids 385 3 Baloon\" width=\"1200\" height=\"803\" srcset=\"https:\/\/socialdesignmagazine.com\/mag\/wp-content\/uploads\/2016\/02\/LAGO-Becoming-Kids-385-3-Baloon.jpg 1200w, https:\/\/socialdesignmagazine.com\/mag\/wp-content\/uploads\/2016\/02\/LAGO-Becoming-Kids-385-3-Baloon-100x66.jpg 100w, https:\/\/socialdesignmagazine.com\/mag\/wp-content\/uploads\/2016\/02\/LAGO-Becoming-Kids-385-3-Baloon-768x514.jpg 768w, https:\/\/socialdesignmagazine.com\/mag\/wp-content\/uploads\/2016\/02\/LAGO-Becoming-Kids-385-3-Baloon-1024x685.jpg 1024w\" sizes=\"auto, (max-width: 1200px) 100vw, 1200px\" \/><\/a><p id=\"caption-attachment-27125\" class=\"wp-caption-text\">LAGO Becoming Kids 385 3 Baloon<\/p><\/div>\n<div id=\"attachment_27124\" style=\"width: 1210px\" class=\"wp-caption alignnone\"><a href=\"https:\/\/socialdesignmagazine.com\/mag\/?attachment_id=27124#content\" rel=\"attachment wp-att-27124\"><img loading=\"lazy\" decoding=\"async\" aria-describedby=\"caption-attachment-27124\" data-attachment-id=\"27124\" data-permalink=\"https:\/\/socialdesignmagazine.com\/mag\/news\/design-news\/becoming-kids-lago-ci-fa-tornare-bambini-con-un-progetto-dedicato-al-mondo-dellinfanzia\/attachment\/lago-becoming-kids-384-cigno-def\/#content\" data-orig-file=\"https:\/\/socialdesignmagazine.com\/mag\/wp-content\/uploads\/2016\/02\/LAGO-Becoming-Kids-384-Cigno-DEF.jpg\" data-orig-size=\"1200,802\" data-comments-opened=\"1\" data-image-meta=\"{&quot;aperture&quot;:&quot;0&quot;,&quot;credit&quot;:&quot;&quot;,&quot;camera&quot;:&quot;&quot;,&quot;caption&quot;:&quot;&quot;,&quot;created_timestamp&quot;:&quot;0&quot;,&quot;copyright&quot;:&quot;&quot;,&quot;focal_length&quot;:&quot;0&quot;,&quot;iso&quot;:&quot;0&quot;,&quot;shutter_speed&quot;:&quot;0&quot;,&quot;title&quot;:&quot;&quot;,&quot;orientation&quot;:&quot;1&quot;}\" data-image-title=\"LAGO Becoming Kids 384 Cigno DEF\" data-image-description=\"\" data-image-caption=\"&lt;p&gt;LAGO Becoming Kids 384 Cigno DEF&lt;\/p&gt;\n\" data-medium-file=\"https:\/\/socialdesignmagazine.com\/mag\/wp-content\/uploads\/2016\/02\/LAGO-Becoming-Kids-384-Cigno-DEF-396x256.jpg\" data-large-file=\"https:\/\/socialdesignmagazine.com\/mag\/wp-content\/uploads\/2016\/02\/LAGO-Becoming-Kids-384-Cigno-DEF-1024x684.jpg\" class=\"size-full wp-image-27124\" src=\"https:\/\/socialdesignmagazine.com\/mag\/wp-content\/uploads\/2016\/02\/LAGO-Becoming-Kids-384-Cigno-DEF.jpg\" alt=\"LAGO Becoming Kids 384 Cigno DEF\" width=\"1200\" height=\"802\" srcset=\"https:\/\/socialdesignmagazine.com\/mag\/wp-content\/uploads\/2016\/02\/LAGO-Becoming-Kids-384-Cigno-DEF.jpg 1200w, https:\/\/socialdesignmagazine.com\/mag\/wp-content\/uploads\/2016\/02\/LAGO-Becoming-Kids-384-Cigno-DEF-100x66.jpg 100w, https:\/\/socialdesignmagazine.com\/mag\/wp-content\/uploads\/2016\/02\/LAGO-Becoming-Kids-384-Cigno-DEF-768x513.jpg 768w, https:\/\/socialdesignmagazine.com\/mag\/wp-content\/uploads\/2016\/02\/LAGO-Becoming-Kids-384-Cigno-DEF-1024x684.jpg 1024w\" sizes=\"auto, (max-width: 1200px) 100vw, 1200px\" \/><\/a><p id=\"caption-attachment-27124\" class=\"wp-caption-text\">LAGO Becoming Kids 384 Cigno DEF<\/p><\/div>\n<div id=\"attachment_27123\" style=\"width: 1210px\" class=\"wp-caption alignnone\"><a href=\"https:\/\/socialdesignmagazine.com\/mag\/?attachment_id=27123#content\" rel=\"attachment wp-att-27123\"><img loading=\"lazy\" decoding=\"async\" aria-describedby=\"caption-attachment-27123\" data-attachment-id=\"27123\" data-permalink=\"https:\/\/socialdesignmagazine.com\/mag\/news\/design-news\/becoming-kids-lago-ci-fa-tornare-bambini-con-un-progetto-dedicato-al-mondo-dellinfanzia\/attachment\/lago-becoming-kids-383-alce-def\/#content\" data-orig-file=\"https:\/\/socialdesignmagazine.com\/mag\/wp-content\/uploads\/2016\/02\/LAGO-Becoming-Kids-383-Alce-DEF.jpg\" data-orig-size=\"1200,802\" data-comments-opened=\"1\" data-image-meta=\"{&quot;aperture&quot;:&quot;0&quot;,&quot;credit&quot;:&quot;&quot;,&quot;camera&quot;:&quot;&quot;,&quot;caption&quot;:&quot;&quot;,&quot;created_timestamp&quot;:&quot;0&quot;,&quot;copyright&quot;:&quot;&quot;,&quot;focal_length&quot;:&quot;0&quot;,&quot;iso&quot;:&quot;0&quot;,&quot;shutter_speed&quot;:&quot;0&quot;,&quot;title&quot;:&quot;&quot;,&quot;orientation&quot;:&quot;1&quot;}\" data-image-title=\"LAGO Becoming Kids 383 Alce DEF\" data-image-description=\"\" data-image-caption=\"&lt;p&gt;LAGO Becoming Kids 383 Alce DEF&lt;\/p&gt;\n\" data-medium-file=\"https:\/\/socialdesignmagazine.com\/mag\/wp-content\/uploads\/2016\/02\/LAGO-Becoming-Kids-383-Alce-DEF-396x256.jpg\" data-large-file=\"https:\/\/socialdesignmagazine.com\/mag\/wp-content\/uploads\/2016\/02\/LAGO-Becoming-Kids-383-Alce-DEF-1024x684.jpg\" class=\"size-full wp-image-27123\" src=\"https:\/\/socialdesignmagazine.com\/mag\/wp-content\/uploads\/2016\/02\/LAGO-Becoming-Kids-383-Alce-DEF.jpg\" alt=\"LAGO Becoming Kids 383 Alce DEF\" width=\"1200\" height=\"802\" srcset=\"https:\/\/socialdesignmagazine.com\/mag\/wp-content\/uploads\/2016\/02\/LAGO-Becoming-Kids-383-Alce-DEF.jpg 1200w, https:\/\/socialdesignmagazine.com\/mag\/wp-content\/uploads\/2016\/02\/LAGO-Becoming-Kids-383-Alce-DEF-100x66.jpg 100w, https:\/\/socialdesignmagazine.com\/mag\/wp-content\/uploads\/2016\/02\/LAGO-Becoming-Kids-383-Alce-DEF-768x513.jpg 768w, https:\/\/socialdesignmagazine.com\/mag\/wp-content\/uploads\/2016\/02\/LAGO-Becoming-Kids-383-Alce-DEF-1024x684.jpg 1024w\" sizes=\"auto, (max-width: 1200px) 100vw, 1200px\" \/><\/a><p id=\"caption-attachment-27123\" class=\"wp-caption-text\">LAGO Becoming Kids 383 Alce DEF<\/p><\/div>\n<div id=\"attachment_27122\" style=\"width: 1210px\" class=\"wp-caption alignnone\"><a href=\"https:\/\/socialdesignmagazine.com\/mag\/?attachment_id=27122#content\" rel=\"attachment wp-att-27122\"><img loading=\"lazy\" decoding=\"async\" aria-describedby=\"caption-attachment-27122\" data-attachment-id=\"27122\" data-permalink=\"https:\/\/socialdesignmagazine.com\/mag\/news\/design-news\/becoming-kids-lago-ci-fa-tornare-bambini-con-un-progetto-dedicato-al-mondo-dellinfanzia\/attachment\/lago-becoming-kids-374-2-cane-def\/#content\" data-orig-file=\"https:\/\/socialdesignmagazine.com\/mag\/wp-content\/uploads\/2016\/02\/LAGO-Becoming-Kids-374-2-Cane-DEF.jpg\" data-orig-size=\"1200,802\" data-comments-opened=\"1\" data-image-meta=\"{&quot;aperture&quot;:&quot;0&quot;,&quot;credit&quot;:&quot;&quot;,&quot;camera&quot;:&quot;&quot;,&quot;caption&quot;:&quot;&quot;,&quot;created_timestamp&quot;:&quot;0&quot;,&quot;copyright&quot;:&quot;&quot;,&quot;focal_length&quot;:&quot;0&quot;,&quot;iso&quot;:&quot;0&quot;,&quot;shutter_speed&quot;:&quot;0&quot;,&quot;title&quot;:&quot;&quot;,&quot;orientation&quot;:&quot;1&quot;}\" data-image-title=\"LAGO Becoming Kids 374 2 Cane DEF\" data-image-description=\"\" data-image-caption=\"&lt;p&gt;LAGO Becoming Kids 374 2 Cane DEF&lt;\/p&gt;\n\" data-medium-file=\"https:\/\/socialdesignmagazine.com\/mag\/wp-content\/uploads\/2016\/02\/LAGO-Becoming-Kids-374-2-Cane-DEF-396x256.jpg\" data-large-file=\"https:\/\/socialdesignmagazine.com\/mag\/wp-content\/uploads\/2016\/02\/LAGO-Becoming-Kids-374-2-Cane-DEF-1024x684.jpg\" class=\"size-full wp-image-27122\" src=\"https:\/\/socialdesignmagazine.com\/mag\/wp-content\/uploads\/2016\/02\/LAGO-Becoming-Kids-374-2-Cane-DEF.jpg\" alt=\"LAGO Becoming Kids 374 2 Cane DEF\" width=\"1200\" height=\"802\" srcset=\"https:\/\/socialdesignmagazine.com\/mag\/wp-content\/uploads\/2016\/02\/LAGO-Becoming-Kids-374-2-Cane-DEF.jpg 1200w, https:\/\/socialdesignmagazine.com\/mag\/wp-content\/uploads\/2016\/02\/LAGO-Becoming-Kids-374-2-Cane-DEF-100x66.jpg 100w, https:\/\/socialdesignmagazine.com\/mag\/wp-content\/uploads\/2016\/02\/LAGO-Becoming-Kids-374-2-Cane-DEF-768x513.jpg 768w, https:\/\/socialdesignmagazine.com\/mag\/wp-content\/uploads\/2016\/02\/LAGO-Becoming-Kids-374-2-Cane-DEF-1024x684.jpg 1024w\" sizes=\"auto, (max-width: 1200px) 100vw, 1200px\" \/><\/a><p id=\"caption-attachment-27122\" class=\"wp-caption-text\">LAGO Becoming Kids 374 2 Cane DEF<\/p><\/div>\n<div id=\"attachment_27120\" style=\"width: 1210px\" class=\"wp-caption alignnone\"><a href=\"https:\/\/socialdesignmagazine.com\/mag\/?attachment_id=27120#content\" rel=\"attachment wp-att-27120\"><img loading=\"lazy\" decoding=\"async\" aria-describedby=\"caption-attachment-27120\" data-attachment-id=\"27120\" data-permalink=\"https:\/\/socialdesignmagazine.com\/mag\/news\/design-news\/becoming-kids-lago-ci-fa-tornare-bambini-con-un-progetto-dedicato-al-mondo-dellinfanzia\/attachment\/lago-becoming-kids-163-02-vista1-r3\/#content\" data-orig-file=\"https:\/\/socialdesignmagazine.com\/mag\/wp-content\/uploads\/2016\/02\/LAGO-Becoming-Kids-163-02-vista1-R3.jpg\" data-orig-size=\"1200,802\" data-comments-opened=\"1\" data-image-meta=\"{&quot;aperture&quot;:&quot;0&quot;,&quot;credit&quot;:&quot;&quot;,&quot;camera&quot;:&quot;&quot;,&quot;caption&quot;:&quot;&quot;,&quot;created_timestamp&quot;:&quot;0&quot;,&quot;copyright&quot;:&quot;&quot;,&quot;focal_length&quot;:&quot;0&quot;,&quot;iso&quot;:&quot;0&quot;,&quot;shutter_speed&quot;:&quot;0&quot;,&quot;title&quot;:&quot;&quot;,&quot;orientation&quot;:&quot;1&quot;}\" data-image-title=\"LAGO Becoming Kids 163 02 vista1-R3\" data-image-description=\"\" data-image-caption=\"&lt;p&gt;LAGO Becoming Kids 163 02 vista1-R3&lt;\/p&gt;\n\" data-medium-file=\"https:\/\/socialdesignmagazine.com\/mag\/wp-content\/uploads\/2016\/02\/LAGO-Becoming-Kids-163-02-vista1-R3-396x256.jpg\" data-large-file=\"https:\/\/socialdesignmagazine.com\/mag\/wp-content\/uploads\/2016\/02\/LAGO-Becoming-Kids-163-02-vista1-R3-1024x684.jpg\" class=\"size-full wp-image-27120\" src=\"https:\/\/socialdesignmagazine.com\/mag\/wp-content\/uploads\/2016\/02\/LAGO-Becoming-Kids-163-02-vista1-R3.jpg\" alt=\"LAGO Becoming Kids 163 02 vista1-R3\" width=\"1200\" height=\"802\" srcset=\"https:\/\/socialdesignmagazine.com\/mag\/wp-content\/uploads\/2016\/02\/LAGO-Becoming-Kids-163-02-vista1-R3.jpg 1200w, https:\/\/socialdesignmagazine.com\/mag\/wp-content\/uploads\/2016\/02\/LAGO-Becoming-Kids-163-02-vista1-R3-100x66.jpg 100w, https:\/\/socialdesignmagazine.com\/mag\/wp-content\/uploads\/2016\/02\/LAGO-Becoming-Kids-163-02-vista1-R3-768x513.jpg 768w, https:\/\/socialdesignmagazine.com\/mag\/wp-content\/uploads\/2016\/02\/LAGO-Becoming-Kids-163-02-vista1-R3-1024x684.jpg 1024w\" sizes=\"auto, (max-width: 1200px) 100vw, 1200px\" \/><\/a><p id=\"caption-attachment-27120\" class=\"wp-caption-text\">LAGO Becoming Kids 163 02 vista1-R3<\/p><\/div>\n","protected":false,"gt_translate_keys":[{"key":"rendered","format":"html"}]},"excerpt":{"rendered":"<p>LAGO presenta il nuovo mondo Kids &#038; Young, il risultato di un percorso durato oltre un anno con il coinvolgimento di un Comitato Scientifico di educatori, designer, filosofi al fine di progettare spazi di qualit\u00e0 totale in cui far crescere bambini e adolescenti.<\/p>\n","protected":false,"gt_translate_keys":[{"key":"rendered","format":"html"}]},"author":1,"featured_media":27119,"comment_status":"open","ping_status":"open","sticky":false,"template":"","format":"standard","meta":{"jetpack_post_was_ever_published":false,"_jetpack_newsletter_access":"","_jetpack_dont_email_post_to_subs":false,"_jetpack_newsletter_tier_id":0,"_jetpack_memberships_contains_paywalled_content":false,"_jetpack_memberships_contains_paid_content":false,"footnotes":"","_wpscppro_dont_share_socialmedia":false,"_wpscppro_custom_social_share_image":0,"_facebook_share_type":"","_twitter_share_type":"","_linkedin_share_type":"","_pinterest_share_type":"","_linkedin_share_type_page":"","_instagram_share_type":"","_medium_share_type":"","_threads_share_type":"","_google_business_share_type":"","_selected_social_profile":[],"_wpsp_enable_custom_social_template":false,"_wpsp_social_scheduling":{"enabled":false,"datetime":null,"platforms":[],"status":"template_only","dateOption":"today","timeOption":"now","customDays":"","customHours":"","customDate":"","customTime":"","schedulingType":"absolute"},"_wpsp_active_default_template":true},"categories":[17],"tags":[2169,1955,4634],"class_list":["post-27116","post","type-post","status-publish","format-standard","has-post-thumbnail","hentry","category-design-news","tag-daniele-lago","tag-lago","tag-salone-del-mobile-2016"],"yoast_head":"<!-- This site is optimized with the Yoast SEO plugin v27.2 - https:\/\/yoast.com\/product\/yoast-seo-wordpress\/ -->\n<title>Becoming Kids: LAGO ci fa tornare bambini<\/title>\n<meta name=\"description\" content=\"LAGO\u00a0presenta il nuovo mondo Kids &amp; Young, il risultato di un percorso durato oltre un anno con il coinvolgimento di un Comitato Scientifico.\" \/>\n<meta name=\"robots\" content=\"index, follow, max-snippet:-1, max-image-preview:large, max-video-preview:-1\" \/>\n<link rel=\"canonical\" href=\"https:\/\/socialdesignmagazine.com\/mag\/news\/design-news\/becoming-kids-lago-ci-fa-tornare-bambini-con-un-progetto-dedicato-al-mondo-dellinfanzia\/\" \/>\n<meta property=\"og:locale\" content=\"it_IT\" \/>\n<meta property=\"og:type\" content=\"article\" \/>\n<meta property=\"og:title\" content=\"Becoming Kids: LAGO ci fa tornare bambini\" \/>\n<meta property=\"og:description\" content=\"LAGO\u00a0presenta il nuovo mondo Kids &amp; Young, il risultato di un percorso durato oltre un anno con il coinvolgimento di un Comitato Scientifico.\" \/>\n<meta property=\"og:url\" content=\"http:\/\/socialdesignmagazine.com\/mag\/news\/design-news\/becoming-kids-lago-ci-fa-tornare-bambini-con-un-progetto-dedicato-al-mondo-dellinfanzia\/\" \/>\n<meta property=\"og:site_name\" content=\"Social Design Magazine\" \/>\n<meta property=\"article:publisher\" content=\"https:\/\/www.facebook.com\/socialdesignmag\" \/>\n<meta property=\"article:author\" content=\"https:\/\/www.facebook.com\/benedettofiori\" \/>\n<meta property=\"article:published_time\" content=\"2016-02-26T09:00:56+00:00\" \/>\n<meta property=\"og:image\" content=\"https:\/\/socialdesignmagazine.com\/mag\/wp-content\/uploads\/2016\/02\/LAGO-Becoming-Kids-500-Letto-Sospeso.jpg\" \/>\n\t<meta property=\"og:image:width\" content=\"1200\" \/>\n\t<meta property=\"og:image:height\" content=\"802\" \/>\n\t<meta property=\"og:image:type\" content=\"image\/jpeg\" \/>\n<meta name=\"author\" content=\"Benedetto Fiori\" \/>\n<meta name=\"twitter:card\" content=\"summary_large_image\" \/>\n<meta name=\"twitter:creator\" content=\"@benedettofiori\" \/>\n<meta name=\"twitter:site\" content=\"@socialdesignmag\" \/>\n<meta name=\"twitter:label1\" content=\"Scritto da\" \/>\n\t<meta name=\"twitter:data1\" content=\"Benedetto Fiori\" \/>\n\t<meta name=\"twitter:label2\" content=\"Tempo di lettura stimato\" \/>\n\t<meta name=\"twitter:data2\" content=\"6 minuti\" \/>\n<script type=\"application\/ld+json\" class=\"yoast-schema-graph\">{\"@context\":\"https:\/\/schema.org\",\"@graph\":[{\"@type\":\"Article\",\"@id\":\"https:\/\/socialdesignmagazine.com\/mag\/news\/design-news\/becoming-kids-lago-ci-fa-tornare-bambini-con-un-progetto-dedicato-al-mondo-dellinfanzia\/#article\",\"isPartOf\":{\"@id\":\"https:\/\/socialdesignmagazine.com\/mag\/news\/design-news\/becoming-kids-lago-ci-fa-tornare-bambini-con-un-progetto-dedicato-al-mondo-dellinfanzia\/\"},\"author\":{\"name\":\"Benedetto Fiori\",\"@id\":\"https:\/\/socialdesignmagazine.com\/mag\/#\/schema\/person\/61e20205cc363c315e6aabd33a045846\"},\"headline\":\"Becoming Kids: LAGO ci fa tornare bambini con un progetto dedicato al mondo dell\u2019infanzia\",\"datePublished\":\"2016-02-26T09:00:56+00:00\",\"mainEntityOfPage\":{\"@id\":\"https:\/\/socialdesignmagazine.com\/mag\/news\/design-news\/becoming-kids-lago-ci-fa-tornare-bambini-con-un-progetto-dedicato-al-mondo-dellinfanzia\/\"},\"wordCount\":1277,\"commentCount\":0,\"publisher\":{\"@id\":\"https:\/\/socialdesignmagazine.com\/mag\/#organization\"},\"image\":{\"@id\":\"https:\/\/socialdesignmagazine.com\/mag\/news\/design-news\/becoming-kids-lago-ci-fa-tornare-bambini-con-un-progetto-dedicato-al-mondo-dellinfanzia\/#primaryimage\"},\"thumbnailUrl\":\"https:\/\/socialdesignmagazine.com\/mag\/wp-content\/uploads\/2016\/02\/LAGO-Becoming-Kids-500-Letto-Sospeso.jpg\",\"keywords\":[\"daniele lago\",\"lago\",\"salone del mobile 2016\"],\"articleSection\":[\"Design News\"],\"inLanguage\":\"it-IT\",\"potentialAction\":[{\"@type\":\"CommentAction\",\"name\":\"Comment\",\"target\":[\"https:\/\/socialdesignmagazine.com\/mag\/news\/design-news\/becoming-kids-lago-ci-fa-tornare-bambini-con-un-progetto-dedicato-al-mondo-dellinfanzia\/#respond\"]}]},{\"@type\":\"WebPage\",\"@id\":\"https:\/\/socialdesignmagazine.com\/mag\/news\/design-news\/becoming-kids-lago-ci-fa-tornare-bambini-con-un-progetto-dedicato-al-mondo-dellinfanzia\/\",\"url\":\"https:\/\/socialdesignmagazine.com\/mag\/news\/design-news\/becoming-kids-lago-ci-fa-tornare-bambini-con-un-progetto-dedicato-al-mondo-dellinfanzia\/\",\"name\":\"Becoming Kids: LAGO ci fa tornare bambini\",\"isPartOf\":{\"@id\":\"https:\/\/socialdesignmagazine.com\/mag\/#website\"},\"primaryImageOfPage\":{\"@id\":\"https:\/\/socialdesignmagazine.com\/mag\/news\/design-news\/becoming-kids-lago-ci-fa-tornare-bambini-con-un-progetto-dedicato-al-mondo-dellinfanzia\/#primaryimage\"},\"image\":{\"@id\":\"https:\/\/socialdesignmagazine.com\/mag\/news\/design-news\/becoming-kids-lago-ci-fa-tornare-bambini-con-un-progetto-dedicato-al-mondo-dellinfanzia\/#primaryimage\"},\"thumbnailUrl\":\"https:\/\/socialdesignmagazine.com\/mag\/wp-content\/uploads\/2016\/02\/LAGO-Becoming-Kids-500-Letto-Sospeso.jpg\",\"datePublished\":\"2016-02-26T09:00:56+00:00\",\"description\":\"LAGO\u00a0presenta il nuovo mondo Kids & Young, il risultato di un percorso durato oltre un anno con il coinvolgimento di un Comitato Scientifico.\",\"breadcrumb\":{\"@id\":\"https:\/\/socialdesignmagazine.com\/mag\/news\/design-news\/becoming-kids-lago-ci-fa-tornare-bambini-con-un-progetto-dedicato-al-mondo-dellinfanzia\/#breadcrumb\"},\"inLanguage\":\"it-IT\",\"potentialAction\":[{\"@type\":\"ReadAction\",\"target\":[\"https:\/\/socialdesignmagazine.com\/mag\/news\/design-news\/becoming-kids-lago-ci-fa-tornare-bambini-con-un-progetto-dedicato-al-mondo-dellinfanzia\/\"]}]},{\"@type\":\"ImageObject\",\"inLanguage\":\"it-IT\",\"@id\":\"https:\/\/socialdesignmagazine.com\/mag\/news\/design-news\/becoming-kids-lago-ci-fa-tornare-bambini-con-un-progetto-dedicato-al-mondo-dellinfanzia\/#primaryimage\",\"url\":\"https:\/\/socialdesignmagazine.com\/mag\/wp-content\/uploads\/2016\/02\/LAGO-Becoming-Kids-500-Letto-Sospeso.jpg\",\"contentUrl\":\"https:\/\/socialdesignmagazine.com\/mag\/wp-content\/uploads\/2016\/02\/LAGO-Becoming-Kids-500-Letto-Sospeso.jpg\",\"width\":1200,\"height\":802,\"caption\":\"LAGO Becoming Kids 500 Letto Sospeso\"},{\"@type\":\"BreadcrumbList\",\"@id\":\"https:\/\/socialdesignmagazine.com\/mag\/news\/design-news\/becoming-kids-lago-ci-fa-tornare-bambini-con-un-progetto-dedicato-al-mondo-dellinfanzia\/#breadcrumb\",\"itemListElement\":[{\"@type\":\"ListItem\",\"position\":1,\"name\":\"Home\",\"item\":\"https:\/\/socialdesignmagazine.com\/mag\/\"},{\"@type\":\"ListItem\",\"position\":2,\"name\":\"News\",\"item\":\"https:\/\/socialdesignmagazine.com\/mag\/news\/\"},{\"@type\":\"ListItem\",\"position\":3,\"name\":\"Design News\",\"item\":\"https:\/\/socialdesignmagazine.com\/mag\/news\/design-news\/\"},{\"@type\":\"ListItem\",\"position\":4,\"name\":\"Becoming Kids: LAGO ci fa tornare bambini con un progetto dedicato al mondo dell\u2019infanzia\"}]},{\"@type\":\"WebSite\",\"@id\":\"https:\/\/socialdesignmagazine.com\/mag\/#website\",\"url\":\"https:\/\/socialdesignmagazine.com\/mag\/\",\"name\":\"Social Design Magazine\",\"description\":\"Social Magazine su Design, Architettura, Arte, Grafica\",\"publisher\":{\"@id\":\"https:\/\/socialdesignmagazine.com\/mag\/#organization\"},\"potentialAction\":[{\"@type\":\"SearchAction\",\"target\":{\"@type\":\"EntryPoint\",\"urlTemplate\":\"https:\/\/socialdesignmagazine.com\/mag\/?s={search_term_string}\"},\"query-input\":{\"@type\":\"PropertyValueSpecification\",\"valueRequired\":true,\"valueName\":\"search_term_string\"}}],\"inLanguage\":\"it-IT\"},{\"@type\":\"Organization\",\"@id\":\"https:\/\/socialdesignmagazine.com\/mag\/#organization\",\"name\":\"Social Design Magazine\",\"url\":\"https:\/\/socialdesignmagazine.com\/mag\/\",\"logo\":{\"@type\":\"ImageObject\",\"inLanguage\":\"it-IT\",\"@id\":\"https:\/\/socialdesignmagazine.com\/mag\/#\/schema\/logo\/image\/\",\"url\":\"https:\/\/socialdesignmagazine.com\/mag\/wp-content\/uploads\/2017\/01\/logo_favicon_11.png\",\"contentUrl\":\"https:\/\/socialdesignmagazine.com\/mag\/wp-content\/uploads\/2017\/01\/logo_favicon_11.png\",\"width\":1024,\"height\":1024,\"caption\":\"Social Design Magazine\"},\"image\":{\"@id\":\"https:\/\/socialdesignmagazine.com\/mag\/#\/schema\/logo\/image\/\"},\"sameAs\":[\"https:\/\/www.facebook.com\/socialdesignmag\",\"https:\/\/x.com\/socialdesignmag\",\"http:\/\/instagram.com\/social_design_magazine\/\",\"http:\/\/pinterest.com\/socialdesignmag\/\",\"http:\/\/www.youtube.com\/user\/socialdesignmagazine\"]},{\"@type\":\"Person\",\"@id\":\"https:\/\/socialdesignmagazine.com\/mag\/#\/schema\/person\/61e20205cc363c315e6aabd33a045846\",\"name\":\"Benedetto Fiori\",\"image\":{\"@type\":\"ImageObject\",\"inLanguage\":\"it-IT\",\"@id\":\"https:\/\/secure.gravatar.com\/avatar\/450a48cefa36da63d920ad70aa660bd10725b1c6093800242e5efdb397759033?s=96&d=mm&r=g\",\"url\":\"https:\/\/secure.gravatar.com\/avatar\/450a48cefa36da63d920ad70aa660bd10725b1c6093800242e5efdb397759033?s=96&d=mm&r=g\",\"contentUrl\":\"https:\/\/secure.gravatar.com\/avatar\/450a48cefa36da63d920ad70aa660bd10725b1c6093800242e5efdb397759033?s=96&d=mm&r=g\",\"caption\":\"Benedetto Fiori\"},\"description\":\"Web | Twitter | Facebook | Shutterstock Founder &amp; Editor in Chief di Social Design Magazine. Attratto da sempre da tutto ci\u00f2 che \u00e8 creativit\u00e0, design, architettura. Dopo aver studiato Architettura all'Universit\u00e0 di Firenze, si \u00e8 impegnato in molteplici campi: comunicazione grafica, progettazione di allestimenti fieristici, brand design, Interior Design.\",\"sameAs\":[\"http:\/\/benedettofiori.com\",\"https:\/\/www.facebook.com\/benedettofiori\",\"https:\/\/x.com\/benedettofiori\"],\"url\":\"https:\/\/socialdesignmagazine.com\/mag\/author\/benedetto\/\"}]}<\/script>\n<!-- \/ Yoast SEO plugin. -->","yoast_head_json":{"title":"Becoming Kids: LAGO ci fa tornare bambini","description":"LAGO\u00a0presenta il nuovo mondo Kids & Young, il risultato di un percorso durato oltre un anno con il coinvolgimento di un Comitato Scientifico.","robots":{"index":"index","follow":"follow","max-snippet":"max-snippet:-1","max-image-preview":"max-image-preview:large","max-video-preview":"max-video-preview:-1"},"canonical":"https:\/\/socialdesignmagazine.com\/mag\/news\/design-news\/becoming-kids-lago-ci-fa-tornare-bambini-con-un-progetto-dedicato-al-mondo-dellinfanzia\/","og_locale":"it_IT","og_type":"article","og_title":"Becoming Kids: LAGO ci fa tornare bambini","og_description":"LAGO\u00a0presenta il nuovo mondo Kids & Young, il risultato di un percorso durato oltre un anno con il coinvolgimento di un Comitato Scientifico.","og_url":"http:\/\/socialdesignmagazine.com\/mag\/news\/design-news\/becoming-kids-lago-ci-fa-tornare-bambini-con-un-progetto-dedicato-al-mondo-dellinfanzia\/","og_site_name":"Social Design Magazine","article_publisher":"https:\/\/www.facebook.com\/socialdesignmag","article_author":"https:\/\/www.facebook.com\/benedettofiori","article_published_time":"2016-02-26T09:00:56+00:00","og_image":[{"width":1200,"height":802,"url":"https:\/\/socialdesignmagazine.com\/mag\/wp-content\/uploads\/2016\/02\/LAGO-Becoming-Kids-500-Letto-Sospeso.jpg","type":"image\/jpeg"}],"author":"Benedetto Fiori","twitter_card":"summary_large_image","twitter_creator":"@benedettofiori","twitter_site":"@socialdesignmag","twitter_misc":{"Scritto da":"Benedetto Fiori","Tempo di lettura stimato":"6 minuti"},"schema":{"@context":"https:\/\/schema.org","@graph":[{"@type":"Article","@id":"https:\/\/socialdesignmagazine.com\/mag\/news\/design-news\/becoming-kids-lago-ci-fa-tornare-bambini-con-un-progetto-dedicato-al-mondo-dellinfanzia\/#article","isPartOf":{"@id":"https:\/\/socialdesignmagazine.com\/mag\/news\/design-news\/becoming-kids-lago-ci-fa-tornare-bambini-con-un-progetto-dedicato-al-mondo-dellinfanzia\/"},"author":{"name":"Benedetto Fiori","@id":"https:\/\/socialdesignmagazine.com\/mag\/#\/schema\/person\/61e20205cc363c315e6aabd33a045846"},"headline":"Becoming Kids: LAGO ci fa tornare bambini con un progetto dedicato al mondo dell\u2019infanzia","datePublished":"2016-02-26T09:00:56+00:00","mainEntityOfPage":{"@id":"https:\/\/socialdesignmagazine.com\/mag\/news\/design-news\/becoming-kids-lago-ci-fa-tornare-bambini-con-un-progetto-dedicato-al-mondo-dellinfanzia\/"},"wordCount":1277,"commentCount":0,"publisher":{"@id":"https:\/\/socialdesignmagazine.com\/mag\/#organization"},"image":{"@id":"https:\/\/socialdesignmagazine.com\/mag\/news\/design-news\/becoming-kids-lago-ci-fa-tornare-bambini-con-un-progetto-dedicato-al-mondo-dellinfanzia\/#primaryimage"},"thumbnailUrl":"https:\/\/socialdesignmagazine.com\/mag\/wp-content\/uploads\/2016\/02\/LAGO-Becoming-Kids-500-Letto-Sospeso.jpg","keywords":["daniele lago","lago","salone del mobile 2016"],"articleSection":["Design News"],"inLanguage":"it-IT","potentialAction":[{"@type":"CommentAction","name":"Comment","target":["https:\/\/socialdesignmagazine.com\/mag\/news\/design-news\/becoming-kids-lago-ci-fa-tornare-bambini-con-un-progetto-dedicato-al-mondo-dellinfanzia\/#respond"]}]},{"@type":"WebPage","@id":"https:\/\/socialdesignmagazine.com\/mag\/news\/design-news\/becoming-kids-lago-ci-fa-tornare-bambini-con-un-progetto-dedicato-al-mondo-dellinfanzia\/","url":"https:\/\/socialdesignmagazine.com\/mag\/news\/design-news\/becoming-kids-lago-ci-fa-tornare-bambini-con-un-progetto-dedicato-al-mondo-dellinfanzia\/","name":"Becoming Kids: LAGO ci fa tornare bambini","isPartOf":{"@id":"https:\/\/socialdesignmagazine.com\/mag\/#website"},"primaryImageOfPage":{"@id":"https:\/\/socialdesignmagazine.com\/mag\/news\/design-news\/becoming-kids-lago-ci-fa-tornare-bambini-con-un-progetto-dedicato-al-mondo-dellinfanzia\/#primaryimage"},"image":{"@id":"https:\/\/socialdesignmagazine.com\/mag\/news\/design-news\/becoming-kids-lago-ci-fa-tornare-bambini-con-un-progetto-dedicato-al-mondo-dellinfanzia\/#primaryimage"},"thumbnailUrl":"https:\/\/socialdesignmagazine.com\/mag\/wp-content\/uploads\/2016\/02\/LAGO-Becoming-Kids-500-Letto-Sospeso.jpg","datePublished":"2016-02-26T09:00:56+00:00","description":"LAGO\u00a0presenta il nuovo mondo Kids & Young, il risultato di un percorso durato oltre un anno con il coinvolgimento di un Comitato Scientifico.","breadcrumb":{"@id":"https:\/\/socialdesignmagazine.com\/mag\/news\/design-news\/becoming-kids-lago-ci-fa-tornare-bambini-con-un-progetto-dedicato-al-mondo-dellinfanzia\/#breadcrumb"},"inLanguage":"it-IT","potentialAction":[{"@type":"ReadAction","target":["https:\/\/socialdesignmagazine.com\/mag\/news\/design-news\/becoming-kids-lago-ci-fa-tornare-bambini-con-un-progetto-dedicato-al-mondo-dellinfanzia\/"]}]},{"@type":"ImageObject","inLanguage":"it-IT","@id":"https:\/\/socialdesignmagazine.com\/mag\/news\/design-news\/becoming-kids-lago-ci-fa-tornare-bambini-con-un-progetto-dedicato-al-mondo-dellinfanzia\/#primaryimage","url":"https:\/\/socialdesignmagazine.com\/mag\/wp-content\/uploads\/2016\/02\/LAGO-Becoming-Kids-500-Letto-Sospeso.jpg","contentUrl":"https:\/\/socialdesignmagazine.com\/mag\/wp-content\/uploads\/2016\/02\/LAGO-Becoming-Kids-500-Letto-Sospeso.jpg","width":1200,"height":802,"caption":"LAGO Becoming Kids 500 Letto Sospeso"},{"@type":"BreadcrumbList","@id":"https:\/\/socialdesignmagazine.com\/mag\/news\/design-news\/becoming-kids-lago-ci-fa-tornare-bambini-con-un-progetto-dedicato-al-mondo-dellinfanzia\/#breadcrumb","itemListElement":[{"@type":"ListItem","position":1,"name":"Home","item":"https:\/\/socialdesignmagazine.com\/mag\/"},{"@type":"ListItem","position":2,"name":"News","item":"https:\/\/socialdesignmagazine.com\/mag\/news\/"},{"@type":"ListItem","position":3,"name":"Design News","item":"https:\/\/socialdesignmagazine.com\/mag\/news\/design-news\/"},{"@type":"ListItem","position":4,"name":"Becoming Kids: LAGO ci fa tornare bambini con un progetto dedicato al mondo dell\u2019infanzia"}]},{"@type":"WebSite","@id":"https:\/\/socialdesignmagazine.com\/mag\/#website","url":"https:\/\/socialdesignmagazine.com\/mag\/","name":"Social Design Magazine","description":"Social Magazine su Design, Architettura, Arte, Grafica","publisher":{"@id":"https:\/\/socialdesignmagazine.com\/mag\/#organization"},"potentialAction":[{"@type":"SearchAction","target":{"@type":"EntryPoint","urlTemplate":"https:\/\/socialdesignmagazine.com\/mag\/?s={search_term_string}"},"query-input":{"@type":"PropertyValueSpecification","valueRequired":true,"valueName":"search_term_string"}}],"inLanguage":"it-IT"},{"@type":"Organization","@id":"https:\/\/socialdesignmagazine.com\/mag\/#organization","name":"Social Design Magazine","url":"https:\/\/socialdesignmagazine.com\/mag\/","logo":{"@type":"ImageObject","inLanguage":"it-IT","@id":"https:\/\/socialdesignmagazine.com\/mag\/#\/schema\/logo\/image\/","url":"https:\/\/socialdesignmagazine.com\/mag\/wp-content\/uploads\/2017\/01\/logo_favicon_11.png","contentUrl":"https:\/\/socialdesignmagazine.com\/mag\/wp-content\/uploads\/2017\/01\/logo_favicon_11.png","width":1024,"height":1024,"caption":"Social Design Magazine"},"image":{"@id":"https:\/\/socialdesignmagazine.com\/mag\/#\/schema\/logo\/image\/"},"sameAs":["https:\/\/www.facebook.com\/socialdesignmag","https:\/\/x.com\/socialdesignmag","http:\/\/instagram.com\/social_design_magazine\/","http:\/\/pinterest.com\/socialdesignmag\/","http:\/\/www.youtube.com\/user\/socialdesignmagazine"]},{"@type":"Person","@id":"https:\/\/socialdesignmagazine.com\/mag\/#\/schema\/person\/61e20205cc363c315e6aabd33a045846","name":"Benedetto Fiori","image":{"@type":"ImageObject","inLanguage":"it-IT","@id":"https:\/\/secure.gravatar.com\/avatar\/450a48cefa36da63d920ad70aa660bd10725b1c6093800242e5efdb397759033?s=96&d=mm&r=g","url":"https:\/\/secure.gravatar.com\/avatar\/450a48cefa36da63d920ad70aa660bd10725b1c6093800242e5efdb397759033?s=96&d=mm&r=g","contentUrl":"https:\/\/secure.gravatar.com\/avatar\/450a48cefa36da63d920ad70aa660bd10725b1c6093800242e5efdb397759033?s=96&d=mm&r=g","caption":"Benedetto Fiori"},"description":"Web | Twitter | Facebook | Shutterstock Founder &amp; Editor in Chief di Social Design Magazine. Attratto da sempre da tutto ci\u00f2 che \u00e8 creativit\u00e0, design, architettura. Dopo aver studiato Architettura all'Universit\u00e0 di Firenze, si \u00e8 impegnato in molteplici campi: comunicazione grafica, progettazione di allestimenti fieristici, brand design, Interior Design.","sameAs":["http:\/\/benedettofiori.com","https:\/\/www.facebook.com\/benedettofiori","https:\/\/x.com\/benedettofiori"],"url":"https:\/\/socialdesignmagazine.com\/mag\/author\/benedetto\/"}]}},"jetpack_featured_media_url":"https:\/\/socialdesignmagazine.com\/mag\/wp-content\/uploads\/2016\/02\/LAGO-Becoming-Kids-500-Letto-Sospeso.jpg","jetpack_sharing_enabled":true,"jetpack_shortlink":"https:\/\/wp.me\/p6cV7V-73m","gt_translate_keys":[{"key":"link","format":"url"}],"_links":{"self":[{"href":"https:\/\/socialdesignmagazine.com\/mag\/wp-json\/wp\/v2\/posts\/27116","targetHints":{"allow":["GET"]}}],"collection":[{"href":"https:\/\/socialdesignmagazine.com\/mag\/wp-json\/wp\/v2\/posts"}],"about":[{"href":"https:\/\/socialdesignmagazine.com\/mag\/wp-json\/wp\/v2\/types\/post"}],"author":[{"embeddable":true,"href":"https:\/\/socialdesignmagazine.com\/mag\/wp-json\/wp\/v2\/users\/1"}],"replies":[{"embeddable":true,"href":"https:\/\/socialdesignmagazine.com\/mag\/wp-json\/wp\/v2\/comments?post=27116"}],"version-history":[{"count":3,"href":"https:\/\/socialdesignmagazine.com\/mag\/wp-json\/wp\/v2\/posts\/27116\/revisions"}],"predecessor-version":[{"id":27142,"href":"https:\/\/socialdesignmagazine.com\/mag\/wp-json\/wp\/v2\/posts\/27116\/revisions\/27142"}],"wp:featuredmedia":[{"embeddable":true,"href":"https:\/\/socialdesignmagazine.com\/mag\/wp-json\/wp\/v2\/media\/27119"}],"wp:attachment":[{"href":"https:\/\/socialdesignmagazine.com\/mag\/wp-json\/wp\/v2\/media?parent=27116"}],"wp:term":[{"taxonomy":"category","embeddable":true,"href":"https:\/\/socialdesignmagazine.com\/mag\/wp-json\/wp\/v2\/categories?post=27116"},{"taxonomy":"post_tag","embeddable":true,"href":"https:\/\/socialdesignmagazine.com\/mag\/wp-json\/wp\/v2\/tags?post=27116"}],"curies":[{"name":"wp","href":"https:\/\/api.w.org\/{rel}","templated":true}]}}