{"id":27143,"date":"2016-02-27T12:00:35","date_gmt":"2016-02-27T11:00:35","guid":{"rendered":"https:\/\/socialdesignmagazine.com\/mag\/?p=27143"},"modified":"2016-02-25T22:11:33","modified_gmt":"2016-02-25T21:11:33","slug":"nicolette-ethimo-e-patrick-norguet","status":"publish","type":"post","link":"https:\/\/socialdesignmagazine.com\/mag\/news\/design-news\/nicolette-ethimo-e-patrick-norguet\/","title":{"rendered":"Nicolette, eleganza e robustezza da Ethimo e Patrick Norguet","gt_translate_keys":[{"key":"rendered","format":"text"}]},"content":{"rendered":"<h2>Nicolette, eleganza e robustezza per la nuova seduta disegnata da\u00a0Patrick Norguet, che <a rel=\"nofollow\" href=\"http:\/\/www.ethimo.it\/\">Ethimo<\/a> presenter\u00e0 al Salone del Mobile 2016.<\/h2>\n<p>Un progetto polifunzionale che nasce dalla voglia di sperimentare combinazioni\u00a0materiche inedite.Nicolette prende forma dall\u2019idea di realizzare una seduta in alluminio leggera e\u00a0delicata nelle linee, robusta nell\u2019uso; una seduta capace di resistere all\u2019azione del\u00a0tempo, pensata per l\u2019outdoor ma adatta a molteplici usi; una seduta originale e ben\u00a0riuscita.<\/p>\n<p>Come un abito di haute couture, Nicolette mostra una certa sofisticatezza\u00a0mantenendo un carattere semplice che la rende elegante.<\/p>\n<p>Ethimo e Patrick Norguet hanno dato vita ad una sedia che combina molteplici\u00a0materiali e diverse tecniche di lavorazione dell\u2019alluminio: le parti strutturali in\u00a0alluminio sono stampate ad iniezione, poi assemblate grazie all\u2019impiego di\u00a0componenti in alluminio estruso.<\/p>\n<p>Nicolette trova il suo tratto distintivo nel rivestimento dello schienale,\u00a0vera evoluzione dei tessuti per esterni. Lavorando su uno specifico brevetto\u00a0industriale, si \u00e8 ottenuta una plissettatura rigida del tessuto, mantenendone\u00a0intatte le caratteristiche di idrorepellenza e resistenza, fondamentali per un\u00a0prodotto dedicato all\u2019outdoor.<\/p>\n<p>Allo schienale, si unisce infine un elemento in teak,\u00a0che contribuisce a rendere ancora pi\u00f9 \u2018calda\u2019 e confortevole la seduta.<\/p>\n<p>Questa raffinata semplicit\u00e0 che la distingue combinando leggerezza e funzionalit\u00e0\u00a0con l\u2019attenzione per i dettagli e la ricerca dei materiali, la rende ideale sia per\u00a0arredare gli spazi esterni sia per valorizzare la zona living.\u00a0Le pi\u00f9 sofisticate esigenze di arredo e di relax vengono soddisfatte dalla sua\u00a0forma avvolgente.<\/p>\n<p>Nicolette \u00e8 l\u2019interpretazione in chiave contemporanea di un\u2019eleganza non\u00a0convenzionale.<\/p>\n<div id=\"attachment_27147\" style=\"width: 1191px\" class=\"wp-caption alignnone\"><a href=\"https:\/\/socialdesignmagazine.com\/mag\/?attachment_id=27147#content\" rel=\"attachment wp-att-27147\"><img loading=\"lazy\" decoding=\"async\" aria-describedby=\"caption-attachment-27147\" data-attachment-id=\"27147\" data-permalink=\"https:\/\/socialdesignmagazine.com\/mag\/news\/design-news\/nicolette-ethimo-e-patrick-norguet\/attachment\/seduta-nicolette-design-patrick-norguet-per-ethimo-1\/#content\" data-orig-file=\"https:\/\/socialdesignmagazine.com\/mag\/wp-content\/uploads\/2016\/02\/Seduta-Nicolette-design-Patrick-Norguet-per-Ethimo-1.jpg\" data-orig-size=\"1181,1575\" data-comments-opened=\"1\" data-image-meta=\"{&quot;aperture&quot;:&quot;19&quot;,&quot;credit&quot;:&quot;Mauro Mattioli&quot;,&quot;camera&quot;:&quot;Hasselblad H3DII-31&quot;,&quot;caption&quot;:&quot;&quot;,&quot;created_timestamp&quot;:&quot;1452184555&quot;,&quot;copyright&quot;:&quot;&quot;,&quot;focal_length&quot;:&quot;100&quot;,&quot;iso&quot;:&quot;100&quot;,&quot;shutter_speed&quot;:&quot;0.0111111111111&quot;,&quot;title&quot;:&quot;&quot;,&quot;orientation&quot;:&quot;1&quot;}\" data-image-title=\"Seduta Nicolette design Patrick Norguet per Ethimo 1\" data-image-description=\"\" data-image-caption=\"&lt;p&gt;Seduta Nicolette design Patrick Norguet per Ethimo, vista frontale&lt;\/p&gt;\n\" data-medium-file=\"https:\/\/socialdesignmagazine.com\/mag\/wp-content\/uploads\/2016\/02\/Seduta-Nicolette-design-Patrick-Norguet-per-Ethimo-1-396x256.jpg\" data-large-file=\"https:\/\/socialdesignmagazine.com\/mag\/wp-content\/uploads\/2016\/02\/Seduta-Nicolette-design-Patrick-Norguet-per-Ethimo-1-1024x1366.jpg\" class=\"size-full wp-image-27147\" src=\"https:\/\/socialdesignmagazine.com\/mag\/wp-content\/uploads\/2016\/02\/Seduta-Nicolette-design-Patrick-Norguet-per-Ethimo-1.jpg\" alt=\"Seduta Nicolette design Patrick Norguet per Ethimo\" width=\"1181\" height=\"1575\" srcset=\"https:\/\/socialdesignmagazine.com\/mag\/wp-content\/uploads\/2016\/02\/Seduta-Nicolette-design-Patrick-Norguet-per-Ethimo-1.jpg 1181w, https:\/\/socialdesignmagazine.com\/mag\/wp-content\/uploads\/2016\/02\/Seduta-Nicolette-design-Patrick-Norguet-per-Ethimo-1-768x1024.jpg 768w, https:\/\/socialdesignmagazine.com\/mag\/wp-content\/uploads\/2016\/02\/Seduta-Nicolette-design-Patrick-Norguet-per-Ethimo-1-1024x1366.jpg 1024w\" sizes=\"auto, (max-width: 1181px) 100vw, 1181px\" \/><\/a><p id=\"caption-attachment-27147\" class=\"wp-caption-text\">Seduta Nicolette design Patrick Norguet per Ethimo, vista frontale<\/p><\/div>\n<div id=\"attachment_27148\" style=\"width: 1191px\" class=\"wp-caption alignnone\"><a href=\"https:\/\/socialdesignmagazine.com\/mag\/?attachment_id=27148#content\" rel=\"attachment wp-att-27148\"><img loading=\"lazy\" decoding=\"async\" aria-describedby=\"caption-attachment-27148\" data-attachment-id=\"27148\" data-permalink=\"https:\/\/socialdesignmagazine.com\/mag\/news\/design-news\/nicolette-ethimo-e-patrick-norguet\/attachment\/seduta-nicolette-design-patrick-norguet-per-ethimo-2\/#content\" data-orig-file=\"https:\/\/socialdesignmagazine.com\/mag\/wp-content\/uploads\/2016\/02\/Seduta-Nicolette-design-Patrick-Norguet-per-Ethimo-2.jpg\" data-orig-size=\"1181,1575\" data-comments-opened=\"1\" data-image-meta=\"{&quot;aperture&quot;:&quot;16&quot;,&quot;credit&quot;:&quot;Mauro Mattioli&quot;,&quot;camera&quot;:&quot;Hasselblad H3DII-31&quot;,&quot;caption&quot;:&quot;&quot;,&quot;created_timestamp&quot;:&quot;1452185108&quot;,&quot;copyright&quot;:&quot;&quot;,&quot;focal_length&quot;:&quot;110&quot;,&quot;iso&quot;:&quot;100&quot;,&quot;shutter_speed&quot;:&quot;0.0111111111111&quot;,&quot;title&quot;:&quot;&quot;,&quot;orientation&quot;:&quot;1&quot;}\" data-image-title=\"Seduta Nicolette design Patrick Norguet per Ethimo 2\" data-image-description=\"\" data-image-caption=\"&lt;p&gt;Seduta Nicolette design Patrick Norguet per Ethimo&lt;\/p&gt;\n\" data-medium-file=\"https:\/\/socialdesignmagazine.com\/mag\/wp-content\/uploads\/2016\/02\/Seduta-Nicolette-design-Patrick-Norguet-per-Ethimo-2-396x256.jpg\" data-large-file=\"https:\/\/socialdesignmagazine.com\/mag\/wp-content\/uploads\/2016\/02\/Seduta-Nicolette-design-Patrick-Norguet-per-Ethimo-2-1024x1366.jpg\" class=\"size-full wp-image-27148\" src=\"https:\/\/socialdesignmagazine.com\/mag\/wp-content\/uploads\/2016\/02\/Seduta-Nicolette-design-Patrick-Norguet-per-Ethimo-2.jpg\" alt=\"Seduta Nicolette design Patrick Norguet per Ethimo\" width=\"1181\" height=\"1575\" srcset=\"https:\/\/socialdesignmagazine.com\/mag\/wp-content\/uploads\/2016\/02\/Seduta-Nicolette-design-Patrick-Norguet-per-Ethimo-2.jpg 1181w, https:\/\/socialdesignmagazine.com\/mag\/wp-content\/uploads\/2016\/02\/Seduta-Nicolette-design-Patrick-Norguet-per-Ethimo-2-768x1024.jpg 768w, https:\/\/socialdesignmagazine.com\/mag\/wp-content\/uploads\/2016\/02\/Seduta-Nicolette-design-Patrick-Norguet-per-Ethimo-2-1024x1366.jpg 1024w\" sizes=\"auto, (max-width: 1181px) 100vw, 1181px\" \/><\/a><p id=\"caption-attachment-27148\" class=\"wp-caption-text\">Seduta Nicolette design Patrick Norguet per Ethimo<\/p><\/div>\n<div id=\"attachment_27149\" style=\"width: 1191px\" class=\"wp-caption alignnone\"><a href=\"https:\/\/socialdesignmagazine.com\/mag\/?attachment_id=27149#content\" rel=\"attachment wp-att-27149\"><img loading=\"lazy\" decoding=\"async\" aria-describedby=\"caption-attachment-27149\" data-attachment-id=\"27149\" data-permalink=\"https:\/\/socialdesignmagazine.com\/mag\/news\/design-news\/nicolette-ethimo-e-patrick-norguet\/attachment\/seduta-nicolette-design-patrick-norguet-per-ethimo-3\/#content\" data-orig-file=\"https:\/\/socialdesignmagazine.com\/mag\/wp-content\/uploads\/2016\/02\/Seduta-Nicolette-design-Patrick-Norguet-per-Ethimo-3.jpg\" data-orig-size=\"1181,1575\" data-comments-opened=\"1\" data-image-meta=\"{&quot;aperture&quot;:&quot;19&quot;,&quot;credit&quot;:&quot;Mauro Mattioli&quot;,&quot;camera&quot;:&quot;Hasselblad H3DII-31&quot;,&quot;caption&quot;:&quot;&quot;,&quot;created_timestamp&quot;:&quot;1452189366&quot;,&quot;copyright&quot;:&quot;&quot;,&quot;focal_length&quot;:&quot;110&quot;,&quot;iso&quot;:&quot;100&quot;,&quot;shutter_speed&quot;:&quot;0.0111111111111&quot;,&quot;title&quot;:&quot;&quot;,&quot;orientation&quot;:&quot;1&quot;}\" data-image-title=\"Seduta Nicolette design Patrick Norguet per Ethimo 3\" data-image-description=\"\" data-image-caption=\"&lt;p&gt;Seduta Nicolette design Patrick Norguet per Ethimo, vista posteriore&lt;\/p&gt;\n\" data-medium-file=\"https:\/\/socialdesignmagazine.com\/mag\/wp-content\/uploads\/2016\/02\/Seduta-Nicolette-design-Patrick-Norguet-per-Ethimo-3-396x256.jpg\" data-large-file=\"https:\/\/socialdesignmagazine.com\/mag\/wp-content\/uploads\/2016\/02\/Seduta-Nicolette-design-Patrick-Norguet-per-Ethimo-3-1024x1366.jpg\" class=\"size-full wp-image-27149\" src=\"https:\/\/socialdesignmagazine.com\/mag\/wp-content\/uploads\/2016\/02\/Seduta-Nicolette-design-Patrick-Norguet-per-Ethimo-3.jpg\" alt=\"Seduta Nicolette design Patrick Norguet per Ethimo\" width=\"1181\" height=\"1575\" srcset=\"https:\/\/socialdesignmagazine.com\/mag\/wp-content\/uploads\/2016\/02\/Seduta-Nicolette-design-Patrick-Norguet-per-Ethimo-3.jpg 1181w, https:\/\/socialdesignmagazine.com\/mag\/wp-content\/uploads\/2016\/02\/Seduta-Nicolette-design-Patrick-Norguet-per-Ethimo-3-768x1024.jpg 768w, https:\/\/socialdesignmagazine.com\/mag\/wp-content\/uploads\/2016\/02\/Seduta-Nicolette-design-Patrick-Norguet-per-Ethimo-3-1024x1366.jpg 1024w\" sizes=\"auto, (max-width: 1181px) 100vw, 1181px\" \/><\/a><p id=\"caption-attachment-27149\" class=\"wp-caption-text\">Seduta Nicolette design Patrick Norguet per Ethimo, vista posteriore<\/p><\/div>\n","protected":false,"gt_translate_keys":[{"key":"rendered","format":"html"}]},"excerpt":{"rendered":"<p>Nicolette, eleganza e robustezza per la nuova seduta disegnata da Patrick Norguet, che Ethimo presenter\u00e0 al Salone del Mobile 2016.<\/p>\n","protected":false,"gt_translate_keys":[{"key":"rendered","format":"html"}]},"author":1,"featured_media":27150,"comment_status":"open","ping_status":"open","sticky":false,"template":"","format":"standard","meta":{"jetpack_post_was_ever_published":false,"_jetpack_newsletter_access":"","_jetpack_dont_email_post_to_subs":false,"_jetpack_newsletter_tier_id":0,"_jetpack_memberships_contains_paywalled_content":false,"_jetpack_memberships_contains_paid_content":false,"footnotes":"","_wpscppro_dont_share_socialmedia":false,"_wpscppro_custom_social_share_image":0,"_facebook_share_type":"","_twitter_share_type":"","_linkedin_share_type":"","_pinterest_share_type":"","_linkedin_share_type_page":"","_instagram_share_type":"","_medium_share_type":"","_threads_share_type":"","_google_business_share_type":"","_selected_social_profile":[],"_wpsp_enable_custom_social_template":false,"_wpsp_social_scheduling":{"enabled":false,"datetime":null,"platforms":[],"status":"template_only","dateOption":"today","timeOption":"now","customDays":"","customHours":"","customDate":"","customTime":"","schedulingType":"absolute"},"_wpsp_active_default_template":true},"categories":[17],"tags":[2929,68,1338,4634,118],"class_list":["post-27143","post","type-post","status-publish","format-standard","has-post-thumbnail","hentry","category-design-news","tag-ethimo","tag-outdoor","tag-patrick-norguet","tag-salone-del-mobile-2016","tag-sedia"],"yoast_head":"<!-- This site is optimized with the Yoast SEO plugin v27.2 - https:\/\/yoast.com\/product\/yoast-seo-wordpress\/ -->\n<title>Nicolette, eleganza e robustezza da Ethimo e Patrick Norguet<\/title>\n<meta name=\"description\" content=\"Nicolette, eleganza e robustezza per la nuova seduta disegnata da\u00a0Patrick Norguet, che Ethimo presenter\u00e0 al Salone del Mobile 2016.\" \/>\n<meta name=\"robots\" content=\"index, follow, max-snippet:-1, max-image-preview:large, max-video-preview:-1\" \/>\n<link rel=\"canonical\" href=\"https:\/\/socialdesignmagazine.com\/mag\/news\/design-news\/nicolette-ethimo-e-patrick-norguet\/\" \/>\n<meta property=\"og:locale\" content=\"it_IT\" \/>\n<meta property=\"og:type\" content=\"article\" \/>\n<meta property=\"og:title\" content=\"Nicolette, eleganza e robustezza da Ethimo e Patrick Norguet\" \/>\n<meta property=\"og:description\" content=\"Nicolette, eleganza e robustezza per la nuova seduta disegnata da\u00a0Patrick Norguet, che Ethimo presenter\u00e0 al Salone del Mobile 2016.\" \/>\n<meta property=\"og:url\" content=\"http:\/\/socialdesignmagazine.com\/mag\/news\/design-news\/nicolette-ethimo-e-patrick-norguet\/\" \/>\n<meta property=\"og:site_name\" content=\"Social Design Magazine\" \/>\n<meta property=\"article:publisher\" content=\"https:\/\/www.facebook.com\/socialdesignmag\" \/>\n<meta property=\"article:author\" content=\"https:\/\/www.facebook.com\/benedettofiori\" \/>\n<meta property=\"article:published_time\" content=\"2016-02-27T11:00:35+00:00\" \/>\n<meta property=\"og:image\" content=\"https:\/\/socialdesignmagazine.com\/mag\/wp-content\/uploads\/2016\/02\/Seduta-Nicolette-design-Patrick-Norguet-per-Ethimo-4.jpg\" \/>\n\t<meta property=\"og:image:width\" content=\"1181\" \/>\n\t<meta property=\"og:image:height\" content=\"886\" \/>\n\t<meta property=\"og:image:type\" content=\"image\/jpeg\" \/>\n<meta name=\"author\" content=\"Benedetto Fiori\" \/>\n<meta name=\"twitter:card\" content=\"summary_large_image\" \/>\n<meta name=\"twitter:creator\" content=\"@benedettofiori\" \/>\n<meta name=\"twitter:site\" content=\"@socialdesignmag\" \/>\n<meta name=\"twitter:label1\" content=\"Scritto da\" \/>\n\t<meta name=\"twitter:data1\" content=\"Benedetto Fiori\" \/>\n\t<meta name=\"twitter:label2\" content=\"Tempo di lettura stimato\" \/>\n\t<meta name=\"twitter:data2\" content=\"2 minuti\" \/>\n<script type=\"application\/ld+json\" class=\"yoast-schema-graph\">{\"@context\":\"https:\/\/schema.org\",\"@graph\":[{\"@type\":\"Article\",\"@id\":\"https:\/\/socialdesignmagazine.com\/mag\/news\/design-news\/nicolette-ethimo-e-patrick-norguet\/#article\",\"isPartOf\":{\"@id\":\"https:\/\/socialdesignmagazine.com\/mag\/news\/design-news\/nicolette-ethimo-e-patrick-norguet\/\"},\"author\":{\"name\":\"Benedetto Fiori\",\"@id\":\"https:\/\/socialdesignmagazine.com\/mag\/#\/schema\/person\/61e20205cc363c315e6aabd33a045846\"},\"headline\":\"Nicolette, eleganza e robustezza da Ethimo e Patrick Norguet\",\"datePublished\":\"2016-02-27T11:00:35+00:00\",\"mainEntityOfPage\":{\"@id\":\"https:\/\/socialdesignmagazine.com\/mag\/news\/design-news\/nicolette-ethimo-e-patrick-norguet\/\"},\"wordCount\":314,\"commentCount\":0,\"publisher\":{\"@id\":\"https:\/\/socialdesignmagazine.com\/mag\/#organization\"},\"image\":{\"@id\":\"https:\/\/socialdesignmagazine.com\/mag\/news\/design-news\/nicolette-ethimo-e-patrick-norguet\/#primaryimage\"},\"thumbnailUrl\":\"https:\/\/socialdesignmagazine.com\/mag\/wp-content\/uploads\/2016\/02\/Seduta-Nicolette-design-Patrick-Norguet-per-Ethimo-4.jpg\",\"keywords\":[\"ethimo\",\"outdoor\",\"patrick norguet\",\"salone del mobile 2016\",\"sedia\"],\"articleSection\":[\"Design News\"],\"inLanguage\":\"it-IT\",\"potentialAction\":[{\"@type\":\"CommentAction\",\"name\":\"Comment\",\"target\":[\"https:\/\/socialdesignmagazine.com\/mag\/news\/design-news\/nicolette-ethimo-e-patrick-norguet\/#respond\"]}]},{\"@type\":\"WebPage\",\"@id\":\"https:\/\/socialdesignmagazine.com\/mag\/news\/design-news\/nicolette-ethimo-e-patrick-norguet\/\",\"url\":\"https:\/\/socialdesignmagazine.com\/mag\/news\/design-news\/nicolette-ethimo-e-patrick-norguet\/\",\"name\":\"Nicolette, eleganza e robustezza da Ethimo e Patrick Norguet\",\"isPartOf\":{\"@id\":\"https:\/\/socialdesignmagazine.com\/mag\/#website\"},\"primaryImageOfPage\":{\"@id\":\"https:\/\/socialdesignmagazine.com\/mag\/news\/design-news\/nicolette-ethimo-e-patrick-norguet\/#primaryimage\"},\"image\":{\"@id\":\"https:\/\/socialdesignmagazine.com\/mag\/news\/design-news\/nicolette-ethimo-e-patrick-norguet\/#primaryimage\"},\"thumbnailUrl\":\"https:\/\/socialdesignmagazine.com\/mag\/wp-content\/uploads\/2016\/02\/Seduta-Nicolette-design-Patrick-Norguet-per-Ethimo-4.jpg\",\"datePublished\":\"2016-02-27T11:00:35+00:00\",\"description\":\"Nicolette, eleganza e robustezza per la nuova seduta disegnata da\u00a0Patrick Norguet, che Ethimo presenter\u00e0 al Salone del Mobile 2016.\",\"breadcrumb\":{\"@id\":\"https:\/\/socialdesignmagazine.com\/mag\/news\/design-news\/nicolette-ethimo-e-patrick-norguet\/#breadcrumb\"},\"inLanguage\":\"it-IT\",\"potentialAction\":[{\"@type\":\"ReadAction\",\"target\":[\"https:\/\/socialdesignmagazine.com\/mag\/news\/design-news\/nicolette-ethimo-e-patrick-norguet\/\"]}]},{\"@type\":\"ImageObject\",\"inLanguage\":\"it-IT\",\"@id\":\"https:\/\/socialdesignmagazine.com\/mag\/news\/design-news\/nicolette-ethimo-e-patrick-norguet\/#primaryimage\",\"url\":\"https:\/\/socialdesignmagazine.com\/mag\/wp-content\/uploads\/2016\/02\/Seduta-Nicolette-design-Patrick-Norguet-per-Ethimo-4.jpg\",\"contentUrl\":\"https:\/\/socialdesignmagazine.com\/mag\/wp-content\/uploads\/2016\/02\/Seduta-Nicolette-design-Patrick-Norguet-per-Ethimo-4.jpg\",\"width\":1181,\"height\":886,\"caption\":\"Seduta Nicolette design Patrick Norguet per Ethimo\"},{\"@type\":\"BreadcrumbList\",\"@id\":\"https:\/\/socialdesignmagazine.com\/mag\/news\/design-news\/nicolette-ethimo-e-patrick-norguet\/#breadcrumb\",\"itemListElement\":[{\"@type\":\"ListItem\",\"position\":1,\"name\":\"Home\",\"item\":\"https:\/\/socialdesignmagazine.com\/mag\/\"},{\"@type\":\"ListItem\",\"position\":2,\"name\":\"News\",\"item\":\"https:\/\/socialdesignmagazine.com\/mag\/news\/\"},{\"@type\":\"ListItem\",\"position\":3,\"name\":\"Design News\",\"item\":\"https:\/\/socialdesignmagazine.com\/mag\/news\/design-news\/\"},{\"@type\":\"ListItem\",\"position\":4,\"name\":\"Nicolette, eleganza e robustezza da Ethimo e Patrick Norguet\"}]},{\"@type\":\"WebSite\",\"@id\":\"https:\/\/socialdesignmagazine.com\/mag\/#website\",\"url\":\"https:\/\/socialdesignmagazine.com\/mag\/\",\"name\":\"Social Design Magazine\",\"description\":\"Social Magazine su Design, Architettura, Arte, Grafica\",\"publisher\":{\"@id\":\"https:\/\/socialdesignmagazine.com\/mag\/#organization\"},\"potentialAction\":[{\"@type\":\"SearchAction\",\"target\":{\"@type\":\"EntryPoint\",\"urlTemplate\":\"https:\/\/socialdesignmagazine.com\/mag\/?s={search_term_string}\"},\"query-input\":{\"@type\":\"PropertyValueSpecification\",\"valueRequired\":true,\"valueName\":\"search_term_string\"}}],\"inLanguage\":\"it-IT\"},{\"@type\":\"Organization\",\"@id\":\"https:\/\/socialdesignmagazine.com\/mag\/#organization\",\"name\":\"Social Design Magazine\",\"url\":\"https:\/\/socialdesignmagazine.com\/mag\/\",\"logo\":{\"@type\":\"ImageObject\",\"inLanguage\":\"it-IT\",\"@id\":\"https:\/\/socialdesignmagazine.com\/mag\/#\/schema\/logo\/image\/\",\"url\":\"https:\/\/socialdesignmagazine.com\/mag\/wp-content\/uploads\/2017\/01\/logo_favicon_11.png\",\"contentUrl\":\"https:\/\/socialdesignmagazine.com\/mag\/wp-content\/uploads\/2017\/01\/logo_favicon_11.png\",\"width\":1024,\"height\":1024,\"caption\":\"Social Design Magazine\"},\"image\":{\"@id\":\"https:\/\/socialdesignmagazine.com\/mag\/#\/schema\/logo\/image\/\"},\"sameAs\":[\"https:\/\/www.facebook.com\/socialdesignmag\",\"https:\/\/x.com\/socialdesignmag\",\"http:\/\/instagram.com\/social_design_magazine\/\",\"http:\/\/pinterest.com\/socialdesignmag\/\",\"http:\/\/www.youtube.com\/user\/socialdesignmagazine\"]},{\"@type\":\"Person\",\"@id\":\"https:\/\/socialdesignmagazine.com\/mag\/#\/schema\/person\/61e20205cc363c315e6aabd33a045846\",\"name\":\"Benedetto Fiori\",\"image\":{\"@type\":\"ImageObject\",\"inLanguage\":\"it-IT\",\"@id\":\"https:\/\/secure.gravatar.com\/avatar\/450a48cefa36da63d920ad70aa660bd10725b1c6093800242e5efdb397759033?s=96&d=mm&r=g\",\"url\":\"https:\/\/secure.gravatar.com\/avatar\/450a48cefa36da63d920ad70aa660bd10725b1c6093800242e5efdb397759033?s=96&d=mm&r=g\",\"contentUrl\":\"https:\/\/secure.gravatar.com\/avatar\/450a48cefa36da63d920ad70aa660bd10725b1c6093800242e5efdb397759033?s=96&d=mm&r=g\",\"caption\":\"Benedetto Fiori\"},\"description\":\"Web | Twitter | Facebook | Shutterstock Founder &amp; Editor in Chief di Social Design Magazine. Attratto da sempre da tutto ci\u00f2 che \u00e8 creativit\u00e0, design, architettura. Dopo aver studiato Architettura all'Universit\u00e0 di Firenze, si \u00e8 impegnato in molteplici campi: comunicazione grafica, progettazione di allestimenti fieristici, brand design, Interior Design.\",\"sameAs\":[\"http:\/\/benedettofiori.com\",\"https:\/\/www.facebook.com\/benedettofiori\",\"https:\/\/x.com\/benedettofiori\"],\"url\":\"https:\/\/socialdesignmagazine.com\/mag\/author\/benedetto\/\"}]}<\/script>\n<!-- \/ Yoast SEO plugin. -->","yoast_head_json":{"title":"Nicolette, eleganza e robustezza da Ethimo e Patrick Norguet","description":"Nicolette, eleganza e robustezza per la nuova seduta disegnata da\u00a0Patrick Norguet, che Ethimo presenter\u00e0 al Salone del Mobile 2016.","robots":{"index":"index","follow":"follow","max-snippet":"max-snippet:-1","max-image-preview":"max-image-preview:large","max-video-preview":"max-video-preview:-1"},"canonical":"https:\/\/socialdesignmagazine.com\/mag\/news\/design-news\/nicolette-ethimo-e-patrick-norguet\/","og_locale":"it_IT","og_type":"article","og_title":"Nicolette, eleganza e robustezza da Ethimo e Patrick Norguet","og_description":"Nicolette, eleganza e robustezza per la nuova seduta disegnata da\u00a0Patrick Norguet, che Ethimo presenter\u00e0 al Salone del Mobile 2016.","og_url":"http:\/\/socialdesignmagazine.com\/mag\/news\/design-news\/nicolette-ethimo-e-patrick-norguet\/","og_site_name":"Social Design Magazine","article_publisher":"https:\/\/www.facebook.com\/socialdesignmag","article_author":"https:\/\/www.facebook.com\/benedettofiori","article_published_time":"2016-02-27T11:00:35+00:00","og_image":[{"width":1181,"height":886,"url":"https:\/\/socialdesignmagazine.com\/mag\/wp-content\/uploads\/2016\/02\/Seduta-Nicolette-design-Patrick-Norguet-per-Ethimo-4.jpg","type":"image\/jpeg"}],"author":"Benedetto Fiori","twitter_card":"summary_large_image","twitter_creator":"@benedettofiori","twitter_site":"@socialdesignmag","twitter_misc":{"Scritto da":"Benedetto Fiori","Tempo di lettura stimato":"2 minuti"},"schema":{"@context":"https:\/\/schema.org","@graph":[{"@type":"Article","@id":"https:\/\/socialdesignmagazine.com\/mag\/news\/design-news\/nicolette-ethimo-e-patrick-norguet\/#article","isPartOf":{"@id":"https:\/\/socialdesignmagazine.com\/mag\/news\/design-news\/nicolette-ethimo-e-patrick-norguet\/"},"author":{"name":"Benedetto Fiori","@id":"https:\/\/socialdesignmagazine.com\/mag\/#\/schema\/person\/61e20205cc363c315e6aabd33a045846"},"headline":"Nicolette, eleganza e robustezza da Ethimo e Patrick Norguet","datePublished":"2016-02-27T11:00:35+00:00","mainEntityOfPage":{"@id":"https:\/\/socialdesignmagazine.com\/mag\/news\/design-news\/nicolette-ethimo-e-patrick-norguet\/"},"wordCount":314,"commentCount":0,"publisher":{"@id":"https:\/\/socialdesignmagazine.com\/mag\/#organization"},"image":{"@id":"https:\/\/socialdesignmagazine.com\/mag\/news\/design-news\/nicolette-ethimo-e-patrick-norguet\/#primaryimage"},"thumbnailUrl":"https:\/\/socialdesignmagazine.com\/mag\/wp-content\/uploads\/2016\/02\/Seduta-Nicolette-design-Patrick-Norguet-per-Ethimo-4.jpg","keywords":["ethimo","outdoor","patrick norguet","salone del mobile 2016","sedia"],"articleSection":["Design News"],"inLanguage":"it-IT","potentialAction":[{"@type":"CommentAction","name":"Comment","target":["https:\/\/socialdesignmagazine.com\/mag\/news\/design-news\/nicolette-ethimo-e-patrick-norguet\/#respond"]}]},{"@type":"WebPage","@id":"https:\/\/socialdesignmagazine.com\/mag\/news\/design-news\/nicolette-ethimo-e-patrick-norguet\/","url":"https:\/\/socialdesignmagazine.com\/mag\/news\/design-news\/nicolette-ethimo-e-patrick-norguet\/","name":"Nicolette, eleganza e robustezza da Ethimo e Patrick Norguet","isPartOf":{"@id":"https:\/\/socialdesignmagazine.com\/mag\/#website"},"primaryImageOfPage":{"@id":"https:\/\/socialdesignmagazine.com\/mag\/news\/design-news\/nicolette-ethimo-e-patrick-norguet\/#primaryimage"},"image":{"@id":"https:\/\/socialdesignmagazine.com\/mag\/news\/design-news\/nicolette-ethimo-e-patrick-norguet\/#primaryimage"},"thumbnailUrl":"https:\/\/socialdesignmagazine.com\/mag\/wp-content\/uploads\/2016\/02\/Seduta-Nicolette-design-Patrick-Norguet-per-Ethimo-4.jpg","datePublished":"2016-02-27T11:00:35+00:00","description":"Nicolette, eleganza e robustezza per la nuova seduta disegnata da\u00a0Patrick Norguet, che Ethimo presenter\u00e0 al Salone del Mobile 2016.","breadcrumb":{"@id":"https:\/\/socialdesignmagazine.com\/mag\/news\/design-news\/nicolette-ethimo-e-patrick-norguet\/#breadcrumb"},"inLanguage":"it-IT","potentialAction":[{"@type":"ReadAction","target":["https:\/\/socialdesignmagazine.com\/mag\/news\/design-news\/nicolette-ethimo-e-patrick-norguet\/"]}]},{"@type":"ImageObject","inLanguage":"it-IT","@id":"https:\/\/socialdesignmagazine.com\/mag\/news\/design-news\/nicolette-ethimo-e-patrick-norguet\/#primaryimage","url":"https:\/\/socialdesignmagazine.com\/mag\/wp-content\/uploads\/2016\/02\/Seduta-Nicolette-design-Patrick-Norguet-per-Ethimo-4.jpg","contentUrl":"https:\/\/socialdesignmagazine.com\/mag\/wp-content\/uploads\/2016\/02\/Seduta-Nicolette-design-Patrick-Norguet-per-Ethimo-4.jpg","width":1181,"height":886,"caption":"Seduta Nicolette design Patrick Norguet per Ethimo"},{"@type":"BreadcrumbList","@id":"https:\/\/socialdesignmagazine.com\/mag\/news\/design-news\/nicolette-ethimo-e-patrick-norguet\/#breadcrumb","itemListElement":[{"@type":"ListItem","position":1,"name":"Home","item":"https:\/\/socialdesignmagazine.com\/mag\/"},{"@type":"ListItem","position":2,"name":"News","item":"https:\/\/socialdesignmagazine.com\/mag\/news\/"},{"@type":"ListItem","position":3,"name":"Design News","item":"https:\/\/socialdesignmagazine.com\/mag\/news\/design-news\/"},{"@type":"ListItem","position":4,"name":"Nicolette, eleganza e robustezza da Ethimo e Patrick Norguet"}]},{"@type":"WebSite","@id":"https:\/\/socialdesignmagazine.com\/mag\/#website","url":"https:\/\/socialdesignmagazine.com\/mag\/","name":"Social Design Magazine","description":"Social Magazine su Design, Architettura, Arte, Grafica","publisher":{"@id":"https:\/\/socialdesignmagazine.com\/mag\/#organization"},"potentialAction":[{"@type":"SearchAction","target":{"@type":"EntryPoint","urlTemplate":"https:\/\/socialdesignmagazine.com\/mag\/?s={search_term_string}"},"query-input":{"@type":"PropertyValueSpecification","valueRequired":true,"valueName":"search_term_string"}}],"inLanguage":"it-IT"},{"@type":"Organization","@id":"https:\/\/socialdesignmagazine.com\/mag\/#organization","name":"Social Design Magazine","url":"https:\/\/socialdesignmagazine.com\/mag\/","logo":{"@type":"ImageObject","inLanguage":"it-IT","@id":"https:\/\/socialdesignmagazine.com\/mag\/#\/schema\/logo\/image\/","url":"https:\/\/socialdesignmagazine.com\/mag\/wp-content\/uploads\/2017\/01\/logo_favicon_11.png","contentUrl":"https:\/\/socialdesignmagazine.com\/mag\/wp-content\/uploads\/2017\/01\/logo_favicon_11.png","width":1024,"height":1024,"caption":"Social Design Magazine"},"image":{"@id":"https:\/\/socialdesignmagazine.com\/mag\/#\/schema\/logo\/image\/"},"sameAs":["https:\/\/www.facebook.com\/socialdesignmag","https:\/\/x.com\/socialdesignmag","http:\/\/instagram.com\/social_design_magazine\/","http:\/\/pinterest.com\/socialdesignmag\/","http:\/\/www.youtube.com\/user\/socialdesignmagazine"]},{"@type":"Person","@id":"https:\/\/socialdesignmagazine.com\/mag\/#\/schema\/person\/61e20205cc363c315e6aabd33a045846","name":"Benedetto Fiori","image":{"@type":"ImageObject","inLanguage":"it-IT","@id":"https:\/\/secure.gravatar.com\/avatar\/450a48cefa36da63d920ad70aa660bd10725b1c6093800242e5efdb397759033?s=96&d=mm&r=g","url":"https:\/\/secure.gravatar.com\/avatar\/450a48cefa36da63d920ad70aa660bd10725b1c6093800242e5efdb397759033?s=96&d=mm&r=g","contentUrl":"https:\/\/secure.gravatar.com\/avatar\/450a48cefa36da63d920ad70aa660bd10725b1c6093800242e5efdb397759033?s=96&d=mm&r=g","caption":"Benedetto Fiori"},"description":"Web | Twitter | Facebook | Shutterstock Founder &amp; Editor in Chief di Social Design Magazine. Attratto da sempre da tutto ci\u00f2 che \u00e8 creativit\u00e0, design, architettura. Dopo aver studiato Architettura all'Universit\u00e0 di Firenze, si \u00e8 impegnato in molteplici campi: comunicazione grafica, progettazione di allestimenti fieristici, brand design, Interior Design.","sameAs":["http:\/\/benedettofiori.com","https:\/\/www.facebook.com\/benedettofiori","https:\/\/x.com\/benedettofiori"],"url":"https:\/\/socialdesignmagazine.com\/mag\/author\/benedetto\/"}]}},"jetpack_featured_media_url":"https:\/\/socialdesignmagazine.com\/mag\/wp-content\/uploads\/2016\/02\/Seduta-Nicolette-design-Patrick-Norguet-per-Ethimo-4.jpg","jetpack_sharing_enabled":true,"jetpack_shortlink":"https:\/\/wp.me\/p6cV7V-73N","gt_translate_keys":[{"key":"link","format":"url"}],"_links":{"self":[{"href":"https:\/\/socialdesignmagazine.com\/mag\/wp-json\/wp\/v2\/posts\/27143","targetHints":{"allow":["GET"]}}],"collection":[{"href":"https:\/\/socialdesignmagazine.com\/mag\/wp-json\/wp\/v2\/posts"}],"about":[{"href":"https:\/\/socialdesignmagazine.com\/mag\/wp-json\/wp\/v2\/types\/post"}],"author":[{"embeddable":true,"href":"https:\/\/socialdesignmagazine.com\/mag\/wp-json\/wp\/v2\/users\/1"}],"replies":[{"embeddable":true,"href":"https:\/\/socialdesignmagazine.com\/mag\/wp-json\/wp\/v2\/comments?post=27143"}],"version-history":[{"count":5,"href":"https:\/\/socialdesignmagazine.com\/mag\/wp-json\/wp\/v2\/posts\/27143\/revisions"}],"predecessor-version":[{"id":27152,"href":"https:\/\/socialdesignmagazine.com\/mag\/wp-json\/wp\/v2\/posts\/27143\/revisions\/27152"}],"wp:featuredmedia":[{"embeddable":true,"href":"https:\/\/socialdesignmagazine.com\/mag\/wp-json\/wp\/v2\/media\/27150"}],"wp:attachment":[{"href":"https:\/\/socialdesignmagazine.com\/mag\/wp-json\/wp\/v2\/media?parent=27143"}],"wp:term":[{"taxonomy":"category","embeddable":true,"href":"https:\/\/socialdesignmagazine.com\/mag\/wp-json\/wp\/v2\/categories?post=27143"},{"taxonomy":"post_tag","embeddable":true,"href":"https:\/\/socialdesignmagazine.com\/mag\/wp-json\/wp\/v2\/tags?post=27143"}],"curies":[{"name":"wp","href":"https:\/\/api.w.org\/{rel}","templated":true}]}}