{"id":27170,"date":"2016-02-26T16:35:54","date_gmt":"2016-02-26T15:35:54","guid":{"rendered":"https:\/\/socialdesignmagazine.com\/mag\/?p=27170"},"modified":"2016-02-26T16:32:03","modified_gmt":"2016-02-26T15:32:03","slug":"colori-e-multifunzionalita-a-casaidea-2016-tante-idee-per-la-cameretta","status":"publish","type":"post","link":"https:\/\/socialdesignmagazine.com\/mag\/news\/design-news\/colori-e-multifunzionalita-a-casaidea-2016-tante-idee-per-la-cameretta\/","title":{"rendered":"Colori e multifunzionalit\u00e0: a Casaidea 2016 tante idee per la cameretta","gt_translate_keys":[{"key":"rendered","format":"text"}]},"content":{"rendered":"<h2>Parola d\u2019ordine \u00e8 <strong>trasformabilit\u00e0<\/strong>: per la cameretta dei pi\u00f9 piccoli, come per gli altri ambienti della casa, \u00e8 importante poter scegliere arredi che esprimano funzionalit\u00e0 e stile.<\/h2>\n<p>Tante idee e novit\u00e0 con del settore arredo e design tornano in mostra, <strong>dal 12 al 22 marzo alla Nuova Fiera di Roma<\/strong>, a <strong><a rel=\"nofollow\" href=\"http:\/\/www.moacasa.com\">Casaidea 2016<\/a>, la 42esima<\/strong> <strong>Mostra dell\u2019Abitare organizzata<\/strong> da <strong>MOA Societ\u00e0 Cooperativa<\/strong>.<\/p>\n<p><strong><u>Tavolozza dei colori<\/u><\/strong><\/p>\n<p>Con due giorni in pi\u00f9 rispetto alle edizioni passate, la manifestazione offre pi\u00f9 tempo per scoprire tanti spunti e suggerimenti e progettare al meglio tutti gli ambienti della casa. Anche <strong>per i pi\u00f9 piccoli, tante novit\u00e0 piene di colori<\/strong>: <strong>dalle tonalit\u00e0 pastello alle tinte pi\u00f9 accese<\/strong>, la compagnia di dettagli blu, rosso, giallo, verde o rosa rendono il gioco e lo studio pi\u00f9 divertenti e confortevoli.<\/p>\n<div id=\"attachment_27172\" style=\"width: 1010px\" class=\"wp-caption alignnone\"><a href=\"https:\/\/socialdesignmagazine.com\/mag\/?attachment_id=27172#content\" rel=\"attachment wp-att-27172\"><img loading=\"lazy\" decoding=\"async\" aria-describedby=\"caption-attachment-27172\" data-attachment-id=\"27172\" data-permalink=\"https:\/\/socialdesignmagazine.com\/mag\/news\/design-news\/colori-e-multifunzionalita-a-casaidea-2016-tante-idee-per-la-cameretta\/attachment\/cameretta_verde_sito\/#content\" data-orig-file=\"https:\/\/socialdesignmagazine.com\/mag\/wp-content\/uploads\/2016\/02\/Cameretta_verde_sito.jpg\" data-orig-size=\"1000,687\" data-comments-opened=\"1\" data-image-meta=\"{&quot;aperture&quot;:&quot;0&quot;,&quot;credit&quot;:&quot;&quot;,&quot;camera&quot;:&quot;&quot;,&quot;caption&quot;:&quot;&quot;,&quot;created_timestamp&quot;:&quot;0&quot;,&quot;copyright&quot;:&quot;&quot;,&quot;focal_length&quot;:&quot;0&quot;,&quot;iso&quot;:&quot;0&quot;,&quot;shutter_speed&quot;:&quot;0&quot;,&quot;title&quot;:&quot;&quot;,&quot;orientation&quot;:&quot;0&quot;}\" data-image-title=\"Cameretta_verde_sito\" data-image-description=\"\" data-image-caption=\"&lt;p&gt;Cameretta verde&lt;\/p&gt;\n\" data-medium-file=\"https:\/\/socialdesignmagazine.com\/mag\/wp-content\/uploads\/2016\/02\/Cameretta_verde_sito-396x256.jpg\" data-large-file=\"https:\/\/socialdesignmagazine.com\/mag\/wp-content\/uploads\/2016\/02\/Cameretta_verde_sito.jpg\" class=\"size-full wp-image-27172\" src=\"https:\/\/socialdesignmagazine.com\/mag\/wp-content\/uploads\/2016\/02\/Cameretta_verde_sito.jpg\" alt=\"Cameretta verde\" width=\"1000\" height=\"687\" srcset=\"https:\/\/socialdesignmagazine.com\/mag\/wp-content\/uploads\/2016\/02\/Cameretta_verde_sito.jpg 1000w, https:\/\/socialdesignmagazine.com\/mag\/wp-content\/uploads\/2016\/02\/Cameretta_verde_sito-768x528.jpg 768w\" sizes=\"auto, (max-width: 1000px) 100vw, 1000px\" \/><\/a><p id=\"caption-attachment-27172\" class=\"wp-caption-text\">Cameretta verde<\/p><\/div>\n<p><strong><u>L\u2019armadio finisce sotto al letto<\/u><\/strong><\/p>\n<p>Dividere idealmente gli spazi in base a et\u00e0 e hobby di chi la stanza la abita \u00e8 fondamentale. La cameretta \u00e8 infatti per i pi\u00f9 piccoli una vera e propria mini-casa, <strong>rifugio sicuro e sala giochi<\/strong>. Le <strong>soluzioni salva spazio<\/strong> sono le pi\u00f9 gettonate e consigliate. In mostra a Casaidea 2016, tante soluzioni multifunzionali che rendono la cameretta <strong>\u201cmagica\u201d<\/strong>: il <strong>soppalco letto<\/strong> \u00e8 regolabile in altezza elettricamente, dando libero accesso allo spazio sottostante durante il giorno, mentre una <strong>struttura contenitiva<\/strong> &#8211; che fa risparmiare l&#8217;uso di un armadio &#8211; \u00e8 la soluzione intelligente ed elegante per gli ambienti pi\u00f9 piccoli.<\/p>\n<div id=\"attachment_27173\" style=\"width: 1010px\" class=\"wp-caption alignnone\"><a href=\"https:\/\/socialdesignmagazine.com\/mag\/?attachment_id=27173#content\" rel=\"attachment wp-att-27173\"><img loading=\"lazy\" decoding=\"async\" aria-describedby=\"caption-attachment-27173\" data-attachment-id=\"27173\" data-permalink=\"https:\/\/socialdesignmagazine.com\/mag\/news\/design-news\/colori-e-multifunzionalita-a-casaidea-2016-tante-idee-per-la-cameretta\/attachment\/cameretta_salvaspazio_sito\/#content\" data-orig-file=\"https:\/\/socialdesignmagazine.com\/mag\/wp-content\/uploads\/2016\/02\/Cameretta_salvaspazio_sito.jpg\" data-orig-size=\"1000,597\" data-comments-opened=\"1\" data-image-meta=\"{&quot;aperture&quot;:&quot;0&quot;,&quot;credit&quot;:&quot;&quot;,&quot;camera&quot;:&quot;&quot;,&quot;caption&quot;:&quot;&quot;,&quot;created_timestamp&quot;:&quot;0&quot;,&quot;copyright&quot;:&quot;&quot;,&quot;focal_length&quot;:&quot;0&quot;,&quot;iso&quot;:&quot;0&quot;,&quot;shutter_speed&quot;:&quot;0&quot;,&quot;title&quot;:&quot;&quot;,&quot;orientation&quot;:&quot;1&quot;}\" data-image-title=\"Cameretta_salvaspazio_sito\" data-image-description=\"\" data-image-caption=\"&lt;p&gt;Cameretta salvaspazio&lt;\/p&gt;\n\" data-medium-file=\"https:\/\/socialdesignmagazine.com\/mag\/wp-content\/uploads\/2016\/02\/Cameretta_salvaspazio_sito-396x256.jpg\" data-large-file=\"https:\/\/socialdesignmagazine.com\/mag\/wp-content\/uploads\/2016\/02\/Cameretta_salvaspazio_sito.jpg\" class=\"size-full wp-image-27173\" src=\"https:\/\/socialdesignmagazine.com\/mag\/wp-content\/uploads\/2016\/02\/Cameretta_salvaspazio_sito.jpg\" alt=\"Cameretta salvaspazio\" width=\"1000\" height=\"597\" srcset=\"https:\/\/socialdesignmagazine.com\/mag\/wp-content\/uploads\/2016\/02\/Cameretta_salvaspazio_sito.jpg 1000w, https:\/\/socialdesignmagazine.com\/mag\/wp-content\/uploads\/2016\/02\/Cameretta_salvaspazio_sito-768x458.jpg 768w\" sizes=\"auto, (max-width: 1000px) 100vw, 1000px\" \/><\/a><p id=\"caption-attachment-27173\" class=\"wp-caption-text\">Cameretta salvaspazio<\/p><\/div>\n<p><strong><u>Luce e spazio<\/u><\/strong><\/p>\n<p>Prima di qualsiasi decisione \u00e8 bene, per evitare brutte sorprese, prendere con precisione le misure della stanza, segnare la posizione di porte, finestre e termosifoni. Spazio anche all\u2019illuminazione per rendere gli ambienti luminosi, pi\u00f9 accoglienti e vivibili. <strong>Se la luce naturale \u00e8 poca, il consiglio degli esperti \u00e8 l\u2019utilizzo del bianco o del legno chiaro<\/strong>, giocando con il colore nei dettagli. Dal classico al moderno, dal tocco country a quello industrial, i visitatori di Casaidea 2016 potranno trovare il mix ideale per realizzare ambienti eleganti e funzionali, secondo il proprio gusto, e in stile con il resto della casa.<\/p>\n<p><strong><u>E per i pi\u00f9 grandi\u2026<\/u><\/strong><\/p>\n<p>Non solo novit\u00e0 per i pi\u00f9 piccoli: nei <strong>3 padiglioni<\/strong> dedicati al design e all\u2019arredo \u00e8 possibile intraprendere un percorso ideale tra i vari ambienti dell\u2019abitare, curiosando tra le tante soluzioni home decor per la zona notte e la zona giorno, cucina e arredo bagno,<strong> proposte dalle oltre 250 aziende espositrici.<\/strong><\/p>\n<p>Casaidea propone <strong>prodotti di qualit\u00e0 per tutti i gusti,<\/strong> <strong>dal classico al moderno<\/strong>, espressione della tradizione dell\u2019industria e artigianato made in Italy. La presenza di<strong> Camere di Commercio di Roma e CNA <\/strong>ne sono la testimonianza, con arredi dai legni pregiati, colori naturali e intarsi fatti a mano.<\/p>\n<p>Tutte le aziende in mostra, altamente qualificate e specializzate, offrono una serie di servizi a valore aggiunto che vanno dalla progettazione all\u2019assistenza tecnica, dal montaggio alla garanzia. Servizi sempre pi\u00f9 richiesti e apprezzati dall\u2019utente finale.<\/p>\n<p>Una mostra di rilevanza nazionale che accoglie espositori e mobilieri delle diverse regioni d\u2019Italia, un appuntamento che cattura ogni anno l\u2019attenzione di circa 100mila visitatori e rinnova quest\u2019anno l\u2019attenzione alle nuove tendenze del settore con il lancio del contest <strong>\u201cOriginalia\u201d<\/strong>.<\/p>\n<p>Per maggiori informazioni: www.moacasa.com\/casaidea<\/p>\n<p>&nbsp;<\/p>\n<h4>Dal 12 al 22 marzo 2016<\/h4>\n<h4>Nuovo Fiera di Roma &#8211; Fiumicino Ingresso Est<\/h4>\n<p>Sabato e Domenica ingresso 8,00 euro<\/p>\n<p>Dal Luned\u00ec al Venerd\u00ec ingresso gratuito<\/p>\n<p>&nbsp;<\/p>\n<p><strong>Orario d\u2019apertura<\/strong><\/p>\n<p>Sab. 12 &#8211; ore 15:30\/20:30<\/p>\n<p>Dom. 13 &#8211; ore 10:30\/20:30<\/p>\n<p>Da Lun. 14 a Ven. 18 &#8211; ore 15:30\/20:30<\/p>\n<p>Sab. 19 e Dom. 20 &#8211; ore 10:30\/20:30<\/p>\n<p>Lun. 21 e Mar. 22 &#8211; ore 15:30\/20:30<\/p>\n","protected":false,"gt_translate_keys":[{"key":"rendered","format":"html"}]},"excerpt":{"rendered":"<p>Parola d\u2019ordine \u00e8 trasformabilit\u00e0: per la cameretta dei pi\u00f9 piccoli, come per gli altri ambienti della casa, \u00e8 importante poter scegliere arredi che esprimano funzionalit\u00e0 e stile. Tante idee e<\/p>\n","protected":false,"gt_translate_keys":[{"key":"rendered","format":"html"}]},"author":693,"featured_media":27171,"comment_status":"open","ping_status":"open","sticky":false,"template":"","format":"standard","meta":{"jetpack_post_was_ever_published":false,"_jetpack_newsletter_access":"","_jetpack_dont_email_post_to_subs":false,"_jetpack_newsletter_tier_id":0,"_jetpack_memberships_contains_paywalled_content":false,"_jetpack_memberships_contains_paid_content":false,"footnotes":"","_wpscppro_dont_share_socialmedia":false,"_wpscppro_custom_social_share_image":0,"_facebook_share_type":"","_twitter_share_type":"","_linkedin_share_type":"","_pinterest_share_type":"","_linkedin_share_type_page":"","_instagram_share_type":"","_medium_share_type":"","_threads_share_type":"","_google_business_share_type":"","_selected_social_profile":[],"_wpsp_enable_custom_social_template":false,"_wpsp_social_scheduling":{"enabled":false,"datetime":null,"platforms":[],"status":"template_only","dateOption":"today","timeOption":"now","customDays":"","customHours":"","customDate":"","customTime":"","schedulingType":"absolute"},"_wpsp_active_default_template":true},"categories":[17],"tags":[279,1845,864,4648],"class_list":["post-27170","post","type-post","status-publish","format-standard","has-post-thumbnail","hentry","category-design-news","tag-arredo","tag-casaidea","tag-eventi","tag-nuova-fiera-di-roma"],"yoast_head":"<!-- This site is optimized with the Yoast SEO plugin v27.2 - https:\/\/yoast.com\/product\/yoast-seo-wordpress\/ -->\n<title>Colori e multifunzionalit\u00e0: a Casaidea 2016<\/title>\n<meta name=\"description\" content=\"Tante idee e novit\u00e0 con del settore arredo e design tornano in mostra,\u00a0dal 12 al 22 marzo alla Nuova Fiera di Roma, a\u00a0Casaidea 2016\" \/>\n<meta name=\"robots\" content=\"index, follow, max-snippet:-1, max-image-preview:large, max-video-preview:-1\" \/>\n<link rel=\"canonical\" href=\"https:\/\/socialdesignmagazine.com\/mag\/news\/design-news\/colori-e-multifunzionalita-a-casaidea-2016-tante-idee-per-la-cameretta\/\" \/>\n<meta property=\"og:locale\" content=\"it_IT\" \/>\n<meta property=\"og:type\" content=\"article\" \/>\n<meta property=\"og:title\" content=\"Colori e multifunzionalit\u00e0: a Casaidea 2016\" \/>\n<meta property=\"og:description\" content=\"Tante idee e novit\u00e0 con del settore arredo e design tornano in mostra,\u00a0dal 12 al 22 marzo alla Nuova Fiera di Roma, a\u00a0Casaidea 2016\" \/>\n<meta property=\"og:url\" content=\"http:\/\/socialdesignmagazine.com\/mag\/news\/design-news\/colori-e-multifunzionalita-a-casaidea-2016-tante-idee-per-la-cameretta\/\" \/>\n<meta property=\"og:site_name\" content=\"Social Design Magazine\" \/>\n<meta property=\"article:publisher\" content=\"https:\/\/www.facebook.com\/socialdesignmag\" \/>\n<meta property=\"article:published_time\" content=\"2016-02-26T15:35:54+00:00\" \/>\n<meta property=\"og:image\" content=\"https:\/\/socialdesignmagazine.com\/mag\/wp-content\/uploads\/2016\/02\/Casaidea-2016_sito.jpg\" \/>\n\t<meta property=\"og:image:width\" content=\"1000\" \/>\n\t<meta property=\"og:image:height\" content=\"692\" \/>\n\t<meta property=\"og:image:type\" content=\"image\/jpeg\" \/>\n<meta name=\"author\" content=\"francescapress\" \/>\n<meta name=\"twitter:card\" content=\"summary_large_image\" \/>\n<meta name=\"twitter:creator\" content=\"@socialdesignmag\" \/>\n<meta name=\"twitter:site\" content=\"@socialdesignmag\" \/>\n<meta name=\"twitter:label1\" content=\"Scritto da\" \/>\n\t<meta name=\"twitter:data1\" content=\"francescapress\" \/>\n\t<meta name=\"twitter:label2\" content=\"Tempo di lettura stimato\" \/>\n\t<meta name=\"twitter:data2\" content=\"3 minuti\" \/>\n<script type=\"application\/ld+json\" class=\"yoast-schema-graph\">{\"@context\":\"https:\/\/schema.org\",\"@graph\":[{\"@type\":\"Article\",\"@id\":\"https:\/\/socialdesignmagazine.com\/mag\/news\/design-news\/colori-e-multifunzionalita-a-casaidea-2016-tante-idee-per-la-cameretta\/#article\",\"isPartOf\":{\"@id\":\"https:\/\/socialdesignmagazine.com\/mag\/news\/design-news\/colori-e-multifunzionalita-a-casaidea-2016-tante-idee-per-la-cameretta\/\"},\"author\":{\"name\":\"francescapress\",\"@id\":\"https:\/\/socialdesignmagazine.com\/mag\/#\/schema\/person\/3147e67185519f0593f6549ad185373a\"},\"headline\":\"Colori e multifunzionalit\u00e0: a Casaidea 2016 tante idee per la cameretta\",\"datePublished\":\"2016-02-26T15:35:54+00:00\",\"mainEntityOfPage\":{\"@id\":\"https:\/\/socialdesignmagazine.com\/mag\/news\/design-news\/colori-e-multifunzionalita-a-casaidea-2016-tante-idee-per-la-cameretta\/\"},\"wordCount\":599,\"commentCount\":0,\"publisher\":{\"@id\":\"https:\/\/socialdesignmagazine.com\/mag\/#organization\"},\"image\":{\"@id\":\"https:\/\/socialdesignmagazine.com\/mag\/news\/design-news\/colori-e-multifunzionalita-a-casaidea-2016-tante-idee-per-la-cameretta\/#primaryimage\"},\"thumbnailUrl\":\"https:\/\/socialdesignmagazine.com\/mag\/wp-content\/uploads\/2016\/02\/Casaidea-2016_sito.jpg\",\"keywords\":[\"arredo\",\"casaidea\",\"eventi\",\"Nuova Fiera di Roma\"],\"articleSection\":[\"Design News\"],\"inLanguage\":\"it-IT\",\"potentialAction\":[{\"@type\":\"CommentAction\",\"name\":\"Comment\",\"target\":[\"https:\/\/socialdesignmagazine.com\/mag\/news\/design-news\/colori-e-multifunzionalita-a-casaidea-2016-tante-idee-per-la-cameretta\/#respond\"]}]},{\"@type\":\"WebPage\",\"@id\":\"https:\/\/socialdesignmagazine.com\/mag\/news\/design-news\/colori-e-multifunzionalita-a-casaidea-2016-tante-idee-per-la-cameretta\/\",\"url\":\"https:\/\/socialdesignmagazine.com\/mag\/news\/design-news\/colori-e-multifunzionalita-a-casaidea-2016-tante-idee-per-la-cameretta\/\",\"name\":\"Colori e multifunzionalit\u00e0: a Casaidea 2016\",\"isPartOf\":{\"@id\":\"https:\/\/socialdesignmagazine.com\/mag\/#website\"},\"primaryImageOfPage\":{\"@id\":\"https:\/\/socialdesignmagazine.com\/mag\/news\/design-news\/colori-e-multifunzionalita-a-casaidea-2016-tante-idee-per-la-cameretta\/#primaryimage\"},\"image\":{\"@id\":\"https:\/\/socialdesignmagazine.com\/mag\/news\/design-news\/colori-e-multifunzionalita-a-casaidea-2016-tante-idee-per-la-cameretta\/#primaryimage\"},\"thumbnailUrl\":\"https:\/\/socialdesignmagazine.com\/mag\/wp-content\/uploads\/2016\/02\/Casaidea-2016_sito.jpg\",\"datePublished\":\"2016-02-26T15:35:54+00:00\",\"description\":\"Tante idee e novit\u00e0 con del settore arredo e design tornano in mostra,\u00a0dal 12 al 22 marzo alla Nuova Fiera di Roma, a\u00a0Casaidea 2016\",\"breadcrumb\":{\"@id\":\"https:\/\/socialdesignmagazine.com\/mag\/news\/design-news\/colori-e-multifunzionalita-a-casaidea-2016-tante-idee-per-la-cameretta\/#breadcrumb\"},\"inLanguage\":\"it-IT\",\"potentialAction\":[{\"@type\":\"ReadAction\",\"target\":[\"https:\/\/socialdesignmagazine.com\/mag\/news\/design-news\/colori-e-multifunzionalita-a-casaidea-2016-tante-idee-per-la-cameretta\/\"]}]},{\"@type\":\"ImageObject\",\"inLanguage\":\"it-IT\",\"@id\":\"https:\/\/socialdesignmagazine.com\/mag\/news\/design-news\/colori-e-multifunzionalita-a-casaidea-2016-tante-idee-per-la-cameretta\/#primaryimage\",\"url\":\"https:\/\/socialdesignmagazine.com\/mag\/wp-content\/uploads\/2016\/02\/Casaidea-2016_sito.jpg\",\"contentUrl\":\"https:\/\/socialdesignmagazine.com\/mag\/wp-content\/uploads\/2016\/02\/Casaidea-2016_sito.jpg\",\"width\":1000,\"height\":692,\"caption\":\"Casaidea 2016\"},{\"@type\":\"BreadcrumbList\",\"@id\":\"https:\/\/socialdesignmagazine.com\/mag\/news\/design-news\/colori-e-multifunzionalita-a-casaidea-2016-tante-idee-per-la-cameretta\/#breadcrumb\",\"itemListElement\":[{\"@type\":\"ListItem\",\"position\":1,\"name\":\"Home\",\"item\":\"https:\/\/socialdesignmagazine.com\/mag\/\"},{\"@type\":\"ListItem\",\"position\":2,\"name\":\"News\",\"item\":\"https:\/\/socialdesignmagazine.com\/mag\/news\/\"},{\"@type\":\"ListItem\",\"position\":3,\"name\":\"Design News\",\"item\":\"https:\/\/socialdesignmagazine.com\/mag\/news\/design-news\/\"},{\"@type\":\"ListItem\",\"position\":4,\"name\":\"Colori e multifunzionalit\u00e0: a Casaidea 2016 tante idee per la cameretta\"}]},{\"@type\":\"WebSite\",\"@id\":\"https:\/\/socialdesignmagazine.com\/mag\/#website\",\"url\":\"https:\/\/socialdesignmagazine.com\/mag\/\",\"name\":\"Social Design Magazine\",\"description\":\"Social Magazine su Design, Architettura, Arte, Grafica\",\"publisher\":{\"@id\":\"https:\/\/socialdesignmagazine.com\/mag\/#organization\"},\"potentialAction\":[{\"@type\":\"SearchAction\",\"target\":{\"@type\":\"EntryPoint\",\"urlTemplate\":\"https:\/\/socialdesignmagazine.com\/mag\/?s={search_term_string}\"},\"query-input\":{\"@type\":\"PropertyValueSpecification\",\"valueRequired\":true,\"valueName\":\"search_term_string\"}}],\"inLanguage\":\"it-IT\"},{\"@type\":\"Organization\",\"@id\":\"https:\/\/socialdesignmagazine.com\/mag\/#organization\",\"name\":\"Social Design Magazine\",\"url\":\"https:\/\/socialdesignmagazine.com\/mag\/\",\"logo\":{\"@type\":\"ImageObject\",\"inLanguage\":\"it-IT\",\"@id\":\"https:\/\/socialdesignmagazine.com\/mag\/#\/schema\/logo\/image\/\",\"url\":\"https:\/\/socialdesignmagazine.com\/mag\/wp-content\/uploads\/2017\/01\/logo_favicon_11.png\",\"contentUrl\":\"https:\/\/socialdesignmagazine.com\/mag\/wp-content\/uploads\/2017\/01\/logo_favicon_11.png\",\"width\":1024,\"height\":1024,\"caption\":\"Social Design Magazine\"},\"image\":{\"@id\":\"https:\/\/socialdesignmagazine.com\/mag\/#\/schema\/logo\/image\/\"},\"sameAs\":[\"https:\/\/www.facebook.com\/socialdesignmag\",\"https:\/\/x.com\/socialdesignmag\",\"http:\/\/instagram.com\/social_design_magazine\/\",\"http:\/\/pinterest.com\/socialdesignmag\/\",\"http:\/\/www.youtube.com\/user\/socialdesignmagazine\"]},{\"@type\":\"Person\",\"@id\":\"https:\/\/socialdesignmagazine.com\/mag\/#\/schema\/person\/3147e67185519f0593f6549ad185373a\",\"name\":\"francescapress\",\"image\":{\"@type\":\"ImageObject\",\"inLanguage\":\"it-IT\",\"@id\":\"https:\/\/secure.gravatar.com\/avatar\/e07e6cf61a1eee569e62fb38c90761d687fe7d2ee6add2d8591edf8a1794fec1?s=96&d=mm&r=g\",\"url\":\"https:\/\/secure.gravatar.com\/avatar\/e07e6cf61a1eee569e62fb38c90761d687fe7d2ee6add2d8591edf8a1794fec1?s=96&d=mm&r=g\",\"contentUrl\":\"https:\/\/secure.gravatar.com\/avatar\/e07e6cf61a1eee569e62fb38c90761d687fe7d2ee6add2d8591edf8a1794fec1?s=96&d=mm&r=g\",\"caption\":\"francescapress\"},\"url\":\"https:\/\/socialdesignmagazine.com\/mag\/author\/francescapress\/\"}]}<\/script>\n<!-- \/ Yoast SEO plugin. -->","yoast_head_json":{"title":"Colori e multifunzionalit\u00e0: a Casaidea 2016","description":"Tante idee e novit\u00e0 con del settore arredo e design tornano in mostra,\u00a0dal 12 al 22 marzo alla Nuova Fiera di Roma, a\u00a0Casaidea 2016","robots":{"index":"index","follow":"follow","max-snippet":"max-snippet:-1","max-image-preview":"max-image-preview:large","max-video-preview":"max-video-preview:-1"},"canonical":"https:\/\/socialdesignmagazine.com\/mag\/news\/design-news\/colori-e-multifunzionalita-a-casaidea-2016-tante-idee-per-la-cameretta\/","og_locale":"it_IT","og_type":"article","og_title":"Colori e multifunzionalit\u00e0: a Casaidea 2016","og_description":"Tante idee e novit\u00e0 con del settore arredo e design tornano in mostra,\u00a0dal 12 al 22 marzo alla Nuova Fiera di Roma, a\u00a0Casaidea 2016","og_url":"http:\/\/socialdesignmagazine.com\/mag\/news\/design-news\/colori-e-multifunzionalita-a-casaidea-2016-tante-idee-per-la-cameretta\/","og_site_name":"Social Design Magazine","article_publisher":"https:\/\/www.facebook.com\/socialdesignmag","article_published_time":"2016-02-26T15:35:54+00:00","og_image":[{"width":1000,"height":692,"url":"https:\/\/socialdesignmagazine.com\/mag\/wp-content\/uploads\/2016\/02\/Casaidea-2016_sito.jpg","type":"image\/jpeg"}],"author":"francescapress","twitter_card":"summary_large_image","twitter_creator":"@socialdesignmag","twitter_site":"@socialdesignmag","twitter_misc":{"Scritto da":"francescapress","Tempo di lettura stimato":"3 minuti"},"schema":{"@context":"https:\/\/schema.org","@graph":[{"@type":"Article","@id":"https:\/\/socialdesignmagazine.com\/mag\/news\/design-news\/colori-e-multifunzionalita-a-casaidea-2016-tante-idee-per-la-cameretta\/#article","isPartOf":{"@id":"https:\/\/socialdesignmagazine.com\/mag\/news\/design-news\/colori-e-multifunzionalita-a-casaidea-2016-tante-idee-per-la-cameretta\/"},"author":{"name":"francescapress","@id":"https:\/\/socialdesignmagazine.com\/mag\/#\/schema\/person\/3147e67185519f0593f6549ad185373a"},"headline":"Colori e multifunzionalit\u00e0: a Casaidea 2016 tante idee per la cameretta","datePublished":"2016-02-26T15:35:54+00:00","mainEntityOfPage":{"@id":"https:\/\/socialdesignmagazine.com\/mag\/news\/design-news\/colori-e-multifunzionalita-a-casaidea-2016-tante-idee-per-la-cameretta\/"},"wordCount":599,"commentCount":0,"publisher":{"@id":"https:\/\/socialdesignmagazine.com\/mag\/#organization"},"image":{"@id":"https:\/\/socialdesignmagazine.com\/mag\/news\/design-news\/colori-e-multifunzionalita-a-casaidea-2016-tante-idee-per-la-cameretta\/#primaryimage"},"thumbnailUrl":"https:\/\/socialdesignmagazine.com\/mag\/wp-content\/uploads\/2016\/02\/Casaidea-2016_sito.jpg","keywords":["arredo","casaidea","eventi","Nuova Fiera di Roma"],"articleSection":["Design News"],"inLanguage":"it-IT","potentialAction":[{"@type":"CommentAction","name":"Comment","target":["https:\/\/socialdesignmagazine.com\/mag\/news\/design-news\/colori-e-multifunzionalita-a-casaidea-2016-tante-idee-per-la-cameretta\/#respond"]}]},{"@type":"WebPage","@id":"https:\/\/socialdesignmagazine.com\/mag\/news\/design-news\/colori-e-multifunzionalita-a-casaidea-2016-tante-idee-per-la-cameretta\/","url":"https:\/\/socialdesignmagazine.com\/mag\/news\/design-news\/colori-e-multifunzionalita-a-casaidea-2016-tante-idee-per-la-cameretta\/","name":"Colori e multifunzionalit\u00e0: a Casaidea 2016","isPartOf":{"@id":"https:\/\/socialdesignmagazine.com\/mag\/#website"},"primaryImageOfPage":{"@id":"https:\/\/socialdesignmagazine.com\/mag\/news\/design-news\/colori-e-multifunzionalita-a-casaidea-2016-tante-idee-per-la-cameretta\/#primaryimage"},"image":{"@id":"https:\/\/socialdesignmagazine.com\/mag\/news\/design-news\/colori-e-multifunzionalita-a-casaidea-2016-tante-idee-per-la-cameretta\/#primaryimage"},"thumbnailUrl":"https:\/\/socialdesignmagazine.com\/mag\/wp-content\/uploads\/2016\/02\/Casaidea-2016_sito.jpg","datePublished":"2016-02-26T15:35:54+00:00","description":"Tante idee e novit\u00e0 con del settore arredo e design tornano in mostra,\u00a0dal 12 al 22 marzo alla Nuova Fiera di Roma, a\u00a0Casaidea 2016","breadcrumb":{"@id":"https:\/\/socialdesignmagazine.com\/mag\/news\/design-news\/colori-e-multifunzionalita-a-casaidea-2016-tante-idee-per-la-cameretta\/#breadcrumb"},"inLanguage":"it-IT","potentialAction":[{"@type":"ReadAction","target":["https:\/\/socialdesignmagazine.com\/mag\/news\/design-news\/colori-e-multifunzionalita-a-casaidea-2016-tante-idee-per-la-cameretta\/"]}]},{"@type":"ImageObject","inLanguage":"it-IT","@id":"https:\/\/socialdesignmagazine.com\/mag\/news\/design-news\/colori-e-multifunzionalita-a-casaidea-2016-tante-idee-per-la-cameretta\/#primaryimage","url":"https:\/\/socialdesignmagazine.com\/mag\/wp-content\/uploads\/2016\/02\/Casaidea-2016_sito.jpg","contentUrl":"https:\/\/socialdesignmagazine.com\/mag\/wp-content\/uploads\/2016\/02\/Casaidea-2016_sito.jpg","width":1000,"height":692,"caption":"Casaidea 2016"},{"@type":"BreadcrumbList","@id":"https:\/\/socialdesignmagazine.com\/mag\/news\/design-news\/colori-e-multifunzionalita-a-casaidea-2016-tante-idee-per-la-cameretta\/#breadcrumb","itemListElement":[{"@type":"ListItem","position":1,"name":"Home","item":"https:\/\/socialdesignmagazine.com\/mag\/"},{"@type":"ListItem","position":2,"name":"News","item":"https:\/\/socialdesignmagazine.com\/mag\/news\/"},{"@type":"ListItem","position":3,"name":"Design News","item":"https:\/\/socialdesignmagazine.com\/mag\/news\/design-news\/"},{"@type":"ListItem","position":4,"name":"Colori e multifunzionalit\u00e0: a Casaidea 2016 tante idee per la cameretta"}]},{"@type":"WebSite","@id":"https:\/\/socialdesignmagazine.com\/mag\/#website","url":"https:\/\/socialdesignmagazine.com\/mag\/","name":"Social Design Magazine","description":"Social Magazine su Design, Architettura, Arte, Grafica","publisher":{"@id":"https:\/\/socialdesignmagazine.com\/mag\/#organization"},"potentialAction":[{"@type":"SearchAction","target":{"@type":"EntryPoint","urlTemplate":"https:\/\/socialdesignmagazine.com\/mag\/?s={search_term_string}"},"query-input":{"@type":"PropertyValueSpecification","valueRequired":true,"valueName":"search_term_string"}}],"inLanguage":"it-IT"},{"@type":"Organization","@id":"https:\/\/socialdesignmagazine.com\/mag\/#organization","name":"Social Design Magazine","url":"https:\/\/socialdesignmagazine.com\/mag\/","logo":{"@type":"ImageObject","inLanguage":"it-IT","@id":"https:\/\/socialdesignmagazine.com\/mag\/#\/schema\/logo\/image\/","url":"https:\/\/socialdesignmagazine.com\/mag\/wp-content\/uploads\/2017\/01\/logo_favicon_11.png","contentUrl":"https:\/\/socialdesignmagazine.com\/mag\/wp-content\/uploads\/2017\/01\/logo_favicon_11.png","width":1024,"height":1024,"caption":"Social Design Magazine"},"image":{"@id":"https:\/\/socialdesignmagazine.com\/mag\/#\/schema\/logo\/image\/"},"sameAs":["https:\/\/www.facebook.com\/socialdesignmag","https:\/\/x.com\/socialdesignmag","http:\/\/instagram.com\/social_design_magazine\/","http:\/\/pinterest.com\/socialdesignmag\/","http:\/\/www.youtube.com\/user\/socialdesignmagazine"]},{"@type":"Person","@id":"https:\/\/socialdesignmagazine.com\/mag\/#\/schema\/person\/3147e67185519f0593f6549ad185373a","name":"francescapress","image":{"@type":"ImageObject","inLanguage":"it-IT","@id":"https:\/\/secure.gravatar.com\/avatar\/e07e6cf61a1eee569e62fb38c90761d687fe7d2ee6add2d8591edf8a1794fec1?s=96&d=mm&r=g","url":"https:\/\/secure.gravatar.com\/avatar\/e07e6cf61a1eee569e62fb38c90761d687fe7d2ee6add2d8591edf8a1794fec1?s=96&d=mm&r=g","contentUrl":"https:\/\/secure.gravatar.com\/avatar\/e07e6cf61a1eee569e62fb38c90761d687fe7d2ee6add2d8591edf8a1794fec1?s=96&d=mm&r=g","caption":"francescapress"},"url":"https:\/\/socialdesignmagazine.com\/mag\/author\/francescapress\/"}]}},"jetpack_featured_media_url":"https:\/\/socialdesignmagazine.com\/mag\/wp-content\/uploads\/2016\/02\/Casaidea-2016_sito.jpg","jetpack_sharing_enabled":true,"jetpack_shortlink":"https:\/\/wp.me\/p6cV7V-74e","gt_translate_keys":[{"key":"link","format":"url"}],"_links":{"self":[{"href":"https:\/\/socialdesignmagazine.com\/mag\/wp-json\/wp\/v2\/posts\/27170","targetHints":{"allow":["GET"]}}],"collection":[{"href":"https:\/\/socialdesignmagazine.com\/mag\/wp-json\/wp\/v2\/posts"}],"about":[{"href":"https:\/\/socialdesignmagazine.com\/mag\/wp-json\/wp\/v2\/types\/post"}],"author":[{"embeddable":true,"href":"https:\/\/socialdesignmagazine.com\/mag\/wp-json\/wp\/v2\/users\/693"}],"replies":[{"embeddable":true,"href":"https:\/\/socialdesignmagazine.com\/mag\/wp-json\/wp\/v2\/comments?post=27170"}],"version-history":[{"count":3,"href":"https:\/\/socialdesignmagazine.com\/mag\/wp-json\/wp\/v2\/posts\/27170\/revisions"}],"predecessor-version":[{"id":27176,"href":"https:\/\/socialdesignmagazine.com\/mag\/wp-json\/wp\/v2\/posts\/27170\/revisions\/27176"}],"wp:featuredmedia":[{"embeddable":true,"href":"https:\/\/socialdesignmagazine.com\/mag\/wp-json\/wp\/v2\/media\/27171"}],"wp:attachment":[{"href":"https:\/\/socialdesignmagazine.com\/mag\/wp-json\/wp\/v2\/media?parent=27170"}],"wp:term":[{"taxonomy":"category","embeddable":true,"href":"https:\/\/socialdesignmagazine.com\/mag\/wp-json\/wp\/v2\/categories?post=27170"},{"taxonomy":"post_tag","embeddable":true,"href":"https:\/\/socialdesignmagazine.com\/mag\/wp-json\/wp\/v2\/tags?post=27170"}],"curies":[{"name":"wp","href":"https:\/\/api.w.org\/{rel}","templated":true}]}}