{"id":27792,"date":"2016-03-24T14:40:22","date_gmt":"2016-03-24T13:40:22","guid":{"rendered":"https:\/\/socialdesignmagazine.com\/mag\/?p=27792"},"modified":"2016-03-24T14:29:33","modified_gmt":"2016-03-24T13:29:33","slug":"arteclima-sempre-piu-in-con-thermodesign-linnovativa-proposta-made-in-italy-per-il-termoarredo","status":"publish","type":"post","link":"https:\/\/socialdesignmagazine.com\/mag\/news\/design-news\/arteclima-sempre-piu-in-con-thermodesign-linnovativa-proposta-made-in-italy-per-il-termoarredo\/","title":{"rendered":"Arteclima sempre pi\u00f9 \u201cin\u201d con \u201cThermodesign\u201d: l\u2019innovativa proposta Made in Italy per il termoarredo","gt_translate_keys":[{"key":"rendered","format":"text"}]},"content":{"rendered":"<h2><a rel=\"nofollow\" href=\"http:\/\/www.arteclima.eu\">Arteclima<\/a> presenta \u201cThermodesign\u201d: il nuovo brand di componenti \u201cMade in Italy\u201d per un termoarredo funzionale, raffinato nelle linee ed innovativo nelle finiture.<\/h2>\n<p>L\u2019esperienza di Arteclima nella progettazione e realizzazione di valvole ed accessori di alta qualit\u00e0 \u00e8 stata condensata nell\u2019innovativa proposta dedicata al termoarredo ed efficacemente presentata all\u2019interno del nuovo catalogo \u201cArteclima Thermodesign\u201d. Tutti i prodotti proposti sono curati nei minimi dettagli per soddisfare le diverse esigenze; ad esempio, compongono la linea \u201cHigh Style\u201d, valvole manuali e termostatizzabili, e detentori nelle versioni a squadra o ad angolo, per minimizzare gli ingombri e valorizzare l\u2019estetica; Valvole Mono\/Bitubo con connessioni ad interasse 50mm, provviste di \u201cattacco unificato \u201c24&#215;19 F\/\u201d o \u201cattacco 3\/4 Eurocono\u201d disponibili in tre differenti varianti, a seconda di dove sono posizionati la mandata e il ritorno del fluido vettore rispetto al corpo scaldante.<\/p>\n<p>Inoltre, con \u201cThermodesign\u201d, Arteclima si apre sempre di pi\u00f9 alla personalizzazione, proponendo oltre alla classica versione cromo, ed alla versione Total White\u201d, numerose finiture, dal bronzo all\u2019acciaio satinato, passando per il rame spazzolato ed il cromo spazzolato, a cui si aggiungono le personalizzazioni al laser e le finiture ad hoc con colori speciali.<\/p>\n<p>Tutte le valvole, inclusa la linea \u201cBasic\u201d, sono fornite nelle misure 3\/8\u201d e 1\/2\u201d con attacchi intercambiabili per tubo rame, plastica e multistrato che consentono l\u2019installazione con tubazioni di diametro esterno da \u00d810mm a \u00d820mm. Inoltre, in tutti i modelli sicurezza e qualit\u00e0 sono garantite dal certificato UNIEN ISO9001:2008.<\/p>\n<div id=\"attachment_27795\" style=\"width: 890px\" class=\"wp-caption alignnone\"><img loading=\"lazy\" decoding=\"async\" aria-describedby=\"caption-attachment-27795\" data-attachment-id=\"27795\" data-permalink=\"https:\/\/socialdesignmagazine.com\/mag\/news\/design-news\/arteclima-sempre-piu-in-con-thermodesign-linnovativa-proposta-made-in-italy-per-il-termoarredo\/attachment\/la-copertina-del-nuovo-catalogo\/#content\" data-orig-file=\"https:\/\/socialdesignmagazine.com\/mag\/wp-content\/uploads\/2016\/03\/la-copertina-del-nuovo-catalogo.png\" data-orig-size=\"880,617\" data-comments-opened=\"1\" data-image-meta=\"{&quot;aperture&quot;:&quot;0&quot;,&quot;credit&quot;:&quot;&quot;,&quot;camera&quot;:&quot;&quot;,&quot;caption&quot;:&quot;&quot;,&quot;created_timestamp&quot;:&quot;0&quot;,&quot;copyright&quot;:&quot;&quot;,&quot;focal_length&quot;:&quot;0&quot;,&quot;iso&quot;:&quot;0&quot;,&quot;shutter_speed&quot;:&quot;0&quot;,&quot;title&quot;:&quot;&quot;,&quot;orientation&quot;:&quot;0&quot;}\" data-image-title=\"Arteclima \u201cThermodesign\u201d la copertina del nuovo catalogo\" data-image-description=\"\" data-image-caption=\"&lt;p&gt;Arteclima \u201cThermodesign\u201d la copertina del nuovo catalogo&lt;\/p&gt;\n\" data-medium-file=\"https:\/\/socialdesignmagazine.com\/mag\/wp-content\/uploads\/2016\/03\/la-copertina-del-nuovo-catalogo-396x256.png\" data-large-file=\"https:\/\/socialdesignmagazine.com\/mag\/wp-content\/uploads\/2016\/03\/la-copertina-del-nuovo-catalogo.png\" class=\"size-full wp-image-27795\" src=\"https:\/\/socialdesignmagazine.com\/mag\/wp-content\/uploads\/2016\/03\/la-copertina-del-nuovo-catalogo.png\" alt=\"Arteclima \u201cThermodesign\u201d la copertina del nuovo catalogo\" width=\"880\" height=\"617\" srcset=\"https:\/\/socialdesignmagazine.com\/mag\/wp-content\/uploads\/2016\/03\/la-copertina-del-nuovo-catalogo.png 880w, https:\/\/socialdesignmagazine.com\/mag\/wp-content\/uploads\/2016\/03\/la-copertina-del-nuovo-catalogo-768x538.png 768w\" sizes=\"auto, (max-width: 880px) 100vw, 880px\" \/><p id=\"caption-attachment-27795\" class=\"wp-caption-text\">Arteclima \u201cThermodesign\u201d la copertina del nuovo catalogo<\/p><\/div>\n<div id=\"attachment_27794\" style=\"width: 890px\" class=\"wp-caption alignnone\"><img loading=\"lazy\" decoding=\"async\" aria-describedby=\"caption-attachment-27794\" data-attachment-id=\"27794\" data-permalink=\"https:\/\/socialdesignmagazine.com\/mag\/news\/design-news\/arteclima-sempre-piu-in-con-thermodesign-linnovativa-proposta-made-in-italy-per-il-termoarredo\/attachment\/bagno-1\/#content\" data-orig-file=\"https:\/\/socialdesignmagazine.com\/mag\/wp-content\/uploads\/2016\/03\/bagno-1.jpg\" data-orig-size=\"880,548\" data-comments-opened=\"1\" data-image-meta=\"{&quot;aperture&quot;:&quot;0&quot;,&quot;credit&quot;:&quot;&quot;,&quot;camera&quot;:&quot;&quot;,&quot;caption&quot;:&quot;&quot;,&quot;created_timestamp&quot;:&quot;0&quot;,&quot;copyright&quot;:&quot;&quot;,&quot;focal_length&quot;:&quot;0&quot;,&quot;iso&quot;:&quot;0&quot;,&quot;shutter_speed&quot;:&quot;0&quot;,&quot;title&quot;:&quot;&quot;,&quot;orientation&quot;:&quot;1&quot;}\" data-image-title=\"Arteclima \u201cThermodesign\u201d: per un termoarredo funzionale\" data-image-description=\"\" data-image-caption=\"&lt;p&gt;Arteclima \u201cThermodesign\u201d: per un termoarredo funzionale&lt;\/p&gt;\n\" data-medium-file=\"https:\/\/socialdesignmagazine.com\/mag\/wp-content\/uploads\/2016\/03\/bagno-1-396x256.jpg\" data-large-file=\"https:\/\/socialdesignmagazine.com\/mag\/wp-content\/uploads\/2016\/03\/bagno-1.jpg\" class=\"size-full wp-image-27794\" src=\"https:\/\/socialdesignmagazine.com\/mag\/wp-content\/uploads\/2016\/03\/bagno-1.jpg\" alt=\"Arteclima \u201cThermodesign\u201d: per un termoarredo funzionale\" width=\"880\" height=\"548\" srcset=\"https:\/\/socialdesignmagazine.com\/mag\/wp-content\/uploads\/2016\/03\/bagno-1.jpg 880w, https:\/\/socialdesignmagazine.com\/mag\/wp-content\/uploads\/2016\/03\/bagno-1-768x478.jpg 768w, https:\/\/socialdesignmagazine.com\/mag\/wp-content\/uploads\/2016\/03\/bagno-1-320x200.jpg 320w\" sizes=\"auto, (max-width: 880px) 100vw, 880px\" \/><p id=\"caption-attachment-27794\" class=\"wp-caption-text\">Arteclima \u201cThermodesign\u201d: per un termoarredo funzionale<\/p><\/div>\n","protected":false,"gt_translate_keys":[{"key":"rendered","format":"html"}]},"excerpt":{"rendered":"<p>Arteclima presenta \u201cThermodesign\u201d: il nuovo brand di componenti \u201cMade in Italy\u201d per un termoarredo funzionale, raffinato nelle linee ed innovativo nelle finiture.<\/p>\n","protected":false,"gt_translate_keys":[{"key":"rendered","format":"html"}]},"author":156,"featured_media":27793,"comment_status":"open","ping_status":"open","sticky":false,"template":"","format":"standard","meta":{"jetpack_post_was_ever_published":false,"_jetpack_newsletter_access":"","_jetpack_dont_email_post_to_subs":false,"_jetpack_newsletter_tier_id":0,"_jetpack_memberships_contains_paywalled_content":false,"_jetpack_memberships_contains_paid_content":false,"footnotes":"","_wpscppro_dont_share_socialmedia":false,"_wpscppro_custom_social_share_image":0,"_facebook_share_type":"","_twitter_share_type":"","_linkedin_share_type":"","_pinterest_share_type":"","_linkedin_share_type_page":"","_instagram_share_type":"","_medium_share_type":"","_threads_share_type":"","_google_business_share_type":"","_selected_social_profile":[],"_wpsp_enable_custom_social_template":false,"_wpsp_social_scheduling":{"enabled":false,"datetime":null,"platforms":[],"status":"template_only","dateOption":"today","timeOption":"now","customDays":"","customHours":"","customDate":"","customTime":"","schedulingType":"absolute"},"_wpsp_active_default_template":true},"categories":[17],"tags":[4256,1870],"class_list":["post-27792","post","type-post","status-publish","format-standard","has-post-thumbnail","hentry","category-design-news","tag-arteclima","tag-termoarredo"],"yoast_head":"<!-- This site is optimized with the Yoast SEO plugin v27.2 - https:\/\/yoast.com\/product\/yoast-seo-wordpress\/ -->\n<title>Arteclima \u201cThermodesign\u201d l&#039;innovativa proposta per il termoarredo<\/title>\n<meta name=\"description\" content=\"Arteclima presenta \u201cThermodesign\u201d: il nuovo brand di componenti \u201cMade in Italy\u201d per un termoarredo funzionale e raffinato.\" \/>\n<meta name=\"robots\" content=\"index, follow, max-snippet:-1, max-image-preview:large, max-video-preview:-1\" \/>\n<link rel=\"canonical\" href=\"https:\/\/socialdesignmagazine.com\/mag\/news\/design-news\/arteclima-sempre-piu-in-con-thermodesign-linnovativa-proposta-made-in-italy-per-il-termoarredo\/\" \/>\n<meta property=\"og:locale\" content=\"it_IT\" \/>\n<meta property=\"og:type\" content=\"article\" \/>\n<meta property=\"og:title\" content=\"Arteclima \u201cThermodesign\u201d l&#039;innovativa proposta per il termoarredo\" \/>\n<meta property=\"og:description\" content=\"Arteclima presenta \u201cThermodesign\u201d: il nuovo brand di componenti \u201cMade in Italy\u201d per un termoarredo funzionale e raffinato.\" \/>\n<meta property=\"og:url\" content=\"http:\/\/socialdesignmagazine.com\/mag\/news\/design-news\/arteclima-sempre-piu-in-con-thermodesign-linnovativa-proposta-made-in-italy-per-il-termoarredo\/\" \/>\n<meta property=\"og:site_name\" content=\"Social Design Magazine\" \/>\n<meta property=\"article:publisher\" content=\"https:\/\/www.facebook.com\/socialdesignmag\" \/>\n<meta property=\"article:published_time\" content=\"2016-03-24T13:40:22+00:00\" \/>\n<meta property=\"og:image\" content=\"https:\/\/socialdesignmagazine.com\/mag\/wp-content\/uploads\/2016\/03\/101MA.jpg\" \/>\n\t<meta property=\"og:image:width\" content=\"880\" \/>\n\t<meta property=\"og:image:height\" content=\"753\" \/>\n\t<meta property=\"og:image:type\" content=\"image\/jpeg\" \/>\n<meta name=\"author\" content=\"Lorenzo Strona &amp; Partners\" \/>\n<meta name=\"twitter:card\" content=\"summary_large_image\" \/>\n<meta name=\"twitter:creator\" content=\"@socialdesignmag\" \/>\n<meta name=\"twitter:site\" content=\"@socialdesignmag\" \/>\n<meta name=\"twitter:label1\" content=\"Scritto da\" \/>\n\t<meta name=\"twitter:data1\" content=\"Lorenzo Strona &amp; Partners\" \/>\n\t<meta name=\"twitter:label2\" content=\"Tempo di lettura stimato\" \/>\n\t<meta name=\"twitter:data2\" content=\"1 minuto\" \/>\n<script type=\"application\/ld+json\" class=\"yoast-schema-graph\">{\"@context\":\"https:\/\/schema.org\",\"@graph\":[{\"@type\":\"Article\",\"@id\":\"https:\/\/socialdesignmagazine.com\/mag\/news\/design-news\/arteclima-sempre-piu-in-con-thermodesign-linnovativa-proposta-made-in-italy-per-il-termoarredo\/#article\",\"isPartOf\":{\"@id\":\"https:\/\/socialdesignmagazine.com\/mag\/news\/design-news\/arteclima-sempre-piu-in-con-thermodesign-linnovativa-proposta-made-in-italy-per-il-termoarredo\/\"},\"author\":{\"name\":\"Lorenzo Strona &amp; Partners\",\"@id\":\"https:\/\/socialdesignmagazine.com\/mag\/#\/schema\/person\/2f0d6c004e2819dd154da12b087ab674\"},\"headline\":\"Arteclima sempre pi\u00f9 \u201cin\u201d con \u201cThermodesign\u201d: l\u2019innovativa proposta Made in Italy per il termoarredo\",\"datePublished\":\"2016-03-24T13:40:22+00:00\",\"mainEntityOfPage\":{\"@id\":\"https:\/\/socialdesignmagazine.com\/mag\/news\/design-news\/arteclima-sempre-piu-in-con-thermodesign-linnovativa-proposta-made-in-italy-per-il-termoarredo\/\"},\"wordCount\":281,\"commentCount\":0,\"publisher\":{\"@id\":\"https:\/\/socialdesignmagazine.com\/mag\/#organization\"},\"image\":{\"@id\":\"https:\/\/socialdesignmagazine.com\/mag\/news\/design-news\/arteclima-sempre-piu-in-con-thermodesign-linnovativa-proposta-made-in-italy-per-il-termoarredo\/#primaryimage\"},\"thumbnailUrl\":\"https:\/\/socialdesignmagazine.com\/mag\/wp-content\/uploads\/2016\/03\/101MA.jpg\",\"keywords\":[\"arteclima\",\"termoarredo\"],\"articleSection\":[\"Design News\"],\"inLanguage\":\"it-IT\",\"potentialAction\":[{\"@type\":\"CommentAction\",\"name\":\"Comment\",\"target\":[\"https:\/\/socialdesignmagazine.com\/mag\/news\/design-news\/arteclima-sempre-piu-in-con-thermodesign-linnovativa-proposta-made-in-italy-per-il-termoarredo\/#respond\"]}]},{\"@type\":\"WebPage\",\"@id\":\"https:\/\/socialdesignmagazine.com\/mag\/news\/design-news\/arteclima-sempre-piu-in-con-thermodesign-linnovativa-proposta-made-in-italy-per-il-termoarredo\/\",\"url\":\"https:\/\/socialdesignmagazine.com\/mag\/news\/design-news\/arteclima-sempre-piu-in-con-thermodesign-linnovativa-proposta-made-in-italy-per-il-termoarredo\/\",\"name\":\"Arteclima \u201cThermodesign\u201d l'innovativa proposta per il termoarredo\",\"isPartOf\":{\"@id\":\"https:\/\/socialdesignmagazine.com\/mag\/#website\"},\"primaryImageOfPage\":{\"@id\":\"https:\/\/socialdesignmagazine.com\/mag\/news\/design-news\/arteclima-sempre-piu-in-con-thermodesign-linnovativa-proposta-made-in-italy-per-il-termoarredo\/#primaryimage\"},\"image\":{\"@id\":\"https:\/\/socialdesignmagazine.com\/mag\/news\/design-news\/arteclima-sempre-piu-in-con-thermodesign-linnovativa-proposta-made-in-italy-per-il-termoarredo\/#primaryimage\"},\"thumbnailUrl\":\"https:\/\/socialdesignmagazine.com\/mag\/wp-content\/uploads\/2016\/03\/101MA.jpg\",\"datePublished\":\"2016-03-24T13:40:22+00:00\",\"description\":\"Arteclima presenta \u201cThermodesign\u201d: il nuovo brand di componenti \u201cMade in Italy\u201d per un termoarredo funzionale e raffinato.\",\"breadcrumb\":{\"@id\":\"https:\/\/socialdesignmagazine.com\/mag\/news\/design-news\/arteclima-sempre-piu-in-con-thermodesign-linnovativa-proposta-made-in-italy-per-il-termoarredo\/#breadcrumb\"},\"inLanguage\":\"it-IT\",\"potentialAction\":[{\"@type\":\"ReadAction\",\"target\":[\"https:\/\/socialdesignmagazine.com\/mag\/news\/design-news\/arteclima-sempre-piu-in-con-thermodesign-linnovativa-proposta-made-in-italy-per-il-termoarredo\/\"]}]},{\"@type\":\"ImageObject\",\"inLanguage\":\"it-IT\",\"@id\":\"https:\/\/socialdesignmagazine.com\/mag\/news\/design-news\/arteclima-sempre-piu-in-con-thermodesign-linnovativa-proposta-made-in-italy-per-il-termoarredo\/#primaryimage\",\"url\":\"https:\/\/socialdesignmagazine.com\/mag\/wp-content\/uploads\/2016\/03\/101MA.jpg\",\"contentUrl\":\"https:\/\/socialdesignmagazine.com\/mag\/wp-content\/uploads\/2016\/03\/101MA.jpg\",\"width\":880,\"height\":753,\"caption\":\"Arteclima valvola linea \u201cHigh Style\u201d\"},{\"@type\":\"BreadcrumbList\",\"@id\":\"https:\/\/socialdesignmagazine.com\/mag\/news\/design-news\/arteclima-sempre-piu-in-con-thermodesign-linnovativa-proposta-made-in-italy-per-il-termoarredo\/#breadcrumb\",\"itemListElement\":[{\"@type\":\"ListItem\",\"position\":1,\"name\":\"Home\",\"item\":\"https:\/\/socialdesignmagazine.com\/mag\/\"},{\"@type\":\"ListItem\",\"position\":2,\"name\":\"News\",\"item\":\"https:\/\/socialdesignmagazine.com\/mag\/news\/\"},{\"@type\":\"ListItem\",\"position\":3,\"name\":\"Design News\",\"item\":\"https:\/\/socialdesignmagazine.com\/mag\/news\/design-news\/\"},{\"@type\":\"ListItem\",\"position\":4,\"name\":\"Arteclima sempre pi\u00f9 \u201cin\u201d con \u201cThermodesign\u201d: l\u2019innovativa proposta Made in Italy per il termoarredo\"}]},{\"@type\":\"WebSite\",\"@id\":\"https:\/\/socialdesignmagazine.com\/mag\/#website\",\"url\":\"https:\/\/socialdesignmagazine.com\/mag\/\",\"name\":\"Social Design Magazine\",\"description\":\"Social Magazine su Design, Architettura, Arte, Grafica\",\"publisher\":{\"@id\":\"https:\/\/socialdesignmagazine.com\/mag\/#organization\"},\"potentialAction\":[{\"@type\":\"SearchAction\",\"target\":{\"@type\":\"EntryPoint\",\"urlTemplate\":\"https:\/\/socialdesignmagazine.com\/mag\/?s={search_term_string}\"},\"query-input\":{\"@type\":\"PropertyValueSpecification\",\"valueRequired\":true,\"valueName\":\"search_term_string\"}}],\"inLanguage\":\"it-IT\"},{\"@type\":\"Organization\",\"@id\":\"https:\/\/socialdesignmagazine.com\/mag\/#organization\",\"name\":\"Social Design Magazine\",\"url\":\"https:\/\/socialdesignmagazine.com\/mag\/\",\"logo\":{\"@type\":\"ImageObject\",\"inLanguage\":\"it-IT\",\"@id\":\"https:\/\/socialdesignmagazine.com\/mag\/#\/schema\/logo\/image\/\",\"url\":\"https:\/\/socialdesignmagazine.com\/mag\/wp-content\/uploads\/2017\/01\/logo_favicon_11.png\",\"contentUrl\":\"https:\/\/socialdesignmagazine.com\/mag\/wp-content\/uploads\/2017\/01\/logo_favicon_11.png\",\"width\":1024,\"height\":1024,\"caption\":\"Social Design Magazine\"},\"image\":{\"@id\":\"https:\/\/socialdesignmagazine.com\/mag\/#\/schema\/logo\/image\/\"},\"sameAs\":[\"https:\/\/www.facebook.com\/socialdesignmag\",\"https:\/\/x.com\/socialdesignmag\",\"http:\/\/instagram.com\/social_design_magazine\/\",\"http:\/\/pinterest.com\/socialdesignmag\/\",\"http:\/\/www.youtube.com\/user\/socialdesignmagazine\"]},{\"@type\":\"Person\",\"@id\":\"https:\/\/socialdesignmagazine.com\/mag\/#\/schema\/person\/2f0d6c004e2819dd154da12b087ab674\",\"name\":\"Lorenzo Strona &amp; Partners\",\"image\":{\"@type\":\"ImageObject\",\"inLanguage\":\"it-IT\",\"@id\":\"https:\/\/secure.gravatar.com\/avatar\/8108838cddcb2a3b6d98a95fbaa2b096769cf1d1f777d4848edbdc28ceafc598?s=96&d=mm&r=g\",\"url\":\"https:\/\/secure.gravatar.com\/avatar\/8108838cddcb2a3b6d98a95fbaa2b096769cf1d1f777d4848edbdc28ceafc598?s=96&d=mm&r=g\",\"contentUrl\":\"https:\/\/secure.gravatar.com\/avatar\/8108838cddcb2a3b6d98a95fbaa2b096769cf1d1f777d4848edbdc28ceafc598?s=96&d=mm&r=g\",\"caption\":\"Lorenzo Strona &amp; Partners\"},\"sameAs\":[\"http:\/\/www.lorenzostrona.com\"],\"url\":\"https:\/\/socialdesignmagazine.com\/mag\/author\/lsep\/\"}]}<\/script>\n<!-- \/ Yoast SEO plugin. -->","yoast_head_json":{"title":"Arteclima \u201cThermodesign\u201d l'innovativa proposta per il termoarredo","description":"Arteclima presenta \u201cThermodesign\u201d: il nuovo brand di componenti \u201cMade in Italy\u201d per un termoarredo funzionale e raffinato.","robots":{"index":"index","follow":"follow","max-snippet":"max-snippet:-1","max-image-preview":"max-image-preview:large","max-video-preview":"max-video-preview:-1"},"canonical":"https:\/\/socialdesignmagazine.com\/mag\/news\/design-news\/arteclima-sempre-piu-in-con-thermodesign-linnovativa-proposta-made-in-italy-per-il-termoarredo\/","og_locale":"it_IT","og_type":"article","og_title":"Arteclima \u201cThermodesign\u201d l'innovativa proposta per il termoarredo","og_description":"Arteclima presenta \u201cThermodesign\u201d: il nuovo brand di componenti \u201cMade in Italy\u201d per un termoarredo funzionale e raffinato.","og_url":"http:\/\/socialdesignmagazine.com\/mag\/news\/design-news\/arteclima-sempre-piu-in-con-thermodesign-linnovativa-proposta-made-in-italy-per-il-termoarredo\/","og_site_name":"Social Design Magazine","article_publisher":"https:\/\/www.facebook.com\/socialdesignmag","article_published_time":"2016-03-24T13:40:22+00:00","og_image":[{"width":880,"height":753,"url":"https:\/\/socialdesignmagazine.com\/mag\/wp-content\/uploads\/2016\/03\/101MA.jpg","type":"image\/jpeg"}],"author":"Lorenzo Strona &amp; Partners","twitter_card":"summary_large_image","twitter_creator":"@socialdesignmag","twitter_site":"@socialdesignmag","twitter_misc":{"Scritto da":"Lorenzo Strona &amp; Partners","Tempo di lettura stimato":"1 minuto"},"schema":{"@context":"https:\/\/schema.org","@graph":[{"@type":"Article","@id":"https:\/\/socialdesignmagazine.com\/mag\/news\/design-news\/arteclima-sempre-piu-in-con-thermodesign-linnovativa-proposta-made-in-italy-per-il-termoarredo\/#article","isPartOf":{"@id":"https:\/\/socialdesignmagazine.com\/mag\/news\/design-news\/arteclima-sempre-piu-in-con-thermodesign-linnovativa-proposta-made-in-italy-per-il-termoarredo\/"},"author":{"name":"Lorenzo Strona &amp; Partners","@id":"https:\/\/socialdesignmagazine.com\/mag\/#\/schema\/person\/2f0d6c004e2819dd154da12b087ab674"},"headline":"Arteclima sempre pi\u00f9 \u201cin\u201d con \u201cThermodesign\u201d: l\u2019innovativa proposta Made in Italy per il termoarredo","datePublished":"2016-03-24T13:40:22+00:00","mainEntityOfPage":{"@id":"https:\/\/socialdesignmagazine.com\/mag\/news\/design-news\/arteclima-sempre-piu-in-con-thermodesign-linnovativa-proposta-made-in-italy-per-il-termoarredo\/"},"wordCount":281,"commentCount":0,"publisher":{"@id":"https:\/\/socialdesignmagazine.com\/mag\/#organization"},"image":{"@id":"https:\/\/socialdesignmagazine.com\/mag\/news\/design-news\/arteclima-sempre-piu-in-con-thermodesign-linnovativa-proposta-made-in-italy-per-il-termoarredo\/#primaryimage"},"thumbnailUrl":"https:\/\/socialdesignmagazine.com\/mag\/wp-content\/uploads\/2016\/03\/101MA.jpg","keywords":["arteclima","termoarredo"],"articleSection":["Design News"],"inLanguage":"it-IT","potentialAction":[{"@type":"CommentAction","name":"Comment","target":["https:\/\/socialdesignmagazine.com\/mag\/news\/design-news\/arteclima-sempre-piu-in-con-thermodesign-linnovativa-proposta-made-in-italy-per-il-termoarredo\/#respond"]}]},{"@type":"WebPage","@id":"https:\/\/socialdesignmagazine.com\/mag\/news\/design-news\/arteclima-sempre-piu-in-con-thermodesign-linnovativa-proposta-made-in-italy-per-il-termoarredo\/","url":"https:\/\/socialdesignmagazine.com\/mag\/news\/design-news\/arteclima-sempre-piu-in-con-thermodesign-linnovativa-proposta-made-in-italy-per-il-termoarredo\/","name":"Arteclima \u201cThermodesign\u201d l'innovativa proposta per il termoarredo","isPartOf":{"@id":"https:\/\/socialdesignmagazine.com\/mag\/#website"},"primaryImageOfPage":{"@id":"https:\/\/socialdesignmagazine.com\/mag\/news\/design-news\/arteclima-sempre-piu-in-con-thermodesign-linnovativa-proposta-made-in-italy-per-il-termoarredo\/#primaryimage"},"image":{"@id":"https:\/\/socialdesignmagazine.com\/mag\/news\/design-news\/arteclima-sempre-piu-in-con-thermodesign-linnovativa-proposta-made-in-italy-per-il-termoarredo\/#primaryimage"},"thumbnailUrl":"https:\/\/socialdesignmagazine.com\/mag\/wp-content\/uploads\/2016\/03\/101MA.jpg","datePublished":"2016-03-24T13:40:22+00:00","description":"Arteclima presenta \u201cThermodesign\u201d: il nuovo brand di componenti \u201cMade in Italy\u201d per un termoarredo funzionale e raffinato.","breadcrumb":{"@id":"https:\/\/socialdesignmagazine.com\/mag\/news\/design-news\/arteclima-sempre-piu-in-con-thermodesign-linnovativa-proposta-made-in-italy-per-il-termoarredo\/#breadcrumb"},"inLanguage":"it-IT","potentialAction":[{"@type":"ReadAction","target":["https:\/\/socialdesignmagazine.com\/mag\/news\/design-news\/arteclima-sempre-piu-in-con-thermodesign-linnovativa-proposta-made-in-italy-per-il-termoarredo\/"]}]},{"@type":"ImageObject","inLanguage":"it-IT","@id":"https:\/\/socialdesignmagazine.com\/mag\/news\/design-news\/arteclima-sempre-piu-in-con-thermodesign-linnovativa-proposta-made-in-italy-per-il-termoarredo\/#primaryimage","url":"https:\/\/socialdesignmagazine.com\/mag\/wp-content\/uploads\/2016\/03\/101MA.jpg","contentUrl":"https:\/\/socialdesignmagazine.com\/mag\/wp-content\/uploads\/2016\/03\/101MA.jpg","width":880,"height":753,"caption":"Arteclima valvola linea \u201cHigh Style\u201d"},{"@type":"BreadcrumbList","@id":"https:\/\/socialdesignmagazine.com\/mag\/news\/design-news\/arteclima-sempre-piu-in-con-thermodesign-linnovativa-proposta-made-in-italy-per-il-termoarredo\/#breadcrumb","itemListElement":[{"@type":"ListItem","position":1,"name":"Home","item":"https:\/\/socialdesignmagazine.com\/mag\/"},{"@type":"ListItem","position":2,"name":"News","item":"https:\/\/socialdesignmagazine.com\/mag\/news\/"},{"@type":"ListItem","position":3,"name":"Design News","item":"https:\/\/socialdesignmagazine.com\/mag\/news\/design-news\/"},{"@type":"ListItem","position":4,"name":"Arteclima sempre pi\u00f9 \u201cin\u201d con \u201cThermodesign\u201d: l\u2019innovativa proposta Made in Italy per il termoarredo"}]},{"@type":"WebSite","@id":"https:\/\/socialdesignmagazine.com\/mag\/#website","url":"https:\/\/socialdesignmagazine.com\/mag\/","name":"Social Design Magazine","description":"Social Magazine su Design, Architettura, Arte, Grafica","publisher":{"@id":"https:\/\/socialdesignmagazine.com\/mag\/#organization"},"potentialAction":[{"@type":"SearchAction","target":{"@type":"EntryPoint","urlTemplate":"https:\/\/socialdesignmagazine.com\/mag\/?s={search_term_string}"},"query-input":{"@type":"PropertyValueSpecification","valueRequired":true,"valueName":"search_term_string"}}],"inLanguage":"it-IT"},{"@type":"Organization","@id":"https:\/\/socialdesignmagazine.com\/mag\/#organization","name":"Social Design Magazine","url":"https:\/\/socialdesignmagazine.com\/mag\/","logo":{"@type":"ImageObject","inLanguage":"it-IT","@id":"https:\/\/socialdesignmagazine.com\/mag\/#\/schema\/logo\/image\/","url":"https:\/\/socialdesignmagazine.com\/mag\/wp-content\/uploads\/2017\/01\/logo_favicon_11.png","contentUrl":"https:\/\/socialdesignmagazine.com\/mag\/wp-content\/uploads\/2017\/01\/logo_favicon_11.png","width":1024,"height":1024,"caption":"Social Design Magazine"},"image":{"@id":"https:\/\/socialdesignmagazine.com\/mag\/#\/schema\/logo\/image\/"},"sameAs":["https:\/\/www.facebook.com\/socialdesignmag","https:\/\/x.com\/socialdesignmag","http:\/\/instagram.com\/social_design_magazine\/","http:\/\/pinterest.com\/socialdesignmag\/","http:\/\/www.youtube.com\/user\/socialdesignmagazine"]},{"@type":"Person","@id":"https:\/\/socialdesignmagazine.com\/mag\/#\/schema\/person\/2f0d6c004e2819dd154da12b087ab674","name":"Lorenzo Strona &amp; Partners","image":{"@type":"ImageObject","inLanguage":"it-IT","@id":"https:\/\/secure.gravatar.com\/avatar\/8108838cddcb2a3b6d98a95fbaa2b096769cf1d1f777d4848edbdc28ceafc598?s=96&d=mm&r=g","url":"https:\/\/secure.gravatar.com\/avatar\/8108838cddcb2a3b6d98a95fbaa2b096769cf1d1f777d4848edbdc28ceafc598?s=96&d=mm&r=g","contentUrl":"https:\/\/secure.gravatar.com\/avatar\/8108838cddcb2a3b6d98a95fbaa2b096769cf1d1f777d4848edbdc28ceafc598?s=96&d=mm&r=g","caption":"Lorenzo Strona &amp; Partners"},"sameAs":["http:\/\/www.lorenzostrona.com"],"url":"https:\/\/socialdesignmagazine.com\/mag\/author\/lsep\/"}]}},"jetpack_featured_media_url":"https:\/\/socialdesignmagazine.com\/mag\/wp-content\/uploads\/2016\/03\/101MA.jpg","jetpack_sharing_enabled":true,"jetpack_shortlink":"https:\/\/wp.me\/p6cV7V-7eg","gt_translate_keys":[{"key":"link","format":"url"}],"_links":{"self":[{"href":"https:\/\/socialdesignmagazine.com\/mag\/wp-json\/wp\/v2\/posts\/27792","targetHints":{"allow":["GET"]}}],"collection":[{"href":"https:\/\/socialdesignmagazine.com\/mag\/wp-json\/wp\/v2\/posts"}],"about":[{"href":"https:\/\/socialdesignmagazine.com\/mag\/wp-json\/wp\/v2\/types\/post"}],"author":[{"embeddable":true,"href":"https:\/\/socialdesignmagazine.com\/mag\/wp-json\/wp\/v2\/users\/156"}],"replies":[{"embeddable":true,"href":"https:\/\/socialdesignmagazine.com\/mag\/wp-json\/wp\/v2\/comments?post=27792"}],"version-history":[{"count":4,"href":"https:\/\/socialdesignmagazine.com\/mag\/wp-json\/wp\/v2\/posts\/27792\/revisions"}],"predecessor-version":[{"id":27799,"href":"https:\/\/socialdesignmagazine.com\/mag\/wp-json\/wp\/v2\/posts\/27792\/revisions\/27799"}],"wp:featuredmedia":[{"embeddable":true,"href":"https:\/\/socialdesignmagazine.com\/mag\/wp-json\/wp\/v2\/media\/27793"}],"wp:attachment":[{"href":"https:\/\/socialdesignmagazine.com\/mag\/wp-json\/wp\/v2\/media?parent=27792"}],"wp:term":[{"taxonomy":"category","embeddable":true,"href":"https:\/\/socialdesignmagazine.com\/mag\/wp-json\/wp\/v2\/categories?post=27792"},{"taxonomy":"post_tag","embeddable":true,"href":"https:\/\/socialdesignmagazine.com\/mag\/wp-json\/wp\/v2\/tags?post=27792"}],"curies":[{"name":"wp","href":"https:\/\/api.w.org\/{rel}","templated":true}]}}