{"id":27976,"date":"2016-04-05T10:00:44","date_gmt":"2016-04-05T08:00:44","guid":{"rendered":"https:\/\/socialdesignmagazine.com\/mag\/?p=27976"},"modified":"2016-04-05T01:08:04","modified_gmt":"2016-04-04T23:08:04","slug":"m12-ad-presenta-la-collezione-timo-al-salone-del-mobile-2016-tutti-gli-elementi-e-la-potenza-della-terra-pugliese","status":"publish","type":"post","link":"https:\/\/socialdesignmagazine.com\/mag\/news\/design-news\/m12-ad-presenta-la-collezione-timo-al-salone-del-mobile-2016-tutti-gli-elementi-e-la-potenza-della-terra-pugliese\/","title":{"rendered":"m12 AD presenta la collezione Timo al Salone del Mobile 2016,  tutti gli elementi e la potenza della terra pugliese","gt_translate_keys":[{"key":"rendered","format":"text"}]},"content":{"rendered":"<h2><a rel=\"nofollow\" href=\"http:\/\/www.m12ad.it\">m12 AD<\/a>, debutta durante la settimana del design milanese con \u201cTimo\u201d, una\u00a0collezione ispirata dalla potenza, mista all\u2019estrema dolcezza della terra di Puglia, territorio\u00a0natale del designer Michelangelo Olivieri.<\/h2>\n<p>Linee pure e semplici, come le strade che percorrono le colline della Murgia. Due elementi\u00a0principali: il legno massello, forte ed essenziale, e il metallo, bianco e luminoso come le rocce\u00a0calcaree, si fondono in una collezione in cui la purezza del design si mescola alla storia e al\u00a0vigore dei materiali.<\/p>\n<p>Nella collezione \u201cTimo\u201d, viene racchiusa l\u2019infinita bellezza dei paesaggi pugliesi: i cieli\u00a0immensi, le radure che lasciano libero corso ai pensieri, il profumo delle erbe tipiche, del timo\u00a0appunto, il colore pieno della terra rossa.<\/p>\n<p>Una linea di sedute essenziali che trascende il tempo e lo spazio, ponendo le proprie radici\u00a0profonde nel mondo.<\/p>\n<p>\u201cTimo\u201d \u00e8 il risultato di studi costanti sui materiali, della ricerca del design puro, nel rispetto\u00a0delle tradizioni e della sapienza artigianale.<\/p>\n<p>12-17 aprile\u00a0Ventura Lambrate Project, via Oslavia 7, 20134 Milano<\/p>\n<p>Opening hours: da marted\u00ec a sabato dalle 10 alle 20; domenica dalle 10 alle 18;<\/p>\n<p>special night extra opening, mercoled\u00ec 13 aprile, dalle 20 alle 22<\/p>\n<div id=\"attachment_27980\" style=\"width: 1210px\" class=\"wp-caption alignnone\"><img loading=\"lazy\" decoding=\"async\" aria-describedby=\"caption-attachment-27980\" data-attachment-id=\"27980\" data-permalink=\"https:\/\/socialdesignmagazine.com\/mag\/news\/design-news\/m12-ad-presenta-la-collezione-timo-al-salone-del-mobile-2016-tutti-gli-elementi-e-la-potenza-della-terra-pugliese\/attachment\/m12-collezione-timo-design-michelangelo-olivieri-3\/#content\" data-orig-file=\"https:\/\/socialdesignmagazine.com\/mag\/wp-content\/uploads\/2016\/04\/m12-collezione-Timo-design-Michelangelo-Olivieri-3.jpg\" data-orig-size=\"1200,799\" data-comments-opened=\"1\" data-image-meta=\"{&quot;aperture&quot;:&quot;0&quot;,&quot;credit&quot;:&quot;&quot;,&quot;camera&quot;:&quot;&quot;,&quot;caption&quot;:&quot;&quot;,&quot;created_timestamp&quot;:&quot;0&quot;,&quot;copyright&quot;:&quot;&quot;,&quot;focal_length&quot;:&quot;0&quot;,&quot;iso&quot;:&quot;0&quot;,&quot;shutter_speed&quot;:&quot;0&quot;,&quot;title&quot;:&quot;&quot;,&quot;orientation&quot;:&quot;0&quot;}\" data-image-title=\"m12 sedia Timo 3\" data-image-description=\"\" data-image-caption=\"&lt;p&gt;m12 sedia Timo&lt;\/p&gt;\n\" data-medium-file=\"https:\/\/socialdesignmagazine.com\/mag\/wp-content\/uploads\/2016\/04\/m12-collezione-Timo-design-Michelangelo-Olivieri-3-396x256.jpg\" data-large-file=\"https:\/\/socialdesignmagazine.com\/mag\/wp-content\/uploads\/2016\/04\/m12-collezione-Timo-design-Michelangelo-Olivieri-3-1024x682.jpg\" class=\"size-full wp-image-27980\" src=\"https:\/\/socialdesignmagazine.com\/mag\/wp-content\/uploads\/2016\/04\/m12-collezione-Timo-design-Michelangelo-Olivieri-3.jpg\" alt=\"m12 sedia Timo\" width=\"1200\" height=\"799\" srcset=\"https:\/\/socialdesignmagazine.com\/mag\/wp-content\/uploads\/2016\/04\/m12-collezione-Timo-design-Michelangelo-Olivieri-3.jpg 1200w, https:\/\/socialdesignmagazine.com\/mag\/wp-content\/uploads\/2016\/04\/m12-collezione-Timo-design-Michelangelo-Olivieri-3-100x66.jpg 100w, https:\/\/socialdesignmagazine.com\/mag\/wp-content\/uploads\/2016\/04\/m12-collezione-Timo-design-Michelangelo-Olivieri-3-768x511.jpg 768w, https:\/\/socialdesignmagazine.com\/mag\/wp-content\/uploads\/2016\/04\/m12-collezione-Timo-design-Michelangelo-Olivieri-3-1024x682.jpg 1024w\" sizes=\"auto, (max-width: 1200px) 100vw, 1200px\" \/><p id=\"caption-attachment-27980\" class=\"wp-caption-text\">m12 sedia Timo<\/p><\/div>\n<div id=\"attachment_27979\" style=\"width: 890px\" class=\"wp-caption alignnone\"><img loading=\"lazy\" decoding=\"async\" aria-describedby=\"caption-attachment-27979\" data-attachment-id=\"27979\" data-permalink=\"https:\/\/socialdesignmagazine.com\/mag\/news\/design-news\/m12-ad-presenta-la-collezione-timo-al-salone-del-mobile-2016-tutti-gli-elementi-e-la-potenza-della-terra-pugliese\/attachment\/m12-collezione-timo-design-michelangelo-olivieri-2\/#content\" data-orig-file=\"https:\/\/socialdesignmagazine.com\/mag\/wp-content\/uploads\/2016\/04\/m12-collezione-Timo-design-Michelangelo-Olivieri-2.jpg\" data-orig-size=\"880,1321\" data-comments-opened=\"1\" data-image-meta=\"{&quot;aperture&quot;:&quot;0&quot;,&quot;credit&quot;:&quot;&quot;,&quot;camera&quot;:&quot;&quot;,&quot;caption&quot;:&quot;&quot;,&quot;created_timestamp&quot;:&quot;0&quot;,&quot;copyright&quot;:&quot;&quot;,&quot;focal_length&quot;:&quot;0&quot;,&quot;iso&quot;:&quot;0&quot;,&quot;shutter_speed&quot;:&quot;0&quot;,&quot;title&quot;:&quot;&quot;,&quot;orientation&quot;:&quot;0&quot;}\" data-image-title=\"m12 sedia Timo 2\" data-image-description=\"\" data-image-caption=\"&lt;p&gt;m12 sedia Timo&lt;\/p&gt;\n\" data-medium-file=\"https:\/\/socialdesignmagazine.com\/mag\/wp-content\/uploads\/2016\/04\/m12-collezione-Timo-design-Michelangelo-Olivieri-2-396x256.jpg\" data-large-file=\"https:\/\/socialdesignmagazine.com\/mag\/wp-content\/uploads\/2016\/04\/m12-collezione-Timo-design-Michelangelo-Olivieri-2.jpg\" class=\"size-full wp-image-27979\" src=\"https:\/\/socialdesignmagazine.com\/mag\/wp-content\/uploads\/2016\/04\/m12-collezione-Timo-design-Michelangelo-Olivieri-2.jpg\" alt=\"m12 sedia Timo\" width=\"880\" height=\"1321\" srcset=\"https:\/\/socialdesignmagazine.com\/mag\/wp-content\/uploads\/2016\/04\/m12-collezione-Timo-design-Michelangelo-Olivieri-2.jpg 880w, https:\/\/socialdesignmagazine.com\/mag\/wp-content\/uploads\/2016\/04\/m12-collezione-Timo-design-Michelangelo-Olivieri-2-768x1153.jpg 768w\" sizes=\"auto, (max-width: 880px) 100vw, 880px\" \/><p id=\"caption-attachment-27979\" class=\"wp-caption-text\">m12 sedia Timo<\/p><\/div>\n<div id=\"attachment_27978\" style=\"width: 890px\" class=\"wp-caption alignnone\"><img loading=\"lazy\" decoding=\"async\" aria-describedby=\"caption-attachment-27978\" data-attachment-id=\"27978\" data-permalink=\"https:\/\/socialdesignmagazine.com\/mag\/news\/design-news\/m12-ad-presenta-la-collezione-timo-al-salone-del-mobile-2016-tutti-gli-elementi-e-la-potenza-della-terra-pugliese\/attachment\/m12-collezione-timo-design-michelangelo-olivieri-1\/#content\" data-orig-file=\"https:\/\/socialdesignmagazine.com\/mag\/wp-content\/uploads\/2016\/04\/m12-collezione-Timo-design-Michelangelo-Olivieri-1.jpg\" data-orig-size=\"880,1321\" data-comments-opened=\"1\" data-image-meta=\"{&quot;aperture&quot;:&quot;0&quot;,&quot;credit&quot;:&quot;&quot;,&quot;camera&quot;:&quot;&quot;,&quot;caption&quot;:&quot;&quot;,&quot;created_timestamp&quot;:&quot;0&quot;,&quot;copyright&quot;:&quot;&quot;,&quot;focal_length&quot;:&quot;0&quot;,&quot;iso&quot;:&quot;0&quot;,&quot;shutter_speed&quot;:&quot;0&quot;,&quot;title&quot;:&quot;&quot;,&quot;orientation&quot;:&quot;0&quot;}\" data-image-title=\"m12 sedia Timo 1\" data-image-description=\"\" data-image-caption=\"&lt;p&gt;m12 sedia Timo&lt;\/p&gt;\n\" data-medium-file=\"https:\/\/socialdesignmagazine.com\/mag\/wp-content\/uploads\/2016\/04\/m12-collezione-Timo-design-Michelangelo-Olivieri-1-396x256.jpg\" data-large-file=\"https:\/\/socialdesignmagazine.com\/mag\/wp-content\/uploads\/2016\/04\/m12-collezione-Timo-design-Michelangelo-Olivieri-1.jpg\" class=\"size-full wp-image-27978\" src=\"https:\/\/socialdesignmagazine.com\/mag\/wp-content\/uploads\/2016\/04\/m12-collezione-Timo-design-Michelangelo-Olivieri-1.jpg\" alt=\"m12 sedia Timo\" width=\"880\" height=\"1321\" srcset=\"https:\/\/socialdesignmagazine.com\/mag\/wp-content\/uploads\/2016\/04\/m12-collezione-Timo-design-Michelangelo-Olivieri-1.jpg 880w, https:\/\/socialdesignmagazine.com\/mag\/wp-content\/uploads\/2016\/04\/m12-collezione-Timo-design-Michelangelo-Olivieri-1-768x1153.jpg 768w\" sizes=\"auto, (max-width: 880px) 100vw, 880px\" \/><p id=\"caption-attachment-27978\" class=\"wp-caption-text\">m12 sedia Timo<\/p><\/div>\n<p>Lo studio m12, si occupa di architettura e design, guarda al\u00a0futuro e lo fa attraverso strumenti tecnologici performanti come l\u2019utilizzo del BIM,\u00a0l\u2019esplorazione tridimensionale dello spazio e la renderizzazione.\u00a0Lo fa conducendo una incessante ricerca su materiali, prodotti e tendenze del vivere\u00a0quotidiano. Seleziona con cura le collaborazioni con artigiani attenti alla tradizione ma\u00a0vogliosi di sperimentarsi e sperimentare.<\/p>\n<blockquote><p>Vorremmo sempre avere clienti curiosi, complici e interessati a cui offrire idee, suggerimenti e dettagli, il pi\u00f9\u00a0possibile vicino ai loro desideri.\u00a0Certi che la differenza si operi nel campo delle scelte, talvolta forti e coraggiose.<\/p><\/blockquote>\n","protected":false,"gt_translate_keys":[{"key":"rendered","format":"html"}]},"excerpt":{"rendered":"<p>m12 AD, debutta durante la settimana del design milanese con \u201cTimo\u201d, una collezione ispirata dalla potenza, mista all\u2019estrema dolcezza della terra di Puglia<\/p>\n","protected":false,"gt_translate_keys":[{"key":"rendered","format":"html"}]},"author":1,"featured_media":27981,"comment_status":"open","ping_status":"open","sticky":false,"template":"","format":"standard","meta":{"jetpack_post_was_ever_published":false,"_jetpack_newsletter_access":"","_jetpack_dont_email_post_to_subs":false,"_jetpack_newsletter_tier_id":0,"_jetpack_memberships_contains_paywalled_content":false,"_jetpack_memberships_contains_paid_content":false,"footnotes":"","_wpscppro_dont_share_socialmedia":false,"_wpscppro_custom_social_share_image":0,"_facebook_share_type":"","_twitter_share_type":"","_linkedin_share_type":"","_pinterest_share_type":"","_linkedin_share_type_page":"","_instagram_share_type":"","_medium_share_type":"","_threads_share_type":"","_google_business_share_type":"","_selected_social_profile":[],"_wpsp_enable_custom_social_template":false,"_wpsp_social_scheduling":{"enabled":false,"datetime":null,"platforms":[],"status":"template_only","dateOption":"today","timeOption":"now","customDays":"","customHours":"","customDate":"","customTime":"","schedulingType":"absolute"},"_wpsp_active_default_template":true},"categories":[17],"tags":[4679,4634,118],"class_list":["post-27976","post","type-post","status-publish","format-standard","has-post-thumbnail","hentry","category-design-news","tag-fuorisalone-2016","tag-salone-del-mobile-2016","tag-sedia"],"yoast_head":"<!-- This site is optimized with the Yoast SEO plugin v27.2 - https:\/\/yoast.com\/product\/yoast-seo-wordpress\/ -->\n<title>m12 AD presenta la collezione Timo al Salone del Mobile 2016<\/title>\n<meta name=\"description\" content=\"m12 AD, debutta durante la settimana del design milanese con \u201cTimo\u201d, una collezione ispirata dalla potenza, mista all\u2019estrema dolcezza della terra di Puglia\" \/>\n<meta name=\"robots\" content=\"index, follow, max-snippet:-1, max-image-preview:large, max-video-preview:-1\" \/>\n<link rel=\"canonical\" href=\"https:\/\/socialdesignmagazine.com\/mag\/news\/design-news\/m12-ad-presenta-la-collezione-timo-al-salone-del-mobile-2016-tutti-gli-elementi-e-la-potenza-della-terra-pugliese\/\" \/>\n<meta property=\"og:locale\" content=\"it_IT\" \/>\n<meta property=\"og:type\" content=\"article\" \/>\n<meta property=\"og:title\" content=\"m12 AD presenta la collezione Timo al Salone del Mobile 2016\" \/>\n<meta property=\"og:description\" content=\"m12 AD, debutta durante la settimana del design milanese con \u201cTimo\u201d, una collezione ispirata dalla potenza, mista all\u2019estrema dolcezza della terra di Puglia\" \/>\n<meta property=\"og:url\" content=\"https:\/\/socialdesignmagazine.com\/mag\/news\/design-news\/m12-ad-presenta-la-collezione-timo-al-salone-del-mobile-2016-tutti-gli-elementi-e-la-potenza-della-terra-pugliese\/\" \/>\n<meta property=\"og:site_name\" content=\"Social Design Magazine\" \/>\n<meta property=\"article:publisher\" content=\"https:\/\/www.facebook.com\/socialdesignmag\" \/>\n<meta property=\"article:author\" content=\"https:\/\/www.facebook.com\/benedettofiori\" \/>\n<meta property=\"article:published_time\" content=\"2016-04-05T08:00:44+00:00\" \/>\n<meta property=\"og:image\" content=\"https:\/\/socialdesignmagazine.com\/mag\/wp-content\/uploads\/2016\/04\/m12-collezione-Timo-design-Michelangelo-Olivieri-4.jpg\" \/>\n\t<meta property=\"og:image:width\" content=\"1200\" \/>\n\t<meta property=\"og:image:height\" content=\"799\" \/>\n\t<meta property=\"og:image:type\" content=\"image\/jpeg\" \/>\n<meta name=\"author\" content=\"Benedetto Fiori\" \/>\n<meta name=\"twitter:card\" content=\"summary_large_image\" \/>\n<meta name=\"twitter:creator\" content=\"@benedettofiori\" \/>\n<meta name=\"twitter:site\" content=\"@socialdesignmag\" \/>\n<meta name=\"twitter:label1\" content=\"Scritto da\" \/>\n\t<meta name=\"twitter:data1\" content=\"Benedetto Fiori\" \/>\n\t<meta name=\"twitter:label2\" content=\"Tempo di lettura stimato\" \/>\n\t<meta name=\"twitter:data2\" content=\"2 minuti\" \/>\n<script type=\"application\/ld+json\" class=\"yoast-schema-graph\">{\"@context\":\"https:\/\/schema.org\",\"@graph\":[{\"@type\":\"Article\",\"@id\":\"https:\/\/socialdesignmagazine.com\/mag\/news\/design-news\/m12-ad-presenta-la-collezione-timo-al-salone-del-mobile-2016-tutti-gli-elementi-e-la-potenza-della-terra-pugliese\/#article\",\"isPartOf\":{\"@id\":\"https:\/\/socialdesignmagazine.com\/mag\/news\/design-news\/m12-ad-presenta-la-collezione-timo-al-salone-del-mobile-2016-tutti-gli-elementi-e-la-potenza-della-terra-pugliese\/\"},\"author\":{\"name\":\"Benedetto Fiori\",\"@id\":\"https:\/\/socialdesignmagazine.com\/mag\/#\/schema\/person\/61e20205cc363c315e6aabd33a045846\"},\"headline\":\"m12 AD presenta la collezione Timo al Salone del Mobile 2016, tutti gli elementi e la potenza della terra pugliese\",\"datePublished\":\"2016-04-05T08:00:44+00:00\",\"mainEntityOfPage\":{\"@id\":\"https:\/\/socialdesignmagazine.com\/mag\/news\/design-news\/m12-ad-presenta-la-collezione-timo-al-salone-del-mobile-2016-tutti-gli-elementi-e-la-potenza-della-terra-pugliese\/\"},\"wordCount\":332,\"commentCount\":0,\"publisher\":{\"@id\":\"https:\/\/socialdesignmagazine.com\/mag\/#organization\"},\"image\":{\"@id\":\"https:\/\/socialdesignmagazine.com\/mag\/news\/design-news\/m12-ad-presenta-la-collezione-timo-al-salone-del-mobile-2016-tutti-gli-elementi-e-la-potenza-della-terra-pugliese\/#primaryimage\"},\"thumbnailUrl\":\"https:\/\/socialdesignmagazine.com\/mag\/wp-content\/uploads\/2016\/04\/m12-collezione-Timo-design-Michelangelo-Olivieri-4.jpg\",\"keywords\":[\"fuorisalone 2016\",\"salone del mobile 2016\",\"sedia\"],\"articleSection\":[\"Design News\"],\"inLanguage\":\"it-IT\",\"potentialAction\":[{\"@type\":\"CommentAction\",\"name\":\"Comment\",\"target\":[\"https:\/\/socialdesignmagazine.com\/mag\/news\/design-news\/m12-ad-presenta-la-collezione-timo-al-salone-del-mobile-2016-tutti-gli-elementi-e-la-potenza-della-terra-pugliese\/#respond\"]}]},{\"@type\":\"WebPage\",\"@id\":\"https:\/\/socialdesignmagazine.com\/mag\/news\/design-news\/m12-ad-presenta-la-collezione-timo-al-salone-del-mobile-2016-tutti-gli-elementi-e-la-potenza-della-terra-pugliese\/\",\"url\":\"https:\/\/socialdesignmagazine.com\/mag\/news\/design-news\/m12-ad-presenta-la-collezione-timo-al-salone-del-mobile-2016-tutti-gli-elementi-e-la-potenza-della-terra-pugliese\/\",\"name\":\"m12 AD presenta la collezione Timo al Salone del Mobile 2016\",\"isPartOf\":{\"@id\":\"https:\/\/socialdesignmagazine.com\/mag\/#website\"},\"primaryImageOfPage\":{\"@id\":\"https:\/\/socialdesignmagazine.com\/mag\/news\/design-news\/m12-ad-presenta-la-collezione-timo-al-salone-del-mobile-2016-tutti-gli-elementi-e-la-potenza-della-terra-pugliese\/#primaryimage\"},\"image\":{\"@id\":\"https:\/\/socialdesignmagazine.com\/mag\/news\/design-news\/m12-ad-presenta-la-collezione-timo-al-salone-del-mobile-2016-tutti-gli-elementi-e-la-potenza-della-terra-pugliese\/#primaryimage\"},\"thumbnailUrl\":\"https:\/\/socialdesignmagazine.com\/mag\/wp-content\/uploads\/2016\/04\/m12-collezione-Timo-design-Michelangelo-Olivieri-4.jpg\",\"datePublished\":\"2016-04-05T08:00:44+00:00\",\"description\":\"m12 AD, debutta durante la settimana del design milanese con \u201cTimo\u201d, una collezione ispirata dalla potenza, mista all\u2019estrema dolcezza della terra di Puglia\",\"breadcrumb\":{\"@id\":\"https:\/\/socialdesignmagazine.com\/mag\/news\/design-news\/m12-ad-presenta-la-collezione-timo-al-salone-del-mobile-2016-tutti-gli-elementi-e-la-potenza-della-terra-pugliese\/#breadcrumb\"},\"inLanguage\":\"it-IT\",\"potentialAction\":[{\"@type\":\"ReadAction\",\"target\":[\"https:\/\/socialdesignmagazine.com\/mag\/news\/design-news\/m12-ad-presenta-la-collezione-timo-al-salone-del-mobile-2016-tutti-gli-elementi-e-la-potenza-della-terra-pugliese\/\"]}]},{\"@type\":\"ImageObject\",\"inLanguage\":\"it-IT\",\"@id\":\"https:\/\/socialdesignmagazine.com\/mag\/news\/design-news\/m12-ad-presenta-la-collezione-timo-al-salone-del-mobile-2016-tutti-gli-elementi-e-la-potenza-della-terra-pugliese\/#primaryimage\",\"url\":\"https:\/\/socialdesignmagazine.com\/mag\/wp-content\/uploads\/2016\/04\/m12-collezione-Timo-design-Michelangelo-Olivieri-4.jpg\",\"contentUrl\":\"https:\/\/socialdesignmagazine.com\/mag\/wp-content\/uploads\/2016\/04\/m12-collezione-Timo-design-Michelangelo-Olivieri-4.jpg\",\"width\":1200,\"height\":799,\"caption\":\"m12 sedia Timo\"},{\"@type\":\"BreadcrumbList\",\"@id\":\"https:\/\/socialdesignmagazine.com\/mag\/news\/design-news\/m12-ad-presenta-la-collezione-timo-al-salone-del-mobile-2016-tutti-gli-elementi-e-la-potenza-della-terra-pugliese\/#breadcrumb\",\"itemListElement\":[{\"@type\":\"ListItem\",\"position\":1,\"name\":\"Home\",\"item\":\"https:\/\/socialdesignmagazine.com\/mag\/\"},{\"@type\":\"ListItem\",\"position\":2,\"name\":\"News\",\"item\":\"https:\/\/socialdesignmagazine.com\/mag\/news\/\"},{\"@type\":\"ListItem\",\"position\":3,\"name\":\"Design News\",\"item\":\"https:\/\/socialdesignmagazine.com\/mag\/news\/design-news\/\"},{\"@type\":\"ListItem\",\"position\":4,\"name\":\"m12 AD presenta la collezione Timo al Salone del Mobile 2016, tutti gli elementi e la potenza della terra pugliese\"}]},{\"@type\":\"WebSite\",\"@id\":\"https:\/\/socialdesignmagazine.com\/mag\/#website\",\"url\":\"https:\/\/socialdesignmagazine.com\/mag\/\",\"name\":\"Social Design Magazine\",\"description\":\"Social Magazine su Design, Architettura, Arte, Grafica\",\"publisher\":{\"@id\":\"https:\/\/socialdesignmagazine.com\/mag\/#organization\"},\"potentialAction\":[{\"@type\":\"SearchAction\",\"target\":{\"@type\":\"EntryPoint\",\"urlTemplate\":\"https:\/\/socialdesignmagazine.com\/mag\/?s={search_term_string}\"},\"query-input\":{\"@type\":\"PropertyValueSpecification\",\"valueRequired\":true,\"valueName\":\"search_term_string\"}}],\"inLanguage\":\"it-IT\"},{\"@type\":\"Organization\",\"@id\":\"https:\/\/socialdesignmagazine.com\/mag\/#organization\",\"name\":\"Social Design Magazine\",\"url\":\"https:\/\/socialdesignmagazine.com\/mag\/\",\"logo\":{\"@type\":\"ImageObject\",\"inLanguage\":\"it-IT\",\"@id\":\"https:\/\/socialdesignmagazine.com\/mag\/#\/schema\/logo\/image\/\",\"url\":\"https:\/\/socialdesignmagazine.com\/mag\/wp-content\/uploads\/2017\/01\/logo_favicon_11.png\",\"contentUrl\":\"https:\/\/socialdesignmagazine.com\/mag\/wp-content\/uploads\/2017\/01\/logo_favicon_11.png\",\"width\":1024,\"height\":1024,\"caption\":\"Social Design Magazine\"},\"image\":{\"@id\":\"https:\/\/socialdesignmagazine.com\/mag\/#\/schema\/logo\/image\/\"},\"sameAs\":[\"https:\/\/www.facebook.com\/socialdesignmag\",\"https:\/\/x.com\/socialdesignmag\",\"http:\/\/instagram.com\/social_design_magazine\/\",\"http:\/\/pinterest.com\/socialdesignmag\/\",\"http:\/\/www.youtube.com\/user\/socialdesignmagazine\"]},{\"@type\":\"Person\",\"@id\":\"https:\/\/socialdesignmagazine.com\/mag\/#\/schema\/person\/61e20205cc363c315e6aabd33a045846\",\"name\":\"Benedetto Fiori\",\"image\":{\"@type\":\"ImageObject\",\"inLanguage\":\"it-IT\",\"@id\":\"https:\/\/secure.gravatar.com\/avatar\/450a48cefa36da63d920ad70aa660bd10725b1c6093800242e5efdb397759033?s=96&d=mm&r=g\",\"url\":\"https:\/\/secure.gravatar.com\/avatar\/450a48cefa36da63d920ad70aa660bd10725b1c6093800242e5efdb397759033?s=96&d=mm&r=g\",\"contentUrl\":\"https:\/\/secure.gravatar.com\/avatar\/450a48cefa36da63d920ad70aa660bd10725b1c6093800242e5efdb397759033?s=96&d=mm&r=g\",\"caption\":\"Benedetto Fiori\"},\"description\":\"Web | Twitter | Facebook | Shutterstock Founder &amp; Editor in Chief di Social Design Magazine. Attratto da sempre da tutto ci\u00f2 che \u00e8 creativit\u00e0, design, architettura. Dopo aver studiato Architettura all'Universit\u00e0 di Firenze, si \u00e8 impegnato in molteplici campi: comunicazione grafica, progettazione di allestimenti fieristici, brand design, Interior Design.\",\"sameAs\":[\"http:\/\/benedettofiori.com\",\"https:\/\/www.facebook.com\/benedettofiori\",\"https:\/\/x.com\/benedettofiori\"],\"url\":\"https:\/\/socialdesignmagazine.com\/mag\/author\/benedetto\/\"}]}<\/script>\n<!-- \/ Yoast SEO plugin. -->","yoast_head_json":{"title":"m12 AD presenta la collezione Timo al Salone del Mobile 2016","description":"m12 AD, debutta durante la settimana del design milanese con \u201cTimo\u201d, una collezione ispirata dalla potenza, mista all\u2019estrema dolcezza della terra di Puglia","robots":{"index":"index","follow":"follow","max-snippet":"max-snippet:-1","max-image-preview":"max-image-preview:large","max-video-preview":"max-video-preview:-1"},"canonical":"https:\/\/socialdesignmagazine.com\/mag\/news\/design-news\/m12-ad-presenta-la-collezione-timo-al-salone-del-mobile-2016-tutti-gli-elementi-e-la-potenza-della-terra-pugliese\/","og_locale":"it_IT","og_type":"article","og_title":"m12 AD presenta la collezione Timo al Salone del Mobile 2016","og_description":"m12 AD, debutta durante la settimana del design milanese con \u201cTimo\u201d, una collezione ispirata dalla potenza, mista all\u2019estrema dolcezza della terra di Puglia","og_url":"https:\/\/socialdesignmagazine.com\/mag\/news\/design-news\/m12-ad-presenta-la-collezione-timo-al-salone-del-mobile-2016-tutti-gli-elementi-e-la-potenza-della-terra-pugliese\/","og_site_name":"Social Design Magazine","article_publisher":"https:\/\/www.facebook.com\/socialdesignmag","article_author":"https:\/\/www.facebook.com\/benedettofiori","article_published_time":"2016-04-05T08:00:44+00:00","og_image":[{"width":1200,"height":799,"url":"https:\/\/socialdesignmagazine.com\/mag\/wp-content\/uploads\/2016\/04\/m12-collezione-Timo-design-Michelangelo-Olivieri-4.jpg","type":"image\/jpeg"}],"author":"Benedetto Fiori","twitter_card":"summary_large_image","twitter_creator":"@benedettofiori","twitter_site":"@socialdesignmag","twitter_misc":{"Scritto da":"Benedetto Fiori","Tempo di lettura stimato":"2 minuti"},"schema":{"@context":"https:\/\/schema.org","@graph":[{"@type":"Article","@id":"https:\/\/socialdesignmagazine.com\/mag\/news\/design-news\/m12-ad-presenta-la-collezione-timo-al-salone-del-mobile-2016-tutti-gli-elementi-e-la-potenza-della-terra-pugliese\/#article","isPartOf":{"@id":"https:\/\/socialdesignmagazine.com\/mag\/news\/design-news\/m12-ad-presenta-la-collezione-timo-al-salone-del-mobile-2016-tutti-gli-elementi-e-la-potenza-della-terra-pugliese\/"},"author":{"name":"Benedetto Fiori","@id":"https:\/\/socialdesignmagazine.com\/mag\/#\/schema\/person\/61e20205cc363c315e6aabd33a045846"},"headline":"m12 AD presenta la collezione Timo al Salone del Mobile 2016, tutti gli elementi e la potenza della terra pugliese","datePublished":"2016-04-05T08:00:44+00:00","mainEntityOfPage":{"@id":"https:\/\/socialdesignmagazine.com\/mag\/news\/design-news\/m12-ad-presenta-la-collezione-timo-al-salone-del-mobile-2016-tutti-gli-elementi-e-la-potenza-della-terra-pugliese\/"},"wordCount":332,"commentCount":0,"publisher":{"@id":"https:\/\/socialdesignmagazine.com\/mag\/#organization"},"image":{"@id":"https:\/\/socialdesignmagazine.com\/mag\/news\/design-news\/m12-ad-presenta-la-collezione-timo-al-salone-del-mobile-2016-tutti-gli-elementi-e-la-potenza-della-terra-pugliese\/#primaryimage"},"thumbnailUrl":"https:\/\/socialdesignmagazine.com\/mag\/wp-content\/uploads\/2016\/04\/m12-collezione-Timo-design-Michelangelo-Olivieri-4.jpg","keywords":["fuorisalone 2016","salone del mobile 2016","sedia"],"articleSection":["Design News"],"inLanguage":"it-IT","potentialAction":[{"@type":"CommentAction","name":"Comment","target":["https:\/\/socialdesignmagazine.com\/mag\/news\/design-news\/m12-ad-presenta-la-collezione-timo-al-salone-del-mobile-2016-tutti-gli-elementi-e-la-potenza-della-terra-pugliese\/#respond"]}]},{"@type":"WebPage","@id":"https:\/\/socialdesignmagazine.com\/mag\/news\/design-news\/m12-ad-presenta-la-collezione-timo-al-salone-del-mobile-2016-tutti-gli-elementi-e-la-potenza-della-terra-pugliese\/","url":"https:\/\/socialdesignmagazine.com\/mag\/news\/design-news\/m12-ad-presenta-la-collezione-timo-al-salone-del-mobile-2016-tutti-gli-elementi-e-la-potenza-della-terra-pugliese\/","name":"m12 AD presenta la collezione Timo al Salone del Mobile 2016","isPartOf":{"@id":"https:\/\/socialdesignmagazine.com\/mag\/#website"},"primaryImageOfPage":{"@id":"https:\/\/socialdesignmagazine.com\/mag\/news\/design-news\/m12-ad-presenta-la-collezione-timo-al-salone-del-mobile-2016-tutti-gli-elementi-e-la-potenza-della-terra-pugliese\/#primaryimage"},"image":{"@id":"https:\/\/socialdesignmagazine.com\/mag\/news\/design-news\/m12-ad-presenta-la-collezione-timo-al-salone-del-mobile-2016-tutti-gli-elementi-e-la-potenza-della-terra-pugliese\/#primaryimage"},"thumbnailUrl":"https:\/\/socialdesignmagazine.com\/mag\/wp-content\/uploads\/2016\/04\/m12-collezione-Timo-design-Michelangelo-Olivieri-4.jpg","datePublished":"2016-04-05T08:00:44+00:00","description":"m12 AD, debutta durante la settimana del design milanese con \u201cTimo\u201d, una collezione ispirata dalla potenza, mista all\u2019estrema dolcezza della terra di Puglia","breadcrumb":{"@id":"https:\/\/socialdesignmagazine.com\/mag\/news\/design-news\/m12-ad-presenta-la-collezione-timo-al-salone-del-mobile-2016-tutti-gli-elementi-e-la-potenza-della-terra-pugliese\/#breadcrumb"},"inLanguage":"it-IT","potentialAction":[{"@type":"ReadAction","target":["https:\/\/socialdesignmagazine.com\/mag\/news\/design-news\/m12-ad-presenta-la-collezione-timo-al-salone-del-mobile-2016-tutti-gli-elementi-e-la-potenza-della-terra-pugliese\/"]}]},{"@type":"ImageObject","inLanguage":"it-IT","@id":"https:\/\/socialdesignmagazine.com\/mag\/news\/design-news\/m12-ad-presenta-la-collezione-timo-al-salone-del-mobile-2016-tutti-gli-elementi-e-la-potenza-della-terra-pugliese\/#primaryimage","url":"https:\/\/socialdesignmagazine.com\/mag\/wp-content\/uploads\/2016\/04\/m12-collezione-Timo-design-Michelangelo-Olivieri-4.jpg","contentUrl":"https:\/\/socialdesignmagazine.com\/mag\/wp-content\/uploads\/2016\/04\/m12-collezione-Timo-design-Michelangelo-Olivieri-4.jpg","width":1200,"height":799,"caption":"m12 sedia Timo"},{"@type":"BreadcrumbList","@id":"https:\/\/socialdesignmagazine.com\/mag\/news\/design-news\/m12-ad-presenta-la-collezione-timo-al-salone-del-mobile-2016-tutti-gli-elementi-e-la-potenza-della-terra-pugliese\/#breadcrumb","itemListElement":[{"@type":"ListItem","position":1,"name":"Home","item":"https:\/\/socialdesignmagazine.com\/mag\/"},{"@type":"ListItem","position":2,"name":"News","item":"https:\/\/socialdesignmagazine.com\/mag\/news\/"},{"@type":"ListItem","position":3,"name":"Design News","item":"https:\/\/socialdesignmagazine.com\/mag\/news\/design-news\/"},{"@type":"ListItem","position":4,"name":"m12 AD presenta la collezione Timo al Salone del Mobile 2016, tutti gli elementi e la potenza della terra pugliese"}]},{"@type":"WebSite","@id":"https:\/\/socialdesignmagazine.com\/mag\/#website","url":"https:\/\/socialdesignmagazine.com\/mag\/","name":"Social Design Magazine","description":"Social Magazine su Design, Architettura, Arte, Grafica","publisher":{"@id":"https:\/\/socialdesignmagazine.com\/mag\/#organization"},"potentialAction":[{"@type":"SearchAction","target":{"@type":"EntryPoint","urlTemplate":"https:\/\/socialdesignmagazine.com\/mag\/?s={search_term_string}"},"query-input":{"@type":"PropertyValueSpecification","valueRequired":true,"valueName":"search_term_string"}}],"inLanguage":"it-IT"},{"@type":"Organization","@id":"https:\/\/socialdesignmagazine.com\/mag\/#organization","name":"Social Design Magazine","url":"https:\/\/socialdesignmagazine.com\/mag\/","logo":{"@type":"ImageObject","inLanguage":"it-IT","@id":"https:\/\/socialdesignmagazine.com\/mag\/#\/schema\/logo\/image\/","url":"https:\/\/socialdesignmagazine.com\/mag\/wp-content\/uploads\/2017\/01\/logo_favicon_11.png","contentUrl":"https:\/\/socialdesignmagazine.com\/mag\/wp-content\/uploads\/2017\/01\/logo_favicon_11.png","width":1024,"height":1024,"caption":"Social Design Magazine"},"image":{"@id":"https:\/\/socialdesignmagazine.com\/mag\/#\/schema\/logo\/image\/"},"sameAs":["https:\/\/www.facebook.com\/socialdesignmag","https:\/\/x.com\/socialdesignmag","http:\/\/instagram.com\/social_design_magazine\/","http:\/\/pinterest.com\/socialdesignmag\/","http:\/\/www.youtube.com\/user\/socialdesignmagazine"]},{"@type":"Person","@id":"https:\/\/socialdesignmagazine.com\/mag\/#\/schema\/person\/61e20205cc363c315e6aabd33a045846","name":"Benedetto Fiori","image":{"@type":"ImageObject","inLanguage":"it-IT","@id":"https:\/\/secure.gravatar.com\/avatar\/450a48cefa36da63d920ad70aa660bd10725b1c6093800242e5efdb397759033?s=96&d=mm&r=g","url":"https:\/\/secure.gravatar.com\/avatar\/450a48cefa36da63d920ad70aa660bd10725b1c6093800242e5efdb397759033?s=96&d=mm&r=g","contentUrl":"https:\/\/secure.gravatar.com\/avatar\/450a48cefa36da63d920ad70aa660bd10725b1c6093800242e5efdb397759033?s=96&d=mm&r=g","caption":"Benedetto Fiori"},"description":"Web | Twitter | Facebook | Shutterstock Founder &amp; Editor in Chief di Social Design Magazine. Attratto da sempre da tutto ci\u00f2 che \u00e8 creativit\u00e0, design, architettura. Dopo aver studiato Architettura all'Universit\u00e0 di Firenze, si \u00e8 impegnato in molteplici campi: comunicazione grafica, progettazione di allestimenti fieristici, brand design, Interior Design.","sameAs":["http:\/\/benedettofiori.com","https:\/\/www.facebook.com\/benedettofiori","https:\/\/x.com\/benedettofiori"],"url":"https:\/\/socialdesignmagazine.com\/mag\/author\/benedetto\/"}]}},"jetpack_featured_media_url":"https:\/\/socialdesignmagazine.com\/mag\/wp-content\/uploads\/2016\/04\/m12-collezione-Timo-design-Michelangelo-Olivieri-4.jpg","jetpack_sharing_enabled":true,"jetpack_shortlink":"https:\/\/wp.me\/p6cV7V-7he","gt_translate_keys":[{"key":"link","format":"url"}],"_links":{"self":[{"href":"https:\/\/socialdesignmagazine.com\/mag\/wp-json\/wp\/v2\/posts\/27976","targetHints":{"allow":["GET"]}}],"collection":[{"href":"https:\/\/socialdesignmagazine.com\/mag\/wp-json\/wp\/v2\/posts"}],"about":[{"href":"https:\/\/socialdesignmagazine.com\/mag\/wp-json\/wp\/v2\/types\/post"}],"author":[{"embeddable":true,"href":"https:\/\/socialdesignmagazine.com\/mag\/wp-json\/wp\/v2\/users\/1"}],"replies":[{"embeddable":true,"href":"https:\/\/socialdesignmagazine.com\/mag\/wp-json\/wp\/v2\/comments?post=27976"}],"version-history":[{"count":2,"href":"https:\/\/socialdesignmagazine.com\/mag\/wp-json\/wp\/v2\/posts\/27976\/revisions"}],"predecessor-version":[{"id":27982,"href":"https:\/\/socialdesignmagazine.com\/mag\/wp-json\/wp\/v2\/posts\/27976\/revisions\/27982"}],"wp:featuredmedia":[{"embeddable":true,"href":"https:\/\/socialdesignmagazine.com\/mag\/wp-json\/wp\/v2\/media\/27981"}],"wp:attachment":[{"href":"https:\/\/socialdesignmagazine.com\/mag\/wp-json\/wp\/v2\/media?parent=27976"}],"wp:term":[{"taxonomy":"category","embeddable":true,"href":"https:\/\/socialdesignmagazine.com\/mag\/wp-json\/wp\/v2\/categories?post=27976"},{"taxonomy":"post_tag","embeddable":true,"href":"https:\/\/socialdesignmagazine.com\/mag\/wp-json\/wp\/v2\/tags?post=27976"}],"curies":[{"name":"wp","href":"https:\/\/api.w.org\/{rel}","templated":true}]}}