{"id":28089,"date":"2016-04-09T14:00:39","date_gmt":"2016-04-09T12:00:39","guid":{"rendered":"https:\/\/socialdesignmagazine.com\/mag\/?p=28089"},"modified":"2016-04-09T00:53:06","modified_gmt":"2016-04-08T22:53:06","slug":"collezione-earthlands-by-angela-ardisson","status":"publish","type":"post","link":"https:\/\/socialdesignmagazine.com\/mag\/news\/design-news\/collezione-earthlands-by-angela-ardisson\/","title":{"rendered":"Collezione EARTHLANDS by Angela Ardisson","gt_translate_keys":[{"key":"rendered","format":"text"}]},"content":{"rendered":"<h2>Dal 12 al 17 aprile 2016, la galleria <a rel=\"nofollow\" href=\"http:\/\/spazioborgogno.com\">Spazioborgogno<\/a> in Ripa di Porta Ticinese 113 a Milano ospita l\u2019ultimo lavoro dell\u2019art designer <a rel=\"nofollow\" href=\"http:\/\/www.artplayfactory.com\/\">Angela Ardisson<\/a>.<\/h2>\n<p>EARTHLANDS sono le infinite espressioni della texture creata dalla fusione di pi\u00f9 metalli insieme,\u00a0ossidati e colati fra loro, che generano segni e disegni evocando paesaggi senza tempo.<\/p>\n<p>I trattamenti organici realizzati sulle opere, sono frutto di molti anni di sperimentazione.\u00a0Il metallo \u00e8 materia strutturale, utilizzata per costruire forme essenziali e funzionali, scarne di qualsiasi\u00a0eccesso costruttivo, fedeli al proprio ruolo.<\/p>\n<p>Sono la libreria auto-portante, il tavolo living, le sedie e le luci.\u00a0Un progetto senza virtuosismi nel quale l&#8217;art designer Angela Ardisson prende parte come cadenza iniziale,\u00a0lasciando che siano i metalli stessi a trasformarsi tra loro e a reagire naturalmente.<\/p>\n<p>L\u2019espressione spontanea e incontrollata delle tonalit\u00e0 cromatiche sempre differenti l\u2019una dalle altre,\u00a0identificano ciascun arredo come unico, sebbene Earthlands sia una collezione \u2018in produzione\u2019.<\/p>\n<p>In occasione del fuori salone, \u00e8 possibile vedere la scultura di luce Lais, prodotta da Baxter\u00a0in ottone e led, nel Baxter Cinema in Largo Augusto a Milano.<\/p>\n<div id=\"attachment_28094\" style=\"width: 1210px\" class=\"wp-caption alignnone\"><img loading=\"lazy\" decoding=\"async\" aria-describedby=\"caption-attachment-28094\" data-attachment-id=\"28094\" data-permalink=\"https:\/\/socialdesignmagazine.com\/mag\/news\/design-news\/collezione-earthlands-by-angela-ardisson\/attachment\/earthlands-prima-ph-pietro-privitera-4\/#content\" data-orig-file=\"https:\/\/socialdesignmagazine.com\/mag\/wp-content\/uploads\/2016\/04\/EARTHLANDS-PRIMA-ph-Pietro-Privitera-4.jpg\" data-orig-size=\"1200,900\" data-comments-opened=\"1\" data-image-meta=\"{&quot;aperture&quot;:&quot;0&quot;,&quot;credit&quot;:&quot;&quot;,&quot;camera&quot;:&quot;&quot;,&quot;caption&quot;:&quot;&quot;,&quot;created_timestamp&quot;:&quot;0&quot;,&quot;copyright&quot;:&quot;&quot;,&quot;focal_length&quot;:&quot;0&quot;,&quot;iso&quot;:&quot;0&quot;,&quot;shutter_speed&quot;:&quot;0&quot;,&quot;title&quot;:&quot;&quot;,&quot;orientation&quot;:&quot;0&quot;}\" data-image-title=\"EARTHLANDS PRIMA ph Pietro Privitera 4\" data-image-description=\"\" data-image-caption=\"&lt;p&gt;EARTHLANDS PRIMA ph Pietro Privitera&lt;\/p&gt;\n\" data-medium-file=\"https:\/\/socialdesignmagazine.com\/mag\/wp-content\/uploads\/2016\/04\/EARTHLANDS-PRIMA-ph-Pietro-Privitera-4-396x256.jpg\" data-large-file=\"https:\/\/socialdesignmagazine.com\/mag\/wp-content\/uploads\/2016\/04\/EARTHLANDS-PRIMA-ph-Pietro-Privitera-4-1024x768.jpg\" class=\"size-full wp-image-28094\" src=\"https:\/\/socialdesignmagazine.com\/mag\/wp-content\/uploads\/2016\/04\/EARTHLANDS-PRIMA-ph-Pietro-Privitera-4.jpg\" alt=\"EARTHLANDS PRIMA ph Pietro Privitera\" width=\"1200\" height=\"900\" srcset=\"https:\/\/socialdesignmagazine.com\/mag\/wp-content\/uploads\/2016\/04\/EARTHLANDS-PRIMA-ph-Pietro-Privitera-4.jpg 1200w, https:\/\/socialdesignmagazine.com\/mag\/wp-content\/uploads\/2016\/04\/EARTHLANDS-PRIMA-ph-Pietro-Privitera-4-768x576.jpg 768w, https:\/\/socialdesignmagazine.com\/mag\/wp-content\/uploads\/2016\/04\/EARTHLANDS-PRIMA-ph-Pietro-Privitera-4-1024x768.jpg 1024w\" sizes=\"auto, (max-width: 1200px) 100vw, 1200px\" \/><p id=\"caption-attachment-28094\" class=\"wp-caption-text\">EARTHLANDS PRIMA ph Pietro Privitera<\/p><\/div>\n<div id=\"attachment_28093\" style=\"width: 1210px\" class=\"wp-caption alignnone\"><img loading=\"lazy\" decoding=\"async\" aria-describedby=\"caption-attachment-28093\" data-attachment-id=\"28093\" data-permalink=\"https:\/\/socialdesignmagazine.com\/mag\/news\/design-news\/collezione-earthlands-by-angela-ardisson\/attachment\/earthlands-prima-ph-pietro-privitera-3\/#content\" data-orig-file=\"https:\/\/socialdesignmagazine.com\/mag\/wp-content\/uploads\/2016\/04\/EARTHLANDS-PRIMA-ph-Pietro-Privitera-3.jpg\" data-orig-size=\"1200,1197\" data-comments-opened=\"1\" data-image-meta=\"{&quot;aperture&quot;:&quot;0&quot;,&quot;credit&quot;:&quot;&quot;,&quot;camera&quot;:&quot;&quot;,&quot;caption&quot;:&quot;&quot;,&quot;created_timestamp&quot;:&quot;0&quot;,&quot;copyright&quot;:&quot;&quot;,&quot;focal_length&quot;:&quot;0&quot;,&quot;iso&quot;:&quot;0&quot;,&quot;shutter_speed&quot;:&quot;0&quot;,&quot;title&quot;:&quot;&quot;,&quot;orientation&quot;:&quot;0&quot;}\" data-image-title=\"EARTHLANDS PRIMA ph Pietro Privitera 3\" data-image-description=\"\" data-image-caption=\"&lt;p&gt;EARTHLANDS PRIMA ph Pietro Privitera&lt;\/p&gt;\n\" data-medium-file=\"https:\/\/socialdesignmagazine.com\/mag\/wp-content\/uploads\/2016\/04\/EARTHLANDS-PRIMA-ph-Pietro-Privitera-3-396x256.jpg\" data-large-file=\"https:\/\/socialdesignmagazine.com\/mag\/wp-content\/uploads\/2016\/04\/EARTHLANDS-PRIMA-ph-Pietro-Privitera-3-1024x1021.jpg\" class=\"size-full wp-image-28093\" src=\"https:\/\/socialdesignmagazine.com\/mag\/wp-content\/uploads\/2016\/04\/EARTHLANDS-PRIMA-ph-Pietro-Privitera-3.jpg\" alt=\"EARTHLANDS PRIMA ph Pietro Privitera\" width=\"1200\" height=\"1197\" srcset=\"https:\/\/socialdesignmagazine.com\/mag\/wp-content\/uploads\/2016\/04\/EARTHLANDS-PRIMA-ph-Pietro-Privitera-3.jpg 1200w, https:\/\/socialdesignmagazine.com\/mag\/wp-content\/uploads\/2016\/04\/EARTHLANDS-PRIMA-ph-Pietro-Privitera-3-768x766.jpg 768w, https:\/\/socialdesignmagazine.com\/mag\/wp-content\/uploads\/2016\/04\/EARTHLANDS-PRIMA-ph-Pietro-Privitera-3-1024x1021.jpg 1024w, https:\/\/socialdesignmagazine.com\/mag\/wp-content\/uploads\/2016\/04\/EARTHLANDS-PRIMA-ph-Pietro-Privitera-3-65x65.jpg 65w\" sizes=\"auto, (max-width: 1200px) 100vw, 1200px\" \/><p id=\"caption-attachment-28093\" class=\"wp-caption-text\">EARTHLANDS PRIMA ph Pietro Privitera<\/p><\/div>\n<div id=\"attachment_28092\" style=\"width: 1210px\" class=\"wp-caption alignnone\"><img loading=\"lazy\" decoding=\"async\" aria-describedby=\"caption-attachment-28092\" data-attachment-id=\"28092\" data-permalink=\"https:\/\/socialdesignmagazine.com\/mag\/news\/design-news\/collezione-earthlands-by-angela-ardisson\/attachment\/earthlands-prima-ph-pietro-privitera-2\/#content\" data-orig-file=\"https:\/\/socialdesignmagazine.com\/mag\/wp-content\/uploads\/2016\/04\/EARTHLANDS-PRIMA-ph-Pietro-Privitera-2.jpg\" data-orig-size=\"1200,1600\" data-comments-opened=\"1\" data-image-meta=\"{&quot;aperture&quot;:&quot;0&quot;,&quot;credit&quot;:&quot;&quot;,&quot;camera&quot;:&quot;&quot;,&quot;caption&quot;:&quot;&quot;,&quot;created_timestamp&quot;:&quot;0&quot;,&quot;copyright&quot;:&quot;&quot;,&quot;focal_length&quot;:&quot;0&quot;,&quot;iso&quot;:&quot;0&quot;,&quot;shutter_speed&quot;:&quot;0&quot;,&quot;title&quot;:&quot;&quot;,&quot;orientation&quot;:&quot;0&quot;}\" data-image-title=\"EARTHLANDS PRIMA ph Pietro Privitera 2\" data-image-description=\"\" data-image-caption=\"&lt;p&gt;EARTHLANDS PRIMA ph Pietro Privitera&lt;\/p&gt;\n\" data-medium-file=\"https:\/\/socialdesignmagazine.com\/mag\/wp-content\/uploads\/2016\/04\/EARTHLANDS-PRIMA-ph-Pietro-Privitera-2-396x256.jpg\" data-large-file=\"https:\/\/socialdesignmagazine.com\/mag\/wp-content\/uploads\/2016\/04\/EARTHLANDS-PRIMA-ph-Pietro-Privitera-2-1024x1365.jpg\" class=\"size-full wp-image-28092\" src=\"https:\/\/socialdesignmagazine.com\/mag\/wp-content\/uploads\/2016\/04\/EARTHLANDS-PRIMA-ph-Pietro-Privitera-2.jpg\" alt=\"EARTHLANDS PRIMA ph Pietro Privitera\" width=\"1200\" height=\"1600\" srcset=\"https:\/\/socialdesignmagazine.com\/mag\/wp-content\/uploads\/2016\/04\/EARTHLANDS-PRIMA-ph-Pietro-Privitera-2.jpg 1200w, https:\/\/socialdesignmagazine.com\/mag\/wp-content\/uploads\/2016\/04\/EARTHLANDS-PRIMA-ph-Pietro-Privitera-2-768x1024.jpg 768w, https:\/\/socialdesignmagazine.com\/mag\/wp-content\/uploads\/2016\/04\/EARTHLANDS-PRIMA-ph-Pietro-Privitera-2-1024x1365.jpg 1024w\" sizes=\"auto, (max-width: 1200px) 100vw, 1200px\" \/><p id=\"caption-attachment-28092\" class=\"wp-caption-text\">EARTHLANDS PRIMA ph Pietro Privitera<\/p><\/div>\n<div id=\"attachment_28091\" style=\"width: 1210px\" class=\"wp-caption alignnone\"><img loading=\"lazy\" decoding=\"async\" aria-describedby=\"caption-attachment-28091\" data-attachment-id=\"28091\" data-permalink=\"https:\/\/socialdesignmagazine.com\/mag\/news\/design-news\/collezione-earthlands-by-angela-ardisson\/attachment\/earthlands-prima-ph-pietro-privitera-1\/#content\" data-orig-file=\"https:\/\/socialdesignmagazine.com\/mag\/wp-content\/uploads\/2016\/04\/EARTHLANDS-PRIMA-ph-Pietro-Privitera-1.jpg\" data-orig-size=\"1200,1600\" data-comments-opened=\"1\" data-image-meta=\"{&quot;aperture&quot;:&quot;0&quot;,&quot;credit&quot;:&quot;&quot;,&quot;camera&quot;:&quot;&quot;,&quot;caption&quot;:&quot;&quot;,&quot;created_timestamp&quot;:&quot;0&quot;,&quot;copyright&quot;:&quot;&quot;,&quot;focal_length&quot;:&quot;0&quot;,&quot;iso&quot;:&quot;0&quot;,&quot;shutter_speed&quot;:&quot;0&quot;,&quot;title&quot;:&quot;&quot;,&quot;orientation&quot;:&quot;0&quot;}\" data-image-title=\"EARTHLANDS PRIMA ph Pietro Privitera 1\" data-image-description=\"\" data-image-caption=\"&lt;p&gt;EARTHLANDS PRIMA ph Pietro Privitera&lt;\/p&gt;\n\" data-medium-file=\"https:\/\/socialdesignmagazine.com\/mag\/wp-content\/uploads\/2016\/04\/EARTHLANDS-PRIMA-ph-Pietro-Privitera-1-396x256.jpg\" data-large-file=\"https:\/\/socialdesignmagazine.com\/mag\/wp-content\/uploads\/2016\/04\/EARTHLANDS-PRIMA-ph-Pietro-Privitera-1-1024x1365.jpg\" class=\"size-full wp-image-28091\" src=\"https:\/\/socialdesignmagazine.com\/mag\/wp-content\/uploads\/2016\/04\/EARTHLANDS-PRIMA-ph-Pietro-Privitera-1.jpg\" alt=\"EARTHLANDS PRIMA ph Pietro Privitera\" width=\"1200\" height=\"1600\" srcset=\"https:\/\/socialdesignmagazine.com\/mag\/wp-content\/uploads\/2016\/04\/EARTHLANDS-PRIMA-ph-Pietro-Privitera-1.jpg 1200w, https:\/\/socialdesignmagazine.com\/mag\/wp-content\/uploads\/2016\/04\/EARTHLANDS-PRIMA-ph-Pietro-Privitera-1-768x1024.jpg 768w, https:\/\/socialdesignmagazine.com\/mag\/wp-content\/uploads\/2016\/04\/EARTHLANDS-PRIMA-ph-Pietro-Privitera-1-1024x1365.jpg 1024w\" sizes=\"auto, (max-width: 1200px) 100vw, 1200px\" \/><p id=\"caption-attachment-28091\" class=\"wp-caption-text\">EARTHLANDS PRIMA ph Pietro Privitera<\/p><\/div>\n<div id=\"attachment_28095\" style=\"width: 1210px\" class=\"wp-caption alignnone\"><img loading=\"lazy\" decoding=\"async\" aria-describedby=\"caption-attachment-28095\" data-attachment-id=\"28095\" data-permalink=\"https:\/\/socialdesignmagazine.com\/mag\/news\/design-news\/collezione-earthlands-by-angela-ardisson\/attachment\/earthlands-prima-ph-pietro-privitera-5\/#content\" data-orig-file=\"https:\/\/socialdesignmagazine.com\/mag\/wp-content\/uploads\/2016\/04\/EARTHLANDS-PRIMA-ph-Pietro-Privitera-5.jpg\" data-orig-size=\"1200,1600\" data-comments-opened=\"1\" data-image-meta=\"{&quot;aperture&quot;:&quot;0&quot;,&quot;credit&quot;:&quot;&quot;,&quot;camera&quot;:&quot;&quot;,&quot;caption&quot;:&quot;&quot;,&quot;created_timestamp&quot;:&quot;0&quot;,&quot;copyright&quot;:&quot;&quot;,&quot;focal_length&quot;:&quot;0&quot;,&quot;iso&quot;:&quot;0&quot;,&quot;shutter_speed&quot;:&quot;0&quot;,&quot;title&quot;:&quot;&quot;,&quot;orientation&quot;:&quot;0&quot;}\" data-image-title=\"EARTHLANDS PRIMA ph Pietro Privitera 5\" data-image-description=\"\" data-image-caption=\"&lt;p&gt;EARTHLANDS PRIMA ph Pietro Privitera&lt;\/p&gt;\n\" data-medium-file=\"https:\/\/socialdesignmagazine.com\/mag\/wp-content\/uploads\/2016\/04\/EARTHLANDS-PRIMA-ph-Pietro-Privitera-5-396x256.jpg\" data-large-file=\"https:\/\/socialdesignmagazine.com\/mag\/wp-content\/uploads\/2016\/04\/EARTHLANDS-PRIMA-ph-Pietro-Privitera-5-1024x1365.jpg\" class=\"size-full wp-image-28095\" src=\"https:\/\/socialdesignmagazine.com\/mag\/wp-content\/uploads\/2016\/04\/EARTHLANDS-PRIMA-ph-Pietro-Privitera-5.jpg\" alt=\"EARTHLANDS PRIMA ph Pietro Privitera\" width=\"1200\" height=\"1600\" srcset=\"https:\/\/socialdesignmagazine.com\/mag\/wp-content\/uploads\/2016\/04\/EARTHLANDS-PRIMA-ph-Pietro-Privitera-5.jpg 1200w, https:\/\/socialdesignmagazine.com\/mag\/wp-content\/uploads\/2016\/04\/EARTHLANDS-PRIMA-ph-Pietro-Privitera-5-768x1024.jpg 768w, https:\/\/socialdesignmagazine.com\/mag\/wp-content\/uploads\/2016\/04\/EARTHLANDS-PRIMA-ph-Pietro-Privitera-5-1024x1365.jpg 1024w\" sizes=\"auto, (max-width: 1200px) 100vw, 1200px\" \/><p id=\"caption-attachment-28095\" class=\"wp-caption-text\">EARTHLANDS PRIMA ph Pietro Privitera<\/p><\/div>\n<div id=\"attachment_28096\" style=\"width: 1210px\" class=\"wp-caption alignnone\"><img loading=\"lazy\" decoding=\"async\" aria-describedby=\"caption-attachment-28096\" data-attachment-id=\"28096\" data-permalink=\"https:\/\/socialdesignmagazine.com\/mag\/news\/design-news\/collezione-earthlands-by-angela-ardisson\/attachment\/earthlands-prima-ph-pietro-privitera-6\/#content\" data-orig-file=\"https:\/\/socialdesignmagazine.com\/mag\/wp-content\/uploads\/2016\/04\/EARTHLANDS-PRIMA-ph-Pietro-Privitera-6.jpg\" data-orig-size=\"1200,900\" data-comments-opened=\"1\" data-image-meta=\"{&quot;aperture&quot;:&quot;0&quot;,&quot;credit&quot;:&quot;&quot;,&quot;camera&quot;:&quot;&quot;,&quot;caption&quot;:&quot;&quot;,&quot;created_timestamp&quot;:&quot;0&quot;,&quot;copyright&quot;:&quot;&quot;,&quot;focal_length&quot;:&quot;0&quot;,&quot;iso&quot;:&quot;0&quot;,&quot;shutter_speed&quot;:&quot;0&quot;,&quot;title&quot;:&quot;&quot;,&quot;orientation&quot;:&quot;0&quot;}\" data-image-title=\"EARTHLANDS PRIMA ph Pietro Privitera 6\" data-image-description=\"\" data-image-caption=\"&lt;p&gt;EARTHLANDS PRIMA ph Pietro Privitera&lt;\/p&gt;\n\" data-medium-file=\"https:\/\/socialdesignmagazine.com\/mag\/wp-content\/uploads\/2016\/04\/EARTHLANDS-PRIMA-ph-Pietro-Privitera-6-396x256.jpg\" data-large-file=\"https:\/\/socialdesignmagazine.com\/mag\/wp-content\/uploads\/2016\/04\/EARTHLANDS-PRIMA-ph-Pietro-Privitera-6-1024x768.jpg\" class=\"size-full wp-image-28096\" src=\"https:\/\/socialdesignmagazine.com\/mag\/wp-content\/uploads\/2016\/04\/EARTHLANDS-PRIMA-ph-Pietro-Privitera-6.jpg\" alt=\"EARTHLANDS PRIMA ph Pietro Privitera\" width=\"1200\" height=\"900\" srcset=\"https:\/\/socialdesignmagazine.com\/mag\/wp-content\/uploads\/2016\/04\/EARTHLANDS-PRIMA-ph-Pietro-Privitera-6.jpg 1200w, https:\/\/socialdesignmagazine.com\/mag\/wp-content\/uploads\/2016\/04\/EARTHLANDS-PRIMA-ph-Pietro-Privitera-6-768x576.jpg 768w, https:\/\/socialdesignmagazine.com\/mag\/wp-content\/uploads\/2016\/04\/EARTHLANDS-PRIMA-ph-Pietro-Privitera-6-1024x768.jpg 1024w\" sizes=\"auto, (max-width: 1200px) 100vw, 1200px\" \/><p id=\"caption-attachment-28096\" class=\"wp-caption-text\">EARTHLANDS PRIMA ph Pietro Privitera<\/p><\/div>\n<div id=\"attachment_28097\" style=\"width: 1210px\" class=\"wp-caption alignnone\"><img loading=\"lazy\" decoding=\"async\" aria-describedby=\"caption-attachment-28097\" data-attachment-id=\"28097\" data-permalink=\"https:\/\/socialdesignmagazine.com\/mag\/news\/design-news\/collezione-earthlands-by-angela-ardisson\/attachment\/earthlands-prima-ph-pietro-privitera-7\/#content\" data-orig-file=\"https:\/\/socialdesignmagazine.com\/mag\/wp-content\/uploads\/2016\/04\/EARTHLANDS-PRIMA-ph-Pietro-Privitera-7.jpg\" data-orig-size=\"1200,1600\" data-comments-opened=\"1\" data-image-meta=\"{&quot;aperture&quot;:&quot;0&quot;,&quot;credit&quot;:&quot;&quot;,&quot;camera&quot;:&quot;&quot;,&quot;caption&quot;:&quot;&quot;,&quot;created_timestamp&quot;:&quot;0&quot;,&quot;copyright&quot;:&quot;&quot;,&quot;focal_length&quot;:&quot;0&quot;,&quot;iso&quot;:&quot;0&quot;,&quot;shutter_speed&quot;:&quot;0&quot;,&quot;title&quot;:&quot;&quot;,&quot;orientation&quot;:&quot;0&quot;}\" data-image-title=\"EARTHLANDS PRIMA ph Pietro Privitera 7\" data-image-description=\"\" data-image-caption=\"&lt;p&gt;EARTHLANDS PRIMA ph Pietro Privitera&lt;\/p&gt;\n\" data-medium-file=\"https:\/\/socialdesignmagazine.com\/mag\/wp-content\/uploads\/2016\/04\/EARTHLANDS-PRIMA-ph-Pietro-Privitera-7-396x256.jpg\" data-large-file=\"https:\/\/socialdesignmagazine.com\/mag\/wp-content\/uploads\/2016\/04\/EARTHLANDS-PRIMA-ph-Pietro-Privitera-7-1024x1365.jpg\" class=\"size-full wp-image-28097\" src=\"https:\/\/socialdesignmagazine.com\/mag\/wp-content\/uploads\/2016\/04\/EARTHLANDS-PRIMA-ph-Pietro-Privitera-7.jpg\" alt=\"EARTHLANDS PRIMA ph Pietro Privitera\" width=\"1200\" height=\"1600\" srcset=\"https:\/\/socialdesignmagazine.com\/mag\/wp-content\/uploads\/2016\/04\/EARTHLANDS-PRIMA-ph-Pietro-Privitera-7.jpg 1200w, https:\/\/socialdesignmagazine.com\/mag\/wp-content\/uploads\/2016\/04\/EARTHLANDS-PRIMA-ph-Pietro-Privitera-7-768x1024.jpg 768w, https:\/\/socialdesignmagazine.com\/mag\/wp-content\/uploads\/2016\/04\/EARTHLANDS-PRIMA-ph-Pietro-Privitera-7-1024x1365.jpg 1024w\" sizes=\"auto, (max-width: 1200px) 100vw, 1200px\" \/><p id=\"caption-attachment-28097\" class=\"wp-caption-text\">EARTHLANDS PRIMA ph Pietro Privitera<\/p><\/div>\n<div id=\"attachment_28098\" style=\"width: 1210px\" class=\"wp-caption alignnone\"><a href=\"https:\/\/socialdesignmagazine.com\/mag\/?attachment_id=28098#content\" rel=\"attachment wp-att-28098\"><img loading=\"lazy\" decoding=\"async\" aria-describedby=\"caption-attachment-28098\" data-attachment-id=\"28098\" data-permalink=\"https:\/\/socialdesignmagazine.com\/mag\/news\/design-news\/collezione-earthlands-by-angela-ardisson\/attachment\/earthlands-prima-ph-pietro-privitera-8\/#content\" data-orig-file=\"https:\/\/socialdesignmagazine.com\/mag\/wp-content\/uploads\/2016\/04\/EARTHLANDS-PRIMA-ph-Pietro-Privitera-8.jpg\" data-orig-size=\"1200,1591\" data-comments-opened=\"1\" data-image-meta=\"{&quot;aperture&quot;:&quot;0&quot;,&quot;credit&quot;:&quot;&quot;,&quot;camera&quot;:&quot;&quot;,&quot;caption&quot;:&quot;&quot;,&quot;created_timestamp&quot;:&quot;0&quot;,&quot;copyright&quot;:&quot;&quot;,&quot;focal_length&quot;:&quot;0&quot;,&quot;iso&quot;:&quot;0&quot;,&quot;shutter_speed&quot;:&quot;0&quot;,&quot;title&quot;:&quot;&quot;,&quot;orientation&quot;:&quot;0&quot;}\" data-image-title=\"EARTHLANDS PRIMA ph Pietro Privitera 8\" data-image-description=\"\" data-image-caption=\"&lt;p&gt;EARTHLANDS PRIMA ph Pietro Privitera&lt;\/p&gt;\n\" data-medium-file=\"https:\/\/socialdesignmagazine.com\/mag\/wp-content\/uploads\/2016\/04\/EARTHLANDS-PRIMA-ph-Pietro-Privitera-8-396x256.jpg\" data-large-file=\"https:\/\/socialdesignmagazine.com\/mag\/wp-content\/uploads\/2016\/04\/EARTHLANDS-PRIMA-ph-Pietro-Privitera-8-1024x1358.jpg\" class=\"size-full wp-image-28098\" src=\"https:\/\/socialdesignmagazine.com\/mag\/wp-content\/uploads\/2016\/04\/EARTHLANDS-PRIMA-ph-Pietro-Privitera-8.jpg\" alt=\"EARTHLANDS PRIMA ph Pietro Privitera\" width=\"1200\" height=\"1591\" srcset=\"https:\/\/socialdesignmagazine.com\/mag\/wp-content\/uploads\/2016\/04\/EARTHLANDS-PRIMA-ph-Pietro-Privitera-8.jpg 1200w, https:\/\/socialdesignmagazine.com\/mag\/wp-content\/uploads\/2016\/04\/EARTHLANDS-PRIMA-ph-Pietro-Privitera-8-768x1018.jpg 768w, https:\/\/socialdesignmagazine.com\/mag\/wp-content\/uploads\/2016\/04\/EARTHLANDS-PRIMA-ph-Pietro-Privitera-8-1024x1358.jpg 1024w\" sizes=\"auto, (max-width: 1200px) 100vw, 1200px\" \/><\/a><p id=\"caption-attachment-28098\" class=\"wp-caption-text\">EARTHLANDS PRIMA ph Pietro Privitera<\/p><\/div>\n","protected":false,"gt_translate_keys":[{"key":"rendered","format":"html"}]},"excerpt":{"rendered":"<p>la galleria Spazioborgogno in Ripa di Porta Ticinese 113 a Milano ospita la collezione EARTHLANDS l\u2019ultimo lavoro dell\u2019art designer Angela Ardisson.<\/p>\n","protected":false,"gt_translate_keys":[{"key":"rendered","format":"html"}]},"author":1,"featured_media":28090,"comment_status":"open","ping_status":"open","sticky":false,"template":"","format":"standard","meta":{"jetpack_post_was_ever_published":false,"_jetpack_newsletter_access":"","_jetpack_dont_email_post_to_subs":false,"_jetpack_newsletter_tier_id":0,"_jetpack_memberships_contains_paywalled_content":false,"_jetpack_memberships_contains_paid_content":false,"footnotes":"","_wpscppro_dont_share_socialmedia":false,"_wpscppro_custom_social_share_image":0,"_facebook_share_type":"","_twitter_share_type":"","_linkedin_share_type":"","_pinterest_share_type":"","_linkedin_share_type_page":"","_instagram_share_type":"","_medium_share_type":"","_threads_share_type":"","_google_business_share_type":"","_selected_social_profile":[],"_wpsp_enable_custom_social_template":false,"_wpsp_social_scheduling":{"enabled":false,"datetime":null,"platforms":[],"status":"template_only","dateOption":"today","timeOption":"now","customDays":"","customHours":"","customDate":"","customTime":"","schedulingType":"absolute"},"_wpsp_active_default_template":true},"categories":[17],"tags":[4679,4634],"class_list":["post-28089","post","type-post","status-publish","format-standard","has-post-thumbnail","hentry","category-design-news","tag-fuorisalone-2016","tag-salone-del-mobile-2016"],"yoast_head":"<!-- This site is optimized with the Yoast SEO plugin v27.2 - https:\/\/yoast.com\/product\/yoast-seo-wordpress\/ -->\n<title>Collezione EARTHLANDS by Angela Ardisson - Social Design Magazine<\/title>\n<meta name=\"description\" content=\"la galleria Spazioborgogno in Ripa di Porta Ticinese 113 a Milano ospita la collezione EARTHLANDS l\u2019ultimo lavoro dell\u2019art designer Angela Ardisson.\" \/>\n<meta name=\"robots\" content=\"index, follow, max-snippet:-1, max-image-preview:large, max-video-preview:-1\" \/>\n<link rel=\"canonical\" href=\"https:\/\/socialdesignmagazine.com\/mag\/news\/design-news\/collezione-earthlands-by-angela-ardisson\/\" \/>\n<meta property=\"og:locale\" content=\"it_IT\" \/>\n<meta property=\"og:type\" content=\"article\" \/>\n<meta property=\"og:title\" content=\"Collezione EARTHLANDS by Angela Ardisson - Social Design Magazine\" \/>\n<meta property=\"og:description\" content=\"la galleria Spazioborgogno in Ripa di Porta Ticinese 113 a Milano ospita la collezione EARTHLANDS l\u2019ultimo lavoro dell\u2019art designer Angela Ardisson.\" \/>\n<meta property=\"og:url\" content=\"https:\/\/socialdesignmagazine.com\/mag\/news\/design-news\/collezione-earthlands-by-angela-ardisson\/\" \/>\n<meta property=\"og:site_name\" content=\"Social Design Magazine\" \/>\n<meta property=\"article:publisher\" content=\"https:\/\/www.facebook.com\/socialdesignmag\" \/>\n<meta property=\"article:author\" content=\"https:\/\/www.facebook.com\/benedettofiori\" \/>\n<meta property=\"article:published_time\" content=\"2016-04-09T12:00:39+00:00\" \/>\n<meta property=\"og:image\" content=\"https:\/\/socialdesignmagazine.com\/mag\/wp-content\/uploads\/2016\/04\/EARTHLANDS-PRIMA-ph-Pietro-Privitera-0.jpg\" \/>\n\t<meta property=\"og:image:width\" content=\"1200\" \/>\n\t<meta property=\"og:image:height\" content=\"798\" \/>\n\t<meta property=\"og:image:type\" content=\"image\/jpeg\" \/>\n<meta name=\"author\" content=\"Benedetto Fiori\" \/>\n<meta name=\"twitter:card\" content=\"summary_large_image\" \/>\n<meta name=\"twitter:creator\" content=\"@benedettofiori\" \/>\n<meta name=\"twitter:site\" content=\"@socialdesignmag\" \/>\n<meta name=\"twitter:label1\" content=\"Scritto da\" \/>\n\t<meta name=\"twitter:data1\" content=\"Benedetto Fiori\" \/>\n\t<meta name=\"twitter:label2\" content=\"Tempo di lettura stimato\" \/>\n\t<meta name=\"twitter:data2\" content=\"1 minuto\" \/>\n<script type=\"application\/ld+json\" class=\"yoast-schema-graph\">{\"@context\":\"https:\/\/schema.org\",\"@graph\":[{\"@type\":\"Article\",\"@id\":\"https:\/\/socialdesignmagazine.com\/mag\/news\/design-news\/collezione-earthlands-by-angela-ardisson\/#article\",\"isPartOf\":{\"@id\":\"https:\/\/socialdesignmagazine.com\/mag\/news\/design-news\/collezione-earthlands-by-angela-ardisson\/\"},\"author\":{\"name\":\"Benedetto Fiori\",\"@id\":\"https:\/\/socialdesignmagazine.com\/mag\/#\/schema\/person\/61e20205cc363c315e6aabd33a045846\"},\"headline\":\"Collezione EARTHLANDS by Angela Ardisson\",\"datePublished\":\"2016-04-09T12:00:39+00:00\",\"mainEntityOfPage\":{\"@id\":\"https:\/\/socialdesignmagazine.com\/mag\/news\/design-news\/collezione-earthlands-by-angela-ardisson\/\"},\"wordCount\":279,\"commentCount\":0,\"publisher\":{\"@id\":\"https:\/\/socialdesignmagazine.com\/mag\/#organization\"},\"image\":{\"@id\":\"https:\/\/socialdesignmagazine.com\/mag\/news\/design-news\/collezione-earthlands-by-angela-ardisson\/#primaryimage\"},\"thumbnailUrl\":\"https:\/\/socialdesignmagazine.com\/mag\/wp-content\/uploads\/2016\/04\/EARTHLANDS-PRIMA-ph-Pietro-Privitera-0.jpg\",\"keywords\":[\"fuorisalone 2016\",\"salone del mobile 2016\"],\"articleSection\":[\"Design News\"],\"inLanguage\":\"it-IT\",\"potentialAction\":[{\"@type\":\"CommentAction\",\"name\":\"Comment\",\"target\":[\"https:\/\/socialdesignmagazine.com\/mag\/news\/design-news\/collezione-earthlands-by-angela-ardisson\/#respond\"]}]},{\"@type\":\"WebPage\",\"@id\":\"https:\/\/socialdesignmagazine.com\/mag\/news\/design-news\/collezione-earthlands-by-angela-ardisson\/\",\"url\":\"https:\/\/socialdesignmagazine.com\/mag\/news\/design-news\/collezione-earthlands-by-angela-ardisson\/\",\"name\":\"Collezione EARTHLANDS by Angela Ardisson - Social Design Magazine\",\"isPartOf\":{\"@id\":\"https:\/\/socialdesignmagazine.com\/mag\/#website\"},\"primaryImageOfPage\":{\"@id\":\"https:\/\/socialdesignmagazine.com\/mag\/news\/design-news\/collezione-earthlands-by-angela-ardisson\/#primaryimage\"},\"image\":{\"@id\":\"https:\/\/socialdesignmagazine.com\/mag\/news\/design-news\/collezione-earthlands-by-angela-ardisson\/#primaryimage\"},\"thumbnailUrl\":\"https:\/\/socialdesignmagazine.com\/mag\/wp-content\/uploads\/2016\/04\/EARTHLANDS-PRIMA-ph-Pietro-Privitera-0.jpg\",\"datePublished\":\"2016-04-09T12:00:39+00:00\",\"description\":\"la galleria Spazioborgogno in Ripa di Porta Ticinese 113 a Milano ospita la collezione EARTHLANDS l\u2019ultimo lavoro dell\u2019art designer Angela Ardisson.\",\"breadcrumb\":{\"@id\":\"https:\/\/socialdesignmagazine.com\/mag\/news\/design-news\/collezione-earthlands-by-angela-ardisson\/#breadcrumb\"},\"inLanguage\":\"it-IT\",\"potentialAction\":[{\"@type\":\"ReadAction\",\"target\":[\"https:\/\/socialdesignmagazine.com\/mag\/news\/design-news\/collezione-earthlands-by-angela-ardisson\/\"]}]},{\"@type\":\"ImageObject\",\"inLanguage\":\"it-IT\",\"@id\":\"https:\/\/socialdesignmagazine.com\/mag\/news\/design-news\/collezione-earthlands-by-angela-ardisson\/#primaryimage\",\"url\":\"https:\/\/socialdesignmagazine.com\/mag\/wp-content\/uploads\/2016\/04\/EARTHLANDS-PRIMA-ph-Pietro-Privitera-0.jpg\",\"contentUrl\":\"https:\/\/socialdesignmagazine.com\/mag\/wp-content\/uploads\/2016\/04\/EARTHLANDS-PRIMA-ph-Pietro-Privitera-0.jpg\",\"width\":1200,\"height\":798,\"caption\":\"EARTHLANDS PRIMA ph Pietro Privitera\"},{\"@type\":\"BreadcrumbList\",\"@id\":\"https:\/\/socialdesignmagazine.com\/mag\/news\/design-news\/collezione-earthlands-by-angela-ardisson\/#breadcrumb\",\"itemListElement\":[{\"@type\":\"ListItem\",\"position\":1,\"name\":\"Home\",\"item\":\"https:\/\/socialdesignmagazine.com\/mag\/\"},{\"@type\":\"ListItem\",\"position\":2,\"name\":\"News\",\"item\":\"https:\/\/socialdesignmagazine.com\/mag\/news\/\"},{\"@type\":\"ListItem\",\"position\":3,\"name\":\"Design News\",\"item\":\"https:\/\/socialdesignmagazine.com\/mag\/news\/design-news\/\"},{\"@type\":\"ListItem\",\"position\":4,\"name\":\"Collezione EARTHLANDS by Angela Ardisson\"}]},{\"@type\":\"WebSite\",\"@id\":\"https:\/\/socialdesignmagazine.com\/mag\/#website\",\"url\":\"https:\/\/socialdesignmagazine.com\/mag\/\",\"name\":\"Social Design Magazine\",\"description\":\"Social Magazine su Design, Architettura, Arte, Grafica\",\"publisher\":{\"@id\":\"https:\/\/socialdesignmagazine.com\/mag\/#organization\"},\"potentialAction\":[{\"@type\":\"SearchAction\",\"target\":{\"@type\":\"EntryPoint\",\"urlTemplate\":\"https:\/\/socialdesignmagazine.com\/mag\/?s={search_term_string}\"},\"query-input\":{\"@type\":\"PropertyValueSpecification\",\"valueRequired\":true,\"valueName\":\"search_term_string\"}}],\"inLanguage\":\"it-IT\"},{\"@type\":\"Organization\",\"@id\":\"https:\/\/socialdesignmagazine.com\/mag\/#organization\",\"name\":\"Social Design Magazine\",\"url\":\"https:\/\/socialdesignmagazine.com\/mag\/\",\"logo\":{\"@type\":\"ImageObject\",\"inLanguage\":\"it-IT\",\"@id\":\"https:\/\/socialdesignmagazine.com\/mag\/#\/schema\/logo\/image\/\",\"url\":\"https:\/\/socialdesignmagazine.com\/mag\/wp-content\/uploads\/2017\/01\/logo_favicon_11.png\",\"contentUrl\":\"https:\/\/socialdesignmagazine.com\/mag\/wp-content\/uploads\/2017\/01\/logo_favicon_11.png\",\"width\":1024,\"height\":1024,\"caption\":\"Social Design Magazine\"},\"image\":{\"@id\":\"https:\/\/socialdesignmagazine.com\/mag\/#\/schema\/logo\/image\/\"},\"sameAs\":[\"https:\/\/www.facebook.com\/socialdesignmag\",\"https:\/\/x.com\/socialdesignmag\",\"http:\/\/instagram.com\/social_design_magazine\/\",\"http:\/\/pinterest.com\/socialdesignmag\/\",\"http:\/\/www.youtube.com\/user\/socialdesignmagazine\"]},{\"@type\":\"Person\",\"@id\":\"https:\/\/socialdesignmagazine.com\/mag\/#\/schema\/person\/61e20205cc363c315e6aabd33a045846\",\"name\":\"Benedetto Fiori\",\"image\":{\"@type\":\"ImageObject\",\"inLanguage\":\"it-IT\",\"@id\":\"https:\/\/secure.gravatar.com\/avatar\/450a48cefa36da63d920ad70aa660bd10725b1c6093800242e5efdb397759033?s=96&d=mm&r=g\",\"url\":\"https:\/\/secure.gravatar.com\/avatar\/450a48cefa36da63d920ad70aa660bd10725b1c6093800242e5efdb397759033?s=96&d=mm&r=g\",\"contentUrl\":\"https:\/\/secure.gravatar.com\/avatar\/450a48cefa36da63d920ad70aa660bd10725b1c6093800242e5efdb397759033?s=96&d=mm&r=g\",\"caption\":\"Benedetto Fiori\"},\"description\":\"Web | Twitter | Facebook | Shutterstock Founder &amp; Editor in Chief di Social Design Magazine. Attratto da sempre da tutto ci\u00f2 che \u00e8 creativit\u00e0, design, architettura. Dopo aver studiato Architettura all'Universit\u00e0 di Firenze, si \u00e8 impegnato in molteplici campi: comunicazione grafica, progettazione di allestimenti fieristici, brand design, Interior Design.\",\"sameAs\":[\"http:\/\/benedettofiori.com\",\"https:\/\/www.facebook.com\/benedettofiori\",\"https:\/\/x.com\/benedettofiori\"],\"url\":\"https:\/\/socialdesignmagazine.com\/mag\/author\/benedetto\/\"}]}<\/script>\n<!-- \/ Yoast SEO plugin. -->","yoast_head_json":{"title":"Collezione EARTHLANDS by Angela Ardisson - Social Design Magazine","description":"la galleria Spazioborgogno in Ripa di Porta Ticinese 113 a Milano ospita la collezione EARTHLANDS l\u2019ultimo lavoro dell\u2019art designer Angela Ardisson.","robots":{"index":"index","follow":"follow","max-snippet":"max-snippet:-1","max-image-preview":"max-image-preview:large","max-video-preview":"max-video-preview:-1"},"canonical":"https:\/\/socialdesignmagazine.com\/mag\/news\/design-news\/collezione-earthlands-by-angela-ardisson\/","og_locale":"it_IT","og_type":"article","og_title":"Collezione EARTHLANDS by Angela Ardisson - Social Design Magazine","og_description":"la galleria Spazioborgogno in Ripa di Porta Ticinese 113 a Milano ospita la collezione EARTHLANDS l\u2019ultimo lavoro dell\u2019art designer Angela Ardisson.","og_url":"https:\/\/socialdesignmagazine.com\/mag\/news\/design-news\/collezione-earthlands-by-angela-ardisson\/","og_site_name":"Social Design Magazine","article_publisher":"https:\/\/www.facebook.com\/socialdesignmag","article_author":"https:\/\/www.facebook.com\/benedettofiori","article_published_time":"2016-04-09T12:00:39+00:00","og_image":[{"width":1200,"height":798,"url":"https:\/\/socialdesignmagazine.com\/mag\/wp-content\/uploads\/2016\/04\/EARTHLANDS-PRIMA-ph-Pietro-Privitera-0.jpg","type":"image\/jpeg"}],"author":"Benedetto Fiori","twitter_card":"summary_large_image","twitter_creator":"@benedettofiori","twitter_site":"@socialdesignmag","twitter_misc":{"Scritto da":"Benedetto Fiori","Tempo di lettura stimato":"1 minuto"},"schema":{"@context":"https:\/\/schema.org","@graph":[{"@type":"Article","@id":"https:\/\/socialdesignmagazine.com\/mag\/news\/design-news\/collezione-earthlands-by-angela-ardisson\/#article","isPartOf":{"@id":"https:\/\/socialdesignmagazine.com\/mag\/news\/design-news\/collezione-earthlands-by-angela-ardisson\/"},"author":{"name":"Benedetto Fiori","@id":"https:\/\/socialdesignmagazine.com\/mag\/#\/schema\/person\/61e20205cc363c315e6aabd33a045846"},"headline":"Collezione EARTHLANDS by Angela Ardisson","datePublished":"2016-04-09T12:00:39+00:00","mainEntityOfPage":{"@id":"https:\/\/socialdesignmagazine.com\/mag\/news\/design-news\/collezione-earthlands-by-angela-ardisson\/"},"wordCount":279,"commentCount":0,"publisher":{"@id":"https:\/\/socialdesignmagazine.com\/mag\/#organization"},"image":{"@id":"https:\/\/socialdesignmagazine.com\/mag\/news\/design-news\/collezione-earthlands-by-angela-ardisson\/#primaryimage"},"thumbnailUrl":"https:\/\/socialdesignmagazine.com\/mag\/wp-content\/uploads\/2016\/04\/EARTHLANDS-PRIMA-ph-Pietro-Privitera-0.jpg","keywords":["fuorisalone 2016","salone del mobile 2016"],"articleSection":["Design News"],"inLanguage":"it-IT","potentialAction":[{"@type":"CommentAction","name":"Comment","target":["https:\/\/socialdesignmagazine.com\/mag\/news\/design-news\/collezione-earthlands-by-angela-ardisson\/#respond"]}]},{"@type":"WebPage","@id":"https:\/\/socialdesignmagazine.com\/mag\/news\/design-news\/collezione-earthlands-by-angela-ardisson\/","url":"https:\/\/socialdesignmagazine.com\/mag\/news\/design-news\/collezione-earthlands-by-angela-ardisson\/","name":"Collezione EARTHLANDS by Angela Ardisson - Social Design Magazine","isPartOf":{"@id":"https:\/\/socialdesignmagazine.com\/mag\/#website"},"primaryImageOfPage":{"@id":"https:\/\/socialdesignmagazine.com\/mag\/news\/design-news\/collezione-earthlands-by-angela-ardisson\/#primaryimage"},"image":{"@id":"https:\/\/socialdesignmagazine.com\/mag\/news\/design-news\/collezione-earthlands-by-angela-ardisson\/#primaryimage"},"thumbnailUrl":"https:\/\/socialdesignmagazine.com\/mag\/wp-content\/uploads\/2016\/04\/EARTHLANDS-PRIMA-ph-Pietro-Privitera-0.jpg","datePublished":"2016-04-09T12:00:39+00:00","description":"la galleria Spazioborgogno in Ripa di Porta Ticinese 113 a Milano ospita la collezione EARTHLANDS l\u2019ultimo lavoro dell\u2019art designer Angela Ardisson.","breadcrumb":{"@id":"https:\/\/socialdesignmagazine.com\/mag\/news\/design-news\/collezione-earthlands-by-angela-ardisson\/#breadcrumb"},"inLanguage":"it-IT","potentialAction":[{"@type":"ReadAction","target":["https:\/\/socialdesignmagazine.com\/mag\/news\/design-news\/collezione-earthlands-by-angela-ardisson\/"]}]},{"@type":"ImageObject","inLanguage":"it-IT","@id":"https:\/\/socialdesignmagazine.com\/mag\/news\/design-news\/collezione-earthlands-by-angela-ardisson\/#primaryimage","url":"https:\/\/socialdesignmagazine.com\/mag\/wp-content\/uploads\/2016\/04\/EARTHLANDS-PRIMA-ph-Pietro-Privitera-0.jpg","contentUrl":"https:\/\/socialdesignmagazine.com\/mag\/wp-content\/uploads\/2016\/04\/EARTHLANDS-PRIMA-ph-Pietro-Privitera-0.jpg","width":1200,"height":798,"caption":"EARTHLANDS PRIMA ph Pietro Privitera"},{"@type":"BreadcrumbList","@id":"https:\/\/socialdesignmagazine.com\/mag\/news\/design-news\/collezione-earthlands-by-angela-ardisson\/#breadcrumb","itemListElement":[{"@type":"ListItem","position":1,"name":"Home","item":"https:\/\/socialdesignmagazine.com\/mag\/"},{"@type":"ListItem","position":2,"name":"News","item":"https:\/\/socialdesignmagazine.com\/mag\/news\/"},{"@type":"ListItem","position":3,"name":"Design News","item":"https:\/\/socialdesignmagazine.com\/mag\/news\/design-news\/"},{"@type":"ListItem","position":4,"name":"Collezione EARTHLANDS by Angela Ardisson"}]},{"@type":"WebSite","@id":"https:\/\/socialdesignmagazine.com\/mag\/#website","url":"https:\/\/socialdesignmagazine.com\/mag\/","name":"Social Design Magazine","description":"Social Magazine su Design, Architettura, Arte, Grafica","publisher":{"@id":"https:\/\/socialdesignmagazine.com\/mag\/#organization"},"potentialAction":[{"@type":"SearchAction","target":{"@type":"EntryPoint","urlTemplate":"https:\/\/socialdesignmagazine.com\/mag\/?s={search_term_string}"},"query-input":{"@type":"PropertyValueSpecification","valueRequired":true,"valueName":"search_term_string"}}],"inLanguage":"it-IT"},{"@type":"Organization","@id":"https:\/\/socialdesignmagazine.com\/mag\/#organization","name":"Social Design Magazine","url":"https:\/\/socialdesignmagazine.com\/mag\/","logo":{"@type":"ImageObject","inLanguage":"it-IT","@id":"https:\/\/socialdesignmagazine.com\/mag\/#\/schema\/logo\/image\/","url":"https:\/\/socialdesignmagazine.com\/mag\/wp-content\/uploads\/2017\/01\/logo_favicon_11.png","contentUrl":"https:\/\/socialdesignmagazine.com\/mag\/wp-content\/uploads\/2017\/01\/logo_favicon_11.png","width":1024,"height":1024,"caption":"Social Design Magazine"},"image":{"@id":"https:\/\/socialdesignmagazine.com\/mag\/#\/schema\/logo\/image\/"},"sameAs":["https:\/\/www.facebook.com\/socialdesignmag","https:\/\/x.com\/socialdesignmag","http:\/\/instagram.com\/social_design_magazine\/","http:\/\/pinterest.com\/socialdesignmag\/","http:\/\/www.youtube.com\/user\/socialdesignmagazine"]},{"@type":"Person","@id":"https:\/\/socialdesignmagazine.com\/mag\/#\/schema\/person\/61e20205cc363c315e6aabd33a045846","name":"Benedetto Fiori","image":{"@type":"ImageObject","inLanguage":"it-IT","@id":"https:\/\/secure.gravatar.com\/avatar\/450a48cefa36da63d920ad70aa660bd10725b1c6093800242e5efdb397759033?s=96&d=mm&r=g","url":"https:\/\/secure.gravatar.com\/avatar\/450a48cefa36da63d920ad70aa660bd10725b1c6093800242e5efdb397759033?s=96&d=mm&r=g","contentUrl":"https:\/\/secure.gravatar.com\/avatar\/450a48cefa36da63d920ad70aa660bd10725b1c6093800242e5efdb397759033?s=96&d=mm&r=g","caption":"Benedetto Fiori"},"description":"Web | Twitter | Facebook | Shutterstock Founder &amp; Editor in Chief di Social Design Magazine. Attratto da sempre da tutto ci\u00f2 che \u00e8 creativit\u00e0, design, architettura. Dopo aver studiato Architettura all'Universit\u00e0 di Firenze, si \u00e8 impegnato in molteplici campi: comunicazione grafica, progettazione di allestimenti fieristici, brand design, Interior Design.","sameAs":["http:\/\/benedettofiori.com","https:\/\/www.facebook.com\/benedettofiori","https:\/\/x.com\/benedettofiori"],"url":"https:\/\/socialdesignmagazine.com\/mag\/author\/benedetto\/"}]}},"jetpack_featured_media_url":"https:\/\/socialdesignmagazine.com\/mag\/wp-content\/uploads\/2016\/04\/EARTHLANDS-PRIMA-ph-Pietro-Privitera-0.jpg","jetpack_sharing_enabled":true,"jetpack_shortlink":"https:\/\/wp.me\/p6cV7V-7j3","gt_translate_keys":[{"key":"link","format":"url"}],"_links":{"self":[{"href":"https:\/\/socialdesignmagazine.com\/mag\/wp-json\/wp\/v2\/posts\/28089","targetHints":{"allow":["GET"]}}],"collection":[{"href":"https:\/\/socialdesignmagazine.com\/mag\/wp-json\/wp\/v2\/posts"}],"about":[{"href":"https:\/\/socialdesignmagazine.com\/mag\/wp-json\/wp\/v2\/types\/post"}],"author":[{"embeddable":true,"href":"https:\/\/socialdesignmagazine.com\/mag\/wp-json\/wp\/v2\/users\/1"}],"replies":[{"embeddable":true,"href":"https:\/\/socialdesignmagazine.com\/mag\/wp-json\/wp\/v2\/comments?post=28089"}],"version-history":[{"count":1,"href":"https:\/\/socialdesignmagazine.com\/mag\/wp-json\/wp\/v2\/posts\/28089\/revisions"}],"predecessor-version":[{"id":28099,"href":"https:\/\/socialdesignmagazine.com\/mag\/wp-json\/wp\/v2\/posts\/28089\/revisions\/28099"}],"wp:featuredmedia":[{"embeddable":true,"href":"https:\/\/socialdesignmagazine.com\/mag\/wp-json\/wp\/v2\/media\/28090"}],"wp:attachment":[{"href":"https:\/\/socialdesignmagazine.com\/mag\/wp-json\/wp\/v2\/media?parent=28089"}],"wp:term":[{"taxonomy":"category","embeddable":true,"href":"https:\/\/socialdesignmagazine.com\/mag\/wp-json\/wp\/v2\/categories?post=28089"},{"taxonomy":"post_tag","embeddable":true,"href":"https:\/\/socialdesignmagazine.com\/mag\/wp-json\/wp\/v2\/tags?post=28089"}],"curies":[{"name":"wp","href":"https:\/\/api.w.org\/{rel}","templated":true}]}}