{"id":2828,"date":"2014-02-18T09:00:00","date_gmt":"2014-02-18T08:00:00","guid":{"rendered":"https:\/\/socialdesignmagazine.com\/mag\/s6-design\/c35-design\/in-anteprima-i-nuovi-prodotti-patina-al-salone-del-mobile-2014\/"},"modified":"2025-03-15T09:56:43","modified_gmt":"2025-03-15T08:56:43","slug":"in-anteprima-i-nuovi-prodotti-patina-al-salone-del-mobile-2014","status":"publish","type":"post","link":"https:\/\/socialdesignmagazine.com\/mag\/design\/in-anteprima-i-nuovi-prodotti-patina-al-salone-del-mobile-2014\/","title":{"rendered":"In anteprima i nuovi prodotti PATINA al Salone del Mobile 2014","gt_translate_keys":[{"key":"rendered","format":"text"}]},"content":{"rendered":"\n<h2 class=\"wp-block-heading\"><a href=\"https:\/\/socialdesignmagazine.com\/mag\/tag\/patina\/\">PATINA<\/a> by Codital ci ha inviato in anteprima alcune delle novit\u00e0 che saranno presentate al Salone del Mobile 2014.<\/h2>\n\n\n\n<p>Le collezioni gi\u00e0 presenti nel catalogo Patina saranno aggiornate con nuovi prodotti, tra cui Le Cadre Bookcase, un&#8217;elegante <a rel=\"nofollow\" href=\"index.php?option=com_tag&amp;task=tag&amp;tag=libreria\">libreria<\/a>, che a richiesta, pu\u00f2 anche essere personalizzata.<\/p>\n\n\n<div class=\"wp-block-image\">\n<figure class=\"aligncenter\"><img loading=\"lazy\" decoding=\"async\" width=\"720\" height=\"699\" data-attachment-id=\"16713\" data-permalink=\"https:\/\/socialdesignmagazine.com\/mag\/design\/in-anteprima-i-nuovi-prodotti-patina-al-salone-del-mobile-2014\/attachment\/patina-by-codital-impero-bookcase-ime1800-166\/#content\" data-orig-file=\"https:\/\/socialdesignmagazine.com\/mag\/wp-content\/uploads\/2014\/02\/users_Jessy_PATINA__Anteprima_Salone_del_Mobile_2014_PATINA___by_Codital_-_IMPERO_BOOKCASE_IME1800-166.jpg\" data-orig-size=\"720,699\" data-comments-opened=\"1\" data-image-meta=\"{&quot;aperture&quot;:&quot;11&quot;,&quot;credit&quot;:&quot;&quot;,&quot;camera&quot;:&quot;P65+&quot;,&quot;caption&quot;:&quot;&quot;,&quot;created_timestamp&quot;:&quot;1279608138&quot;,&quot;copyright&quot;:&quot;&quot;,&quot;focal_length&quot;:&quot;45&quot;,&quot;iso&quot;:&quot;100&quot;,&quot;shutter_speed&quot;:&quot;0.00800002375657&quot;,&quot;title&quot;:&quot;&quot;,&quot;orientation&quot;:&quot;1&quot;}\" data-image-title=\"PATINA by Codital &amp;#8211; IMPERO BOOKCASE IME1800-166\" data-image-description=\"\" data-image-caption=\"\" data-medium-file=\"https:\/\/socialdesignmagazine.com\/mag\/wp-content\/uploads\/2014\/02\/users_Jessy_PATINA__Anteprima_Salone_del_Mobile_2014_PATINA___by_Codital_-_IMPERO_BOOKCASE_IME1800-166-396x256.jpg\" data-large-file=\"https:\/\/socialdesignmagazine.com\/mag\/wp-content\/uploads\/2014\/02\/users_Jessy_PATINA__Anteprima_Salone_del_Mobile_2014_PATINA___by_Codital_-_IMPERO_BOOKCASE_IME1800-166.jpg\" src=\"https:\/\/socialdesignmagazine.com\/mag\/wp-content\/uploads\/2014\/02\/users_Jessy_PATINA__Anteprima_Salone_del_Mobile_2014_PATINA___by_Codital_-_IMPERO_BOOKCASE_IME1800-166.jpg\" alt=\"PATINA   by Codital - IMPERO BOOKCASE IME1800-166\" class=\"wp-image-16713\"\/><\/figure>\n<\/div>\n\n\n<h3 class=\"wp-block-heading\">Impero BOOKCASE<\/h3>\n\n\n\n<p>Parte della nuova collezione esclusiva e originale IMPERO creata da Patina questa Libreria combina armoniosamente le gambe in legno di tiglio intagliato a mano in stile impero e lavorato come un sottile ricamo, con la struttura in legno di noce canaletto lucidato opaco che offre un mix unico ed elegante di classico e contemporaneo adattabile in ogni ambiente prestigioso. La finitura delle gambe \u00e8 laccata bianca e azzurro con i dettagli intagliati in foglia oro. Le spesse mensole in legno massello sono laccate bianche con bordi dorati. Tutti gli ornati inseriti nel riquadro esterno sono in legno di tiglio intagliato a mano e finiti in foglia oro.<\/p>\n\n\n<div class=\"wp-block-image\">\n<figure class=\"aligncenter\"><img loading=\"lazy\" decoding=\"async\" width=\"720\" height=\"540\" data-attachment-id=\"16714\" data-permalink=\"https:\/\/socialdesignmagazine.com\/mag\/design\/in-anteprima-i-nuovi-prodotti-patina-al-salone-del-mobile-2014\/attachment\/patina-by-codital-le-cadre-bookcase-2\/#content\" data-orig-file=\"https:\/\/socialdesignmagazine.com\/mag\/wp-content\/uploads\/2014\/02\/users_Jessy_PATINA__Anteprima_Salone_del_Mobile_2014_PATINA___by_Codital_-_LE_CADRE_BOOKCASE_2.jpg\" data-orig-size=\"720,540\" data-comments-opened=\"1\" data-image-meta=\"{&quot;aperture&quot;:&quot;0&quot;,&quot;credit&quot;:&quot;&quot;,&quot;camera&quot;:&quot;&quot;,&quot;caption&quot;:&quot;&quot;,&quot;created_timestamp&quot;:&quot;0&quot;,&quot;copyright&quot;:&quot;&quot;,&quot;focal_length&quot;:&quot;0&quot;,&quot;iso&quot;:&quot;0&quot;,&quot;shutter_speed&quot;:&quot;0&quot;,&quot;title&quot;:&quot;&quot;,&quot;orientation&quot;:&quot;1&quot;}\" data-image-title=\"PATINA by Codital &amp;#8211; LE CADRE BOOKCASE 2\" data-image-description=\"\" data-image-caption=\"\" data-medium-file=\"https:\/\/socialdesignmagazine.com\/mag\/wp-content\/uploads\/2014\/02\/users_Jessy_PATINA__Anteprima_Salone_del_Mobile_2014_PATINA___by_Codital_-_LE_CADRE_BOOKCASE_2-396x256.jpg\" data-large-file=\"https:\/\/socialdesignmagazine.com\/mag\/wp-content\/uploads\/2014\/02\/users_Jessy_PATINA__Anteprima_Salone_del_Mobile_2014_PATINA___by_Codital_-_LE_CADRE_BOOKCASE_2.jpg\" src=\"https:\/\/socialdesignmagazine.com\/mag\/wp-content\/uploads\/2014\/02\/users_Jessy_PATINA__Anteprima_Salone_del_Mobile_2014_PATINA___by_Codital_-_LE_CADRE_BOOKCASE_2.jpg\" alt=\"PATINA   by Codital - LE CADRE BOOKCASE 2\" class=\"wp-image-16714\"\/><\/figure>\n<\/div>\n\n\n<p><span style=\"font-size: 11pt; font-family: Calibri, sans-serif;\"><\/span><\/p>\n\n\n\n<h3 class=\"wp-block-heading\">Le Cadre BOOKCASE<\/h3>\n\n\n\n<p>Semplice ed elegante libreria in essenza, disponibile in diverse misure e personalizzabile su richiesta.<\/p>\n\n\n<div class=\"wp-block-image\">\n<figure class=\"aligncenter\"><img loading=\"lazy\" decoding=\"async\" width=\"720\" height=\"431\" data-attachment-id=\"16715\" data-permalink=\"https:\/\/socialdesignmagazine.com\/mag\/design\/in-anteprima-i-nuovi-prodotti-patina-al-salone-del-mobile-2014\/attachment\/patina-by-codital-le-cadre-cabinet-lcc102-ca24tp-liberty01-grigio-chiaro\/#content\" data-orig-file=\"https:\/\/socialdesignmagazine.com\/mag\/wp-content\/uploads\/2014\/02\/users_Jessy_PATINA__Anteprima_Salone_del_Mobile_2014_PATINA___by_Codital_-_LE_CADRE_CABINET_LCC102_CA24TP_LIBERTY01_GRIGIO_CHIARO.jpg\" data-orig-size=\"720,431\" data-comments-opened=\"1\" data-image-meta=\"{&quot;aperture&quot;:&quot;0&quot;,&quot;credit&quot;:&quot;&quot;,&quot;camera&quot;:&quot;&quot;,&quot;caption&quot;:&quot;&quot;,&quot;created_timestamp&quot;:&quot;0&quot;,&quot;copyright&quot;:&quot;&quot;,&quot;focal_length&quot;:&quot;0&quot;,&quot;iso&quot;:&quot;0&quot;,&quot;shutter_speed&quot;:&quot;0&quot;,&quot;title&quot;:&quot;&quot;,&quot;orientation&quot;:&quot;1&quot;}\" data-image-title=\"PATINA by Codital &amp;#8211; LE CADRE CABINET LCC102 CA24TP LIBERTY01 GRIGIO CHIARO\" data-image-description=\"\" data-image-caption=\"\" data-medium-file=\"https:\/\/socialdesignmagazine.com\/mag\/wp-content\/uploads\/2014\/02\/users_Jessy_PATINA__Anteprima_Salone_del_Mobile_2014_PATINA___by_Codital_-_LE_CADRE_CABINET_LCC102_CA24TP_LIBERTY01_GRIGIO_CHIARO-396x256.jpg\" data-large-file=\"https:\/\/socialdesignmagazine.com\/mag\/wp-content\/uploads\/2014\/02\/users_Jessy_PATINA__Anteprima_Salone_del_Mobile_2014_PATINA___by_Codital_-_LE_CADRE_CABINET_LCC102_CA24TP_LIBERTY01_GRIGIO_CHIARO.jpg\" src=\"https:\/\/socialdesignmagazine.com\/mag\/wp-content\/uploads\/2014\/02\/users_Jessy_PATINA__Anteprima_Salone_del_Mobile_2014_PATINA___by_Codital_-_LE_CADRE_CABINET_LCC102_CA24TP_LIBERTY01_GRIGIO_CHIARO.jpg\" alt=\"PATINA   by Codital - LE CADRE CABINET LCC102 CA24TP LIBERTY01 GRIGIO CHIARO\" class=\"wp-image-16715\"\/><\/figure>\n<\/div>\n\n<div class=\"wp-block-image\">\n<figure class=\"aligncenter\"><img loading=\"lazy\" decoding=\"async\" width=\"720\" height=\"517\" data-attachment-id=\"16716\" data-permalink=\"https:\/\/socialdesignmagazine.com\/mag\/design\/in-anteprima-i-nuovi-prodotti-patina-al-salone-del-mobile-2014\/attachment\/patina-by-codital-le-cadre-cabinet-lcc102-ca24wt-liberty01-rosso\/#content\" data-orig-file=\"https:\/\/socialdesignmagazine.com\/mag\/wp-content\/uploads\/2014\/02\/users_Jessy_PATINA__Anteprima_Salone_del_Mobile_2014_PATINA___by_Codital_-_LE_CADRE_CABINET_LCC102_CA24WT_LIBERTY01_ROSSO.jpg\" data-orig-size=\"720,517\" data-comments-opened=\"1\" data-image-meta=\"{&quot;aperture&quot;:&quot;0&quot;,&quot;credit&quot;:&quot;&quot;,&quot;camera&quot;:&quot;&quot;,&quot;caption&quot;:&quot;&quot;,&quot;created_timestamp&quot;:&quot;0&quot;,&quot;copyright&quot;:&quot;&quot;,&quot;focal_length&quot;:&quot;0&quot;,&quot;iso&quot;:&quot;0&quot;,&quot;shutter_speed&quot;:&quot;0&quot;,&quot;title&quot;:&quot;&quot;,&quot;orientation&quot;:&quot;1&quot;}\" data-image-title=\"PATINA by Codital &amp;#8211; LE CADRE CABINET LCC102 CA24WT LIBERTY01 ROSSO\" data-image-description=\"\" data-image-caption=\"\" data-medium-file=\"https:\/\/socialdesignmagazine.com\/mag\/wp-content\/uploads\/2014\/02\/users_Jessy_PATINA__Anteprima_Salone_del_Mobile_2014_PATINA___by_Codital_-_LE_CADRE_CABINET_LCC102_CA24WT_LIBERTY01_ROSSO-396x256.jpg\" data-large-file=\"https:\/\/socialdesignmagazine.com\/mag\/wp-content\/uploads\/2014\/02\/users_Jessy_PATINA__Anteprima_Salone_del_Mobile_2014_PATINA___by_Codital_-_LE_CADRE_CABINET_LCC102_CA24WT_LIBERTY01_ROSSO.jpg\" src=\"https:\/\/socialdesignmagazine.com\/mag\/wp-content\/uploads\/2014\/02\/users_Jessy_PATINA__Anteprima_Salone_del_Mobile_2014_PATINA___by_Codital_-_LE_CADRE_CABINET_LCC102_CA24WT_LIBERTY01_ROSSO.jpg\" alt=\"PATINA   by Codital - LE CADRE CABINET LCC102 CA24WT LIBERTY01 ROSSO\" class=\"wp-image-16716\"\/><\/figure>\n<\/div>\n\n\n<h3 class=\"wp-block-heading\">Le Cadre HIGH CABINET<\/h3>\n\n\n\n<p>Madia, disegnata dall\u2019Arch. Marco Corti per la collezione Liberty Le Cadre di Patina: struttura in legno di pioppo e gambe in legno di faggio, ante laccate tortora con decoro Liberty in rilievo di gesso in grigio chiaro con i pomoli in legno laccati tortora.<\/p>\n\n\n\n<p>Il pezzo, presentato nella versione con larghezza da 240 cm, \u00e8 personalizzabile sia nelle dimensioni, che nella versione \u2013 con o senza cassetti. Come per tutti i modelli Patina, la madia pu\u00f2 essere fornita in innumerevoli combinazioni di essenze di legno pregiate, lacche e decori diversi.<\/p>\n\n\n<div class=\"wp-block-image\">\n<figure class=\"aligncenter\"><img loading=\"lazy\" decoding=\"async\" width=\"720\" height=\"1006\" data-attachment-id=\"16717\" data-permalink=\"https:\/\/socialdesignmagazine.com\/mag\/design\/in-anteprima-i-nuovi-prodotti-patina-al-salone-del-mobile-2014\/attachment\/patina-by-codital-le-cadre-high-cabinet-lcc103-cadw-16\/#content\" data-orig-file=\"https:\/\/socialdesignmagazine.com\/mag\/wp-content\/uploads\/2014\/02\/users_Jessy_PATINA__Anteprima_Salone_del_Mobile_2014_PATINA___by_Codital_-_LE_CADRE_HIGH_CABINET_LCC103_CADW_16.jpg\" data-orig-size=\"720,1006\" data-comments-opened=\"1\" data-image-meta=\"{&quot;aperture&quot;:&quot;22&quot;,&quot;credit&quot;:&quot;Alberto Jona Falco&quot;,&quot;camera&quot;:&quot;NIKON D700&quot;,&quot;caption&quot;:&quot;&quot;,&quot;created_timestamp&quot;:&quot;1334657143&quot;,&quot;copyright&quot;:&quot;please contact    email:studioolimpic@gmail.com&quot;,&quot;focal_length&quot;:&quot;19&quot;,&quot;iso&quot;:&quot;800&quot;,&quot;shutter_speed&quot;:&quot;0.625&quot;,&quot;title&quot;:&quot;&quot;,&quot;orientation&quot;:&quot;1&quot;}\" data-image-title=\"PATINA by Codital &amp;#8211; LE CADRE HIGH CABINET LCC103 CADW 16\" data-image-description=\"\" data-image-caption=\"\" data-medium-file=\"https:\/\/socialdesignmagazine.com\/mag\/wp-content\/uploads\/2014\/02\/users_Jessy_PATINA__Anteprima_Salone_del_Mobile_2014_PATINA___by_Codital_-_LE_CADRE_HIGH_CABINET_LCC103_CADW_16-396x256.jpg\" data-large-file=\"https:\/\/socialdesignmagazine.com\/mag\/wp-content\/uploads\/2014\/02\/users_Jessy_PATINA__Anteprima_Salone_del_Mobile_2014_PATINA___by_Codital_-_LE_CADRE_HIGH_CABINET_LCC103_CADW_16.jpg\" src=\"https:\/\/socialdesignmagazine.com\/mag\/wp-content\/uploads\/2014\/02\/users_Jessy_PATINA__Anteprima_Salone_del_Mobile_2014_PATINA___by_Codital_-_LE_CADRE_HIGH_CABINET_LCC103_CADW_16.jpg\" alt=\"PATINA   by Codital - LE CADRE HIGH CABINET LCC103 CADW 16\" class=\"wp-image-16717\"\/><\/figure>\n<\/div>\n\n<div class=\"wp-block-image\">\n<figure class=\"aligncenter\"><img loading=\"lazy\" decoding=\"async\" width=\"720\" height=\"788\" data-attachment-id=\"16718\" data-permalink=\"https:\/\/socialdesignmagazine.com\/mag\/design\/in-anteprima-i-nuovi-prodotti-patina-al-salone-del-mobile-2014\/attachment\/patina-by-codital-le-cadre-high-cabinet-lcc103-cadw-24\/#content\" data-orig-file=\"https:\/\/socialdesignmagazine.com\/mag\/wp-content\/uploads\/2014\/02\/users_Jessy_PATINA__Anteprima_Salone_del_Mobile_2014_PATINA___by_Codital_-_LE_CADRE_HIGH_CABINET_LCC103_CADW_24.jpg\" data-orig-size=\"720,788\" data-comments-opened=\"1\" data-image-meta=\"{&quot;aperture&quot;:&quot;9&quot;,&quot;credit&quot;:&quot;&quot;,&quot;camera&quot;:&quot;P65+&quot;,&quot;caption&quot;:&quot;&quot;,&quot;created_timestamp&quot;:&quot;1279596560&quot;,&quot;copyright&quot;:&quot;&quot;,&quot;focal_length&quot;:&quot;45&quot;,&quot;iso&quot;:&quot;100&quot;,&quot;shutter_speed&quot;:&quot;0.00800002375657&quot;,&quot;title&quot;:&quot;&quot;,&quot;orientation&quot;:&quot;1&quot;}\" data-image-title=\"PATINA by Codital &amp;#8211; LE CADRE HIGH CABINET LCC103 CADW 24\" data-image-description=\"\" data-image-caption=\"\" data-medium-file=\"https:\/\/socialdesignmagazine.com\/mag\/wp-content\/uploads\/2014\/02\/users_Jessy_PATINA__Anteprima_Salone_del_Mobile_2014_PATINA___by_Codital_-_LE_CADRE_HIGH_CABINET_LCC103_CADW_24-396x256.jpg\" data-large-file=\"https:\/\/socialdesignmagazine.com\/mag\/wp-content\/uploads\/2014\/02\/users_Jessy_PATINA__Anteprima_Salone_del_Mobile_2014_PATINA___by_Codital_-_LE_CADRE_HIGH_CABINET_LCC103_CADW_24.jpg\" src=\"https:\/\/socialdesignmagazine.com\/mag\/wp-content\/uploads\/2014\/02\/users_Jessy_PATINA__Anteprima_Salone_del_Mobile_2014_PATINA___by_Codital_-_LE_CADRE_HIGH_CABINET_LCC103_CADW_24.jpg\" alt=\"PATINA   by Codital - LE CADRE HIGH CABINET LCC103 CADW 24\" class=\"wp-image-16718\"\/><\/figure>\n<\/div>\n\n\n<p><span style=\"font-family: Calibri, sans-serif; font-size: 11pt; line-height: 1.3em;\"><\/span><\/p>\n\n\n\n<h3 class=\"wp-block-heading\">Le Cadre HIGH CABINET<\/h3>\n\n\n\n<p>Tra le ultime creazioni della nuova collezione liberty Le Cadre disegnata dall\u2019Arch. Marco Corti per Patina: Madia alta con struttura e top in radica di noce lucidata e interni laccati nero. Ante e cassetti centrali laccati nero con decoro Liberty in rilievo di gesso in foglia oro patinata con i pomoli in legno laccati nero con bordo foglia oro.<\/p>\n\n\n\n<p>Il pezzo presentato nella versione con larghezza da 240 cm \u00e8 disponibile anche in versione da 120 e 160 cm. In larghezza da 160 cm \u00e8 disponibile anche in versione senza cassetti, con solo ante. Come per tutti i modelli Patina la madia pu\u00f2 essere fornita in innumerevoli combinazioni di essenze di legno pregiate, lacche e decori diversi.<\/p>\n\n\n\n<p>Maggiori informazioni su: <a rel=\"nofollow\" href=\"https:\/\/www.patinafurniture.it\/it\/home\">www.patinafurniture.it<\/a><\/p>\n","protected":false,"gt_translate_keys":[{"key":"rendered","format":"html"}]},"excerpt":{"rendered":"<p>PATINA by Codital ci ha inviato in anteprima alcune delle novit\u00e0 che saranno presentate al Salone del Mobile 2014.<\/p>\n","protected":false,"gt_translate_keys":[{"key":"rendered","format":"html"}]},"author":6,"featured_media":16712,"comment_status":"open","ping_status":"open","sticky":false,"template":"","format":"standard","meta":{"jetpack_post_was_ever_published":false,"_jetpack_newsletter_access":"","_jetpack_dont_email_post_to_subs":false,"_jetpack_newsletter_tier_id":0,"_jetpack_memberships_contains_paywalled_content":false,"_jetpack_memberships_contains_paid_content":false,"footnotes":"","_wpscppro_dont_share_socialmedia":false,"_wpscppro_custom_social_share_image":0,"_facebook_share_type":"","_twitter_share_type":"","_linkedin_share_type":"","_pinterest_share_type":"","_linkedin_share_type_page":"","_instagram_share_type":"","_medium_share_type":"","_threads_share_type":"","_google_business_share_type":"","_selected_social_profile":[],"_wpsp_enable_custom_social_template":false,"_wpsp_social_scheduling":{"enabled":false,"datetime":null,"platforms":[],"status":"template_only","dateOption":"today","timeOption":"now","customDays":"","customHours":"","customDate":"","customTime":"","schedulingType":"absolute"},"_wpsp_active_default_template":true},"categories":[13],"tags":[1048,1889,3766],"class_list":["post-2828","post","type-post","status-publish","format-standard","has-post-thumbnail","hentry","category-design","tag-libreria","tag-patina","tag-salone-del-mobile-2014"],"yoast_head":"<!-- This site is optimized with the Yoast SEO plugin v27.2 - https:\/\/yoast.com\/product\/yoast-seo-wordpress\/ -->\n<title>In anteprima i nuovi prodotti PATINA al Salone del Mobile 2014 - Social Design Magazine<\/title>\n<meta name=\"description\" content=\"PATINA by Codital ci ha inviato in anteprima alcune delle novit\u00e0 che saranno presentate al Salone del Mobile 2014.\" \/>\n<meta name=\"robots\" content=\"index, follow, max-snippet:-1, max-image-preview:large, max-video-preview:-1\" \/>\n<link rel=\"canonical\" href=\"https:\/\/socialdesignmagazine.com\/mag\/design\/in-anteprima-i-nuovi-prodotti-patina-al-salone-del-mobile-2014\/\" \/>\n<meta property=\"og:locale\" content=\"it_IT\" \/>\n<meta property=\"og:type\" content=\"article\" \/>\n<meta property=\"og:title\" content=\"In anteprima i nuovi prodotti PATINA al Salone del Mobile 2014 - Social Design Magazine\" \/>\n<meta property=\"og:description\" content=\"PATINA by Codital ci ha inviato in anteprima alcune delle novit\u00e0 che saranno presentate al Salone del Mobile 2014.\" \/>\n<meta property=\"og:url\" content=\"http:\/\/socialdesignmagazine.com\/mag\/design\/in-anteprima-i-nuovi-prodotti-patina-al-salone-del-mobile-2014\/\" \/>\n<meta property=\"og:site_name\" content=\"Social Design Magazine\" \/>\n<meta property=\"article:publisher\" content=\"https:\/\/www.facebook.com\/socialdesignmag\" \/>\n<meta property=\"article:published_time\" content=\"2014-02-18T08:00:00+00:00\" \/>\n<meta property=\"article:modified_time\" content=\"2025-03-15T08:56:43+00:00\" \/>\n<meta property=\"og:image\" content=\"https:\/\/socialdesignmagazine.com\/mag\/wp-content\/uploads\/2014\/02\/users_Jessy_PATINA__Anteprima_Salone_del_Mobile_2014_PATINA___by_Codital_-_LE_CADRE_BOOKCASE_.jpg\" \/>\n\t<meta property=\"og:image:width\" content=\"720\" \/>\n\t<meta property=\"og:image:height\" content=\"540\" \/>\n\t<meta property=\"og:image:type\" content=\"image\/jpeg\" \/>\n<meta name=\"author\" content=\"jessica zannori\" \/>\n<meta name=\"twitter:card\" content=\"summary_large_image\" \/>\n<meta name=\"twitter:creator\" content=\"@socialdesignmag\" \/>\n<meta name=\"twitter:site\" content=\"@socialdesignmag\" \/>\n<meta name=\"twitter:label1\" content=\"Scritto da\" \/>\n\t<meta name=\"twitter:data1\" content=\"jessica zannori\" \/>\n\t<meta name=\"twitter:label2\" content=\"Tempo di lettura stimato\" \/>\n\t<meta name=\"twitter:data2\" content=\"4 minuti\" \/>\n<script type=\"application\/ld+json\" class=\"yoast-schema-graph\">{\"@context\":\"https:\/\/schema.org\",\"@graph\":[{\"@type\":\"Article\",\"@id\":\"https:\/\/socialdesignmagazine.com\/mag\/design\/in-anteprima-i-nuovi-prodotti-patina-al-salone-del-mobile-2014\/#article\",\"isPartOf\":{\"@id\":\"https:\/\/socialdesignmagazine.com\/mag\/design\/in-anteprima-i-nuovi-prodotti-patina-al-salone-del-mobile-2014\/\"},\"author\":{\"name\":\"jessica zannori\",\"@id\":\"https:\/\/socialdesignmagazine.com\/mag\/#\/schema\/person\/f26aea2d68a722d5ed3a1ee93c92aba9\"},\"headline\":\"In anteprima i nuovi prodotti PATINA al Salone del Mobile 2014\",\"datePublished\":\"2014-02-18T08:00:00+00:00\",\"dateModified\":\"2025-03-15T08:56:43+00:00\",\"mainEntityOfPage\":{\"@id\":\"https:\/\/socialdesignmagazine.com\/mag\/design\/in-anteprima-i-nuovi-prodotti-patina-al-salone-del-mobile-2014\/\"},\"wordCount\":394,\"commentCount\":0,\"publisher\":{\"@id\":\"https:\/\/socialdesignmagazine.com\/mag\/#organization\"},\"image\":{\"@id\":\"https:\/\/socialdesignmagazine.com\/mag\/design\/in-anteprima-i-nuovi-prodotti-patina-al-salone-del-mobile-2014\/#primaryimage\"},\"thumbnailUrl\":\"https:\/\/socialdesignmagazine.com\/mag\/wp-content\/uploads\/2014\/02\/users_Jessy_PATINA__Anteprima_Salone_del_Mobile_2014_PATINA___by_Codital_-_LE_CADRE_BOOKCASE_.jpg\",\"keywords\":[\"libreria\",\"patina\",\"salone del mobile 2014\"],\"articleSection\":[\"Design\"],\"inLanguage\":\"it-IT\",\"potentialAction\":[{\"@type\":\"CommentAction\",\"name\":\"Comment\",\"target\":[\"https:\/\/socialdesignmagazine.com\/mag\/design\/in-anteprima-i-nuovi-prodotti-patina-al-salone-del-mobile-2014\/#respond\"]}]},{\"@type\":\"WebPage\",\"@id\":\"https:\/\/socialdesignmagazine.com\/mag\/design\/in-anteprima-i-nuovi-prodotti-patina-al-salone-del-mobile-2014\/\",\"url\":\"https:\/\/socialdesignmagazine.com\/mag\/design\/in-anteprima-i-nuovi-prodotti-patina-al-salone-del-mobile-2014\/\",\"name\":\"In anteprima i nuovi prodotti PATINA al Salone del Mobile 2014 - Social Design Magazine\",\"isPartOf\":{\"@id\":\"https:\/\/socialdesignmagazine.com\/mag\/#website\"},\"primaryImageOfPage\":{\"@id\":\"https:\/\/socialdesignmagazine.com\/mag\/design\/in-anteprima-i-nuovi-prodotti-patina-al-salone-del-mobile-2014\/#primaryimage\"},\"image\":{\"@id\":\"https:\/\/socialdesignmagazine.com\/mag\/design\/in-anteprima-i-nuovi-prodotti-patina-al-salone-del-mobile-2014\/#primaryimage\"},\"thumbnailUrl\":\"https:\/\/socialdesignmagazine.com\/mag\/wp-content\/uploads\/2014\/02\/users_Jessy_PATINA__Anteprima_Salone_del_Mobile_2014_PATINA___by_Codital_-_LE_CADRE_BOOKCASE_.jpg\",\"datePublished\":\"2014-02-18T08:00:00+00:00\",\"dateModified\":\"2025-03-15T08:56:43+00:00\",\"description\":\"PATINA by Codital ci ha inviato in anteprima alcune delle novit\u00e0 che saranno presentate al Salone del Mobile 2014.\",\"breadcrumb\":{\"@id\":\"https:\/\/socialdesignmagazine.com\/mag\/design\/in-anteprima-i-nuovi-prodotti-patina-al-salone-del-mobile-2014\/#breadcrumb\"},\"inLanguage\":\"it-IT\",\"potentialAction\":[{\"@type\":\"ReadAction\",\"target\":[\"https:\/\/socialdesignmagazine.com\/mag\/design\/in-anteprima-i-nuovi-prodotti-patina-al-salone-del-mobile-2014\/\"]}]},{\"@type\":\"ImageObject\",\"inLanguage\":\"it-IT\",\"@id\":\"https:\/\/socialdesignmagazine.com\/mag\/design\/in-anteprima-i-nuovi-prodotti-patina-al-salone-del-mobile-2014\/#primaryimage\",\"url\":\"https:\/\/socialdesignmagazine.com\/mag\/wp-content\/uploads\/2014\/02\/users_Jessy_PATINA__Anteprima_Salone_del_Mobile_2014_PATINA___by_Codital_-_LE_CADRE_BOOKCASE_.jpg\",\"contentUrl\":\"https:\/\/socialdesignmagazine.com\/mag\/wp-content\/uploads\/2014\/02\/users_Jessy_PATINA__Anteprima_Salone_del_Mobile_2014_PATINA___by_Codital_-_LE_CADRE_BOOKCASE_.jpg\",\"width\":720,\"height\":540,\"caption\":\"PATINA by Codital - LE CADRE BOOKCASE\"},{\"@type\":\"BreadcrumbList\",\"@id\":\"https:\/\/socialdesignmagazine.com\/mag\/design\/in-anteprima-i-nuovi-prodotti-patina-al-salone-del-mobile-2014\/#breadcrumb\",\"itemListElement\":[{\"@type\":\"ListItem\",\"position\":1,\"name\":\"Home\",\"item\":\"https:\/\/socialdesignmagazine.com\/mag\/\"},{\"@type\":\"ListItem\",\"position\":2,\"name\":\"Design\",\"item\":\"https:\/\/socialdesignmagazine.com\/mag\/design\/\"},{\"@type\":\"ListItem\",\"position\":3,\"name\":\"In anteprima i nuovi prodotti PATINA al Salone del Mobile 2014\"}]},{\"@type\":\"WebSite\",\"@id\":\"https:\/\/socialdesignmagazine.com\/mag\/#website\",\"url\":\"https:\/\/socialdesignmagazine.com\/mag\/\",\"name\":\"Social Design Magazine\",\"description\":\"Social Magazine su Design, Architettura, Arte, Grafica\",\"publisher\":{\"@id\":\"https:\/\/socialdesignmagazine.com\/mag\/#organization\"},\"potentialAction\":[{\"@type\":\"SearchAction\",\"target\":{\"@type\":\"EntryPoint\",\"urlTemplate\":\"https:\/\/socialdesignmagazine.com\/mag\/?s={search_term_string}\"},\"query-input\":{\"@type\":\"PropertyValueSpecification\",\"valueRequired\":true,\"valueName\":\"search_term_string\"}}],\"inLanguage\":\"it-IT\"},{\"@type\":\"Organization\",\"@id\":\"https:\/\/socialdesignmagazine.com\/mag\/#organization\",\"name\":\"Social Design Magazine\",\"url\":\"https:\/\/socialdesignmagazine.com\/mag\/\",\"logo\":{\"@type\":\"ImageObject\",\"inLanguage\":\"it-IT\",\"@id\":\"https:\/\/socialdesignmagazine.com\/mag\/#\/schema\/logo\/image\/\",\"url\":\"https:\/\/socialdesignmagazine.com\/mag\/wp-content\/uploads\/2017\/01\/logo_favicon_11.png\",\"contentUrl\":\"https:\/\/socialdesignmagazine.com\/mag\/wp-content\/uploads\/2017\/01\/logo_favicon_11.png\",\"width\":1024,\"height\":1024,\"caption\":\"Social Design Magazine\"},\"image\":{\"@id\":\"https:\/\/socialdesignmagazine.com\/mag\/#\/schema\/logo\/image\/\"},\"sameAs\":[\"https:\/\/www.facebook.com\/socialdesignmag\",\"https:\/\/x.com\/socialdesignmag\",\"http:\/\/instagram.com\/social_design_magazine\/\",\"http:\/\/pinterest.com\/socialdesignmag\/\",\"http:\/\/www.youtube.com\/user\/socialdesignmagazine\"]},{\"@type\":\"Person\",\"@id\":\"https:\/\/socialdesignmagazine.com\/mag\/#\/schema\/person\/f26aea2d68a722d5ed3a1ee93c92aba9\",\"name\":\"jessica zannori\",\"image\":{\"@type\":\"ImageObject\",\"inLanguage\":\"it-IT\",\"@id\":\"https:\/\/secure.gravatar.com\/avatar\/e338d2d30b98ee192f7c7708f51c9b6a0f135e3e3399a9bec7d00e0496a346c6?s=96&d=mm&r=g\",\"url\":\"https:\/\/secure.gravatar.com\/avatar\/e338d2d30b98ee192f7c7708f51c9b6a0f135e3e3399a9bec7d00e0496a346c6?s=96&d=mm&r=g\",\"contentUrl\":\"https:\/\/secure.gravatar.com\/avatar\/e338d2d30b98ee192f7c7708f51c9b6a0f135e3e3399a9bec7d00e0496a346c6?s=96&d=mm&r=g\",\"caption\":\"jessica zannori\"},\"url\":\"https:\/\/socialdesignmagazine.com\/mag\/author\/jessy\/\"}]}<\/script>\n<!-- \/ Yoast SEO plugin. -->","yoast_head_json":{"title":"In anteprima i nuovi prodotti PATINA al Salone del Mobile 2014 - Social Design Magazine","description":"PATINA by Codital ci ha inviato in anteprima alcune delle novit\u00e0 che saranno presentate al Salone del Mobile 2014.","robots":{"index":"index","follow":"follow","max-snippet":"max-snippet:-1","max-image-preview":"max-image-preview:large","max-video-preview":"max-video-preview:-1"},"canonical":"https:\/\/socialdesignmagazine.com\/mag\/design\/in-anteprima-i-nuovi-prodotti-patina-al-salone-del-mobile-2014\/","og_locale":"it_IT","og_type":"article","og_title":"In anteprima i nuovi prodotti PATINA al Salone del Mobile 2014 - Social Design Magazine","og_description":"PATINA by Codital ci ha inviato in anteprima alcune delle novit\u00e0 che saranno presentate al Salone del Mobile 2014.","og_url":"http:\/\/socialdesignmagazine.com\/mag\/design\/in-anteprima-i-nuovi-prodotti-patina-al-salone-del-mobile-2014\/","og_site_name":"Social Design Magazine","article_publisher":"https:\/\/www.facebook.com\/socialdesignmag","article_published_time":"2014-02-18T08:00:00+00:00","article_modified_time":"2025-03-15T08:56:43+00:00","og_image":[{"width":720,"height":540,"url":"https:\/\/socialdesignmagazine.com\/mag\/wp-content\/uploads\/2014\/02\/users_Jessy_PATINA__Anteprima_Salone_del_Mobile_2014_PATINA___by_Codital_-_LE_CADRE_BOOKCASE_.jpg","type":"image\/jpeg"}],"author":"jessica zannori","twitter_card":"summary_large_image","twitter_creator":"@socialdesignmag","twitter_site":"@socialdesignmag","twitter_misc":{"Scritto da":"jessica zannori","Tempo di lettura stimato":"4 minuti"},"schema":{"@context":"https:\/\/schema.org","@graph":[{"@type":"Article","@id":"https:\/\/socialdesignmagazine.com\/mag\/design\/in-anteprima-i-nuovi-prodotti-patina-al-salone-del-mobile-2014\/#article","isPartOf":{"@id":"https:\/\/socialdesignmagazine.com\/mag\/design\/in-anteprima-i-nuovi-prodotti-patina-al-salone-del-mobile-2014\/"},"author":{"name":"jessica zannori","@id":"https:\/\/socialdesignmagazine.com\/mag\/#\/schema\/person\/f26aea2d68a722d5ed3a1ee93c92aba9"},"headline":"In anteprima i nuovi prodotti PATINA al Salone del Mobile 2014","datePublished":"2014-02-18T08:00:00+00:00","dateModified":"2025-03-15T08:56:43+00:00","mainEntityOfPage":{"@id":"https:\/\/socialdesignmagazine.com\/mag\/design\/in-anteprima-i-nuovi-prodotti-patina-al-salone-del-mobile-2014\/"},"wordCount":394,"commentCount":0,"publisher":{"@id":"https:\/\/socialdesignmagazine.com\/mag\/#organization"},"image":{"@id":"https:\/\/socialdesignmagazine.com\/mag\/design\/in-anteprima-i-nuovi-prodotti-patina-al-salone-del-mobile-2014\/#primaryimage"},"thumbnailUrl":"https:\/\/socialdesignmagazine.com\/mag\/wp-content\/uploads\/2014\/02\/users_Jessy_PATINA__Anteprima_Salone_del_Mobile_2014_PATINA___by_Codital_-_LE_CADRE_BOOKCASE_.jpg","keywords":["libreria","patina","salone del mobile 2014"],"articleSection":["Design"],"inLanguage":"it-IT","potentialAction":[{"@type":"CommentAction","name":"Comment","target":["https:\/\/socialdesignmagazine.com\/mag\/design\/in-anteprima-i-nuovi-prodotti-patina-al-salone-del-mobile-2014\/#respond"]}]},{"@type":"WebPage","@id":"https:\/\/socialdesignmagazine.com\/mag\/design\/in-anteprima-i-nuovi-prodotti-patina-al-salone-del-mobile-2014\/","url":"https:\/\/socialdesignmagazine.com\/mag\/design\/in-anteprima-i-nuovi-prodotti-patina-al-salone-del-mobile-2014\/","name":"In anteprima i nuovi prodotti PATINA al Salone del Mobile 2014 - Social Design Magazine","isPartOf":{"@id":"https:\/\/socialdesignmagazine.com\/mag\/#website"},"primaryImageOfPage":{"@id":"https:\/\/socialdesignmagazine.com\/mag\/design\/in-anteprima-i-nuovi-prodotti-patina-al-salone-del-mobile-2014\/#primaryimage"},"image":{"@id":"https:\/\/socialdesignmagazine.com\/mag\/design\/in-anteprima-i-nuovi-prodotti-patina-al-salone-del-mobile-2014\/#primaryimage"},"thumbnailUrl":"https:\/\/socialdesignmagazine.com\/mag\/wp-content\/uploads\/2014\/02\/users_Jessy_PATINA__Anteprima_Salone_del_Mobile_2014_PATINA___by_Codital_-_LE_CADRE_BOOKCASE_.jpg","datePublished":"2014-02-18T08:00:00+00:00","dateModified":"2025-03-15T08:56:43+00:00","description":"PATINA by Codital ci ha inviato in anteprima alcune delle novit\u00e0 che saranno presentate al Salone del Mobile 2014.","breadcrumb":{"@id":"https:\/\/socialdesignmagazine.com\/mag\/design\/in-anteprima-i-nuovi-prodotti-patina-al-salone-del-mobile-2014\/#breadcrumb"},"inLanguage":"it-IT","potentialAction":[{"@type":"ReadAction","target":["https:\/\/socialdesignmagazine.com\/mag\/design\/in-anteprima-i-nuovi-prodotti-patina-al-salone-del-mobile-2014\/"]}]},{"@type":"ImageObject","inLanguage":"it-IT","@id":"https:\/\/socialdesignmagazine.com\/mag\/design\/in-anteprima-i-nuovi-prodotti-patina-al-salone-del-mobile-2014\/#primaryimage","url":"https:\/\/socialdesignmagazine.com\/mag\/wp-content\/uploads\/2014\/02\/users_Jessy_PATINA__Anteprima_Salone_del_Mobile_2014_PATINA___by_Codital_-_LE_CADRE_BOOKCASE_.jpg","contentUrl":"https:\/\/socialdesignmagazine.com\/mag\/wp-content\/uploads\/2014\/02\/users_Jessy_PATINA__Anteprima_Salone_del_Mobile_2014_PATINA___by_Codital_-_LE_CADRE_BOOKCASE_.jpg","width":720,"height":540,"caption":"PATINA by Codital - LE CADRE BOOKCASE"},{"@type":"BreadcrumbList","@id":"https:\/\/socialdesignmagazine.com\/mag\/design\/in-anteprima-i-nuovi-prodotti-patina-al-salone-del-mobile-2014\/#breadcrumb","itemListElement":[{"@type":"ListItem","position":1,"name":"Home","item":"https:\/\/socialdesignmagazine.com\/mag\/"},{"@type":"ListItem","position":2,"name":"Design","item":"https:\/\/socialdesignmagazine.com\/mag\/design\/"},{"@type":"ListItem","position":3,"name":"In anteprima i nuovi prodotti PATINA al Salone del Mobile 2014"}]},{"@type":"WebSite","@id":"https:\/\/socialdesignmagazine.com\/mag\/#website","url":"https:\/\/socialdesignmagazine.com\/mag\/","name":"Social Design Magazine","description":"Social Magazine su Design, Architettura, Arte, Grafica","publisher":{"@id":"https:\/\/socialdesignmagazine.com\/mag\/#organization"},"potentialAction":[{"@type":"SearchAction","target":{"@type":"EntryPoint","urlTemplate":"https:\/\/socialdesignmagazine.com\/mag\/?s={search_term_string}"},"query-input":{"@type":"PropertyValueSpecification","valueRequired":true,"valueName":"search_term_string"}}],"inLanguage":"it-IT"},{"@type":"Organization","@id":"https:\/\/socialdesignmagazine.com\/mag\/#organization","name":"Social Design Magazine","url":"https:\/\/socialdesignmagazine.com\/mag\/","logo":{"@type":"ImageObject","inLanguage":"it-IT","@id":"https:\/\/socialdesignmagazine.com\/mag\/#\/schema\/logo\/image\/","url":"https:\/\/socialdesignmagazine.com\/mag\/wp-content\/uploads\/2017\/01\/logo_favicon_11.png","contentUrl":"https:\/\/socialdesignmagazine.com\/mag\/wp-content\/uploads\/2017\/01\/logo_favicon_11.png","width":1024,"height":1024,"caption":"Social Design Magazine"},"image":{"@id":"https:\/\/socialdesignmagazine.com\/mag\/#\/schema\/logo\/image\/"},"sameAs":["https:\/\/www.facebook.com\/socialdesignmag","https:\/\/x.com\/socialdesignmag","http:\/\/instagram.com\/social_design_magazine\/","http:\/\/pinterest.com\/socialdesignmag\/","http:\/\/www.youtube.com\/user\/socialdesignmagazine"]},{"@type":"Person","@id":"https:\/\/socialdesignmagazine.com\/mag\/#\/schema\/person\/f26aea2d68a722d5ed3a1ee93c92aba9","name":"jessica zannori","image":{"@type":"ImageObject","inLanguage":"it-IT","@id":"https:\/\/secure.gravatar.com\/avatar\/e338d2d30b98ee192f7c7708f51c9b6a0f135e3e3399a9bec7d00e0496a346c6?s=96&d=mm&r=g","url":"https:\/\/secure.gravatar.com\/avatar\/e338d2d30b98ee192f7c7708f51c9b6a0f135e3e3399a9bec7d00e0496a346c6?s=96&d=mm&r=g","contentUrl":"https:\/\/secure.gravatar.com\/avatar\/e338d2d30b98ee192f7c7708f51c9b6a0f135e3e3399a9bec7d00e0496a346c6?s=96&d=mm&r=g","caption":"jessica zannori"},"url":"https:\/\/socialdesignmagazine.com\/mag\/author\/jessy\/"}]}},"jetpack_featured_media_url":"https:\/\/socialdesignmagazine.com\/mag\/wp-content\/uploads\/2014\/02\/users_Jessy_PATINA__Anteprima_Salone_del_Mobile_2014_PATINA___by_Codital_-_LE_CADRE_BOOKCASE_.jpg","jetpack_sharing_enabled":true,"jetpack_shortlink":"https:\/\/wp.me\/p6cV7V-JC","gt_translate_keys":[{"key":"link","format":"url"}],"_links":{"self":[{"href":"https:\/\/socialdesignmagazine.com\/mag\/wp-json\/wp\/v2\/posts\/2828","targetHints":{"allow":["GET"]}}],"collection":[{"href":"https:\/\/socialdesignmagazine.com\/mag\/wp-json\/wp\/v2\/posts"}],"about":[{"href":"https:\/\/socialdesignmagazine.com\/mag\/wp-json\/wp\/v2\/types\/post"}],"author":[{"embeddable":true,"href":"https:\/\/socialdesignmagazine.com\/mag\/wp-json\/wp\/v2\/users\/6"}],"replies":[{"embeddable":true,"href":"https:\/\/socialdesignmagazine.com\/mag\/wp-json\/wp\/v2\/comments?post=2828"}],"version-history":[{"count":2,"href":"https:\/\/socialdesignmagazine.com\/mag\/wp-json\/wp\/v2\/posts\/2828\/revisions"}],"predecessor-version":[{"id":63538,"href":"https:\/\/socialdesignmagazine.com\/mag\/wp-json\/wp\/v2\/posts\/2828\/revisions\/63538"}],"wp:featuredmedia":[{"embeddable":true,"href":"https:\/\/socialdesignmagazine.com\/mag\/wp-json\/wp\/v2\/media\/16712"}],"wp:attachment":[{"href":"https:\/\/socialdesignmagazine.com\/mag\/wp-json\/wp\/v2\/media?parent=2828"}],"wp:term":[{"taxonomy":"category","embeddable":true,"href":"https:\/\/socialdesignmagazine.com\/mag\/wp-json\/wp\/v2\/categories?post=2828"},{"taxonomy":"post_tag","embeddable":true,"href":"https:\/\/socialdesignmagazine.com\/mag\/wp-json\/wp\/v2\/tags?post=2828"}],"curies":[{"name":"wp","href":"https:\/\/api.w.org\/{rel}","templated":true}]}}