{"id":2867,"date":"2014-03-03T19:00:00","date_gmt":"2014-03-03T18:00:00","guid":{"rendered":"https:\/\/socialdesignmagazine.com\/mag\/s6-design\/c43-design-news\/fuorisalone-cristalplant-e-agape-in-solferino-31-grandi-novita-per-ledizione-2014\/"},"modified":"2025-03-18T16:32:16","modified_gmt":"2025-03-18T15:32:16","slug":"fuorisalone-cristalplant-e-agape-in-solferino-31-grandi-novita-per-ledizione-2014","status":"publish","type":"post","link":"https:\/\/socialdesignmagazine.com\/mag\/news\/design-news\/fuorisalone-cristalplant-e-agape-in-solferino-31-grandi-novita-per-ledizione-2014\/","title":{"rendered":"Fuorisalone: Cristalplant e Agape in Solferino 31, grandi novit\u00e0 per l&#8217;edizione 2014","gt_translate_keys":[{"key":"rendered","format":"text"}]},"content":{"rendered":"\n<h2 class=\"wp-block-heading\"><span style=\"line-height: 1.3em;\">Grandi novit\u00e0 per la sesta edizione del &#8220;<a href=\"https:\/\/socialdesignmagazine.com\/mag\/design\/design-contest\/cristalplantr-design-contest-2014-sesta-edizione-con-un-partner-deccellenza-agape\/\"><strong>Cristalplant Design Contest<\/strong><\/a>&#8220;. Quest&#8217;anno non solo la<strong> premiazione del vincitore<\/strong> si svolger\u00e0 per la prima volta in via Solferino, ma un<strong> vero e proprio percorso sensoriale accoglier\u00e0 i visitatori<\/strong>.<\/span><\/h2>\n\n\n\n<p><strong>Un comune denominatore, l&#8217;acqua<\/strong>, per un percorso dall&#8217;alto impatto emotivo che coinvolge tutti i sensi: \u00e8 questo <strong>ci\u00f2 che aspetter\u00e0 i visitatori dello spazio espositivo di <a class=\"jcepopup\" href=\"http:\/\/www.cristalplant.it\" target=\"_blank\" rel=\"nofollow noopener\">Cristalplant\u00ae<\/a> e <a class=\"jcepopup\" href=\"http:\/\/www.agapedesign.it\" target=\"_blank\" rel=\"nofollow noopener\">Agape<\/a><\/strong> per l&#8217;<strong><a href=\"https:\/\/socialdesignmagazine.com\/mag\/tag\/fuorisalone-2014\/\">edizione 2014 del Fuorisalone<\/a> (8\/13 aprile)<\/strong>.<\/p>\n\n\n\n<p>L&#8217;<strong>allestimento progettato da Benedini&amp;Partners<\/strong>, con il supporto per la parte grafica di AAPA in uno spazio di 270 mq, si trova in <strong>via Solferino 31<\/strong>, a <strong>Milano<\/strong>, in zona Brera. Una cornice nuova per la <strong>premiazione del vincitore<\/strong> del &#8220;<strong>Cristalplant\u00ae Design Contest 2014<\/strong>&#8220;, ma le novit\u00e0 non finiscono qui.<\/p>\n\n\n\n<p><strong>I visitatori entreranno nella location passando tra due virtuali pareti d\u2019acqua<\/strong>, elemento chiave dell&#8217;intero progetto. Sulla parete di sinistra \u00e8 prevista un&#8217;installazione che racconter\u00e0 le aziende partner, Cristalplant\u00ae e Agape e, brevemente, i contenuti dell\u2019allestimento. <strong>Superato l&#8217;ingresso<\/strong> si aprir\u00e0 uno spazio ampio dove sar\u00e0 possibile <strong>verificar<\/strong>e come i designer* che collaborano con Agape si sono messi in gioco personalizzando, con decorazioni grafiche, <strong>alcuni prodotti in Cristalplant\u00ae Biobased<\/strong>.<\/p>\n\n\n\n<p>Proseguendo, si entrer\u00e0 in un <strong>secondo locale<\/strong> dove sar\u00e0 <strong>esposto<\/strong> il prototipo del <strong>progetto vincitore del &#8220;Cristalplant\u00ae Design Contest 2014&#8221;<\/strong> insieme alle menzioni d\u2019onore.&nbsp;<span style=\"line-height: 1.3em;\">Si aprir\u00e0 quindi una <strong>terza area dedicata al relax e alla convivialit\u00e0<\/strong>: l&#8217; &#8220;<strong>Aqua Caf\u00e8<\/strong>&#8220;.&nbsp;<\/span><span style=\"line-height: 1.3em;\"><strong>A chiudere il cerchio<\/strong> di questo percorso sensoriale \u00e8 stato scelto un partner d&#8217;eccezione, l&#8217;<strong>acqua minerale<\/strong> che rappresenta l&#8217;Italia nel mondo, <strong>Sanpellegrino<\/strong>.<\/span><\/p>\n\n\n\n<p>L&#8217;<strong>illuminazione<\/strong> di tutto lo spazio espositivo sar\u00e0 <strong>realizzata con prodotti Davide Groppi<\/strong>, realt\u00e0 piacentina che si occupa di progettazione e pianificazione luminosa curando one-off, allestimenti, mostre e tutto ci\u00f2 che viene definito \u201cluce sartoriale\u201d. Arredi, tavoli e sedie saranno di Arper azienda leader soprattutto per arredi in spazi di relazione.<\/p>\n\n\n\n<p>Per denotare il legame con il <strong>food and beverage<\/strong> &#8220;<strong>Made in Italy<\/strong>&#8221; sar\u00e0 presentato in anteprima il <strong>prosecco millesimato DOCG Caronelli<\/strong>, della nota ed esclusiva cantina trevigiana.<\/p>\n\n\n\n<p>EVENTO: <strong>Premiazione &#8220;Cristalplant Design Contest 2014&#8221; Cristalplant+Agape<\/strong><br>\nDATA\/ORARIO EVENTO: <strong>9 aprile 2014 dalle ore 19.00 (ingresso su invito)<\/strong><\/p>\n\n\n\n<p>NOME &#8211; AZIENDE PROMOTRICI: <strong>Cristalplant\u00ae, Agape<\/strong><br>\nZONA: Brera Design District<br>\nINDIRIZZO: <strong>via Solferino, 31<\/strong><\/p>\n\n\n\n<p>MEZZI DI TRASPORTO PER RAGGIUNGERE LA LOCATION: Bus 43\/61\/94 \/\/ Metropolitana &#8211; M2 &#8211; Linea verde, fermata Moscova.<br>\nDATE: <strong>8\/13 aprile 2014<\/strong><br>\nORARI: 10 am &#8211; 9 pm (circa)<\/p>\n","protected":false,"gt_translate_keys":[{"key":"rendered","format":"html"}]},"excerpt":{"rendered":"<p>Grandi novit\u00e0 per la sesta edizione del &#8220;Cristalplant Design Contest&#8221;. Quest&#8217;anno non solo la premiazione del vincitore si svolger\u00e0 per la prima volta in via Solferino, ma un vero e proprio percorso sensoriale accoglier\u00e0 i visitatori.<\/p>\n","protected":false,"gt_translate_keys":[{"key":"rendered","format":"html"}]},"author":29,"featured_media":16936,"comment_status":"open","ping_status":"open","sticky":false,"template":"","format":"standard","meta":{"jetpack_post_was_ever_published":false,"_jetpack_newsletter_access":"","_jetpack_dont_email_post_to_subs":false,"_jetpack_newsletter_tier_id":0,"_jetpack_memberships_contains_paywalled_content":false,"_jetpack_memberships_contains_paid_content":false,"footnotes":"","_wpscppro_dont_share_socialmedia":false,"_wpscppro_custom_social_share_image":0,"_facebook_share_type":"","_twitter_share_type":"","_linkedin_share_type":"","_pinterest_share_type":"","_linkedin_share_type_page":"","_instagram_share_type":"","_medium_share_type":"","_threads_share_type":"","_google_business_share_type":"","_selected_social_profile":[],"_wpsp_enable_custom_social_template":false,"_wpsp_social_scheduling":{"enabled":false,"datetime":null,"platforms":[],"status":"template_only","dateOption":"today","timeOption":"now","customDays":"","customHours":"","customDate":"","customTime":"","schedulingType":"absolute"},"_wpsp_active_default_template":true},"categories":[17],"tags":[1331,3725],"class_list":["post-2867","post","type-post","status-publish","format-standard","has-post-thumbnail","hentry","category-design-news","tag-cristalplant","tag-fuorisalone-2014"],"yoast_head":"<!-- This site is optimized with the Yoast SEO plugin v27.2 - https:\/\/yoast.com\/product\/yoast-seo-wordpress\/ -->\n<title>Fuorisalone: Cristalplant e Agape in Solferino 31, grandi novit\u00e0 per l&#039;edizione 2014 - Social Design Magazine<\/title>\n<meta name=\"description\" content=\"Quest&#039;anno non solo la premiazione del vincitore si svolger\u00e0 per la prima volta in via Solferino, ma un vero e proprio percorso sensoriale accoglier\u00e0 i visitatori.\" \/>\n<meta name=\"robots\" content=\"index, follow, max-snippet:-1, max-image-preview:large, max-video-preview:-1\" \/>\n<link rel=\"canonical\" href=\"https:\/\/socialdesignmagazine.com\/mag\/news\/design-news\/fuorisalone-cristalplant-e-agape-in-solferino-31-grandi-novita-per-ledizione-2014\/\" \/>\n<meta property=\"og:locale\" content=\"it_IT\" \/>\n<meta property=\"og:type\" content=\"article\" \/>\n<meta property=\"og:title\" content=\"Fuorisalone: Cristalplant e Agape in Solferino 31, grandi novit\u00e0 per l&#039;edizione 2014 - Social Design Magazine\" \/>\n<meta property=\"og:description\" content=\"Quest&#039;anno non solo la premiazione del vincitore si svolger\u00e0 per la prima volta in via Solferino, ma un vero e proprio percorso sensoriale accoglier\u00e0 i visitatori.\" \/>\n<meta property=\"og:url\" content=\"http:\/\/socialdesignmagazine.com\/mag\/news\/design-news\/fuorisalone-cristalplant-e-agape-in-solferino-31-grandi-novita-per-ledizione-2014\/\" \/>\n<meta property=\"og:site_name\" content=\"Social Design Magazine\" \/>\n<meta property=\"article:publisher\" content=\"https:\/\/www.facebook.com\/socialdesignmag\" \/>\n<meta property=\"article:published_time\" content=\"2014-03-03T18:00:00+00:00\" \/>\n<meta property=\"article:modified_time\" content=\"2025-03-18T15:32:16+00:00\" \/>\n<meta property=\"og:image\" content=\"https:\/\/socialdesignmagazine.com\/mag\/wp-content\/uploads\/2014\/03\/users_socialdesignmagazine_fuorisalone_2014_Fuorisalone_Cristalplant_Agape.jpg\" \/>\n\t<meta property=\"og:image:width\" content=\"720\" \/>\n\t<meta property=\"og:image:height\" content=\"959\" \/>\n\t<meta property=\"og:image:type\" content=\"image\/jpeg\" \/>\n<meta name=\"author\" content=\"Social Design Magazine\" \/>\n<meta name=\"twitter:card\" content=\"summary_large_image\" \/>\n<meta name=\"twitter:creator\" content=\"@socialdesignmag\" \/>\n<meta name=\"twitter:site\" content=\"@socialdesignmag\" \/>\n<meta name=\"twitter:label1\" content=\"Scritto da\" \/>\n\t<meta name=\"twitter:data1\" content=\"Social Design Magazine\" \/>\n\t<meta name=\"twitter:label2\" content=\"Tempo di lettura stimato\" \/>\n\t<meta name=\"twitter:data2\" content=\"3 minuti\" \/>\n<script type=\"application\/ld+json\" class=\"yoast-schema-graph\">{\"@context\":\"https:\/\/schema.org\",\"@graph\":[{\"@type\":\"Article\",\"@id\":\"https:\/\/socialdesignmagazine.com\/mag\/news\/design-news\/fuorisalone-cristalplant-e-agape-in-solferino-31-grandi-novita-per-ledizione-2014\/#article\",\"isPartOf\":{\"@id\":\"https:\/\/socialdesignmagazine.com\/mag\/news\/design-news\/fuorisalone-cristalplant-e-agape-in-solferino-31-grandi-novita-per-ledizione-2014\/\"},\"author\":{\"name\":\"Social Design Magazine\",\"@id\":\"https:\/\/socialdesignmagazine.com\/mag\/#\/schema\/person\/a6504ba2c0a67a08787f38c0aac3f3dc\"},\"headline\":\"Fuorisalone: Cristalplant e Agape in Solferino 31, grandi novit\u00e0 per l&#8217;edizione 2014\",\"datePublished\":\"2014-03-03T18:00:00+00:00\",\"dateModified\":\"2025-03-18T15:32:16+00:00\",\"mainEntityOfPage\":{\"@id\":\"https:\/\/socialdesignmagazine.com\/mag\/news\/design-news\/fuorisalone-cristalplant-e-agape-in-solferino-31-grandi-novita-per-ledizione-2014\/\"},\"wordCount\":399,\"commentCount\":0,\"publisher\":{\"@id\":\"https:\/\/socialdesignmagazine.com\/mag\/#organization\"},\"image\":{\"@id\":\"https:\/\/socialdesignmagazine.com\/mag\/news\/design-news\/fuorisalone-cristalplant-e-agape-in-solferino-31-grandi-novita-per-ledizione-2014\/#primaryimage\"},\"thumbnailUrl\":\"https:\/\/socialdesignmagazine.com\/mag\/wp-content\/uploads\/2014\/03\/users_socialdesignmagazine_fuorisalone_2014_Fuorisalone_Cristalplant_Agape.jpg\",\"keywords\":[\"cristalplant\",\"fuorisalone 2014\"],\"articleSection\":[\"Design News\"],\"inLanguage\":\"it-IT\",\"potentialAction\":[{\"@type\":\"CommentAction\",\"name\":\"Comment\",\"target\":[\"https:\/\/socialdesignmagazine.com\/mag\/news\/design-news\/fuorisalone-cristalplant-e-agape-in-solferino-31-grandi-novita-per-ledizione-2014\/#respond\"]}]},{\"@type\":\"WebPage\",\"@id\":\"https:\/\/socialdesignmagazine.com\/mag\/news\/design-news\/fuorisalone-cristalplant-e-agape-in-solferino-31-grandi-novita-per-ledizione-2014\/\",\"url\":\"https:\/\/socialdesignmagazine.com\/mag\/news\/design-news\/fuorisalone-cristalplant-e-agape-in-solferino-31-grandi-novita-per-ledizione-2014\/\",\"name\":\"Fuorisalone: Cristalplant e Agape in Solferino 31, grandi novit\u00e0 per l'edizione 2014 - Social Design Magazine\",\"isPartOf\":{\"@id\":\"https:\/\/socialdesignmagazine.com\/mag\/#website\"},\"primaryImageOfPage\":{\"@id\":\"https:\/\/socialdesignmagazine.com\/mag\/news\/design-news\/fuorisalone-cristalplant-e-agape-in-solferino-31-grandi-novita-per-ledizione-2014\/#primaryimage\"},\"image\":{\"@id\":\"https:\/\/socialdesignmagazine.com\/mag\/news\/design-news\/fuorisalone-cristalplant-e-agape-in-solferino-31-grandi-novita-per-ledizione-2014\/#primaryimage\"},\"thumbnailUrl\":\"https:\/\/socialdesignmagazine.com\/mag\/wp-content\/uploads\/2014\/03\/users_socialdesignmagazine_fuorisalone_2014_Fuorisalone_Cristalplant_Agape.jpg\",\"datePublished\":\"2014-03-03T18:00:00+00:00\",\"dateModified\":\"2025-03-18T15:32:16+00:00\",\"description\":\"Quest'anno non solo la premiazione del vincitore si svolger\u00e0 per la prima volta in via Solferino, ma un vero e proprio percorso sensoriale accoglier\u00e0 i visitatori.\",\"breadcrumb\":{\"@id\":\"https:\/\/socialdesignmagazine.com\/mag\/news\/design-news\/fuorisalone-cristalplant-e-agape-in-solferino-31-grandi-novita-per-ledizione-2014\/#breadcrumb\"},\"inLanguage\":\"it-IT\",\"potentialAction\":[{\"@type\":\"ReadAction\",\"target\":[\"https:\/\/socialdesignmagazine.com\/mag\/news\/design-news\/fuorisalone-cristalplant-e-agape-in-solferino-31-grandi-novita-per-ledizione-2014\/\"]}]},{\"@type\":\"ImageObject\",\"inLanguage\":\"it-IT\",\"@id\":\"https:\/\/socialdesignmagazine.com\/mag\/news\/design-news\/fuorisalone-cristalplant-e-agape-in-solferino-31-grandi-novita-per-ledizione-2014\/#primaryimage\",\"url\":\"https:\/\/socialdesignmagazine.com\/mag\/wp-content\/uploads\/2014\/03\/users_socialdesignmagazine_fuorisalone_2014_Fuorisalone_Cristalplant_Agape.jpg\",\"contentUrl\":\"https:\/\/socialdesignmagazine.com\/mag\/wp-content\/uploads\/2014\/03\/users_socialdesignmagazine_fuorisalone_2014_Fuorisalone_Cristalplant_Agape.jpg\",\"width\":720,\"height\":959,\"caption\":\"Fuorisalone Cristalplant Agape\"},{\"@type\":\"BreadcrumbList\",\"@id\":\"https:\/\/socialdesignmagazine.com\/mag\/news\/design-news\/fuorisalone-cristalplant-e-agape-in-solferino-31-grandi-novita-per-ledizione-2014\/#breadcrumb\",\"itemListElement\":[{\"@type\":\"ListItem\",\"position\":1,\"name\":\"Home\",\"item\":\"https:\/\/socialdesignmagazine.com\/mag\/\"},{\"@type\":\"ListItem\",\"position\":2,\"name\":\"News\",\"item\":\"https:\/\/socialdesignmagazine.com\/mag\/news\/\"},{\"@type\":\"ListItem\",\"position\":3,\"name\":\"Design News\",\"item\":\"https:\/\/socialdesignmagazine.com\/mag\/news\/design-news\/\"},{\"@type\":\"ListItem\",\"position\":4,\"name\":\"Fuorisalone: Cristalplant e Agape in Solferino 31, grandi novit\u00e0 per l&#8217;edizione 2014\"}]},{\"@type\":\"WebSite\",\"@id\":\"https:\/\/socialdesignmagazine.com\/mag\/#website\",\"url\":\"https:\/\/socialdesignmagazine.com\/mag\/\",\"name\":\"Social Design Magazine\",\"description\":\"Social Magazine su Design, Architettura, Arte, Grafica\",\"publisher\":{\"@id\":\"https:\/\/socialdesignmagazine.com\/mag\/#organization\"},\"potentialAction\":[{\"@type\":\"SearchAction\",\"target\":{\"@type\":\"EntryPoint\",\"urlTemplate\":\"https:\/\/socialdesignmagazine.com\/mag\/?s={search_term_string}\"},\"query-input\":{\"@type\":\"PropertyValueSpecification\",\"valueRequired\":true,\"valueName\":\"search_term_string\"}}],\"inLanguage\":\"it-IT\"},{\"@type\":\"Organization\",\"@id\":\"https:\/\/socialdesignmagazine.com\/mag\/#organization\",\"name\":\"Social Design Magazine\",\"url\":\"https:\/\/socialdesignmagazine.com\/mag\/\",\"logo\":{\"@type\":\"ImageObject\",\"inLanguage\":\"it-IT\",\"@id\":\"https:\/\/socialdesignmagazine.com\/mag\/#\/schema\/logo\/image\/\",\"url\":\"https:\/\/socialdesignmagazine.com\/mag\/wp-content\/uploads\/2017\/01\/logo_favicon_11.png\",\"contentUrl\":\"https:\/\/socialdesignmagazine.com\/mag\/wp-content\/uploads\/2017\/01\/logo_favicon_11.png\",\"width\":1024,\"height\":1024,\"caption\":\"Social Design Magazine\"},\"image\":{\"@id\":\"https:\/\/socialdesignmagazine.com\/mag\/#\/schema\/logo\/image\/\"},\"sameAs\":[\"https:\/\/www.facebook.com\/socialdesignmag\",\"https:\/\/x.com\/socialdesignmag\",\"http:\/\/instagram.com\/social_design_magazine\/\",\"http:\/\/pinterest.com\/socialdesignmag\/\",\"http:\/\/www.youtube.com\/user\/socialdesignmagazine\"]},{\"@type\":\"Person\",\"@id\":\"https:\/\/socialdesignmagazine.com\/mag\/#\/schema\/person\/a6504ba2c0a67a08787f38c0aac3f3dc\",\"name\":\"Social Design Magazine\",\"image\":{\"@type\":\"ImageObject\",\"inLanguage\":\"it-IT\",\"@id\":\"https:\/\/socialdesignmagazine.com\/mag\/wp-content\/uploads\/2017\/01\/logo_favicon_11-768x768.png\",\"url\":\"https:\/\/socialdesignmagazine.com\/mag\/wp-content\/uploads\/2017\/01\/logo_favicon_11-768x768.png\",\"contentUrl\":\"https:\/\/socialdesignmagazine.com\/mag\/wp-content\/uploads\/2017\/01\/logo_favicon_11-768x768.png\",\"caption\":\"Social Design Magazine\"},\"description\":\"SOCIALDESIGNMAGAZINE.COM \u00c8 UN SOCIAL MAGAZINE ONLINE, UNO SPAZIO COLLABORATIVO APERTO A TUTTI I CREATIVI: DESIGNER, ARCHITETTI, GRAPHIC DESIGNER E ARTISTI, CON UN OCCHIO DI RIGUARDO PER I PROGETTISTI EMERGENTI.\",\"sameAs\":[\"https:\/\/socialdesignmagazine.com\/\",\"https:\/\/x.com\/socialdesignmag\",\"http:\/\/www.youtube.com\/user\/socialdesignmagazine\"],\"url\":\"https:\/\/socialdesignmagazine.com\/mag\/author\/socialdesignmagazine\/\"}]}<\/script>\n<!-- \/ Yoast SEO plugin. -->","yoast_head_json":{"title":"Fuorisalone: Cristalplant e Agape in Solferino 31, grandi novit\u00e0 per l'edizione 2014 - Social Design Magazine","description":"Quest'anno non solo la premiazione del vincitore si svolger\u00e0 per la prima volta in via Solferino, ma un vero e proprio percorso sensoriale accoglier\u00e0 i visitatori.","robots":{"index":"index","follow":"follow","max-snippet":"max-snippet:-1","max-image-preview":"max-image-preview:large","max-video-preview":"max-video-preview:-1"},"canonical":"https:\/\/socialdesignmagazine.com\/mag\/news\/design-news\/fuorisalone-cristalplant-e-agape-in-solferino-31-grandi-novita-per-ledizione-2014\/","og_locale":"it_IT","og_type":"article","og_title":"Fuorisalone: Cristalplant e Agape in Solferino 31, grandi novit\u00e0 per l'edizione 2014 - Social Design Magazine","og_description":"Quest'anno non solo la premiazione del vincitore si svolger\u00e0 per la prima volta in via Solferino, ma un vero e proprio percorso sensoriale accoglier\u00e0 i visitatori.","og_url":"http:\/\/socialdesignmagazine.com\/mag\/news\/design-news\/fuorisalone-cristalplant-e-agape-in-solferino-31-grandi-novita-per-ledizione-2014\/","og_site_name":"Social Design Magazine","article_publisher":"https:\/\/www.facebook.com\/socialdesignmag","article_published_time":"2014-03-03T18:00:00+00:00","article_modified_time":"2025-03-18T15:32:16+00:00","og_image":[{"width":720,"height":959,"url":"https:\/\/socialdesignmagazine.com\/mag\/wp-content\/uploads\/2014\/03\/users_socialdesignmagazine_fuorisalone_2014_Fuorisalone_Cristalplant_Agape.jpg","type":"image\/jpeg"}],"author":"Social Design Magazine","twitter_card":"summary_large_image","twitter_creator":"@socialdesignmag","twitter_site":"@socialdesignmag","twitter_misc":{"Scritto da":"Social Design Magazine","Tempo di lettura stimato":"3 minuti"},"schema":{"@context":"https:\/\/schema.org","@graph":[{"@type":"Article","@id":"https:\/\/socialdesignmagazine.com\/mag\/news\/design-news\/fuorisalone-cristalplant-e-agape-in-solferino-31-grandi-novita-per-ledizione-2014\/#article","isPartOf":{"@id":"https:\/\/socialdesignmagazine.com\/mag\/news\/design-news\/fuorisalone-cristalplant-e-agape-in-solferino-31-grandi-novita-per-ledizione-2014\/"},"author":{"name":"Social Design Magazine","@id":"https:\/\/socialdesignmagazine.com\/mag\/#\/schema\/person\/a6504ba2c0a67a08787f38c0aac3f3dc"},"headline":"Fuorisalone: Cristalplant e Agape in Solferino 31, grandi novit\u00e0 per l&#8217;edizione 2014","datePublished":"2014-03-03T18:00:00+00:00","dateModified":"2025-03-18T15:32:16+00:00","mainEntityOfPage":{"@id":"https:\/\/socialdesignmagazine.com\/mag\/news\/design-news\/fuorisalone-cristalplant-e-agape-in-solferino-31-grandi-novita-per-ledizione-2014\/"},"wordCount":399,"commentCount":0,"publisher":{"@id":"https:\/\/socialdesignmagazine.com\/mag\/#organization"},"image":{"@id":"https:\/\/socialdesignmagazine.com\/mag\/news\/design-news\/fuorisalone-cristalplant-e-agape-in-solferino-31-grandi-novita-per-ledizione-2014\/#primaryimage"},"thumbnailUrl":"https:\/\/socialdesignmagazine.com\/mag\/wp-content\/uploads\/2014\/03\/users_socialdesignmagazine_fuorisalone_2014_Fuorisalone_Cristalplant_Agape.jpg","keywords":["cristalplant","fuorisalone 2014"],"articleSection":["Design News"],"inLanguage":"it-IT","potentialAction":[{"@type":"CommentAction","name":"Comment","target":["https:\/\/socialdesignmagazine.com\/mag\/news\/design-news\/fuorisalone-cristalplant-e-agape-in-solferino-31-grandi-novita-per-ledizione-2014\/#respond"]}]},{"@type":"WebPage","@id":"https:\/\/socialdesignmagazine.com\/mag\/news\/design-news\/fuorisalone-cristalplant-e-agape-in-solferino-31-grandi-novita-per-ledizione-2014\/","url":"https:\/\/socialdesignmagazine.com\/mag\/news\/design-news\/fuorisalone-cristalplant-e-agape-in-solferino-31-grandi-novita-per-ledizione-2014\/","name":"Fuorisalone: Cristalplant e Agape in Solferino 31, grandi novit\u00e0 per l'edizione 2014 - Social Design Magazine","isPartOf":{"@id":"https:\/\/socialdesignmagazine.com\/mag\/#website"},"primaryImageOfPage":{"@id":"https:\/\/socialdesignmagazine.com\/mag\/news\/design-news\/fuorisalone-cristalplant-e-agape-in-solferino-31-grandi-novita-per-ledizione-2014\/#primaryimage"},"image":{"@id":"https:\/\/socialdesignmagazine.com\/mag\/news\/design-news\/fuorisalone-cristalplant-e-agape-in-solferino-31-grandi-novita-per-ledizione-2014\/#primaryimage"},"thumbnailUrl":"https:\/\/socialdesignmagazine.com\/mag\/wp-content\/uploads\/2014\/03\/users_socialdesignmagazine_fuorisalone_2014_Fuorisalone_Cristalplant_Agape.jpg","datePublished":"2014-03-03T18:00:00+00:00","dateModified":"2025-03-18T15:32:16+00:00","description":"Quest'anno non solo la premiazione del vincitore si svolger\u00e0 per la prima volta in via Solferino, ma un vero e proprio percorso sensoriale accoglier\u00e0 i visitatori.","breadcrumb":{"@id":"https:\/\/socialdesignmagazine.com\/mag\/news\/design-news\/fuorisalone-cristalplant-e-agape-in-solferino-31-grandi-novita-per-ledizione-2014\/#breadcrumb"},"inLanguage":"it-IT","potentialAction":[{"@type":"ReadAction","target":["https:\/\/socialdesignmagazine.com\/mag\/news\/design-news\/fuorisalone-cristalplant-e-agape-in-solferino-31-grandi-novita-per-ledizione-2014\/"]}]},{"@type":"ImageObject","inLanguage":"it-IT","@id":"https:\/\/socialdesignmagazine.com\/mag\/news\/design-news\/fuorisalone-cristalplant-e-agape-in-solferino-31-grandi-novita-per-ledizione-2014\/#primaryimage","url":"https:\/\/socialdesignmagazine.com\/mag\/wp-content\/uploads\/2014\/03\/users_socialdesignmagazine_fuorisalone_2014_Fuorisalone_Cristalplant_Agape.jpg","contentUrl":"https:\/\/socialdesignmagazine.com\/mag\/wp-content\/uploads\/2014\/03\/users_socialdesignmagazine_fuorisalone_2014_Fuorisalone_Cristalplant_Agape.jpg","width":720,"height":959,"caption":"Fuorisalone Cristalplant Agape"},{"@type":"BreadcrumbList","@id":"https:\/\/socialdesignmagazine.com\/mag\/news\/design-news\/fuorisalone-cristalplant-e-agape-in-solferino-31-grandi-novita-per-ledizione-2014\/#breadcrumb","itemListElement":[{"@type":"ListItem","position":1,"name":"Home","item":"https:\/\/socialdesignmagazine.com\/mag\/"},{"@type":"ListItem","position":2,"name":"News","item":"https:\/\/socialdesignmagazine.com\/mag\/news\/"},{"@type":"ListItem","position":3,"name":"Design News","item":"https:\/\/socialdesignmagazine.com\/mag\/news\/design-news\/"},{"@type":"ListItem","position":4,"name":"Fuorisalone: Cristalplant e Agape in Solferino 31, grandi novit\u00e0 per l&#8217;edizione 2014"}]},{"@type":"WebSite","@id":"https:\/\/socialdesignmagazine.com\/mag\/#website","url":"https:\/\/socialdesignmagazine.com\/mag\/","name":"Social Design Magazine","description":"Social Magazine su Design, Architettura, Arte, Grafica","publisher":{"@id":"https:\/\/socialdesignmagazine.com\/mag\/#organization"},"potentialAction":[{"@type":"SearchAction","target":{"@type":"EntryPoint","urlTemplate":"https:\/\/socialdesignmagazine.com\/mag\/?s={search_term_string}"},"query-input":{"@type":"PropertyValueSpecification","valueRequired":true,"valueName":"search_term_string"}}],"inLanguage":"it-IT"},{"@type":"Organization","@id":"https:\/\/socialdesignmagazine.com\/mag\/#organization","name":"Social Design Magazine","url":"https:\/\/socialdesignmagazine.com\/mag\/","logo":{"@type":"ImageObject","inLanguage":"it-IT","@id":"https:\/\/socialdesignmagazine.com\/mag\/#\/schema\/logo\/image\/","url":"https:\/\/socialdesignmagazine.com\/mag\/wp-content\/uploads\/2017\/01\/logo_favicon_11.png","contentUrl":"https:\/\/socialdesignmagazine.com\/mag\/wp-content\/uploads\/2017\/01\/logo_favicon_11.png","width":1024,"height":1024,"caption":"Social Design Magazine"},"image":{"@id":"https:\/\/socialdesignmagazine.com\/mag\/#\/schema\/logo\/image\/"},"sameAs":["https:\/\/www.facebook.com\/socialdesignmag","https:\/\/x.com\/socialdesignmag","http:\/\/instagram.com\/social_design_magazine\/","http:\/\/pinterest.com\/socialdesignmag\/","http:\/\/www.youtube.com\/user\/socialdesignmagazine"]},{"@type":"Person","@id":"https:\/\/socialdesignmagazine.com\/mag\/#\/schema\/person\/a6504ba2c0a67a08787f38c0aac3f3dc","name":"Social Design Magazine","image":{"@type":"ImageObject","inLanguage":"it-IT","@id":"https:\/\/socialdesignmagazine.com\/mag\/wp-content\/uploads\/2017\/01\/logo_favicon_11-768x768.png","url":"https:\/\/socialdesignmagazine.com\/mag\/wp-content\/uploads\/2017\/01\/logo_favicon_11-768x768.png","contentUrl":"https:\/\/socialdesignmagazine.com\/mag\/wp-content\/uploads\/2017\/01\/logo_favicon_11-768x768.png","caption":"Social Design Magazine"},"description":"SOCIALDESIGNMAGAZINE.COM \u00c8 UN SOCIAL MAGAZINE ONLINE, UNO SPAZIO COLLABORATIVO APERTO A TUTTI I CREATIVI: DESIGNER, ARCHITETTI, GRAPHIC DESIGNER E ARTISTI, CON UN OCCHIO DI RIGUARDO PER I PROGETTISTI EMERGENTI.","sameAs":["https:\/\/socialdesignmagazine.com\/","https:\/\/x.com\/socialdesignmag","http:\/\/www.youtube.com\/user\/socialdesignmagazine"],"url":"https:\/\/socialdesignmagazine.com\/mag\/author\/socialdesignmagazine\/"}]}},"jetpack_featured_media_url":"https:\/\/socialdesignmagazine.com\/mag\/wp-content\/uploads\/2014\/03\/users_socialdesignmagazine_fuorisalone_2014_Fuorisalone_Cristalplant_Agape.jpg","jetpack_sharing_enabled":true,"jetpack_shortlink":"https:\/\/wp.me\/p6cV7V-Kf","gt_translate_keys":[{"key":"link","format":"url"}],"_links":{"self":[{"href":"https:\/\/socialdesignmagazine.com\/mag\/wp-json\/wp\/v2\/posts\/2867","targetHints":{"allow":["GET"]}}],"collection":[{"href":"https:\/\/socialdesignmagazine.com\/mag\/wp-json\/wp\/v2\/posts"}],"about":[{"href":"https:\/\/socialdesignmagazine.com\/mag\/wp-json\/wp\/v2\/types\/post"}],"author":[{"embeddable":true,"href":"https:\/\/socialdesignmagazine.com\/mag\/wp-json\/wp\/v2\/users\/29"}],"replies":[{"embeddable":true,"href":"https:\/\/socialdesignmagazine.com\/mag\/wp-json\/wp\/v2\/comments?post=2867"}],"version-history":[{"count":3,"href":"https:\/\/socialdesignmagazine.com\/mag\/wp-json\/wp\/v2\/posts\/2867\/revisions"}],"predecessor-version":[{"id":63604,"href":"https:\/\/socialdesignmagazine.com\/mag\/wp-json\/wp\/v2\/posts\/2867\/revisions\/63604"}],"wp:featuredmedia":[{"embeddable":true,"href":"https:\/\/socialdesignmagazine.com\/mag\/wp-json\/wp\/v2\/media\/16936"}],"wp:attachment":[{"href":"https:\/\/socialdesignmagazine.com\/mag\/wp-json\/wp\/v2\/media?parent=2867"}],"wp:term":[{"taxonomy":"category","embeddable":true,"href":"https:\/\/socialdesignmagazine.com\/mag\/wp-json\/wp\/v2\/categories?post=2867"},{"taxonomy":"post_tag","embeddable":true,"href":"https:\/\/socialdesignmagazine.com\/mag\/wp-json\/wp\/v2\/tags?post=2867"}],"curies":[{"name":"wp","href":"https:\/\/api.w.org\/{rel}","templated":true}]}}