{"id":29412,"date":"2016-10-08T16:00:21","date_gmt":"2016-10-08T14:00:21","guid":{"rendered":"https:\/\/socialdesignmagazine.com\/mag\/?p=29412"},"modified":"2016-10-08T14:04:38","modified_gmt":"2016-10-08T12:04:38","slug":"il-movimento-e-sulle-pareti-con-gym-di-agena","status":"publish","type":"post","link":"https:\/\/socialdesignmagazine.com\/mag\/news\/architettura-news\/il-movimento-e-sulle-pareti-con-gym-di-agena\/","title":{"rendered":"Il movimento \u00e8 sulle pareti, con GYM di Agena","gt_translate_keys":[{"key":"rendered","format":"text"}]},"content":{"rendered":"<header>\n<h2 class=\"xl-title\">Con l\u2019arrivo dell\u2019autunno si riprende l\u2019attivit\u00e0 sportiva, per gli appassionati o per le palestre <a rel=\"nofollow\" href=\"http:\/\/www.agenagroup.it\">Agena<\/a> propone GYM, poster d\u2019arredo energico dai colori raffinati e dai disegni ombreggiati.<\/h2>\n<\/header>\n<p>Tipicamente l\u2019arrivo dell\u2019autunno coincide anche con la ripresa delle attivit\u00e0 sportive, trovare la giusta motivazione non \u00e8 sempre facile, Agena propone una carta da parati disponibile come poster, in due differenti misure, della collezione Sport Chic, il cui nome richiama proprio il motivo grafico che la contraddistingue: GYM. Il perfetto connubio tra la passione per lo sport ed il fascino di un elemento decorativo ideale per rinnovare ambienti, stanze e palestre.<\/p>\n<p>Se \u00e8 vero dunque che \u201cchi ben comincia \u00e8 a met\u00e0 dell&#8217;opera\u201d non bisogna lasciare l&#8217;attivit\u00e0 incompiuta, ma rimanere motivati anche quando l&#8217;entusiasmo iniziale inizia a svanire; e con GYM alle pareti la voglia di movimento \u00e8 assicurata nel corso del tempo.<\/p>\n<p>Arredare con i poster garantisce un forte effetto estetico e semplicit\u00e0 di installazione. I pannelli GYM sono disponibili in due formati rettangolari, GYM S di dimensioni 136&#215;207 e GYM L, set di 2 rolli, di mtl 105&#215;320, per adattarsi sia a spazi pi\u00f9 ridotti che pi\u00f9 ampi. Molto caratteristico, GYM \u00e8 proposto in un\u2019unica variante colore, che spazia nei toni del tortora e del panna presentando disegni che hanno un forte richiamo alla ginnastica artistica senza essere scontati. Ad accompagnare questi rimandi ci sono i fiori, ton sur ton ed a contrasto, che lo rendono vivace senza risultare invadente, esaltandone i tratti in un gioco di chiari\/scuri.<\/p>\n<p><a href=\"https:\/\/socialdesignmagazine.com\/mag\/?attachment_id=29413#content\" rel=\"attachment wp-att-29413\"><img loading=\"lazy\" decoding=\"async\" data-attachment-id=\"29413\" data-permalink=\"https:\/\/socialdesignmagazine.com\/mag\/news\/architettura-news\/il-movimento-e-sulle-pareti-con-gym-di-agena\/attachment\/agenacartadaparatigym\/#content\" data-orig-file=\"https:\/\/socialdesignmagazine.com\/mag\/wp-content\/uploads\/2016\/10\/AgenaCartaDaParatiGYM.jpg\" data-orig-size=\"880,695\" data-comments-opened=\"1\" data-image-meta=\"{&quot;aperture&quot;:&quot;0&quot;,&quot;credit&quot;:&quot;&quot;,&quot;camera&quot;:&quot;&quot;,&quot;caption&quot;:&quot;&quot;,&quot;created_timestamp&quot;:&quot;0&quot;,&quot;copyright&quot;:&quot;&quot;,&quot;focal_length&quot;:&quot;0&quot;,&quot;iso&quot;:&quot;0&quot;,&quot;shutter_speed&quot;:&quot;0&quot;,&quot;title&quot;:&quot;&quot;,&quot;orientation&quot;:&quot;1&quot;}\" data-image-title=\"agenacartadaparatigym\" data-image-description=\"\" data-image-caption=\"\" data-medium-file=\"https:\/\/socialdesignmagazine.com\/mag\/wp-content\/uploads\/2016\/10\/AgenaCartaDaParatiGYM-396x256.jpg\" data-large-file=\"https:\/\/socialdesignmagazine.com\/mag\/wp-content\/uploads\/2016\/10\/AgenaCartaDaParatiGYM.jpg\" class=\"alignnone size-full wp-image-29413\" src=\"https:\/\/socialdesignmagazine.com\/mag\/wp-content\/uploads\/2016\/10\/AgenaCartaDaParatiGYM.jpg\" alt=\"agenacartadaparatigym\" width=\"880\" height=\"695\" srcset=\"https:\/\/socialdesignmagazine.com\/mag\/wp-content\/uploads\/2016\/10\/AgenaCartaDaParatiGYM.jpg 880w, https:\/\/socialdesignmagazine.com\/mag\/wp-content\/uploads\/2016\/10\/AgenaCartaDaParatiGYM-768x607.jpg 768w\" sizes=\"auto, (max-width: 880px) 100vw, 880px\" \/><\/a><\/p>\n<p><a href=\"https:\/\/socialdesignmagazine.com\/mag\/?attachment_id=29414#content\" rel=\"attachment wp-att-29414\"><img loading=\"lazy\" decoding=\"async\" data-attachment-id=\"29414\" data-permalink=\"https:\/\/socialdesignmagazine.com\/mag\/news\/architettura-news\/il-movimento-e-sulle-pareti-con-gym-di-agena\/attachment\/agenacartadaparatigympart\/#content\" data-orig-file=\"https:\/\/socialdesignmagazine.com\/mag\/wp-content\/uploads\/2016\/10\/AgenaCartaDaParatiGYMpart.jpg\" data-orig-size=\"880,586\" data-comments-opened=\"1\" data-image-meta=\"{&quot;aperture&quot;:&quot;0&quot;,&quot;credit&quot;:&quot;&quot;,&quot;camera&quot;:&quot;&quot;,&quot;caption&quot;:&quot;&quot;,&quot;created_timestamp&quot;:&quot;0&quot;,&quot;copyright&quot;:&quot;&quot;,&quot;focal_length&quot;:&quot;0&quot;,&quot;iso&quot;:&quot;0&quot;,&quot;shutter_speed&quot;:&quot;0&quot;,&quot;title&quot;:&quot;&quot;,&quot;orientation&quot;:&quot;1&quot;}\" data-image-title=\"agenacartadaparatigympart\" data-image-description=\"\" data-image-caption=\"\" data-medium-file=\"https:\/\/socialdesignmagazine.com\/mag\/wp-content\/uploads\/2016\/10\/AgenaCartaDaParatiGYMpart-396x256.jpg\" data-large-file=\"https:\/\/socialdesignmagazine.com\/mag\/wp-content\/uploads\/2016\/10\/AgenaCartaDaParatiGYMpart.jpg\" class=\"alignnone size-full wp-image-29414\" src=\"https:\/\/socialdesignmagazine.com\/mag\/wp-content\/uploads\/2016\/10\/AgenaCartaDaParatiGYMpart.jpg\" alt=\"agenacartadaparatigympart\" width=\"880\" height=\"586\" srcset=\"https:\/\/socialdesignmagazine.com\/mag\/wp-content\/uploads\/2016\/10\/AgenaCartaDaParatiGYMpart.jpg 880w, https:\/\/socialdesignmagazine.com\/mag\/wp-content\/uploads\/2016\/10\/AgenaCartaDaParatiGYMpart-100x66.jpg 100w, https:\/\/socialdesignmagazine.com\/mag\/wp-content\/uploads\/2016\/10\/AgenaCartaDaParatiGYMpart-768x511.jpg 768w\" sizes=\"auto, (max-width: 880px) 100vw, 880px\" \/><\/a><\/p>\n<p><a href=\"https:\/\/socialdesignmagazine.com\/mag\/?attachment_id=29415#content\" rel=\"attachment wp-att-29415\"><img loading=\"lazy\" decoding=\"async\" data-attachment-id=\"29415\" data-permalink=\"https:\/\/socialdesignmagazine.com\/mag\/news\/architettura-news\/il-movimento-e-sulle-pareti-con-gym-di-agena\/attachment\/agenacartadaparatigym1\/#content\" data-orig-file=\"https:\/\/socialdesignmagazine.com\/mag\/wp-content\/uploads\/2016\/10\/AgenaCartaDaParatiGYM1.jpg\" data-orig-size=\"972,1462\" data-comments-opened=\"1\" data-image-meta=\"{&quot;aperture&quot;:&quot;0&quot;,&quot;credit&quot;:&quot;&quot;,&quot;camera&quot;:&quot;&quot;,&quot;caption&quot;:&quot;&quot;,&quot;created_timestamp&quot;:&quot;0&quot;,&quot;copyright&quot;:&quot;&quot;,&quot;focal_length&quot;:&quot;0&quot;,&quot;iso&quot;:&quot;0&quot;,&quot;shutter_speed&quot;:&quot;0&quot;,&quot;title&quot;:&quot;&quot;,&quot;orientation&quot;:&quot;1&quot;}\" data-image-title=\"agenacartadaparatigym1\" data-image-description=\"\" data-image-caption=\"\" data-medium-file=\"https:\/\/socialdesignmagazine.com\/mag\/wp-content\/uploads\/2016\/10\/AgenaCartaDaParatiGYM1-396x256.jpg\" data-large-file=\"https:\/\/socialdesignmagazine.com\/mag\/wp-content\/uploads\/2016\/10\/AgenaCartaDaParatiGYM1.jpg\" class=\"alignnone size-full wp-image-29415\" src=\"https:\/\/socialdesignmagazine.com\/mag\/wp-content\/uploads\/2016\/10\/AgenaCartaDaParatiGYM1.jpg\" alt=\"agenacartadaparatigym1\" width=\"972\" height=\"1462\" srcset=\"https:\/\/socialdesignmagazine.com\/mag\/wp-content\/uploads\/2016\/10\/AgenaCartaDaParatiGYM1.jpg 972w, https:\/\/socialdesignmagazine.com\/mag\/wp-content\/uploads\/2016\/10\/AgenaCartaDaParatiGYM1-768x1155.jpg 768w\" sizes=\"auto, (max-width: 972px) 100vw, 972px\" \/><\/a><\/p>\n","protected":false,"gt_translate_keys":[{"key":"rendered","format":"html"}]},"excerpt":{"rendered":"<p>Con l\u2019arrivo dell\u2019autunno si riprende l\u2019attivit\u00e0 sportiva, per gli appassionati o per le palestre Agena propone GYM, poster d\u2019arredo energico dai colori raffinati e dai disegni ombreggiati.<\/p>\n","protected":false,"gt_translate_keys":[{"key":"rendered","format":"html"}]},"author":691,"featured_media":29413,"comment_status":"open","ping_status":"open","sticky":false,"template":"","format":"standard","meta":{"jetpack_post_was_ever_published":false,"_jetpack_newsletter_access":"","_jetpack_dont_email_post_to_subs":false,"_jetpack_newsletter_tier_id":0,"_jetpack_memberships_contains_paywalled_content":false,"_jetpack_memberships_contains_paid_content":false,"footnotes":"","_wpscppro_dont_share_socialmedia":false,"_wpscppro_custom_social_share_image":0,"_facebook_share_type":"","_twitter_share_type":"","_linkedin_share_type":"","_pinterest_share_type":"","_linkedin_share_type_page":"","_instagram_share_type":"","_medium_share_type":"","_threads_share_type":"","_google_business_share_type":"","_selected_social_profile":[],"_wpsp_enable_custom_social_template":false,"_wpsp_social_scheduling":{"enabled":false,"datetime":null,"platforms":[],"status":"template_only","dateOption":"today","timeOption":"now","customDays":"","customHours":"","customDate":"","customTime":"","schedulingType":"absolute"},"_wpsp_active_default_template":true},"categories":[22],"tags":[3182,1864,99,2292,3617],"class_list":["post-29412","post","type-post","status-publish","format-standard","has-post-thumbnail","hentry","category-architettura-news","tag-agena","tag-arredamento","tag-casa","tag-interior-design","tag-tessuti"],"yoast_head":"<!-- This site is optimized with the Yoast SEO plugin v27.2 - https:\/\/yoast.com\/product\/yoast-seo-wordpress\/ -->\n<title>Il movimento \u00e8 sulle pareti, con GYM di Agena - Social Design Magazine<\/title>\n<meta name=\"description\" content=\"Con l\u2019arrivo dell\u2019autunno si riprende l\u2019attivit\u00e0 sportiva, per gli appassionati o per le palestre Agena propone GYM, poster d\u2019arredo energico dai colori raffinati e dai disegni ombreggiati.\" \/>\n<meta name=\"robots\" content=\"index, follow, max-snippet:-1, max-image-preview:large, max-video-preview:-1\" \/>\n<link rel=\"canonical\" href=\"https:\/\/socialdesignmagazine.com\/mag\/news\/architettura-news\/il-movimento-e-sulle-pareti-con-gym-di-agena\/\" \/>\n<meta property=\"og:locale\" content=\"it_IT\" \/>\n<meta property=\"og:type\" content=\"article\" \/>\n<meta property=\"og:title\" content=\"Il movimento \u00e8 sulle pareti, con GYM di Agena - Social Design Magazine\" \/>\n<meta property=\"og:description\" content=\"Con l\u2019arrivo dell\u2019autunno si riprende l\u2019attivit\u00e0 sportiva, per gli appassionati o per le palestre Agena propone GYM, poster d\u2019arredo energico dai colori raffinati e dai disegni ombreggiati.\" \/>\n<meta property=\"og:url\" content=\"http:\/\/socialdesignmagazine.com\/mag\/news\/architettura-news\/il-movimento-e-sulle-pareti-con-gym-di-agena\/\" \/>\n<meta property=\"og:site_name\" content=\"Social Design Magazine\" \/>\n<meta property=\"article:publisher\" content=\"https:\/\/www.facebook.com\/socialdesignmag\" \/>\n<meta property=\"article:published_time\" content=\"2016-10-08T14:00:21+00:00\" \/>\n<meta property=\"og:image\" content=\"https:\/\/socialdesignmagazine.com\/mag\/wp-content\/uploads\/2016\/10\/AgenaCartaDaParatiGYM.jpg\" \/>\n\t<meta property=\"og:image:width\" content=\"880\" \/>\n\t<meta property=\"og:image:height\" content=\"695\" \/>\n\t<meta property=\"og:image:type\" content=\"image\/jpeg\" \/>\n<meta name=\"author\" content=\"engardagiordani\" \/>\n<meta name=\"twitter:card\" content=\"summary_large_image\" \/>\n<meta name=\"twitter:creator\" content=\"@socialdesignmag\" \/>\n<meta name=\"twitter:site\" content=\"@socialdesignmag\" \/>\n<meta name=\"twitter:label1\" content=\"Scritto da\" \/>\n\t<meta name=\"twitter:data1\" content=\"engardagiordani\" \/>\n\t<meta name=\"twitter:label2\" content=\"Tempo di lettura stimato\" \/>\n\t<meta name=\"twitter:data2\" content=\"1 minuto\" \/>\n<script type=\"application\/ld+json\" class=\"yoast-schema-graph\">{\"@context\":\"https:\/\/schema.org\",\"@graph\":[{\"@type\":\"Article\",\"@id\":\"https:\/\/socialdesignmagazine.com\/mag\/news\/architettura-news\/il-movimento-e-sulle-pareti-con-gym-di-agena\/#article\",\"isPartOf\":{\"@id\":\"https:\/\/socialdesignmagazine.com\/mag\/news\/architettura-news\/il-movimento-e-sulle-pareti-con-gym-di-agena\/\"},\"author\":{\"name\":\"engardagiordani\",\"@id\":\"https:\/\/socialdesignmagazine.com\/mag\/#\/schema\/person\/4764ceb903fa9a6ffc00281c13f59295\"},\"headline\":\"Il movimento \u00e8 sulle pareti, con GYM di Agena\",\"datePublished\":\"2016-10-08T14:00:21+00:00\",\"mainEntityOfPage\":{\"@id\":\"https:\/\/socialdesignmagazine.com\/mag\/news\/architettura-news\/il-movimento-e-sulle-pareti-con-gym-di-agena\/\"},\"wordCount\":260,\"commentCount\":0,\"publisher\":{\"@id\":\"https:\/\/socialdesignmagazine.com\/mag\/#organization\"},\"image\":{\"@id\":\"https:\/\/socialdesignmagazine.com\/mag\/news\/architettura-news\/il-movimento-e-sulle-pareti-con-gym-di-agena\/#primaryimage\"},\"thumbnailUrl\":\"https:\/\/socialdesignmagazine.com\/mag\/wp-content\/uploads\/2016\/10\/AgenaCartaDaParatiGYM.jpg\",\"keywords\":[\"agena\",\"arredamento\",\"casa\",\"interior design\",\"tessuti\"],\"articleSection\":[\"Architettura News\"],\"inLanguage\":\"it-IT\",\"potentialAction\":[{\"@type\":\"CommentAction\",\"name\":\"Comment\",\"target\":[\"https:\/\/socialdesignmagazine.com\/mag\/news\/architettura-news\/il-movimento-e-sulle-pareti-con-gym-di-agena\/#respond\"]}]},{\"@type\":\"WebPage\",\"@id\":\"https:\/\/socialdesignmagazine.com\/mag\/news\/architettura-news\/il-movimento-e-sulle-pareti-con-gym-di-agena\/\",\"url\":\"https:\/\/socialdesignmagazine.com\/mag\/news\/architettura-news\/il-movimento-e-sulle-pareti-con-gym-di-agena\/\",\"name\":\"Il movimento \u00e8 sulle pareti, con GYM di Agena - Social Design Magazine\",\"isPartOf\":{\"@id\":\"https:\/\/socialdesignmagazine.com\/mag\/#website\"},\"primaryImageOfPage\":{\"@id\":\"https:\/\/socialdesignmagazine.com\/mag\/news\/architettura-news\/il-movimento-e-sulle-pareti-con-gym-di-agena\/#primaryimage\"},\"image\":{\"@id\":\"https:\/\/socialdesignmagazine.com\/mag\/news\/architettura-news\/il-movimento-e-sulle-pareti-con-gym-di-agena\/#primaryimage\"},\"thumbnailUrl\":\"https:\/\/socialdesignmagazine.com\/mag\/wp-content\/uploads\/2016\/10\/AgenaCartaDaParatiGYM.jpg\",\"datePublished\":\"2016-10-08T14:00:21+00:00\",\"description\":\"Con l\u2019arrivo dell\u2019autunno si riprende l\u2019attivit\u00e0 sportiva, per gli appassionati o per le palestre Agena propone GYM, poster d\u2019arredo energico dai colori raffinati e dai disegni ombreggiati.\",\"breadcrumb\":{\"@id\":\"https:\/\/socialdesignmagazine.com\/mag\/news\/architettura-news\/il-movimento-e-sulle-pareti-con-gym-di-agena\/#breadcrumb\"},\"inLanguage\":\"it-IT\",\"potentialAction\":[{\"@type\":\"ReadAction\",\"target\":[\"https:\/\/socialdesignmagazine.com\/mag\/news\/architettura-news\/il-movimento-e-sulle-pareti-con-gym-di-agena\/\"]}]},{\"@type\":\"ImageObject\",\"inLanguage\":\"it-IT\",\"@id\":\"https:\/\/socialdesignmagazine.com\/mag\/news\/architettura-news\/il-movimento-e-sulle-pareti-con-gym-di-agena\/#primaryimage\",\"url\":\"https:\/\/socialdesignmagazine.com\/mag\/wp-content\/uploads\/2016\/10\/AgenaCartaDaParatiGYM.jpg\",\"contentUrl\":\"https:\/\/socialdesignmagazine.com\/mag\/wp-content\/uploads\/2016\/10\/AgenaCartaDaParatiGYM.jpg\",\"width\":880,\"height\":695},{\"@type\":\"BreadcrumbList\",\"@id\":\"https:\/\/socialdesignmagazine.com\/mag\/news\/architettura-news\/il-movimento-e-sulle-pareti-con-gym-di-agena\/#breadcrumb\",\"itemListElement\":[{\"@type\":\"ListItem\",\"position\":1,\"name\":\"Home\",\"item\":\"https:\/\/socialdesignmagazine.com\/mag\/\"},{\"@type\":\"ListItem\",\"position\":2,\"name\":\"News\",\"item\":\"https:\/\/socialdesignmagazine.com\/mag\/news\/\"},{\"@type\":\"ListItem\",\"position\":3,\"name\":\"Architettura News\",\"item\":\"https:\/\/socialdesignmagazine.com\/mag\/news\/architettura-news\/\"},{\"@type\":\"ListItem\",\"position\":4,\"name\":\"Il movimento \u00e8 sulle pareti, con GYM di Agena\"}]},{\"@type\":\"WebSite\",\"@id\":\"https:\/\/socialdesignmagazine.com\/mag\/#website\",\"url\":\"https:\/\/socialdesignmagazine.com\/mag\/\",\"name\":\"Social Design Magazine\",\"description\":\"Social Magazine su Design, Architettura, Arte, Grafica\",\"publisher\":{\"@id\":\"https:\/\/socialdesignmagazine.com\/mag\/#organization\"},\"potentialAction\":[{\"@type\":\"SearchAction\",\"target\":{\"@type\":\"EntryPoint\",\"urlTemplate\":\"https:\/\/socialdesignmagazine.com\/mag\/?s={search_term_string}\"},\"query-input\":{\"@type\":\"PropertyValueSpecification\",\"valueRequired\":true,\"valueName\":\"search_term_string\"}}],\"inLanguage\":\"it-IT\"},{\"@type\":\"Organization\",\"@id\":\"https:\/\/socialdesignmagazine.com\/mag\/#organization\",\"name\":\"Social Design Magazine\",\"url\":\"https:\/\/socialdesignmagazine.com\/mag\/\",\"logo\":{\"@type\":\"ImageObject\",\"inLanguage\":\"it-IT\",\"@id\":\"https:\/\/socialdesignmagazine.com\/mag\/#\/schema\/logo\/image\/\",\"url\":\"https:\/\/socialdesignmagazine.com\/mag\/wp-content\/uploads\/2017\/01\/logo_favicon_11.png\",\"contentUrl\":\"https:\/\/socialdesignmagazine.com\/mag\/wp-content\/uploads\/2017\/01\/logo_favicon_11.png\",\"width\":1024,\"height\":1024,\"caption\":\"Social Design Magazine\"},\"image\":{\"@id\":\"https:\/\/socialdesignmagazine.com\/mag\/#\/schema\/logo\/image\/\"},\"sameAs\":[\"https:\/\/www.facebook.com\/socialdesignmag\",\"https:\/\/x.com\/socialdesignmag\",\"http:\/\/instagram.com\/social_design_magazine\/\",\"http:\/\/pinterest.com\/socialdesignmag\/\",\"http:\/\/www.youtube.com\/user\/socialdesignmagazine\"]},{\"@type\":\"Person\",\"@id\":\"https:\/\/socialdesignmagazine.com\/mag\/#\/schema\/person\/4764ceb903fa9a6ffc00281c13f59295\",\"name\":\"engardagiordani\",\"image\":{\"@type\":\"ImageObject\",\"inLanguage\":\"it-IT\",\"@id\":\"https:\/\/secure.gravatar.com\/avatar\/eda979ea60763270b0c4b30e2f0a156d21d92b80bd90300282c7c3ebe403a91c?s=96&d=mm&r=g\",\"url\":\"https:\/\/secure.gravatar.com\/avatar\/eda979ea60763270b0c4b30e2f0a156d21d92b80bd90300282c7c3ebe403a91c?s=96&d=mm&r=g\",\"contentUrl\":\"https:\/\/secure.gravatar.com\/avatar\/eda979ea60763270b0c4b30e2f0a156d21d92b80bd90300282c7c3ebe403a91c?s=96&d=mm&r=g\",\"caption\":\"engardagiordani\"},\"description\":\"EG Comunicazione e Marketing nasce nel 2002 come agenzia di comunicazione grazie all\u2019esperienza pi\u00f9 che decennale maturata dalla titolare nel settore marketing di un\u2019importante azienda italiana. Specializzata in Relazioni Pubbliche \u00e8 una realt\u00e0 creativa, flessibile ed efficiente che si mette a disposizione di imprese, enti ed associazioni per offrire loro un servizio qualificato con costi competitivi.\",\"sameAs\":[\"http:\/\/www.engardagiordani.com\"],\"url\":\"https:\/\/socialdesignmagazine.com\/mag\/author\/engardagiordani\/\"}]}<\/script>\n<!-- \/ Yoast SEO plugin. -->","yoast_head_json":{"title":"Il movimento \u00e8 sulle pareti, con GYM di Agena - Social Design Magazine","description":"Con l\u2019arrivo dell\u2019autunno si riprende l\u2019attivit\u00e0 sportiva, per gli appassionati o per le palestre Agena propone GYM, poster d\u2019arredo energico dai colori raffinati e dai disegni ombreggiati.","robots":{"index":"index","follow":"follow","max-snippet":"max-snippet:-1","max-image-preview":"max-image-preview:large","max-video-preview":"max-video-preview:-1"},"canonical":"https:\/\/socialdesignmagazine.com\/mag\/news\/architettura-news\/il-movimento-e-sulle-pareti-con-gym-di-agena\/","og_locale":"it_IT","og_type":"article","og_title":"Il movimento \u00e8 sulle pareti, con GYM di Agena - Social Design Magazine","og_description":"Con l\u2019arrivo dell\u2019autunno si riprende l\u2019attivit\u00e0 sportiva, per gli appassionati o per le palestre Agena propone GYM, poster d\u2019arredo energico dai colori raffinati e dai disegni ombreggiati.","og_url":"http:\/\/socialdesignmagazine.com\/mag\/news\/architettura-news\/il-movimento-e-sulle-pareti-con-gym-di-agena\/","og_site_name":"Social Design Magazine","article_publisher":"https:\/\/www.facebook.com\/socialdesignmag","article_published_time":"2016-10-08T14:00:21+00:00","og_image":[{"width":880,"height":695,"url":"https:\/\/socialdesignmagazine.com\/mag\/wp-content\/uploads\/2016\/10\/AgenaCartaDaParatiGYM.jpg","type":"image\/jpeg"}],"author":"engardagiordani","twitter_card":"summary_large_image","twitter_creator":"@socialdesignmag","twitter_site":"@socialdesignmag","twitter_misc":{"Scritto da":"engardagiordani","Tempo di lettura stimato":"1 minuto"},"schema":{"@context":"https:\/\/schema.org","@graph":[{"@type":"Article","@id":"https:\/\/socialdesignmagazine.com\/mag\/news\/architettura-news\/il-movimento-e-sulle-pareti-con-gym-di-agena\/#article","isPartOf":{"@id":"https:\/\/socialdesignmagazine.com\/mag\/news\/architettura-news\/il-movimento-e-sulle-pareti-con-gym-di-agena\/"},"author":{"name":"engardagiordani","@id":"https:\/\/socialdesignmagazine.com\/mag\/#\/schema\/person\/4764ceb903fa9a6ffc00281c13f59295"},"headline":"Il movimento \u00e8 sulle pareti, con GYM di Agena","datePublished":"2016-10-08T14:00:21+00:00","mainEntityOfPage":{"@id":"https:\/\/socialdesignmagazine.com\/mag\/news\/architettura-news\/il-movimento-e-sulle-pareti-con-gym-di-agena\/"},"wordCount":260,"commentCount":0,"publisher":{"@id":"https:\/\/socialdesignmagazine.com\/mag\/#organization"},"image":{"@id":"https:\/\/socialdesignmagazine.com\/mag\/news\/architettura-news\/il-movimento-e-sulle-pareti-con-gym-di-agena\/#primaryimage"},"thumbnailUrl":"https:\/\/socialdesignmagazine.com\/mag\/wp-content\/uploads\/2016\/10\/AgenaCartaDaParatiGYM.jpg","keywords":["agena","arredamento","casa","interior design","tessuti"],"articleSection":["Architettura News"],"inLanguage":"it-IT","potentialAction":[{"@type":"CommentAction","name":"Comment","target":["https:\/\/socialdesignmagazine.com\/mag\/news\/architettura-news\/il-movimento-e-sulle-pareti-con-gym-di-agena\/#respond"]}]},{"@type":"WebPage","@id":"https:\/\/socialdesignmagazine.com\/mag\/news\/architettura-news\/il-movimento-e-sulle-pareti-con-gym-di-agena\/","url":"https:\/\/socialdesignmagazine.com\/mag\/news\/architettura-news\/il-movimento-e-sulle-pareti-con-gym-di-agena\/","name":"Il movimento \u00e8 sulle pareti, con GYM di Agena - Social Design Magazine","isPartOf":{"@id":"https:\/\/socialdesignmagazine.com\/mag\/#website"},"primaryImageOfPage":{"@id":"https:\/\/socialdesignmagazine.com\/mag\/news\/architettura-news\/il-movimento-e-sulle-pareti-con-gym-di-agena\/#primaryimage"},"image":{"@id":"https:\/\/socialdesignmagazine.com\/mag\/news\/architettura-news\/il-movimento-e-sulle-pareti-con-gym-di-agena\/#primaryimage"},"thumbnailUrl":"https:\/\/socialdesignmagazine.com\/mag\/wp-content\/uploads\/2016\/10\/AgenaCartaDaParatiGYM.jpg","datePublished":"2016-10-08T14:00:21+00:00","description":"Con l\u2019arrivo dell\u2019autunno si riprende l\u2019attivit\u00e0 sportiva, per gli appassionati o per le palestre Agena propone GYM, poster d\u2019arredo energico dai colori raffinati e dai disegni ombreggiati.","breadcrumb":{"@id":"https:\/\/socialdesignmagazine.com\/mag\/news\/architettura-news\/il-movimento-e-sulle-pareti-con-gym-di-agena\/#breadcrumb"},"inLanguage":"it-IT","potentialAction":[{"@type":"ReadAction","target":["https:\/\/socialdesignmagazine.com\/mag\/news\/architettura-news\/il-movimento-e-sulle-pareti-con-gym-di-agena\/"]}]},{"@type":"ImageObject","inLanguage":"it-IT","@id":"https:\/\/socialdesignmagazine.com\/mag\/news\/architettura-news\/il-movimento-e-sulle-pareti-con-gym-di-agena\/#primaryimage","url":"https:\/\/socialdesignmagazine.com\/mag\/wp-content\/uploads\/2016\/10\/AgenaCartaDaParatiGYM.jpg","contentUrl":"https:\/\/socialdesignmagazine.com\/mag\/wp-content\/uploads\/2016\/10\/AgenaCartaDaParatiGYM.jpg","width":880,"height":695},{"@type":"BreadcrumbList","@id":"https:\/\/socialdesignmagazine.com\/mag\/news\/architettura-news\/il-movimento-e-sulle-pareti-con-gym-di-agena\/#breadcrumb","itemListElement":[{"@type":"ListItem","position":1,"name":"Home","item":"https:\/\/socialdesignmagazine.com\/mag\/"},{"@type":"ListItem","position":2,"name":"News","item":"https:\/\/socialdesignmagazine.com\/mag\/news\/"},{"@type":"ListItem","position":3,"name":"Architettura News","item":"https:\/\/socialdesignmagazine.com\/mag\/news\/architettura-news\/"},{"@type":"ListItem","position":4,"name":"Il movimento \u00e8 sulle pareti, con GYM di Agena"}]},{"@type":"WebSite","@id":"https:\/\/socialdesignmagazine.com\/mag\/#website","url":"https:\/\/socialdesignmagazine.com\/mag\/","name":"Social Design Magazine","description":"Social Magazine su Design, Architettura, Arte, Grafica","publisher":{"@id":"https:\/\/socialdesignmagazine.com\/mag\/#organization"},"potentialAction":[{"@type":"SearchAction","target":{"@type":"EntryPoint","urlTemplate":"https:\/\/socialdesignmagazine.com\/mag\/?s={search_term_string}"},"query-input":{"@type":"PropertyValueSpecification","valueRequired":true,"valueName":"search_term_string"}}],"inLanguage":"it-IT"},{"@type":"Organization","@id":"https:\/\/socialdesignmagazine.com\/mag\/#organization","name":"Social Design Magazine","url":"https:\/\/socialdesignmagazine.com\/mag\/","logo":{"@type":"ImageObject","inLanguage":"it-IT","@id":"https:\/\/socialdesignmagazine.com\/mag\/#\/schema\/logo\/image\/","url":"https:\/\/socialdesignmagazine.com\/mag\/wp-content\/uploads\/2017\/01\/logo_favicon_11.png","contentUrl":"https:\/\/socialdesignmagazine.com\/mag\/wp-content\/uploads\/2017\/01\/logo_favicon_11.png","width":1024,"height":1024,"caption":"Social Design Magazine"},"image":{"@id":"https:\/\/socialdesignmagazine.com\/mag\/#\/schema\/logo\/image\/"},"sameAs":["https:\/\/www.facebook.com\/socialdesignmag","https:\/\/x.com\/socialdesignmag","http:\/\/instagram.com\/social_design_magazine\/","http:\/\/pinterest.com\/socialdesignmag\/","http:\/\/www.youtube.com\/user\/socialdesignmagazine"]},{"@type":"Person","@id":"https:\/\/socialdesignmagazine.com\/mag\/#\/schema\/person\/4764ceb903fa9a6ffc00281c13f59295","name":"engardagiordani","image":{"@type":"ImageObject","inLanguage":"it-IT","@id":"https:\/\/secure.gravatar.com\/avatar\/eda979ea60763270b0c4b30e2f0a156d21d92b80bd90300282c7c3ebe403a91c?s=96&d=mm&r=g","url":"https:\/\/secure.gravatar.com\/avatar\/eda979ea60763270b0c4b30e2f0a156d21d92b80bd90300282c7c3ebe403a91c?s=96&d=mm&r=g","contentUrl":"https:\/\/secure.gravatar.com\/avatar\/eda979ea60763270b0c4b30e2f0a156d21d92b80bd90300282c7c3ebe403a91c?s=96&d=mm&r=g","caption":"engardagiordani"},"description":"EG Comunicazione e Marketing nasce nel 2002 come agenzia di comunicazione grazie all\u2019esperienza pi\u00f9 che decennale maturata dalla titolare nel settore marketing di un\u2019importante azienda italiana. Specializzata in Relazioni Pubbliche \u00e8 una realt\u00e0 creativa, flessibile ed efficiente che si mette a disposizione di imprese, enti ed associazioni per offrire loro un servizio qualificato con costi competitivi.","sameAs":["http:\/\/www.engardagiordani.com"],"url":"https:\/\/socialdesignmagazine.com\/mag\/author\/engardagiordani\/"}]}},"jetpack_featured_media_url":"https:\/\/socialdesignmagazine.com\/mag\/wp-content\/uploads\/2016\/10\/AgenaCartaDaParatiGYM.jpg","jetpack_sharing_enabled":true,"jetpack_shortlink":"https:\/\/wp.me\/p6cV7V-7Eo","gt_translate_keys":[{"key":"link","format":"url"}],"_links":{"self":[{"href":"https:\/\/socialdesignmagazine.com\/mag\/wp-json\/wp\/v2\/posts\/29412","targetHints":{"allow":["GET"]}}],"collection":[{"href":"https:\/\/socialdesignmagazine.com\/mag\/wp-json\/wp\/v2\/posts"}],"about":[{"href":"https:\/\/socialdesignmagazine.com\/mag\/wp-json\/wp\/v2\/types\/post"}],"author":[{"embeddable":true,"href":"https:\/\/socialdesignmagazine.com\/mag\/wp-json\/wp\/v2\/users\/691"}],"replies":[{"embeddable":true,"href":"https:\/\/socialdesignmagazine.com\/mag\/wp-json\/wp\/v2\/comments?post=29412"}],"version-history":[{"count":3,"href":"https:\/\/socialdesignmagazine.com\/mag\/wp-json\/wp\/v2\/posts\/29412\/revisions"}],"predecessor-version":[{"id":29421,"href":"https:\/\/socialdesignmagazine.com\/mag\/wp-json\/wp\/v2\/posts\/29412\/revisions\/29421"}],"wp:featuredmedia":[{"embeddable":true,"href":"https:\/\/socialdesignmagazine.com\/mag\/wp-json\/wp\/v2\/media\/29413"}],"wp:attachment":[{"href":"https:\/\/socialdesignmagazine.com\/mag\/wp-json\/wp\/v2\/media?parent=29412"}],"wp:term":[{"taxonomy":"category","embeddable":true,"href":"https:\/\/socialdesignmagazine.com\/mag\/wp-json\/wp\/v2\/categories?post=29412"},{"taxonomy":"post_tag","embeddable":true,"href":"https:\/\/socialdesignmagazine.com\/mag\/wp-json\/wp\/v2\/tags?post=29412"}],"curies":[{"name":"wp","href":"https:\/\/api.w.org\/{rel}","templated":true}]}}