{"id":29549,"date":"2016-11-22T12:05:42","date_gmt":"2016-11-22T11:05:42","guid":{"rendered":"https:\/\/socialdesignmagazine.com\/mag\/?p=29549"},"modified":"2020-04-23T13:35:58","modified_gmt":"2020-04-23T11:35:58","slug":"lampada-da-parete-wings-una-presenza-piacevole-dalla-personalita-discreta","status":"publish","type":"post","link":"https:\/\/socialdesignmagazine.com\/mag\/design\/lampada-da-parete-wings-una-presenza-piacevole-dalla-personalita-discreta\/","title":{"rendered":"Lampada da parete Wings, una presenza piacevole dalla personalit\u00e1 discreta","gt_translate_keys":[{"key":"rendered","format":"text"}]},"content":{"rendered":"<div class=\"notranslate\">\n<h2>C&#8217;\u00e8 sempre un po&#8217; di agitazione quando arriva il corriere per consegnarti un pacco, soprattutto se sai che dentro c&#8217;\u00e8 la lampada che stai aspettando\u00a0e tenendo\u00a0d&#8217;occhio da molto tempo, per capire se le sensazioni che evoca corrispondono a quelle che vuoi inserire nella tua vita ogni giorno.<\/h2>\n<p>Ok, non \u00e8 andata proprio\u00a0cos\u00ec, la verit\u00e0 \u00e8 che <a rel=\"nofollow\" href=\"http:\/\/www.linealight.com\/it-it\"><strong>Linea Light Group<\/strong><\/a>, azienda con la quale collaboriamo da un po&#8217; di tempo, ci ha chiesto di raccontare\u00a0l&#8217;incontro e la convivenza con una delle loro creazioni, nello specifico con la\u00a0<a rel=\"nofollow\" href=\"http:\/\/www.linealight.com\/it-it\/family\/wings-w\/66271\">lampada da parete\u00a0<strong>Wings<\/strong><\/a>, un\u00a0nome che gi\u00e0 evoca immagini di leggerezza e ariosit\u00e0.<\/p>\n<p>Ho aperto la scatola\u00a0con una certa dose di\u00a0curiosit\u00e0. La dimensione \u00e8 quella che mi aspettavo, linee slanciate, precisione degli incastri, e cura delle finiture. La lampada da parete Wings appare subito un elemento caratterizzante, ma non tanto egoista da attirare su di s\u00e9 tutte le attenzioni. In altre parole la compagnia ideale per un &#8220;personaggio&#8221;, un\u00a0pezzo strappato da\u00a0una scenografia, che da molti anni \u00e8 accampato nel mio studio.<\/p>\n<p><a href=\"https:\/\/socialdesignmagazine.com\/mag\/blog\/design\/lampada-da-parete-wings-una-presenza-piacevole-dalla-personalita-discreta\/attachment\/linea-light-lampada-da-parete-wings-16\/#content\" rel=\"attachment wp-att-29565\"><img loading=\"lazy\" decoding=\"async\" data-attachment-id=\"29565\" data-permalink=\"https:\/\/socialdesignmagazine.com\/mag\/design\/lampada-da-parete-wings-una-presenza-piacevole-dalla-personalita-discreta\/attachment\/linea-light-lampada-da-parete-wings-16\/#content\" data-orig-file=\"https:\/\/socialdesignmagazine.com\/mag\/wp-content\/uploads\/2016\/11\/Linea-Light-lampada-da-parete-Wings-16.jpg\" data-orig-size=\"1920,1280\" data-comments-opened=\"1\" data-image-meta=\"{&quot;aperture&quot;:&quot;0&quot;,&quot;credit&quot;:&quot;&quot;,&quot;camera&quot;:&quot;&quot;,&quot;caption&quot;:&quot;&quot;,&quot;created_timestamp&quot;:&quot;0&quot;,&quot;copyright&quot;:&quot;&quot;,&quot;focal_length&quot;:&quot;0&quot;,&quot;iso&quot;:&quot;0&quot;,&quot;shutter_speed&quot;:&quot;0&quot;,&quot;title&quot;:&quot;&quot;,&quot;orientation&quot;:&quot;0&quot;}\" data-image-title=\"linea-light-lampada-da-parete-wings-16\" data-image-description=\"\" data-image-caption=\"\" data-medium-file=\"https:\/\/socialdesignmagazine.com\/mag\/wp-content\/uploads\/2016\/11\/Linea-Light-lampada-da-parete-Wings-16-396x256.jpg\" data-large-file=\"https:\/\/socialdesignmagazine.com\/mag\/wp-content\/uploads\/2016\/11\/Linea-Light-lampada-da-parete-Wings-16-1024x683.jpg\" class=\"alignnone wp-image-29565 size-large\" src=\"https:\/\/socialdesignmagazine.com\/mag\/wp-content\/uploads\/2016\/11\/Linea-Light-lampada-da-parete-Wings-16-1024x683.jpg\" alt=\"linea-light-lampada-da-parete-wings-16\" width=\"1024\" height=\"683\" srcset=\"https:\/\/socialdesignmagazine.com\/mag\/wp-content\/uploads\/2016\/11\/Linea-Light-lampada-da-parete-Wings-16-1024x683.jpg 1024w, https:\/\/socialdesignmagazine.com\/mag\/wp-content\/uploads\/2016\/11\/Linea-Light-lampada-da-parete-Wings-16-100x66.jpg 100w, https:\/\/socialdesignmagazine.com\/mag\/wp-content\/uploads\/2016\/11\/Linea-Light-lampada-da-parete-Wings-16-768x512.jpg 768w, https:\/\/socialdesignmagazine.com\/mag\/wp-content\/uploads\/2016\/11\/Linea-Light-lampada-da-parete-Wings-16.jpg 1920w\" sizes=\"auto, (max-width: 1024px) 100vw, 1024px\" \/><\/a><\/p>\n<p>La lampada Wings \u00e8 costruita in alluminio, si compone di\u00a0un corpo centrale dal quale con un sistema di incastri si diramano due lame, che dal punto d&#8217;incrocio in corrispondenza della base si protendono verso l&#8217;alto ed in parte verso il basso, a formare due ali, tenendo fede di fatto al nome. Un&#8217;ulteriore conferma di questo si ha una volta accesa, quando due ali di luce si formano sulla parete andando ad enfatizzare e completare la forma.<\/p>\n<p><a href=\"https:\/\/socialdesignmagazine.com\/mag\/blog\/design\/lampada-da-parete-wings-una-presenza-piacevole-dalla-personalita-discreta\/attachment\/linea-light-lampada-da-parete-wings-11\/#content\" rel=\"attachment wp-att-29560\"><img loading=\"lazy\" decoding=\"async\" data-attachment-id=\"29560\" data-permalink=\"https:\/\/socialdesignmagazine.com\/mag\/design\/lampada-da-parete-wings-una-presenza-piacevole-dalla-personalita-discreta\/attachment\/linea-light-lampada-da-parete-wings-11\/#content\" data-orig-file=\"https:\/\/socialdesignmagazine.com\/mag\/wp-content\/uploads\/2016\/11\/Linea-Light-lampada-da-parete-Wings-11.jpg\" data-orig-size=\"1920,1280\" data-comments-opened=\"1\" data-image-meta=\"{&quot;aperture&quot;:&quot;0&quot;,&quot;credit&quot;:&quot;&quot;,&quot;camera&quot;:&quot;&quot;,&quot;caption&quot;:&quot;&quot;,&quot;created_timestamp&quot;:&quot;0&quot;,&quot;copyright&quot;:&quot;&quot;,&quot;focal_length&quot;:&quot;0&quot;,&quot;iso&quot;:&quot;0&quot;,&quot;shutter_speed&quot;:&quot;0&quot;,&quot;title&quot;:&quot;&quot;,&quot;orientation&quot;:&quot;0&quot;}\" data-image-title=\"linea-light-lampada-da-parete-wings-11\" data-image-description=\"\" data-image-caption=\"\" data-medium-file=\"https:\/\/socialdesignmagazine.com\/mag\/wp-content\/uploads\/2016\/11\/Linea-Light-lampada-da-parete-Wings-11-396x256.jpg\" data-large-file=\"https:\/\/socialdesignmagazine.com\/mag\/wp-content\/uploads\/2016\/11\/Linea-Light-lampada-da-parete-Wings-11-1024x683.jpg\" class=\"alignnone wp-image-29560 size-large\" src=\"https:\/\/socialdesignmagazine.com\/mag\/wp-content\/uploads\/2016\/11\/Linea-Light-lampada-da-parete-Wings-11-1024x683.jpg\" alt=\"linea-light-lampada-da-parete-wings-11\" width=\"1024\" height=\"683\" srcset=\"https:\/\/socialdesignmagazine.com\/mag\/wp-content\/uploads\/2016\/11\/Linea-Light-lampada-da-parete-Wings-11-1024x683.jpg 1024w, https:\/\/socialdesignmagazine.com\/mag\/wp-content\/uploads\/2016\/11\/Linea-Light-lampada-da-parete-Wings-11-100x66.jpg 100w, https:\/\/socialdesignmagazine.com\/mag\/wp-content\/uploads\/2016\/11\/Linea-Light-lampada-da-parete-Wings-11-768x512.jpg 768w, https:\/\/socialdesignmagazine.com\/mag\/wp-content\/uploads\/2016\/11\/Linea-Light-lampada-da-parete-Wings-11.jpg 1920w\" sizes=\"auto, (max-width: 1024px) 100vw, 1024px\" \/><\/a><\/p>\n<p>Le versioni della Wings\u00a0sul sito\u00a0<a rel=\"nofollow\" href=\"http:\/\/www.linealight.com\/it-it\/family\/wings-w\/66271\">Linea Light<\/a> sono due, si differenziano per dimensione e quantit\u00e0 di luce emessa, la piccola da 42 cm, 10 W, la grande\u00a0da 80 cm, 15 W. Ho scelto la grande\u00a0sia perch\u00e8 pi\u00f9 adatta all&#8217;ambientazione, che prevede un&#8217;unica lampada, sia per la\u00a0quantit\u00e1 di luce necessaria, in altre situazioni potrebbe essere interessante creare delle composizioni accostando pi\u00f9 lampade di misure differenti.<\/p>\n<p><a href=\"https:\/\/socialdesignmagazine.com\/mag\/blog\/design\/lampada-da-parete-wings-una-presenza-piacevole-dalla-personalita-discreta\/attachment\/linea-light-lampada-da-parete-wings-15\/#content\" rel=\"attachment wp-att-29564\"><img loading=\"lazy\" decoding=\"async\" data-attachment-id=\"29564\" data-permalink=\"https:\/\/socialdesignmagazine.com\/mag\/design\/lampada-da-parete-wings-una-presenza-piacevole-dalla-personalita-discreta\/attachment\/linea-light-lampada-da-parete-wings-15\/#content\" data-orig-file=\"https:\/\/socialdesignmagazine.com\/mag\/wp-content\/uploads\/2016\/11\/Linea-Light-lampada-da-parete-Wings-15.jpg\" data-orig-size=\"1920,1280\" data-comments-opened=\"1\" data-image-meta=\"{&quot;aperture&quot;:&quot;0&quot;,&quot;credit&quot;:&quot;&quot;,&quot;camera&quot;:&quot;&quot;,&quot;caption&quot;:&quot;&quot;,&quot;created_timestamp&quot;:&quot;0&quot;,&quot;copyright&quot;:&quot;&quot;,&quot;focal_length&quot;:&quot;0&quot;,&quot;iso&quot;:&quot;0&quot;,&quot;shutter_speed&quot;:&quot;0&quot;,&quot;title&quot;:&quot;&quot;,&quot;orientation&quot;:&quot;0&quot;}\" data-image-title=\"linea-light-lampada-da-parete-wings-15\" data-image-description=\"\" data-image-caption=\"\" data-medium-file=\"https:\/\/socialdesignmagazine.com\/mag\/wp-content\/uploads\/2016\/11\/Linea-Light-lampada-da-parete-Wings-15-396x256.jpg\" data-large-file=\"https:\/\/socialdesignmagazine.com\/mag\/wp-content\/uploads\/2016\/11\/Linea-Light-lampada-da-parete-Wings-15-1024x683.jpg\" class=\"alignnone wp-image-29564 size-large\" src=\"https:\/\/socialdesignmagazine.com\/mag\/wp-content\/uploads\/2016\/11\/Linea-Light-lampada-da-parete-Wings-15-1024x683.jpg\" alt=\"linea-light-lampada-da-parete-wings-15\" width=\"1024\" height=\"683\" srcset=\"https:\/\/socialdesignmagazine.com\/mag\/wp-content\/uploads\/2016\/11\/Linea-Light-lampada-da-parete-Wings-15-1024x683.jpg 1024w, https:\/\/socialdesignmagazine.com\/mag\/wp-content\/uploads\/2016\/11\/Linea-Light-lampada-da-parete-Wings-15-100x66.jpg 100w, https:\/\/socialdesignmagazine.com\/mag\/wp-content\/uploads\/2016\/11\/Linea-Light-lampada-da-parete-Wings-15-768x512.jpg 768w, https:\/\/socialdesignmagazine.com\/mag\/wp-content\/uploads\/2016\/11\/Linea-Light-lampada-da-parete-Wings-15.jpg 1920w\" sizes=\"auto, (max-width: 1024px) 100vw, 1024px\" \/><\/a><\/p>\n<p>La luce della Wings \u00e8 di una piacevole tonalit\u00e0 calda, proviene da una sorgente luminosa a led che garantisce un basso consumo ed una quantit\u00e0 di luce di circa 1000 lumen (nella versione da 80 cm). Le strisce di led sono ospitate in due\u00a0scanalature ricavate nella parte superiore delle due ali. Ad ammorbidire la luce un diffusore antiabbagliamento in policarbonato sabbiato.<\/p>\n<p><a href=\"https:\/\/socialdesignmagazine.com\/mag\/blog\/design\/lampada-da-parete-wings-una-presenza-piacevole-dalla-personalita-discreta\/attachment\/linea-light-lampada-da-parete-wings-12\/#content\" rel=\"attachment wp-att-29561\"><img loading=\"lazy\" decoding=\"async\" data-attachment-id=\"29561\" data-permalink=\"https:\/\/socialdesignmagazine.com\/mag\/design\/lampada-da-parete-wings-una-presenza-piacevole-dalla-personalita-discreta\/attachment\/linea-light-lampada-da-parete-wings-12\/#content\" data-orig-file=\"https:\/\/socialdesignmagazine.com\/mag\/wp-content\/uploads\/2016\/11\/Linea-Light-lampada-da-parete-Wings-12.jpg\" data-orig-size=\"1920,1280\" data-comments-opened=\"1\" data-image-meta=\"{&quot;aperture&quot;:&quot;0&quot;,&quot;credit&quot;:&quot;&quot;,&quot;camera&quot;:&quot;&quot;,&quot;caption&quot;:&quot;&quot;,&quot;created_timestamp&quot;:&quot;0&quot;,&quot;copyright&quot;:&quot;&quot;,&quot;focal_length&quot;:&quot;0&quot;,&quot;iso&quot;:&quot;0&quot;,&quot;shutter_speed&quot;:&quot;0&quot;,&quot;title&quot;:&quot;&quot;,&quot;orientation&quot;:&quot;0&quot;}\" data-image-title=\"linea-light-lampada-da-parete-wings-12\" data-image-description=\"\" data-image-caption=\"\" data-medium-file=\"https:\/\/socialdesignmagazine.com\/mag\/wp-content\/uploads\/2016\/11\/Linea-Light-lampada-da-parete-Wings-12-396x256.jpg\" data-large-file=\"https:\/\/socialdesignmagazine.com\/mag\/wp-content\/uploads\/2016\/11\/Linea-Light-lampada-da-parete-Wings-12-1024x683.jpg\" class=\"alignnone wp-image-29561 size-large\" src=\"https:\/\/socialdesignmagazine.com\/mag\/wp-content\/uploads\/2016\/11\/Linea-Light-lampada-da-parete-Wings-12-1024x683.jpg\" alt=\"linea-light-lampada-da-parete-wings-12\" width=\"1024\" height=\"683\" srcset=\"https:\/\/socialdesignmagazine.com\/mag\/wp-content\/uploads\/2016\/11\/Linea-Light-lampada-da-parete-Wings-12-1024x683.jpg 1024w, https:\/\/socialdesignmagazine.com\/mag\/wp-content\/uploads\/2016\/11\/Linea-Light-lampada-da-parete-Wings-12-100x66.jpg 100w, https:\/\/socialdesignmagazine.com\/mag\/wp-content\/uploads\/2016\/11\/Linea-Light-lampada-da-parete-Wings-12-768x512.jpg 768w, https:\/\/socialdesignmagazine.com\/mag\/wp-content\/uploads\/2016\/11\/Linea-Light-lampada-da-parete-Wings-12.jpg 1920w\" sizes=\"auto, (max-width: 1024px) 100vw, 1024px\" \/><\/a><\/p>\n<p><a href=\"https:\/\/socialdesignmagazine.com\/mag\/blog\/design\/lampada-da-parete-wings-una-presenza-piacevole-dalla-personalita-discreta\/attachment\/linea-light-lampada-da-parete-wings-18\/#content\" rel=\"attachment wp-att-29567\"><img loading=\"lazy\" decoding=\"async\" data-attachment-id=\"29567\" data-permalink=\"https:\/\/socialdesignmagazine.com\/mag\/design\/lampada-da-parete-wings-una-presenza-piacevole-dalla-personalita-discreta\/attachment\/linea-light-lampada-da-parete-wings-18\/#content\" data-orig-file=\"https:\/\/socialdesignmagazine.com\/mag\/wp-content\/uploads\/2016\/11\/Linea-Light-lampada-da-parete-Wings-18.jpg\" data-orig-size=\"1920,1280\" data-comments-opened=\"1\" data-image-meta=\"{&quot;aperture&quot;:&quot;0&quot;,&quot;credit&quot;:&quot;&quot;,&quot;camera&quot;:&quot;&quot;,&quot;caption&quot;:&quot;&quot;,&quot;created_timestamp&quot;:&quot;0&quot;,&quot;copyright&quot;:&quot;&quot;,&quot;focal_length&quot;:&quot;0&quot;,&quot;iso&quot;:&quot;0&quot;,&quot;shutter_speed&quot;:&quot;0&quot;,&quot;title&quot;:&quot;&quot;,&quot;orientation&quot;:&quot;0&quot;}\" data-image-title=\"linea-light-lampada-da-parete-wings-18\" data-image-description=\"\" data-image-caption=\"\" data-medium-file=\"https:\/\/socialdesignmagazine.com\/mag\/wp-content\/uploads\/2016\/11\/Linea-Light-lampada-da-parete-Wings-18-396x256.jpg\" data-large-file=\"https:\/\/socialdesignmagazine.com\/mag\/wp-content\/uploads\/2016\/11\/Linea-Light-lampada-da-parete-Wings-18-1024x683.jpg\" class=\"alignnone wp-image-29567 size-large\" src=\"https:\/\/socialdesignmagazine.com\/mag\/wp-content\/uploads\/2016\/11\/Linea-Light-lampada-da-parete-Wings-18-1024x683.jpg\" alt=\"linea-light-lampada-da-parete-wings-18\" width=\"1024\" height=\"683\" srcset=\"https:\/\/socialdesignmagazine.com\/mag\/wp-content\/uploads\/2016\/11\/Linea-Light-lampada-da-parete-Wings-18-1024x683.jpg 1024w, https:\/\/socialdesignmagazine.com\/mag\/wp-content\/uploads\/2016\/11\/Linea-Light-lampada-da-parete-Wings-18-100x66.jpg 100w, https:\/\/socialdesignmagazine.com\/mag\/wp-content\/uploads\/2016\/11\/Linea-Light-lampada-da-parete-Wings-18-768x512.jpg 768w, https:\/\/socialdesignmagazine.com\/mag\/wp-content\/uploads\/2016\/11\/Linea-Light-lampada-da-parete-Wings-18.jpg 1920w\" sizes=\"auto, (max-width: 1024px) 100vw, 1024px\" \/><\/a><\/p>\n<p><a href=\"https:\/\/socialdesignmagazine.com\/mag\/blog\/design\/lampada-da-parete-wings-una-presenza-piacevole-dalla-personalita-discreta\/attachment\/linea-light-lampada-da-parete-wings-19\/#content\" rel=\"attachment wp-att-29568\"><img loading=\"lazy\" decoding=\"async\" data-attachment-id=\"29568\" data-permalink=\"https:\/\/socialdesignmagazine.com\/mag\/design\/lampada-da-parete-wings-una-presenza-piacevole-dalla-personalita-discreta\/attachment\/linea-light-lampada-da-parete-wings-19\/#content\" data-orig-file=\"https:\/\/socialdesignmagazine.com\/mag\/wp-content\/uploads\/2016\/11\/Linea-Light-lampada-da-parete-Wings-19.jpg\" data-orig-size=\"1920,1279\" data-comments-opened=\"1\" data-image-meta=\"{&quot;aperture&quot;:&quot;0&quot;,&quot;credit&quot;:&quot;&quot;,&quot;camera&quot;:&quot;&quot;,&quot;caption&quot;:&quot;&quot;,&quot;created_timestamp&quot;:&quot;0&quot;,&quot;copyright&quot;:&quot;&quot;,&quot;focal_length&quot;:&quot;0&quot;,&quot;iso&quot;:&quot;0&quot;,&quot;shutter_speed&quot;:&quot;0&quot;,&quot;title&quot;:&quot;&quot;,&quot;orientation&quot;:&quot;0&quot;}\" data-image-title=\"linea-light-lampada-da-parete-wings-19\" data-image-description=\"\" data-image-caption=\"\" data-medium-file=\"https:\/\/socialdesignmagazine.com\/mag\/wp-content\/uploads\/2016\/11\/Linea-Light-lampada-da-parete-Wings-19-396x256.jpg\" data-large-file=\"https:\/\/socialdesignmagazine.com\/mag\/wp-content\/uploads\/2016\/11\/Linea-Light-lampada-da-parete-Wings-19-1024x682.jpg\" class=\"alignnone wp-image-29568 size-large\" src=\"https:\/\/socialdesignmagazine.com\/mag\/wp-content\/uploads\/2016\/11\/Linea-Light-lampada-da-parete-Wings-19-1024x682.jpg\" alt=\"linea-light-lampada-da-parete-wings-19\" width=\"1024\" height=\"682\" srcset=\"https:\/\/socialdesignmagazine.com\/mag\/wp-content\/uploads\/2016\/11\/Linea-Light-lampada-da-parete-Wings-19-1024x682.jpg 1024w, https:\/\/socialdesignmagazine.com\/mag\/wp-content\/uploads\/2016\/11\/Linea-Light-lampada-da-parete-Wings-19-100x66.jpg 100w, https:\/\/socialdesignmagazine.com\/mag\/wp-content\/uploads\/2016\/11\/Linea-Light-lampada-da-parete-Wings-19-768x512.jpg 768w, https:\/\/socialdesignmagazine.com\/mag\/wp-content\/uploads\/2016\/11\/Linea-Light-lampada-da-parete-Wings-19.jpg 1920w\" sizes=\"auto, (max-width: 1024px) 100vw, 1024px\" \/><\/a><\/p>\n<p><a href=\"https:\/\/socialdesignmagazine.com\/mag\/blog\/design\/lampada-da-parete-wings-una-presenza-piacevole-dalla-personalita-discreta\/attachment\/linea-light-lampada-da-parete-wings-20\/#content\" rel=\"attachment wp-att-29569\"><img loading=\"lazy\" decoding=\"async\" data-attachment-id=\"29569\" data-permalink=\"https:\/\/socialdesignmagazine.com\/mag\/design\/lampada-da-parete-wings-una-presenza-piacevole-dalla-personalita-discreta\/attachment\/linea-light-lampada-da-parete-wings-20\/#content\" data-orig-file=\"https:\/\/socialdesignmagazine.com\/mag\/wp-content\/uploads\/2016\/11\/Linea-Light-lampada-da-parete-Wings-20.jpg\" data-orig-size=\"1920,1280\" data-comments-opened=\"1\" data-image-meta=\"{&quot;aperture&quot;:&quot;0&quot;,&quot;credit&quot;:&quot;&quot;,&quot;camera&quot;:&quot;&quot;,&quot;caption&quot;:&quot;&quot;,&quot;created_timestamp&quot;:&quot;0&quot;,&quot;copyright&quot;:&quot;&quot;,&quot;focal_length&quot;:&quot;0&quot;,&quot;iso&quot;:&quot;0&quot;,&quot;shutter_speed&quot;:&quot;0&quot;,&quot;title&quot;:&quot;&quot;,&quot;orientation&quot;:&quot;0&quot;}\" data-image-title=\"linea-light-lampada-da-parete-wings-20\" data-image-description=\"\" data-image-caption=\"\" data-medium-file=\"https:\/\/socialdesignmagazine.com\/mag\/wp-content\/uploads\/2016\/11\/Linea-Light-lampada-da-parete-Wings-20-396x256.jpg\" data-large-file=\"https:\/\/socialdesignmagazine.com\/mag\/wp-content\/uploads\/2016\/11\/Linea-Light-lampada-da-parete-Wings-20-1024x683.jpg\" class=\"alignnone wp-image-29569 size-large\" src=\"https:\/\/socialdesignmagazine.com\/mag\/wp-content\/uploads\/2016\/11\/Linea-Light-lampada-da-parete-Wings-20-1024x683.jpg\" alt=\"linea-light-lampada-da-parete-wings-20\" width=\"1024\" height=\"683\" srcset=\"https:\/\/socialdesignmagazine.com\/mag\/wp-content\/uploads\/2016\/11\/Linea-Light-lampada-da-parete-Wings-20-1024x683.jpg 1024w, https:\/\/socialdesignmagazine.com\/mag\/wp-content\/uploads\/2016\/11\/Linea-Light-lampada-da-parete-Wings-20-100x66.jpg 100w, https:\/\/socialdesignmagazine.com\/mag\/wp-content\/uploads\/2016\/11\/Linea-Light-lampada-da-parete-Wings-20-768x512.jpg 768w, https:\/\/socialdesignmagazine.com\/mag\/wp-content\/uploads\/2016\/11\/Linea-Light-lampada-da-parete-Wings-20.jpg 1920w\" sizes=\"auto, (max-width: 1024px) 100vw, 1024px\" \/><\/a><\/p>\n<p><a href=\"https:\/\/socialdesignmagazine.com\/mag\/blog\/design\/lampada-da-parete-wings-una-presenza-piacevole-dalla-personalita-discreta\/attachment\/linea-light-lampada-da-parete-wings-01\/#content\" rel=\"attachment wp-att-29550\"><img loading=\"lazy\" decoding=\"async\" data-attachment-id=\"29550\" data-permalink=\"https:\/\/socialdesignmagazine.com\/mag\/design\/lampada-da-parete-wings-una-presenza-piacevole-dalla-personalita-discreta\/attachment\/linea-light-lampada-da-parete-wings-01\/#content\" data-orig-file=\"https:\/\/socialdesignmagazine.com\/mag\/wp-content\/uploads\/2016\/11\/Linea-Light-lampada-da-parete-Wings-01.jpg\" data-orig-size=\"1920,1280\" data-comments-opened=\"1\" data-image-meta=\"{&quot;aperture&quot;:&quot;0&quot;,&quot;credit&quot;:&quot;&quot;,&quot;camera&quot;:&quot;&quot;,&quot;caption&quot;:&quot;&quot;,&quot;created_timestamp&quot;:&quot;0&quot;,&quot;copyright&quot;:&quot;&quot;,&quot;focal_length&quot;:&quot;0&quot;,&quot;iso&quot;:&quot;0&quot;,&quot;shutter_speed&quot;:&quot;0&quot;,&quot;title&quot;:&quot;&quot;,&quot;orientation&quot;:&quot;0&quot;}\" data-image-title=\"linea-light-lampada-da-parete-wings-01\" data-image-description=\"\" data-image-caption=\"\" data-medium-file=\"https:\/\/socialdesignmagazine.com\/mag\/wp-content\/uploads\/2016\/11\/Linea-Light-lampada-da-parete-Wings-01-396x256.jpg\" data-large-file=\"https:\/\/socialdesignmagazine.com\/mag\/wp-content\/uploads\/2016\/11\/Linea-Light-lampada-da-parete-Wings-01-1024x683.jpg\" class=\"alignnone wp-image-29550 size-large\" src=\"https:\/\/socialdesignmagazine.com\/mag\/wp-content\/uploads\/2016\/11\/Linea-Light-lampada-da-parete-Wings-01-1024x683.jpg\" alt=\"linea-light-lampada-da-parete-wings-01\" width=\"1024\" height=\"683\" srcset=\"https:\/\/socialdesignmagazine.com\/mag\/wp-content\/uploads\/2016\/11\/Linea-Light-lampada-da-parete-Wings-01-1024x683.jpg 1024w, https:\/\/socialdesignmagazine.com\/mag\/wp-content\/uploads\/2016\/11\/Linea-Light-lampada-da-parete-Wings-01-100x66.jpg 100w, https:\/\/socialdesignmagazine.com\/mag\/wp-content\/uploads\/2016\/11\/Linea-Light-lampada-da-parete-Wings-01-768x512.jpg 768w, https:\/\/socialdesignmagazine.com\/mag\/wp-content\/uploads\/2016\/11\/Linea-Light-lampada-da-parete-Wings-01.jpg 1920w\" sizes=\"auto, (max-width: 1024px) 100vw, 1024px\" \/><\/a><\/p>\n<p><a href=\"https:\/\/socialdesignmagazine.com\/mag\/blog\/design\/lampada-da-parete-wings-una-presenza-piacevole-dalla-personalita-discreta\/attachment\/linea-light-lampada-da-parete-wings-10\/#content\" rel=\"attachment wp-att-29559\"><img loading=\"lazy\" decoding=\"async\" data-attachment-id=\"29559\" data-permalink=\"https:\/\/socialdesignmagazine.com\/mag\/design\/lampada-da-parete-wings-una-presenza-piacevole-dalla-personalita-discreta\/attachment\/linea-light-lampada-da-parete-wings-10\/#content\" data-orig-file=\"https:\/\/socialdesignmagazine.com\/mag\/wp-content\/uploads\/2016\/11\/Linea-Light-lampada-da-parete-Wings-10.jpg\" data-orig-size=\"1920,1280\" data-comments-opened=\"1\" data-image-meta=\"{&quot;aperture&quot;:&quot;0&quot;,&quot;credit&quot;:&quot;&quot;,&quot;camera&quot;:&quot;&quot;,&quot;caption&quot;:&quot;&quot;,&quot;created_timestamp&quot;:&quot;0&quot;,&quot;copyright&quot;:&quot;&quot;,&quot;focal_length&quot;:&quot;0&quot;,&quot;iso&quot;:&quot;0&quot;,&quot;shutter_speed&quot;:&quot;0&quot;,&quot;title&quot;:&quot;&quot;,&quot;orientation&quot;:&quot;0&quot;}\" data-image-title=\"linea-light-lampada-da-parete-wings-10\" data-image-description=\"\" data-image-caption=\"\" data-medium-file=\"https:\/\/socialdesignmagazine.com\/mag\/wp-content\/uploads\/2016\/11\/Linea-Light-lampada-da-parete-Wings-10-396x256.jpg\" data-large-file=\"https:\/\/socialdesignmagazine.com\/mag\/wp-content\/uploads\/2016\/11\/Linea-Light-lampada-da-parete-Wings-10-1024x683.jpg\" class=\"alignnone wp-image-29559 size-large\" src=\"https:\/\/socialdesignmagazine.com\/mag\/wp-content\/uploads\/2016\/11\/Linea-Light-lampada-da-parete-Wings-10-1024x683.jpg\" alt=\"linea-light-lampada-da-parete-wings-10\" width=\"1024\" height=\"683\" srcset=\"https:\/\/socialdesignmagazine.com\/mag\/wp-content\/uploads\/2016\/11\/Linea-Light-lampada-da-parete-Wings-10-1024x683.jpg 1024w, https:\/\/socialdesignmagazine.com\/mag\/wp-content\/uploads\/2016\/11\/Linea-Light-lampada-da-parete-Wings-10-100x66.jpg 100w, https:\/\/socialdesignmagazine.com\/mag\/wp-content\/uploads\/2016\/11\/Linea-Light-lampada-da-parete-Wings-10-768x512.jpg 768w, https:\/\/socialdesignmagazine.com\/mag\/wp-content\/uploads\/2016\/11\/Linea-Light-lampada-da-parete-Wings-10.jpg 1920w\" sizes=\"auto, (max-width: 1024px) 100vw, 1024px\" \/><\/a><\/p>\n<p><a href=\"https:\/\/socialdesignmagazine.com\/mag\/blog\/design\/lampada-da-parete-wings-una-presenza-piacevole-dalla-personalita-discreta\/attachment\/linea-light-lampada-da-parete-wings-09\/#content\" rel=\"attachment wp-att-29558\"><img loading=\"lazy\" decoding=\"async\" data-attachment-id=\"29558\" data-permalink=\"https:\/\/socialdesignmagazine.com\/mag\/design\/lampada-da-parete-wings-una-presenza-piacevole-dalla-personalita-discreta\/attachment\/linea-light-lampada-da-parete-wings-09\/#content\" data-orig-file=\"https:\/\/socialdesignmagazine.com\/mag\/wp-content\/uploads\/2016\/11\/Linea-Light-lampada-da-parete-Wings-09.jpg\" data-orig-size=\"1920,2880\" data-comments-opened=\"1\" data-image-meta=\"{&quot;aperture&quot;:&quot;0&quot;,&quot;credit&quot;:&quot;&quot;,&quot;camera&quot;:&quot;&quot;,&quot;caption&quot;:&quot;&quot;,&quot;created_timestamp&quot;:&quot;0&quot;,&quot;copyright&quot;:&quot;&quot;,&quot;focal_length&quot;:&quot;0&quot;,&quot;iso&quot;:&quot;0&quot;,&quot;shutter_speed&quot;:&quot;0&quot;,&quot;title&quot;:&quot;&quot;,&quot;orientation&quot;:&quot;0&quot;}\" data-image-title=\"linea-light-lampada-da-parete-wings-09\" data-image-description=\"\" data-image-caption=\"\" data-medium-file=\"https:\/\/socialdesignmagazine.com\/mag\/wp-content\/uploads\/2016\/11\/Linea-Light-lampada-da-parete-Wings-09-396x256.jpg\" data-large-file=\"https:\/\/socialdesignmagazine.com\/mag\/wp-content\/uploads\/2016\/11\/Linea-Light-lampada-da-parete-Wings-09-1024x1536.jpg\" class=\"wp-image-29558 size-large aligncenter\" src=\"https:\/\/socialdesignmagazine.com\/mag\/wp-content\/uploads\/2016\/11\/Linea-Light-lampada-da-parete-Wings-09-683x1024.jpg\" alt=\"linea-light-lampada-da-parete-wings-09\" width=\"683\" height=\"1024\" \/><\/a><\/p>\n<p><a href=\"https:\/\/socialdesignmagazine.com\/mag\/blog\/design\/lampada-da-parete-wings-una-presenza-piacevole-dalla-personalita-discreta\/attachment\/linea-light-lampada-da-parete-wings-06\/#content\" rel=\"attachment wp-att-29555\"><img loading=\"lazy\" decoding=\"async\" data-attachment-id=\"29555\" data-permalink=\"https:\/\/socialdesignmagazine.com\/mag\/design\/lampada-da-parete-wings-una-presenza-piacevole-dalla-personalita-discreta\/attachment\/linea-light-lampada-da-parete-wings-06\/#content\" data-orig-file=\"https:\/\/socialdesignmagazine.com\/mag\/wp-content\/uploads\/2016\/11\/Linea-Light-lampada-da-parete-Wings-06.jpg\" data-orig-size=\"1920,1280\" data-comments-opened=\"1\" data-image-meta=\"{&quot;aperture&quot;:&quot;0&quot;,&quot;credit&quot;:&quot;&quot;,&quot;camera&quot;:&quot;&quot;,&quot;caption&quot;:&quot;&quot;,&quot;created_timestamp&quot;:&quot;0&quot;,&quot;copyright&quot;:&quot;&quot;,&quot;focal_length&quot;:&quot;0&quot;,&quot;iso&quot;:&quot;0&quot;,&quot;shutter_speed&quot;:&quot;0&quot;,&quot;title&quot;:&quot;&quot;,&quot;orientation&quot;:&quot;0&quot;}\" data-image-title=\"linea-light-lampada-da-parete-wings-06\" data-image-description=\"\" data-image-caption=\"\" data-medium-file=\"https:\/\/socialdesignmagazine.com\/mag\/wp-content\/uploads\/2016\/11\/Linea-Light-lampada-da-parete-Wings-06-396x256.jpg\" data-large-file=\"https:\/\/socialdesignmagazine.com\/mag\/wp-content\/uploads\/2016\/11\/Linea-Light-lampada-da-parete-Wings-06-1024x683.jpg\" class=\"alignnone wp-image-29555 size-large\" src=\"https:\/\/socialdesignmagazine.com\/mag\/wp-content\/uploads\/2016\/11\/Linea-Light-lampada-da-parete-Wings-06-1024x683.jpg\" alt=\"linea-light-lampada-da-parete-wings-06\" width=\"1024\" height=\"683\" srcset=\"https:\/\/socialdesignmagazine.com\/mag\/wp-content\/uploads\/2016\/11\/Linea-Light-lampada-da-parete-Wings-06-1024x683.jpg 1024w, https:\/\/socialdesignmagazine.com\/mag\/wp-content\/uploads\/2016\/11\/Linea-Light-lampada-da-parete-Wings-06-100x66.jpg 100w, https:\/\/socialdesignmagazine.com\/mag\/wp-content\/uploads\/2016\/11\/Linea-Light-lampada-da-parete-Wings-06-768x512.jpg 768w, https:\/\/socialdesignmagazine.com\/mag\/wp-content\/uploads\/2016\/11\/Linea-Light-lampada-da-parete-Wings-06.jpg 1920w\" sizes=\"auto, (max-width: 1024px) 100vw, 1024px\" \/><\/a><\/p>\n<p><a href=\"https:\/\/socialdesignmagazine.com\/mag\/blog\/design\/lampada-da-parete-wings-una-presenza-piacevole-dalla-personalita-discreta\/attachment\/linea-light-lampada-da-parete-wings-05\/#content\" rel=\"attachment wp-att-29554\"><img loading=\"lazy\" decoding=\"async\" data-attachment-id=\"29554\" data-permalink=\"https:\/\/socialdesignmagazine.com\/mag\/design\/lampada-da-parete-wings-una-presenza-piacevole-dalla-personalita-discreta\/attachment\/linea-light-lampada-da-parete-wings-05\/#content\" data-orig-file=\"https:\/\/socialdesignmagazine.com\/mag\/wp-content\/uploads\/2016\/11\/Linea-Light-lampada-da-parete-Wings-05.jpg\" data-orig-size=\"1920,1280\" data-comments-opened=\"1\" data-image-meta=\"{&quot;aperture&quot;:&quot;0&quot;,&quot;credit&quot;:&quot;&quot;,&quot;camera&quot;:&quot;&quot;,&quot;caption&quot;:&quot;&quot;,&quot;created_timestamp&quot;:&quot;0&quot;,&quot;copyright&quot;:&quot;&quot;,&quot;focal_length&quot;:&quot;0&quot;,&quot;iso&quot;:&quot;0&quot;,&quot;shutter_speed&quot;:&quot;0&quot;,&quot;title&quot;:&quot;&quot;,&quot;orientation&quot;:&quot;0&quot;}\" data-image-title=\"linea-light-lampada-da-parete-wings-05\" data-image-description=\"\" data-image-caption=\"\" data-medium-file=\"https:\/\/socialdesignmagazine.com\/mag\/wp-content\/uploads\/2016\/11\/Linea-Light-lampada-da-parete-Wings-05-396x256.jpg\" data-large-file=\"https:\/\/socialdesignmagazine.com\/mag\/wp-content\/uploads\/2016\/11\/Linea-Light-lampada-da-parete-Wings-05-1024x683.jpg\" class=\"alignnone wp-image-29554 size-large\" src=\"https:\/\/socialdesignmagazine.com\/mag\/wp-content\/uploads\/2016\/11\/Linea-Light-lampada-da-parete-Wings-05-1024x683.jpg\" alt=\"linea-light-lampada-da-parete-wings-05\" width=\"1024\" height=\"683\" srcset=\"https:\/\/socialdesignmagazine.com\/mag\/wp-content\/uploads\/2016\/11\/Linea-Light-lampada-da-parete-Wings-05-1024x683.jpg 1024w, https:\/\/socialdesignmagazine.com\/mag\/wp-content\/uploads\/2016\/11\/Linea-Light-lampada-da-parete-Wings-05-100x66.jpg 100w, https:\/\/socialdesignmagazine.com\/mag\/wp-content\/uploads\/2016\/11\/Linea-Light-lampada-da-parete-Wings-05-768x512.jpg 768w, https:\/\/socialdesignmagazine.com\/mag\/wp-content\/uploads\/2016\/11\/Linea-Light-lampada-da-parete-Wings-05.jpg 1920w\" sizes=\"auto, (max-width: 1024px) 100vw, 1024px\" \/><\/a><\/p>\n<p><a href=\"https:\/\/socialdesignmagazine.com\/mag\/blog\/design\/lampada-da-parete-wings-una-presenza-piacevole-dalla-personalita-discreta\/attachment\/linea-light-lampada-da-parete-wings-04\/#content\" rel=\"attachment wp-att-29553\"><img loading=\"lazy\" decoding=\"async\" data-attachment-id=\"29553\" data-permalink=\"https:\/\/socialdesignmagazine.com\/mag\/design\/lampada-da-parete-wings-una-presenza-piacevole-dalla-personalita-discreta\/attachment\/linea-light-lampada-da-parete-wings-04\/#content\" data-orig-file=\"https:\/\/socialdesignmagazine.com\/mag\/wp-content\/uploads\/2016\/11\/Linea-Light-lampada-da-parete-Wings-04.jpg\" data-orig-size=\"1920,1280\" data-comments-opened=\"1\" data-image-meta=\"{&quot;aperture&quot;:&quot;0&quot;,&quot;credit&quot;:&quot;&quot;,&quot;camera&quot;:&quot;&quot;,&quot;caption&quot;:&quot;&quot;,&quot;created_timestamp&quot;:&quot;0&quot;,&quot;copyright&quot;:&quot;&quot;,&quot;focal_length&quot;:&quot;0&quot;,&quot;iso&quot;:&quot;0&quot;,&quot;shutter_speed&quot;:&quot;0&quot;,&quot;title&quot;:&quot;&quot;,&quot;orientation&quot;:&quot;0&quot;}\" data-image-title=\"linea-light-lampada-da-parete-wings-04\" data-image-description=\"\" data-image-caption=\"\" data-medium-file=\"https:\/\/socialdesignmagazine.com\/mag\/wp-content\/uploads\/2016\/11\/Linea-Light-lampada-da-parete-Wings-04-396x256.jpg\" data-large-file=\"https:\/\/socialdesignmagazine.com\/mag\/wp-content\/uploads\/2016\/11\/Linea-Light-lampada-da-parete-Wings-04-1024x683.jpg\" class=\"alignnone wp-image-29553 size-large\" src=\"https:\/\/socialdesignmagazine.com\/mag\/wp-content\/uploads\/2016\/11\/Linea-Light-lampada-da-parete-Wings-04-1024x683.jpg\" alt=\"linea-light-lampada-da-parete-wings-04\" width=\"1024\" height=\"683\" srcset=\"https:\/\/socialdesignmagazine.com\/mag\/wp-content\/uploads\/2016\/11\/Linea-Light-lampada-da-parete-Wings-04-1024x683.jpg 1024w, https:\/\/socialdesignmagazine.com\/mag\/wp-content\/uploads\/2016\/11\/Linea-Light-lampada-da-parete-Wings-04-100x66.jpg 100w, https:\/\/socialdesignmagazine.com\/mag\/wp-content\/uploads\/2016\/11\/Linea-Light-lampada-da-parete-Wings-04-768x512.jpg 768w, https:\/\/socialdesignmagazine.com\/mag\/wp-content\/uploads\/2016\/11\/Linea-Light-lampada-da-parete-Wings-04.jpg 1920w\" sizes=\"auto, (max-width: 1024px) 100vw, 1024px\" \/><\/a><\/p>\n<p><a href=\"https:\/\/socialdesignmagazine.com\/mag\/blog\/design\/lampada-da-parete-wings-una-presenza-piacevole-dalla-personalita-discreta\/attachment\/linea-light-lampada-da-parete-wings-03\/#content\" rel=\"attachment wp-att-29552\"><img loading=\"lazy\" decoding=\"async\" data-attachment-id=\"29552\" data-permalink=\"https:\/\/socialdesignmagazine.com\/mag\/design\/lampada-da-parete-wings-una-presenza-piacevole-dalla-personalita-discreta\/attachment\/linea-light-lampada-da-parete-wings-03\/#content\" data-orig-file=\"https:\/\/socialdesignmagazine.com\/mag\/wp-content\/uploads\/2016\/11\/Linea-Light-lampada-da-parete-Wings-03.jpg\" data-orig-size=\"1920,1280\" data-comments-opened=\"1\" data-image-meta=\"{&quot;aperture&quot;:&quot;0&quot;,&quot;credit&quot;:&quot;&quot;,&quot;camera&quot;:&quot;&quot;,&quot;caption&quot;:&quot;&quot;,&quot;created_timestamp&quot;:&quot;0&quot;,&quot;copyright&quot;:&quot;&quot;,&quot;focal_length&quot;:&quot;0&quot;,&quot;iso&quot;:&quot;0&quot;,&quot;shutter_speed&quot;:&quot;0&quot;,&quot;title&quot;:&quot;&quot;,&quot;orientation&quot;:&quot;0&quot;}\" data-image-title=\"linea-light-lampada-da-parete-wings-03\" data-image-description=\"\" data-image-caption=\"\" data-medium-file=\"https:\/\/socialdesignmagazine.com\/mag\/wp-content\/uploads\/2016\/11\/Linea-Light-lampada-da-parete-Wings-03-396x256.jpg\" data-large-file=\"https:\/\/socialdesignmagazine.com\/mag\/wp-content\/uploads\/2016\/11\/Linea-Light-lampada-da-parete-Wings-03-1024x683.jpg\" class=\"alignnone wp-image-29552 size-large\" src=\"https:\/\/socialdesignmagazine.com\/mag\/wp-content\/uploads\/2016\/11\/Linea-Light-lampada-da-parete-Wings-03-1024x683.jpg\" alt=\"linea-light-lampada-da-parete-wings-03\" width=\"1024\" height=\"683\" srcset=\"https:\/\/socialdesignmagazine.com\/mag\/wp-content\/uploads\/2016\/11\/Linea-Light-lampada-da-parete-Wings-03-1024x683.jpg 1024w, https:\/\/socialdesignmagazine.com\/mag\/wp-content\/uploads\/2016\/11\/Linea-Light-lampada-da-parete-Wings-03-100x66.jpg 100w, https:\/\/socialdesignmagazine.com\/mag\/wp-content\/uploads\/2016\/11\/Linea-Light-lampada-da-parete-Wings-03-768x512.jpg 768w, https:\/\/socialdesignmagazine.com\/mag\/wp-content\/uploads\/2016\/11\/Linea-Light-lampada-da-parete-Wings-03.jpg 1920w\" sizes=\"auto, (max-width: 1024px) 100vw, 1024px\" \/><\/a><\/p>\n<p>La lampada Wings \u00e8 un oggetto ben progettato, dal design lineare e pulito, scevro da inutili elementi che ne possano compromettere l&#8217;essenzialit\u00e0.\u00a0Arricchisce gli ambienti con la sua\u00a0piacevole e discreta presenza,\u00a0sia di giorno che di notte, quando diffonde un&#8217;atmosfera luminosa\u00a0calda e riposante.<\/p>\n<\/div>\n","protected":false,"gt_translate_keys":[{"key":"rendered","format":"html"}]},"excerpt":{"rendered":"<p>Dal nome gi\u00e0 evoca immagini di leggerezza e ariosit\u00e0, la lampada da parete Wings appare subito un elemento dalla personalit\u00e0 spiccata ma discreta.<\/p>\n","protected":false,"gt_translate_keys":[{"key":"rendered","format":"html"}]},"author":1,"featured_media":29566,"comment_status":"open","ping_status":"open","sticky":false,"template":"","format":"standard","meta":{"jetpack_post_was_ever_published":false,"_jetpack_newsletter_access":"","_jetpack_dont_email_post_to_subs":true,"_jetpack_newsletter_tier_id":0,"_jetpack_memberships_contains_paywalled_content":false,"_jetpack_memberships_contains_paid_content":false,"footnotes":"","_wpscppro_dont_share_socialmedia":false,"_wpscppro_custom_social_share_image":0,"_facebook_share_type":"","_twitter_share_type":"","_linkedin_share_type":"","_pinterest_share_type":"","_linkedin_share_type_page":"","_instagram_share_type":"","_medium_share_type":"","_threads_share_type":"","_google_business_share_type":"","_selected_social_profile":[],"_wpsp_enable_custom_social_template":false,"_wpsp_social_scheduling":{"enabled":false,"datetime":null,"platforms":[],"status":"template_only","dateOption":"today","timeOption":"now","customDays":"","customHours":"","customDate":"","customTime":"","schedulingType":"absolute"},"_wpsp_active_default_template":true},"categories":[13],"tags":[123,4444,2511,460,4529],"class_list":["post-29549","post","type-post","status-publish","format-standard","has-post-thumbnail","hentry","category-design","tag-alluminio","tag-illuminazione-led","tag-lampada-da-parete","tag-led","tag-linea-light-group"],"yoast_head":"<!-- This site is optimized with the Yoast SEO plugin v27.2 - https:\/\/yoast.com\/product\/yoast-seo-wordpress\/ -->\n<title>Lampada da parete Wings, una presenza piacevole dalla personalit\u00e1 discreta - Social Design Magazine<\/title>\n<meta name=\"description\" content=\"Dal nome gi\u00e0 evoca immagini di leggerezza e ariosit\u00e0, la lampada da parete Wings appare subito un elemento dalla personalit\u00e0 spiccata ma discreta.\" \/>\n<meta name=\"robots\" content=\"index, follow, max-snippet:-1, max-image-preview:large, max-video-preview:-1\" \/>\n<link rel=\"canonical\" href=\"https:\/\/socialdesignmagazine.com\/mag\/design\/lampada-da-parete-wings-una-presenza-piacevole-dalla-personalita-discreta\/\" \/>\n<meta property=\"og:locale\" content=\"it_IT\" \/>\n<meta property=\"og:type\" content=\"article\" \/>\n<meta property=\"og:title\" content=\"Lampada da parete Wings, una presenza piacevole dalla personalit\u00e1 discreta - Social Design Magazine\" \/>\n<meta property=\"og:description\" content=\"Dal nome gi\u00e0 evoca immagini di leggerezza e ariosit\u00e0, la lampada da parete Wings appare subito un elemento dalla personalit\u00e0 spiccata ma discreta.\" \/>\n<meta property=\"og:url\" content=\"http:\/\/socialdesignmagazine.com\/mag\/design\/lampada-da-parete-wings-una-presenza-piacevole-dalla-personalita-discreta\/\" \/>\n<meta property=\"og:site_name\" content=\"Social Design Magazine\" \/>\n<meta property=\"article:publisher\" content=\"https:\/\/www.facebook.com\/socialdesignmag\" \/>\n<meta property=\"article:author\" content=\"https:\/\/www.facebook.com\/benedettofiori\" \/>\n<meta property=\"article:published_time\" content=\"2016-11-22T11:05:42+00:00\" \/>\n<meta property=\"article:modified_time\" content=\"2020-04-23T11:35:58+00:00\" \/>\n<meta property=\"og:image\" content=\"https:\/\/socialdesignmagazine.com\/mag\/wp-content\/uploads\/2016\/11\/Linea-Light-lampada-da-parete-Wings-17.jpg\" \/>\n\t<meta property=\"og:image:width\" content=\"1920\" \/>\n\t<meta property=\"og:image:height\" content=\"1280\" \/>\n\t<meta property=\"og:image:type\" content=\"image\/jpeg\" \/>\n<meta name=\"author\" content=\"Benedetto Fiori\" \/>\n<meta name=\"twitter:card\" content=\"summary_large_image\" \/>\n<meta name=\"twitter:creator\" content=\"@benedettofiori\" \/>\n<meta name=\"twitter:site\" content=\"@socialdesignmag\" \/>\n<meta name=\"twitter:label1\" content=\"Scritto da\" \/>\n\t<meta name=\"twitter:data1\" content=\"Benedetto Fiori\" \/>\n\t<meta name=\"twitter:label2\" content=\"Tempo di lettura stimato\" \/>\n\t<meta name=\"twitter:data2\" content=\"2 minuti\" \/>\n<script type=\"application\/ld+json\" class=\"yoast-schema-graph\">{\"@context\":\"https:\/\/schema.org\",\"@graph\":[{\"@type\":\"Article\",\"@id\":\"https:\/\/socialdesignmagazine.com\/mag\/design\/lampada-da-parete-wings-una-presenza-piacevole-dalla-personalita-discreta\/#article\",\"isPartOf\":{\"@id\":\"https:\/\/socialdesignmagazine.com\/mag\/design\/lampada-da-parete-wings-una-presenza-piacevole-dalla-personalita-discreta\/\"},\"author\":{\"name\":\"Benedetto Fiori\",\"@id\":\"https:\/\/socialdesignmagazine.com\/mag\/#\/schema\/person\/61e20205cc363c315e6aabd33a045846\"},\"headline\":\"Lampada da parete Wings, una presenza piacevole dalla personalit\u00e1 discreta\",\"datePublished\":\"2016-11-22T11:05:42+00:00\",\"dateModified\":\"2020-04-23T11:35:58+00:00\",\"mainEntityOfPage\":{\"@id\":\"https:\/\/socialdesignmagazine.com\/mag\/design\/lampada-da-parete-wings-una-presenza-piacevole-dalla-personalita-discreta\/\"},\"wordCount\":434,\"commentCount\":0,\"publisher\":{\"@id\":\"https:\/\/socialdesignmagazine.com\/mag\/#organization\"},\"image\":{\"@id\":\"https:\/\/socialdesignmagazine.com\/mag\/design\/lampada-da-parete-wings-una-presenza-piacevole-dalla-personalita-discreta\/#primaryimage\"},\"thumbnailUrl\":\"https:\/\/socialdesignmagazine.com\/mag\/wp-content\/uploads\/2016\/11\/Linea-Light-lampada-da-parete-Wings-17.jpg\",\"keywords\":[\"alluminio\",\"illuminazione led\",\"lampada da parete\",\"led\",\"linea light group\"],\"articleSection\":[\"Design\"],\"inLanguage\":\"it-IT\",\"potentialAction\":[{\"@type\":\"CommentAction\",\"name\":\"Comment\",\"target\":[\"https:\/\/socialdesignmagazine.com\/mag\/design\/lampada-da-parete-wings-una-presenza-piacevole-dalla-personalita-discreta\/#respond\"]}]},{\"@type\":\"WebPage\",\"@id\":\"https:\/\/socialdesignmagazine.com\/mag\/design\/lampada-da-parete-wings-una-presenza-piacevole-dalla-personalita-discreta\/\",\"url\":\"https:\/\/socialdesignmagazine.com\/mag\/design\/lampada-da-parete-wings-una-presenza-piacevole-dalla-personalita-discreta\/\",\"name\":\"Lampada da parete Wings, una presenza piacevole dalla personalit\u00e1 discreta - Social Design Magazine\",\"isPartOf\":{\"@id\":\"https:\/\/socialdesignmagazine.com\/mag\/#website\"},\"primaryImageOfPage\":{\"@id\":\"https:\/\/socialdesignmagazine.com\/mag\/design\/lampada-da-parete-wings-una-presenza-piacevole-dalla-personalita-discreta\/#primaryimage\"},\"image\":{\"@id\":\"https:\/\/socialdesignmagazine.com\/mag\/design\/lampada-da-parete-wings-una-presenza-piacevole-dalla-personalita-discreta\/#primaryimage\"},\"thumbnailUrl\":\"https:\/\/socialdesignmagazine.com\/mag\/wp-content\/uploads\/2016\/11\/Linea-Light-lampada-da-parete-Wings-17.jpg\",\"datePublished\":\"2016-11-22T11:05:42+00:00\",\"dateModified\":\"2020-04-23T11:35:58+00:00\",\"description\":\"Dal nome gi\u00e0 evoca immagini di leggerezza e ariosit\u00e0, la lampada da parete Wings appare subito un elemento dalla personalit\u00e0 spiccata ma discreta.\",\"breadcrumb\":{\"@id\":\"https:\/\/socialdesignmagazine.com\/mag\/design\/lampada-da-parete-wings-una-presenza-piacevole-dalla-personalita-discreta\/#breadcrumb\"},\"inLanguage\":\"it-IT\",\"potentialAction\":[{\"@type\":\"ReadAction\",\"target\":[\"https:\/\/socialdesignmagazine.com\/mag\/design\/lampada-da-parete-wings-una-presenza-piacevole-dalla-personalita-discreta\/\"]}]},{\"@type\":\"ImageObject\",\"inLanguage\":\"it-IT\",\"@id\":\"https:\/\/socialdesignmagazine.com\/mag\/design\/lampada-da-parete-wings-una-presenza-piacevole-dalla-personalita-discreta\/#primaryimage\",\"url\":\"https:\/\/socialdesignmagazine.com\/mag\/wp-content\/uploads\/2016\/11\/Linea-Light-lampada-da-parete-Wings-17.jpg\",\"contentUrl\":\"https:\/\/socialdesignmagazine.com\/mag\/wp-content\/uploads\/2016\/11\/Linea-Light-lampada-da-parete-Wings-17.jpg\",\"width\":1920,\"height\":1280,\"caption\":\"Linea Light Group, lampada da parete Wings\"},{\"@type\":\"BreadcrumbList\",\"@id\":\"https:\/\/socialdesignmagazine.com\/mag\/design\/lampada-da-parete-wings-una-presenza-piacevole-dalla-personalita-discreta\/#breadcrumb\",\"itemListElement\":[{\"@type\":\"ListItem\",\"position\":1,\"name\":\"Home\",\"item\":\"https:\/\/socialdesignmagazine.com\/mag\/\"},{\"@type\":\"ListItem\",\"position\":2,\"name\":\"Design\",\"item\":\"https:\/\/socialdesignmagazine.com\/mag\/design\/\"},{\"@type\":\"ListItem\",\"position\":3,\"name\":\"Lampada da parete Wings, una presenza piacevole dalla personalit\u00e1 discreta\"}]},{\"@type\":\"WebSite\",\"@id\":\"https:\/\/socialdesignmagazine.com\/mag\/#website\",\"url\":\"https:\/\/socialdesignmagazine.com\/mag\/\",\"name\":\"Social Design Magazine\",\"description\":\"Social Magazine su Design, Architettura, Arte, Grafica\",\"publisher\":{\"@id\":\"https:\/\/socialdesignmagazine.com\/mag\/#organization\"},\"potentialAction\":[{\"@type\":\"SearchAction\",\"target\":{\"@type\":\"EntryPoint\",\"urlTemplate\":\"https:\/\/socialdesignmagazine.com\/mag\/?s={search_term_string}\"},\"query-input\":{\"@type\":\"PropertyValueSpecification\",\"valueRequired\":true,\"valueName\":\"search_term_string\"}}],\"inLanguage\":\"it-IT\"},{\"@type\":\"Organization\",\"@id\":\"https:\/\/socialdesignmagazine.com\/mag\/#organization\",\"name\":\"Social Design Magazine\",\"url\":\"https:\/\/socialdesignmagazine.com\/mag\/\",\"logo\":{\"@type\":\"ImageObject\",\"inLanguage\":\"it-IT\",\"@id\":\"https:\/\/socialdesignmagazine.com\/mag\/#\/schema\/logo\/image\/\",\"url\":\"https:\/\/socialdesignmagazine.com\/mag\/wp-content\/uploads\/2017\/01\/logo_favicon_11.png\",\"contentUrl\":\"https:\/\/socialdesignmagazine.com\/mag\/wp-content\/uploads\/2017\/01\/logo_favicon_11.png\",\"width\":1024,\"height\":1024,\"caption\":\"Social Design Magazine\"},\"image\":{\"@id\":\"https:\/\/socialdesignmagazine.com\/mag\/#\/schema\/logo\/image\/\"},\"sameAs\":[\"https:\/\/www.facebook.com\/socialdesignmag\",\"https:\/\/x.com\/socialdesignmag\",\"http:\/\/instagram.com\/social_design_magazine\/\",\"http:\/\/pinterest.com\/socialdesignmag\/\",\"http:\/\/www.youtube.com\/user\/socialdesignmagazine\"]},{\"@type\":\"Person\",\"@id\":\"https:\/\/socialdesignmagazine.com\/mag\/#\/schema\/person\/61e20205cc363c315e6aabd33a045846\",\"name\":\"Benedetto Fiori\",\"image\":{\"@type\":\"ImageObject\",\"inLanguage\":\"it-IT\",\"@id\":\"https:\/\/secure.gravatar.com\/avatar\/450a48cefa36da63d920ad70aa660bd10725b1c6093800242e5efdb397759033?s=96&d=mm&r=g\",\"url\":\"https:\/\/secure.gravatar.com\/avatar\/450a48cefa36da63d920ad70aa660bd10725b1c6093800242e5efdb397759033?s=96&d=mm&r=g\",\"contentUrl\":\"https:\/\/secure.gravatar.com\/avatar\/450a48cefa36da63d920ad70aa660bd10725b1c6093800242e5efdb397759033?s=96&d=mm&r=g\",\"caption\":\"Benedetto Fiori\"},\"description\":\"Web | Twitter | Facebook | Shutterstock Founder &amp; Editor in Chief di Social Design Magazine. Attratto da sempre da tutto ci\u00f2 che \u00e8 creativit\u00e0, design, architettura. Dopo aver studiato Architettura all'Universit\u00e0 di Firenze, si \u00e8 impegnato in molteplici campi: comunicazione grafica, progettazione di allestimenti fieristici, brand design, Interior Design.\",\"sameAs\":[\"http:\/\/benedettofiori.com\",\"https:\/\/www.facebook.com\/benedettofiori\",\"https:\/\/x.com\/benedettofiori\"],\"url\":\"https:\/\/socialdesignmagazine.com\/mag\/author\/benedetto\/\"}]}<\/script>\n<!-- \/ Yoast SEO plugin. -->","yoast_head_json":{"title":"Lampada da parete Wings, una presenza piacevole dalla personalit\u00e1 discreta - Social Design Magazine","description":"Dal nome gi\u00e0 evoca immagini di leggerezza e ariosit\u00e0, la lampada da parete Wings appare subito un elemento dalla personalit\u00e0 spiccata ma discreta.","robots":{"index":"index","follow":"follow","max-snippet":"max-snippet:-1","max-image-preview":"max-image-preview:large","max-video-preview":"max-video-preview:-1"},"canonical":"https:\/\/socialdesignmagazine.com\/mag\/design\/lampada-da-parete-wings-una-presenza-piacevole-dalla-personalita-discreta\/","og_locale":"it_IT","og_type":"article","og_title":"Lampada da parete Wings, una presenza piacevole dalla personalit\u00e1 discreta - Social Design Magazine","og_description":"Dal nome gi\u00e0 evoca immagini di leggerezza e ariosit\u00e0, la lampada da parete Wings appare subito un elemento dalla personalit\u00e0 spiccata ma discreta.","og_url":"http:\/\/socialdesignmagazine.com\/mag\/design\/lampada-da-parete-wings-una-presenza-piacevole-dalla-personalita-discreta\/","og_site_name":"Social Design Magazine","article_publisher":"https:\/\/www.facebook.com\/socialdesignmag","article_author":"https:\/\/www.facebook.com\/benedettofiori","article_published_time":"2016-11-22T11:05:42+00:00","article_modified_time":"2020-04-23T11:35:58+00:00","og_image":[{"width":1920,"height":1280,"url":"https:\/\/socialdesignmagazine.com\/mag\/wp-content\/uploads\/2016\/11\/Linea-Light-lampada-da-parete-Wings-17.jpg","type":"image\/jpeg"}],"author":"Benedetto Fiori","twitter_card":"summary_large_image","twitter_creator":"@benedettofiori","twitter_site":"@socialdesignmag","twitter_misc":{"Scritto da":"Benedetto Fiori","Tempo di lettura stimato":"2 minuti"},"schema":{"@context":"https:\/\/schema.org","@graph":[{"@type":"Article","@id":"https:\/\/socialdesignmagazine.com\/mag\/design\/lampada-da-parete-wings-una-presenza-piacevole-dalla-personalita-discreta\/#article","isPartOf":{"@id":"https:\/\/socialdesignmagazine.com\/mag\/design\/lampada-da-parete-wings-una-presenza-piacevole-dalla-personalita-discreta\/"},"author":{"name":"Benedetto Fiori","@id":"https:\/\/socialdesignmagazine.com\/mag\/#\/schema\/person\/61e20205cc363c315e6aabd33a045846"},"headline":"Lampada da parete Wings, una presenza piacevole dalla personalit\u00e1 discreta","datePublished":"2016-11-22T11:05:42+00:00","dateModified":"2020-04-23T11:35:58+00:00","mainEntityOfPage":{"@id":"https:\/\/socialdesignmagazine.com\/mag\/design\/lampada-da-parete-wings-una-presenza-piacevole-dalla-personalita-discreta\/"},"wordCount":434,"commentCount":0,"publisher":{"@id":"https:\/\/socialdesignmagazine.com\/mag\/#organization"},"image":{"@id":"https:\/\/socialdesignmagazine.com\/mag\/design\/lampada-da-parete-wings-una-presenza-piacevole-dalla-personalita-discreta\/#primaryimage"},"thumbnailUrl":"https:\/\/socialdesignmagazine.com\/mag\/wp-content\/uploads\/2016\/11\/Linea-Light-lampada-da-parete-Wings-17.jpg","keywords":["alluminio","illuminazione led","lampada da parete","led","linea light group"],"articleSection":["Design"],"inLanguage":"it-IT","potentialAction":[{"@type":"CommentAction","name":"Comment","target":["https:\/\/socialdesignmagazine.com\/mag\/design\/lampada-da-parete-wings-una-presenza-piacevole-dalla-personalita-discreta\/#respond"]}]},{"@type":"WebPage","@id":"https:\/\/socialdesignmagazine.com\/mag\/design\/lampada-da-parete-wings-una-presenza-piacevole-dalla-personalita-discreta\/","url":"https:\/\/socialdesignmagazine.com\/mag\/design\/lampada-da-parete-wings-una-presenza-piacevole-dalla-personalita-discreta\/","name":"Lampada da parete Wings, una presenza piacevole dalla personalit\u00e1 discreta - Social Design Magazine","isPartOf":{"@id":"https:\/\/socialdesignmagazine.com\/mag\/#website"},"primaryImageOfPage":{"@id":"https:\/\/socialdesignmagazine.com\/mag\/design\/lampada-da-parete-wings-una-presenza-piacevole-dalla-personalita-discreta\/#primaryimage"},"image":{"@id":"https:\/\/socialdesignmagazine.com\/mag\/design\/lampada-da-parete-wings-una-presenza-piacevole-dalla-personalita-discreta\/#primaryimage"},"thumbnailUrl":"https:\/\/socialdesignmagazine.com\/mag\/wp-content\/uploads\/2016\/11\/Linea-Light-lampada-da-parete-Wings-17.jpg","datePublished":"2016-11-22T11:05:42+00:00","dateModified":"2020-04-23T11:35:58+00:00","description":"Dal nome gi\u00e0 evoca immagini di leggerezza e ariosit\u00e0, la lampada da parete Wings appare subito un elemento dalla personalit\u00e0 spiccata ma discreta.","breadcrumb":{"@id":"https:\/\/socialdesignmagazine.com\/mag\/design\/lampada-da-parete-wings-una-presenza-piacevole-dalla-personalita-discreta\/#breadcrumb"},"inLanguage":"it-IT","potentialAction":[{"@type":"ReadAction","target":["https:\/\/socialdesignmagazine.com\/mag\/design\/lampada-da-parete-wings-una-presenza-piacevole-dalla-personalita-discreta\/"]}]},{"@type":"ImageObject","inLanguage":"it-IT","@id":"https:\/\/socialdesignmagazine.com\/mag\/design\/lampada-da-parete-wings-una-presenza-piacevole-dalla-personalita-discreta\/#primaryimage","url":"https:\/\/socialdesignmagazine.com\/mag\/wp-content\/uploads\/2016\/11\/Linea-Light-lampada-da-parete-Wings-17.jpg","contentUrl":"https:\/\/socialdesignmagazine.com\/mag\/wp-content\/uploads\/2016\/11\/Linea-Light-lampada-da-parete-Wings-17.jpg","width":1920,"height":1280,"caption":"Linea Light Group, lampada da parete Wings"},{"@type":"BreadcrumbList","@id":"https:\/\/socialdesignmagazine.com\/mag\/design\/lampada-da-parete-wings-una-presenza-piacevole-dalla-personalita-discreta\/#breadcrumb","itemListElement":[{"@type":"ListItem","position":1,"name":"Home","item":"https:\/\/socialdesignmagazine.com\/mag\/"},{"@type":"ListItem","position":2,"name":"Design","item":"https:\/\/socialdesignmagazine.com\/mag\/design\/"},{"@type":"ListItem","position":3,"name":"Lampada da parete Wings, una presenza piacevole dalla personalit\u00e1 discreta"}]},{"@type":"WebSite","@id":"https:\/\/socialdesignmagazine.com\/mag\/#website","url":"https:\/\/socialdesignmagazine.com\/mag\/","name":"Social Design Magazine","description":"Social Magazine su Design, Architettura, Arte, Grafica","publisher":{"@id":"https:\/\/socialdesignmagazine.com\/mag\/#organization"},"potentialAction":[{"@type":"SearchAction","target":{"@type":"EntryPoint","urlTemplate":"https:\/\/socialdesignmagazine.com\/mag\/?s={search_term_string}"},"query-input":{"@type":"PropertyValueSpecification","valueRequired":true,"valueName":"search_term_string"}}],"inLanguage":"it-IT"},{"@type":"Organization","@id":"https:\/\/socialdesignmagazine.com\/mag\/#organization","name":"Social Design Magazine","url":"https:\/\/socialdesignmagazine.com\/mag\/","logo":{"@type":"ImageObject","inLanguage":"it-IT","@id":"https:\/\/socialdesignmagazine.com\/mag\/#\/schema\/logo\/image\/","url":"https:\/\/socialdesignmagazine.com\/mag\/wp-content\/uploads\/2017\/01\/logo_favicon_11.png","contentUrl":"https:\/\/socialdesignmagazine.com\/mag\/wp-content\/uploads\/2017\/01\/logo_favicon_11.png","width":1024,"height":1024,"caption":"Social Design Magazine"},"image":{"@id":"https:\/\/socialdesignmagazine.com\/mag\/#\/schema\/logo\/image\/"},"sameAs":["https:\/\/www.facebook.com\/socialdesignmag","https:\/\/x.com\/socialdesignmag","http:\/\/instagram.com\/social_design_magazine\/","http:\/\/pinterest.com\/socialdesignmag\/","http:\/\/www.youtube.com\/user\/socialdesignmagazine"]},{"@type":"Person","@id":"https:\/\/socialdesignmagazine.com\/mag\/#\/schema\/person\/61e20205cc363c315e6aabd33a045846","name":"Benedetto Fiori","image":{"@type":"ImageObject","inLanguage":"it-IT","@id":"https:\/\/secure.gravatar.com\/avatar\/450a48cefa36da63d920ad70aa660bd10725b1c6093800242e5efdb397759033?s=96&d=mm&r=g","url":"https:\/\/secure.gravatar.com\/avatar\/450a48cefa36da63d920ad70aa660bd10725b1c6093800242e5efdb397759033?s=96&d=mm&r=g","contentUrl":"https:\/\/secure.gravatar.com\/avatar\/450a48cefa36da63d920ad70aa660bd10725b1c6093800242e5efdb397759033?s=96&d=mm&r=g","caption":"Benedetto Fiori"},"description":"Web | Twitter | Facebook | Shutterstock Founder &amp; Editor in Chief di Social Design Magazine. Attratto da sempre da tutto ci\u00f2 che \u00e8 creativit\u00e0, design, architettura. Dopo aver studiato Architettura all'Universit\u00e0 di Firenze, si \u00e8 impegnato in molteplici campi: comunicazione grafica, progettazione di allestimenti fieristici, brand design, Interior Design.","sameAs":["http:\/\/benedettofiori.com","https:\/\/www.facebook.com\/benedettofiori","https:\/\/x.com\/benedettofiori"],"url":"https:\/\/socialdesignmagazine.com\/mag\/author\/benedetto\/"}]}},"jetpack_featured_media_url":"https:\/\/socialdesignmagazine.com\/mag\/wp-content\/uploads\/2016\/11\/Linea-Light-lampada-da-parete-Wings-17.jpg","jetpack_sharing_enabled":true,"jetpack_shortlink":"https:\/\/wp.me\/p6cV7V-7GB","gt_translate_keys":[{"key":"link","format":"url"}],"_links":{"self":[{"href":"https:\/\/socialdesignmagazine.com\/mag\/wp-json\/wp\/v2\/posts\/29549","targetHints":{"allow":["GET"]}}],"collection":[{"href":"https:\/\/socialdesignmagazine.com\/mag\/wp-json\/wp\/v2\/posts"}],"about":[{"href":"https:\/\/socialdesignmagazine.com\/mag\/wp-json\/wp\/v2\/types\/post"}],"author":[{"embeddable":true,"href":"https:\/\/socialdesignmagazine.com\/mag\/wp-json\/wp\/v2\/users\/1"}],"replies":[{"embeddable":true,"href":"https:\/\/socialdesignmagazine.com\/mag\/wp-json\/wp\/v2\/comments?post=29549"}],"version-history":[{"count":27,"href":"https:\/\/socialdesignmagazine.com\/mag\/wp-json\/wp\/v2\/posts\/29549\/revisions"}],"predecessor-version":[{"id":39296,"href":"https:\/\/socialdesignmagazine.com\/mag\/wp-json\/wp\/v2\/posts\/29549\/revisions\/39296"}],"wp:featuredmedia":[{"embeddable":true,"href":"https:\/\/socialdesignmagazine.com\/mag\/wp-json\/wp\/v2\/media\/29566"}],"wp:attachment":[{"href":"https:\/\/socialdesignmagazine.com\/mag\/wp-json\/wp\/v2\/media?parent=29549"}],"wp:term":[{"taxonomy":"category","embeddable":true,"href":"https:\/\/socialdesignmagazine.com\/mag\/wp-json\/wp\/v2\/categories?post=29549"},{"taxonomy":"post_tag","embeddable":true,"href":"https:\/\/socialdesignmagazine.com\/mag\/wp-json\/wp\/v2\/tags?post=29549"}],"curies":[{"name":"wp","href":"https:\/\/api.w.org\/{rel}","templated":true}]}}