{"id":29754,"date":"2016-12-14T14:00:39","date_gmt":"2016-12-14T13:00:39","guid":{"rendered":"https:\/\/socialdesignmagazine.com\/mag\/?p=29754"},"modified":"2016-12-14T02:00:24","modified_gmt":"2016-12-14T01:00:24","slug":"manital-presenta-spring-la-nuova-maniglia-per-porte-e-finestre","status":"publish","type":"post","link":"https:\/\/socialdesignmagazine.com\/mag\/news\/design-news\/manital-presenta-spring-la-nuova-maniglia-per-porte-e-finestre\/","title":{"rendered":"Manital presenta SPRING, la nuova maniglia per porte e finestre","gt_translate_keys":[{"key":"rendered","format":"text"}]},"content":{"rendered":"<h2>Le maniglie sono parte integrante e caratterizzante di porte e serramenti, la loro funzionalit\u00e0 \u00e8 fondamentale cos\u00ec come il design che deve coniugarsi per forma, materiale e finiture allo stile dell&#8217;ambiente in cui sono inserite.<\/h2>\n<p>Per spazi moderni, sia residenziali sia pubblici, Manital ha studiato insieme ai designer <strong>Mario Mazzer e Giovanni Crosera<\/strong>, la nuova maniglia <strong>Spring<\/strong>.<\/p>\n<p>Un oggetto elegante e raffinato, lineare e pulito, frutto del gioco di sovrapposizioni tra il quadrato della rosetta e il rettangolo dell&#8217;impugnatura, ingentilita dagli angoli smussati.<\/p>\n<p>Pensata non solo per garantire qualit\u00e0 ed estetica, l&#8217;impugnatura di Spring \u00e8 leggermente estroflessa sia frontalmente sia posteriormente, offrendo cos\u00ec un <strong>ottimo confort<\/strong>.<\/p>\n<p>Oltre alle classiche finiture, Spring \u00e8 disponibile anche in <strong>bianco<\/strong>, per dare luce all&#8217;ambiente e abbinarsi ad arredi contemporanei, e <strong>nero<\/strong>, colore da sempre simbolo di eleganza.<\/p>\n<p><a href=\"https:\/\/socialdesignmagazine.com\/mag\/?attachment_id=29758#content\" rel=\"attachment wp-att-29758\"><img loading=\"lazy\" decoding=\"async\" data-attachment-id=\"29758\" data-permalink=\"https:\/\/socialdesignmagazine.com\/mag\/news\/design-news\/manital-presenta-spring-la-nuova-maniglia-per-porte-e-finestre\/attachment\/manital_spring\/#content\" data-orig-file=\"https:\/\/socialdesignmagazine.com\/mag\/wp-content\/uploads\/2016\/12\/Manital_Spring.jpg\" data-orig-size=\"880,880\" data-comments-opened=\"1\" data-image-meta=\"{&quot;aperture&quot;:&quot;0&quot;,&quot;credit&quot;:&quot;&quot;,&quot;camera&quot;:&quot;&quot;,&quot;caption&quot;:&quot;&quot;,&quot;created_timestamp&quot;:&quot;0&quot;,&quot;copyright&quot;:&quot;&quot;,&quot;focal_length&quot;:&quot;0&quot;,&quot;iso&quot;:&quot;0&quot;,&quot;shutter_speed&quot;:&quot;0&quot;,&quot;title&quot;:&quot;&quot;,&quot;orientation&quot;:&quot;1&quot;}\" data-image-title=\"Maniglia Manital Spring 2\" data-image-description=\"\" data-image-caption=\"\" data-medium-file=\"https:\/\/socialdesignmagazine.com\/mag\/wp-content\/uploads\/2016\/12\/Manital_Spring-396x256.jpg\" data-large-file=\"https:\/\/socialdesignmagazine.com\/mag\/wp-content\/uploads\/2016\/12\/Manital_Spring.jpg\" class=\"alignnone size-full wp-image-29758\" src=\"https:\/\/socialdesignmagazine.com\/mag\/wp-content\/uploads\/2016\/12\/Manital_Spring.jpg\" alt=\"Maniglia Manital Spring\" width=\"880\" height=\"880\" srcset=\"https:\/\/socialdesignmagazine.com\/mag\/wp-content\/uploads\/2016\/12\/Manital_Spring.jpg 880w, https:\/\/socialdesignmagazine.com\/mag\/wp-content\/uploads\/2016\/12\/Manital_Spring-768x768.jpg 768w, https:\/\/socialdesignmagazine.com\/mag\/wp-content\/uploads\/2016\/12\/Manital_Spring-65x65.jpg 65w\" sizes=\"auto, (max-width: 880px) 100vw, 880px\" \/><\/a><\/p>\n<div id=\"attachment_29756\" style=\"width: 890px\" class=\"wp-caption alignnone\"><a href=\"https:\/\/socialdesignmagazine.com\/mag\/?attachment_id=29756#content\" rel=\"attachment wp-att-29756\"><img loading=\"lazy\" decoding=\"async\" aria-describedby=\"caption-attachment-29756\" data-attachment-id=\"29756\" data-permalink=\"https:\/\/socialdesignmagazine.com\/mag\/news\/design-news\/manital-presenta-spring-la-nuova-maniglia-per-porte-e-finestre\/attachment\/manital_spring_black2\/#content\" data-orig-file=\"https:\/\/socialdesignmagazine.com\/mag\/wp-content\/uploads\/2016\/12\/Manital_Spring_Black2.jpg\" data-orig-size=\"880,901\" data-comments-opened=\"1\" data-image-meta=\"{&quot;aperture&quot;:&quot;0&quot;,&quot;credit&quot;:&quot;&quot;,&quot;camera&quot;:&quot;&quot;,&quot;caption&quot;:&quot;&quot;,&quot;created_timestamp&quot;:&quot;0&quot;,&quot;copyright&quot;:&quot;&quot;,&quot;focal_length&quot;:&quot;0&quot;,&quot;iso&quot;:&quot;0&quot;,&quot;shutter_speed&quot;:&quot;0&quot;,&quot;title&quot;:&quot;&quot;,&quot;orientation&quot;:&quot;1&quot;}\" data-image-title=\"Maniglia Manital Spring black\" data-image-description=\"\" data-image-caption=\"&lt;p&gt;Maniglia Manital Spring black&lt;\/p&gt;\n\" data-medium-file=\"https:\/\/socialdesignmagazine.com\/mag\/wp-content\/uploads\/2016\/12\/Manital_Spring_Black2-396x256.jpg\" data-large-file=\"https:\/\/socialdesignmagazine.com\/mag\/wp-content\/uploads\/2016\/12\/Manital_Spring_Black2.jpg\" class=\"size-full wp-image-29756\" src=\"https:\/\/socialdesignmagazine.com\/mag\/wp-content\/uploads\/2016\/12\/Manital_Spring_Black2.jpg\" alt=\"Maniglia Manital Spring black\" width=\"880\" height=\"901\" srcset=\"https:\/\/socialdesignmagazine.com\/mag\/wp-content\/uploads\/2016\/12\/Manital_Spring_Black2.jpg 880w, https:\/\/socialdesignmagazine.com\/mag\/wp-content\/uploads\/2016\/12\/Manital_Spring_Black2-768x786.jpg 768w\" sizes=\"auto, (max-width: 880px) 100vw, 880px\" \/><\/a><p id=\"caption-attachment-29756\" class=\"wp-caption-text\">Maniglia Manital Spring black<\/p><\/div>\n<div id=\"attachment_29757\" style=\"width: 890px\" class=\"wp-caption alignnone\"><a href=\"https:\/\/socialdesignmagazine.com\/mag\/?attachment_id=29757#content\" rel=\"attachment wp-att-29757\"><img loading=\"lazy\" decoding=\"async\" aria-describedby=\"caption-attachment-29757\" data-attachment-id=\"29757\" data-permalink=\"https:\/\/socialdesignmagazine.com\/mag\/news\/design-news\/manital-presenta-spring-la-nuova-maniglia-per-porte-e-finestre\/attachment\/manital_spring_white\/#content\" data-orig-file=\"https:\/\/socialdesignmagazine.com\/mag\/wp-content\/uploads\/2016\/12\/Manital_Spring_White.jpg\" data-orig-size=\"880,879\" data-comments-opened=\"1\" data-image-meta=\"{&quot;aperture&quot;:&quot;0&quot;,&quot;credit&quot;:&quot;&quot;,&quot;camera&quot;:&quot;&quot;,&quot;caption&quot;:&quot;&quot;,&quot;created_timestamp&quot;:&quot;0&quot;,&quot;copyright&quot;:&quot;&quot;,&quot;focal_length&quot;:&quot;0&quot;,&quot;iso&quot;:&quot;0&quot;,&quot;shutter_speed&quot;:&quot;0&quot;,&quot;title&quot;:&quot;&quot;,&quot;orientation&quot;:&quot;1&quot;}\" data-image-title=\"Maniglia Manital Spring white\" data-image-description=\"\" data-image-caption=\"&lt;p&gt;Maniglia Manital Spring white&lt;\/p&gt;\n\" data-medium-file=\"https:\/\/socialdesignmagazine.com\/mag\/wp-content\/uploads\/2016\/12\/Manital_Spring_White-396x256.jpg\" data-large-file=\"https:\/\/socialdesignmagazine.com\/mag\/wp-content\/uploads\/2016\/12\/Manital_Spring_White.jpg\" class=\"size-full wp-image-29757\" src=\"https:\/\/socialdesignmagazine.com\/mag\/wp-content\/uploads\/2016\/12\/Manital_Spring_White.jpg\" alt=\"Maniglia Manital Spring white\" width=\"880\" height=\"879\" srcset=\"https:\/\/socialdesignmagazine.com\/mag\/wp-content\/uploads\/2016\/12\/Manital_Spring_White.jpg 880w, https:\/\/socialdesignmagazine.com\/mag\/wp-content\/uploads\/2016\/12\/Manital_Spring_White-768x767.jpg 768w, https:\/\/socialdesignmagazine.com\/mag\/wp-content\/uploads\/2016\/12\/Manital_Spring_White-65x65.jpg 65w\" sizes=\"auto, (max-width: 880px) 100vw, 880px\" \/><\/a><p id=\"caption-attachment-29757\" class=\"wp-caption-text\">Maniglia Manital Spring white<\/p><\/div>\n<p>&nbsp;<\/p>\n<p>&nbsp;<\/p>\n<p>&nbsp;<\/p>\n<p><strong>Designer:<\/strong> Mario Mazzer e Giovanni Crosera<\/p>\n<p><strong>Materiale:<\/strong> zama<\/p>\n<p><strong>Finiture:<\/strong> cromo, cromo satinato, nikel satinato, bronzo opaco, bianco, nero<\/p>\n<p><a rel=\"nofollow\" href=\"http:\/\/www.manital.com\">www.manital.com<\/a><\/p>\n<p>&nbsp;<\/p>\n","protected":false,"gt_translate_keys":[{"key":"rendered","format":"html"}]},"excerpt":{"rendered":"<p>Le maniglie sono parte integrante e caratterizzante di porte e serramenti, la loro funzionalit\u00e0 \u00e8 fondamentale cos\u00ec come il design.<\/p>\n","protected":false,"gt_translate_keys":[{"key":"rendered","format":"html"}]},"author":121,"featured_media":29755,"comment_status":"open","ping_status":"open","sticky":false,"template":"","format":"standard","meta":{"jetpack_post_was_ever_published":false,"_jetpack_newsletter_access":"","_jetpack_dont_email_post_to_subs":false,"_jetpack_newsletter_tier_id":0,"_jetpack_memberships_contains_paywalled_content":false,"_jetpack_memberships_contains_paid_content":false,"footnotes":"","_wpscppro_dont_share_socialmedia":false,"_wpscppro_custom_social_share_image":0,"_facebook_share_type":"","_twitter_share_type":"","_linkedin_share_type":"","_pinterest_share_type":"","_linkedin_share_type_page":"","_instagram_share_type":"","_medium_share_type":"","_threads_share_type":"","_google_business_share_type":"","_selected_social_profile":[],"_wpsp_enable_custom_social_template":false,"_wpsp_social_scheduling":{"enabled":false,"datetime":null,"platforms":[],"status":"template_only","dateOption":"today","timeOption":"now","customDays":"","customHours":"","customDate":"","customTime":"","schedulingType":"absolute"},"_wpsp_active_default_template":true},"categories":[17],"tags":[1439,3892],"class_list":["post-29754","post","type-post","status-publish","format-standard","has-post-thumbnail","hentry","category-design-news","tag-maniglia","tag-manital"],"yoast_head":"<!-- This site is optimized with the Yoast SEO plugin v27.2 - https:\/\/yoast.com\/product\/yoast-seo-wordpress\/ -->\n<title>Manital presenta SPRING, la nuova maniglia per porte e finestre - Social Design Magazine<\/title>\n<meta name=\"description\" content=\"Le maniglie sono parte integrante e caratterizzante di porte e serramenti, la loro funzionalit\u00e0 \u00e8 fondamentale cos\u00ec come il design.\" \/>\n<meta name=\"robots\" content=\"index, follow, max-snippet:-1, max-image-preview:large, max-video-preview:-1\" \/>\n<link rel=\"canonical\" href=\"https:\/\/socialdesignmagazine.com\/mag\/news\/design-news\/manital-presenta-spring-la-nuova-maniglia-per-porte-e-finestre\/\" \/>\n<meta property=\"og:locale\" content=\"it_IT\" \/>\n<meta property=\"og:type\" content=\"article\" \/>\n<meta property=\"og:title\" content=\"Manital presenta SPRING, la nuova maniglia per porte e finestre - Social Design Magazine\" \/>\n<meta property=\"og:description\" content=\"Le maniglie sono parte integrante e caratterizzante di porte e serramenti, la loro funzionalit\u00e0 \u00e8 fondamentale cos\u00ec come il design.\" \/>\n<meta property=\"og:url\" content=\"http:\/\/socialdesignmagazine.com\/mag\/news\/design-news\/manital-presenta-spring-la-nuova-maniglia-per-porte-e-finestre\/\" \/>\n<meta property=\"og:site_name\" content=\"Social Design Magazine\" \/>\n<meta property=\"article:publisher\" content=\"https:\/\/www.facebook.com\/socialdesignmag\" \/>\n<meta property=\"article:published_time\" content=\"2016-12-14T13:00:39+00:00\" \/>\n<meta property=\"og:image\" content=\"https:\/\/socialdesignmagazine.com\/mag\/wp-content\/uploads\/2016\/12\/fetch-UID-.jpg\" \/>\n\t<meta property=\"og:image:width\" content=\"1000\" \/>\n\t<meta property=\"og:image:height\" content=\"1000\" \/>\n\t<meta property=\"og:image:type\" content=\"image\/jpeg\" \/>\n<meta name=\"author\" content=\"MdiP\" \/>\n<meta name=\"twitter:card\" content=\"summary_large_image\" \/>\n<meta name=\"twitter:creator\" content=\"@socialdesignmag\" \/>\n<meta name=\"twitter:site\" content=\"@socialdesignmag\" \/>\n<meta name=\"twitter:label1\" content=\"Scritto da\" \/>\n\t<meta name=\"twitter:data1\" content=\"MdiP\" \/>\n\t<meta name=\"twitter:label2\" content=\"Tempo di lettura stimato\" \/>\n\t<meta name=\"twitter:data2\" content=\"1 minuto\" \/>\n<script type=\"application\/ld+json\" class=\"yoast-schema-graph\">{\"@context\":\"https:\/\/schema.org\",\"@graph\":[{\"@type\":\"Article\",\"@id\":\"https:\/\/socialdesignmagazine.com\/mag\/news\/design-news\/manital-presenta-spring-la-nuova-maniglia-per-porte-e-finestre\/#article\",\"isPartOf\":{\"@id\":\"https:\/\/socialdesignmagazine.com\/mag\/news\/design-news\/manital-presenta-spring-la-nuova-maniglia-per-porte-e-finestre\/\"},\"author\":{\"name\":\"MdiP\",\"@id\":\"https:\/\/socialdesignmagazine.com\/mag\/#\/schema\/person\/491d0582e9e3c533f5f684851763be63\"},\"headline\":\"Manital presenta SPRING, la nuova maniglia per porte e finestre\",\"datePublished\":\"2016-12-14T13:00:39+00:00\",\"mainEntityOfPage\":{\"@id\":\"https:\/\/socialdesignmagazine.com\/mag\/news\/design-news\/manital-presenta-spring-la-nuova-maniglia-per-porte-e-finestre\/\"},\"wordCount\":191,\"commentCount\":0,\"publisher\":{\"@id\":\"https:\/\/socialdesignmagazine.com\/mag\/#organization\"},\"image\":{\"@id\":\"https:\/\/socialdesignmagazine.com\/mag\/news\/design-news\/manital-presenta-spring-la-nuova-maniglia-per-porte-e-finestre\/#primaryimage\"},\"thumbnailUrl\":\"https:\/\/socialdesignmagazine.com\/mag\/wp-content\/uploads\/2016\/12\/fetch-UID-.jpg\",\"keywords\":[\"maniglia\",\"manital\"],\"articleSection\":[\"Design News\"],\"inLanguage\":\"it-IT\",\"potentialAction\":[{\"@type\":\"CommentAction\",\"name\":\"Comment\",\"target\":[\"https:\/\/socialdesignmagazine.com\/mag\/news\/design-news\/manital-presenta-spring-la-nuova-maniglia-per-porte-e-finestre\/#respond\"]}]},{\"@type\":\"WebPage\",\"@id\":\"https:\/\/socialdesignmagazine.com\/mag\/news\/design-news\/manital-presenta-spring-la-nuova-maniglia-per-porte-e-finestre\/\",\"url\":\"https:\/\/socialdesignmagazine.com\/mag\/news\/design-news\/manital-presenta-spring-la-nuova-maniglia-per-porte-e-finestre\/\",\"name\":\"Manital presenta SPRING, la nuova maniglia per porte e finestre - Social Design Magazine\",\"isPartOf\":{\"@id\":\"https:\/\/socialdesignmagazine.com\/mag\/#website\"},\"primaryImageOfPage\":{\"@id\":\"https:\/\/socialdesignmagazine.com\/mag\/news\/design-news\/manital-presenta-spring-la-nuova-maniglia-per-porte-e-finestre\/#primaryimage\"},\"image\":{\"@id\":\"https:\/\/socialdesignmagazine.com\/mag\/news\/design-news\/manital-presenta-spring-la-nuova-maniglia-per-porte-e-finestre\/#primaryimage\"},\"thumbnailUrl\":\"https:\/\/socialdesignmagazine.com\/mag\/wp-content\/uploads\/2016\/12\/fetch-UID-.jpg\",\"datePublished\":\"2016-12-14T13:00:39+00:00\",\"description\":\"Le maniglie sono parte integrante e caratterizzante di porte e serramenti, la loro funzionalit\u00e0 \u00e8 fondamentale cos\u00ec come il design.\",\"breadcrumb\":{\"@id\":\"https:\/\/socialdesignmagazine.com\/mag\/news\/design-news\/manital-presenta-spring-la-nuova-maniglia-per-porte-e-finestre\/#breadcrumb\"},\"inLanguage\":\"it-IT\",\"potentialAction\":[{\"@type\":\"ReadAction\",\"target\":[\"https:\/\/socialdesignmagazine.com\/mag\/news\/design-news\/manital-presenta-spring-la-nuova-maniglia-per-porte-e-finestre\/\"]}]},{\"@type\":\"ImageObject\",\"inLanguage\":\"it-IT\",\"@id\":\"https:\/\/socialdesignmagazine.com\/mag\/news\/design-news\/manital-presenta-spring-la-nuova-maniglia-per-porte-e-finestre\/#primaryimage\",\"url\":\"https:\/\/socialdesignmagazine.com\/mag\/wp-content\/uploads\/2016\/12\/fetch-UID-.jpg\",\"contentUrl\":\"https:\/\/socialdesignmagazine.com\/mag\/wp-content\/uploads\/2016\/12\/fetch-UID-.jpg\",\"width\":1000,\"height\":1000,\"caption\":\"Maniglia Manital Spring\"},{\"@type\":\"BreadcrumbList\",\"@id\":\"https:\/\/socialdesignmagazine.com\/mag\/news\/design-news\/manital-presenta-spring-la-nuova-maniglia-per-porte-e-finestre\/#breadcrumb\",\"itemListElement\":[{\"@type\":\"ListItem\",\"position\":1,\"name\":\"Home\",\"item\":\"https:\/\/socialdesignmagazine.com\/mag\/\"},{\"@type\":\"ListItem\",\"position\":2,\"name\":\"News\",\"item\":\"https:\/\/socialdesignmagazine.com\/mag\/news\/\"},{\"@type\":\"ListItem\",\"position\":3,\"name\":\"Design News\",\"item\":\"https:\/\/socialdesignmagazine.com\/mag\/news\/design-news\/\"},{\"@type\":\"ListItem\",\"position\":4,\"name\":\"Manital presenta SPRING, la nuova maniglia per porte e finestre\"}]},{\"@type\":\"WebSite\",\"@id\":\"https:\/\/socialdesignmagazine.com\/mag\/#website\",\"url\":\"https:\/\/socialdesignmagazine.com\/mag\/\",\"name\":\"Social Design Magazine\",\"description\":\"Social Magazine su Design, Architettura, Arte, Grafica\",\"publisher\":{\"@id\":\"https:\/\/socialdesignmagazine.com\/mag\/#organization\"},\"potentialAction\":[{\"@type\":\"SearchAction\",\"target\":{\"@type\":\"EntryPoint\",\"urlTemplate\":\"https:\/\/socialdesignmagazine.com\/mag\/?s={search_term_string}\"},\"query-input\":{\"@type\":\"PropertyValueSpecification\",\"valueRequired\":true,\"valueName\":\"search_term_string\"}}],\"inLanguage\":\"it-IT\"},{\"@type\":\"Organization\",\"@id\":\"https:\/\/socialdesignmagazine.com\/mag\/#organization\",\"name\":\"Social Design Magazine\",\"url\":\"https:\/\/socialdesignmagazine.com\/mag\/\",\"logo\":{\"@type\":\"ImageObject\",\"inLanguage\":\"it-IT\",\"@id\":\"https:\/\/socialdesignmagazine.com\/mag\/#\/schema\/logo\/image\/\",\"url\":\"https:\/\/socialdesignmagazine.com\/mag\/wp-content\/uploads\/2017\/01\/logo_favicon_11.png\",\"contentUrl\":\"https:\/\/socialdesignmagazine.com\/mag\/wp-content\/uploads\/2017\/01\/logo_favicon_11.png\",\"width\":1024,\"height\":1024,\"caption\":\"Social Design Magazine\"},\"image\":{\"@id\":\"https:\/\/socialdesignmagazine.com\/mag\/#\/schema\/logo\/image\/\"},\"sameAs\":[\"https:\/\/www.facebook.com\/socialdesignmag\",\"https:\/\/x.com\/socialdesignmag\",\"http:\/\/instagram.com\/social_design_magazine\/\",\"http:\/\/pinterest.com\/socialdesignmag\/\",\"http:\/\/www.youtube.com\/user\/socialdesignmagazine\"]},{\"@type\":\"Person\",\"@id\":\"https:\/\/socialdesignmagazine.com\/mag\/#\/schema\/person\/491d0582e9e3c533f5f684851763be63\",\"name\":\"MdiP\",\"image\":{\"@type\":\"ImageObject\",\"inLanguage\":\"it-IT\",\"@id\":\"https:\/\/secure.gravatar.com\/avatar\/fb2e2e9574f31f3243ade645ae3daf5567b814deb16ce1d5569f8cacc70f7b2f?s=96&d=mm&r=g\",\"url\":\"https:\/\/secure.gravatar.com\/avatar\/fb2e2e9574f31f3243ade645ae3daf5567b814deb16ce1d5569f8cacc70f7b2f?s=96&d=mm&r=g\",\"contentUrl\":\"https:\/\/secure.gravatar.com\/avatar\/fb2e2e9574f31f3243ade645ae3daf5567b814deb16ce1d5569f8cacc70f7b2f?s=96&d=mm&r=g\",\"caption\":\"MdiP\"},\"description\":\"Web | mail\",\"url\":\"https:\/\/socialdesignmagazine.com\/mag\/author\/mdip\/\"}]}<\/script>\n<!-- \/ Yoast SEO plugin. -->","yoast_head_json":{"title":"Manital presenta SPRING, la nuova maniglia per porte e finestre - Social Design Magazine","description":"Le maniglie sono parte integrante e caratterizzante di porte e serramenti, la loro funzionalit\u00e0 \u00e8 fondamentale cos\u00ec come il design.","robots":{"index":"index","follow":"follow","max-snippet":"max-snippet:-1","max-image-preview":"max-image-preview:large","max-video-preview":"max-video-preview:-1"},"canonical":"https:\/\/socialdesignmagazine.com\/mag\/news\/design-news\/manital-presenta-spring-la-nuova-maniglia-per-porte-e-finestre\/","og_locale":"it_IT","og_type":"article","og_title":"Manital presenta SPRING, la nuova maniglia per porte e finestre - Social Design Magazine","og_description":"Le maniglie sono parte integrante e caratterizzante di porte e serramenti, la loro funzionalit\u00e0 \u00e8 fondamentale cos\u00ec come il design.","og_url":"http:\/\/socialdesignmagazine.com\/mag\/news\/design-news\/manital-presenta-spring-la-nuova-maniglia-per-porte-e-finestre\/","og_site_name":"Social Design Magazine","article_publisher":"https:\/\/www.facebook.com\/socialdesignmag","article_published_time":"2016-12-14T13:00:39+00:00","og_image":[{"width":1000,"height":1000,"url":"https:\/\/socialdesignmagazine.com\/mag\/wp-content\/uploads\/2016\/12\/fetch-UID-.jpg","type":"image\/jpeg"}],"author":"MdiP","twitter_card":"summary_large_image","twitter_creator":"@socialdesignmag","twitter_site":"@socialdesignmag","twitter_misc":{"Scritto da":"MdiP","Tempo di lettura stimato":"1 minuto"},"schema":{"@context":"https:\/\/schema.org","@graph":[{"@type":"Article","@id":"https:\/\/socialdesignmagazine.com\/mag\/news\/design-news\/manital-presenta-spring-la-nuova-maniglia-per-porte-e-finestre\/#article","isPartOf":{"@id":"https:\/\/socialdesignmagazine.com\/mag\/news\/design-news\/manital-presenta-spring-la-nuova-maniglia-per-porte-e-finestre\/"},"author":{"name":"MdiP","@id":"https:\/\/socialdesignmagazine.com\/mag\/#\/schema\/person\/491d0582e9e3c533f5f684851763be63"},"headline":"Manital presenta SPRING, la nuova maniglia per porte e finestre","datePublished":"2016-12-14T13:00:39+00:00","mainEntityOfPage":{"@id":"https:\/\/socialdesignmagazine.com\/mag\/news\/design-news\/manital-presenta-spring-la-nuova-maniglia-per-porte-e-finestre\/"},"wordCount":191,"commentCount":0,"publisher":{"@id":"https:\/\/socialdesignmagazine.com\/mag\/#organization"},"image":{"@id":"https:\/\/socialdesignmagazine.com\/mag\/news\/design-news\/manital-presenta-spring-la-nuova-maniglia-per-porte-e-finestre\/#primaryimage"},"thumbnailUrl":"https:\/\/socialdesignmagazine.com\/mag\/wp-content\/uploads\/2016\/12\/fetch-UID-.jpg","keywords":["maniglia","manital"],"articleSection":["Design News"],"inLanguage":"it-IT","potentialAction":[{"@type":"CommentAction","name":"Comment","target":["https:\/\/socialdesignmagazine.com\/mag\/news\/design-news\/manital-presenta-spring-la-nuova-maniglia-per-porte-e-finestre\/#respond"]}]},{"@type":"WebPage","@id":"https:\/\/socialdesignmagazine.com\/mag\/news\/design-news\/manital-presenta-spring-la-nuova-maniglia-per-porte-e-finestre\/","url":"https:\/\/socialdesignmagazine.com\/mag\/news\/design-news\/manital-presenta-spring-la-nuova-maniglia-per-porte-e-finestre\/","name":"Manital presenta SPRING, la nuova maniglia per porte e finestre - Social Design Magazine","isPartOf":{"@id":"https:\/\/socialdesignmagazine.com\/mag\/#website"},"primaryImageOfPage":{"@id":"https:\/\/socialdesignmagazine.com\/mag\/news\/design-news\/manital-presenta-spring-la-nuova-maniglia-per-porte-e-finestre\/#primaryimage"},"image":{"@id":"https:\/\/socialdesignmagazine.com\/mag\/news\/design-news\/manital-presenta-spring-la-nuova-maniglia-per-porte-e-finestre\/#primaryimage"},"thumbnailUrl":"https:\/\/socialdesignmagazine.com\/mag\/wp-content\/uploads\/2016\/12\/fetch-UID-.jpg","datePublished":"2016-12-14T13:00:39+00:00","description":"Le maniglie sono parte integrante e caratterizzante di porte e serramenti, la loro funzionalit\u00e0 \u00e8 fondamentale cos\u00ec come il design.","breadcrumb":{"@id":"https:\/\/socialdesignmagazine.com\/mag\/news\/design-news\/manital-presenta-spring-la-nuova-maniglia-per-porte-e-finestre\/#breadcrumb"},"inLanguage":"it-IT","potentialAction":[{"@type":"ReadAction","target":["https:\/\/socialdesignmagazine.com\/mag\/news\/design-news\/manital-presenta-spring-la-nuova-maniglia-per-porte-e-finestre\/"]}]},{"@type":"ImageObject","inLanguage":"it-IT","@id":"https:\/\/socialdesignmagazine.com\/mag\/news\/design-news\/manital-presenta-spring-la-nuova-maniglia-per-porte-e-finestre\/#primaryimage","url":"https:\/\/socialdesignmagazine.com\/mag\/wp-content\/uploads\/2016\/12\/fetch-UID-.jpg","contentUrl":"https:\/\/socialdesignmagazine.com\/mag\/wp-content\/uploads\/2016\/12\/fetch-UID-.jpg","width":1000,"height":1000,"caption":"Maniglia Manital Spring"},{"@type":"BreadcrumbList","@id":"https:\/\/socialdesignmagazine.com\/mag\/news\/design-news\/manital-presenta-spring-la-nuova-maniglia-per-porte-e-finestre\/#breadcrumb","itemListElement":[{"@type":"ListItem","position":1,"name":"Home","item":"https:\/\/socialdesignmagazine.com\/mag\/"},{"@type":"ListItem","position":2,"name":"News","item":"https:\/\/socialdesignmagazine.com\/mag\/news\/"},{"@type":"ListItem","position":3,"name":"Design News","item":"https:\/\/socialdesignmagazine.com\/mag\/news\/design-news\/"},{"@type":"ListItem","position":4,"name":"Manital presenta SPRING, la nuova maniglia per porte e finestre"}]},{"@type":"WebSite","@id":"https:\/\/socialdesignmagazine.com\/mag\/#website","url":"https:\/\/socialdesignmagazine.com\/mag\/","name":"Social Design Magazine","description":"Social Magazine su Design, Architettura, Arte, Grafica","publisher":{"@id":"https:\/\/socialdesignmagazine.com\/mag\/#organization"},"potentialAction":[{"@type":"SearchAction","target":{"@type":"EntryPoint","urlTemplate":"https:\/\/socialdesignmagazine.com\/mag\/?s={search_term_string}"},"query-input":{"@type":"PropertyValueSpecification","valueRequired":true,"valueName":"search_term_string"}}],"inLanguage":"it-IT"},{"@type":"Organization","@id":"https:\/\/socialdesignmagazine.com\/mag\/#organization","name":"Social Design Magazine","url":"https:\/\/socialdesignmagazine.com\/mag\/","logo":{"@type":"ImageObject","inLanguage":"it-IT","@id":"https:\/\/socialdesignmagazine.com\/mag\/#\/schema\/logo\/image\/","url":"https:\/\/socialdesignmagazine.com\/mag\/wp-content\/uploads\/2017\/01\/logo_favicon_11.png","contentUrl":"https:\/\/socialdesignmagazine.com\/mag\/wp-content\/uploads\/2017\/01\/logo_favicon_11.png","width":1024,"height":1024,"caption":"Social Design Magazine"},"image":{"@id":"https:\/\/socialdesignmagazine.com\/mag\/#\/schema\/logo\/image\/"},"sameAs":["https:\/\/www.facebook.com\/socialdesignmag","https:\/\/x.com\/socialdesignmag","http:\/\/instagram.com\/social_design_magazine\/","http:\/\/pinterest.com\/socialdesignmag\/","http:\/\/www.youtube.com\/user\/socialdesignmagazine"]},{"@type":"Person","@id":"https:\/\/socialdesignmagazine.com\/mag\/#\/schema\/person\/491d0582e9e3c533f5f684851763be63","name":"MdiP","image":{"@type":"ImageObject","inLanguage":"it-IT","@id":"https:\/\/secure.gravatar.com\/avatar\/fb2e2e9574f31f3243ade645ae3daf5567b814deb16ce1d5569f8cacc70f7b2f?s=96&d=mm&r=g","url":"https:\/\/secure.gravatar.com\/avatar\/fb2e2e9574f31f3243ade645ae3daf5567b814deb16ce1d5569f8cacc70f7b2f?s=96&d=mm&r=g","contentUrl":"https:\/\/secure.gravatar.com\/avatar\/fb2e2e9574f31f3243ade645ae3daf5567b814deb16ce1d5569f8cacc70f7b2f?s=96&d=mm&r=g","caption":"MdiP"},"description":"Web | mail","url":"https:\/\/socialdesignmagazine.com\/mag\/author\/mdip\/"}]}},"jetpack_featured_media_url":"https:\/\/socialdesignmagazine.com\/mag\/wp-content\/uploads\/2016\/12\/fetch-UID-.jpg","jetpack_sharing_enabled":true,"jetpack_shortlink":"https:\/\/wp.me\/p6cV7V-7JU","gt_translate_keys":[{"key":"link","format":"url"}],"_links":{"self":[{"href":"https:\/\/socialdesignmagazine.com\/mag\/wp-json\/wp\/v2\/posts\/29754","targetHints":{"allow":["GET"]}}],"collection":[{"href":"https:\/\/socialdesignmagazine.com\/mag\/wp-json\/wp\/v2\/posts"}],"about":[{"href":"https:\/\/socialdesignmagazine.com\/mag\/wp-json\/wp\/v2\/types\/post"}],"author":[{"embeddable":true,"href":"https:\/\/socialdesignmagazine.com\/mag\/wp-json\/wp\/v2\/users\/121"}],"replies":[{"embeddable":true,"href":"https:\/\/socialdesignmagazine.com\/mag\/wp-json\/wp\/v2\/comments?post=29754"}],"version-history":[{"count":3,"href":"https:\/\/socialdesignmagazine.com\/mag\/wp-json\/wp\/v2\/posts\/29754\/revisions"}],"predecessor-version":[{"id":29859,"href":"https:\/\/socialdesignmagazine.com\/mag\/wp-json\/wp\/v2\/posts\/29754\/revisions\/29859"}],"wp:featuredmedia":[{"embeddable":true,"href":"https:\/\/socialdesignmagazine.com\/mag\/wp-json\/wp\/v2\/media\/29755"}],"wp:attachment":[{"href":"https:\/\/socialdesignmagazine.com\/mag\/wp-json\/wp\/v2\/media?parent=29754"}],"wp:term":[{"taxonomy":"category","embeddable":true,"href":"https:\/\/socialdesignmagazine.com\/mag\/wp-json\/wp\/v2\/categories?post=29754"},{"taxonomy":"post_tag","embeddable":true,"href":"https:\/\/socialdesignmagazine.com\/mag\/wp-json\/wp\/v2\/tags?post=29754"}],"curies":[{"name":"wp","href":"https:\/\/api.w.org\/{rel}","templated":true}]}}