{"id":30098,"date":"2017-01-09T09:00:14","date_gmt":"2017-01-09T08:00:14","guid":{"rendered":"https:\/\/socialdesignmagazine.com\/mag\/?p=30098"},"modified":"2022-06-16T00:42:25","modified_gmt":"2022-06-15T22:42:25","slug":"loft-verticale-westway-architects","status":"publish","type":"post","link":"https:\/\/socialdesignmagazine.com\/mag\/architettura\/loft-verticale-westway-architects\/","title":{"rendered":"Loft verticale Westway Architects","gt_translate_keys":[{"key":"rendered","format":"text"}]},"content":{"rendered":"<h2>Il loft verticale di Milano progettato dallo studio <a rel=\"nofollow\" href=\"http:\/\/westway.it\">Westway<\/a> Architects dall&#8217;esterno ha mantenuto il suo aspetto di tipica casa per ferrovieri, di quelle realizzate\u00a0fra il 1920 e il 1924, \u00e8 all&#8217;interno che \u00e8 avvenuta la vera metamorfosi.<\/h2>\n<p>L\u2019edificio \u00e8 stato oggetto di un intervento di ristrutturazione radicale che in due anni di cantiere l\u2019ha trasformato sia dal punto di vista strutturale che distributivo.<\/p>\n<p><strong>Dell\u2019originaria struttura \u00e8 stato mantenuto solamente l\u2019involucro murario<\/strong> con le relative aperture mentre tutto il resto, fondamenta, copertura, solai, cappotto interno, impiantistica e distribuzione interna, \u00e8 stato realizzato ex novo. La volumetria totale \u00e8 rimasta invariata, mentre la superficie calpestabile \u00e8 aumentata di 60 mq grazie al nuovo posizionamento dei solai, delle scale e al recupero del sottotetto.<\/p>\n<p>Da casa popolare a villa di citt\u00e0 con giardino di pertinenza, all\u2019interno di un villaggio anni \u201820 in zona Citt\u00e0 Studi a Milano. Da residenza per una famiglia numerosa ad abitazione per un single, riprogettata sulle sue specifiche esigenze utilizzando un sofisticato impianto di domotica e secondo gli standard della certificazione energetica CENED per la Classe B.<\/p>\n<p><em>\u201cLo sviluppo in verticale dell\u2019abitazione ci ha offerto la possibilit\u00e0 di realizzare uno dei nostri sogni di architetti: uno dei sistemi di scale delle costruzioni impossibili di Escher. E il committente si \u00e8 lasciato attrarre da questo sogno! Abbiamo svuotato l\u2019interno affinch\u00e9 lo spazio potesse espandersi in orizzontale e in verticale e abbiamo creato un nucleo centrale, autonomo dal punto di vista strutturale e avulso dal contesto storico esistente, che si snoda su cinque piani ognuno dei quali servito da due scale fra loro indipendenti, posizionate lungo i muri portanti longitudinali\u201d <\/em>spiega Luca Aureggi.<em>\u00a0<\/em>Le scale a una sola rampa e di larghezza contenuta (80 cm) consentono il collegamento dal piano interrato al piano quarto (zona fitness, zona pranzo-cucina, soggiorno, camera da letto, studio) non in modo continuo bens\u00ec alternato. \u00c8 un percorso a zig-zag che implica l\u2019attraversamento trasversale del singolo piano, privo di elementi divisori (open space).<em> \u201cL\u2019abitazione \u00e8 concepita come un loft verticale a percorrenza obbligatoria dove perdersi e ritrovarsi diventa un gioco. E il senso di smarrimento che ne consegue amplifica la percezione dello spazio\u201d.<\/em>L.A.<\/p>\n<p>Tutti i materiali utilizzati concorrono a creare una <strong>spazialit\u00e0 fluida<\/strong> che si espande fino alla terrazza e al giardino. Il rapporto con l\u2019esterno \u00e8 favorito da queste proiezioni verdi che contestualizzano l\u2019edificio all\u2019interno della realt\u00e0 conviviale e \u201cpaesana\u201d che lo circonda, decisamente atipica per una grande citt\u00e0. E\u2019 come ritrovarsi all\u2019interno di un hortus conclusus d\u2019atmosfera palermitana, citt\u00e0 natale del proprietario.<\/p>\n<p>Dalla porta d\u2019ingresso ci si ritrova catapultati nella lunga prospettiva della zona pranzo-cucina a vista-giardino. Da qui inizia l\u2019ascesa verticale attraverso le diverse scale, compresse fra i muri portanti longitudinali e la struttura del nucleo centrale.<\/p>\n<p>Le dimensioni ridotte delle rampe vengono bilanciate dalla larghezza della zona di sbarco, una parte del piano attraverso la quale \u00e8 necessario passare per accedere alla successiva rampa di scale. E cos\u00ec si sale fino alla zona studio ricavata nell\u2019ex sottotetto. Nulla intralcia la rincorsa verso l\u2019alto o la discesa verso la zona fitness. I pochi arredi, perlopi\u00f9 vintage, sono di altezza contenuta e non esistono porte e armadi. Piani e scale formano un\u2019unica entit\u00e0 strutturale e materica grazie anche al medesimo rivestimento in doghe di legno. Ma sono i tanti dettagli su progetto, la scelta di materiali e finiture ad hoc, la continua ricerca di dilatare lo spazio in 3D che rendono grande questa casa di soli 200 metri quadrati.<\/p>\n<div id=\"attachment_30105\" style=\"width: 1034px\" class=\"wp-caption alignnone\"><a href=\"https:\/\/socialdesignmagazine.com\/mag\/blog\/architettura\/loft-verticale-westway-architects\/attachment\/loft-verticale-westway-achitects-esterno\/#content\" rel=\"attachment wp-att-30105\"><img loading=\"lazy\" decoding=\"async\" aria-describedby=\"caption-attachment-30105\" data-attachment-id=\"30105\" data-permalink=\"https:\/\/socialdesignmagazine.com\/mag\/architettura\/loft-verticale-westway-architects\/attachment\/loft-verticale-westway-achitects-esterno\/#content\" data-orig-file=\"https:\/\/socialdesignmagazine.com\/mag\/wp-content\/uploads\/2017\/01\/Loft-verticale-a-Milano-Westway-Architects-01.jpg\" data-orig-size=\"1476,2214\" data-comments-opened=\"1\" data-image-meta=\"{&quot;aperture&quot;:&quot;11&quot;,&quot;credit&quot;:&quot;andr\\u00e9s otero&quot;,&quot;camera&quot;:&quot;Canon EOS 5D Mark III&quot;,&quot;caption&quot;:&quot;Dall\\u2019esterno si presenta come una delle tipiche case per i ferrovieri realizzate a Milano fra il 1920 e il 1924. All&#039;interno l\\u2019edificio \\u00e8 stato oggetto di un intervento di ristrutturazione radicale.&quot;,&quot;created_timestamp&quot;:&quot;1372431628&quot;,&quot;copyright&quot;:&quot;&quot;,&quot;focal_length&quot;:&quot;17&quot;,&quot;iso&quot;:&quot;160&quot;,&quot;shutter_speed&quot;:&quot;0.005&quot;,&quot;title&quot;:&quot;Loft verticale Westway Achitects, esterno&quot;,&quot;orientation&quot;:&quot;1&quot;}\" data-image-title=\"Loft verticale Westway Achitects, esterno\" data-image-description=\"&lt;p&gt;Dall\u2019esterno si presenta come una delle tipiche case per i ferrovieri realizzate a Milano fra il 1920 e il 1924. All&amp;#8217;interno l\u2019edificio \u00e8 stato oggetto di un intervento di ristrutturazione radicale.&lt;\/p&gt;\n\" data-image-caption=\"&lt;p&gt;Loft verticale Westway Achitects, esterno&lt;\/p&gt;\n\" data-medium-file=\"https:\/\/socialdesignmagazine.com\/mag\/wp-content\/uploads\/2017\/01\/Loft-verticale-a-Milano-Westway-Architects-01-396x256.jpg\" data-large-file=\"https:\/\/socialdesignmagazine.com\/mag\/wp-content\/uploads\/2017\/01\/Loft-verticale-a-Milano-Westway-Architects-01-1024x1536.jpg\" class=\"wp-image-30105 size-large\" src=\"https:\/\/socialdesignmagazine.com\/mag\/wp-content\/uploads\/2017\/01\/Loft-verticale-a-Milano-Westway-Architects-01-1024x1536.jpg\" alt=\"Loft verticale Westway Achitects, esterno\" width=\"1024\" height=\"1536\" srcset=\"https:\/\/socialdesignmagazine.com\/mag\/wp-content\/uploads\/2017\/01\/Loft-verticale-a-Milano-Westway-Architects-01-1024x1536.jpg 1024w, https:\/\/socialdesignmagazine.com\/mag\/wp-content\/uploads\/2017\/01\/Loft-verticale-a-Milano-Westway-Architects-01-768x1152.jpg 768w, https:\/\/socialdesignmagazine.com\/mag\/wp-content\/uploads\/2017\/01\/Loft-verticale-a-Milano-Westway-Architects-01.jpg 1476w\" sizes=\"auto, (max-width: 1024px) 100vw, 1024px\" \/><\/a><p id=\"caption-attachment-30105\" class=\"wp-caption-text\">Loft verticale Westway Achitects, esterno<\/p><\/div>\n<div id=\"attachment_30114\" style=\"width: 1034px\" class=\"wp-caption alignnone\"><a href=\"https:\/\/socialdesignmagazine.com\/mag\/blog\/architettura\/loft-verticale-westway-architects\/attachment\/loft-verticale-westway-achitects-vista-dellarea-pranzo-cucina\/#content\" rel=\"attachment wp-att-30114\"><img loading=\"lazy\" decoding=\"async\" aria-describedby=\"caption-attachment-30114\" data-attachment-id=\"30114\" data-permalink=\"https:\/\/socialdesignmagazine.com\/mag\/architettura\/loft-verticale-westway-architects\/attachment\/loft-verticale-westway-achitects-vista-dellarea-pranzo-cucina\/#content\" data-orig-file=\"https:\/\/socialdesignmagazine.com\/mag\/wp-content\/uploads\/2017\/01\/Loft-verticale-a-Milano-Westway-Architects-10.jpg\" data-orig-size=\"1920,1280\" data-comments-opened=\"1\" data-image-meta=\"{&quot;aperture&quot;:&quot;0&quot;,&quot;credit&quot;:&quot;&quot;,&quot;camera&quot;:&quot;&quot;,&quot;caption&quot;:&quot;Dalla porta d\\u2019ingresso ci si ritrova catapultati nella lunga prospettiva della zona pranzo-cucina a vista-giardino.&quot;,&quot;created_timestamp&quot;:&quot;0&quot;,&quot;copyright&quot;:&quot;&quot;,&quot;focal_length&quot;:&quot;0&quot;,&quot;iso&quot;:&quot;0&quot;,&quot;shutter_speed&quot;:&quot;0&quot;,&quot;title&quot;:&quot;Loft verticale Westway Achitects, vista dell&#039;area pranzo-cucina&quot;,&quot;orientation&quot;:&quot;0&quot;}\" data-image-title=\"Loft verticale Westway Achitects, vista dell&amp;#8217;area pranzo-cucina\" data-image-description=\"&lt;p&gt;Dalla porta d\u2019ingresso ci si ritrova catapultati nella lunga prospettiva della zona pranzo-cucina a vista-giardino.&lt;\/p&gt;\n\" data-image-caption=\"&lt;p&gt;Loft verticale Westway Achitects, vista dell&amp;#8217;area pranzo-cucina&lt;\/p&gt;\n\" data-medium-file=\"https:\/\/socialdesignmagazine.com\/mag\/wp-content\/uploads\/2017\/01\/Loft-verticale-a-Milano-Westway-Architects-10-396x256.jpg\" data-large-file=\"https:\/\/socialdesignmagazine.com\/mag\/wp-content\/uploads\/2017\/01\/Loft-verticale-a-Milano-Westway-Architects-10-1024x683.jpg\" class=\"wp-image-30114 size-large\" src=\"https:\/\/socialdesignmagazine.com\/mag\/wp-content\/uploads\/2017\/01\/Loft-verticale-a-Milano-Westway-Architects-10-1024x683.jpg\" alt=\"Loft verticale Westway Achitects, vista dell'area pranzo-cucina\" width=\"1024\" height=\"683\" srcset=\"https:\/\/socialdesignmagazine.com\/mag\/wp-content\/uploads\/2017\/01\/Loft-verticale-a-Milano-Westway-Architects-10-1024x683.jpg 1024w, https:\/\/socialdesignmagazine.com\/mag\/wp-content\/uploads\/2017\/01\/Loft-verticale-a-Milano-Westway-Architects-10-100x66.jpg 100w, https:\/\/socialdesignmagazine.com\/mag\/wp-content\/uploads\/2017\/01\/Loft-verticale-a-Milano-Westway-Architects-10-768x512.jpg 768w, https:\/\/socialdesignmagazine.com\/mag\/wp-content\/uploads\/2017\/01\/Loft-verticale-a-Milano-Westway-Architects-10.jpg 1920w\" sizes=\"auto, (max-width: 1024px) 100vw, 1024px\" \/><\/a><p id=\"caption-attachment-30114\" class=\"wp-caption-text\">Loft verticale Westway Achitects, vista dell&#8217;area pranzo-cucina<\/p><\/div>\n<div id=\"attachment_30115\" style=\"width: 1034px\" class=\"wp-caption alignnone\"><a href=\"https:\/\/socialdesignmagazine.com\/mag\/blog\/architettura\/loft-verticale-westway-architects\/attachment\/loft-verticale-westway-achitects-cucina-e-outdoor\/#content\" rel=\"attachment wp-att-30115\"><img loading=\"lazy\" decoding=\"async\" aria-describedby=\"caption-attachment-30115\" data-attachment-id=\"30115\" data-permalink=\"https:\/\/socialdesignmagazine.com\/mag\/architettura\/loft-verticale-westway-architects\/attachment\/loft-verticale-westway-achitects-cucina-e-outdoor\/#content\" data-orig-file=\"https:\/\/socialdesignmagazine.com\/mag\/wp-content\/uploads\/2017\/01\/Loft-verticale-a-Milano-Westway-Architects-11.jpg\" data-orig-size=\"2067,2067\" data-comments-opened=\"1\" data-image-meta=\"{&quot;aperture&quot;:&quot;11&quot;,&quot;credit&quot;:&quot;Luca Placido&quot;,&quot;camera&quot;:&quot;Canon EOS 5D Mark III&quot;,&quot;caption&quot;:&quot;Vista della zona cucina che comunica tramite grandi aperture vetrate con il giardino di pertinenza di 60 metri quadri.&quot;,&quot;created_timestamp&quot;:&quot;1372434783&quot;,&quot;copyright&quot;:&quot;&quot;,&quot;focal_length&quot;:&quot;17&quot;,&quot;iso&quot;:&quot;160&quot;,&quot;shutter_speed&quot;:&quot;0.04&quot;,&quot;title&quot;:&quot;Loft verticale Westway Achitects, cucina e outdoor&quot;,&quot;orientation&quot;:&quot;1&quot;}\" data-image-title=\"Loft verticale Westway Achitects, cucina e outdoor\" data-image-description=\"&lt;p&gt;Vista della zona cucina che comunica tramite grandi aperture vetrate con il giardino di pertinenza di 60 metri quadri.&lt;\/p&gt;\n\" data-image-caption=\"&lt;p&gt;Vista della zona cucina&lt;\/p&gt;\n\" data-medium-file=\"https:\/\/socialdesignmagazine.com\/mag\/wp-content\/uploads\/2017\/01\/Loft-verticale-a-Milano-Westway-Architects-11-396x256.jpg\" data-large-file=\"https:\/\/socialdesignmagazine.com\/mag\/wp-content\/uploads\/2017\/01\/Loft-verticale-a-Milano-Westway-Architects-11-1024x1024.jpg\" class=\"wp-image-30115 size-large\" src=\"https:\/\/socialdesignmagazine.com\/mag\/wp-content\/uploads\/2017\/01\/Loft-verticale-a-Milano-Westway-Architects-11-1024x1024.jpg\" alt=\"Loft verticale Westway Achitects, cucina e outdoor\" width=\"1024\" height=\"1024\" srcset=\"https:\/\/socialdesignmagazine.com\/mag\/wp-content\/uploads\/2017\/01\/Loft-verticale-a-Milano-Westway-Architects-11-1024x1024.jpg 1024w, https:\/\/socialdesignmagazine.com\/mag\/wp-content\/uploads\/2017\/01\/Loft-verticale-a-Milano-Westway-Architects-11-768x768.jpg 768w, https:\/\/socialdesignmagazine.com\/mag\/wp-content\/uploads\/2017\/01\/Loft-verticale-a-Milano-Westway-Architects-11-65x65.jpg 65w\" sizes=\"auto, (max-width: 1024px) 100vw, 1024px\" \/><\/a><p id=\"caption-attachment-30115\" class=\"wp-caption-text\">Vista della zona cucina<\/p><\/div>\n<div id=\"attachment_30116\" style=\"width: 1034px\" class=\"wp-caption alignnone\"><a href=\"https:\/\/socialdesignmagazine.com\/mag\/blog\/architettura\/loft-verticale-westway-architects\/attachment\/loft-verticale-westway-achitects-zona-soggiorno\/#content\" rel=\"attachment wp-att-30116\"><img loading=\"lazy\" decoding=\"async\" aria-describedby=\"caption-attachment-30116\" data-attachment-id=\"30116\" data-permalink=\"https:\/\/socialdesignmagazine.com\/mag\/architettura\/loft-verticale-westway-architects\/attachment\/loft-verticale-westway-achitects-zona-soggiorno\/#content\" data-orig-file=\"https:\/\/socialdesignmagazine.com\/mag\/wp-content\/uploads\/2017\/01\/Loft-verticale-a-Milano-Westway-Architects-12.jpg\" data-orig-size=\"1511,1000\" data-comments-opened=\"1\" data-image-meta=\"{&quot;aperture&quot;:&quot;14&quot;,&quot;credit&quot;:&quot;Luca Placido&quot;,&quot;camera&quot;:&quot;Canon EOS 5D Mark III&quot;,&quot;caption&quot;:&quot;&quot;,&quot;created_timestamp&quot;:&quot;1372408554&quot;,&quot;copyright&quot;:&quot;&quot;,&quot;focal_length&quot;:&quot;24&quot;,&quot;iso&quot;:&quot;100&quot;,&quot;shutter_speed&quot;:&quot;0.125&quot;,&quot;title&quot;:&quot;Loft verticale Westway Achitects, zona soggiorno&quot;,&quot;orientation&quot;:&quot;1&quot;}\" data-image-title=\"Loft verticale Westway Achitects, zona soggiorno\" data-image-description=\"\" data-image-caption=\"&lt;p&gt;Loft verticale Westway Achitects, zona soggiorno&lt;\/p&gt;\n\" data-medium-file=\"https:\/\/socialdesignmagazine.com\/mag\/wp-content\/uploads\/2017\/01\/Loft-verticale-a-Milano-Westway-Architects-12-396x256.jpg\" data-large-file=\"https:\/\/socialdesignmagazine.com\/mag\/wp-content\/uploads\/2017\/01\/Loft-verticale-a-Milano-Westway-Architects-12-1024x678.jpg\" class=\"wp-image-30116 size-large\" src=\"https:\/\/socialdesignmagazine.com\/mag\/wp-content\/uploads\/2017\/01\/Loft-verticale-a-Milano-Westway-Architects-12-1024x678.jpg\" alt=\"Loft verticale Westway Achitects, zona soggiorno\" width=\"1024\" height=\"678\" srcset=\"https:\/\/socialdesignmagazine.com\/mag\/wp-content\/uploads\/2017\/01\/Loft-verticale-a-Milano-Westway-Architects-12-1024x678.jpg 1024w, https:\/\/socialdesignmagazine.com\/mag\/wp-content\/uploads\/2017\/01\/Loft-verticale-a-Milano-Westway-Architects-12-100x66.jpg 100w, https:\/\/socialdesignmagazine.com\/mag\/wp-content\/uploads\/2017\/01\/Loft-verticale-a-Milano-Westway-Architects-12-768x508.jpg 768w, https:\/\/socialdesignmagazine.com\/mag\/wp-content\/uploads\/2017\/01\/Loft-verticale-a-Milano-Westway-Architects-12.jpg 1511w\" sizes=\"auto, (max-width: 1024px) 100vw, 1024px\" \/><\/a><p id=\"caption-attachment-30116\" class=\"wp-caption-text\">Loft verticale Westway Achitects, zona soggiorno<\/p><\/div>\n<div id=\"attachment_30113\" style=\"width: 1034px\" class=\"wp-caption alignnone\"><a href=\"https:\/\/socialdesignmagazine.com\/mag\/blog\/architettura\/loft-verticale-westway-architects\/attachment\/loft-verticale-westway-achitects\/#content\" rel=\"attachment wp-att-30113\"><img loading=\"lazy\" decoding=\"async\" aria-describedby=\"caption-attachment-30113\" data-attachment-id=\"30113\" data-permalink=\"https:\/\/socialdesignmagazine.com\/mag\/architettura\/loft-verticale-westway-architects\/attachment\/loft-verticale-westway-achitects\/#content\" data-orig-file=\"https:\/\/socialdesignmagazine.com\/mag\/wp-content\/uploads\/2017\/01\/Loft-verticale-a-Milano-Westway-Architects-09.jpg\" data-orig-size=\"1772,2560\" data-comments-opened=\"1\" data-image-meta=\"{&quot;aperture&quot;:&quot;10&quot;,&quot;credit&quot;:&quot;Luca Placido&quot;,&quot;camera&quot;:&quot;Canon EOS 5D Mark III&quot;,&quot;caption&quot;:&quot;&quot;,&quot;created_timestamp&quot;:&quot;1372444220&quot;,&quot;copyright&quot;:&quot;&quot;,&quot;focal_length&quot;:&quot;17&quot;,&quot;iso&quot;:&quot;160&quot;,&quot;shutter_speed&quot;:&quot;0.4&quot;,&quot;title&quot;:&quot;Loft verticale Westway Achitects&quot;,&quot;orientation&quot;:&quot;1&quot;}\" data-image-title=\"Loft verticale Westway Achitects\" data-image-description=\"\" data-image-caption=\"&lt;p&gt;Loft verticale Westway Achitects&lt;\/p&gt;\n\" data-medium-file=\"https:\/\/socialdesignmagazine.com\/mag\/wp-content\/uploads\/2017\/01\/Loft-verticale-a-Milano-Westway-Architects-09-396x256.jpg\" data-large-file=\"https:\/\/socialdesignmagazine.com\/mag\/wp-content\/uploads\/2017\/01\/Loft-verticale-a-Milano-Westway-Architects-09-1024x1479.jpg\" class=\"wp-image-30113 size-large\" src=\"https:\/\/socialdesignmagazine.com\/mag\/wp-content\/uploads\/2017\/01\/Loft-verticale-a-Milano-Westway-Architects-09-1024x1479.jpg\" alt=\"Loft verticale Westway Achitects\" width=\"1024\" height=\"1479\" srcset=\"https:\/\/socialdesignmagazine.com\/mag\/wp-content\/uploads\/2017\/01\/Loft-verticale-a-Milano-Westway-Architects-09-1024x1479.jpg 1024w, https:\/\/socialdesignmagazine.com\/mag\/wp-content\/uploads\/2017\/01\/Loft-verticale-a-Milano-Westway-Architects-09-768x1110.jpg 768w, https:\/\/socialdesignmagazine.com\/mag\/wp-content\/uploads\/2017\/01\/Loft-verticale-a-Milano-Westway-Architects-09.jpg 1772w\" sizes=\"auto, (max-width: 1024px) 100vw, 1024px\" \/><\/a><p id=\"caption-attachment-30113\" class=\"wp-caption-text\">Loft verticale Westway Achitects<\/p><\/div>\n<div id=\"attachment_30109\" style=\"width: 1034px\" class=\"wp-caption alignnone\"><a href=\"https:\/\/socialdesignmagazine.com\/mag\/blog\/architettura\/loft-verticale-westway-architects\/attachment\/loft-verticale-westway-achitects-zona-pranzo\/#content\" rel=\"attachment wp-att-30109\"><img loading=\"lazy\" decoding=\"async\" aria-describedby=\"caption-attachment-30109\" data-attachment-id=\"30109\" data-permalink=\"https:\/\/socialdesignmagazine.com\/mag\/architettura\/loft-verticale-westway-architects\/attachment\/loft-verticale-westway-achitects-zona-pranzo\/#content\" data-orig-file=\"https:\/\/socialdesignmagazine.com\/mag\/wp-content\/uploads\/2017\/01\/Loft-verticale-a-Milano-Westway-Architects-05.jpg\" data-orig-size=\"1410,1000\" data-comments-opened=\"1\" data-image-meta=\"{&quot;aperture&quot;:&quot;13&quot;,&quot;credit&quot;:&quot;Luca Placido&quot;,&quot;camera&quot;:&quot;Canon EOS 5D Mark III&quot;,&quot;caption&quot;:&quot;&quot;,&quot;created_timestamp&quot;:&quot;1372377600&quot;,&quot;copyright&quot;:&quot;&quot;,&quot;focal_length&quot;:&quot;17&quot;,&quot;iso&quot;:&quot;160&quot;,&quot;shutter_speed&quot;:&quot;2&quot;,&quot;title&quot;:&quot;Loft verticale Westway Achitects, zona pranzo&quot;,&quot;orientation&quot;:&quot;1&quot;}\" data-image-title=\"Loft verticale Westway Achitects, zona pranzo\" data-image-description=\"\" data-image-caption=\"&lt;p&gt;Loft verticale Westway Achitects, zona pranzo&lt;\/p&gt;\n\" data-medium-file=\"https:\/\/socialdesignmagazine.com\/mag\/wp-content\/uploads\/2017\/01\/Loft-verticale-a-Milano-Westway-Architects-05-396x256.jpg\" data-large-file=\"https:\/\/socialdesignmagazine.com\/mag\/wp-content\/uploads\/2017\/01\/Loft-verticale-a-Milano-Westway-Architects-05-1024x726.jpg\" class=\"wp-image-30109 size-large\" src=\"https:\/\/socialdesignmagazine.com\/mag\/wp-content\/uploads\/2017\/01\/Loft-verticale-a-Milano-Westway-Architects-05-1024x726.jpg\" alt=\"Loft verticale Westway Achitects, zona pranzo\" width=\"1024\" height=\"726\" srcset=\"https:\/\/socialdesignmagazine.com\/mag\/wp-content\/uploads\/2017\/01\/Loft-verticale-a-Milano-Westway-Architects-05-1024x726.jpg 1024w, https:\/\/socialdesignmagazine.com\/mag\/wp-content\/uploads\/2017\/01\/Loft-verticale-a-Milano-Westway-Architects-05-768x545.jpg 768w, https:\/\/socialdesignmagazine.com\/mag\/wp-content\/uploads\/2017\/01\/Loft-verticale-a-Milano-Westway-Architects-05.jpg 1410w\" sizes=\"auto, (max-width: 1024px) 100vw, 1024px\" \/><\/a><p id=\"caption-attachment-30109\" class=\"wp-caption-text\">Loft verticale Westway Achitects, zona pranzo<\/p><\/div>\n<div id=\"attachment_30108\" style=\"width: 1034px\" class=\"wp-caption alignnone\"><a href=\"https:\/\/socialdesignmagazine.com\/mag\/blog\/architettura\/loft-verticale-westway-architects\/attachment\/loft-verticale-westway-achitects-vista-della-scala-dal-basso-verso-lalto\/#content\" rel=\"attachment wp-att-30108\"><img loading=\"lazy\" decoding=\"async\" aria-describedby=\"caption-attachment-30108\" data-attachment-id=\"30108\" data-permalink=\"https:\/\/socialdesignmagazine.com\/mag\/architettura\/loft-verticale-westway-architects\/attachment\/loft-verticale-westway-achitects-vista-della-scala-dal-basso-verso-lalto\/#content\" data-orig-file=\"https:\/\/socialdesignmagazine.com\/mag\/wp-content\/uploads\/2017\/01\/Loft-verticale-a-Milano-Westway-Architects-04.jpg\" data-orig-size=\"1772,2667\" data-comments-opened=\"1\" data-image-meta=\"{&quot;aperture&quot;:&quot;13&quot;,&quot;credit&quot;:&quot;Luca Placido&quot;,&quot;camera&quot;:&quot;Canon EOS 5D Mark III&quot;,&quot;caption&quot;:&quot;L&#039;articolato sistema di scale nasce dalla volont\\u00e0 degli architetti di trovare ispirazione nelle scale delle costruzioni impossibili di Escher&quot;,&quot;created_timestamp&quot;:&quot;1372423001&quot;,&quot;copyright&quot;:&quot;&quot;,&quot;focal_length&quot;:&quot;17&quot;,&quot;iso&quot;:&quot;160&quot;,&quot;shutter_speed&quot;:&quot;1.6&quot;,&quot;title&quot;:&quot;Loft verticale Westway Achitects, vista della scala dal basso verso l&#039;alto&quot;,&quot;orientation&quot;:&quot;1&quot;}\" data-image-title=\"Loft verticale Westway Achitects, vista della scala dal basso verso l&amp;#8217;alto\" data-image-description=\"&lt;p&gt;L&amp;#8217;articolato sistema di scale nasce dalla volont\u00e0 degli architetti di trovare ispirazione nelle scale delle costruzioni impossibili di Escher&lt;\/p&gt;\n\" data-image-caption=\"&lt;p&gt;Sviluppo del&amp;#8217;articolato sistema di scale&lt;\/p&gt;\n\" data-medium-file=\"https:\/\/socialdesignmagazine.com\/mag\/wp-content\/uploads\/2017\/01\/Loft-verticale-a-Milano-Westway-Architects-04-396x256.jpg\" data-large-file=\"https:\/\/socialdesignmagazine.com\/mag\/wp-content\/uploads\/2017\/01\/Loft-verticale-a-Milano-Westway-Architects-04-1024x1541.jpg\" class=\"wp-image-30108 size-large\" src=\"https:\/\/socialdesignmagazine.com\/mag\/wp-content\/uploads\/2017\/01\/Loft-verticale-a-Milano-Westway-Architects-04-1024x1541.jpg\" alt=\"oft verticale Westway Achitects, vista della scala dal basso verso l'alto\" width=\"1024\" height=\"1541\" srcset=\"https:\/\/socialdesignmagazine.com\/mag\/wp-content\/uploads\/2017\/01\/Loft-verticale-a-Milano-Westway-Architects-04-1024x1541.jpg 1024w, https:\/\/socialdesignmagazine.com\/mag\/wp-content\/uploads\/2017\/01\/Loft-verticale-a-Milano-Westway-Architects-04-768x1156.jpg 768w, https:\/\/socialdesignmagazine.com\/mag\/wp-content\/uploads\/2017\/01\/Loft-verticale-a-Milano-Westway-Architects-04.jpg 1772w\" sizes=\"auto, (max-width: 1024px) 100vw, 1024px\" \/><\/a><p id=\"caption-attachment-30108\" class=\"wp-caption-text\">Sviluppo del&#8217;articolato sistema di scale<\/p><\/div>\n<div id=\"attachment_30107\" style=\"width: 1034px\" class=\"wp-caption alignnone\"><a href=\"https:\/\/socialdesignmagazine.com\/mag\/blog\/architettura\/loft-verticale-westway-architects\/attachment\/loft-verticale-westway-achitects-arredi-vintage\/#content\" rel=\"attachment wp-att-30107\"><img loading=\"lazy\" decoding=\"async\" aria-describedby=\"caption-attachment-30107\" data-attachment-id=\"30107\" data-permalink=\"https:\/\/socialdesignmagazine.com\/mag\/architettura\/loft-verticale-westway-architects\/attachment\/loft-verticale-westway-achitects-arredi-vintage\/#content\" data-orig-file=\"https:\/\/socialdesignmagazine.com\/mag\/wp-content\/uploads\/2017\/01\/Loft-verticale-a-Milano-Westway-Architects-03.jpg\" data-orig-size=\"2126,3189\" data-comments-opened=\"1\" data-image-meta=\"{&quot;aperture&quot;:&quot;11&quot;,&quot;credit&quot;:&quot;andr\\u00e9s otero&quot;,&quot;camera&quot;:&quot;Canon EOS 5D Mark III&quot;,&quot;caption&quot;:&quot;I pochi arredi, perlopi\\u00f9 vintage, sono di altezza contenuta e non esistono porte e armadi.&quot;,&quot;created_timestamp&quot;:&quot;1372362888&quot;,&quot;copyright&quot;:&quot;&quot;,&quot;focal_length&quot;:&quot;17&quot;,&quot;iso&quot;:&quot;200&quot;,&quot;shutter_speed&quot;:&quot;2&quot;,&quot;title&quot;:&quot;Loft verticale Westway Achitects, arredi vintage&quot;,&quot;orientation&quot;:&quot;1&quot;}\" data-image-title=\"Loft verticale Westway Achitects, arredi vintage\" data-image-description=\"&lt;p&gt;I pochi arredi, perlopi\u00f9 vintage, sono di altezza contenuta e non esistono porte e armadi.&lt;\/p&gt;\n\" data-image-caption=\"&lt;p&gt;Loft verticale Westway Achitects, arredi vintage&lt;\/p&gt;\n\" data-medium-file=\"https:\/\/socialdesignmagazine.com\/mag\/wp-content\/uploads\/2017\/01\/Loft-verticale-a-Milano-Westway-Architects-03-396x256.jpg\" data-large-file=\"https:\/\/socialdesignmagazine.com\/mag\/wp-content\/uploads\/2017\/01\/Loft-verticale-a-Milano-Westway-Architects-03-1024x1536.jpg\" class=\"wp-image-30107 size-large\" src=\"https:\/\/socialdesignmagazine.com\/mag\/wp-content\/uploads\/2017\/01\/Loft-verticale-a-Milano-Westway-Architects-03-1024x1536.jpg\" alt=\"Loft verticale Westway Achitects, arredi vintage\" width=\"1024\" height=\"1536\" srcset=\"https:\/\/socialdesignmagazine.com\/mag\/wp-content\/uploads\/2017\/01\/Loft-verticale-a-Milano-Westway-Architects-03-1024x1536.jpg 1024w, https:\/\/socialdesignmagazine.com\/mag\/wp-content\/uploads\/2017\/01\/Loft-verticale-a-Milano-Westway-Architects-03-768x1152.jpg 768w\" sizes=\"auto, (max-width: 1024px) 100vw, 1024px\" \/><\/a><p id=\"caption-attachment-30107\" class=\"wp-caption-text\">Loft verticale Westway Achitects, arredi vintage<\/p><\/div>\n<div id=\"attachment_30106\" style=\"width: 1034px\" class=\"wp-caption alignnone\"><a href=\"https:\/\/socialdesignmagazine.com\/mag\/blog\/architettura\/loft-verticale-westway-architects\/attachment\/loft-verticale-westway-achitects-la-scala-ad-una-sola-rampa\/#content\" rel=\"attachment wp-att-30106\"><img loading=\"lazy\" decoding=\"async\" aria-describedby=\"caption-attachment-30106\" data-attachment-id=\"30106\" data-permalink=\"https:\/\/socialdesignmagazine.com\/mag\/architettura\/loft-verticale-westway-architects\/attachment\/loft-verticale-westway-achitects-la-scala-ad-una-sola-rampa\/#content\" data-orig-file=\"https:\/\/socialdesignmagazine.com\/mag\/wp-content\/uploads\/2017\/01\/Loft-verticale-a-Milano-Westway-Architects-02.jpg\" data-orig-size=\"1744,2617\" data-comments-opened=\"1\" data-image-meta=\"{&quot;aperture&quot;:&quot;13&quot;,&quot;credit&quot;:&quot;Luca Placido&quot;,&quot;camera&quot;:&quot;Canon EOS 5D Mark III&quot;,&quot;caption&quot;:&quot;Le scale a una sola rampa e di larghezza contenuta consentono il collegamento dal piano interrato al piano quarto non in modo continuo bens\\u00ec alternato.&quot;,&quot;created_timestamp&quot;:&quot;1372337369&quot;,&quot;copyright&quot;:&quot;&quot;,&quot;focal_length&quot;:&quot;17&quot;,&quot;iso&quot;:&quot;125&quot;,&quot;shutter_speed&quot;:&quot;1&quot;,&quot;title&quot;:&quot;Loft verticale Westway Achitects, la scala ad una sola rampa&quot;,&quot;orientation&quot;:&quot;1&quot;}\" data-image-title=\"Loft verticale Westway Achitects, la scala ad una sola rampa\" data-image-description=\"&lt;p&gt;Le scale a una sola rampa e di larghezza contenuta consentono il collegamento dal piano interrato al piano quarto non in modo continuo bens\u00ec alternato.&lt;\/p&gt;\n\" data-image-caption=\"&lt;p&gt;oft verticale Westway Achitects, la scala ad una sola rampa&lt;\/p&gt;\n\" data-medium-file=\"https:\/\/socialdesignmagazine.com\/mag\/wp-content\/uploads\/2017\/01\/Loft-verticale-a-Milano-Westway-Architects-02-396x256.jpg\" data-large-file=\"https:\/\/socialdesignmagazine.com\/mag\/wp-content\/uploads\/2017\/01\/Loft-verticale-a-Milano-Westway-Architects-02-1024x1537.jpg\" class=\"wp-image-30106 size-large\" src=\"https:\/\/socialdesignmagazine.com\/mag\/wp-content\/uploads\/2017\/01\/Loft-verticale-a-Milano-Westway-Architects-02-1024x1537.jpg\" alt=\"oft verticale Westway Achitects, la scala ad una sola rampa\" width=\"1024\" height=\"1537\" srcset=\"https:\/\/socialdesignmagazine.com\/mag\/wp-content\/uploads\/2017\/01\/Loft-verticale-a-Milano-Westway-Architects-02-1024x1537.jpg 1024w, https:\/\/socialdesignmagazine.com\/mag\/wp-content\/uploads\/2017\/01\/Loft-verticale-a-Milano-Westway-Architects-02-768x1152.jpg 768w, https:\/\/socialdesignmagazine.com\/mag\/wp-content\/uploads\/2017\/01\/Loft-verticale-a-Milano-Westway-Architects-02.jpg 1744w\" sizes=\"auto, (max-width: 1024px) 100vw, 1024px\" \/><\/a><p id=\"caption-attachment-30106\" class=\"wp-caption-text\">oft verticale Westway Achitects, la scala ad una sola rampa<\/p><\/div>\n<div id=\"attachment_30112\" style=\"width: 1034px\" class=\"wp-caption alignnone\"><a href=\"https:\/\/socialdesignmagazine.com\/mag\/blog\/architettura\/loft-verticale-westway-architects\/attachment\/loft-verticale-westway-achitects-il-sistema-di-scale-ispirato-alle-costruzioni-impossibili-di-escher\/#content\" rel=\"attachment wp-att-30112\"><img loading=\"lazy\" decoding=\"async\" aria-describedby=\"caption-attachment-30112\" data-attachment-id=\"30112\" data-permalink=\"https:\/\/socialdesignmagazine.com\/mag\/architettura\/loft-verticale-westway-architects\/attachment\/loft-verticale-westway-achitects-il-sistema-di-scale-ispirato-alle-costruzioni-impossibili-di-escher\/#content\" data-orig-file=\"https:\/\/socialdesignmagazine.com\/mag\/wp-content\/uploads\/2017\/01\/Loft-verticale-a-Milano-Westway-Architects-08.jpg\" data-orig-size=\"1920,1279\" data-comments-opened=\"1\" data-image-meta=\"{&quot;aperture&quot;:&quot;0&quot;,&quot;credit&quot;:&quot;&quot;,&quot;camera&quot;:&quot;&quot;,&quot;caption&quot;:&quot;\\&quot;Lo sviluppo in verticale dell\\u2019abitazione ci ha offerto la possibilit\\u00e0 di realizzare uno dei nostri sogni di architetti: uno dei sistemi di scale delle costruzioni impossibili di Escher. E il committente si \\u00e8 lasciato attrarre da questo sogno!\\&quot;&quot;,&quot;created_timestamp&quot;:&quot;0&quot;,&quot;copyright&quot;:&quot;&quot;,&quot;focal_length&quot;:&quot;0&quot;,&quot;iso&quot;:&quot;0&quot;,&quot;shutter_speed&quot;:&quot;0&quot;,&quot;title&quot;:&quot;Loft verticale Westway Achitects, il sistema di scale ispirato alle costruzioni impossibili di Escher&quot;,&quot;orientation&quot;:&quot;0&quot;}\" data-image-title=\"Loft verticale Westway Achitects, il sistema di scale ispirato alle costruzioni impossibili di Escher\" data-image-description=\"&lt;p&gt;&amp;#8220;Lo sviluppo in verticale dell\u2019abitazione ci ha offerto la possibilit\u00e0 di realizzare uno dei nostri sogni di architetti: uno dei sistemi di scale delle costruzioni impossibili di Escher. E il committente si \u00e8 lasciato attrarre da questo sogno!&amp;#8221;&lt;\/p&gt;\n\" data-image-caption=\"&lt;p&gt;Loft verticale Westway Achitects, il sistema di scale ispirato alle costruzioni impossibili di Escher&lt;\/p&gt;\n\" data-medium-file=\"https:\/\/socialdesignmagazine.com\/mag\/wp-content\/uploads\/2017\/01\/Loft-verticale-a-Milano-Westway-Architects-08-396x256.jpg\" data-large-file=\"https:\/\/socialdesignmagazine.com\/mag\/wp-content\/uploads\/2017\/01\/Loft-verticale-a-Milano-Westway-Architects-08-1024x682.jpg\" class=\"wp-image-30112 size-large\" src=\"https:\/\/socialdesignmagazine.com\/mag\/wp-content\/uploads\/2017\/01\/Loft-verticale-a-Milano-Westway-Architects-08-1024x682.jpg\" alt=\"Loft verticale Westway Achitects, il sistema di scale ispirato alle costruzioni impossibili di Escher\" width=\"1024\" height=\"682\" srcset=\"https:\/\/socialdesignmagazine.com\/mag\/wp-content\/uploads\/2017\/01\/Loft-verticale-a-Milano-Westway-Architects-08-1024x682.jpg 1024w, https:\/\/socialdesignmagazine.com\/mag\/wp-content\/uploads\/2017\/01\/Loft-verticale-a-Milano-Westway-Architects-08-100x66.jpg 100w, https:\/\/socialdesignmagazine.com\/mag\/wp-content\/uploads\/2017\/01\/Loft-verticale-a-Milano-Westway-Architects-08-768x512.jpg 768w, https:\/\/socialdesignmagazine.com\/mag\/wp-content\/uploads\/2017\/01\/Loft-verticale-a-Milano-Westway-Architects-08.jpg 1920w\" sizes=\"auto, (max-width: 1024px) 100vw, 1024px\" \/><\/a><p id=\"caption-attachment-30112\" class=\"wp-caption-text\">Loft verticale Westway Achitects, il sistema di scale ispirato alle costruzioni impossibili di Escher<\/p><\/div>\n<div id=\"attachment_30111\" style=\"width: 1034px\" class=\"wp-caption alignnone\"><a href=\"https:\/\/socialdesignmagazine.com\/mag\/blog\/architettura\/loft-verticale-westway-architects\/attachment\/loft-verticale-westway-achitects-zona-living\/#content\" rel=\"attachment wp-att-30111\"><img loading=\"lazy\" decoding=\"async\" aria-describedby=\"caption-attachment-30111\" data-attachment-id=\"30111\" data-permalink=\"https:\/\/socialdesignmagazine.com\/mag\/architettura\/loft-verticale-westway-architects\/attachment\/loft-verticale-westway-achitects-zona-living\/#content\" data-orig-file=\"https:\/\/socialdesignmagazine.com\/mag\/wp-content\/uploads\/2017\/01\/Loft-verticale-a-Milano-Westway-Architects-07.jpg\" data-orig-size=\"1920,862\" data-comments-opened=\"1\" data-image-meta=\"{&quot;aperture&quot;:&quot;0&quot;,&quot;credit&quot;:&quot;&quot;,&quot;camera&quot;:&quot;&quot;,&quot;caption&quot;:&quot;&quot;,&quot;created_timestamp&quot;:&quot;0&quot;,&quot;copyright&quot;:&quot;&quot;,&quot;focal_length&quot;:&quot;0&quot;,&quot;iso&quot;:&quot;0&quot;,&quot;shutter_speed&quot;:&quot;0&quot;,&quot;title&quot;:&quot;Loft verticale Westway Achitects, zona living&quot;,&quot;orientation&quot;:&quot;0&quot;}\" data-image-title=\"Loft verticale Westway Achitects, zona living\" data-image-description=\"\" data-image-caption=\"&lt;p&gt;Loft verticale Westway Achitects, zona living&lt;\/p&gt;\n\" data-medium-file=\"https:\/\/socialdesignmagazine.com\/mag\/wp-content\/uploads\/2017\/01\/Loft-verticale-a-Milano-Westway-Architects-07-396x256.jpg\" data-large-file=\"https:\/\/socialdesignmagazine.com\/mag\/wp-content\/uploads\/2017\/01\/Loft-verticale-a-Milano-Westway-Architects-07-1024x460.jpg\" class=\"wp-image-30111 size-large\" src=\"https:\/\/socialdesignmagazine.com\/mag\/wp-content\/uploads\/2017\/01\/Loft-verticale-a-Milano-Westway-Architects-07-1024x460.jpg\" alt=\"Loft verticale Westway Achitects, zona living\" width=\"1024\" height=\"460\" srcset=\"https:\/\/socialdesignmagazine.com\/mag\/wp-content\/uploads\/2017\/01\/Loft-verticale-a-Milano-Westway-Architects-07-1024x460.jpg 1024w, https:\/\/socialdesignmagazine.com\/mag\/wp-content\/uploads\/2017\/01\/Loft-verticale-a-Milano-Westway-Architects-07-768x345.jpg 768w, https:\/\/socialdesignmagazine.com\/mag\/wp-content\/uploads\/2017\/01\/Loft-verticale-a-Milano-Westway-Architects-07.jpg 1920w\" sizes=\"auto, (max-width: 1024px) 100vw, 1024px\" \/><\/a><p id=\"caption-attachment-30111\" class=\"wp-caption-text\">Loft verticale Westway Achitects, zona living<\/p><\/div>\n<div id=\"attachment_30104\" style=\"width: 1034px\" class=\"wp-caption alignnone\"><a href=\"https:\/\/socialdesignmagazine.com\/mag\/blog\/architettura\/loft-verticale-westway-architects\/attachment\/loft-verticale-westway-achitects-il-sottotetto-trasformato-in-studio\/#content\" rel=\"attachment wp-att-30104\"><img loading=\"lazy\" decoding=\"async\" aria-describedby=\"caption-attachment-30104\" data-attachment-id=\"30104\" data-permalink=\"https:\/\/socialdesignmagazine.com\/mag\/architettura\/loft-verticale-westway-architects\/attachment\/loft-verticale-westway-achitects-il-sottotetto-trasformato-in-studio\/#content\" data-orig-file=\"https:\/\/socialdesignmagazine.com\/mag\/wp-content\/uploads\/2017\/01\/Loft-verticale-a-Milano-Westway-Architects-14.jpg\" data-orig-size=\"1713,2406\" data-comments-opened=\"1\" data-image-meta=\"{&quot;aperture&quot;:&quot;16&quot;,&quot;credit&quot;:&quot;andr\\u00e9s otero&quot;,&quot;camera&quot;:&quot;Canon EOS 5D Mark III&quot;,&quot;caption&quot;:&quot;Nel sottotetto recuperato \\u00e8 stato ricavato lo spazio per lo studio.&quot;,&quot;created_timestamp&quot;:&quot;1372341165&quot;,&quot;copyright&quot;:&quot;&quot;,&quot;focal_length&quot;:&quot;17&quot;,&quot;iso&quot;:&quot;125&quot;,&quot;shutter_speed&quot;:&quot;0.125&quot;,&quot;title&quot;:&quot;Loft verticale Westway Achitects, il sottotetto trasformato in studio&quot;,&quot;orientation&quot;:&quot;1&quot;}\" data-image-title=\"Loft verticale Westway Achitects, il sottotetto trasformato in studio\" data-image-description=\"&lt;p&gt;Nel sottotetto recuperato \u00e8 stato ricavato lo spazio per lo studio.&lt;\/p&gt;\n\" data-image-caption=\"&lt;p&gt;Loft verticale Westway Achitects, il sottotetto trasformato in studio&lt;\/p&gt;\n\" data-medium-file=\"https:\/\/socialdesignmagazine.com\/mag\/wp-content\/uploads\/2017\/01\/Loft-verticale-a-Milano-Westway-Architects-14-396x256.jpg\" data-large-file=\"https:\/\/socialdesignmagazine.com\/mag\/wp-content\/uploads\/2017\/01\/Loft-verticale-a-Milano-Westway-Architects-14-1024x1438.jpg\" class=\"wp-image-30104 size-large\" src=\"https:\/\/socialdesignmagazine.com\/mag\/wp-content\/uploads\/2017\/01\/Loft-verticale-a-Milano-Westway-Architects-14-1024x1438.jpg\" alt=\"Loft verticale Westway Achitects, il sottotetto trasformato in studio\" width=\"1024\" height=\"1438\" srcset=\"https:\/\/socialdesignmagazine.com\/mag\/wp-content\/uploads\/2017\/01\/Loft-verticale-a-Milano-Westway-Architects-14-1024x1438.jpg 1024w, https:\/\/socialdesignmagazine.com\/mag\/wp-content\/uploads\/2017\/01\/Loft-verticale-a-Milano-Westway-Architects-14-768x1079.jpg 768w, https:\/\/socialdesignmagazine.com\/mag\/wp-content\/uploads\/2017\/01\/Loft-verticale-a-Milano-Westway-Architects-14.jpg 1713w\" sizes=\"auto, (max-width: 1024px) 100vw, 1024px\" \/><\/a><p id=\"caption-attachment-30104\" class=\"wp-caption-text\">Loft verticale Westway Achitects, il sottotetto trasformato in studio<\/p><\/div>\n<div id=\"attachment_30110\" style=\"width: 1034px\" class=\"wp-caption alignnone\"><a href=\"https:\/\/socialdesignmagazine.com\/mag\/blog\/architettura\/loft-verticale-westway-architects\/attachment\/loft-verticale-westway-achitects-una-parte-del-sottotetto-recuperato\/#content\" rel=\"attachment wp-att-30110\"><img loading=\"lazy\" decoding=\"async\" aria-describedby=\"caption-attachment-30110\" data-attachment-id=\"30110\" data-permalink=\"https:\/\/socialdesignmagazine.com\/mag\/architettura\/loft-verticale-westway-architects\/attachment\/loft-verticale-westway-achitects-una-parte-del-sottotetto-recuperato\/#content\" data-orig-file=\"https:\/\/socialdesignmagazine.com\/mag\/wp-content\/uploads\/2017\/01\/Loft-verticale-a-Milano-Westway-Architects-06.jpg\" data-orig-size=\"1772,2657\" data-comments-opened=\"1\" data-image-meta=\"{&quot;aperture&quot;:&quot;16&quot;,&quot;credit&quot;:&quot;Luca Placido&quot;,&quot;camera&quot;:&quot;Canon EOS 5D Mark III&quot;,&quot;caption&quot;:&quot;&quot;,&quot;created_timestamp&quot;:&quot;1372447505&quot;,&quot;copyright&quot;:&quot;&quot;,&quot;focal_length&quot;:&quot;17&quot;,&quot;iso&quot;:&quot;160&quot;,&quot;shutter_speed&quot;:&quot;0.4&quot;,&quot;title&quot;:&quot;Loft verticale Westway Achitects, una parte del sottotetto recuperato&quot;,&quot;orientation&quot;:&quot;1&quot;}\" data-image-title=\"Loft verticale Westway Achitects, una parte del sottotetto recuperato\" data-image-description=\"\" data-image-caption=\"&lt;p&gt;Loft verticale Westway Achitects, una parte del sottotetto recuperato&lt;\/p&gt;\n\" data-medium-file=\"https:\/\/socialdesignmagazine.com\/mag\/wp-content\/uploads\/2017\/01\/Loft-verticale-a-Milano-Westway-Architects-06-396x256.jpg\" data-large-file=\"https:\/\/socialdesignmagazine.com\/mag\/wp-content\/uploads\/2017\/01\/Loft-verticale-a-Milano-Westway-Architects-06-1024x1535.jpg\" class=\"wp-image-30110 size-large\" src=\"https:\/\/socialdesignmagazine.com\/mag\/wp-content\/uploads\/2017\/01\/Loft-verticale-a-Milano-Westway-Architects-06-1024x1535.jpg\" alt=\"Loft verticale Westway Achitects, una parte del sottotetto recuperato\" width=\"1024\" height=\"1535\" srcset=\"https:\/\/socialdesignmagazine.com\/mag\/wp-content\/uploads\/2017\/01\/Loft-verticale-a-Milano-Westway-Architects-06-1024x1535.jpg 1024w, https:\/\/socialdesignmagazine.com\/mag\/wp-content\/uploads\/2017\/01\/Loft-verticale-a-Milano-Westway-Architects-06-768x1152.jpg 768w, https:\/\/socialdesignmagazine.com\/mag\/wp-content\/uploads\/2017\/01\/Loft-verticale-a-Milano-Westway-Architects-06.jpg 1772w\" sizes=\"auto, (max-width: 1024px) 100vw, 1024px\" \/><\/a><p id=\"caption-attachment-30110\" class=\"wp-caption-text\">Loft verticale Westway Achitects, una parte del sottotetto recuperato<\/p><\/div>\n<h3>SCHEDA PROGETTO<\/h3>\n<p><strong>progetto architettonico e direzione lavori:<\/strong> Westway Architects, Roma-Milano arch. Luca Aureggi, arch. Maurizio Condoluci, arch. Stefano Pavia<br \/>\n<strong>nome progetto:<\/strong> Villa zona citt\u00e0 studi Milano<br \/>\n<strong>realizzazione:<\/strong> 2013<br \/>\n<strong>fotografie:<\/strong> andr\u00e9s otero\/LUZphoto<br \/>\n<strong>area interna:<\/strong> 168 mq<br \/>\n<strong>area esterna:<\/strong> 60 mq<\/p>\n","protected":false,"gt_translate_keys":[{"key":"rendered","format":"html"}]},"excerpt":{"rendered":"<p>Il loft verticale progettato da Westway Architects dall&#8217;esterno ha ancora l&#8217;aspetto di casa per ferrovieri, ma \u00e8 all&#8217;interno che \u00e8 avvenuta la metamorfosi.<\/p>\n","protected":false,"gt_translate_keys":[{"key":"rendered","format":"html"}]},"author":1,"featured_media":30117,"comment_status":"open","ping_status":"open","sticky":false,"template":"","format":"standard","meta":{"jetpack_post_was_ever_published":false,"_jetpack_newsletter_access":"","_jetpack_dont_email_post_to_subs":true,"_jetpack_newsletter_tier_id":0,"_jetpack_memberships_contains_paywalled_content":false,"_jetpack_memberships_contains_paid_content":false,"footnotes":"","_wpscppro_dont_share_socialmedia":false,"_wpscppro_custom_social_share_image":0,"_facebook_share_type":"","_twitter_share_type":"","_linkedin_share_type":"","_pinterest_share_type":"","_linkedin_share_type_page":"","_instagram_share_type":"","_medium_share_type":"","_threads_share_type":"","_google_business_share_type":"","_selected_social_profile":[],"_wpsp_enable_custom_social_template":false,"_wpsp_social_scheduling":{"enabled":false,"datetime":null,"platforms":[],"status":"template_only","dateOption":"today","timeOption":"now","customDays":"","customHours":"","customDate":"","customTime":"","schedulingType":"absolute"},"_wpsp_active_default_template":true},"categories":[15],"tags":[4993,737,181,4502],"class_list":["post-30098","post","type-post","status-publish","format-standard","has-post-thumbnail","hentry","category-architettura","tag-featured","tag-loft","tag-milano","tag-westway-architects"],"yoast_head":"<!-- This site is optimized with the Yoast SEO plugin v27.2 - https:\/\/yoast.com\/product\/yoast-seo-wordpress\/ -->\n<title>Loft verticale Westway Architects - Social Design Magazine<\/title>\n<meta name=\"description\" content=\"Il loft verticale progettato da Westway Architects dall&#039;esterno ha ancora l&#039;aspetto di casa per ferrovieri, ma \u00e8 all&#039;interno che \u00e8 avvenuta la metamorfosi.\" \/>\n<meta name=\"robots\" content=\"index, follow, max-snippet:-1, max-image-preview:large, max-video-preview:-1\" \/>\n<link rel=\"canonical\" href=\"https:\/\/socialdesignmagazine.com\/mag\/architettura\/loft-verticale-westway-architects\/\" \/>\n<meta property=\"og:locale\" content=\"it_IT\" \/>\n<meta property=\"og:type\" content=\"article\" \/>\n<meta property=\"og:title\" content=\"#Loft verticale Westway Architects\" \/>\n<meta property=\"og:description\" content=\"Il loft verticale progettato da Westway Architects dall&#039;esterno ha ancora l&#039;aspetto di casa per ferrovieri, ma \u00e8 all&#039;interno che \u00e8 avvenuta la metamorfosi.\" \/>\n<meta property=\"og:url\" content=\"http:\/\/socialdesignmagazine.com\/mag\/architettura\/loft-verticale-westway-architects\/\" \/>\n<meta property=\"og:site_name\" content=\"Social Design Magazine\" \/>\n<meta property=\"article:publisher\" content=\"https:\/\/www.facebook.com\/socialdesignmag\" \/>\n<meta property=\"article:author\" content=\"https:\/\/www.facebook.com\/benedettofiori\" \/>\n<meta property=\"article:published_time\" content=\"2017-01-09T08:00:14+00:00\" \/>\n<meta property=\"article:modified_time\" content=\"2022-06-15T22:42:25+00:00\" \/>\n<meta property=\"og:image\" content=\"https:\/\/socialdesignmagazine.com\/mag\/wp-content\/uploads\/2017\/01\/Loft-verticale-a-Milano-Westway-Architects-13.jpg\" \/>\n\t<meta property=\"og:image:width\" content=\"1920\" \/>\n\t<meta property=\"og:image:height\" content=\"1280\" \/>\n\t<meta property=\"og:image:type\" content=\"image\/jpeg\" \/>\n<meta name=\"author\" content=\"Benedetto Fiori\" \/>\n<meta name=\"twitter:card\" content=\"summary_large_image\" \/>\n<meta name=\"twitter:title\" content=\"#Loft verticale Westway Architects\" \/>\n<meta name=\"twitter:description\" content=\"Il loft verticale progettato da Westway Architects dall&#039;esterno ha ancora l&#039;aspetto di casa per ferrovieri, ma \u00e8 all&#039;interno che \u00e8 avvenuta la metamorfosi.\" \/>\n<meta name=\"twitter:image\" content=\"https:\/\/socialdesignmagazine.com\/mag\/wp-content\/uploads\/2017\/01\/Loft-verticale-a-Milano-Westway-Architects-13.jpg\" \/>\n<meta name=\"twitter:creator\" content=\"@benedettofiori\" \/>\n<meta name=\"twitter:site\" content=\"@socialdesignmag\" \/>\n<meta name=\"twitter:label1\" content=\"Scritto da\" \/>\n\t<meta name=\"twitter:data1\" content=\"Benedetto Fiori\" \/>\n\t<meta name=\"twitter:label2\" content=\"Tempo di lettura stimato\" \/>\n\t<meta name=\"twitter:data2\" content=\"7 minuti\" \/>\n<script type=\"application\/ld+json\" class=\"yoast-schema-graph\">{\"@context\":\"https:\/\/schema.org\",\"@graph\":[{\"@type\":\"Article\",\"@id\":\"https:\/\/socialdesignmagazine.com\/mag\/architettura\/loft-verticale-westway-architects\/#article\",\"isPartOf\":{\"@id\":\"https:\/\/socialdesignmagazine.com\/mag\/architettura\/loft-verticale-westway-architects\/\"},\"author\":{\"name\":\"Benedetto Fiori\",\"@id\":\"https:\/\/socialdesignmagazine.com\/mag\/#\/schema\/person\/61e20205cc363c315e6aabd33a045846\"},\"headline\":\"Loft verticale Westway Architects\",\"datePublished\":\"2017-01-09T08:00:14+00:00\",\"dateModified\":\"2022-06-15T22:42:25+00:00\",\"mainEntityOfPage\":{\"@id\":\"https:\/\/socialdesignmagazine.com\/mag\/architettura\/loft-verticale-westway-architects\/\"},\"wordCount\":806,\"commentCount\":0,\"publisher\":{\"@id\":\"https:\/\/socialdesignmagazine.com\/mag\/#organization\"},\"image\":{\"@id\":\"https:\/\/socialdesignmagazine.com\/mag\/architettura\/loft-verticale-westway-architects\/#primaryimage\"},\"thumbnailUrl\":\"https:\/\/socialdesignmagazine.com\/mag\/wp-content\/uploads\/2017\/01\/Loft-verticale-a-Milano-Westway-Architects-13.jpg\",\"keywords\":[\"featured\",\"loft\",\"milano\",\"Westway Architects\"],\"articleSection\":[\"Architettura\"],\"inLanguage\":\"it-IT\",\"potentialAction\":[{\"@type\":\"CommentAction\",\"name\":\"Comment\",\"target\":[\"https:\/\/socialdesignmagazine.com\/mag\/architettura\/loft-verticale-westway-architects\/#respond\"]}]},{\"@type\":\"WebPage\",\"@id\":\"https:\/\/socialdesignmagazine.com\/mag\/architettura\/loft-verticale-westway-architects\/\",\"url\":\"https:\/\/socialdesignmagazine.com\/mag\/architettura\/loft-verticale-westway-architects\/\",\"name\":\"Loft verticale Westway Architects - Social Design Magazine\",\"isPartOf\":{\"@id\":\"https:\/\/socialdesignmagazine.com\/mag\/#website\"},\"primaryImageOfPage\":{\"@id\":\"https:\/\/socialdesignmagazine.com\/mag\/architettura\/loft-verticale-westway-architects\/#primaryimage\"},\"image\":{\"@id\":\"https:\/\/socialdesignmagazine.com\/mag\/architettura\/loft-verticale-westway-architects\/#primaryimage\"},\"thumbnailUrl\":\"https:\/\/socialdesignmagazine.com\/mag\/wp-content\/uploads\/2017\/01\/Loft-verticale-a-Milano-Westway-Architects-13.jpg\",\"datePublished\":\"2017-01-09T08:00:14+00:00\",\"dateModified\":\"2022-06-15T22:42:25+00:00\",\"description\":\"Il loft verticale progettato da Westway Architects dall'esterno ha ancora l'aspetto di casa per ferrovieri, ma \u00e8 all'interno che \u00e8 avvenuta la metamorfosi.\",\"breadcrumb\":{\"@id\":\"https:\/\/socialdesignmagazine.com\/mag\/architettura\/loft-verticale-westway-architects\/#breadcrumb\"},\"inLanguage\":\"it-IT\",\"potentialAction\":[{\"@type\":\"ReadAction\",\"target\":[\"https:\/\/socialdesignmagazine.com\/mag\/architettura\/loft-verticale-westway-architects\/\"]}]},{\"@type\":\"ImageObject\",\"inLanguage\":\"it-IT\",\"@id\":\"https:\/\/socialdesignmagazine.com\/mag\/architettura\/loft-verticale-westway-architects\/#primaryimage\",\"url\":\"https:\/\/socialdesignmagazine.com\/mag\/wp-content\/uploads\/2017\/01\/Loft-verticale-a-Milano-Westway-Architects-13.jpg\",\"contentUrl\":\"https:\/\/socialdesignmagazine.com\/mag\/wp-content\/uploads\/2017\/01\/Loft-verticale-a-Milano-Westway-Architects-13.jpg\",\"width\":1920,\"height\":1280,\"caption\":\"Loft verticale Westway Achitects\"},{\"@type\":\"BreadcrumbList\",\"@id\":\"https:\/\/socialdesignmagazine.com\/mag\/architettura\/loft-verticale-westway-architects\/#breadcrumb\",\"itemListElement\":[{\"@type\":\"ListItem\",\"position\":1,\"name\":\"Home\",\"item\":\"https:\/\/socialdesignmagazine.com\/mag\/\"},{\"@type\":\"ListItem\",\"position\":2,\"name\":\"Architettura\",\"item\":\"https:\/\/socialdesignmagazine.com\/mag\/architettura\/\"},{\"@type\":\"ListItem\",\"position\":3,\"name\":\"Loft verticale Westway Architects\"}]},{\"@type\":\"WebSite\",\"@id\":\"https:\/\/socialdesignmagazine.com\/mag\/#website\",\"url\":\"https:\/\/socialdesignmagazine.com\/mag\/\",\"name\":\"Social Design Magazine\",\"description\":\"Social Magazine su Design, Architettura, Arte, Grafica\",\"publisher\":{\"@id\":\"https:\/\/socialdesignmagazine.com\/mag\/#organization\"},\"potentialAction\":[{\"@type\":\"SearchAction\",\"target\":{\"@type\":\"EntryPoint\",\"urlTemplate\":\"https:\/\/socialdesignmagazine.com\/mag\/?s={search_term_string}\"},\"query-input\":{\"@type\":\"PropertyValueSpecification\",\"valueRequired\":true,\"valueName\":\"search_term_string\"}}],\"inLanguage\":\"it-IT\"},{\"@type\":\"Organization\",\"@id\":\"https:\/\/socialdesignmagazine.com\/mag\/#organization\",\"name\":\"Social Design Magazine\",\"url\":\"https:\/\/socialdesignmagazine.com\/mag\/\",\"logo\":{\"@type\":\"ImageObject\",\"inLanguage\":\"it-IT\",\"@id\":\"https:\/\/socialdesignmagazine.com\/mag\/#\/schema\/logo\/image\/\",\"url\":\"https:\/\/socialdesignmagazine.com\/mag\/wp-content\/uploads\/2017\/01\/logo_favicon_11.png\",\"contentUrl\":\"https:\/\/socialdesignmagazine.com\/mag\/wp-content\/uploads\/2017\/01\/logo_favicon_11.png\",\"width\":1024,\"height\":1024,\"caption\":\"Social Design Magazine\"},\"image\":{\"@id\":\"https:\/\/socialdesignmagazine.com\/mag\/#\/schema\/logo\/image\/\"},\"sameAs\":[\"https:\/\/www.facebook.com\/socialdesignmag\",\"https:\/\/x.com\/socialdesignmag\",\"http:\/\/instagram.com\/social_design_magazine\/\",\"http:\/\/pinterest.com\/socialdesignmag\/\",\"http:\/\/www.youtube.com\/user\/socialdesignmagazine\"]},{\"@type\":\"Person\",\"@id\":\"https:\/\/socialdesignmagazine.com\/mag\/#\/schema\/person\/61e20205cc363c315e6aabd33a045846\",\"name\":\"Benedetto Fiori\",\"image\":{\"@type\":\"ImageObject\",\"inLanguage\":\"it-IT\",\"@id\":\"https:\/\/secure.gravatar.com\/avatar\/450a48cefa36da63d920ad70aa660bd10725b1c6093800242e5efdb397759033?s=96&d=mm&r=g\",\"url\":\"https:\/\/secure.gravatar.com\/avatar\/450a48cefa36da63d920ad70aa660bd10725b1c6093800242e5efdb397759033?s=96&d=mm&r=g\",\"contentUrl\":\"https:\/\/secure.gravatar.com\/avatar\/450a48cefa36da63d920ad70aa660bd10725b1c6093800242e5efdb397759033?s=96&d=mm&r=g\",\"caption\":\"Benedetto Fiori\"},\"description\":\"Web | Twitter | Facebook | Shutterstock Founder &amp; Editor in Chief di Social Design Magazine. Attratto da sempre da tutto ci\u00f2 che \u00e8 creativit\u00e0, design, architettura. Dopo aver studiato Architettura all'Universit\u00e0 di Firenze, si \u00e8 impegnato in molteplici campi: comunicazione grafica, progettazione di allestimenti fieristici, brand design, Interior Design.\",\"sameAs\":[\"http:\/\/benedettofiori.com\",\"https:\/\/www.facebook.com\/benedettofiori\",\"https:\/\/x.com\/benedettofiori\"],\"url\":\"https:\/\/socialdesignmagazine.com\/mag\/author\/benedetto\/\"}]}<\/script>\n<!-- \/ Yoast SEO plugin. -->","yoast_head_json":{"title":"Loft verticale Westway Architects - Social Design Magazine","description":"Il loft verticale progettato da Westway Architects dall'esterno ha ancora l'aspetto di casa per ferrovieri, ma \u00e8 all'interno che \u00e8 avvenuta la metamorfosi.","robots":{"index":"index","follow":"follow","max-snippet":"max-snippet:-1","max-image-preview":"max-image-preview:large","max-video-preview":"max-video-preview:-1"},"canonical":"https:\/\/socialdesignmagazine.com\/mag\/architettura\/loft-verticale-westway-architects\/","og_locale":"it_IT","og_type":"article","og_title":"#Loft verticale Westway Architects","og_description":"Il loft verticale progettato da Westway Architects dall'esterno ha ancora l'aspetto di casa per ferrovieri, ma \u00e8 all'interno che \u00e8 avvenuta la metamorfosi.","og_url":"http:\/\/socialdesignmagazine.com\/mag\/architettura\/loft-verticale-westway-architects\/","og_site_name":"Social Design Magazine","article_publisher":"https:\/\/www.facebook.com\/socialdesignmag","article_author":"https:\/\/www.facebook.com\/benedettofiori","article_published_time":"2017-01-09T08:00:14+00:00","article_modified_time":"2022-06-15T22:42:25+00:00","og_image":[{"width":1920,"height":1280,"url":"https:\/\/socialdesignmagazine.com\/mag\/wp-content\/uploads\/2017\/01\/Loft-verticale-a-Milano-Westway-Architects-13.jpg","type":"image\/jpeg"}],"author":"Benedetto Fiori","twitter_card":"summary_large_image","twitter_title":"#Loft verticale Westway Architects","twitter_description":"Il loft verticale progettato da Westway Architects dall'esterno ha ancora l'aspetto di casa per ferrovieri, ma \u00e8 all'interno che \u00e8 avvenuta la metamorfosi.","twitter_image":"https:\/\/socialdesignmagazine.com\/mag\/wp-content\/uploads\/2017\/01\/Loft-verticale-a-Milano-Westway-Architects-13.jpg","twitter_creator":"@benedettofiori","twitter_site":"@socialdesignmag","twitter_misc":{"Scritto da":"Benedetto Fiori","Tempo di lettura stimato":"7 minuti"},"schema":{"@context":"https:\/\/schema.org","@graph":[{"@type":"Article","@id":"https:\/\/socialdesignmagazine.com\/mag\/architettura\/loft-verticale-westway-architects\/#article","isPartOf":{"@id":"https:\/\/socialdesignmagazine.com\/mag\/architettura\/loft-verticale-westway-architects\/"},"author":{"name":"Benedetto Fiori","@id":"https:\/\/socialdesignmagazine.com\/mag\/#\/schema\/person\/61e20205cc363c315e6aabd33a045846"},"headline":"Loft verticale Westway Architects","datePublished":"2017-01-09T08:00:14+00:00","dateModified":"2022-06-15T22:42:25+00:00","mainEntityOfPage":{"@id":"https:\/\/socialdesignmagazine.com\/mag\/architettura\/loft-verticale-westway-architects\/"},"wordCount":806,"commentCount":0,"publisher":{"@id":"https:\/\/socialdesignmagazine.com\/mag\/#organization"},"image":{"@id":"https:\/\/socialdesignmagazine.com\/mag\/architettura\/loft-verticale-westway-architects\/#primaryimage"},"thumbnailUrl":"https:\/\/socialdesignmagazine.com\/mag\/wp-content\/uploads\/2017\/01\/Loft-verticale-a-Milano-Westway-Architects-13.jpg","keywords":["featured","loft","milano","Westway Architects"],"articleSection":["Architettura"],"inLanguage":"it-IT","potentialAction":[{"@type":"CommentAction","name":"Comment","target":["https:\/\/socialdesignmagazine.com\/mag\/architettura\/loft-verticale-westway-architects\/#respond"]}]},{"@type":"WebPage","@id":"https:\/\/socialdesignmagazine.com\/mag\/architettura\/loft-verticale-westway-architects\/","url":"https:\/\/socialdesignmagazine.com\/mag\/architettura\/loft-verticale-westway-architects\/","name":"Loft verticale Westway Architects - Social Design Magazine","isPartOf":{"@id":"https:\/\/socialdesignmagazine.com\/mag\/#website"},"primaryImageOfPage":{"@id":"https:\/\/socialdesignmagazine.com\/mag\/architettura\/loft-verticale-westway-architects\/#primaryimage"},"image":{"@id":"https:\/\/socialdesignmagazine.com\/mag\/architettura\/loft-verticale-westway-architects\/#primaryimage"},"thumbnailUrl":"https:\/\/socialdesignmagazine.com\/mag\/wp-content\/uploads\/2017\/01\/Loft-verticale-a-Milano-Westway-Architects-13.jpg","datePublished":"2017-01-09T08:00:14+00:00","dateModified":"2022-06-15T22:42:25+00:00","description":"Il loft verticale progettato da Westway Architects dall'esterno ha ancora l'aspetto di casa per ferrovieri, ma \u00e8 all'interno che \u00e8 avvenuta la metamorfosi.","breadcrumb":{"@id":"https:\/\/socialdesignmagazine.com\/mag\/architettura\/loft-verticale-westway-architects\/#breadcrumb"},"inLanguage":"it-IT","potentialAction":[{"@type":"ReadAction","target":["https:\/\/socialdesignmagazine.com\/mag\/architettura\/loft-verticale-westway-architects\/"]}]},{"@type":"ImageObject","inLanguage":"it-IT","@id":"https:\/\/socialdesignmagazine.com\/mag\/architettura\/loft-verticale-westway-architects\/#primaryimage","url":"https:\/\/socialdesignmagazine.com\/mag\/wp-content\/uploads\/2017\/01\/Loft-verticale-a-Milano-Westway-Architects-13.jpg","contentUrl":"https:\/\/socialdesignmagazine.com\/mag\/wp-content\/uploads\/2017\/01\/Loft-verticale-a-Milano-Westway-Architects-13.jpg","width":1920,"height":1280,"caption":"Loft verticale Westway Achitects"},{"@type":"BreadcrumbList","@id":"https:\/\/socialdesignmagazine.com\/mag\/architettura\/loft-verticale-westway-architects\/#breadcrumb","itemListElement":[{"@type":"ListItem","position":1,"name":"Home","item":"https:\/\/socialdesignmagazine.com\/mag\/"},{"@type":"ListItem","position":2,"name":"Architettura","item":"https:\/\/socialdesignmagazine.com\/mag\/architettura\/"},{"@type":"ListItem","position":3,"name":"Loft verticale Westway Architects"}]},{"@type":"WebSite","@id":"https:\/\/socialdesignmagazine.com\/mag\/#website","url":"https:\/\/socialdesignmagazine.com\/mag\/","name":"Social Design Magazine","description":"Social Magazine su Design, Architettura, Arte, Grafica","publisher":{"@id":"https:\/\/socialdesignmagazine.com\/mag\/#organization"},"potentialAction":[{"@type":"SearchAction","target":{"@type":"EntryPoint","urlTemplate":"https:\/\/socialdesignmagazine.com\/mag\/?s={search_term_string}"},"query-input":{"@type":"PropertyValueSpecification","valueRequired":true,"valueName":"search_term_string"}}],"inLanguage":"it-IT"},{"@type":"Organization","@id":"https:\/\/socialdesignmagazine.com\/mag\/#organization","name":"Social Design Magazine","url":"https:\/\/socialdesignmagazine.com\/mag\/","logo":{"@type":"ImageObject","inLanguage":"it-IT","@id":"https:\/\/socialdesignmagazine.com\/mag\/#\/schema\/logo\/image\/","url":"https:\/\/socialdesignmagazine.com\/mag\/wp-content\/uploads\/2017\/01\/logo_favicon_11.png","contentUrl":"https:\/\/socialdesignmagazine.com\/mag\/wp-content\/uploads\/2017\/01\/logo_favicon_11.png","width":1024,"height":1024,"caption":"Social Design Magazine"},"image":{"@id":"https:\/\/socialdesignmagazine.com\/mag\/#\/schema\/logo\/image\/"},"sameAs":["https:\/\/www.facebook.com\/socialdesignmag","https:\/\/x.com\/socialdesignmag","http:\/\/instagram.com\/social_design_magazine\/","http:\/\/pinterest.com\/socialdesignmag\/","http:\/\/www.youtube.com\/user\/socialdesignmagazine"]},{"@type":"Person","@id":"https:\/\/socialdesignmagazine.com\/mag\/#\/schema\/person\/61e20205cc363c315e6aabd33a045846","name":"Benedetto Fiori","image":{"@type":"ImageObject","inLanguage":"it-IT","@id":"https:\/\/secure.gravatar.com\/avatar\/450a48cefa36da63d920ad70aa660bd10725b1c6093800242e5efdb397759033?s=96&d=mm&r=g","url":"https:\/\/secure.gravatar.com\/avatar\/450a48cefa36da63d920ad70aa660bd10725b1c6093800242e5efdb397759033?s=96&d=mm&r=g","contentUrl":"https:\/\/secure.gravatar.com\/avatar\/450a48cefa36da63d920ad70aa660bd10725b1c6093800242e5efdb397759033?s=96&d=mm&r=g","caption":"Benedetto Fiori"},"description":"Web | Twitter | Facebook | Shutterstock Founder &amp; Editor in Chief di Social Design Magazine. Attratto da sempre da tutto ci\u00f2 che \u00e8 creativit\u00e0, design, architettura. Dopo aver studiato Architettura all'Universit\u00e0 di Firenze, si \u00e8 impegnato in molteplici campi: comunicazione grafica, progettazione di allestimenti fieristici, brand design, Interior Design.","sameAs":["http:\/\/benedettofiori.com","https:\/\/www.facebook.com\/benedettofiori","https:\/\/x.com\/benedettofiori"],"url":"https:\/\/socialdesignmagazine.com\/mag\/author\/benedetto\/"}]}},"jetpack_featured_media_url":"https:\/\/socialdesignmagazine.com\/mag\/wp-content\/uploads\/2017\/01\/Loft-verticale-a-Milano-Westway-Architects-13.jpg","jetpack_sharing_enabled":true,"jetpack_shortlink":"https:\/\/wp.me\/p6cV7V-7Ps","gt_translate_keys":[{"key":"link","format":"url"}],"_links":{"self":[{"href":"https:\/\/socialdesignmagazine.com\/mag\/wp-json\/wp\/v2\/posts\/30098","targetHints":{"allow":["GET"]}}],"collection":[{"href":"https:\/\/socialdesignmagazine.com\/mag\/wp-json\/wp\/v2\/posts"}],"about":[{"href":"https:\/\/socialdesignmagazine.com\/mag\/wp-json\/wp\/v2\/types\/post"}],"author":[{"embeddable":true,"href":"https:\/\/socialdesignmagazine.com\/mag\/wp-json\/wp\/v2\/users\/1"}],"replies":[{"embeddable":true,"href":"https:\/\/socialdesignmagazine.com\/mag\/wp-json\/wp\/v2\/comments?post=30098"}],"version-history":[{"count":13,"href":"https:\/\/socialdesignmagazine.com\/mag\/wp-json\/wp\/v2\/posts\/30098\/revisions"}],"predecessor-version":[{"id":46008,"href":"https:\/\/socialdesignmagazine.com\/mag\/wp-json\/wp\/v2\/posts\/30098\/revisions\/46008"}],"wp:featuredmedia":[{"embeddable":true,"href":"https:\/\/socialdesignmagazine.com\/mag\/wp-json\/wp\/v2\/media\/30117"}],"wp:attachment":[{"href":"https:\/\/socialdesignmagazine.com\/mag\/wp-json\/wp\/v2\/media?parent=30098"}],"wp:term":[{"taxonomy":"category","embeddable":true,"href":"https:\/\/socialdesignmagazine.com\/mag\/wp-json\/wp\/v2\/categories?post=30098"},{"taxonomy":"post_tag","embeddable":true,"href":"https:\/\/socialdesignmagazine.com\/mag\/wp-json\/wp\/v2\/tags?post=30098"}],"curies":[{"name":"wp","href":"https:\/\/api.w.org\/{rel}","templated":true}]}}