{"id":3032,"date":"2014-04-24T14:00:00","date_gmt":"2014-04-24T12:00:00","guid":{"rendered":"https:\/\/socialdesignmagazine.com\/mag\/s6-design\/c35-design\/le-proposte-di-stile-e-design-pierantonio-bonacina-gruppo-matteograssi\/"},"modified":"2025-03-21T14:00:17","modified_gmt":"2025-03-21T13:00:17","slug":"le-proposte-di-stile-e-design-pierantonio-bonacina-gruppo-matteograssi","status":"publish","type":"post","link":"https:\/\/socialdesignmagazine.com\/mag\/design\/le-proposte-di-stile-e-design-pierantonio-bonacina-gruppo-matteograssi\/","title":{"rendered":"Le proposte di stile e design Pierantonio Bonacina, Gruppo matteograssi","gt_translate_keys":[{"key":"rendered","format":"text"}]},"content":{"rendered":"\n<h2 class=\"wp-block-heading\">Potete accomodarvi su un <strong>divano<\/strong>, una <strong>poltrona<\/strong> oppure su una sedia e <strong>trascorrere il vostro tempo come meglio credete<\/strong>. Magari leggendo un libro, guardando la tv, navigando con il tablet, purch\u00e9 lo facciate su una seduta davvero confortevole, altrimenti potete dire addio al relax.<\/h2>\n\n\n\n<p>Scegliere una seduta da cui possiate trarre beneficio \u00e8 un compito spesso arduo, visto le innumerevoli proposte.<strong> Pierantonio Bonacina<\/strong>, un\u2019<strong>azienda moderna<\/strong> con radici storiche nel settore dell\u2019arredamento che<strong> produce elementi di design per arredamento indoor e outdoor<\/strong>, vi potr\u00e0 dare qualche suggerimento per arredare i vostri spazi con prodotti comodi e di gusto.<\/p>\n\n\n\n<p>Vi piace lo stile classico, senza tempo, che non passa mai di moda? Per voi, la <strong>poltrona Continuum<\/strong> \u00e8 perfetta. Disegnata dal grande Gi\u00f2 Ponti nel 1963, \u00e8 <strong>adatta sia per l\u2019interno che per l\u2019esterno coperto<\/strong>. La struttura \u00e8 in rattan con legature in cuoio che la impreziosiscono nei punti strategici. Sopra vi \u00e8 appoggiato un comodo cuscino in tessuto sfoderabile. Le<strong> linee sinuose<\/strong> della Continuum hanno il fascino dei grandi classici, apprezzate da generazioni di designers e intenditori.<\/p>\n\n\n\n<p>Vi piacerebbe vivere in un <strong>ambiente incantevole<\/strong>, magari in una casa da favola? Potete cominciare dalla<strong> famosissima Egg<\/strong>, un <strong>elemento di design che ha ispirato gli architetti di tutto il mondo<\/strong>. La poltrona pensile nasce da un disegno di Nanna Ditzel del 1963. Dalla sua messa in produzione, ha riscontrato un enorme successo. E&#8217; <strong>disponibile in midollino o in materiale da esterni<\/strong>, appesa a uno stand oppure agganciata a una catena. Egg \u00e8 una poltrona fuori dal comune, con proporzioni piacevoli dal sapore fiabesco.<\/p>\n\n\n\n<p>Siete modaioli, <strong>stilosi con grinta da vendere<\/strong>? Il<strong> divano Muffin<\/strong> fa davvero per voi. E\u2019 stato disegnato dal noto designer Piero Lissoni, ha una <strong>struttura lineare in legno massello<\/strong> completamente avvolta da una cuscinatura soffice. Un \u201cmust have\u201d per chi vuole fare tendenza.<\/p>\n\n\n\n<p>Desiderate una <strong>vita a colori<\/strong>? Niente di meglio delle <strong>sedie Miss B<\/strong>, per cominciare le vostre giornate in allegria. Sono state disegnate nel 1997 da Tito Agnoli. La Miss B \u00e8 <strong>sbarazzina e affascinante<\/strong>, potete sceglierla <strong>in tanti colori diversi<\/strong> per dare un tocco di brio alla vostra casa. Vi sembrer\u00e0 di possedere un arcobaleno privato.<\/p>\n\n\n\n<p>Se invece siete persone dai gusti semplici e lineari Pierantonio Bonacina consiglia la<strong> seduta Astoria HB<\/strong>. Nasce da un\u2019idea di Franco Bizzozzero del 1999. Ha una <strong>struttura leggera in legno massello di noce<\/strong>, rovere o Iroko con stringatura in cordoncino di cuoio o in materiale outdoor. Sono la <strong>comodit\u00e0 fatta poltrona<\/strong> e vantano un grande pregio: durano davvero una vita.<\/p>\n\n\n\n<p>Siete un amante del bello? Pensate di avere uno spiccato senso estetico? In questo caso non lasciatevi sfuggire il<strong> divano Stave<\/strong>, di Piero Lissoni.&nbsp; La <strong>struttura lineare in legno massello di Iroko<\/strong> \u00e8 coperta con tanti morbidi cuscini amovibili, <strong>disponibili sia in tessuto indoor che outdoor<\/strong>. Un divano bello e possibile.<\/p>\n\n\n<div class=\"wp-block-image\">\n<figure class=\"aligncenter\"><img loading=\"lazy\" decoding=\"async\" width=\"720\" height=\"960\" data-attachment-id=\"17885\" data-permalink=\"https:\/\/socialdesignmagazine.com\/mag\/design\/le-proposte-di-stile-e-design-pierantonio-bonacina-gruppo-matteograssi\/attachment\/pb-0001\/#content\" data-orig-file=\"https:\/\/socialdesignmagazine.com\/mag\/wp-content\/uploads\/2014\/04\/users_socialdesignmagazine_pierantonio_bonacina_PB-0001.jpg\" data-orig-size=\"720,960\" data-comments-opened=\"1\" data-image-meta=\"{&quot;aperture&quot;:&quot;0&quot;,&quot;credit&quot;:&quot;&quot;,&quot;camera&quot;:&quot;&quot;,&quot;caption&quot;:&quot;&quot;,&quot;created_timestamp&quot;:&quot;0&quot;,&quot;copyright&quot;:&quot;&quot;,&quot;focal_length&quot;:&quot;0&quot;,&quot;iso&quot;:&quot;0&quot;,&quot;shutter_speed&quot;:&quot;0&quot;,&quot;title&quot;:&quot;&quot;,&quot;orientation&quot;:&quot;0&quot;}\" data-image-title=\"PB-0001\" data-image-description=\"\" data-image-caption=\"\" data-medium-file=\"https:\/\/socialdesignmagazine.com\/mag\/wp-content\/uploads\/2014\/04\/users_socialdesignmagazine_pierantonio_bonacina_PB-0001-396x256.jpg\" data-large-file=\"https:\/\/socialdesignmagazine.com\/mag\/wp-content\/uploads\/2014\/04\/users_socialdesignmagazine_pierantonio_bonacina_PB-0001.jpg\" src=\"https:\/\/socialdesignmagazine.com\/mag\/wp-content\/uploads\/2014\/04\/users_socialdesignmagazine_pierantonio_bonacina_PB-0001.jpg\" alt=\"PB-0001\" class=\"wp-image-17885\"\/><\/figure>\n<\/div>\n\n<div class=\"wp-block-image\">\n<figure class=\"aligncenter\"><img loading=\"lazy\" decoding=\"async\" width=\"720\" height=\"487\" data-attachment-id=\"17886\" data-permalink=\"https:\/\/socialdesignmagazine.com\/mag\/design\/le-proposte-di-stile-e-design-pierantonio-bonacina-gruppo-matteograssi\/attachment\/pb-0003\/#content\" data-orig-file=\"https:\/\/socialdesignmagazine.com\/mag\/wp-content\/uploads\/2014\/04\/users_socialdesignmagazine_pierantonio_bonacina_PB-0003.jpg\" data-orig-size=\"720,487\" data-comments-opened=\"1\" data-image-meta=\"{&quot;aperture&quot;:&quot;0&quot;,&quot;credit&quot;:&quot;Beppe Raso&quot;,&quot;camera&quot;:&quot;Aptus 75&quot;,&quot;caption&quot;:&quot;Prodotti Matteograssi&quot;,&quot;created_timestamp&quot;:&quot;-62169984000&quot;,&quot;copyright&quot;:&quot;Diritti di utilizzo riservati per Matteograssi spa , ogni altro utilizzo deve essere autorizzato da Beppe Raso Fotografo \\u00a9Beppe&quot;,&quot;focal_length&quot;:&quot;0&quot;,&quot;iso&quot;:&quot;50&quot;,&quot;shutter_speed&quot;:&quot;0.5&quot;,&quot;title&quot;:&quot;Prodotti Matteograssi&quot;,&quot;orientation&quot;:&quot;1&quot;}\" data-image-title=\"PB-0003\" data-image-description=\"\" data-image-caption=\"\" data-medium-file=\"https:\/\/socialdesignmagazine.com\/mag\/wp-content\/uploads\/2014\/04\/users_socialdesignmagazine_pierantonio_bonacina_PB-0003-396x256.jpg\" data-large-file=\"https:\/\/socialdesignmagazine.com\/mag\/wp-content\/uploads\/2014\/04\/users_socialdesignmagazine_pierantonio_bonacina_PB-0003.jpg\" src=\"https:\/\/socialdesignmagazine.com\/mag\/wp-content\/uploads\/2014\/04\/users_socialdesignmagazine_pierantonio_bonacina_PB-0003.jpg\" alt=\"PB-0003\" class=\"wp-image-17886\"\/><\/figure>\n<\/div>\n\n<div class=\"wp-block-image\">\n<figure class=\"aligncenter\"><img loading=\"lazy\" decoding=\"async\" width=\"720\" height=\"1434\" data-attachment-id=\"17887\" data-permalink=\"https:\/\/socialdesignmagazine.com\/mag\/design\/le-proposte-di-stile-e-design-pierantonio-bonacina-gruppo-matteograssi\/attachment\/pb-0004\/#content\" data-orig-file=\"https:\/\/socialdesignmagazine.com\/mag\/wp-content\/uploads\/2014\/04\/users_socialdesignmagazine_pierantonio_bonacina_PB-0004.jpg\" data-orig-size=\"720,1434\" data-comments-opened=\"1\" data-image-meta=\"{&quot;aperture&quot;:&quot;0&quot;,&quot;credit&quot;:&quot;&quot;,&quot;camera&quot;:&quot;&quot;,&quot;caption&quot;:&quot;&quot;,&quot;created_timestamp&quot;:&quot;0&quot;,&quot;copyright&quot;:&quot;&quot;,&quot;focal_length&quot;:&quot;0&quot;,&quot;iso&quot;:&quot;0&quot;,&quot;shutter_speed&quot;:&quot;0&quot;,&quot;title&quot;:&quot;&quot;,&quot;orientation&quot;:&quot;0&quot;}\" data-image-title=\"PB-0004\" data-image-description=\"\" data-image-caption=\"\" data-medium-file=\"https:\/\/socialdesignmagazine.com\/mag\/wp-content\/uploads\/2014\/04\/users_socialdesignmagazine_pierantonio_bonacina_PB-0004-396x256.jpg\" data-large-file=\"https:\/\/socialdesignmagazine.com\/mag\/wp-content\/uploads\/2014\/04\/users_socialdesignmagazine_pierantonio_bonacina_PB-0004.jpg\" src=\"https:\/\/socialdesignmagazine.com\/mag\/wp-content\/uploads\/2014\/04\/users_socialdesignmagazine_pierantonio_bonacina_PB-0004.jpg\" alt=\"PB-0004\" class=\"wp-image-17887\"\/><\/figure>\n<\/div>\n\n<div class=\"wp-block-image\">\n<figure class=\"aligncenter\"><img loading=\"lazy\" decoding=\"async\" width=\"720\" height=\"959\" data-attachment-id=\"17888\" data-permalink=\"https:\/\/socialdesignmagazine.com\/mag\/design\/le-proposte-di-stile-e-design-pierantonio-bonacina-gruppo-matteograssi\/attachment\/pb-0005\/#content\" data-orig-file=\"https:\/\/socialdesignmagazine.com\/mag\/wp-content\/uploads\/2014\/04\/users_socialdesignmagazine_pierantonio_bonacina_PB-0005.jpg\" data-orig-size=\"720,959\" data-comments-opened=\"1\" data-image-meta=\"{&quot;aperture&quot;:&quot;0&quot;,&quot;credit&quot;:&quot;&quot;,&quot;camera&quot;:&quot;&quot;,&quot;caption&quot;:&quot;&quot;,&quot;created_timestamp&quot;:&quot;0&quot;,&quot;copyright&quot;:&quot;&quot;,&quot;focal_length&quot;:&quot;0&quot;,&quot;iso&quot;:&quot;0&quot;,&quot;shutter_speed&quot;:&quot;0&quot;,&quot;title&quot;:&quot;&quot;,&quot;orientation&quot;:&quot;0&quot;}\" data-image-title=\"PB-0005\" data-image-description=\"\" data-image-caption=\"\" data-medium-file=\"https:\/\/socialdesignmagazine.com\/mag\/wp-content\/uploads\/2014\/04\/users_socialdesignmagazine_pierantonio_bonacina_PB-0005-396x256.jpg\" data-large-file=\"https:\/\/socialdesignmagazine.com\/mag\/wp-content\/uploads\/2014\/04\/users_socialdesignmagazine_pierantonio_bonacina_PB-0005.jpg\" src=\"https:\/\/socialdesignmagazine.com\/mag\/wp-content\/uploads\/2014\/04\/users_socialdesignmagazine_pierantonio_bonacina_PB-0005.jpg\" alt=\"PB-0005\" class=\"wp-image-17888\"\/><\/figure>\n<\/div>\n\n<div class=\"wp-block-image\">\n<figure class=\"aligncenter\"><img loading=\"lazy\" decoding=\"async\" width=\"720\" height=\"591\" data-attachment-id=\"17889\" data-permalink=\"https:\/\/socialdesignmagazine.com\/mag\/design\/le-proposte-di-stile-e-design-pierantonio-bonacina-gruppo-matteograssi\/attachment\/pb-0006\/#content\" data-orig-file=\"https:\/\/socialdesignmagazine.com\/mag\/wp-content\/uploads\/2014\/04\/users_socialdesignmagazine_pierantonio_bonacina_PB-0006.jpg\" data-orig-size=\"720,591\" data-comments-opened=\"1\" data-image-meta=\"{&quot;aperture&quot;:&quot;0&quot;,&quot;credit&quot;:&quot;&quot;,&quot;camera&quot;:&quot;&quot;,&quot;caption&quot;:&quot;&quot;,&quot;created_timestamp&quot;:&quot;0&quot;,&quot;copyright&quot;:&quot;&quot;,&quot;focal_length&quot;:&quot;0&quot;,&quot;iso&quot;:&quot;0&quot;,&quot;shutter_speed&quot;:&quot;0&quot;,&quot;title&quot;:&quot;&quot;,&quot;orientation&quot;:&quot;0&quot;}\" data-image-title=\"PB-0006\" data-image-description=\"\" data-image-caption=\"\" data-medium-file=\"https:\/\/socialdesignmagazine.com\/mag\/wp-content\/uploads\/2014\/04\/users_socialdesignmagazine_pierantonio_bonacina_PB-0006-396x256.jpg\" data-large-file=\"https:\/\/socialdesignmagazine.com\/mag\/wp-content\/uploads\/2014\/04\/users_socialdesignmagazine_pierantonio_bonacina_PB-0006.jpg\" src=\"https:\/\/socialdesignmagazine.com\/mag\/wp-content\/uploads\/2014\/04\/users_socialdesignmagazine_pierantonio_bonacina_PB-0006.jpg\" alt=\"PB-0006\" class=\"wp-image-17889\"\/><\/figure>\n<\/div>\n\n<div class=\"wp-block-image\">\n<figure class=\"aligncenter\"><img loading=\"lazy\" decoding=\"async\" width=\"720\" height=\"726\" data-attachment-id=\"17890\" data-permalink=\"https:\/\/socialdesignmagazine.com\/mag\/design\/le-proposte-di-stile-e-design-pierantonio-bonacina-gruppo-matteograssi\/attachment\/pb-0007\/#content\" data-orig-file=\"https:\/\/socialdesignmagazine.com\/mag\/wp-content\/uploads\/2014\/04\/users_socialdesignmagazine_pierantonio_bonacina_PB-0007.jpg\" data-orig-size=\"720,726\" data-comments-opened=\"1\" data-image-meta=\"{&quot;aperture&quot;:&quot;0&quot;,&quot;credit&quot;:&quot;&quot;,&quot;camera&quot;:&quot;&quot;,&quot;caption&quot;:&quot;&quot;,&quot;created_timestamp&quot;:&quot;0&quot;,&quot;copyright&quot;:&quot;&quot;,&quot;focal_length&quot;:&quot;0&quot;,&quot;iso&quot;:&quot;0&quot;,&quot;shutter_speed&quot;:&quot;0&quot;,&quot;title&quot;:&quot;&quot;,&quot;orientation&quot;:&quot;0&quot;}\" data-image-title=\"PB-0007\" data-image-description=\"\" data-image-caption=\"\" data-medium-file=\"https:\/\/socialdesignmagazine.com\/mag\/wp-content\/uploads\/2014\/04\/users_socialdesignmagazine_pierantonio_bonacina_PB-0007-396x256.jpg\" data-large-file=\"https:\/\/socialdesignmagazine.com\/mag\/wp-content\/uploads\/2014\/04\/users_socialdesignmagazine_pierantonio_bonacina_PB-0007.jpg\" src=\"https:\/\/socialdesignmagazine.com\/mag\/wp-content\/uploads\/2014\/04\/users_socialdesignmagazine_pierantonio_bonacina_PB-0007.jpg\" alt=\"PB-0007\" class=\"wp-image-17890\" srcset=\"https:\/\/socialdesignmagazine.com\/mag\/wp-content\/uploads\/2014\/04\/users_socialdesignmagazine_pierantonio_bonacina_PB-0007.jpg 720w, https:\/\/socialdesignmagazine.com\/mag\/wp-content\/uploads\/2014\/04\/users_socialdesignmagazine_pierantonio_bonacina_PB-0007-65x65.jpg 65w\" sizes=\"auto, (max-width: 720px) 100vw, 720px\" \/><\/figure>\n<\/div>\n\n<div class=\"wp-block-image\">\n<figure class=\"aligncenter\"><img loading=\"lazy\" decoding=\"async\" width=\"720\" height=\"539\" data-attachment-id=\"17891\" data-permalink=\"https:\/\/socialdesignmagazine.com\/mag\/design\/le-proposte-di-stile-e-design-pierantonio-bonacina-gruppo-matteograssi\/attachment\/pb-0008\/#content\" data-orig-file=\"https:\/\/socialdesignmagazine.com\/mag\/wp-content\/uploads\/2014\/04\/users_socialdesignmagazine_pierantonio_bonacina_PB-0008.jpg\" data-orig-size=\"720,539\" data-comments-opened=\"1\" data-image-meta=\"{&quot;aperture&quot;:&quot;0&quot;,&quot;credit&quot;:&quot;Beppe Raso&quot;,&quot;camera&quot;:&quot;Leaf Aptus 75(LF10082    )\/Large Format&quot;,&quot;caption&quot;:&quot;Prodotti Matteograssi&quot;,&quot;created_timestamp&quot;:&quot;-62167219200&quot;,&quot;copyright&quot;:&quot;Diritti di utilizzo riservati per Matteograssi spa , ogni altro utilizzo deve essere autorizzato da Beppe Raso Fotografo \\u00a9Beppe&quot;,&quot;focal_length&quot;:&quot;0&quot;,&quot;iso&quot;:&quot;50&quot;,&quot;shutter_speed&quot;:&quot;0.6&quot;,&quot;title&quot;:&quot;Prodotti Matteograssi&quot;,&quot;orientation&quot;:&quot;1&quot;}\" data-image-title=\"PB-0008\" data-image-description=\"\" data-image-caption=\"\" data-medium-file=\"https:\/\/socialdesignmagazine.com\/mag\/wp-content\/uploads\/2014\/04\/users_socialdesignmagazine_pierantonio_bonacina_PB-0008-396x256.jpg\" data-large-file=\"https:\/\/socialdesignmagazine.com\/mag\/wp-content\/uploads\/2014\/04\/users_socialdesignmagazine_pierantonio_bonacina_PB-0008.jpg\" src=\"https:\/\/socialdesignmagazine.com\/mag\/wp-content\/uploads\/2014\/04\/users_socialdesignmagazine_pierantonio_bonacina_PB-0008.jpg\" alt=\"PB-0008\" class=\"wp-image-17891\"\/><\/figure>\n<\/div>\n\n\n<p>Per maggiori informazioni potete visitare il sito: <a class=\"jcepopup\" href=\"http:\/\/www.pierantoniobonacina.it\" target=\"_blank\" rel=\"nofollow noopener\">www.pierantoniobonacina.it<\/a><\/p>\n","protected":false,"gt_translate_keys":[{"key":"rendered","format":"html"}]},"excerpt":{"rendered":"<p>Potete accomodarvi su un divano, una poltrona oppure su una sedia e trascorrere il vostro tempo come meglio credete. Magari leggendo un libro, guardando la tv, navigando con il tablet, purch\u00e9 lo facciate su una seduta davvero confortevole, altrimenti potete dire addio al relax.<\/p>\n","protected":false,"gt_translate_keys":[{"key":"rendered","format":"html"}]},"author":29,"featured_media":17884,"comment_status":"open","ping_status":"open","sticky":false,"template":"","format":"standard","meta":{"jetpack_post_was_ever_published":false,"_jetpack_newsletter_access":"","_jetpack_dont_email_post_to_subs":false,"_jetpack_newsletter_tier_id":0,"_jetpack_memberships_contains_paywalled_content":false,"_jetpack_memberships_contains_paid_content":false,"footnotes":"","_wpscppro_dont_share_socialmedia":false,"_wpscppro_custom_social_share_image":0,"_facebook_share_type":"","_twitter_share_type":"","_linkedin_share_type":"","_pinterest_share_type":"","_linkedin_share_type_page":"","_instagram_share_type":"","_medium_share_type":"","_threads_share_type":"","_google_business_share_type":"","_selected_social_profile":[],"_wpsp_enable_custom_social_template":false,"_wpsp_social_scheduling":{"enabled":false,"datetime":null,"platforms":[],"status":"template_only","dateOption":"today","timeOption":"now","customDays":"","customHours":"","customDate":"","customTime":"","schedulingType":"absolute"},"_wpsp_active_default_template":true},"categories":[13],"tags":[37,3826,1062,118,1133],"class_list":["post-3032","post","type-post","status-publish","format-standard","has-post-thumbnail","hentry","category-design","tag-divano","tag-pierantonio-bonacina","tag-poltrona","tag-sedia","tag-seduta"],"yoast_head":"<!-- This site is optimized with the Yoast SEO plugin v27.2 - https:\/\/yoast.com\/product\/yoast-seo-wordpress\/ -->\n<title>Le proposte di stile e design Pierantonio Bonacina, Gruppo matteograssi - Social Design Magazine<\/title>\n<meta name=\"description\" content=\"Potete accomodarvi su un divano, una poltrona oppure su una sedia e trascorrere il vostro tempo come meglio credete.\" \/>\n<meta name=\"robots\" content=\"index, follow, max-snippet:-1, max-image-preview:large, max-video-preview:-1\" \/>\n<link rel=\"canonical\" href=\"https:\/\/socialdesignmagazine.com\/mag\/design\/le-proposte-di-stile-e-design-pierantonio-bonacina-gruppo-matteograssi\/\" \/>\n<meta property=\"og:locale\" content=\"it_IT\" \/>\n<meta property=\"og:type\" content=\"article\" \/>\n<meta property=\"og:title\" content=\"Le proposte di stile e design Pierantonio Bonacina, Gruppo matteograssi - Social Design Magazine\" \/>\n<meta property=\"og:description\" content=\"Potete accomodarvi su un divano, una poltrona oppure su una sedia e trascorrere il vostro tempo come meglio credete.\" \/>\n<meta property=\"og:url\" content=\"https:\/\/socialdesignmagazine.com\/mag\/design\/le-proposte-di-stile-e-design-pierantonio-bonacina-gruppo-matteograssi\/\" \/>\n<meta property=\"og:site_name\" content=\"Social Design Magazine\" \/>\n<meta property=\"article:publisher\" content=\"https:\/\/www.facebook.com\/socialdesignmag\" \/>\n<meta property=\"article:published_time\" content=\"2014-04-24T12:00:00+00:00\" \/>\n<meta property=\"article:modified_time\" content=\"2025-03-21T13:00:17+00:00\" \/>\n<meta property=\"og:image\" content=\"https:\/\/socialdesignmagazine.com\/mag\/wp-content\/uploads\/2014\/04\/users_socialdesignmagazine_pierantonio_bonacina_PB-0002.jpg\" \/>\n\t<meta property=\"og:image:width\" content=\"720\" \/>\n\t<meta property=\"og:image:height\" content=\"710\" \/>\n\t<meta property=\"og:image:type\" content=\"image\/jpeg\" \/>\n<meta name=\"author\" content=\"Social Design Magazine\" \/>\n<meta name=\"twitter:card\" content=\"summary_large_image\" \/>\n<meta name=\"twitter:creator\" content=\"@socialdesignmag\" \/>\n<meta name=\"twitter:site\" content=\"@socialdesignmag\" \/>\n<meta name=\"twitter:label1\" content=\"Scritto da\" \/>\n\t<meta name=\"twitter:data1\" content=\"Social Design Magazine\" \/>\n\t<meta name=\"twitter:label2\" content=\"Tempo di lettura stimato\" \/>\n\t<meta name=\"twitter:data2\" content=\"5 minuti\" \/>\n<script type=\"application\/ld+json\" class=\"yoast-schema-graph\">{\"@context\":\"https:\/\/schema.org\",\"@graph\":[{\"@type\":\"Article\",\"@id\":\"https:\/\/socialdesignmagazine.com\/mag\/design\/le-proposte-di-stile-e-design-pierantonio-bonacina-gruppo-matteograssi\/#article\",\"isPartOf\":{\"@id\":\"https:\/\/socialdesignmagazine.com\/mag\/design\/le-proposte-di-stile-e-design-pierantonio-bonacina-gruppo-matteograssi\/\"},\"author\":{\"name\":\"Social Design Magazine\",\"@id\":\"https:\/\/socialdesignmagazine.com\/mag\/#\/schema\/person\/a6504ba2c0a67a08787f38c0aac3f3dc\"},\"headline\":\"Le proposte di stile e design Pierantonio Bonacina, Gruppo matteograssi\",\"datePublished\":\"2014-04-24T12:00:00+00:00\",\"dateModified\":\"2025-03-21T13:00:17+00:00\",\"mainEntityOfPage\":{\"@id\":\"https:\/\/socialdesignmagazine.com\/mag\/design\/le-proposte-di-stile-e-design-pierantonio-bonacina-gruppo-matteograssi\/\"},\"wordCount\":484,\"commentCount\":0,\"publisher\":{\"@id\":\"https:\/\/socialdesignmagazine.com\/mag\/#organization\"},\"image\":{\"@id\":\"https:\/\/socialdesignmagazine.com\/mag\/design\/le-proposte-di-stile-e-design-pierantonio-bonacina-gruppo-matteograssi\/#primaryimage\"},\"thumbnailUrl\":\"https:\/\/socialdesignmagazine.com\/mag\/wp-content\/uploads\/2014\/04\/users_socialdesignmagazine_pierantonio_bonacina_PB-0002.jpg\",\"keywords\":[\"divano\",\"pierantonio bonacina\",\"poltrona\",\"sedia\",\"seduta\"],\"articleSection\":[\"Design\"],\"inLanguage\":\"it-IT\",\"potentialAction\":[{\"@type\":\"CommentAction\",\"name\":\"Comment\",\"target\":[\"https:\/\/socialdesignmagazine.com\/mag\/design\/le-proposte-di-stile-e-design-pierantonio-bonacina-gruppo-matteograssi\/#respond\"]}]},{\"@type\":\"WebPage\",\"@id\":\"https:\/\/socialdesignmagazine.com\/mag\/design\/le-proposte-di-stile-e-design-pierantonio-bonacina-gruppo-matteograssi\/\",\"url\":\"https:\/\/socialdesignmagazine.com\/mag\/design\/le-proposte-di-stile-e-design-pierantonio-bonacina-gruppo-matteograssi\/\",\"name\":\"Le proposte di stile e design Pierantonio Bonacina, Gruppo matteograssi - Social Design Magazine\",\"isPartOf\":{\"@id\":\"https:\/\/socialdesignmagazine.com\/mag\/#website\"},\"primaryImageOfPage\":{\"@id\":\"https:\/\/socialdesignmagazine.com\/mag\/design\/le-proposte-di-stile-e-design-pierantonio-bonacina-gruppo-matteograssi\/#primaryimage\"},\"image\":{\"@id\":\"https:\/\/socialdesignmagazine.com\/mag\/design\/le-proposte-di-stile-e-design-pierantonio-bonacina-gruppo-matteograssi\/#primaryimage\"},\"thumbnailUrl\":\"https:\/\/socialdesignmagazine.com\/mag\/wp-content\/uploads\/2014\/04\/users_socialdesignmagazine_pierantonio_bonacina_PB-0002.jpg\",\"datePublished\":\"2014-04-24T12:00:00+00:00\",\"dateModified\":\"2025-03-21T13:00:17+00:00\",\"description\":\"Potete accomodarvi su un divano, una poltrona oppure su una sedia e trascorrere il vostro tempo come meglio credete.\",\"breadcrumb\":{\"@id\":\"https:\/\/socialdesignmagazine.com\/mag\/design\/le-proposte-di-stile-e-design-pierantonio-bonacina-gruppo-matteograssi\/#breadcrumb\"},\"inLanguage\":\"it-IT\",\"potentialAction\":[{\"@type\":\"ReadAction\",\"target\":[\"https:\/\/socialdesignmagazine.com\/mag\/design\/le-proposte-di-stile-e-design-pierantonio-bonacina-gruppo-matteograssi\/\"]}]},{\"@type\":\"ImageObject\",\"inLanguage\":\"it-IT\",\"@id\":\"https:\/\/socialdesignmagazine.com\/mag\/design\/le-proposte-di-stile-e-design-pierantonio-bonacina-gruppo-matteograssi\/#primaryimage\",\"url\":\"https:\/\/socialdesignmagazine.com\/mag\/wp-content\/uploads\/2014\/04\/users_socialdesignmagazine_pierantonio_bonacina_PB-0002.jpg\",\"contentUrl\":\"https:\/\/socialdesignmagazine.com\/mag\/wp-content\/uploads\/2014\/04\/users_socialdesignmagazine_pierantonio_bonacina_PB-0002.jpg\",\"width\":720,\"height\":710,\"caption\":\"PB-0002\"},{\"@type\":\"BreadcrumbList\",\"@id\":\"https:\/\/socialdesignmagazine.com\/mag\/design\/le-proposte-di-stile-e-design-pierantonio-bonacina-gruppo-matteograssi\/#breadcrumb\",\"itemListElement\":[{\"@type\":\"ListItem\",\"position\":1,\"name\":\"Home\",\"item\":\"https:\/\/socialdesignmagazine.com\/mag\/\"},{\"@type\":\"ListItem\",\"position\":2,\"name\":\"Design\",\"item\":\"https:\/\/socialdesignmagazine.com\/mag\/design\/\"},{\"@type\":\"ListItem\",\"position\":3,\"name\":\"Le proposte di stile e design Pierantonio Bonacina, Gruppo matteograssi\"}]},{\"@type\":\"WebSite\",\"@id\":\"https:\/\/socialdesignmagazine.com\/mag\/#website\",\"url\":\"https:\/\/socialdesignmagazine.com\/mag\/\",\"name\":\"Social Design Magazine\",\"description\":\"Social Magazine su Design, Architettura, Arte, Grafica\",\"publisher\":{\"@id\":\"https:\/\/socialdesignmagazine.com\/mag\/#organization\"},\"potentialAction\":[{\"@type\":\"SearchAction\",\"target\":{\"@type\":\"EntryPoint\",\"urlTemplate\":\"https:\/\/socialdesignmagazine.com\/mag\/?s={search_term_string}\"},\"query-input\":{\"@type\":\"PropertyValueSpecification\",\"valueRequired\":true,\"valueName\":\"search_term_string\"}}],\"inLanguage\":\"it-IT\"},{\"@type\":\"Organization\",\"@id\":\"https:\/\/socialdesignmagazine.com\/mag\/#organization\",\"name\":\"Social Design Magazine\",\"url\":\"https:\/\/socialdesignmagazine.com\/mag\/\",\"logo\":{\"@type\":\"ImageObject\",\"inLanguage\":\"it-IT\",\"@id\":\"https:\/\/socialdesignmagazine.com\/mag\/#\/schema\/logo\/image\/\",\"url\":\"https:\/\/socialdesignmagazine.com\/mag\/wp-content\/uploads\/2017\/01\/logo_favicon_11.png\",\"contentUrl\":\"https:\/\/socialdesignmagazine.com\/mag\/wp-content\/uploads\/2017\/01\/logo_favicon_11.png\",\"width\":1024,\"height\":1024,\"caption\":\"Social Design Magazine\"},\"image\":{\"@id\":\"https:\/\/socialdesignmagazine.com\/mag\/#\/schema\/logo\/image\/\"},\"sameAs\":[\"https:\/\/www.facebook.com\/socialdesignmag\",\"https:\/\/x.com\/socialdesignmag\",\"http:\/\/instagram.com\/social_design_magazine\/\",\"http:\/\/pinterest.com\/socialdesignmag\/\",\"http:\/\/www.youtube.com\/user\/socialdesignmagazine\"]},{\"@type\":\"Person\",\"@id\":\"https:\/\/socialdesignmagazine.com\/mag\/#\/schema\/person\/a6504ba2c0a67a08787f38c0aac3f3dc\",\"name\":\"Social Design Magazine\",\"image\":{\"@type\":\"ImageObject\",\"inLanguage\":\"it-IT\",\"@id\":\"https:\/\/socialdesignmagazine.com\/mag\/wp-content\/uploads\/2017\/01\/logo_favicon_11-768x768.png\",\"url\":\"https:\/\/socialdesignmagazine.com\/mag\/wp-content\/uploads\/2017\/01\/logo_favicon_11-768x768.png\",\"contentUrl\":\"https:\/\/socialdesignmagazine.com\/mag\/wp-content\/uploads\/2017\/01\/logo_favicon_11-768x768.png\",\"caption\":\"Social Design Magazine\"},\"description\":\"SOCIALDESIGNMAGAZINE.COM \u00c8 UN SOCIAL MAGAZINE ONLINE, UNO SPAZIO COLLABORATIVO APERTO A TUTTI I CREATIVI: DESIGNER, ARCHITETTI, GRAPHIC DESIGNER E ARTISTI, CON UN OCCHIO DI RIGUARDO PER I PROGETTISTI EMERGENTI.\",\"sameAs\":[\"https:\/\/socialdesignmagazine.com\/\",\"https:\/\/x.com\/socialdesignmag\",\"http:\/\/www.youtube.com\/user\/socialdesignmagazine\"],\"url\":\"https:\/\/socialdesignmagazine.com\/mag\/author\/socialdesignmagazine\/\"}]}<\/script>\n<!-- \/ Yoast SEO plugin. -->","yoast_head_json":{"title":"Le proposte di stile e design Pierantonio Bonacina, Gruppo matteograssi - Social Design Magazine","description":"Potete accomodarvi su un divano, una poltrona oppure su una sedia e trascorrere il vostro tempo come meglio credete.","robots":{"index":"index","follow":"follow","max-snippet":"max-snippet:-1","max-image-preview":"max-image-preview:large","max-video-preview":"max-video-preview:-1"},"canonical":"https:\/\/socialdesignmagazine.com\/mag\/design\/le-proposte-di-stile-e-design-pierantonio-bonacina-gruppo-matteograssi\/","og_locale":"it_IT","og_type":"article","og_title":"Le proposte di stile e design Pierantonio Bonacina, Gruppo matteograssi - Social Design Magazine","og_description":"Potete accomodarvi su un divano, una poltrona oppure su una sedia e trascorrere il vostro tempo come meglio credete.","og_url":"https:\/\/socialdesignmagazine.com\/mag\/design\/le-proposte-di-stile-e-design-pierantonio-bonacina-gruppo-matteograssi\/","og_site_name":"Social Design Magazine","article_publisher":"https:\/\/www.facebook.com\/socialdesignmag","article_published_time":"2014-04-24T12:00:00+00:00","article_modified_time":"2025-03-21T13:00:17+00:00","og_image":[{"width":720,"height":710,"url":"https:\/\/socialdesignmagazine.com\/mag\/wp-content\/uploads\/2014\/04\/users_socialdesignmagazine_pierantonio_bonacina_PB-0002.jpg","type":"image\/jpeg"}],"author":"Social Design Magazine","twitter_card":"summary_large_image","twitter_creator":"@socialdesignmag","twitter_site":"@socialdesignmag","twitter_misc":{"Scritto da":"Social Design Magazine","Tempo di lettura stimato":"5 minuti"},"schema":{"@context":"https:\/\/schema.org","@graph":[{"@type":"Article","@id":"https:\/\/socialdesignmagazine.com\/mag\/design\/le-proposte-di-stile-e-design-pierantonio-bonacina-gruppo-matteograssi\/#article","isPartOf":{"@id":"https:\/\/socialdesignmagazine.com\/mag\/design\/le-proposte-di-stile-e-design-pierantonio-bonacina-gruppo-matteograssi\/"},"author":{"name":"Social Design Magazine","@id":"https:\/\/socialdesignmagazine.com\/mag\/#\/schema\/person\/a6504ba2c0a67a08787f38c0aac3f3dc"},"headline":"Le proposte di stile e design Pierantonio Bonacina, Gruppo matteograssi","datePublished":"2014-04-24T12:00:00+00:00","dateModified":"2025-03-21T13:00:17+00:00","mainEntityOfPage":{"@id":"https:\/\/socialdesignmagazine.com\/mag\/design\/le-proposte-di-stile-e-design-pierantonio-bonacina-gruppo-matteograssi\/"},"wordCount":484,"commentCount":0,"publisher":{"@id":"https:\/\/socialdesignmagazine.com\/mag\/#organization"},"image":{"@id":"https:\/\/socialdesignmagazine.com\/mag\/design\/le-proposte-di-stile-e-design-pierantonio-bonacina-gruppo-matteograssi\/#primaryimage"},"thumbnailUrl":"https:\/\/socialdesignmagazine.com\/mag\/wp-content\/uploads\/2014\/04\/users_socialdesignmagazine_pierantonio_bonacina_PB-0002.jpg","keywords":["divano","pierantonio bonacina","poltrona","sedia","seduta"],"articleSection":["Design"],"inLanguage":"it-IT","potentialAction":[{"@type":"CommentAction","name":"Comment","target":["https:\/\/socialdesignmagazine.com\/mag\/design\/le-proposte-di-stile-e-design-pierantonio-bonacina-gruppo-matteograssi\/#respond"]}]},{"@type":"WebPage","@id":"https:\/\/socialdesignmagazine.com\/mag\/design\/le-proposte-di-stile-e-design-pierantonio-bonacina-gruppo-matteograssi\/","url":"https:\/\/socialdesignmagazine.com\/mag\/design\/le-proposte-di-stile-e-design-pierantonio-bonacina-gruppo-matteograssi\/","name":"Le proposte di stile e design Pierantonio Bonacina, Gruppo matteograssi - Social Design Magazine","isPartOf":{"@id":"https:\/\/socialdesignmagazine.com\/mag\/#website"},"primaryImageOfPage":{"@id":"https:\/\/socialdesignmagazine.com\/mag\/design\/le-proposte-di-stile-e-design-pierantonio-bonacina-gruppo-matteograssi\/#primaryimage"},"image":{"@id":"https:\/\/socialdesignmagazine.com\/mag\/design\/le-proposte-di-stile-e-design-pierantonio-bonacina-gruppo-matteograssi\/#primaryimage"},"thumbnailUrl":"https:\/\/socialdesignmagazine.com\/mag\/wp-content\/uploads\/2014\/04\/users_socialdesignmagazine_pierantonio_bonacina_PB-0002.jpg","datePublished":"2014-04-24T12:00:00+00:00","dateModified":"2025-03-21T13:00:17+00:00","description":"Potete accomodarvi su un divano, una poltrona oppure su una sedia e trascorrere il vostro tempo come meglio credete.","breadcrumb":{"@id":"https:\/\/socialdesignmagazine.com\/mag\/design\/le-proposte-di-stile-e-design-pierantonio-bonacina-gruppo-matteograssi\/#breadcrumb"},"inLanguage":"it-IT","potentialAction":[{"@type":"ReadAction","target":["https:\/\/socialdesignmagazine.com\/mag\/design\/le-proposte-di-stile-e-design-pierantonio-bonacina-gruppo-matteograssi\/"]}]},{"@type":"ImageObject","inLanguage":"it-IT","@id":"https:\/\/socialdesignmagazine.com\/mag\/design\/le-proposte-di-stile-e-design-pierantonio-bonacina-gruppo-matteograssi\/#primaryimage","url":"https:\/\/socialdesignmagazine.com\/mag\/wp-content\/uploads\/2014\/04\/users_socialdesignmagazine_pierantonio_bonacina_PB-0002.jpg","contentUrl":"https:\/\/socialdesignmagazine.com\/mag\/wp-content\/uploads\/2014\/04\/users_socialdesignmagazine_pierantonio_bonacina_PB-0002.jpg","width":720,"height":710,"caption":"PB-0002"},{"@type":"BreadcrumbList","@id":"https:\/\/socialdesignmagazine.com\/mag\/design\/le-proposte-di-stile-e-design-pierantonio-bonacina-gruppo-matteograssi\/#breadcrumb","itemListElement":[{"@type":"ListItem","position":1,"name":"Home","item":"https:\/\/socialdesignmagazine.com\/mag\/"},{"@type":"ListItem","position":2,"name":"Design","item":"https:\/\/socialdesignmagazine.com\/mag\/design\/"},{"@type":"ListItem","position":3,"name":"Le proposte di stile e design Pierantonio Bonacina, Gruppo matteograssi"}]},{"@type":"WebSite","@id":"https:\/\/socialdesignmagazine.com\/mag\/#website","url":"https:\/\/socialdesignmagazine.com\/mag\/","name":"Social Design Magazine","description":"Social Magazine su Design, Architettura, Arte, Grafica","publisher":{"@id":"https:\/\/socialdesignmagazine.com\/mag\/#organization"},"potentialAction":[{"@type":"SearchAction","target":{"@type":"EntryPoint","urlTemplate":"https:\/\/socialdesignmagazine.com\/mag\/?s={search_term_string}"},"query-input":{"@type":"PropertyValueSpecification","valueRequired":true,"valueName":"search_term_string"}}],"inLanguage":"it-IT"},{"@type":"Organization","@id":"https:\/\/socialdesignmagazine.com\/mag\/#organization","name":"Social Design Magazine","url":"https:\/\/socialdesignmagazine.com\/mag\/","logo":{"@type":"ImageObject","inLanguage":"it-IT","@id":"https:\/\/socialdesignmagazine.com\/mag\/#\/schema\/logo\/image\/","url":"https:\/\/socialdesignmagazine.com\/mag\/wp-content\/uploads\/2017\/01\/logo_favicon_11.png","contentUrl":"https:\/\/socialdesignmagazine.com\/mag\/wp-content\/uploads\/2017\/01\/logo_favicon_11.png","width":1024,"height":1024,"caption":"Social Design Magazine"},"image":{"@id":"https:\/\/socialdesignmagazine.com\/mag\/#\/schema\/logo\/image\/"},"sameAs":["https:\/\/www.facebook.com\/socialdesignmag","https:\/\/x.com\/socialdesignmag","http:\/\/instagram.com\/social_design_magazine\/","http:\/\/pinterest.com\/socialdesignmag\/","http:\/\/www.youtube.com\/user\/socialdesignmagazine"]},{"@type":"Person","@id":"https:\/\/socialdesignmagazine.com\/mag\/#\/schema\/person\/a6504ba2c0a67a08787f38c0aac3f3dc","name":"Social Design Magazine","image":{"@type":"ImageObject","inLanguage":"it-IT","@id":"https:\/\/socialdesignmagazine.com\/mag\/wp-content\/uploads\/2017\/01\/logo_favicon_11-768x768.png","url":"https:\/\/socialdesignmagazine.com\/mag\/wp-content\/uploads\/2017\/01\/logo_favicon_11-768x768.png","contentUrl":"https:\/\/socialdesignmagazine.com\/mag\/wp-content\/uploads\/2017\/01\/logo_favicon_11-768x768.png","caption":"Social Design Magazine"},"description":"SOCIALDESIGNMAGAZINE.COM \u00c8 UN SOCIAL MAGAZINE ONLINE, UNO SPAZIO COLLABORATIVO APERTO A TUTTI I CREATIVI: DESIGNER, ARCHITETTI, GRAPHIC DESIGNER E ARTISTI, CON UN OCCHIO DI RIGUARDO PER I PROGETTISTI EMERGENTI.","sameAs":["https:\/\/socialdesignmagazine.com\/","https:\/\/x.com\/socialdesignmag","http:\/\/www.youtube.com\/user\/socialdesignmagazine"],"url":"https:\/\/socialdesignmagazine.com\/mag\/author\/socialdesignmagazine\/"}]}},"jetpack_featured_media_url":"https:\/\/socialdesignmagazine.com\/mag\/wp-content\/uploads\/2014\/04\/users_socialdesignmagazine_pierantonio_bonacina_PB-0002.jpg","jetpack_sharing_enabled":true,"jetpack_shortlink":"https:\/\/wp.me\/p6cV7V-MU","gt_translate_keys":[{"key":"link","format":"url"}],"_links":{"self":[{"href":"https:\/\/socialdesignmagazine.com\/mag\/wp-json\/wp\/v2\/posts\/3032","targetHints":{"allow":["GET"]}}],"collection":[{"href":"https:\/\/socialdesignmagazine.com\/mag\/wp-json\/wp\/v2\/posts"}],"about":[{"href":"https:\/\/socialdesignmagazine.com\/mag\/wp-json\/wp\/v2\/types\/post"}],"author":[{"embeddable":true,"href":"https:\/\/socialdesignmagazine.com\/mag\/wp-json\/wp\/v2\/users\/29"}],"replies":[{"embeddable":true,"href":"https:\/\/socialdesignmagazine.com\/mag\/wp-json\/wp\/v2\/comments?post=3032"}],"version-history":[{"count":2,"href":"https:\/\/socialdesignmagazine.com\/mag\/wp-json\/wp\/v2\/posts\/3032\/revisions"}],"predecessor-version":[{"id":63822,"href":"https:\/\/socialdesignmagazine.com\/mag\/wp-json\/wp\/v2\/posts\/3032\/revisions\/63822"}],"wp:featuredmedia":[{"embeddable":true,"href":"https:\/\/socialdesignmagazine.com\/mag\/wp-json\/wp\/v2\/media\/17884"}],"wp:attachment":[{"href":"https:\/\/socialdesignmagazine.com\/mag\/wp-json\/wp\/v2\/media?parent=3032"}],"wp:term":[{"taxonomy":"category","embeddable":true,"href":"https:\/\/socialdesignmagazine.com\/mag\/wp-json\/wp\/v2\/categories?post=3032"},{"taxonomy":"post_tag","embeddable":true,"href":"https:\/\/socialdesignmagazine.com\/mag\/wp-json\/wp\/v2\/tags?post=3032"}],"curies":[{"name":"wp","href":"https:\/\/api.w.org\/{rel}","templated":true}]}}