{"id":30606,"date":"2017-02-10T14:10:03","date_gmt":"2017-02-10T13:10:03","guid":{"rendered":"https:\/\/socialdesignmagazine.com\/mag\/?p=30606"},"modified":"2017-02-27T11:55:34","modified_gmt":"2017-02-27T10:55:34","slug":"salone-del-mobile-2017-56esima-edizione","status":"publish","type":"post","link":"https:\/\/socialdesignmagazine.com\/mag\/news\/design-news\/salone-del-mobile-2017-56esima-edizione\/","title":{"rendered":"Salone del Mobile 2017: come sar\u00e0 la 56esima edizione","gt_translate_keys":[{"key":"rendered","format":"text"}]},"content":{"rendered":"<p>Come sar\u00e0 il <strong>Salone del Mobile 2017<\/strong>? Con lo slogan <strong>&#8220;Il design \u00e8 uno stato a s\u00e9. E Milano \u00e8 la sua capitale&#8221;,<\/strong> che ribadisce uno stato di fatto, ovvero il ruolo centrale di Milano nel settore dell&#8217;arredo e nella\u00a0cultura del progetto, ma anche una stretta\u00a0collaborazione con la citt\u00e0, \u00e8 stata presentata la 56esima edizione del. Il via tra meno di 60 giorni, l&#8217;appuntamento \u00e8 alla <strong>Fiera Milano Rho<\/strong>, ed\u00a0in tutti i distretti del cangiante <strong>fuorisalone<\/strong>, dal <strong>4 al 9 aprile 2017<\/strong>.<\/p>\n<p>La formula del Salone del Mobile 2017 \u00e8 sostanzialmente quella dello scorso anno, tranne piccoli aggiustamenti che fanno seguito ai temi introdotti nella passata edizione.<\/p>\n<p>La preparazione del Salone del Mobile procede con una marcata positivit\u00e0, i dati provenienti dai mercati internazionali\u00a0sono incoraggianti e parlano di una continua crescita dell&#8217;arredo italiano. La forte vocazione internazionale del Salone del Mobile ha infatti richiamato alla scorsa edizione un 67% di operatori esteri di alto profilo e con forte potere di acquisto. La buona performance registrata del settore nei primi dieci mesi del 2016 fa sperare di poter confermare questa tendenza anche nei prossimi mesi.<\/p>\n<p><a href=\"https:\/\/socialdesignmagazine.com\/mag\/blog\/design-news\/salone-del-mobile-2017-56esima-edizione\/attachment\/salone-del-mobile-2017-slogan-advertising\/#content\" rel=\"attachment wp-att-30609\"><img loading=\"lazy\" decoding=\"async\" data-attachment-id=\"30609\" data-permalink=\"https:\/\/socialdesignmagazine.com\/mag\/news\/design-news\/salone-del-mobile-2017-56esima-edizione\/attachment\/salone-del-mobile-2017-slogan-advertising\/#content\" data-orig-file=\"https:\/\/socialdesignmagazine.com\/mag\/wp-content\/uploads\/2017\/02\/Salone-del-mobile-2017-slogan-advertising.jpg\" data-orig-size=\"1200,843\" data-comments-opened=\"1\" data-image-meta=\"{&quot;aperture&quot;:&quot;0&quot;,&quot;credit&quot;:&quot;&quot;,&quot;camera&quot;:&quot;&quot;,&quot;caption&quot;:&quot;&quot;,&quot;created_timestamp&quot;:&quot;0&quot;,&quot;copyright&quot;:&quot;&quot;,&quot;focal_length&quot;:&quot;0&quot;,&quot;iso&quot;:&quot;0&quot;,&quot;shutter_speed&quot;:&quot;0&quot;,&quot;title&quot;:&quot;&quot;,&quot;orientation&quot;:&quot;0&quot;}\" data-image-title=\"Salone del mobile 2017 slogan\" data-image-description=\"\" data-image-caption=\"\" data-medium-file=\"https:\/\/socialdesignmagazine.com\/mag\/wp-content\/uploads\/2017\/02\/Salone-del-mobile-2017-slogan-advertising-396x256.jpg\" data-large-file=\"https:\/\/socialdesignmagazine.com\/mag\/wp-content\/uploads\/2017\/02\/Salone-del-mobile-2017-slogan-advertising-1024x719.jpg\" class=\"alignnone size-large wp-image-30609\" src=\"https:\/\/socialdesignmagazine.com\/mag\/wp-content\/uploads\/2017\/02\/Salone-del-mobile-2017-slogan-advertising-1024x719.jpg\" alt=\"Salone del mobile 2017 slogan\" width=\"1024\" height=\"719\" srcset=\"https:\/\/socialdesignmagazine.com\/mag\/wp-content\/uploads\/2017\/02\/Salone-del-mobile-2017-slogan-advertising-1024x719.jpg 1024w, https:\/\/socialdesignmagazine.com\/mag\/wp-content\/uploads\/2017\/02\/Salone-del-mobile-2017-slogan-advertising-768x540.jpg 768w, https:\/\/socialdesignmagazine.com\/mag\/wp-content\/uploads\/2017\/02\/Salone-del-mobile-2017-slogan-advertising.jpg 1200w\" sizes=\"auto, (max-width: 1024px) 100vw, 1024px\" \/><\/a><\/p>\n<p>I presupposti per un nuovo successo ci sono tutti, 5 le manifestazioni: <strong>Salone Internazionale del Mobile, Salone Internazionale del Complemento d\u2019Arredo, Euroluce, Workplace3.0 e SaloneSatellite<\/strong>, vediamo una sintesi dei contenuti:<\/p>\n<ul>\n<li>Dopo il lancio con successo alla scorsa edizione di <strong>xLux<\/strong> \u2013 il settore dedicato al lusso senza tempo riletto in chiave contemporanea \u2013 il Salone Internazionale del Mobile continua il suo percorso di rinnovamento con <strong>un nuovo format per il mobile e complemento classici<\/strong>, nei padiglioni 2 e 4, che a partire dall\u2019estensione del nome in Classico: Tradizione nel futuro propone un layout pi\u00f9 omogeneo ed equilibrato, senza alcuna discontinuit\u00e0.<br \/>\n<strong>Una \u201cpromenade\u201d centrale<\/strong> accompagner\u00e0 il visitatore in un ambiente che attinge a valori quali patrimonio di conoscenza, artigianalit\u00e0, maestria nell\u2019arte di realizzare mobili e oggetti in stile classico. Ad accompagnare il nuovo Classico <strong>saranno riproposti il teatro e una stanza di Before Design: Classic<\/strong>, progetto presentato con successo alla scorsa edizione del Salone del Mobile.Milano, unitamente al corto del pluripremiato regista Matteo Garrone.<\/li>\n<\/ul>\n<p><strong><a href=\"https:\/\/socialdesignmagazine.com\/mag\/blog\/design-news\/salone-del-mobile-2017-56esima-edizione\/attachment\/classico_tradizione-nel-futuro\/#content\" rel=\"attachment wp-att-30630\"><img loading=\"lazy\" decoding=\"async\" data-attachment-id=\"30630\" data-permalink=\"https:\/\/socialdesignmagazine.com\/mag\/news\/design-news\/salone-del-mobile-2017-56esima-edizione\/attachment\/classico_tradizione-nel-futuro\/#content\" data-orig-file=\"https:\/\/socialdesignmagazine.com\/mag\/wp-content\/uploads\/2017\/02\/Classico_Tradizione-nel-futuro.jpg\" data-orig-size=\"1055,594\" data-comments-opened=\"1\" data-image-meta=\"{&quot;aperture&quot;:&quot;0&quot;,&quot;credit&quot;:&quot;&quot;,&quot;camera&quot;:&quot;&quot;,&quot;caption&quot;:&quot;&quot;,&quot;created_timestamp&quot;:&quot;0&quot;,&quot;copyright&quot;:&quot;&quot;,&quot;focal_length&quot;:&quot;0&quot;,&quot;iso&quot;:&quot;0&quot;,&quot;shutter_speed&quot;:&quot;0&quot;,&quot;title&quot;:&quot;&quot;,&quot;orientation&quot;:&quot;0&quot;}\" data-image-title=\"Classico Tradizione nel futuro\" data-image-description=\"\" data-image-caption=\"\" data-medium-file=\"https:\/\/socialdesignmagazine.com\/mag\/wp-content\/uploads\/2017\/02\/Classico_Tradizione-nel-futuro-396x256.jpg\" data-large-file=\"https:\/\/socialdesignmagazine.com\/mag\/wp-content\/uploads\/2017\/02\/Classico_Tradizione-nel-futuro-1024x577.jpg\" class=\"alignnone size-large wp-image-30630\" src=\"https:\/\/socialdesignmagazine.com\/mag\/wp-content\/uploads\/2017\/02\/Classico_Tradizione-nel-futuro-1024x577.jpg\" alt=\"Classico Tradizione nel futuro\" width=\"1024\" height=\"577\" srcset=\"https:\/\/socialdesignmagazine.com\/mag\/wp-content\/uploads\/2017\/02\/Classico_Tradizione-nel-futuro-1024x577.jpg 1024w, https:\/\/socialdesignmagazine.com\/mag\/wp-content\/uploads\/2017\/02\/Classico_Tradizione-nel-futuro-768x432.jpg 768w, https:\/\/socialdesignmagazine.com\/mag\/wp-content\/uploads\/2017\/02\/Classico_Tradizione-nel-futuro.jpg 1055w\" sizes=\"auto, (max-width: 1024px) 100vw, 1024px\" \/><\/a><\/strong><\/p>\n<ul>\n<li><strong>Euroluce, alla sua 29a edizione<\/strong>, \u00e8 dedicata a quanto di meglio il mercato nel mondo dell\u2019illuminazione offre: dai prodotti decorativi a quelli illuminotecnici \u2013 che trovano applicazione nel settore dell\u2019illuminazione industriale, stradale, di spettacoli e del sistema ospedaliero \u2013 fino ai sistemi di illuminazione e domotica, sorgenti luminose e software per le tecnologie della luce. Il tutto declinato con una <strong>particolare attenzione al risparmio energetico<\/strong>, <strong>sostenibilit\u00e0 ambientale<\/strong> e <strong>inquinamento luminoso<\/strong>.<\/li>\n<\/ul>\n<ul>\n<li><strong>Workplace3.0<\/strong> \u2013 alla sua 18a edizione \u2013 \u00e8 invece una proposta espositiva con <strong>un concept innovativo dedicato al design e alla tecnologia per la progettazione dello spazio di lavoro<\/strong> e si propone come l\u2019evento-risposta al rapido cambiamento del mondo del lavoro e alle nuove esigenze di mercato. In mostra le proposte migliori dell\u2019arredo per ufficio, banche e istituti assicurativi, uffici postali e ambienti pubblici; delle sedute per ufficio e comunit\u00e0, degli elementi per acustica, delle partizioni interne e dei rivestimenti, dei complementi d&#8217;arredo per ufficio, delle tecnologie audio-video e degli impianti tecnici e sistemi di sicurezza.<\/li>\n<\/ul>\n<ul>\n<li><strong>Immancabile il SaloneSatellite<\/strong>, ai padiglioni 22 e 24 con ingresso libero al pubblico da Cargo 5, luogo di incontro tra i giovani selezionati dai 5 continenti, imprenditori, architetti, interior designer e stampa. Tema di questa 20a edizione, \u201cDESIGN is&#8230;?\u201d: una domanda aperta, attuale e cruciale.<br \/>\n<strong>I 20 anni del SaloneSatellite saranno celebrati con la Collezione SaloneSatellite 20 anni<\/strong> \u2013 una speciale edizione di pezzi fatti disegnare appositamente da designer internazionali, che hanno visto gli esordi della loro carriera al SaloneSatellite \u2013 e con <strong>SALONESATELLITE. 20 anni di nuova creativit\u00e0, una grande mostra presso la Fabbrica del Vapore, a cura di Beppe Finessi<\/strong>: un\u2019antologia di pezzi presentati durante le venti edizioni del SaloneSatellite come prototipi e poi entrati nel mercato, tra i cataloghi di aziende prestigiose e di grande diffusione, e altre realt\u00e0 produttive di particolare significato.<br \/>\nOttava\u00a0edizione invece per il concorso SaloneSatellite Award.<\/li>\n<\/ul>\n<ul>\n<li><strong>DeLightFuL<\/strong> (pad. 15) curato da <strong>Ciarmoli Queda Studio<\/strong>, un percorso visivo e sensoriale nel vivere quotidiano e nello spazio contemporaneo, che riflette sulle nuove generazioni ed esplora il loro nuovo modo di vivere e concepire lo spazio domestico: fluido e trasversale, in bilico tra tecnologia e archetipi dell\u2019abitare, tra pubblico e privato, tra bisogni primari e nuovi desideri, all\u2019insegna della creativit\u00e0 e del superamento delle tradizionali suddivisioni in aree funzionali.<br \/>\n<strong>Fil rouge di questa riflessione<\/strong> sono tecnologia, design e luce, aspetti fondamentali, complementari e necessari nella definizione dell\u2019abitare contemporaneo e dei suoi spazi essenziali. <strong>Design, Light, Future, Living<\/strong>: sono questi <strong>i quattro concetti-chiave, riassunti in DeLightFuL<\/strong>, che guidano ed esprimono tutte le declinazioni e i contenuti della mostraevento.<\/li>\n<\/ul>\n<p><a href=\"https:\/\/socialdesignmagazine.com\/mag\/blog\/design-news\/salone-del-mobile-2017-56esima-edizione\/attachment\/delightful-curato-da-ciarmoli-queda-studio\/#content\" rel=\"attachment wp-att-30627\"><img loading=\"lazy\" decoding=\"async\" data-attachment-id=\"30627\" data-permalink=\"https:\/\/socialdesignmagazine.com\/mag\/news\/design-news\/salone-del-mobile-2017-56esima-edizione\/attachment\/delightful-curato-da-ciarmoli-queda-studio\/#content\" data-orig-file=\"https:\/\/socialdesignmagazine.com\/mag\/wp-content\/uploads\/2017\/02\/DeLightFuL-curato-da-Ciarmoli-Queda-Studio.jpg\" data-orig-size=\"1280,853\" data-comments-opened=\"1\" data-image-meta=\"{&quot;aperture&quot;:&quot;14&quot;,&quot;credit&quot;:&quot;&quot;,&quot;camera&quot;:&quot;Canon EOS 5D Mark III&quot;,&quot;caption&quot;:&quot;&quot;,&quot;created_timestamp&quot;:&quot;1481028963&quot;,&quot;copyright&quot;:&quot;&quot;,&quot;focal_length&quot;:&quot;40&quot;,&quot;iso&quot;:&quot;1250&quot;,&quot;shutter_speed&quot;:&quot;0.008&quot;,&quot;title&quot;:&quot;&quot;,&quot;orientation&quot;:&quot;1&quot;}\" data-image-title=\"DeLightFuL curato da Ciarmoli Queda Studio\" data-image-description=\"\" data-image-caption=\"&lt;p&gt;DeLightFuL, curato da Ciarmoli Queda Studio&lt;\/p&gt;\n\" data-medium-file=\"https:\/\/socialdesignmagazine.com\/mag\/wp-content\/uploads\/2017\/02\/DeLightFuL-curato-da-Ciarmoli-Queda-Studio-396x256.jpg\" data-large-file=\"https:\/\/socialdesignmagazine.com\/mag\/wp-content\/uploads\/2017\/02\/DeLightFuL-curato-da-Ciarmoli-Queda-Studio-1024x682.jpg\" class=\"size-large wp-image-30627\" src=\"https:\/\/socialdesignmagazine.com\/mag\/wp-content\/uploads\/2017\/02\/DeLightFuL-curato-da-Ciarmoli-Queda-Studio-1024x682.jpg\" alt=\"DeLightFuL curato da Ciarmoli Queda Studio\" width=\"1024\" height=\"682\" srcset=\"https:\/\/socialdesignmagazine.com\/mag\/wp-content\/uploads\/2017\/02\/DeLightFuL-curato-da-Ciarmoli-Queda-Studio-1024x682.jpg 1024w, https:\/\/socialdesignmagazine.com\/mag\/wp-content\/uploads\/2017\/02\/DeLightFuL-curato-da-Ciarmoli-Queda-Studio-100x66.jpg 100w, https:\/\/socialdesignmagazine.com\/mag\/wp-content\/uploads\/2017\/02\/DeLightFuL-curato-da-Ciarmoli-Queda-Studio-768x512.jpg 768w, https:\/\/socialdesignmagazine.com\/mag\/wp-content\/uploads\/2017\/02\/DeLightFuL-curato-da-Ciarmoli-Queda-Studio.jpg 1280w\" sizes=\"auto, (max-width: 1024px) 100vw, 1024px\" \/><\/a><\/p>\n<p>DeLightFuL, curato da Ciarmoli Queda Studio<\/p>\n<ul>\n<li><strong>A Joyful Sense at Work<\/strong>, a cura di Cristiana Cutrona, <strong>racconta la visione dello scenario evolutivo dell\u2019ambiente ufficio del futuro<\/strong>, rifondando con contenuti innovativi la teoria della progettazione del prodotto ufficio e degli spazi lavorativi attraverso quattro installazioni, ciascuna rappresentativa delle specificit\u00e0 culturali dell\u2019area di provenienza dei quattro architetti internazionali \u2013 <strong>Studio O+A<\/strong> di Primo Orpilla e Verda Alexander (Stati Uniti), <strong>Ahmadi Studio<\/strong> di Arash Ahmadi (Iran), <strong>UNStudio<\/strong> di Ben van Berkel e di <strong>SCAPE<\/strong> di Jeff Povlo (Olanda) e <strong>Studio 5+1AA<\/strong> di Alfonso Femia e Gianluca Peluffo (Italia) che li firmano: America, Asia ed Europa.<\/li>\n<\/ul>\n<ul>\n<li>Ritorna, alla sua seconda edizione, <strong>space&amp;interiors<\/strong>, l\u2019unico evento connesso con il Salone del Mobile.Milano e dedicato alle finiture per l\u2019architettura. Da marted\u00ec 4 aprile a sabato 8 aprile 2017 presso The Mall Porta Nuova, nel Brera Design District di Milano, superfici, pavimenti, porte e finiture d\u2019interni saranno presentati in un allestimento a cura dello studio Migliore+Servetto Architects.<br \/>\nUn\u2019area lounge sar\u00e0 interamente dedicata agli <strong>Archicocktails<\/strong>: varie personalit\u00e0 del mondo del design e dell\u2019architettura dialogheranno con i visitatori sui trend della progettazione e della realizzazione.<br \/>\nCompleter\u00e0 l\u2019edizione 2017 la mostra <strong>Absolute lightness<\/strong> che, mediante un innovativo allestimento interattivo e digitale, sottolineer\u00e0 il valore delle finiture nell\u2019architettura contemporanea.<\/li>\n<\/ul>\n<p>Il <strong>Presidente del Roberto Snaidero<\/strong>, che dal prossimo 15 febbraio passer\u00e0 il testimone al presidente designato <strong>Emanuele Orsini<\/strong>, ha annunciato che per la prima volta nella storia l&#8217;apertura della manifestazione si svolger\u00e0 con\u00a0presenza del <strong>Presidente della Repubblica, Sergio Mattarella<\/strong>.<\/p>\n<div id=\"attachment_30607\" style=\"width: 1034px\" class=\"wp-caption alignnone\"><a href=\"https:\/\/socialdesignmagazine.com\/mag\/blog\/design-news\/salone-del-mobile-2017-56esima-edizione\/attachment\/salone-2017-planimetria_low\/#content\" rel=\"attachment wp-att-30607\"><img loading=\"lazy\" decoding=\"async\" aria-describedby=\"caption-attachment-30607\" data-attachment-id=\"30607\" data-permalink=\"https:\/\/socialdesignmagazine.com\/mag\/news\/design-news\/salone-del-mobile-2017-56esima-edizione\/attachment\/salone-2017-planimetria_low\/#content\" data-orig-file=\"https:\/\/socialdesignmagazine.com\/mag\/wp-content\/uploads\/2017\/02\/Salone-2017-planimetria_low.jpg\" data-orig-size=\"1200,866\" data-comments-opened=\"1\" data-image-meta=\"{&quot;aperture&quot;:&quot;0&quot;,&quot;credit&quot;:&quot;&quot;,&quot;camera&quot;:&quot;&quot;,&quot;caption&quot;:&quot;&quot;,&quot;created_timestamp&quot;:&quot;0&quot;,&quot;copyright&quot;:&quot;&quot;,&quot;focal_length&quot;:&quot;0&quot;,&quot;iso&quot;:&quot;0&quot;,&quot;shutter_speed&quot;:&quot;0&quot;,&quot;title&quot;:&quot;&quot;,&quot;orientation&quot;:&quot;0&quot;}\" data-image-title=\"Salone del Mobile 2017 planimetria\" data-image-description=\"\" data-image-caption=\"&lt;p&gt;Salone del Mobile 2017, planimetria&lt;\/p&gt;\n\" data-medium-file=\"https:\/\/socialdesignmagazine.com\/mag\/wp-content\/uploads\/2017\/02\/Salone-2017-planimetria_low-396x256.jpg\" data-large-file=\"https:\/\/socialdesignmagazine.com\/mag\/wp-content\/uploads\/2017\/02\/Salone-2017-planimetria_low-1024x739.jpg\" class=\"size-large wp-image-30607\" src=\"https:\/\/socialdesignmagazine.com\/mag\/wp-content\/uploads\/2017\/02\/Salone-2017-planimetria_low-1024x739.jpg\" alt=\"Salone del Mobile 2017 planimetria\" width=\"1024\" height=\"739\" srcset=\"https:\/\/socialdesignmagazine.com\/mag\/wp-content\/uploads\/2017\/02\/Salone-2017-planimetria_low-1024x739.jpg 1024w, https:\/\/socialdesignmagazine.com\/mag\/wp-content\/uploads\/2017\/02\/Salone-2017-planimetria_low-768x554.jpg 768w, https:\/\/socialdesignmagazine.com\/mag\/wp-content\/uploads\/2017\/02\/Salone-2017-planimetria_low.jpg 1200w\" sizes=\"auto, (max-width: 1024px) 100vw, 1024px\" \/><\/a><p id=\"caption-attachment-30607\" class=\"wp-caption-text\">Salone del Mobile 2017, planimetria<\/p><\/div>\n<p>Per conoscere in anteprima novit\u00e0, prodotti ed espositori del Salone del Mobile, del Fuorisalone e della Milano Design Week 2017 <a href=\"https:\/\/socialdesignmagazine.com\/mag\/salone-del-mobile-2017\/\">consigliamo il nostro speciale<\/a>.<\/p>\n<p>Per ulteriori dettagli o per informazioni sui biglietti vi rimandiamo al sito ufficiale: <a rel=\"nofollow\" href=\"http:\/\/salonemilano.it\">salonemilano.it<\/a><\/p>\n","protected":false,"gt_translate_keys":[{"key":"rendered","format":"html"}]},"excerpt":{"rendered":"<p>Come sar\u00e0 il salone del mobile 2017? Con lo slogan &#8220;Il design \u00e8 uno stato a s\u00e9. E Milano \u00e8 la sua capitale&#8221; che ribadisce uno stato di fatto, ovvero il ruolo centrale di Milano nel settore dell&#8217;arredo e nella cultura del progetto, ma anche una stretta collaborazione con la citt\u00e0, \u00e8 stata presentata la 56esima edizione. Il via tra meno di 60 giorni, l&#8217;appuntamento \u00e8 alla Fiera Milano Rho, ed in tutti i distretti del cangiante fuorisalone, dal 4 al 9 aprile 2017.<\/p>\n","protected":false,"gt_translate_keys":[{"key":"rendered","format":"html"}]},"author":1,"featured_media":30611,"comment_status":"open","ping_status":"open","sticky":false,"template":"","format":"standard","meta":{"jetpack_post_was_ever_published":false,"_jetpack_newsletter_access":"","_jetpack_dont_email_post_to_subs":true,"_jetpack_newsletter_tier_id":0,"_jetpack_memberships_contains_paywalled_content":false,"_jetpack_memberships_contains_paid_content":false,"footnotes":"","_wpscppro_dont_share_socialmedia":false,"_wpscppro_custom_social_share_image":0,"_facebook_share_type":"","_twitter_share_type":"","_linkedin_share_type":"","_pinterest_share_type":"","_linkedin_share_type_page":"","_instagram_share_type":"","_medium_share_type":"","_threads_share_type":"","_google_business_share_type":"","_selected_social_profile":[],"_wpsp_enable_custom_social_template":false,"_wpsp_social_scheduling":{"enabled":false,"datetime":null,"platforms":[],"status":"template_only","dateOption":"today","timeOption":"now","customDays":"","customHours":"","customDate":"","customTime":"","schedulingType":"absolute"},"_wpsp_active_default_template":true},"categories":[17],"tags":[4993,2096,5020,181,5024,1169,5019],"class_list":["post-30606","post","type-post","status-publish","format-standard","has-post-thumbnail","hentry","category-design-news","tag-featured","tag-fuorisalone","tag-fuorisalone-2017","tag-milano","tag-milano-design-week-2017","tag-salone-del-mobile","tag-salone-del-mobile-2017"],"yoast_head":"<!-- This site is optimized with the Yoast SEO plugin v27.2 - https:\/\/yoast.com\/product\/yoast-seo-wordpress\/ -->\n<title>Salone del Mobile 2017: come sar\u00e0 la 56esima edizione del Salone del Mobile<\/title>\n<meta name=\"description\" content=\"Salone del Mobile 2017, il via tra meno di 60 giorni, l&#039;appuntamento alla Fiera Milano Rho col Salone del Mobile e in tutta Milano per il fuorisalone,\" \/>\n<meta name=\"robots\" content=\"index, follow, max-snippet:-1, max-image-preview:large, max-video-preview:-1\" \/>\n<link rel=\"canonical\" href=\"https:\/\/socialdesignmagazine.com\/mag\/news\/design-news\/salone-del-mobile-2017-56esima-edizione\/\" \/>\n<meta property=\"og:locale\" content=\"it_IT\" \/>\n<meta property=\"og:type\" content=\"article\" \/>\n<meta property=\"og:title\" content=\"Salone del Mobile 2017: come sar\u00e0 la 56esima edizione del Salone del Mobile\" \/>\n<meta property=\"og:description\" content=\"Salone del Mobile 2017, il via tra meno di 60 giorni, l&#039;appuntamento alla Fiera Milano Rho col Salone del Mobile e in tutta Milano per il fuorisalone,\" \/>\n<meta property=\"og:url\" content=\"http:\/\/socialdesignmagazine.com\/mag\/news\/design-news\/salone-del-mobile-2017-56esima-edizione\/\" \/>\n<meta property=\"og:site_name\" content=\"Social Design Magazine\" \/>\n<meta property=\"article:publisher\" content=\"https:\/\/www.facebook.com\/socialdesignmag\" \/>\n<meta property=\"article:author\" content=\"https:\/\/www.facebook.com\/benedettofiori\" \/>\n<meta property=\"article:published_time\" content=\"2017-02-10T13:10:03+00:00\" \/>\n<meta property=\"article:modified_time\" content=\"2017-02-27T10:55:34+00:00\" \/>\n<meta property=\"og:image\" content=\"https:\/\/socialdesignmagazine.com\/mag\/wp-content\/uploads\/2017\/02\/Salone-del-Mobile-2017-conferenza-stampa-presentazione-02.jpg\" \/>\n\t<meta property=\"og:image:width\" content=\"1200\" \/>\n\t<meta property=\"og:image:height\" content=\"900\" \/>\n\t<meta property=\"og:image:type\" content=\"image\/jpeg\" \/>\n<meta name=\"author\" content=\"Benedetto Fiori\" \/>\n<meta name=\"twitter:card\" content=\"summary_large_image\" \/>\n<meta name=\"twitter:image\" content=\"https:\/\/socialdesignmagazine.com\/mag\/wp-content\/uploads\/2017\/02\/Salone-del-Mobile-2017-conferenza-stampa-presentazione-02.jpg\" \/>\n<meta name=\"twitter:creator\" content=\"@benedettofiori\" \/>\n<meta name=\"twitter:site\" content=\"@socialdesignmag\" \/>\n<meta name=\"twitter:label1\" content=\"Scritto da\" \/>\n\t<meta name=\"twitter:data1\" content=\"Benedetto Fiori\" \/>\n\t<meta name=\"twitter:label2\" content=\"Tempo di lettura stimato\" \/>\n\t<meta name=\"twitter:data2\" content=\"5 minuti\" \/>\n<script type=\"application\/ld+json\" class=\"yoast-schema-graph\">{\"@context\":\"https:\/\/schema.org\",\"@graph\":[{\"@type\":\"Article\",\"@id\":\"https:\/\/socialdesignmagazine.com\/mag\/news\/design-news\/salone-del-mobile-2017-56esima-edizione\/#article\",\"isPartOf\":{\"@id\":\"https:\/\/socialdesignmagazine.com\/mag\/news\/design-news\/salone-del-mobile-2017-56esima-edizione\/\"},\"author\":{\"name\":\"Benedetto Fiori\",\"@id\":\"https:\/\/socialdesignmagazine.com\/mag\/#\/schema\/person\/61e20205cc363c315e6aabd33a045846\"},\"headline\":\"Salone del Mobile 2017: come sar\u00e0 la 56esima edizione\",\"datePublished\":\"2017-02-10T13:10:03+00:00\",\"dateModified\":\"2017-02-27T10:55:34+00:00\",\"mainEntityOfPage\":{\"@id\":\"https:\/\/socialdesignmagazine.com\/mag\/news\/design-news\/salone-del-mobile-2017-56esima-edizione\/\"},\"wordCount\":1074,\"commentCount\":0,\"publisher\":{\"@id\":\"https:\/\/socialdesignmagazine.com\/mag\/#organization\"},\"image\":{\"@id\":\"https:\/\/socialdesignmagazine.com\/mag\/news\/design-news\/salone-del-mobile-2017-56esima-edizione\/#primaryimage\"},\"thumbnailUrl\":\"https:\/\/socialdesignmagazine.com\/mag\/wp-content\/uploads\/2017\/02\/Salone-del-Mobile-2017-conferenza-stampa-presentazione-02.jpg\",\"keywords\":[\"featured\",\"fuorisalone\",\"fuorisalone 2017\",\"milano\",\"milano design week 2017\",\"salone del mobile\",\"salone del mobile 2017\"],\"articleSection\":[\"Design News\"],\"inLanguage\":\"it-IT\",\"potentialAction\":[{\"@type\":\"CommentAction\",\"name\":\"Comment\",\"target\":[\"https:\/\/socialdesignmagazine.com\/mag\/news\/design-news\/salone-del-mobile-2017-56esima-edizione\/#respond\"]}]},{\"@type\":\"WebPage\",\"@id\":\"https:\/\/socialdesignmagazine.com\/mag\/news\/design-news\/salone-del-mobile-2017-56esima-edizione\/\",\"url\":\"https:\/\/socialdesignmagazine.com\/mag\/news\/design-news\/salone-del-mobile-2017-56esima-edizione\/\",\"name\":\"Salone del Mobile 2017: come sar\u00e0 la 56esima edizione del Salone del Mobile\",\"isPartOf\":{\"@id\":\"https:\/\/socialdesignmagazine.com\/mag\/#website\"},\"primaryImageOfPage\":{\"@id\":\"https:\/\/socialdesignmagazine.com\/mag\/news\/design-news\/salone-del-mobile-2017-56esima-edizione\/#primaryimage\"},\"image\":{\"@id\":\"https:\/\/socialdesignmagazine.com\/mag\/news\/design-news\/salone-del-mobile-2017-56esima-edizione\/#primaryimage\"},\"thumbnailUrl\":\"https:\/\/socialdesignmagazine.com\/mag\/wp-content\/uploads\/2017\/02\/Salone-del-Mobile-2017-conferenza-stampa-presentazione-02.jpg\",\"datePublished\":\"2017-02-10T13:10:03+00:00\",\"dateModified\":\"2017-02-27T10:55:34+00:00\",\"description\":\"Salone del Mobile 2017, il via tra meno di 60 giorni, l'appuntamento alla Fiera Milano Rho col Salone del Mobile e in tutta Milano per il fuorisalone,\",\"breadcrumb\":{\"@id\":\"https:\/\/socialdesignmagazine.com\/mag\/news\/design-news\/salone-del-mobile-2017-56esima-edizione\/#breadcrumb\"},\"inLanguage\":\"it-IT\",\"potentialAction\":[{\"@type\":\"ReadAction\",\"target\":[\"https:\/\/socialdesignmagazine.com\/mag\/news\/design-news\/salone-del-mobile-2017-56esima-edizione\/\"]}]},{\"@type\":\"ImageObject\",\"inLanguage\":\"it-IT\",\"@id\":\"https:\/\/socialdesignmagazine.com\/mag\/news\/design-news\/salone-del-mobile-2017-56esima-edizione\/#primaryimage\",\"url\":\"https:\/\/socialdesignmagazine.com\/mag\/wp-content\/uploads\/2017\/02\/Salone-del-Mobile-2017-conferenza-stampa-presentazione-02.jpg\",\"contentUrl\":\"https:\/\/socialdesignmagazine.com\/mag\/wp-content\/uploads\/2017\/02\/Salone-del-Mobile-2017-conferenza-stampa-presentazione-02.jpg\",\"width\":1200,\"height\":900,\"caption\":\"Salone del Mobile 2017 conferenza stampa presentazione\"},{\"@type\":\"BreadcrumbList\",\"@id\":\"https:\/\/socialdesignmagazine.com\/mag\/news\/design-news\/salone-del-mobile-2017-56esima-edizione\/#breadcrumb\",\"itemListElement\":[{\"@type\":\"ListItem\",\"position\":1,\"name\":\"Home\",\"item\":\"https:\/\/socialdesignmagazine.com\/mag\/\"},{\"@type\":\"ListItem\",\"position\":2,\"name\":\"News\",\"item\":\"https:\/\/socialdesignmagazine.com\/mag\/news\/\"},{\"@type\":\"ListItem\",\"position\":3,\"name\":\"Design News\",\"item\":\"https:\/\/socialdesignmagazine.com\/mag\/news\/design-news\/\"},{\"@type\":\"ListItem\",\"position\":4,\"name\":\"Salone del Mobile 2017: come sar\u00e0 la 56esima edizione\"}]},{\"@type\":\"WebSite\",\"@id\":\"https:\/\/socialdesignmagazine.com\/mag\/#website\",\"url\":\"https:\/\/socialdesignmagazine.com\/mag\/\",\"name\":\"Social Design Magazine\",\"description\":\"Social Magazine su Design, Architettura, Arte, Grafica\",\"publisher\":{\"@id\":\"https:\/\/socialdesignmagazine.com\/mag\/#organization\"},\"potentialAction\":[{\"@type\":\"SearchAction\",\"target\":{\"@type\":\"EntryPoint\",\"urlTemplate\":\"https:\/\/socialdesignmagazine.com\/mag\/?s={search_term_string}\"},\"query-input\":{\"@type\":\"PropertyValueSpecification\",\"valueRequired\":true,\"valueName\":\"search_term_string\"}}],\"inLanguage\":\"it-IT\"},{\"@type\":\"Organization\",\"@id\":\"https:\/\/socialdesignmagazine.com\/mag\/#organization\",\"name\":\"Social Design Magazine\",\"url\":\"https:\/\/socialdesignmagazine.com\/mag\/\",\"logo\":{\"@type\":\"ImageObject\",\"inLanguage\":\"it-IT\",\"@id\":\"https:\/\/socialdesignmagazine.com\/mag\/#\/schema\/logo\/image\/\",\"url\":\"https:\/\/socialdesignmagazine.com\/mag\/wp-content\/uploads\/2017\/01\/logo_favicon_11.png\",\"contentUrl\":\"https:\/\/socialdesignmagazine.com\/mag\/wp-content\/uploads\/2017\/01\/logo_favicon_11.png\",\"width\":1024,\"height\":1024,\"caption\":\"Social Design Magazine\"},\"image\":{\"@id\":\"https:\/\/socialdesignmagazine.com\/mag\/#\/schema\/logo\/image\/\"},\"sameAs\":[\"https:\/\/www.facebook.com\/socialdesignmag\",\"https:\/\/x.com\/socialdesignmag\",\"http:\/\/instagram.com\/social_design_magazine\/\",\"http:\/\/pinterest.com\/socialdesignmag\/\",\"http:\/\/www.youtube.com\/user\/socialdesignmagazine\"]},{\"@type\":\"Person\",\"@id\":\"https:\/\/socialdesignmagazine.com\/mag\/#\/schema\/person\/61e20205cc363c315e6aabd33a045846\",\"name\":\"Benedetto Fiori\",\"image\":{\"@type\":\"ImageObject\",\"inLanguage\":\"it-IT\",\"@id\":\"https:\/\/secure.gravatar.com\/avatar\/450a48cefa36da63d920ad70aa660bd10725b1c6093800242e5efdb397759033?s=96&d=mm&r=g\",\"url\":\"https:\/\/secure.gravatar.com\/avatar\/450a48cefa36da63d920ad70aa660bd10725b1c6093800242e5efdb397759033?s=96&d=mm&r=g\",\"contentUrl\":\"https:\/\/secure.gravatar.com\/avatar\/450a48cefa36da63d920ad70aa660bd10725b1c6093800242e5efdb397759033?s=96&d=mm&r=g\",\"caption\":\"Benedetto Fiori\"},\"description\":\"Web | Twitter | Facebook | Shutterstock Founder &amp; Editor in Chief di Social Design Magazine. Attratto da sempre da tutto ci\u00f2 che \u00e8 creativit\u00e0, design, architettura. Dopo aver studiato Architettura all'Universit\u00e0 di Firenze, si \u00e8 impegnato in molteplici campi: comunicazione grafica, progettazione di allestimenti fieristici, brand design, Interior Design.\",\"sameAs\":[\"http:\/\/benedettofiori.com\",\"https:\/\/www.facebook.com\/benedettofiori\",\"https:\/\/x.com\/benedettofiori\"],\"url\":\"https:\/\/socialdesignmagazine.com\/mag\/author\/benedetto\/\"}]}<\/script>\n<!-- \/ Yoast SEO plugin. -->","yoast_head_json":{"title":"Salone del Mobile 2017: come sar\u00e0 la 56esima edizione del Salone del Mobile","description":"Salone del Mobile 2017, il via tra meno di 60 giorni, l'appuntamento alla Fiera Milano Rho col Salone del Mobile e in tutta Milano per il fuorisalone,","robots":{"index":"index","follow":"follow","max-snippet":"max-snippet:-1","max-image-preview":"max-image-preview:large","max-video-preview":"max-video-preview:-1"},"canonical":"https:\/\/socialdesignmagazine.com\/mag\/news\/design-news\/salone-del-mobile-2017-56esima-edizione\/","og_locale":"it_IT","og_type":"article","og_title":"Salone del Mobile 2017: come sar\u00e0 la 56esima edizione del Salone del Mobile","og_description":"Salone del Mobile 2017, il via tra meno di 60 giorni, l'appuntamento alla Fiera Milano Rho col Salone del Mobile e in tutta Milano per il fuorisalone,","og_url":"http:\/\/socialdesignmagazine.com\/mag\/news\/design-news\/salone-del-mobile-2017-56esima-edizione\/","og_site_name":"Social Design Magazine","article_publisher":"https:\/\/www.facebook.com\/socialdesignmag","article_author":"https:\/\/www.facebook.com\/benedettofiori","article_published_time":"2017-02-10T13:10:03+00:00","article_modified_time":"2017-02-27T10:55:34+00:00","og_image":[{"width":1200,"height":900,"url":"https:\/\/socialdesignmagazine.com\/mag\/wp-content\/uploads\/2017\/02\/Salone-del-Mobile-2017-conferenza-stampa-presentazione-02.jpg","type":"image\/jpeg"}],"author":"Benedetto Fiori","twitter_card":"summary_large_image","twitter_image":"https:\/\/socialdesignmagazine.com\/mag\/wp-content\/uploads\/2017\/02\/Salone-del-Mobile-2017-conferenza-stampa-presentazione-02.jpg","twitter_creator":"@benedettofiori","twitter_site":"@socialdesignmag","twitter_misc":{"Scritto da":"Benedetto Fiori","Tempo di lettura stimato":"5 minuti"},"schema":{"@context":"https:\/\/schema.org","@graph":[{"@type":"Article","@id":"https:\/\/socialdesignmagazine.com\/mag\/news\/design-news\/salone-del-mobile-2017-56esima-edizione\/#article","isPartOf":{"@id":"https:\/\/socialdesignmagazine.com\/mag\/news\/design-news\/salone-del-mobile-2017-56esima-edizione\/"},"author":{"name":"Benedetto Fiori","@id":"https:\/\/socialdesignmagazine.com\/mag\/#\/schema\/person\/61e20205cc363c315e6aabd33a045846"},"headline":"Salone del Mobile 2017: come sar\u00e0 la 56esima edizione","datePublished":"2017-02-10T13:10:03+00:00","dateModified":"2017-02-27T10:55:34+00:00","mainEntityOfPage":{"@id":"https:\/\/socialdesignmagazine.com\/mag\/news\/design-news\/salone-del-mobile-2017-56esima-edizione\/"},"wordCount":1074,"commentCount":0,"publisher":{"@id":"https:\/\/socialdesignmagazine.com\/mag\/#organization"},"image":{"@id":"https:\/\/socialdesignmagazine.com\/mag\/news\/design-news\/salone-del-mobile-2017-56esima-edizione\/#primaryimage"},"thumbnailUrl":"https:\/\/socialdesignmagazine.com\/mag\/wp-content\/uploads\/2017\/02\/Salone-del-Mobile-2017-conferenza-stampa-presentazione-02.jpg","keywords":["featured","fuorisalone","fuorisalone 2017","milano","milano design week 2017","salone del mobile","salone del mobile 2017"],"articleSection":["Design News"],"inLanguage":"it-IT","potentialAction":[{"@type":"CommentAction","name":"Comment","target":["https:\/\/socialdesignmagazine.com\/mag\/news\/design-news\/salone-del-mobile-2017-56esima-edizione\/#respond"]}]},{"@type":"WebPage","@id":"https:\/\/socialdesignmagazine.com\/mag\/news\/design-news\/salone-del-mobile-2017-56esima-edizione\/","url":"https:\/\/socialdesignmagazine.com\/mag\/news\/design-news\/salone-del-mobile-2017-56esima-edizione\/","name":"Salone del Mobile 2017: come sar\u00e0 la 56esima edizione del Salone del Mobile","isPartOf":{"@id":"https:\/\/socialdesignmagazine.com\/mag\/#website"},"primaryImageOfPage":{"@id":"https:\/\/socialdesignmagazine.com\/mag\/news\/design-news\/salone-del-mobile-2017-56esima-edizione\/#primaryimage"},"image":{"@id":"https:\/\/socialdesignmagazine.com\/mag\/news\/design-news\/salone-del-mobile-2017-56esima-edizione\/#primaryimage"},"thumbnailUrl":"https:\/\/socialdesignmagazine.com\/mag\/wp-content\/uploads\/2017\/02\/Salone-del-Mobile-2017-conferenza-stampa-presentazione-02.jpg","datePublished":"2017-02-10T13:10:03+00:00","dateModified":"2017-02-27T10:55:34+00:00","description":"Salone del Mobile 2017, il via tra meno di 60 giorni, l'appuntamento alla Fiera Milano Rho col Salone del Mobile e in tutta Milano per il fuorisalone,","breadcrumb":{"@id":"https:\/\/socialdesignmagazine.com\/mag\/news\/design-news\/salone-del-mobile-2017-56esima-edizione\/#breadcrumb"},"inLanguage":"it-IT","potentialAction":[{"@type":"ReadAction","target":["https:\/\/socialdesignmagazine.com\/mag\/news\/design-news\/salone-del-mobile-2017-56esima-edizione\/"]}]},{"@type":"ImageObject","inLanguage":"it-IT","@id":"https:\/\/socialdesignmagazine.com\/mag\/news\/design-news\/salone-del-mobile-2017-56esima-edizione\/#primaryimage","url":"https:\/\/socialdesignmagazine.com\/mag\/wp-content\/uploads\/2017\/02\/Salone-del-Mobile-2017-conferenza-stampa-presentazione-02.jpg","contentUrl":"https:\/\/socialdesignmagazine.com\/mag\/wp-content\/uploads\/2017\/02\/Salone-del-Mobile-2017-conferenza-stampa-presentazione-02.jpg","width":1200,"height":900,"caption":"Salone del Mobile 2017 conferenza stampa presentazione"},{"@type":"BreadcrumbList","@id":"https:\/\/socialdesignmagazine.com\/mag\/news\/design-news\/salone-del-mobile-2017-56esima-edizione\/#breadcrumb","itemListElement":[{"@type":"ListItem","position":1,"name":"Home","item":"https:\/\/socialdesignmagazine.com\/mag\/"},{"@type":"ListItem","position":2,"name":"News","item":"https:\/\/socialdesignmagazine.com\/mag\/news\/"},{"@type":"ListItem","position":3,"name":"Design News","item":"https:\/\/socialdesignmagazine.com\/mag\/news\/design-news\/"},{"@type":"ListItem","position":4,"name":"Salone del Mobile 2017: come sar\u00e0 la 56esima edizione"}]},{"@type":"WebSite","@id":"https:\/\/socialdesignmagazine.com\/mag\/#website","url":"https:\/\/socialdesignmagazine.com\/mag\/","name":"Social Design Magazine","description":"Social Magazine su Design, Architettura, Arte, Grafica","publisher":{"@id":"https:\/\/socialdesignmagazine.com\/mag\/#organization"},"potentialAction":[{"@type":"SearchAction","target":{"@type":"EntryPoint","urlTemplate":"https:\/\/socialdesignmagazine.com\/mag\/?s={search_term_string}"},"query-input":{"@type":"PropertyValueSpecification","valueRequired":true,"valueName":"search_term_string"}}],"inLanguage":"it-IT"},{"@type":"Organization","@id":"https:\/\/socialdesignmagazine.com\/mag\/#organization","name":"Social Design Magazine","url":"https:\/\/socialdesignmagazine.com\/mag\/","logo":{"@type":"ImageObject","inLanguage":"it-IT","@id":"https:\/\/socialdesignmagazine.com\/mag\/#\/schema\/logo\/image\/","url":"https:\/\/socialdesignmagazine.com\/mag\/wp-content\/uploads\/2017\/01\/logo_favicon_11.png","contentUrl":"https:\/\/socialdesignmagazine.com\/mag\/wp-content\/uploads\/2017\/01\/logo_favicon_11.png","width":1024,"height":1024,"caption":"Social Design Magazine"},"image":{"@id":"https:\/\/socialdesignmagazine.com\/mag\/#\/schema\/logo\/image\/"},"sameAs":["https:\/\/www.facebook.com\/socialdesignmag","https:\/\/x.com\/socialdesignmag","http:\/\/instagram.com\/social_design_magazine\/","http:\/\/pinterest.com\/socialdesignmag\/","http:\/\/www.youtube.com\/user\/socialdesignmagazine"]},{"@type":"Person","@id":"https:\/\/socialdesignmagazine.com\/mag\/#\/schema\/person\/61e20205cc363c315e6aabd33a045846","name":"Benedetto Fiori","image":{"@type":"ImageObject","inLanguage":"it-IT","@id":"https:\/\/secure.gravatar.com\/avatar\/450a48cefa36da63d920ad70aa660bd10725b1c6093800242e5efdb397759033?s=96&d=mm&r=g","url":"https:\/\/secure.gravatar.com\/avatar\/450a48cefa36da63d920ad70aa660bd10725b1c6093800242e5efdb397759033?s=96&d=mm&r=g","contentUrl":"https:\/\/secure.gravatar.com\/avatar\/450a48cefa36da63d920ad70aa660bd10725b1c6093800242e5efdb397759033?s=96&d=mm&r=g","caption":"Benedetto Fiori"},"description":"Web | Twitter | Facebook | Shutterstock Founder &amp; Editor in Chief di Social Design Magazine. Attratto da sempre da tutto ci\u00f2 che \u00e8 creativit\u00e0, design, architettura. Dopo aver studiato Architettura all'Universit\u00e0 di Firenze, si \u00e8 impegnato in molteplici campi: comunicazione grafica, progettazione di allestimenti fieristici, brand design, Interior Design.","sameAs":["http:\/\/benedettofiori.com","https:\/\/www.facebook.com\/benedettofiori","https:\/\/x.com\/benedettofiori"],"url":"https:\/\/socialdesignmagazine.com\/mag\/author\/benedetto\/"}]}},"jetpack_featured_media_url":"https:\/\/socialdesignmagazine.com\/mag\/wp-content\/uploads\/2017\/02\/Salone-del-Mobile-2017-conferenza-stampa-presentazione-02.jpg","jetpack_sharing_enabled":true,"jetpack_shortlink":"https:\/\/wp.me\/p6cV7V-7XE","gt_translate_keys":[{"key":"link","format":"url"}],"_links":{"self":[{"href":"https:\/\/socialdesignmagazine.com\/mag\/wp-json\/wp\/v2\/posts\/30606","targetHints":{"allow":["GET"]}}],"collection":[{"href":"https:\/\/socialdesignmagazine.com\/mag\/wp-json\/wp\/v2\/posts"}],"about":[{"href":"https:\/\/socialdesignmagazine.com\/mag\/wp-json\/wp\/v2\/types\/post"}],"author":[{"embeddable":true,"href":"https:\/\/socialdesignmagazine.com\/mag\/wp-json\/wp\/v2\/users\/1"}],"replies":[{"embeddable":true,"href":"https:\/\/socialdesignmagazine.com\/mag\/wp-json\/wp\/v2\/comments?post=30606"}],"version-history":[{"count":16,"href":"https:\/\/socialdesignmagazine.com\/mag\/wp-json\/wp\/v2\/posts\/30606\/revisions"}],"predecessor-version":[{"id":30780,"href":"https:\/\/socialdesignmagazine.com\/mag\/wp-json\/wp\/v2\/posts\/30606\/revisions\/30780"}],"wp:featuredmedia":[{"embeddable":true,"href":"https:\/\/socialdesignmagazine.com\/mag\/wp-json\/wp\/v2\/media\/30611"}],"wp:attachment":[{"href":"https:\/\/socialdesignmagazine.com\/mag\/wp-json\/wp\/v2\/media?parent=30606"}],"wp:term":[{"taxonomy":"category","embeddable":true,"href":"https:\/\/socialdesignmagazine.com\/mag\/wp-json\/wp\/v2\/categories?post=30606"},{"taxonomy":"post_tag","embeddable":true,"href":"https:\/\/socialdesignmagazine.com\/mag\/wp-json\/wp\/v2\/tags?post=30606"}],"curies":[{"name":"wp","href":"https:\/\/api.w.org\/{rel}","templated":true}]}}