{"id":30700,"date":"2017-02-14T16:40:20","date_gmt":"2017-02-14T15:40:20","guid":{"rendered":"https:\/\/socialdesignmagazine.com\/mag\/?p=30700"},"modified":"2017-02-14T16:33:30","modified_gmt":"2017-02-14T15:33:30","slug":"una-spa-dallatmosfera-medievale-in-unantica-cripta","status":"publish","type":"post","link":"https:\/\/socialdesignmagazine.com\/mag\/architettura\/una-spa-dallatmosfera-medievale-in-unantica-cripta\/","title":{"rendered":"Una SPA dall&#8217;atmosfera medievale in un&#8217;antica cripta","gt_translate_keys":[{"key":"rendered","format":"text"}]},"content":{"rendered":"<h2>Nel sud della Borgogna il nuovo centro benessere progettato da <a rel=\"nofollow\" href=\"http:\/\/albertoapostoli.com\">Alberto Apostoli<\/a>. Lo studio italiano realizza una SPA all\u2019interno di un\u2019antica cripta posta nel centro storico della citt\u00e0 di Macon.<\/h2>\n<h3>La Location<\/h3>\n<p>Macon \u00e8 un\u2019elegante cittadina adagiata lungo le rive del fiume Saona; \u00e8 la porta della Borgogna per chi arriva dal sud della Francia. Il suo centro storico \u00e8 un dedalo di viottoli che si snodano attorno a nobili edifici storici e religiosi. Ed \u00e8 proprio in una di queste stradine, a due passi dalla chiesa di St. Pierre, che \u00e8 stata individuata la location ideale per il nuovo centro di estetica e benessere \u201cAtrium \u2013 SPA &amp; Beaut\u00e9\u201d.<\/p>\n<h3>La SPA<\/h3>\n<p>Disposta su due livelli, Atrium accoglie i suoi ospiti al piano terra, in un raffinato salone dallo stile \u201cNew-Barocco\u201d; quest\u2019area \u00e8 dedicata ai trattamenti estetici per viso, mani e capelli. Dalle scala in gres bianco effetto marmo, posta sul lato sinistro dell\u2019edificio, si scende verso l\u2019interrato, vero cuore del centro; un ambiente dall\u2019atmosfera \u201cmagica\u201d, medievale, che offre agli ospiti un\u2019inaspettata sensazione mistica.<\/p>\n<p>Nell\u2019interrato la Propriet\u00e0 ha voluto realizzare la zona pi\u00f9 pregiata del centro benessere, nonostante le difficolt\u00e0 tecniche e costruttive che lo spazio presentava. L\u2019interrato si contraddistingue infatti per la sua copertura a volta ed \u00e8 completamente realizzato in pietra.<\/p>\n<p>Esteticamente ricorda un\u2019antica cripta ed \u00e8 plausibile pensare che in passato abbia ricoperto proprio tale funzione, data la vicinanza della chiesa di St. Pierre. L\u2019altezza del volume \u00e8 particolarmente limitata, fino ad arrivare a circa un metro e venti centimetri nel punto pi\u00f9 basso. Considerata la mancanza di aperture significative, l\u2019ambiente poneva grandi difficolt\u00e0 tecniche e richiedeva particolari soluzioni progettuali per l\u2019installazione dei necessari impianti di trattamento dell\u2019aria; il tutto senza rovinare un\u2019estetica cos\u00ec caratteristica.<\/p>\n<p>La Propriet\u00e0 ha quindi deciso di varcare i confini nazionali e di rivolgersi allo Studio Apostoli, societ\u00e0 specializzata nella progettazione di SPA e centri benessere a livello internazionale. L\u2019incontro \u00e8 avvenuto a Parigi, in occasione di Equip\u2019hotel, dove Apostoli era presente in veste di ambasciatore per l\u2019Italia.<\/p>\n<h3>Il Concept<\/h3>\n<p>Mettere in risalto l\u2019\u201desistente\u201d dando forza espressiva al progetto. L\u2019idea progettuale proposta da Alberto Apostoli ha subito soddisfatto le aspettative della Committenza, riuscendo a combinare esigenze tecniche ed estetiche, grazie all\u2019intuizione di amalgamare elementi impiantistici a elementi scenografici. Il progetto \u00e8 infatti caratterizzato da un lungo corridoio curvo che conduce verso la zona umida, da un lato, e verso le cabine trattamenti, dall\u2019altro. Nel corridoio \u00e8 stata ricavata una struttura che accoglie tutte le canalizzazioni e le nasconde dietro ad un telo-teso retroilluminato e contenente le bocchette di aerazione. Grazie ad un piccolo accorgimento grafico, le bocchette si fondono nel telo stesso fino a scomparire nel decoro che ricorda le vigne tipiche della citt\u00e0 di Macon, famosa per il suo Chardonnay. In tal modo si \u00e8 evitato l\u2019abituale posizionamento a soffitto delle bocchette che avrebbe ulteriormente ridotto l\u2019altezza disponibile.<\/p>\n<h3>Zoning<\/h3>\n<p>L\u2019area SPA occupa uno spazio di circa 270 metri quadri. La zona umida comprende una sauna finlandese e un bagno a vapore, quasi interamente vetrati; troviamo poi una zona idromassaggio con doccia emozionale e un\u2019 area relax. Per l\u2019area trattamenti sono state invece ricavate due cabine singole e una di coppia. Completa l\u2019ambiente un piccolo angolo tisaneria il cui mobile sembra fluttuare nell\u2019aria, grazie ad una illuminazione posta nella parte sottostante.<\/p>\n<h3>Luce e colori<\/h3>\n<p>Grande attenzione \u00e8 stata data al progetto illuminotecnico, fondamentale per risolvere le difficolt\u00e0 legate ad un ambiente particolarmente angusto. L\u2019illuminazione \u00e8 quasi totalmente indiretta, ottenuta tramite strip led RGB, gestite da un sistema DALI e posizionate lungo il profilo della volta al fine di evidenziarne la curvatura.<\/p>\n<p>Per bilanciare il peso della pietra a vista e rendere l\u2019ambiente pi\u00f9 raffinato, Alberto Apostoli ha lavorato sui colori bianco, nero e inserendo alcuni dettagli oro.<\/p>\n<h3>Materiali e attrezzature<\/h3>\n<p>Lo Studio apostoli ha cercato di privilegiare prodotti italiani; ceramiche, mosaici, pitture e anche i lettini trattamenti sono tutti \u201cmade in Italy\u201d. Alcuni oggetti sono stati realizzati su disegno come la grande lampada che riprende il logo del centro benessere, posizionata nella sala relax. Tutti i mobili sono customizzati, come i numerosi specchi e le grandi superfici vetrate, necessari a fare \u201crespirare\u201d l\u2019ambiente.<\/p>\n<p>Ricercato l\u2019uso di un mosaico ellissoidale che accompagna gli ospiti verso la zona umida, fondendosi con alcuni tagli di gres fine porcellanato appositamente disegnati e messo in rilievo da alcuni punti luce a pavimento.<\/p>\n<h3>Cos\u00ec Apostoli sintetizza il Progetto:<\/h3>\n<p><em>\u201cfin dal primo sopraluogo mi sono reso conto della grande possibilit\u00e0 espressiva e progettuale dello spazio ma, al tempo stesso, delle notevoli complicazioni impiantistiche e costruttive. Abbiamo cercato di creare emozione attraverso un progetto che vertesse su un layout semplice ma non banale e un impegno considerevole in termini di illuminazione, ricerca di materiali e un\u2019attenzione al dettaglio tecnico\/costruttivo tipico del nostro profilo professionale. Ci\u00f2 che \u00e8 risultato particolarmente soddisfacente \u00e8 il connubio materiali pre-esistenze lapidei e materiali contemporanei anche spinti, gestiti attraverso un percorso creativo molto grafico e di contrasto. La Propriet\u00e0 si \u00e8 affidata in toto al nostro pensiero e questo ha determinato un risultato importante dal punto di vista della coerenza stilistica e tecnologica. A riprova che anche nei piccoli progetti si possono raggiungere, con la dovuta dovizia e attenzione, risultati considerevoli in termini di creativit\u00e0 e benessere.\u201d<\/em><\/p>\n<p><a href=\"https:\/\/socialdesignmagazine.com\/mag\/?attachment_id=30748#content\" rel=\"attachment wp-att-30748\"><img loading=\"lazy\" decoding=\"async\" data-attachment-id=\"30748\" data-permalink=\"https:\/\/socialdesignmagazine.com\/mag\/architettura\/una-spa-dallatmosfera-medievale-in-unantica-cripta\/attachment\/una-spa-dallatmosfera-medievale-alberto-apostoli-13\/#content\" data-orig-file=\"https:\/\/socialdesignmagazine.com\/mag\/wp-content\/uploads\/2017\/02\/Una-SPA-dallatmosfera-medievale-Alberto-Apostoli-13.jpg\" data-orig-size=\"1200,800\" data-comments-opened=\"1\" data-image-meta=\"{&quot;aperture&quot;:&quot;0&quot;,&quot;credit&quot;:&quot;&quot;,&quot;camera&quot;:&quot;&quot;,&quot;caption&quot;:&quot;&quot;,&quot;created_timestamp&quot;:&quot;0&quot;,&quot;copyright&quot;:&quot;&quot;,&quot;focal_length&quot;:&quot;0&quot;,&quot;iso&quot;:&quot;0&quot;,&quot;shutter_speed&quot;:&quot;0&quot;,&quot;title&quot;:&quot;&quot;,&quot;orientation&quot;:&quot;0&quot;}\" data-image-title=\"Una SPA dall&amp;#8217;atmosfera medievale &amp;#8211; Alberto Apostoli 13\" data-image-description=\"\" data-image-caption=\"\" data-medium-file=\"https:\/\/socialdesignmagazine.com\/mag\/wp-content\/uploads\/2017\/02\/Una-SPA-dallatmosfera-medievale-Alberto-Apostoli-13-396x256.jpg\" data-large-file=\"https:\/\/socialdesignmagazine.com\/mag\/wp-content\/uploads\/2017\/02\/Una-SPA-dallatmosfera-medievale-Alberto-Apostoli-13-1024x683.jpg\" class=\"alignnone size-large wp-image-30748\" src=\"https:\/\/socialdesignmagazine.com\/mag\/wp-content\/uploads\/2017\/02\/Una-SPA-dallatmosfera-medievale-Alberto-Apostoli-13-1024x683.jpg\" alt=\"Una SPA dall'atmosfera medievale - Alberto Apostoli\" width=\"1024\" height=\"683\" srcset=\"https:\/\/socialdesignmagazine.com\/mag\/wp-content\/uploads\/2017\/02\/Una-SPA-dallatmosfera-medievale-Alberto-Apostoli-13-1024x683.jpg 1024w, https:\/\/socialdesignmagazine.com\/mag\/wp-content\/uploads\/2017\/02\/Una-SPA-dallatmosfera-medievale-Alberto-Apostoli-13-100x66.jpg 100w, https:\/\/socialdesignmagazine.com\/mag\/wp-content\/uploads\/2017\/02\/Una-SPA-dallatmosfera-medievale-Alberto-Apostoli-13-768x512.jpg 768w, https:\/\/socialdesignmagazine.com\/mag\/wp-content\/uploads\/2017\/02\/Una-SPA-dallatmosfera-medievale-Alberto-Apostoli-13.jpg 1200w\" sizes=\"auto, (max-width: 1024px) 100vw, 1024px\" \/><\/a><\/p>\n<p><a href=\"https:\/\/socialdesignmagazine.com\/mag\/?attachment_id=30749#content\" rel=\"attachment wp-att-30749\"><img loading=\"lazy\" decoding=\"async\" data-attachment-id=\"30749\" data-permalink=\"https:\/\/socialdesignmagazine.com\/mag\/architettura\/una-spa-dallatmosfera-medievale-in-unantica-cripta\/attachment\/una-spa-dallatmosfera-medievale-alberto-apostoli-14\/#content\" data-orig-file=\"https:\/\/socialdesignmagazine.com\/mag\/wp-content\/uploads\/2017\/02\/Una-SPA-dallatmosfera-medievale-Alberto-Apostoli-14.jpg\" data-orig-size=\"1200,800\" data-comments-opened=\"1\" data-image-meta=\"{&quot;aperture&quot;:&quot;0&quot;,&quot;credit&quot;:&quot;&quot;,&quot;camera&quot;:&quot;&quot;,&quot;caption&quot;:&quot;&quot;,&quot;created_timestamp&quot;:&quot;0&quot;,&quot;copyright&quot;:&quot;&quot;,&quot;focal_length&quot;:&quot;0&quot;,&quot;iso&quot;:&quot;0&quot;,&quot;shutter_speed&quot;:&quot;0&quot;,&quot;title&quot;:&quot;&quot;,&quot;orientation&quot;:&quot;0&quot;}\" data-image-title=\"Una SPA dall&amp;#8217;atmosfera medievale &amp;#8211; Alberto Apostoli 14\" data-image-description=\"\" data-image-caption=\"\" data-medium-file=\"https:\/\/socialdesignmagazine.com\/mag\/wp-content\/uploads\/2017\/02\/Una-SPA-dallatmosfera-medievale-Alberto-Apostoli-14-396x256.jpg\" data-large-file=\"https:\/\/socialdesignmagazine.com\/mag\/wp-content\/uploads\/2017\/02\/Una-SPA-dallatmosfera-medievale-Alberto-Apostoli-14-1024x683.jpg\" class=\"alignnone size-large wp-image-30749\" src=\"https:\/\/socialdesignmagazine.com\/mag\/wp-content\/uploads\/2017\/02\/Una-SPA-dallatmosfera-medievale-Alberto-Apostoli-14-1024x683.jpg\" alt=\"Una SPA dall'atmosfera medievale - Alberto Apostoli\" width=\"1024\" height=\"683\" srcset=\"https:\/\/socialdesignmagazine.com\/mag\/wp-content\/uploads\/2017\/02\/Una-SPA-dallatmosfera-medievale-Alberto-Apostoli-14-1024x683.jpg 1024w, https:\/\/socialdesignmagazine.com\/mag\/wp-content\/uploads\/2017\/02\/Una-SPA-dallatmosfera-medievale-Alberto-Apostoli-14-100x66.jpg 100w, https:\/\/socialdesignmagazine.com\/mag\/wp-content\/uploads\/2017\/02\/Una-SPA-dallatmosfera-medievale-Alberto-Apostoli-14-768x512.jpg 768w, https:\/\/socialdesignmagazine.com\/mag\/wp-content\/uploads\/2017\/02\/Una-SPA-dallatmosfera-medievale-Alberto-Apostoli-14.jpg 1200w\" sizes=\"auto, (max-width: 1024px) 100vw, 1024px\" \/><\/a><\/p>\n<p><a href=\"https:\/\/socialdesignmagazine.com\/mag\/?attachment_id=30750#content\" rel=\"attachment wp-att-30750\"><img loading=\"lazy\" decoding=\"async\" data-attachment-id=\"30750\" data-permalink=\"https:\/\/socialdesignmagazine.com\/mag\/architettura\/una-spa-dallatmosfera-medievale-in-unantica-cripta\/attachment\/una-spa-dallatmosfera-medievale-alberto-apostoli-15\/#content\" data-orig-file=\"https:\/\/socialdesignmagazine.com\/mag\/wp-content\/uploads\/2017\/02\/Una-SPA-dallatmosfera-medievale-Alberto-Apostoli-15.jpg\" data-orig-size=\"1200,800\" data-comments-opened=\"1\" data-image-meta=\"{&quot;aperture&quot;:&quot;0&quot;,&quot;credit&quot;:&quot;&quot;,&quot;camera&quot;:&quot;&quot;,&quot;caption&quot;:&quot;&quot;,&quot;created_timestamp&quot;:&quot;0&quot;,&quot;copyright&quot;:&quot;&quot;,&quot;focal_length&quot;:&quot;0&quot;,&quot;iso&quot;:&quot;0&quot;,&quot;shutter_speed&quot;:&quot;0&quot;,&quot;title&quot;:&quot;&quot;,&quot;orientation&quot;:&quot;0&quot;}\" data-image-title=\"Una SPA dall&amp;#8217;atmosfera medievale &amp;#8211; Alberto Apostoli 15\" data-image-description=\"\" data-image-caption=\"\" data-medium-file=\"https:\/\/socialdesignmagazine.com\/mag\/wp-content\/uploads\/2017\/02\/Una-SPA-dallatmosfera-medievale-Alberto-Apostoli-15-396x256.jpg\" data-large-file=\"https:\/\/socialdesignmagazine.com\/mag\/wp-content\/uploads\/2017\/02\/Una-SPA-dallatmosfera-medievale-Alberto-Apostoli-15-1024x683.jpg\" class=\"alignnone size-large wp-image-30750\" src=\"https:\/\/socialdesignmagazine.com\/mag\/wp-content\/uploads\/2017\/02\/Una-SPA-dallatmosfera-medievale-Alberto-Apostoli-15-1024x683.jpg\" alt=\"Una SPA dall'atmosfera medievale - Alberto Apostoli\" width=\"1024\" height=\"683\" srcset=\"https:\/\/socialdesignmagazine.com\/mag\/wp-content\/uploads\/2017\/02\/Una-SPA-dallatmosfera-medievale-Alberto-Apostoli-15-1024x683.jpg 1024w, https:\/\/socialdesignmagazine.com\/mag\/wp-content\/uploads\/2017\/02\/Una-SPA-dallatmosfera-medievale-Alberto-Apostoli-15-100x66.jpg 100w, https:\/\/socialdesignmagazine.com\/mag\/wp-content\/uploads\/2017\/02\/Una-SPA-dallatmosfera-medievale-Alberto-Apostoli-15-768x512.jpg 768w, https:\/\/socialdesignmagazine.com\/mag\/wp-content\/uploads\/2017\/02\/Una-SPA-dallatmosfera-medievale-Alberto-Apostoli-15.jpg 1200w\" sizes=\"auto, (max-width: 1024px) 100vw, 1024px\" \/><\/a><\/p>\n<p><a href=\"https:\/\/socialdesignmagazine.com\/mag\/?attachment_id=30751#content\" rel=\"attachment wp-att-30751\"><img loading=\"lazy\" decoding=\"async\" data-attachment-id=\"30751\" data-permalink=\"https:\/\/socialdesignmagazine.com\/mag\/architettura\/una-spa-dallatmosfera-medievale-in-unantica-cripta\/attachment\/una-spa-dallatmosfera-medievale-alberto-apostoli-16\/#content\" data-orig-file=\"https:\/\/socialdesignmagazine.com\/mag\/wp-content\/uploads\/2017\/02\/Una-SPA-dallatmosfera-medievale-Alberto-Apostoli-16.jpg\" data-orig-size=\"1200,800\" data-comments-opened=\"1\" data-image-meta=\"{&quot;aperture&quot;:&quot;0&quot;,&quot;credit&quot;:&quot;&quot;,&quot;camera&quot;:&quot;&quot;,&quot;caption&quot;:&quot;&quot;,&quot;created_timestamp&quot;:&quot;0&quot;,&quot;copyright&quot;:&quot;&quot;,&quot;focal_length&quot;:&quot;0&quot;,&quot;iso&quot;:&quot;0&quot;,&quot;shutter_speed&quot;:&quot;0&quot;,&quot;title&quot;:&quot;&quot;,&quot;orientation&quot;:&quot;0&quot;}\" data-image-title=\"Una SPA dall&amp;#8217;atmosfera medievale &amp;#8211; Alberto Apostoli 16\" data-image-description=\"\" data-image-caption=\"\" data-medium-file=\"https:\/\/socialdesignmagazine.com\/mag\/wp-content\/uploads\/2017\/02\/Una-SPA-dallatmosfera-medievale-Alberto-Apostoli-16-396x256.jpg\" data-large-file=\"https:\/\/socialdesignmagazine.com\/mag\/wp-content\/uploads\/2017\/02\/Una-SPA-dallatmosfera-medievale-Alberto-Apostoli-16-1024x683.jpg\" class=\"alignnone size-large wp-image-30751\" src=\"https:\/\/socialdesignmagazine.com\/mag\/wp-content\/uploads\/2017\/02\/Una-SPA-dallatmosfera-medievale-Alberto-Apostoli-16-1024x683.jpg\" alt=\"Una SPA dall'atmosfera medievale - Alberto Apostoli\" width=\"1024\" height=\"683\" srcset=\"https:\/\/socialdesignmagazine.com\/mag\/wp-content\/uploads\/2017\/02\/Una-SPA-dallatmosfera-medievale-Alberto-Apostoli-16-1024x683.jpg 1024w, https:\/\/socialdesignmagazine.com\/mag\/wp-content\/uploads\/2017\/02\/Una-SPA-dallatmosfera-medievale-Alberto-Apostoli-16-100x66.jpg 100w, https:\/\/socialdesignmagazine.com\/mag\/wp-content\/uploads\/2017\/02\/Una-SPA-dallatmosfera-medievale-Alberto-Apostoli-16-768x512.jpg 768w, https:\/\/socialdesignmagazine.com\/mag\/wp-content\/uploads\/2017\/02\/Una-SPA-dallatmosfera-medievale-Alberto-Apostoli-16.jpg 1200w\" sizes=\"auto, (max-width: 1024px) 100vw, 1024px\" \/><\/a><\/p>\n<p><a href=\"https:\/\/socialdesignmagazine.com\/mag\/?attachment_id=30747#content\" rel=\"attachment wp-att-30747\"><img loading=\"lazy\" decoding=\"async\" data-attachment-id=\"30747\" data-permalink=\"https:\/\/socialdesignmagazine.com\/mag\/architettura\/una-spa-dallatmosfera-medievale-in-unantica-cripta\/attachment\/una-spa-dallatmosfera-medievale-alberto-apostoli-12\/#content\" data-orig-file=\"https:\/\/socialdesignmagazine.com\/mag\/wp-content\/uploads\/2017\/02\/Una-SPA-dallatmosfera-medievale-Alberto-Apostoli-12.jpg\" data-orig-size=\"1200,800\" data-comments-opened=\"1\" data-image-meta=\"{&quot;aperture&quot;:&quot;0&quot;,&quot;credit&quot;:&quot;&quot;,&quot;camera&quot;:&quot;&quot;,&quot;caption&quot;:&quot;&quot;,&quot;created_timestamp&quot;:&quot;0&quot;,&quot;copyright&quot;:&quot;&quot;,&quot;focal_length&quot;:&quot;0&quot;,&quot;iso&quot;:&quot;0&quot;,&quot;shutter_speed&quot;:&quot;0&quot;,&quot;title&quot;:&quot;&quot;,&quot;orientation&quot;:&quot;0&quot;}\" data-image-title=\"Una SPA dall&amp;#8217;atmosfera medievale &amp;#8211; Alberto Apostoli 12\" data-image-description=\"\" data-image-caption=\"\" data-medium-file=\"https:\/\/socialdesignmagazine.com\/mag\/wp-content\/uploads\/2017\/02\/Una-SPA-dallatmosfera-medievale-Alberto-Apostoli-12-396x256.jpg\" data-large-file=\"https:\/\/socialdesignmagazine.com\/mag\/wp-content\/uploads\/2017\/02\/Una-SPA-dallatmosfera-medievale-Alberto-Apostoli-12-1024x683.jpg\" class=\"alignnone size-large wp-image-30747\" src=\"https:\/\/socialdesignmagazine.com\/mag\/wp-content\/uploads\/2017\/02\/Una-SPA-dallatmosfera-medievale-Alberto-Apostoli-12-1024x683.jpg\" alt=\"Una SPA dall'atmosfera medievale - Alberto Apostoli\" width=\"1024\" height=\"683\" srcset=\"https:\/\/socialdesignmagazine.com\/mag\/wp-content\/uploads\/2017\/02\/Una-SPA-dallatmosfera-medievale-Alberto-Apostoli-12-1024x683.jpg 1024w, https:\/\/socialdesignmagazine.com\/mag\/wp-content\/uploads\/2017\/02\/Una-SPA-dallatmosfera-medievale-Alberto-Apostoli-12-100x66.jpg 100w, https:\/\/socialdesignmagazine.com\/mag\/wp-content\/uploads\/2017\/02\/Una-SPA-dallatmosfera-medievale-Alberto-Apostoli-12-768x512.jpg 768w, https:\/\/socialdesignmagazine.com\/mag\/wp-content\/uploads\/2017\/02\/Una-SPA-dallatmosfera-medievale-Alberto-Apostoli-12.jpg 1200w\" sizes=\"auto, (max-width: 1024px) 100vw, 1024px\" \/><\/a><\/p>\n<p><a href=\"https:\/\/socialdesignmagazine.com\/mag\/?attachment_id=30746#content\" rel=\"attachment wp-att-30746\"><img loading=\"lazy\" decoding=\"async\" data-attachment-id=\"30746\" data-permalink=\"https:\/\/socialdesignmagazine.com\/mag\/architettura\/una-spa-dallatmosfera-medievale-in-unantica-cripta\/attachment\/una-spa-dallatmosfera-medievale-alberto-apostoli-11\/#content\" data-orig-file=\"https:\/\/socialdesignmagazine.com\/mag\/wp-content\/uploads\/2017\/02\/Una-SPA-dallatmosfera-medievale-Alberto-Apostoli-11.jpg\" data-orig-size=\"1200,1798\" data-comments-opened=\"1\" data-image-meta=\"{&quot;aperture&quot;:&quot;0&quot;,&quot;credit&quot;:&quot;&quot;,&quot;camera&quot;:&quot;&quot;,&quot;caption&quot;:&quot;&quot;,&quot;created_timestamp&quot;:&quot;0&quot;,&quot;copyright&quot;:&quot;&quot;,&quot;focal_length&quot;:&quot;0&quot;,&quot;iso&quot;:&quot;0&quot;,&quot;shutter_speed&quot;:&quot;0&quot;,&quot;title&quot;:&quot;&quot;,&quot;orientation&quot;:&quot;0&quot;}\" data-image-title=\"Una SPA dall&amp;#8217;atmosfera medievale &amp;#8211; Alberto Apostoli 11\" data-image-description=\"\" data-image-caption=\"\" data-medium-file=\"https:\/\/socialdesignmagazine.com\/mag\/wp-content\/uploads\/2017\/02\/Una-SPA-dallatmosfera-medievale-Alberto-Apostoli-11-396x256.jpg\" data-large-file=\"https:\/\/socialdesignmagazine.com\/mag\/wp-content\/uploads\/2017\/02\/Una-SPA-dallatmosfera-medievale-Alberto-Apostoli-11-1024x1534.jpg\" class=\"alignnone size-large wp-image-30746\" src=\"https:\/\/socialdesignmagazine.com\/mag\/wp-content\/uploads\/2017\/02\/Una-SPA-dallatmosfera-medievale-Alberto-Apostoli-11-1024x1534.jpg\" alt=\"Una SPA dall'atmosfera medievale - Alberto Apostoli\" width=\"1024\" height=\"1534\" srcset=\"https:\/\/socialdesignmagazine.com\/mag\/wp-content\/uploads\/2017\/02\/Una-SPA-dallatmosfera-medievale-Alberto-Apostoli-11-1024x1534.jpg 1024w, https:\/\/socialdesignmagazine.com\/mag\/wp-content\/uploads\/2017\/02\/Una-SPA-dallatmosfera-medievale-Alberto-Apostoli-11-768x1151.jpg 768w, https:\/\/socialdesignmagazine.com\/mag\/wp-content\/uploads\/2017\/02\/Una-SPA-dallatmosfera-medievale-Alberto-Apostoli-11.jpg 1200w\" sizes=\"auto, (max-width: 1024px) 100vw, 1024px\" \/><\/a><\/p>\n<p><a href=\"https:\/\/socialdesignmagazine.com\/mag\/?attachment_id=30744#content\" rel=\"attachment wp-att-30744\"><img loading=\"lazy\" decoding=\"async\" data-attachment-id=\"30744\" data-permalink=\"https:\/\/socialdesignmagazine.com\/mag\/architettura\/una-spa-dallatmosfera-medievale-in-unantica-cripta\/attachment\/una-spa-dallatmosfera-medievale-alberto-apostoli-09\/#content\" data-orig-file=\"https:\/\/socialdesignmagazine.com\/mag\/wp-content\/uploads\/2017\/02\/Una-SPA-dallatmosfera-medievale-Alberto-Apostoli-09.jpg\" data-orig-size=\"1200,800\" data-comments-opened=\"1\" data-image-meta=\"{&quot;aperture&quot;:&quot;0&quot;,&quot;credit&quot;:&quot;&quot;,&quot;camera&quot;:&quot;&quot;,&quot;caption&quot;:&quot;&quot;,&quot;created_timestamp&quot;:&quot;0&quot;,&quot;copyright&quot;:&quot;&quot;,&quot;focal_length&quot;:&quot;0&quot;,&quot;iso&quot;:&quot;0&quot;,&quot;shutter_speed&quot;:&quot;0&quot;,&quot;title&quot;:&quot;&quot;,&quot;orientation&quot;:&quot;0&quot;}\" data-image-title=\"Una SPA dall&amp;#8217;atmosfera medievale &amp;#8211; Alberto Apostoli 09\" data-image-description=\"\" data-image-caption=\"\" data-medium-file=\"https:\/\/socialdesignmagazine.com\/mag\/wp-content\/uploads\/2017\/02\/Una-SPA-dallatmosfera-medievale-Alberto-Apostoli-09-396x256.jpg\" data-large-file=\"https:\/\/socialdesignmagazine.com\/mag\/wp-content\/uploads\/2017\/02\/Una-SPA-dallatmosfera-medievale-Alberto-Apostoli-09-1024x683.jpg\" class=\"alignnone size-large wp-image-30744\" src=\"https:\/\/socialdesignmagazine.com\/mag\/wp-content\/uploads\/2017\/02\/Una-SPA-dallatmosfera-medievale-Alberto-Apostoli-09-1024x683.jpg\" alt=\"Una SPA dall'atmosfera medievale - Alberto Apostoli\" width=\"1024\" height=\"683\" srcset=\"https:\/\/socialdesignmagazine.com\/mag\/wp-content\/uploads\/2017\/02\/Una-SPA-dallatmosfera-medievale-Alberto-Apostoli-09-1024x683.jpg 1024w, https:\/\/socialdesignmagazine.com\/mag\/wp-content\/uploads\/2017\/02\/Una-SPA-dallatmosfera-medievale-Alberto-Apostoli-09-100x66.jpg 100w, https:\/\/socialdesignmagazine.com\/mag\/wp-content\/uploads\/2017\/02\/Una-SPA-dallatmosfera-medievale-Alberto-Apostoli-09-768x512.jpg 768w, https:\/\/socialdesignmagazine.com\/mag\/wp-content\/uploads\/2017\/02\/Una-SPA-dallatmosfera-medievale-Alberto-Apostoli-09.jpg 1200w\" sizes=\"auto, (max-width: 1024px) 100vw, 1024px\" \/><\/a><\/p>\n<p><a href=\"https:\/\/socialdesignmagazine.com\/mag\/?attachment_id=30743#content\" rel=\"attachment wp-att-30743\"><img loading=\"lazy\" decoding=\"async\" data-attachment-id=\"30743\" data-permalink=\"https:\/\/socialdesignmagazine.com\/mag\/architettura\/una-spa-dallatmosfera-medievale-in-unantica-cripta\/attachment\/una-spa-dallatmosfera-medievale-alberto-apostoli-08\/#content\" data-orig-file=\"https:\/\/socialdesignmagazine.com\/mag\/wp-content\/uploads\/2017\/02\/Una-SPA-dallatmosfera-medievale-Alberto-Apostoli-08.jpg\" data-orig-size=\"1200,800\" data-comments-opened=\"1\" data-image-meta=\"{&quot;aperture&quot;:&quot;0&quot;,&quot;credit&quot;:&quot;&quot;,&quot;camera&quot;:&quot;&quot;,&quot;caption&quot;:&quot;&quot;,&quot;created_timestamp&quot;:&quot;0&quot;,&quot;copyright&quot;:&quot;&quot;,&quot;focal_length&quot;:&quot;0&quot;,&quot;iso&quot;:&quot;0&quot;,&quot;shutter_speed&quot;:&quot;0&quot;,&quot;title&quot;:&quot;&quot;,&quot;orientation&quot;:&quot;0&quot;}\" data-image-title=\"Una SPA dall&amp;#8217;atmosfera medievale &amp;#8211; Alberto Apostoli 08\" data-image-description=\"\" data-image-caption=\"\" data-medium-file=\"https:\/\/socialdesignmagazine.com\/mag\/wp-content\/uploads\/2017\/02\/Una-SPA-dallatmosfera-medievale-Alberto-Apostoli-08-396x256.jpg\" data-large-file=\"https:\/\/socialdesignmagazine.com\/mag\/wp-content\/uploads\/2017\/02\/Una-SPA-dallatmosfera-medievale-Alberto-Apostoli-08-1024x683.jpg\" class=\"alignnone size-large wp-image-30743\" src=\"https:\/\/socialdesignmagazine.com\/mag\/wp-content\/uploads\/2017\/02\/Una-SPA-dallatmosfera-medievale-Alberto-Apostoli-08-1024x683.jpg\" alt=\"Una SPA dall'atmosfera medievale - Alberto Apostoli\" width=\"1024\" height=\"683\" srcset=\"https:\/\/socialdesignmagazine.com\/mag\/wp-content\/uploads\/2017\/02\/Una-SPA-dallatmosfera-medievale-Alberto-Apostoli-08-1024x683.jpg 1024w, https:\/\/socialdesignmagazine.com\/mag\/wp-content\/uploads\/2017\/02\/Una-SPA-dallatmosfera-medievale-Alberto-Apostoli-08-100x66.jpg 100w, https:\/\/socialdesignmagazine.com\/mag\/wp-content\/uploads\/2017\/02\/Una-SPA-dallatmosfera-medievale-Alberto-Apostoli-08-768x512.jpg 768w, https:\/\/socialdesignmagazine.com\/mag\/wp-content\/uploads\/2017\/02\/Una-SPA-dallatmosfera-medievale-Alberto-Apostoli-08.jpg 1200w\" sizes=\"auto, (max-width: 1024px) 100vw, 1024px\" \/><\/a><\/p>\n<p><a href=\"https:\/\/socialdesignmagazine.com\/mag\/?attachment_id=30742#content\" rel=\"attachment wp-att-30742\"><img loading=\"lazy\" decoding=\"async\" data-attachment-id=\"30742\" data-permalink=\"https:\/\/socialdesignmagazine.com\/mag\/architettura\/una-spa-dallatmosfera-medievale-in-unantica-cripta\/attachment\/una-spa-dallatmosfera-medievale-alberto-apostoli-07\/#content\" data-orig-file=\"https:\/\/socialdesignmagazine.com\/mag\/wp-content\/uploads\/2017\/02\/Una-SPA-dallatmosfera-medievale-Alberto-Apostoli-07.jpg\" data-orig-size=\"1200,800\" data-comments-opened=\"1\" data-image-meta=\"{&quot;aperture&quot;:&quot;0&quot;,&quot;credit&quot;:&quot;&quot;,&quot;camera&quot;:&quot;&quot;,&quot;caption&quot;:&quot;&quot;,&quot;created_timestamp&quot;:&quot;0&quot;,&quot;copyright&quot;:&quot;&quot;,&quot;focal_length&quot;:&quot;0&quot;,&quot;iso&quot;:&quot;0&quot;,&quot;shutter_speed&quot;:&quot;0&quot;,&quot;title&quot;:&quot;&quot;,&quot;orientation&quot;:&quot;0&quot;}\" data-image-title=\"Una SPA dall&amp;#8217;atmosfera medievale &amp;#8211; Alberto Apostoli 07\" data-image-description=\"\" data-image-caption=\"\" data-medium-file=\"https:\/\/socialdesignmagazine.com\/mag\/wp-content\/uploads\/2017\/02\/Una-SPA-dallatmosfera-medievale-Alberto-Apostoli-07-396x256.jpg\" data-large-file=\"https:\/\/socialdesignmagazine.com\/mag\/wp-content\/uploads\/2017\/02\/Una-SPA-dallatmosfera-medievale-Alberto-Apostoli-07-1024x683.jpg\" class=\"alignnone size-large wp-image-30742\" src=\"https:\/\/socialdesignmagazine.com\/mag\/wp-content\/uploads\/2017\/02\/Una-SPA-dallatmosfera-medievale-Alberto-Apostoli-07-1024x683.jpg\" alt=\"Una SPA dall'atmosfera medievale - Alberto Apostoli\" width=\"1024\" height=\"683\" srcset=\"https:\/\/socialdesignmagazine.com\/mag\/wp-content\/uploads\/2017\/02\/Una-SPA-dallatmosfera-medievale-Alberto-Apostoli-07-1024x683.jpg 1024w, https:\/\/socialdesignmagazine.com\/mag\/wp-content\/uploads\/2017\/02\/Una-SPA-dallatmosfera-medievale-Alberto-Apostoli-07-100x66.jpg 100w, https:\/\/socialdesignmagazine.com\/mag\/wp-content\/uploads\/2017\/02\/Una-SPA-dallatmosfera-medievale-Alberto-Apostoli-07-768x512.jpg 768w, https:\/\/socialdesignmagazine.com\/mag\/wp-content\/uploads\/2017\/02\/Una-SPA-dallatmosfera-medievale-Alberto-Apostoli-07.jpg 1200w\" sizes=\"auto, (max-width: 1024px) 100vw, 1024px\" \/><\/a><\/p>\n<p><a href=\"https:\/\/socialdesignmagazine.com\/mag\/?attachment_id=30741#content\" rel=\"attachment wp-att-30741\"><img loading=\"lazy\" decoding=\"async\" data-attachment-id=\"30741\" data-permalink=\"https:\/\/socialdesignmagazine.com\/mag\/architettura\/una-spa-dallatmosfera-medievale-in-unantica-cripta\/attachment\/una-spa-dallatmosfera-medievale-alberto-apostoli-06\/#content\" data-orig-file=\"https:\/\/socialdesignmagazine.com\/mag\/wp-content\/uploads\/2017\/02\/Una-SPA-dallatmosfera-medievale-Alberto-Apostoli-06.jpg\" data-orig-size=\"1200,1798\" data-comments-opened=\"1\" data-image-meta=\"{&quot;aperture&quot;:&quot;0&quot;,&quot;credit&quot;:&quot;&quot;,&quot;camera&quot;:&quot;&quot;,&quot;caption&quot;:&quot;&quot;,&quot;created_timestamp&quot;:&quot;0&quot;,&quot;copyright&quot;:&quot;&quot;,&quot;focal_length&quot;:&quot;0&quot;,&quot;iso&quot;:&quot;0&quot;,&quot;shutter_speed&quot;:&quot;0&quot;,&quot;title&quot;:&quot;&quot;,&quot;orientation&quot;:&quot;0&quot;}\" data-image-title=\"Una SPA dall&amp;#8217;atmosfera medievale &amp;#8211; Alberto Apostoli 06\" data-image-description=\"\" data-image-caption=\"\" data-medium-file=\"https:\/\/socialdesignmagazine.com\/mag\/wp-content\/uploads\/2017\/02\/Una-SPA-dallatmosfera-medievale-Alberto-Apostoli-06-396x256.jpg\" data-large-file=\"https:\/\/socialdesignmagazine.com\/mag\/wp-content\/uploads\/2017\/02\/Una-SPA-dallatmosfera-medievale-Alberto-Apostoli-06-1024x1534.jpg\" class=\"alignnone size-large wp-image-30741\" src=\"https:\/\/socialdesignmagazine.com\/mag\/wp-content\/uploads\/2017\/02\/Una-SPA-dallatmosfera-medievale-Alberto-Apostoli-06-1024x1534.jpg\" alt=\"Una SPA dall'atmosfera medievale - Alberto Apostoli\" width=\"1024\" height=\"1534\" srcset=\"https:\/\/socialdesignmagazine.com\/mag\/wp-content\/uploads\/2017\/02\/Una-SPA-dallatmosfera-medievale-Alberto-Apostoli-06-1024x1534.jpg 1024w, https:\/\/socialdesignmagazine.com\/mag\/wp-content\/uploads\/2017\/02\/Una-SPA-dallatmosfera-medievale-Alberto-Apostoli-06-768x1151.jpg 768w, https:\/\/socialdesignmagazine.com\/mag\/wp-content\/uploads\/2017\/02\/Una-SPA-dallatmosfera-medievale-Alberto-Apostoli-06.jpg 1200w\" sizes=\"auto, (max-width: 1024px) 100vw, 1024px\" \/><\/a><\/p>\n<p><a href=\"https:\/\/socialdesignmagazine.com\/mag\/?attachment_id=30740#content\" rel=\"attachment wp-att-30740\"><img loading=\"lazy\" decoding=\"async\" data-attachment-id=\"30740\" data-permalink=\"https:\/\/socialdesignmagazine.com\/mag\/architettura\/una-spa-dallatmosfera-medievale-in-unantica-cripta\/attachment\/una-spa-dallatmosfera-medievale-alberto-apostoli-05\/#content\" data-orig-file=\"https:\/\/socialdesignmagazine.com\/mag\/wp-content\/uploads\/2017\/02\/Una-SPA-dallatmosfera-medievale-Alberto-Apostoli-05.jpg\" data-orig-size=\"1200,800\" data-comments-opened=\"1\" data-image-meta=\"{&quot;aperture&quot;:&quot;0&quot;,&quot;credit&quot;:&quot;&quot;,&quot;camera&quot;:&quot;&quot;,&quot;caption&quot;:&quot;&quot;,&quot;created_timestamp&quot;:&quot;0&quot;,&quot;copyright&quot;:&quot;&quot;,&quot;focal_length&quot;:&quot;0&quot;,&quot;iso&quot;:&quot;0&quot;,&quot;shutter_speed&quot;:&quot;0&quot;,&quot;title&quot;:&quot;&quot;,&quot;orientation&quot;:&quot;0&quot;}\" data-image-title=\"Una SPA dall&amp;#8217;atmosfera medievale &amp;#8211; Alberto Apostoli 05\" data-image-description=\"\" data-image-caption=\"\" data-medium-file=\"https:\/\/socialdesignmagazine.com\/mag\/wp-content\/uploads\/2017\/02\/Una-SPA-dallatmosfera-medievale-Alberto-Apostoli-05-396x256.jpg\" data-large-file=\"https:\/\/socialdesignmagazine.com\/mag\/wp-content\/uploads\/2017\/02\/Una-SPA-dallatmosfera-medievale-Alberto-Apostoli-05-1024x683.jpg\" class=\"alignnone size-large wp-image-30740\" src=\"https:\/\/socialdesignmagazine.com\/mag\/wp-content\/uploads\/2017\/02\/Una-SPA-dallatmosfera-medievale-Alberto-Apostoli-05-1024x683.jpg\" alt=\"Una SPA dall'atmosfera medievale - Alberto Apostoli\" width=\"1024\" height=\"683\" srcset=\"https:\/\/socialdesignmagazine.com\/mag\/wp-content\/uploads\/2017\/02\/Una-SPA-dallatmosfera-medievale-Alberto-Apostoli-05-1024x683.jpg 1024w, https:\/\/socialdesignmagazine.com\/mag\/wp-content\/uploads\/2017\/02\/Una-SPA-dallatmosfera-medievale-Alberto-Apostoli-05-100x66.jpg 100w, https:\/\/socialdesignmagazine.com\/mag\/wp-content\/uploads\/2017\/02\/Una-SPA-dallatmosfera-medievale-Alberto-Apostoli-05-768x512.jpg 768w, https:\/\/socialdesignmagazine.com\/mag\/wp-content\/uploads\/2017\/02\/Una-SPA-dallatmosfera-medievale-Alberto-Apostoli-05.jpg 1200w\" sizes=\"auto, (max-width: 1024px) 100vw, 1024px\" \/><\/a><\/p>\n<p><a href=\"https:\/\/socialdesignmagazine.com\/mag\/?attachment_id=30739#content\" rel=\"attachment wp-att-30739\"><img loading=\"lazy\" decoding=\"async\" data-attachment-id=\"30739\" data-permalink=\"https:\/\/socialdesignmagazine.com\/mag\/architettura\/una-spa-dallatmosfera-medievale-in-unantica-cripta\/attachment\/una-spa-dallatmosfera-medievale-alberto-apostoli-04\/#content\" data-orig-file=\"https:\/\/socialdesignmagazine.com\/mag\/wp-content\/uploads\/2017\/02\/Una-SPA-dallatmosfera-medievale-Alberto-Apostoli-04.jpg\" data-orig-size=\"1200,800\" data-comments-opened=\"1\" data-image-meta=\"{&quot;aperture&quot;:&quot;0&quot;,&quot;credit&quot;:&quot;&quot;,&quot;camera&quot;:&quot;&quot;,&quot;caption&quot;:&quot;&quot;,&quot;created_timestamp&quot;:&quot;0&quot;,&quot;copyright&quot;:&quot;&quot;,&quot;focal_length&quot;:&quot;0&quot;,&quot;iso&quot;:&quot;0&quot;,&quot;shutter_speed&quot;:&quot;0&quot;,&quot;title&quot;:&quot;&quot;,&quot;orientation&quot;:&quot;0&quot;}\" data-image-title=\"Una SPA dall&amp;#8217;atmosfera medievale &amp;#8211; Alberto Apostoli 04\" data-image-description=\"\" data-image-caption=\"\" data-medium-file=\"https:\/\/socialdesignmagazine.com\/mag\/wp-content\/uploads\/2017\/02\/Una-SPA-dallatmosfera-medievale-Alberto-Apostoli-04-396x256.jpg\" data-large-file=\"https:\/\/socialdesignmagazine.com\/mag\/wp-content\/uploads\/2017\/02\/Una-SPA-dallatmosfera-medievale-Alberto-Apostoli-04-1024x683.jpg\" class=\"alignnone size-large wp-image-30739\" src=\"https:\/\/socialdesignmagazine.com\/mag\/wp-content\/uploads\/2017\/02\/Una-SPA-dallatmosfera-medievale-Alberto-Apostoli-04-1024x683.jpg\" alt=\"Una SPA dall'atmosfera medievale - Alberto Apostoli\" width=\"1024\" height=\"683\" srcset=\"https:\/\/socialdesignmagazine.com\/mag\/wp-content\/uploads\/2017\/02\/Una-SPA-dallatmosfera-medievale-Alberto-Apostoli-04-1024x683.jpg 1024w, https:\/\/socialdesignmagazine.com\/mag\/wp-content\/uploads\/2017\/02\/Una-SPA-dallatmosfera-medievale-Alberto-Apostoli-04-100x66.jpg 100w, https:\/\/socialdesignmagazine.com\/mag\/wp-content\/uploads\/2017\/02\/Una-SPA-dallatmosfera-medievale-Alberto-Apostoli-04-768x512.jpg 768w, https:\/\/socialdesignmagazine.com\/mag\/wp-content\/uploads\/2017\/02\/Una-SPA-dallatmosfera-medievale-Alberto-Apostoli-04.jpg 1200w\" sizes=\"auto, (max-width: 1024px) 100vw, 1024px\" \/><\/a><\/p>\n<p><a href=\"https:\/\/socialdesignmagazine.com\/mag\/?attachment_id=30738#content\" rel=\"attachment wp-att-30738\"><img loading=\"lazy\" decoding=\"async\" data-attachment-id=\"30738\" data-permalink=\"https:\/\/socialdesignmagazine.com\/mag\/architettura\/una-spa-dallatmosfera-medievale-in-unantica-cripta\/attachment\/una-spa-dallatmosfera-medievale-alberto-apostoli-03\/#content\" data-orig-file=\"https:\/\/socialdesignmagazine.com\/mag\/wp-content\/uploads\/2017\/02\/Una-SPA-dallatmosfera-medievale-Alberto-Apostoli-03.jpg\" data-orig-size=\"1200,1798\" data-comments-opened=\"1\" data-image-meta=\"{&quot;aperture&quot;:&quot;0&quot;,&quot;credit&quot;:&quot;&quot;,&quot;camera&quot;:&quot;&quot;,&quot;caption&quot;:&quot;&quot;,&quot;created_timestamp&quot;:&quot;0&quot;,&quot;copyright&quot;:&quot;&quot;,&quot;focal_length&quot;:&quot;0&quot;,&quot;iso&quot;:&quot;0&quot;,&quot;shutter_speed&quot;:&quot;0&quot;,&quot;title&quot;:&quot;&quot;,&quot;orientation&quot;:&quot;0&quot;}\" data-image-title=\"Una SPA dall&amp;#8217;atmosfera medievale &amp;#8211; Alberto Apostoli 03\" data-image-description=\"\" data-image-caption=\"\" data-medium-file=\"https:\/\/socialdesignmagazine.com\/mag\/wp-content\/uploads\/2017\/02\/Una-SPA-dallatmosfera-medievale-Alberto-Apostoli-03-396x256.jpg\" data-large-file=\"https:\/\/socialdesignmagazine.com\/mag\/wp-content\/uploads\/2017\/02\/Una-SPA-dallatmosfera-medievale-Alberto-Apostoli-03-1024x1534.jpg\" class=\"alignnone size-large wp-image-30738\" src=\"https:\/\/socialdesignmagazine.com\/mag\/wp-content\/uploads\/2017\/02\/Una-SPA-dallatmosfera-medievale-Alberto-Apostoli-03-1024x1534.jpg\" alt=\"Una SPA dall'atmosfera medievale - Alberto Apostoli\" width=\"1024\" height=\"1534\" srcset=\"https:\/\/socialdesignmagazine.com\/mag\/wp-content\/uploads\/2017\/02\/Una-SPA-dallatmosfera-medievale-Alberto-Apostoli-03-1024x1534.jpg 1024w, https:\/\/socialdesignmagazine.com\/mag\/wp-content\/uploads\/2017\/02\/Una-SPA-dallatmosfera-medievale-Alberto-Apostoli-03-768x1151.jpg 768w, https:\/\/socialdesignmagazine.com\/mag\/wp-content\/uploads\/2017\/02\/Una-SPA-dallatmosfera-medievale-Alberto-Apostoli-03.jpg 1200w\" sizes=\"auto, (max-width: 1024px) 100vw, 1024px\" \/><\/a><\/p>\n<p><a href=\"https:\/\/socialdesignmagazine.com\/mag\/?attachment_id=30737#content\" rel=\"attachment wp-att-30737\"><img loading=\"lazy\" decoding=\"async\" data-attachment-id=\"30737\" data-permalink=\"https:\/\/socialdesignmagazine.com\/mag\/architettura\/una-spa-dallatmosfera-medievale-in-unantica-cripta\/attachment\/una-spa-dallatmosfera-medievale-alberto-apostoli-02\/#content\" data-orig-file=\"https:\/\/socialdesignmagazine.com\/mag\/wp-content\/uploads\/2017\/02\/Una-SPA-dallatmosfera-medievale-Alberto-Apostoli-02.jpg\" data-orig-size=\"1200,800\" data-comments-opened=\"1\" data-image-meta=\"{&quot;aperture&quot;:&quot;0&quot;,&quot;credit&quot;:&quot;&quot;,&quot;camera&quot;:&quot;&quot;,&quot;caption&quot;:&quot;&quot;,&quot;created_timestamp&quot;:&quot;0&quot;,&quot;copyright&quot;:&quot;&quot;,&quot;focal_length&quot;:&quot;0&quot;,&quot;iso&quot;:&quot;0&quot;,&quot;shutter_speed&quot;:&quot;0&quot;,&quot;title&quot;:&quot;&quot;,&quot;orientation&quot;:&quot;0&quot;}\" data-image-title=\"Una SPA dall&amp;#8217;atmosfera medievale &amp;#8211; Alberto Apostoli 02\" data-image-description=\"\" data-image-caption=\"\" data-medium-file=\"https:\/\/socialdesignmagazine.com\/mag\/wp-content\/uploads\/2017\/02\/Una-SPA-dallatmosfera-medievale-Alberto-Apostoli-02-396x256.jpg\" data-large-file=\"https:\/\/socialdesignmagazine.com\/mag\/wp-content\/uploads\/2017\/02\/Una-SPA-dallatmosfera-medievale-Alberto-Apostoli-02-1024x683.jpg\" class=\"alignnone size-large wp-image-30737\" src=\"https:\/\/socialdesignmagazine.com\/mag\/wp-content\/uploads\/2017\/02\/Una-SPA-dallatmosfera-medievale-Alberto-Apostoli-02-1024x683.jpg\" alt=\"Una SPA dall'atmosfera medievale - Alberto Apostoli\" width=\"1024\" height=\"683\" srcset=\"https:\/\/socialdesignmagazine.com\/mag\/wp-content\/uploads\/2017\/02\/Una-SPA-dallatmosfera-medievale-Alberto-Apostoli-02-1024x683.jpg 1024w, https:\/\/socialdesignmagazine.com\/mag\/wp-content\/uploads\/2017\/02\/Una-SPA-dallatmosfera-medievale-Alberto-Apostoli-02-100x66.jpg 100w, https:\/\/socialdesignmagazine.com\/mag\/wp-content\/uploads\/2017\/02\/Una-SPA-dallatmosfera-medievale-Alberto-Apostoli-02-768x512.jpg 768w, https:\/\/socialdesignmagazine.com\/mag\/wp-content\/uploads\/2017\/02\/Una-SPA-dallatmosfera-medievale-Alberto-Apostoli-02.jpg 1200w\" sizes=\"auto, (max-width: 1024px) 100vw, 1024px\" \/><\/a><\/p>\n<p><a href=\"https:\/\/socialdesignmagazine.com\/mag\/?attachment_id=30736#content\" rel=\"attachment wp-att-30736\"><img loading=\"lazy\" decoding=\"async\" data-attachment-id=\"30736\" data-permalink=\"https:\/\/socialdesignmagazine.com\/mag\/architettura\/una-spa-dallatmosfera-medievale-in-unantica-cripta\/attachment\/una-spa-dallatmosfera-medievale-alberto-apostoli-01\/#content\" data-orig-file=\"https:\/\/socialdesignmagazine.com\/mag\/wp-content\/uploads\/2017\/02\/Una-SPA-dallatmosfera-medievale-Alberto-Apostoli-01.jpg\" data-orig-size=\"1200,675\" data-comments-opened=\"1\" data-image-meta=\"{&quot;aperture&quot;:&quot;0&quot;,&quot;credit&quot;:&quot;&quot;,&quot;camera&quot;:&quot;&quot;,&quot;caption&quot;:&quot;&quot;,&quot;created_timestamp&quot;:&quot;0&quot;,&quot;copyright&quot;:&quot;&quot;,&quot;focal_length&quot;:&quot;0&quot;,&quot;iso&quot;:&quot;0&quot;,&quot;shutter_speed&quot;:&quot;0&quot;,&quot;title&quot;:&quot;&quot;,&quot;orientation&quot;:&quot;0&quot;}\" data-image-title=\"Una SPA dall&amp;#8217;atmosfera medievale &amp;#8211; Alberto Apostoli 01\" data-image-description=\"\" data-image-caption=\"\" data-medium-file=\"https:\/\/socialdesignmagazine.com\/mag\/wp-content\/uploads\/2017\/02\/Una-SPA-dallatmosfera-medievale-Alberto-Apostoli-01-396x256.jpg\" data-large-file=\"https:\/\/socialdesignmagazine.com\/mag\/wp-content\/uploads\/2017\/02\/Una-SPA-dallatmosfera-medievale-Alberto-Apostoli-01-1024x576.jpg\" class=\"alignnone size-large wp-image-30736\" src=\"https:\/\/socialdesignmagazine.com\/mag\/wp-content\/uploads\/2017\/02\/Una-SPA-dallatmosfera-medievale-Alberto-Apostoli-01-1024x576.jpg\" alt=\"Una SPA dall'atmosfera medievale - Alberto Apostoli\" width=\"1024\" height=\"576\" srcset=\"https:\/\/socialdesignmagazine.com\/mag\/wp-content\/uploads\/2017\/02\/Una-SPA-dallatmosfera-medievale-Alberto-Apostoli-01-1024x576.jpg 1024w, https:\/\/socialdesignmagazine.com\/mag\/wp-content\/uploads\/2017\/02\/Una-SPA-dallatmosfera-medievale-Alberto-Apostoli-01-768x432.jpg 768w, https:\/\/socialdesignmagazine.com\/mag\/wp-content\/uploads\/2017\/02\/Una-SPA-dallatmosfera-medievale-Alberto-Apostoli-01.jpg 1200w\" sizes=\"auto, (max-width: 1024px) 100vw, 1024px\" \/><\/a><\/p>\n<p><a href=\"https:\/\/socialdesignmagazine.com\/mag\/?attachment_id=30732#content\" rel=\"attachment wp-att-30732\"><img loading=\"lazy\" decoding=\"async\" data-attachment-id=\"30732\" data-permalink=\"https:\/\/socialdesignmagazine.com\/mag\/architettura\/una-spa-dallatmosfera-medievale-in-unantica-cripta\/attachment\/una-spa-dallatmosfera-medievale-alberto-apostoli-17\/#content\" data-orig-file=\"https:\/\/socialdesignmagazine.com\/mag\/wp-content\/uploads\/2017\/02\/Una-SPA-dallatmosfera-medievale-Alberto-Apostoli-17.jpg\" data-orig-size=\"1200,800\" data-comments-opened=\"1\" data-image-meta=\"{&quot;aperture&quot;:&quot;0&quot;,&quot;credit&quot;:&quot;&quot;,&quot;camera&quot;:&quot;&quot;,&quot;caption&quot;:&quot;&quot;,&quot;created_timestamp&quot;:&quot;0&quot;,&quot;copyright&quot;:&quot;&quot;,&quot;focal_length&quot;:&quot;0&quot;,&quot;iso&quot;:&quot;0&quot;,&quot;shutter_speed&quot;:&quot;0&quot;,&quot;title&quot;:&quot;&quot;,&quot;orientation&quot;:&quot;0&quot;}\" data-image-title=\"Una SPA dall&amp;#8217;atmosfera medievale &amp;#8211; Alberto Apostoli 17\" data-image-description=\"\" data-image-caption=\"\" data-medium-file=\"https:\/\/socialdesignmagazine.com\/mag\/wp-content\/uploads\/2017\/02\/Una-SPA-dallatmosfera-medievale-Alberto-Apostoli-17-396x256.jpg\" data-large-file=\"https:\/\/socialdesignmagazine.com\/mag\/wp-content\/uploads\/2017\/02\/Una-SPA-dallatmosfera-medievale-Alberto-Apostoli-17-1024x683.jpg\" class=\"alignnone size-large wp-image-30732\" src=\"https:\/\/socialdesignmagazine.com\/mag\/wp-content\/uploads\/2017\/02\/Una-SPA-dallatmosfera-medievale-Alberto-Apostoli-17-1024x683.jpg\" alt=\"Una SPA dall'atmosfera medievale - Alberto Apostoli\" width=\"1024\" height=\"683\" srcset=\"https:\/\/socialdesignmagazine.com\/mag\/wp-content\/uploads\/2017\/02\/Una-SPA-dallatmosfera-medievale-Alberto-Apostoli-17-1024x683.jpg 1024w, https:\/\/socialdesignmagazine.com\/mag\/wp-content\/uploads\/2017\/02\/Una-SPA-dallatmosfera-medievale-Alberto-Apostoli-17-100x66.jpg 100w, https:\/\/socialdesignmagazine.com\/mag\/wp-content\/uploads\/2017\/02\/Una-SPA-dallatmosfera-medievale-Alberto-Apostoli-17-768x512.jpg 768w, https:\/\/socialdesignmagazine.com\/mag\/wp-content\/uploads\/2017\/02\/Una-SPA-dallatmosfera-medievale-Alberto-Apostoli-17.jpg 1200w\" sizes=\"auto, (max-width: 1024px) 100vw, 1024px\" \/><\/a><\/p>\n<p>&nbsp;<\/p>\n<p>&nbsp;<\/p>\n<div id=\"attachment_30734\" style=\"width: 1034px\" class=\"wp-caption alignnone\"><a href=\"https:\/\/socialdesignmagazine.com\/mag\/?attachment_id=30734#content\" rel=\"attachment wp-att-30734\"><img loading=\"lazy\" decoding=\"async\" aria-describedby=\"caption-attachment-30734\" data-attachment-id=\"30734\" data-permalink=\"https:\/\/socialdesignmagazine.com\/mag\/architettura\/una-spa-dallatmosfera-medievale-in-unantica-cripta\/attachment\/una-spa-dallatmosfera-medievale-alberto-apostoli-planimetria\/#content\" data-orig-file=\"https:\/\/socialdesignmagazine.com\/mag\/wp-content\/uploads\/2017\/02\/Una-SPA-dallatmosfera-medievale-Alberto-Apostoli-planimetria.jpg\" data-orig-size=\"1200,911\" data-comments-opened=\"1\" data-image-meta=\"{&quot;aperture&quot;:&quot;0&quot;,&quot;credit&quot;:&quot;&quot;,&quot;camera&quot;:&quot;&quot;,&quot;caption&quot;:&quot;&quot;,&quot;created_timestamp&quot;:&quot;0&quot;,&quot;copyright&quot;:&quot;&quot;,&quot;focal_length&quot;:&quot;0&quot;,&quot;iso&quot;:&quot;0&quot;,&quot;shutter_speed&quot;:&quot;0&quot;,&quot;title&quot;:&quot;&quot;,&quot;orientation&quot;:&quot;0&quot;}\" data-image-title=\"Una SPA dall&amp;#8217;atmosfera medievale &amp;#8211; Alberto Apostoli &amp;#8211; planimetria\" data-image-description=\"\" data-image-caption=\"&lt;p&gt;Planimetria&lt;\/p&gt;\n\" data-medium-file=\"https:\/\/socialdesignmagazine.com\/mag\/wp-content\/uploads\/2017\/02\/Una-SPA-dallatmosfera-medievale-Alberto-Apostoli-planimetria-396x256.jpg\" data-large-file=\"https:\/\/socialdesignmagazine.com\/mag\/wp-content\/uploads\/2017\/02\/Una-SPA-dallatmosfera-medievale-Alberto-Apostoli-planimetria-1024x777.jpg\" class=\"size-large wp-image-30734\" src=\"https:\/\/socialdesignmagazine.com\/mag\/wp-content\/uploads\/2017\/02\/Una-SPA-dallatmosfera-medievale-Alberto-Apostoli-planimetria-1024x777.jpg\" alt=\"Una SPA dall'atmosfera medievale - Alberto Apostoli - planimetria\" width=\"1024\" height=\"777\" srcset=\"https:\/\/socialdesignmagazine.com\/mag\/wp-content\/uploads\/2017\/02\/Una-SPA-dallatmosfera-medievale-Alberto-Apostoli-planimetria-1024x777.jpg 1024w, https:\/\/socialdesignmagazine.com\/mag\/wp-content\/uploads\/2017\/02\/Una-SPA-dallatmosfera-medievale-Alberto-Apostoli-planimetria-768x583.jpg 768w, https:\/\/socialdesignmagazine.com\/mag\/wp-content\/uploads\/2017\/02\/Una-SPA-dallatmosfera-medievale-Alberto-Apostoli-planimetria.jpg 1200w\" sizes=\"auto, (max-width: 1024px) 100vw, 1024px\" \/><\/a><p id=\"caption-attachment-30734\" class=\"wp-caption-text\">Planimetria<\/p><\/div>\n<p>&nbsp;<\/p>\n<div id=\"attachment_30733\" style=\"width: 1034px\" class=\"wp-caption alignnone\"><a href=\"https:\/\/socialdesignmagazine.com\/mag\/?attachment_id=30733#content\" rel=\"attachment wp-att-30733\"><img loading=\"lazy\" decoding=\"async\" aria-describedby=\"caption-attachment-30733\" data-attachment-id=\"30733\" data-permalink=\"https:\/\/socialdesignmagazine.com\/mag\/architettura\/una-spa-dallatmosfera-medievale-in-unantica-cripta\/attachment\/una-spa-dallatmosfera-medievale-alberto-apostoli-pianta-impianti\/#content\" data-orig-file=\"https:\/\/socialdesignmagazine.com\/mag\/wp-content\/uploads\/2017\/02\/Una-SPA-dallatmosfera-medievale-Alberto-Apostoli-pianta-impianti.jpg\" data-orig-size=\"1200,464\" data-comments-opened=\"1\" data-image-meta=\"{&quot;aperture&quot;:&quot;0&quot;,&quot;credit&quot;:&quot;&quot;,&quot;camera&quot;:&quot;&quot;,&quot;caption&quot;:&quot;&quot;,&quot;created_timestamp&quot;:&quot;0&quot;,&quot;copyright&quot;:&quot;&quot;,&quot;focal_length&quot;:&quot;0&quot;,&quot;iso&quot;:&quot;0&quot;,&quot;shutter_speed&quot;:&quot;0&quot;,&quot;title&quot;:&quot;&quot;,&quot;orientation&quot;:&quot;0&quot;}\" data-image-title=\"Una SPA dall&amp;#8217;atmosfera medievale &amp;#8211; Alberto Apostoli &amp;#8211; pianta impianti\" data-image-description=\"\" data-image-caption=\"&lt;p&gt;Pianta impianti&lt;\/p&gt;\n\" data-medium-file=\"https:\/\/socialdesignmagazine.com\/mag\/wp-content\/uploads\/2017\/02\/Una-SPA-dallatmosfera-medievale-Alberto-Apostoli-pianta-impianti-396x256.jpg\" data-large-file=\"https:\/\/socialdesignmagazine.com\/mag\/wp-content\/uploads\/2017\/02\/Una-SPA-dallatmosfera-medievale-Alberto-Apostoli-pianta-impianti-1024x396.jpg\" class=\"size-large wp-image-30733\" src=\"https:\/\/socialdesignmagazine.com\/mag\/wp-content\/uploads\/2017\/02\/Una-SPA-dallatmosfera-medievale-Alberto-Apostoli-pianta-impianti-1024x396.jpg\" alt=\"Una SPA dall'atmosfera medievale - Alberto Apostoli - pianta impianti\" width=\"1024\" height=\"396\" srcset=\"https:\/\/socialdesignmagazine.com\/mag\/wp-content\/uploads\/2017\/02\/Una-SPA-dallatmosfera-medievale-Alberto-Apostoli-pianta-impianti-1024x396.jpg 1024w, https:\/\/socialdesignmagazine.com\/mag\/wp-content\/uploads\/2017\/02\/Una-SPA-dallatmosfera-medievale-Alberto-Apostoli-pianta-impianti-768x297.jpg 768w, https:\/\/socialdesignmagazine.com\/mag\/wp-content\/uploads\/2017\/02\/Una-SPA-dallatmosfera-medievale-Alberto-Apostoli-pianta-impianti.jpg 1200w\" sizes=\"auto, (max-width: 1024px) 100vw, 1024px\" \/><\/a><p id=\"caption-attachment-30733\" class=\"wp-caption-text\">Pianta impianti<\/p><\/div>\n<div id=\"attachment_30735\" style=\"width: 1034px\" class=\"wp-caption alignnone\"><a href=\"https:\/\/socialdesignmagazine.com\/mag\/?attachment_id=30735#content\" rel=\"attachment wp-att-30735\"><img loading=\"lazy\" decoding=\"async\" aria-describedby=\"caption-attachment-30735\" data-attachment-id=\"30735\" data-permalink=\"https:\/\/socialdesignmagazine.com\/mag\/architettura\/una-spa-dallatmosfera-medievale-in-unantica-cripta\/attachment\/una-spa-dallatmosfera-medievale-alberto-apostoli-sezione-impianti\/#content\" data-orig-file=\"https:\/\/socialdesignmagazine.com\/mag\/wp-content\/uploads\/2017\/02\/Una-SPA-dallatmosfera-medievale-Alberto-Apostoli-sezione-impianti.jpg\" data-orig-size=\"1200,496\" data-comments-opened=\"1\" data-image-meta=\"{&quot;aperture&quot;:&quot;0&quot;,&quot;credit&quot;:&quot;&quot;,&quot;camera&quot;:&quot;&quot;,&quot;caption&quot;:&quot;&quot;,&quot;created_timestamp&quot;:&quot;0&quot;,&quot;copyright&quot;:&quot;&quot;,&quot;focal_length&quot;:&quot;0&quot;,&quot;iso&quot;:&quot;0&quot;,&quot;shutter_speed&quot;:&quot;0&quot;,&quot;title&quot;:&quot;&quot;,&quot;orientation&quot;:&quot;0&quot;}\" data-image-title=\"Una SPA dall&amp;#8217;atmosfera medievale &amp;#8211; Alberto Apostoli &amp;#8211; sezione impianti\" data-image-description=\"\" data-image-caption=\"&lt;p&gt;Sezione impianti&lt;\/p&gt;\n\" data-medium-file=\"https:\/\/socialdesignmagazine.com\/mag\/wp-content\/uploads\/2017\/02\/Una-SPA-dallatmosfera-medievale-Alberto-Apostoli-sezione-impianti-396x256.jpg\" data-large-file=\"https:\/\/socialdesignmagazine.com\/mag\/wp-content\/uploads\/2017\/02\/Una-SPA-dallatmosfera-medievale-Alberto-Apostoli-sezione-impianti-1024x423.jpg\" class=\"size-large wp-image-30735\" src=\"https:\/\/socialdesignmagazine.com\/mag\/wp-content\/uploads\/2017\/02\/Una-SPA-dallatmosfera-medievale-Alberto-Apostoli-sezione-impianti-1024x423.jpg\" alt=\"Una SPA dall'atmosfera medievale - Alberto Apostoli - sezione impianti\" width=\"1024\" height=\"423\" srcset=\"https:\/\/socialdesignmagazine.com\/mag\/wp-content\/uploads\/2017\/02\/Una-SPA-dallatmosfera-medievale-Alberto-Apostoli-sezione-impianti-1024x423.jpg 1024w, https:\/\/socialdesignmagazine.com\/mag\/wp-content\/uploads\/2017\/02\/Una-SPA-dallatmosfera-medievale-Alberto-Apostoli-sezione-impianti-768x317.jpg 768w, https:\/\/socialdesignmagazine.com\/mag\/wp-content\/uploads\/2017\/02\/Una-SPA-dallatmosfera-medievale-Alberto-Apostoli-sezione-impianti.jpg 1200w\" sizes=\"auto, (max-width: 1024px) 100vw, 1024px\" \/><\/a><p id=\"caption-attachment-30735\" class=\"wp-caption-text\">Sezione impianti<\/p><\/div>\n","protected":false,"gt_translate_keys":[{"key":"rendered","format":"html"}]},"excerpt":{"rendered":"<p>Nel sud della Borgogna il nuovo centro benessere progettato da Alberto Apostoli. Lo studio italiano realizza una SPA all\u2019interno di un\u2019antica cripta posta nel centro storico della citt\u00e0 di Macon.<\/p>\n","protected":false,"gt_translate_keys":[{"key":"rendered","format":"html"}]},"author":1,"featured_media":30745,"comment_status":"open","ping_status":"open","sticky":false,"template":"","format":"standard","meta":{"jetpack_post_was_ever_published":false,"_jetpack_newsletter_access":"","_jetpack_dont_email_post_to_subs":false,"_jetpack_newsletter_tier_id":0,"_jetpack_memberships_contains_paywalled_content":false,"_jetpack_memberships_contains_paid_content":false,"footnotes":"","_wpscppro_dont_share_socialmedia":false,"_wpscppro_custom_social_share_image":0,"_facebook_share_type":"","_twitter_share_type":"","_linkedin_share_type":"","_pinterest_share_type":"","_linkedin_share_type_page":"","_instagram_share_type":"","_medium_share_type":"","_threads_share_type":"","_google_business_share_type":"","_selected_social_profile":[],"_wpsp_enable_custom_social_template":false,"_wpsp_social_scheduling":{"enabled":false,"datetime":null,"platforms":[],"status":"template_only","dateOption":"today","timeOption":"now","customDays":"","customHours":"","customDate":"","customTime":"","schedulingType":"absolute"},"_wpsp_active_default_template":true},"categories":[15],"tags":[2934,304,4993,2292,2968],"class_list":["post-30700","post","type-post","status-publish","format-standard","has-post-thumbnail","hentry","category-architettura","tag-alberto-apostoli","tag-cromoterapia","tag-featured","tag-interior-design","tag-spa"],"yoast_head":"<!-- This site is optimized with the Yoast SEO plugin v27.2 - https:\/\/yoast.com\/product\/yoast-seo-wordpress\/ -->\n<title>Una SPA dall&#039;atmosfera medievale in un&#039;antica cripta - Social Design Magazine<\/title>\n<meta name=\"description\" content=\"Nel sud della Borgogna il nuovo centro benessere progettato da Alberto Apostoli. Lo studio italiano realizza una SPA in un\u2019antica cripta a Macon.\" \/>\n<meta name=\"robots\" content=\"index, follow, max-snippet:-1, max-image-preview:large, max-video-preview:-1\" \/>\n<link rel=\"canonical\" href=\"https:\/\/socialdesignmagazine.com\/mag\/architettura\/una-spa-dallatmosfera-medievale-in-unantica-cripta\/\" \/>\n<meta property=\"og:locale\" content=\"it_IT\" \/>\n<meta property=\"og:type\" content=\"article\" \/>\n<meta property=\"og:title\" content=\"Una SPA dall&#039;atmosfera medievale in un&#039;antica cripta - Social Design Magazine\" \/>\n<meta property=\"og:description\" content=\"Nel sud della Borgogna il nuovo centro benessere progettato da Alberto Apostoli. Lo studio italiano realizza una SPA in un\u2019antica cripta a Macon.\" \/>\n<meta property=\"og:url\" content=\"http:\/\/socialdesignmagazine.com\/mag\/architettura\/una-spa-dallatmosfera-medievale-in-unantica-cripta\/\" \/>\n<meta property=\"og:site_name\" content=\"Social Design Magazine\" \/>\n<meta property=\"article:publisher\" content=\"https:\/\/www.facebook.com\/socialdesignmag\" \/>\n<meta property=\"article:author\" content=\"https:\/\/www.facebook.com\/benedettofiori\" \/>\n<meta property=\"article:published_time\" content=\"2017-02-14T15:40:20+00:00\" \/>\n<meta property=\"og:image\" content=\"https:\/\/socialdesignmagazine.com\/mag\/wp-content\/uploads\/2017\/02\/Una-SPA-dallatmosfera-medievale-Alberto-Apostoli-10.jpg\" \/>\n\t<meta property=\"og:image:width\" content=\"1200\" \/>\n\t<meta property=\"og:image:height\" content=\"800\" \/>\n\t<meta property=\"og:image:type\" content=\"image\/jpeg\" \/>\n<meta name=\"author\" content=\"Benedetto Fiori\" \/>\n<meta name=\"twitter:card\" content=\"summary_large_image\" \/>\n<meta name=\"twitter:creator\" content=\"@benedettofiori\" \/>\n<meta name=\"twitter:site\" content=\"@socialdesignmag\" \/>\n<meta name=\"twitter:label1\" content=\"Scritto da\" \/>\n\t<meta name=\"twitter:data1\" content=\"Benedetto Fiori\" \/>\n\t<meta name=\"twitter:label2\" content=\"Tempo di lettura stimato\" \/>\n\t<meta name=\"twitter:data2\" content=\"5 minuti\" \/>\n<script type=\"application\/ld+json\" class=\"yoast-schema-graph\">{\"@context\":\"https:\/\/schema.org\",\"@graph\":[{\"@type\":\"Article\",\"@id\":\"https:\/\/socialdesignmagazine.com\/mag\/architettura\/una-spa-dallatmosfera-medievale-in-unantica-cripta\/#article\",\"isPartOf\":{\"@id\":\"https:\/\/socialdesignmagazine.com\/mag\/architettura\/una-spa-dallatmosfera-medievale-in-unantica-cripta\/\"},\"author\":{\"name\":\"Benedetto Fiori\",\"@id\":\"https:\/\/socialdesignmagazine.com\/mag\/#\/schema\/person\/61e20205cc363c315e6aabd33a045846\"},\"headline\":\"Una SPA dall&#8217;atmosfera medievale in un&#8217;antica cripta\",\"datePublished\":\"2017-02-14T15:40:20+00:00\",\"mainEntityOfPage\":{\"@id\":\"https:\/\/socialdesignmagazine.com\/mag\/architettura\/una-spa-dallatmosfera-medievale-in-unantica-cripta\/\"},\"wordCount\":923,\"commentCount\":0,\"publisher\":{\"@id\":\"https:\/\/socialdesignmagazine.com\/mag\/#organization\"},\"image\":{\"@id\":\"https:\/\/socialdesignmagazine.com\/mag\/architettura\/una-spa-dallatmosfera-medievale-in-unantica-cripta\/#primaryimage\"},\"thumbnailUrl\":\"https:\/\/socialdesignmagazine.com\/mag\/wp-content\/uploads\/2017\/02\/Una-SPA-dallatmosfera-medievale-Alberto-Apostoli-10.jpg\",\"keywords\":[\"alberto apostoli\",\"cromoterapia\",\"featured\",\"interior design\",\"spa\"],\"articleSection\":[\"Architettura\"],\"inLanguage\":\"it-IT\",\"potentialAction\":[{\"@type\":\"CommentAction\",\"name\":\"Comment\",\"target\":[\"https:\/\/socialdesignmagazine.com\/mag\/architettura\/una-spa-dallatmosfera-medievale-in-unantica-cripta\/#respond\"]}]},{\"@type\":\"WebPage\",\"@id\":\"https:\/\/socialdesignmagazine.com\/mag\/architettura\/una-spa-dallatmosfera-medievale-in-unantica-cripta\/\",\"url\":\"https:\/\/socialdesignmagazine.com\/mag\/architettura\/una-spa-dallatmosfera-medievale-in-unantica-cripta\/\",\"name\":\"Una SPA dall'atmosfera medievale in un'antica cripta - Social Design Magazine\",\"isPartOf\":{\"@id\":\"https:\/\/socialdesignmagazine.com\/mag\/#website\"},\"primaryImageOfPage\":{\"@id\":\"https:\/\/socialdesignmagazine.com\/mag\/architettura\/una-spa-dallatmosfera-medievale-in-unantica-cripta\/#primaryimage\"},\"image\":{\"@id\":\"https:\/\/socialdesignmagazine.com\/mag\/architettura\/una-spa-dallatmosfera-medievale-in-unantica-cripta\/#primaryimage\"},\"thumbnailUrl\":\"https:\/\/socialdesignmagazine.com\/mag\/wp-content\/uploads\/2017\/02\/Una-SPA-dallatmosfera-medievale-Alberto-Apostoli-10.jpg\",\"datePublished\":\"2017-02-14T15:40:20+00:00\",\"description\":\"Nel sud della Borgogna il nuovo centro benessere progettato da Alberto Apostoli. Lo studio italiano realizza una SPA in un\u2019antica cripta a Macon.\",\"breadcrumb\":{\"@id\":\"https:\/\/socialdesignmagazine.com\/mag\/architettura\/una-spa-dallatmosfera-medievale-in-unantica-cripta\/#breadcrumb\"},\"inLanguage\":\"it-IT\",\"potentialAction\":[{\"@type\":\"ReadAction\",\"target\":[\"https:\/\/socialdesignmagazine.com\/mag\/architettura\/una-spa-dallatmosfera-medievale-in-unantica-cripta\/\"]}]},{\"@type\":\"ImageObject\",\"inLanguage\":\"it-IT\",\"@id\":\"https:\/\/socialdesignmagazine.com\/mag\/architettura\/una-spa-dallatmosfera-medievale-in-unantica-cripta\/#primaryimage\",\"url\":\"https:\/\/socialdesignmagazine.com\/mag\/wp-content\/uploads\/2017\/02\/Una-SPA-dallatmosfera-medievale-Alberto-Apostoli-10.jpg\",\"contentUrl\":\"https:\/\/socialdesignmagazine.com\/mag\/wp-content\/uploads\/2017\/02\/Una-SPA-dallatmosfera-medievale-Alberto-Apostoli-10.jpg\",\"width\":1200,\"height\":800,\"caption\":\"Una SPA dall'atmosfera medievale - Alberto Apostoli\"},{\"@type\":\"BreadcrumbList\",\"@id\":\"https:\/\/socialdesignmagazine.com\/mag\/architettura\/una-spa-dallatmosfera-medievale-in-unantica-cripta\/#breadcrumb\",\"itemListElement\":[{\"@type\":\"ListItem\",\"position\":1,\"name\":\"Home\",\"item\":\"https:\/\/socialdesignmagazine.com\/mag\/\"},{\"@type\":\"ListItem\",\"position\":2,\"name\":\"Architettura\",\"item\":\"https:\/\/socialdesignmagazine.com\/mag\/architettura\/\"},{\"@type\":\"ListItem\",\"position\":3,\"name\":\"Una SPA dall&#8217;atmosfera medievale in un&#8217;antica cripta\"}]},{\"@type\":\"WebSite\",\"@id\":\"https:\/\/socialdesignmagazine.com\/mag\/#website\",\"url\":\"https:\/\/socialdesignmagazine.com\/mag\/\",\"name\":\"Social Design Magazine\",\"description\":\"Social Magazine su Design, Architettura, Arte, Grafica\",\"publisher\":{\"@id\":\"https:\/\/socialdesignmagazine.com\/mag\/#organization\"},\"potentialAction\":[{\"@type\":\"SearchAction\",\"target\":{\"@type\":\"EntryPoint\",\"urlTemplate\":\"https:\/\/socialdesignmagazine.com\/mag\/?s={search_term_string}\"},\"query-input\":{\"@type\":\"PropertyValueSpecification\",\"valueRequired\":true,\"valueName\":\"search_term_string\"}}],\"inLanguage\":\"it-IT\"},{\"@type\":\"Organization\",\"@id\":\"https:\/\/socialdesignmagazine.com\/mag\/#organization\",\"name\":\"Social Design Magazine\",\"url\":\"https:\/\/socialdesignmagazine.com\/mag\/\",\"logo\":{\"@type\":\"ImageObject\",\"inLanguage\":\"it-IT\",\"@id\":\"https:\/\/socialdesignmagazine.com\/mag\/#\/schema\/logo\/image\/\",\"url\":\"https:\/\/socialdesignmagazine.com\/mag\/wp-content\/uploads\/2017\/01\/logo_favicon_11.png\",\"contentUrl\":\"https:\/\/socialdesignmagazine.com\/mag\/wp-content\/uploads\/2017\/01\/logo_favicon_11.png\",\"width\":1024,\"height\":1024,\"caption\":\"Social Design Magazine\"},\"image\":{\"@id\":\"https:\/\/socialdesignmagazine.com\/mag\/#\/schema\/logo\/image\/\"},\"sameAs\":[\"https:\/\/www.facebook.com\/socialdesignmag\",\"https:\/\/x.com\/socialdesignmag\",\"http:\/\/instagram.com\/social_design_magazine\/\",\"http:\/\/pinterest.com\/socialdesignmag\/\",\"http:\/\/www.youtube.com\/user\/socialdesignmagazine\"]},{\"@type\":\"Person\",\"@id\":\"https:\/\/socialdesignmagazine.com\/mag\/#\/schema\/person\/61e20205cc363c315e6aabd33a045846\",\"name\":\"Benedetto Fiori\",\"image\":{\"@type\":\"ImageObject\",\"inLanguage\":\"it-IT\",\"@id\":\"https:\/\/secure.gravatar.com\/avatar\/450a48cefa36da63d920ad70aa660bd10725b1c6093800242e5efdb397759033?s=96&d=mm&r=g\",\"url\":\"https:\/\/secure.gravatar.com\/avatar\/450a48cefa36da63d920ad70aa660bd10725b1c6093800242e5efdb397759033?s=96&d=mm&r=g\",\"contentUrl\":\"https:\/\/secure.gravatar.com\/avatar\/450a48cefa36da63d920ad70aa660bd10725b1c6093800242e5efdb397759033?s=96&d=mm&r=g\",\"caption\":\"Benedetto Fiori\"},\"description\":\"Web | Twitter | Facebook | Shutterstock Founder &amp; Editor in Chief di Social Design Magazine. Attratto da sempre da tutto ci\u00f2 che \u00e8 creativit\u00e0, design, architettura. Dopo aver studiato Architettura all'Universit\u00e0 di Firenze, si \u00e8 impegnato in molteplici campi: comunicazione grafica, progettazione di allestimenti fieristici, brand design, Interior Design.\",\"sameAs\":[\"http:\/\/benedettofiori.com\",\"https:\/\/www.facebook.com\/benedettofiori\",\"https:\/\/x.com\/benedettofiori\"],\"url\":\"https:\/\/socialdesignmagazine.com\/mag\/author\/benedetto\/\"}]}<\/script>\n<!-- \/ Yoast SEO plugin. -->","yoast_head_json":{"title":"Una SPA dall'atmosfera medievale in un'antica cripta - Social Design Magazine","description":"Nel sud della Borgogna il nuovo centro benessere progettato da Alberto Apostoli. Lo studio italiano realizza una SPA in un\u2019antica cripta a Macon.","robots":{"index":"index","follow":"follow","max-snippet":"max-snippet:-1","max-image-preview":"max-image-preview:large","max-video-preview":"max-video-preview:-1"},"canonical":"https:\/\/socialdesignmagazine.com\/mag\/architettura\/una-spa-dallatmosfera-medievale-in-unantica-cripta\/","og_locale":"it_IT","og_type":"article","og_title":"Una SPA dall'atmosfera medievale in un'antica cripta - Social Design Magazine","og_description":"Nel sud della Borgogna il nuovo centro benessere progettato da Alberto Apostoli. Lo studio italiano realizza una SPA in un\u2019antica cripta a Macon.","og_url":"http:\/\/socialdesignmagazine.com\/mag\/architettura\/una-spa-dallatmosfera-medievale-in-unantica-cripta\/","og_site_name":"Social Design Magazine","article_publisher":"https:\/\/www.facebook.com\/socialdesignmag","article_author":"https:\/\/www.facebook.com\/benedettofiori","article_published_time":"2017-02-14T15:40:20+00:00","og_image":[{"width":1200,"height":800,"url":"https:\/\/socialdesignmagazine.com\/mag\/wp-content\/uploads\/2017\/02\/Una-SPA-dallatmosfera-medievale-Alberto-Apostoli-10.jpg","type":"image\/jpeg"}],"author":"Benedetto Fiori","twitter_card":"summary_large_image","twitter_creator":"@benedettofiori","twitter_site":"@socialdesignmag","twitter_misc":{"Scritto da":"Benedetto Fiori","Tempo di lettura stimato":"5 minuti"},"schema":{"@context":"https:\/\/schema.org","@graph":[{"@type":"Article","@id":"https:\/\/socialdesignmagazine.com\/mag\/architettura\/una-spa-dallatmosfera-medievale-in-unantica-cripta\/#article","isPartOf":{"@id":"https:\/\/socialdesignmagazine.com\/mag\/architettura\/una-spa-dallatmosfera-medievale-in-unantica-cripta\/"},"author":{"name":"Benedetto Fiori","@id":"https:\/\/socialdesignmagazine.com\/mag\/#\/schema\/person\/61e20205cc363c315e6aabd33a045846"},"headline":"Una SPA dall&#8217;atmosfera medievale in un&#8217;antica cripta","datePublished":"2017-02-14T15:40:20+00:00","mainEntityOfPage":{"@id":"https:\/\/socialdesignmagazine.com\/mag\/architettura\/una-spa-dallatmosfera-medievale-in-unantica-cripta\/"},"wordCount":923,"commentCount":0,"publisher":{"@id":"https:\/\/socialdesignmagazine.com\/mag\/#organization"},"image":{"@id":"https:\/\/socialdesignmagazine.com\/mag\/architettura\/una-spa-dallatmosfera-medievale-in-unantica-cripta\/#primaryimage"},"thumbnailUrl":"https:\/\/socialdesignmagazine.com\/mag\/wp-content\/uploads\/2017\/02\/Una-SPA-dallatmosfera-medievale-Alberto-Apostoli-10.jpg","keywords":["alberto apostoli","cromoterapia","featured","interior design","spa"],"articleSection":["Architettura"],"inLanguage":"it-IT","potentialAction":[{"@type":"CommentAction","name":"Comment","target":["https:\/\/socialdesignmagazine.com\/mag\/architettura\/una-spa-dallatmosfera-medievale-in-unantica-cripta\/#respond"]}]},{"@type":"WebPage","@id":"https:\/\/socialdesignmagazine.com\/mag\/architettura\/una-spa-dallatmosfera-medievale-in-unantica-cripta\/","url":"https:\/\/socialdesignmagazine.com\/mag\/architettura\/una-spa-dallatmosfera-medievale-in-unantica-cripta\/","name":"Una SPA dall'atmosfera medievale in un'antica cripta - Social Design Magazine","isPartOf":{"@id":"https:\/\/socialdesignmagazine.com\/mag\/#website"},"primaryImageOfPage":{"@id":"https:\/\/socialdesignmagazine.com\/mag\/architettura\/una-spa-dallatmosfera-medievale-in-unantica-cripta\/#primaryimage"},"image":{"@id":"https:\/\/socialdesignmagazine.com\/mag\/architettura\/una-spa-dallatmosfera-medievale-in-unantica-cripta\/#primaryimage"},"thumbnailUrl":"https:\/\/socialdesignmagazine.com\/mag\/wp-content\/uploads\/2017\/02\/Una-SPA-dallatmosfera-medievale-Alberto-Apostoli-10.jpg","datePublished":"2017-02-14T15:40:20+00:00","description":"Nel sud della Borgogna il nuovo centro benessere progettato da Alberto Apostoli. Lo studio italiano realizza una SPA in un\u2019antica cripta a Macon.","breadcrumb":{"@id":"https:\/\/socialdesignmagazine.com\/mag\/architettura\/una-spa-dallatmosfera-medievale-in-unantica-cripta\/#breadcrumb"},"inLanguage":"it-IT","potentialAction":[{"@type":"ReadAction","target":["https:\/\/socialdesignmagazine.com\/mag\/architettura\/una-spa-dallatmosfera-medievale-in-unantica-cripta\/"]}]},{"@type":"ImageObject","inLanguage":"it-IT","@id":"https:\/\/socialdesignmagazine.com\/mag\/architettura\/una-spa-dallatmosfera-medievale-in-unantica-cripta\/#primaryimage","url":"https:\/\/socialdesignmagazine.com\/mag\/wp-content\/uploads\/2017\/02\/Una-SPA-dallatmosfera-medievale-Alberto-Apostoli-10.jpg","contentUrl":"https:\/\/socialdesignmagazine.com\/mag\/wp-content\/uploads\/2017\/02\/Una-SPA-dallatmosfera-medievale-Alberto-Apostoli-10.jpg","width":1200,"height":800,"caption":"Una SPA dall'atmosfera medievale - Alberto Apostoli"},{"@type":"BreadcrumbList","@id":"https:\/\/socialdesignmagazine.com\/mag\/architettura\/una-spa-dallatmosfera-medievale-in-unantica-cripta\/#breadcrumb","itemListElement":[{"@type":"ListItem","position":1,"name":"Home","item":"https:\/\/socialdesignmagazine.com\/mag\/"},{"@type":"ListItem","position":2,"name":"Architettura","item":"https:\/\/socialdesignmagazine.com\/mag\/architettura\/"},{"@type":"ListItem","position":3,"name":"Una SPA dall&#8217;atmosfera medievale in un&#8217;antica cripta"}]},{"@type":"WebSite","@id":"https:\/\/socialdesignmagazine.com\/mag\/#website","url":"https:\/\/socialdesignmagazine.com\/mag\/","name":"Social Design Magazine","description":"Social Magazine su Design, Architettura, Arte, Grafica","publisher":{"@id":"https:\/\/socialdesignmagazine.com\/mag\/#organization"},"potentialAction":[{"@type":"SearchAction","target":{"@type":"EntryPoint","urlTemplate":"https:\/\/socialdesignmagazine.com\/mag\/?s={search_term_string}"},"query-input":{"@type":"PropertyValueSpecification","valueRequired":true,"valueName":"search_term_string"}}],"inLanguage":"it-IT"},{"@type":"Organization","@id":"https:\/\/socialdesignmagazine.com\/mag\/#organization","name":"Social Design Magazine","url":"https:\/\/socialdesignmagazine.com\/mag\/","logo":{"@type":"ImageObject","inLanguage":"it-IT","@id":"https:\/\/socialdesignmagazine.com\/mag\/#\/schema\/logo\/image\/","url":"https:\/\/socialdesignmagazine.com\/mag\/wp-content\/uploads\/2017\/01\/logo_favicon_11.png","contentUrl":"https:\/\/socialdesignmagazine.com\/mag\/wp-content\/uploads\/2017\/01\/logo_favicon_11.png","width":1024,"height":1024,"caption":"Social Design Magazine"},"image":{"@id":"https:\/\/socialdesignmagazine.com\/mag\/#\/schema\/logo\/image\/"},"sameAs":["https:\/\/www.facebook.com\/socialdesignmag","https:\/\/x.com\/socialdesignmag","http:\/\/instagram.com\/social_design_magazine\/","http:\/\/pinterest.com\/socialdesignmag\/","http:\/\/www.youtube.com\/user\/socialdesignmagazine"]},{"@type":"Person","@id":"https:\/\/socialdesignmagazine.com\/mag\/#\/schema\/person\/61e20205cc363c315e6aabd33a045846","name":"Benedetto Fiori","image":{"@type":"ImageObject","inLanguage":"it-IT","@id":"https:\/\/secure.gravatar.com\/avatar\/450a48cefa36da63d920ad70aa660bd10725b1c6093800242e5efdb397759033?s=96&d=mm&r=g","url":"https:\/\/secure.gravatar.com\/avatar\/450a48cefa36da63d920ad70aa660bd10725b1c6093800242e5efdb397759033?s=96&d=mm&r=g","contentUrl":"https:\/\/secure.gravatar.com\/avatar\/450a48cefa36da63d920ad70aa660bd10725b1c6093800242e5efdb397759033?s=96&d=mm&r=g","caption":"Benedetto Fiori"},"description":"Web | Twitter | Facebook | Shutterstock Founder &amp; Editor in Chief di Social Design Magazine. Attratto da sempre da tutto ci\u00f2 che \u00e8 creativit\u00e0, design, architettura. Dopo aver studiato Architettura all'Universit\u00e0 di Firenze, si \u00e8 impegnato in molteplici campi: comunicazione grafica, progettazione di allestimenti fieristici, brand design, Interior Design.","sameAs":["http:\/\/benedettofiori.com","https:\/\/www.facebook.com\/benedettofiori","https:\/\/x.com\/benedettofiori"],"url":"https:\/\/socialdesignmagazine.com\/mag\/author\/benedetto\/"}]}},"jetpack_featured_media_url":"https:\/\/socialdesignmagazine.com\/mag\/wp-content\/uploads\/2017\/02\/Una-SPA-dallatmosfera-medievale-Alberto-Apostoli-10.jpg","jetpack_sharing_enabled":true,"jetpack_shortlink":"https:\/\/wp.me\/p6cV7V-7Za","gt_translate_keys":[{"key":"link","format":"url"}],"_links":{"self":[{"href":"https:\/\/socialdesignmagazine.com\/mag\/wp-json\/wp\/v2\/posts\/30700","targetHints":{"allow":["GET"]}}],"collection":[{"href":"https:\/\/socialdesignmagazine.com\/mag\/wp-json\/wp\/v2\/posts"}],"about":[{"href":"https:\/\/socialdesignmagazine.com\/mag\/wp-json\/wp\/v2\/types\/post"}],"author":[{"embeddable":true,"href":"https:\/\/socialdesignmagazine.com\/mag\/wp-json\/wp\/v2\/users\/1"}],"replies":[{"embeddable":true,"href":"https:\/\/socialdesignmagazine.com\/mag\/wp-json\/wp\/v2\/comments?post=30700"}],"version-history":[{"count":6,"href":"https:\/\/socialdesignmagazine.com\/mag\/wp-json\/wp\/v2\/posts\/30700\/revisions"}],"predecessor-version":[{"id":30754,"href":"https:\/\/socialdesignmagazine.com\/mag\/wp-json\/wp\/v2\/posts\/30700\/revisions\/30754"}],"wp:featuredmedia":[{"embeddable":true,"href":"https:\/\/socialdesignmagazine.com\/mag\/wp-json\/wp\/v2\/media\/30745"}],"wp:attachment":[{"href":"https:\/\/socialdesignmagazine.com\/mag\/wp-json\/wp\/v2\/media?parent=30700"}],"wp:term":[{"taxonomy":"category","embeddable":true,"href":"https:\/\/socialdesignmagazine.com\/mag\/wp-json\/wp\/v2\/categories?post=30700"},{"taxonomy":"post_tag","embeddable":true,"href":"https:\/\/socialdesignmagazine.com\/mag\/wp-json\/wp\/v2\/tags?post=30700"}],"curies":[{"name":"wp","href":"https:\/\/api.w.org\/{rel}","templated":true}]}}