{"id":3106,"date":"2014-06-08T08:00:00","date_gmt":"2014-06-08T06:00:00","guid":{"rendered":"https:\/\/socialdesignmagazine.com\/mag\/s6-design\/c43-design-news\/pianca-ha-presentato-la-sua-nuova-collezione-con-un-evento-durante-licff\/"},"modified":"2025-03-24T20:37:51","modified_gmt":"2025-03-24T19:37:51","slug":"pianca-ha-presentato-la-sua-nuova-collezione-con-un-evento-durante-licff","status":"publish","type":"post","link":"https:\/\/socialdesignmagazine.com\/mag\/news\/design-news\/pianca-ha-presentato-la-sua-nuova-collezione-con-un-evento-durante-licff\/","title":{"rendered":"PIANCA HA PRESENTATO LA SUA NUOVA COLLEZIONE CON UN EVENTO DURANTE L&#8217;ICFF","gt_translate_keys":[{"key":"rendered","format":"text"}]},"content":{"rendered":"\n<h2 class=\"wp-block-heading\">Pianca, brand italiano di complementi e soluzioni d&#8217;arredo per la casa e il contract, ha scelto la settimana dell&#8217;ICFF di New York come palcoscenico per la presentazione oltreoceano delle ultime novit\u00e0, presentate in anteprima, in aprile, al Salone Internazionale del Mobile di Milano.<\/h2>\n\n\n\n<p>E&#8217; stato con un opening party a Chelsea che Pianca ha presentato i nuovi pezzi della sua collezione, frutto di importanti collaborazioni che vanno ad arricchire le gi\u00e0 numerose collaborazioni in essere con designer internazionali. Si tratta del tavolo Confluence, progettato dal belga Xavier Lust e della collezione di sedute Cora e Intro disegnate da Odo Fioravanti.<\/p>\n\n\n\n<p>In occasione della 26esima edizione dell&#8217; International Contemporary Furniture Fair, la fiera internazionale dell&#8217;arredo a New York, la location \u00e8 diventata il set di un&#8217;installazione per il debutto americano di Cora, Intro e Confluence, le novit\u00e0 firmate Pianca.<\/p>\n\n\n\n<p>La location scelta dall&#8217;azienda \u00e8 stato un creative space a Chelsea, cuore pulsante della Manhattan pi\u00f9 innovativa e design-oriented. L&#8217;opening party, il 16 maggio, \u00e8 stata l&#8217;occasione per Pianca, di presentare alla stampa, agli stakeholders e agli invitati presenti il frutto di un lavoro che quest&#8217;anno, come mai prima, si \u00e8 concentrato sull&#8217;innovazione del progetto e la ricerca dei materiali.<\/p>\n\n\n\n<h3 class=\"wp-block-heading\">Tavolo CONFLUENCE<\/h3>\n\n\n\n<p><strong> design Xavier Lust<\/strong><\/p>\n\n\n\n<p>Dalla collaborazione tra Pianca e il designer belga Xavier Lust prende forma Confluence, il nuovo tavolo con piano in laminato soft touch e struttura in acciaio.<br>La sperimentazione sul metallo, che da sempre caratte\u00adrizza il lavoro di Lust, incontra l\u2019esperienza di Pianca nella lavorazione del legno dando vita cos\u00ec a una struttura ele\u00adgante ed organica. La struttura in acciaio \u00e8 sinuosa nelle sue curve e al tempo stesso dinamica, dando l\u2019idea d\u2019aver mantenuto la consistenza malleabile del processo di de\u00adformazione al quale la materia \u00e8 stata sottoposta.<br>Con un movimento fluido le gambe in acciaio convergo\u00adno, reggendo il piano che sembra levitare. Le molteplici finiture permettono ai tavoli, rettangolari, tondi ed elittici di adattarsi a diversi stili.<\/p>\n\n\n<div class=\"wp-block-image\">\n<figure class=\"aligncenter\"><img loading=\"lazy\" decoding=\"async\" width=\"720\" height=\"1079\" data-attachment-id=\"18194\" data-permalink=\"https:\/\/socialdesignmagazine.com\/mag\/news\/design-news\/pianca-ha-presentato-la-sua-nuova-collezione-con-un-evento-durante-licff\/attachment\/cora\/#content\" data-orig-file=\"https:\/\/socialdesignmagazine.com\/mag\/wp-content\/uploads\/2014\/06\/users_Jessy_PIANCA_HA_PRESENTATO_LA_SUA_NUOVA_COLLEZIONE_CON_UN_EVENTO_DURANTE_LICFF_Cora.jpeg\" data-orig-size=\"720,1079\" data-comments-opened=\"1\" data-image-meta=\"{&quot;aperture&quot;:&quot;0&quot;,&quot;credit&quot;:&quot;&quot;,&quot;camera&quot;:&quot;&quot;,&quot;caption&quot;:&quot;&quot;,&quot;created_timestamp&quot;:&quot;0&quot;,&quot;copyright&quot;:&quot;&quot;,&quot;focal_length&quot;:&quot;0&quot;,&quot;iso&quot;:&quot;0&quot;,&quot;shutter_speed&quot;:&quot;0&quot;,&quot;title&quot;:&quot;&quot;,&quot;orientation&quot;:&quot;0&quot;}\" data-image-title=\"Cora\" data-image-description=\"\" data-image-caption=\"\" data-medium-file=\"https:\/\/socialdesignmagazine.com\/mag\/wp-content\/uploads\/2014\/06\/users_Jessy_PIANCA_HA_PRESENTATO_LA_SUA_NUOVA_COLLEZIONE_CON_UN_EVENTO_DURANTE_LICFF_Cora-396x256.jpeg\" data-large-file=\"https:\/\/socialdesignmagazine.com\/mag\/wp-content\/uploads\/2014\/06\/users_Jessy_PIANCA_HA_PRESENTATO_LA_SUA_NUOVA_COLLEZIONE_CON_UN_EVENTO_DURANTE_LICFF_Cora.jpeg\" src=\"https:\/\/socialdesignmagazine.com\/mag\/wp-content\/uploads\/2014\/06\/users_Jessy_PIANCA_HA_PRESENTATO_LA_SUA_NUOVA_COLLEZIONE_CON_UN_EVENTO_DURANTE_LICFF_Cora.jpeg\" alt=\"Cora\" class=\"wp-image-18194\"\/><\/figure>\n<\/div>\n\n\n<h3 class=\"wp-block-heading\">CORA<\/h3>\n\n\n\n<p><strong>design ODO FIORAVANTI<\/strong><\/p>\n\n\n\n<p>La sedia Cora rappresenta il risulta\u00adto finale di una ricerca sull\u2019estetica di materiali diversi, come il legno, la plastica e il metallo, e uno sforzo di farli coesistere in un oggetto sem\u00adplice come una seduta. Il legno, per la solidit\u00e0 del sedile, la plastica per uno schienale elastico e avvolgente, il metallo per avere delle gambe che mantenessero una leggerezza visiva. Un lavoro complesso svolto a stretto contatto con i tecnici dello stampag\u00adgio per disegnare giunzioni e abbrac\u00adci tra materiali che fossero insieme belli e rispettosi delle normative di resistenza. Con un risultato che \u00e8 un instant classic.<\/p>\n\n\n<div class=\"wp-block-image\">\n<figure class=\"aligncenter\"><img loading=\"lazy\" decoding=\"async\" width=\"720\" height=\"1079\" data-attachment-id=\"18195\" data-permalink=\"https:\/\/socialdesignmagazine.com\/mag\/news\/design-news\/pianca-ha-presentato-la-sua-nuova-collezione-con-un-evento-durante-licff\/attachment\/intro\/#content\" data-orig-file=\"https:\/\/socialdesignmagazine.com\/mag\/wp-content\/uploads\/2014\/06\/users_Jessy_PIANCA_HA_PRESENTATO_LA_SUA_NUOVA_COLLEZIONE_CON_UN_EVENTO_DURANTE_LICFF_Intro.jpeg\" data-orig-size=\"720,1079\" data-comments-opened=\"1\" data-image-meta=\"{&quot;aperture&quot;:&quot;0&quot;,&quot;credit&quot;:&quot;&quot;,&quot;camera&quot;:&quot;&quot;,&quot;caption&quot;:&quot;&quot;,&quot;created_timestamp&quot;:&quot;0&quot;,&quot;copyright&quot;:&quot;&quot;,&quot;focal_length&quot;:&quot;0&quot;,&quot;iso&quot;:&quot;0&quot;,&quot;shutter_speed&quot;:&quot;0&quot;,&quot;title&quot;:&quot;&quot;,&quot;orientation&quot;:&quot;0&quot;}\" data-image-title=\"Intro\" data-image-description=\"\" data-image-caption=\"\" data-medium-file=\"https:\/\/socialdesignmagazine.com\/mag\/wp-content\/uploads\/2014\/06\/users_Jessy_PIANCA_HA_PRESENTATO_LA_SUA_NUOVA_COLLEZIONE_CON_UN_EVENTO_DURANTE_LICFF_Intro-396x256.jpeg\" data-large-file=\"https:\/\/socialdesignmagazine.com\/mag\/wp-content\/uploads\/2014\/06\/users_Jessy_PIANCA_HA_PRESENTATO_LA_SUA_NUOVA_COLLEZIONE_CON_UN_EVENTO_DURANTE_LICFF_Intro.jpeg\" src=\"https:\/\/socialdesignmagazine.com\/mag\/wp-content\/uploads\/2014\/06\/users_Jessy_PIANCA_HA_PRESENTATO_LA_SUA_NUOVA_COLLEZIONE_CON_UN_EVENTO_DURANTE_LICFF_Intro.jpeg\" alt=\"Intro\" class=\"wp-image-18195\"\/><\/figure>\n<\/div>\n\n\n<h3 class=\"wp-block-heading\">INTRO<\/h3>\n\n\n\n<p><strong>design ODO FIORAVANTI<\/strong><\/p>\n\n\n\n<p>La sedia Intro si distingue per la sua particolare forma, caratterizzata dai due occhielli che disegnano a rilievo sullo schienale una cintura.\u00c2&nbsp;<span style=\"line-height: 1.3em;\">Intro sta per \u201cintroversa\u201d, proprio per\u00adch\u00e8 questa forma ricorda una perso\u00adna che per timidezza tiene le braccia incrociate dietro la schiena. La sua caratteristica tridimensionale ha ac\u00adconsentito di avere uno schienale di dimensioni ancor pi\u00f9 generose della seduta e di trasmettere un\u2019immagine accogliente a chi la osserva. E come plus, la tridimensionalit\u00e0 ha reso possibile disegnare le strutture me\u00adtalliche che sorreggono la scocca in modo da rendere la sedia impilabile.<\/span><\/p>\n\n\n\n<p><span style=\"line-height: 1.3em;\">Maggiori informazioni su: <a class=\"jcepopup\" href=\"http:\/\/www.pianca.com\" target=\"_blank\" rel=\"nofollow noopener\">www.pianca.com<\/a><br><\/span><\/p>\n","protected":false,"gt_translate_keys":[{"key":"rendered","format":"html"}]},"excerpt":{"rendered":"<p>Pianca, brand italiano di complementi e soluzioni d&#8217;arredo per la casa e il contract, ha scelto la settimana dell&#8217;ICFF di New York come palcoscenico per la presentazione oltreoceano delle ultime novit\u00e0, presentate in anteprima, in aprile, al Salone Internazionale del Mobile di Milano.<\/p>\n","protected":false,"gt_translate_keys":[{"key":"rendered","format":"html"}]},"author":6,"featured_media":18193,"comment_status":"open","ping_status":"open","sticky":false,"template":"","format":"standard","meta":{"jetpack_post_was_ever_published":false,"_jetpack_newsletter_access":"","_jetpack_dont_email_post_to_subs":false,"_jetpack_newsletter_tier_id":0,"_jetpack_memberships_contains_paywalled_content":false,"_jetpack_memberships_contains_paid_content":false,"footnotes":"","_wpscppro_dont_share_socialmedia":false,"_wpscppro_custom_social_share_image":0,"_facebook_share_type":"","_twitter_share_type":"","_linkedin_share_type":"","_pinterest_share_type":"","_linkedin_share_type_page":"","_instagram_share_type":"","_medium_share_type":"","_threads_share_type":"","_google_business_share_type":"","_selected_social_profile":[],"_wpsp_enable_custom_social_template":false,"_wpsp_social_scheduling":{"enabled":false,"datetime":null,"platforms":[],"status":"template_only","dateOption":"today","timeOption":"now","customDays":"","customHours":"","customDate":"","customTime":"","schedulingType":"absolute"},"_wpsp_active_default_template":true},"categories":[17],"tags":[1024,3766,118,582],"class_list":["post-3106","post","type-post","status-publish","format-standard","has-post-thumbnail","hentry","category-design-news","tag-pianca","tag-salone-del-mobile-2014","tag-sedia","tag-tavolo"],"yoast_head":"<!-- This site is optimized with the Yoast SEO plugin v27.2 - https:\/\/yoast.com\/product\/yoast-seo-wordpress\/ -->\n<title>PIANCA HA PRESENTATO LA SUA NUOVA COLLEZIONE CON UN EVENTO DURANTE L&#039;ICFF - Social Design Magazine<\/title>\n<meta name=\"description\" content=\"Pianca, brand italiano di complementi e soluzioni d&#039;arredo per la casa e il contract, ha scelto la settimana dell&#039;ICFF di New York come palcoscenico per la presentazione oltreoceano delle ultime novit\u00e0\" \/>\n<meta name=\"robots\" content=\"index, follow, max-snippet:-1, max-image-preview:large, max-video-preview:-1\" \/>\n<link rel=\"canonical\" href=\"https:\/\/socialdesignmagazine.com\/mag\/news\/design-news\/pianca-ha-presentato-la-sua-nuova-collezione-con-un-evento-durante-licff\/\" \/>\n<meta property=\"og:locale\" content=\"it_IT\" \/>\n<meta property=\"og:type\" content=\"article\" \/>\n<meta property=\"og:title\" content=\"PIANCA HA PRESENTATO LA SUA NUOVA COLLEZIONE CON UN EVENTO DURANTE L&#039;ICFF - Social Design Magazine\" \/>\n<meta property=\"og:description\" content=\"Pianca, brand italiano di complementi e soluzioni d&#039;arredo per la casa e il contract, ha scelto la settimana dell&#039;ICFF di New York come palcoscenico per la presentazione oltreoceano delle ultime novit\u00e0\" \/>\n<meta property=\"og:url\" content=\"http:\/\/socialdesignmagazine.com\/mag\/news\/design-news\/pianca-ha-presentato-la-sua-nuova-collezione-con-un-evento-durante-licff\/\" \/>\n<meta property=\"og:site_name\" content=\"Social Design Magazine\" \/>\n<meta property=\"article:publisher\" content=\"https:\/\/www.facebook.com\/socialdesignmag\" \/>\n<meta property=\"article:published_time\" content=\"2014-06-08T06:00:00+00:00\" \/>\n<meta property=\"article:modified_time\" content=\"2025-03-24T19:37:51+00:00\" \/>\n<meta property=\"og:image\" content=\"https:\/\/socialdesignmagazine.com\/mag\/wp-content\/uploads\/2014\/06\/users_Jessy_PIANCA_HA_PRESENTATO_LA_SUA_NUOVA_COLLEZIONE_CON_UN_EVENTO_DURANTE_LICFF_Confluence_scontornato_1.jpeg\" \/>\n\t<meta property=\"og:image:width\" content=\"720\" \/>\n\t<meta property=\"og:image:height\" content=\"439\" \/>\n\t<meta property=\"og:image:type\" content=\"image\/jpeg\" \/>\n<meta name=\"author\" content=\"jessica zannori\" \/>\n<meta name=\"twitter:card\" content=\"summary_large_image\" \/>\n<meta name=\"twitter:creator\" content=\"@socialdesignmag\" \/>\n<meta name=\"twitter:site\" content=\"@socialdesignmag\" \/>\n<meta name=\"twitter:label1\" content=\"Scritto da\" \/>\n\t<meta name=\"twitter:data1\" content=\"jessica zannori\" \/>\n\t<meta name=\"twitter:label2\" content=\"Tempo di lettura stimato\" \/>\n\t<meta name=\"twitter:data2\" content=\"4 minuti\" \/>\n<script type=\"application\/ld+json\" class=\"yoast-schema-graph\">{\"@context\":\"https:\/\/schema.org\",\"@graph\":[{\"@type\":\"Article\",\"@id\":\"https:\/\/socialdesignmagazine.com\/mag\/news\/design-news\/pianca-ha-presentato-la-sua-nuova-collezione-con-un-evento-durante-licff\/#article\",\"isPartOf\":{\"@id\":\"https:\/\/socialdesignmagazine.com\/mag\/news\/design-news\/pianca-ha-presentato-la-sua-nuova-collezione-con-un-evento-durante-licff\/\"},\"author\":{\"name\":\"jessica zannori\",\"@id\":\"https:\/\/socialdesignmagazine.com\/mag\/#\/schema\/person\/f26aea2d68a722d5ed3a1ee93c92aba9\"},\"headline\":\"PIANCA HA PRESENTATO LA SUA NUOVA COLLEZIONE CON UN EVENTO DURANTE L&#8217;ICFF\",\"datePublished\":\"2014-06-08T06:00:00+00:00\",\"dateModified\":\"2025-03-24T19:37:51+00:00\",\"mainEntityOfPage\":{\"@id\":\"https:\/\/socialdesignmagazine.com\/mag\/news\/design-news\/pianca-ha-presentato-la-sua-nuova-collezione-con-un-evento-durante-licff\/\"},\"wordCount\":556,\"commentCount\":0,\"publisher\":{\"@id\":\"https:\/\/socialdesignmagazine.com\/mag\/#organization\"},\"image\":{\"@id\":\"https:\/\/socialdesignmagazine.com\/mag\/news\/design-news\/pianca-ha-presentato-la-sua-nuova-collezione-con-un-evento-durante-licff\/#primaryimage\"},\"thumbnailUrl\":\"https:\/\/socialdesignmagazine.com\/mag\/wp-content\/uploads\/2014\/06\/users_Jessy_PIANCA_HA_PRESENTATO_LA_SUA_NUOVA_COLLEZIONE_CON_UN_EVENTO_DURANTE_LICFF_Confluence_scontornato_1.jpeg\",\"keywords\":[\"pianca\",\"salone del mobile 2014\",\"sedia\",\"tavolo\"],\"articleSection\":[\"Design News\"],\"inLanguage\":\"it-IT\",\"potentialAction\":[{\"@type\":\"CommentAction\",\"name\":\"Comment\",\"target\":[\"https:\/\/socialdesignmagazine.com\/mag\/news\/design-news\/pianca-ha-presentato-la-sua-nuova-collezione-con-un-evento-durante-licff\/#respond\"]}]},{\"@type\":\"WebPage\",\"@id\":\"https:\/\/socialdesignmagazine.com\/mag\/news\/design-news\/pianca-ha-presentato-la-sua-nuova-collezione-con-un-evento-durante-licff\/\",\"url\":\"https:\/\/socialdesignmagazine.com\/mag\/news\/design-news\/pianca-ha-presentato-la-sua-nuova-collezione-con-un-evento-durante-licff\/\",\"name\":\"PIANCA HA PRESENTATO LA SUA NUOVA COLLEZIONE CON UN EVENTO DURANTE L'ICFF - Social Design Magazine\",\"isPartOf\":{\"@id\":\"https:\/\/socialdesignmagazine.com\/mag\/#website\"},\"primaryImageOfPage\":{\"@id\":\"https:\/\/socialdesignmagazine.com\/mag\/news\/design-news\/pianca-ha-presentato-la-sua-nuova-collezione-con-un-evento-durante-licff\/#primaryimage\"},\"image\":{\"@id\":\"https:\/\/socialdesignmagazine.com\/mag\/news\/design-news\/pianca-ha-presentato-la-sua-nuova-collezione-con-un-evento-durante-licff\/#primaryimage\"},\"thumbnailUrl\":\"https:\/\/socialdesignmagazine.com\/mag\/wp-content\/uploads\/2014\/06\/users_Jessy_PIANCA_HA_PRESENTATO_LA_SUA_NUOVA_COLLEZIONE_CON_UN_EVENTO_DURANTE_LICFF_Confluence_scontornato_1.jpeg\",\"datePublished\":\"2014-06-08T06:00:00+00:00\",\"dateModified\":\"2025-03-24T19:37:51+00:00\",\"description\":\"Pianca, brand italiano di complementi e soluzioni d'arredo per la casa e il contract, ha scelto la settimana dell'ICFF di New York come palcoscenico per la presentazione oltreoceano delle ultime novit\u00e0\",\"breadcrumb\":{\"@id\":\"https:\/\/socialdesignmagazine.com\/mag\/news\/design-news\/pianca-ha-presentato-la-sua-nuova-collezione-con-un-evento-durante-licff\/#breadcrumb\"},\"inLanguage\":\"it-IT\",\"potentialAction\":[{\"@type\":\"ReadAction\",\"target\":[\"https:\/\/socialdesignmagazine.com\/mag\/news\/design-news\/pianca-ha-presentato-la-sua-nuova-collezione-con-un-evento-durante-licff\/\"]}]},{\"@type\":\"ImageObject\",\"inLanguage\":\"it-IT\",\"@id\":\"https:\/\/socialdesignmagazine.com\/mag\/news\/design-news\/pianca-ha-presentato-la-sua-nuova-collezione-con-un-evento-durante-licff\/#primaryimage\",\"url\":\"https:\/\/socialdesignmagazine.com\/mag\/wp-content\/uploads\/2014\/06\/users_Jessy_PIANCA_HA_PRESENTATO_LA_SUA_NUOVA_COLLEZIONE_CON_UN_EVENTO_DURANTE_LICFF_Confluence_scontornato_1.jpeg\",\"contentUrl\":\"https:\/\/socialdesignmagazine.com\/mag\/wp-content\/uploads\/2014\/06\/users_Jessy_PIANCA_HA_PRESENTATO_LA_SUA_NUOVA_COLLEZIONE_CON_UN_EVENTO_DURANTE_LICFF_Confluence_scontornato_1.jpeg\",\"width\":720,\"height\":439,\"caption\":\"Confluence scontornato 1\"},{\"@type\":\"BreadcrumbList\",\"@id\":\"https:\/\/socialdesignmagazine.com\/mag\/news\/design-news\/pianca-ha-presentato-la-sua-nuova-collezione-con-un-evento-durante-licff\/#breadcrumb\",\"itemListElement\":[{\"@type\":\"ListItem\",\"position\":1,\"name\":\"Home\",\"item\":\"https:\/\/socialdesignmagazine.com\/mag\/\"},{\"@type\":\"ListItem\",\"position\":2,\"name\":\"News\",\"item\":\"https:\/\/socialdesignmagazine.com\/mag\/news\/\"},{\"@type\":\"ListItem\",\"position\":3,\"name\":\"Design News\",\"item\":\"https:\/\/socialdesignmagazine.com\/mag\/news\/design-news\/\"},{\"@type\":\"ListItem\",\"position\":4,\"name\":\"PIANCA HA PRESENTATO LA SUA NUOVA COLLEZIONE CON UN EVENTO DURANTE L&#8217;ICFF\"}]},{\"@type\":\"WebSite\",\"@id\":\"https:\/\/socialdesignmagazine.com\/mag\/#website\",\"url\":\"https:\/\/socialdesignmagazine.com\/mag\/\",\"name\":\"Social Design Magazine\",\"description\":\"Social Magazine su Design, Architettura, Arte, Grafica\",\"publisher\":{\"@id\":\"https:\/\/socialdesignmagazine.com\/mag\/#organization\"},\"potentialAction\":[{\"@type\":\"SearchAction\",\"target\":{\"@type\":\"EntryPoint\",\"urlTemplate\":\"https:\/\/socialdesignmagazine.com\/mag\/?s={search_term_string}\"},\"query-input\":{\"@type\":\"PropertyValueSpecification\",\"valueRequired\":true,\"valueName\":\"search_term_string\"}}],\"inLanguage\":\"it-IT\"},{\"@type\":\"Organization\",\"@id\":\"https:\/\/socialdesignmagazine.com\/mag\/#organization\",\"name\":\"Social Design Magazine\",\"url\":\"https:\/\/socialdesignmagazine.com\/mag\/\",\"logo\":{\"@type\":\"ImageObject\",\"inLanguage\":\"it-IT\",\"@id\":\"https:\/\/socialdesignmagazine.com\/mag\/#\/schema\/logo\/image\/\",\"url\":\"https:\/\/socialdesignmagazine.com\/mag\/wp-content\/uploads\/2017\/01\/logo_favicon_11.png\",\"contentUrl\":\"https:\/\/socialdesignmagazine.com\/mag\/wp-content\/uploads\/2017\/01\/logo_favicon_11.png\",\"width\":1024,\"height\":1024,\"caption\":\"Social Design Magazine\"},\"image\":{\"@id\":\"https:\/\/socialdesignmagazine.com\/mag\/#\/schema\/logo\/image\/\"},\"sameAs\":[\"https:\/\/www.facebook.com\/socialdesignmag\",\"https:\/\/x.com\/socialdesignmag\",\"http:\/\/instagram.com\/social_design_magazine\/\",\"http:\/\/pinterest.com\/socialdesignmag\/\",\"http:\/\/www.youtube.com\/user\/socialdesignmagazine\"]},{\"@type\":\"Person\",\"@id\":\"https:\/\/socialdesignmagazine.com\/mag\/#\/schema\/person\/f26aea2d68a722d5ed3a1ee93c92aba9\",\"name\":\"jessica zannori\",\"image\":{\"@type\":\"ImageObject\",\"inLanguage\":\"it-IT\",\"@id\":\"https:\/\/secure.gravatar.com\/avatar\/e338d2d30b98ee192f7c7708f51c9b6a0f135e3e3399a9bec7d00e0496a346c6?s=96&d=mm&r=g\",\"url\":\"https:\/\/secure.gravatar.com\/avatar\/e338d2d30b98ee192f7c7708f51c9b6a0f135e3e3399a9bec7d00e0496a346c6?s=96&d=mm&r=g\",\"contentUrl\":\"https:\/\/secure.gravatar.com\/avatar\/e338d2d30b98ee192f7c7708f51c9b6a0f135e3e3399a9bec7d00e0496a346c6?s=96&d=mm&r=g\",\"caption\":\"jessica zannori\"},\"url\":\"https:\/\/socialdesignmagazine.com\/mag\/author\/jessy\/\"}]}<\/script>\n<!-- \/ Yoast SEO plugin. -->","yoast_head_json":{"title":"PIANCA HA PRESENTATO LA SUA NUOVA COLLEZIONE CON UN EVENTO DURANTE L'ICFF - Social Design Magazine","description":"Pianca, brand italiano di complementi e soluzioni d'arredo per la casa e il contract, ha scelto la settimana dell'ICFF di New York come palcoscenico per la presentazione oltreoceano delle ultime novit\u00e0","robots":{"index":"index","follow":"follow","max-snippet":"max-snippet:-1","max-image-preview":"max-image-preview:large","max-video-preview":"max-video-preview:-1"},"canonical":"https:\/\/socialdesignmagazine.com\/mag\/news\/design-news\/pianca-ha-presentato-la-sua-nuova-collezione-con-un-evento-durante-licff\/","og_locale":"it_IT","og_type":"article","og_title":"PIANCA HA PRESENTATO LA SUA NUOVA COLLEZIONE CON UN EVENTO DURANTE L'ICFF - Social Design Magazine","og_description":"Pianca, brand italiano di complementi e soluzioni d'arredo per la casa e il contract, ha scelto la settimana dell'ICFF di New York come palcoscenico per la presentazione oltreoceano delle ultime novit\u00e0","og_url":"http:\/\/socialdesignmagazine.com\/mag\/news\/design-news\/pianca-ha-presentato-la-sua-nuova-collezione-con-un-evento-durante-licff\/","og_site_name":"Social Design Magazine","article_publisher":"https:\/\/www.facebook.com\/socialdesignmag","article_published_time":"2014-06-08T06:00:00+00:00","article_modified_time":"2025-03-24T19:37:51+00:00","og_image":[{"width":720,"height":439,"url":"https:\/\/socialdesignmagazine.com\/mag\/wp-content\/uploads\/2014\/06\/users_Jessy_PIANCA_HA_PRESENTATO_LA_SUA_NUOVA_COLLEZIONE_CON_UN_EVENTO_DURANTE_LICFF_Confluence_scontornato_1.jpeg","type":"image\/jpeg"}],"author":"jessica zannori","twitter_card":"summary_large_image","twitter_creator":"@socialdesignmag","twitter_site":"@socialdesignmag","twitter_misc":{"Scritto da":"jessica zannori","Tempo di lettura stimato":"4 minuti"},"schema":{"@context":"https:\/\/schema.org","@graph":[{"@type":"Article","@id":"https:\/\/socialdesignmagazine.com\/mag\/news\/design-news\/pianca-ha-presentato-la-sua-nuova-collezione-con-un-evento-durante-licff\/#article","isPartOf":{"@id":"https:\/\/socialdesignmagazine.com\/mag\/news\/design-news\/pianca-ha-presentato-la-sua-nuova-collezione-con-un-evento-durante-licff\/"},"author":{"name":"jessica zannori","@id":"https:\/\/socialdesignmagazine.com\/mag\/#\/schema\/person\/f26aea2d68a722d5ed3a1ee93c92aba9"},"headline":"PIANCA HA PRESENTATO LA SUA NUOVA COLLEZIONE CON UN EVENTO DURANTE L&#8217;ICFF","datePublished":"2014-06-08T06:00:00+00:00","dateModified":"2025-03-24T19:37:51+00:00","mainEntityOfPage":{"@id":"https:\/\/socialdesignmagazine.com\/mag\/news\/design-news\/pianca-ha-presentato-la-sua-nuova-collezione-con-un-evento-durante-licff\/"},"wordCount":556,"commentCount":0,"publisher":{"@id":"https:\/\/socialdesignmagazine.com\/mag\/#organization"},"image":{"@id":"https:\/\/socialdesignmagazine.com\/mag\/news\/design-news\/pianca-ha-presentato-la-sua-nuova-collezione-con-un-evento-durante-licff\/#primaryimage"},"thumbnailUrl":"https:\/\/socialdesignmagazine.com\/mag\/wp-content\/uploads\/2014\/06\/users_Jessy_PIANCA_HA_PRESENTATO_LA_SUA_NUOVA_COLLEZIONE_CON_UN_EVENTO_DURANTE_LICFF_Confluence_scontornato_1.jpeg","keywords":["pianca","salone del mobile 2014","sedia","tavolo"],"articleSection":["Design News"],"inLanguage":"it-IT","potentialAction":[{"@type":"CommentAction","name":"Comment","target":["https:\/\/socialdesignmagazine.com\/mag\/news\/design-news\/pianca-ha-presentato-la-sua-nuova-collezione-con-un-evento-durante-licff\/#respond"]}]},{"@type":"WebPage","@id":"https:\/\/socialdesignmagazine.com\/mag\/news\/design-news\/pianca-ha-presentato-la-sua-nuova-collezione-con-un-evento-durante-licff\/","url":"https:\/\/socialdesignmagazine.com\/mag\/news\/design-news\/pianca-ha-presentato-la-sua-nuova-collezione-con-un-evento-durante-licff\/","name":"PIANCA HA PRESENTATO LA SUA NUOVA COLLEZIONE CON UN EVENTO DURANTE L'ICFF - Social Design Magazine","isPartOf":{"@id":"https:\/\/socialdesignmagazine.com\/mag\/#website"},"primaryImageOfPage":{"@id":"https:\/\/socialdesignmagazine.com\/mag\/news\/design-news\/pianca-ha-presentato-la-sua-nuova-collezione-con-un-evento-durante-licff\/#primaryimage"},"image":{"@id":"https:\/\/socialdesignmagazine.com\/mag\/news\/design-news\/pianca-ha-presentato-la-sua-nuova-collezione-con-un-evento-durante-licff\/#primaryimage"},"thumbnailUrl":"https:\/\/socialdesignmagazine.com\/mag\/wp-content\/uploads\/2014\/06\/users_Jessy_PIANCA_HA_PRESENTATO_LA_SUA_NUOVA_COLLEZIONE_CON_UN_EVENTO_DURANTE_LICFF_Confluence_scontornato_1.jpeg","datePublished":"2014-06-08T06:00:00+00:00","dateModified":"2025-03-24T19:37:51+00:00","description":"Pianca, brand italiano di complementi e soluzioni d'arredo per la casa e il contract, ha scelto la settimana dell'ICFF di New York come palcoscenico per la presentazione oltreoceano delle ultime novit\u00e0","breadcrumb":{"@id":"https:\/\/socialdesignmagazine.com\/mag\/news\/design-news\/pianca-ha-presentato-la-sua-nuova-collezione-con-un-evento-durante-licff\/#breadcrumb"},"inLanguage":"it-IT","potentialAction":[{"@type":"ReadAction","target":["https:\/\/socialdesignmagazine.com\/mag\/news\/design-news\/pianca-ha-presentato-la-sua-nuova-collezione-con-un-evento-durante-licff\/"]}]},{"@type":"ImageObject","inLanguage":"it-IT","@id":"https:\/\/socialdesignmagazine.com\/mag\/news\/design-news\/pianca-ha-presentato-la-sua-nuova-collezione-con-un-evento-durante-licff\/#primaryimage","url":"https:\/\/socialdesignmagazine.com\/mag\/wp-content\/uploads\/2014\/06\/users_Jessy_PIANCA_HA_PRESENTATO_LA_SUA_NUOVA_COLLEZIONE_CON_UN_EVENTO_DURANTE_LICFF_Confluence_scontornato_1.jpeg","contentUrl":"https:\/\/socialdesignmagazine.com\/mag\/wp-content\/uploads\/2014\/06\/users_Jessy_PIANCA_HA_PRESENTATO_LA_SUA_NUOVA_COLLEZIONE_CON_UN_EVENTO_DURANTE_LICFF_Confluence_scontornato_1.jpeg","width":720,"height":439,"caption":"Confluence scontornato 1"},{"@type":"BreadcrumbList","@id":"https:\/\/socialdesignmagazine.com\/mag\/news\/design-news\/pianca-ha-presentato-la-sua-nuova-collezione-con-un-evento-durante-licff\/#breadcrumb","itemListElement":[{"@type":"ListItem","position":1,"name":"Home","item":"https:\/\/socialdesignmagazine.com\/mag\/"},{"@type":"ListItem","position":2,"name":"News","item":"https:\/\/socialdesignmagazine.com\/mag\/news\/"},{"@type":"ListItem","position":3,"name":"Design News","item":"https:\/\/socialdesignmagazine.com\/mag\/news\/design-news\/"},{"@type":"ListItem","position":4,"name":"PIANCA HA PRESENTATO LA SUA NUOVA COLLEZIONE CON UN EVENTO DURANTE L&#8217;ICFF"}]},{"@type":"WebSite","@id":"https:\/\/socialdesignmagazine.com\/mag\/#website","url":"https:\/\/socialdesignmagazine.com\/mag\/","name":"Social Design Magazine","description":"Social Magazine su Design, Architettura, Arte, Grafica","publisher":{"@id":"https:\/\/socialdesignmagazine.com\/mag\/#organization"},"potentialAction":[{"@type":"SearchAction","target":{"@type":"EntryPoint","urlTemplate":"https:\/\/socialdesignmagazine.com\/mag\/?s={search_term_string}"},"query-input":{"@type":"PropertyValueSpecification","valueRequired":true,"valueName":"search_term_string"}}],"inLanguage":"it-IT"},{"@type":"Organization","@id":"https:\/\/socialdesignmagazine.com\/mag\/#organization","name":"Social Design Magazine","url":"https:\/\/socialdesignmagazine.com\/mag\/","logo":{"@type":"ImageObject","inLanguage":"it-IT","@id":"https:\/\/socialdesignmagazine.com\/mag\/#\/schema\/logo\/image\/","url":"https:\/\/socialdesignmagazine.com\/mag\/wp-content\/uploads\/2017\/01\/logo_favicon_11.png","contentUrl":"https:\/\/socialdesignmagazine.com\/mag\/wp-content\/uploads\/2017\/01\/logo_favicon_11.png","width":1024,"height":1024,"caption":"Social Design Magazine"},"image":{"@id":"https:\/\/socialdesignmagazine.com\/mag\/#\/schema\/logo\/image\/"},"sameAs":["https:\/\/www.facebook.com\/socialdesignmag","https:\/\/x.com\/socialdesignmag","http:\/\/instagram.com\/social_design_magazine\/","http:\/\/pinterest.com\/socialdesignmag\/","http:\/\/www.youtube.com\/user\/socialdesignmagazine"]},{"@type":"Person","@id":"https:\/\/socialdesignmagazine.com\/mag\/#\/schema\/person\/f26aea2d68a722d5ed3a1ee93c92aba9","name":"jessica zannori","image":{"@type":"ImageObject","inLanguage":"it-IT","@id":"https:\/\/secure.gravatar.com\/avatar\/e338d2d30b98ee192f7c7708f51c9b6a0f135e3e3399a9bec7d00e0496a346c6?s=96&d=mm&r=g","url":"https:\/\/secure.gravatar.com\/avatar\/e338d2d30b98ee192f7c7708f51c9b6a0f135e3e3399a9bec7d00e0496a346c6?s=96&d=mm&r=g","contentUrl":"https:\/\/secure.gravatar.com\/avatar\/e338d2d30b98ee192f7c7708f51c9b6a0f135e3e3399a9bec7d00e0496a346c6?s=96&d=mm&r=g","caption":"jessica zannori"},"url":"https:\/\/socialdesignmagazine.com\/mag\/author\/jessy\/"}]}},"jetpack_featured_media_url":"https:\/\/socialdesignmagazine.com\/mag\/wp-content\/uploads\/2014\/06\/users_Jessy_PIANCA_HA_PRESENTATO_LA_SUA_NUOVA_COLLEZIONE_CON_UN_EVENTO_DURANTE_LICFF_Confluence_scontornato_1.jpeg","jetpack_sharing_enabled":true,"jetpack_shortlink":"https:\/\/wp.me\/p6cV7V-O6","gt_translate_keys":[{"key":"link","format":"url"}],"_links":{"self":[{"href":"https:\/\/socialdesignmagazine.com\/mag\/wp-json\/wp\/v2\/posts\/3106","targetHints":{"allow":["GET"]}}],"collection":[{"href":"https:\/\/socialdesignmagazine.com\/mag\/wp-json\/wp\/v2\/posts"}],"about":[{"href":"https:\/\/socialdesignmagazine.com\/mag\/wp-json\/wp\/v2\/types\/post"}],"author":[{"embeddable":true,"href":"https:\/\/socialdesignmagazine.com\/mag\/wp-json\/wp\/v2\/users\/6"}],"replies":[{"embeddable":true,"href":"https:\/\/socialdesignmagazine.com\/mag\/wp-json\/wp\/v2\/comments?post=3106"}],"version-history":[{"count":2,"href":"https:\/\/socialdesignmagazine.com\/mag\/wp-json\/wp\/v2\/posts\/3106\/revisions"}],"predecessor-version":[{"id":63936,"href":"https:\/\/socialdesignmagazine.com\/mag\/wp-json\/wp\/v2\/posts\/3106\/revisions\/63936"}],"wp:featuredmedia":[{"embeddable":true,"href":"https:\/\/socialdesignmagazine.com\/mag\/wp-json\/wp\/v2\/media\/18193"}],"wp:attachment":[{"href":"https:\/\/socialdesignmagazine.com\/mag\/wp-json\/wp\/v2\/media?parent=3106"}],"wp:term":[{"taxonomy":"category","embeddable":true,"href":"https:\/\/socialdesignmagazine.com\/mag\/wp-json\/wp\/v2\/categories?post=3106"},{"taxonomy":"post_tag","embeddable":true,"href":"https:\/\/socialdesignmagazine.com\/mag\/wp-json\/wp\/v2\/tags?post=3106"}],"curies":[{"name":"wp","href":"https:\/\/api.w.org\/{rel}","templated":true}]}}