{"id":31183,"date":"2017-03-14T09:00:21","date_gmt":"2017-03-14T08:00:21","guid":{"rendered":"https:\/\/socialdesignmagazine.com\/mag\/?p=31183"},"modified":"2017-03-14T00:22:06","modified_gmt":"2017-03-13T23:22:06","slug":"casaidea-2017-esalta-le-emozioni-dei-dettagli-e-propone-un-calendario-ricco-di-eventi","status":"publish","type":"post","link":"https:\/\/socialdesignmagazine.com\/mag\/news\/design-news\/casaidea-2017-esalta-le-emozioni-dei-dettagli-e-propone-un-calendario-ricco-di-eventi\/","title":{"rendered":"Casaidea 2017 esalta le emozioni dei dettagli e propone un calendario ricco di eventi","gt_translate_keys":[{"key":"rendered","format":"text"}]},"content":{"rendered":"<p>La casa \u00e8 una storia di forme, bellezze, anime e presenze, interpretata dagli oggetti che scegliamo per abitarla, che selezioniamo per vestirla. Torna l\u2019appuntamento con la Moda-Casa alla Fiera di Roma, dal 18 al 26 marzo, con la 43a edizione di Casaidea, la mostra di arredo e design organizzata da MOA Societ\u00e0 Cooperativa che quest\u2019anno propone tanti eventi e novit\u00e0.<\/p>\n<p>Protagonista dello spazio emoHome al padiglione 1 \u00e8 una casa che si costruisce con le emozioni, abitata da arredi e complementi fatti a mano e autoprodotti con lavorazioni artigianali e materiali naturali, realizzazioni scelte per creare dei veri e propri paesaggi dell\u2019anima, dalle raffinate soluzioni decorative. Al centro dell\u2019esposizione \u00e8 l\u2019attenzione per i complementi d\u2019arredo e per i dettagli, oggetti che con il passare del tempo diventano compagni indispensabili: alcuni sono speciali come se fossero animati, difficile farne a meno, anche dopo anni trascorsi insieme.<\/p>\n<p>In questo gioco danzante tra casa e design, prevalgono oggetti per arredare la tavola, realizzazioni tessili per vestirla, composizioni con elementi naturali per impreziosirla. Come B1, un piccolo oggetto che nasce come restyling della cassetta della frutta per poterla utilizzare come contenitore universale, o il sottopiatto di design Crochet, concepito come un bel vestito per far risaltare il contenuto dei piatti, progettato e realizzato in metallo traforato e verniciato con tecniche di lavorazione artigianale e la qualit\u00e0 del made in Italy.<\/p>\n<p>Se il greenery \u00e8 il colore moda scelto da Pantone per il 2017, nella casa non pu\u00f2 mancare un messaggio di rinascita, rinnovamento e rigenerazione, l\u2019inizio di un nuovo ciclo, in perfetta armonia con l\u2019inizio della stagione primaverile. Presente nell\u2019area dedicata emoHome una collezione di pezzi unici, ognuno diverso dall&#8217;altro, realizzati a mano con materiali e fibre naturali, usando gli elementi naturali come fossero pennelli per creare decorazioni, composizioni, allestimenti unici ed originali in armonia ed equilibrio.<\/p>\n<p>Non solo complementi d\u2019arredo: con l\u2019arrivo della primavera si rinnova l\u2019abitare con tante nuove soluzioni per ogni stile e ogni gusto. Nei 3 padiglioni della Fiera di Roma dedicati all\u2019arredo &#8211; curiosando tra le tante soluzioni per zona notte e zona giorno, cucina, arredo bagno e per esterni degli oltre 250 espositori &#8211; i visitatori di Casaidea 2017 possono intraprendere un percorso ideale tra le nuove tendenze con le proposte di espositori e mobilieri provenienti dalle diverse regioni d\u2019Italia.<\/p>\n<p><a href=\"https:\/\/socialdesignmagazine.com\/mag\/?attachment_id=31187#content\" rel=\"attachment wp-att-31187\"><img loading=\"lazy\" decoding=\"async\" data-attachment-id=\"31187\" data-permalink=\"https:\/\/socialdesignmagazine.com\/mag\/news\/design-news\/casaidea-2017-esalta-le-emozioni-dei-dettagli-e-propone-un-calendario-ricco-di-eventi\/attachment\/2017-03-09-03-12-07-pm\/#content\" data-orig-file=\"https:\/\/socialdesignmagazine.com\/mag\/wp-content\/uploads\/2017\/03\/2017-03-09-03.12.07-pm.jpg\" data-orig-size=\"1160,768\" data-comments-opened=\"1\" data-image-meta=\"{&quot;aperture&quot;:&quot;0&quot;,&quot;credit&quot;:&quot;&quot;,&quot;camera&quot;:&quot;&quot;,&quot;caption&quot;:&quot;&quot;,&quot;created_timestamp&quot;:&quot;0&quot;,&quot;copyright&quot;:&quot;&quot;,&quot;focal_length&quot;:&quot;0&quot;,&quot;iso&quot;:&quot;0&quot;,&quot;shutter_speed&quot;:&quot;0&quot;,&quot;title&quot;:&quot;&quot;,&quot;orientation&quot;:&quot;1&quot;}\" data-image-title=\"2017-03-09 03.12.07 pm\" data-image-description=\"\" data-image-caption=\"\" data-medium-file=\"https:\/\/socialdesignmagazine.com\/mag\/wp-content\/uploads\/2017\/03\/2017-03-09-03.12.07-pm-438x283.jpg\" data-large-file=\"https:\/\/socialdesignmagazine.com\/mag\/wp-content\/uploads\/2017\/03\/2017-03-09-03.12.07-pm-1024x678.jpg\" class=\"alignnone size-large wp-image-31187\" src=\"https:\/\/socialdesignmagazine.com\/mag\/wp-content\/uploads\/2017\/03\/2017-03-09-03.12.07-pm-1024x678.jpg\" alt=\"\" width=\"1024\" height=\"678\" srcset=\"https:\/\/socialdesignmagazine.com\/mag\/wp-content\/uploads\/2017\/03\/2017-03-09-03.12.07-pm-1024x678.jpg 1024w, https:\/\/socialdesignmagazine.com\/mag\/wp-content\/uploads\/2017\/03\/2017-03-09-03.12.07-pm-100x66.jpg 100w, https:\/\/socialdesignmagazine.com\/mag\/wp-content\/uploads\/2017\/03\/2017-03-09-03.12.07-pm-768x508.jpg 768w, https:\/\/socialdesignmagazine.com\/mag\/wp-content\/uploads\/2017\/03\/2017-03-09-03.12.07-pm.jpg 1160w\" sizes=\"auto, (max-width: 1024px) 100vw, 1024px\" \/><\/a><\/p>\n<p><a href=\"https:\/\/socialdesignmagazine.com\/mag\/?attachment_id=31188#content\" rel=\"attachment wp-att-31188\"><img loading=\"lazy\" decoding=\"async\" data-attachment-id=\"31188\" data-permalink=\"https:\/\/socialdesignmagazine.com\/mag\/news\/design-news\/casaidea-2017-esalta-le-emozioni-dei-dettagli-e-propone-un-calendario-ricco-di-eventi\/attachment\/2017-03-09-03-12-52-pm\/#content\" data-orig-file=\"https:\/\/socialdesignmagazine.com\/mag\/wp-content\/uploads\/2017\/03\/2017-03-09-03.12.52-pm.jpg\" data-orig-size=\"1075,803\" data-comments-opened=\"1\" data-image-meta=\"{&quot;aperture&quot;:&quot;0&quot;,&quot;credit&quot;:&quot;&quot;,&quot;camera&quot;:&quot;&quot;,&quot;caption&quot;:&quot;&quot;,&quot;created_timestamp&quot;:&quot;0&quot;,&quot;copyright&quot;:&quot;&quot;,&quot;focal_length&quot;:&quot;0&quot;,&quot;iso&quot;:&quot;0&quot;,&quot;shutter_speed&quot;:&quot;0&quot;,&quot;title&quot;:&quot;&quot;,&quot;orientation&quot;:&quot;1&quot;}\" data-image-title=\"2017-03-09 03.12.52 pm\" data-image-description=\"\" data-image-caption=\"\" data-medium-file=\"https:\/\/socialdesignmagazine.com\/mag\/wp-content\/uploads\/2017\/03\/2017-03-09-03.12.52-pm-438x283.jpg\" data-large-file=\"https:\/\/socialdesignmagazine.com\/mag\/wp-content\/uploads\/2017\/03\/2017-03-09-03.12.52-pm-1024x765.jpg\" class=\"alignnone size-large wp-image-31188\" src=\"https:\/\/socialdesignmagazine.com\/mag\/wp-content\/uploads\/2017\/03\/2017-03-09-03.12.52-pm-1024x765.jpg\" alt=\"\" width=\"1024\" height=\"765\" srcset=\"https:\/\/socialdesignmagazine.com\/mag\/wp-content\/uploads\/2017\/03\/2017-03-09-03.12.52-pm-1024x765.jpg 1024w, https:\/\/socialdesignmagazine.com\/mag\/wp-content\/uploads\/2017\/03\/2017-03-09-03.12.52-pm-768x574.jpg 768w, https:\/\/socialdesignmagazine.com\/mag\/wp-content\/uploads\/2017\/03\/2017-03-09-03.12.52-pm.jpg 1075w\" sizes=\"auto, (max-width: 1024px) 100vw, 1024px\" \/><\/a><\/p>\n<p><a href=\"https:\/\/socialdesignmagazine.com\/mag\/?attachment_id=31185#content\" rel=\"attachment wp-att-31185\"><img loading=\"lazy\" decoding=\"async\" data-attachment-id=\"31185\" data-permalink=\"https:\/\/socialdesignmagazine.com\/mag\/news\/design-news\/casaidea-2017-esalta-le-emozioni-dei-dettagli-e-propone-un-calendario-ricco-di-eventi\/attachment\/2017-03-09-02-42-23-pm\/#content\" data-orig-file=\"https:\/\/socialdesignmagazine.com\/mag\/wp-content\/uploads\/2017\/03\/2017-03-09-02.42.23-pm.jpg\" data-orig-size=\"1163,643\" data-comments-opened=\"1\" data-image-meta=\"{&quot;aperture&quot;:&quot;0&quot;,&quot;credit&quot;:&quot;&quot;,&quot;camera&quot;:&quot;&quot;,&quot;caption&quot;:&quot;&quot;,&quot;created_timestamp&quot;:&quot;0&quot;,&quot;copyright&quot;:&quot;&quot;,&quot;focal_length&quot;:&quot;0&quot;,&quot;iso&quot;:&quot;0&quot;,&quot;shutter_speed&quot;:&quot;0&quot;,&quot;title&quot;:&quot;&quot;,&quot;orientation&quot;:&quot;1&quot;}\" data-image-title=\"2017-03-09 02.42.23 pm\" data-image-description=\"\" data-image-caption=\"\" data-medium-file=\"https:\/\/socialdesignmagazine.com\/mag\/wp-content\/uploads\/2017\/03\/2017-03-09-02.42.23-pm-438x283.jpg\" data-large-file=\"https:\/\/socialdesignmagazine.com\/mag\/wp-content\/uploads\/2017\/03\/2017-03-09-02.42.23-pm-1024x566.jpg\" class=\"alignnone size-large wp-image-31185\" src=\"https:\/\/socialdesignmagazine.com\/mag\/wp-content\/uploads\/2017\/03\/2017-03-09-02.42.23-pm-1024x566.jpg\" alt=\"\" width=\"1024\" height=\"566\" srcset=\"https:\/\/socialdesignmagazine.com\/mag\/wp-content\/uploads\/2017\/03\/2017-03-09-02.42.23-pm-1024x566.jpg 1024w, https:\/\/socialdesignmagazine.com\/mag\/wp-content\/uploads\/2017\/03\/2017-03-09-02.42.23-pm-768x425.jpg 768w, https:\/\/socialdesignmagazine.com\/mag\/wp-content\/uploads\/2017\/03\/2017-03-09-02.42.23-pm.jpg 1163w\" sizes=\"auto, (max-width: 1024px) 100vw, 1024px\" \/><\/a><\/p>\n<p><a href=\"https:\/\/socialdesignmagazine.com\/mag\/?attachment_id=31186#content\" rel=\"attachment wp-att-31186\"><img loading=\"lazy\" decoding=\"async\" data-attachment-id=\"31186\" data-permalink=\"https:\/\/socialdesignmagazine.com\/mag\/news\/design-news\/casaidea-2017-esalta-le-emozioni-dei-dettagli-e-propone-un-calendario-ricco-di-eventi\/attachment\/2017-03-09-03-11-52-pm\/#content\" data-orig-file=\"https:\/\/socialdesignmagazine.com\/mag\/wp-content\/uploads\/2017\/03\/2017-03-09-03.11.52-pm.jpg\" data-orig-size=\"1161,769\" data-comments-opened=\"1\" data-image-meta=\"{&quot;aperture&quot;:&quot;0&quot;,&quot;credit&quot;:&quot;&quot;,&quot;camera&quot;:&quot;&quot;,&quot;caption&quot;:&quot;&quot;,&quot;created_timestamp&quot;:&quot;0&quot;,&quot;copyright&quot;:&quot;&quot;,&quot;focal_length&quot;:&quot;0&quot;,&quot;iso&quot;:&quot;0&quot;,&quot;shutter_speed&quot;:&quot;0&quot;,&quot;title&quot;:&quot;&quot;,&quot;orientation&quot;:&quot;1&quot;}\" data-image-title=\"2017-03-09 03.11.52 pm\" data-image-description=\"\" data-image-caption=\"\" data-medium-file=\"https:\/\/socialdesignmagazine.com\/mag\/wp-content\/uploads\/2017\/03\/2017-03-09-03.11.52-pm-438x283.jpg\" data-large-file=\"https:\/\/socialdesignmagazine.com\/mag\/wp-content\/uploads\/2017\/03\/2017-03-09-03.11.52-pm-1024x678.jpg\" class=\"alignnone size-large wp-image-31186\" src=\"https:\/\/socialdesignmagazine.com\/mag\/wp-content\/uploads\/2017\/03\/2017-03-09-03.11.52-pm-1024x678.jpg\" alt=\"\" width=\"1024\" height=\"678\" srcset=\"https:\/\/socialdesignmagazine.com\/mag\/wp-content\/uploads\/2017\/03\/2017-03-09-03.11.52-pm-1024x678.jpg 1024w, https:\/\/socialdesignmagazine.com\/mag\/wp-content\/uploads\/2017\/03\/2017-03-09-03.11.52-pm-100x66.jpg 100w, https:\/\/socialdesignmagazine.com\/mag\/wp-content\/uploads\/2017\/03\/2017-03-09-03.11.52-pm-768x509.jpg 768w, https:\/\/socialdesignmagazine.com\/mag\/wp-content\/uploads\/2017\/03\/2017-03-09-03.11.52-pm.jpg 1161w\" sizes=\"auto, (max-width: 1024px) 100vw, 1024px\" \/><\/a><\/p>\n<p>La 43a edizione di Casaidea presenta anche un\u2019agenda ricca di appuntamenti per coinvolgere il pubblico con eventi di approfondimento sul design e sulle tendenze dell\u2019abitare.<\/p>\n<p>Ecco l\u2019elenco dei convegni e workshop in programma:<br \/>\n<strong>Domenica 19 marzo 16:30-18:00<\/strong><br \/>\nLuce led ed interazione con elementi naturali: legno-vetro.<br \/>\nTra le qualit\u00e0 salienti dei sistemi di illuminazione a LED vi \u00e8 la bassa temperatura di esercizio, per cui i prodotti LED hanno suscitato notevole interesse per la loro capacit\u00e0 di<br \/>\ninterazione con gli elementi naturali.<\/p>\n<p><strong>Luned\u00ec 20 marzo 16:30-18:00<\/strong><br \/>\nLuce led ed interazione con materiali plastici.<br \/>\nTra le qualit\u00e0 salienti dei sistemi di illuminazione a LED vi \u00e8 la bassa temperatura di esercizio per cui i prodotti LED hanno suscitato notevole interesse per la loro interazione<br \/>\ncon elementi plastici, tutti soggetti a deformazione dovuta al calore.<\/p>\n<p><strong>Marted\u00ec 21 marzo 16:30-18:00<\/strong><br \/>\nLuce led: qualit\u00e0 della luce e sue caratteristiche.<br \/>\nLa tecnologia LED permette oggi di poter scegliere qualit\u00e0 di luce diverse in funzione delle applicazioni richieste.<\/p>\n<p><strong>Mercoledi 22 marzo 15:30 -18:30<\/strong><br \/>\nGOLDEN ATTICO PRESENTA F.I.A.I.P: WORKSHOP FORMATIVO<br \/>\nRELATORI: GOLDEN ATTICO, SALVATORE CODDETTA, REALISTI.CO HOMESTAGING<\/p>\n<p><strong>Giovedi 23 marzo:15:30 ORA &#8211; 17:30<\/strong><br \/>\nGOLDEN ATTICO PRESENTA FIMAA E FIAIP: TAVOLA ROTONDA L\u2019 EVOLUZIONE DELL\u2019 AGENTE IMMOBILIARE<br \/>\nRELATORI: RAFFAELE RACIOPPI MAURIZIO PEZZETTA STEFANO NOBILI<\/p>\n<p><strong>Venerd\u00ec 24 marzo:15:30 ORA &#8211; 17:30<\/strong><br \/>\nGOLDEN ATTICO PRESENTA F.I.M.A.A.: LA VALUTAZIONE DEGLI IMMOBILI E RIFLESSI DELLA CONFORMITA&#8217;, URBANISTICA SULLA CONTRATTAZIONE IMMOBILIARE.<br \/>\nRELATORI: DOTT. MICHELE PIZZULLO E ARCHITETTO MASSIMO FILICE.<\/p>\n<p><strong>Sabato 25 marzo: 16:00 -17:30<\/strong><br \/>\nGOLDEN ATTICO E I.C.A.F.<br \/>\n1\u00b0 PARTE \u201cCOME CONCILIARE TUTTE LE CONTROVERSIE IMMOBILIARI\u201d<br \/>\n2\u201d PARTE \u201c AGENTE IMMOBILIARE E AMMINISTRATORE CONDOMINIALE: TUTTO QUELLO CHE SI DEVE SAPERE<br \/>\nRELATORE: DOTT. IVAN GIORDANO (giurista dell\u2019economia e dell\u2019impresa, membro del consiglio direttivo dell\u2019Osservatorio sull\u2019Uso dei Sistemi ADR)<\/p>\n<p>CASAIDEA 2017<br \/>\ndal 18 al 26 marzo<br \/>\nFiera di Roma &#8211; Fiumicino Ingresso Est<br \/>\ndal luned\u00ec al venerd\u00ec: ingresso 4 \u20ac 15:00-20:00<br \/>\nsabato e domenica : ingresso 9 \u20ac 10:00-20:00<br \/>\n<a rel=\"nofollow\" href=\"http:\/\/www.casaidea2017.com\">www.casaidea2017.com<\/a><\/p>\n","protected":false,"gt_translate_keys":[{"key":"rendered","format":"html"}]},"excerpt":{"rendered":"<p>La casa \u00e8 una storia di forme, bellezze, anime e presenze, interpretata dagli oggetti che scegliamo per abitarla, che selezioniamo per vestirla. Torna l\u2019appuntamento con la Moda-Casa alla Fiera di Roma, dal 18 al 26 marzo<\/p>\n","protected":false,"gt_translate_keys":[{"key":"rendered","format":"html"}]},"author":693,"featured_media":31184,"comment_status":"open","ping_status":"open","sticky":false,"template":"","format":"standard","meta":{"jetpack_post_was_ever_published":false,"_jetpack_newsletter_access":"","_jetpack_dont_email_post_to_subs":false,"_jetpack_newsletter_tier_id":0,"_jetpack_memberships_contains_paywalled_content":false,"_jetpack_memberships_contains_paid_content":false,"footnotes":"","_wpscppro_dont_share_socialmedia":false,"_wpscppro_custom_social_share_image":0,"_facebook_share_type":"","_twitter_share_type":"","_linkedin_share_type":"","_pinterest_share_type":"","_linkedin_share_type_page":"","_instagram_share_type":"","_medium_share_type":"","_threads_share_type":"","_google_business_share_type":"","_selected_social_profile":[],"_wpsp_enable_custom_social_template":false,"_wpsp_social_scheduling":{"enabled":false,"datetime":null,"platforms":[],"status":"template_only","dateOption":"today","timeOption":"now","customDays":"","customHours":"","customDate":"","customTime":"","schedulingType":"absolute"},"_wpsp_active_default_template":true},"categories":[17],"tags":[279,1845,5048,4648],"class_list":["post-31183","post","type-post","status-publish","format-standard","has-post-thumbnail","hentry","category-design-news","tag-arredo","tag-casaidea","tag-casaidea-2017","tag-nuova-fiera-di-roma"],"yoast_head":"<!-- This site is optimized with the Yoast SEO plugin v27.2 - https:\/\/yoast.com\/product\/yoast-seo-wordpress\/ -->\n<title>Casaidea 2017 esalta le emozioni dei dettagli e propone un calendario ricco di eventi - Social Design Magazine<\/title>\n<meta name=\"description\" content=\"La casa \u00e8 una storia di forme, bellezze, anime e presenze, interpretata dagli oggetti che scegliamo per abitarla, che selezioniamo per vestirla. Torna l\u2019appuntamento con la Moda-Casa alla Fiera di Roma, dal 18 al 26 marzo.\" \/>\n<meta name=\"robots\" content=\"index, follow, max-snippet:-1, max-image-preview:large, max-video-preview:-1\" \/>\n<link rel=\"canonical\" href=\"https:\/\/socialdesignmagazine.com\/mag\/news\/design-news\/casaidea-2017-esalta-le-emozioni-dei-dettagli-e-propone-un-calendario-ricco-di-eventi\/\" \/>\n<meta property=\"og:locale\" content=\"it_IT\" \/>\n<meta property=\"og:type\" content=\"article\" \/>\n<meta property=\"og:title\" content=\"Casaidea 2017 esalta le emozioni dei dettagli e propone un calendario ricco di eventi - Social Design Magazine\" \/>\n<meta property=\"og:description\" content=\"La casa \u00e8 una storia di forme, bellezze, anime e presenze, interpretata dagli oggetti che scegliamo per abitarla, che selezioniamo per vestirla. Torna l\u2019appuntamento con la Moda-Casa alla Fiera di Roma, dal 18 al 26 marzo.\" \/>\n<meta property=\"og:url\" content=\"http:\/\/socialdesignmagazine.com\/mag\/news\/design-news\/casaidea-2017-esalta-le-emozioni-dei-dettagli-e-propone-un-calendario-ricco-di-eventi\/\" \/>\n<meta property=\"og:site_name\" content=\"Social Design Magazine\" \/>\n<meta property=\"article:publisher\" content=\"https:\/\/www.facebook.com\/socialdesignmag\" \/>\n<meta property=\"article:published_time\" content=\"2017-03-14T08:00:21+00:00\" \/>\n<meta property=\"og:image\" content=\"https:\/\/socialdesignmagazine.com\/mag\/wp-content\/uploads\/2017\/03\/emoHome.jpg\" \/>\n\t<meta property=\"og:image:width\" content=\"1162\" \/>\n\t<meta property=\"og:image:height\" content=\"769\" \/>\n\t<meta property=\"og:image:type\" content=\"image\/jpeg\" \/>\n<meta name=\"author\" content=\"francescapress\" \/>\n<meta name=\"twitter:card\" content=\"summary_large_image\" \/>\n<meta name=\"twitter:creator\" content=\"@socialdesignmag\" \/>\n<meta name=\"twitter:site\" content=\"@socialdesignmag\" \/>\n<meta name=\"twitter:label1\" content=\"Scritto da\" \/>\n\t<meta name=\"twitter:data1\" content=\"francescapress\" \/>\n\t<meta name=\"twitter:label2\" content=\"Tempo di lettura stimato\" \/>\n\t<meta name=\"twitter:data2\" content=\"3 minuti\" \/>\n<script type=\"application\/ld+json\" class=\"yoast-schema-graph\">{\"@context\":\"https:\/\/schema.org\",\"@graph\":[{\"@type\":\"Article\",\"@id\":\"https:\/\/socialdesignmagazine.com\/mag\/news\/design-news\/casaidea-2017-esalta-le-emozioni-dei-dettagli-e-propone-un-calendario-ricco-di-eventi\/#article\",\"isPartOf\":{\"@id\":\"https:\/\/socialdesignmagazine.com\/mag\/news\/design-news\/casaidea-2017-esalta-le-emozioni-dei-dettagli-e-propone-un-calendario-ricco-di-eventi\/\"},\"author\":{\"name\":\"francescapress\",\"@id\":\"https:\/\/socialdesignmagazine.com\/mag\/#\/schema\/person\/3147e67185519f0593f6549ad185373a\"},\"headline\":\"Casaidea 2017 esalta le emozioni dei dettagli e propone un calendario ricco di eventi\",\"datePublished\":\"2017-03-14T08:00:21+00:00\",\"mainEntityOfPage\":{\"@id\":\"https:\/\/socialdesignmagazine.com\/mag\/news\/design-news\/casaidea-2017-esalta-le-emozioni-dei-dettagli-e-propone-un-calendario-ricco-di-eventi\/\"},\"wordCount\":710,\"commentCount\":0,\"publisher\":{\"@id\":\"https:\/\/socialdesignmagazine.com\/mag\/#organization\"},\"image\":{\"@id\":\"https:\/\/socialdesignmagazine.com\/mag\/news\/design-news\/casaidea-2017-esalta-le-emozioni-dei-dettagli-e-propone-un-calendario-ricco-di-eventi\/#primaryimage\"},\"thumbnailUrl\":\"https:\/\/socialdesignmagazine.com\/mag\/wp-content\/uploads\/2017\/03\/emoHome.jpg\",\"keywords\":[\"arredo\",\"casaidea\",\"casaidea 2017\",\"Nuova Fiera di Roma\"],\"articleSection\":[\"Design News\"],\"inLanguage\":\"it-IT\",\"potentialAction\":[{\"@type\":\"CommentAction\",\"name\":\"Comment\",\"target\":[\"https:\/\/socialdesignmagazine.com\/mag\/news\/design-news\/casaidea-2017-esalta-le-emozioni-dei-dettagli-e-propone-un-calendario-ricco-di-eventi\/#respond\"]}]},{\"@type\":\"WebPage\",\"@id\":\"https:\/\/socialdesignmagazine.com\/mag\/news\/design-news\/casaidea-2017-esalta-le-emozioni-dei-dettagli-e-propone-un-calendario-ricco-di-eventi\/\",\"url\":\"https:\/\/socialdesignmagazine.com\/mag\/news\/design-news\/casaidea-2017-esalta-le-emozioni-dei-dettagli-e-propone-un-calendario-ricco-di-eventi\/\",\"name\":\"Casaidea 2017 esalta le emozioni dei dettagli e propone un calendario ricco di eventi - Social Design Magazine\",\"isPartOf\":{\"@id\":\"https:\/\/socialdesignmagazine.com\/mag\/#website\"},\"primaryImageOfPage\":{\"@id\":\"https:\/\/socialdesignmagazine.com\/mag\/news\/design-news\/casaidea-2017-esalta-le-emozioni-dei-dettagli-e-propone-un-calendario-ricco-di-eventi\/#primaryimage\"},\"image\":{\"@id\":\"https:\/\/socialdesignmagazine.com\/mag\/news\/design-news\/casaidea-2017-esalta-le-emozioni-dei-dettagli-e-propone-un-calendario-ricco-di-eventi\/#primaryimage\"},\"thumbnailUrl\":\"https:\/\/socialdesignmagazine.com\/mag\/wp-content\/uploads\/2017\/03\/emoHome.jpg\",\"datePublished\":\"2017-03-14T08:00:21+00:00\",\"description\":\"La casa \u00e8 una storia di forme, bellezze, anime e presenze, interpretata dagli oggetti che scegliamo per abitarla, che selezioniamo per vestirla. Torna l\u2019appuntamento con la Moda-Casa alla Fiera di Roma, dal 18 al 26 marzo.\",\"breadcrumb\":{\"@id\":\"https:\/\/socialdesignmagazine.com\/mag\/news\/design-news\/casaidea-2017-esalta-le-emozioni-dei-dettagli-e-propone-un-calendario-ricco-di-eventi\/#breadcrumb\"},\"inLanguage\":\"it-IT\",\"potentialAction\":[{\"@type\":\"ReadAction\",\"target\":[\"https:\/\/socialdesignmagazine.com\/mag\/news\/design-news\/casaidea-2017-esalta-le-emozioni-dei-dettagli-e-propone-un-calendario-ricco-di-eventi\/\"]}]},{\"@type\":\"ImageObject\",\"inLanguage\":\"it-IT\",\"@id\":\"https:\/\/socialdesignmagazine.com\/mag\/news\/design-news\/casaidea-2017-esalta-le-emozioni-dei-dettagli-e-propone-un-calendario-ricco-di-eventi\/#primaryimage\",\"url\":\"https:\/\/socialdesignmagazine.com\/mag\/wp-content\/uploads\/2017\/03\/emoHome.jpg\",\"contentUrl\":\"https:\/\/socialdesignmagazine.com\/mag\/wp-content\/uploads\/2017\/03\/emoHome.jpg\",\"width\":1162,\"height\":769},{\"@type\":\"BreadcrumbList\",\"@id\":\"https:\/\/socialdesignmagazine.com\/mag\/news\/design-news\/casaidea-2017-esalta-le-emozioni-dei-dettagli-e-propone-un-calendario-ricco-di-eventi\/#breadcrumb\",\"itemListElement\":[{\"@type\":\"ListItem\",\"position\":1,\"name\":\"Home\",\"item\":\"https:\/\/socialdesignmagazine.com\/mag\/\"},{\"@type\":\"ListItem\",\"position\":2,\"name\":\"News\",\"item\":\"https:\/\/socialdesignmagazine.com\/mag\/news\/\"},{\"@type\":\"ListItem\",\"position\":3,\"name\":\"Design News\",\"item\":\"https:\/\/socialdesignmagazine.com\/mag\/news\/design-news\/\"},{\"@type\":\"ListItem\",\"position\":4,\"name\":\"Casaidea 2017 esalta le emozioni dei dettagli e propone un calendario ricco di eventi\"}]},{\"@type\":\"WebSite\",\"@id\":\"https:\/\/socialdesignmagazine.com\/mag\/#website\",\"url\":\"https:\/\/socialdesignmagazine.com\/mag\/\",\"name\":\"Social Design Magazine\",\"description\":\"Social Magazine su Design, Architettura, Arte, Grafica\",\"publisher\":{\"@id\":\"https:\/\/socialdesignmagazine.com\/mag\/#organization\"},\"potentialAction\":[{\"@type\":\"SearchAction\",\"target\":{\"@type\":\"EntryPoint\",\"urlTemplate\":\"https:\/\/socialdesignmagazine.com\/mag\/?s={search_term_string}\"},\"query-input\":{\"@type\":\"PropertyValueSpecification\",\"valueRequired\":true,\"valueName\":\"search_term_string\"}}],\"inLanguage\":\"it-IT\"},{\"@type\":\"Organization\",\"@id\":\"https:\/\/socialdesignmagazine.com\/mag\/#organization\",\"name\":\"Social Design Magazine\",\"url\":\"https:\/\/socialdesignmagazine.com\/mag\/\",\"logo\":{\"@type\":\"ImageObject\",\"inLanguage\":\"it-IT\",\"@id\":\"https:\/\/socialdesignmagazine.com\/mag\/#\/schema\/logo\/image\/\",\"url\":\"https:\/\/socialdesignmagazine.com\/mag\/wp-content\/uploads\/2017\/01\/logo_favicon_11.png\",\"contentUrl\":\"https:\/\/socialdesignmagazine.com\/mag\/wp-content\/uploads\/2017\/01\/logo_favicon_11.png\",\"width\":1024,\"height\":1024,\"caption\":\"Social Design Magazine\"},\"image\":{\"@id\":\"https:\/\/socialdesignmagazine.com\/mag\/#\/schema\/logo\/image\/\"},\"sameAs\":[\"https:\/\/www.facebook.com\/socialdesignmag\",\"https:\/\/x.com\/socialdesignmag\",\"http:\/\/instagram.com\/social_design_magazine\/\",\"http:\/\/pinterest.com\/socialdesignmag\/\",\"http:\/\/www.youtube.com\/user\/socialdesignmagazine\"]},{\"@type\":\"Person\",\"@id\":\"https:\/\/socialdesignmagazine.com\/mag\/#\/schema\/person\/3147e67185519f0593f6549ad185373a\",\"name\":\"francescapress\",\"image\":{\"@type\":\"ImageObject\",\"inLanguage\":\"it-IT\",\"@id\":\"https:\/\/secure.gravatar.com\/avatar\/e07e6cf61a1eee569e62fb38c90761d687fe7d2ee6add2d8591edf8a1794fec1?s=96&d=mm&r=g\",\"url\":\"https:\/\/secure.gravatar.com\/avatar\/e07e6cf61a1eee569e62fb38c90761d687fe7d2ee6add2d8591edf8a1794fec1?s=96&d=mm&r=g\",\"contentUrl\":\"https:\/\/secure.gravatar.com\/avatar\/e07e6cf61a1eee569e62fb38c90761d687fe7d2ee6add2d8591edf8a1794fec1?s=96&d=mm&r=g\",\"caption\":\"francescapress\"},\"url\":\"https:\/\/socialdesignmagazine.com\/mag\/author\/francescapress\/\"}]}<\/script>\n<!-- \/ Yoast SEO plugin. -->","yoast_head_json":{"title":"Casaidea 2017 esalta le emozioni dei dettagli e propone un calendario ricco di eventi - Social Design Magazine","description":"La casa \u00e8 una storia di forme, bellezze, anime e presenze, interpretata dagli oggetti che scegliamo per abitarla, che selezioniamo per vestirla. Torna l\u2019appuntamento con la Moda-Casa alla Fiera di Roma, dal 18 al 26 marzo.","robots":{"index":"index","follow":"follow","max-snippet":"max-snippet:-1","max-image-preview":"max-image-preview:large","max-video-preview":"max-video-preview:-1"},"canonical":"https:\/\/socialdesignmagazine.com\/mag\/news\/design-news\/casaidea-2017-esalta-le-emozioni-dei-dettagli-e-propone-un-calendario-ricco-di-eventi\/","og_locale":"it_IT","og_type":"article","og_title":"Casaidea 2017 esalta le emozioni dei dettagli e propone un calendario ricco di eventi - Social Design Magazine","og_description":"La casa \u00e8 una storia di forme, bellezze, anime e presenze, interpretata dagli oggetti che scegliamo per abitarla, che selezioniamo per vestirla. Torna l\u2019appuntamento con la Moda-Casa alla Fiera di Roma, dal 18 al 26 marzo.","og_url":"http:\/\/socialdesignmagazine.com\/mag\/news\/design-news\/casaidea-2017-esalta-le-emozioni-dei-dettagli-e-propone-un-calendario-ricco-di-eventi\/","og_site_name":"Social Design Magazine","article_publisher":"https:\/\/www.facebook.com\/socialdesignmag","article_published_time":"2017-03-14T08:00:21+00:00","og_image":[{"width":1162,"height":769,"url":"https:\/\/socialdesignmagazine.com\/mag\/wp-content\/uploads\/2017\/03\/emoHome.jpg","type":"image\/jpeg"}],"author":"francescapress","twitter_card":"summary_large_image","twitter_creator":"@socialdesignmag","twitter_site":"@socialdesignmag","twitter_misc":{"Scritto da":"francescapress","Tempo di lettura stimato":"3 minuti"},"schema":{"@context":"https:\/\/schema.org","@graph":[{"@type":"Article","@id":"https:\/\/socialdesignmagazine.com\/mag\/news\/design-news\/casaidea-2017-esalta-le-emozioni-dei-dettagli-e-propone-un-calendario-ricco-di-eventi\/#article","isPartOf":{"@id":"https:\/\/socialdesignmagazine.com\/mag\/news\/design-news\/casaidea-2017-esalta-le-emozioni-dei-dettagli-e-propone-un-calendario-ricco-di-eventi\/"},"author":{"name":"francescapress","@id":"https:\/\/socialdesignmagazine.com\/mag\/#\/schema\/person\/3147e67185519f0593f6549ad185373a"},"headline":"Casaidea 2017 esalta le emozioni dei dettagli e propone un calendario ricco di eventi","datePublished":"2017-03-14T08:00:21+00:00","mainEntityOfPage":{"@id":"https:\/\/socialdesignmagazine.com\/mag\/news\/design-news\/casaidea-2017-esalta-le-emozioni-dei-dettagli-e-propone-un-calendario-ricco-di-eventi\/"},"wordCount":710,"commentCount":0,"publisher":{"@id":"https:\/\/socialdesignmagazine.com\/mag\/#organization"},"image":{"@id":"https:\/\/socialdesignmagazine.com\/mag\/news\/design-news\/casaidea-2017-esalta-le-emozioni-dei-dettagli-e-propone-un-calendario-ricco-di-eventi\/#primaryimage"},"thumbnailUrl":"https:\/\/socialdesignmagazine.com\/mag\/wp-content\/uploads\/2017\/03\/emoHome.jpg","keywords":["arredo","casaidea","casaidea 2017","Nuova Fiera di Roma"],"articleSection":["Design News"],"inLanguage":"it-IT","potentialAction":[{"@type":"CommentAction","name":"Comment","target":["https:\/\/socialdesignmagazine.com\/mag\/news\/design-news\/casaidea-2017-esalta-le-emozioni-dei-dettagli-e-propone-un-calendario-ricco-di-eventi\/#respond"]}]},{"@type":"WebPage","@id":"https:\/\/socialdesignmagazine.com\/mag\/news\/design-news\/casaidea-2017-esalta-le-emozioni-dei-dettagli-e-propone-un-calendario-ricco-di-eventi\/","url":"https:\/\/socialdesignmagazine.com\/mag\/news\/design-news\/casaidea-2017-esalta-le-emozioni-dei-dettagli-e-propone-un-calendario-ricco-di-eventi\/","name":"Casaidea 2017 esalta le emozioni dei dettagli e propone un calendario ricco di eventi - Social Design Magazine","isPartOf":{"@id":"https:\/\/socialdesignmagazine.com\/mag\/#website"},"primaryImageOfPage":{"@id":"https:\/\/socialdesignmagazine.com\/mag\/news\/design-news\/casaidea-2017-esalta-le-emozioni-dei-dettagli-e-propone-un-calendario-ricco-di-eventi\/#primaryimage"},"image":{"@id":"https:\/\/socialdesignmagazine.com\/mag\/news\/design-news\/casaidea-2017-esalta-le-emozioni-dei-dettagli-e-propone-un-calendario-ricco-di-eventi\/#primaryimage"},"thumbnailUrl":"https:\/\/socialdesignmagazine.com\/mag\/wp-content\/uploads\/2017\/03\/emoHome.jpg","datePublished":"2017-03-14T08:00:21+00:00","description":"La casa \u00e8 una storia di forme, bellezze, anime e presenze, interpretata dagli oggetti che scegliamo per abitarla, che selezioniamo per vestirla. Torna l\u2019appuntamento con la Moda-Casa alla Fiera di Roma, dal 18 al 26 marzo.","breadcrumb":{"@id":"https:\/\/socialdesignmagazine.com\/mag\/news\/design-news\/casaidea-2017-esalta-le-emozioni-dei-dettagli-e-propone-un-calendario-ricco-di-eventi\/#breadcrumb"},"inLanguage":"it-IT","potentialAction":[{"@type":"ReadAction","target":["https:\/\/socialdesignmagazine.com\/mag\/news\/design-news\/casaidea-2017-esalta-le-emozioni-dei-dettagli-e-propone-un-calendario-ricco-di-eventi\/"]}]},{"@type":"ImageObject","inLanguage":"it-IT","@id":"https:\/\/socialdesignmagazine.com\/mag\/news\/design-news\/casaidea-2017-esalta-le-emozioni-dei-dettagli-e-propone-un-calendario-ricco-di-eventi\/#primaryimage","url":"https:\/\/socialdesignmagazine.com\/mag\/wp-content\/uploads\/2017\/03\/emoHome.jpg","contentUrl":"https:\/\/socialdesignmagazine.com\/mag\/wp-content\/uploads\/2017\/03\/emoHome.jpg","width":1162,"height":769},{"@type":"BreadcrumbList","@id":"https:\/\/socialdesignmagazine.com\/mag\/news\/design-news\/casaidea-2017-esalta-le-emozioni-dei-dettagli-e-propone-un-calendario-ricco-di-eventi\/#breadcrumb","itemListElement":[{"@type":"ListItem","position":1,"name":"Home","item":"https:\/\/socialdesignmagazine.com\/mag\/"},{"@type":"ListItem","position":2,"name":"News","item":"https:\/\/socialdesignmagazine.com\/mag\/news\/"},{"@type":"ListItem","position":3,"name":"Design News","item":"https:\/\/socialdesignmagazine.com\/mag\/news\/design-news\/"},{"@type":"ListItem","position":4,"name":"Casaidea 2017 esalta le emozioni dei dettagli e propone un calendario ricco di eventi"}]},{"@type":"WebSite","@id":"https:\/\/socialdesignmagazine.com\/mag\/#website","url":"https:\/\/socialdesignmagazine.com\/mag\/","name":"Social Design Magazine","description":"Social Magazine su Design, Architettura, Arte, Grafica","publisher":{"@id":"https:\/\/socialdesignmagazine.com\/mag\/#organization"},"potentialAction":[{"@type":"SearchAction","target":{"@type":"EntryPoint","urlTemplate":"https:\/\/socialdesignmagazine.com\/mag\/?s={search_term_string}"},"query-input":{"@type":"PropertyValueSpecification","valueRequired":true,"valueName":"search_term_string"}}],"inLanguage":"it-IT"},{"@type":"Organization","@id":"https:\/\/socialdesignmagazine.com\/mag\/#organization","name":"Social Design Magazine","url":"https:\/\/socialdesignmagazine.com\/mag\/","logo":{"@type":"ImageObject","inLanguage":"it-IT","@id":"https:\/\/socialdesignmagazine.com\/mag\/#\/schema\/logo\/image\/","url":"https:\/\/socialdesignmagazine.com\/mag\/wp-content\/uploads\/2017\/01\/logo_favicon_11.png","contentUrl":"https:\/\/socialdesignmagazine.com\/mag\/wp-content\/uploads\/2017\/01\/logo_favicon_11.png","width":1024,"height":1024,"caption":"Social Design Magazine"},"image":{"@id":"https:\/\/socialdesignmagazine.com\/mag\/#\/schema\/logo\/image\/"},"sameAs":["https:\/\/www.facebook.com\/socialdesignmag","https:\/\/x.com\/socialdesignmag","http:\/\/instagram.com\/social_design_magazine\/","http:\/\/pinterest.com\/socialdesignmag\/","http:\/\/www.youtube.com\/user\/socialdesignmagazine"]},{"@type":"Person","@id":"https:\/\/socialdesignmagazine.com\/mag\/#\/schema\/person\/3147e67185519f0593f6549ad185373a","name":"francescapress","image":{"@type":"ImageObject","inLanguage":"it-IT","@id":"https:\/\/secure.gravatar.com\/avatar\/e07e6cf61a1eee569e62fb38c90761d687fe7d2ee6add2d8591edf8a1794fec1?s=96&d=mm&r=g","url":"https:\/\/secure.gravatar.com\/avatar\/e07e6cf61a1eee569e62fb38c90761d687fe7d2ee6add2d8591edf8a1794fec1?s=96&d=mm&r=g","contentUrl":"https:\/\/secure.gravatar.com\/avatar\/e07e6cf61a1eee569e62fb38c90761d687fe7d2ee6add2d8591edf8a1794fec1?s=96&d=mm&r=g","caption":"francescapress"},"url":"https:\/\/socialdesignmagazine.com\/mag\/author\/francescapress\/"}]}},"jetpack_featured_media_url":"https:\/\/socialdesignmagazine.com\/mag\/wp-content\/uploads\/2017\/03\/emoHome.jpg","jetpack_sharing_enabled":true,"jetpack_shortlink":"https:\/\/wp.me\/p6cV7V-86X","gt_translate_keys":[{"key":"link","format":"url"}],"_links":{"self":[{"href":"https:\/\/socialdesignmagazine.com\/mag\/wp-json\/wp\/v2\/posts\/31183","targetHints":{"allow":["GET"]}}],"collection":[{"href":"https:\/\/socialdesignmagazine.com\/mag\/wp-json\/wp\/v2\/posts"}],"about":[{"href":"https:\/\/socialdesignmagazine.com\/mag\/wp-json\/wp\/v2\/types\/post"}],"author":[{"embeddable":true,"href":"https:\/\/socialdesignmagazine.com\/mag\/wp-json\/wp\/v2\/users\/693"}],"replies":[{"embeddable":true,"href":"https:\/\/socialdesignmagazine.com\/mag\/wp-json\/wp\/v2\/comments?post=31183"}],"version-history":[{"count":2,"href":"https:\/\/socialdesignmagazine.com\/mag\/wp-json\/wp\/v2\/posts\/31183\/revisions"}],"predecessor-version":[{"id":31194,"href":"https:\/\/socialdesignmagazine.com\/mag\/wp-json\/wp\/v2\/posts\/31183\/revisions\/31194"}],"wp:featuredmedia":[{"embeddable":true,"href":"https:\/\/socialdesignmagazine.com\/mag\/wp-json\/wp\/v2\/media\/31184"}],"wp:attachment":[{"href":"https:\/\/socialdesignmagazine.com\/mag\/wp-json\/wp\/v2\/media?parent=31183"}],"wp:term":[{"taxonomy":"category","embeddable":true,"href":"https:\/\/socialdesignmagazine.com\/mag\/wp-json\/wp\/v2\/categories?post=31183"},{"taxonomy":"post_tag","embeddable":true,"href":"https:\/\/socialdesignmagazine.com\/mag\/wp-json\/wp\/v2\/tags?post=31183"}],"curies":[{"name":"wp","href":"https:\/\/api.w.org\/{rel}","templated":true}]}}