{"id":31198,"date":"2017-03-16T10:15:46","date_gmt":"2017-03-16T09:15:46","guid":{"rendered":"https:\/\/socialdesignmagazine.com\/mag\/?p=31198"},"modified":"2021-06-27T20:23:53","modified_gmt":"2021-06-27T18:23:53","slug":"una-casa-in-campagna-che-guarda-verso-il-mare","status":"publish","type":"post","link":"https:\/\/socialdesignmagazine.com\/mag\/architettura\/una-casa-in-campagna-che-guarda-verso-il-mare\/","title":{"rendered":"Una casa in campagna, immersa nel verde, che guarda verso il mare","gt_translate_keys":[{"key":"rendered","format":"text"}]},"content":{"rendered":"<h2>Riqualificazione degli spazi esterni e ampliamento della superficie abitativa per una casa&nbsp;in campagna dall\u2019eleganza senza tempo, immersa nelle campagne nella zona del Parco dell\u2019Alta Murgia in Puglia<\/h2>\n<p>Una casa in campagna dal look immacolato e minimale, la cui purezza del design si riflette nello specchio d\u2019acqua di una piscina azzurra. La casa recentemente \u00e8 stata oggetto di un intervento di riqualificazione degli spazi esterni e di un ampliamento della zona living, a cura dell\u2019architetto <a href=\"https:\/\/socialdesignmagazine.com\/mag\/blog\/tag\/esther-tattoli\/\">Esther Tattoli<\/a>.<\/p>\n<h3>Il progetto<\/h3>\n<p>Il progetto \u00e8 nato dal desiderio della committenza di godere di una villa da vivere in estate e inverno, in cui gli spazi interni fossero dotati di tutti i confort, mentre gli esterni fruibili nella bella stagione, per trascorrere piacevoli momenti in compagnia di amici e famiglia e pause di assoluto relax.<\/p>\n<p>L\u2019architetto Esther Tattoli ha quindi deciso di dotare l\u2019abitazione di ampie vetrate che si affacciassero direttamente sul giardino, in modo da creare una sorta di ponte visivo tra interni ed esterni. La costruzione sorge su un altopiano, in una zona residenziale, immersa nel verde. Dall\u2019aspetto immacolato, l\u2019edificio si sviluppa su tre livelli, ed \u00e8 intervallato da ringhiere in acciaio.<\/p>\n<p>Al piano terra, la casa presenta un largo open space che la famiglia utilizza come dependance per gli ospiti, che si apre su un pergolato ligneo dal quale \u00e8 possibile accedere al giardino e alla piscina. L\u2019accesso all\u2019abitazione invece, avviene tramite una grande porta finestra al primo piano, anticipata da una spaziosa veranda in quota, collegata allo spazio esterno tramite una voluttuosa scalinata.<\/p>\n<h3>L&#8217;ampliamento<\/h3>\n<p>Questa zona della casa in&nbsp;campagna, \u00e8 stata oggetto di un ampliamento volumetrico, sempre a opera dell\u2019architetto Tattoli. Data la posizione privilegiata in cui sorge l\u2019abitazione, rialzata rispetto al livello della citt\u00e0 e dalla quale \u00e8 possibile, ammirando l\u2019orizzonte, scorgere il mare Adriatico, l\u2019architetto ha impostato la ristrutturazione prediligendo il fattore \u201ctrasparenza\u201d.<\/p>\n<p>L\u2019ambiente interno infatti, \u00e8 progettato come uno spazio aperto, fluido e dinamico, delimitato da ampie vetrate, in cui convivono sala da pranzo e cucina, dallo stile intimo, con pareti bianche che si mescolano dolcemente al calore del pavimento in legno di rovere. Uno spazio invaso dalla luminosit\u00e0 mediterranea, vivacizzato da elementi a contrasto, come il divano in sala da pranzo e l\u2019arredo cucina dai colori scuri, e l\u2019antico armadio di famiglia in noce.<\/p>\n<p>&nbsp;<\/p>\n<p>Lo spazio \u00e8 arricchito da un sistema di librerie in muratura che ospitano i numerosi libri e i gufi collezionati dai padroni di casa nel corso di numerosi viaggi. Dalla zona living inoltre si accede tramite una scala alla zona notte al piano superiore. Tutti gli spazi, sono stati concepiti come racchiusi in una grande bolla di vetro, in modo da avere la visuale calda e rassicurante dell\u2019ampio giardino, dell\u2019azzurro del mare e del blu della piscina sottostante.<\/p>\n<p>Grande attenzione \u00e8 stata posta nella fase di progettazione della cucina, ampia e altamente tecnologica, che fronteggia, in una commistione tra antico e moderno, il tavolo di famiglia, degli inizi del \u2018900.<\/p>\n<p>Particolare cura \u00e8 stata inoltre dedicata nell\u2019adattare il progetto al paesaggio circostante, fatto di ulivi, pini, cipressi e alberi da frutto, attraverso l\u2019inserimento di piante autoctone tipiche della macchia mediterranea. Il progetto ha avuto come tema la convivialit\u00e0 e il relax in tutte le stagioni, ed \u00e8 stato incentrato sull\u2019elemento giardino, che si sviluppa intorno a una scenografica piscina rettangolare, a sfioro. La continuit\u00e0 della superficie dell\u2019acqua \u00e8 interrotta da quattro blocchi in pietra affioranti, che, in prossimit\u00e0 dell\u2019area di accesso alla piscina, definiscono una zona \u201cconversazione\u201d, ideata per permettere di prendere il sole in acqua, magari bevendo un fresco drink.<\/p>\n<h3>La piscina<\/h3>\n<p>La piscina, \u00e8 contornata da un solarium, pavimentato con doghe in Teak, e da piccoli cabinati progettati in stile marinaro. Il fil rouge che lega i progetti dell\u2019architetto Tattoli \u00e8 quello di inserire elementi di collegamento tra passato e presente. Nella casa in&nbsp;campagna, oltre alla commistione tra arredi di famiglia ed elementi moderni, troviamo anche l\u2019uso di materiali legati alla tradizione costruttiva locale, come la calce e la pietra di trani, che convivono con uno stile architettonico moderno e sofisticato. Tali materiali inoltre, hanno permesso di aumentare l\u2019inerzia termica degli involucri, e la loro traspirabilit\u00e0.<\/p>\n<p>Il progetto, oltre all\u2019ampliamento strutturale e alla progettazione degli esterni, ha previsto anche l\u2019efficientamento energetico dell\u2019edificio, dotato infatti di sistemi solari passivi per l\u2019approvvigionamento energetico e infissi ad altissime prestazioni. Analogamente, per gli esterni, \u00e8 stato previsto l\u2019aumento delle superfici drenanti e l\u2019uso di materiali naturali come legno e pietra per strutture schermanti, arredi e pavimentazioni.<\/p>\n<p><strong><a href=\"https:\/\/socialdesignmagazine.com\/mag\/blog\/architettura\/una-casa-in-campagna-che-guarda-verso-il-mare\/attachment\/casa-in-campagna-riqualificazione-esterno-e-ampliamento-02\/#content\" rel=\"attachment wp-att-31259\"><img loading=\"lazy\" decoding=\"async\" data-attachment-id=\"31259\" data-permalink=\"https:\/\/socialdesignmagazine.com\/mag\/architettura\/una-casa-in-campagna-che-guarda-verso-il-mare\/attachment\/casa-in-campagna-riqualificazione-esterno-e-ampliamento-02\/#content\" data-orig-file=\"https:\/\/socialdesignmagazine.com\/mag\/wp-content\/uploads\/2017\/03\/casa-in-campagna-riqualificazione-esterno-e-ampliamento-02.jpg\" data-orig-size=\"1155,770\" data-comments-opened=\"1\" data-image-meta=\"{&quot;aperture&quot;:&quot;0&quot;,&quot;credit&quot;:&quot;&quot;,&quot;camera&quot;:&quot;&quot;,&quot;caption&quot;:&quot;&quot;,&quot;created_timestamp&quot;:&quot;0&quot;,&quot;copyright&quot;:&quot;&quot;,&quot;focal_length&quot;:&quot;0&quot;,&quot;iso&quot;:&quot;0&quot;,&quot;shutter_speed&quot;:&quot;0&quot;,&quot;title&quot;:&quot;&quot;,&quot;orientation&quot;:&quot;0&quot;}\" data-image-title=\"casa in campagna riqualificazione esterno e ampliamento 02\" data-image-description=\"\" data-image-caption=\"\" data-medium-file=\"https:\/\/socialdesignmagazine.com\/mag\/wp-content\/uploads\/2017\/03\/casa-in-campagna-riqualificazione-esterno-e-ampliamento-02-438x283.jpg\" data-large-file=\"https:\/\/socialdesignmagazine.com\/mag\/wp-content\/uploads\/2017\/03\/casa-in-campagna-riqualificazione-esterno-e-ampliamento-02-1024x683.jpg\" class=\"size-large wp-image-31259 aligncenter\" src=\"https:\/\/socialdesignmagazine.com\/mag\/wp-content\/uploads\/2017\/03\/casa-in-campagna-riqualificazione-esterno-e-ampliamento-02-1024x683.jpg\" alt=\"\" width=\"1024\" height=\"683\" srcset=\"https:\/\/socialdesignmagazine.com\/mag\/wp-content\/uploads\/2017\/03\/casa-in-campagna-riqualificazione-esterno-e-ampliamento-02-1024x683.jpg 1024w, https:\/\/socialdesignmagazine.com\/mag\/wp-content\/uploads\/2017\/03\/casa-in-campagna-riqualificazione-esterno-e-ampliamento-02-100x66.jpg 100w, https:\/\/socialdesignmagazine.com\/mag\/wp-content\/uploads\/2017\/03\/casa-in-campagna-riqualificazione-esterno-e-ampliamento-02-768x512.jpg 768w, https:\/\/socialdesignmagazine.com\/mag\/wp-content\/uploads\/2017\/03\/casa-in-campagna-riqualificazione-esterno-e-ampliamento-02.jpg 1155w\" sizes=\"auto, (max-width: 1024px) 100vw, 1024px\" \/><\/a><\/strong><\/p>\n<p><strong><a href=\"https:\/\/socialdesignmagazine.com\/mag\/blog\/architettura\/una-casa-in-campagna-che-guarda-verso-il-mare\/attachment\/casa-in-campagna-riqualificazione-esterno-e-ampliamento-06\/#content\" rel=\"attachment wp-att-31250\"><img loading=\"lazy\" decoding=\"async\" data-attachment-id=\"31250\" data-permalink=\"https:\/\/socialdesignmagazine.com\/mag\/architettura\/una-casa-in-campagna-che-guarda-verso-il-mare\/attachment\/casa-in-campagna-riqualificazione-esterno-e-ampliamento-06\/#content\" data-orig-file=\"https:\/\/socialdesignmagazine.com\/mag\/wp-content\/uploads\/2017\/03\/casa-in-campagna-riqualificazione-esterno-e-ampliamento-06.jpg\" data-orig-size=\"1155,770\" data-comments-opened=\"1\" data-image-meta=\"{&quot;aperture&quot;:&quot;0&quot;,&quot;credit&quot;:&quot;&quot;,&quot;camera&quot;:&quot;&quot;,&quot;caption&quot;:&quot;&quot;,&quot;created_timestamp&quot;:&quot;0&quot;,&quot;copyright&quot;:&quot;&quot;,&quot;focal_length&quot;:&quot;0&quot;,&quot;iso&quot;:&quot;0&quot;,&quot;shutter_speed&quot;:&quot;0&quot;,&quot;title&quot;:&quot;&quot;,&quot;orientation&quot;:&quot;0&quot;}\" data-image-title=\"casa in campagna riqualificazione esterno e ampliamento 06\" data-image-description=\"\" data-image-caption=\"\" data-medium-file=\"https:\/\/socialdesignmagazine.com\/mag\/wp-content\/uploads\/2017\/03\/casa-in-campagna-riqualificazione-esterno-e-ampliamento-06-438x283.jpg\" data-large-file=\"https:\/\/socialdesignmagazine.com\/mag\/wp-content\/uploads\/2017\/03\/casa-in-campagna-riqualificazione-esterno-e-ampliamento-06-1024x683.jpg\" class=\"size-large wp-image-31250 aligncenter\" src=\"https:\/\/socialdesignmagazine.com\/mag\/wp-content\/uploads\/2017\/03\/casa-in-campagna-riqualificazione-esterno-e-ampliamento-06-1024x683.jpg\" alt=\"\" width=\"1024\" height=\"683\" srcset=\"https:\/\/socialdesignmagazine.com\/mag\/wp-content\/uploads\/2017\/03\/casa-in-campagna-riqualificazione-esterno-e-ampliamento-06-1024x683.jpg 1024w, https:\/\/socialdesignmagazine.com\/mag\/wp-content\/uploads\/2017\/03\/casa-in-campagna-riqualificazione-esterno-e-ampliamento-06-100x66.jpg 100w, https:\/\/socialdesignmagazine.com\/mag\/wp-content\/uploads\/2017\/03\/casa-in-campagna-riqualificazione-esterno-e-ampliamento-06-768x512.jpg 768w, https:\/\/socialdesignmagazine.com\/mag\/wp-content\/uploads\/2017\/03\/casa-in-campagna-riqualificazione-esterno-e-ampliamento-06.jpg 1155w\" sizes=\"auto, (max-width: 1024px) 100vw, 1024px\" \/><\/a><\/strong><\/p>\n<p><strong><a href=\"https:\/\/socialdesignmagazine.com\/mag\/blog\/architettura\/una-casa-in-campagna-che-guarda-verso-il-mare\/attachment\/casa-in-campagna-riqualificazione-esterno-e-ampliamento-05\/#content\" rel=\"attachment wp-att-31249\"><img loading=\"lazy\" decoding=\"async\" data-attachment-id=\"31249\" data-permalink=\"https:\/\/socialdesignmagazine.com\/mag\/architettura\/una-casa-in-campagna-che-guarda-verso-il-mare\/attachment\/casa-in-campagna-riqualificazione-esterno-e-ampliamento-05\/#content\" data-orig-file=\"https:\/\/socialdesignmagazine.com\/mag\/wp-content\/uploads\/2017\/03\/casa-in-campagna-riqualificazione-esterno-e-ampliamento-05.jpg\" data-orig-size=\"1155,770\" data-comments-opened=\"1\" data-image-meta=\"{&quot;aperture&quot;:&quot;0&quot;,&quot;credit&quot;:&quot;&quot;,&quot;camera&quot;:&quot;&quot;,&quot;caption&quot;:&quot;&quot;,&quot;created_timestamp&quot;:&quot;0&quot;,&quot;copyright&quot;:&quot;&quot;,&quot;focal_length&quot;:&quot;0&quot;,&quot;iso&quot;:&quot;0&quot;,&quot;shutter_speed&quot;:&quot;0&quot;,&quot;title&quot;:&quot;&quot;,&quot;orientation&quot;:&quot;0&quot;}\" data-image-title=\"casa in campagna riqualificazione esterno e ampliamento 05\" data-image-description=\"\" data-image-caption=\"\" data-medium-file=\"https:\/\/socialdesignmagazine.com\/mag\/wp-content\/uploads\/2017\/03\/casa-in-campagna-riqualificazione-esterno-e-ampliamento-05-438x283.jpg\" data-large-file=\"https:\/\/socialdesignmagazine.com\/mag\/wp-content\/uploads\/2017\/03\/casa-in-campagna-riqualificazione-esterno-e-ampliamento-05-1024x683.jpg\" class=\"size-large wp-image-31249 aligncenter\" src=\"https:\/\/socialdesignmagazine.com\/mag\/wp-content\/uploads\/2017\/03\/casa-in-campagna-riqualificazione-esterno-e-ampliamento-05-1024x683.jpg\" alt=\"\" width=\"1024\" height=\"683\" srcset=\"https:\/\/socialdesignmagazine.com\/mag\/wp-content\/uploads\/2017\/03\/casa-in-campagna-riqualificazione-esterno-e-ampliamento-05-1024x683.jpg 1024w, https:\/\/socialdesignmagazine.com\/mag\/wp-content\/uploads\/2017\/03\/casa-in-campagna-riqualificazione-esterno-e-ampliamento-05-100x66.jpg 100w, https:\/\/socialdesignmagazine.com\/mag\/wp-content\/uploads\/2017\/03\/casa-in-campagna-riqualificazione-esterno-e-ampliamento-05-768x512.jpg 768w, https:\/\/socialdesignmagazine.com\/mag\/wp-content\/uploads\/2017\/03\/casa-in-campagna-riqualificazione-esterno-e-ampliamento-05.jpg 1155w\" sizes=\"auto, (max-width: 1024px) 100vw, 1024px\" \/><\/a><\/strong><\/p>\n<p><strong><a href=\"https:\/\/socialdesignmagazine.com\/mag\/blog\/architettura\/una-casa-in-campagna-che-guarda-verso-il-mare\/attachment\/casa-in-campagna-riqualificazione-esterno-e-ampliamento-04\/#content\" rel=\"attachment wp-att-31248\"><img loading=\"lazy\" decoding=\"async\" data-attachment-id=\"31248\" data-permalink=\"https:\/\/socialdesignmagazine.com\/mag\/architettura\/una-casa-in-campagna-che-guarda-verso-il-mare\/attachment\/casa-in-campagna-riqualificazione-esterno-e-ampliamento-04\/#content\" data-orig-file=\"https:\/\/socialdesignmagazine.com\/mag\/wp-content\/uploads\/2017\/03\/casa-in-campagna-riqualificazione-esterno-e-ampliamento-04.jpg\" data-orig-size=\"1155,770\" data-comments-opened=\"1\" data-image-meta=\"{&quot;aperture&quot;:&quot;0&quot;,&quot;credit&quot;:&quot;&quot;,&quot;camera&quot;:&quot;&quot;,&quot;caption&quot;:&quot;&quot;,&quot;created_timestamp&quot;:&quot;0&quot;,&quot;copyright&quot;:&quot;&quot;,&quot;focal_length&quot;:&quot;0&quot;,&quot;iso&quot;:&quot;0&quot;,&quot;shutter_speed&quot;:&quot;0&quot;,&quot;title&quot;:&quot;&quot;,&quot;orientation&quot;:&quot;0&quot;}\" data-image-title=\"casa in campagna riqualificazione esterno e ampliamento 04\" data-image-description=\"\" data-image-caption=\"\" data-medium-file=\"https:\/\/socialdesignmagazine.com\/mag\/wp-content\/uploads\/2017\/03\/casa-in-campagna-riqualificazione-esterno-e-ampliamento-04-438x283.jpg\" data-large-file=\"https:\/\/socialdesignmagazine.com\/mag\/wp-content\/uploads\/2017\/03\/casa-in-campagna-riqualificazione-esterno-e-ampliamento-04-1024x683.jpg\" class=\"size-large wp-image-31248 aligncenter\" src=\"https:\/\/socialdesignmagazine.com\/mag\/wp-content\/uploads\/2017\/03\/casa-in-campagna-riqualificazione-esterno-e-ampliamento-04-1024x683.jpg\" alt=\"\" width=\"1024\" height=\"683\" srcset=\"https:\/\/socialdesignmagazine.com\/mag\/wp-content\/uploads\/2017\/03\/casa-in-campagna-riqualificazione-esterno-e-ampliamento-04-1024x683.jpg 1024w, https:\/\/socialdesignmagazine.com\/mag\/wp-content\/uploads\/2017\/03\/casa-in-campagna-riqualificazione-esterno-e-ampliamento-04-100x66.jpg 100w, https:\/\/socialdesignmagazine.com\/mag\/wp-content\/uploads\/2017\/03\/casa-in-campagna-riqualificazione-esterno-e-ampliamento-04-768x512.jpg 768w, https:\/\/socialdesignmagazine.com\/mag\/wp-content\/uploads\/2017\/03\/casa-in-campagna-riqualificazione-esterno-e-ampliamento-04.jpg 1155w\" sizes=\"auto, (max-width: 1024px) 100vw, 1024px\" \/><\/a><\/strong><\/p>\n<p><strong><a href=\"https:\/\/socialdesignmagazine.com\/mag\/blog\/architettura\/una-casa-in-campagna-che-guarda-verso-il-mare\/attachment\/casa-in-campagna-riqualificazione-esterno-e-ampliamento-03\/#content\" rel=\"attachment wp-att-31247\"><img loading=\"lazy\" decoding=\"async\" data-attachment-id=\"31247\" data-permalink=\"https:\/\/socialdesignmagazine.com\/mag\/architettura\/una-casa-in-campagna-che-guarda-verso-il-mare\/attachment\/casa-in-campagna-riqualificazione-esterno-e-ampliamento-03\/#content\" data-orig-file=\"https:\/\/socialdesignmagazine.com\/mag\/wp-content\/uploads\/2017\/03\/casa-in-campagna-riqualificazione-esterno-e-ampliamento-03.jpg\" data-orig-size=\"1155,770\" data-comments-opened=\"1\" data-image-meta=\"{&quot;aperture&quot;:&quot;0&quot;,&quot;credit&quot;:&quot;&quot;,&quot;camera&quot;:&quot;&quot;,&quot;caption&quot;:&quot;&quot;,&quot;created_timestamp&quot;:&quot;0&quot;,&quot;copyright&quot;:&quot;&quot;,&quot;focal_length&quot;:&quot;0&quot;,&quot;iso&quot;:&quot;0&quot;,&quot;shutter_speed&quot;:&quot;0&quot;,&quot;title&quot;:&quot;&quot;,&quot;orientation&quot;:&quot;0&quot;}\" data-image-title=\"casa in campagna riqualificazione esterno e ampliamento 03\" data-image-description=\"\" data-image-caption=\"\" data-medium-file=\"https:\/\/socialdesignmagazine.com\/mag\/wp-content\/uploads\/2017\/03\/casa-in-campagna-riqualificazione-esterno-e-ampliamento-03-438x283.jpg\" data-large-file=\"https:\/\/socialdesignmagazine.com\/mag\/wp-content\/uploads\/2017\/03\/casa-in-campagna-riqualificazione-esterno-e-ampliamento-03-1024x683.jpg\" class=\"size-large wp-image-31247 aligncenter\" src=\"https:\/\/socialdesignmagazine.com\/mag\/wp-content\/uploads\/2017\/03\/casa-in-campagna-riqualificazione-esterno-e-ampliamento-03-1024x683.jpg\" alt=\"\" width=\"1024\" height=\"683\" srcset=\"https:\/\/socialdesignmagazine.com\/mag\/wp-content\/uploads\/2017\/03\/casa-in-campagna-riqualificazione-esterno-e-ampliamento-03-1024x683.jpg 1024w, https:\/\/socialdesignmagazine.com\/mag\/wp-content\/uploads\/2017\/03\/casa-in-campagna-riqualificazione-esterno-e-ampliamento-03-100x66.jpg 100w, https:\/\/socialdesignmagazine.com\/mag\/wp-content\/uploads\/2017\/03\/casa-in-campagna-riqualificazione-esterno-e-ampliamento-03-768x512.jpg 768w, https:\/\/socialdesignmagazine.com\/mag\/wp-content\/uploads\/2017\/03\/casa-in-campagna-riqualificazione-esterno-e-ampliamento-03.jpg 1155w\" sizes=\"auto, (max-width: 1024px) 100vw, 1024px\" \/><\/a><\/strong><\/p>\n<p><strong><a href=\"https:\/\/socialdesignmagazine.com\/mag\/blog\/architettura\/una-casa-in-campagna-che-guarda-verso-il-mare\/attachment\/casa-in-campagna-riqualificazione-esterno-e-ampliamento-10\/#content\" rel=\"attachment wp-att-31251\"><img loading=\"lazy\" decoding=\"async\" data-attachment-id=\"31251\" data-permalink=\"https:\/\/socialdesignmagazine.com\/mag\/architettura\/una-casa-in-campagna-che-guarda-verso-il-mare\/attachment\/casa-in-campagna-riqualificazione-esterno-e-ampliamento-10\/#content\" data-orig-file=\"https:\/\/socialdesignmagazine.com\/mag\/wp-content\/uploads\/2017\/03\/casa-in-campagna-riqualificazione-esterno-e-ampliamento-10.jpg\" data-orig-size=\"1155,770\" data-comments-opened=\"1\" data-image-meta=\"{&quot;aperture&quot;:&quot;0&quot;,&quot;credit&quot;:&quot;&quot;,&quot;camera&quot;:&quot;&quot;,&quot;caption&quot;:&quot;&quot;,&quot;created_timestamp&quot;:&quot;0&quot;,&quot;copyright&quot;:&quot;&quot;,&quot;focal_length&quot;:&quot;0&quot;,&quot;iso&quot;:&quot;0&quot;,&quot;shutter_speed&quot;:&quot;0&quot;,&quot;title&quot;:&quot;&quot;,&quot;orientation&quot;:&quot;0&quot;}\" data-image-title=\"casa in campagna riqualificazione esterno e ampliamento 10\" data-image-description=\"\" data-image-caption=\"\" data-medium-file=\"https:\/\/socialdesignmagazine.com\/mag\/wp-content\/uploads\/2017\/03\/casa-in-campagna-riqualificazione-esterno-e-ampliamento-10-438x283.jpg\" data-large-file=\"https:\/\/socialdesignmagazine.com\/mag\/wp-content\/uploads\/2017\/03\/casa-in-campagna-riqualificazione-esterno-e-ampliamento-10-1024x683.jpg\" class=\"size-large wp-image-31251 aligncenter\" src=\"https:\/\/socialdesignmagazine.com\/mag\/wp-content\/uploads\/2017\/03\/casa-in-campagna-riqualificazione-esterno-e-ampliamento-10-1024x683.jpg\" alt=\"\" width=\"1024\" height=\"683\" srcset=\"https:\/\/socialdesignmagazine.com\/mag\/wp-content\/uploads\/2017\/03\/casa-in-campagna-riqualificazione-esterno-e-ampliamento-10-1024x683.jpg 1024w, https:\/\/socialdesignmagazine.com\/mag\/wp-content\/uploads\/2017\/03\/casa-in-campagna-riqualificazione-esterno-e-ampliamento-10-100x66.jpg 100w, https:\/\/socialdesignmagazine.com\/mag\/wp-content\/uploads\/2017\/03\/casa-in-campagna-riqualificazione-esterno-e-ampliamento-10-768x512.jpg 768w, https:\/\/socialdesignmagazine.com\/mag\/wp-content\/uploads\/2017\/03\/casa-in-campagna-riqualificazione-esterno-e-ampliamento-10.jpg 1155w\" sizes=\"auto, (max-width: 1024px) 100vw, 1024px\" \/><\/a><\/strong><\/p>\n<p><strong><a href=\"https:\/\/socialdesignmagazine.com\/mag\/blog\/architettura\/una-casa-in-campagna-che-guarda-verso-il-mare\/attachment\/casa-in-campagna-riqualificazione-esterno-e-ampliamento-11\/#content\" rel=\"attachment wp-att-31252\"><img loading=\"lazy\" decoding=\"async\" data-attachment-id=\"31252\" data-permalink=\"https:\/\/socialdesignmagazine.com\/mag\/architettura\/una-casa-in-campagna-che-guarda-verso-il-mare\/attachment\/casa-in-campagna-riqualificazione-esterno-e-ampliamento-11\/#content\" data-orig-file=\"https:\/\/socialdesignmagazine.com\/mag\/wp-content\/uploads\/2017\/03\/casa-in-campagna-riqualificazione-esterno-e-ampliamento-11.jpg\" data-orig-size=\"794,530\" data-comments-opened=\"1\" data-image-meta=\"{&quot;aperture&quot;:&quot;0&quot;,&quot;credit&quot;:&quot;&quot;,&quot;camera&quot;:&quot;&quot;,&quot;caption&quot;:&quot;&quot;,&quot;created_timestamp&quot;:&quot;0&quot;,&quot;copyright&quot;:&quot;&quot;,&quot;focal_length&quot;:&quot;0&quot;,&quot;iso&quot;:&quot;0&quot;,&quot;shutter_speed&quot;:&quot;0&quot;,&quot;title&quot;:&quot;&quot;,&quot;orientation&quot;:&quot;0&quot;}\" data-image-title=\"casa in campagna riqualificazione esterno e ampliamento 11\" data-image-description=\"\" data-image-caption=\"\" data-medium-file=\"https:\/\/socialdesignmagazine.com\/mag\/wp-content\/uploads\/2017\/03\/casa-in-campagna-riqualificazione-esterno-e-ampliamento-11-438x283.jpg\" data-large-file=\"https:\/\/socialdesignmagazine.com\/mag\/wp-content\/uploads\/2017\/03\/casa-in-campagna-riqualificazione-esterno-e-ampliamento-11.jpg\" class=\"size-full wp-image-31252 aligncenter\" src=\"https:\/\/socialdesignmagazine.com\/mag\/wp-content\/uploads\/2017\/03\/casa-in-campagna-riqualificazione-esterno-e-ampliamento-11.jpg\" alt=\"casa in campagna riqualificazione esterno e ampliamento\" width=\"794\" height=\"530\" srcset=\"https:\/\/socialdesignmagazine.com\/mag\/wp-content\/uploads\/2017\/03\/casa-in-campagna-riqualificazione-esterno-e-ampliamento-11.jpg 794w, https:\/\/socialdesignmagazine.com\/mag\/wp-content\/uploads\/2017\/03\/casa-in-campagna-riqualificazione-esterno-e-ampliamento-11-100x66.jpg 100w, https:\/\/socialdesignmagazine.com\/mag\/wp-content\/uploads\/2017\/03\/casa-in-campagna-riqualificazione-esterno-e-ampliamento-11-768x513.jpg 768w\" sizes=\"auto, (max-width: 794px) 100vw, 794px\" \/><\/a><a href=\"https:\/\/socialdesignmagazine.com\/mag\/blog\/architettura\/una-casa-in-campagna-che-guarda-verso-il-mare\/attachment\/casa-in-campagna-riqualificazione-esterno-e-ampliamento-12\/#content\" rel=\"attachment wp-att-31253\"><img loading=\"lazy\" decoding=\"async\" data-attachment-id=\"31253\" data-permalink=\"https:\/\/socialdesignmagazine.com\/mag\/architettura\/una-casa-in-campagna-che-guarda-verso-il-mare\/attachment\/casa-in-campagna-riqualificazione-esterno-e-ampliamento-12\/#content\" data-orig-file=\"https:\/\/socialdesignmagazine.com\/mag\/wp-content\/uploads\/2017\/03\/casa-in-campagna-riqualificazione-esterno-e-ampliamento-12.jpg\" data-orig-size=\"794,530\" data-comments-opened=\"1\" data-image-meta=\"{&quot;aperture&quot;:&quot;0&quot;,&quot;credit&quot;:&quot;&quot;,&quot;camera&quot;:&quot;&quot;,&quot;caption&quot;:&quot;&quot;,&quot;created_timestamp&quot;:&quot;0&quot;,&quot;copyright&quot;:&quot;&quot;,&quot;focal_length&quot;:&quot;0&quot;,&quot;iso&quot;:&quot;0&quot;,&quot;shutter_speed&quot;:&quot;0&quot;,&quot;title&quot;:&quot;&quot;,&quot;orientation&quot;:&quot;0&quot;}\" data-image-title=\"casa in campagna riqualificazione esterno e ampliamento 12\" data-image-description=\"\" data-image-caption=\"\" data-medium-file=\"https:\/\/socialdesignmagazine.com\/mag\/wp-content\/uploads\/2017\/03\/casa-in-campagna-riqualificazione-esterno-e-ampliamento-12-438x283.jpg\" data-large-file=\"https:\/\/socialdesignmagazine.com\/mag\/wp-content\/uploads\/2017\/03\/casa-in-campagna-riqualificazione-esterno-e-ampliamento-12.jpg\" class=\"size-full wp-image-31253 aligncenter\" src=\"https:\/\/socialdesignmagazine.com\/mag\/wp-content\/uploads\/2017\/03\/casa-in-campagna-riqualificazione-esterno-e-ampliamento-12.jpg\" alt=\"\" width=\"794\" height=\"530\" srcset=\"https:\/\/socialdesignmagazine.com\/mag\/wp-content\/uploads\/2017\/03\/casa-in-campagna-riqualificazione-esterno-e-ampliamento-12.jpg 794w, https:\/\/socialdesignmagazine.com\/mag\/wp-content\/uploads\/2017\/03\/casa-in-campagna-riqualificazione-esterno-e-ampliamento-12-100x66.jpg 100w, https:\/\/socialdesignmagazine.com\/mag\/wp-content\/uploads\/2017\/03\/casa-in-campagna-riqualificazione-esterno-e-ampliamento-12-768x513.jpg 768w\" sizes=\"auto, (max-width: 794px) 100vw, 794px\" \/><\/a><a href=\"https:\/\/socialdesignmagazine.com\/mag\/blog\/architettura\/una-casa-in-campagna-che-guarda-verso-il-mare\/attachment\/casa-in-campagna-riqualificazione-esterno-e-ampliamento-la-cucina\/#content\" rel=\"attachment wp-att-31257\"><img loading=\"lazy\" decoding=\"async\" data-attachment-id=\"31257\" data-permalink=\"https:\/\/socialdesignmagazine.com\/mag\/architettura\/una-casa-in-campagna-che-guarda-verso-il-mare\/attachment\/casa-in-campagna-riqualificazione-esterno-e-ampliamento-la-cucina\/#content\" data-orig-file=\"https:\/\/socialdesignmagazine.com\/mag\/wp-content\/uploads\/2017\/03\/casa-in-campagna-riqualificazione-esterno-e-ampliamento-la-cucina.jpg\" data-orig-size=\"794,530\" data-comments-opened=\"1\" data-image-meta=\"{&quot;aperture&quot;:&quot;0&quot;,&quot;credit&quot;:&quot;&quot;,&quot;camera&quot;:&quot;&quot;,&quot;caption&quot;:&quot;&quot;,&quot;created_timestamp&quot;:&quot;0&quot;,&quot;copyright&quot;:&quot;&quot;,&quot;focal_length&quot;:&quot;0&quot;,&quot;iso&quot;:&quot;0&quot;,&quot;shutter_speed&quot;:&quot;0&quot;,&quot;title&quot;:&quot;&quot;,&quot;orientation&quot;:&quot;0&quot;}\" data-image-title=\"casa in campagna riqualificazione esterno e ampliamento, la cucina\" data-image-description=\"\" data-image-caption=\"\" data-medium-file=\"https:\/\/socialdesignmagazine.com\/mag\/wp-content\/uploads\/2017\/03\/casa-in-campagna-riqualificazione-esterno-e-ampliamento-la-cucina-438x283.jpg\" data-large-file=\"https:\/\/socialdesignmagazine.com\/mag\/wp-content\/uploads\/2017\/03\/casa-in-campagna-riqualificazione-esterno-e-ampliamento-la-cucina.jpg\" class=\"size-full wp-image-31257 aligncenter\" src=\"https:\/\/socialdesignmagazine.com\/mag\/wp-content\/uploads\/2017\/03\/casa-in-campagna-riqualificazione-esterno-e-ampliamento-la-cucina.jpg\" alt=\"\" width=\"794\" height=\"530\" srcset=\"https:\/\/socialdesignmagazine.com\/mag\/wp-content\/uploads\/2017\/03\/casa-in-campagna-riqualificazione-esterno-e-ampliamento-la-cucina.jpg 794w, https:\/\/socialdesignmagazine.com\/mag\/wp-content\/uploads\/2017\/03\/casa-in-campagna-riqualificazione-esterno-e-ampliamento-la-cucina-100x66.jpg 100w, https:\/\/socialdesignmagazine.com\/mag\/wp-content\/uploads\/2017\/03\/casa-in-campagna-riqualificazione-esterno-e-ampliamento-la-cucina-768x513.jpg 768w\" sizes=\"auto, (max-width: 794px) 100vw, 794px\" \/><\/a><a href=\"https:\/\/socialdesignmagazine.com\/mag\/blog\/architettura\/una-casa-in-campagna-che-guarda-verso-il-mare\/attachment\/casa-in-campagna-riqualificazione-esterno-e-ampliamento-dettagli-delle-grandi-librerie-in-muratura-02\/#content\" rel=\"attachment wp-att-31254\"><img loading=\"lazy\" decoding=\"async\" data-attachment-id=\"31254\" data-permalink=\"https:\/\/socialdesignmagazine.com\/mag\/architettura\/una-casa-in-campagna-che-guarda-verso-il-mare\/attachment\/casa-in-campagna-riqualificazione-esterno-e-ampliamento-dettagli-delle-grandi-librerie-in-muratura-02\/#content\" data-orig-file=\"https:\/\/socialdesignmagazine.com\/mag\/wp-content\/uploads\/2017\/03\/casa-in-campagna-riqualificazione-esterno-e-ampliamento-dettagli-delle-grandi-librerie-in-muratura-02.jpg\" data-orig-size=\"794,530\" data-comments-opened=\"1\" data-image-meta=\"{&quot;aperture&quot;:&quot;0&quot;,&quot;credit&quot;:&quot;&quot;,&quot;camera&quot;:&quot;&quot;,&quot;caption&quot;:&quot;&quot;,&quot;created_timestamp&quot;:&quot;0&quot;,&quot;copyright&quot;:&quot;&quot;,&quot;focal_length&quot;:&quot;0&quot;,&quot;iso&quot;:&quot;0&quot;,&quot;shutter_speed&quot;:&quot;0&quot;,&quot;title&quot;:&quot;&quot;,&quot;orientation&quot;:&quot;0&quot;}\" data-image-title=\"casa in campagna riqualificazione esterno e ampliamento, dettagli delle grandi librerie in muratura 02\" data-image-description=\"\" data-image-caption=\"\" data-medium-file=\"https:\/\/socialdesignmagazine.com\/mag\/wp-content\/uploads\/2017\/03\/casa-in-campagna-riqualificazione-esterno-e-ampliamento-dettagli-delle-grandi-librerie-in-muratura-02-438x283.jpg\" data-large-file=\"https:\/\/socialdesignmagazine.com\/mag\/wp-content\/uploads\/2017\/03\/casa-in-campagna-riqualificazione-esterno-e-ampliamento-dettagli-delle-grandi-librerie-in-muratura-02.jpg\" class=\"size-full wp-image-31254 aligncenter\" src=\"https:\/\/socialdesignmagazine.com\/mag\/wp-content\/uploads\/2017\/03\/casa-in-campagna-riqualificazione-esterno-e-ampliamento-dettagli-delle-grandi-librerie-in-muratura-02.jpg\" alt=\"\" width=\"794\" height=\"530\" srcset=\"https:\/\/socialdesignmagazine.com\/mag\/wp-content\/uploads\/2017\/03\/casa-in-campagna-riqualificazione-esterno-e-ampliamento-dettagli-delle-grandi-librerie-in-muratura-02.jpg 794w, https:\/\/socialdesignmagazine.com\/mag\/wp-content\/uploads\/2017\/03\/casa-in-campagna-riqualificazione-esterno-e-ampliamento-dettagli-delle-grandi-librerie-in-muratura-02-100x66.jpg 100w, https:\/\/socialdesignmagazine.com\/mag\/wp-content\/uploads\/2017\/03\/casa-in-campagna-riqualificazione-esterno-e-ampliamento-dettagli-delle-grandi-librerie-in-muratura-02-768x513.jpg 768w\" sizes=\"auto, (max-width: 794px) 100vw, 794px\" \/><\/a><a href=\"https:\/\/socialdesignmagazine.com\/mag\/blog\/architettura\/una-casa-in-campagna-che-guarda-verso-il-mare\/attachment\/casa-in-campagna-riqualificazione-esterno-e-ampliamento-dettagli-delle-grandi-librerie-in-muratura-09\/#content\" rel=\"attachment wp-att-31255\"><img loading=\"lazy\" decoding=\"async\" data-attachment-id=\"31255\" data-permalink=\"https:\/\/socialdesignmagazine.com\/mag\/architettura\/una-casa-in-campagna-che-guarda-verso-il-mare\/attachment\/casa-in-campagna-riqualificazione-esterno-e-ampliamento-dettagli-delle-grandi-librerie-in-muratura-09\/#content\" data-orig-file=\"https:\/\/socialdesignmagazine.com\/mag\/wp-content\/uploads\/2017\/03\/casa-in-campagna-riqualificazione-esterno-e-ampliamento-dettagli-delle-grandi-librerie-in-muratura-09.jpg\" data-orig-size=\"1155,770\" data-comments-opened=\"1\" data-image-meta=\"{&quot;aperture&quot;:&quot;0&quot;,&quot;credit&quot;:&quot;&quot;,&quot;camera&quot;:&quot;&quot;,&quot;caption&quot;:&quot;&quot;,&quot;created_timestamp&quot;:&quot;0&quot;,&quot;copyright&quot;:&quot;&quot;,&quot;focal_length&quot;:&quot;0&quot;,&quot;iso&quot;:&quot;0&quot;,&quot;shutter_speed&quot;:&quot;0&quot;,&quot;title&quot;:&quot;&quot;,&quot;orientation&quot;:&quot;0&quot;}\" data-image-title=\"casa in campagna riqualificazione esterno e ampliamento, dettagli delle grandi librerie in muratura 09\" data-image-description=\"\" data-image-caption=\"\" data-medium-file=\"https:\/\/socialdesignmagazine.com\/mag\/wp-content\/uploads\/2017\/03\/casa-in-campagna-riqualificazione-esterno-e-ampliamento-dettagli-delle-grandi-librerie-in-muratura-09-438x283.jpg\" data-large-file=\"https:\/\/socialdesignmagazine.com\/mag\/wp-content\/uploads\/2017\/03\/casa-in-campagna-riqualificazione-esterno-e-ampliamento-dettagli-delle-grandi-librerie-in-muratura-09-1024x683.jpg\" class=\"size-large wp-image-31255 aligncenter\" src=\"https:\/\/socialdesignmagazine.com\/mag\/wp-content\/uploads\/2017\/03\/casa-in-campagna-riqualificazione-esterno-e-ampliamento-dettagli-delle-grandi-librerie-in-muratura-09-1024x683.jpg\" alt=\"\" width=\"1024\" height=\"683\" srcset=\"https:\/\/socialdesignmagazine.com\/mag\/wp-content\/uploads\/2017\/03\/casa-in-campagna-riqualificazione-esterno-e-ampliamento-dettagli-delle-grandi-librerie-in-muratura-09-1024x683.jpg 1024w, https:\/\/socialdesignmagazine.com\/mag\/wp-content\/uploads\/2017\/03\/casa-in-campagna-riqualificazione-esterno-e-ampliamento-dettagli-delle-grandi-librerie-in-muratura-09-100x66.jpg 100w, https:\/\/socialdesignmagazine.com\/mag\/wp-content\/uploads\/2017\/03\/casa-in-campagna-riqualificazione-esterno-e-ampliamento-dettagli-delle-grandi-librerie-in-muratura-09-768x512.jpg 768w, https:\/\/socialdesignmagazine.com\/mag\/wp-content\/uploads\/2017\/03\/casa-in-campagna-riqualificazione-esterno-e-ampliamento-dettagli-delle-grandi-librerie-in-muratura-09.jpg 1155w\" sizes=\"auto, (max-width: 1024px) 100vw, 1024px\" \/><\/a><a href=\"https:\/\/socialdesignmagazine.com\/mag\/blog\/architettura\/una-casa-in-campagna-che-guarda-verso-il-mare\/attachment\/casa-in-campagna-riqualificazione-esterno-e-ampliamento-dettagli-delle-grandi-librerie-in-muratura\/#content\" rel=\"attachment wp-att-31256\"><img loading=\"lazy\" decoding=\"async\" data-attachment-id=\"31256\" data-permalink=\"https:\/\/socialdesignmagazine.com\/mag\/architettura\/una-casa-in-campagna-che-guarda-verso-il-mare\/attachment\/casa-in-campagna-riqualificazione-esterno-e-ampliamento-dettagli-delle-grandi-librerie-in-muratura\/#content\" data-orig-file=\"https:\/\/socialdesignmagazine.com\/mag\/wp-content\/uploads\/2017\/03\/casa-in-campagna-riqualificazione-esterno-e-ampliamento-dettagli-delle-grandi-librerie-in-muratura.jpg\" data-orig-size=\"1155,770\" data-comments-opened=\"1\" data-image-meta=\"{&quot;aperture&quot;:&quot;0&quot;,&quot;credit&quot;:&quot;&quot;,&quot;camera&quot;:&quot;&quot;,&quot;caption&quot;:&quot;&quot;,&quot;created_timestamp&quot;:&quot;0&quot;,&quot;copyright&quot;:&quot;&quot;,&quot;focal_length&quot;:&quot;0&quot;,&quot;iso&quot;:&quot;0&quot;,&quot;shutter_speed&quot;:&quot;0&quot;,&quot;title&quot;:&quot;&quot;,&quot;orientation&quot;:&quot;0&quot;}\" data-image-title=\"casa in campagna riqualificazione esterno e ampliamento, dettagli delle grandi librerie in muratura\" data-image-description=\"\" data-image-caption=\"\" data-medium-file=\"https:\/\/socialdesignmagazine.com\/mag\/wp-content\/uploads\/2017\/03\/casa-in-campagna-riqualificazione-esterno-e-ampliamento-dettagli-delle-grandi-librerie-in-muratura-438x283.jpg\" data-large-file=\"https:\/\/socialdesignmagazine.com\/mag\/wp-content\/uploads\/2017\/03\/casa-in-campagna-riqualificazione-esterno-e-ampliamento-dettagli-delle-grandi-librerie-in-muratura-1024x683.jpg\" class=\"size-large wp-image-31256 aligncenter\" src=\"https:\/\/socialdesignmagazine.com\/mag\/wp-content\/uploads\/2017\/03\/casa-in-campagna-riqualificazione-esterno-e-ampliamento-dettagli-delle-grandi-librerie-in-muratura-1024x683.jpg\" alt=\"\" width=\"1024\" height=\"683\" srcset=\"https:\/\/socialdesignmagazine.com\/mag\/wp-content\/uploads\/2017\/03\/casa-in-campagna-riqualificazione-esterno-e-ampliamento-dettagli-delle-grandi-librerie-in-muratura-1024x683.jpg 1024w, https:\/\/socialdesignmagazine.com\/mag\/wp-content\/uploads\/2017\/03\/casa-in-campagna-riqualificazione-esterno-e-ampliamento-dettagli-delle-grandi-librerie-in-muratura-100x66.jpg 100w, https:\/\/socialdesignmagazine.com\/mag\/wp-content\/uploads\/2017\/03\/casa-in-campagna-riqualificazione-esterno-e-ampliamento-dettagli-delle-grandi-librerie-in-muratura-768x512.jpg 768w, https:\/\/socialdesignmagazine.com\/mag\/wp-content\/uploads\/2017\/03\/casa-in-campagna-riqualificazione-esterno-e-ampliamento-dettagli-delle-grandi-librerie-in-muratura.jpg 1155w\" sizes=\"auto, (max-width: 1024px) 100vw, 1024px\" \/><\/a><a href=\"https:\/\/socialdesignmagazine.com\/mag\/blog\/architettura\/una-casa-in-campagna-che-guarda-verso-il-mare\/attachment\/casa-in-campagna-riqualificazione-esterno-e-ampliamento-planimetria\/#content\" rel=\"attachment wp-att-31260\"><img loading=\"lazy\" decoding=\"async\" data-attachment-id=\"31260\" data-permalink=\"https:\/\/socialdesignmagazine.com\/mag\/architettura\/una-casa-in-campagna-che-guarda-verso-il-mare\/attachment\/casa-in-campagna-riqualificazione-esterno-e-ampliamento-planimetria\/#content\" data-orig-file=\"https:\/\/socialdesignmagazine.com\/mag\/wp-content\/uploads\/2017\/03\/casa-in-campagna-riqualificazione-esterno-e-ampliamento-planimetria.jpg\" data-orig-size=\"1200,814\" data-comments-opened=\"1\" data-image-meta=\"{&quot;aperture&quot;:&quot;0&quot;,&quot;credit&quot;:&quot;&quot;,&quot;camera&quot;:&quot;&quot;,&quot;caption&quot;:&quot;&quot;,&quot;created_timestamp&quot;:&quot;0&quot;,&quot;copyright&quot;:&quot;&quot;,&quot;focal_length&quot;:&quot;0&quot;,&quot;iso&quot;:&quot;0&quot;,&quot;shutter_speed&quot;:&quot;0&quot;,&quot;title&quot;:&quot;&quot;,&quot;orientation&quot;:&quot;0&quot;}\" data-image-title=\"casa in campagna riqualificazione esterno e ampliamento, planimetria\" data-image-description=\"\" data-image-caption=\"\" data-medium-file=\"https:\/\/socialdesignmagazine.com\/mag\/wp-content\/uploads\/2017\/03\/casa-in-campagna-riqualificazione-esterno-e-ampliamento-planimetria-438x283.jpg\" data-large-file=\"https:\/\/socialdesignmagazine.com\/mag\/wp-content\/uploads\/2017\/03\/casa-in-campagna-riqualificazione-esterno-e-ampliamento-planimetria-1024x695.jpg\" class=\"size-large wp-image-31260 aligncenter\" src=\"https:\/\/socialdesignmagazine.com\/mag\/wp-content\/uploads\/2017\/03\/casa-in-campagna-riqualificazione-esterno-e-ampliamento-planimetria-1024x695.jpg\" alt=\"casa in campagna riqualificazione esterno e ampliamento, planimetria\" width=\"1024\" height=\"695\" srcset=\"https:\/\/socialdesignmagazine.com\/mag\/wp-content\/uploads\/2017\/03\/casa-in-campagna-riqualificazione-esterno-e-ampliamento-planimetria-1024x695.jpg 1024w, https:\/\/socialdesignmagazine.com\/mag\/wp-content\/uploads\/2017\/03\/casa-in-campagna-riqualificazione-esterno-e-ampliamento-planimetria-768x521.jpg 768w, https:\/\/socialdesignmagazine.com\/mag\/wp-content\/uploads\/2017\/03\/casa-in-campagna-riqualificazione-esterno-e-ampliamento-planimetria.jpg 1200w\" sizes=\"auto, (max-width: 1024px) 100vw, 1024px\" \/><\/a><\/strong><\/p>\n<p><strong>Progetto:<\/strong> Esther Tattoli, <a rel=\"nofollow\" href=\"http:\/\/www.esthertattoli.it\">www.esthertattoli.it<\/a><br \/>\n<strong>Immagini:<\/strong> Daniele Marzocca<\/p>\n","protected":false,"gt_translate_keys":[{"key":"rendered","format":"html"}]},"excerpt":{"rendered":"<p>Riqualificazione degli spazi esterni e ampliamento della superficie abitativa per una casa in campagna dall\u2019eleganza senza tempo.<\/p>\n","protected":false,"gt_translate_keys":[{"key":"rendered","format":"html"}]},"author":1,"featured_media":31258,"comment_status":"open","ping_status":"open","sticky":false,"template":"","format":"standard","meta":{"jetpack_post_was_ever_published":false,"_jetpack_newsletter_access":"","_jetpack_dont_email_post_to_subs":false,"_jetpack_newsletter_tier_id":0,"_jetpack_memberships_contains_paywalled_content":false,"_jetpack_memberships_contains_paid_content":false,"footnotes":"","_wpscppro_dont_share_socialmedia":false,"_wpscppro_custom_social_share_image":0,"_facebook_share_type":"","_twitter_share_type":"","_linkedin_share_type":"","_pinterest_share_type":"","_linkedin_share_type_page":"","_instagram_share_type":"","_medium_share_type":"","_threads_share_type":"","_google_business_share_type":"","_selected_social_profile":[],"_wpsp_enable_custom_social_template":false,"_wpsp_social_scheduling":{"enabled":false,"datetime":null,"platforms":[],"status":"template_only","dateOption":"today","timeOption":"now","customDays":"","customHours":"","customDate":"","customTime":"","schedulingType":"absolute"},"_wpsp_active_default_template":true},"categories":[15],"tags":[2262,4902,4993,127,835,1462],"class_list":["post-31198","post","type-post","status-publish","format-standard","has-post-thumbnail","hentry","category-architettura","tag-casa-in-campagna","tag-esther-tattoli","tag-featured","tag-home","tag-mare","tag-piscina"],"yoast_head":"<!-- This site is optimized with the Yoast SEO plugin v27.2 - https:\/\/yoast.com\/product\/yoast-seo-wordpress\/ -->\n<title>Una casa in campagna, immersa nel verde, che guarda verso il mare - Social Design Magazine<\/title>\n<meta name=\"description\" content=\"Una casa in campagna dal look immacolato e minimale, oggetto di un intervento di riqualificazione degli spazi esterni e di un ampliamento della zona living.\" \/>\n<meta name=\"robots\" content=\"index, follow, max-snippet:-1, max-image-preview:large, max-video-preview:-1\" \/>\n<link rel=\"canonical\" href=\"https:\/\/socialdesignmagazine.com\/mag\/architettura\/una-casa-in-campagna-che-guarda-verso-il-mare\/\" \/>\n<meta property=\"og:locale\" content=\"it_IT\" \/>\n<meta property=\"og:type\" content=\"article\" \/>\n<meta property=\"og:title\" content=\"Una casa in campagna, immersa nel verde, che guarda verso il mare - Social Design Magazine\" \/>\n<meta property=\"og:description\" content=\"Una casa in campagna dal look immacolato e minimale, oggetto di un intervento di riqualificazione degli spazi esterni e di un ampliamento della zona living.\" \/>\n<meta property=\"og:url\" content=\"http:\/\/socialdesignmagazine.com\/mag\/architettura\/una-casa-in-campagna-che-guarda-verso-il-mare\/\" \/>\n<meta property=\"og:site_name\" content=\"Social Design Magazine\" \/>\n<meta property=\"article:publisher\" content=\"https:\/\/www.facebook.com\/socialdesignmag\" \/>\n<meta property=\"article:author\" content=\"https:\/\/www.facebook.com\/benedettofiori\" \/>\n<meta property=\"article:published_time\" content=\"2017-03-16T09:15:46+00:00\" \/>\n<meta property=\"article:modified_time\" content=\"2021-06-27T18:23:53+00:00\" \/>\n<meta property=\"og:image\" content=\"https:\/\/socialdesignmagazine.com\/mag\/wp-content\/uploads\/2017\/03\/casa-in-campagna-riqualificazione-esterno-e-ampliamento-01.jpg\" \/>\n\t<meta property=\"og:image:width\" content=\"1155\" \/>\n\t<meta property=\"og:image:height\" content=\"770\" \/>\n\t<meta property=\"og:image:type\" content=\"image\/jpeg\" \/>\n<meta name=\"author\" content=\"Benedetto Fiori\" \/>\n<meta name=\"twitter:card\" content=\"summary_large_image\" \/>\n<meta name=\"twitter:image\" content=\"https:\/\/socialdesignmagazine.com\/mag\/wp-content\/uploads\/2017\/03\/casa-in-campagna-riqualificazione-esterno-e-ampliamento-01.jpg\" \/>\n<meta name=\"twitter:creator\" content=\"@benedettofiori\" \/>\n<meta name=\"twitter:site\" content=\"@socialdesignmag\" \/>\n<meta name=\"twitter:label1\" content=\"Scritto da\" \/>\n\t<meta name=\"twitter:data1\" content=\"Benedetto Fiori\" \/>\n\t<meta name=\"twitter:label2\" content=\"Tempo di lettura stimato\" \/>\n\t<meta name=\"twitter:data2\" content=\"6 minuti\" \/>\n<script type=\"application\/ld+json\" class=\"yoast-schema-graph\">{\"@context\":\"https:\/\/schema.org\",\"@graph\":[{\"@type\":\"Article\",\"@id\":\"https:\/\/socialdesignmagazine.com\/mag\/architettura\/una-casa-in-campagna-che-guarda-verso-il-mare\/#article\",\"isPartOf\":{\"@id\":\"https:\/\/socialdesignmagazine.com\/mag\/architettura\/una-casa-in-campagna-che-guarda-verso-il-mare\/\"},\"author\":{\"name\":\"Benedetto Fiori\",\"@id\":\"https:\/\/socialdesignmagazine.com\/mag\/#\/schema\/person\/61e20205cc363c315e6aabd33a045846\"},\"headline\":\"Una casa in campagna, immersa nel verde, che guarda verso il mare\",\"datePublished\":\"2017-03-16T09:15:46+00:00\",\"dateModified\":\"2021-06-27T18:23:53+00:00\",\"mainEntityOfPage\":{\"@id\":\"https:\/\/socialdesignmagazine.com\/mag\/architettura\/una-casa-in-campagna-che-guarda-verso-il-mare\/\"},\"wordCount\":787,\"commentCount\":0,\"publisher\":{\"@id\":\"https:\/\/socialdesignmagazine.com\/mag\/#organization\"},\"image\":{\"@id\":\"https:\/\/socialdesignmagazine.com\/mag\/architettura\/una-casa-in-campagna-che-guarda-verso-il-mare\/#primaryimage\"},\"thumbnailUrl\":\"https:\/\/socialdesignmagazine.com\/mag\/wp-content\/uploads\/2017\/03\/casa-in-campagna-riqualificazione-esterno-e-ampliamento-01.jpg\",\"keywords\":[\"casa in campagna\",\"Esther Tattoli\",\"featured\",\"home\",\"mare\",\"piscina\"],\"articleSection\":[\"Architettura\"],\"inLanguage\":\"it-IT\",\"potentialAction\":[{\"@type\":\"CommentAction\",\"name\":\"Comment\",\"target\":[\"https:\/\/socialdesignmagazine.com\/mag\/architettura\/una-casa-in-campagna-che-guarda-verso-il-mare\/#respond\"]}]},{\"@type\":\"WebPage\",\"@id\":\"https:\/\/socialdesignmagazine.com\/mag\/architettura\/una-casa-in-campagna-che-guarda-verso-il-mare\/\",\"url\":\"https:\/\/socialdesignmagazine.com\/mag\/architettura\/una-casa-in-campagna-che-guarda-verso-il-mare\/\",\"name\":\"Una casa in campagna, immersa nel verde, che guarda verso il mare - Social Design Magazine\",\"isPartOf\":{\"@id\":\"https:\/\/socialdesignmagazine.com\/mag\/#website\"},\"primaryImageOfPage\":{\"@id\":\"https:\/\/socialdesignmagazine.com\/mag\/architettura\/una-casa-in-campagna-che-guarda-verso-il-mare\/#primaryimage\"},\"image\":{\"@id\":\"https:\/\/socialdesignmagazine.com\/mag\/architettura\/una-casa-in-campagna-che-guarda-verso-il-mare\/#primaryimage\"},\"thumbnailUrl\":\"https:\/\/socialdesignmagazine.com\/mag\/wp-content\/uploads\/2017\/03\/casa-in-campagna-riqualificazione-esterno-e-ampliamento-01.jpg\",\"datePublished\":\"2017-03-16T09:15:46+00:00\",\"dateModified\":\"2021-06-27T18:23:53+00:00\",\"description\":\"Una casa in campagna dal look immacolato e minimale, oggetto di un intervento di riqualificazione degli spazi esterni e di un ampliamento della zona living.\",\"breadcrumb\":{\"@id\":\"https:\/\/socialdesignmagazine.com\/mag\/architettura\/una-casa-in-campagna-che-guarda-verso-il-mare\/#breadcrumb\"},\"inLanguage\":\"it-IT\",\"potentialAction\":[{\"@type\":\"ReadAction\",\"target\":[\"https:\/\/socialdesignmagazine.com\/mag\/architettura\/una-casa-in-campagna-che-guarda-verso-il-mare\/\"]}]},{\"@type\":\"ImageObject\",\"inLanguage\":\"it-IT\",\"@id\":\"https:\/\/socialdesignmagazine.com\/mag\/architettura\/una-casa-in-campagna-che-guarda-verso-il-mare\/#primaryimage\",\"url\":\"https:\/\/socialdesignmagazine.com\/mag\/wp-content\/uploads\/2017\/03\/casa-in-campagna-riqualificazione-esterno-e-ampliamento-01.jpg\",\"contentUrl\":\"https:\/\/socialdesignmagazine.com\/mag\/wp-content\/uploads\/2017\/03\/casa-in-campagna-riqualificazione-esterno-e-ampliamento-01.jpg\",\"width\":1155,\"height\":770,\"caption\":\"casa in campagna riqualificazione esterno e ampliamento\"},{\"@type\":\"BreadcrumbList\",\"@id\":\"https:\/\/socialdesignmagazine.com\/mag\/architettura\/una-casa-in-campagna-che-guarda-verso-il-mare\/#breadcrumb\",\"itemListElement\":[{\"@type\":\"ListItem\",\"position\":1,\"name\":\"Home\",\"item\":\"https:\/\/socialdesignmagazine.com\/mag\/\"},{\"@type\":\"ListItem\",\"position\":2,\"name\":\"Architettura\",\"item\":\"https:\/\/socialdesignmagazine.com\/mag\/architettura\/\"},{\"@type\":\"ListItem\",\"position\":3,\"name\":\"Una casa in campagna, immersa nel verde, che guarda verso il mare\"}]},{\"@type\":\"WebSite\",\"@id\":\"https:\/\/socialdesignmagazine.com\/mag\/#website\",\"url\":\"https:\/\/socialdesignmagazine.com\/mag\/\",\"name\":\"Social Design Magazine\",\"description\":\"Social Magazine su Design, Architettura, Arte, Grafica\",\"publisher\":{\"@id\":\"https:\/\/socialdesignmagazine.com\/mag\/#organization\"},\"potentialAction\":[{\"@type\":\"SearchAction\",\"target\":{\"@type\":\"EntryPoint\",\"urlTemplate\":\"https:\/\/socialdesignmagazine.com\/mag\/?s={search_term_string}\"},\"query-input\":{\"@type\":\"PropertyValueSpecification\",\"valueRequired\":true,\"valueName\":\"search_term_string\"}}],\"inLanguage\":\"it-IT\"},{\"@type\":\"Organization\",\"@id\":\"https:\/\/socialdesignmagazine.com\/mag\/#organization\",\"name\":\"Social Design Magazine\",\"url\":\"https:\/\/socialdesignmagazine.com\/mag\/\",\"logo\":{\"@type\":\"ImageObject\",\"inLanguage\":\"it-IT\",\"@id\":\"https:\/\/socialdesignmagazine.com\/mag\/#\/schema\/logo\/image\/\",\"url\":\"https:\/\/socialdesignmagazine.com\/mag\/wp-content\/uploads\/2017\/01\/logo_favicon_11.png\",\"contentUrl\":\"https:\/\/socialdesignmagazine.com\/mag\/wp-content\/uploads\/2017\/01\/logo_favicon_11.png\",\"width\":1024,\"height\":1024,\"caption\":\"Social Design Magazine\"},\"image\":{\"@id\":\"https:\/\/socialdesignmagazine.com\/mag\/#\/schema\/logo\/image\/\"},\"sameAs\":[\"https:\/\/www.facebook.com\/socialdesignmag\",\"https:\/\/x.com\/socialdesignmag\",\"http:\/\/instagram.com\/social_design_magazine\/\",\"http:\/\/pinterest.com\/socialdesignmag\/\",\"http:\/\/www.youtube.com\/user\/socialdesignmagazine\"]},{\"@type\":\"Person\",\"@id\":\"https:\/\/socialdesignmagazine.com\/mag\/#\/schema\/person\/61e20205cc363c315e6aabd33a045846\",\"name\":\"Benedetto Fiori\",\"image\":{\"@type\":\"ImageObject\",\"inLanguage\":\"it-IT\",\"@id\":\"https:\/\/secure.gravatar.com\/avatar\/450a48cefa36da63d920ad70aa660bd10725b1c6093800242e5efdb397759033?s=96&d=mm&r=g\",\"url\":\"https:\/\/secure.gravatar.com\/avatar\/450a48cefa36da63d920ad70aa660bd10725b1c6093800242e5efdb397759033?s=96&d=mm&r=g\",\"contentUrl\":\"https:\/\/secure.gravatar.com\/avatar\/450a48cefa36da63d920ad70aa660bd10725b1c6093800242e5efdb397759033?s=96&d=mm&r=g\",\"caption\":\"Benedetto Fiori\"},\"description\":\"Web | Twitter | Facebook | Shutterstock Founder &amp; Editor in Chief di Social Design Magazine. Attratto da sempre da tutto ci\u00f2 che \u00e8 creativit\u00e0, design, architettura. Dopo aver studiato Architettura all'Universit\u00e0 di Firenze, si \u00e8 impegnato in molteplici campi: comunicazione grafica, progettazione di allestimenti fieristici, brand design, Interior Design.\",\"sameAs\":[\"http:\/\/benedettofiori.com\",\"https:\/\/www.facebook.com\/benedettofiori\",\"https:\/\/x.com\/benedettofiori\"],\"url\":\"https:\/\/socialdesignmagazine.com\/mag\/author\/benedetto\/\"}]}<\/script>\n<!-- \/ Yoast SEO plugin. -->","yoast_head_json":{"title":"Una casa in campagna, immersa nel verde, che guarda verso il mare - Social Design Magazine","description":"Una casa in campagna dal look immacolato e minimale, oggetto di un intervento di riqualificazione degli spazi esterni e di un ampliamento della zona living.","robots":{"index":"index","follow":"follow","max-snippet":"max-snippet:-1","max-image-preview":"max-image-preview:large","max-video-preview":"max-video-preview:-1"},"canonical":"https:\/\/socialdesignmagazine.com\/mag\/architettura\/una-casa-in-campagna-che-guarda-verso-il-mare\/","og_locale":"it_IT","og_type":"article","og_title":"Una casa in campagna, immersa nel verde, che guarda verso il mare - Social Design Magazine","og_description":"Una casa in campagna dal look immacolato e minimale, oggetto di un intervento di riqualificazione degli spazi esterni e di un ampliamento della zona living.","og_url":"http:\/\/socialdesignmagazine.com\/mag\/architettura\/una-casa-in-campagna-che-guarda-verso-il-mare\/","og_site_name":"Social Design Magazine","article_publisher":"https:\/\/www.facebook.com\/socialdesignmag","article_author":"https:\/\/www.facebook.com\/benedettofiori","article_published_time":"2017-03-16T09:15:46+00:00","article_modified_time":"2021-06-27T18:23:53+00:00","og_image":[{"width":1155,"height":770,"url":"https:\/\/socialdesignmagazine.com\/mag\/wp-content\/uploads\/2017\/03\/casa-in-campagna-riqualificazione-esterno-e-ampliamento-01.jpg","type":"image\/jpeg"}],"author":"Benedetto Fiori","twitter_card":"summary_large_image","twitter_image":"https:\/\/socialdesignmagazine.com\/mag\/wp-content\/uploads\/2017\/03\/casa-in-campagna-riqualificazione-esterno-e-ampliamento-01.jpg","twitter_creator":"@benedettofiori","twitter_site":"@socialdesignmag","twitter_misc":{"Scritto da":"Benedetto Fiori","Tempo di lettura stimato":"6 minuti"},"schema":{"@context":"https:\/\/schema.org","@graph":[{"@type":"Article","@id":"https:\/\/socialdesignmagazine.com\/mag\/architettura\/una-casa-in-campagna-che-guarda-verso-il-mare\/#article","isPartOf":{"@id":"https:\/\/socialdesignmagazine.com\/mag\/architettura\/una-casa-in-campagna-che-guarda-verso-il-mare\/"},"author":{"name":"Benedetto Fiori","@id":"https:\/\/socialdesignmagazine.com\/mag\/#\/schema\/person\/61e20205cc363c315e6aabd33a045846"},"headline":"Una casa in campagna, immersa nel verde, che guarda verso il mare","datePublished":"2017-03-16T09:15:46+00:00","dateModified":"2021-06-27T18:23:53+00:00","mainEntityOfPage":{"@id":"https:\/\/socialdesignmagazine.com\/mag\/architettura\/una-casa-in-campagna-che-guarda-verso-il-mare\/"},"wordCount":787,"commentCount":0,"publisher":{"@id":"https:\/\/socialdesignmagazine.com\/mag\/#organization"},"image":{"@id":"https:\/\/socialdesignmagazine.com\/mag\/architettura\/una-casa-in-campagna-che-guarda-verso-il-mare\/#primaryimage"},"thumbnailUrl":"https:\/\/socialdesignmagazine.com\/mag\/wp-content\/uploads\/2017\/03\/casa-in-campagna-riqualificazione-esterno-e-ampliamento-01.jpg","keywords":["casa in campagna","Esther Tattoli","featured","home","mare","piscina"],"articleSection":["Architettura"],"inLanguage":"it-IT","potentialAction":[{"@type":"CommentAction","name":"Comment","target":["https:\/\/socialdesignmagazine.com\/mag\/architettura\/una-casa-in-campagna-che-guarda-verso-il-mare\/#respond"]}]},{"@type":"WebPage","@id":"https:\/\/socialdesignmagazine.com\/mag\/architettura\/una-casa-in-campagna-che-guarda-verso-il-mare\/","url":"https:\/\/socialdesignmagazine.com\/mag\/architettura\/una-casa-in-campagna-che-guarda-verso-il-mare\/","name":"Una casa in campagna, immersa nel verde, che guarda verso il mare - Social Design Magazine","isPartOf":{"@id":"https:\/\/socialdesignmagazine.com\/mag\/#website"},"primaryImageOfPage":{"@id":"https:\/\/socialdesignmagazine.com\/mag\/architettura\/una-casa-in-campagna-che-guarda-verso-il-mare\/#primaryimage"},"image":{"@id":"https:\/\/socialdesignmagazine.com\/mag\/architettura\/una-casa-in-campagna-che-guarda-verso-il-mare\/#primaryimage"},"thumbnailUrl":"https:\/\/socialdesignmagazine.com\/mag\/wp-content\/uploads\/2017\/03\/casa-in-campagna-riqualificazione-esterno-e-ampliamento-01.jpg","datePublished":"2017-03-16T09:15:46+00:00","dateModified":"2021-06-27T18:23:53+00:00","description":"Una casa in campagna dal look immacolato e minimale, oggetto di un intervento di riqualificazione degli spazi esterni e di un ampliamento della zona living.","breadcrumb":{"@id":"https:\/\/socialdesignmagazine.com\/mag\/architettura\/una-casa-in-campagna-che-guarda-verso-il-mare\/#breadcrumb"},"inLanguage":"it-IT","potentialAction":[{"@type":"ReadAction","target":["https:\/\/socialdesignmagazine.com\/mag\/architettura\/una-casa-in-campagna-che-guarda-verso-il-mare\/"]}]},{"@type":"ImageObject","inLanguage":"it-IT","@id":"https:\/\/socialdesignmagazine.com\/mag\/architettura\/una-casa-in-campagna-che-guarda-verso-il-mare\/#primaryimage","url":"https:\/\/socialdesignmagazine.com\/mag\/wp-content\/uploads\/2017\/03\/casa-in-campagna-riqualificazione-esterno-e-ampliamento-01.jpg","contentUrl":"https:\/\/socialdesignmagazine.com\/mag\/wp-content\/uploads\/2017\/03\/casa-in-campagna-riqualificazione-esterno-e-ampliamento-01.jpg","width":1155,"height":770,"caption":"casa in campagna riqualificazione esterno e ampliamento"},{"@type":"BreadcrumbList","@id":"https:\/\/socialdesignmagazine.com\/mag\/architettura\/una-casa-in-campagna-che-guarda-verso-il-mare\/#breadcrumb","itemListElement":[{"@type":"ListItem","position":1,"name":"Home","item":"https:\/\/socialdesignmagazine.com\/mag\/"},{"@type":"ListItem","position":2,"name":"Architettura","item":"https:\/\/socialdesignmagazine.com\/mag\/architettura\/"},{"@type":"ListItem","position":3,"name":"Una casa in campagna, immersa nel verde, che guarda verso il mare"}]},{"@type":"WebSite","@id":"https:\/\/socialdesignmagazine.com\/mag\/#website","url":"https:\/\/socialdesignmagazine.com\/mag\/","name":"Social Design Magazine","description":"Social Magazine su Design, Architettura, Arte, Grafica","publisher":{"@id":"https:\/\/socialdesignmagazine.com\/mag\/#organization"},"potentialAction":[{"@type":"SearchAction","target":{"@type":"EntryPoint","urlTemplate":"https:\/\/socialdesignmagazine.com\/mag\/?s={search_term_string}"},"query-input":{"@type":"PropertyValueSpecification","valueRequired":true,"valueName":"search_term_string"}}],"inLanguage":"it-IT"},{"@type":"Organization","@id":"https:\/\/socialdesignmagazine.com\/mag\/#organization","name":"Social Design Magazine","url":"https:\/\/socialdesignmagazine.com\/mag\/","logo":{"@type":"ImageObject","inLanguage":"it-IT","@id":"https:\/\/socialdesignmagazine.com\/mag\/#\/schema\/logo\/image\/","url":"https:\/\/socialdesignmagazine.com\/mag\/wp-content\/uploads\/2017\/01\/logo_favicon_11.png","contentUrl":"https:\/\/socialdesignmagazine.com\/mag\/wp-content\/uploads\/2017\/01\/logo_favicon_11.png","width":1024,"height":1024,"caption":"Social Design Magazine"},"image":{"@id":"https:\/\/socialdesignmagazine.com\/mag\/#\/schema\/logo\/image\/"},"sameAs":["https:\/\/www.facebook.com\/socialdesignmag","https:\/\/x.com\/socialdesignmag","http:\/\/instagram.com\/social_design_magazine\/","http:\/\/pinterest.com\/socialdesignmag\/","http:\/\/www.youtube.com\/user\/socialdesignmagazine"]},{"@type":"Person","@id":"https:\/\/socialdesignmagazine.com\/mag\/#\/schema\/person\/61e20205cc363c315e6aabd33a045846","name":"Benedetto Fiori","image":{"@type":"ImageObject","inLanguage":"it-IT","@id":"https:\/\/secure.gravatar.com\/avatar\/450a48cefa36da63d920ad70aa660bd10725b1c6093800242e5efdb397759033?s=96&d=mm&r=g","url":"https:\/\/secure.gravatar.com\/avatar\/450a48cefa36da63d920ad70aa660bd10725b1c6093800242e5efdb397759033?s=96&d=mm&r=g","contentUrl":"https:\/\/secure.gravatar.com\/avatar\/450a48cefa36da63d920ad70aa660bd10725b1c6093800242e5efdb397759033?s=96&d=mm&r=g","caption":"Benedetto Fiori"},"description":"Web | Twitter | Facebook | Shutterstock Founder &amp; Editor in Chief di Social Design Magazine. Attratto da sempre da tutto ci\u00f2 che \u00e8 creativit\u00e0, design, architettura. Dopo aver studiato Architettura all'Universit\u00e0 di Firenze, si \u00e8 impegnato in molteplici campi: comunicazione grafica, progettazione di allestimenti fieristici, brand design, Interior Design.","sameAs":["http:\/\/benedettofiori.com","https:\/\/www.facebook.com\/benedettofiori","https:\/\/x.com\/benedettofiori"],"url":"https:\/\/socialdesignmagazine.com\/mag\/author\/benedetto\/"}]}},"jetpack_featured_media_url":"https:\/\/socialdesignmagazine.com\/mag\/wp-content\/uploads\/2017\/03\/casa-in-campagna-riqualificazione-esterno-e-ampliamento-01.jpg","jetpack_sharing_enabled":true,"jetpack_shortlink":"https:\/\/wp.me\/p6cV7V-87c","gt_translate_keys":[{"key":"link","format":"url"}],"_links":{"self":[{"href":"https:\/\/socialdesignmagazine.com\/mag\/wp-json\/wp\/v2\/posts\/31198","targetHints":{"allow":["GET"]}}],"collection":[{"href":"https:\/\/socialdesignmagazine.com\/mag\/wp-json\/wp\/v2\/posts"}],"about":[{"href":"https:\/\/socialdesignmagazine.com\/mag\/wp-json\/wp\/v2\/types\/post"}],"author":[{"embeddable":true,"href":"https:\/\/socialdesignmagazine.com\/mag\/wp-json\/wp\/v2\/users\/1"}],"replies":[{"embeddable":true,"href":"https:\/\/socialdesignmagazine.com\/mag\/wp-json\/wp\/v2\/comments?post=31198"}],"version-history":[{"count":5,"href":"https:\/\/socialdesignmagazine.com\/mag\/wp-json\/wp\/v2\/posts\/31198\/revisions"}],"predecessor-version":[{"id":42324,"href":"https:\/\/socialdesignmagazine.com\/mag\/wp-json\/wp\/v2\/posts\/31198\/revisions\/42324"}],"wp:featuredmedia":[{"embeddable":true,"href":"https:\/\/socialdesignmagazine.com\/mag\/wp-json\/wp\/v2\/media\/31258"}],"wp:attachment":[{"href":"https:\/\/socialdesignmagazine.com\/mag\/wp-json\/wp\/v2\/media?parent=31198"}],"wp:term":[{"taxonomy":"category","embeddable":true,"href":"https:\/\/socialdesignmagazine.com\/mag\/wp-json\/wp\/v2\/categories?post=31198"},{"taxonomy":"post_tag","embeddable":true,"href":"https:\/\/socialdesignmagazine.com\/mag\/wp-json\/wp\/v2\/tags?post=31198"}],"curies":[{"name":"wp","href":"https:\/\/api.w.org\/{rel}","templated":true}]}}