{"id":312,"date":"2011-05-05T15:00:00","date_gmt":"2011-05-05T13:00:00","guid":{"rendered":"https:\/\/socialdesignmagazine.com\/mag\/s6-design\/c35-design\/madesign-to-be-designer\/"},"modified":"2024-05-01T17:07:15","modified_gmt":"2024-05-01T15:07:15","slug":"madesign-to-be-designer","status":"publish","type":"post","link":"https:\/\/socialdesignmagazine.com\/mag\/design\/madesign-to-be-designer\/","title":{"rendered":"MADE.SIGN \/ To be Designer","gt_translate_keys":[{"key":"rendered","format":"text"}]},"content":{"rendered":"\n<p>Sette serate, una volta al mese per dare spazio a giovani designer. MADE.SIGN \u00e8 un&#8217;organizzazione nata dall&#8217;idea di tre studenti di Design che punta a fornire spazio e visibilit\u00e0 a giovani designer ed ai loro progetti, a creare nuove collaborazioni ed unire in un unico spazio gli appassionati al mondo del Design.<br>MADE.SIGN cerca giovani progettisti pronti a mettersi in gioco inviando i propri progetti che verranno poi selezionati per essere inseriti all&#8217;interno di una delle sette serate.<\/p>\n\n\n\n<p>Il progetto si compone di sette serate, una volta al mese, a partire da gioved\u00ec 12 maggio 2011 dalle 19.30 alle 22.30.Lo spazio che ospiter\u00e0 l\u2019evento sar\u00e0 l&#8217;\u201cAppartamento Lago\u201d di Via Brera 30 a Milano.<br>Ogni serata avr\u00e0 un tema, estrapolato da sette simboli del Design italiano, uno per serata. La volont\u00e0 \u00e8 quella di creare una netta contrapposizione tra il passato ed il presente mettendo in secondo piano quelli che sono i simboli del made in Italy ed andando ad esaltare i progetti di giovani progettisti italiani e non solo.<\/p>\n\n\n\n<p>Dare spazio e visibilit\u00e0 a chi vuole mettersi in gioco \u00e8 alla base della filosofia MADE.SIGN, sempre pronta a creare nuove collaborazioni anche attraverso aiuti per quanto riguarda gli allestimenti e fornendo uno spazio per installazioni multimediali e progetti musicali.<\/p>\n\n\n<div class=\"wp-block-image\">\n<figure class=\"aligncenter\"><img loading=\"lazy\" decoding=\"async\" width=\"720\" height=\"720\" data-attachment-id=\"5772\" data-permalink=\"https:\/\/socialdesignmagazine.com\/mag\/design\/madesign-to-be-designer\/attachment\/logo-01\/#content\" data-orig-file=\"https:\/\/socialdesignmagazine.com\/mag\/wp-content\/uploads\/2011\/05\/benedetto_made_sign_logo-01.jpg\" data-orig-size=\"720,720\" data-comments-opened=\"1\" data-image-meta=\"{&quot;aperture&quot;:&quot;0&quot;,&quot;credit&quot;:&quot;&quot;,&quot;camera&quot;:&quot;&quot;,&quot;caption&quot;:&quot;&quot;,&quot;created_timestamp&quot;:&quot;0&quot;,&quot;copyright&quot;:&quot;&quot;,&quot;focal_length&quot;:&quot;0&quot;,&quot;iso&quot;:&quot;0&quot;,&quot;shutter_speed&quot;:&quot;0&quot;,&quot;title&quot;:&quot;&quot;,&quot;orientation&quot;:&quot;0&quot;}\" data-image-title=\"logo-01\" data-image-description=\"\" data-image-caption=\"\" data-medium-file=\"https:\/\/socialdesignmagazine.com\/mag\/wp-content\/uploads\/2011\/05\/benedetto_made_sign_logo-01-396x256.jpg\" data-large-file=\"https:\/\/socialdesignmagazine.com\/mag\/wp-content\/uploads\/2011\/05\/benedetto_made_sign_logo-01.jpg\" src=\"https:\/\/socialdesignmagazine.com\/mag\/wp-content\/uploads\/2011\/05\/benedetto_made_sign_logo-01.jpg\" alt=\"logo-01\" class=\"wp-image-5772\" srcset=\"https:\/\/socialdesignmagazine.com\/mag\/wp-content\/uploads\/2011\/05\/benedetto_made_sign_logo-01.jpg 720w, https:\/\/socialdesignmagazine.com\/mag\/wp-content\/uploads\/2011\/05\/benedetto_made_sign_logo-01-65x65.jpg 65w\" sizes=\"auto, (max-width: 720px) 100vw, 720px\" \/><\/figure>\n<\/div>\n\n<div class=\"wp-block-image\">\n<figure class=\"aligncenter\"><img loading=\"lazy\" decoding=\"async\" width=\"720\" height=\"509\" data-attachment-id=\"5773\" data-permalink=\"https:\/\/socialdesignmagazine.com\/mag\/design\/sedie-rubate-allagricoltura-madesign\/attachment\/calendario-01\/#content\" data-orig-file=\"https:\/\/socialdesignmagazine.com\/mag\/wp-content\/uploads\/2011\/05\/benedetto_made_sign_Calendario-01.jpg\" data-orig-size=\"720,509\" data-comments-opened=\"1\" data-image-meta=\"{&quot;aperture&quot;:&quot;0&quot;,&quot;credit&quot;:&quot;&quot;,&quot;camera&quot;:&quot;&quot;,&quot;caption&quot;:&quot;&quot;,&quot;created_timestamp&quot;:&quot;0&quot;,&quot;copyright&quot;:&quot;&quot;,&quot;focal_length&quot;:&quot;0&quot;,&quot;iso&quot;:&quot;0&quot;,&quot;shutter_speed&quot;:&quot;0&quot;,&quot;title&quot;:&quot;&quot;,&quot;orientation&quot;:&quot;0&quot;}\" data-image-title=\"Calendario-01\" data-image-description=\"\" data-image-caption=\"\" data-medium-file=\"https:\/\/socialdesignmagazine.com\/mag\/wp-content\/uploads\/2011\/05\/benedetto_made_sign_Calendario-01-396x256.jpg\" data-large-file=\"https:\/\/socialdesignmagazine.com\/mag\/wp-content\/uploads\/2011\/05\/benedetto_made_sign_Calendario-01.jpg\" src=\"https:\/\/socialdesignmagazine.com\/mag\/wp-content\/uploads\/2011\/05\/benedetto_made_sign_Calendario-01.jpg\" alt=\"Calendario-01\" class=\"wp-image-5773\"\/><\/figure>\n<\/div>","protected":false,"gt_translate_keys":[{"key":"rendered","format":"html"}]},"excerpt":{"rendered":"<p>MADE.SIGN \u00e8 un&#8217;organizzazione nata dall&#8217;idea di tre studenti di Design che punta a fornire spazio e visibilit\u00e0 a giovani designer ed ai loro progetti, a creare nuove collaborazioni ed unire in un unico spazio gli appassionati al mondo del Design.<\/p>\n","protected":false,"gt_translate_keys":[{"key":"rendered","format":"html"}]},"author":1,"featured_media":5771,"comment_status":"open","ping_status":"open","sticky":false,"template":"","format":"standard","meta":{"jetpack_post_was_ever_published":false,"_jetpack_newsletter_access":"","_jetpack_dont_email_post_to_subs":false,"_jetpack_newsletter_tier_id":0,"_jetpack_memberships_contains_paywalled_content":false,"_jetpack_memberships_contains_paid_content":false,"footnotes":"","_wpscppro_dont_share_socialmedia":false,"_wpscppro_custom_social_share_image":0,"_facebook_share_type":"","_twitter_share_type":"","_linkedin_share_type":"","_pinterest_share_type":"","_linkedin_share_type_page":"","_instagram_share_type":"","_medium_share_type":"","_threads_share_type":"","_google_business_share_type":"","_selected_social_profile":[],"_wpsp_enable_custom_social_template":false,"_wpsp_social_scheduling":{"enabled":false,"datetime":null,"platforms":[],"status":"template_only","dateOption":"today","timeOption":"now","customDays":"","customHours":"","customDate":"","customTime":"","schedulingType":"absolute"},"_wpsp_active_default_template":true},"categories":[13],"tags":[1303,1304,181],"class_list":["post-312","post","type-post","status-publish","format-standard","has-post-thumbnail","hentry","category-design","tag-appartamento-lago","tag-made-sign","tag-milano"],"yoast_head":"<!-- This site is optimized with the Yoast SEO plugin v27.2 - https:\/\/yoast.com\/product\/yoast-seo-wordpress\/ -->\n<title>MADE.SIGN \/ To be Designer - Social Design Magazine<\/title>\n<meta name=\"description\" content=\"MADE.SIGN \u00e8 un&#039;organizzazione nata dall&#039;idea di tre studenti di Design che punta a fornire spazio e visibilit\u00e0 a giovani designer ed ai loro progetti, a creare nuove collaborazioni ed unire in un unico spazio gli appassionati al mondo del Design.\" \/>\n<meta name=\"robots\" content=\"index, follow, max-snippet:-1, max-image-preview:large, max-video-preview:-1\" \/>\n<link rel=\"canonical\" href=\"https:\/\/socialdesignmagazine.com\/mag\/design\/madesign-to-be-designer\/\" \/>\n<meta property=\"og:locale\" content=\"it_IT\" \/>\n<meta property=\"og:type\" content=\"article\" \/>\n<meta property=\"og:title\" content=\"MADE.SIGN \/ To be Designer - Social Design Magazine\" \/>\n<meta property=\"og:description\" content=\"MADE.SIGN \u00e8 un&#039;organizzazione nata dall&#039;idea di tre studenti di Design che punta a fornire spazio e visibilit\u00e0 a giovani designer ed ai loro progetti, a creare nuove collaborazioni ed unire in un unico spazio gli appassionati al mondo del Design.\" \/>\n<meta property=\"og:url\" content=\"http:\/\/socialdesignmagazine.com\/mag\/design\/madesign-to-be-designer\/\" \/>\n<meta property=\"og:site_name\" content=\"Social Design Magazine\" \/>\n<meta property=\"article:publisher\" content=\"https:\/\/www.facebook.com\/socialdesignmag\" \/>\n<meta property=\"article:author\" content=\"https:\/\/www.facebook.com\/benedettofiori\" \/>\n<meta property=\"article:published_time\" content=\"2011-05-05T13:00:00+00:00\" \/>\n<meta property=\"article:modified_time\" content=\"2024-05-01T15:07:15+00:00\" \/>\n<meta property=\"og:image\" content=\"https:\/\/socialdesignmagazine.com\/mag\/wp-content\/uploads\/2011\/05\/benedetto_made_sign_manifesto_serata01-01.jpg\" \/>\n\t<meta property=\"og:image:width\" content=\"720\" \/>\n\t<meta property=\"og:image:height\" content=\"1018\" \/>\n\t<meta property=\"og:image:type\" content=\"image\/jpeg\" \/>\n<meta name=\"author\" content=\"Benedetto Fiori\" \/>\n<meta name=\"twitter:card\" content=\"summary_large_image\" \/>\n<meta name=\"twitter:creator\" content=\"@benedettofiori\" \/>\n<meta name=\"twitter:site\" content=\"@socialdesignmag\" \/>\n<meta name=\"twitter:label1\" content=\"Scritto da\" \/>\n\t<meta name=\"twitter:data1\" content=\"Benedetto Fiori\" \/>\n\t<meta name=\"twitter:label2\" content=\"Tempo di lettura stimato\" \/>\n\t<meta name=\"twitter:data2\" content=\"2 minuti\" \/>\n<script type=\"application\/ld+json\" class=\"yoast-schema-graph\">{\"@context\":\"https:\/\/schema.org\",\"@graph\":[{\"@type\":\"Article\",\"@id\":\"https:\/\/socialdesignmagazine.com\/mag\/design\/madesign-to-be-designer\/#article\",\"isPartOf\":{\"@id\":\"https:\/\/socialdesignmagazine.com\/mag\/design\/madesign-to-be-designer\/\"},\"author\":{\"name\":\"Benedetto Fiori\",\"@id\":\"https:\/\/socialdesignmagazine.com\/mag\/#\/schema\/person\/61e20205cc363c315e6aabd33a045846\"},\"headline\":\"MADE.SIGN \/ To be Designer\",\"datePublished\":\"2011-05-05T13:00:00+00:00\",\"dateModified\":\"2024-05-01T15:07:15+00:00\",\"mainEntityOfPage\":{\"@id\":\"https:\/\/socialdesignmagazine.com\/mag\/design\/madesign-to-be-designer\/\"},\"wordCount\":215,\"commentCount\":0,\"publisher\":{\"@id\":\"https:\/\/socialdesignmagazine.com\/mag\/#organization\"},\"image\":{\"@id\":\"https:\/\/socialdesignmagazine.com\/mag\/design\/madesign-to-be-designer\/#primaryimage\"},\"thumbnailUrl\":\"https:\/\/socialdesignmagazine.com\/mag\/wp-content\/uploads\/2011\/05\/benedetto_made_sign_manifesto_serata01-01.jpg\",\"keywords\":[\"appartamento lago\",\"made.sign\",\"milano\"],\"articleSection\":[\"Design\"],\"inLanguage\":\"it-IT\",\"potentialAction\":[{\"@type\":\"CommentAction\",\"name\":\"Comment\",\"target\":[\"https:\/\/socialdesignmagazine.com\/mag\/design\/madesign-to-be-designer\/#respond\"]}]},{\"@type\":\"WebPage\",\"@id\":\"https:\/\/socialdesignmagazine.com\/mag\/design\/madesign-to-be-designer\/\",\"url\":\"https:\/\/socialdesignmagazine.com\/mag\/design\/madesign-to-be-designer\/\",\"name\":\"MADE.SIGN \/ To be Designer - Social Design Magazine\",\"isPartOf\":{\"@id\":\"https:\/\/socialdesignmagazine.com\/mag\/#website\"},\"primaryImageOfPage\":{\"@id\":\"https:\/\/socialdesignmagazine.com\/mag\/design\/madesign-to-be-designer\/#primaryimage\"},\"image\":{\"@id\":\"https:\/\/socialdesignmagazine.com\/mag\/design\/madesign-to-be-designer\/#primaryimage\"},\"thumbnailUrl\":\"https:\/\/socialdesignmagazine.com\/mag\/wp-content\/uploads\/2011\/05\/benedetto_made_sign_manifesto_serata01-01.jpg\",\"datePublished\":\"2011-05-05T13:00:00+00:00\",\"dateModified\":\"2024-05-01T15:07:15+00:00\",\"description\":\"MADE.SIGN \u00e8 un'organizzazione nata dall'idea di tre studenti di Design che punta a fornire spazio e visibilit\u00e0 a giovani designer ed ai loro progetti, a creare nuove collaborazioni ed unire in un unico spazio gli appassionati al mondo del Design.\",\"breadcrumb\":{\"@id\":\"https:\/\/socialdesignmagazine.com\/mag\/design\/madesign-to-be-designer\/#breadcrumb\"},\"inLanguage\":\"it-IT\",\"potentialAction\":[{\"@type\":\"ReadAction\",\"target\":[\"https:\/\/socialdesignmagazine.com\/mag\/design\/madesign-to-be-designer\/\"]}]},{\"@type\":\"ImageObject\",\"inLanguage\":\"it-IT\",\"@id\":\"https:\/\/socialdesignmagazine.com\/mag\/design\/madesign-to-be-designer\/#primaryimage\",\"url\":\"https:\/\/socialdesignmagazine.com\/mag\/wp-content\/uploads\/2011\/05\/benedetto_made_sign_manifesto_serata01-01.jpg\",\"contentUrl\":\"https:\/\/socialdesignmagazine.com\/mag\/wp-content\/uploads\/2011\/05\/benedetto_made_sign_manifesto_serata01-01.jpg\",\"width\":720,\"height\":1018,\"caption\":\"manifesto_serata01-01\"},{\"@type\":\"BreadcrumbList\",\"@id\":\"https:\/\/socialdesignmagazine.com\/mag\/design\/madesign-to-be-designer\/#breadcrumb\",\"itemListElement\":[{\"@type\":\"ListItem\",\"position\":1,\"name\":\"Home\",\"item\":\"https:\/\/socialdesignmagazine.com\/mag\/\"},{\"@type\":\"ListItem\",\"position\":2,\"name\":\"Design\",\"item\":\"https:\/\/socialdesignmagazine.com\/mag\/design\/\"},{\"@type\":\"ListItem\",\"position\":3,\"name\":\"MADE.SIGN \/ To be Designer\"}]},{\"@type\":\"WebSite\",\"@id\":\"https:\/\/socialdesignmagazine.com\/mag\/#website\",\"url\":\"https:\/\/socialdesignmagazine.com\/mag\/\",\"name\":\"Social Design Magazine\",\"description\":\"Social Magazine su Design, Architettura, Arte, Grafica\",\"publisher\":{\"@id\":\"https:\/\/socialdesignmagazine.com\/mag\/#organization\"},\"potentialAction\":[{\"@type\":\"SearchAction\",\"target\":{\"@type\":\"EntryPoint\",\"urlTemplate\":\"https:\/\/socialdesignmagazine.com\/mag\/?s={search_term_string}\"},\"query-input\":{\"@type\":\"PropertyValueSpecification\",\"valueRequired\":true,\"valueName\":\"search_term_string\"}}],\"inLanguage\":\"it-IT\"},{\"@type\":\"Organization\",\"@id\":\"https:\/\/socialdesignmagazine.com\/mag\/#organization\",\"name\":\"Social Design Magazine\",\"url\":\"https:\/\/socialdesignmagazine.com\/mag\/\",\"logo\":{\"@type\":\"ImageObject\",\"inLanguage\":\"it-IT\",\"@id\":\"https:\/\/socialdesignmagazine.com\/mag\/#\/schema\/logo\/image\/\",\"url\":\"https:\/\/socialdesignmagazine.com\/mag\/wp-content\/uploads\/2017\/01\/logo_favicon_11.png\",\"contentUrl\":\"https:\/\/socialdesignmagazine.com\/mag\/wp-content\/uploads\/2017\/01\/logo_favicon_11.png\",\"width\":1024,\"height\":1024,\"caption\":\"Social Design Magazine\"},\"image\":{\"@id\":\"https:\/\/socialdesignmagazine.com\/mag\/#\/schema\/logo\/image\/\"},\"sameAs\":[\"https:\/\/www.facebook.com\/socialdesignmag\",\"https:\/\/x.com\/socialdesignmag\",\"http:\/\/instagram.com\/social_design_magazine\/\",\"http:\/\/pinterest.com\/socialdesignmag\/\",\"http:\/\/www.youtube.com\/user\/socialdesignmagazine\"]},{\"@type\":\"Person\",\"@id\":\"https:\/\/socialdesignmagazine.com\/mag\/#\/schema\/person\/61e20205cc363c315e6aabd33a045846\",\"name\":\"Benedetto Fiori\",\"image\":{\"@type\":\"ImageObject\",\"inLanguage\":\"it-IT\",\"@id\":\"https:\/\/secure.gravatar.com\/avatar\/450a48cefa36da63d920ad70aa660bd10725b1c6093800242e5efdb397759033?s=96&d=mm&r=g\",\"url\":\"https:\/\/secure.gravatar.com\/avatar\/450a48cefa36da63d920ad70aa660bd10725b1c6093800242e5efdb397759033?s=96&d=mm&r=g\",\"contentUrl\":\"https:\/\/secure.gravatar.com\/avatar\/450a48cefa36da63d920ad70aa660bd10725b1c6093800242e5efdb397759033?s=96&d=mm&r=g\",\"caption\":\"Benedetto Fiori\"},\"description\":\"Web | Twitter | Facebook | Shutterstock Founder &amp; Editor in Chief di Social Design Magazine. Attratto da sempre da tutto ci\u00f2 che \u00e8 creativit\u00e0, design, architettura. Dopo aver studiato Architettura all'Universit\u00e0 di Firenze, si \u00e8 impegnato in molteplici campi: comunicazione grafica, progettazione di allestimenti fieristici, brand design, Interior Design.\",\"sameAs\":[\"http:\/\/benedettofiori.com\",\"https:\/\/www.facebook.com\/benedettofiori\",\"https:\/\/x.com\/benedettofiori\"],\"url\":\"https:\/\/socialdesignmagazine.com\/mag\/author\/benedetto\/\"}]}<\/script>\n<!-- \/ Yoast SEO plugin. -->","yoast_head_json":{"title":"MADE.SIGN \/ To be Designer - Social Design Magazine","description":"MADE.SIGN \u00e8 un'organizzazione nata dall'idea di tre studenti di Design che punta a fornire spazio e visibilit\u00e0 a giovani designer ed ai loro progetti, a creare nuove collaborazioni ed unire in un unico spazio gli appassionati al mondo del Design.","robots":{"index":"index","follow":"follow","max-snippet":"max-snippet:-1","max-image-preview":"max-image-preview:large","max-video-preview":"max-video-preview:-1"},"canonical":"https:\/\/socialdesignmagazine.com\/mag\/design\/madesign-to-be-designer\/","og_locale":"it_IT","og_type":"article","og_title":"MADE.SIGN \/ To be Designer - Social Design Magazine","og_description":"MADE.SIGN \u00e8 un'organizzazione nata dall'idea di tre studenti di Design che punta a fornire spazio e visibilit\u00e0 a giovani designer ed ai loro progetti, a creare nuove collaborazioni ed unire in un unico spazio gli appassionati al mondo del Design.","og_url":"http:\/\/socialdesignmagazine.com\/mag\/design\/madesign-to-be-designer\/","og_site_name":"Social Design Magazine","article_publisher":"https:\/\/www.facebook.com\/socialdesignmag","article_author":"https:\/\/www.facebook.com\/benedettofiori","article_published_time":"2011-05-05T13:00:00+00:00","article_modified_time":"2024-05-01T15:07:15+00:00","og_image":[{"width":720,"height":1018,"url":"https:\/\/socialdesignmagazine.com\/mag\/wp-content\/uploads\/2011\/05\/benedetto_made_sign_manifesto_serata01-01.jpg","type":"image\/jpeg"}],"author":"Benedetto Fiori","twitter_card":"summary_large_image","twitter_creator":"@benedettofiori","twitter_site":"@socialdesignmag","twitter_misc":{"Scritto da":"Benedetto Fiori","Tempo di lettura stimato":"2 minuti"},"schema":{"@context":"https:\/\/schema.org","@graph":[{"@type":"Article","@id":"https:\/\/socialdesignmagazine.com\/mag\/design\/madesign-to-be-designer\/#article","isPartOf":{"@id":"https:\/\/socialdesignmagazine.com\/mag\/design\/madesign-to-be-designer\/"},"author":{"name":"Benedetto Fiori","@id":"https:\/\/socialdesignmagazine.com\/mag\/#\/schema\/person\/61e20205cc363c315e6aabd33a045846"},"headline":"MADE.SIGN \/ To be Designer","datePublished":"2011-05-05T13:00:00+00:00","dateModified":"2024-05-01T15:07:15+00:00","mainEntityOfPage":{"@id":"https:\/\/socialdesignmagazine.com\/mag\/design\/madesign-to-be-designer\/"},"wordCount":215,"commentCount":0,"publisher":{"@id":"https:\/\/socialdesignmagazine.com\/mag\/#organization"},"image":{"@id":"https:\/\/socialdesignmagazine.com\/mag\/design\/madesign-to-be-designer\/#primaryimage"},"thumbnailUrl":"https:\/\/socialdesignmagazine.com\/mag\/wp-content\/uploads\/2011\/05\/benedetto_made_sign_manifesto_serata01-01.jpg","keywords":["appartamento lago","made.sign","milano"],"articleSection":["Design"],"inLanguage":"it-IT","potentialAction":[{"@type":"CommentAction","name":"Comment","target":["https:\/\/socialdesignmagazine.com\/mag\/design\/madesign-to-be-designer\/#respond"]}]},{"@type":"WebPage","@id":"https:\/\/socialdesignmagazine.com\/mag\/design\/madesign-to-be-designer\/","url":"https:\/\/socialdesignmagazine.com\/mag\/design\/madesign-to-be-designer\/","name":"MADE.SIGN \/ To be Designer - Social Design Magazine","isPartOf":{"@id":"https:\/\/socialdesignmagazine.com\/mag\/#website"},"primaryImageOfPage":{"@id":"https:\/\/socialdesignmagazine.com\/mag\/design\/madesign-to-be-designer\/#primaryimage"},"image":{"@id":"https:\/\/socialdesignmagazine.com\/mag\/design\/madesign-to-be-designer\/#primaryimage"},"thumbnailUrl":"https:\/\/socialdesignmagazine.com\/mag\/wp-content\/uploads\/2011\/05\/benedetto_made_sign_manifesto_serata01-01.jpg","datePublished":"2011-05-05T13:00:00+00:00","dateModified":"2024-05-01T15:07:15+00:00","description":"MADE.SIGN \u00e8 un'organizzazione nata dall'idea di tre studenti di Design che punta a fornire spazio e visibilit\u00e0 a giovani designer ed ai loro progetti, a creare nuove collaborazioni ed unire in un unico spazio gli appassionati al mondo del Design.","breadcrumb":{"@id":"https:\/\/socialdesignmagazine.com\/mag\/design\/madesign-to-be-designer\/#breadcrumb"},"inLanguage":"it-IT","potentialAction":[{"@type":"ReadAction","target":["https:\/\/socialdesignmagazine.com\/mag\/design\/madesign-to-be-designer\/"]}]},{"@type":"ImageObject","inLanguage":"it-IT","@id":"https:\/\/socialdesignmagazine.com\/mag\/design\/madesign-to-be-designer\/#primaryimage","url":"https:\/\/socialdesignmagazine.com\/mag\/wp-content\/uploads\/2011\/05\/benedetto_made_sign_manifesto_serata01-01.jpg","contentUrl":"https:\/\/socialdesignmagazine.com\/mag\/wp-content\/uploads\/2011\/05\/benedetto_made_sign_manifesto_serata01-01.jpg","width":720,"height":1018,"caption":"manifesto_serata01-01"},{"@type":"BreadcrumbList","@id":"https:\/\/socialdesignmagazine.com\/mag\/design\/madesign-to-be-designer\/#breadcrumb","itemListElement":[{"@type":"ListItem","position":1,"name":"Home","item":"https:\/\/socialdesignmagazine.com\/mag\/"},{"@type":"ListItem","position":2,"name":"Design","item":"https:\/\/socialdesignmagazine.com\/mag\/design\/"},{"@type":"ListItem","position":3,"name":"MADE.SIGN \/ To be Designer"}]},{"@type":"WebSite","@id":"https:\/\/socialdesignmagazine.com\/mag\/#website","url":"https:\/\/socialdesignmagazine.com\/mag\/","name":"Social Design Magazine","description":"Social Magazine su Design, Architettura, Arte, Grafica","publisher":{"@id":"https:\/\/socialdesignmagazine.com\/mag\/#organization"},"potentialAction":[{"@type":"SearchAction","target":{"@type":"EntryPoint","urlTemplate":"https:\/\/socialdesignmagazine.com\/mag\/?s={search_term_string}"},"query-input":{"@type":"PropertyValueSpecification","valueRequired":true,"valueName":"search_term_string"}}],"inLanguage":"it-IT"},{"@type":"Organization","@id":"https:\/\/socialdesignmagazine.com\/mag\/#organization","name":"Social Design Magazine","url":"https:\/\/socialdesignmagazine.com\/mag\/","logo":{"@type":"ImageObject","inLanguage":"it-IT","@id":"https:\/\/socialdesignmagazine.com\/mag\/#\/schema\/logo\/image\/","url":"https:\/\/socialdesignmagazine.com\/mag\/wp-content\/uploads\/2017\/01\/logo_favicon_11.png","contentUrl":"https:\/\/socialdesignmagazine.com\/mag\/wp-content\/uploads\/2017\/01\/logo_favicon_11.png","width":1024,"height":1024,"caption":"Social Design Magazine"},"image":{"@id":"https:\/\/socialdesignmagazine.com\/mag\/#\/schema\/logo\/image\/"},"sameAs":["https:\/\/www.facebook.com\/socialdesignmag","https:\/\/x.com\/socialdesignmag","http:\/\/instagram.com\/social_design_magazine\/","http:\/\/pinterest.com\/socialdesignmag\/","http:\/\/www.youtube.com\/user\/socialdesignmagazine"]},{"@type":"Person","@id":"https:\/\/socialdesignmagazine.com\/mag\/#\/schema\/person\/61e20205cc363c315e6aabd33a045846","name":"Benedetto Fiori","image":{"@type":"ImageObject","inLanguage":"it-IT","@id":"https:\/\/secure.gravatar.com\/avatar\/450a48cefa36da63d920ad70aa660bd10725b1c6093800242e5efdb397759033?s=96&d=mm&r=g","url":"https:\/\/secure.gravatar.com\/avatar\/450a48cefa36da63d920ad70aa660bd10725b1c6093800242e5efdb397759033?s=96&d=mm&r=g","contentUrl":"https:\/\/secure.gravatar.com\/avatar\/450a48cefa36da63d920ad70aa660bd10725b1c6093800242e5efdb397759033?s=96&d=mm&r=g","caption":"Benedetto Fiori"},"description":"Web | Twitter | Facebook | Shutterstock Founder &amp; Editor in Chief di Social Design Magazine. Attratto da sempre da tutto ci\u00f2 che \u00e8 creativit\u00e0, design, architettura. Dopo aver studiato Architettura all'Universit\u00e0 di Firenze, si \u00e8 impegnato in molteplici campi: comunicazione grafica, progettazione di allestimenti fieristici, brand design, Interior Design.","sameAs":["http:\/\/benedettofiori.com","https:\/\/www.facebook.com\/benedettofiori","https:\/\/x.com\/benedettofiori"],"url":"https:\/\/socialdesignmagazine.com\/mag\/author\/benedetto\/"}]}},"jetpack_featured_media_url":"https:\/\/socialdesignmagazine.com\/mag\/wp-content\/uploads\/2011\/05\/benedetto_made_sign_manifesto_serata01-01.jpg","jetpack_sharing_enabled":true,"jetpack_shortlink":"https:\/\/wp.me\/p6cV7V-52","gt_translate_keys":[{"key":"link","format":"url"}],"_links":{"self":[{"href":"https:\/\/socialdesignmagazine.com\/mag\/wp-json\/wp\/v2\/posts\/312","targetHints":{"allow":["GET"]}}],"collection":[{"href":"https:\/\/socialdesignmagazine.com\/mag\/wp-json\/wp\/v2\/posts"}],"about":[{"href":"https:\/\/socialdesignmagazine.com\/mag\/wp-json\/wp\/v2\/types\/post"}],"author":[{"embeddable":true,"href":"https:\/\/socialdesignmagazine.com\/mag\/wp-json\/wp\/v2\/users\/1"}],"replies":[{"embeddable":true,"href":"https:\/\/socialdesignmagazine.com\/mag\/wp-json\/wp\/v2\/comments?post=312"}],"version-history":[{"count":1,"href":"https:\/\/socialdesignmagazine.com\/mag\/wp-json\/wp\/v2\/posts\/312\/revisions"}],"predecessor-version":[{"id":58746,"href":"https:\/\/socialdesignmagazine.com\/mag\/wp-json\/wp\/v2\/posts\/312\/revisions\/58746"}],"wp:featuredmedia":[{"embeddable":true,"href":"https:\/\/socialdesignmagazine.com\/mag\/wp-json\/wp\/v2\/media\/5771"}],"wp:attachment":[{"href":"https:\/\/socialdesignmagazine.com\/mag\/wp-json\/wp\/v2\/media?parent=312"}],"wp:term":[{"taxonomy":"category","embeddable":true,"href":"https:\/\/socialdesignmagazine.com\/mag\/wp-json\/wp\/v2\/categories?post=312"},{"taxonomy":"post_tag","embeddable":true,"href":"https:\/\/socialdesignmagazine.com\/mag\/wp-json\/wp\/v2\/tags?post=312"}],"curies":[{"name":"wp","href":"https:\/\/api.w.org\/{rel}","templated":true}]}}