{"id":3134,"date":"2014-06-04T15:30:00","date_gmt":"2014-06-04T13:30:00","guid":{"rendered":"https:\/\/socialdesignmagazine.com\/mag\/s8-visual\/c38-visual\/mostra-collettiva-qbrand-art-the-soul-of-the-brandq-milano-palazzo-isimbardi\/"},"modified":"2025-03-24T20:29:04","modified_gmt":"2025-03-24T19:29:04","slug":"mostra-collettiva-qbrand-art-the-soul-of-the-brandq-milano-palazzo-isimbardi","status":"publish","type":"post","link":"https:\/\/socialdesignmagazine.com\/mag\/visual\/mostra-collettiva-qbrand-art-the-soul-of-the-brandq-milano-palazzo-isimbardi\/","title":{"rendered":"Mostra collettiva &#8220;BRAND ART &#8211; The soul of the Brand&#8221;, Milano, Palazzo Isimbardi","gt_translate_keys":[{"key":"rendered","format":"text"}]},"content":{"rendered":"\n<h2 class=\"wp-block-heading\">In occasione del Festival Mediastars, la collettiva &#8220;lampo&#8221; BRAND ART &#8211; The soul of the Brand sar\u00e0 allestita a Palazzo Isimbardi, sede della Provincia di Milano in Corso Monforte 35, il 12 e 13 giugno.<\/h2>\n\n\n\n<p>Organizzata da Media Star Editore, l&#8217;esposizione si svolger\u00e0 con il patrocinio di Provincia di Milano, UNICOM &#8211; Unione Nazionale Imprese di Comunicazione, AI &#8211; Associazione Autori di Immagini, Brand Identikit e Associazione RestArt e la collaborazione di Comunicazione Carioca.<\/p>\n\n\n\n<p>&#8220;Dalle creazioni di Andy Warhol alla produzione dell&#8217;artista austriaca Swetlana Heger, che ha coniato il termine Brand Art come movimento successivo alla Pop Art, da anni la marca ed il segno grafico sono fonte di ispirazione per l&#8217;arte. Con questa esposizione proponiamo agli appassionati e addetti ai lavori una finestra italiana sul mondo dell&#8217;arte contemporanea legata al settore della Comunicazione&#8221;, dichiara il diretore di Media Star Editore, Giulio Rodolfo.<\/p>\n\n\n\n<p>La mostra BRAND ART &#8211; The soul of the Brand offrir\u00e0 uno sguardo poliedrico su questa forma di arte tramite il lavoro degli artisti Zibe, Andrea Costa, Gaetano Grizzanti, Mich Far\u00e8, Monica Menozzi, Paolo Rui. Inoltre, l&#8217;Associazione RestART presenter\u00e0 370 pins selezionate per la seconda edizione dell&#8217;International Pins Contest RestART.<\/p>\n\n\n\n<p>Claudia Simoncini, storica dell&#8217;arte, \u00e8 la curatrice. &#8220;La Brand Art non nasce in contrapposizione alla produzione precedente, anzi trova in essa valide radici che danno nuova linfa a forme, colori, tratti usati dagli artisti del movimento per trasmettere allo spettatore messaggi, morali o trasgressivi che siano, con una straordinaria forza d&#8217;impatto. Sono pure in qualche modo debitori a quelle correnti artistiche del &#8216;900 che rendevano protagonisti, seppur con messaggi diversi, gli oggetti quotidiani la &#8220;scatola di biscotti&#8221; di De Chirico, la &#8220;pipa&#8221; di Magritte, la &#8220;ruota di bicicletta&#8221; di Duchamp, il &#8220;ferro da stiro&#8221; di Man Ray e ancor pi\u00f9 indietro i broccati, i velluti e le sete dipinti come schienali dei troni su cui sedevano delicate Madonne rinascimentali&#8221;, afferma lei.<\/p>\n\n\n<div class=\"wp-block-image\">\n<figure class=\"aligncenter\"><img loading=\"lazy\" decoding=\"async\" width=\"720\" height=\"1747\" data-attachment-id=\"18342\" data-permalink=\"https:\/\/socialdesignmagazine.com\/mag\/visual\/mostra-collettiva-qbrand-art-the-soul-of-the-brandq-milano-palazzo-isimbardi\/attachment\/menozzi-monica-nycollection-low\/#content\" data-orig-file=\"https:\/\/socialdesignmagazine.com\/mag\/wp-content\/uploads\/2014\/06\/benedetto_mostra_brand_art_Menozzi_Monica_NYcollection_low.jpg\" data-orig-size=\"720,1747\" data-comments-opened=\"1\" data-image-meta=\"{&quot;aperture&quot;:&quot;0&quot;,&quot;credit&quot;:&quot;&quot;,&quot;camera&quot;:&quot;&quot;,&quot;caption&quot;:&quot;&quot;,&quot;created_timestamp&quot;:&quot;0&quot;,&quot;copyright&quot;:&quot;&quot;,&quot;focal_length&quot;:&quot;0&quot;,&quot;iso&quot;:&quot;0&quot;,&quot;shutter_speed&quot;:&quot;0&quot;,&quot;title&quot;:&quot;&quot;,&quot;orientation&quot;:&quot;1&quot;}\" data-image-title=\"Menozzi Monica NYcollection low\" data-image-description=\"\" data-image-caption=\"\" data-medium-file=\"https:\/\/socialdesignmagazine.com\/mag\/wp-content\/uploads\/2014\/06\/benedetto_mostra_brand_art_Menozzi_Monica_NYcollection_low-396x256.jpg\" data-large-file=\"https:\/\/socialdesignmagazine.com\/mag\/wp-content\/uploads\/2014\/06\/benedetto_mostra_brand_art_Menozzi_Monica_NYcollection_low.jpg\" src=\"https:\/\/socialdesignmagazine.com\/mag\/wp-content\/uploads\/2014\/06\/benedetto_mostra_brand_art_Menozzi_Monica_NYcollection_low.jpg\" alt=\"Menozzi Monica NYcollection low\" class=\"wp-image-18342\"\/><\/figure>\n<\/div>\n\n\n<h2 class=\"wp-block-heading\">Gli Artisti<\/h2>\n\n\n\n<h3 class=\"wp-block-heading\">Andrea Costa<\/h3>\n\n\n\n<p>Ingegnere, consulente presso Arthur Andersen, produttore televisivo presso Mediaset, intorno al Duemila decide di dedicarsi a tempo pieno al disegno e alla pittura. Si forma all&#8217;Art Students League di New York, studia i classici a Firenze e a Venezia. Nel 2007 comincia la sua attivit\u00e0 espositiva, in particolare si ricordano nel 2010 la mostra &#8220;Costa-Rotella, Icone Parallele&#8221;, nel giugno del 2011 la mostra &#8220;Epico Quotidiano&#8221;. Al 2012 risale l&#8217;incarico da parte della Vodafone Italia dell&#8217;esecuzione di opere permanentemente esposte nel Palazzo Vodafone di Milano.<\/p>\n\n\n\n<h3 class=\"wp-block-heading\">Zibe<\/h3>\n\n\n\n<p>La forza eversiva di Zibe sta nella sua capacit\u00e0 di fondere il gesto artistico con quello vandalico, di coniugare l&#8217;azione creativa con le capacit\u00e0 acrobatiche. Il vandalismo come una delle belle arti, per parafrasare De Quincey, si traduce in lui in un&#8217;inarrestabile produzione di tags, posters, stickers, stencil che alterano il paesaggio urbano, costellandolo di segni e icone apparentemente prive di senso, pubblicit\u00e0 fini a se stesse, marchi cui non corrisponde alcun prodotto reale, che stimolano la nostra immaginazione inconscia e la nostra curiosit\u00e0. Memoria e Tempo sono narratori costanti nelle opere di Zibe, pronti a farci ricordare quello che non dovremmo.<\/p>\n\n\n\n<h3 class=\"wp-block-heading\">Gaetano Grizzanti<\/h3>\n\n\n\n<p>Consulente per l&#8217;identit\u00e0 di marca tra i massimi esperti del settore, \u00e8 oggi un punto di riferimento per la cultura del branding in Italia. E&#8217; anche artista e dal 2000 sviluppa un pensiero innovativo che prende vita dalla volont\u00e0 di testimoniare le modalit\u00e0 di comunicazione dell&#8217;uomo del terzo millennio, nell&#8217;ormai assunto contesto della globalizzazione. Nasce cos\u00ec il pensiero iconista, e ne<\/p>\n\n\n\n<h3 class=\"wp-block-heading\">Monica Menozzi<\/h3>\n\n\n\n<p>Illustratrice, fin da giovane collabora con prestigiose riviste come Scienza &amp; Vita, Donna Pi\u00f9 e poi Bella. Nel corso degli anni si aggiungono testate quali Marie Claire, Grazia, Anna, Vitality, Salve, cos\u00ec come il lavoro per importanti agenzie pubblicitarie milanesi realizzando illustrazioni per il packaging di brand come Yomo, Bonomelli, Fattorie Scaldasole, Artsana, Cirio. Oltre all&#8217; esperienza trentennale nelle tecniche tradizionali dell&#8217;illustrazione classica, si avvale anche dai mezzi digitali e dalle nuove tecnologie.<\/p>\n\n\n\n<h3 class=\"wp-block-heading\">Paolo Rui<\/h3>\n\n\n\n<p>Presidente dell&#8217;EIF-European Illustrators Forum, \u00e8 pittore (laureato all&#8217;Accademia di Belle Arti di Brera) e illustratore premiato (specializzazione all&#8217;Art Center College of Design negli Stati Uniti). Lavora per il settore editoriale e pubblicitario.<\/p>\n\n\n\n<h3 class=\"wp-block-heading\">Michele Far\u00e8<\/h3>\n\n\n\n<p>Michele Far\u00e8 \u00e8 creative director di 3design (agenzia di brand design del gruppo True Company). La passione per l&#8217;illustrazione lo spinge a produrre in qualit\u00e0 di artista con lo pseudonimo di Mich E&#8217; laureato alla Nuova Accademia di Belle Arti (NABA) e nella sua carriera ha collaborato come art director per grandi agenzie milanesi e ha vinto importanti premi.<\/p>\n\n\n\n<p>Alcune opere saranno disponibili all&#8217;acquisto. Sul sito <a class=\"jcepopup\" href=\"http:\/\/www.mediastars.it\" target=\"_blank\" rel=\"nofollow noopener\">www.mediastars.it<\/a> approfondimenti e schede degli artisti.<\/p>\n","protected":false,"gt_translate_keys":[{"key":"rendered","format":"html"}]},"excerpt":{"rendered":"<p>In occasione del Festival Mediastars, la collettiva &#8220;lampo&#8221; BRAND ART &#8211; The soul of the Brand sar\u00e0 allestita a Palazzo Isimbardi, sede della Provincia di Milano in Corso Monforte 35, il 12 e 13 giugno.<\/p>\n","protected":false,"gt_translate_keys":[{"key":"rendered","format":"html"}]},"author":1,"featured_media":18341,"comment_status":"open","ping_status":"open","sticky":false,"template":"","format":"standard","meta":{"jetpack_post_was_ever_published":false,"_jetpack_newsletter_access":"","_jetpack_dont_email_post_to_subs":false,"_jetpack_newsletter_tier_id":0,"_jetpack_memberships_contains_paywalled_content":false,"_jetpack_memberships_contains_paid_content":false,"footnotes":"","_wpscppro_dont_share_socialmedia":false,"_wpscppro_custom_social_share_image":0,"_facebook_share_type":"","_twitter_share_type":"","_linkedin_share_type":"","_pinterest_share_type":"","_linkedin_share_type_page":"","_instagram_share_type":"","_medium_share_type":"","_threads_share_type":"","_google_business_share_type":"","_selected_social_profile":[],"_wpsp_enable_custom_social_template":false,"_wpsp_social_scheduling":{"enabled":false,"datetime":null,"platforms":[],"status":"template_only","dateOption":"today","timeOption":"now","customDays":"","customHours":"","customDate":"","customTime":"","schedulingType":"absolute"},"_wpsp_active_default_template":true},"categories":[12],"tags":[],"class_list":["post-3134","post","type-post","status-publish","format-standard","has-post-thumbnail","hentry","category-visual"],"yoast_head":"<!-- This site is optimized with the Yoast SEO plugin v27.2 - https:\/\/yoast.com\/product\/yoast-seo-wordpress\/ -->\n<title>Mostra collettiva &quot;BRAND ART - The soul of the Brand&quot;, Milano, Palazzo Isimbardi - Social Design Magazine<\/title>\n<meta name=\"description\" content=\"In occasione del Festival Mediastars, la collettiva &quot;lampo&quot; BRAND ART - The soul of the Brand sar\u00e0 allestita a Palazzo Isimbardi\" \/>\n<meta name=\"robots\" content=\"index, follow, max-snippet:-1, max-image-preview:large, max-video-preview:-1\" \/>\n<link rel=\"canonical\" href=\"https:\/\/socialdesignmagazine.com\/mag\/visual\/mostra-collettiva-qbrand-art-the-soul-of-the-brandq-milano-palazzo-isimbardi\/\" \/>\n<meta property=\"og:locale\" content=\"it_IT\" \/>\n<meta property=\"og:type\" content=\"article\" \/>\n<meta property=\"og:title\" content=\"Mostra collettiva &quot;BRAND ART - The soul of the Brand&quot;, Milano, Palazzo Isimbardi - Social Design Magazine\" \/>\n<meta property=\"og:description\" content=\"In occasione del Festival Mediastars, la collettiva &quot;lampo&quot; BRAND ART - The soul of the Brand sar\u00e0 allestita a Palazzo Isimbardi\" \/>\n<meta property=\"og:url\" content=\"http:\/\/socialdesignmagazine.com\/mag\/visual\/mostra-collettiva-qbrand-art-the-soul-of-the-brandq-milano-palazzo-isimbardi\/\" \/>\n<meta property=\"og:site_name\" content=\"Social Design Magazine\" \/>\n<meta property=\"article:publisher\" content=\"https:\/\/www.facebook.com\/socialdesignmag\" \/>\n<meta property=\"article:author\" content=\"https:\/\/www.facebook.com\/benedettofiori\" \/>\n<meta property=\"article:published_time\" content=\"2014-06-04T13:30:00+00:00\" \/>\n<meta property=\"article:modified_time\" content=\"2025-03-24T19:29:04+00:00\" \/>\n<meta property=\"og:image\" content=\"https:\/\/socialdesignmagazine.com\/mag\/wp-content\/uploads\/2014\/06\/benedetto_mostra_brand_art_Ziberone_Punk_Version_Green.jpg\" \/>\n\t<meta property=\"og:image:width\" content=\"720\" \/>\n\t<meta property=\"og:image:height\" content=\"556\" \/>\n\t<meta property=\"og:image:type\" content=\"image\/jpeg\" \/>\n<meta name=\"author\" content=\"Benedetto Fiori\" \/>\n<meta name=\"twitter:card\" content=\"summary_large_image\" \/>\n<meta name=\"twitter:creator\" content=\"@benedettofiori\" \/>\n<meta name=\"twitter:site\" content=\"@socialdesignmag\" \/>\n<meta name=\"twitter:label1\" content=\"Scritto da\" \/>\n\t<meta name=\"twitter:data1\" content=\"Benedetto Fiori\" \/>\n\t<meta name=\"twitter:label2\" content=\"Tempo di lettura stimato\" \/>\n\t<meta name=\"twitter:data2\" content=\"5 minuti\" \/>\n<script type=\"application\/ld+json\" class=\"yoast-schema-graph\">{\"@context\":\"https:\/\/schema.org\",\"@graph\":[{\"@type\":\"Article\",\"@id\":\"https:\/\/socialdesignmagazine.com\/mag\/visual\/mostra-collettiva-qbrand-art-the-soul-of-the-brandq-milano-palazzo-isimbardi\/#article\",\"isPartOf\":{\"@id\":\"https:\/\/socialdesignmagazine.com\/mag\/visual\/mostra-collettiva-qbrand-art-the-soul-of-the-brandq-milano-palazzo-isimbardi\/\"},\"author\":{\"name\":\"Benedetto Fiori\",\"@id\":\"https:\/\/socialdesignmagazine.com\/mag\/#\/schema\/person\/61e20205cc363c315e6aabd33a045846\"},\"headline\":\"Mostra collettiva &#8220;BRAND ART &#8211; The soul of the Brand&#8221;, Milano, Palazzo Isimbardi\",\"datePublished\":\"2014-06-04T13:30:00+00:00\",\"dateModified\":\"2025-03-24T19:29:04+00:00\",\"mainEntityOfPage\":{\"@id\":\"https:\/\/socialdesignmagazine.com\/mag\/visual\/mostra-collettiva-qbrand-art-the-soul-of-the-brandq-milano-palazzo-isimbardi\/\"},\"wordCount\":774,\"commentCount\":0,\"publisher\":{\"@id\":\"https:\/\/socialdesignmagazine.com\/mag\/#organization\"},\"image\":{\"@id\":\"https:\/\/socialdesignmagazine.com\/mag\/visual\/mostra-collettiva-qbrand-art-the-soul-of-the-brandq-milano-palazzo-isimbardi\/#primaryimage\"},\"thumbnailUrl\":\"https:\/\/socialdesignmagazine.com\/mag\/wp-content\/uploads\/2014\/06\/benedetto_mostra_brand_art_Ziberone_Punk_Version_Green.jpg\",\"articleSection\":[\"Visual\"],\"inLanguage\":\"it-IT\",\"potentialAction\":[{\"@type\":\"CommentAction\",\"name\":\"Comment\",\"target\":[\"https:\/\/socialdesignmagazine.com\/mag\/visual\/mostra-collettiva-qbrand-art-the-soul-of-the-brandq-milano-palazzo-isimbardi\/#respond\"]}]},{\"@type\":\"WebPage\",\"@id\":\"https:\/\/socialdesignmagazine.com\/mag\/visual\/mostra-collettiva-qbrand-art-the-soul-of-the-brandq-milano-palazzo-isimbardi\/\",\"url\":\"https:\/\/socialdesignmagazine.com\/mag\/visual\/mostra-collettiva-qbrand-art-the-soul-of-the-brandq-milano-palazzo-isimbardi\/\",\"name\":\"Mostra collettiva \\\"BRAND ART - The soul of the Brand\\\", Milano, Palazzo Isimbardi - Social Design Magazine\",\"isPartOf\":{\"@id\":\"https:\/\/socialdesignmagazine.com\/mag\/#website\"},\"primaryImageOfPage\":{\"@id\":\"https:\/\/socialdesignmagazine.com\/mag\/visual\/mostra-collettiva-qbrand-art-the-soul-of-the-brandq-milano-palazzo-isimbardi\/#primaryimage\"},\"image\":{\"@id\":\"https:\/\/socialdesignmagazine.com\/mag\/visual\/mostra-collettiva-qbrand-art-the-soul-of-the-brandq-milano-palazzo-isimbardi\/#primaryimage\"},\"thumbnailUrl\":\"https:\/\/socialdesignmagazine.com\/mag\/wp-content\/uploads\/2014\/06\/benedetto_mostra_brand_art_Ziberone_Punk_Version_Green.jpg\",\"datePublished\":\"2014-06-04T13:30:00+00:00\",\"dateModified\":\"2025-03-24T19:29:04+00:00\",\"description\":\"In occasione del Festival Mediastars, la collettiva \\\"lampo\\\" BRAND ART - The soul of the Brand sar\u00e0 allestita a Palazzo Isimbardi\",\"breadcrumb\":{\"@id\":\"https:\/\/socialdesignmagazine.com\/mag\/visual\/mostra-collettiva-qbrand-art-the-soul-of-the-brandq-milano-palazzo-isimbardi\/#breadcrumb\"},\"inLanguage\":\"it-IT\",\"potentialAction\":[{\"@type\":\"ReadAction\",\"target\":[\"https:\/\/socialdesignmagazine.com\/mag\/visual\/mostra-collettiva-qbrand-art-the-soul-of-the-brandq-milano-palazzo-isimbardi\/\"]}]},{\"@type\":\"ImageObject\",\"inLanguage\":\"it-IT\",\"@id\":\"https:\/\/socialdesignmagazine.com\/mag\/visual\/mostra-collettiva-qbrand-art-the-soul-of-the-brandq-milano-palazzo-isimbardi\/#primaryimage\",\"url\":\"https:\/\/socialdesignmagazine.com\/mag\/wp-content\/uploads\/2014\/06\/benedetto_mostra_brand_art_Ziberone_Punk_Version_Green.jpg\",\"contentUrl\":\"https:\/\/socialdesignmagazine.com\/mag\/wp-content\/uploads\/2014\/06\/benedetto_mostra_brand_art_Ziberone_Punk_Version_Green.jpg\",\"width\":720,\"height\":556,\"caption\":\"Ziberone Punk Version Green\"},{\"@type\":\"BreadcrumbList\",\"@id\":\"https:\/\/socialdesignmagazine.com\/mag\/visual\/mostra-collettiva-qbrand-art-the-soul-of-the-brandq-milano-palazzo-isimbardi\/#breadcrumb\",\"itemListElement\":[{\"@type\":\"ListItem\",\"position\":1,\"name\":\"Home\",\"item\":\"https:\/\/socialdesignmagazine.com\/mag\/\"},{\"@type\":\"ListItem\",\"position\":2,\"name\":\"Visual\",\"item\":\"https:\/\/socialdesignmagazine.com\/mag\/visual\/\"},{\"@type\":\"ListItem\",\"position\":3,\"name\":\"Mostra collettiva &#8220;BRAND ART &#8211; The soul of the Brand&#8221;, Milano, Palazzo Isimbardi\"}]},{\"@type\":\"WebSite\",\"@id\":\"https:\/\/socialdesignmagazine.com\/mag\/#website\",\"url\":\"https:\/\/socialdesignmagazine.com\/mag\/\",\"name\":\"Social Design Magazine\",\"description\":\"Social Magazine su Design, Architettura, Arte, Grafica\",\"publisher\":{\"@id\":\"https:\/\/socialdesignmagazine.com\/mag\/#organization\"},\"potentialAction\":[{\"@type\":\"SearchAction\",\"target\":{\"@type\":\"EntryPoint\",\"urlTemplate\":\"https:\/\/socialdesignmagazine.com\/mag\/?s={search_term_string}\"},\"query-input\":{\"@type\":\"PropertyValueSpecification\",\"valueRequired\":true,\"valueName\":\"search_term_string\"}}],\"inLanguage\":\"it-IT\"},{\"@type\":\"Organization\",\"@id\":\"https:\/\/socialdesignmagazine.com\/mag\/#organization\",\"name\":\"Social Design Magazine\",\"url\":\"https:\/\/socialdesignmagazine.com\/mag\/\",\"logo\":{\"@type\":\"ImageObject\",\"inLanguage\":\"it-IT\",\"@id\":\"https:\/\/socialdesignmagazine.com\/mag\/#\/schema\/logo\/image\/\",\"url\":\"https:\/\/socialdesignmagazine.com\/mag\/wp-content\/uploads\/2017\/01\/logo_favicon_11.png\",\"contentUrl\":\"https:\/\/socialdesignmagazine.com\/mag\/wp-content\/uploads\/2017\/01\/logo_favicon_11.png\",\"width\":1024,\"height\":1024,\"caption\":\"Social Design Magazine\"},\"image\":{\"@id\":\"https:\/\/socialdesignmagazine.com\/mag\/#\/schema\/logo\/image\/\"},\"sameAs\":[\"https:\/\/www.facebook.com\/socialdesignmag\",\"https:\/\/x.com\/socialdesignmag\",\"http:\/\/instagram.com\/social_design_magazine\/\",\"http:\/\/pinterest.com\/socialdesignmag\/\",\"http:\/\/www.youtube.com\/user\/socialdesignmagazine\"]},{\"@type\":\"Person\",\"@id\":\"https:\/\/socialdesignmagazine.com\/mag\/#\/schema\/person\/61e20205cc363c315e6aabd33a045846\",\"name\":\"Benedetto Fiori\",\"image\":{\"@type\":\"ImageObject\",\"inLanguage\":\"it-IT\",\"@id\":\"https:\/\/secure.gravatar.com\/avatar\/450a48cefa36da63d920ad70aa660bd10725b1c6093800242e5efdb397759033?s=96&d=mm&r=g\",\"url\":\"https:\/\/secure.gravatar.com\/avatar\/450a48cefa36da63d920ad70aa660bd10725b1c6093800242e5efdb397759033?s=96&d=mm&r=g\",\"contentUrl\":\"https:\/\/secure.gravatar.com\/avatar\/450a48cefa36da63d920ad70aa660bd10725b1c6093800242e5efdb397759033?s=96&d=mm&r=g\",\"caption\":\"Benedetto Fiori\"},\"description\":\"Web | Twitter | Facebook | Shutterstock Founder &amp; Editor in Chief di Social Design Magazine. Attratto da sempre da tutto ci\u00f2 che \u00e8 creativit\u00e0, design, architettura. Dopo aver studiato Architettura all'Universit\u00e0 di Firenze, si \u00e8 impegnato in molteplici campi: comunicazione grafica, progettazione di allestimenti fieristici, brand design, Interior Design.\",\"sameAs\":[\"http:\/\/benedettofiori.com\",\"https:\/\/www.facebook.com\/benedettofiori\",\"https:\/\/x.com\/benedettofiori\"],\"url\":\"https:\/\/socialdesignmagazine.com\/mag\/author\/benedetto\/\"}]}<\/script>\n<!-- \/ Yoast SEO plugin. -->","yoast_head_json":{"title":"Mostra collettiva \"BRAND ART - The soul of the Brand\", Milano, Palazzo Isimbardi - Social Design Magazine","description":"In occasione del Festival Mediastars, la collettiva \"lampo\" BRAND ART - The soul of the Brand sar\u00e0 allestita a Palazzo Isimbardi","robots":{"index":"index","follow":"follow","max-snippet":"max-snippet:-1","max-image-preview":"max-image-preview:large","max-video-preview":"max-video-preview:-1"},"canonical":"https:\/\/socialdesignmagazine.com\/mag\/visual\/mostra-collettiva-qbrand-art-the-soul-of-the-brandq-milano-palazzo-isimbardi\/","og_locale":"it_IT","og_type":"article","og_title":"Mostra collettiva \"BRAND ART - The soul of the Brand\", Milano, Palazzo Isimbardi - Social Design Magazine","og_description":"In occasione del Festival Mediastars, la collettiva \"lampo\" BRAND ART - The soul of the Brand sar\u00e0 allestita a Palazzo Isimbardi","og_url":"http:\/\/socialdesignmagazine.com\/mag\/visual\/mostra-collettiva-qbrand-art-the-soul-of-the-brandq-milano-palazzo-isimbardi\/","og_site_name":"Social Design Magazine","article_publisher":"https:\/\/www.facebook.com\/socialdesignmag","article_author":"https:\/\/www.facebook.com\/benedettofiori","article_published_time":"2014-06-04T13:30:00+00:00","article_modified_time":"2025-03-24T19:29:04+00:00","og_image":[{"width":720,"height":556,"url":"https:\/\/socialdesignmagazine.com\/mag\/wp-content\/uploads\/2014\/06\/benedetto_mostra_brand_art_Ziberone_Punk_Version_Green.jpg","type":"image\/jpeg"}],"author":"Benedetto Fiori","twitter_card":"summary_large_image","twitter_creator":"@benedettofiori","twitter_site":"@socialdesignmag","twitter_misc":{"Scritto da":"Benedetto Fiori","Tempo di lettura stimato":"5 minuti"},"schema":{"@context":"https:\/\/schema.org","@graph":[{"@type":"Article","@id":"https:\/\/socialdesignmagazine.com\/mag\/visual\/mostra-collettiva-qbrand-art-the-soul-of-the-brandq-milano-palazzo-isimbardi\/#article","isPartOf":{"@id":"https:\/\/socialdesignmagazine.com\/mag\/visual\/mostra-collettiva-qbrand-art-the-soul-of-the-brandq-milano-palazzo-isimbardi\/"},"author":{"name":"Benedetto Fiori","@id":"https:\/\/socialdesignmagazine.com\/mag\/#\/schema\/person\/61e20205cc363c315e6aabd33a045846"},"headline":"Mostra collettiva &#8220;BRAND ART &#8211; The soul of the Brand&#8221;, Milano, Palazzo Isimbardi","datePublished":"2014-06-04T13:30:00+00:00","dateModified":"2025-03-24T19:29:04+00:00","mainEntityOfPage":{"@id":"https:\/\/socialdesignmagazine.com\/mag\/visual\/mostra-collettiva-qbrand-art-the-soul-of-the-brandq-milano-palazzo-isimbardi\/"},"wordCount":774,"commentCount":0,"publisher":{"@id":"https:\/\/socialdesignmagazine.com\/mag\/#organization"},"image":{"@id":"https:\/\/socialdesignmagazine.com\/mag\/visual\/mostra-collettiva-qbrand-art-the-soul-of-the-brandq-milano-palazzo-isimbardi\/#primaryimage"},"thumbnailUrl":"https:\/\/socialdesignmagazine.com\/mag\/wp-content\/uploads\/2014\/06\/benedetto_mostra_brand_art_Ziberone_Punk_Version_Green.jpg","articleSection":["Visual"],"inLanguage":"it-IT","potentialAction":[{"@type":"CommentAction","name":"Comment","target":["https:\/\/socialdesignmagazine.com\/mag\/visual\/mostra-collettiva-qbrand-art-the-soul-of-the-brandq-milano-palazzo-isimbardi\/#respond"]}]},{"@type":"WebPage","@id":"https:\/\/socialdesignmagazine.com\/mag\/visual\/mostra-collettiva-qbrand-art-the-soul-of-the-brandq-milano-palazzo-isimbardi\/","url":"https:\/\/socialdesignmagazine.com\/mag\/visual\/mostra-collettiva-qbrand-art-the-soul-of-the-brandq-milano-palazzo-isimbardi\/","name":"Mostra collettiva \"BRAND ART - The soul of the Brand\", Milano, Palazzo Isimbardi - Social Design Magazine","isPartOf":{"@id":"https:\/\/socialdesignmagazine.com\/mag\/#website"},"primaryImageOfPage":{"@id":"https:\/\/socialdesignmagazine.com\/mag\/visual\/mostra-collettiva-qbrand-art-the-soul-of-the-brandq-milano-palazzo-isimbardi\/#primaryimage"},"image":{"@id":"https:\/\/socialdesignmagazine.com\/mag\/visual\/mostra-collettiva-qbrand-art-the-soul-of-the-brandq-milano-palazzo-isimbardi\/#primaryimage"},"thumbnailUrl":"https:\/\/socialdesignmagazine.com\/mag\/wp-content\/uploads\/2014\/06\/benedetto_mostra_brand_art_Ziberone_Punk_Version_Green.jpg","datePublished":"2014-06-04T13:30:00+00:00","dateModified":"2025-03-24T19:29:04+00:00","description":"In occasione del Festival Mediastars, la collettiva \"lampo\" BRAND ART - The soul of the Brand sar\u00e0 allestita a Palazzo Isimbardi","breadcrumb":{"@id":"https:\/\/socialdesignmagazine.com\/mag\/visual\/mostra-collettiva-qbrand-art-the-soul-of-the-brandq-milano-palazzo-isimbardi\/#breadcrumb"},"inLanguage":"it-IT","potentialAction":[{"@type":"ReadAction","target":["https:\/\/socialdesignmagazine.com\/mag\/visual\/mostra-collettiva-qbrand-art-the-soul-of-the-brandq-milano-palazzo-isimbardi\/"]}]},{"@type":"ImageObject","inLanguage":"it-IT","@id":"https:\/\/socialdesignmagazine.com\/mag\/visual\/mostra-collettiva-qbrand-art-the-soul-of-the-brandq-milano-palazzo-isimbardi\/#primaryimage","url":"https:\/\/socialdesignmagazine.com\/mag\/wp-content\/uploads\/2014\/06\/benedetto_mostra_brand_art_Ziberone_Punk_Version_Green.jpg","contentUrl":"https:\/\/socialdesignmagazine.com\/mag\/wp-content\/uploads\/2014\/06\/benedetto_mostra_brand_art_Ziberone_Punk_Version_Green.jpg","width":720,"height":556,"caption":"Ziberone Punk Version Green"},{"@type":"BreadcrumbList","@id":"https:\/\/socialdesignmagazine.com\/mag\/visual\/mostra-collettiva-qbrand-art-the-soul-of-the-brandq-milano-palazzo-isimbardi\/#breadcrumb","itemListElement":[{"@type":"ListItem","position":1,"name":"Home","item":"https:\/\/socialdesignmagazine.com\/mag\/"},{"@type":"ListItem","position":2,"name":"Visual","item":"https:\/\/socialdesignmagazine.com\/mag\/visual\/"},{"@type":"ListItem","position":3,"name":"Mostra collettiva &#8220;BRAND ART &#8211; The soul of the Brand&#8221;, Milano, Palazzo Isimbardi"}]},{"@type":"WebSite","@id":"https:\/\/socialdesignmagazine.com\/mag\/#website","url":"https:\/\/socialdesignmagazine.com\/mag\/","name":"Social Design Magazine","description":"Social Magazine su Design, Architettura, Arte, Grafica","publisher":{"@id":"https:\/\/socialdesignmagazine.com\/mag\/#organization"},"potentialAction":[{"@type":"SearchAction","target":{"@type":"EntryPoint","urlTemplate":"https:\/\/socialdesignmagazine.com\/mag\/?s={search_term_string}"},"query-input":{"@type":"PropertyValueSpecification","valueRequired":true,"valueName":"search_term_string"}}],"inLanguage":"it-IT"},{"@type":"Organization","@id":"https:\/\/socialdesignmagazine.com\/mag\/#organization","name":"Social Design Magazine","url":"https:\/\/socialdesignmagazine.com\/mag\/","logo":{"@type":"ImageObject","inLanguage":"it-IT","@id":"https:\/\/socialdesignmagazine.com\/mag\/#\/schema\/logo\/image\/","url":"https:\/\/socialdesignmagazine.com\/mag\/wp-content\/uploads\/2017\/01\/logo_favicon_11.png","contentUrl":"https:\/\/socialdesignmagazine.com\/mag\/wp-content\/uploads\/2017\/01\/logo_favicon_11.png","width":1024,"height":1024,"caption":"Social Design Magazine"},"image":{"@id":"https:\/\/socialdesignmagazine.com\/mag\/#\/schema\/logo\/image\/"},"sameAs":["https:\/\/www.facebook.com\/socialdesignmag","https:\/\/x.com\/socialdesignmag","http:\/\/instagram.com\/social_design_magazine\/","http:\/\/pinterest.com\/socialdesignmag\/","http:\/\/www.youtube.com\/user\/socialdesignmagazine"]},{"@type":"Person","@id":"https:\/\/socialdesignmagazine.com\/mag\/#\/schema\/person\/61e20205cc363c315e6aabd33a045846","name":"Benedetto Fiori","image":{"@type":"ImageObject","inLanguage":"it-IT","@id":"https:\/\/secure.gravatar.com\/avatar\/450a48cefa36da63d920ad70aa660bd10725b1c6093800242e5efdb397759033?s=96&d=mm&r=g","url":"https:\/\/secure.gravatar.com\/avatar\/450a48cefa36da63d920ad70aa660bd10725b1c6093800242e5efdb397759033?s=96&d=mm&r=g","contentUrl":"https:\/\/secure.gravatar.com\/avatar\/450a48cefa36da63d920ad70aa660bd10725b1c6093800242e5efdb397759033?s=96&d=mm&r=g","caption":"Benedetto Fiori"},"description":"Web | Twitter | Facebook | Shutterstock Founder &amp; Editor in Chief di Social Design Magazine. Attratto da sempre da tutto ci\u00f2 che \u00e8 creativit\u00e0, design, architettura. Dopo aver studiato Architettura all'Universit\u00e0 di Firenze, si \u00e8 impegnato in molteplici campi: comunicazione grafica, progettazione di allestimenti fieristici, brand design, Interior Design.","sameAs":["http:\/\/benedettofiori.com","https:\/\/www.facebook.com\/benedettofiori","https:\/\/x.com\/benedettofiori"],"url":"https:\/\/socialdesignmagazine.com\/mag\/author\/benedetto\/"}]}},"jetpack_featured_media_url":"https:\/\/socialdesignmagazine.com\/mag\/wp-content\/uploads\/2014\/06\/benedetto_mostra_brand_art_Ziberone_Punk_Version_Green.jpg","jetpack_sharing_enabled":true,"jetpack_shortlink":"https:\/\/wp.me\/p6cV7V-Oy","gt_translate_keys":[{"key":"link","format":"url"}],"_links":{"self":[{"href":"https:\/\/socialdesignmagazine.com\/mag\/wp-json\/wp\/v2\/posts\/3134","targetHints":{"allow":["GET"]}}],"collection":[{"href":"https:\/\/socialdesignmagazine.com\/mag\/wp-json\/wp\/v2\/posts"}],"about":[{"href":"https:\/\/socialdesignmagazine.com\/mag\/wp-json\/wp\/v2\/types\/post"}],"author":[{"embeddable":true,"href":"https:\/\/socialdesignmagazine.com\/mag\/wp-json\/wp\/v2\/users\/1"}],"replies":[{"embeddable":true,"href":"https:\/\/socialdesignmagazine.com\/mag\/wp-json\/wp\/v2\/comments?post=3134"}],"version-history":[{"count":2,"href":"https:\/\/socialdesignmagazine.com\/mag\/wp-json\/wp\/v2\/posts\/3134\/revisions"}],"predecessor-version":[{"id":63929,"href":"https:\/\/socialdesignmagazine.com\/mag\/wp-json\/wp\/v2\/posts\/3134\/revisions\/63929"}],"wp:featuredmedia":[{"embeddable":true,"href":"https:\/\/socialdesignmagazine.com\/mag\/wp-json\/wp\/v2\/media\/18341"}],"wp:attachment":[{"href":"https:\/\/socialdesignmagazine.com\/mag\/wp-json\/wp\/v2\/media?parent=3134"}],"wp:term":[{"taxonomy":"category","embeddable":true,"href":"https:\/\/socialdesignmagazine.com\/mag\/wp-json\/wp\/v2\/categories?post=3134"},{"taxonomy":"post_tag","embeddable":true,"href":"https:\/\/socialdesignmagazine.com\/mag\/wp-json\/wp\/v2\/tags?post=3134"}],"curies":[{"name":"wp","href":"https:\/\/api.w.org\/{rel}","templated":true}]}}