{"id":31533,"date":"2017-04-04T12:25:18","date_gmt":"2017-04-04T10:25:18","guid":{"rendered":"https:\/\/socialdesignmagazine.com\/mag\/?p=31533"},"modified":"2017-04-04T12:19:20","modified_gmt":"2017-04-04T10:19:20","slug":"brazil-sa-il-design-brasiliano-e-nel-cuore-del-fuorisalone-3-9-aprile","status":"publish","type":"post","link":"https:\/\/socialdesignmagazine.com\/mag\/news\/design-news\/brazil-sa-il-design-brasiliano-e-nel-cuore-del-fuorisalone-3-9-aprile\/","title":{"rendered":"Brazil S\/A: il design brasiliano \u00e8 nel cuore del FuoriSalone &#8211; 3-9 aprile","gt_translate_keys":[{"key":"rendered","format":"text"}]},"content":{"rendered":"<p>Brazil S\/A giunge all\u2019ottava edizione e porta nel cuore del Fuorisalone l\u2019identit\u00e0 pi\u00f9 vera della cultura e dell\u2019essere brasiliano, attraverso mostre, eventi e workshop dedicati alla creativit\u00e0 e alla produzione Made in Brazil.<\/p>\n<p>Brazil S\/A \u00e8 in programma dal 3 al 9 aprile 2017 negli spazi dell\u2019Universit\u00e0 degli Studi di Milano, Portico Richini e Portico San Nazaro, nel contesto di INTERNI Material Immaterial.<\/p>\n<blockquote><p>\u201cIn questi otto anni, il nostro impegno \u00e8 stato sempre quello di offrire una visione sul Brasile e sulla cultura artigianale che lo caratterizza, sempre votata alla bellezza e all\u2019espressione pi\u00f9 pura della creativit\u00e0 &#8211; afferma l\u2019ideatore del progetto Jos\u00e8 Roberto Moreira do Valle. Essere presenti al Fuorisalone rappresenta per noi un\u2019occasione unica per porre al centro dell\u2019attenzione internazionale, e poter far conoscere il nostro estro creativo e la nostra capacit\u00e0 d\u2019innovazione. Vogliamo dare la possibilit\u00e0 di vivere l\u2019esperienza di un vero e proprio viaggio nella nostra terra, pur rimanendo a Milano\u201d.<\/p><\/blockquote>\n<p>Brazil S\/A non \u00e8 solo un insieme di mostre ed esposizioni: \u00e8 un momento unico di incontro in cui \u00e8 possibile esplorare l\u2019estro, l\u2019innovazione e il dinamismo che contraddistinguono l\u2019anima creativa brasiliana ma che allo stesso tempo vuole generare nuove opportunit\u00e0 di partnership tra imprese italiane e brasiliane. Il giusto contesto per il relax e i business meeting \u00e8 offerto dalla Lounge, disegnata dall\u2019architetto Vivian Coser, a disposizione, su invito, della stampa e dei professionisti del settore.<\/p>\n<blockquote><p>\u201cIl design brasiliano \u00e8 ormai riconosciuto come sintesi perfetta tra la ricchezza di un Paese avente tradizioni millenarie e la capacit\u00e0 dello stesso di saper guardare al futuro con creativit\u00e0 e originalit\u00e0 \u2013 continua Jos\u00e8 Roberto Moreira do Valle. Abbiamo, quindi, voluto focalizzare l\u2019attenzione sulla presentazione del prodotto, come se il visitatore potesse affacciarsi sul mondo brasiliano attraverso una finestra aperta ed esplorare le creazioni di designer e studi di design che pi\u00f9 si sono distinti per innovazione, diversit\u00e0 di materiali, flessibilit\u00e0 nei processi e sostenibilit\u00e0, spaziando dagli arredi all\u2019illuminazione, fino alle ceramiche\u201d.<\/p><\/blockquote>\n<p>Tra le mostre in programma, segnaliamo:<\/p>\n<h3>100% BRASIL<\/h3>\n<p>Saranno circa 60 i designer di &#8220;100% Brasil&#8221;, tra cui spiccano talenti emergenti al fianco di nomi gi\u00e0 noti e insigniti di premi internazionali.<br \/>\nArtistartes\u00e3o, Leandro Garcia, Gustavo Martini, Ronald Sasson Studio, Sergio Matos, Noemi Saga e Ines Schertel e tanti altri hanno un tema comune di ricerca: la sostenibilit\u00e0, espressa attraverso l&#8217;utilizzo di legno proveniente da foreste certificate e di materiali riciclabili e autoctoni, impiegati in modo insolito e creativo.<\/p>\n<h3>Sette7<\/h3>\n<p>Vivian Coser \u00e8 presente con uno spazio espositivo dedicato al progetto Sette7, per la prima volta a Brazil S\/A, proponendo oggetti creati con materie prime nobili e non convenzionali, attraverso una combinazione armonica di tecnologia innovativa e design.<br \/>\nCaratterizzata da uno stile cosmopolita, minimalista e da linee senza tempo, la collezione ha i suoi principali riferimenti nel design asiatico, giapponese e italiano.<\/p>\n<h3>GUARD RAIL<\/h3>\n<p>Il Cortile d&#8217;Onore dell&#8217;Universit\u00e0 Statale di Milano ospiter\u00e0 il nuovo progetto di Al\u00ea Jord\u00e3o: GUARD RAIL, un&#8217;installazione composta da &#8220;mobili-sculture&#8221; che prendono le forme di panche, lettini e sedute.<br \/>\nSi tratta di un esempio interessante di recycled art, che l&#8217;artista ha donato alla citt\u00e0 di San Paolo per trasformare un non-luogo della metropoli brasiliana in un luogo di aggregazione.<br \/>\nGli oggetti sono stati creati da reti metalliche standard utilizzate per organizzare il traffico: le loro forme contorte sono diventate ispirazione per creare nuovi pezzi di arredo urbano.<\/p>\n<div id=\"attachment_31536\" style=\"width: 1010px\" class=\"wp-caption alignnone\"><a href=\"https:\/\/socialdesignmagazine.com\/mag\/?attachment_id=31536#content\" rel=\"attachment wp-att-31536\"><img loading=\"lazy\" decoding=\"async\" aria-describedby=\"caption-attachment-31536\" data-attachment-id=\"31536\" data-permalink=\"https:\/\/socialdesignmagazine.com\/mag\/news\/design-news\/brazil-sa-il-design-brasiliano-e-nel-cuore-del-fuorisalone-3-9-aprile\/attachment\/noemi-saga\/#content\" data-orig-file=\"https:\/\/socialdesignmagazine.com\/mag\/wp-content\/uploads\/2017\/04\/Noemi-Saga.jpg\" data-orig-size=\"1000,722\" data-comments-opened=\"1\" data-image-meta=\"{&quot;aperture&quot;:&quot;0&quot;,&quot;credit&quot;:&quot;&quot;,&quot;camera&quot;:&quot;&quot;,&quot;caption&quot;:&quot;&quot;,&quot;created_timestamp&quot;:&quot;0&quot;,&quot;copyright&quot;:&quot;&quot;,&quot;focal_length&quot;:&quot;0&quot;,&quot;iso&quot;:&quot;0&quot;,&quot;shutter_speed&quot;:&quot;0&quot;,&quot;title&quot;:&quot;&quot;,&quot;orientation&quot;:&quot;0&quot;}\" data-image-title=\"Noemi Saga\" data-image-description=\"\" data-image-caption=\"&lt;p&gt;Noemi Saga&lt;\/p&gt;\n\" data-medium-file=\"https:\/\/socialdesignmagazine.com\/mag\/wp-content\/uploads\/2017\/04\/Noemi-Saga-438x283.jpg\" data-large-file=\"https:\/\/socialdesignmagazine.com\/mag\/wp-content\/uploads\/2017\/04\/Noemi-Saga.jpg\" class=\"size-full wp-image-31536\" src=\"https:\/\/socialdesignmagazine.com\/mag\/wp-content\/uploads\/2017\/04\/Noemi-Saga.jpg\" alt=\"Noemi Saga\" width=\"1000\" height=\"722\" srcset=\"https:\/\/socialdesignmagazine.com\/mag\/wp-content\/uploads\/2017\/04\/Noemi-Saga.jpg 1000w, https:\/\/socialdesignmagazine.com\/mag\/wp-content\/uploads\/2017\/04\/Noemi-Saga-768x554.jpg 768w\" sizes=\"auto, (max-width: 1000px) 100vw, 1000px\" \/><\/a><p id=\"caption-attachment-31536\" class=\"wp-caption-text\">Noemi Saga<\/p><\/div>\n<div id=\"attachment_31538\" style=\"width: 1010px\" class=\"wp-caption alignnone\"><a href=\"https:\/\/socialdesignmagazine.com\/mag\/?attachment_id=31538#content\" rel=\"attachment wp-att-31538\"><img loading=\"lazy\" decoding=\"async\" aria-describedby=\"caption-attachment-31538\" data-attachment-id=\"31538\" data-permalink=\"https:\/\/socialdesignmagazine.com\/mag\/news\/design-news\/brazil-sa-il-design-brasiliano-e-nel-cuore-del-fuorisalone-3-9-aprile\/attachment\/sette7-poltrona-ochi\/#content\" data-orig-file=\"https:\/\/socialdesignmagazine.com\/mag\/wp-content\/uploads\/2017\/04\/sette7-poltrona-ochi.jpg\" data-orig-size=\"1000,940\" data-comments-opened=\"1\" data-image-meta=\"{&quot;aperture&quot;:&quot;0&quot;,&quot;credit&quot;:&quot;&quot;,&quot;camera&quot;:&quot;&quot;,&quot;caption&quot;:&quot;&quot;,&quot;created_timestamp&quot;:&quot;0&quot;,&quot;copyright&quot;:&quot;&quot;,&quot;focal_length&quot;:&quot;0&quot;,&quot;iso&quot;:&quot;0&quot;,&quot;shutter_speed&quot;:&quot;0&quot;,&quot;title&quot;:&quot;&quot;,&quot;orientation&quot;:&quot;0&quot;}\" data-image-title=\"sette7 &amp;#8211; poltrona ochi\" data-image-description=\"\" data-image-caption=\"&lt;p&gt;sette7 &amp;#8211; poltrona ochi&lt;\/p&gt;\n\" data-medium-file=\"https:\/\/socialdesignmagazine.com\/mag\/wp-content\/uploads\/2017\/04\/sette7-poltrona-ochi-438x283.jpg\" data-large-file=\"https:\/\/socialdesignmagazine.com\/mag\/wp-content\/uploads\/2017\/04\/sette7-poltrona-ochi.jpg\" class=\"size-full wp-image-31538\" src=\"https:\/\/socialdesignmagazine.com\/mag\/wp-content\/uploads\/2017\/04\/sette7-poltrona-ochi.jpg\" alt=\"sette7 - poltrona ochi\" width=\"1000\" height=\"940\" srcset=\"https:\/\/socialdesignmagazine.com\/mag\/wp-content\/uploads\/2017\/04\/sette7-poltrona-ochi.jpg 1000w, https:\/\/socialdesignmagazine.com\/mag\/wp-content\/uploads\/2017\/04\/sette7-poltrona-ochi-768x722.jpg 768w\" sizes=\"auto, (max-width: 1000px) 100vw, 1000px\" \/><\/a><p id=\"caption-attachment-31538\" class=\"wp-caption-text\">sette7 &#8211; poltrona ochi<\/p><\/div>\n<div id=\"attachment_31539\" style=\"width: 1010px\" class=\"wp-caption alignnone\"><a href=\"https:\/\/socialdesignmagazine.com\/mag\/?attachment_id=31539#content\" rel=\"attachment wp-att-31539\"><img loading=\"lazy\" decoding=\"async\" aria-describedby=\"caption-attachment-31539\" data-attachment-id=\"31539\" data-permalink=\"https:\/\/socialdesignmagazine.com\/mag\/news\/design-news\/brazil-sa-il-design-brasiliano-e-nel-cuore-del-fuorisalone-3-9-aprile\/attachment\/sette7\/#content\" data-orig-file=\"https:\/\/socialdesignmagazine.com\/mag\/wp-content\/uploads\/2017\/04\/sette7.jpg\" data-orig-size=\"1000,940\" data-comments-opened=\"1\" data-image-meta=\"{&quot;aperture&quot;:&quot;0&quot;,&quot;credit&quot;:&quot;&quot;,&quot;camera&quot;:&quot;&quot;,&quot;caption&quot;:&quot;&quot;,&quot;created_timestamp&quot;:&quot;0&quot;,&quot;copyright&quot;:&quot;&quot;,&quot;focal_length&quot;:&quot;0&quot;,&quot;iso&quot;:&quot;0&quot;,&quot;shutter_speed&quot;:&quot;0&quot;,&quot;title&quot;:&quot;&quot;,&quot;orientation&quot;:&quot;0&quot;}\" data-image-title=\"sette7\" data-image-description=\"\" data-image-caption=\"&lt;p&gt;sette7&lt;\/p&gt;\n\" data-medium-file=\"https:\/\/socialdesignmagazine.com\/mag\/wp-content\/uploads\/2017\/04\/sette7-438x283.jpg\" data-large-file=\"https:\/\/socialdesignmagazine.com\/mag\/wp-content\/uploads\/2017\/04\/sette7.jpg\" class=\"size-full wp-image-31539\" src=\"https:\/\/socialdesignmagazine.com\/mag\/wp-content\/uploads\/2017\/04\/sette7.jpg\" alt=\"sette7\" width=\"1000\" height=\"940\" srcset=\"https:\/\/socialdesignmagazine.com\/mag\/wp-content\/uploads\/2017\/04\/sette7.jpg 1000w, https:\/\/socialdesignmagazine.com\/mag\/wp-content\/uploads\/2017\/04\/sette7-768x722.jpg 768w\" sizes=\"auto, (max-width: 1000px) 100vw, 1000px\" \/><\/a><p id=\"caption-attachment-31539\" class=\"wp-caption-text\">sette7<\/p><\/div>\n<div id=\"attachment_31537\" style=\"width: 1010px\" class=\"wp-caption alignnone\"><a href=\"https:\/\/socialdesignmagazine.com\/mag\/?attachment_id=31537#content\" rel=\"attachment wp-att-31537\"><img loading=\"lazy\" decoding=\"async\" aria-describedby=\"caption-attachment-31537\" data-attachment-id=\"31537\" data-permalink=\"https:\/\/socialdesignmagazine.com\/mag\/news\/design-news\/brazil-sa-il-design-brasiliano-e-nel-cuore-del-fuorisalone-3-9-aprile\/attachment\/sergio-matos\/#content\" data-orig-file=\"https:\/\/socialdesignmagazine.com\/mag\/wp-content\/uploads\/2017\/04\/Sergio-Matos.jpg\" data-orig-size=\"1000,940\" data-comments-opened=\"1\" data-image-meta=\"{&quot;aperture&quot;:&quot;0&quot;,&quot;credit&quot;:&quot;&quot;,&quot;camera&quot;:&quot;&quot;,&quot;caption&quot;:&quot;&quot;,&quot;created_timestamp&quot;:&quot;0&quot;,&quot;copyright&quot;:&quot;&quot;,&quot;focal_length&quot;:&quot;0&quot;,&quot;iso&quot;:&quot;0&quot;,&quot;shutter_speed&quot;:&quot;0&quot;,&quot;title&quot;:&quot;&quot;,&quot;orientation&quot;:&quot;0&quot;}\" data-image-title=\"Sergio Matos\" data-image-description=\"\" data-image-caption=\"&lt;p&gt;Sergio Matos&lt;\/p&gt;\n\" data-medium-file=\"https:\/\/socialdesignmagazine.com\/mag\/wp-content\/uploads\/2017\/04\/Sergio-Matos-438x283.jpg\" data-large-file=\"https:\/\/socialdesignmagazine.com\/mag\/wp-content\/uploads\/2017\/04\/Sergio-Matos.jpg\" class=\"size-full wp-image-31537\" src=\"https:\/\/socialdesignmagazine.com\/mag\/wp-content\/uploads\/2017\/04\/Sergio-Matos.jpg\" alt=\"Sergio Matos\" width=\"1000\" height=\"940\" srcset=\"https:\/\/socialdesignmagazine.com\/mag\/wp-content\/uploads\/2017\/04\/Sergio-Matos.jpg 1000w, https:\/\/socialdesignmagazine.com\/mag\/wp-content\/uploads\/2017\/04\/Sergio-Matos-768x722.jpg 768w\" sizes=\"auto, (max-width: 1000px) 100vw, 1000px\" \/><\/a><p id=\"caption-attachment-31537\" class=\"wp-caption-text\">Sergio Matos<\/p><\/div>\n<div id=\"attachment_31534\" style=\"width: 1010px\" class=\"wp-caption alignnone\"><a href=\"https:\/\/socialdesignmagazine.com\/mag\/?attachment_id=31534#content\" rel=\"attachment wp-att-31534\"><img loading=\"lazy\" decoding=\"async\" aria-describedby=\"caption-attachment-31534\" data-attachment-id=\"31534\" data-permalink=\"https:\/\/socialdesignmagazine.com\/mag\/news\/design-news\/brazil-sa-il-design-brasiliano-e-nel-cuore-del-fuorisalone-3-9-aprile\/attachment\/ale_jordao\/#content\" data-orig-file=\"https:\/\/socialdesignmagazine.com\/mag\/wp-content\/uploads\/2017\/04\/ale_jordao.jpg\" data-orig-size=\"1000,940\" data-comments-opened=\"1\" data-image-meta=\"{&quot;aperture&quot;:&quot;0&quot;,&quot;credit&quot;:&quot;&quot;,&quot;camera&quot;:&quot;&quot;,&quot;caption&quot;:&quot;&quot;,&quot;created_timestamp&quot;:&quot;0&quot;,&quot;copyright&quot;:&quot;&quot;,&quot;focal_length&quot;:&quot;0&quot;,&quot;iso&quot;:&quot;0&quot;,&quot;shutter_speed&quot;:&quot;0&quot;,&quot;title&quot;:&quot;&quot;,&quot;orientation&quot;:&quot;0&quot;}\" data-image-title=\"ale jordao\" data-image-description=\"\" data-image-caption=\"&lt;p&gt;ale jordao&lt;\/p&gt;\n\" data-medium-file=\"https:\/\/socialdesignmagazine.com\/mag\/wp-content\/uploads\/2017\/04\/ale_jordao-438x283.jpg\" data-large-file=\"https:\/\/socialdesignmagazine.com\/mag\/wp-content\/uploads\/2017\/04\/ale_jordao.jpg\" class=\"size-full wp-image-31534\" src=\"https:\/\/socialdesignmagazine.com\/mag\/wp-content\/uploads\/2017\/04\/ale_jordao.jpg\" alt=\"ale jordao\" width=\"1000\" height=\"940\" srcset=\"https:\/\/socialdesignmagazine.com\/mag\/wp-content\/uploads\/2017\/04\/ale_jordao.jpg 1000w, https:\/\/socialdesignmagazine.com\/mag\/wp-content\/uploads\/2017\/04\/ale_jordao-768x722.jpg 768w\" sizes=\"auto, (max-width: 1000px) 100vw, 1000px\" \/><\/a><p id=\"caption-attachment-31534\" class=\"wp-caption-text\">ale jordao<\/p><\/div>\n<div id=\"attachment_31535\" style=\"width: 1010px\" class=\"wp-caption alignnone\"><a href=\"https:\/\/socialdesignmagazine.com\/mag\/?attachment_id=31535#content\" rel=\"attachment wp-att-31535\"><img loading=\"lazy\" decoding=\"async\" aria-describedby=\"caption-attachment-31535\" data-attachment-id=\"31535\" data-permalink=\"https:\/\/socialdesignmagazine.com\/mag\/news\/design-news\/brazil-sa-il-design-brasiliano-e-nel-cuore-del-fuorisalone-3-9-aprile\/attachment\/henrique_steyer\/#content\" data-orig-file=\"https:\/\/socialdesignmagazine.com\/mag\/wp-content\/uploads\/2017\/04\/henrique_steyer.jpg\" data-orig-size=\"1000,940\" data-comments-opened=\"1\" data-image-meta=\"{&quot;aperture&quot;:&quot;0&quot;,&quot;credit&quot;:&quot;&quot;,&quot;camera&quot;:&quot;&quot;,&quot;caption&quot;:&quot;&quot;,&quot;created_timestamp&quot;:&quot;0&quot;,&quot;copyright&quot;:&quot;&quot;,&quot;focal_length&quot;:&quot;0&quot;,&quot;iso&quot;:&quot;0&quot;,&quot;shutter_speed&quot;:&quot;0&quot;,&quot;title&quot;:&quot;&quot;,&quot;orientation&quot;:&quot;0&quot;}\" data-image-title=\"henrique steyer\" data-image-description=\"\" data-image-caption=\"&lt;p&gt;henrique steyer&lt;\/p&gt;\n\" data-medium-file=\"https:\/\/socialdesignmagazine.com\/mag\/wp-content\/uploads\/2017\/04\/henrique_steyer-438x283.jpg\" data-large-file=\"https:\/\/socialdesignmagazine.com\/mag\/wp-content\/uploads\/2017\/04\/henrique_steyer.jpg\" class=\"size-full wp-image-31535\" src=\"https:\/\/socialdesignmagazine.com\/mag\/wp-content\/uploads\/2017\/04\/henrique_steyer.jpg\" alt=\"henrique steyer\" width=\"1000\" height=\"940\" srcset=\"https:\/\/socialdesignmagazine.com\/mag\/wp-content\/uploads\/2017\/04\/henrique_steyer.jpg 1000w, https:\/\/socialdesignmagazine.com\/mag\/wp-content\/uploads\/2017\/04\/henrique_steyer-768x722.jpg 768w\" sizes=\"auto, (max-width: 1000px) 100vw, 1000px\" \/><\/a><p id=\"caption-attachment-31535\" class=\"wp-caption-text\">henrique steyer<\/p><\/div>\n","protected":false,"gt_translate_keys":[{"key":"rendered","format":"html"}]},"excerpt":{"rendered":"<p>Brazil S\/A porta nel cuore del Fuorisalone l\u2019identit\u00e0 pi\u00f9 vera della cultura e dell\u2019essere brasiliano attraverso la produzione Made in Brazil.<\/p>\n","protected":false,"gt_translate_keys":[{"key":"rendered","format":"html"}]},"author":851,"featured_media":31535,"comment_status":"open","ping_status":"open","sticky":false,"template":"","format":"standard","meta":{"jetpack_post_was_ever_published":false,"_jetpack_newsletter_access":"","_jetpack_dont_email_post_to_subs":false,"_jetpack_newsletter_tier_id":0,"_jetpack_memberships_contains_paywalled_content":false,"_jetpack_memberships_contains_paid_content":false,"footnotes":"","_wpscppro_dont_share_socialmedia":false,"_wpscppro_custom_social_share_image":0,"_facebook_share_type":"","_twitter_share_type":"","_linkedin_share_type":"","_pinterest_share_type":"","_linkedin_share_type_page":"","_instagram_share_type":"","_medium_share_type":"","_threads_share_type":"","_google_business_share_type":"","_selected_social_profile":[],"_wpsp_enable_custom_social_template":false,"_wpsp_social_scheduling":{"enabled":false,"datetime":null,"platforms":[],"status":"template_only","dateOption":"today","timeOption":"now","customDays":"","customHours":"","customDate":"","customTime":"","schedulingType":"absolute"},"_wpsp_active_default_template":true},"categories":[17],"tags":[5020],"class_list":["post-31533","post","type-post","status-publish","format-standard","has-post-thumbnail","hentry","category-design-news","tag-fuorisalone-2017"],"yoast_head":"<!-- This site is optimized with the Yoast SEO plugin v27.2 - https:\/\/yoast.com\/product\/yoast-seo-wordpress\/ -->\n<title>Brazil S\/A: il design brasiliano \u00e8 nel cuore del FuoriSalone - 3-9 aprile - Social Design Magazine<\/title>\n<meta name=\"description\" content=\"Brazil S\/A porta nel cuore del Fuorisalone l\u2019identit\u00e0 pi\u00f9 vera della cultura e dell\u2019essere brasiliano attraverso la produzione Made in Brazil.\" \/>\n<meta name=\"robots\" content=\"index, follow, max-snippet:-1, max-image-preview:large, max-video-preview:-1\" \/>\n<link rel=\"canonical\" href=\"https:\/\/socialdesignmagazine.com\/mag\/news\/design-news\/brazil-sa-il-design-brasiliano-e-nel-cuore-del-fuorisalone-3-9-aprile\/\" \/>\n<meta property=\"og:locale\" content=\"it_IT\" \/>\n<meta property=\"og:type\" content=\"article\" \/>\n<meta property=\"og:title\" content=\"Brazil S\/A: il design brasiliano \u00e8 nel cuore del FuoriSalone - 3-9 aprile - Social Design Magazine\" \/>\n<meta property=\"og:description\" content=\"Brazil S\/A porta nel cuore del Fuorisalone l\u2019identit\u00e0 pi\u00f9 vera della cultura e dell\u2019essere brasiliano attraverso la produzione Made in Brazil.\" \/>\n<meta property=\"og:url\" content=\"https:\/\/socialdesignmagazine.com\/mag\/news\/design-news\/brazil-sa-il-design-brasiliano-e-nel-cuore-del-fuorisalone-3-9-aprile\/\" \/>\n<meta property=\"og:site_name\" content=\"Social Design Magazine\" \/>\n<meta property=\"article:publisher\" content=\"https:\/\/www.facebook.com\/socialdesignmag\" \/>\n<meta property=\"article:published_time\" content=\"2017-04-04T10:25:18+00:00\" \/>\n<meta property=\"og:image\" content=\"https:\/\/socialdesignmagazine.com\/mag\/wp-content\/uploads\/2017\/04\/henrique_steyer.jpg\" \/>\n\t<meta property=\"og:image:width\" content=\"1000\" \/>\n\t<meta property=\"og:image:height\" content=\"940\" \/>\n\t<meta property=\"og:image:type\" content=\"image\/jpeg\" \/>\n<meta name=\"author\" content=\"brazilsa\" \/>\n<meta name=\"twitter:card\" content=\"summary_large_image\" \/>\n<meta name=\"twitter:creator\" content=\"@socialdesignmag\" \/>\n<meta name=\"twitter:site\" content=\"@socialdesignmag\" \/>\n<meta name=\"twitter:label1\" content=\"Scritto da\" \/>\n\t<meta name=\"twitter:data1\" content=\"brazilsa\" \/>\n\t<meta name=\"twitter:label2\" content=\"Tempo di lettura stimato\" \/>\n\t<meta name=\"twitter:data2\" content=\"3 minuti\" \/>\n<script type=\"application\/ld+json\" class=\"yoast-schema-graph\">{\"@context\":\"https:\/\/schema.org\",\"@graph\":[{\"@type\":\"Article\",\"@id\":\"https:\/\/socialdesignmagazine.com\/mag\/news\/design-news\/brazil-sa-il-design-brasiliano-e-nel-cuore-del-fuorisalone-3-9-aprile\/#article\",\"isPartOf\":{\"@id\":\"https:\/\/socialdesignmagazine.com\/mag\/news\/design-news\/brazil-sa-il-design-brasiliano-e-nel-cuore-del-fuorisalone-3-9-aprile\/\"},\"author\":{\"name\":\"brazilsa\",\"@id\":\"https:\/\/socialdesignmagazine.com\/mag\/#\/schema\/person\/e28123eb8f0c53a6cacfe3dbf9b5e1e8\"},\"headline\":\"Brazil S\/A: il design brasiliano \u00e8 nel cuore del FuoriSalone &#8211; 3-9 aprile\",\"datePublished\":\"2017-04-04T10:25:18+00:00\",\"mainEntityOfPage\":{\"@id\":\"https:\/\/socialdesignmagazine.com\/mag\/news\/design-news\/brazil-sa-il-design-brasiliano-e-nel-cuore-del-fuorisalone-3-9-aprile\/\"},\"wordCount\":636,\"commentCount\":0,\"publisher\":{\"@id\":\"https:\/\/socialdesignmagazine.com\/mag\/#organization\"},\"image\":{\"@id\":\"https:\/\/socialdesignmagazine.com\/mag\/news\/design-news\/brazil-sa-il-design-brasiliano-e-nel-cuore-del-fuorisalone-3-9-aprile\/#primaryimage\"},\"thumbnailUrl\":\"https:\/\/socialdesignmagazine.com\/mag\/wp-content\/uploads\/2017\/04\/henrique_steyer.jpg\",\"keywords\":[\"fuorisalone 2017\"],\"articleSection\":[\"Design News\"],\"inLanguage\":\"it-IT\",\"potentialAction\":[{\"@type\":\"CommentAction\",\"name\":\"Comment\",\"target\":[\"https:\/\/socialdesignmagazine.com\/mag\/news\/design-news\/brazil-sa-il-design-brasiliano-e-nel-cuore-del-fuorisalone-3-9-aprile\/#respond\"]}]},{\"@type\":\"WebPage\",\"@id\":\"https:\/\/socialdesignmagazine.com\/mag\/news\/design-news\/brazil-sa-il-design-brasiliano-e-nel-cuore-del-fuorisalone-3-9-aprile\/\",\"url\":\"https:\/\/socialdesignmagazine.com\/mag\/news\/design-news\/brazil-sa-il-design-brasiliano-e-nel-cuore-del-fuorisalone-3-9-aprile\/\",\"name\":\"Brazil S\/A: il design brasiliano \u00e8 nel cuore del FuoriSalone - 3-9 aprile - Social Design Magazine\",\"isPartOf\":{\"@id\":\"https:\/\/socialdesignmagazine.com\/mag\/#website\"},\"primaryImageOfPage\":{\"@id\":\"https:\/\/socialdesignmagazine.com\/mag\/news\/design-news\/brazil-sa-il-design-brasiliano-e-nel-cuore-del-fuorisalone-3-9-aprile\/#primaryimage\"},\"image\":{\"@id\":\"https:\/\/socialdesignmagazine.com\/mag\/news\/design-news\/brazil-sa-il-design-brasiliano-e-nel-cuore-del-fuorisalone-3-9-aprile\/#primaryimage\"},\"thumbnailUrl\":\"https:\/\/socialdesignmagazine.com\/mag\/wp-content\/uploads\/2017\/04\/henrique_steyer.jpg\",\"datePublished\":\"2017-04-04T10:25:18+00:00\",\"description\":\"Brazil S\/A porta nel cuore del Fuorisalone l\u2019identit\u00e0 pi\u00f9 vera della cultura e dell\u2019essere brasiliano attraverso la produzione Made in Brazil.\",\"breadcrumb\":{\"@id\":\"https:\/\/socialdesignmagazine.com\/mag\/news\/design-news\/brazil-sa-il-design-brasiliano-e-nel-cuore-del-fuorisalone-3-9-aprile\/#breadcrumb\"},\"inLanguage\":\"it-IT\",\"potentialAction\":[{\"@type\":\"ReadAction\",\"target\":[\"https:\/\/socialdesignmagazine.com\/mag\/news\/design-news\/brazil-sa-il-design-brasiliano-e-nel-cuore-del-fuorisalone-3-9-aprile\/\"]}]},{\"@type\":\"ImageObject\",\"inLanguage\":\"it-IT\",\"@id\":\"https:\/\/socialdesignmagazine.com\/mag\/news\/design-news\/brazil-sa-il-design-brasiliano-e-nel-cuore-del-fuorisalone-3-9-aprile\/#primaryimage\",\"url\":\"https:\/\/socialdesignmagazine.com\/mag\/wp-content\/uploads\/2017\/04\/henrique_steyer.jpg\",\"contentUrl\":\"https:\/\/socialdesignmagazine.com\/mag\/wp-content\/uploads\/2017\/04\/henrique_steyer.jpg\",\"width\":1000,\"height\":940,\"caption\":\"henrique steyer\"},{\"@type\":\"BreadcrumbList\",\"@id\":\"https:\/\/socialdesignmagazine.com\/mag\/news\/design-news\/brazil-sa-il-design-brasiliano-e-nel-cuore-del-fuorisalone-3-9-aprile\/#breadcrumb\",\"itemListElement\":[{\"@type\":\"ListItem\",\"position\":1,\"name\":\"Home\",\"item\":\"https:\/\/socialdesignmagazine.com\/mag\/\"},{\"@type\":\"ListItem\",\"position\":2,\"name\":\"News\",\"item\":\"https:\/\/socialdesignmagazine.com\/mag\/news\/\"},{\"@type\":\"ListItem\",\"position\":3,\"name\":\"Design News\",\"item\":\"https:\/\/socialdesignmagazine.com\/mag\/news\/design-news\/\"},{\"@type\":\"ListItem\",\"position\":4,\"name\":\"Brazil S\/A: il design brasiliano \u00e8 nel cuore del FuoriSalone &#8211; 3-9 aprile\"}]},{\"@type\":\"WebSite\",\"@id\":\"https:\/\/socialdesignmagazine.com\/mag\/#website\",\"url\":\"https:\/\/socialdesignmagazine.com\/mag\/\",\"name\":\"Social Design Magazine\",\"description\":\"Social Magazine su Design, Architettura, Arte, Grafica\",\"publisher\":{\"@id\":\"https:\/\/socialdesignmagazine.com\/mag\/#organization\"},\"potentialAction\":[{\"@type\":\"SearchAction\",\"target\":{\"@type\":\"EntryPoint\",\"urlTemplate\":\"https:\/\/socialdesignmagazine.com\/mag\/?s={search_term_string}\"},\"query-input\":{\"@type\":\"PropertyValueSpecification\",\"valueRequired\":true,\"valueName\":\"search_term_string\"}}],\"inLanguage\":\"it-IT\"},{\"@type\":\"Organization\",\"@id\":\"https:\/\/socialdesignmagazine.com\/mag\/#organization\",\"name\":\"Social Design Magazine\",\"url\":\"https:\/\/socialdesignmagazine.com\/mag\/\",\"logo\":{\"@type\":\"ImageObject\",\"inLanguage\":\"it-IT\",\"@id\":\"https:\/\/socialdesignmagazine.com\/mag\/#\/schema\/logo\/image\/\",\"url\":\"https:\/\/socialdesignmagazine.com\/mag\/wp-content\/uploads\/2017\/01\/logo_favicon_11.png\",\"contentUrl\":\"https:\/\/socialdesignmagazine.com\/mag\/wp-content\/uploads\/2017\/01\/logo_favicon_11.png\",\"width\":1024,\"height\":1024,\"caption\":\"Social Design Magazine\"},\"image\":{\"@id\":\"https:\/\/socialdesignmagazine.com\/mag\/#\/schema\/logo\/image\/\"},\"sameAs\":[\"https:\/\/www.facebook.com\/socialdesignmag\",\"https:\/\/x.com\/socialdesignmag\",\"http:\/\/instagram.com\/social_design_magazine\/\",\"http:\/\/pinterest.com\/socialdesignmag\/\",\"http:\/\/www.youtube.com\/user\/socialdesignmagazine\"]},{\"@type\":\"Person\",\"@id\":\"https:\/\/socialdesignmagazine.com\/mag\/#\/schema\/person\/e28123eb8f0c53a6cacfe3dbf9b5e1e8\",\"name\":\"brazilsa\",\"image\":{\"@type\":\"ImageObject\",\"inLanguage\":\"it-IT\",\"@id\":\"https:\/\/secure.gravatar.com\/avatar\/a60da6d741b23f6241af5712218324aa727776178efb539636dc8ee0190b086f?s=96&d=mm&r=g\",\"url\":\"https:\/\/secure.gravatar.com\/avatar\/a60da6d741b23f6241af5712218324aa727776178efb539636dc8ee0190b086f?s=96&d=mm&r=g\",\"contentUrl\":\"https:\/\/secure.gravatar.com\/avatar\/a60da6d741b23f6241af5712218324aa727776178efb539636dc8ee0190b086f?s=96&d=mm&r=g\",\"caption\":\"brazilsa\"},\"description\":\"Brazil S\/A \u00e8 l'appuntamento del Fuorisalone con il design, l'architettura, l'arredamento e l'artigianato brasiliano.\",\"sameAs\":[\"http:\/\/@BrazilsaItalia\"],\"url\":\"https:\/\/socialdesignmagazine.com\/mag\/author\/brazilsa\/\"}]}<\/script>\n<!-- \/ Yoast SEO plugin. -->","yoast_head_json":{"title":"Brazil S\/A: il design brasiliano \u00e8 nel cuore del FuoriSalone - 3-9 aprile - Social Design Magazine","description":"Brazil S\/A porta nel cuore del Fuorisalone l\u2019identit\u00e0 pi\u00f9 vera della cultura e dell\u2019essere brasiliano attraverso la produzione Made in Brazil.","robots":{"index":"index","follow":"follow","max-snippet":"max-snippet:-1","max-image-preview":"max-image-preview:large","max-video-preview":"max-video-preview:-1"},"canonical":"https:\/\/socialdesignmagazine.com\/mag\/news\/design-news\/brazil-sa-il-design-brasiliano-e-nel-cuore-del-fuorisalone-3-9-aprile\/","og_locale":"it_IT","og_type":"article","og_title":"Brazil S\/A: il design brasiliano \u00e8 nel cuore del FuoriSalone - 3-9 aprile - Social Design Magazine","og_description":"Brazil S\/A porta nel cuore del Fuorisalone l\u2019identit\u00e0 pi\u00f9 vera della cultura e dell\u2019essere brasiliano attraverso la produzione Made in Brazil.","og_url":"https:\/\/socialdesignmagazine.com\/mag\/news\/design-news\/brazil-sa-il-design-brasiliano-e-nel-cuore-del-fuorisalone-3-9-aprile\/","og_site_name":"Social Design Magazine","article_publisher":"https:\/\/www.facebook.com\/socialdesignmag","article_published_time":"2017-04-04T10:25:18+00:00","og_image":[{"width":1000,"height":940,"url":"https:\/\/socialdesignmagazine.com\/mag\/wp-content\/uploads\/2017\/04\/henrique_steyer.jpg","type":"image\/jpeg"}],"author":"brazilsa","twitter_card":"summary_large_image","twitter_creator":"@socialdesignmag","twitter_site":"@socialdesignmag","twitter_misc":{"Scritto da":"brazilsa","Tempo di lettura stimato":"3 minuti"},"schema":{"@context":"https:\/\/schema.org","@graph":[{"@type":"Article","@id":"https:\/\/socialdesignmagazine.com\/mag\/news\/design-news\/brazil-sa-il-design-brasiliano-e-nel-cuore-del-fuorisalone-3-9-aprile\/#article","isPartOf":{"@id":"https:\/\/socialdesignmagazine.com\/mag\/news\/design-news\/brazil-sa-il-design-brasiliano-e-nel-cuore-del-fuorisalone-3-9-aprile\/"},"author":{"name":"brazilsa","@id":"https:\/\/socialdesignmagazine.com\/mag\/#\/schema\/person\/e28123eb8f0c53a6cacfe3dbf9b5e1e8"},"headline":"Brazil S\/A: il design brasiliano \u00e8 nel cuore del FuoriSalone &#8211; 3-9 aprile","datePublished":"2017-04-04T10:25:18+00:00","mainEntityOfPage":{"@id":"https:\/\/socialdesignmagazine.com\/mag\/news\/design-news\/brazil-sa-il-design-brasiliano-e-nel-cuore-del-fuorisalone-3-9-aprile\/"},"wordCount":636,"commentCount":0,"publisher":{"@id":"https:\/\/socialdesignmagazine.com\/mag\/#organization"},"image":{"@id":"https:\/\/socialdesignmagazine.com\/mag\/news\/design-news\/brazil-sa-il-design-brasiliano-e-nel-cuore-del-fuorisalone-3-9-aprile\/#primaryimage"},"thumbnailUrl":"https:\/\/socialdesignmagazine.com\/mag\/wp-content\/uploads\/2017\/04\/henrique_steyer.jpg","keywords":["fuorisalone 2017"],"articleSection":["Design News"],"inLanguage":"it-IT","potentialAction":[{"@type":"CommentAction","name":"Comment","target":["https:\/\/socialdesignmagazine.com\/mag\/news\/design-news\/brazil-sa-il-design-brasiliano-e-nel-cuore-del-fuorisalone-3-9-aprile\/#respond"]}]},{"@type":"WebPage","@id":"https:\/\/socialdesignmagazine.com\/mag\/news\/design-news\/brazil-sa-il-design-brasiliano-e-nel-cuore-del-fuorisalone-3-9-aprile\/","url":"https:\/\/socialdesignmagazine.com\/mag\/news\/design-news\/brazil-sa-il-design-brasiliano-e-nel-cuore-del-fuorisalone-3-9-aprile\/","name":"Brazil S\/A: il design brasiliano \u00e8 nel cuore del FuoriSalone - 3-9 aprile - Social Design Magazine","isPartOf":{"@id":"https:\/\/socialdesignmagazine.com\/mag\/#website"},"primaryImageOfPage":{"@id":"https:\/\/socialdesignmagazine.com\/mag\/news\/design-news\/brazil-sa-il-design-brasiliano-e-nel-cuore-del-fuorisalone-3-9-aprile\/#primaryimage"},"image":{"@id":"https:\/\/socialdesignmagazine.com\/mag\/news\/design-news\/brazil-sa-il-design-brasiliano-e-nel-cuore-del-fuorisalone-3-9-aprile\/#primaryimage"},"thumbnailUrl":"https:\/\/socialdesignmagazine.com\/mag\/wp-content\/uploads\/2017\/04\/henrique_steyer.jpg","datePublished":"2017-04-04T10:25:18+00:00","description":"Brazil S\/A porta nel cuore del Fuorisalone l\u2019identit\u00e0 pi\u00f9 vera della cultura e dell\u2019essere brasiliano attraverso la produzione Made in Brazil.","breadcrumb":{"@id":"https:\/\/socialdesignmagazine.com\/mag\/news\/design-news\/brazil-sa-il-design-brasiliano-e-nel-cuore-del-fuorisalone-3-9-aprile\/#breadcrumb"},"inLanguage":"it-IT","potentialAction":[{"@type":"ReadAction","target":["https:\/\/socialdesignmagazine.com\/mag\/news\/design-news\/brazil-sa-il-design-brasiliano-e-nel-cuore-del-fuorisalone-3-9-aprile\/"]}]},{"@type":"ImageObject","inLanguage":"it-IT","@id":"https:\/\/socialdesignmagazine.com\/mag\/news\/design-news\/brazil-sa-il-design-brasiliano-e-nel-cuore-del-fuorisalone-3-9-aprile\/#primaryimage","url":"https:\/\/socialdesignmagazine.com\/mag\/wp-content\/uploads\/2017\/04\/henrique_steyer.jpg","contentUrl":"https:\/\/socialdesignmagazine.com\/mag\/wp-content\/uploads\/2017\/04\/henrique_steyer.jpg","width":1000,"height":940,"caption":"henrique steyer"},{"@type":"BreadcrumbList","@id":"https:\/\/socialdesignmagazine.com\/mag\/news\/design-news\/brazil-sa-il-design-brasiliano-e-nel-cuore-del-fuorisalone-3-9-aprile\/#breadcrumb","itemListElement":[{"@type":"ListItem","position":1,"name":"Home","item":"https:\/\/socialdesignmagazine.com\/mag\/"},{"@type":"ListItem","position":2,"name":"News","item":"https:\/\/socialdesignmagazine.com\/mag\/news\/"},{"@type":"ListItem","position":3,"name":"Design News","item":"https:\/\/socialdesignmagazine.com\/mag\/news\/design-news\/"},{"@type":"ListItem","position":4,"name":"Brazil S\/A: il design brasiliano \u00e8 nel cuore del FuoriSalone &#8211; 3-9 aprile"}]},{"@type":"WebSite","@id":"https:\/\/socialdesignmagazine.com\/mag\/#website","url":"https:\/\/socialdesignmagazine.com\/mag\/","name":"Social Design Magazine","description":"Social Magazine su Design, Architettura, Arte, Grafica","publisher":{"@id":"https:\/\/socialdesignmagazine.com\/mag\/#organization"},"potentialAction":[{"@type":"SearchAction","target":{"@type":"EntryPoint","urlTemplate":"https:\/\/socialdesignmagazine.com\/mag\/?s={search_term_string}"},"query-input":{"@type":"PropertyValueSpecification","valueRequired":true,"valueName":"search_term_string"}}],"inLanguage":"it-IT"},{"@type":"Organization","@id":"https:\/\/socialdesignmagazine.com\/mag\/#organization","name":"Social Design Magazine","url":"https:\/\/socialdesignmagazine.com\/mag\/","logo":{"@type":"ImageObject","inLanguage":"it-IT","@id":"https:\/\/socialdesignmagazine.com\/mag\/#\/schema\/logo\/image\/","url":"https:\/\/socialdesignmagazine.com\/mag\/wp-content\/uploads\/2017\/01\/logo_favicon_11.png","contentUrl":"https:\/\/socialdesignmagazine.com\/mag\/wp-content\/uploads\/2017\/01\/logo_favicon_11.png","width":1024,"height":1024,"caption":"Social Design Magazine"},"image":{"@id":"https:\/\/socialdesignmagazine.com\/mag\/#\/schema\/logo\/image\/"},"sameAs":["https:\/\/www.facebook.com\/socialdesignmag","https:\/\/x.com\/socialdesignmag","http:\/\/instagram.com\/social_design_magazine\/","http:\/\/pinterest.com\/socialdesignmag\/","http:\/\/www.youtube.com\/user\/socialdesignmagazine"]},{"@type":"Person","@id":"https:\/\/socialdesignmagazine.com\/mag\/#\/schema\/person\/e28123eb8f0c53a6cacfe3dbf9b5e1e8","name":"brazilsa","image":{"@type":"ImageObject","inLanguage":"it-IT","@id":"https:\/\/secure.gravatar.com\/avatar\/a60da6d741b23f6241af5712218324aa727776178efb539636dc8ee0190b086f?s=96&d=mm&r=g","url":"https:\/\/secure.gravatar.com\/avatar\/a60da6d741b23f6241af5712218324aa727776178efb539636dc8ee0190b086f?s=96&d=mm&r=g","contentUrl":"https:\/\/secure.gravatar.com\/avatar\/a60da6d741b23f6241af5712218324aa727776178efb539636dc8ee0190b086f?s=96&d=mm&r=g","caption":"brazilsa"},"description":"Brazil S\/A \u00e8 l'appuntamento del Fuorisalone con il design, l'architettura, l'arredamento e l'artigianato brasiliano.","sameAs":["http:\/\/@BrazilsaItalia"],"url":"https:\/\/socialdesignmagazine.com\/mag\/author\/brazilsa\/"}]}},"jetpack_featured_media_url":"https:\/\/socialdesignmagazine.com\/mag\/wp-content\/uploads\/2017\/04\/henrique_steyer.jpg","jetpack_sharing_enabled":true,"jetpack_shortlink":"https:\/\/wp.me\/p6cV7V-8cB","gt_translate_keys":[{"key":"link","format":"url"}],"_links":{"self":[{"href":"https:\/\/socialdesignmagazine.com\/mag\/wp-json\/wp\/v2\/posts\/31533","targetHints":{"allow":["GET"]}}],"collection":[{"href":"https:\/\/socialdesignmagazine.com\/mag\/wp-json\/wp\/v2\/posts"}],"about":[{"href":"https:\/\/socialdesignmagazine.com\/mag\/wp-json\/wp\/v2\/types\/post"}],"author":[{"embeddable":true,"href":"https:\/\/socialdesignmagazine.com\/mag\/wp-json\/wp\/v2\/users\/851"}],"replies":[{"embeddable":true,"href":"https:\/\/socialdesignmagazine.com\/mag\/wp-json\/wp\/v2\/comments?post=31533"}],"version-history":[{"count":2,"href":"https:\/\/socialdesignmagazine.com\/mag\/wp-json\/wp\/v2\/posts\/31533\/revisions"}],"predecessor-version":[{"id":31550,"href":"https:\/\/socialdesignmagazine.com\/mag\/wp-json\/wp\/v2\/posts\/31533\/revisions\/31550"}],"wp:featuredmedia":[{"embeddable":true,"href":"https:\/\/socialdesignmagazine.com\/mag\/wp-json\/wp\/v2\/media\/31535"}],"wp:attachment":[{"href":"https:\/\/socialdesignmagazine.com\/mag\/wp-json\/wp\/v2\/media?parent=31533"}],"wp:term":[{"taxonomy":"category","embeddable":true,"href":"https:\/\/socialdesignmagazine.com\/mag\/wp-json\/wp\/v2\/categories?post=31533"},{"taxonomy":"post_tag","embeddable":true,"href":"https:\/\/socialdesignmagazine.com\/mag\/wp-json\/wp\/v2\/tags?post=31533"}],"curies":[{"name":"wp","href":"https:\/\/api.w.org\/{rel}","templated":true}]}}