{"id":3196,"date":"2014-07-18T13:00:00","date_gmt":"2014-07-18T11:00:00","guid":{"rendered":"https:\/\/socialdesignmagazine.com\/mag\/s7-grafica\/c36-grafica\/lonline-marketing-ha-una-nuova-veste-per-optimized-group\/"},"modified":"2025-03-26T20:01:06","modified_gmt":"2025-03-26T19:01:06","slug":"lonline-marketing-ha-una-nuova-veste-per-optimized-group","status":"publish","type":"post","link":"https:\/\/socialdesignmagazine.com\/mag\/grafica\/lonline-marketing-ha-una-nuova-veste-per-optimized-group\/","title":{"rendered":"L\u2019online marketing ha una nuova veste per Optimized Group","gt_translate_keys":[{"key":"rendered","format":"text"}]},"content":{"rendered":"\n<h2 class=\"wp-block-heading\">L\u2019<strong>online marketing<\/strong>&nbsp;\u00e8 il futuro, ma \u00e8 gi\u00e0 presente:<\/h2>\n\n\n\n<p>se \u00e8 vero che non tutte le PMI italiane sono ancora allineate a livello di strategia web, \u00e8 anche un dato di fatto che mettersi al pari con le aziende internazionali dal punto di vista&nbsp;<strong>SEO, SEM, Social Media e Digital PR<\/strong>&nbsp;\u00e8 una necessit\u00e0 immediata per chi vuole performare al meglio nelle&nbsp;<a class=\"jcepopup\" href=\"http:\/\/it.wikipedia.org\/wiki\/Search_engine_results_page\" target=\"_blank\" rel=\"nofollow noopener\">SERP<\/a>.<\/p>\n\n\n\n<p>Ma non bisogna pensare che queste attivit\u00e0 siano freddi e meri tecnicismi da \u201csmanettoni\u201d n\u00e9 tantomeno pratiche di magia nera digitale: si tratta s\u00ec di competenze tecniche, ma anche la creativit\u00e0 e la passione vi giocano un ruolo fondamentale. Lo sa bene&nbsp;<a class=\"jcepopup\" href=\"http:\/\/www.optimizedgroup.it\/\" target=\"_blank\" rel=\"nofollow noopener\">Optimized Group<\/a>, <strong>giovane agenzia web milanese<\/strong>, ma con il cuore svedese.<\/p>\n\n\n\n<p>La <em>nuova veste grafica del sito aziendale<\/em>, appena rimesso online, \u00e8 una testimonianza di come la capacit\u00e0 tecnologica possa fondersi facilmente con l\u2019entusiasmo di un team giovane \u2013 giovanissimo, l\u2019et\u00e0 media \u00e8 29 anni \u2013 e con skills che richiamano ad altri ambiti, lontani apparentemente anni luce dall\u2019universo numerico del web: <em>il design, l\u2019arte, la moda, la letteratura, la fotografia, la disciplina militare, la musica, si mescolano in un patchwork di interesse e attitudini <\/em>che garantiscono un servizio appassionato e diligente\u2026 a 360\u00b0.<\/p>\n\n\n<div class=\"wp-block-image\">\n<figure class=\"aligncenter\"><img loading=\"lazy\" decoding=\"async\" width=\"720\" height=\"334\" data-attachment-id=\"18640\" data-permalink=\"https:\/\/socialdesignmagazine.com\/mag\/grafica\/lonline-marketing-ha-una-nuova-veste-per-optimized-group\/attachment\/agenzia-seo-e-web-marketing-agency-a-milano-posizionamento-seo-social-design-magazine-2\/#content\" data-orig-file=\"https:\/\/socialdesignmagazine.com\/mag\/wp-content\/uploads\/2014\/07\/users_Grace_creative_Agenzia-SEO-e-Web-Marketing-Agency-a-Milano-Posizionamento-SEO-social_design_magazine-2.jpg\" data-orig-size=\"720,334\" data-comments-opened=\"1\" data-image-meta=\"{&quot;aperture&quot;:&quot;0&quot;,&quot;credit&quot;:&quot;&quot;,&quot;camera&quot;:&quot;&quot;,&quot;caption&quot;:&quot;&quot;,&quot;created_timestamp&quot;:&quot;0&quot;,&quot;copyright&quot;:&quot;&quot;,&quot;focal_length&quot;:&quot;0&quot;,&quot;iso&quot;:&quot;0&quot;,&quot;shutter_speed&quot;:&quot;0&quot;,&quot;title&quot;:&quot;&quot;,&quot;orientation&quot;:&quot;0&quot;}\" data-image-title=\"Agenzia-SEO-e-Web-Marketing-Agency-a-Milano-Posizionamento-SEO-social design magazine-2\" data-image-description=\"\" data-image-caption=\"\" data-medium-file=\"https:\/\/socialdesignmagazine.com\/mag\/wp-content\/uploads\/2014\/07\/users_Grace_creative_Agenzia-SEO-e-Web-Marketing-Agency-a-Milano-Posizionamento-SEO-social_design_magazine-2-396x256.jpg\" data-large-file=\"https:\/\/socialdesignmagazine.com\/mag\/wp-content\/uploads\/2014\/07\/users_Grace_creative_Agenzia-SEO-e-Web-Marketing-Agency-a-Milano-Posizionamento-SEO-social_design_magazine-2.jpg\" src=\"https:\/\/socialdesignmagazine.com\/mag\/wp-content\/uploads\/2014\/07\/users_Grace_creative_Agenzia-SEO-e-Web-Marketing-Agency-a-Milano-Posizionamento-SEO-social_design_magazine-2.jpg\" alt=\"Agenzia-SEO-e-Web-Marketing-Agency-a-Milano-Posizionamento-SEO-social design magazine-2\" class=\"wp-image-18640\"\/><\/figure>\n<\/div>\n\n\n<p>Gli elementi grafici del sito diventano simboli: \u201c<em>Il cerchio rappresenta unione, compiutezza , perfezione e la circolarit\u00e0 della fiducia tra il nostro board, il team e i clienti<\/em> \u2013 spiega <strong>Alberto Dal Santo, SEO Manager di Optimized Group<\/strong> \u2013 <em>inoltre, abbiamo voluto giocare anche sui colori: ogni divisione dell\u2019agenzia, e quindi ogni membro dello staff, \u00e8 associato a un colore diverso, che rappresenta la personalit\u00e0 e il ruolo di chi lo utilizza<\/em>\u201d.<\/p>\n\n\n\n<p>Il sito comprende anche <span style=\"text-decoration: underline;\">infografiche d\u2019impatto<\/span>, utilizzando appunto un tool di comunicazione attuale e immediato: a met\u00e0 tra la seriet\u00e0 e il sorriso, ci informano sia che il traffico organico generato si attesta sul 45%, ma anche che la media dei caff\u00e8 consumati dall\u2019intero staff nel corso di una giornata mediamente stressante \u00e8 di 36 tazzine totali! A livello grafico, il progetto \u00e8 stato curato dal senior designer Alessandro Barbieri.<\/p>\n\n\n<div class=\"wp-block-image\">\n<figure class=\"aligncenter\"><img loading=\"lazy\" decoding=\"async\" width=\"720\" height=\"310\" data-attachment-id=\"18641\" data-permalink=\"https:\/\/socialdesignmagazine.com\/mag\/grafica\/lonline-marketing-ha-una-nuova-veste-per-optimized-group\/attachment\/agenzia-seo-e-web-marketing-agency-a-milano-posizionamento-seo-social-design-magazine-4\/#content\" data-orig-file=\"https:\/\/socialdesignmagazine.com\/mag\/wp-content\/uploads\/2014\/07\/users_Grace_creative_Agenzia-SEO-e-Web-Marketing-Agency-a-Milano-Posizionamento-SEO-social_design_magazine-4.jpg\" data-orig-size=\"720,310\" data-comments-opened=\"1\" data-image-meta=\"{&quot;aperture&quot;:&quot;0&quot;,&quot;credit&quot;:&quot;&quot;,&quot;camera&quot;:&quot;&quot;,&quot;caption&quot;:&quot;&quot;,&quot;created_timestamp&quot;:&quot;0&quot;,&quot;copyright&quot;:&quot;&quot;,&quot;focal_length&quot;:&quot;0&quot;,&quot;iso&quot;:&quot;0&quot;,&quot;shutter_speed&quot;:&quot;0&quot;,&quot;title&quot;:&quot;&quot;,&quot;orientation&quot;:&quot;0&quot;}\" data-image-title=\"Agenzia-SEO-e-Web-Marketing-Agency-a-Milano-Posizionamento-SEO-social design magazine-4\" data-image-description=\"\" data-image-caption=\"\" data-medium-file=\"https:\/\/socialdesignmagazine.com\/mag\/wp-content\/uploads\/2014\/07\/users_Grace_creative_Agenzia-SEO-e-Web-Marketing-Agency-a-Milano-Posizionamento-SEO-social_design_magazine-4-396x256.jpg\" data-large-file=\"https:\/\/socialdesignmagazine.com\/mag\/wp-content\/uploads\/2014\/07\/users_Grace_creative_Agenzia-SEO-e-Web-Marketing-Agency-a-Milano-Posizionamento-SEO-social_design_magazine-4.jpg\" src=\"https:\/\/socialdesignmagazine.com\/mag\/wp-content\/uploads\/2014\/07\/users_Grace_creative_Agenzia-SEO-e-Web-Marketing-Agency-a-Milano-Posizionamento-SEO-social_design_magazine-4.jpg\" alt=\"Agenzia-SEO-e-Web-Marketing-Agency-a-Milano-Posizionamento-SEO-social design magazine-4\" class=\"wp-image-18641\"\/><\/figure>\n<\/div>","protected":false,"gt_translate_keys":[{"key":"rendered","format":"html"}]},"excerpt":{"rendered":"<p>L\u2019online marketing\u00a0\u00e8 il futuro, ma \u00e8 gi\u00e0 presente<\/p>\n","protected":false,"gt_translate_keys":[{"key":"rendered","format":"html"}]},"author":134,"featured_media":18639,"comment_status":"open","ping_status":"open","sticky":false,"template":"","format":"standard","meta":{"jetpack_post_was_ever_published":false,"_jetpack_newsletter_access":"","_jetpack_dont_email_post_to_subs":false,"_jetpack_newsletter_tier_id":0,"_jetpack_memberships_contains_paywalled_content":false,"_jetpack_memberships_contains_paid_content":false,"footnotes":"","_wpscppro_dont_share_socialmedia":false,"_wpscppro_custom_social_share_image":0,"_facebook_share_type":"","_twitter_share_type":"","_linkedin_share_type":"","_pinterest_share_type":"","_linkedin_share_type_page":"","_instagram_share_type":"","_medium_share_type":"","_threads_share_type":"","_google_business_share_type":"","_selected_social_profile":[],"_wpsp_enable_custom_social_template":false,"_wpsp_social_scheduling":{"enabled":false,"datetime":null,"platforms":[],"status":"template_only","dateOption":"today","timeOption":"now","customDays":"","customHours":"","customDate":"","customTime":"","schedulingType":"absolute"},"_wpsp_active_default_template":true},"categories":[14],"tags":[3674],"class_list":["post-3196","post","type-post","status-publish","format-standard","has-post-thumbnail","hentry","category-grafica","tag-website"],"yoast_head":"<!-- This site is optimized with the Yoast SEO plugin v27.2 - https:\/\/yoast.com\/product\/yoast-seo-wordpress\/ -->\n<title>L\u2019online marketing ha una nuova veste per Optimized Group - Social Design Magazine<\/title>\n<meta name=\"description\" content=\"La web agency milanese Optimized Group, specializzata in online marketing, lancia la nuova release grafica del proprio sito, con un profondo simbolismo etico-estetico.\" \/>\n<meta name=\"robots\" content=\"index, follow, max-snippet:-1, max-image-preview:large, max-video-preview:-1\" \/>\n<link rel=\"canonical\" href=\"https:\/\/socialdesignmagazine.com\/mag\/grafica\/lonline-marketing-ha-una-nuova-veste-per-optimized-group\/\" \/>\n<meta property=\"og:locale\" content=\"it_IT\" \/>\n<meta property=\"og:type\" content=\"article\" \/>\n<meta property=\"og:title\" content=\"L\u2019online marketing ha una nuova veste per Optimized Group - Social Design Magazine\" \/>\n<meta property=\"og:description\" content=\"La web agency milanese Optimized Group, specializzata in online marketing, lancia la nuova release grafica del proprio sito, con un profondo simbolismo etico-estetico.\" \/>\n<meta property=\"og:url\" content=\"http:\/\/socialdesignmagazine.com\/mag\/grafica\/lonline-marketing-ha-una-nuova-veste-per-optimized-group\/\" \/>\n<meta property=\"og:site_name\" content=\"Social Design Magazine\" \/>\n<meta property=\"article:publisher\" content=\"https:\/\/www.facebook.com\/socialdesignmag\" \/>\n<meta property=\"article:published_time\" content=\"2014-07-18T11:00:00+00:00\" \/>\n<meta property=\"article:modified_time\" content=\"2025-03-26T19:01:06+00:00\" \/>\n<meta property=\"og:image\" content=\"https:\/\/socialdesignmagazine.com\/mag\/wp-content\/uploads\/2014\/07\/users_Grace_creative_Agenzia-SEO-e-Web-Marketing-Agency-a-Milano-Posizionamento-SEO-social_design_magazine-3.jpg\" \/>\n\t<meta property=\"og:image:width\" content=\"720\" \/>\n\t<meta property=\"og:image:height\" content=\"573\" \/>\n\t<meta property=\"og:image:type\" content=\"image\/jpeg\" \/>\n<meta name=\"author\" content=\"Greta Lomaestro\" \/>\n<meta name=\"twitter:card\" content=\"summary_large_image\" \/>\n<meta name=\"twitter:creator\" content=\"@socialdesignmag\" \/>\n<meta name=\"twitter:site\" content=\"@socialdesignmag\" \/>\n<meta name=\"twitter:label1\" content=\"Scritto da\" \/>\n\t<meta name=\"twitter:data1\" content=\"Greta Lomaestro\" \/>\n\t<meta name=\"twitter:label2\" content=\"Tempo di lettura stimato\" \/>\n\t<meta name=\"twitter:data2\" content=\"3 minuti\" \/>\n<script type=\"application\/ld+json\" class=\"yoast-schema-graph\">{\"@context\":\"https:\/\/schema.org\",\"@graph\":[{\"@type\":\"Article\",\"@id\":\"https:\/\/socialdesignmagazine.com\/mag\/grafica\/lonline-marketing-ha-una-nuova-veste-per-optimized-group\/#article\",\"isPartOf\":{\"@id\":\"https:\/\/socialdesignmagazine.com\/mag\/grafica\/lonline-marketing-ha-una-nuova-veste-per-optimized-group\/\"},\"author\":{\"name\":\"Greta Lomaestro\",\"@id\":\"https:\/\/socialdesignmagazine.com\/mag\/#\/schema\/person\/c5f5ff1f4b5f4b52fce8387f6faad275\"},\"headline\":\"L\u2019online marketing ha una nuova veste per Optimized Group\",\"datePublished\":\"2014-07-18T11:00:00+00:00\",\"dateModified\":\"2025-03-26T19:01:06+00:00\",\"mainEntityOfPage\":{\"@id\":\"https:\/\/socialdesignmagazine.com\/mag\/grafica\/lonline-marketing-ha-una-nuova-veste-per-optimized-group\/\"},\"wordCount\":345,\"commentCount\":0,\"publisher\":{\"@id\":\"https:\/\/socialdesignmagazine.com\/mag\/#organization\"},\"image\":{\"@id\":\"https:\/\/socialdesignmagazine.com\/mag\/grafica\/lonline-marketing-ha-una-nuova-veste-per-optimized-group\/#primaryimage\"},\"thumbnailUrl\":\"https:\/\/socialdesignmagazine.com\/mag\/wp-content\/uploads\/2014\/07\/users_Grace_creative_Agenzia-SEO-e-Web-Marketing-Agency-a-Milano-Posizionamento-SEO-social_design_magazine-3.jpg\",\"keywords\":[\"website\"],\"articleSection\":[\"Grafica\"],\"inLanguage\":\"it-IT\",\"potentialAction\":[{\"@type\":\"CommentAction\",\"name\":\"Comment\",\"target\":[\"https:\/\/socialdesignmagazine.com\/mag\/grafica\/lonline-marketing-ha-una-nuova-veste-per-optimized-group\/#respond\"]}]},{\"@type\":\"WebPage\",\"@id\":\"https:\/\/socialdesignmagazine.com\/mag\/grafica\/lonline-marketing-ha-una-nuova-veste-per-optimized-group\/\",\"url\":\"https:\/\/socialdesignmagazine.com\/mag\/grafica\/lonline-marketing-ha-una-nuova-veste-per-optimized-group\/\",\"name\":\"L\u2019online marketing ha una nuova veste per Optimized Group - Social Design Magazine\",\"isPartOf\":{\"@id\":\"https:\/\/socialdesignmagazine.com\/mag\/#website\"},\"primaryImageOfPage\":{\"@id\":\"https:\/\/socialdesignmagazine.com\/mag\/grafica\/lonline-marketing-ha-una-nuova-veste-per-optimized-group\/#primaryimage\"},\"image\":{\"@id\":\"https:\/\/socialdesignmagazine.com\/mag\/grafica\/lonline-marketing-ha-una-nuova-veste-per-optimized-group\/#primaryimage\"},\"thumbnailUrl\":\"https:\/\/socialdesignmagazine.com\/mag\/wp-content\/uploads\/2014\/07\/users_Grace_creative_Agenzia-SEO-e-Web-Marketing-Agency-a-Milano-Posizionamento-SEO-social_design_magazine-3.jpg\",\"datePublished\":\"2014-07-18T11:00:00+00:00\",\"dateModified\":\"2025-03-26T19:01:06+00:00\",\"description\":\"La web agency milanese Optimized Group, specializzata in online marketing, lancia la nuova release grafica del proprio sito, con un profondo simbolismo etico-estetico.\",\"breadcrumb\":{\"@id\":\"https:\/\/socialdesignmagazine.com\/mag\/grafica\/lonline-marketing-ha-una-nuova-veste-per-optimized-group\/#breadcrumb\"},\"inLanguage\":\"it-IT\",\"potentialAction\":[{\"@type\":\"ReadAction\",\"target\":[\"https:\/\/socialdesignmagazine.com\/mag\/grafica\/lonline-marketing-ha-una-nuova-veste-per-optimized-group\/\"]}]},{\"@type\":\"ImageObject\",\"inLanguage\":\"it-IT\",\"@id\":\"https:\/\/socialdesignmagazine.com\/mag\/grafica\/lonline-marketing-ha-una-nuova-veste-per-optimized-group\/#primaryimage\",\"url\":\"https:\/\/socialdesignmagazine.com\/mag\/wp-content\/uploads\/2014\/07\/users_Grace_creative_Agenzia-SEO-e-Web-Marketing-Agency-a-Milano-Posizionamento-SEO-social_design_magazine-3.jpg\",\"contentUrl\":\"https:\/\/socialdesignmagazine.com\/mag\/wp-content\/uploads\/2014\/07\/users_Grace_creative_Agenzia-SEO-e-Web-Marketing-Agency-a-Milano-Posizionamento-SEO-social_design_magazine-3.jpg\",\"width\":720,\"height\":573,\"caption\":\"Agenzia-SEO-e-Web-Marketing-Agency-a-Milano-Posizionamento-SEO-social design magazine-3\"},{\"@type\":\"BreadcrumbList\",\"@id\":\"https:\/\/socialdesignmagazine.com\/mag\/grafica\/lonline-marketing-ha-una-nuova-veste-per-optimized-group\/#breadcrumb\",\"itemListElement\":[{\"@type\":\"ListItem\",\"position\":1,\"name\":\"Home\",\"item\":\"https:\/\/socialdesignmagazine.com\/mag\/\"},{\"@type\":\"ListItem\",\"position\":2,\"name\":\"Grafica\",\"item\":\"https:\/\/socialdesignmagazine.com\/mag\/grafica\/\"},{\"@type\":\"ListItem\",\"position\":3,\"name\":\"L\u2019online marketing ha una nuova veste per Optimized Group\"}]},{\"@type\":\"WebSite\",\"@id\":\"https:\/\/socialdesignmagazine.com\/mag\/#website\",\"url\":\"https:\/\/socialdesignmagazine.com\/mag\/\",\"name\":\"Social Design Magazine\",\"description\":\"Social Magazine su Design, Architettura, Arte, Grafica\",\"publisher\":{\"@id\":\"https:\/\/socialdesignmagazine.com\/mag\/#organization\"},\"potentialAction\":[{\"@type\":\"SearchAction\",\"target\":{\"@type\":\"EntryPoint\",\"urlTemplate\":\"https:\/\/socialdesignmagazine.com\/mag\/?s={search_term_string}\"},\"query-input\":{\"@type\":\"PropertyValueSpecification\",\"valueRequired\":true,\"valueName\":\"search_term_string\"}}],\"inLanguage\":\"it-IT\"},{\"@type\":\"Organization\",\"@id\":\"https:\/\/socialdesignmagazine.com\/mag\/#organization\",\"name\":\"Social Design Magazine\",\"url\":\"https:\/\/socialdesignmagazine.com\/mag\/\",\"logo\":{\"@type\":\"ImageObject\",\"inLanguage\":\"it-IT\",\"@id\":\"https:\/\/socialdesignmagazine.com\/mag\/#\/schema\/logo\/image\/\",\"url\":\"https:\/\/socialdesignmagazine.com\/mag\/wp-content\/uploads\/2017\/01\/logo_favicon_11.png\",\"contentUrl\":\"https:\/\/socialdesignmagazine.com\/mag\/wp-content\/uploads\/2017\/01\/logo_favicon_11.png\",\"width\":1024,\"height\":1024,\"caption\":\"Social Design Magazine\"},\"image\":{\"@id\":\"https:\/\/socialdesignmagazine.com\/mag\/#\/schema\/logo\/image\/\"},\"sameAs\":[\"https:\/\/www.facebook.com\/socialdesignmag\",\"https:\/\/x.com\/socialdesignmag\",\"http:\/\/instagram.com\/social_design_magazine\/\",\"http:\/\/pinterest.com\/socialdesignmag\/\",\"http:\/\/www.youtube.com\/user\/socialdesignmagazine\"]},{\"@type\":\"Person\",\"@id\":\"https:\/\/socialdesignmagazine.com\/mag\/#\/schema\/person\/c5f5ff1f4b5f4b52fce8387f6faad275\",\"name\":\"Greta Lomaestro\",\"image\":{\"@type\":\"ImageObject\",\"inLanguage\":\"it-IT\",\"@id\":\"https:\/\/secure.gravatar.com\/avatar\/193c56d74eb5580161c9c4ec9c521b4d2ac58876db87d006cf0c1a838d4c4bfd?s=96&d=mm&r=g\",\"url\":\"https:\/\/secure.gravatar.com\/avatar\/193c56d74eb5580161c9c4ec9c521b4d2ac58876db87d006cf0c1a838d4c4bfd?s=96&d=mm&r=g\",\"contentUrl\":\"https:\/\/secure.gravatar.com\/avatar\/193c56d74eb5580161c9c4ec9c521b4d2ac58876db87d006cf0c1a838d4c4bfd?s=96&d=mm&r=g\",\"caption\":\"Greta Lomaestro\"},\"url\":\"https:\/\/socialdesignmagazine.com\/mag\/author\/grace_creative\/\"}]}<\/script>\n<!-- \/ Yoast SEO plugin. -->","yoast_head_json":{"title":"L\u2019online marketing ha una nuova veste per Optimized Group - Social Design Magazine","description":"La web agency milanese Optimized Group, specializzata in online marketing, lancia la nuova release grafica del proprio sito, con un profondo simbolismo etico-estetico.","robots":{"index":"index","follow":"follow","max-snippet":"max-snippet:-1","max-image-preview":"max-image-preview:large","max-video-preview":"max-video-preview:-1"},"canonical":"https:\/\/socialdesignmagazine.com\/mag\/grafica\/lonline-marketing-ha-una-nuova-veste-per-optimized-group\/","og_locale":"it_IT","og_type":"article","og_title":"L\u2019online marketing ha una nuova veste per Optimized Group - Social Design Magazine","og_description":"La web agency milanese Optimized Group, specializzata in online marketing, lancia la nuova release grafica del proprio sito, con un profondo simbolismo etico-estetico.","og_url":"http:\/\/socialdesignmagazine.com\/mag\/grafica\/lonline-marketing-ha-una-nuova-veste-per-optimized-group\/","og_site_name":"Social Design Magazine","article_publisher":"https:\/\/www.facebook.com\/socialdesignmag","article_published_time":"2014-07-18T11:00:00+00:00","article_modified_time":"2025-03-26T19:01:06+00:00","og_image":[{"width":720,"height":573,"url":"https:\/\/socialdesignmagazine.com\/mag\/wp-content\/uploads\/2014\/07\/users_Grace_creative_Agenzia-SEO-e-Web-Marketing-Agency-a-Milano-Posizionamento-SEO-social_design_magazine-3.jpg","type":"image\/jpeg"}],"author":"Greta Lomaestro","twitter_card":"summary_large_image","twitter_creator":"@socialdesignmag","twitter_site":"@socialdesignmag","twitter_misc":{"Scritto da":"Greta Lomaestro","Tempo di lettura stimato":"3 minuti"},"schema":{"@context":"https:\/\/schema.org","@graph":[{"@type":"Article","@id":"https:\/\/socialdesignmagazine.com\/mag\/grafica\/lonline-marketing-ha-una-nuova-veste-per-optimized-group\/#article","isPartOf":{"@id":"https:\/\/socialdesignmagazine.com\/mag\/grafica\/lonline-marketing-ha-una-nuova-veste-per-optimized-group\/"},"author":{"name":"Greta Lomaestro","@id":"https:\/\/socialdesignmagazine.com\/mag\/#\/schema\/person\/c5f5ff1f4b5f4b52fce8387f6faad275"},"headline":"L\u2019online marketing ha una nuova veste per Optimized Group","datePublished":"2014-07-18T11:00:00+00:00","dateModified":"2025-03-26T19:01:06+00:00","mainEntityOfPage":{"@id":"https:\/\/socialdesignmagazine.com\/mag\/grafica\/lonline-marketing-ha-una-nuova-veste-per-optimized-group\/"},"wordCount":345,"commentCount":0,"publisher":{"@id":"https:\/\/socialdesignmagazine.com\/mag\/#organization"},"image":{"@id":"https:\/\/socialdesignmagazine.com\/mag\/grafica\/lonline-marketing-ha-una-nuova-veste-per-optimized-group\/#primaryimage"},"thumbnailUrl":"https:\/\/socialdesignmagazine.com\/mag\/wp-content\/uploads\/2014\/07\/users_Grace_creative_Agenzia-SEO-e-Web-Marketing-Agency-a-Milano-Posizionamento-SEO-social_design_magazine-3.jpg","keywords":["website"],"articleSection":["Grafica"],"inLanguage":"it-IT","potentialAction":[{"@type":"CommentAction","name":"Comment","target":["https:\/\/socialdesignmagazine.com\/mag\/grafica\/lonline-marketing-ha-una-nuova-veste-per-optimized-group\/#respond"]}]},{"@type":"WebPage","@id":"https:\/\/socialdesignmagazine.com\/mag\/grafica\/lonline-marketing-ha-una-nuova-veste-per-optimized-group\/","url":"https:\/\/socialdesignmagazine.com\/mag\/grafica\/lonline-marketing-ha-una-nuova-veste-per-optimized-group\/","name":"L\u2019online marketing ha una nuova veste per Optimized Group - Social Design Magazine","isPartOf":{"@id":"https:\/\/socialdesignmagazine.com\/mag\/#website"},"primaryImageOfPage":{"@id":"https:\/\/socialdesignmagazine.com\/mag\/grafica\/lonline-marketing-ha-una-nuova-veste-per-optimized-group\/#primaryimage"},"image":{"@id":"https:\/\/socialdesignmagazine.com\/mag\/grafica\/lonline-marketing-ha-una-nuova-veste-per-optimized-group\/#primaryimage"},"thumbnailUrl":"https:\/\/socialdesignmagazine.com\/mag\/wp-content\/uploads\/2014\/07\/users_Grace_creative_Agenzia-SEO-e-Web-Marketing-Agency-a-Milano-Posizionamento-SEO-social_design_magazine-3.jpg","datePublished":"2014-07-18T11:00:00+00:00","dateModified":"2025-03-26T19:01:06+00:00","description":"La web agency milanese Optimized Group, specializzata in online marketing, lancia la nuova release grafica del proprio sito, con un profondo simbolismo etico-estetico.","breadcrumb":{"@id":"https:\/\/socialdesignmagazine.com\/mag\/grafica\/lonline-marketing-ha-una-nuova-veste-per-optimized-group\/#breadcrumb"},"inLanguage":"it-IT","potentialAction":[{"@type":"ReadAction","target":["https:\/\/socialdesignmagazine.com\/mag\/grafica\/lonline-marketing-ha-una-nuova-veste-per-optimized-group\/"]}]},{"@type":"ImageObject","inLanguage":"it-IT","@id":"https:\/\/socialdesignmagazine.com\/mag\/grafica\/lonline-marketing-ha-una-nuova-veste-per-optimized-group\/#primaryimage","url":"https:\/\/socialdesignmagazine.com\/mag\/wp-content\/uploads\/2014\/07\/users_Grace_creative_Agenzia-SEO-e-Web-Marketing-Agency-a-Milano-Posizionamento-SEO-social_design_magazine-3.jpg","contentUrl":"https:\/\/socialdesignmagazine.com\/mag\/wp-content\/uploads\/2014\/07\/users_Grace_creative_Agenzia-SEO-e-Web-Marketing-Agency-a-Milano-Posizionamento-SEO-social_design_magazine-3.jpg","width":720,"height":573,"caption":"Agenzia-SEO-e-Web-Marketing-Agency-a-Milano-Posizionamento-SEO-social design magazine-3"},{"@type":"BreadcrumbList","@id":"https:\/\/socialdesignmagazine.com\/mag\/grafica\/lonline-marketing-ha-una-nuova-veste-per-optimized-group\/#breadcrumb","itemListElement":[{"@type":"ListItem","position":1,"name":"Home","item":"https:\/\/socialdesignmagazine.com\/mag\/"},{"@type":"ListItem","position":2,"name":"Grafica","item":"https:\/\/socialdesignmagazine.com\/mag\/grafica\/"},{"@type":"ListItem","position":3,"name":"L\u2019online marketing ha una nuova veste per Optimized Group"}]},{"@type":"WebSite","@id":"https:\/\/socialdesignmagazine.com\/mag\/#website","url":"https:\/\/socialdesignmagazine.com\/mag\/","name":"Social Design Magazine","description":"Social Magazine su Design, Architettura, Arte, Grafica","publisher":{"@id":"https:\/\/socialdesignmagazine.com\/mag\/#organization"},"potentialAction":[{"@type":"SearchAction","target":{"@type":"EntryPoint","urlTemplate":"https:\/\/socialdesignmagazine.com\/mag\/?s={search_term_string}"},"query-input":{"@type":"PropertyValueSpecification","valueRequired":true,"valueName":"search_term_string"}}],"inLanguage":"it-IT"},{"@type":"Organization","@id":"https:\/\/socialdesignmagazine.com\/mag\/#organization","name":"Social Design Magazine","url":"https:\/\/socialdesignmagazine.com\/mag\/","logo":{"@type":"ImageObject","inLanguage":"it-IT","@id":"https:\/\/socialdesignmagazine.com\/mag\/#\/schema\/logo\/image\/","url":"https:\/\/socialdesignmagazine.com\/mag\/wp-content\/uploads\/2017\/01\/logo_favicon_11.png","contentUrl":"https:\/\/socialdesignmagazine.com\/mag\/wp-content\/uploads\/2017\/01\/logo_favicon_11.png","width":1024,"height":1024,"caption":"Social Design Magazine"},"image":{"@id":"https:\/\/socialdesignmagazine.com\/mag\/#\/schema\/logo\/image\/"},"sameAs":["https:\/\/www.facebook.com\/socialdesignmag","https:\/\/x.com\/socialdesignmag","http:\/\/instagram.com\/social_design_magazine\/","http:\/\/pinterest.com\/socialdesignmag\/","http:\/\/www.youtube.com\/user\/socialdesignmagazine"]},{"@type":"Person","@id":"https:\/\/socialdesignmagazine.com\/mag\/#\/schema\/person\/c5f5ff1f4b5f4b52fce8387f6faad275","name":"Greta Lomaestro","image":{"@type":"ImageObject","inLanguage":"it-IT","@id":"https:\/\/secure.gravatar.com\/avatar\/193c56d74eb5580161c9c4ec9c521b4d2ac58876db87d006cf0c1a838d4c4bfd?s=96&d=mm&r=g","url":"https:\/\/secure.gravatar.com\/avatar\/193c56d74eb5580161c9c4ec9c521b4d2ac58876db87d006cf0c1a838d4c4bfd?s=96&d=mm&r=g","contentUrl":"https:\/\/secure.gravatar.com\/avatar\/193c56d74eb5580161c9c4ec9c521b4d2ac58876db87d006cf0c1a838d4c4bfd?s=96&d=mm&r=g","caption":"Greta Lomaestro"},"url":"https:\/\/socialdesignmagazine.com\/mag\/author\/grace_creative\/"}]}},"jetpack_featured_media_url":"https:\/\/socialdesignmagazine.com\/mag\/wp-content\/uploads\/2014\/07\/users_Grace_creative_Agenzia-SEO-e-Web-Marketing-Agency-a-Milano-Posizionamento-SEO-social_design_magazine-3.jpg","jetpack_sharing_enabled":true,"jetpack_shortlink":"https:\/\/wp.me\/p6cV7V-Py","gt_translate_keys":[{"key":"link","format":"url"}],"_links":{"self":[{"href":"https:\/\/socialdesignmagazine.com\/mag\/wp-json\/wp\/v2\/posts\/3196","targetHints":{"allow":["GET"]}}],"collection":[{"href":"https:\/\/socialdesignmagazine.com\/mag\/wp-json\/wp\/v2\/posts"}],"about":[{"href":"https:\/\/socialdesignmagazine.com\/mag\/wp-json\/wp\/v2\/types\/post"}],"author":[{"embeddable":true,"href":"https:\/\/socialdesignmagazine.com\/mag\/wp-json\/wp\/v2\/users\/134"}],"replies":[{"embeddable":true,"href":"https:\/\/socialdesignmagazine.com\/mag\/wp-json\/wp\/v2\/comments?post=3196"}],"version-history":[{"count":2,"href":"https:\/\/socialdesignmagazine.com\/mag\/wp-json\/wp\/v2\/posts\/3196\/revisions"}],"predecessor-version":[{"id":64031,"href":"https:\/\/socialdesignmagazine.com\/mag\/wp-json\/wp\/v2\/posts\/3196\/revisions\/64031"}],"wp:featuredmedia":[{"embeddable":true,"href":"https:\/\/socialdesignmagazine.com\/mag\/wp-json\/wp\/v2\/media\/18639"}],"wp:attachment":[{"href":"https:\/\/socialdesignmagazine.com\/mag\/wp-json\/wp\/v2\/media?parent=3196"}],"wp:term":[{"taxonomy":"category","embeddable":true,"href":"https:\/\/socialdesignmagazine.com\/mag\/wp-json\/wp\/v2\/categories?post=3196"},{"taxonomy":"post_tag","embeddable":true,"href":"https:\/\/socialdesignmagazine.com\/mag\/wp-json\/wp\/v2\/tags?post=3196"}],"curies":[{"name":"wp","href":"https:\/\/api.w.org\/{rel}","templated":true}]}}