{"id":3208,"date":"2014-07-24T14:56:27","date_gmt":"2014-07-24T12:56:27","guid":{"rendered":"https:\/\/socialdesignmagazine.com\/mag\/s6-design\/c44-design-contest\/creative-diary-2014-promosso-da-ied-design-per-un-mondo-migliore\/"},"modified":"2025-03-27T18:16:23","modified_gmt":"2025-03-27T17:16:23","slug":"creative-diary-2014-promosso-da-ied-design-per-un-mondo-migliore","status":"publish","type":"post","link":"https:\/\/socialdesignmagazine.com\/mag\/news\/design-contest\/creative-diary-2014-promosso-da-ied-design-per-un-mondo-migliore\/","title":{"rendered":"Creative Diary 2014 promosso da IED: design per un mondo migliore","gt_translate_keys":[{"key":"rendered","format":"text"}]},"content":{"rendered":"\n<p>Mancano poco meno di 40 giorni (fino all\u20191 settembre 2014) alla chiusura del Creative Diary \u201cDesign for a better world &#8211; design per un mondo migliore\u201d di IED, il contest rivolto a tutti i designer per l\u2019assegnazione di 27 borse di studio.<\/p>\n\n\n\n<p><strong>\u201cDesign per un mondo migliore\u201d<\/strong> \u00e8 il tema del Creative Diary 2014 promosso da IED \u2013 Istituto Europeo di Design, che invita i giovani creativi a sviluppare idee e progetti che descrivano questo argomento, applicabile al settore che si preferisce tra Moda, Design, Visual Communication, Management e Comunicazione.<\/p>\n\n\n\n<p><strong>Il contest \u00e8 stato aperto il 4 giugno e lo sar\u00e0 fino all\u20191 settembre 2014; rivolto a tutti i designer, al momento ha 80 progetti selezionati.<\/strong><\/p>\n\n\n\n<p>Creative Diary 2014 \u201cDesign for a better world\u201d IED si rivolge a giovani creativi che competono per vincere 27 borse di studio per i master (anno 2014\/15) di Moda, Design e Visual Communication a Milano, Roma, Torino, Cagliari, Firenze, Venezia, Madrid e Barcellona.<\/p>\n\n\n\n<p>Creative Diary \u00e8 legato a \u2018Creative Contexts\u2019 (Designers and Brands), una community promossa da IED volta ad aggregare, su richiesta dei brand pi\u00f9 importanti e innovativi, persone creative e appassionate di oltre 90 Paesi coinvolti nei settori moda, design, arti visive e comunicazione. L\u2019obiettivo \u00e8 quello di accelerare le interazioni tra designer e brand in modo da trovare nuovi talenti, individuare nuove idee, sviluppare progetti e seguirli fino al prodotto finito e alla loro promozione sul mercato.<\/p>\n\n\n\n<p>Creative Contexts pubblica perci\u00f2 tutti i concorsi di IED e dei loro brand partner in tutto il mondo, in modo da permettere ai partecipanti della community di competere sulla creativit\u00e0. Ci si pu\u00f2 cos\u00ec registrare e iscrivere ad ogni concorso e presentare il proprio progetto, cercando di vincere un posto di lavoro, una borsa di studio, guadagnare soldi o esprimere la propria creativit\u00e0 per portare le proprie idee e il proprio talento direttamente sul mercato.<\/p>\n\n\n\n<p>Per info e partecipazione:\u00a0<a rel=\"nofollow\" href=\"http:\/\/creativediary.net\/\">http:\/\/creativediary.net\/<\/a>\u00a0<\/p>\n","protected":false,"gt_translate_keys":[{"key":"rendered","format":"html"}]},"excerpt":{"rendered":"<p>Mancano poco meno di 40 giorni (fino all\u20191 settembre 2014) alla chiusura del Creative Diary \u201cDesign for a better world &#8211; design per un mondo migliore\u201d di IED, il contest rivolto a tutti i designer per l\u2019assegnazione di 27 borse di studio.<\/p>\n","protected":false,"gt_translate_keys":[{"key":"rendered","format":"html"}]},"author":90,"featured_media":18700,"comment_status":"open","ping_status":"open","sticky":false,"template":"","format":"standard","meta":{"jetpack_post_was_ever_published":false,"_jetpack_newsletter_access":"","_jetpack_dont_email_post_to_subs":false,"_jetpack_newsletter_tier_id":0,"_jetpack_memberships_contains_paywalled_content":false,"_jetpack_memberships_contains_paid_content":false,"footnotes":"","_wpscppro_dont_share_socialmedia":false,"_wpscppro_custom_social_share_image":0,"_facebook_share_type":"","_twitter_share_type":"","_linkedin_share_type":"","_pinterest_share_type":"","_linkedin_share_type_page":"","_instagram_share_type":"","_medium_share_type":"","_threads_share_type":"","_google_business_share_type":"","_selected_social_profile":[],"_wpsp_enable_custom_social_template":false,"_wpsp_social_scheduling":{"enabled":false,"datetime":null,"platforms":[],"status":"template_only","dateOption":"today","timeOption":"now","customDays":"","customHours":"","customDate":"","customTime":"","schedulingType":"absolute"},"_wpsp_active_default_template":true},"categories":[18],"tags":[3671,1552],"class_list":["post-3208","post","type-post","status-publish","format-standard","has-post-thumbnail","hentry","category-design-contest","tag-concorso-di-design","tag-contest"],"yoast_head":"<!-- This site is optimized with the Yoast SEO plugin v27.2 - https:\/\/yoast.com\/product\/yoast-seo-wordpress\/ -->\n<title>Creative Diary 2014 promosso da IED: design per un mondo migliore - Social Design Magazine<\/title>\n<meta name=\"description\" content=\"Creative Diary \u201cDesign for a better world - design per un mondo migliore\u201d di IED\" \/>\n<meta name=\"robots\" content=\"index, follow, max-snippet:-1, max-image-preview:large, max-video-preview:-1\" \/>\n<link rel=\"canonical\" href=\"https:\/\/socialdesignmagazine.com\/mag\/news\/design-contest\/creative-diary-2014-promosso-da-ied-design-per-un-mondo-migliore\/\" \/>\n<meta property=\"og:locale\" content=\"it_IT\" \/>\n<meta property=\"og:type\" content=\"article\" \/>\n<meta property=\"og:title\" content=\"Creative Diary 2014 promosso da IED: design per un mondo migliore - Social Design Magazine\" \/>\n<meta property=\"og:description\" content=\"Creative Diary \u201cDesign for a better world - design per un mondo migliore\u201d di IED\" \/>\n<meta property=\"og:url\" content=\"http:\/\/socialdesignmagazine.com\/mag\/news\/design-contest\/creative-diary-2014-promosso-da-ied-design-per-un-mondo-migliore\/\" \/>\n<meta property=\"og:site_name\" content=\"Social Design Magazine\" \/>\n<meta property=\"article:publisher\" content=\"https:\/\/www.facebook.com\/socialdesignmag\" \/>\n<meta property=\"article:published_time\" content=\"2014-07-24T12:56:27+00:00\" \/>\n<meta property=\"article:modified_time\" content=\"2025-03-27T17:16:23+00:00\" \/>\n<meta property=\"og:image\" content=\"https:\/\/socialdesignmagazine.com\/mag\/wp-content\/uploads\/2014\/07\/users_Redoffice_Creative_diary.jpg\" \/>\n\t<meta property=\"og:image:width\" content=\"523\" \/>\n\t<meta property=\"og:image:height\" content=\"362\" \/>\n\t<meta property=\"og:image:type\" content=\"image\/jpeg\" \/>\n<meta name=\"author\" content=\"Redoffice Redoffice\" \/>\n<meta name=\"twitter:card\" content=\"summary_large_image\" \/>\n<meta name=\"twitter:creator\" content=\"@socialdesignmag\" \/>\n<meta name=\"twitter:site\" content=\"@socialdesignmag\" \/>\n<meta name=\"twitter:label1\" content=\"Scritto da\" \/>\n\t<meta name=\"twitter:data1\" content=\"Redoffice Redoffice\" \/>\n\t<meta name=\"twitter:label2\" content=\"Tempo di lettura stimato\" \/>\n\t<meta name=\"twitter:data2\" content=\"2 minuti\" \/>\n<script type=\"application\/ld+json\" class=\"yoast-schema-graph\">{\"@context\":\"https:\/\/schema.org\",\"@graph\":[{\"@type\":\"Article\",\"@id\":\"https:\/\/socialdesignmagazine.com\/mag\/news\/design-contest\/creative-diary-2014-promosso-da-ied-design-per-un-mondo-migliore\/#article\",\"isPartOf\":{\"@id\":\"https:\/\/socialdesignmagazine.com\/mag\/news\/design-contest\/creative-diary-2014-promosso-da-ied-design-per-un-mondo-migliore\/\"},\"author\":{\"name\":\"Redoffice Redoffice\",\"@id\":\"https:\/\/socialdesignmagazine.com\/mag\/#\/schema\/person\/5bc135d52b5fe38a2e070eaa0aac06e5\"},\"headline\":\"Creative Diary 2014 promosso da IED: design per un mondo migliore\",\"datePublished\":\"2014-07-24T12:56:27+00:00\",\"dateModified\":\"2025-03-27T17:16:23+00:00\",\"mainEntityOfPage\":{\"@id\":\"https:\/\/socialdesignmagazine.com\/mag\/news\/design-contest\/creative-diary-2014-promosso-da-ied-design-per-un-mondo-migliore\/\"},\"wordCount\":314,\"commentCount\":0,\"publisher\":{\"@id\":\"https:\/\/socialdesignmagazine.com\/mag\/#organization\"},\"image\":{\"@id\":\"https:\/\/socialdesignmagazine.com\/mag\/news\/design-contest\/creative-diary-2014-promosso-da-ied-design-per-un-mondo-migliore\/#primaryimage\"},\"thumbnailUrl\":\"https:\/\/socialdesignmagazine.com\/mag\/wp-content\/uploads\/2014\/07\/users_Redoffice_Creative_diary.jpg\",\"keywords\":[\"concorso di design\",\"contest\"],\"articleSection\":[\"Design Contest\"],\"inLanguage\":\"it-IT\",\"potentialAction\":[{\"@type\":\"CommentAction\",\"name\":\"Comment\",\"target\":[\"https:\/\/socialdesignmagazine.com\/mag\/news\/design-contest\/creative-diary-2014-promosso-da-ied-design-per-un-mondo-migliore\/#respond\"]}]},{\"@type\":\"WebPage\",\"@id\":\"https:\/\/socialdesignmagazine.com\/mag\/news\/design-contest\/creative-diary-2014-promosso-da-ied-design-per-un-mondo-migliore\/\",\"url\":\"https:\/\/socialdesignmagazine.com\/mag\/news\/design-contest\/creative-diary-2014-promosso-da-ied-design-per-un-mondo-migliore\/\",\"name\":\"Creative Diary 2014 promosso da IED: design per un mondo migliore - Social Design Magazine\",\"isPartOf\":{\"@id\":\"https:\/\/socialdesignmagazine.com\/mag\/#website\"},\"primaryImageOfPage\":{\"@id\":\"https:\/\/socialdesignmagazine.com\/mag\/news\/design-contest\/creative-diary-2014-promosso-da-ied-design-per-un-mondo-migliore\/#primaryimage\"},\"image\":{\"@id\":\"https:\/\/socialdesignmagazine.com\/mag\/news\/design-contest\/creative-diary-2014-promosso-da-ied-design-per-un-mondo-migliore\/#primaryimage\"},\"thumbnailUrl\":\"https:\/\/socialdesignmagazine.com\/mag\/wp-content\/uploads\/2014\/07\/users_Redoffice_Creative_diary.jpg\",\"datePublished\":\"2014-07-24T12:56:27+00:00\",\"dateModified\":\"2025-03-27T17:16:23+00:00\",\"description\":\"Creative Diary \u201cDesign for a better world - design per un mondo migliore\u201d di IED\",\"breadcrumb\":{\"@id\":\"https:\/\/socialdesignmagazine.com\/mag\/news\/design-contest\/creative-diary-2014-promosso-da-ied-design-per-un-mondo-migliore\/#breadcrumb\"},\"inLanguage\":\"it-IT\",\"potentialAction\":[{\"@type\":\"ReadAction\",\"target\":[\"https:\/\/socialdesignmagazine.com\/mag\/news\/design-contest\/creative-diary-2014-promosso-da-ied-design-per-un-mondo-migliore\/\"]}]},{\"@type\":\"ImageObject\",\"inLanguage\":\"it-IT\",\"@id\":\"https:\/\/socialdesignmagazine.com\/mag\/news\/design-contest\/creative-diary-2014-promosso-da-ied-design-per-un-mondo-migliore\/#primaryimage\",\"url\":\"https:\/\/socialdesignmagazine.com\/mag\/wp-content\/uploads\/2014\/07\/users_Redoffice_Creative_diary.jpg\",\"contentUrl\":\"https:\/\/socialdesignmagazine.com\/mag\/wp-content\/uploads\/2014\/07\/users_Redoffice_Creative_diary.jpg\",\"width\":523,\"height\":362,\"caption\":\"Creative diary\"},{\"@type\":\"BreadcrumbList\",\"@id\":\"https:\/\/socialdesignmagazine.com\/mag\/news\/design-contest\/creative-diary-2014-promosso-da-ied-design-per-un-mondo-migliore\/#breadcrumb\",\"itemListElement\":[{\"@type\":\"ListItem\",\"position\":1,\"name\":\"Home\",\"item\":\"https:\/\/socialdesignmagazine.com\/mag\/\"},{\"@type\":\"ListItem\",\"position\":2,\"name\":\"News\",\"item\":\"https:\/\/socialdesignmagazine.com\/mag\/news\/\"},{\"@type\":\"ListItem\",\"position\":3,\"name\":\"Design Contest\",\"item\":\"https:\/\/socialdesignmagazine.com\/mag\/news\/design-contest\/\"},{\"@type\":\"ListItem\",\"position\":4,\"name\":\"Creative Diary 2014 promosso da IED: design per un mondo migliore\"}]},{\"@type\":\"WebSite\",\"@id\":\"https:\/\/socialdesignmagazine.com\/mag\/#website\",\"url\":\"https:\/\/socialdesignmagazine.com\/mag\/\",\"name\":\"Social Design Magazine\",\"description\":\"Social Magazine su Design, Architettura, Arte, Grafica\",\"publisher\":{\"@id\":\"https:\/\/socialdesignmagazine.com\/mag\/#organization\"},\"potentialAction\":[{\"@type\":\"SearchAction\",\"target\":{\"@type\":\"EntryPoint\",\"urlTemplate\":\"https:\/\/socialdesignmagazine.com\/mag\/?s={search_term_string}\"},\"query-input\":{\"@type\":\"PropertyValueSpecification\",\"valueRequired\":true,\"valueName\":\"search_term_string\"}}],\"inLanguage\":\"it-IT\"},{\"@type\":\"Organization\",\"@id\":\"https:\/\/socialdesignmagazine.com\/mag\/#organization\",\"name\":\"Social Design Magazine\",\"url\":\"https:\/\/socialdesignmagazine.com\/mag\/\",\"logo\":{\"@type\":\"ImageObject\",\"inLanguage\":\"it-IT\",\"@id\":\"https:\/\/socialdesignmagazine.com\/mag\/#\/schema\/logo\/image\/\",\"url\":\"https:\/\/socialdesignmagazine.com\/mag\/wp-content\/uploads\/2017\/01\/logo_favicon_11.png\",\"contentUrl\":\"https:\/\/socialdesignmagazine.com\/mag\/wp-content\/uploads\/2017\/01\/logo_favicon_11.png\",\"width\":1024,\"height\":1024,\"caption\":\"Social Design Magazine\"},\"image\":{\"@id\":\"https:\/\/socialdesignmagazine.com\/mag\/#\/schema\/logo\/image\/\"},\"sameAs\":[\"https:\/\/www.facebook.com\/socialdesignmag\",\"https:\/\/x.com\/socialdesignmag\",\"http:\/\/instagram.com\/social_design_magazine\/\",\"http:\/\/pinterest.com\/socialdesignmag\/\",\"http:\/\/www.youtube.com\/user\/socialdesignmagazine\"]},{\"@type\":\"Person\",\"@id\":\"https:\/\/socialdesignmagazine.com\/mag\/#\/schema\/person\/5bc135d52b5fe38a2e070eaa0aac06e5\",\"name\":\"Redoffice Redoffice\",\"image\":{\"@type\":\"ImageObject\",\"inLanguage\":\"it-IT\",\"@id\":\"https:\/\/secure.gravatar.com\/avatar\/c36d6a9996c6c4fd090dc95d26689503de6bd9618b3e8f113922b719aa3e08bf?s=96&d=mm&r=g\",\"url\":\"https:\/\/secure.gravatar.com\/avatar\/c36d6a9996c6c4fd090dc95d26689503de6bd9618b3e8f113922b719aa3e08bf?s=96&d=mm&r=g\",\"contentUrl\":\"https:\/\/secure.gravatar.com\/avatar\/c36d6a9996c6c4fd090dc95d26689503de6bd9618b3e8f113922b719aa3e08bf?s=96&d=mm&r=g\",\"caption\":\"Redoffice Redoffice\"},\"url\":\"https:\/\/socialdesignmagazine.com\/mag\/author\/redoffice\/\"}]}<\/script>\n<!-- \/ Yoast SEO plugin. -->","yoast_head_json":{"title":"Creative Diary 2014 promosso da IED: design per un mondo migliore - Social Design Magazine","description":"Creative Diary \u201cDesign for a better world - design per un mondo migliore\u201d di IED","robots":{"index":"index","follow":"follow","max-snippet":"max-snippet:-1","max-image-preview":"max-image-preview:large","max-video-preview":"max-video-preview:-1"},"canonical":"https:\/\/socialdesignmagazine.com\/mag\/news\/design-contest\/creative-diary-2014-promosso-da-ied-design-per-un-mondo-migliore\/","og_locale":"it_IT","og_type":"article","og_title":"Creative Diary 2014 promosso da IED: design per un mondo migliore - Social Design Magazine","og_description":"Creative Diary \u201cDesign for a better world - design per un mondo migliore\u201d di IED","og_url":"http:\/\/socialdesignmagazine.com\/mag\/news\/design-contest\/creative-diary-2014-promosso-da-ied-design-per-un-mondo-migliore\/","og_site_name":"Social Design Magazine","article_publisher":"https:\/\/www.facebook.com\/socialdesignmag","article_published_time":"2014-07-24T12:56:27+00:00","article_modified_time":"2025-03-27T17:16:23+00:00","og_image":[{"width":523,"height":362,"url":"https:\/\/socialdesignmagazine.com\/mag\/wp-content\/uploads\/2014\/07\/users_Redoffice_Creative_diary.jpg","type":"image\/jpeg"}],"author":"Redoffice Redoffice","twitter_card":"summary_large_image","twitter_creator":"@socialdesignmag","twitter_site":"@socialdesignmag","twitter_misc":{"Scritto da":"Redoffice Redoffice","Tempo di lettura stimato":"2 minuti"},"schema":{"@context":"https:\/\/schema.org","@graph":[{"@type":"Article","@id":"https:\/\/socialdesignmagazine.com\/mag\/news\/design-contest\/creative-diary-2014-promosso-da-ied-design-per-un-mondo-migliore\/#article","isPartOf":{"@id":"https:\/\/socialdesignmagazine.com\/mag\/news\/design-contest\/creative-diary-2014-promosso-da-ied-design-per-un-mondo-migliore\/"},"author":{"name":"Redoffice Redoffice","@id":"https:\/\/socialdesignmagazine.com\/mag\/#\/schema\/person\/5bc135d52b5fe38a2e070eaa0aac06e5"},"headline":"Creative Diary 2014 promosso da IED: design per un mondo migliore","datePublished":"2014-07-24T12:56:27+00:00","dateModified":"2025-03-27T17:16:23+00:00","mainEntityOfPage":{"@id":"https:\/\/socialdesignmagazine.com\/mag\/news\/design-contest\/creative-diary-2014-promosso-da-ied-design-per-un-mondo-migliore\/"},"wordCount":314,"commentCount":0,"publisher":{"@id":"https:\/\/socialdesignmagazine.com\/mag\/#organization"},"image":{"@id":"https:\/\/socialdesignmagazine.com\/mag\/news\/design-contest\/creative-diary-2014-promosso-da-ied-design-per-un-mondo-migliore\/#primaryimage"},"thumbnailUrl":"https:\/\/socialdesignmagazine.com\/mag\/wp-content\/uploads\/2014\/07\/users_Redoffice_Creative_diary.jpg","keywords":["concorso di design","contest"],"articleSection":["Design Contest"],"inLanguage":"it-IT","potentialAction":[{"@type":"CommentAction","name":"Comment","target":["https:\/\/socialdesignmagazine.com\/mag\/news\/design-contest\/creative-diary-2014-promosso-da-ied-design-per-un-mondo-migliore\/#respond"]}]},{"@type":"WebPage","@id":"https:\/\/socialdesignmagazine.com\/mag\/news\/design-contest\/creative-diary-2014-promosso-da-ied-design-per-un-mondo-migliore\/","url":"https:\/\/socialdesignmagazine.com\/mag\/news\/design-contest\/creative-diary-2014-promosso-da-ied-design-per-un-mondo-migliore\/","name":"Creative Diary 2014 promosso da IED: design per un mondo migliore - Social Design Magazine","isPartOf":{"@id":"https:\/\/socialdesignmagazine.com\/mag\/#website"},"primaryImageOfPage":{"@id":"https:\/\/socialdesignmagazine.com\/mag\/news\/design-contest\/creative-diary-2014-promosso-da-ied-design-per-un-mondo-migliore\/#primaryimage"},"image":{"@id":"https:\/\/socialdesignmagazine.com\/mag\/news\/design-contest\/creative-diary-2014-promosso-da-ied-design-per-un-mondo-migliore\/#primaryimage"},"thumbnailUrl":"https:\/\/socialdesignmagazine.com\/mag\/wp-content\/uploads\/2014\/07\/users_Redoffice_Creative_diary.jpg","datePublished":"2014-07-24T12:56:27+00:00","dateModified":"2025-03-27T17:16:23+00:00","description":"Creative Diary \u201cDesign for a better world - design per un mondo migliore\u201d di IED","breadcrumb":{"@id":"https:\/\/socialdesignmagazine.com\/mag\/news\/design-contest\/creative-diary-2014-promosso-da-ied-design-per-un-mondo-migliore\/#breadcrumb"},"inLanguage":"it-IT","potentialAction":[{"@type":"ReadAction","target":["https:\/\/socialdesignmagazine.com\/mag\/news\/design-contest\/creative-diary-2014-promosso-da-ied-design-per-un-mondo-migliore\/"]}]},{"@type":"ImageObject","inLanguage":"it-IT","@id":"https:\/\/socialdesignmagazine.com\/mag\/news\/design-contest\/creative-diary-2014-promosso-da-ied-design-per-un-mondo-migliore\/#primaryimage","url":"https:\/\/socialdesignmagazine.com\/mag\/wp-content\/uploads\/2014\/07\/users_Redoffice_Creative_diary.jpg","contentUrl":"https:\/\/socialdesignmagazine.com\/mag\/wp-content\/uploads\/2014\/07\/users_Redoffice_Creative_diary.jpg","width":523,"height":362,"caption":"Creative diary"},{"@type":"BreadcrumbList","@id":"https:\/\/socialdesignmagazine.com\/mag\/news\/design-contest\/creative-diary-2014-promosso-da-ied-design-per-un-mondo-migliore\/#breadcrumb","itemListElement":[{"@type":"ListItem","position":1,"name":"Home","item":"https:\/\/socialdesignmagazine.com\/mag\/"},{"@type":"ListItem","position":2,"name":"News","item":"https:\/\/socialdesignmagazine.com\/mag\/news\/"},{"@type":"ListItem","position":3,"name":"Design Contest","item":"https:\/\/socialdesignmagazine.com\/mag\/news\/design-contest\/"},{"@type":"ListItem","position":4,"name":"Creative Diary 2014 promosso da IED: design per un mondo migliore"}]},{"@type":"WebSite","@id":"https:\/\/socialdesignmagazine.com\/mag\/#website","url":"https:\/\/socialdesignmagazine.com\/mag\/","name":"Social Design Magazine","description":"Social Magazine su Design, Architettura, Arte, Grafica","publisher":{"@id":"https:\/\/socialdesignmagazine.com\/mag\/#organization"},"potentialAction":[{"@type":"SearchAction","target":{"@type":"EntryPoint","urlTemplate":"https:\/\/socialdesignmagazine.com\/mag\/?s={search_term_string}"},"query-input":{"@type":"PropertyValueSpecification","valueRequired":true,"valueName":"search_term_string"}}],"inLanguage":"it-IT"},{"@type":"Organization","@id":"https:\/\/socialdesignmagazine.com\/mag\/#organization","name":"Social Design Magazine","url":"https:\/\/socialdesignmagazine.com\/mag\/","logo":{"@type":"ImageObject","inLanguage":"it-IT","@id":"https:\/\/socialdesignmagazine.com\/mag\/#\/schema\/logo\/image\/","url":"https:\/\/socialdesignmagazine.com\/mag\/wp-content\/uploads\/2017\/01\/logo_favicon_11.png","contentUrl":"https:\/\/socialdesignmagazine.com\/mag\/wp-content\/uploads\/2017\/01\/logo_favicon_11.png","width":1024,"height":1024,"caption":"Social Design Magazine"},"image":{"@id":"https:\/\/socialdesignmagazine.com\/mag\/#\/schema\/logo\/image\/"},"sameAs":["https:\/\/www.facebook.com\/socialdesignmag","https:\/\/x.com\/socialdesignmag","http:\/\/instagram.com\/social_design_magazine\/","http:\/\/pinterest.com\/socialdesignmag\/","http:\/\/www.youtube.com\/user\/socialdesignmagazine"]},{"@type":"Person","@id":"https:\/\/socialdesignmagazine.com\/mag\/#\/schema\/person\/5bc135d52b5fe38a2e070eaa0aac06e5","name":"Redoffice Redoffice","image":{"@type":"ImageObject","inLanguage":"it-IT","@id":"https:\/\/secure.gravatar.com\/avatar\/c36d6a9996c6c4fd090dc95d26689503de6bd9618b3e8f113922b719aa3e08bf?s=96&d=mm&r=g","url":"https:\/\/secure.gravatar.com\/avatar\/c36d6a9996c6c4fd090dc95d26689503de6bd9618b3e8f113922b719aa3e08bf?s=96&d=mm&r=g","contentUrl":"https:\/\/secure.gravatar.com\/avatar\/c36d6a9996c6c4fd090dc95d26689503de6bd9618b3e8f113922b719aa3e08bf?s=96&d=mm&r=g","caption":"Redoffice Redoffice"},"url":"https:\/\/socialdesignmagazine.com\/mag\/author\/redoffice\/"}]}},"jetpack_featured_media_url":"https:\/\/socialdesignmagazine.com\/mag\/wp-content\/uploads\/2014\/07\/users_Redoffice_Creative_diary.jpg","jetpack_sharing_enabled":true,"jetpack_shortlink":"https:\/\/wp.me\/p6cV7V-PK","gt_translate_keys":[{"key":"link","format":"url"}],"_links":{"self":[{"href":"https:\/\/socialdesignmagazine.com\/mag\/wp-json\/wp\/v2\/posts\/3208","targetHints":{"allow":["GET"]}}],"collection":[{"href":"https:\/\/socialdesignmagazine.com\/mag\/wp-json\/wp\/v2\/posts"}],"about":[{"href":"https:\/\/socialdesignmagazine.com\/mag\/wp-json\/wp\/v2\/types\/post"}],"author":[{"embeddable":true,"href":"https:\/\/socialdesignmagazine.com\/mag\/wp-json\/wp\/v2\/users\/90"}],"replies":[{"embeddable":true,"href":"https:\/\/socialdesignmagazine.com\/mag\/wp-json\/wp\/v2\/comments?post=3208"}],"version-history":[{"count":1,"href":"https:\/\/socialdesignmagazine.com\/mag\/wp-json\/wp\/v2\/posts\/3208\/revisions"}],"predecessor-version":[{"id":64054,"href":"https:\/\/socialdesignmagazine.com\/mag\/wp-json\/wp\/v2\/posts\/3208\/revisions\/64054"}],"wp:featuredmedia":[{"embeddable":true,"href":"https:\/\/socialdesignmagazine.com\/mag\/wp-json\/wp\/v2\/media\/18700"}],"wp:attachment":[{"href":"https:\/\/socialdesignmagazine.com\/mag\/wp-json\/wp\/v2\/media?parent=3208"}],"wp:term":[{"taxonomy":"category","embeddable":true,"href":"https:\/\/socialdesignmagazine.com\/mag\/wp-json\/wp\/v2\/categories?post=3208"},{"taxonomy":"post_tag","embeddable":true,"href":"https:\/\/socialdesignmagazine.com\/mag\/wp-json\/wp\/v2\/tags?post=3208"}],"curies":[{"name":"wp","href":"https:\/\/api.w.org\/{rel}","templated":true}]}}