{"id":3282,"date":"2014-09-18T10:00:00","date_gmt":"2014-09-18T08:00:00","guid":{"rendered":"https:\/\/socialdesignmagazine.com\/mag\/s6-design\/c35-design\/lampada-feeler-bluetooth-speaker\/"},"modified":"2025-04-05T20:53:50","modified_gmt":"2025-04-05T18:53:50","slug":"lampada-feeler-bluetooth-speaker","status":"publish","type":"post","link":"https:\/\/socialdesignmagazine.com\/mag\/design\/lampada-feeler-bluetooth-speaker\/","title":{"rendered":"LAMPADA FEELER bluetooth speaker","gt_translate_keys":[{"key":"rendered","format":"text"}]},"content":{"rendered":"\n<h2 class=\"wp-block-heading\">La lampada di FEELER disegnata per ecOtono da Francesco Valli ha due particolarit\u00e0 che vanno oltre il design e l&#8217;estetica.<\/h2>\n\n\n\n<p>La prima \u00e8 la connessione bluetooth per l&#8217;amplificazione della musica e la seconda \u00e8 che il consumatore, una volta acquistata la lampada potr\u00e0 decidere se usarla come punto luce da tavolo o come sospensione da soffitto.<\/p>\n\n\n\n<p class=\"has-text-align-center\"><img loading=\"lazy\" decoding=\"async\" data-attachment-id=\"19235\" data-permalink=\"https:\/\/socialdesignmagazine.com\/mag\/design\/lampada-feeler-bluetooth-speaker\/attachment\/mg-3279\/#content\" data-orig-file=\"https:\/\/socialdesignmagazine.com\/mag\/wp-content\/uploads\/2014\/09\/users_ecotono__MG_3279.jpg\" data-orig-size=\"720,1080\" data-comments-opened=\"1\" data-image-meta=\"{&quot;aperture&quot;:&quot;18&quot;,&quot;credit&quot;:&quot;&quot;,&quot;camera&quot;:&quot;Canon EOS 6D&quot;,&quot;caption&quot;:&quot;&quot;,&quot;created_timestamp&quot;:&quot;1534000617&quot;,&quot;copyright&quot;:&quot;&quot;,&quot;focal_length&quot;:&quot;40&quot;,&quot;iso&quot;:&quot;100&quot;,&quot;shutter_speed&quot;:&quot;0.008&quot;,&quot;title&quot;:&quot;&quot;,&quot;orientation&quot;:&quot;0&quot;}\" data-image-title=\"MG 3279\" data-image-description=\"\" data-image-caption=\"\" data-medium-file=\"https:\/\/socialdesignmagazine.com\/mag\/wp-content\/uploads\/2014\/09\/users_ecotono__MG_3279-396x256.jpg\" data-large-file=\"https:\/\/socialdesignmagazine.com\/mag\/wp-content\/uploads\/2014\/09\/users_ecotono__MG_3279.jpg\" width=\"720\" height=\"1080\" class=\" size-full wp-image-19235\" src=\"https:\/\/socialdesignmagazine.com\/mag\/wp-content\/uploads\/2014\/09\/users_ecotono__MG_3279.jpg\" alt=\" MG 3279\"><\/p>\n\n\n\n<p class=\"has-text-align-center\">Pendant feeler<\/p>\n\n\n<div class=\"wp-block-image\">\n<figure class=\"aligncenter\"><img loading=\"lazy\" decoding=\"async\" width=\"720\" height=\"1080\" data-attachment-id=\"19236\" data-permalink=\"https:\/\/socialdesignmagazine.com\/mag\/design\/lampada-feeler-bluetooth-speaker\/attachment\/mg-4033\/#content\" data-orig-file=\"https:\/\/socialdesignmagazine.com\/mag\/wp-content\/uploads\/2014\/09\/users_ecotono__MG_4033.jpg\" data-orig-size=\"720,1080\" data-comments-opened=\"1\" data-image-meta=\"{&quot;aperture&quot;:&quot;14&quot;,&quot;credit&quot;:&quot;&quot;,&quot;camera&quot;:&quot;Canon EOS 6D&quot;,&quot;caption&quot;:&quot;&quot;,&quot;created_timestamp&quot;:&quot;1534538971&quot;,&quot;copyright&quot;:&quot;&quot;,&quot;focal_length&quot;:&quot;45&quot;,&quot;iso&quot;:&quot;100&quot;,&quot;shutter_speed&quot;:&quot;0.008&quot;,&quot;title&quot;:&quot;&quot;,&quot;orientation&quot;:&quot;1&quot;}\" data-image-title=\"MG 4033\" data-image-description=\"\" data-image-caption=\"\" data-medium-file=\"https:\/\/socialdesignmagazine.com\/mag\/wp-content\/uploads\/2014\/09\/users_ecotono__MG_4033-396x256.jpg\" data-large-file=\"https:\/\/socialdesignmagazine.com\/mag\/wp-content\/uploads\/2014\/09\/users_ecotono__MG_4033.jpg\" src=\"https:\/\/socialdesignmagazine.com\/mag\/wp-content\/uploads\/2014\/09\/users_ecotono__MG_4033.jpg\" alt=\" MG 4033\" class=\"wp-image-19236\"\/><\/figure>\n<\/div>\n\n\n<p>Table feeler<\/p>\n","protected":false,"gt_translate_keys":[{"key":"rendered","format":"html"}]},"excerpt":{"rendered":"<p>La lampada di FEELER disegnata per ecOtono da Francesco Valli ha due particolarit\u00e0 che vanno oltre il design e l&#8217;estetica.<\/p>\n","protected":false,"gt_translate_keys":[{"key":"rendered","format":"html"}]},"author":138,"featured_media":19234,"comment_status":"open","ping_status":"open","sticky":false,"template":"","format":"standard","meta":{"jetpack_post_was_ever_published":false,"_jetpack_newsletter_access":"","_jetpack_dont_email_post_to_subs":false,"_jetpack_newsletter_tier_id":0,"_jetpack_memberships_contains_paywalled_content":false,"_jetpack_memberships_contains_paid_content":false,"footnotes":"","_wpscppro_dont_share_socialmedia":false,"_wpscppro_custom_social_share_image":0,"_facebook_share_type":"","_twitter_share_type":"","_linkedin_share_type":"","_pinterest_share_type":"","_linkedin_share_type_page":"","_instagram_share_type":"","_medium_share_type":"","_threads_share_type":"","_google_business_share_type":"","_selected_social_profile":[],"_wpsp_enable_custom_social_template":false,"_wpsp_social_scheduling":{"enabled":false,"datetime":null,"platforms":[],"status":"template_only","dateOption":"today","timeOption":"now","customDays":"","customHours":"","customDate":"","customTime":"","schedulingType":"absolute"},"_wpsp_active_default_template":true},"categories":[13],"tags":[3643,4027,4028,991,2817,1085,3437],"class_list":["post-3282","post","type-post","status-publish","format-standard","has-post-thumbnail","hentry","category-design","tag-bluetooth","tag-ecotono","tag-francesco-valli","tag-illuminazione","tag-lampada-a-sospensione","tag-lampada-da-tavolo","tag-speaker"],"yoast_head":"<!-- This site is optimized with the Yoast SEO plugin v27.2 - https:\/\/yoast.com\/product\/yoast-seo-wordpress\/ -->\n<title>LAMPADA FEELER bluetooth speaker - Social Design Magazine<\/title>\n<meta name=\"description\" content=\"La lampada di FEELER disegnata per ecOtono da Francesco Valli ha due particolarit\u00e0 che vanno oltre il design e l&#039;estetica.\" \/>\n<meta name=\"robots\" content=\"index, follow, max-snippet:-1, max-image-preview:large, max-video-preview:-1\" \/>\n<link rel=\"canonical\" href=\"https:\/\/socialdesignmagazine.com\/mag\/design\/lampada-feeler-bluetooth-speaker\/\" \/>\n<meta property=\"og:locale\" content=\"it_IT\" \/>\n<meta property=\"og:type\" content=\"article\" \/>\n<meta property=\"og:title\" content=\"LAMPADA FEELER bluetooth speaker - Social Design Magazine\" \/>\n<meta property=\"og:description\" content=\"La lampada di FEELER disegnata per ecOtono da Francesco Valli ha due particolarit\u00e0 che vanno oltre il design e l&#039;estetica.\" \/>\n<meta property=\"og:url\" content=\"http:\/\/socialdesignmagazine.com\/mag\/design\/lampada-feeler-bluetooth-speaker\/\" \/>\n<meta property=\"og:site_name\" content=\"Social Design Magazine\" \/>\n<meta property=\"article:publisher\" content=\"https:\/\/www.facebook.com\/socialdesignmag\" \/>\n<meta property=\"article:published_time\" content=\"2014-09-18T08:00:00+00:00\" \/>\n<meta property=\"article:modified_time\" content=\"2025-04-05T18:53:50+00:00\" \/>\n<meta property=\"og:image\" content=\"https:\/\/socialdesignmagazine.com\/mag\/wp-content\/uploads\/2014\/09\/users_ecotono__MG_4175.jpg\" \/>\n\t<meta property=\"og:image:width\" content=\"720\" \/>\n\t<meta property=\"og:image:height\" content=\"1080\" \/>\n\t<meta property=\"og:image:type\" content=\"image\/jpeg\" \/>\n<meta name=\"author\" content=\"Francesco Valli\" \/>\n<meta name=\"twitter:card\" content=\"summary_large_image\" \/>\n<meta name=\"twitter:creator\" content=\"@socialdesignmag\" \/>\n<meta name=\"twitter:site\" content=\"@socialdesignmag\" \/>\n<meta name=\"twitter:label1\" content=\"Scritto da\" \/>\n\t<meta name=\"twitter:data1\" content=\"Francesco Valli\" \/>\n\t<meta name=\"twitter:label2\" content=\"Tempo di lettura stimato\" \/>\n\t<meta name=\"twitter:data2\" content=\"1 minuto\" \/>\n<script type=\"application\/ld+json\" class=\"yoast-schema-graph\">{\"@context\":\"https:\/\/schema.org\",\"@graph\":[{\"@type\":\"Article\",\"@id\":\"https:\/\/socialdesignmagazine.com\/mag\/design\/lampada-feeler-bluetooth-speaker\/#article\",\"isPartOf\":{\"@id\":\"https:\/\/socialdesignmagazine.com\/mag\/design\/lampada-feeler-bluetooth-speaker\/\"},\"author\":{\"name\":\"Francesco Valli\",\"@id\":\"https:\/\/socialdesignmagazine.com\/mag\/#\/schema\/person\/04a818c1130a8e00687e90cf57ca7cd1\"},\"headline\":\"LAMPADA FEELER bluetooth speaker\",\"datePublished\":\"2014-09-18T08:00:00+00:00\",\"dateModified\":\"2025-04-05T18:53:50+00:00\",\"mainEntityOfPage\":{\"@id\":\"https:\/\/socialdesignmagazine.com\/mag\/design\/lampada-feeler-bluetooth-speaker\/\"},\"wordCount\":64,\"commentCount\":0,\"publisher\":{\"@id\":\"https:\/\/socialdesignmagazine.com\/mag\/#organization\"},\"image\":{\"@id\":\"https:\/\/socialdesignmagazine.com\/mag\/design\/lampada-feeler-bluetooth-speaker\/#primaryimage\"},\"thumbnailUrl\":\"https:\/\/socialdesignmagazine.com\/mag\/wp-content\/uploads\/2014\/09\/users_ecotono__MG_4175.jpg\",\"keywords\":[\"bluetooth\",\"ecotono\",\"francesco valli\",\"illuminazione\",\"lampada a sospensione\",\"lampada da tavolo\",\"speaker\"],\"articleSection\":[\"Design\"],\"inLanguage\":\"it-IT\",\"potentialAction\":[{\"@type\":\"CommentAction\",\"name\":\"Comment\",\"target\":[\"https:\/\/socialdesignmagazine.com\/mag\/design\/lampada-feeler-bluetooth-speaker\/#respond\"]}]},{\"@type\":\"WebPage\",\"@id\":\"https:\/\/socialdesignmagazine.com\/mag\/design\/lampada-feeler-bluetooth-speaker\/\",\"url\":\"https:\/\/socialdesignmagazine.com\/mag\/design\/lampada-feeler-bluetooth-speaker\/\",\"name\":\"LAMPADA FEELER bluetooth speaker - Social Design Magazine\",\"isPartOf\":{\"@id\":\"https:\/\/socialdesignmagazine.com\/mag\/#website\"},\"primaryImageOfPage\":{\"@id\":\"https:\/\/socialdesignmagazine.com\/mag\/design\/lampada-feeler-bluetooth-speaker\/#primaryimage\"},\"image\":{\"@id\":\"https:\/\/socialdesignmagazine.com\/mag\/design\/lampada-feeler-bluetooth-speaker\/#primaryimage\"},\"thumbnailUrl\":\"https:\/\/socialdesignmagazine.com\/mag\/wp-content\/uploads\/2014\/09\/users_ecotono__MG_4175.jpg\",\"datePublished\":\"2014-09-18T08:00:00+00:00\",\"dateModified\":\"2025-04-05T18:53:50+00:00\",\"description\":\"La lampada di FEELER disegnata per ecOtono da Francesco Valli ha due particolarit\u00e0 che vanno oltre il design e l'estetica.\",\"breadcrumb\":{\"@id\":\"https:\/\/socialdesignmagazine.com\/mag\/design\/lampada-feeler-bluetooth-speaker\/#breadcrumb\"},\"inLanguage\":\"it-IT\",\"potentialAction\":[{\"@type\":\"ReadAction\",\"target\":[\"https:\/\/socialdesignmagazine.com\/mag\/design\/lampada-feeler-bluetooth-speaker\/\"]}]},{\"@type\":\"ImageObject\",\"inLanguage\":\"it-IT\",\"@id\":\"https:\/\/socialdesignmagazine.com\/mag\/design\/lampada-feeler-bluetooth-speaker\/#primaryimage\",\"url\":\"https:\/\/socialdesignmagazine.com\/mag\/wp-content\/uploads\/2014\/09\/users_ecotono__MG_4175.jpg\",\"contentUrl\":\"https:\/\/socialdesignmagazine.com\/mag\/wp-content\/uploads\/2014\/09\/users_ecotono__MG_4175.jpg\",\"width\":720,\"height\":1080,\"caption\":\"MG 4175\"},{\"@type\":\"BreadcrumbList\",\"@id\":\"https:\/\/socialdesignmagazine.com\/mag\/design\/lampada-feeler-bluetooth-speaker\/#breadcrumb\",\"itemListElement\":[{\"@type\":\"ListItem\",\"position\":1,\"name\":\"Home\",\"item\":\"https:\/\/socialdesignmagazine.com\/mag\/\"},{\"@type\":\"ListItem\",\"position\":2,\"name\":\"Design\",\"item\":\"https:\/\/socialdesignmagazine.com\/mag\/design\/\"},{\"@type\":\"ListItem\",\"position\":3,\"name\":\"LAMPADA FEELER bluetooth speaker\"}]},{\"@type\":\"WebSite\",\"@id\":\"https:\/\/socialdesignmagazine.com\/mag\/#website\",\"url\":\"https:\/\/socialdesignmagazine.com\/mag\/\",\"name\":\"Social Design Magazine\",\"description\":\"Social Magazine su Design, Architettura, Arte, Grafica\",\"publisher\":{\"@id\":\"https:\/\/socialdesignmagazine.com\/mag\/#organization\"},\"potentialAction\":[{\"@type\":\"SearchAction\",\"target\":{\"@type\":\"EntryPoint\",\"urlTemplate\":\"https:\/\/socialdesignmagazine.com\/mag\/?s={search_term_string}\"},\"query-input\":{\"@type\":\"PropertyValueSpecification\",\"valueRequired\":true,\"valueName\":\"search_term_string\"}}],\"inLanguage\":\"it-IT\"},{\"@type\":\"Organization\",\"@id\":\"https:\/\/socialdesignmagazine.com\/mag\/#organization\",\"name\":\"Social Design Magazine\",\"url\":\"https:\/\/socialdesignmagazine.com\/mag\/\",\"logo\":{\"@type\":\"ImageObject\",\"inLanguage\":\"it-IT\",\"@id\":\"https:\/\/socialdesignmagazine.com\/mag\/#\/schema\/logo\/image\/\",\"url\":\"https:\/\/socialdesignmagazine.com\/mag\/wp-content\/uploads\/2017\/01\/logo_favicon_11.png\",\"contentUrl\":\"https:\/\/socialdesignmagazine.com\/mag\/wp-content\/uploads\/2017\/01\/logo_favicon_11.png\",\"width\":1024,\"height\":1024,\"caption\":\"Social Design Magazine\"},\"image\":{\"@id\":\"https:\/\/socialdesignmagazine.com\/mag\/#\/schema\/logo\/image\/\"},\"sameAs\":[\"https:\/\/www.facebook.com\/socialdesignmag\",\"https:\/\/x.com\/socialdesignmag\",\"http:\/\/instagram.com\/social_design_magazine\/\",\"http:\/\/pinterest.com\/socialdesignmag\/\",\"http:\/\/www.youtube.com\/user\/socialdesignmagazine\"]},{\"@type\":\"Person\",\"@id\":\"https:\/\/socialdesignmagazine.com\/mag\/#\/schema\/person\/04a818c1130a8e00687e90cf57ca7cd1\",\"name\":\"Francesco Valli\",\"image\":{\"@type\":\"ImageObject\",\"inLanguage\":\"it-IT\",\"@id\":\"https:\/\/secure.gravatar.com\/avatar\/a6270bd52c6bc70df4807a7dc091f93b439685163dcf6a9b554ee79d654e36e3?s=96&d=mm&r=g\",\"url\":\"https:\/\/secure.gravatar.com\/avatar\/a6270bd52c6bc70df4807a7dc091f93b439685163dcf6a9b554ee79d654e36e3?s=96&d=mm&r=g\",\"contentUrl\":\"https:\/\/secure.gravatar.com\/avatar\/a6270bd52c6bc70df4807a7dc091f93b439685163dcf6a9b554ee79d654e36e3?s=96&d=mm&r=g\",\"caption\":\"Francesco Valli\"},\"url\":\"https:\/\/socialdesignmagazine.com\/mag\/author\/ecotono\/\"}]}<\/script>\n<!-- \/ Yoast SEO plugin. -->","yoast_head_json":{"title":"LAMPADA FEELER bluetooth speaker - Social Design Magazine","description":"La lampada di FEELER disegnata per ecOtono da Francesco Valli ha due particolarit\u00e0 che vanno oltre il design e l'estetica.","robots":{"index":"index","follow":"follow","max-snippet":"max-snippet:-1","max-image-preview":"max-image-preview:large","max-video-preview":"max-video-preview:-1"},"canonical":"https:\/\/socialdesignmagazine.com\/mag\/design\/lampada-feeler-bluetooth-speaker\/","og_locale":"it_IT","og_type":"article","og_title":"LAMPADA FEELER bluetooth speaker - Social Design Magazine","og_description":"La lampada di FEELER disegnata per ecOtono da Francesco Valli ha due particolarit\u00e0 che vanno oltre il design e l'estetica.","og_url":"http:\/\/socialdesignmagazine.com\/mag\/design\/lampada-feeler-bluetooth-speaker\/","og_site_name":"Social Design Magazine","article_publisher":"https:\/\/www.facebook.com\/socialdesignmag","article_published_time":"2014-09-18T08:00:00+00:00","article_modified_time":"2025-04-05T18:53:50+00:00","og_image":[{"width":720,"height":1080,"url":"https:\/\/socialdesignmagazine.com\/mag\/wp-content\/uploads\/2014\/09\/users_ecotono__MG_4175.jpg","type":"image\/jpeg"}],"author":"Francesco Valli","twitter_card":"summary_large_image","twitter_creator":"@socialdesignmag","twitter_site":"@socialdesignmag","twitter_misc":{"Scritto da":"Francesco Valli","Tempo di lettura stimato":"1 minuto"},"schema":{"@context":"https:\/\/schema.org","@graph":[{"@type":"Article","@id":"https:\/\/socialdesignmagazine.com\/mag\/design\/lampada-feeler-bluetooth-speaker\/#article","isPartOf":{"@id":"https:\/\/socialdesignmagazine.com\/mag\/design\/lampada-feeler-bluetooth-speaker\/"},"author":{"name":"Francesco Valli","@id":"https:\/\/socialdesignmagazine.com\/mag\/#\/schema\/person\/04a818c1130a8e00687e90cf57ca7cd1"},"headline":"LAMPADA FEELER bluetooth speaker","datePublished":"2014-09-18T08:00:00+00:00","dateModified":"2025-04-05T18:53:50+00:00","mainEntityOfPage":{"@id":"https:\/\/socialdesignmagazine.com\/mag\/design\/lampada-feeler-bluetooth-speaker\/"},"wordCount":64,"commentCount":0,"publisher":{"@id":"https:\/\/socialdesignmagazine.com\/mag\/#organization"},"image":{"@id":"https:\/\/socialdesignmagazine.com\/mag\/design\/lampada-feeler-bluetooth-speaker\/#primaryimage"},"thumbnailUrl":"https:\/\/socialdesignmagazine.com\/mag\/wp-content\/uploads\/2014\/09\/users_ecotono__MG_4175.jpg","keywords":["bluetooth","ecotono","francesco valli","illuminazione","lampada a sospensione","lampada da tavolo","speaker"],"articleSection":["Design"],"inLanguage":"it-IT","potentialAction":[{"@type":"CommentAction","name":"Comment","target":["https:\/\/socialdesignmagazine.com\/mag\/design\/lampada-feeler-bluetooth-speaker\/#respond"]}]},{"@type":"WebPage","@id":"https:\/\/socialdesignmagazine.com\/mag\/design\/lampada-feeler-bluetooth-speaker\/","url":"https:\/\/socialdesignmagazine.com\/mag\/design\/lampada-feeler-bluetooth-speaker\/","name":"LAMPADA FEELER bluetooth speaker - Social Design Magazine","isPartOf":{"@id":"https:\/\/socialdesignmagazine.com\/mag\/#website"},"primaryImageOfPage":{"@id":"https:\/\/socialdesignmagazine.com\/mag\/design\/lampada-feeler-bluetooth-speaker\/#primaryimage"},"image":{"@id":"https:\/\/socialdesignmagazine.com\/mag\/design\/lampada-feeler-bluetooth-speaker\/#primaryimage"},"thumbnailUrl":"https:\/\/socialdesignmagazine.com\/mag\/wp-content\/uploads\/2014\/09\/users_ecotono__MG_4175.jpg","datePublished":"2014-09-18T08:00:00+00:00","dateModified":"2025-04-05T18:53:50+00:00","description":"La lampada di FEELER disegnata per ecOtono da Francesco Valli ha due particolarit\u00e0 che vanno oltre il design e l'estetica.","breadcrumb":{"@id":"https:\/\/socialdesignmagazine.com\/mag\/design\/lampada-feeler-bluetooth-speaker\/#breadcrumb"},"inLanguage":"it-IT","potentialAction":[{"@type":"ReadAction","target":["https:\/\/socialdesignmagazine.com\/mag\/design\/lampada-feeler-bluetooth-speaker\/"]}]},{"@type":"ImageObject","inLanguage":"it-IT","@id":"https:\/\/socialdesignmagazine.com\/mag\/design\/lampada-feeler-bluetooth-speaker\/#primaryimage","url":"https:\/\/socialdesignmagazine.com\/mag\/wp-content\/uploads\/2014\/09\/users_ecotono__MG_4175.jpg","contentUrl":"https:\/\/socialdesignmagazine.com\/mag\/wp-content\/uploads\/2014\/09\/users_ecotono__MG_4175.jpg","width":720,"height":1080,"caption":"MG 4175"},{"@type":"BreadcrumbList","@id":"https:\/\/socialdesignmagazine.com\/mag\/design\/lampada-feeler-bluetooth-speaker\/#breadcrumb","itemListElement":[{"@type":"ListItem","position":1,"name":"Home","item":"https:\/\/socialdesignmagazine.com\/mag\/"},{"@type":"ListItem","position":2,"name":"Design","item":"https:\/\/socialdesignmagazine.com\/mag\/design\/"},{"@type":"ListItem","position":3,"name":"LAMPADA FEELER bluetooth speaker"}]},{"@type":"WebSite","@id":"https:\/\/socialdesignmagazine.com\/mag\/#website","url":"https:\/\/socialdesignmagazine.com\/mag\/","name":"Social Design Magazine","description":"Social Magazine su Design, Architettura, Arte, Grafica","publisher":{"@id":"https:\/\/socialdesignmagazine.com\/mag\/#organization"},"potentialAction":[{"@type":"SearchAction","target":{"@type":"EntryPoint","urlTemplate":"https:\/\/socialdesignmagazine.com\/mag\/?s={search_term_string}"},"query-input":{"@type":"PropertyValueSpecification","valueRequired":true,"valueName":"search_term_string"}}],"inLanguage":"it-IT"},{"@type":"Organization","@id":"https:\/\/socialdesignmagazine.com\/mag\/#organization","name":"Social Design Magazine","url":"https:\/\/socialdesignmagazine.com\/mag\/","logo":{"@type":"ImageObject","inLanguage":"it-IT","@id":"https:\/\/socialdesignmagazine.com\/mag\/#\/schema\/logo\/image\/","url":"https:\/\/socialdesignmagazine.com\/mag\/wp-content\/uploads\/2017\/01\/logo_favicon_11.png","contentUrl":"https:\/\/socialdesignmagazine.com\/mag\/wp-content\/uploads\/2017\/01\/logo_favicon_11.png","width":1024,"height":1024,"caption":"Social Design Magazine"},"image":{"@id":"https:\/\/socialdesignmagazine.com\/mag\/#\/schema\/logo\/image\/"},"sameAs":["https:\/\/www.facebook.com\/socialdesignmag","https:\/\/x.com\/socialdesignmag","http:\/\/instagram.com\/social_design_magazine\/","http:\/\/pinterest.com\/socialdesignmag\/","http:\/\/www.youtube.com\/user\/socialdesignmagazine"]},{"@type":"Person","@id":"https:\/\/socialdesignmagazine.com\/mag\/#\/schema\/person\/04a818c1130a8e00687e90cf57ca7cd1","name":"Francesco Valli","image":{"@type":"ImageObject","inLanguage":"it-IT","@id":"https:\/\/secure.gravatar.com\/avatar\/a6270bd52c6bc70df4807a7dc091f93b439685163dcf6a9b554ee79d654e36e3?s=96&d=mm&r=g","url":"https:\/\/secure.gravatar.com\/avatar\/a6270bd52c6bc70df4807a7dc091f93b439685163dcf6a9b554ee79d654e36e3?s=96&d=mm&r=g","contentUrl":"https:\/\/secure.gravatar.com\/avatar\/a6270bd52c6bc70df4807a7dc091f93b439685163dcf6a9b554ee79d654e36e3?s=96&d=mm&r=g","caption":"Francesco Valli"},"url":"https:\/\/socialdesignmagazine.com\/mag\/author\/ecotono\/"}]}},"jetpack_featured_media_url":"https:\/\/socialdesignmagazine.com\/mag\/wp-content\/uploads\/2014\/09\/users_ecotono__MG_4175.jpg","jetpack_sharing_enabled":true,"jetpack_shortlink":"https:\/\/wp.me\/p6cV7V-QW","gt_translate_keys":[{"key":"link","format":"url"}],"_links":{"self":[{"href":"https:\/\/socialdesignmagazine.com\/mag\/wp-json\/wp\/v2\/posts\/3282","targetHints":{"allow":["GET"]}}],"collection":[{"href":"https:\/\/socialdesignmagazine.com\/mag\/wp-json\/wp\/v2\/posts"}],"about":[{"href":"https:\/\/socialdesignmagazine.com\/mag\/wp-json\/wp\/v2\/types\/post"}],"author":[{"embeddable":true,"href":"https:\/\/socialdesignmagazine.com\/mag\/wp-json\/wp\/v2\/users\/138"}],"replies":[{"embeddable":true,"href":"https:\/\/socialdesignmagazine.com\/mag\/wp-json\/wp\/v2\/comments?post=3282"}],"version-history":[{"count":2,"href":"https:\/\/socialdesignmagazine.com\/mag\/wp-json\/wp\/v2\/posts\/3282\/revisions"}],"predecessor-version":[{"id":64191,"href":"https:\/\/socialdesignmagazine.com\/mag\/wp-json\/wp\/v2\/posts\/3282\/revisions\/64191"}],"wp:featuredmedia":[{"embeddable":true,"href":"https:\/\/socialdesignmagazine.com\/mag\/wp-json\/wp\/v2\/media\/19234"}],"wp:attachment":[{"href":"https:\/\/socialdesignmagazine.com\/mag\/wp-json\/wp\/v2\/media?parent=3282"}],"wp:term":[{"taxonomy":"category","embeddable":true,"href":"https:\/\/socialdesignmagazine.com\/mag\/wp-json\/wp\/v2\/categories?post=3282"},{"taxonomy":"post_tag","embeddable":true,"href":"https:\/\/socialdesignmagazine.com\/mag\/wp-json\/wp\/v2\/tags?post=3282"}],"curies":[{"name":"wp","href":"https:\/\/api.w.org\/{rel}","templated":true}]}}