{"id":3332,"date":"2014-10-20T19:00:00","date_gmt":"2014-10-20T17:00:00","guid":{"rendered":"https:\/\/socialdesignmagazine.com\/mag\/s13-special\/c53-cersaie-2014\/hom-complementi-darredo-termici-design-davide-vercelli\/"},"modified":"2025-04-09T14:57:30","modified_gmt":"2025-04-09T12:57:30","slug":"hom-complementi-darredo-termici-design-davide-vercelli","status":"publish","type":"post","link":"https:\/\/socialdesignmagazine.com\/mag\/cersaie-2014\/hom-complementi-darredo-termici-design-davide-vercelli\/","title":{"rendered":"HOM complementi d&#8217;arredo termici, design Davide Vercelli","gt_translate_keys":[{"key":"rendered","format":"text"}]},"content":{"rendered":"\n<h2 class=\"wp-block-heading\">Hom \u00e8 una Collezione di <strong>complementi d&#8217;arredo termici<\/strong> progettata da <strong>Davide Vercelli<\/strong> per scaldare, asciugare, arredare e risparmiare energia nella casa contemporanea.<\/h2>\n\n\n\n<p>HOM \u00e8 tra i vincitori dell&#8217;ADI Ceramics Design Award 2014 nato dalla collaborazione fra ADI e Cersaie.<\/p>\n\n\n\n<p>La collezione HOM \u00e8 stata presentata allo scorso Cersaie dopo circa tre anni di sperimentazioni effettuate dal designer Davide Vercelli per l&#8217;azienda Rotfil (proprietaria della tecnologia e del brand HOM) in collaborazione con il Dipartimento di Scienza dei Materiali del Politecnico di Torino.<\/p>\n\n\n\n<p>Davide Vercelli \u00e8 un designer che da oltre vent&#8217;anni elabora progetti ad elevato tasso innovativo nel settore bagno (tra i tanti basti ricordare le collezioni di rubinetterie per Ritmonio) ed anche in questa occasione ha cercato di produrre qualcosa che di fatto mancava.<\/p>\n\n\n\n<p><em>&#8220;Osservando gli attuali scalda-salviette&#8221;<\/em> spiega Vercelli <em>&#8220;mi sono reso conto che in realt\u00e0 erano oggetti nati per scaldare l&#8217;ambiente, perci\u00f2 mi sono dedicato allo studio di una nuova tipologia di prodotti pensati non per scaldare l&#8217;ambiente ma per essere un vero e proprio supporto asciugante.&#8221;<\/em><\/p>\n\n\n\n<p>Il lavoro \u00e8 partito da una particolare resistenza elettrica (tecnologia Rotfil) inglobata in una &#8220;piastrella&#8221; durante il processo di sinterizzazione, cio\u00e8 mentre si pressano ad altissime temperature le polveri da cui nascer\u00e0 la speciale piastrella riscaldante. Poi, inserita in appositi stampi, la stessa piastrella diventer\u00e0 l&#8217;anima di cinque prodotti dal design e dall&#8217;identit\u00e0 ben definita: la mensola Basic, lo sgabello Zig Zag, il porta asciugamani Shield, l&#8217;oggetto scalda-ambiente Radiatore e la mensola scalda-ambiente H Pad.<\/p>\n\n\n<div class=\"wp-block-image\">\n<figure class=\"aligncenter\"><img loading=\"lazy\" decoding=\"async\" width=\"720\" height=\"1045\" data-attachment-id=\"19525\" data-permalink=\"https:\/\/socialdesignmagazine.com\/mag\/cersaie-2014\/hom-complementi-darredo-termici-design-davide-vercelli\/attachment\/davide-vercelli-hom-social-design-magazine-01\/#content\" data-orig-file=\"https:\/\/socialdesignmagazine.com\/mag\/wp-content\/uploads\/2014\/10\/benedetto_davide_vercelli_hom_Davide_Vercelli_Hom_Social_Design_Magazine_01.jpg\" data-orig-size=\"720,1045\" data-comments-opened=\"1\" data-image-meta=\"{&quot;aperture&quot;:&quot;10&quot;,&quot;credit&quot;:&quot;&quot;,&quot;camera&quot;:&quot;ILCE-7R&quot;,&quot;caption&quot;:&quot;&quot;,&quot;created_timestamp&quot;:&quot;1409675141&quot;,&quot;copyright&quot;:&quot;&quot;,&quot;focal_length&quot;:&quot;35&quot;,&quot;iso&quot;:&quot;100&quot;,&quot;shutter_speed&quot;:&quot;0.01&quot;,&quot;title&quot;:&quot;&quot;,&quot;orientation&quot;:&quot;1&quot;}\" data-image-title=\"Davide Vercelli Hom Social Design Magazine 01\" data-image-description=\"\" data-image-caption=\"\" data-medium-file=\"https:\/\/socialdesignmagazine.com\/mag\/wp-content\/uploads\/2014\/10\/benedetto_davide_vercelli_hom_Davide_Vercelli_Hom_Social_Design_Magazine_01-396x256.jpg\" data-large-file=\"https:\/\/socialdesignmagazine.com\/mag\/wp-content\/uploads\/2014\/10\/benedetto_davide_vercelli_hom_Davide_Vercelli_Hom_Social_Design_Magazine_01.jpg\" src=\"https:\/\/socialdesignmagazine.com\/mag\/wp-content\/uploads\/2014\/10\/benedetto_davide_vercelli_hom_Davide_Vercelli_Hom_Social_Design_Magazine_01.jpg\" alt=\"Davide Vercelli Hom Social Design Magazine 01\" class=\"wp-image-19525\"\/><\/figure>\n<\/div>\n\n\n<p><em>&#8220;Pensando al risparmio energetico, con Rotfil abbiamo realizzato degli elementi studiati per trasferire il massimo calore agli oggetti su di essi adagiati, nel pi\u00f9 breve tempo possibile. Il loro cuore scaldante ha una notevole inerzia termica. Vuol dire che se accendiamo, per esempio, la mensola Basic per pochi minuti, questa conserver\u00e0, e trasferir\u00e0 il calore che ha accumulato, per alcune decine di minuti dopo lo spegnimento (dipende anche dalle condizioni ambientali). Dal punto di vista dei consumi \u00e8 come se accendessimo per pochi minuti una tradizionale lampadina a bulbo da 100 watt. La lampadina si scalda subito e, appena spenta, si raffredda altrettanto rapidamente, mentre i prodotti HOM anche se vengono spenti riescono a sfruttare per molto tempo tutta la potenza installata in calore.&#8221;<\/em> D.V.<\/p>\n\n\n\n<p>Il riconoscimento dell&#8217;ADI Ceramics Design Award 2014 ha premiato per\u00f2 non solo l&#8217;innovazione tecnologica del prodotto ma anche il modo in cui questa valorizza il design della collezione HOM. <em>&#8220;Volevo creare una collezione di arredi innovativi che potesse ambientarsi con discrezione nelle sale da bagno e nelle spa pi\u00f9 contemporanee ed anche in quelle dal gusto un po&#8217; retr\u00f2.&#8221;<\/em> D.V.<\/p>\n\n\n<div class=\"wp-block-image\">\n<figure class=\"aligncenter\"><img loading=\"lazy\" decoding=\"async\" width=\"720\" height=\"473\" data-attachment-id=\"19526\" data-permalink=\"https:\/\/socialdesignmagazine.com\/mag\/cersaie-2014\/hom-complementi-darredo-termici-design-davide-vercelli\/attachment\/davide-vercelli-hom-social-design-magazine-03\/#content\" data-orig-file=\"https:\/\/socialdesignmagazine.com\/mag\/wp-content\/uploads\/2014\/10\/benedetto_davide_vercelli_hom_Davide_Vercelli_Hom_Social_Design_Magazine_03.jpg\" data-orig-size=\"720,473\" data-comments-opened=\"1\" data-image-meta=\"{&quot;aperture&quot;:&quot;13&quot;,&quot;credit&quot;:&quot;&quot;,&quot;camera&quot;:&quot;ILCE-7R&quot;,&quot;caption&quot;:&quot;&quot;,&quot;created_timestamp&quot;:&quot;1409673525&quot;,&quot;copyright&quot;:&quot;&quot;,&quot;focal_length&quot;:&quot;50&quot;,&quot;iso&quot;:&quot;100&quot;,&quot;shutter_speed&quot;:&quot;0.01&quot;,&quot;title&quot;:&quot;&quot;,&quot;orientation&quot;:&quot;1&quot;}\" data-image-title=\"Davide Vercelli Hom Social Design Magazine 03\" data-image-description=\"\" data-image-caption=\"\" data-medium-file=\"https:\/\/socialdesignmagazine.com\/mag\/wp-content\/uploads\/2014\/10\/benedetto_davide_vercelli_hom_Davide_Vercelli_Hom_Social_Design_Magazine_03-396x256.jpg\" data-large-file=\"https:\/\/socialdesignmagazine.com\/mag\/wp-content\/uploads\/2014\/10\/benedetto_davide_vercelli_hom_Davide_Vercelli_Hom_Social_Design_Magazine_03.jpg\" src=\"https:\/\/socialdesignmagazine.com\/mag\/wp-content\/uploads\/2014\/10\/benedetto_davide_vercelli_hom_Davide_Vercelli_Hom_Social_Design_Magazine_03.jpg\" alt=\"Davide Vercelli Hom Social Design Magazine 03\" class=\"wp-image-19526\" srcset=\"https:\/\/socialdesignmagazine.com\/mag\/wp-content\/uploads\/2014\/10\/benedetto_davide_vercelli_hom_Davide_Vercelli_Hom_Social_Design_Magazine_03.jpg 720w, https:\/\/socialdesignmagazine.com\/mag\/wp-content\/uploads\/2014\/10\/benedetto_davide_vercelli_hom_Davide_Vercelli_Hom_Social_Design_Magazine_03-100x66.jpg 100w\" sizes=\"auto, (max-width: 720px) 100vw, 720px\" \/><\/figure>\n<\/div>\n\n\n<p>Sono nati da questo concept oggetti minimal come le mensole Basic e H Pad, ma anche oggetti pi\u00f9 caratterizzati, come lo scalda-salviette Shield e lo sgabello Zig Zag. Nonostante la sua dimensione (pesa circa 20 kg ed \u00e8 in &#8220;monolite ipergres&#8221;, marchio depositato da Laboratorio Pesaro, fornitore del materiale) lo Zig Zag \u00e8 facilmente spostabile, pu\u00f2 essere ambientato anche in esterni, \u00e8 antigelivo e resistente anche agli attacchi di acidi e salsedine. Il Radiatore \u00e8 invece l&#8217;unico prodotto pensato per scaldare l&#8217;ambiente, e riesce a farlo molto efficacemente, grazie alle caratteristiche della piastrella scaldante interna.<\/p>\n\n\n\n<p>Un&#8217;attenzione particolare \u00e8 stata dedicata da Rotfil agli effetti economici della progettazione e dell&#8217;innovazione tecnologica. Spesso infatti i prodotti pi\u00f9 innovativi hanno un prezzo elevato. In questo caso invece, ad esclusione dello sgabello Zig Zag, il prezzo dei prodotti HOM \u00e8 interessante e accessibile per il grande pubblico.<\/p>\n\n\n\n<p>Rotfil crede molto in questa collezione e tra non molto introdurr\u00e0 nuovi pezzi, inserendo anche nuovi colori nell&#8217;attuale gamma proposta.<\/p>\n\n\n\n<p><em>&#8220;Nella mia storia professionale ho contribuito a sviluppare molti nuovi prodotti e tanti brand. Credo che con HOM siamo per\u00f2 di fronte ad un&#8217;innovazione tipologica che per caratteristiche, performance, prezzo&#8230;e soprattutto per la visione del titolare Rotfil, ha tutti i numeri per diventare un successo ed una vera case history nel settore dell&#8217;arredo in generale.&#8221;<\/em> D. V.<\/p>\n\n\n<div class=\"wp-block-image\">\n<figure class=\"aligncenter\"><img loading=\"lazy\" decoding=\"async\" width=\"720\" height=\"1078\" data-attachment-id=\"19527\" data-permalink=\"https:\/\/socialdesignmagazine.com\/mag\/cersaie-2014\/hom-complementi-darredo-termici-design-davide-vercelli\/attachment\/davide-vercelli-hom-social-design-magazine-04\/#content\" data-orig-file=\"https:\/\/socialdesignmagazine.com\/mag\/wp-content\/uploads\/2014\/10\/benedetto_davide_vercelli_hom_Davide_Vercelli_Hom_Social_Design_Magazine_04.jpg\" data-orig-size=\"720,1078\" data-comments-opened=\"1\" data-image-meta=\"{&quot;aperture&quot;:&quot;16&quot;,&quot;credit&quot;:&quot;&quot;,&quot;camera&quot;:&quot;ILCE-7R&quot;,&quot;caption&quot;:&quot;&quot;,&quot;created_timestamp&quot;:&quot;1409671603&quot;,&quot;copyright&quot;:&quot;&quot;,&quot;focal_length&quot;:&quot;135&quot;,&quot;iso&quot;:&quot;100&quot;,&quot;shutter_speed&quot;:&quot;0.01&quot;,&quot;title&quot;:&quot;&quot;,&quot;orientation&quot;:&quot;1&quot;}\" data-image-title=\"Davide Vercelli Hom Social Design Magazine 04\" data-image-description=\"\" data-image-caption=\"\" data-medium-file=\"https:\/\/socialdesignmagazine.com\/mag\/wp-content\/uploads\/2014\/10\/benedetto_davide_vercelli_hom_Davide_Vercelli_Hom_Social_Design_Magazine_04-396x256.jpg\" data-large-file=\"https:\/\/socialdesignmagazine.com\/mag\/wp-content\/uploads\/2014\/10\/benedetto_davide_vercelli_hom_Davide_Vercelli_Hom_Social_Design_Magazine_04.jpg\" src=\"https:\/\/socialdesignmagazine.com\/mag\/wp-content\/uploads\/2014\/10\/benedetto_davide_vercelli_hom_Davide_Vercelli_Hom_Social_Design_Magazine_04.jpg\" alt=\"Davide Vercelli Hom Social Design Magazine 04\" class=\"wp-image-19527\"\/><\/figure>\n<\/div>\n\n<div class=\"wp-block-image\">\n<figure class=\"aligncenter\"><img loading=\"lazy\" decoding=\"async\" width=\"720\" height=\"1078\" data-attachment-id=\"19528\" data-permalink=\"https:\/\/socialdesignmagazine.com\/mag\/cersaie-2014\/hom-complementi-darredo-termici-design-davide-vercelli\/attachment\/davide-vercelli-hom-social-design-magazine-05\/#content\" data-orig-file=\"https:\/\/socialdesignmagazine.com\/mag\/wp-content\/uploads\/2014\/10\/benedetto_davide_vercelli_hom_Davide_Vercelli_Hom_Social_Design_Magazine_05.jpg\" data-orig-size=\"720,1078\" data-comments-opened=\"1\" data-image-meta=\"{&quot;aperture&quot;:&quot;9&quot;,&quot;credit&quot;:&quot;&quot;,&quot;camera&quot;:&quot;ILCE-7R&quot;,&quot;caption&quot;:&quot;&quot;,&quot;created_timestamp&quot;:&quot;1409759274&quot;,&quot;copyright&quot;:&quot;&quot;,&quot;focal_length&quot;:&quot;40&quot;,&quot;iso&quot;:&quot;100&quot;,&quot;shutter_speed&quot;:&quot;0.01&quot;,&quot;title&quot;:&quot;&quot;,&quot;orientation&quot;:&quot;1&quot;}\" data-image-title=\"Davide Vercelli Hom Social Design Magazine 05\" data-image-description=\"\" data-image-caption=\"\" data-medium-file=\"https:\/\/socialdesignmagazine.com\/mag\/wp-content\/uploads\/2014\/10\/benedetto_davide_vercelli_hom_Davide_Vercelli_Hom_Social_Design_Magazine_05-396x256.jpg\" data-large-file=\"https:\/\/socialdesignmagazine.com\/mag\/wp-content\/uploads\/2014\/10\/benedetto_davide_vercelli_hom_Davide_Vercelli_Hom_Social_Design_Magazine_05.jpg\" src=\"https:\/\/socialdesignmagazine.com\/mag\/wp-content\/uploads\/2014\/10\/benedetto_davide_vercelli_hom_Davide_Vercelli_Hom_Social_Design_Magazine_05.jpg\" alt=\"Davide Vercelli Hom Social Design Magazine 05\" class=\"wp-image-19528\"\/><\/figure>\n<\/div>\n\n<div class=\"wp-block-image\">\n<figure class=\"aligncenter\"><img loading=\"lazy\" decoding=\"async\" width=\"720\" height=\"546\" data-attachment-id=\"19529\" data-permalink=\"https:\/\/socialdesignmagazine.com\/mag\/cersaie-2014\/hom-complementi-darredo-termici-design-davide-vercelli\/attachment\/davide-vercelli-hom-social-design-magazine-06\/#content\" data-orig-file=\"https:\/\/socialdesignmagazine.com\/mag\/wp-content\/uploads\/2014\/10\/benedetto_davide_vercelli_hom_Davide_Vercelli_Hom_Social_Design_Magazine_06.jpg\" data-orig-size=\"720,546\" data-comments-opened=\"1\" data-image-meta=\"{&quot;aperture&quot;:&quot;11&quot;,&quot;credit&quot;:&quot;&quot;,&quot;camera&quot;:&quot;ILCE-7R&quot;,&quot;caption&quot;:&quot;&quot;,&quot;created_timestamp&quot;:&quot;1409757573&quot;,&quot;copyright&quot;:&quot;&quot;,&quot;focal_length&quot;:&quot;40&quot;,&quot;iso&quot;:&quot;100&quot;,&quot;shutter_speed&quot;:&quot;0.01&quot;,&quot;title&quot;:&quot;&quot;,&quot;orientation&quot;:&quot;1&quot;}\" data-image-title=\"Davide Vercelli Hom Social Design Magazine 06\" data-image-description=\"\" data-image-caption=\"\" data-medium-file=\"https:\/\/socialdesignmagazine.com\/mag\/wp-content\/uploads\/2014\/10\/benedetto_davide_vercelli_hom_Davide_Vercelli_Hom_Social_Design_Magazine_06-396x256.jpg\" data-large-file=\"https:\/\/socialdesignmagazine.com\/mag\/wp-content\/uploads\/2014\/10\/benedetto_davide_vercelli_hom_Davide_Vercelli_Hom_Social_Design_Magazine_06.jpg\" src=\"https:\/\/socialdesignmagazine.com\/mag\/wp-content\/uploads\/2014\/10\/benedetto_davide_vercelli_hom_Davide_Vercelli_Hom_Social_Design_Magazine_06.jpg\" alt=\"Davide Vercelli Hom Social Design Magazine 06\" class=\"wp-image-19529\"\/><\/figure>\n<\/div>\n\n<div class=\"wp-block-image\">\n<figure class=\"aligncenter\"><img loading=\"lazy\" decoding=\"async\" width=\"720\" height=\"1017\" data-attachment-id=\"19530\" data-permalink=\"https:\/\/socialdesignmagazine.com\/mag\/cersaie-2014\/hom-complementi-darredo-termici-design-davide-vercelli\/attachment\/davide-vercelli-hom-social-design-magazine-07\/#content\" data-orig-file=\"https:\/\/socialdesignmagazine.com\/mag\/wp-content\/uploads\/2014\/10\/benedetto_davide_vercelli_hom_Davide_Vercelli_Hom_Social_Design_Magazine_07.jpg\" data-orig-size=\"720,1017\" data-comments-opened=\"1\" data-image-meta=\"{&quot;aperture&quot;:&quot;3.2&quot;,&quot;credit&quot;:&quot;&quot;,&quot;camera&quot;:&quot;ILCE-7R&quot;,&quot;caption&quot;:&quot;&quot;,&quot;created_timestamp&quot;:&quot;1409760674&quot;,&quot;copyright&quot;:&quot;&quot;,&quot;focal_length&quot;:&quot;28&quot;,&quot;iso&quot;:&quot;100&quot;,&quot;shutter_speed&quot;:&quot;0.5&quot;,&quot;title&quot;:&quot;&quot;,&quot;orientation&quot;:&quot;1&quot;}\" data-image-title=\"Davide Vercelli Hom Social Design Magazine 07\" data-image-description=\"\" data-image-caption=\"\" data-medium-file=\"https:\/\/socialdesignmagazine.com\/mag\/wp-content\/uploads\/2014\/10\/benedetto_davide_vercelli_hom_Davide_Vercelli_Hom_Social_Design_Magazine_07-396x256.jpg\" data-large-file=\"https:\/\/socialdesignmagazine.com\/mag\/wp-content\/uploads\/2014\/10\/benedetto_davide_vercelli_hom_Davide_Vercelli_Hom_Social_Design_Magazine_07.jpg\" src=\"https:\/\/socialdesignmagazine.com\/mag\/wp-content\/uploads\/2014\/10\/benedetto_davide_vercelli_hom_Davide_Vercelli_Hom_Social_Design_Magazine_07.jpg\" alt=\"Davide Vercelli Hom Social Design Magazine 07\" class=\"wp-image-19530\"\/><\/figure>\n<\/div>\n\n<div class=\"wp-block-image\">\n<figure class=\"aligncenter\"><img loading=\"lazy\" decoding=\"async\" width=\"720\" height=\"549\" data-attachment-id=\"19531\" data-permalink=\"https:\/\/socialdesignmagazine.com\/mag\/cersaie-2014\/hom-complementi-darredo-termici-design-davide-vercelli\/attachment\/davide-vercelli-hom-social-design-magazine-08\/#content\" data-orig-file=\"https:\/\/socialdesignmagazine.com\/mag\/wp-content\/uploads\/2014\/10\/benedetto_davide_vercelli_hom_Davide_Vercelli_Hom_Social_Design_Magazine_08.jpg\" data-orig-size=\"720,549\" data-comments-opened=\"1\" data-image-meta=\"{&quot;aperture&quot;:&quot;10&quot;,&quot;credit&quot;:&quot;&quot;,&quot;camera&quot;:&quot;ILCE-7R&quot;,&quot;caption&quot;:&quot;&quot;,&quot;created_timestamp&quot;:&quot;1409762194&quot;,&quot;copyright&quot;:&quot;&quot;,&quot;focal_length&quot;:&quot;50&quot;,&quot;iso&quot;:&quot;100&quot;,&quot;shutter_speed&quot;:&quot;0.01&quot;,&quot;title&quot;:&quot;&quot;,&quot;orientation&quot;:&quot;1&quot;}\" data-image-title=\"Davide Vercelli Hom Social Design Magazine 08\" data-image-description=\"\" data-image-caption=\"\" data-medium-file=\"https:\/\/socialdesignmagazine.com\/mag\/wp-content\/uploads\/2014\/10\/benedetto_davide_vercelli_hom_Davide_Vercelli_Hom_Social_Design_Magazine_08-396x256.jpg\" data-large-file=\"https:\/\/socialdesignmagazine.com\/mag\/wp-content\/uploads\/2014\/10\/benedetto_davide_vercelli_hom_Davide_Vercelli_Hom_Social_Design_Magazine_08.jpg\" src=\"https:\/\/socialdesignmagazine.com\/mag\/wp-content\/uploads\/2014\/10\/benedetto_davide_vercelli_hom_Davide_Vercelli_Hom_Social_Design_Magazine_08.jpg\" alt=\"Davide Vercelli Hom Social Design Magazine 08\" class=\"wp-image-19531\"\/><\/figure>\n<\/div>\n\n<div class=\"wp-block-image\">\n<figure class=\"aligncenter\"><img loading=\"lazy\" decoding=\"async\" width=\"720\" height=\"480\" data-attachment-id=\"19532\" data-permalink=\"https:\/\/socialdesignmagazine.com\/mag\/cersaie-2014\/hom-complementi-darredo-termici-design-davide-vercelli\/attachment\/davide-vercelli-hom-social-design-magazine-09\/#content\" data-orig-file=\"https:\/\/socialdesignmagazine.com\/mag\/wp-content\/uploads\/2014\/10\/benedetto_davide_vercelli_hom_Davide_Vercelli_Hom_Social_Design_Magazine_09.jpg\" data-orig-size=\"720,480\" data-comments-opened=\"1\" data-image-meta=\"{&quot;aperture&quot;:&quot;13&quot;,&quot;credit&quot;:&quot;&quot;,&quot;camera&quot;:&quot;ILCE-7R&quot;,&quot;caption&quot;:&quot;&quot;,&quot;created_timestamp&quot;:&quot;1409678549&quot;,&quot;copyright&quot;:&quot;&quot;,&quot;focal_length&quot;:&quot;35&quot;,&quot;iso&quot;:&quot;125&quot;,&quot;shutter_speed&quot;:&quot;0.01&quot;,&quot;title&quot;:&quot;&quot;,&quot;orientation&quot;:&quot;1&quot;}\" data-image-title=\"Davide Vercelli Hom Social Design Magazine 09\" data-image-description=\"\" data-image-caption=\"\" data-medium-file=\"https:\/\/socialdesignmagazine.com\/mag\/wp-content\/uploads\/2014\/10\/benedetto_davide_vercelli_hom_Davide_Vercelli_Hom_Social_Design_Magazine_09-396x256.jpg\" data-large-file=\"https:\/\/socialdesignmagazine.com\/mag\/wp-content\/uploads\/2014\/10\/benedetto_davide_vercelli_hom_Davide_Vercelli_Hom_Social_Design_Magazine_09.jpg\" src=\"https:\/\/socialdesignmagazine.com\/mag\/wp-content\/uploads\/2014\/10\/benedetto_davide_vercelli_hom_Davide_Vercelli_Hom_Social_Design_Magazine_09.jpg\" alt=\"Davide Vercelli Hom Social Design Magazine 09\" class=\"wp-image-19532\" srcset=\"https:\/\/socialdesignmagazine.com\/mag\/wp-content\/uploads\/2014\/10\/benedetto_davide_vercelli_hom_Davide_Vercelli_Hom_Social_Design_Magazine_09.jpg 720w, https:\/\/socialdesignmagazine.com\/mag\/wp-content\/uploads\/2014\/10\/benedetto_davide_vercelli_hom_Davide_Vercelli_Hom_Social_Design_Magazine_09-100x66.jpg 100w\" sizes=\"auto, (max-width: 720px) 100vw, 720px\" \/><\/figure>\n<\/div>\n\n<div class=\"wp-block-image\">\n<figure class=\"aligncenter\"><img loading=\"lazy\" decoding=\"async\" width=\"720\" height=\"1089\" data-attachment-id=\"19533\" data-permalink=\"https:\/\/socialdesignmagazine.com\/mag\/cersaie-2014\/hom-complementi-darredo-termici-design-davide-vercelli\/attachment\/davide-vercelli-hom-social-design-magazine-10\/#content\" data-orig-file=\"https:\/\/socialdesignmagazine.com\/mag\/wp-content\/uploads\/2014\/10\/benedetto_davide_vercelli_hom_Davide_Vercelli_Hom_Social_Design_Magazine_10.jpg\" data-orig-size=\"720,1089\" data-comments-opened=\"1\" data-image-meta=\"{&quot;aperture&quot;:&quot;7.1&quot;,&quot;credit&quot;:&quot;&quot;,&quot;camera&quot;:&quot;ILCE-7R&quot;,&quot;caption&quot;:&quot;&quot;,&quot;created_timestamp&quot;:&quot;1409678085&quot;,&quot;copyright&quot;:&quot;&quot;,&quot;focal_length&quot;:&quot;40&quot;,&quot;iso&quot;:&quot;125&quot;,&quot;shutter_speed&quot;:&quot;0.01&quot;,&quot;title&quot;:&quot;&quot;,&quot;orientation&quot;:&quot;1&quot;}\" data-image-title=\"Davide Vercelli Hom Social Design Magazine 10\" data-image-description=\"\" data-image-caption=\"\" data-medium-file=\"https:\/\/socialdesignmagazine.com\/mag\/wp-content\/uploads\/2014\/10\/benedetto_davide_vercelli_hom_Davide_Vercelli_Hom_Social_Design_Magazine_10-396x256.jpg\" data-large-file=\"https:\/\/socialdesignmagazine.com\/mag\/wp-content\/uploads\/2014\/10\/benedetto_davide_vercelli_hom_Davide_Vercelli_Hom_Social_Design_Magazine_10.jpg\" src=\"https:\/\/socialdesignmagazine.com\/mag\/wp-content\/uploads\/2014\/10\/benedetto_davide_vercelli_hom_Davide_Vercelli_Hom_Social_Design_Magazine_10.jpg\" alt=\"Davide Vercelli Hom Social Design Magazine 10\" class=\"wp-image-19533\"\/><\/figure>\n<\/div>\n\n\n<p>Maggiori informazioni <a class=\"jcepopup\" href=\"http:\/\/www.homwarm.com\" target=\"_blank\" rel=\"nofollow noopener\">qui<\/a><\/p>\n","protected":false,"gt_translate_keys":[{"key":"rendered","format":"html"}]},"excerpt":{"rendered":"<p>Hom \u00e8 una Collezione di complementi d&#8217;arredo termici progettata da Davide Vercelli per scaldare, asciugare, arredare e risparmiare energia nella casa contemporanea.<\/p>\n","protected":false,"gt_translate_keys":[{"key":"rendered","format":"html"}]},"author":1,"featured_media":19524,"comment_status":"open","ping_status":"open","sticky":false,"template":"","format":"standard","meta":{"jetpack_post_was_ever_published":false,"_jetpack_newsletter_access":"","_jetpack_dont_email_post_to_subs":false,"_jetpack_newsletter_tier_id":0,"_jetpack_memberships_contains_paywalled_content":false,"_jetpack_memberships_contains_paid_content":false,"footnotes":"","_wpscppro_dont_share_socialmedia":false,"_wpscppro_custom_social_share_image":0,"_facebook_share_type":"","_twitter_share_type":"","_linkedin_share_type":"","_pinterest_share_type":"","_linkedin_share_type_page":"","_instagram_share_type":"","_medium_share_type":"","_threads_share_type":"","_google_business_share_type":"","_selected_social_profile":[],"_wpsp_enable_custom_social_template":false,"_wpsp_social_scheduling":{"enabled":false,"datetime":null,"platforms":[],"status":"template_only","dateOption":"today","timeOption":"now","customDays":"","customHours":"","customDate":"","customTime":"","schedulingType":"absolute"},"_wpsp_active_default_template":true},"categories":[24],"tags":[1599,3810,4075],"class_list":["post-3332","post","type-post","status-publish","format-standard","has-post-thumbnail","hentry","category-cersaie-2014","tag-ceramica","tag-cersaie-2014","tag-scalda-salviette"],"yoast_head":"<!-- This site is optimized with the Yoast SEO plugin v27.2 - https:\/\/yoast.com\/product\/yoast-seo-wordpress\/ -->\n<title>HOM complementi d&#039;arredo termici, design Davide Vercelli - Social Design Magazine<\/title>\n<meta name=\"description\" content=\"Hom \u00e8 una Collezione di complementi d&#039;arredo termici progettata da Davide Vercelli per scaldare, asciugare, arredare e risparmiare energia nella casa contemporanea.\" \/>\n<meta name=\"robots\" content=\"index, follow, max-snippet:-1, max-image-preview:large, max-video-preview:-1\" \/>\n<link rel=\"canonical\" href=\"https:\/\/socialdesignmagazine.com\/mag\/cersaie-2014\/hom-complementi-darredo-termici-design-davide-vercelli\/\" \/>\n<meta property=\"og:locale\" content=\"it_IT\" \/>\n<meta property=\"og:type\" content=\"article\" \/>\n<meta property=\"og:title\" content=\"HOM complementi d&#039;arredo termici, design Davide Vercelli - Social Design Magazine\" \/>\n<meta property=\"og:description\" content=\"Hom \u00e8 una Collezione di complementi d&#039;arredo termici progettata da Davide Vercelli per scaldare, asciugare, arredare e risparmiare energia nella casa contemporanea.\" \/>\n<meta property=\"og:url\" content=\"http:\/\/socialdesignmagazine.com\/mag\/cersaie-2014\/hom-complementi-darredo-termici-design-davide-vercelli\/\" \/>\n<meta property=\"og:site_name\" content=\"Social Design Magazine\" \/>\n<meta property=\"article:publisher\" content=\"https:\/\/www.facebook.com\/socialdesignmag\" \/>\n<meta property=\"article:author\" content=\"https:\/\/www.facebook.com\/benedettofiori\" \/>\n<meta property=\"article:published_time\" content=\"2014-10-20T17:00:00+00:00\" \/>\n<meta property=\"article:modified_time\" content=\"2025-04-09T12:57:30+00:00\" \/>\n<meta property=\"og:image\" content=\"https:\/\/socialdesignmagazine.com\/mag\/wp-content\/uploads\/2014\/10\/benedetto_davide_vercelli_hom_Davide_Vercelli_Hom_Social_Design_Magazine_02.jpg\" \/>\n\t<meta property=\"og:image:width\" content=\"720\" \/>\n\t<meta property=\"og:image:height\" content=\"480\" \/>\n\t<meta property=\"og:image:type\" content=\"image\/jpeg\" \/>\n<meta name=\"author\" content=\"Benedetto Fiori\" \/>\n<meta name=\"twitter:card\" content=\"summary_large_image\" \/>\n<meta name=\"twitter:creator\" content=\"@benedettofiori\" \/>\n<meta name=\"twitter:site\" content=\"@socialdesignmag\" \/>\n<meta name=\"twitter:label1\" content=\"Scritto da\" \/>\n\t<meta name=\"twitter:data1\" content=\"Benedetto Fiori\" \/>\n\t<meta name=\"twitter:label2\" content=\"Tempo di lettura stimato\" \/>\n\t<meta name=\"twitter:data2\" content=\"6 minuti\" \/>\n<script type=\"application\/ld+json\" class=\"yoast-schema-graph\">{\"@context\":\"https:\/\/schema.org\",\"@graph\":[{\"@type\":\"Article\",\"@id\":\"https:\/\/socialdesignmagazine.com\/mag\/cersaie-2014\/hom-complementi-darredo-termici-design-davide-vercelli\/#article\",\"isPartOf\":{\"@id\":\"https:\/\/socialdesignmagazine.com\/mag\/cersaie-2014\/hom-complementi-darredo-termici-design-davide-vercelli\/\"},\"author\":{\"name\":\"Benedetto Fiori\",\"@id\":\"https:\/\/socialdesignmagazine.com\/mag\/#\/schema\/person\/61e20205cc363c315e6aabd33a045846\"},\"headline\":\"HOM complementi d&#8217;arredo termici, design Davide Vercelli\",\"datePublished\":\"2014-10-20T17:00:00+00:00\",\"dateModified\":\"2025-04-09T12:57:30+00:00\",\"mainEntityOfPage\":{\"@id\":\"https:\/\/socialdesignmagazine.com\/mag\/cersaie-2014\/hom-complementi-darredo-termici-design-davide-vercelli\/\"},\"wordCount\":666,\"commentCount\":0,\"publisher\":{\"@id\":\"https:\/\/socialdesignmagazine.com\/mag\/#organization\"},\"image\":{\"@id\":\"https:\/\/socialdesignmagazine.com\/mag\/cersaie-2014\/hom-complementi-darredo-termici-design-davide-vercelli\/#primaryimage\"},\"thumbnailUrl\":\"https:\/\/socialdesignmagazine.com\/mag\/wp-content\/uploads\/2014\/10\/benedetto_davide_vercelli_hom_Davide_Vercelli_Hom_Social_Design_Magazine_02.jpg\",\"keywords\":[\"ceramica\",\"cersaie 2014\",\"scalda salviette\"],\"articleSection\":[\"Cersaie 2014\"],\"inLanguage\":\"it-IT\",\"potentialAction\":[{\"@type\":\"CommentAction\",\"name\":\"Comment\",\"target\":[\"https:\/\/socialdesignmagazine.com\/mag\/cersaie-2014\/hom-complementi-darredo-termici-design-davide-vercelli\/#respond\"]}]},{\"@type\":\"WebPage\",\"@id\":\"https:\/\/socialdesignmagazine.com\/mag\/cersaie-2014\/hom-complementi-darredo-termici-design-davide-vercelli\/\",\"url\":\"https:\/\/socialdesignmagazine.com\/mag\/cersaie-2014\/hom-complementi-darredo-termici-design-davide-vercelli\/\",\"name\":\"HOM complementi d'arredo termici, design Davide Vercelli - Social Design Magazine\",\"isPartOf\":{\"@id\":\"https:\/\/socialdesignmagazine.com\/mag\/#website\"},\"primaryImageOfPage\":{\"@id\":\"https:\/\/socialdesignmagazine.com\/mag\/cersaie-2014\/hom-complementi-darredo-termici-design-davide-vercelli\/#primaryimage\"},\"image\":{\"@id\":\"https:\/\/socialdesignmagazine.com\/mag\/cersaie-2014\/hom-complementi-darredo-termici-design-davide-vercelli\/#primaryimage\"},\"thumbnailUrl\":\"https:\/\/socialdesignmagazine.com\/mag\/wp-content\/uploads\/2014\/10\/benedetto_davide_vercelli_hom_Davide_Vercelli_Hom_Social_Design_Magazine_02.jpg\",\"datePublished\":\"2014-10-20T17:00:00+00:00\",\"dateModified\":\"2025-04-09T12:57:30+00:00\",\"description\":\"Hom \u00e8 una Collezione di complementi d'arredo termici progettata da Davide Vercelli per scaldare, asciugare, arredare e risparmiare energia nella casa contemporanea.\",\"breadcrumb\":{\"@id\":\"https:\/\/socialdesignmagazine.com\/mag\/cersaie-2014\/hom-complementi-darredo-termici-design-davide-vercelli\/#breadcrumb\"},\"inLanguage\":\"it-IT\",\"potentialAction\":[{\"@type\":\"ReadAction\",\"target\":[\"https:\/\/socialdesignmagazine.com\/mag\/cersaie-2014\/hom-complementi-darredo-termici-design-davide-vercelli\/\"]}]},{\"@type\":\"ImageObject\",\"inLanguage\":\"it-IT\",\"@id\":\"https:\/\/socialdesignmagazine.com\/mag\/cersaie-2014\/hom-complementi-darredo-termici-design-davide-vercelli\/#primaryimage\",\"url\":\"https:\/\/socialdesignmagazine.com\/mag\/wp-content\/uploads\/2014\/10\/benedetto_davide_vercelli_hom_Davide_Vercelli_Hom_Social_Design_Magazine_02.jpg\",\"contentUrl\":\"https:\/\/socialdesignmagazine.com\/mag\/wp-content\/uploads\/2014\/10\/benedetto_davide_vercelli_hom_Davide_Vercelli_Hom_Social_Design_Magazine_02.jpg\",\"width\":720,\"height\":480,\"caption\":\"Davide Vercelli Hom Social Design Magazine 02\"},{\"@type\":\"BreadcrumbList\",\"@id\":\"https:\/\/socialdesignmagazine.com\/mag\/cersaie-2014\/hom-complementi-darredo-termici-design-davide-vercelli\/#breadcrumb\",\"itemListElement\":[{\"@type\":\"ListItem\",\"position\":1,\"name\":\"Home\",\"item\":\"https:\/\/socialdesignmagazine.com\/mag\/\"},{\"@type\":\"ListItem\",\"position\":2,\"name\":\"Cersaie 2014\",\"item\":\"https:\/\/socialdesignmagazine.com\/mag\/cersaie-2014\/\"},{\"@type\":\"ListItem\",\"position\":3,\"name\":\"HOM complementi d&#8217;arredo termici, design Davide Vercelli\"}]},{\"@type\":\"WebSite\",\"@id\":\"https:\/\/socialdesignmagazine.com\/mag\/#website\",\"url\":\"https:\/\/socialdesignmagazine.com\/mag\/\",\"name\":\"Social Design Magazine\",\"description\":\"Social Magazine su Design, Architettura, Arte, Grafica\",\"publisher\":{\"@id\":\"https:\/\/socialdesignmagazine.com\/mag\/#organization\"},\"potentialAction\":[{\"@type\":\"SearchAction\",\"target\":{\"@type\":\"EntryPoint\",\"urlTemplate\":\"https:\/\/socialdesignmagazine.com\/mag\/?s={search_term_string}\"},\"query-input\":{\"@type\":\"PropertyValueSpecification\",\"valueRequired\":true,\"valueName\":\"search_term_string\"}}],\"inLanguage\":\"it-IT\"},{\"@type\":\"Organization\",\"@id\":\"https:\/\/socialdesignmagazine.com\/mag\/#organization\",\"name\":\"Social Design Magazine\",\"url\":\"https:\/\/socialdesignmagazine.com\/mag\/\",\"logo\":{\"@type\":\"ImageObject\",\"inLanguage\":\"it-IT\",\"@id\":\"https:\/\/socialdesignmagazine.com\/mag\/#\/schema\/logo\/image\/\",\"url\":\"https:\/\/socialdesignmagazine.com\/mag\/wp-content\/uploads\/2017\/01\/logo_favicon_11.png\",\"contentUrl\":\"https:\/\/socialdesignmagazine.com\/mag\/wp-content\/uploads\/2017\/01\/logo_favicon_11.png\",\"width\":1024,\"height\":1024,\"caption\":\"Social Design Magazine\"},\"image\":{\"@id\":\"https:\/\/socialdesignmagazine.com\/mag\/#\/schema\/logo\/image\/\"},\"sameAs\":[\"https:\/\/www.facebook.com\/socialdesignmag\",\"https:\/\/x.com\/socialdesignmag\",\"http:\/\/instagram.com\/social_design_magazine\/\",\"http:\/\/pinterest.com\/socialdesignmag\/\",\"http:\/\/www.youtube.com\/user\/socialdesignmagazine\"]},{\"@type\":\"Person\",\"@id\":\"https:\/\/socialdesignmagazine.com\/mag\/#\/schema\/person\/61e20205cc363c315e6aabd33a045846\",\"name\":\"Benedetto Fiori\",\"image\":{\"@type\":\"ImageObject\",\"inLanguage\":\"it-IT\",\"@id\":\"https:\/\/secure.gravatar.com\/avatar\/450a48cefa36da63d920ad70aa660bd10725b1c6093800242e5efdb397759033?s=96&d=mm&r=g\",\"url\":\"https:\/\/secure.gravatar.com\/avatar\/450a48cefa36da63d920ad70aa660bd10725b1c6093800242e5efdb397759033?s=96&d=mm&r=g\",\"contentUrl\":\"https:\/\/secure.gravatar.com\/avatar\/450a48cefa36da63d920ad70aa660bd10725b1c6093800242e5efdb397759033?s=96&d=mm&r=g\",\"caption\":\"Benedetto Fiori\"},\"description\":\"Web | Twitter | Facebook | Shutterstock Founder &amp; Editor in Chief di Social Design Magazine. Attratto da sempre da tutto ci\u00f2 che \u00e8 creativit\u00e0, design, architettura. Dopo aver studiato Architettura all'Universit\u00e0 di Firenze, si \u00e8 impegnato in molteplici campi: comunicazione grafica, progettazione di allestimenti fieristici, brand design, Interior Design.\",\"sameAs\":[\"http:\/\/benedettofiori.com\",\"https:\/\/www.facebook.com\/benedettofiori\",\"https:\/\/x.com\/benedettofiori\"],\"url\":\"https:\/\/socialdesignmagazine.com\/mag\/author\/benedetto\/\"}]}<\/script>\n<!-- \/ Yoast SEO plugin. -->","yoast_head_json":{"title":"HOM complementi d'arredo termici, design Davide Vercelli - Social Design Magazine","description":"Hom \u00e8 una Collezione di complementi d'arredo termici progettata da Davide Vercelli per scaldare, asciugare, arredare e risparmiare energia nella casa contemporanea.","robots":{"index":"index","follow":"follow","max-snippet":"max-snippet:-1","max-image-preview":"max-image-preview:large","max-video-preview":"max-video-preview:-1"},"canonical":"https:\/\/socialdesignmagazine.com\/mag\/cersaie-2014\/hom-complementi-darredo-termici-design-davide-vercelli\/","og_locale":"it_IT","og_type":"article","og_title":"HOM complementi d'arredo termici, design Davide Vercelli - Social Design Magazine","og_description":"Hom \u00e8 una Collezione di complementi d'arredo termici progettata da Davide Vercelli per scaldare, asciugare, arredare e risparmiare energia nella casa contemporanea.","og_url":"http:\/\/socialdesignmagazine.com\/mag\/cersaie-2014\/hom-complementi-darredo-termici-design-davide-vercelli\/","og_site_name":"Social Design Magazine","article_publisher":"https:\/\/www.facebook.com\/socialdesignmag","article_author":"https:\/\/www.facebook.com\/benedettofiori","article_published_time":"2014-10-20T17:00:00+00:00","article_modified_time":"2025-04-09T12:57:30+00:00","og_image":[{"width":720,"height":480,"url":"https:\/\/socialdesignmagazine.com\/mag\/wp-content\/uploads\/2014\/10\/benedetto_davide_vercelli_hom_Davide_Vercelli_Hom_Social_Design_Magazine_02.jpg","type":"image\/jpeg"}],"author":"Benedetto Fiori","twitter_card":"summary_large_image","twitter_creator":"@benedettofiori","twitter_site":"@socialdesignmag","twitter_misc":{"Scritto da":"Benedetto Fiori","Tempo di lettura stimato":"6 minuti"},"schema":{"@context":"https:\/\/schema.org","@graph":[{"@type":"Article","@id":"https:\/\/socialdesignmagazine.com\/mag\/cersaie-2014\/hom-complementi-darredo-termici-design-davide-vercelli\/#article","isPartOf":{"@id":"https:\/\/socialdesignmagazine.com\/mag\/cersaie-2014\/hom-complementi-darredo-termici-design-davide-vercelli\/"},"author":{"name":"Benedetto Fiori","@id":"https:\/\/socialdesignmagazine.com\/mag\/#\/schema\/person\/61e20205cc363c315e6aabd33a045846"},"headline":"HOM complementi d&#8217;arredo termici, design Davide Vercelli","datePublished":"2014-10-20T17:00:00+00:00","dateModified":"2025-04-09T12:57:30+00:00","mainEntityOfPage":{"@id":"https:\/\/socialdesignmagazine.com\/mag\/cersaie-2014\/hom-complementi-darredo-termici-design-davide-vercelli\/"},"wordCount":666,"commentCount":0,"publisher":{"@id":"https:\/\/socialdesignmagazine.com\/mag\/#organization"},"image":{"@id":"https:\/\/socialdesignmagazine.com\/mag\/cersaie-2014\/hom-complementi-darredo-termici-design-davide-vercelli\/#primaryimage"},"thumbnailUrl":"https:\/\/socialdesignmagazine.com\/mag\/wp-content\/uploads\/2014\/10\/benedetto_davide_vercelli_hom_Davide_Vercelli_Hom_Social_Design_Magazine_02.jpg","keywords":["ceramica","cersaie 2014","scalda salviette"],"articleSection":["Cersaie 2014"],"inLanguage":"it-IT","potentialAction":[{"@type":"CommentAction","name":"Comment","target":["https:\/\/socialdesignmagazine.com\/mag\/cersaie-2014\/hom-complementi-darredo-termici-design-davide-vercelli\/#respond"]}]},{"@type":"WebPage","@id":"https:\/\/socialdesignmagazine.com\/mag\/cersaie-2014\/hom-complementi-darredo-termici-design-davide-vercelli\/","url":"https:\/\/socialdesignmagazine.com\/mag\/cersaie-2014\/hom-complementi-darredo-termici-design-davide-vercelli\/","name":"HOM complementi d'arredo termici, design Davide Vercelli - Social Design Magazine","isPartOf":{"@id":"https:\/\/socialdesignmagazine.com\/mag\/#website"},"primaryImageOfPage":{"@id":"https:\/\/socialdesignmagazine.com\/mag\/cersaie-2014\/hom-complementi-darredo-termici-design-davide-vercelli\/#primaryimage"},"image":{"@id":"https:\/\/socialdesignmagazine.com\/mag\/cersaie-2014\/hom-complementi-darredo-termici-design-davide-vercelli\/#primaryimage"},"thumbnailUrl":"https:\/\/socialdesignmagazine.com\/mag\/wp-content\/uploads\/2014\/10\/benedetto_davide_vercelli_hom_Davide_Vercelli_Hom_Social_Design_Magazine_02.jpg","datePublished":"2014-10-20T17:00:00+00:00","dateModified":"2025-04-09T12:57:30+00:00","description":"Hom \u00e8 una Collezione di complementi d'arredo termici progettata da Davide Vercelli per scaldare, asciugare, arredare e risparmiare energia nella casa contemporanea.","breadcrumb":{"@id":"https:\/\/socialdesignmagazine.com\/mag\/cersaie-2014\/hom-complementi-darredo-termici-design-davide-vercelli\/#breadcrumb"},"inLanguage":"it-IT","potentialAction":[{"@type":"ReadAction","target":["https:\/\/socialdesignmagazine.com\/mag\/cersaie-2014\/hom-complementi-darredo-termici-design-davide-vercelli\/"]}]},{"@type":"ImageObject","inLanguage":"it-IT","@id":"https:\/\/socialdesignmagazine.com\/mag\/cersaie-2014\/hom-complementi-darredo-termici-design-davide-vercelli\/#primaryimage","url":"https:\/\/socialdesignmagazine.com\/mag\/wp-content\/uploads\/2014\/10\/benedetto_davide_vercelli_hom_Davide_Vercelli_Hom_Social_Design_Magazine_02.jpg","contentUrl":"https:\/\/socialdesignmagazine.com\/mag\/wp-content\/uploads\/2014\/10\/benedetto_davide_vercelli_hom_Davide_Vercelli_Hom_Social_Design_Magazine_02.jpg","width":720,"height":480,"caption":"Davide Vercelli Hom Social Design Magazine 02"},{"@type":"BreadcrumbList","@id":"https:\/\/socialdesignmagazine.com\/mag\/cersaie-2014\/hom-complementi-darredo-termici-design-davide-vercelli\/#breadcrumb","itemListElement":[{"@type":"ListItem","position":1,"name":"Home","item":"https:\/\/socialdesignmagazine.com\/mag\/"},{"@type":"ListItem","position":2,"name":"Cersaie 2014","item":"https:\/\/socialdesignmagazine.com\/mag\/cersaie-2014\/"},{"@type":"ListItem","position":3,"name":"HOM complementi d&#8217;arredo termici, design Davide Vercelli"}]},{"@type":"WebSite","@id":"https:\/\/socialdesignmagazine.com\/mag\/#website","url":"https:\/\/socialdesignmagazine.com\/mag\/","name":"Social Design Magazine","description":"Social Magazine su Design, Architettura, Arte, Grafica","publisher":{"@id":"https:\/\/socialdesignmagazine.com\/mag\/#organization"},"potentialAction":[{"@type":"SearchAction","target":{"@type":"EntryPoint","urlTemplate":"https:\/\/socialdesignmagazine.com\/mag\/?s={search_term_string}"},"query-input":{"@type":"PropertyValueSpecification","valueRequired":true,"valueName":"search_term_string"}}],"inLanguage":"it-IT"},{"@type":"Organization","@id":"https:\/\/socialdesignmagazine.com\/mag\/#organization","name":"Social Design Magazine","url":"https:\/\/socialdesignmagazine.com\/mag\/","logo":{"@type":"ImageObject","inLanguage":"it-IT","@id":"https:\/\/socialdesignmagazine.com\/mag\/#\/schema\/logo\/image\/","url":"https:\/\/socialdesignmagazine.com\/mag\/wp-content\/uploads\/2017\/01\/logo_favicon_11.png","contentUrl":"https:\/\/socialdesignmagazine.com\/mag\/wp-content\/uploads\/2017\/01\/logo_favicon_11.png","width":1024,"height":1024,"caption":"Social Design Magazine"},"image":{"@id":"https:\/\/socialdesignmagazine.com\/mag\/#\/schema\/logo\/image\/"},"sameAs":["https:\/\/www.facebook.com\/socialdesignmag","https:\/\/x.com\/socialdesignmag","http:\/\/instagram.com\/social_design_magazine\/","http:\/\/pinterest.com\/socialdesignmag\/","http:\/\/www.youtube.com\/user\/socialdesignmagazine"]},{"@type":"Person","@id":"https:\/\/socialdesignmagazine.com\/mag\/#\/schema\/person\/61e20205cc363c315e6aabd33a045846","name":"Benedetto Fiori","image":{"@type":"ImageObject","inLanguage":"it-IT","@id":"https:\/\/secure.gravatar.com\/avatar\/450a48cefa36da63d920ad70aa660bd10725b1c6093800242e5efdb397759033?s=96&d=mm&r=g","url":"https:\/\/secure.gravatar.com\/avatar\/450a48cefa36da63d920ad70aa660bd10725b1c6093800242e5efdb397759033?s=96&d=mm&r=g","contentUrl":"https:\/\/secure.gravatar.com\/avatar\/450a48cefa36da63d920ad70aa660bd10725b1c6093800242e5efdb397759033?s=96&d=mm&r=g","caption":"Benedetto Fiori"},"description":"Web | Twitter | Facebook | Shutterstock Founder &amp; Editor in Chief di Social Design Magazine. Attratto da sempre da tutto ci\u00f2 che \u00e8 creativit\u00e0, design, architettura. Dopo aver studiato Architettura all'Universit\u00e0 di Firenze, si \u00e8 impegnato in molteplici campi: comunicazione grafica, progettazione di allestimenti fieristici, brand design, Interior Design.","sameAs":["http:\/\/benedettofiori.com","https:\/\/www.facebook.com\/benedettofiori","https:\/\/x.com\/benedettofiori"],"url":"https:\/\/socialdesignmagazine.com\/mag\/author\/benedetto\/"}]}},"jetpack_featured_media_url":"https:\/\/socialdesignmagazine.com\/mag\/wp-content\/uploads\/2014\/10\/benedetto_davide_vercelli_hom_Davide_Vercelli_Hom_Social_Design_Magazine_02.jpg","jetpack_sharing_enabled":true,"jetpack_shortlink":"https:\/\/wp.me\/p6cV7V-RK","gt_translate_keys":[{"key":"link","format":"url"}],"_links":{"self":[{"href":"https:\/\/socialdesignmagazine.com\/mag\/wp-json\/wp\/v2\/posts\/3332","targetHints":{"allow":["GET"]}}],"collection":[{"href":"https:\/\/socialdesignmagazine.com\/mag\/wp-json\/wp\/v2\/posts"}],"about":[{"href":"https:\/\/socialdesignmagazine.com\/mag\/wp-json\/wp\/v2\/types\/post"}],"author":[{"embeddable":true,"href":"https:\/\/socialdesignmagazine.com\/mag\/wp-json\/wp\/v2\/users\/1"}],"replies":[{"embeddable":true,"href":"https:\/\/socialdesignmagazine.com\/mag\/wp-json\/wp\/v2\/comments?post=3332"}],"version-history":[{"count":2,"href":"https:\/\/socialdesignmagazine.com\/mag\/wp-json\/wp\/v2\/posts\/3332\/revisions"}],"predecessor-version":[{"id":64300,"href":"https:\/\/socialdesignmagazine.com\/mag\/wp-json\/wp\/v2\/posts\/3332\/revisions\/64300"}],"wp:featuredmedia":[{"embeddable":true,"href":"https:\/\/socialdesignmagazine.com\/mag\/wp-json\/wp\/v2\/media\/19524"}],"wp:attachment":[{"href":"https:\/\/socialdesignmagazine.com\/mag\/wp-json\/wp\/v2\/media?parent=3332"}],"wp:term":[{"taxonomy":"category","embeddable":true,"href":"https:\/\/socialdesignmagazine.com\/mag\/wp-json\/wp\/v2\/categories?post=3332"},{"taxonomy":"post_tag","embeddable":true,"href":"https:\/\/socialdesignmagazine.com\/mag\/wp-json\/wp\/v2\/tags?post=3332"}],"curies":[{"name":"wp","href":"https:\/\/api.w.org\/{rel}","templated":true}]}}