{"id":342,"date":"2011-05-24T19:20:22","date_gmt":"2011-05-24T17:20:22","guid":{"rendered":"https:\/\/socialdesignmagazine.com\/mag\/s6-design\/c35-design\/florence-design-week-veste-la-biblioteca-nazionale-centrale\/"},"modified":"2024-05-04T23:43:50","modified_gmt":"2024-05-04T21:43:50","slug":"florence-design-week-veste-la-biblioteca-nazionale-centrale","status":"publish","type":"post","link":"https:\/\/socialdesignmagazine.com\/mag\/design\/florence-design-week-veste-la-biblioteca-nazionale-centrale\/","title":{"rendered":"Florence Design Week \u201cveste\u201d la Biblioteca Nazionale Centrale","gt_translate_keys":[{"key":"rendered","format":"text"}]},"content":{"rendered":"\n<p>Leggere? Un piacere da gustarsi in tutta comodit\u00e0, agevolati dalle soluzioni creative che il Design pu\u00f2 proporre: da particolari sedute a innovative librerie. Ecco perch\u00e9 la seconda edizione di \u201cFlorence Design Week\u201d dedica un\u2019intera sezione al \u201cDesign per la Lettura\u201d.<\/p>\n\n\n\n<p>In una cornice che non poteva essere diversa dalla Biblioteca Nazionale Centrale di Firenze, i visitatori potranno ammirare tutti i confort proposti al moderno lettore da designers del calibro di Alessandro Gedda, Alessandro Marelli, Giovanni Bartolozzi (Soqquadro Art Design) e Design Non Autorizzato, ovvero Sebastiano Marchi\u00f2, Matteo Masiero, Ivan Favretto .Si va dalle proposte di sedia-libreria, come quella realizzata dallo studio di progettazione Design Non Autorizzato o il panchetto-libreria di Giovanni Bartolozzi per la linea Soqquadro Art Design, alla libreria dalle linee essenziali di Marelli, grande conoscitore della \u201cmateria\u201d legno. Fino ad arrivare alla libreria \u201cdestrutturata\u201d proposta da Alessandro Gedda, artista partito dalla pittura a olio per poi arrivare alla creazione di diversi oggetti di design, attraverso una tecnica che consiste nell\u2019accostare e assemblare diversi pezzi di legno, che lui stesso ha chiamato, appunto, \u201cdestrutturati\u201d.<\/p>\n\n\n<div class=\"wp-block-image\">\n<figure class=\"aligncenter\"><img loading=\"lazy\" decoding=\"async\" width=\"720\" height=\"1079\" data-attachment-id=\"5899\" data-permalink=\"https:\/\/socialdesignmagazine.com\/mag\/design\/florence-design-week-veste-la-biblioteca-nazionale-centrale\/attachment\/gedda\/#content\" data-orig-file=\"https:\/\/socialdesignmagazine.com\/mag\/wp-content\/uploads\/2011\/05\/benedetto_florence_design_week_2011_Gedda.jpg\" data-orig-size=\"720,1079\" data-comments-opened=\"1\" data-image-meta=\"{&quot;aperture&quot;:&quot;0&quot;,&quot;credit&quot;:&quot;&quot;,&quot;camera&quot;:&quot;&quot;,&quot;caption&quot;:&quot;&quot;,&quot;created_timestamp&quot;:&quot;0&quot;,&quot;copyright&quot;:&quot;&quot;,&quot;focal_length&quot;:&quot;0&quot;,&quot;iso&quot;:&quot;0&quot;,&quot;shutter_speed&quot;:&quot;0&quot;,&quot;title&quot;:&quot;&quot;,&quot;orientation&quot;:&quot;0&quot;}\" data-image-title=\"Gedda\" data-image-description=\"\" data-image-caption=\"\" data-medium-file=\"https:\/\/socialdesignmagazine.com\/mag\/wp-content\/uploads\/2011\/05\/benedetto_florence_design_week_2011_Gedda-396x256.jpg\" data-large-file=\"https:\/\/socialdesignmagazine.com\/mag\/wp-content\/uploads\/2011\/05\/benedetto_florence_design_week_2011_Gedda.jpg\" src=\"https:\/\/socialdesignmagazine.com\/mag\/wp-content\/uploads\/2011\/05\/benedetto_florence_design_week_2011_Gedda.jpg\" alt=\"Gedda\" class=\"wp-image-5899\"\/><\/figure>\n<\/div>","protected":false,"gt_translate_keys":[{"key":"rendered","format":"html"}]},"excerpt":{"rendered":"<p>Leggere? Un piacere da gustarsi in tutta comodit\u00e0, agevolati dalle soluzioni creative che il Design pu\u00f2 proporre: da particolari sedute a innovative librerie. Ecco perch\u00e9 la seconda edizione di \u201cFlorence Design Week\u201d dedica un\u2019intera sezione al \u201cDesign per la Lettura\u201d.<\/p>\n","protected":false,"gt_translate_keys":[{"key":"rendered","format":"html"}]},"author":1,"featured_media":5898,"comment_status":"open","ping_status":"open","sticky":false,"template":"","format":"standard","meta":{"jetpack_post_was_ever_published":false,"_jetpack_newsletter_access":"","_jetpack_dont_email_post_to_subs":false,"_jetpack_newsletter_tier_id":0,"_jetpack_memberships_contains_paywalled_content":false,"_jetpack_memberships_contains_paid_content":false,"footnotes":"","_wpscppro_dont_share_socialmedia":false,"_wpscppro_custom_social_share_image":0,"_facebook_share_type":"","_twitter_share_type":"","_linkedin_share_type":"","_pinterest_share_type":"","_linkedin_share_type_page":"","_instagram_share_type":"","_medium_share_type":"","_threads_share_type":"","_google_business_share_type":"","_selected_social_profile":[],"_wpsp_enable_custom_social_template":false,"_wpsp_social_scheduling":{"enabled":false,"datetime":null,"platforms":[],"status":"template_only","dateOption":"today","timeOption":"now","customDays":"","customHours":"","customDate":"","customTime":"","schedulingType":"absolute"},"_wpsp_active_default_template":true},"categories":[13],"tags":[1116,1277],"class_list":["post-342","post","type-post","status-publish","format-standard","has-post-thumbnail","hentry","category-design","tag-firenze","tag-florence-design-week"],"yoast_head":"<!-- This site is optimized with the Yoast SEO plugin v27.2 - https:\/\/yoast.com\/product\/yoast-seo-wordpress\/ -->\n<title>Florence Design Week \u201cveste\u201d la Biblioteca Nazionale Centrale - Social Design Magazine<\/title>\n<meta name=\"description\" content=\"Leggere? Un piacere da gustarsi in tutta comodit\u00e0, agevolati dalle soluzioni creative che il Design pu\u00f2 proporre: da particolari sedute a innovative librerie. Ecco perch\u00e9 la seconda edizione di \u201cFlorence Design Week\u201d dedica un\u2019intera sezione al \u201cDesign per la Lettura\u201d.\" \/>\n<meta name=\"robots\" content=\"index, follow, max-snippet:-1, max-image-preview:large, max-video-preview:-1\" \/>\n<link rel=\"canonical\" href=\"https:\/\/socialdesignmagazine.com\/mag\/design\/florence-design-week-veste-la-biblioteca-nazionale-centrale\/\" \/>\n<meta property=\"og:locale\" content=\"it_IT\" \/>\n<meta property=\"og:type\" content=\"article\" \/>\n<meta property=\"og:title\" content=\"Florence Design Week \u201cveste\u201d la Biblioteca Nazionale Centrale - Social Design Magazine\" \/>\n<meta property=\"og:description\" content=\"Leggere? Un piacere da gustarsi in tutta comodit\u00e0, agevolati dalle soluzioni creative che il Design pu\u00f2 proporre: da particolari sedute a innovative librerie. Ecco perch\u00e9 la seconda edizione di \u201cFlorence Design Week\u201d dedica un\u2019intera sezione al \u201cDesign per la Lettura\u201d.\" \/>\n<meta property=\"og:url\" content=\"http:\/\/socialdesignmagazine.com\/mag\/design\/florence-design-week-veste-la-biblioteca-nazionale-centrale\/\" \/>\n<meta property=\"og:site_name\" content=\"Social Design Magazine\" \/>\n<meta property=\"article:publisher\" content=\"https:\/\/www.facebook.com\/socialdesignmag\" \/>\n<meta property=\"article:author\" content=\"https:\/\/www.facebook.com\/benedettofiori\" \/>\n<meta property=\"article:published_time\" content=\"2011-05-24T17:20:22+00:00\" \/>\n<meta property=\"article:modified_time\" content=\"2024-05-04T21:43:50+00:00\" \/>\n<meta property=\"og:image\" content=\"https:\/\/socialdesignmagazine.com\/mag\/wp-content\/uploads\/2011\/05\/benedetto_florence_design_week_2011_Soqquadro_-_panchetto_libreria_muru_muru.jpg\" \/>\n\t<meta property=\"og:image:width\" content=\"720\" \/>\n\t<meta property=\"og:image:height\" content=\"720\" \/>\n\t<meta property=\"og:image:type\" content=\"image\/jpeg\" \/>\n<meta name=\"author\" content=\"Benedetto Fiori\" \/>\n<meta name=\"twitter:card\" content=\"summary_large_image\" \/>\n<meta name=\"twitter:creator\" content=\"@benedettofiori\" \/>\n<meta name=\"twitter:site\" content=\"@socialdesignmag\" \/>\n<meta name=\"twitter:label1\" content=\"Scritto da\" \/>\n\t<meta name=\"twitter:data1\" content=\"Benedetto Fiori\" \/>\n\t<meta name=\"twitter:label2\" content=\"Tempo di lettura stimato\" \/>\n\t<meta name=\"twitter:data2\" content=\"2 minuti\" \/>\n<script type=\"application\/ld+json\" class=\"yoast-schema-graph\">{\"@context\":\"https:\/\/schema.org\",\"@graph\":[{\"@type\":\"Article\",\"@id\":\"https:\/\/socialdesignmagazine.com\/mag\/design\/florence-design-week-veste-la-biblioteca-nazionale-centrale\/#article\",\"isPartOf\":{\"@id\":\"https:\/\/socialdesignmagazine.com\/mag\/design\/florence-design-week-veste-la-biblioteca-nazionale-centrale\/\"},\"author\":{\"name\":\"Benedetto Fiori\",\"@id\":\"https:\/\/socialdesignmagazine.com\/mag\/#\/schema\/person\/61e20205cc363c315e6aabd33a045846\"},\"headline\":\"Florence Design Week \u201cveste\u201d la Biblioteca Nazionale Centrale\",\"datePublished\":\"2011-05-24T17:20:22+00:00\",\"dateModified\":\"2024-05-04T21:43:50+00:00\",\"mainEntityOfPage\":{\"@id\":\"https:\/\/socialdesignmagazine.com\/mag\/design\/florence-design-week-veste-la-biblioteca-nazionale-centrale\/\"},\"wordCount\":185,\"commentCount\":0,\"publisher\":{\"@id\":\"https:\/\/socialdesignmagazine.com\/mag\/#organization\"},\"image\":{\"@id\":\"https:\/\/socialdesignmagazine.com\/mag\/design\/florence-design-week-veste-la-biblioteca-nazionale-centrale\/#primaryimage\"},\"thumbnailUrl\":\"https:\/\/socialdesignmagazine.com\/mag\/wp-content\/uploads\/2011\/05\/benedetto_florence_design_week_2011_Soqquadro_-_panchetto_libreria_muru_muru.jpg\",\"keywords\":[\"firenze\",\"florence design week\"],\"articleSection\":[\"Design\"],\"inLanguage\":\"it-IT\",\"potentialAction\":[{\"@type\":\"CommentAction\",\"name\":\"Comment\",\"target\":[\"https:\/\/socialdesignmagazine.com\/mag\/design\/florence-design-week-veste-la-biblioteca-nazionale-centrale\/#respond\"]}]},{\"@type\":\"WebPage\",\"@id\":\"https:\/\/socialdesignmagazine.com\/mag\/design\/florence-design-week-veste-la-biblioteca-nazionale-centrale\/\",\"url\":\"https:\/\/socialdesignmagazine.com\/mag\/design\/florence-design-week-veste-la-biblioteca-nazionale-centrale\/\",\"name\":\"Florence Design Week \u201cveste\u201d la Biblioteca Nazionale Centrale - Social Design Magazine\",\"isPartOf\":{\"@id\":\"https:\/\/socialdesignmagazine.com\/mag\/#website\"},\"primaryImageOfPage\":{\"@id\":\"https:\/\/socialdesignmagazine.com\/mag\/design\/florence-design-week-veste-la-biblioteca-nazionale-centrale\/#primaryimage\"},\"image\":{\"@id\":\"https:\/\/socialdesignmagazine.com\/mag\/design\/florence-design-week-veste-la-biblioteca-nazionale-centrale\/#primaryimage\"},\"thumbnailUrl\":\"https:\/\/socialdesignmagazine.com\/mag\/wp-content\/uploads\/2011\/05\/benedetto_florence_design_week_2011_Soqquadro_-_panchetto_libreria_muru_muru.jpg\",\"datePublished\":\"2011-05-24T17:20:22+00:00\",\"dateModified\":\"2024-05-04T21:43:50+00:00\",\"description\":\"Leggere? Un piacere da gustarsi in tutta comodit\u00e0, agevolati dalle soluzioni creative che il Design pu\u00f2 proporre: da particolari sedute a innovative librerie. Ecco perch\u00e9 la seconda edizione di \u201cFlorence Design Week\u201d dedica un\u2019intera sezione al \u201cDesign per la Lettura\u201d.\",\"breadcrumb\":{\"@id\":\"https:\/\/socialdesignmagazine.com\/mag\/design\/florence-design-week-veste-la-biblioteca-nazionale-centrale\/#breadcrumb\"},\"inLanguage\":\"it-IT\",\"potentialAction\":[{\"@type\":\"ReadAction\",\"target\":[\"https:\/\/socialdesignmagazine.com\/mag\/design\/florence-design-week-veste-la-biblioteca-nazionale-centrale\/\"]}]},{\"@type\":\"ImageObject\",\"inLanguage\":\"it-IT\",\"@id\":\"https:\/\/socialdesignmagazine.com\/mag\/design\/florence-design-week-veste-la-biblioteca-nazionale-centrale\/#primaryimage\",\"url\":\"https:\/\/socialdesignmagazine.com\/mag\/wp-content\/uploads\/2011\/05\/benedetto_florence_design_week_2011_Soqquadro_-_panchetto_libreria_muru_muru.jpg\",\"contentUrl\":\"https:\/\/socialdesignmagazine.com\/mag\/wp-content\/uploads\/2011\/05\/benedetto_florence_design_week_2011_Soqquadro_-_panchetto_libreria_muru_muru.jpg\",\"width\":720,\"height\":720,\"caption\":\"Soqquadro_-_panchetto_libreria_muru_muru\"},{\"@type\":\"BreadcrumbList\",\"@id\":\"https:\/\/socialdesignmagazine.com\/mag\/design\/florence-design-week-veste-la-biblioteca-nazionale-centrale\/#breadcrumb\",\"itemListElement\":[{\"@type\":\"ListItem\",\"position\":1,\"name\":\"Home\",\"item\":\"https:\/\/socialdesignmagazine.com\/mag\/\"},{\"@type\":\"ListItem\",\"position\":2,\"name\":\"Design\",\"item\":\"https:\/\/socialdesignmagazine.com\/mag\/design\/\"},{\"@type\":\"ListItem\",\"position\":3,\"name\":\"Florence Design Week \u201cveste\u201d la Biblioteca Nazionale Centrale\"}]},{\"@type\":\"WebSite\",\"@id\":\"https:\/\/socialdesignmagazine.com\/mag\/#website\",\"url\":\"https:\/\/socialdesignmagazine.com\/mag\/\",\"name\":\"Social Design Magazine\",\"description\":\"Social Magazine su Design, Architettura, Arte, Grafica\",\"publisher\":{\"@id\":\"https:\/\/socialdesignmagazine.com\/mag\/#organization\"},\"potentialAction\":[{\"@type\":\"SearchAction\",\"target\":{\"@type\":\"EntryPoint\",\"urlTemplate\":\"https:\/\/socialdesignmagazine.com\/mag\/?s={search_term_string}\"},\"query-input\":{\"@type\":\"PropertyValueSpecification\",\"valueRequired\":true,\"valueName\":\"search_term_string\"}}],\"inLanguage\":\"it-IT\"},{\"@type\":\"Organization\",\"@id\":\"https:\/\/socialdesignmagazine.com\/mag\/#organization\",\"name\":\"Social Design Magazine\",\"url\":\"https:\/\/socialdesignmagazine.com\/mag\/\",\"logo\":{\"@type\":\"ImageObject\",\"inLanguage\":\"it-IT\",\"@id\":\"https:\/\/socialdesignmagazine.com\/mag\/#\/schema\/logo\/image\/\",\"url\":\"https:\/\/socialdesignmagazine.com\/mag\/wp-content\/uploads\/2017\/01\/logo_favicon_11.png\",\"contentUrl\":\"https:\/\/socialdesignmagazine.com\/mag\/wp-content\/uploads\/2017\/01\/logo_favicon_11.png\",\"width\":1024,\"height\":1024,\"caption\":\"Social Design Magazine\"},\"image\":{\"@id\":\"https:\/\/socialdesignmagazine.com\/mag\/#\/schema\/logo\/image\/\"},\"sameAs\":[\"https:\/\/www.facebook.com\/socialdesignmag\",\"https:\/\/x.com\/socialdesignmag\",\"http:\/\/instagram.com\/social_design_magazine\/\",\"http:\/\/pinterest.com\/socialdesignmag\/\",\"http:\/\/www.youtube.com\/user\/socialdesignmagazine\"]},{\"@type\":\"Person\",\"@id\":\"https:\/\/socialdesignmagazine.com\/mag\/#\/schema\/person\/61e20205cc363c315e6aabd33a045846\",\"name\":\"Benedetto Fiori\",\"image\":{\"@type\":\"ImageObject\",\"inLanguage\":\"it-IT\",\"@id\":\"https:\/\/secure.gravatar.com\/avatar\/450a48cefa36da63d920ad70aa660bd10725b1c6093800242e5efdb397759033?s=96&d=mm&r=g\",\"url\":\"https:\/\/secure.gravatar.com\/avatar\/450a48cefa36da63d920ad70aa660bd10725b1c6093800242e5efdb397759033?s=96&d=mm&r=g\",\"contentUrl\":\"https:\/\/secure.gravatar.com\/avatar\/450a48cefa36da63d920ad70aa660bd10725b1c6093800242e5efdb397759033?s=96&d=mm&r=g\",\"caption\":\"Benedetto Fiori\"},\"description\":\"Web | Twitter | Facebook | Shutterstock Founder &amp; Editor in Chief di Social Design Magazine. Attratto da sempre da tutto ci\u00f2 che \u00e8 creativit\u00e0, design, architettura. Dopo aver studiato Architettura all'Universit\u00e0 di Firenze, si \u00e8 impegnato in molteplici campi: comunicazione grafica, progettazione di allestimenti fieristici, brand design, Interior Design.\",\"sameAs\":[\"http:\/\/benedettofiori.com\",\"https:\/\/www.facebook.com\/benedettofiori\",\"https:\/\/x.com\/benedettofiori\"],\"url\":\"https:\/\/socialdesignmagazine.com\/mag\/author\/benedetto\/\"}]}<\/script>\n<!-- \/ Yoast SEO plugin. -->","yoast_head_json":{"title":"Florence Design Week \u201cveste\u201d la Biblioteca Nazionale Centrale - Social Design Magazine","description":"Leggere? Un piacere da gustarsi in tutta comodit\u00e0, agevolati dalle soluzioni creative che il Design pu\u00f2 proporre: da particolari sedute a innovative librerie. Ecco perch\u00e9 la seconda edizione di \u201cFlorence Design Week\u201d dedica un\u2019intera sezione al \u201cDesign per la Lettura\u201d.","robots":{"index":"index","follow":"follow","max-snippet":"max-snippet:-1","max-image-preview":"max-image-preview:large","max-video-preview":"max-video-preview:-1"},"canonical":"https:\/\/socialdesignmagazine.com\/mag\/design\/florence-design-week-veste-la-biblioteca-nazionale-centrale\/","og_locale":"it_IT","og_type":"article","og_title":"Florence Design Week \u201cveste\u201d la Biblioteca Nazionale Centrale - Social Design Magazine","og_description":"Leggere? Un piacere da gustarsi in tutta comodit\u00e0, agevolati dalle soluzioni creative che il Design pu\u00f2 proporre: da particolari sedute a innovative librerie. Ecco perch\u00e9 la seconda edizione di \u201cFlorence Design Week\u201d dedica un\u2019intera sezione al \u201cDesign per la Lettura\u201d.","og_url":"http:\/\/socialdesignmagazine.com\/mag\/design\/florence-design-week-veste-la-biblioteca-nazionale-centrale\/","og_site_name":"Social Design Magazine","article_publisher":"https:\/\/www.facebook.com\/socialdesignmag","article_author":"https:\/\/www.facebook.com\/benedettofiori","article_published_time":"2011-05-24T17:20:22+00:00","article_modified_time":"2024-05-04T21:43:50+00:00","og_image":[{"width":720,"height":720,"url":"https:\/\/socialdesignmagazine.com\/mag\/wp-content\/uploads\/2011\/05\/benedetto_florence_design_week_2011_Soqquadro_-_panchetto_libreria_muru_muru.jpg","type":"image\/jpeg"}],"author":"Benedetto Fiori","twitter_card":"summary_large_image","twitter_creator":"@benedettofiori","twitter_site":"@socialdesignmag","twitter_misc":{"Scritto da":"Benedetto Fiori","Tempo di lettura stimato":"2 minuti"},"schema":{"@context":"https:\/\/schema.org","@graph":[{"@type":"Article","@id":"https:\/\/socialdesignmagazine.com\/mag\/design\/florence-design-week-veste-la-biblioteca-nazionale-centrale\/#article","isPartOf":{"@id":"https:\/\/socialdesignmagazine.com\/mag\/design\/florence-design-week-veste-la-biblioteca-nazionale-centrale\/"},"author":{"name":"Benedetto Fiori","@id":"https:\/\/socialdesignmagazine.com\/mag\/#\/schema\/person\/61e20205cc363c315e6aabd33a045846"},"headline":"Florence Design Week \u201cveste\u201d la Biblioteca Nazionale Centrale","datePublished":"2011-05-24T17:20:22+00:00","dateModified":"2024-05-04T21:43:50+00:00","mainEntityOfPage":{"@id":"https:\/\/socialdesignmagazine.com\/mag\/design\/florence-design-week-veste-la-biblioteca-nazionale-centrale\/"},"wordCount":185,"commentCount":0,"publisher":{"@id":"https:\/\/socialdesignmagazine.com\/mag\/#organization"},"image":{"@id":"https:\/\/socialdesignmagazine.com\/mag\/design\/florence-design-week-veste-la-biblioteca-nazionale-centrale\/#primaryimage"},"thumbnailUrl":"https:\/\/socialdesignmagazine.com\/mag\/wp-content\/uploads\/2011\/05\/benedetto_florence_design_week_2011_Soqquadro_-_panchetto_libreria_muru_muru.jpg","keywords":["firenze","florence design week"],"articleSection":["Design"],"inLanguage":"it-IT","potentialAction":[{"@type":"CommentAction","name":"Comment","target":["https:\/\/socialdesignmagazine.com\/mag\/design\/florence-design-week-veste-la-biblioteca-nazionale-centrale\/#respond"]}]},{"@type":"WebPage","@id":"https:\/\/socialdesignmagazine.com\/mag\/design\/florence-design-week-veste-la-biblioteca-nazionale-centrale\/","url":"https:\/\/socialdesignmagazine.com\/mag\/design\/florence-design-week-veste-la-biblioteca-nazionale-centrale\/","name":"Florence Design Week \u201cveste\u201d la Biblioteca Nazionale Centrale - Social Design Magazine","isPartOf":{"@id":"https:\/\/socialdesignmagazine.com\/mag\/#website"},"primaryImageOfPage":{"@id":"https:\/\/socialdesignmagazine.com\/mag\/design\/florence-design-week-veste-la-biblioteca-nazionale-centrale\/#primaryimage"},"image":{"@id":"https:\/\/socialdesignmagazine.com\/mag\/design\/florence-design-week-veste-la-biblioteca-nazionale-centrale\/#primaryimage"},"thumbnailUrl":"https:\/\/socialdesignmagazine.com\/mag\/wp-content\/uploads\/2011\/05\/benedetto_florence_design_week_2011_Soqquadro_-_panchetto_libreria_muru_muru.jpg","datePublished":"2011-05-24T17:20:22+00:00","dateModified":"2024-05-04T21:43:50+00:00","description":"Leggere? Un piacere da gustarsi in tutta comodit\u00e0, agevolati dalle soluzioni creative che il Design pu\u00f2 proporre: da particolari sedute a innovative librerie. Ecco perch\u00e9 la seconda edizione di \u201cFlorence Design Week\u201d dedica un\u2019intera sezione al \u201cDesign per la Lettura\u201d.","breadcrumb":{"@id":"https:\/\/socialdesignmagazine.com\/mag\/design\/florence-design-week-veste-la-biblioteca-nazionale-centrale\/#breadcrumb"},"inLanguage":"it-IT","potentialAction":[{"@type":"ReadAction","target":["https:\/\/socialdesignmagazine.com\/mag\/design\/florence-design-week-veste-la-biblioteca-nazionale-centrale\/"]}]},{"@type":"ImageObject","inLanguage":"it-IT","@id":"https:\/\/socialdesignmagazine.com\/mag\/design\/florence-design-week-veste-la-biblioteca-nazionale-centrale\/#primaryimage","url":"https:\/\/socialdesignmagazine.com\/mag\/wp-content\/uploads\/2011\/05\/benedetto_florence_design_week_2011_Soqquadro_-_panchetto_libreria_muru_muru.jpg","contentUrl":"https:\/\/socialdesignmagazine.com\/mag\/wp-content\/uploads\/2011\/05\/benedetto_florence_design_week_2011_Soqquadro_-_panchetto_libreria_muru_muru.jpg","width":720,"height":720,"caption":"Soqquadro_-_panchetto_libreria_muru_muru"},{"@type":"BreadcrumbList","@id":"https:\/\/socialdesignmagazine.com\/mag\/design\/florence-design-week-veste-la-biblioteca-nazionale-centrale\/#breadcrumb","itemListElement":[{"@type":"ListItem","position":1,"name":"Home","item":"https:\/\/socialdesignmagazine.com\/mag\/"},{"@type":"ListItem","position":2,"name":"Design","item":"https:\/\/socialdesignmagazine.com\/mag\/design\/"},{"@type":"ListItem","position":3,"name":"Florence Design Week \u201cveste\u201d la Biblioteca Nazionale Centrale"}]},{"@type":"WebSite","@id":"https:\/\/socialdesignmagazine.com\/mag\/#website","url":"https:\/\/socialdesignmagazine.com\/mag\/","name":"Social Design Magazine","description":"Social Magazine su Design, Architettura, Arte, Grafica","publisher":{"@id":"https:\/\/socialdesignmagazine.com\/mag\/#organization"},"potentialAction":[{"@type":"SearchAction","target":{"@type":"EntryPoint","urlTemplate":"https:\/\/socialdesignmagazine.com\/mag\/?s={search_term_string}"},"query-input":{"@type":"PropertyValueSpecification","valueRequired":true,"valueName":"search_term_string"}}],"inLanguage":"it-IT"},{"@type":"Organization","@id":"https:\/\/socialdesignmagazine.com\/mag\/#organization","name":"Social Design Magazine","url":"https:\/\/socialdesignmagazine.com\/mag\/","logo":{"@type":"ImageObject","inLanguage":"it-IT","@id":"https:\/\/socialdesignmagazine.com\/mag\/#\/schema\/logo\/image\/","url":"https:\/\/socialdesignmagazine.com\/mag\/wp-content\/uploads\/2017\/01\/logo_favicon_11.png","contentUrl":"https:\/\/socialdesignmagazine.com\/mag\/wp-content\/uploads\/2017\/01\/logo_favicon_11.png","width":1024,"height":1024,"caption":"Social Design Magazine"},"image":{"@id":"https:\/\/socialdesignmagazine.com\/mag\/#\/schema\/logo\/image\/"},"sameAs":["https:\/\/www.facebook.com\/socialdesignmag","https:\/\/x.com\/socialdesignmag","http:\/\/instagram.com\/social_design_magazine\/","http:\/\/pinterest.com\/socialdesignmag\/","http:\/\/www.youtube.com\/user\/socialdesignmagazine"]},{"@type":"Person","@id":"https:\/\/socialdesignmagazine.com\/mag\/#\/schema\/person\/61e20205cc363c315e6aabd33a045846","name":"Benedetto Fiori","image":{"@type":"ImageObject","inLanguage":"it-IT","@id":"https:\/\/secure.gravatar.com\/avatar\/450a48cefa36da63d920ad70aa660bd10725b1c6093800242e5efdb397759033?s=96&d=mm&r=g","url":"https:\/\/secure.gravatar.com\/avatar\/450a48cefa36da63d920ad70aa660bd10725b1c6093800242e5efdb397759033?s=96&d=mm&r=g","contentUrl":"https:\/\/secure.gravatar.com\/avatar\/450a48cefa36da63d920ad70aa660bd10725b1c6093800242e5efdb397759033?s=96&d=mm&r=g","caption":"Benedetto Fiori"},"description":"Web | Twitter | Facebook | Shutterstock Founder &amp; Editor in Chief di Social Design Magazine. Attratto da sempre da tutto ci\u00f2 che \u00e8 creativit\u00e0, design, architettura. Dopo aver studiato Architettura all'Universit\u00e0 di Firenze, si \u00e8 impegnato in molteplici campi: comunicazione grafica, progettazione di allestimenti fieristici, brand design, Interior Design.","sameAs":["http:\/\/benedettofiori.com","https:\/\/www.facebook.com\/benedettofiori","https:\/\/x.com\/benedettofiori"],"url":"https:\/\/socialdesignmagazine.com\/mag\/author\/benedetto\/"}]}},"jetpack_featured_media_url":"https:\/\/socialdesignmagazine.com\/mag\/wp-content\/uploads\/2011\/05\/benedetto_florence_design_week_2011_Soqquadro_-_panchetto_libreria_muru_muru.jpg","jetpack_sharing_enabled":true,"jetpack_shortlink":"https:\/\/wp.me\/p6cV7V-5w","gt_translate_keys":[{"key":"link","format":"url"}],"_links":{"self":[{"href":"https:\/\/socialdesignmagazine.com\/mag\/wp-json\/wp\/v2\/posts\/342","targetHints":{"allow":["GET"]}}],"collection":[{"href":"https:\/\/socialdesignmagazine.com\/mag\/wp-json\/wp\/v2\/posts"}],"about":[{"href":"https:\/\/socialdesignmagazine.com\/mag\/wp-json\/wp\/v2\/types\/post"}],"author":[{"embeddable":true,"href":"https:\/\/socialdesignmagazine.com\/mag\/wp-json\/wp\/v2\/users\/1"}],"replies":[{"embeddable":true,"href":"https:\/\/socialdesignmagazine.com\/mag\/wp-json\/wp\/v2\/comments?post=342"}],"version-history":[{"count":1,"href":"https:\/\/socialdesignmagazine.com\/mag\/wp-json\/wp\/v2\/posts\/342\/revisions"}],"predecessor-version":[{"id":59061,"href":"https:\/\/socialdesignmagazine.com\/mag\/wp-json\/wp\/v2\/posts\/342\/revisions\/59061"}],"wp:featuredmedia":[{"embeddable":true,"href":"https:\/\/socialdesignmagazine.com\/mag\/wp-json\/wp\/v2\/media\/5898"}],"wp:attachment":[{"href":"https:\/\/socialdesignmagazine.com\/mag\/wp-json\/wp\/v2\/media?parent=342"}],"wp:term":[{"taxonomy":"category","embeddable":true,"href":"https:\/\/socialdesignmagazine.com\/mag\/wp-json\/wp\/v2\/categories?post=342"},{"taxonomy":"post_tag","embeddable":true,"href":"https:\/\/socialdesignmagazine.com\/mag\/wp-json\/wp\/v2\/tags?post=342"}],"curies":[{"name":"wp","href":"https:\/\/api.w.org\/{rel}","templated":true}]}}